{"id":178446,"date":"2016-08-26T16:45:50","date_gmt":"2016-08-26T16:45:50","guid":{"rendered":"https:\/\/www.meydan.tv\/article\/nazir-muavini-umumdunya-ticaret-teskilatina-ohdelik-uzre-senedler-hazirlayiriq\/"},"modified":"2016-08-26T16:45:50","modified_gmt":"2016-08-26T16:45:50","slug":"nazir-muavini-umumdunya-ticaret-teskilatina-ohdelik-uzre-senedler-hazirlayiriq","status":"publish","type":"post","link":"https:\/\/www.meydan.tv\/az\/article\/nazir-muavini-umumdunya-ticaret-teskilatina-ohdelik-uzre-senedler-hazirlayiriq\/","title":{"rendered":"Nazir m\u00fcavini: \u00dcmumd\u00fcnya Ticar\u0259t T\u0259\u015fkilat\u0131na \u00f6hd\u0259lik \u00fczr\u0259 s\u0259n\u0259dl\u0259r haz\u0131rlay\u0131r\u0131q"},"content":{"rendered":"<figure class=\"wp-block-image size-large\">\n  <img decoding=\"async\" src=\"https:\/\/www.meydan.tv\/az\/mahmud-memmedquliyev\/\" alt=\"Mahmud M\u0259mm\u0259dquliyev\" class=\"wp-image-66402\"\/><figcaption>\n    Mahmud M\u0259mm\u0259dquliyev<br \/>\n  <\/figcaption><\/figure>\n<p>\n  <i><br \/>\n    Vahid M\u0259h\u0259rr\u0259mov: &#8221;Az\u0259rbaycan h\u00f6kum\u0259ti 20 ildir \u00dcTT-y\u0259 \u00fczv olmaqla ba\u011fl\u0131 dan\u0131\u015f\u0131qlar apar\u0131r, normal \u00f6lk\u0259l\u0259rd\u0259 bu m\u00fcdd\u0259td\u0259 prezident v\u0259 h\u00f6kum\u0259tl\u0259r 2-3 d\u0259f\u0259 d\u0259yi\u015filir&#8221;<br \/>\n  <\/i>\n<\/p>\n<p>\n  &#8220;\u00dcmumd\u00fcnya Ticar\u0259t T\u0259\u015fkilat\u0131nda \u00fcz\u0259rimiz\u0259 g\u00f6t\u00fcrm\u0259li oldu\u011fumuz \u00f6hd\u0259likl\u0259r \u00fczr\u0259 s\u0259n\u0259dl\u0259rin haz\u0131rlanmas\u0131 prosesi gedir&#8221;.\n<\/p>\n<p>\n  Bu haqda xarici i\u015fl\u0259r nazirinin m\u00fcavini Mahmud M\u0259mm\u0259dquliyev APA-ya a\u00e7\u0131qlamas\u0131nda bildirib.\n<\/p>\n<p>\n  \u0130yulda Cenevr\u0259d\u0259 Az\u0259rbaycan\u0131n \u00dcmumd\u00fcnya Ticar\u0259t T\u0259\u015fkilat\u0131na (\u00dcTT) daxil olmas\u0131 \u00fczr\u0259 i\u015f\u00e7i qrupunun iclas\u0131 ke\u00e7irilib.\n<\/p>\n<p>\n  M. M\u0259mm\u0259dquliyev iclas\u0131n kifay\u0259t q\u0259d\u0259r aktiv ke\u00e7diyini, h\u0259m AB\u015e, h\u0259m d\u0259 A\u0130 t\u0259r\u0259fd\u0259n \u00e7oxsayl\u0131 suallar verildiyini deyib: &#8220;H\u0259l\u0259lik onlar\u0131n suallar\u0131n\u0131 m\u0259ktub \u015f\u0259klind\u0259 g\u00f6zl\u0259yirik. Dan\u0131\u015f\u0131qlar\u0131n n\u00f6vb\u0259ti m\u0259rh\u0259l\u0259si m\u00fcvafiq agentlikl\u0259rin h\u0259min suallara n\u0259 zaman cavab verm\u0259sind\u0259n as\u0131l\u0131d\u0131r, biz d\u0259 \u00f6z d\u00fcz\u0259li\u015fl\u0259rimizi ed\u0259c\u0259yik. D\u00fc\u015f\u00fcn\u00fcr\u0259m ki, n\u00f6vb\u0259ti i\u015f\u00e7i qrupunun g\u00f6r\u00fc\u015f\u00fcn\u0259 g\u0259l\u0259n ilin ortas\u0131ndan tez haz\u0131r olmayaca\u011f\u0131q&#8221;.<\/p>\n<p>  Nazir m\u00fcavini ikinci ciddi m\u0259s\u0259l\u0259 olaraq k\u0259nd t\u0259s\u0259rr\u00fcfat\u0131 \u00fczr\u0259 \u00e7oxt\u0259r\u0259fli dan\u0131\u015f\u0131qlar\u0131n apar\u0131ld\u0131\u011f\u0131n\u0131 qeyd edib: &#8220;Biz onlara 2013-2015-ci ill\u0259ri \u0259hat\u0259 ed\u0259n yeni c\u0259dv\u0259l t\u0259qdim etmi\u015fik. C\u0259dv\u0259ll\u0259 ba\u011fl\u0131 x\u00fcsusi m\u00fczakir\u0259l\u0259r olmay\u0131b. Suallar daha \u00e7ox bizim k\u0259nd t\u0259s\u0259rr\u00fcfat\u0131na d\u0259st\u0259kl\u0259 ba\u011fl\u0131 t\u0259klifl\u0259rimiz\u0259 aiddir.<\/p>\n<p>  Biz hesab edirik ki, \u00fcmumi daxili m\u0259hsulun10 faizini k\u0259nd t\u0259s\u0259rr\u00fcfat\u0131na istifad\u0259 ed\u0259 bil\u0259rik. \u00dcmumd\u00fcnya Ticar\u0259t T\u0259\u015fkilat\u0131 yaln\u0131z 5 faiz\u0259 raz\u0131d\u0131r. Qazax\u0131stana is\u0259 onlar 8,5 faiz veribl\u0259r. Lakin biz bu istiqam\u0259td\u0259 t\u0259kid etm\u0259y\u0259 davam ed\u0259c\u0259yik. Biz indi onlardan k\u0259nd t\u0259s\u0259rr\u00fcfat\u0131n\u0131n d\u0259st\u0259kl\u0259nm\u0259si \u00fc\u00e7\u00fcn 1 milyard dollar, i\u015f\u011fal\u0131n ba\u015fa \u00e7atmas\u0131ndan sonra h\u0259min \u0259razil\u0259rd\u0259 k\u0259nd t\u0259s\u0259rr\u00fcfat\u0131n\u0131n b\u0259rpas\u0131 \u00fc\u00e7\u00fcn d\u0259 daha 1 milyard dollar ist\u0259yirik.<\/p>\n<p>  Qazax\u0131stanla da ikit\u0259r\u0259fli g\u00f6r\u00fc\u015fl\u0259r ke\u00e7irilib. Rusiya v\u0259 S\u0259udiyy\u0259 \u018fr\u0259bistan\u0131 il\u0259 is\u0259 \u0259vv\u0259l apar\u0131lan dan\u0131\u015f\u0131qlar\u0131n davam\u0131 olaraq m\u00fczakir\u0259l\u0259r ba\u015flay\u0131b&#8221;.\n<\/p>\n<p>\n  Mahmud M\u0259mm\u0259dquliyevin a\u00e7\u0131qlamas\u0131n\u0131 Meydan TV-y\u0259 \u015f\u0259rh ed\u0259n k\u0259nd t\u0259s\u0259rr\u00fcfat\u0131 \u00fczr\u0259 m\u00fct\u0259x\u0259ssis Vahid M\u0259h\u0259rr\u0259mov bildirib ki, Az\u0259rbaycan h\u00f6kum\u0259ti 20 ildir \u00dcTT-y\u0259 \u00fczv olmaqla ba\u011fl\u0131 dan\u0131\u015f\u0131qlar apar\u0131r: &#8220;Normal \u00f6lk\u0259l\u0259rd\u0259 20 ild\u0259 prezident v\u0259 h\u00f6kum\u0259tl\u0259r 2-3 d\u0259f\u0259 d\u0259yi\u015filir. Az\u0259rbaycan h\u00f6kum\u0259ti is\u0259 \u00dcmumd\u00fcnya Ticar\u0259t T\u0259\u015fkilat\u0131 il\u0259 20 il \u0259vv\u0259l apard\u0131qlar\u0131 dan\u0131\u015f\u0131qlar\u0131n \u0259vv\u0259lind\u0259 qal\u0131b, he\u00e7 n\u0259 d\u0259yi\u015fm\u0259yib. C\u0259nab M\u0259mm\u0259dquliyevin dedikl\u0259rind\u0259n bel\u0259 \u00e7\u0131x\u0131r ki, onlar\u0131n veril\u0259n suallar\u0131 h\u0259min anda cavabland\u0131rmaq s\u0259lahiyy\u0259ti yoxdur. Dem\u0259li, \u00fczvl\u00fckl\u0259 ba\u011fl\u0131 m\u0259s\u0259l\u0259 Bak\u0131da m\u00fc\u0259yy\u0259n dair\u0259l\u0259r t\u0259r\u0259find\u0259n h\u0259ll olunur&#8221;.\n<\/p>\n<figure class=\"wp-block-image size-large\">\n  <img decoding=\"async\" src=\"https:\/\/www.meydan.tv\/az\/66408\/\" alt=\"\" class=\"wp-image-66408\"\/><figcaption>\n    Vahid M\u0259h\u0259rr\u0259mov<br \/>\n  <\/figcaption><\/figure>\n<p>\n  V.M\u0259h\u0259rr\u0259mov hesab edir ki, M.M\u0259mm\u0259dquliyevin a\u00e7\u0131qlamas\u0131nda bir m\u0259s\u0259l\u0259 qaranl\u0131q qal\u0131r: &#8220;\u00dcDM-in 10 faizi, yoxsa k\u0259nd t\u0259s\u0259rr\u00fcfat\u0131 m\u0259hsulunun \u00fcmumi istehsal\u0131n\u0131n 10 faizi, bax, bu m\u0259s\u0259l\u0259 a\u00e7\u0131qlanm\u0131r. Qaydalara g\u00f6r\u0259 k\u0259nd t\u0259s\u0259rr\u00fcfat\u0131 m\u0259hsulunun \u00fcmumi istehsal\u0131n\u0131n 5-10 faizi n\u0259z\u0259rd\u0259 tutulur. \u018flb\u0259tt\u0259, bu r\u0259q\u0259min \u00f6z\u00fc d\u0259 b\u00f6y\u00fckd\u00fcr. Rusiya 9 milyard dollar t\u0259l\u0259b ets\u0259 d\u0259, 1 ild\u0259 bu s\u0259viyy\u0259d\u0259 aqrar sektora d\u0259st\u0259k g\u00f6st\u0259r\u0259 bilmir. M\u0259mm\u0259dquliyevin misal g\u0259tirdiyi Qazax\u0131stana g\u0259linc\u0259, \u00dcmumd\u00fcnya Ticar\u0259t T\u0259\u015fkilat\u0131nda bu m\u0259s\u0259l\u0259l\u0259r m\u0259rh\u0259l\u0259li \u015f\u0259kild\u0259 m\u00fczakir\u0259 olunur. H\u00f6kum\u0259t indiy\u0259 q\u0259d\u0259r m\u0259s\u0259l\u0259y\u0259 ciddi yana\u015fa bilm\u0259yibs\u0259, yen\u0259 zaman itir\u0259c\u0259yik. Az\u0259rbaycanda k\u0259nd t\u0259s\u0259rr\u00fcfat\u0131na \u00dcmumi Daxili M\u0259hsulun 10 faizi q\u0259d\u0259r d\u0259st\u0259k verilm\u0259y\u0259c\u0259k. Bel\u0259 m\u0259ntiq yaran\u0131r ki, hakimiyy\u0259t m\u0259qs\u0259dli \u015f\u0259kild\u0259 m\u0259s\u0259l\u0259ni bu \u015f\u0259kild\u0259 qabartmaqla uzad\u0131r. \u00c7\u00fcnki idxal v\u0259 ixrac\u0131 \u00f6z t\u0259sirl\u0259ri alt\u0131nda saxlamaq ist\u0259yirl\u0259r. T\u0259s\u0259vv\u00fcr edin ki, Az\u0259rbaycan t\u0259\u015fkilata \u00fczv olarsa, \u00f6lk\u0259y\u0259 daha ucuz v\u0259 keyfiyy\u0259tli mal g\u0259l\u0259c\u0259k, ma\u015f\u0131n, avadanl\u0131q, texnika, k\u0259nd t\u0259s\u0259rr\u00fcfat\u0131 m\u0259hsullar\u0131 v\u0259 sair. Bel\u0259 olan halda inhisar\u00e7\u0131l\u0131\u011f\u0131n s\u0131radan \u00e7\u0131xma prosesi ba\u015flayacaq. \u0130dxalda inhisar\u00e7\u0131l\u0131\u011f\u0131n g\u00f6t\u00fcr\u00fcld\u00fcy\u00fcn\u00fc iddia ets\u0259l\u0259r d\u0259, bunun he\u00e7 bir \u0259sas\u0131 yoxdur, \u00e7\u00fcnki kifay\u0259t q\u0259d\u0259r vergil\u0259r t\u0259tbiq olunur. Bel\u0259likl\u0259, hakimiyy\u0259t dig\u0259r oyun\u00e7ular\u0131n \u00f6lk\u0259y\u0259 g\u0259lm\u0259sinin qar\u015f\u0131s\u0131n\u0131 al\u0131r&#8221;.\n<\/p>\n<p>\n  &#8220;\u00dcTT \u00fczvl\u00fcy\u00fcn\u00fcn t\u0259hlili g\u00f6st\u0259rir ki, bu t\u0259\u015fkilata qo\u015fulan \u00f6lk\u0259l\u0259rin xarici iqtisadi inteqrasiyas\u0131 g\u00fccl\u0259nir, ixrac potensial\u0131 art\u0131r, yeni texnologiyan\u0131n \u0259ld\u0259 olunmas\u0131 v\u0259 t\u0259tbiqi say\u0259sind\u0259 \u00f6lk\u0259 daxilind\u0259 r\u0259qab\u0259tqabiliyy\u0259tli mal, m\u0259hsul istehsal etm\u0259k imkan\u0131 yaran\u0131r, haqs\u0131z r\u0259qab\u0259t v\u0259 inhisar\u00e7\u0131l\u0131q s\u0131x\u0131\u015fd\u0131r\u0131laraq aradan \u00e7\u0131xar\u0131l\u0131r, mal v\u0259 m\u0259hsullar stabil qiym\u0259tl\u0259rl\u0259 t\u0259klif olunur. T\u0259bii ki, inteqrasiya prosesi bir \u00e7ox hallarda itkil\u0259rl\u0259 d\u0259 m\u00fc\u015fahid\u0259 olunur. Lakin b\u00fct\u00fcn hallarda riskl\u0259rin qiym\u0259tl\u0259ndirilm\u0259si v\u0259 idar\u0259 edilm\u0259si potensial itkil\u0259rin minimuma endirilm\u0259si h\u00f6kum\u0259tin s\u0259m\u0259r\u0259li f\u0259aliyy\u0259tind\u0259n as\u0131l\u0131d\u0131r&#8221;, &#8211; dey\u0259 M\u0259h\u0259rr\u0259mov fikrini yekunla\u015fd\u0131r\u0131b.\n<\/p><\/p>\n","protected":false},"excerpt":{"rendered":"<p>Vahid M\u0259h\u0259rr\u0259mov: &#8221;Az\u0259rbaycan h\u00f6kum\u0259ti 20 ildir \u00dcTT-y\u0259 \u00fczv olmaqla ba\u011fl\u0131 dan\u0131\u015f\u0131qlar apar\u0131r, normal \u00f6lk\u0259l\u0259rd\u0259 bu m\u00fcdd\u0259td\u0259 prezident v\u0259 h\u00f6kum\u0259tl\u0259r 2-3 d\u0259f\u0259 d\u0259yi\u015filir&#8221;<\/p>\n","protected":false},"author":11,"featured_media":66402,"comment_status":"closed","ping_status":"open","sticky":false,"template":"","format":"standard","meta":{"_acf_changed":false,"_sitemap_exclude":false,"_sitemap_priority":"","_sitemap_frequency":"","footnotes":""},"categories":[51],"tags":[],"class_list":["post-178446","post","type-post","status-publish","format-standard","has-post-thumbnail","hentry","category-analitika","infinite-scroll-item","generate-columns","tablet-grid-50","mobile-grid-100","grid-parent","grid-33","no-featured-image-padding"],"acf":[],"yoast_head":"<!-- This site is optimized with the Yoast SEO plugin v27.5 - https:\/\/yoast.com\/product\/yoast-seo-wordpress\/ -->\n<title>Nazir m\u00fcavini: \u00dcmumd\u00fcnya Ticar\u0259t T\u0259\u015fkilat\u0131na \u00f6hd\u0259lik \u00fczr\u0259 s\u0259n\u0259dl\u0259r haz\u0131rlay\u0131r\u0131q - MEYDAN.TV<\/title>\n<meta name=\"robots\" content=\"index, follow, max-snippet:-1, max-image-preview:large, max-video-preview:-1\" \/>\n<link rel=\"canonical\" href=\"https:\/\/www.meydan.tv\/az\/article\/nazir-muavini-umumdunya-ticaret-teskilatina-ohdelik-uzre-senedler-hazirlayiriq\/\" \/>\n<meta property=\"og:locale\" content=\"az_AZ\" \/>\n<meta property=\"og:type\" content=\"article\" \/>\n<meta property=\"og:title\" content=\"Nazir m\u00fcavini: \u00dcmumd\u00fcnya Ticar\u0259t T\u0259\u015fkilat\u0131na \u00f6hd\u0259lik \u00fczr\u0259 s\u0259n\u0259dl\u0259r haz\u0131rlay\u0131r\u0131q - MEYDAN.TV\" \/>\n<meta property=\"og:description\" content=\"Vahid M\u0259h\u0259rr\u0259mov: &#039;&#039;Az\u0259rbaycan h\u00f6kum\u0259ti 20 ildir \u00dcTT-y\u0259 \u00fczv olmaqla ba\u011fl\u0131 dan\u0131\u015f\u0131qlar apar\u0131r, normal \u00f6lk\u0259l\u0259rd\u0259 bu m\u00fcdd\u0259td\u0259 prezident v\u0259 h\u00f6kum\u0259tl\u0259r 2-3 d\u0259f\u0259 d\u0259yi\u015filir&#039;&#039;\" \/>\n<meta property=\"og:url\" content=\"https:\/\/www.meydan.tv\/az\/article\/nazir-muavini-umumdunya-ticaret-teskilatina-ohdelik-uzre-senedler-hazirlayiriq\/\" \/>\n<meta property=\"og:site_name\" content=\"MEYDAN.TV\" \/>\n<meta property=\"article:published_time\" content=\"2016-08-26T16:45:50+00:00\" \/>\n<meta property=\"og:image\" content=\"https:\/\/www.meydan.tv\/wp-content\/uploads\/25351.jpg\" \/>\n\t<meta property=\"og:image:width\" content=\"667\" \/>\n\t<meta property=\"og:image:height\" content=\"500\" \/>\n\t<meta property=\"og:image:type\" content=\"image\/jpeg\" \/>\n<meta name=\"author\" content=\"user-manager\" \/>\n<meta name=\"twitter:card\" content=\"summary_large_image\" \/>\n<script type=\"application\/ld+json\" class=\"yoast-schema-graph\">{\"@context\":\"https:\\\/\\\/schema.org\",\"@graph\":[{\"@type\":\"Article\",\"@id\":\"https:\\\/\\\/www.meydan.tv\\\/az\\\/article\\\/nazir-muavini-umumdunya-ticaret-teskilatina-ohdelik-uzre-senedler-hazirlayiriq\\\/#article\",\"isPartOf\":{\"@id\":\"https:\\\/\\\/www.meydan.tv\\\/az\\\/article\\\/nazir-muavini-umumdunya-ticaret-teskilatina-ohdelik-uzre-senedler-hazirlayiriq\\\/\"},\"author\":{\"name\":\"user-manager\",\"@id\":\"https:\\\/\\\/www.meydan.tv\\\/az\\\/#\\\/schema\\\/person\\\/10d11eccf6da3662cf5fdab9806ea91a\"},\"headline\":\"Nazir m\u00fcavini: \u00dcmumd\u00fcnya Ticar\u0259t T\u0259\u015fkilat\u0131na \u00f6hd\u0259lik \u00fczr\u0259 s\u0259n\u0259dl\u0259r haz\u0131rlay\u0131r\u0131q\",\"datePublished\":\"2016-08-26T16:45:50+00:00\",\"mainEntityOfPage\":{\"@id\":\"https:\\\/\\\/www.meydan.tv\\\/az\\\/article\\\/nazir-muavini-umumdunya-ticaret-teskilatina-ohdelik-uzre-senedler-hazirlayiriq\\\/\"},\"wordCount\":1057,\"publisher\":{\"@id\":\"https:\\\/\\\/www.meydan.tv\\\/az\\\/#organization\"},\"image\":{\"@id\":\"https:\\\/\\\/www.meydan.tv\\\/az\\\/article\\\/nazir-muavini-umumdunya-ticaret-teskilatina-ohdelik-uzre-senedler-hazirlayiriq\\\/#primaryimage\"},\"thumbnailUrl\":\"https:\\\/\\\/www.meydan.tv\\\/wp-content\\\/uploads\\\/25351.jpg\",\"articleSection\":[\"Analitika\"],\"inLanguage\":\"az\"},{\"@type\":\"WebPage\",\"@id\":\"https:\\\/\\\/www.meydan.tv\\\/az\\\/article\\\/nazir-muavini-umumdunya-ticaret-teskilatina-ohdelik-uzre-senedler-hazirlayiriq\\\/\",\"url\":\"https:\\\/\\\/www.meydan.tv\\\/az\\\/article\\\/nazir-muavini-umumdunya-ticaret-teskilatina-ohdelik-uzre-senedler-hazirlayiriq\\\/\",\"name\":\"Nazir m\u00fcavini: \u00dcmumd\u00fcnya Ticar\u0259t T\u0259\u015fkilat\u0131na \u00f6hd\u0259lik \u00fczr\u0259 s\u0259n\u0259dl\u0259r haz\u0131rlay\u0131r\u0131q - MEYDAN.TV\",\"isPartOf\":{\"@id\":\"https:\\\/\\\/www.meydan.tv\\\/az\\\/#website\"},\"primaryImageOfPage\":{\"@id\":\"https:\\\/\\\/www.meydan.tv\\\/az\\\/article\\\/nazir-muavini-umumdunya-ticaret-teskilatina-ohdelik-uzre-senedler-hazirlayiriq\\\/#primaryimage\"},\"image\":{\"@id\":\"https:\\\/\\\/www.meydan.tv\\\/az\\\/article\\\/nazir-muavini-umumdunya-ticaret-teskilatina-ohdelik-uzre-senedler-hazirlayiriq\\\/#primaryimage\"},\"thumbnailUrl\":\"https:\\\/\\\/www.meydan.tv\\\/wp-content\\\/uploads\\\/25351.jpg\",\"datePublished\":\"2016-08-26T16:45:50+00:00\",\"breadcrumb\":{\"@id\":\"https:\\\/\\\/www.meydan.tv\\\/az\\\/article\\\/nazir-muavini-umumdunya-ticaret-teskilatina-ohdelik-uzre-senedler-hazirlayiriq\\\/#breadcrumb\"},\"inLanguage\":\"az\",\"potentialAction\":[{\"@type\":\"ReadAction\",\"target\":[\"https:\\\/\\\/www.meydan.tv\\\/az\\\/article\\\/nazir-muavini-umumdunya-ticaret-teskilatina-ohdelik-uzre-senedler-hazirlayiriq\\\/\"]}]},{\"@type\":\"ImageObject\",\"inLanguage\":\"az\",\"@id\":\"https:\\\/\\\/www.meydan.tv\\\/az\\\/article\\\/nazir-muavini-umumdunya-ticaret-teskilatina-ohdelik-uzre-senedler-hazirlayiriq\\\/#primaryimage\",\"url\":\"https:\\\/\\\/www.meydan.tv\\\/wp-content\\\/uploads\\\/25351.jpg\",\"contentUrl\":\"https:\\\/\\\/www.meydan.tv\\\/wp-content\\\/uploads\\\/25351.jpg\",\"width\":667,\"height\":500,\"caption\":\"Source:\"},{\"@type\":\"BreadcrumbList\",\"@id\":\"https:\\\/\\\/www.meydan.tv\\\/az\\\/article\\\/nazir-muavini-umumdunya-ticaret-teskilatina-ohdelik-uzre-senedler-hazirlayiriq\\\/#breadcrumb\",\"itemListElement\":[{\"@type\":\"ListItem\",\"position\":1,\"name\":\"Ana s\u0259hif\u0259\",\"item\":\"https:\\\/\\\/www.meydan.tv\\\/az\\\/\"},{\"@type\":\"ListItem\",\"position\":2,\"name\":\"Analitika\",\"item\":\"https:\\\/\\\/www.meydan.tv\\\/az\\\/section\\\/analitika\\\/\"},{\"@type\":\"ListItem\",\"position\":3,\"name\":\"Nazir m\u00fcavini: \u00dcmumd\u00fcnya Ticar\u0259t T\u0259\u015fkilat\u0131na \u00f6hd\u0259lik \u00fczr\u0259 s\u0259n\u0259dl\u0259r haz\u0131rlay\u0131r\u0131q\"}]},{\"@type\":\"WebSite\",\"@id\":\"https:\\\/\\\/www.meydan.tv\\\/az\\\/#website\",\"url\":\"https:\\\/\\\/www.meydan.tv\\\/az\\\/\",\"name\":\"MEYDAN.TV\",\"description\":\"Meydan TV Az\u0259rbaycan\u0131n media m\u0259kan\u0131ndak\u0131 alternativ s\u0259sidir\",\"publisher\":{\"@id\":\"https:\\\/\\\/www.meydan.tv\\\/az\\\/#organization\"},\"potentialAction\":[{\"@type\":\"SearchAction\",\"target\":{\"@type\":\"EntryPoint\",\"urlTemplate\":\"https:\\\/\\\/www.meydan.tv\\\/az\\\/?s={search_term_string}\"},\"query-input\":{\"@type\":\"PropertyValueSpecification\",\"valueRequired\":true,\"valueName\":\"search_term_string\"}}],\"inLanguage\":\"az\"},{\"@type\":\"Organization\",\"@id\":\"https:\\\/\\\/www.meydan.tv\\\/az\\\/#organization\",\"name\":\"Meydan TV\",\"url\":\"https:\\\/\\\/www.meydan.tv\\\/az\\\/\",\"logo\":{\"@type\":\"ImageObject\",\"inLanguage\":\"az\",\"@id\":\"https:\\\/\\\/www.meydan.tv\\\/az\\\/#\\\/schema\\\/logo\\\/image\\\/\",\"url\":\"https:\\\/\\\/www.meydan.tv\\\/wp-content\\\/uploads\\\/2021\\\/07\\\/meydan-logo.svg\",\"contentUrl\":\"https:\\\/\\\/www.meydan.tv\\\/wp-content\\\/uploads\\\/2021\\\/07\\\/meydan-logo.svg\",\"width\":195,\"height\":46,\"caption\":\"Meydan TV\"},\"image\":{\"@id\":\"https:\\\/\\\/www.meydan.tv\\\/az\\\/#\\\/schema\\\/logo\\\/image\\\/\"}},{\"@type\":\"Person\",\"@id\":\"https:\\\/\\\/www.meydan.tv\\\/az\\\/#\\\/schema\\\/person\\\/10d11eccf6da3662cf5fdab9806ea91a\",\"name\":\"user-manager\"}]}<\/script>\n<!-- \/ Yoast SEO plugin. -->","yoast_head_json":{"title":"Nazir m\u00fcavini: \u00dcmumd\u00fcnya Ticar\u0259t T\u0259\u015fkilat\u0131na \u00f6hd\u0259lik \u00fczr\u0259 s\u0259n\u0259dl\u0259r haz\u0131rlay\u0131r\u0131q - MEYDAN.TV","robots":{"index":"index","follow":"follow","max-snippet":"max-snippet:-1","max-image-preview":"max-image-preview:large","max-video-preview":"max-video-preview:-1"},"canonical":"https:\/\/www.meydan.tv\/az\/article\/nazir-muavini-umumdunya-ticaret-teskilatina-ohdelik-uzre-senedler-hazirlayiriq\/","og_locale":"az_AZ","og_type":"article","og_title":"Nazir m\u00fcavini: \u00dcmumd\u00fcnya Ticar\u0259t T\u0259\u015fkilat\u0131na \u00f6hd\u0259lik \u00fczr\u0259 s\u0259n\u0259dl\u0259r haz\u0131rlay\u0131r\u0131q - MEYDAN.TV","og_description":"Vahid M\u0259h\u0259rr\u0259mov: ''Az\u0259rbaycan h\u00f6kum\u0259ti 20 ildir \u00dcTT-y\u0259 \u00fczv olmaqla ba\u011fl\u0131 dan\u0131\u015f\u0131qlar apar\u0131r, normal \u00f6lk\u0259l\u0259rd\u0259 bu m\u00fcdd\u0259td\u0259 prezident v\u0259 h\u00f6kum\u0259tl\u0259r 2-3 d\u0259f\u0259 d\u0259yi\u015filir''","og_url":"https:\/\/www.meydan.tv\/az\/article\/nazir-muavini-umumdunya-ticaret-teskilatina-ohdelik-uzre-senedler-hazirlayiriq\/","og_site_name":"MEYDAN.TV","article_published_time":"2016-08-26T16:45:50+00:00","og_image":[{"width":667,"height":500,"url":"https:\/\/www.meydan.tv\/wp-content\/uploads\/25351.jpg","type":"image\/jpeg"}],"author":"user-manager","twitter_card":"summary_large_image","schema":{"@context":"https:\/\/schema.org","@graph":[{"@type":"Article","@id":"https:\/\/www.meydan.tv\/az\/article\/nazir-muavini-umumdunya-ticaret-teskilatina-ohdelik-uzre-senedler-hazirlayiriq\/#article","isPartOf":{"@id":"https:\/\/www.meydan.tv\/az\/article\/nazir-muavini-umumdunya-ticaret-teskilatina-ohdelik-uzre-senedler-hazirlayiriq\/"},"author":{"name":"user-manager","@id":"https:\/\/www.meydan.tv\/az\/#\/schema\/person\/10d11eccf6da3662cf5fdab9806ea91a"},"headline":"Nazir m\u00fcavini: \u00dcmumd\u00fcnya Ticar\u0259t T\u0259\u015fkilat\u0131na \u00f6hd\u0259lik \u00fczr\u0259 s\u0259n\u0259dl\u0259r haz\u0131rlay\u0131r\u0131q","datePublished":"2016-08-26T16:45:50+00:00","mainEntityOfPage":{"@id":"https:\/\/www.meydan.tv\/az\/article\/nazir-muavini-umumdunya-ticaret-teskilatina-ohdelik-uzre-senedler-hazirlayiriq\/"},"wordCount":1057,"publisher":{"@id":"https:\/\/www.meydan.tv\/az\/#organization"},"image":{"@id":"https:\/\/www.meydan.tv\/az\/article\/nazir-muavini-umumdunya-ticaret-teskilatina-ohdelik-uzre-senedler-hazirlayiriq\/#primaryimage"},"thumbnailUrl":"https:\/\/www.meydan.tv\/wp-content\/uploads\/25351.jpg","articleSection":["Analitika"],"inLanguage":"az"},{"@type":"WebPage","@id":"https:\/\/www.meydan.tv\/az\/article\/nazir-muavini-umumdunya-ticaret-teskilatina-ohdelik-uzre-senedler-hazirlayiriq\/","url":"https:\/\/www.meydan.tv\/az\/article\/nazir-muavini-umumdunya-ticaret-teskilatina-ohdelik-uzre-senedler-hazirlayiriq\/","name":"Nazir m\u00fcavini: \u00dcmumd\u00fcnya Ticar\u0259t T\u0259\u015fkilat\u0131na \u00f6hd\u0259lik \u00fczr\u0259 s\u0259n\u0259dl\u0259r haz\u0131rlay\u0131r\u0131q - MEYDAN.TV","isPartOf":{"@id":"https:\/\/www.meydan.tv\/az\/#website"},"primaryImageOfPage":{"@id":"https:\/\/www.meydan.tv\/az\/article\/nazir-muavini-umumdunya-ticaret-teskilatina-ohdelik-uzre-senedler-hazirlayiriq\/#primaryimage"},"image":{"@id":"https:\/\/www.meydan.tv\/az\/article\/nazir-muavini-umumdunya-ticaret-teskilatina-ohdelik-uzre-senedler-hazirlayiriq\/#primaryimage"},"thumbnailUrl":"https:\/\/www.meydan.tv\/wp-content\/uploads\/25351.jpg","datePublished":"2016-08-26T16:45:50+00:00","breadcrumb":{"@id":"https:\/\/www.meydan.tv\/az\/article\/nazir-muavini-umumdunya-ticaret-teskilatina-ohdelik-uzre-senedler-hazirlayiriq\/#breadcrumb"},"inLanguage":"az","potentialAction":[{"@type":"ReadAction","target":["https:\/\/www.meydan.tv\/az\/article\/nazir-muavini-umumdunya-ticaret-teskilatina-ohdelik-uzre-senedler-hazirlayiriq\/"]}]},{"@type":"ImageObject","inLanguage":"az","@id":"https:\/\/www.meydan.tv\/az\/article\/nazir-muavini-umumdunya-ticaret-teskilatina-ohdelik-uzre-senedler-hazirlayiriq\/#primaryimage","url":"https:\/\/www.meydan.tv\/wp-content\/uploads\/25351.jpg","contentUrl":"https:\/\/www.meydan.tv\/wp-content\/uploads\/25351.jpg","width":667,"height":500,"caption":"Source:"},{"@type":"BreadcrumbList","@id":"https:\/\/www.meydan.tv\/az\/article\/nazir-muavini-umumdunya-ticaret-teskilatina-ohdelik-uzre-senedler-hazirlayiriq\/#breadcrumb","itemListElement":[{"@type":"ListItem","position":1,"name":"Ana s\u0259hif\u0259","item":"https:\/\/www.meydan.tv\/az\/"},{"@type":"ListItem","position":2,"name":"Analitika","item":"https:\/\/www.meydan.tv\/az\/section\/analitika\/"},{"@type":"ListItem","position":3,"name":"Nazir m\u00fcavini: \u00dcmumd\u00fcnya Ticar\u0259t T\u0259\u015fkilat\u0131na \u00f6hd\u0259lik \u00fczr\u0259 s\u0259n\u0259dl\u0259r haz\u0131rlay\u0131r\u0131q"}]},{"@type":"WebSite","@id":"https:\/\/www.meydan.tv\/az\/#website","url":"https:\/\/www.meydan.tv\/az\/","name":"MEYDAN.TV","description":"Meydan TV Az\u0259rbaycan\u0131n media m\u0259kan\u0131ndak\u0131 alternativ s\u0259sidir","publisher":{"@id":"https:\/\/www.meydan.tv\/az\/#organization"},"potentialAction":[{"@type":"SearchAction","target":{"@type":"EntryPoint","urlTemplate":"https:\/\/www.meydan.tv\/az\/?s={search_term_string}"},"query-input":{"@type":"PropertyValueSpecification","valueRequired":true,"valueName":"search_term_string"}}],"inLanguage":"az"},{"@type":"Organization","@id":"https:\/\/www.meydan.tv\/az\/#organization","name":"Meydan TV","url":"https:\/\/www.meydan.tv\/az\/","logo":{"@type":"ImageObject","inLanguage":"az","@id":"https:\/\/www.meydan.tv\/az\/#\/schema\/logo\/image\/","url":"https:\/\/www.meydan.tv\/wp-content\/uploads\/2021\/07\/meydan-logo.svg","contentUrl":"https:\/\/www.meydan.tv\/wp-content\/uploads\/2021\/07\/meydan-logo.svg","width":195,"height":46,"caption":"Meydan TV"},"image":{"@id":"https:\/\/www.meydan.tv\/az\/#\/schema\/logo\/image\/"}},{"@type":"Person","@id":"https:\/\/www.meydan.tv\/az\/#\/schema\/person\/10d11eccf6da3662cf5fdab9806ea91a","name":"user-manager"}]}},"_links":{"self":[{"href":"https:\/\/www.meydan.tv\/az\/wp-json\/wp\/v2\/posts\/178446","targetHints":{"allow":["GET"]}}],"collection":[{"href":"https:\/\/www.meydan.tv\/az\/wp-json\/wp\/v2\/posts"}],"about":[{"href":"https:\/\/www.meydan.tv\/az\/wp-json\/wp\/v2\/types\/post"}],"author":[{"embeddable":true,"href":"https:\/\/www.meydan.tv\/az\/wp-json\/wp\/v2\/users\/11"}],"replies":[{"embeddable":true,"href":"https:\/\/www.meydan.tv\/az\/wp-json\/wp\/v2\/comments?post=178446"}],"version-history":[{"count":0,"href":"https:\/\/www.meydan.tv\/az\/wp-json\/wp\/v2\/posts\/178446\/revisions"}],"wp:featuredmedia":[{"embeddable":true,"href":"https:\/\/www.meydan.tv\/az\/wp-json\/wp\/v2\/media\/66402"}],"wp:attachment":[{"href":"https:\/\/www.meydan.tv\/az\/wp-json\/wp\/v2\/media?parent=178446"}],"wp:term":[{"taxonomy":"category","embeddable":true,"href":"https:\/\/www.meydan.tv\/az\/wp-json\/wp\/v2\/categories?post=178446"},{"taxonomy":"post_tag","embeddable":true,"href":"https:\/\/www.meydan.tv\/az\/wp-json\/wp\/v2\/tags?post=178446"}],"curies":[{"name":"wp","href":"https:\/\/api.w.org\/{rel}","templated":true}]}}