{"id":178403,"date":"2016-08-24T15:33:18","date_gmt":"2016-08-24T15:33:18","guid":{"rendered":"https:\/\/www.meydan.tv\/article\/erdoganciliq-eliyevcilik-daha-pisdir\/"},"modified":"2016-08-24T15:33:18","modified_gmt":"2016-08-24T15:33:18","slug":"erdoganciliq-eliyevcilik-daha-pisdir","status":"publish","type":"post","link":"https:\/\/www.meydan.tv\/az\/article\/erdoganciliq-eliyevcilik-daha-pisdir\/","title":{"rendered":"\u018frdo\u011fan\u00e7\u0131l\u0131q, \u018fliyev\u00e7ilik daha pisdir"},"content":{"rendered":"<figure class=\"wp-block-image size-large\">\n  <img decoding=\"async\" src=\"https:\/\/www.meydan.tv\/az\/intiqam-eliyev-5\/\" alt=\"\u0130ntiqam \u018fliyev\" class=\"wp-image-66261\"\/><figcaption>\n    \u0130ntiqam \u018fliyev<br \/>\n  <\/figcaption><\/figure>\n<figure class=\"wp-block-image size-large\">\n  <img decoding=\"async\" src=\"https:\/\/www.meydan.tv\/az\/intiqam-banner\/\" alt=\"\u0130ntiqam banner\" class=\"wp-image-54630\"\/><figcaption>\n    \u0130ntiqam banner<br \/>\n  <\/figcaption><\/figure>\n<p>\n  <i><br \/>\n    G\u00fcl\u0259n\u00e7ilik hakimiyy\u0259ti zorla devirm\u0259k anlam\u0131na g\u0259lirs\u0259 v\u0259 cinay\u0259t say\u0131l\u0131rsa, hakimiyy\u0259ti zor g\u00fcc\u00fcn\u0259 saxlamaq ondan bet\u0259r cinay\u0259tdir<br \/>\n  <\/i>\n<\/p>\n<p>\n  Ba\u015f Prokurorluq, Daxili \u0130\u015fl\u0259r Nazirliyi v\u0259 D\u00f6vl\u0259t T\u0259hl\u00fck\u0259sizliyi Xidm\u0259tinin G\u00fcl\u0259n i\u015fi il\u0259 ba\u011fl\u0131 birg\u0259 m\u0259lumat\u0131 yay\u0131ld\u0131. \u00d6nc\u0259 onu deyim ki, biab\u0131r\u00e7\u0131 bir s\u0259n\u0259ddir. Bar\u0259l\u0259rind\u0259 m\u0259hk\u0259m\u0259 h\u00f6km\u00fc olmayan \u015f\u0259xsl\u0259r topluma faktiki olaraq cinay\u0259tkar kimi t\u0259qdim olunurlar ki, bu da h\u0259m \u00f6lk\u0259 qanunverciliyinin, h\u0259m d\u0259 Az\u0259rbaycan\u0131n qo\u015fuldu\u011fu beyn\u0259lxalq m\u00fcqavil\u0259l\u0259rin pozuntusudur. Avropa M\u0259hk\u0259m\u0259si Az\u0259rbaycana qar\u015f\u0131 bir ne\u00e7\u0259 i\u015f \u00fczr\u0259 q\u0259rar\u0131nda bunu t\u0259qsirl\u0259ndiril\u0259n \u015f\u0259xsl\u0259rin t\u0259qsirsizlik prezumpsiyas\u0131 h\u00fcququnun pozuntusu kimi tan\u0131y\u0131b. \u00d6lk\u0259nin h\u00fcquq-m\u00fchafiz\u0259 orqanlar\u0131n\u0131n ba\u015f\u0131nda duran qurumlar\u0131n bel\u0259 m\u0259lumat\u0131 yaymas\u0131 o i\u015fi aparan m\u00fcst\u0259ntiql\u0259r\u0259, istintaq qrupuna, i\u015f\u0259 baxacaq hakiml\u0259r\u0259 birba\u015fa psixoloji basq\u0131d\u0131r.\n<\/p>\n<p>\n  \u0130kincisi, tutulan \u015f\u0259xsl\u0259rin partiya m\u0259nsubiyy\u0259tinin &#8211; AXCP \u00fczv\u00fc olmalar\u0131n\u0131n vur\u011fulanmas\u0131 \u00fcst\u00fc\u00f6rt\u00fcl\u00fc h\u0259min partiyan\u0131 h\u0259d\u0259f\u0259 almaq m\u0259qs\u0259di g\u00fcdd\u00fcy\u00fcn\u00fc g\u00f6st\u0259rir. M\u0259n indiy\u0259 q\u0259d\u0259r g\u00f6rm\u0259mi\u015f\u0259m ki, h\u0259tta \u0259n a\u011f\u0131r cinay\u0259tl\u0259rd\u0259 ittiham olunan \u015f\u0259xsl\u0259rl\u0259 ba\u011fl\u0131 h\u00fcquq-m\u00fchafiz\u0259 orqanlar\u0131n\u0131n yayd\u0131\u011f\u0131 m\u0259lumatlarda, istintaq v\u0259 ya m\u0259hk\u0259m\u0259 s\u0259n\u0259dl\u0259rind\u0259 onlar\u0131n, m\u0259s\u0259l\u0259n, YAP \u00fczv\u00fc oldu\u011fu g\u00f6st\u0259rilsin. Halbuki o cinay\u0259tl\u0259rin yan\u0131nda tutulan f\u0259allar\u0131n \u0259m\u0259ll\u0259ri (h\u0259tta hesab ets\u0259k ki, h\u0259qiq\u0259t\u0259n bu adamlar\u0131n etdikl\u0259ri cinay\u0259tdir) toya-bayrama getm\u0259lidir. Milyardlarla d\u00f6vl\u0259t v\u0259saitl\u0259rinin m\u0259nims\u0259nilm\u0259sind\u0259n tutmu\u015f adam \u00f6ld\u00fcrm\u0259y\u0259 q\u0259d\u0259r. \u00d6nc\u0259l\u0259r d\u0259 bu c\u00fcr birg\u0259 m\u0259lumatlar (b\u0259yanatlar) bir qayda olaraq m\u00fcxalify\u00f6nl\u00fc siyasi partiya \u00fczvl\u0259rinin h\u0259bsi il\u0259 ba\u011fl\u0131 verilir, h\u0259min qurumlar neqativ tonda t\u0259qdim edilirdi. Bu \u0259n\u0259n\u0259ni h\u00fcquq-m\u00fchafiz\u0259 orqanlar\u0131 davam etdirir.\n<\/p>\n<p>\n  \u00dc\u00e7\u00fcnc\u00fcs\u00fc, bu b\u0259yanat \u0259slind\u0259, son h\u0259bsl\u0259rin sifari\u015fli oldu\u011funu bir daha t\u0259sdiql\u0259yir. Orada h\u00fcquqa, cinay\u0259t\u0259 aid he\u00e7 n\u0259 yoxdur. Daha \u00e7ox YAP-\u0131n la\u011f obyektin\u0259 \u00e7evril\u0259n funksionerl\u0259rinin leksikonu s\u0259viyy\u0259sind\u0259 yaz\u0131lm\u0131\u015f bir s\u0259n\u0259ddir.\n<\/p>\n<p>\n  S\u0259n\u0259din m\u0259zmunundan F.\u018fmirova v\u0259 F.\u018fhm\u0259dova elan olunan ittihamlar\u0131n tamamil\u0259 \u0259sass\u0131z oldu\u011fu, bu qondarma cinay\u0259t i\u015fl\u0259ri il\u0259 hakimiyy\u0259tin \u0259slind\u0259, AXCP-ni v\u0259 opponentl\u0259rini h\u0259d\u0259f\u0259 ald\u0131\u011f\u0131 \u00e7ox ayd\u0131n g\u00f6r\u00fcn\u00fcr. F\u0259allar\u0131n oldu\u011fu iddia edil\u0259n kitablar\u0131n v\u0259 dig\u0259r informasiya da\u015f\u0131y\u0131c\u0131lar\u0131n\u0131n he\u00e7 biri qada\u011fan olunmu\u015f \u0259d\u0259biyyat deyil. \u018fg\u0259r h\u0259r hans\u0131 kitab, \u00e7\u0131x\u0131\u015f, videomaterial, informasiya ma\u011fazada sat\u0131l\u0131rsa, kitabxanada varsa, saytlarda yerl\u0259\u015fdirilibs\u0259, onu h\u0259r k\u0259s ma\u015f\u0131n\u0131nda, ofisind\u0259, yast\u0131\u011f\u0131n\u0131n alt\u0131nda saxlaya, onu oxuya, m\u00fczakir\u0259 ed\u0259, ba\u015fqalar\u0131na oxuma\u011fa ver\u0259, bir s\u00f6zl\u0259, onunla kefi n\u0259 ist\u0259s\u0259 ed\u0259 bil\u0259r. V\u0259 \u00fcmumiyy\u0259tl\u0259, cinay\u0259t qanunvericiliyind\u0259 qada\u011fan olunmu\u015f \u0259d\u0259biyyat ifad\u0259si yoxdur: qada\u011fan olunmu\u015f toplant\u0131 var, qada\u011fan olunmu\u015f \u0259\u015fya var, t\u0259hl\u00fck\u0259li tullant\u0131lar\u0131n qada\u011fan olunmu\u015f n\u00f6vl\u0259ri var v\u0259 s. Qanunvericilik onlar\u0131n siyah\u0131s\u0131n\u0131 verir. Amma \u00f6lk\u0259d\u0259 hans\u0131sa \u0259d\u0259biyyat\u0131 qada\u011fan ed\u0259n n\u0259 qanun var, n\u0259 d\u0259 onlar\u0131n siyah\u0131s\u0131. H\u0259tta \u00fc\u00e7 qurumun yayd\u0131\u011f\u0131 m\u0259lumatda yaz\u0131lanlar h\u0259qiq\u0259t olsayd\u0131 bel\u0259, &#8220;f\u0259tullah\u00e7\u0131l\u0131\u011f\u0131n&#8221;, &#8220;g\u00fcl\u0259n\u00e7iliyin&#8221; t\u0259bli\u011fi cinay\u0259t deyil, \u00e7\u00fcnki qanunvericilikl\u0259 n\u0259 qada\u011fan edilibl\u0259r, n\u0259 d\u0259 buna g\u00f6r\u0259 m\u0259suliyy\u0259t m\u00fc\u0259yy\u0259n edilib. Cinay\u0259tin predmeti kimi t\u0259qdim edil\u0259n \u0259d\u0259biyyat\u0131 son vaxtlara q\u0259d\u0259r az qala, b\u00fct\u00fcn kitabxanalar\u0131nda \u0259ld\u0259 etm\u0259k, onlar\u0131 ma\u015f\u0131nda, qatarda, at\u0131n belind\u0259 aparmaq, oxumaq, evd\u0259, litseyd\u0259, universitetd\u0259 m\u00fczakir\u0259 etm\u0259k m\u00fcmk\u00fcn idis\u0259, onda g\u0259r\u0259k \u00f6lk\u0259d\u0259 minl\u0259rl\u0259 adam tutula. Ba\u015fda da h\u0259min kitabxanalar\u0131n, onlar\u0131n tabe olduqlar\u0131 qurumlar\u0131n r\u0259hb\u0259rl\u0259ri. Bu kitablar\u0131 \u00e7ap etdir\u0259nl\u0259r, onlara \u00f6n s\u00f6z yazanlar aras\u0131nda bu m\u0259lumat\u0131 yayan qurumlardan birinin yax\u0131n qohumu, ona \u00f6n s\u00f6z yazanlar aras\u0131nda \u00f6lk\u0259nin tan\u0131nm\u0131\u015f adamlar\u0131n\u0131n adlar\u0131 var. Onda g\u0259r\u0259k onlar da indi ya MTN-d\u0259, ya bandotdeld\u0259, ya da K\u00fcrd\u0259xan\u0131 t\u0259cridxanas\u0131nda olayd\u0131lar. \u018fg\u0259r \u00abG\u00fcl\u0259n camaat\u0131\u00bb, &#8220;Hizm\u0259t h\u0259r\u0259kat\u0131&#8221; adland\u0131r\u0131lan qrupa \u00fczvl\u00fck cinay\u0259tdirs\u0259, onda son d\u00f6vrl\u0259r\u0259 q\u0259d\u0259r \u00f6lk\u0259nin \u0259n yax\u015f\u0131 t\u0259hsil m\u00fc\u0259ssis\u0259l\u0259rind\u0259n biri kimi t\u0259qdim edil\u0259n b\u0259lli universitetin, onlarla litseyl\u0259rin r\u0259hb\u0259rliyi, m\u00fc\u0259lliml\u0259rinin \u0259ks\u0259riyy\u0259ti, bu qurumlara lisenziya ver\u0259n d\u00f6vl\u0259t qurumlar\u0131n\u0131n r\u0259hb\u0259rl\u0259ri h\u0259bsxanada olayd\u0131lar.\n<\/p>\n<p>\n  T\u00fcrkiy\u0259d\u0259 ba\u015f ver\u0259n \u00e7evrili\u015f c\u0259hdi il\u0259 ba\u011fl\u0131 qanuni q\u00fcvv\u0259y\u0259 minmi\u015f m\u0259hk\u0259m\u0259 h\u00f6kml\u0259ri yoxdur. Az\u0259rbaycandan konkret \u015f\u0259xsl\u0259rin h\u0259min \u00e7evrili\u015fd\u0259 i\u015ftirak\u0131n\u0131 t\u0259sdiql\u0259y\u0259n faktlar bar\u0259d\u0259 h\u0259r hans\u0131 m\u0259lumatlar yoxdur. T\u00fcrkiy\u0259d\u0259 \u00e7evrili\u015f c\u0259hdind\u0259n sonra ba\u015f ver\u0259nl\u0259r d\u0259h\u015f\u0259tli bir \u015feydir. \u018frdo\u011fan\u0131n bu hadis\u0259l\u0259rd\u0259n istifad\u0259 edib demokratik institutlar\u0131 z\u0259ifl\u0259tm\u0259k, \u00f6z opponentl\u0259rini s\u0131radan \u00e7\u0131xarmaq, bir n\u0259f\u0259rin hakimiyy\u0259tini g\u00fccl\u0259ndirm\u0259k niyy\u0259ti g\u00f6z qaba\u011f\u0131ndad\u0131r. Ox\u015far hadis\u0259l\u0259r Az\u0259rbaycanda da ba\u015f verir. G\u00fcl\u0259n i\u015fi iki avtoritar hakimiyy\u0259t aras\u0131nda alver predmetidir, \u0259slind\u0259.\n<\/p>\n<p>\n  V\u0259 n\u0259hay\u0259t, G\u00fcl\u0259n\u00e7ilik pis \u015feydirs\u0259, \u018fliyev\u00e7ilik, \u018frdo\u011fan\u00e7\u0131l\u0131q, Putin\u00e7ilik ondan qat-qat pisdir. G\u00fcl\u0259n\u00e7ilik hakimiyy\u0259ti zorla devirm\u0259k anlam\u0131na g\u0259lirs\u0259 v\u0259 cinay\u0259t say\u0131l\u0131rsa, hakimiyy\u0259ti zor g\u00fcc\u00fcn\u0259 saxlamaq ondan bet\u0259r cinay\u0259tdir.\n<\/p>\n<p>\n  Bu \u0259sass\u0131z ittihamlar\u0131 r\u0259dd etm\u0259k, onlara etiraz etm\u0259k g\u0259r\u0259k. Amma &#8220;G\u00fcl\u0259n\u00e7il\u0259ri hakimiyy\u0259td\u0259 axtar\u0131n&#8221; \u00e7ox ziyanl\u0131 v\u0259 yanl\u0131\u015f m\u00fcdafi\u0259 yoludur. Bu c\u00fcr leksikonla hakimiyy\u0259td\u0259n f\u0259rqimiz az olur onda. &#8220;Hakimiyy\u0259td\u0259 \u018fliyevl\u0259rdir&#8221; s\u00f6yl\u0259m\u0259k yet\u0259rlidir&#8230;\n<\/p>\n<\/p>\n<p>\n  <i><br \/>\n    <b><br \/>\n      Yaz\u0131 m\u00fc\u0259llifin fikirl\u0259rini \u0259ks etdirir v\u0259 Meydan TV-nin m\u00f6vqeyi il\u0259 \u00fcst-\u00fcst\u0259 d\u00fc\u015fm\u0259y\u0259 bil\u0259r.<br \/>\n    <\/b><br \/>\n  <\/i><\/p>\n","protected":false},"excerpt":{"rendered":"<p>G\u00fcl\u0259n\u00e7ilik hakimiyy\u0259ti zorla devirm\u0259k anlam\u0131na g\u0259lirs\u0259 v\u0259 cinay\u0259t say\u0131l\u0131rsa, hakimiyy\u0259ti zor g\u00fcc\u00fcn\u0259 saxlamaq ondan bet\u0259r cinay\u0259tdir<\/p>\n","protected":false},"author":11,"featured_media":66261,"comment_status":"closed","ping_status":"open","sticky":false,"template":"","format":"standard","meta":{"_acf_changed":false,"_sitemap_exclude":false,"_sitemap_priority":"","_sitemap_frequency":"","footnotes":""},"categories":[57],"tags":[],"class_list":["post-178403","post","type-post","status-publish","format-standard","has-post-thumbnail","hentry","category-menim-fikrimce","infinite-scroll-item","generate-columns","tablet-grid-50","mobile-grid-100","grid-parent","grid-33","no-featured-image-padding"],"acf":[],"yoast_head":"<!-- This site is optimized with the Yoast SEO plugin v27.5 - https:\/\/yoast.com\/product\/yoast-seo-wordpress\/ -->\n<title>\u018frdo\u011fan\u00e7\u0131l\u0131q, \u018fliyev\u00e7ilik daha pisdir - MEYDAN.TV<\/title>\n<meta name=\"robots\" content=\"index, follow, max-snippet:-1, max-image-preview:large, max-video-preview:-1\" \/>\n<link rel=\"canonical\" href=\"https:\/\/www.meydan.tv\/az\/article\/erdoganciliq-eliyevcilik-daha-pisdir\/\" \/>\n<meta property=\"og:locale\" content=\"az_AZ\" \/>\n<meta property=\"og:type\" content=\"article\" \/>\n<meta property=\"og:title\" content=\"\u018frdo\u011fan\u00e7\u0131l\u0131q, \u018fliyev\u00e7ilik daha pisdir - MEYDAN.TV\" \/>\n<meta property=\"og:description\" content=\"G\u00fcl\u0259n\u00e7ilik hakimiyy\u0259ti zorla devirm\u0259k anlam\u0131na g\u0259lirs\u0259 v\u0259 cinay\u0259t say\u0131l\u0131rsa, hakimiyy\u0259ti zor g\u00fcc\u00fcn\u0259 saxlamaq ondan bet\u0259r cinay\u0259tdir\" \/>\n<meta property=\"og:url\" content=\"https:\/\/www.meydan.tv\/az\/article\/erdoganciliq-eliyevcilik-daha-pisdir\/\" \/>\n<meta property=\"og:site_name\" content=\"MEYDAN.TV\" \/>\n<meta property=\"article:published_time\" content=\"2016-08-24T15:33:18+00:00\" \/>\n<meta property=\"og:image\" content=\"https:\/\/www.meydan.tv\/wp-content\/uploads\/20615.jpg\" \/>\n\t<meta property=\"og:image:width\" content=\"500\" \/>\n\t<meta property=\"og:image:height\" content=\"500\" \/>\n\t<meta property=\"og:image:type\" content=\"image\/jpeg\" \/>\n<meta name=\"author\" content=\"user-manager\" \/>\n<meta name=\"twitter:card\" content=\"summary_large_image\" \/>\n<script type=\"application\/ld+json\" class=\"yoast-schema-graph\">{\"@context\":\"https:\\\/\\\/schema.org\",\"@graph\":[{\"@type\":\"Article\",\"@id\":\"https:\\\/\\\/www.meydan.tv\\\/az\\\/article\\\/erdoganciliq-eliyevcilik-daha-pisdir\\\/#article\",\"isPartOf\":{\"@id\":\"https:\\\/\\\/www.meydan.tv\\\/az\\\/article\\\/erdoganciliq-eliyevcilik-daha-pisdir\\\/\"},\"author\":{\"name\":\"user-manager\",\"@id\":\"https:\\\/\\\/www.meydan.tv\\\/az\\\/#\\\/schema\\\/person\\\/10d11eccf6da3662cf5fdab9806ea91a\"},\"headline\":\"\u018frdo\u011fan\u00e7\u0131l\u0131q, \u018fliyev\u00e7ilik daha pisdir\",\"datePublished\":\"2016-08-24T15:33:18+00:00\",\"mainEntityOfPage\":{\"@id\":\"https:\\\/\\\/www.meydan.tv\\\/az\\\/article\\\/erdoganciliq-eliyevcilik-daha-pisdir\\\/\"},\"wordCount\":1142,\"publisher\":{\"@id\":\"https:\\\/\\\/www.meydan.tv\\\/az\\\/#organization\"},\"image\":{\"@id\":\"https:\\\/\\\/www.meydan.tv\\\/az\\\/article\\\/erdoganciliq-eliyevcilik-daha-pisdir\\\/#primaryimage\"},\"thumbnailUrl\":\"https:\\\/\\\/www.meydan.tv\\\/wp-content\\\/uploads\\\/20615.jpg\",\"articleSection\":[\"M\u0259nim Fikrimc\u0259\"],\"inLanguage\":\"az\"},{\"@type\":\"WebPage\",\"@id\":\"https:\\\/\\\/www.meydan.tv\\\/az\\\/article\\\/erdoganciliq-eliyevcilik-daha-pisdir\\\/\",\"url\":\"https:\\\/\\\/www.meydan.tv\\\/az\\\/article\\\/erdoganciliq-eliyevcilik-daha-pisdir\\\/\",\"name\":\"\u018frdo\u011fan\u00e7\u0131l\u0131q, \u018fliyev\u00e7ilik daha pisdir - MEYDAN.TV\",\"isPartOf\":{\"@id\":\"https:\\\/\\\/www.meydan.tv\\\/az\\\/#website\"},\"primaryImageOfPage\":{\"@id\":\"https:\\\/\\\/www.meydan.tv\\\/az\\\/article\\\/erdoganciliq-eliyevcilik-daha-pisdir\\\/#primaryimage\"},\"image\":{\"@id\":\"https:\\\/\\\/www.meydan.tv\\\/az\\\/article\\\/erdoganciliq-eliyevcilik-daha-pisdir\\\/#primaryimage\"},\"thumbnailUrl\":\"https:\\\/\\\/www.meydan.tv\\\/wp-content\\\/uploads\\\/20615.jpg\",\"datePublished\":\"2016-08-24T15:33:18+00:00\",\"breadcrumb\":{\"@id\":\"https:\\\/\\\/www.meydan.tv\\\/az\\\/article\\\/erdoganciliq-eliyevcilik-daha-pisdir\\\/#breadcrumb\"},\"inLanguage\":\"az\",\"potentialAction\":[{\"@type\":\"ReadAction\",\"target\":[\"https:\\\/\\\/www.meydan.tv\\\/az\\\/article\\\/erdoganciliq-eliyevcilik-daha-pisdir\\\/\"]}]},{\"@type\":\"ImageObject\",\"inLanguage\":\"az\",\"@id\":\"https:\\\/\\\/www.meydan.tv\\\/az\\\/article\\\/erdoganciliq-eliyevcilik-daha-pisdir\\\/#primaryimage\",\"url\":\"https:\\\/\\\/www.meydan.tv\\\/wp-content\\\/uploads\\\/20615.jpg\",\"contentUrl\":\"https:\\\/\\\/www.meydan.tv\\\/wp-content\\\/uploads\\\/20615.jpg\",\"width\":500,\"height\":500,\"caption\":\"Source:\"},{\"@type\":\"BreadcrumbList\",\"@id\":\"https:\\\/\\\/www.meydan.tv\\\/az\\\/article\\\/erdoganciliq-eliyevcilik-daha-pisdir\\\/#breadcrumb\",\"itemListElement\":[{\"@type\":\"ListItem\",\"position\":1,\"name\":\"Ana s\u0259hif\u0259\",\"item\":\"https:\\\/\\\/www.meydan.tv\\\/az\\\/\"},{\"@type\":\"ListItem\",\"position\":2,\"name\":\"M\u0259nim Fikrimc\u0259\",\"item\":\"https:\\\/\\\/www.meydan.tv\\\/az\\\/section\\\/menim-fikrimce\\\/\"},{\"@type\":\"ListItem\",\"position\":3,\"name\":\"\u018frdo\u011fan\u00e7\u0131l\u0131q, \u018fliyev\u00e7ilik daha pisdir\"}]},{\"@type\":\"WebSite\",\"@id\":\"https:\\\/\\\/www.meydan.tv\\\/az\\\/#website\",\"url\":\"https:\\\/\\\/www.meydan.tv\\\/az\\\/\",\"name\":\"MEYDAN.TV\",\"description\":\"Meydan TV Az\u0259rbaycan\u0131n media m\u0259kan\u0131ndak\u0131 alternativ s\u0259sidir\",\"publisher\":{\"@id\":\"https:\\\/\\\/www.meydan.tv\\\/az\\\/#organization\"},\"potentialAction\":[{\"@type\":\"SearchAction\",\"target\":{\"@type\":\"EntryPoint\",\"urlTemplate\":\"https:\\\/\\\/www.meydan.tv\\\/az\\\/?s={search_term_string}\"},\"query-input\":{\"@type\":\"PropertyValueSpecification\",\"valueRequired\":true,\"valueName\":\"search_term_string\"}}],\"inLanguage\":\"az\"},{\"@type\":\"Organization\",\"@id\":\"https:\\\/\\\/www.meydan.tv\\\/az\\\/#organization\",\"name\":\"Meydan TV\",\"url\":\"https:\\\/\\\/www.meydan.tv\\\/az\\\/\",\"logo\":{\"@type\":\"ImageObject\",\"inLanguage\":\"az\",\"@id\":\"https:\\\/\\\/www.meydan.tv\\\/az\\\/#\\\/schema\\\/logo\\\/image\\\/\",\"url\":\"https:\\\/\\\/www.meydan.tv\\\/wp-content\\\/uploads\\\/2021\\\/07\\\/meydan-logo.svg\",\"contentUrl\":\"https:\\\/\\\/www.meydan.tv\\\/wp-content\\\/uploads\\\/2021\\\/07\\\/meydan-logo.svg\",\"width\":195,\"height\":46,\"caption\":\"Meydan TV\"},\"image\":{\"@id\":\"https:\\\/\\\/www.meydan.tv\\\/az\\\/#\\\/schema\\\/logo\\\/image\\\/\"}},{\"@type\":\"Person\",\"@id\":\"https:\\\/\\\/www.meydan.tv\\\/az\\\/#\\\/schema\\\/person\\\/10d11eccf6da3662cf5fdab9806ea91a\",\"name\":\"user-manager\"}]}<\/script>\n<!-- \/ Yoast SEO plugin. -->","yoast_head_json":{"title":"\u018frdo\u011fan\u00e7\u0131l\u0131q, \u018fliyev\u00e7ilik daha pisdir - MEYDAN.TV","robots":{"index":"index","follow":"follow","max-snippet":"max-snippet:-1","max-image-preview":"max-image-preview:large","max-video-preview":"max-video-preview:-1"},"canonical":"https:\/\/www.meydan.tv\/az\/article\/erdoganciliq-eliyevcilik-daha-pisdir\/","og_locale":"az_AZ","og_type":"article","og_title":"\u018frdo\u011fan\u00e7\u0131l\u0131q, \u018fliyev\u00e7ilik daha pisdir - MEYDAN.TV","og_description":"G\u00fcl\u0259n\u00e7ilik hakimiyy\u0259ti zorla devirm\u0259k anlam\u0131na g\u0259lirs\u0259 v\u0259 cinay\u0259t say\u0131l\u0131rsa, hakimiyy\u0259ti zor g\u00fcc\u00fcn\u0259 saxlamaq ondan bet\u0259r cinay\u0259tdir","og_url":"https:\/\/www.meydan.tv\/az\/article\/erdoganciliq-eliyevcilik-daha-pisdir\/","og_site_name":"MEYDAN.TV","article_published_time":"2016-08-24T15:33:18+00:00","og_image":[{"width":500,"height":500,"url":"https:\/\/www.meydan.tv\/wp-content\/uploads\/20615.jpg","type":"image\/jpeg"}],"author":"user-manager","twitter_card":"summary_large_image","schema":{"@context":"https:\/\/schema.org","@graph":[{"@type":"Article","@id":"https:\/\/www.meydan.tv\/az\/article\/erdoganciliq-eliyevcilik-daha-pisdir\/#article","isPartOf":{"@id":"https:\/\/www.meydan.tv\/az\/article\/erdoganciliq-eliyevcilik-daha-pisdir\/"},"author":{"name":"user-manager","@id":"https:\/\/www.meydan.tv\/az\/#\/schema\/person\/10d11eccf6da3662cf5fdab9806ea91a"},"headline":"\u018frdo\u011fan\u00e7\u0131l\u0131q, \u018fliyev\u00e7ilik daha pisdir","datePublished":"2016-08-24T15:33:18+00:00","mainEntityOfPage":{"@id":"https:\/\/www.meydan.tv\/az\/article\/erdoganciliq-eliyevcilik-daha-pisdir\/"},"wordCount":1142,"publisher":{"@id":"https:\/\/www.meydan.tv\/az\/#organization"},"image":{"@id":"https:\/\/www.meydan.tv\/az\/article\/erdoganciliq-eliyevcilik-daha-pisdir\/#primaryimage"},"thumbnailUrl":"https:\/\/www.meydan.tv\/wp-content\/uploads\/20615.jpg","articleSection":["M\u0259nim Fikrimc\u0259"],"inLanguage":"az"},{"@type":"WebPage","@id":"https:\/\/www.meydan.tv\/az\/article\/erdoganciliq-eliyevcilik-daha-pisdir\/","url":"https:\/\/www.meydan.tv\/az\/article\/erdoganciliq-eliyevcilik-daha-pisdir\/","name":"\u018frdo\u011fan\u00e7\u0131l\u0131q, \u018fliyev\u00e7ilik daha pisdir - MEYDAN.TV","isPartOf":{"@id":"https:\/\/www.meydan.tv\/az\/#website"},"primaryImageOfPage":{"@id":"https:\/\/www.meydan.tv\/az\/article\/erdoganciliq-eliyevcilik-daha-pisdir\/#primaryimage"},"image":{"@id":"https:\/\/www.meydan.tv\/az\/article\/erdoganciliq-eliyevcilik-daha-pisdir\/#primaryimage"},"thumbnailUrl":"https:\/\/www.meydan.tv\/wp-content\/uploads\/20615.jpg","datePublished":"2016-08-24T15:33:18+00:00","breadcrumb":{"@id":"https:\/\/www.meydan.tv\/az\/article\/erdoganciliq-eliyevcilik-daha-pisdir\/#breadcrumb"},"inLanguage":"az","potentialAction":[{"@type":"ReadAction","target":["https:\/\/www.meydan.tv\/az\/article\/erdoganciliq-eliyevcilik-daha-pisdir\/"]}]},{"@type":"ImageObject","inLanguage":"az","@id":"https:\/\/www.meydan.tv\/az\/article\/erdoganciliq-eliyevcilik-daha-pisdir\/#primaryimage","url":"https:\/\/www.meydan.tv\/wp-content\/uploads\/20615.jpg","contentUrl":"https:\/\/www.meydan.tv\/wp-content\/uploads\/20615.jpg","width":500,"height":500,"caption":"Source:"},{"@type":"BreadcrumbList","@id":"https:\/\/www.meydan.tv\/az\/article\/erdoganciliq-eliyevcilik-daha-pisdir\/#breadcrumb","itemListElement":[{"@type":"ListItem","position":1,"name":"Ana s\u0259hif\u0259","item":"https:\/\/www.meydan.tv\/az\/"},{"@type":"ListItem","position":2,"name":"M\u0259nim Fikrimc\u0259","item":"https:\/\/www.meydan.tv\/az\/section\/menim-fikrimce\/"},{"@type":"ListItem","position":3,"name":"\u018frdo\u011fan\u00e7\u0131l\u0131q, \u018fliyev\u00e7ilik daha pisdir"}]},{"@type":"WebSite","@id":"https:\/\/www.meydan.tv\/az\/#website","url":"https:\/\/www.meydan.tv\/az\/","name":"MEYDAN.TV","description":"Meydan TV Az\u0259rbaycan\u0131n media m\u0259kan\u0131ndak\u0131 alternativ s\u0259sidir","publisher":{"@id":"https:\/\/www.meydan.tv\/az\/#organization"},"potentialAction":[{"@type":"SearchAction","target":{"@type":"EntryPoint","urlTemplate":"https:\/\/www.meydan.tv\/az\/?s={search_term_string}"},"query-input":{"@type":"PropertyValueSpecification","valueRequired":true,"valueName":"search_term_string"}}],"inLanguage":"az"},{"@type":"Organization","@id":"https:\/\/www.meydan.tv\/az\/#organization","name":"Meydan TV","url":"https:\/\/www.meydan.tv\/az\/","logo":{"@type":"ImageObject","inLanguage":"az","@id":"https:\/\/www.meydan.tv\/az\/#\/schema\/logo\/image\/","url":"https:\/\/www.meydan.tv\/wp-content\/uploads\/2021\/07\/meydan-logo.svg","contentUrl":"https:\/\/www.meydan.tv\/wp-content\/uploads\/2021\/07\/meydan-logo.svg","width":195,"height":46,"caption":"Meydan TV"},"image":{"@id":"https:\/\/www.meydan.tv\/az\/#\/schema\/logo\/image\/"}},{"@type":"Person","@id":"https:\/\/www.meydan.tv\/az\/#\/schema\/person\/10d11eccf6da3662cf5fdab9806ea91a","name":"user-manager"}]}},"_links":{"self":[{"href":"https:\/\/www.meydan.tv\/az\/wp-json\/wp\/v2\/posts\/178403","targetHints":{"allow":["GET"]}}],"collection":[{"href":"https:\/\/www.meydan.tv\/az\/wp-json\/wp\/v2\/posts"}],"about":[{"href":"https:\/\/www.meydan.tv\/az\/wp-json\/wp\/v2\/types\/post"}],"author":[{"embeddable":true,"href":"https:\/\/www.meydan.tv\/az\/wp-json\/wp\/v2\/users\/11"}],"replies":[{"embeddable":true,"href":"https:\/\/www.meydan.tv\/az\/wp-json\/wp\/v2\/comments?post=178403"}],"version-history":[{"count":0,"href":"https:\/\/www.meydan.tv\/az\/wp-json\/wp\/v2\/posts\/178403\/revisions"}],"wp:featuredmedia":[{"embeddable":true,"href":"https:\/\/www.meydan.tv\/az\/wp-json\/wp\/v2\/media\/66261"}],"wp:attachment":[{"href":"https:\/\/www.meydan.tv\/az\/wp-json\/wp\/v2\/media?parent=178403"}],"wp:term":[{"taxonomy":"category","embeddable":true,"href":"https:\/\/www.meydan.tv\/az\/wp-json\/wp\/v2\/categories?post=178403"},{"taxonomy":"post_tag","embeddable":true,"href":"https:\/\/www.meydan.tv\/az\/wp-json\/wp\/v2\/tags?post=178403"}],"curies":[{"name":"wp","href":"https:\/\/api.w.org\/{rel}","templated":true}]}}