{"id":178401,"date":"2016-08-24T13:54:58","date_gmt":"2016-08-24T13:54:58","guid":{"rendered":"https:\/\/www.meydan.tv\/article\/hebs-ve-teqibler-narahatligin-siqnalidir\/"},"modified":"2016-08-24T13:54:58","modified_gmt":"2016-08-24T13:54:58","slug":"hebs-ve-teqibler-narahatligin-siqnalidir","status":"publish","type":"post","link":"https:\/\/www.meydan.tv\/az\/article\/hebs-ve-teqibler-narahatligin-siqnalidir\/","title":{"rendered":"H\u0259bs v\u0259 t\u0259qibl\u0259r narahatl\u0131\u011f\u0131n siqnal\u0131d\u0131r"},"content":{"rendered":"<figure class=\"wp-block-image size-large\">\n  <img decoding=\"async\" src=\"https:\/\/www.meydan.tv\/az\/66237\/\" alt=\"\" class=\"wp-image-66237\"\/><figcaption><\/figcaption><\/figure>\n<figure class=\"wp-block-image size-large\">\n  <img decoding=\"async\" src=\"https:\/\/www.meydan.tv\/az\/66243\/\" alt=\"\" class=\"wp-image-66243\"\/><figcaption><\/figcaption><\/figure>\n<p>\n  <i><br \/>\n    \u0130qtidar yen\u0259 d\u0259 \u0259n \u00e7ox \u00e7\u0259kindiyi q\u00fcvv\u0259ni ciddi h\u0259d\u0259f\u0259 al\u0131b<br \/>\n  <\/i>\n<\/p>\n<p>\n  \u00d6lk\u0259d\u0259 v\u0259t\u0259nda\u015f h\u00fcquqlar\u0131n\u0131n a\u00e7\u0131q-a\u015fkar v\u0259 intensiv \u015f\u0259kild\u0259 pozuldu\u011fu d\u00f6vr\u00fc ya\u015famaqday\u0131q. Bu bar\u0259d\u0259 ictimai r\u0259yd\u0259 \u00f6z\u00fcn\u0259 yer ed\u0259n b\u00fct\u00fcn m\u00fcst\u0259qil fikirl\u0259r v\u0259 arqumentl\u0259r \u0259sas\u0259n \u00fcst-\u00fcst\u0259 d\u00fc\u015f\u00fcr. S\u0259b\u0259b n\u0259dir? Niy\u0259 h\u00f6kum\u0259t \u00f6lk\u0259ni f\u0259lak\u0259t\u0259 s\u00fcr\u00fckl\u0259y\u0259n probleml\u0259rin h\u0259llin\u0259 deyil, onu dil\u0259 g\u0259tir\u0259nl\u0259r\u0259 qar\u015f\u0131 s\u0259f\u0259rb\u0259r olub v\u0259 k\u0259skin m\u00f6vqe s\u0259rgil\u0259yir? Do\u011frudanm\u0131 h\u00f6kum\u0259tin siyasi arqumentl\u0259ri art\u0131q t\u00fck\u0259nib v\u0259 yaln\u0131z zor aparat\u0131n\u0131 h\u0259r\u0259k\u0259t\u0259 g\u0259tirm\u0259kl\u0259 \u00f6lk\u0259ni idar\u0259 etm\u0259yi d\u00fc\u015f\u00fcn\u00fcr? \u018flb\u0259tt\u0259 ki, bu istiqam\u0259td\u0259 \u00e7oxsayl\u0131 suallar\u0131n olmas\u0131 m\u00f6vcud durumun yaratd\u0131\u011f\u0131 apolitik m\u00fchitd\u0259n qaynaqlan\u0131r.\n<\/p>\n<p>\n  G\u00f6r\u00fcn\u00fcr h\u00f6kum\u0259t yenid\u0259n r\u0259qibl\u0259rinin \u00fcz\u0259rin\u0259 d\u00f6vl\u0259tin g\u00fcc\u00fcn\u00fc yeritm\u0259kl\u0259 b\u00fct\u00fcn \u00f6lk\u0259boyu g\u0259rginlik v\u0259 qorxu yaratmaqla bir ne\u00e7\u0259 gizli siyasi m\u0259qs\u0259din\u0259 \u00e7atmaq arzusundad\u0131r. Getdikc\u0259 a\u011f\u0131rla\u015fan sosial-iqtisadi b\u00f6hran\u0131n qar\u015f\u0131s\u0131n\u0131 alma\u011f\u0131 bacarmayan iqtidar idar\u0259etm\u0259nin yaln\u0131z zor \u00fcz\u0259rind\u0259n davam etm\u0259si alternativsizliyin\u0259 s\u0131\u011f\u0131nma\u011fa m\u0259cbur olub. \u018fhalinin s\u00fcr\u0259tl\u0259 artan naraz\u0131l\u0131\u011f\u0131, komanda daxili tarazl\u0131\u011f\u0131n pozulmas\u0131, Qaraba\u011fla ba\u011fl\u0131 milli maraqlara zidd olan s\u00fclh t\u0259\u015f\u0259bb\u00fcsl\u0259ri, T\u00fcrkiy\u0259d\u0259n, Rusiyadan v\u0259 q\u0259rbd\u0259n g\u0259l\u0259n m\u00fcxt\u0259lif s\u0259pkili t\u0259zyiql\u0259r hakimiyy\u0259td\u0259 d\u0259rin narahatl\u0131q yarad\u0131b v\u0259 onu isterik add\u0131mlara s\u00fcr\u00fckl\u0259yir.\n<\/p>\n<p>\n  T\u0259\u0259ss\u00fcf ki, h\u0259l\u0259 d\u0259 h\u00f6kum\u0259td\u0259 t\u0259\u015fkilatlanm\u0131\u015f m\u00fcxalif\u0259ti \u0259zm\u0259kl\u0259, toplumu h\u00fcquqsuz idar\u0259 etm\u0259kl\u0259 hakimiyy\u0259tin t\u0259hl\u00fck\u0259siz v\u0259 uzun \u00f6m\u00fcrl\u00fc olaca\u011f\u0131n\u0131 d\u00fc\u015f\u00fcn\u0259nl\u0259r var. Sovet totalitar d\u00fc\u015f\u00fcnc\u0259 t\u0259rzini m\u0259nims\u0259mi\u015f s\u0259lahiyy\u0259t sahibl\u0259ri n\u0259 \u00e7a\u011fda\u015f d\u00fcnya siyas\u0259tinin \u00f6nc\u0259likl\u0259rini q\u0259bul edir, n\u0259 d\u0259 insan h\u00fcquq v\u0259 azdl\u0131qlar\u0131na s\u00f6yk\u0259n\u0259n idar\u0259etm\u0259nin \u00fcst\u00fcnl\u00fckl\u0259rini d\u0259rk edir. M\u00fcasir idar\u0259etm\u0259 metodlar\u0131n\u0131 inkar ed\u0259n b\u00fct\u00fcn antidemokratik rejiml\u0259rin t\u0259cr\u00fcb\u0259sind\u0259 anoloji add\u0131mlar t\u0259krarlan\u0131r.\n<\/p>\n<p>\n  \u00d6lk\u0259mizin \u0259n yax\u0131n siyasi tarixin\u0259 n\u0259z\u0259r salsaq g\u00f6r\u0259rik ki, repressiyalarla m\u00fcxalif\u0259ti f\u0259aliyy\u0259tind\u0259n \u00e7\u0259kindirm\u0259k q\u0259tiyy\u0259n m\u00fcmk\u00fcn olmay\u0131b. H\u0259r bir t\u0259qsirsiz h\u0259bs olunan f\u0259al\u0131n yeri g\u00f6r\u00fcns\u0259 d\u0259, m\u00fcxalif siyas\u0259t\u0259 yeni-yeni naraz\u0131 g\u0259ncl\u0259r ax\u0131\u015f\u0131b. El\u0259 son h\u0259bsl\u0259rin t\u0259rkibin\u0259 n\u0259z\u0259r salmaqla da g\u00f6r\u0259rik ki, bu g\u0259ncl\u0259rin \u00e7oxu m\u0259hz bundan \u00f6nc\u0259ki hay-k\u00fcyl\u00fc h\u0259bsl\u0259rin dal\u011fas\u0131nda m\u00fcxalif\u0259tin s\u0131ralar\u0131na qo\u015fulublar. Uzun ill\u0259rdir davam ed\u0259n repressiv siyas\u0259t u\u011furlu olsayd\u0131, onda g\u0259r\u0259k m\u00fcxalif d\u00fc\u015f\u0259rg\u0259d\u0259 bir n\u0259f\u0259r d\u0259 olsun g\u0259nc olmayayd\u0131. Halbuki, bu g\u00fcn m\u00fcxalif\u0259tin \u0259n prinsipial liderl\u0259rinin v\u0259 t\u0259\u015fkilatlar\u0131n\u0131n arxas\u0131nda minl\u0259rl\u0259 yeni g\u0259nc var. M\u00fc\u0259yy\u0259n s\u0259b\u0259bl\u0259rd\u0259n \u00f6z\u00fcn\u00fc tam g\u00f6st\u0259r\u0259 bilm\u0259y\u0259n, lakin m\u00fcxalif\u0259t\u0259 r\u0259\u011fb\u0259t b\u0259sl\u0259y\u0259n g\u0259ncl\u0259rin say\u0131 is\u0259 g\u00f6r\u00fcn\u0259nl\u0259rd\u0259n bir ne\u00e7\u0259 d\u0259f\u0259 \u00e7oxdur v\u0259 g\u00fcn\u00fc-g\u00fcnd\u0259n artmaqdad\u0131r.\n<\/p>\n<p>\n  D\u00fcnya d\u00f6vl\u0259tl\u0259rinin son 50 illik siyasi tarixl\u0259rini inc\u0259l\u0259y\u0259nd\u0259 d\u0259 g\u00f6r\u00fcn\u00fcr ki, m\u00fcbariz\u0259y\u0259 v\u0259 ya siyas\u0259t\u0259 \u015f\u00fcurlu \u015f\u0259kild\u0259 at\u0131lan insanlar\u0131 onsuz da h\u0259bsl\u0259, t\u0259zyiql\u0259 h\u0259d\u0259find\u0259n \u00e7\u0259kindirm\u0259k m\u00fcmk\u00fcn olmay\u0131b. \u00d6lk\u0259mizd\u0259 d\u0259 m\u00fcxalif\u0259t qorxu m\u0259rh\u0259l\u0259sini \u00e7oxdan ke\u00e7ib v\u0259 bu metodla onu h\u0259d\u0259fd\u0259n yay\u0131nd\u0131rmaq m\u00fcmk\u00fcn olmayacaq. \u0130ndi h\u0259bs olunan g\u0259ncl\u0259rin \u00e7oxu m\u0259hz repressiyalar\u0131n \u015fidd\u0259tli d\u00f6vr\u00fcnd\u0259 siyasi proses\u0259 qo\u015fulublar. El\u0259 indi d\u0259 h\u0259r h\u0259bs olunan m\u00fcxalif\u0259t\u00e7inin yerin\u0259 5-6 n\u0259f\u0259r yeni g\u0259nc qo\u015fulur. N\u0259 q\u0259d\u0259r q\u0259rib\u0259 s\u0259sl\u0259ns\u0259 d\u0259, son h\u0259bs v\u0259 t\u0259zyiq dal\u011fas\u0131nda m\u00fcxalif\u0259t daha \u00e7ox \u00fcmidli, hakimiyy\u0259t is\u0259 daha \u00e7ox \u00e7ar\u0259siz v\u0259 isterik g\u00f6r\u00fcn\u00fcr. Sanki iqtidar \u00f6lk\u0259 daxilind\u0259 k\u00f6m\u0259ksiz durumda olan h\u0259r k\u0259s\u0259 g\u00fcc g\u00f6st\u0259rm\u0259kl\u0259 \u00fczd\u0259 g\u00f6r\u00fcnm\u0259y\u0259n hans\u0131sa ciddi z\u0259ifliyini \u00f6rt-basd\u0131r etm\u0259y\u0259 \u00e7al\u0131\u015f\u0131r.\n<\/p>\n<p>\n  Ard\u0131-aras\u0131 k\u0259silm\u0259y\u0259n repressiyalar, d\u0259rinl\u0259\u015fm\u0259kd\u0259 olan sosial b\u00f6hran, korrupsiya v\u0259 r\u00fc\u015fv\u0259txorluq, idar\u0259etm\u0259nin qeyri-m\u00fc\u0259yy\u0259n xarakteri t\u0259\u0259ss\u00fcf ki, c\u0259miyy\u0259ti t\u0259\u015fkilatlanm\u0131\u015f v\u0259 da\u011f\u0131n\u0131q olan bir ne\u00e7\u0259 hiss\u0259y\u0259 b\u00f6l\u00fcb. Bu is\u0259 \u00f6zl\u00fcy\u00fcnd\u0259 yax\u0131n perspektivd\u0259 hakimiyy\u0259tin \u0259n\u0259n\u0259vi qaydada davam etm\u0259sin\u0259 n\u0259z\u0259ri olaraq xidm\u0259t ets\u0259 d\u0259, m\u00f6vcud probleml\u0259rin h\u0259llini daha da \u00e7\u0259tinl\u0259\u015fdir\u0259n, h\u0259tta m\u00fcmk\u00fcns\u00fcz ed\u0259n amil\u0259 \u00e7evrilib. \u0130qtidar\u0131 g\u00fccl\u00fc, q\u00fcdr\u0259tli v\u0259 m\u0259\u011flubedilm\u0259z g\u00f6st\u0259r\u0259n b\u00fct\u00fcn davran\u0131\u015flar \u0259slind\u0259 \u00e7ox ciddi z\u0259ifliyin v\u0259 t\u0259r\u0259dd\u00fcdl\u0259rin t\u0259zah\u00fcr\u00fcd\u00fcr. Bu hal g\u0259l\u0259c\u0259kd\u0259 c\u0259miyy\u0259t \u00fc\u00e7\u00fcn daha b\u00f6y\u00fck t\u0259hl\u00fck\u0259l\u0259rin x\u0259b\u0259r\u00e7isidir.\n<\/p>\n<p>\n  Daha \u00f6nc\u0259 qeyd etdiyimiz kimi, hakimiyy\u0259tin \u00f6z\u0259l siyasi m\u0259qs\u0259dl\u0259ri il\u0259 yana\u015f\u0131 qlobal \u0259ndi\u015f\u0259l\u0259ri d\u0259 repressiv davran\u0131\u015flar\u0131nda \u0259sas rol oynay\u0131r. \u018fhalinin s\u00fcr\u0259tl\u0259 artan naraz\u0131l\u0131\u011f\u0131n\u0131 v\u0259 komandadaxili sabitliyi qorxu yaradaraq \u00f6nl\u0259m\u0259k ilk m\u0259qs\u0259ddir. Konstitusiyaya zidd olaraq referenduma \u00e7\u0131xar\u0131lan \u0259lav\u0259 v\u0259 d\u0259yi\u015fiklikl\u0259r\u0259 qar\u015f\u0131 ciddi k\u00fctl\u0259vi etiraz aksiyalar\u0131n\u0131 bo\u011fmaq da \u0259sas qay\u011f\u0131lardand\u0131r. Qaraba\u011fla ba\u011fl\u0131 milli maraqlar\u0131m\u0131za zidd olan s\u00fclh t\u0259klifl\u0259rin\u0259 g\u00f6r\u0259 yarana bil\u0259c\u0259k m\u00fcqavim\u0259ti b\u0259rivba\u015fdan yox etm\u0259k, habel\u0259 T\u00fcrkiy\u0259d\u0259n, Rusiyadan v\u0259 q\u0259rbd\u0259n g\u0259l\u0259n m\u00fcxt\u0259lif s\u0259pkili t\u0259zyiql\u0259ri is\u0259 daxild\u0259 m\u00fc\u0259yy\u0259n add\u0131mlarla neytralla\u015fd\u0131rmaq ist\u0259yi var.\n<\/p>\n<p>\n  T\u0259sad\u00fcfi deyil ki, iqtidar yen\u0259 d\u0259 \u0259n \u00e7ox \u00e7\u0259kindiyi q\u00fcvv\u0259ni x\u00fcsusil\u0259 ciddi h\u0259d\u0259f\u0259 al\u0131b. Etirazlar\u0131 \u00f6lk\u0259 daxilind\u0259 t\u0259\u015fkil ed\u0259 bil\u0259n v\u0259 xarici \u0259laq\u0259l\u0259ri y\u00fcks\u0259k s\u0259viyy\u0259d\u0259 olan t\u0259\u015fkilatlar \u0259sas h\u0259d\u0259fd\u0259dir. \u018fn m\u00fct\u0259\u015f\u0259kkil v\u0259 c\u0259sar\u0259tli q\u00fcvv\u0259ni \u0259zm\u0259kl\u0259 b\u00fct\u00f6vl\u00fckd\u0259 toplumu s\u00fckun\u0259t\u0259 q\u0259rq ed\u0259c\u0259yini g\u00fcman ed\u0259n iqtidar, n\u0259hay\u0259t, q\u0259bul etm\u0259lidir ki, m\u00fcxalif t\u0259b\u0259q\u0259 onsuz da bu repressiyalardan \u00e7\u0259kinmir. N\u0259 tan\u0131nm\u0131\u015f iqtisad\u00e7\u0131 ekspert, REAL H\u0259r\u0259kat\u0131n\u0131n r\u0259hb\u0259rl\u0259rind\u0259n olan Natiq C\u0259f\u0259rlinin h\u0259bsi, n\u0259 d\u0259 AXCP \u00fczvl\u0259rin\u0259 qar\u015f\u0131 davam ed\u0259n total h\u0259bs dal\u011fas\u0131 c\u0259miyy\u0259ti s\u00fckun\u0259t\u0259 atacaq. \u0130ctimaiyy\u0259t\u0259 tamamil\u0259 ayd\u0131nd\u0131r ki, AXCP s\u0259drinin k\u00f6m\u0259k\u00e7isi, \u201cAzadl\u0131q\u201d q\u0259zetinin yay\u0131m direktoru Faiq \u018fmirliy\u0259 qar\u015f\u0131 ir\u0259li s\u00fcr\u00fcl\u0259n ittiham v\u0259 dig\u0259r AXCP \u00fczvl\u0259ri olan f\u0259al g\u0259ncl\u0259rd\u0259n Fuad \u018fhm\u0259dli, M\u0259sud Rzal\u0131, Q\u0259dim B\u0259kirov, Vasif F\u0259tiyev habel\u0259, N\u0130DA H\u0259r\u0259kat\u0131n\u0131n \u00fczv\u00fc Elgiz Q\u0259hr\u0259man m\u0259hz siyasi f\u0259aliyy\u0259tl\u0259rin\u0259 g\u00f6r\u0259 h\u0259bs v\u0259 t\u0259qibl\u0259 \u00fcz-\u00fcz\u0259dirl\u0259r.\n<\/p>\n<p>\n  M\u00f6vcud durumun d\u0259qiq analizini apard\u0131qda ayd\u0131n olur ki, h\u00f6kum\u0259tin m\u00fcxalif\u0259t\u0259 qar\u015f\u0131 bu siyas\u0259ti d\u0259 u\u011fursuz olacaq. \u00c7\u00fcnki hakimiyy\u0259td\u0259n qorxan t\u0259b\u0259q\u0259 onsuz da uzun ill\u0259rdir meydana \u00e7\u0131xm\u0131r, qorxu v\u0259 t\u0259r\u0259dd\u00fcdl\u0259 ba\u015f ver\u0259nl\u0259ri k\u0259nardan seyr edir. Amma bu seyri\u00e7i m\u00f6vqe onlar\u0131n he\u00e7 bir problemini h\u0259ll etm\u0259m\u0259kl\u0259 yana\u015f\u0131, son vaxtlar g\u00fczaranlar\u0131n\u0131 daha da a\u011f\u0131rla\u015fd\u0131r\u0131r. Toplumun xarakterini bil\u0259n h\u0259r k\u0259s\u0259 ayd\u0131nd\u0131r ki, \u00fcmumiyy\u0259tl\u0259, f\u00fcrs\u0259t g\u00f6zl\u0259y\u0259n v\u0259 qorxusundan s\u0259sini \u00e7\u0131xarmayan insanlar\u0131n m\u00fcxalif siyasi prosesl\u0259r\u0259 f\u0259al qo\u015fulmamas\u0131 he\u00e7 d\u0259 m\u00fcxalif\u0259tin f\u0259aliyy\u0259tind\u0259n as\u0131l\u0131 deyil. Bunun bir s\u0131ra d\u0259yi\u015fk\u0259n sosial v\u0259 psixoloji s\u0259b\u0259bl\u0259ri var. Odur ki, bu repressiyalar m\u00fcxalif siyas\u0259t m\u00fcst\u0259visin\u0259 f\u0259rqli d\u0259yi\u015fiklik g\u0259tirm\u0259y\u0259c\u0259k. Ola bilsin ki, iqtidar komandas\u0131n\u0131n v\u0259 t\u0259r\u0259fdarlar\u0131n\u0131n daxilind\u0259 m\u00fcv\u0259qq\u0259ti sabitlik \u00fc\u00e7\u00fcn m\u00f6vs\u00fcmi bir t\u0259sir g\u00f6r\u00fcnt\u00fcs\u00fc yarats\u0131n. Amma unutmayaq ki, c\u0259miyy\u0259t b\u00f6y\u00fck b\u00f6hrana h\u0259l\u0259 indi yax\u0131nla\u015f\u0131r v\u0259 onun s\u0259b\u0259bkar\u0131 is\u0259 m\u00fcxalif\u0259t deyil. \u018fminlikl\u0259 qeyd edir\u0259m ki, h\u00f6kum\u0259t polis g\u00fcc\u00fc il\u0259 bu prosesi q\u0259tiyy\u0259n a\u011fr\u0131s\u0131z idar\u0259 ed\u0259 bilm\u0259y\u0259c\u0259k. H\u0259tta dey\u0259rdim ki, bu siyas\u0259t \u00f6lk\u0259d\u0259 g\u0259rginliyi daha da art\u0131racaq v\u0259 ictimai-siyasi f\u0259all\u0131\u011f\u0131 y\u00fcks\u0259ld\u0259c\u0259k.<\/p>\n","protected":false},"excerpt":{"rendered":"<p>\u0130qtidar yen\u0259 d\u0259 \u0259n \u00e7ox \u00e7\u0259kindiyi q\u00fcvv\u0259ni ciddi h\u0259d\u0259f\u0259 al\u0131b<\/p>\n","protected":false},"author":11,"featured_media":66237,"comment_status":"closed","ping_status":"open","sticky":false,"template":"","format":"standard","meta":{"_acf_changed":false,"_sitemap_exclude":false,"_sitemap_priority":"","_sitemap_frequency":"","footnotes":""},"categories":[51],"tags":[],"class_list":["post-178401","post","type-post","status-publish","format-standard","has-post-thumbnail","hentry","category-analitika","infinite-scroll-item","generate-columns","tablet-grid-50","mobile-grid-100","grid-parent","grid-33","no-featured-image-padding"],"acf":[],"yoast_head":"<!-- This site is optimized with the Yoast SEO plugin v27.5 - https:\/\/yoast.com\/product\/yoast-seo-wordpress\/ -->\n<title>H\u0259bs v\u0259 t\u0259qibl\u0259r narahatl\u0131\u011f\u0131n siqnal\u0131d\u0131r - MEYDAN.TV<\/title>\n<meta name=\"robots\" content=\"index, follow, max-snippet:-1, max-image-preview:large, max-video-preview:-1\" \/>\n<link rel=\"canonical\" href=\"https:\/\/www.meydan.tv\/az\/article\/hebs-ve-teqibler-narahatligin-siqnalidir\/\" \/>\n<meta property=\"og:locale\" content=\"az_AZ\" \/>\n<meta property=\"og:type\" content=\"article\" \/>\n<meta property=\"og:title\" content=\"H\u0259bs v\u0259 t\u0259qibl\u0259r narahatl\u0131\u011f\u0131n siqnal\u0131d\u0131r - MEYDAN.TV\" \/>\n<meta property=\"og:description\" content=\"\u0130qtidar yen\u0259 d\u0259 \u0259n \u00e7ox \u00e7\u0259kindiyi q\u00fcvv\u0259ni ciddi h\u0259d\u0259f\u0259 al\u0131b\" \/>\n<meta property=\"og:url\" content=\"https:\/\/www.meydan.tv\/az\/article\/hebs-ve-teqibler-narahatligin-siqnalidir\/\" \/>\n<meta property=\"og:site_name\" content=\"MEYDAN.TV\" \/>\n<meta property=\"article:published_time\" content=\"2016-08-24T13:54:58+00:00\" \/>\n<meta property=\"og:image\" content=\"https:\/\/www.meydan.tv\/wp-content\/uploads\/25296.jpg\" \/>\n\t<meta property=\"og:image:width\" content=\"400\" \/>\n\t<meta property=\"og:image:height\" content=\"243\" \/>\n\t<meta property=\"og:image:type\" content=\"image\/jpeg\" \/>\n<meta name=\"author\" content=\"user-manager\" \/>\n<meta name=\"twitter:card\" content=\"summary_large_image\" \/>\n<script type=\"application\/ld+json\" class=\"yoast-schema-graph\">{\"@context\":\"https:\\\/\\\/schema.org\",\"@graph\":[{\"@type\":\"Article\",\"@id\":\"https:\\\/\\\/www.meydan.tv\\\/az\\\/article\\\/hebs-ve-teqibler-narahatligin-siqnalidir\\\/#article\",\"isPartOf\":{\"@id\":\"https:\\\/\\\/www.meydan.tv\\\/az\\\/article\\\/hebs-ve-teqibler-narahatligin-siqnalidir\\\/\"},\"author\":{\"name\":\"user-manager\",\"@id\":\"https:\\\/\\\/www.meydan.tv\\\/az\\\/#\\\/schema\\\/person\\\/10d11eccf6da3662cf5fdab9806ea91a\"},\"headline\":\"H\u0259bs v\u0259 t\u0259qibl\u0259r narahatl\u0131\u011f\u0131n siqnal\u0131d\u0131r\",\"datePublished\":\"2016-08-24T13:54:58+00:00\",\"mainEntityOfPage\":{\"@id\":\"https:\\\/\\\/www.meydan.tv\\\/az\\\/article\\\/hebs-ve-teqibler-narahatligin-siqnalidir\\\/\"},\"wordCount\":1635,\"publisher\":{\"@id\":\"https:\\\/\\\/www.meydan.tv\\\/az\\\/#organization\"},\"image\":{\"@id\":\"https:\\\/\\\/www.meydan.tv\\\/az\\\/article\\\/hebs-ve-teqibler-narahatligin-siqnalidir\\\/#primaryimage\"},\"thumbnailUrl\":\"https:\\\/\\\/www.meydan.tv\\\/wp-content\\\/uploads\\\/25296.jpg\",\"articleSection\":[\"Analitika\"],\"inLanguage\":\"az\"},{\"@type\":\"WebPage\",\"@id\":\"https:\\\/\\\/www.meydan.tv\\\/az\\\/article\\\/hebs-ve-teqibler-narahatligin-siqnalidir\\\/\",\"url\":\"https:\\\/\\\/www.meydan.tv\\\/az\\\/article\\\/hebs-ve-teqibler-narahatligin-siqnalidir\\\/\",\"name\":\"H\u0259bs v\u0259 t\u0259qibl\u0259r narahatl\u0131\u011f\u0131n siqnal\u0131d\u0131r - MEYDAN.TV\",\"isPartOf\":{\"@id\":\"https:\\\/\\\/www.meydan.tv\\\/az\\\/#website\"},\"primaryImageOfPage\":{\"@id\":\"https:\\\/\\\/www.meydan.tv\\\/az\\\/article\\\/hebs-ve-teqibler-narahatligin-siqnalidir\\\/#primaryimage\"},\"image\":{\"@id\":\"https:\\\/\\\/www.meydan.tv\\\/az\\\/article\\\/hebs-ve-teqibler-narahatligin-siqnalidir\\\/#primaryimage\"},\"thumbnailUrl\":\"https:\\\/\\\/www.meydan.tv\\\/wp-content\\\/uploads\\\/25296.jpg\",\"datePublished\":\"2016-08-24T13:54:58+00:00\",\"breadcrumb\":{\"@id\":\"https:\\\/\\\/www.meydan.tv\\\/az\\\/article\\\/hebs-ve-teqibler-narahatligin-siqnalidir\\\/#breadcrumb\"},\"inLanguage\":\"az\",\"potentialAction\":[{\"@type\":\"ReadAction\",\"target\":[\"https:\\\/\\\/www.meydan.tv\\\/az\\\/article\\\/hebs-ve-teqibler-narahatligin-siqnalidir\\\/\"]}]},{\"@type\":\"ImageObject\",\"inLanguage\":\"az\",\"@id\":\"https:\\\/\\\/www.meydan.tv\\\/az\\\/article\\\/hebs-ve-teqibler-narahatligin-siqnalidir\\\/#primaryimage\",\"url\":\"https:\\\/\\\/www.meydan.tv\\\/wp-content\\\/uploads\\\/25296.jpg\",\"contentUrl\":\"https:\\\/\\\/www.meydan.tv\\\/wp-content\\\/uploads\\\/25296.jpg\",\"width\":400,\"height\":243,\"caption\":\"Source:\"},{\"@type\":\"BreadcrumbList\",\"@id\":\"https:\\\/\\\/www.meydan.tv\\\/az\\\/article\\\/hebs-ve-teqibler-narahatligin-siqnalidir\\\/#breadcrumb\",\"itemListElement\":[{\"@type\":\"ListItem\",\"position\":1,\"name\":\"Ana s\u0259hif\u0259\",\"item\":\"https:\\\/\\\/www.meydan.tv\\\/az\\\/\"},{\"@type\":\"ListItem\",\"position\":2,\"name\":\"Analitika\",\"item\":\"https:\\\/\\\/www.meydan.tv\\\/az\\\/section\\\/analitika\\\/\"},{\"@type\":\"ListItem\",\"position\":3,\"name\":\"H\u0259bs v\u0259 t\u0259qibl\u0259r narahatl\u0131\u011f\u0131n siqnal\u0131d\u0131r\"}]},{\"@type\":\"WebSite\",\"@id\":\"https:\\\/\\\/www.meydan.tv\\\/az\\\/#website\",\"url\":\"https:\\\/\\\/www.meydan.tv\\\/az\\\/\",\"name\":\"MEYDAN.TV\",\"description\":\"Meydan TV Az\u0259rbaycan\u0131n media m\u0259kan\u0131ndak\u0131 alternativ s\u0259sidir\",\"publisher\":{\"@id\":\"https:\\\/\\\/www.meydan.tv\\\/az\\\/#organization\"},\"potentialAction\":[{\"@type\":\"SearchAction\",\"target\":{\"@type\":\"EntryPoint\",\"urlTemplate\":\"https:\\\/\\\/www.meydan.tv\\\/az\\\/?s={search_term_string}\"},\"query-input\":{\"@type\":\"PropertyValueSpecification\",\"valueRequired\":true,\"valueName\":\"search_term_string\"}}],\"inLanguage\":\"az\"},{\"@type\":\"Organization\",\"@id\":\"https:\\\/\\\/www.meydan.tv\\\/az\\\/#organization\",\"name\":\"Meydan TV\",\"url\":\"https:\\\/\\\/www.meydan.tv\\\/az\\\/\",\"logo\":{\"@type\":\"ImageObject\",\"inLanguage\":\"az\",\"@id\":\"https:\\\/\\\/www.meydan.tv\\\/az\\\/#\\\/schema\\\/logo\\\/image\\\/\",\"url\":\"https:\\\/\\\/www.meydan.tv\\\/wp-content\\\/uploads\\\/2021\\\/07\\\/meydan-logo.svg\",\"contentUrl\":\"https:\\\/\\\/www.meydan.tv\\\/wp-content\\\/uploads\\\/2021\\\/07\\\/meydan-logo.svg\",\"width\":195,\"height\":46,\"caption\":\"Meydan TV\"},\"image\":{\"@id\":\"https:\\\/\\\/www.meydan.tv\\\/az\\\/#\\\/schema\\\/logo\\\/image\\\/\"}},{\"@type\":\"Person\",\"@id\":\"https:\\\/\\\/www.meydan.tv\\\/az\\\/#\\\/schema\\\/person\\\/10d11eccf6da3662cf5fdab9806ea91a\",\"name\":\"user-manager\"}]}<\/script>\n<!-- \/ Yoast SEO plugin. -->","yoast_head_json":{"title":"H\u0259bs v\u0259 t\u0259qibl\u0259r narahatl\u0131\u011f\u0131n siqnal\u0131d\u0131r - MEYDAN.TV","robots":{"index":"index","follow":"follow","max-snippet":"max-snippet:-1","max-image-preview":"max-image-preview:large","max-video-preview":"max-video-preview:-1"},"canonical":"https:\/\/www.meydan.tv\/az\/article\/hebs-ve-teqibler-narahatligin-siqnalidir\/","og_locale":"az_AZ","og_type":"article","og_title":"H\u0259bs v\u0259 t\u0259qibl\u0259r narahatl\u0131\u011f\u0131n siqnal\u0131d\u0131r - MEYDAN.TV","og_description":"\u0130qtidar yen\u0259 d\u0259 \u0259n \u00e7ox \u00e7\u0259kindiyi q\u00fcvv\u0259ni ciddi h\u0259d\u0259f\u0259 al\u0131b","og_url":"https:\/\/www.meydan.tv\/az\/article\/hebs-ve-teqibler-narahatligin-siqnalidir\/","og_site_name":"MEYDAN.TV","article_published_time":"2016-08-24T13:54:58+00:00","og_image":[{"width":400,"height":243,"url":"https:\/\/www.meydan.tv\/wp-content\/uploads\/25296.jpg","type":"image\/jpeg"}],"author":"user-manager","twitter_card":"summary_large_image","schema":{"@context":"https:\/\/schema.org","@graph":[{"@type":"Article","@id":"https:\/\/www.meydan.tv\/az\/article\/hebs-ve-teqibler-narahatligin-siqnalidir\/#article","isPartOf":{"@id":"https:\/\/www.meydan.tv\/az\/article\/hebs-ve-teqibler-narahatligin-siqnalidir\/"},"author":{"name":"user-manager","@id":"https:\/\/www.meydan.tv\/az\/#\/schema\/person\/10d11eccf6da3662cf5fdab9806ea91a"},"headline":"H\u0259bs v\u0259 t\u0259qibl\u0259r narahatl\u0131\u011f\u0131n siqnal\u0131d\u0131r","datePublished":"2016-08-24T13:54:58+00:00","mainEntityOfPage":{"@id":"https:\/\/www.meydan.tv\/az\/article\/hebs-ve-teqibler-narahatligin-siqnalidir\/"},"wordCount":1635,"publisher":{"@id":"https:\/\/www.meydan.tv\/az\/#organization"},"image":{"@id":"https:\/\/www.meydan.tv\/az\/article\/hebs-ve-teqibler-narahatligin-siqnalidir\/#primaryimage"},"thumbnailUrl":"https:\/\/www.meydan.tv\/wp-content\/uploads\/25296.jpg","articleSection":["Analitika"],"inLanguage":"az"},{"@type":"WebPage","@id":"https:\/\/www.meydan.tv\/az\/article\/hebs-ve-teqibler-narahatligin-siqnalidir\/","url":"https:\/\/www.meydan.tv\/az\/article\/hebs-ve-teqibler-narahatligin-siqnalidir\/","name":"H\u0259bs v\u0259 t\u0259qibl\u0259r narahatl\u0131\u011f\u0131n siqnal\u0131d\u0131r - MEYDAN.TV","isPartOf":{"@id":"https:\/\/www.meydan.tv\/az\/#website"},"primaryImageOfPage":{"@id":"https:\/\/www.meydan.tv\/az\/article\/hebs-ve-teqibler-narahatligin-siqnalidir\/#primaryimage"},"image":{"@id":"https:\/\/www.meydan.tv\/az\/article\/hebs-ve-teqibler-narahatligin-siqnalidir\/#primaryimage"},"thumbnailUrl":"https:\/\/www.meydan.tv\/wp-content\/uploads\/25296.jpg","datePublished":"2016-08-24T13:54:58+00:00","breadcrumb":{"@id":"https:\/\/www.meydan.tv\/az\/article\/hebs-ve-teqibler-narahatligin-siqnalidir\/#breadcrumb"},"inLanguage":"az","potentialAction":[{"@type":"ReadAction","target":["https:\/\/www.meydan.tv\/az\/article\/hebs-ve-teqibler-narahatligin-siqnalidir\/"]}]},{"@type":"ImageObject","inLanguage":"az","@id":"https:\/\/www.meydan.tv\/az\/article\/hebs-ve-teqibler-narahatligin-siqnalidir\/#primaryimage","url":"https:\/\/www.meydan.tv\/wp-content\/uploads\/25296.jpg","contentUrl":"https:\/\/www.meydan.tv\/wp-content\/uploads\/25296.jpg","width":400,"height":243,"caption":"Source:"},{"@type":"BreadcrumbList","@id":"https:\/\/www.meydan.tv\/az\/article\/hebs-ve-teqibler-narahatligin-siqnalidir\/#breadcrumb","itemListElement":[{"@type":"ListItem","position":1,"name":"Ana s\u0259hif\u0259","item":"https:\/\/www.meydan.tv\/az\/"},{"@type":"ListItem","position":2,"name":"Analitika","item":"https:\/\/www.meydan.tv\/az\/section\/analitika\/"},{"@type":"ListItem","position":3,"name":"H\u0259bs v\u0259 t\u0259qibl\u0259r narahatl\u0131\u011f\u0131n siqnal\u0131d\u0131r"}]},{"@type":"WebSite","@id":"https:\/\/www.meydan.tv\/az\/#website","url":"https:\/\/www.meydan.tv\/az\/","name":"MEYDAN.TV","description":"Meydan TV Az\u0259rbaycan\u0131n media m\u0259kan\u0131ndak\u0131 alternativ s\u0259sidir","publisher":{"@id":"https:\/\/www.meydan.tv\/az\/#organization"},"potentialAction":[{"@type":"SearchAction","target":{"@type":"EntryPoint","urlTemplate":"https:\/\/www.meydan.tv\/az\/?s={search_term_string}"},"query-input":{"@type":"PropertyValueSpecification","valueRequired":true,"valueName":"search_term_string"}}],"inLanguage":"az"},{"@type":"Organization","@id":"https:\/\/www.meydan.tv\/az\/#organization","name":"Meydan TV","url":"https:\/\/www.meydan.tv\/az\/","logo":{"@type":"ImageObject","inLanguage":"az","@id":"https:\/\/www.meydan.tv\/az\/#\/schema\/logo\/image\/","url":"https:\/\/www.meydan.tv\/wp-content\/uploads\/2021\/07\/meydan-logo.svg","contentUrl":"https:\/\/www.meydan.tv\/wp-content\/uploads\/2021\/07\/meydan-logo.svg","width":195,"height":46,"caption":"Meydan TV"},"image":{"@id":"https:\/\/www.meydan.tv\/az\/#\/schema\/logo\/image\/"}},{"@type":"Person","@id":"https:\/\/www.meydan.tv\/az\/#\/schema\/person\/10d11eccf6da3662cf5fdab9806ea91a","name":"user-manager"}]}},"_links":{"self":[{"href":"https:\/\/www.meydan.tv\/az\/wp-json\/wp\/v2\/posts\/178401","targetHints":{"allow":["GET"]}}],"collection":[{"href":"https:\/\/www.meydan.tv\/az\/wp-json\/wp\/v2\/posts"}],"about":[{"href":"https:\/\/www.meydan.tv\/az\/wp-json\/wp\/v2\/types\/post"}],"author":[{"embeddable":true,"href":"https:\/\/www.meydan.tv\/az\/wp-json\/wp\/v2\/users\/11"}],"replies":[{"embeddable":true,"href":"https:\/\/www.meydan.tv\/az\/wp-json\/wp\/v2\/comments?post=178401"}],"version-history":[{"count":0,"href":"https:\/\/www.meydan.tv\/az\/wp-json\/wp\/v2\/posts\/178401\/revisions"}],"wp:featuredmedia":[{"embeddable":true,"href":"https:\/\/www.meydan.tv\/az\/wp-json\/wp\/v2\/media\/66237"}],"wp:attachment":[{"href":"https:\/\/www.meydan.tv\/az\/wp-json\/wp\/v2\/media?parent=178401"}],"wp:term":[{"taxonomy":"category","embeddable":true,"href":"https:\/\/www.meydan.tv\/az\/wp-json\/wp\/v2\/categories?post=178401"},{"taxonomy":"post_tag","embeddable":true,"href":"https:\/\/www.meydan.tv\/az\/wp-json\/wp\/v2\/tags?post=178401"}],"curies":[{"name":"wp","href":"https:\/\/api.w.org\/{rel}","templated":true}]}}