{"id":178388,"date":"2016-08-23T19:22:51","date_gmt":"2016-08-23T19:22:51","guid":{"rendered":"https:\/\/www.meydan.tv\/article\/vergi-intizami-once-iri-vergi-odeyicilerine-tetbiq-olunmalidir\/"},"modified":"2016-08-23T19:22:51","modified_gmt":"2016-08-23T19:22:51","slug":"vergi-intizami-once-iri-vergi-odeyicilerine-tetbiq-olunmalidir","status":"publish","type":"post","link":"https:\/\/www.meydan.tv\/az\/article\/vergi-intizami-once-iri-vergi-odeyicilerine-tetbiq-olunmalidir\/","title":{"rendered":"&#8221;Vergi intizam\u0131 \u00f6nc\u0259 iri vergi \u00f6d\u0259yicil\u0259rin\u0259 t\u0259tbiq olunmal\u0131d\u0131r&#8221;"},"content":{"rendered":"<figure class=\"wp-block-image size-large\">\n  <img decoding=\"async\" src=\"https:\/\/www.meydan.tv\/az\/66177\/\" alt=\"\" class=\"wp-image-66177\"\/><figcaption><\/figcaption><\/figure>\n<p>\n  <i><br \/>\n    M\u0259h\u0259mm\u0259d Tal\u0131bl\u0131: &#8221;Bu qurumlar\u0131n d\u00f6vl\u0259t b\u00fcdc\u0259sin\u0259 2,4 milyard manat vergi borcu var&#8221;<br \/>\n  <\/i>\n<\/p>\n<p>\n  Prezident \u0130lham \u018fliyevin 4 avqust tarixli &#8220;2016-c\u0131 ild\u0259 vergi sah\u0259sind\u0259 apar\u0131lacaq islahatlar\u0131n istiqam\u0259tl\u0259ri&#8221;nin t\u0259sdiqi v\u0259 vergi inzibat\u00e7\u0131l\u0131\u011f\u0131n\u0131n t\u0259kmill\u0259\u015fdirilm\u0259si haqq\u0131nda imzalad\u0131\u011f\u0131 s\u0259r\u0259ncamdaqeyd olunan istiqam\u0259tl\u0259rd\u0259n biri d\u0259 vergi y\u00fck\u00fcn\u00fcn azald\u0131lmas\u0131 v\u0259 inzibat\u00e7\u0131l\u0131\u011f\u0131n y\u00fcng\u00fcll\u0259\u015fdirilm\u0259si il\u0259 ba\u011fl\u0131d\u0131r.\n<\/p>\n<p>\n  Vergil\u0259r Nazirliyind\u0259n bildiribl\u0259r ki, Az\u0259rbaycan\u0131n vergi siyas\u0259tind\u0259 vergi inzibat\u00e7\u0131l\u0131\u011f\u0131n\u0131n t\u0259kmill\u0259\u015fdirilm\u0259si m\u00fch\u00fcm yer tutur: \u201cVergi M\u0259c\u0259ll\u0259sinin q\u00fcvv\u0259y\u0259 mindiyi 1 yanvar 2001-ci il tarixd\u0259n \u00f6t\u0259n d\u00f6vr \u0259rzind\u0259 h\u00fcquqi \u015f\u0259xsl\u0259rin m\u0259nf\u0259\u0259t vergisinin d\u0259r\u0259c\u0259si 27 faizd\u0259n 20 faiz\u0259 endirilib. Bu d\u0259yi\u015fiklik 1 yanvar 2010-cu ild\u0259n t\u0259tbiq edilir. Sahibkarl\u0131q f\u0259aliyy\u0259ti il\u0259 m\u0259\u015f\u011ful olan fiziki \u015f\u0259xsl\u0259rin illik g\u0259lirl\u0259rind\u0259n tutulan g\u0259lir vergisinin d\u0259r\u0259c\u0259si is\u0259 1 yanvar 2010-cu il tarixd\u0259n 20 faiz h\u0259ddind\u0259 m\u00fc\u0259yy\u0259n edilm\u0259kl\u0259 h\u00fcquqi v\u0259 fiziki \u015f\u0259xsl\u0259rin m\u0259nf\u0259\u0259tin\u0259 (g\u0259lirin\u0259) t\u0259tbiq olunan verginin d\u0259r\u0259c\u0259si eynil\u0259\u015fdirilib. \u018flav\u0259 d\u0259y\u0259r vergisinin d\u0259r\u0259c\u0259si Vergi M\u0259c\u0259ll\u0259si q\u00fcvv\u0259y\u0259 mindiyi tarixd\u0259n 18 faiz d\u0259r\u0259c\u0259 il\u0259 m\u00fc\u0259yy\u0259nl\u0259\u015fdirilib\u201d.\n<\/p>\n<p>\n  Vergil\u0259r Nazirliyind\u0259n bildiribl\u0259r ki, yenilikl\u0259rin t\u0259tbiqi f\u0259rdi qaydada sahibkarl\u0131q f\u0259aliyy\u0259ti il\u0259 m\u0259\u015f\u011ful olan fiziki \u015f\u0259xsl\u0259rd\u0259 vergi inzibat\u00e7\u0131l\u0131\u011f\u0131n\u0131n y\u00fcng\u00fcll\u0259\u015fdirilm\u0259si, vergi \u00f6d\u0259m\u0259l\u0259rinin b\u0259yannam\u0259 t\u0259qdim edilm\u0259d\u0259n sad\u0259l\u0259\u015fdirilmi\u015f qaydada yerin\u0259 yetirilm\u0259si m\u0259qs\u0259dini da\u015f\u0131y\u0131r: \u201cBu m\u0259qs\u0259dl\u0259 Vergi M\u0259c\u0259ll\u0259sind\u0259 t\u0259klif edil\u0259n d\u0259yi\u015fiklikd\u0259 h\u0259min kateqoriyaya aid olan fiziki \u015f\u0259xsl\u0259rin siyah\u0131s\u0131n\u0131n v\u0259 ayl\u0131q sabit vergi m\u0259bl\u0259\u011fl\u0259rinin m\u00fc\u0259yy\u0259n edilm\u0259si n\u0259z\u0259r\u0259 tutulur\u201d.\n<\/p>\n<figure class=\"wp-block-image size-large\">\n  <img decoding=\"async\" src=\"https:\/\/www.meydan.tv\/az\/mehemmed-talibli-8\/\" alt=\"M\u0259h\u0259mm\u0259d Tal\u0131bl\u0131\" class=\"wp-image-66180\"\/><figcaption>\n    M\u0259h\u0259mm\u0259d Tal\u0131bl\u0131<br \/>\n  <\/figcaption><\/figure>\n<p>\n  \u0130qtisad\u00e7\u0131 M\u0259h\u0259mm\u0259d Tal\u0131bl\u0131 Meydan TV-y\u0259 bildirib ki, vergi inzibat\u00e7\u0131l\u0131\u011f\u0131n\u0131n s\u0259rtl\u0259\u015fdirilm\u0259si v\u0259 b\u0259zi vergi n\u00f6vl\u0259rinin a\u015fa\u011f\u0131 sal\u0131nmas\u0131 ba\u015fad\u00fc\u015f\u00fcl\u0259ndir. O, h\u0259m\u00e7inin qeyd edib ki, sahibkarl\u0131q subyektl\u0259rinin stimullar\u0131n\u0131n \u00f6ld\u00fcr\u00fclm\u0259m\u0259si v\u0259 onlar\u0131n a\u011f\u0131r vergi d\u0259r\u0259c\u0259l\u0259ri il\u0259 \u0259hat\u0259l\u0259nm\u0259kd\u0259n azad etm\u0259k \u00fc\u00e7\u00fcn bel\u0259 add\u0131mlar at\u0131la bil\u0259r. \u0130qtisad\u00e7\u0131 bununla bel\u0259 deyib ki, investorlar\u0131 bu c\u00fcr add\u0131mlarla \u00f6lk\u0259y\u0259 c\u0259lb etm\u0259k indiki d\u00f6vrd\u0259 real deyil: \u201c\u00d6lk\u0259d\u0259 devalvasiya riskl\u0259rinin, inhisar\u00e7\u0131l\u0131q v\u0259 dig\u0259r neqativ tendensiyalar\u0131n qald\u0131\u011f\u0131 bir v\u0259ziyy\u0259td\u0259 bel\u0259 add\u0131mlar populyar olmayacaq. M\u0259nf\u0259\u0259t vergisinin 15 il bundan \u00f6nc\u0259 27%-d\u0259n 20 %-\u0259 enm\u0259si h\u0259l\u0259 vergi al\u0259ti vasit\u0259sil\u0259 stimulun olmas\u0131 anlam\u0131na g\u0259lmir\u201d.<br \/>\n  <br \/>\n  M.Tal\u0131bl\u0131 hesab edir ki, vergi intizam\u0131n\u0131n t\u0259tbiqi ilk n\u00f6vb\u0259d\u0259 iri vergi \u00f6d\u0259yicil\u0259rin\u0259 &#8211; \u201cAz\u0259rsu\u201d, \u201cAZAL\u201d, &#8220;X\u0259z\u0259r&#8221; d\u0259niz g\u0259mi\u00e7ilik \u0130dar\u0259si kimi subyektl\u0259r\u0259 t\u0259tbiq olunmal\u0131d\u0131r: \u201c\u00c7\u00fcnki onlar\u0131n d\u00f6vl\u0259t b\u00fcdc\u0259sin\u0259 2,4 milyard manat h\u0259cmind\u0259 vergi boru var. Vergi \u00f6hd\u0259likl\u0259rinin daha s\u0259rt t\u0259l\u0259b olunaca\u011f\u0131 qurumlar m\u0259hz onlard\u0131rlar\u201d.\n<\/p>\n<p>\n  Ekspert hesab edir ki, xarici investorlar\u0131n \u00f6lk\u0259y\u0259 c\u0259lb olunmas\u0131 \u00fc\u00e7\u00fcn effektiv metodlardan biri d\u0259 vergi kreditl\u0259rind\u0259n istifad\u0259 etm\u0259kdir.\n<\/p>\n<p>\n  \u201c\u00d6lk\u0259y\u0259 investor c\u0259lb etm\u0259yin yollar\u0131ndan biri d\u0259 m\u0259hz bu metoddur. \u00c7ox populyar \u00fcsullarla yeni t\u0259\u015fviql\u0259r haqq\u0131nda d\u00fc\u015f\u00fcnm\u0259kd\u0259ns\u0259, klassik \u00fcsullarla problemi h\u0259ll etm\u0259y\u0259 \u00e7al\u0131\u015f\u0131rlar&#8221;,- dey\u0259 M.Tal\u0131bl\u0131 deyib.\n<\/p><\/p>\n","protected":false},"excerpt":{"rendered":"<p>M\u0259h\u0259mm\u0259d Tal\u0131bl\u0131: &#8221;Bu qurumlar\u0131n d\u00f6vl\u0259t b\u00fcdc\u0259sin\u0259 2,4 milyard manat vergi borcu var&#8221;<\/p>\n","protected":false},"author":11,"featured_media":66177,"comment_status":"closed","ping_status":"open","sticky":false,"template":"","format":"standard","meta":{"_acf_changed":false,"_sitemap_exclude":false,"_sitemap_priority":"","_sitemap_frequency":"","footnotes":""},"categories":[51],"tags":[],"class_list":["post-178388","post","type-post","status-publish","format-standard","has-post-thumbnail","hentry","category-analitika","infinite-scroll-item","generate-columns","tablet-grid-50","mobile-grid-100","grid-parent","grid-33","no-featured-image-padding"],"acf":[],"yoast_head":"<!-- This site is optimized with the Yoast SEO plugin v27.5 - https:\/\/yoast.com\/product\/yoast-seo-wordpress\/ -->\n<title>&#039;&#039;Vergi intizam\u0131 \u00f6nc\u0259 iri vergi \u00f6d\u0259yicil\u0259rin\u0259 t\u0259tbiq olunmal\u0131d\u0131r&#039;&#039; - MEYDAN.TV<\/title>\n<meta name=\"robots\" content=\"index, follow, max-snippet:-1, max-image-preview:large, max-video-preview:-1\" \/>\n<link rel=\"canonical\" href=\"https:\/\/www.meydan.tv\/az\/article\/vergi-intizami-once-iri-vergi-odeyicilerine-tetbiq-olunmalidir\/\" \/>\n<meta property=\"og:locale\" content=\"az_AZ\" \/>\n<meta property=\"og:type\" content=\"article\" \/>\n<meta property=\"og:title\" content=\"&#039;&#039;Vergi intizam\u0131 \u00f6nc\u0259 iri vergi \u00f6d\u0259yicil\u0259rin\u0259 t\u0259tbiq olunmal\u0131d\u0131r&#039;&#039; - MEYDAN.TV\" \/>\n<meta property=\"og:description\" content=\"M\u0259h\u0259mm\u0259d Tal\u0131bl\u0131: &#039;&#039;Bu qurumlar\u0131n d\u00f6vl\u0259t b\u00fcdc\u0259sin\u0259 2,4 milyard manat vergi borcu var&#039;&#039;\" \/>\n<meta property=\"og:url\" content=\"https:\/\/www.meydan.tv\/az\/article\/vergi-intizami-once-iri-vergi-odeyicilerine-tetbiq-olunmalidir\/\" \/>\n<meta property=\"og:site_name\" content=\"MEYDAN.TV\" \/>\n<meta property=\"article:published_time\" content=\"2016-08-23T19:22:51+00:00\" \/>\n<meta property=\"og:image\" content=\"https:\/\/www.meydan.tv\/wp-content\/uploads\/25266.jpg\" \/>\n\t<meta property=\"og:image:width\" content=\"751\" \/>\n\t<meta property=\"og:image:height\" content=\"500\" \/>\n\t<meta property=\"og:image:type\" content=\"image\/jpeg\" \/>\n<meta name=\"author\" content=\"user-manager\" \/>\n<meta name=\"twitter:card\" content=\"summary_large_image\" \/>\n<script type=\"application\/ld+json\" class=\"yoast-schema-graph\">{\"@context\":\"https:\\\/\\\/schema.org\",\"@graph\":[{\"@type\":\"Article\",\"@id\":\"https:\\\/\\\/www.meydan.tv\\\/az\\\/article\\\/vergi-intizami-once-iri-vergi-odeyicilerine-tetbiq-olunmalidir\\\/#article\",\"isPartOf\":{\"@id\":\"https:\\\/\\\/www.meydan.tv\\\/az\\\/article\\\/vergi-intizami-once-iri-vergi-odeyicilerine-tetbiq-olunmalidir\\\/\"},\"author\":{\"name\":\"user-manager\",\"@id\":\"https:\\\/\\\/www.meydan.tv\\\/az\\\/#\\\/schema\\\/person\\\/10d11eccf6da3662cf5fdab9806ea91a\"},\"headline\":\"&#8221;Vergi intizam\u0131 \u00f6nc\u0259 iri vergi \u00f6d\u0259yicil\u0259rin\u0259 t\u0259tbiq olunmal\u0131d\u0131r&#8221;\",\"datePublished\":\"2016-08-23T19:22:51+00:00\",\"mainEntityOfPage\":{\"@id\":\"https:\\\/\\\/www.meydan.tv\\\/az\\\/article\\\/vergi-intizami-once-iri-vergi-odeyicilerine-tetbiq-olunmalidir\\\/\"},\"wordCount\":667,\"publisher\":{\"@id\":\"https:\\\/\\\/www.meydan.tv\\\/az\\\/#organization\"},\"image\":{\"@id\":\"https:\\\/\\\/www.meydan.tv\\\/az\\\/article\\\/vergi-intizami-once-iri-vergi-odeyicilerine-tetbiq-olunmalidir\\\/#primaryimage\"},\"thumbnailUrl\":\"https:\\\/\\\/www.meydan.tv\\\/wp-content\\\/uploads\\\/25266.jpg\",\"articleSection\":[\"Analitika\"],\"inLanguage\":\"az\"},{\"@type\":\"WebPage\",\"@id\":\"https:\\\/\\\/www.meydan.tv\\\/az\\\/article\\\/vergi-intizami-once-iri-vergi-odeyicilerine-tetbiq-olunmalidir\\\/\",\"url\":\"https:\\\/\\\/www.meydan.tv\\\/az\\\/article\\\/vergi-intizami-once-iri-vergi-odeyicilerine-tetbiq-olunmalidir\\\/\",\"name\":\"''Vergi intizam\u0131 \u00f6nc\u0259 iri vergi \u00f6d\u0259yicil\u0259rin\u0259 t\u0259tbiq olunmal\u0131d\u0131r'' - MEYDAN.TV\",\"isPartOf\":{\"@id\":\"https:\\\/\\\/www.meydan.tv\\\/az\\\/#website\"},\"primaryImageOfPage\":{\"@id\":\"https:\\\/\\\/www.meydan.tv\\\/az\\\/article\\\/vergi-intizami-once-iri-vergi-odeyicilerine-tetbiq-olunmalidir\\\/#primaryimage\"},\"image\":{\"@id\":\"https:\\\/\\\/www.meydan.tv\\\/az\\\/article\\\/vergi-intizami-once-iri-vergi-odeyicilerine-tetbiq-olunmalidir\\\/#primaryimage\"},\"thumbnailUrl\":\"https:\\\/\\\/www.meydan.tv\\\/wp-content\\\/uploads\\\/25266.jpg\",\"datePublished\":\"2016-08-23T19:22:51+00:00\",\"breadcrumb\":{\"@id\":\"https:\\\/\\\/www.meydan.tv\\\/az\\\/article\\\/vergi-intizami-once-iri-vergi-odeyicilerine-tetbiq-olunmalidir\\\/#breadcrumb\"},\"inLanguage\":\"az\",\"potentialAction\":[{\"@type\":\"ReadAction\",\"target\":[\"https:\\\/\\\/www.meydan.tv\\\/az\\\/article\\\/vergi-intizami-once-iri-vergi-odeyicilerine-tetbiq-olunmalidir\\\/\"]}]},{\"@type\":\"ImageObject\",\"inLanguage\":\"az\",\"@id\":\"https:\\\/\\\/www.meydan.tv\\\/az\\\/article\\\/vergi-intizami-once-iri-vergi-odeyicilerine-tetbiq-olunmalidir\\\/#primaryimage\",\"url\":\"https:\\\/\\\/www.meydan.tv\\\/wp-content\\\/uploads\\\/25266.jpg\",\"contentUrl\":\"https:\\\/\\\/www.meydan.tv\\\/wp-content\\\/uploads\\\/25266.jpg\",\"width\":751,\"height\":500,\"caption\":\"Source:\"},{\"@type\":\"BreadcrumbList\",\"@id\":\"https:\\\/\\\/www.meydan.tv\\\/az\\\/article\\\/vergi-intizami-once-iri-vergi-odeyicilerine-tetbiq-olunmalidir\\\/#breadcrumb\",\"itemListElement\":[{\"@type\":\"ListItem\",\"position\":1,\"name\":\"Ana s\u0259hif\u0259\",\"item\":\"https:\\\/\\\/www.meydan.tv\\\/az\\\/\"},{\"@type\":\"ListItem\",\"position\":2,\"name\":\"Analitika\",\"item\":\"https:\\\/\\\/www.meydan.tv\\\/az\\\/section\\\/analitika\\\/\"},{\"@type\":\"ListItem\",\"position\":3,\"name\":\"&#8221;Vergi intizam\u0131 \u00f6nc\u0259 iri vergi \u00f6d\u0259yicil\u0259rin\u0259 t\u0259tbiq olunmal\u0131d\u0131r&#8221;\"}]},{\"@type\":\"WebSite\",\"@id\":\"https:\\\/\\\/www.meydan.tv\\\/az\\\/#website\",\"url\":\"https:\\\/\\\/www.meydan.tv\\\/az\\\/\",\"name\":\"MEYDAN.TV\",\"description\":\"Meydan TV Az\u0259rbaycan\u0131n media m\u0259kan\u0131ndak\u0131 alternativ s\u0259sidir\",\"publisher\":{\"@id\":\"https:\\\/\\\/www.meydan.tv\\\/az\\\/#organization\"},\"potentialAction\":[{\"@type\":\"SearchAction\",\"target\":{\"@type\":\"EntryPoint\",\"urlTemplate\":\"https:\\\/\\\/www.meydan.tv\\\/az\\\/?s={search_term_string}\"},\"query-input\":{\"@type\":\"PropertyValueSpecification\",\"valueRequired\":true,\"valueName\":\"search_term_string\"}}],\"inLanguage\":\"az\"},{\"@type\":\"Organization\",\"@id\":\"https:\\\/\\\/www.meydan.tv\\\/az\\\/#organization\",\"name\":\"Meydan TV\",\"url\":\"https:\\\/\\\/www.meydan.tv\\\/az\\\/\",\"logo\":{\"@type\":\"ImageObject\",\"inLanguage\":\"az\",\"@id\":\"https:\\\/\\\/www.meydan.tv\\\/az\\\/#\\\/schema\\\/logo\\\/image\\\/\",\"url\":\"https:\\\/\\\/www.meydan.tv\\\/wp-content\\\/uploads\\\/2021\\\/07\\\/meydan-logo.svg\",\"contentUrl\":\"https:\\\/\\\/www.meydan.tv\\\/wp-content\\\/uploads\\\/2021\\\/07\\\/meydan-logo.svg\",\"width\":195,\"height\":46,\"caption\":\"Meydan TV\"},\"image\":{\"@id\":\"https:\\\/\\\/www.meydan.tv\\\/az\\\/#\\\/schema\\\/logo\\\/image\\\/\"}},{\"@type\":\"Person\",\"@id\":\"https:\\\/\\\/www.meydan.tv\\\/az\\\/#\\\/schema\\\/person\\\/10d11eccf6da3662cf5fdab9806ea91a\",\"name\":\"user-manager\"}]}<\/script>\n<!-- \/ Yoast SEO plugin. -->","yoast_head_json":{"title":"''Vergi intizam\u0131 \u00f6nc\u0259 iri vergi \u00f6d\u0259yicil\u0259rin\u0259 t\u0259tbiq olunmal\u0131d\u0131r'' - MEYDAN.TV","robots":{"index":"index","follow":"follow","max-snippet":"max-snippet:-1","max-image-preview":"max-image-preview:large","max-video-preview":"max-video-preview:-1"},"canonical":"https:\/\/www.meydan.tv\/az\/article\/vergi-intizami-once-iri-vergi-odeyicilerine-tetbiq-olunmalidir\/","og_locale":"az_AZ","og_type":"article","og_title":"''Vergi intizam\u0131 \u00f6nc\u0259 iri vergi \u00f6d\u0259yicil\u0259rin\u0259 t\u0259tbiq olunmal\u0131d\u0131r'' - MEYDAN.TV","og_description":"M\u0259h\u0259mm\u0259d Tal\u0131bl\u0131: ''Bu qurumlar\u0131n d\u00f6vl\u0259t b\u00fcdc\u0259sin\u0259 2,4 milyard manat vergi borcu var''","og_url":"https:\/\/www.meydan.tv\/az\/article\/vergi-intizami-once-iri-vergi-odeyicilerine-tetbiq-olunmalidir\/","og_site_name":"MEYDAN.TV","article_published_time":"2016-08-23T19:22:51+00:00","og_image":[{"width":751,"height":500,"url":"https:\/\/www.meydan.tv\/wp-content\/uploads\/25266.jpg","type":"image\/jpeg"}],"author":"user-manager","twitter_card":"summary_large_image","schema":{"@context":"https:\/\/schema.org","@graph":[{"@type":"Article","@id":"https:\/\/www.meydan.tv\/az\/article\/vergi-intizami-once-iri-vergi-odeyicilerine-tetbiq-olunmalidir\/#article","isPartOf":{"@id":"https:\/\/www.meydan.tv\/az\/article\/vergi-intizami-once-iri-vergi-odeyicilerine-tetbiq-olunmalidir\/"},"author":{"name":"user-manager","@id":"https:\/\/www.meydan.tv\/az\/#\/schema\/person\/10d11eccf6da3662cf5fdab9806ea91a"},"headline":"&#8221;Vergi intizam\u0131 \u00f6nc\u0259 iri vergi \u00f6d\u0259yicil\u0259rin\u0259 t\u0259tbiq olunmal\u0131d\u0131r&#8221;","datePublished":"2016-08-23T19:22:51+00:00","mainEntityOfPage":{"@id":"https:\/\/www.meydan.tv\/az\/article\/vergi-intizami-once-iri-vergi-odeyicilerine-tetbiq-olunmalidir\/"},"wordCount":667,"publisher":{"@id":"https:\/\/www.meydan.tv\/az\/#organization"},"image":{"@id":"https:\/\/www.meydan.tv\/az\/article\/vergi-intizami-once-iri-vergi-odeyicilerine-tetbiq-olunmalidir\/#primaryimage"},"thumbnailUrl":"https:\/\/www.meydan.tv\/wp-content\/uploads\/25266.jpg","articleSection":["Analitika"],"inLanguage":"az"},{"@type":"WebPage","@id":"https:\/\/www.meydan.tv\/az\/article\/vergi-intizami-once-iri-vergi-odeyicilerine-tetbiq-olunmalidir\/","url":"https:\/\/www.meydan.tv\/az\/article\/vergi-intizami-once-iri-vergi-odeyicilerine-tetbiq-olunmalidir\/","name":"''Vergi intizam\u0131 \u00f6nc\u0259 iri vergi \u00f6d\u0259yicil\u0259rin\u0259 t\u0259tbiq olunmal\u0131d\u0131r'' - MEYDAN.TV","isPartOf":{"@id":"https:\/\/www.meydan.tv\/az\/#website"},"primaryImageOfPage":{"@id":"https:\/\/www.meydan.tv\/az\/article\/vergi-intizami-once-iri-vergi-odeyicilerine-tetbiq-olunmalidir\/#primaryimage"},"image":{"@id":"https:\/\/www.meydan.tv\/az\/article\/vergi-intizami-once-iri-vergi-odeyicilerine-tetbiq-olunmalidir\/#primaryimage"},"thumbnailUrl":"https:\/\/www.meydan.tv\/wp-content\/uploads\/25266.jpg","datePublished":"2016-08-23T19:22:51+00:00","breadcrumb":{"@id":"https:\/\/www.meydan.tv\/az\/article\/vergi-intizami-once-iri-vergi-odeyicilerine-tetbiq-olunmalidir\/#breadcrumb"},"inLanguage":"az","potentialAction":[{"@type":"ReadAction","target":["https:\/\/www.meydan.tv\/az\/article\/vergi-intizami-once-iri-vergi-odeyicilerine-tetbiq-olunmalidir\/"]}]},{"@type":"ImageObject","inLanguage":"az","@id":"https:\/\/www.meydan.tv\/az\/article\/vergi-intizami-once-iri-vergi-odeyicilerine-tetbiq-olunmalidir\/#primaryimage","url":"https:\/\/www.meydan.tv\/wp-content\/uploads\/25266.jpg","contentUrl":"https:\/\/www.meydan.tv\/wp-content\/uploads\/25266.jpg","width":751,"height":500,"caption":"Source:"},{"@type":"BreadcrumbList","@id":"https:\/\/www.meydan.tv\/az\/article\/vergi-intizami-once-iri-vergi-odeyicilerine-tetbiq-olunmalidir\/#breadcrumb","itemListElement":[{"@type":"ListItem","position":1,"name":"Ana s\u0259hif\u0259","item":"https:\/\/www.meydan.tv\/az\/"},{"@type":"ListItem","position":2,"name":"Analitika","item":"https:\/\/www.meydan.tv\/az\/section\/analitika\/"},{"@type":"ListItem","position":3,"name":"&#8221;Vergi intizam\u0131 \u00f6nc\u0259 iri vergi \u00f6d\u0259yicil\u0259rin\u0259 t\u0259tbiq olunmal\u0131d\u0131r&#8221;"}]},{"@type":"WebSite","@id":"https:\/\/www.meydan.tv\/az\/#website","url":"https:\/\/www.meydan.tv\/az\/","name":"MEYDAN.TV","description":"Meydan TV Az\u0259rbaycan\u0131n media m\u0259kan\u0131ndak\u0131 alternativ s\u0259sidir","publisher":{"@id":"https:\/\/www.meydan.tv\/az\/#organization"},"potentialAction":[{"@type":"SearchAction","target":{"@type":"EntryPoint","urlTemplate":"https:\/\/www.meydan.tv\/az\/?s={search_term_string}"},"query-input":{"@type":"PropertyValueSpecification","valueRequired":true,"valueName":"search_term_string"}}],"inLanguage":"az"},{"@type":"Organization","@id":"https:\/\/www.meydan.tv\/az\/#organization","name":"Meydan TV","url":"https:\/\/www.meydan.tv\/az\/","logo":{"@type":"ImageObject","inLanguage":"az","@id":"https:\/\/www.meydan.tv\/az\/#\/schema\/logo\/image\/","url":"https:\/\/www.meydan.tv\/wp-content\/uploads\/2021\/07\/meydan-logo.svg","contentUrl":"https:\/\/www.meydan.tv\/wp-content\/uploads\/2021\/07\/meydan-logo.svg","width":195,"height":46,"caption":"Meydan TV"},"image":{"@id":"https:\/\/www.meydan.tv\/az\/#\/schema\/logo\/image\/"}},{"@type":"Person","@id":"https:\/\/www.meydan.tv\/az\/#\/schema\/person\/10d11eccf6da3662cf5fdab9806ea91a","name":"user-manager"}]}},"_links":{"self":[{"href":"https:\/\/www.meydan.tv\/az\/wp-json\/wp\/v2\/posts\/178388","targetHints":{"allow":["GET"]}}],"collection":[{"href":"https:\/\/www.meydan.tv\/az\/wp-json\/wp\/v2\/posts"}],"about":[{"href":"https:\/\/www.meydan.tv\/az\/wp-json\/wp\/v2\/types\/post"}],"author":[{"embeddable":true,"href":"https:\/\/www.meydan.tv\/az\/wp-json\/wp\/v2\/users\/11"}],"replies":[{"embeddable":true,"href":"https:\/\/www.meydan.tv\/az\/wp-json\/wp\/v2\/comments?post=178388"}],"version-history":[{"count":0,"href":"https:\/\/www.meydan.tv\/az\/wp-json\/wp\/v2\/posts\/178388\/revisions"}],"wp:featuredmedia":[{"embeddable":true,"href":"https:\/\/www.meydan.tv\/az\/wp-json\/wp\/v2\/media\/66177"}],"wp:attachment":[{"href":"https:\/\/www.meydan.tv\/az\/wp-json\/wp\/v2\/media?parent=178388"}],"wp:term":[{"taxonomy":"category","embeddable":true,"href":"https:\/\/www.meydan.tv\/az\/wp-json\/wp\/v2\/categories?post=178388"},{"taxonomy":"post_tag","embeddable":true,"href":"https:\/\/www.meydan.tv\/az\/wp-json\/wp\/v2\/tags?post=178388"}],"curies":[{"name":"wp","href":"https:\/\/api.w.org\/{rel}","templated":true}]}}