{"id":178372,"date":"2016-08-23T00:34:30","date_gmt":"2016-08-23T00:34:30","guid":{"rendered":"https:\/\/www.meydan.tv\/article\/kitabi-zibil-elan-etmis-bir-olke\/"},"modified":"2016-08-23T00:34:30","modified_gmt":"2016-08-23T00:34:30","slug":"kitabi-zibil-elan-etmis-bir-olke","status":"publish","type":"post","link":"https:\/\/www.meydan.tv\/az\/article\/kitabi-zibil-elan-etmis-bir-olke\/","title":{"rendered":"Kitab\u0131 zibil elan etmi\u015f bir \u00f6lk\u0259&#8230;"},"content":{"rendered":"<figure class=\"wp-block-image size-large\">\n  <img decoding=\"async\" src=\"https:\/\/www.meydan.tv\/az\/66138\/\" alt=\"\" class=\"wp-image-66138\"\/><figcaption><\/figcaption><\/figure>\n<p>\n  A\u011fl\u0131m k\u0259s\u0259nd\u0259n bizim evd\u0259 kitaba m\u00fcnasib\u0259t pis olub. H\u0259l\u0259 lap g\u00fccl\u0259, yadda\u015f\u0131m\u0131 zora sal\u0131b, dumanl\u0131 v\u0259 ucuz boyayla \u00e7\u0259kilmi\u015f kimi, yay\u011f\u0131n yada sala bildiyim xatir\u0259l\u0259rimd\u0259, kitab\u0131 evimizd\u0259 dava s\u0259b\u0259bi kimi g\u00f6r\u00fcr\u0259m.\n<\/p>\n<p>\n  Sevgi romanlar\u0131 oxuyan g\u0259nc atam v\u0259 h\u0259r d\u0259f\u0259 \u0259lin\u0259 kitab alanda, qan\u0131 qaralan, hirsl\u0259n\u0259n, kitab\u0131 onun \u0259lind\u0259n qoparma\u011fa \u00e7al\u0131\u015fan, h\u0259dd\u0259n art\u0131q g\u0259nc, 24-25 ya\u015fl\u0131 anam:\n<\/p>\n<p>\n  &#8211;\u00a0\u00a0\u00a0\u00a0\u00a0\u00a0\u00a0\u00a0\u00a0 S\u0259h\u0259r gedirs\u0259n, ax\u015fam g\u0259lirs\u0259n. He\u00e7 olmasa, ax\u015fam qoy d\u0259rdimizd\u0259n-odumuzdan dan\u0131\u015faq. At o z\u0259hrimar\u0131 bir q\u0131ra\u011fa&#8230;\n<\/p>\n<p>\n  Sonra bu \u201cmantra\u201d uzun, k\u0259d\u0259rli, \u0259s\u0259bi, \u0259n sonra isterik bir monoloqa \u00e7evrilirdi v\u0259 m\u0259n h\u0259l\u0259 u\u015faq a\u011fl\u0131mla anlay\u0131rd\u0131m ki, anam atam\u0131 kitablara q\u0131sqan\u0131r. Atam\u0131n kitab oxumas\u0131 onu niy\u0259s\u0259 hirsl\u0259ndirir, h\u0259tta q\u0259z\u0259bl\u0259ndirirdi ki, bunun s\u0259b\u0259bini anlamaq \u00fc\u00e7\u00fcn m\u0259n\u0259 25 ild\u0259n \u00e7ox vaxt laz\u0131m oldu. Evliliyimizin ilk ill\u0259rind\u0259, h\u0259yat yolda\u015f\u0131mla s\u00f6hb\u0259tl\u0259\u015fm\u0259k, payla\u015fmaq, birlikd\u0259 vaxt ke\u00e7irm\u0259k ist\u0259diyim g\u00fcnl\u0259rd\u0259&#8230; O, b\u00fct\u00fcn g\u00fcn\u00fcn\u00fc komp\u00fcter arxas\u0131nda ke\u00e7irir, kresloya biti\u015fik ya\u015fay\u0131rd\u0131. M\u0259ns\u0259 onunla g\u0259zm\u0259k, s\u00f6hb\u0259t etm\u0259k, birlikd\u0259 yem\u0259k bi\u015firm\u0259k, qonaq getm\u0259k, dostlarla g\u00f6r\u00fc\u015fm\u0259k ist\u0259yirdim. V\u0259 onu komp\u00fcterind\u0259n sevgi il\u0259 olsa bel\u0259, ay\u0131ra bilm\u0259m\u0259yim hissl\u0259rimi t\u0259hqir edirdi. Bir g\u00fcn qay\u00e7\u0131n\u0131 \u0259lim\u0259 al\u0131b, internet \u00f6t\u00fcr\u0259n naqili k\u0259sm\u0259k ist\u0259y\u0259nd\u0259, q\u0259fil yad\u0131ma d\u00fc\u015fd\u00fc anam\u0131n evd\u0259ki kitablar\u0131 c\u0131rma\u011f\u0131.\n<\/p>\n<p>\n  Daha sonra kitab valideynl\u0259riml\u0259 m\u0259nim aramda dava, danlaq, g\u00f6z ya\u015f\u0131, ikrah s\u0259b\u0259bin\u0259 \u00e7evrildi. Bu d\u0259f\u0259 h\u0259d\u0259fd\u0259ki problem m\u0259nim kitab oxuma\u011f\u0131m idi. M\u0259n kitab oxuma\u011fa ba\u015flayandan onsuz da bu evd\u0259 \u00f6gey u\u015faq \u00f6mr\u00fc ya\u015fayan kitab, daha pis r\u0259ftara m\u0259ruz qald\u0131. \u0130ndi onu c\u0131r\u0131r, yand\u0131r\u0131r, zibilliy\u0259 at\u0131r, gizl\u0259yirdil\u0259r. Ail\u0259d\u0259 yegan\u0259 kitab oxuyan, t\u0259hsil alan qad\u0131n qohumum \u00f6z t\u0259hsilinin ancaq pis \u00fcz\u00fcn\u00fc g\u00f6rm\u00fc\u015fd\u00fc. \u015e\u0259h\u0259rd\u0259 oxudu\u011fu \u00fc\u00e7\u00fcn dedi-qodular, gec \u0259r\u0259 getdiyi \u00fc\u00e7\u00fcn danlaqlar, u\u011fursuz evliliyin\u0259 g\u00f6r\u0259 t\u0259\u0259ss\u00fcfl\u0259r&#8230;\n<\/p>\n<p>\n  Kitab bizim ail\u0259d\u0259 \u00f6z\u00fcn\u00fc t\u0259sdiq ed\u0259 bilm\u0259mi\u015fdi. \u018fksin\u0259, ancaq naraz\u0131l\u0131q, qan\u0131qara\u00e7\u0131l\u0131q, az qala bir \u00e7ox d\u0259rdl\u0259rin s\u0259b\u0259bkar\u0131 idi.\n<\/p>\n<p>\n  B\u00f6y\u00fcd\u00fcy\u00fcm k\u0259nd at\u0259\u015f x\u0259ttind\u0259ydi. B\u00fct\u00fcn k\u0259nd camaat\u0131 \u00f6z g\u0259l\u0259c\u0259k h\u0259yat\u0131n\u0131 iki ehtimal \u00fcz\u0259rind\u0259 qurmu\u015fdu: qalaca\u011f\u0131q, ya da qa\u00e7aca\u011f\u0131q. Qa\u00e7maq ehtimal\u0131 g\u00fcc g\u0259l\u0259nl\u0259r h\u0259rd\u0259n at\u0259\u015f x\u0259ttind\u0259n uzaqdak\u0131 rayonlara ged\u0259n olanda, onunla x\u0131rda-m\u0131rda d\u00fcy\u00fcn\u00e7\u0259l\u0259r g\u00f6nd\u0259rirdil\u0259r. T\u0259hl\u00fck\u0259sizlikd\u0259 olsun, g\u0259l\u0259c\u0259kd\u0259 g\u0259r\u0259kl\u0259ri olsun dey\u0259: q\u0131z\u0131l, xal\u00e7a-kilim, b\u00fcllur qab-qacaq&#8230; v\u0259 bu d\u00fcy\u00fcn\u00e7\u0259l\u0259rd\u0259 he\u00e7 vaxt kitab olmurdu. Biz kitab\u0131m\u0131z\u0131 rahatl\u0131qla \u201cd\u00fc\u015fm\u0259n\u0259\u201d qoyub g\u0259lm\u0259y\u0259 haz\u0131r idik&#8230;\n<\/p>\n<figure class=\"wp-block-image size-large\">\n  <img decoding=\"async\" src=\"https:\/\/www.meydan.tv\/az\/66141\/\" alt=\"\" class=\"wp-image-66141\"\/><figcaption><\/figcaption><\/figure>\n<p>\n  Paytaxtda t\u0259hsil alma\u011fa ba\u015flayanda ke\u00e7id d\u00f6vr\u00fcn\u00fcn \u0259n ke\u00e7id ill\u0259ri idi. \u018fqid\u0259d\u0259n tutmu\u015f, mebel\u0259 q\u0259d\u0259r k\u00f6hn\u0259 n\u0259 vard\u0131sa ya bir q\u0131ra\u011fa y\u0131\u011f\u0131l\u0131r, ya sat\u0131l\u0131r, ya hiss\u0259l\u0259r\u0259 ayr\u0131l\u0131rd\u0131. Bax\u0131rd\u0131lar, n\u0259yin can\u0131nda istifad\u0259y\u0259 yararl\u0131 bir \u015fey var (taxtas\u0131, d\u0259miri, \u015f\u00fc\u015f\u0259si, ipliyi&#8230;) \u00e7\u0131xar\u0131r, qalan\u0131n\u0131 tullay\u0131rd\u0131lar. Can\u0131nda keyfiyy\u0259tli, istifad\u0259y\u0259 yararl\u0131 he\u00e7 n\u0259yi olmayan t\u0259k \u015fey kitab idi. M\u0259nim g\u0259ncliyimin ke\u00e7id ill\u0259rind\u0259 zibillikl\u0259r kitabla dolu olurdu. Bir xalq az qala k\u00fctl\u0259vi \u015f\u0259kild\u0259 kitab\u0131 zibil elan etmi\u015fdi&#8230;\n<\/p>\n<p>\n  D\u00fcz on il\u0259 yax\u0131n i\u015f\u0259 gedib-g\u0259l\u0259nd\u0259 yolumun \u00fcst\u00fcnd\u0259 tumsatan n\u0259n\u0259l\u0259rin kitab v\u0259r\u0259ql\u0259rind\u0259n d\u00fcrg\u0259k d\u00fcz\u0259ldib, i\u00e7in\u0259 tum doldurma\u011f\u0131na tama\u015fa el\u0259dim. On il bir n\u0259sil m\u0259n\u0259 s\u00fcbut el\u0259di ki, kitab\u0131n faydas\u0131 onun ka\u011f\u0131z\u0131ndad\u0131. \u0130\u00e7ind\u0259 n\u0259yin yaz\u0131lmas\u0131 vacib deyil. M\u0259nim \u00f6lk\u0259md\u0259 m\u00fc\u0259llifin Bertran Rassel, yoxsa S\u0259m\u0259d Vur\u011fun olmas\u0131ndan as\u0131l\u0131 olmayaraq, kitab v\u0259r\u0259ql\u0259ri tualet ka\u011f\u0131z\u0131, \u0259t ba\u011flamas\u0131, tum d\u00fcrg\u0259yi, ocaq al\u0131\u015fd\u0131ran burmayd\u0131 \u00e7ox yerd\u0259&#8230;\n<\/p>\n<p>\n  Ail\u0259miz \u00e7ox kas\u0131b idi v\u0259 ill\u0259r ke\u00e7dikc\u0259, ail\u0259nin rifah\u0131 d\u00fcz\u0259ldikc\u0259 paltarlar\u0131m\u0131z, qablar\u0131m\u0131z, k\u00f6hn\u0259l\u0259rimiz \u00fc\u00e7\u00fcn dolablar al\u0131nd\u0131 ev\u0259. Yer tap\u0131lmayan v\u0259 tax\u00e7adan-tax\u00e7aya, ye\u015fikd\u0259n-ye\u015fiy\u0259 k\u00f6\u00e7\u00fcr\u00fcl\u0259n, he\u00e7 vaxt \u00f6z\u00fcn\u0259 yer tapmayan t\u0259k \u0259\u015fya kitab oldu&#8230;\n<\/p>\n<p>\n  35 ya\u015f\u0131m var. 35 ildir n\u0259 \u00f6z\u00fcm\u0259, n\u0259 kitablar\u0131ma yer tap\u0131ram.\n<\/p><\/p>\n","protected":false},"excerpt":{"rendered":"<p>Kitab bizim ail\u0259d\u0259 \u00f6z\u00fcn\u00fc t\u0259sdiq ed\u0259 bilm\u0259mi\u015fdi. \u018fksin\u0259, ancaq naraz\u0131l\u0131q, qan\u0131qara\u00e7\u0131l\u0131q, az qala bir \u00e7ox d\u0259rdl\u0259rin s\u0259b\u0259bkar\u0131 idi.<\/p>\n","protected":false},"author":11,"featured_media":66138,"comment_status":"closed","ping_status":"open","sticky":false,"template":"","format":"standard","meta":{"_acf_changed":false,"_sitemap_exclude":false,"_sitemap_priority":"","_sitemap_frequency":"","footnotes":""},"categories":[57],"tags":[],"class_list":["post-178372","post","type-post","status-publish","format-standard","has-post-thumbnail","hentry","category-menim-fikrimce","infinite-scroll-item","generate-columns","tablet-grid-50","mobile-grid-100","grid-parent","grid-33","no-featured-image-padding"],"acf":[],"yoast_head":"<!-- This site is optimized with the Yoast SEO plugin v27.5 - https:\/\/yoast.com\/product\/yoast-seo-wordpress\/ -->\n<title>Kitab\u0131 zibil elan etmi\u015f bir \u00f6lk\u0259... - MEYDAN.TV<\/title>\n<meta name=\"robots\" content=\"index, follow, max-snippet:-1, max-image-preview:large, max-video-preview:-1\" \/>\n<link rel=\"canonical\" href=\"https:\/\/www.meydan.tv\/az\/article\/kitabi-zibil-elan-etmis-bir-olke\/\" \/>\n<meta property=\"og:locale\" content=\"az_AZ\" \/>\n<meta property=\"og:type\" content=\"article\" \/>\n<meta property=\"og:title\" content=\"Kitab\u0131 zibil elan etmi\u015f bir \u00f6lk\u0259... - MEYDAN.TV\" \/>\n<meta property=\"og:description\" content=\"Kitab bizim ail\u0259d\u0259 \u00f6z\u00fcn\u00fc t\u0259sdiq ed\u0259 bilm\u0259mi\u015fdi. \u018fksin\u0259, ancaq naraz\u0131l\u0131q, qan\u0131qara\u00e7\u0131l\u0131q, az qala bir \u00e7ox d\u0259rdl\u0259rin s\u0259b\u0259bkar\u0131 idi.\" \/>\n<meta property=\"og:url\" content=\"https:\/\/www.meydan.tv\/az\/article\/kitabi-zibil-elan-etmis-bir-olke\/\" \/>\n<meta property=\"og:site_name\" content=\"MEYDAN.TV\" \/>\n<meta property=\"article:published_time\" content=\"2016-08-23T00:34:30+00:00\" \/>\n<meta property=\"og:image\" content=\"https:\/\/www.meydan.tv\/wp-content\/uploads\/25249.png\" \/>\n\t<meta property=\"og:image:width\" content=\"800\" \/>\n\t<meta property=\"og:image:height\" content=\"417\" \/>\n\t<meta property=\"og:image:type\" content=\"image\/png\" \/>\n<meta name=\"author\" content=\"user-manager\" \/>\n<meta name=\"twitter:card\" content=\"summary_large_image\" \/>\n<script type=\"application\/ld+json\" class=\"yoast-schema-graph\">{\"@context\":\"https:\\\/\\\/schema.org\",\"@graph\":[{\"@type\":\"Article\",\"@id\":\"https:\\\/\\\/www.meydan.tv\\\/az\\\/article\\\/kitabi-zibil-elan-etmis-bir-olke\\\/#article\",\"isPartOf\":{\"@id\":\"https:\\\/\\\/www.meydan.tv\\\/az\\\/article\\\/kitabi-zibil-elan-etmis-bir-olke\\\/\"},\"author\":{\"name\":\"user-manager\",\"@id\":\"https:\\\/\\\/www.meydan.tv\\\/az\\\/#\\\/schema\\\/person\\\/10d11eccf6da3662cf5fdab9806ea91a\"},\"headline\":\"Kitab\u0131 zibil elan etmi\u015f bir \u00f6lk\u0259&#8230;\",\"datePublished\":\"2016-08-23T00:34:30+00:00\",\"mainEntityOfPage\":{\"@id\":\"https:\\\/\\\/www.meydan.tv\\\/az\\\/article\\\/kitabi-zibil-elan-etmis-bir-olke\\\/\"},\"wordCount\":872,\"publisher\":{\"@id\":\"https:\\\/\\\/www.meydan.tv\\\/az\\\/#organization\"},\"image\":{\"@id\":\"https:\\\/\\\/www.meydan.tv\\\/az\\\/article\\\/kitabi-zibil-elan-etmis-bir-olke\\\/#primaryimage\"},\"thumbnailUrl\":\"https:\\\/\\\/www.meydan.tv\\\/wp-content\\\/uploads\\\/25249.png\",\"articleSection\":[\"M\u0259nim Fikrimc\u0259\"],\"inLanguage\":\"az\"},{\"@type\":\"WebPage\",\"@id\":\"https:\\\/\\\/www.meydan.tv\\\/az\\\/article\\\/kitabi-zibil-elan-etmis-bir-olke\\\/\",\"url\":\"https:\\\/\\\/www.meydan.tv\\\/az\\\/article\\\/kitabi-zibil-elan-etmis-bir-olke\\\/\",\"name\":\"Kitab\u0131 zibil elan etmi\u015f bir \u00f6lk\u0259... - MEYDAN.TV\",\"isPartOf\":{\"@id\":\"https:\\\/\\\/www.meydan.tv\\\/az\\\/#website\"},\"primaryImageOfPage\":{\"@id\":\"https:\\\/\\\/www.meydan.tv\\\/az\\\/article\\\/kitabi-zibil-elan-etmis-bir-olke\\\/#primaryimage\"},\"image\":{\"@id\":\"https:\\\/\\\/www.meydan.tv\\\/az\\\/article\\\/kitabi-zibil-elan-etmis-bir-olke\\\/#primaryimage\"},\"thumbnailUrl\":\"https:\\\/\\\/www.meydan.tv\\\/wp-content\\\/uploads\\\/25249.png\",\"datePublished\":\"2016-08-23T00:34:30+00:00\",\"breadcrumb\":{\"@id\":\"https:\\\/\\\/www.meydan.tv\\\/az\\\/article\\\/kitabi-zibil-elan-etmis-bir-olke\\\/#breadcrumb\"},\"inLanguage\":\"az\",\"potentialAction\":[{\"@type\":\"ReadAction\",\"target\":[\"https:\\\/\\\/www.meydan.tv\\\/az\\\/article\\\/kitabi-zibil-elan-etmis-bir-olke\\\/\"]}]},{\"@type\":\"ImageObject\",\"inLanguage\":\"az\",\"@id\":\"https:\\\/\\\/www.meydan.tv\\\/az\\\/article\\\/kitabi-zibil-elan-etmis-bir-olke\\\/#primaryimage\",\"url\":\"https:\\\/\\\/www.meydan.tv\\\/wp-content\\\/uploads\\\/25249.png\",\"contentUrl\":\"https:\\\/\\\/www.meydan.tv\\\/wp-content\\\/uploads\\\/25249.png\",\"width\":800,\"height\":417,\"caption\":\"Source:\"},{\"@type\":\"BreadcrumbList\",\"@id\":\"https:\\\/\\\/www.meydan.tv\\\/az\\\/article\\\/kitabi-zibil-elan-etmis-bir-olke\\\/#breadcrumb\",\"itemListElement\":[{\"@type\":\"ListItem\",\"position\":1,\"name\":\"Ana s\u0259hif\u0259\",\"item\":\"https:\\\/\\\/www.meydan.tv\\\/az\\\/\"},{\"@type\":\"ListItem\",\"position\":2,\"name\":\"M\u0259nim Fikrimc\u0259\",\"item\":\"https:\\\/\\\/www.meydan.tv\\\/az\\\/section\\\/menim-fikrimce\\\/\"},{\"@type\":\"ListItem\",\"position\":3,\"name\":\"Kitab\u0131 zibil elan etmi\u015f bir \u00f6lk\u0259&#8230;\"}]},{\"@type\":\"WebSite\",\"@id\":\"https:\\\/\\\/www.meydan.tv\\\/az\\\/#website\",\"url\":\"https:\\\/\\\/www.meydan.tv\\\/az\\\/\",\"name\":\"MEYDAN.TV\",\"description\":\"Meydan TV Az\u0259rbaycan\u0131n media m\u0259kan\u0131ndak\u0131 alternativ s\u0259sidir\",\"publisher\":{\"@id\":\"https:\\\/\\\/www.meydan.tv\\\/az\\\/#organization\"},\"potentialAction\":[{\"@type\":\"SearchAction\",\"target\":{\"@type\":\"EntryPoint\",\"urlTemplate\":\"https:\\\/\\\/www.meydan.tv\\\/az\\\/?s={search_term_string}\"},\"query-input\":{\"@type\":\"PropertyValueSpecification\",\"valueRequired\":true,\"valueName\":\"search_term_string\"}}],\"inLanguage\":\"az\"},{\"@type\":\"Organization\",\"@id\":\"https:\\\/\\\/www.meydan.tv\\\/az\\\/#organization\",\"name\":\"Meydan TV\",\"url\":\"https:\\\/\\\/www.meydan.tv\\\/az\\\/\",\"logo\":{\"@type\":\"ImageObject\",\"inLanguage\":\"az\",\"@id\":\"https:\\\/\\\/www.meydan.tv\\\/az\\\/#\\\/schema\\\/logo\\\/image\\\/\",\"url\":\"https:\\\/\\\/www.meydan.tv\\\/wp-content\\\/uploads\\\/2021\\\/07\\\/meydan-logo.svg\",\"contentUrl\":\"https:\\\/\\\/www.meydan.tv\\\/wp-content\\\/uploads\\\/2021\\\/07\\\/meydan-logo.svg\",\"width\":195,\"height\":46,\"caption\":\"Meydan TV\"},\"image\":{\"@id\":\"https:\\\/\\\/www.meydan.tv\\\/az\\\/#\\\/schema\\\/logo\\\/image\\\/\"}},{\"@type\":\"Person\",\"@id\":\"https:\\\/\\\/www.meydan.tv\\\/az\\\/#\\\/schema\\\/person\\\/10d11eccf6da3662cf5fdab9806ea91a\",\"name\":\"user-manager\"}]}<\/script>\n<!-- \/ Yoast SEO plugin. -->","yoast_head_json":{"title":"Kitab\u0131 zibil elan etmi\u015f bir \u00f6lk\u0259... - MEYDAN.TV","robots":{"index":"index","follow":"follow","max-snippet":"max-snippet:-1","max-image-preview":"max-image-preview:large","max-video-preview":"max-video-preview:-1"},"canonical":"https:\/\/www.meydan.tv\/az\/article\/kitabi-zibil-elan-etmis-bir-olke\/","og_locale":"az_AZ","og_type":"article","og_title":"Kitab\u0131 zibil elan etmi\u015f bir \u00f6lk\u0259... - MEYDAN.TV","og_description":"Kitab bizim ail\u0259d\u0259 \u00f6z\u00fcn\u00fc t\u0259sdiq ed\u0259 bilm\u0259mi\u015fdi. \u018fksin\u0259, ancaq naraz\u0131l\u0131q, qan\u0131qara\u00e7\u0131l\u0131q, az qala bir \u00e7ox d\u0259rdl\u0259rin s\u0259b\u0259bkar\u0131 idi.","og_url":"https:\/\/www.meydan.tv\/az\/article\/kitabi-zibil-elan-etmis-bir-olke\/","og_site_name":"MEYDAN.TV","article_published_time":"2016-08-23T00:34:30+00:00","og_image":[{"width":800,"height":417,"url":"https:\/\/www.meydan.tv\/wp-content\/uploads\/25249.png","type":"image\/png"}],"author":"user-manager","twitter_card":"summary_large_image","schema":{"@context":"https:\/\/schema.org","@graph":[{"@type":"Article","@id":"https:\/\/www.meydan.tv\/az\/article\/kitabi-zibil-elan-etmis-bir-olke\/#article","isPartOf":{"@id":"https:\/\/www.meydan.tv\/az\/article\/kitabi-zibil-elan-etmis-bir-olke\/"},"author":{"name":"user-manager","@id":"https:\/\/www.meydan.tv\/az\/#\/schema\/person\/10d11eccf6da3662cf5fdab9806ea91a"},"headline":"Kitab\u0131 zibil elan etmi\u015f bir \u00f6lk\u0259&#8230;","datePublished":"2016-08-23T00:34:30+00:00","mainEntityOfPage":{"@id":"https:\/\/www.meydan.tv\/az\/article\/kitabi-zibil-elan-etmis-bir-olke\/"},"wordCount":872,"publisher":{"@id":"https:\/\/www.meydan.tv\/az\/#organization"},"image":{"@id":"https:\/\/www.meydan.tv\/az\/article\/kitabi-zibil-elan-etmis-bir-olke\/#primaryimage"},"thumbnailUrl":"https:\/\/www.meydan.tv\/wp-content\/uploads\/25249.png","articleSection":["M\u0259nim Fikrimc\u0259"],"inLanguage":"az"},{"@type":"WebPage","@id":"https:\/\/www.meydan.tv\/az\/article\/kitabi-zibil-elan-etmis-bir-olke\/","url":"https:\/\/www.meydan.tv\/az\/article\/kitabi-zibil-elan-etmis-bir-olke\/","name":"Kitab\u0131 zibil elan etmi\u015f bir \u00f6lk\u0259... - MEYDAN.TV","isPartOf":{"@id":"https:\/\/www.meydan.tv\/az\/#website"},"primaryImageOfPage":{"@id":"https:\/\/www.meydan.tv\/az\/article\/kitabi-zibil-elan-etmis-bir-olke\/#primaryimage"},"image":{"@id":"https:\/\/www.meydan.tv\/az\/article\/kitabi-zibil-elan-etmis-bir-olke\/#primaryimage"},"thumbnailUrl":"https:\/\/www.meydan.tv\/wp-content\/uploads\/25249.png","datePublished":"2016-08-23T00:34:30+00:00","breadcrumb":{"@id":"https:\/\/www.meydan.tv\/az\/article\/kitabi-zibil-elan-etmis-bir-olke\/#breadcrumb"},"inLanguage":"az","potentialAction":[{"@type":"ReadAction","target":["https:\/\/www.meydan.tv\/az\/article\/kitabi-zibil-elan-etmis-bir-olke\/"]}]},{"@type":"ImageObject","inLanguage":"az","@id":"https:\/\/www.meydan.tv\/az\/article\/kitabi-zibil-elan-etmis-bir-olke\/#primaryimage","url":"https:\/\/www.meydan.tv\/wp-content\/uploads\/25249.png","contentUrl":"https:\/\/www.meydan.tv\/wp-content\/uploads\/25249.png","width":800,"height":417,"caption":"Source:"},{"@type":"BreadcrumbList","@id":"https:\/\/www.meydan.tv\/az\/article\/kitabi-zibil-elan-etmis-bir-olke\/#breadcrumb","itemListElement":[{"@type":"ListItem","position":1,"name":"Ana s\u0259hif\u0259","item":"https:\/\/www.meydan.tv\/az\/"},{"@type":"ListItem","position":2,"name":"M\u0259nim Fikrimc\u0259","item":"https:\/\/www.meydan.tv\/az\/section\/menim-fikrimce\/"},{"@type":"ListItem","position":3,"name":"Kitab\u0131 zibil elan etmi\u015f bir \u00f6lk\u0259&#8230;"}]},{"@type":"WebSite","@id":"https:\/\/www.meydan.tv\/az\/#website","url":"https:\/\/www.meydan.tv\/az\/","name":"MEYDAN.TV","description":"Meydan TV Az\u0259rbaycan\u0131n media m\u0259kan\u0131ndak\u0131 alternativ s\u0259sidir","publisher":{"@id":"https:\/\/www.meydan.tv\/az\/#organization"},"potentialAction":[{"@type":"SearchAction","target":{"@type":"EntryPoint","urlTemplate":"https:\/\/www.meydan.tv\/az\/?s={search_term_string}"},"query-input":{"@type":"PropertyValueSpecification","valueRequired":true,"valueName":"search_term_string"}}],"inLanguage":"az"},{"@type":"Organization","@id":"https:\/\/www.meydan.tv\/az\/#organization","name":"Meydan TV","url":"https:\/\/www.meydan.tv\/az\/","logo":{"@type":"ImageObject","inLanguage":"az","@id":"https:\/\/www.meydan.tv\/az\/#\/schema\/logo\/image\/","url":"https:\/\/www.meydan.tv\/wp-content\/uploads\/2021\/07\/meydan-logo.svg","contentUrl":"https:\/\/www.meydan.tv\/wp-content\/uploads\/2021\/07\/meydan-logo.svg","width":195,"height":46,"caption":"Meydan TV"},"image":{"@id":"https:\/\/www.meydan.tv\/az\/#\/schema\/logo\/image\/"}},{"@type":"Person","@id":"https:\/\/www.meydan.tv\/az\/#\/schema\/person\/10d11eccf6da3662cf5fdab9806ea91a","name":"user-manager"}]}},"_links":{"self":[{"href":"https:\/\/www.meydan.tv\/az\/wp-json\/wp\/v2\/posts\/178372","targetHints":{"allow":["GET"]}}],"collection":[{"href":"https:\/\/www.meydan.tv\/az\/wp-json\/wp\/v2\/posts"}],"about":[{"href":"https:\/\/www.meydan.tv\/az\/wp-json\/wp\/v2\/types\/post"}],"author":[{"embeddable":true,"href":"https:\/\/www.meydan.tv\/az\/wp-json\/wp\/v2\/users\/11"}],"replies":[{"embeddable":true,"href":"https:\/\/www.meydan.tv\/az\/wp-json\/wp\/v2\/comments?post=178372"}],"version-history":[{"count":0,"href":"https:\/\/www.meydan.tv\/az\/wp-json\/wp\/v2\/posts\/178372\/revisions"}],"wp:featuredmedia":[{"embeddable":true,"href":"https:\/\/www.meydan.tv\/az\/wp-json\/wp\/v2\/media\/66138"}],"wp:attachment":[{"href":"https:\/\/www.meydan.tv\/az\/wp-json\/wp\/v2\/media?parent=178372"}],"wp:term":[{"taxonomy":"category","embeddable":true,"href":"https:\/\/www.meydan.tv\/az\/wp-json\/wp\/v2\/categories?post=178372"},{"taxonomy":"post_tag","embeddable":true,"href":"https:\/\/www.meydan.tv\/az\/wp-json\/wp\/v2\/tags?post=178372"}],"curies":[{"name":"wp","href":"https:\/\/api.w.org\/{rel}","templated":true}]}}