{"id":178369,"date":"2016-08-22T23:16:33","date_gmt":"2016-08-22T23:16:33","guid":{"rendered":"https:\/\/www.meydan.tv\/article\/suda-bogulani-xilas-etmek-lazimdirmi\/"},"modified":"2016-08-22T23:16:33","modified_gmt":"2016-08-22T23:16:33","slug":"suda-bogulani-xilas-etmek-lazimdirmi","status":"publish","type":"post","link":"https:\/\/www.meydan.tv\/az\/article\/suda-bogulani-xilas-etmek-lazimdirmi\/","title":{"rendered":"Suda bo\u011fulan\u0131 xilas etm\u0259k laz\u0131md\u0131rm\u0131?"},"content":{"rendered":"<figure class=\"wp-block-image size-large\">\n  <img decoding=\"async\" src=\"https:\/\/www.meydan.tv\/az\/66129\/\" alt=\"\" class=\"wp-image-66129\"\/><figcaption><\/figcaption><\/figure>\n<p>\n  <i><br \/>\n    \u0130lham \u018fliyev hakimiyy\u0259ti \u00e7ox g\u00fccl\u00fc deyil, sad\u0259c\u0259 olaraq, Az\u0259rbaycan c\u0259miyy\u0259ti \u00e7ox z\u0259ifdir<br \/>\n  <\/i>\n<\/p>\n<p>\n  Rusiya Federasiyas\u0131n\u0131n prezidenti Vladimir Putin Sankt-Peterburq Beyn\u0259lxalq \u0130qtisadi Forumunun builki toplant\u0131s\u0131nda bir tarixi etiraf etdi: \u201cAB\u015e b\u00f6y\u00fck d\u00f6vl\u0259tdir. Bu g\u00fcn, y\u0259qin ki, yegan\u0259 super g\u00fccd\u00fcr. Biz bunu q\u0259bul edirik\u201d. \u018fslind\u0259 o, yeni bir Amerika k\u0259\u015ff etm\u0259mi\u015fdi. O, sad\u0259c\u0259 olaraq, reall\u0131\u011f\u0131 v\u0259 b\u00fct\u00fcn normal adamlar\u0131n q\u0259bul etdiyi bir h\u0259qiq\u0259ti dil\u0259 g\u0259tirmi\u015fdi. Tarix\u0259n Rusiya liderl\u0259ri \u00fc\u00e7\u00fcn bunu etm\u0259k \u00e7ox \u00e7\u0259tin olmu\u015fdu. \u00c7\u00fcnki bu, onlar\u0131n apard\u0131\u011f\u0131 siyas\u0259tin v\u0259 t\u0259bli\u011fat\u0131n \u0259ksin\u0259dir.\n<\/p>\n<p>\n  AB\u015e n\u0259 \u0259razisinin b\u00f6y\u00fckl\u00fcy\u00fcn\u0259, n\u0259 \u0259halisinin say\u0131na, n\u0259 d\u0259, t\u0259bii ehtiyatlar\u0131n\u0131n miqdar\u0131na g\u00f6r\u0259 d\u00fcnyan\u0131n lider d\u00f6vl\u0259tidir. B\u0259s, nec\u0259 oldu ki, bu d\u00f6vl\u0259t \u00f6z q\u00fcdr\u0259til\u0259 ham\u0131dan \u00f6n\u0259 \u00e7\u0131xd\u0131? H\u0259r \u015fey 1776-c\u0131 ilin iyul ay\u0131n\u0131n 4-d\u0259n ba\u015fland\u0131. C\u0259miyy\u0259t\u0259 v\u0259 onun f\u0259rdl\u0259rin\u0259 verilmi\u015f iqtisadi v\u0259 siyasi azadl\u0131qlar m\u00f6c\u00fcz\u0259l\u0259r yaratd\u0131. AB\u015e eyni zamanda b\u00fct\u00fcn d\u00fcnyada azadl\u0131qlar\u0131 qoruma\u011f\u0131 \u00f6z\u00fcn\u00fcn v\u0259zif\u0259si elan etdi. Bu model, azadl\u0131q v\u0259 inki\u015faf etm\u0259k ist\u0259y\u0259n c\u0259miyy\u0259tl\u0259r \u00fc\u00e7\u00fcn \u00e7ox g\u00f6z\u0259l n\u00fcmun\u0259 oldu. Bu modeli vacib hesab ed\u0259n bir \u00e7ox xalqlar azadl\u0131qlar u\u011frunda m\u00fcbariz\u0259 apararaq, \u00f6z\u00a0\u00a0 m\u00fct\u0259r\u0259qqi v\u0259 azad c\u0259miyy\u0259tl\u0259rini qura bildil\u0259r.\n<\/p>\n<p>\n  Demokratiya v\u0259 insan haqlar\u0131n\u0131n \u00f6n\u0259mi artd\u0131qca, yava\u015f-yava\u015f onun beyn\u0259lxalq s\u0259viyy\u0259d\u0259 h\u00fcquqi bazas\u0131 yarad\u0131ld\u0131. X\u00fcsus\u0259n d\u0259, \u0130kinci d\u00fcnya m\u00fcharib\u0259sind\u0259n sonra \u00e7ox ciddi add\u0131mlar at\u0131ld\u0131. Art\u0131q m\u00f6vcud beyn\u0259lxalq normalara g\u00f6r\u0259 demokratiya v\u0259 insan haqlar\u0131 he\u00e7 bir d\u00f6vl\u0259tin daxili i\u015fi say\u0131lm\u0131r. T\u0259\u0259ss\u00fcf ki, reall\u0131qlar v\u0259 konkret geopolitik durum bel\u0259dir ki, d\u00f6vl\u0259tl\u0259raras\u0131 m\u00fcnasib\u0259tl\u0259rd\u0259 demokratiya v\u0259 insan haqlar\u0131 h\u0259l\u0259 ki, proritet amil say\u0131lm\u0131r.\n<\/p>\n<p>\n  Ba\u015fda AB\u015e olmaqla apar\u0131c\u0131 Q\u0259rb d\u00f6vl\u0259tl\u0259ri, ba\u015fqa \u00f6lk\u0259l\u0259rd\u0259 demokratikl\u0259\u015fm\u0259 prosesin\u0259\u00a0\u00a0 yaln\u0131z son d\u0259r\u0259c\u0259 m\u00fcnasib \u015f\u0259rait olduqda v\u0259 ya geopolitik siyas\u0259t \u00fc\u00e7\u00fcn laz\u0131m g\u0259ldikd\u0259 a\u00e7\u0131q d\u0259st\u0259k verirl\u0259r. Ola bilsin ki, \u00f6t\u0259n \u0259srd\u0259 bu bel\u0259 d\u0259 olmal\u0131yd\u0131. H\u0259r bir m\u0259s\u0259l\u0259d\u0259 t\u0259hl\u00fck\u0259li n\u00fcv\u0259 d\u00f6vl\u0259ti olan v\u0259 b\u00fct\u00fcn d\u00fcnyada kommunizmi yayma\u011fa \u00e7al\u0131\u015fan SSR\u0130 faktorunu n\u0259z\u0259r\u0259 almadan h\u0259r\u0259k\u0259t etm\u0259k \u00e7ox \u00e7\u0259tin idi. Lakin SSR\u0130-nin s\u00fcqutundan d\u0259rhal sonra onun yerind\u0259 yaranm\u0131\u015f yeni d\u00f6vl\u0259tl\u0259rin demokratikl\u0259\u015fm\u0259sini t\u0259min etm\u0259k \u00e7ox vacib idi. D\u00fcnyada s\u00fclh\u00fcn v\u0259 normal d\u00fcz\u0259nin t\u0259hdidind\u0259 Rusiyan\u0131n SSR\u0130-ni \u0259v\u0259z etm\u0259sin\u0259 imkan verilm\u0259m\u0259liydi. Bunun birc\u0259 \u00e7ar\u0259si var idi. Rusiyan\u0131n \u00f6z\u00fcn\u00fcn v\u0259 post sovet respublikalar\u0131n\u0131n demokratikl\u0259\u015fm\u0259sini t\u0259min etm\u0259k. Yaln\u0131z \u015e\u0259rqi Avropa v\u0259 Baltikyan\u0131 respublikalarla kifay\u0259tl\u0259nm\u0259k olduqca s\u0259hv add\u0131m idi. T\u0259s\u0259vv\u00fcr edin, indi Rusiya Pol\u015fa v\u0259 ya Estoniya kimi demokratik \u00f6lk\u0259 olsayd\u0131, d\u00fcnyada indiki m\u00f6vcud durum bel\u0259mi olacaqd\u0131? \u018flb\u0259tt\u0259 ki, yox! T\u0259kc\u0259 Suriyada ba\u015f ver\u0259nl\u0259ri n\u0259z\u0259r alsaq, h\u0259r \u015fey ayd\u0131n olar. M\u0259lum m\u0259s\u0259l\u0259dir ki, Rusiyan\u0131n himay\u0259 etdiyi avtoritar v\u0259 diktatura rejiml\u0259rin\u0259 basq\u0131 g\u00f6st\u0259rm\u0259k, Kremlin\u00a0 etiraz\u0131na v\u0259 \u0259ks t\u0259dbirl\u0259rin\u0259 s\u0259b\u0259b olur, bununla da m\u00fc\u0259yy\u0259n riskl\u0259r yaran\u0131r ki, m\u0259hz onlara g\u00f6r\u0259 basq\u0131lardan, \u0259zil\u0259n c\u0259miyy\u0259tl\u0259r\u0259 a\u00e7\u0131q d\u0259st\u0259kd\u0259n vaz ke\u00e7ilir. \u201cSabitlik daha vacibdir\u201d siyas\u0259ti praqmatizmd\u0259n daha \u00e7ox populizmdir. H\u0259l\u0259 2005-ci ild\u0259 AB\u015e-\u0131n ke\u00e7mi\u015f d\u00f6vl\u0259t katibi Kondoliza Rays Qahir\u0259d\u0259ki \u00e7\u0131x\u0131\u015f\u0131 zaman\u0131 bel\u0259 bir ifad\u0259 i\u015fl\u0259tmi\u015fdi: \u201cAB\u015e Yax\u0131n \u015e\u0259rqd\u0259 demokratiyan\u0131 sabitliy\u0259 qurban verdi. \u0130ndi aradan 60 il ke\u00e7ib, ancaq ortada n\u0259 demokratiya var, n\u0259 d\u0259 sabitlik\u201d.\n<\/p>\n<p>\n  Rusiyan\u0131n avtoritar \u00f6lk\u0259 kimi qalmas\u0131, t\u0259kc\u0259 onun \u00f6z v\u0259t\u0259nda\u015flar\u0131na problem yaratm\u0131r. Onun d\u0259st\u0259kl\u0259diyi b\u00fct\u00fcn rejiml\u0259rd\u0259ki c\u0259miyy\u0259tl\u0259r bundan \u0259ziyy\u0259t \u00e7\u0259kirl\u0259r. Rusiya g\u00fccl\u00fc v\u0259 aqressiv olduqca, ona qar\u015f\u0131 m\u00fcbariz\u0259 aparmaq v\u0259 ya onu yola g\u0259tirm\u0259k \u00e7ox \u00e7\u0259tindir. Rusiya ayr\u0131l\u0131qda t\u0259kba\u015f\u0131na bu q\u0259d\u0259r g\u00fccl\u00fc v\u0259 aqressiv ola bilm\u0259z. O, bu g\u00fcc\u00fc v\u0259 q\u0259tiyy\u0259ti h\u0259m d\u0259 himay\u0259 etdiyi rejiml\u0259rd\u0259n al\u0131r. Onu bu imkandan m\u0259hrum etm\u0259k laz\u0131md\u0131r. Rusiyan\u0131 \u0259hat\u0259 ed\u0259n post sovet respublikalar\u0131 G\u00fcrc\u00fcstan kimi demokratik v\u0259 Avroatlantik m\u0259kana do\u011fru q\u0259tiyy\u0259tl\u0259 add\u0131mlayan respublikalar olsayd\u0131lar, o, bu q\u0259d\u0259r g\u00fccl\u00fc v\u0259 t\u0259rs olard\u0131m\u0131? Q\u0259tiyy\u0259n yox! \u00c7ox t\u0259\u0259ss\u00fcf ki, Rusiyan\u0131 \u0259hat\u0259 ed\u0259n xalqlar\u0131n demokratiya u\u011frunda m\u00fcbariz\u0259sin\u0259 n\u0259inki yet\u0259rinc\u0259 d\u0259st\u0259k verilm\u0259yib, \u0259ksin\u0259 bir s\u0131ra hallarda Kremlin \u201cmarionetka\u201ds\u0131 olan rejiml\u0259r a\u00e7\u0131q-a\u00e7\u0131\u011f\u0131na d\u0259st\u0259kl\u0259nib. Bu, kifay\u0259t edib ki, se\u00e7kil\u0259r total \u015f\u0259kild\u0259 saxtala\u015fd\u0131r\u0131ls\u0131n, m\u00fcxalif\u0259t\u00e7il\u0259r v\u0259 m\u00fcst\u0259qil jurnalistl\u0259r uzunm\u00fcdd\u0259tli h\u0259bs\u0259 at\u0131ls\u0131nlar, QHT-l\u0259rin f\u0259aliyy\u0259tin\u0259 qada\u011fa qoyulsun, \u00f6lk\u0259nin s\u0259rv\u0259tl\u0259ri talans\u0131n v\u0259 s. B\u0259li, bu bir faktd\u0131r ki, Rusiya \u0259traf\u0131ndak\u0131 avtoritar rejiml\u0259rin m\u00f6vcud oldu\u011fu c\u0259miyy\u0259tl\u0259r azadl\u0131qlar u\u011frunda yet\u0259rinc\u0259 m\u00fcbariz\u0259 aparm\u0131rlar, b\u0259zil\u0259ri \u00fcmumiyy\u0259tl\u0259 m\u00fcbariz\u0259 aparm\u0131r.\u00a0 Obrazl\u0131 bir n\u0259z\u0259ri n\u00fcmun\u0259 g\u00f6st\u0259rim. Biri yoldan ke\u00e7\u0259rk\u0259n g\u00f6r\u00fcr ki, bir n\u0259f\u0259r suda bat\u0131r. Suda batan adam xilas olmaq \u00fc\u00e7\u00fcn yet\u0259rinc\u0259 \u00e7al\u0131\u015fm\u0131r, h\u0259tta k\u00f6m\u0259y\u0259 d\u0259 kims\u0259ni \u00e7a\u011f\u0131rm\u0131r. Buna baxmayaraq, yoldan ke\u00e7\u0259n he\u00e7 n\u0259 fikirl\u0259\u015fm\u0259d\u0259n, \u00f6z\u00fcn\u00fcn h\u0259yat\u0131na riskl\u0259r olsa bel\u0259 onu xilas etm\u0259y\u0259 at\u0131l\u0131r. \u00c7\u00fcnki insanl\u0131q borcudur. Bu anda o, q\u0259tiyy\u0259n suda bo\u011fulan adamdan soru\u015fmur ki, s\u0259n niy\u0259 bura d\u00fc\u015fd\u00fcn, \u00fczm\u0259yi niy\u0259 bacarm\u0131rsan, niy\u0259 xilas olmaq \u00fc\u00e7\u00fcn yax\u015f\u0131 \u00e7al\u0131\u015fm\u0131rsan v\u0259 s.\u00a0 Xilas ed\u0259n h\u0259min anda z\u0259rr\u0259 q\u0259d\u0259r d\u00fc\u015f\u00fcnm\u00fcr ki, g\u00f6r\u0259n xilas ed\u0259c\u0259yim adam yax\u015f\u0131 adamd\u0131r, yoxsa pis. O, sad\u0259c\u0259 d\u00fc\u015f\u00fcn\u00fcr ki, insan\u0131 xilas etm\u0259k laz\u0131md\u0131r. Demokratiya m\u0259s\u0259l\u0259l\u0259rind\u0259 d\u0259 m\u0259hz bel\u0259 davranmaq laz\u0131md\u0131r. D\u00fcnyada demokratiyaya layiq olmayan xalq yoxdur. D\u00fcnya n\u0259 q\u0259d\u0259r s\u00fcr\u0259tl\u0259 demokratikl\u0259\u015fs\u0259, \u0259min-amanl\u0131q v\u0259 firavanl\u0131q da o q\u0259d\u0259r d\u0259rinl\u0259\u015f\u0259r.\n<\/p>\n<p>\n  Az\u0259rbaycan xalq\u0131 h\u0259l\u0259 1918-ci ild\u0259 islam \u015e\u0259rqind\u0259 ilk d\u0259f\u0259 demokratik respublika qurub. 1920-ci ild\u0259 Sovet Rusiyas\u0131 bu demokratik respublikan\u0131 i\u015f\u011fal ed\u0259r\u0259k, \u00f6z \u0259razil\u0259rin\u0259 qatd\u0131 v\u0259 m\u00fcst\u0259qilliyimiz\u0259 son qoydu. Bu xalq ke\u00e7\u0259n \u0259srin sonlar\u0131nda SSR\u0130-d\u0259n ayr\u0131lmaq v\u0259 \u00f6z\u00fcn\u00fcn d\u00f6vl\u0259tini qurmaq u\u011frunda \u00e7ox ciddi m\u00fcbariz\u0259y\u0259 qalxd\u0131. O,\u00a0 Moskva \u0259sar\u0259tind\u0259n qurtulmaq u\u011frunda m\u00fcbariz\u0259 aparan SSR\u0130 xalqlar\u0131n\u0131n \u00f6nc\u00fcll\u0259rind\u0259n idi. N\u0259hay\u0259t 1991-ci ild\u0259\u00a0 Az\u0259rbaycan yenid\u0259n \u00f6z m\u00fcst\u0259qilliyini b\u0259rpa etdi. 1992-ci ild\u0259 m\u00fcst\u0259qil Az\u0259rbaycan tarixind\u0259 yegan\u0259 azad v\u0259 \u0259dal\u0259tli se\u00e7kil\u0259r n\u0259tic\u0259sind\u0259 \u018fb\u00fclf\u0259z El\u00e7ib\u0259y \u00f6lk\u0259 prezidenti se\u00e7ildi. H\u0259m 1918-ci ild\u0259, h\u0259m d\u0259 1992-ci ild\u0259 hakimiyy\u0259t\u0259 g\u0259lmi\u015f istiqlal\u00e7\u0131 demokratlar Az\u0259rbaycan\u0131n inki\u015faf\u0131n\u0131 v\u0259 rifah\u0131n\u0131 c\u0259miyy\u0259tin azadl\u0131\u011f\u0131nda v\u0259 Avroatlantik m\u0259kana inteqrasiyas\u0131nda g\u00f6r\u00fcrd\u00fcl\u0259r. T\u0259\u0259ss\u00fcf ki, bu d\u0259f\u0259 d\u0259 demokratik hakimiyy\u0259t v\u0259zif\u0259 ba\u015f\u0131nda \u00e7ox qala bilm\u0259di. C\u0259mi bir ild\u0259n sonra arxas\u0131nda Rusiyan\u0131n durdu\u011fu he\u00e7 kimd\u0259 \u015f\u00fcbh\u0259 do\u011furmayan qiyam n\u0259tic\u0259sind\u0259 \u018fb\u00fclf\u0259z El\u00e7ib\u0259y hakimiyy\u0259ti devrildi v\u0259 hakimiyy\u0259ti 1969-cu ild\u0259n s\u0259ks\u0259ninci ill\u0259rin sonunad\u0259k respublikan\u0131 idar\u0259 etmi\u015f \u201cKQB\u201d general\u0131\u00a0 Heyd\u0259r \u018fliyev q\u0259sb etdi. Onun hakimiyy\u0259t\u0259 g\u0259li\u015find\u0259n sonra Az\u0259rbaycan d\u0259rhal MDB-y\u0259 daxil oldu. Bu, q\u0259rby\u00f6nl\u00fc siyas\u0259td\u0259n imtinan\u0131n ba\u015flan\u011f\u0131c\u0131yd\u0131. Heyd\u0259r \u018fliyev hakimiyy\u0259tinin ilk g\u00fcnl\u0259rind\u0259n azad m\u0259tbuata, m\u00fcxalif\u0259t\u0259, v\u0259t\u0259nda\u015f c\u0259miyy\u0259tinin n\u00fcmay\u0259nd\u0259l\u0259rin\u0259 qar\u015f\u0131 total h\u00fccum ba\u015flad\u0131, reprressiyalar g\u00fcnb\u0259g\u00fcn artd\u0131. \u018fdliyy\u0259 naziri deyirdi: \u201cDemokratiyan\u0131 be\u015fiyind\u0259c\u0259 bo\u011fmaq laz\u0131md\u0131r\u201d. \u00d6lk\u0259d\u0259 se\u00e7kil\u0259r, m\u0259hk\u0259m\u0259 v\u0259 istintaq bir institut kimi l\u0259\u011fv edildi v\u0259 h\u0259r \u015fey hakimiyy\u0259tin irad\u0259sin\u0259 tabe olundu. \u0130ndi h\u0259min qurumlar h\u00f6kum\u0259tin \u0259lind\u0259ki c\u0259za aparat\u0131ndan ba\u015fqa bir \u015fey deyil. R\u00fc\u015fv\u0259txorluq v\u0259 korrupsiya \u00e7ox s\u00fcr\u0259tl\u0259 artd\u0131.\n<\/p>\n<p>\n  2003-c\u00fc ild\u0259 atas\u0131n\u0131n \u00f6l\u00fcm\u00fcnd\u0259n sonra hakimiyy\u0259ti bir h\u0259diyy\u0259 kimi q\u0259bul etmi\u015f \u0130lham \u018fliyevin hakimiyy\u0259t\u0259 g\u0259li\u015fi \u00f6lk\u0259y\u0259 b\u00f6y\u00fck neft pullar\u0131n\u0131n g\u0259li\u015fi \u00fcst-\u00fcst\u0259 d\u00fc\u015fd\u00fc. \u018fliyevl\u0259r ail\u0259si neft pullar\u0131n\u0131 \u00f6lk\u0259nin \u00e7i\u00e7\u0259kl\u0259nm\u0259sin\u0259, inki\u015faf\u0131na y\u00f6n\u0259ltm\u0259dil\u0259r. Onlar bu pullar\u0131 insafs\u0131zca, a\u011flas\u0131\u011fmaz m\u0259bl\u0259\u011fl\u0259rd\u0259 o\u011furlama\u011fa ba\u015flad\u0131lar. T\u0259s\u0259vv\u00fcr edin ki, hakim ail\u0259nin \u00f6lk\u0259d\u0259n \u00e7\u0131xard\u0131\u011f\u0131 pullar\u0131n h\u0259cmi, d\u00f6vl\u0259t b\u00fcdc\u0259sind\u0259n d\u0259f\u0259l\u0259rl\u0259 \u00e7oxdur. \u00d6lk\u0259 iqtisadiyyat\u0131n\u0131n \u0259sas v\u0259 g\u0259lirli sah\u0259l\u0259ri hakim ail\u0259nin n\u0259zar\u0259tind\u0259dir. Eyni zamanda, h\u0259min pullar\u0131n bir hiss\u0259sin\u0259 \u00e7ox bahal\u0131 beyn\u0259lxalq idman yar\u0131\u015flar\u0131 v\u0259 dig\u0259r t\u0259dbirl\u0259r t\u0259\u015fkil ed\u0259r\u0259k, d\u00fcnyada \u00f6z imicl\u0259rini yax\u015f\u0131la\u015fd\u0131rma\u011fa \u00e7al\u0131\u015fd\u0131lar.\n<\/p>\n<p>\n  \u0130lham \u018fliyev ilk d\u0259f\u0259 demokratik m\u00fcxalif\u0259t \u00fcz\u0259rin\u0259 total h\u00fccuma ke\u00e7\u0259nd\u0259, onun amans\u0131z repressiyalara m\u0259ruz qoyanda bel\u0259 demi\u015fdi: \u201cAz\u0259rbaycanda m\u00fcxalif\u0259t qalmad\u0131 v\u0259 he\u00e7 zaman olmayacaq!\u201d. T\u0259bii ki, o, yan\u0131l\u0131rd\u0131. Az\u0259rbaycanda t\u0259\u015fkilatlanm\u0131\u015f demokratik m\u00fcxalif\u0259t var v\u0259 o, a\u011flag\u0259lm\u0259z repressiyalara sin\u0259 g\u0259r\u0259r\u0259k, he\u00e7 n\u0259y\u0259 baxmadan azad c\u0259miyy\u0259t u\u011frunda m\u00fcbariz\u0259sini davam etdirir. T\u0259s\u0259vv\u00fcr edin ki, bu balaca \u00f6lk\u0259d\u0259 y\u00fczd\u0259n \u00e7ox siyasi m\u0259hbus var. Onlar hakimiyy\u0259t\u0259 qar\u015f\u0131 t\u0259nqidi m\u00f6vqel\u0259rin\u0259 g\u00f6r\u0259 \u015f\u0259rl\u0259n\u0259r\u0259k h\u0259bs\u0259 at\u0131l\u0131blar.\u00a0 Hakimiyy\u0259t t\u0259zyiql\u0259r qar\u015f\u0131s\u0131nda n\u0259 q\u0259d\u0259r m\u0259hbusu azad etm\u0259y\u0259 m\u0259cbur olursa, bir o q\u0259d\u0259rini d\u0259 tutub h\u0259bs\u0259 at\u0131r. Odur ki, bu r\u0259q\u0259m azalm\u0131r. T\u0259\u0259ss\u00fcf ki, AB\u015e v\u0259 dig\u0259r Q\u0259rb d\u00f6vl\u0259tl\u0259ri qeyri-legitim, korrupsiyaya qur\u015fanm\u0131\u015f v\u0259 repressiya\u00e7\u0131 \u0130lham \u018fliyevl\u0259 el\u0259 davrand\u0131lar ki, sanki o, xalq\u0131n irad\u0259sil\u0259 se\u00e7ilmi\u015f normal \u00f6lk\u0259 ba\u015f\u00e7\u0131s\u0131ym\u0131\u015f. Q\u0259rbin bel\u0259 davran\u0131\u015f\u0131 demokratik m\u00fcxalif\u0259ti \u00e7ox pis v\u0259ziyy\u0259td\u0259 qoyur. \u00c7\u00fcnki onlar t\u0259bli\u011f etdikl\u0259ri v\u0259 h\u0259d\u0259f kimi g\u00f6st\u0259rdikl\u0259ri \u201cd\u0259y\u0259rl\u0259r\u0259 h\u00f6rm\u0259t ed\u0259n v\u0259 prinsipl\u0259r\u0259 sadiq\u201d\u00a0 Q\u0259rbin bel\u0259 davran\u0131\u015f\u0131n\u0131 he\u00e7 c\u00fcr izah ed\u0259 bilmirl\u0259r. Onlar eyni zamanda, c\u0259miyy\u0259td\u0259\u00a0 xeyli d\u0259r\u0259c\u0259d\u0259 oturu\u015fmu\u015f \u201c\u0130lham \u018fliyevin pulu \u00e7oxdur, o, ham\u0131n\u0131, h\u0259tta AB\u015e-\u0131 v\u0259 Avropan\u0131 da sat\u0131n al\u0131b\u201d yalanlar\u0131n\u0131n\u00a0 qar\u015f\u0131s\u0131nda aciz qal\u0131rlar.\n<\/p>\n<p>\n  M\u0259n d\u00fc\u015f\u00fcn\u00fcr\u0259m ki, \u0130lham \u018fliyev hakimiyy\u0259ti \u00e7ox g\u00fccl\u00fc deyil, sad\u0259c\u0259 olaraq, Az\u0259rbaycan c\u0259miyy\u0259ti \u00e7ox z\u0259ifdir. Ancaq bu, he\u00e7 d\u0259 o dem\u0259k deyil ki, bizim xalq demokratiyaya layiq deyil. Tam \u0259minlik\u0259 deyir\u0259m ki, Az\u0259rbaycanda xalq\u0131n irad\u0259sil\u0259 formala\u015fm\u0131\u015f iqtidar i\u015f ba\u015f\u0131na g\u0259ls\u0259, o, \u00e7ox tezlikl\u0259 Q\u0259rb standartlar\u0131na uy\u011fun bir d\u00f6vl\u0259t\u0259 \u00e7evril\u0259c\u0259k. \u0130ndi c\u0259miyy\u0259t \u0130lham \u018fliyevin yaratd\u0131\u011f\u0131 repressiya, korrupsiya, total saxtakarl\u0131q v\u0259 h\u00fcquqsuzluq d\u0259ryas\u0131nda bo\u011fulur. Yuxar\u0131da \u00e7\u0259kdiyim misalda oldu\u011fu kimi, ona \u0259l uzad\u0131b xilas etm\u0259k is\u0259, bir insanl\u0131q borcudur. K\u00f6m\u0259k olacaqm\u0131?\n<\/p>\n<\/p><\/p>\n","protected":false},"excerpt":{"rendered":"<p>\u0130lham \u018fliyev hakimiyy\u0259ti \u00e7ox g\u00fccl\u00fc deyil, sad\u0259c\u0259 olaraq, Az\u0259rbaycan c\u0259miyy\u0259ti \u00e7ox z\u0259ifdir<\/p>\n","protected":false},"author":11,"featured_media":66129,"comment_status":"closed","ping_status":"open","sticky":false,"template":"","format":"standard","meta":{"_acf_changed":false,"_sitemap_exclude":false,"_sitemap_priority":"","_sitemap_frequency":"","footnotes":""},"categories":[51],"tags":[],"class_list":["post-178369","post","type-post","status-publish","format-standard","has-post-thumbnail","hentry","category-analitika","infinite-scroll-item","generate-columns","tablet-grid-50","mobile-grid-100","grid-parent","grid-33","no-featured-image-padding"],"acf":[],"yoast_head":"<!-- This site is optimized with the Yoast SEO plugin v27.5 - https:\/\/yoast.com\/product\/yoast-seo-wordpress\/ -->\n<title>Suda bo\u011fulan\u0131 xilas etm\u0259k laz\u0131md\u0131rm\u0131? - MEYDAN.TV<\/title>\n<meta name=\"robots\" content=\"index, follow, max-snippet:-1, max-image-preview:large, max-video-preview:-1\" \/>\n<link rel=\"canonical\" href=\"https:\/\/www.meydan.tv\/az\/article\/suda-bogulani-xilas-etmek-lazimdirmi\/\" \/>\n<meta property=\"og:locale\" content=\"az_AZ\" \/>\n<meta property=\"og:type\" content=\"article\" \/>\n<meta property=\"og:title\" content=\"Suda bo\u011fulan\u0131 xilas etm\u0259k laz\u0131md\u0131rm\u0131? - MEYDAN.TV\" \/>\n<meta property=\"og:description\" content=\"\u0130lham \u018fliyev hakimiyy\u0259ti \u00e7ox g\u00fccl\u00fc deyil, sad\u0259c\u0259 olaraq, Az\u0259rbaycan c\u0259miyy\u0259ti \u00e7ox z\u0259ifdir\" \/>\n<meta property=\"og:url\" content=\"https:\/\/www.meydan.tv\/az\/article\/suda-bogulani-xilas-etmek-lazimdirmi\/\" \/>\n<meta property=\"og:site_name\" content=\"MEYDAN.TV\" \/>\n<meta property=\"article:published_time\" content=\"2016-08-22T23:16:33+00:00\" \/>\n<meta property=\"og:image\" content=\"https:\/\/www.meydan.tv\/wp-content\/uploads\/25246.jpg\" \/>\n\t<meta property=\"og:image:width\" content=\"750\" \/>\n\t<meta property=\"og:image:height\" content=\"562\" \/>\n\t<meta property=\"og:image:type\" content=\"image\/jpeg\" \/>\n<meta name=\"author\" content=\"user-manager\" \/>\n<meta name=\"twitter:card\" content=\"summary_large_image\" \/>\n<script type=\"application\/ld+json\" class=\"yoast-schema-graph\">{\"@context\":\"https:\\\/\\\/schema.org\",\"@graph\":[{\"@type\":\"Article\",\"@id\":\"https:\\\/\\\/www.meydan.tv\\\/az\\\/article\\\/suda-bogulani-xilas-etmek-lazimdirmi\\\/#article\",\"isPartOf\":{\"@id\":\"https:\\\/\\\/www.meydan.tv\\\/az\\\/article\\\/suda-bogulani-xilas-etmek-lazimdirmi\\\/\"},\"author\":{\"name\":\"user-manager\",\"@id\":\"https:\\\/\\\/www.meydan.tv\\\/az\\\/#\\\/schema\\\/person\\\/10d11eccf6da3662cf5fdab9806ea91a\"},\"headline\":\"Suda bo\u011fulan\u0131 xilas etm\u0259k laz\u0131md\u0131rm\u0131?\",\"datePublished\":\"2016-08-22T23:16:33+00:00\",\"mainEntityOfPage\":{\"@id\":\"https:\\\/\\\/www.meydan.tv\\\/az\\\/article\\\/suda-bogulani-xilas-etmek-lazimdirmi\\\/\"},\"wordCount\":2178,\"publisher\":{\"@id\":\"https:\\\/\\\/www.meydan.tv\\\/az\\\/#organization\"},\"image\":{\"@id\":\"https:\\\/\\\/www.meydan.tv\\\/az\\\/article\\\/suda-bogulani-xilas-etmek-lazimdirmi\\\/#primaryimage\"},\"thumbnailUrl\":\"https:\\\/\\\/www.meydan.tv\\\/wp-content\\\/uploads\\\/25246.jpg\",\"articleSection\":[\"Analitika\"],\"inLanguage\":\"az\"},{\"@type\":\"WebPage\",\"@id\":\"https:\\\/\\\/www.meydan.tv\\\/az\\\/article\\\/suda-bogulani-xilas-etmek-lazimdirmi\\\/\",\"url\":\"https:\\\/\\\/www.meydan.tv\\\/az\\\/article\\\/suda-bogulani-xilas-etmek-lazimdirmi\\\/\",\"name\":\"Suda bo\u011fulan\u0131 xilas etm\u0259k laz\u0131md\u0131rm\u0131? - MEYDAN.TV\",\"isPartOf\":{\"@id\":\"https:\\\/\\\/www.meydan.tv\\\/az\\\/#website\"},\"primaryImageOfPage\":{\"@id\":\"https:\\\/\\\/www.meydan.tv\\\/az\\\/article\\\/suda-bogulani-xilas-etmek-lazimdirmi\\\/#primaryimage\"},\"image\":{\"@id\":\"https:\\\/\\\/www.meydan.tv\\\/az\\\/article\\\/suda-bogulani-xilas-etmek-lazimdirmi\\\/#primaryimage\"},\"thumbnailUrl\":\"https:\\\/\\\/www.meydan.tv\\\/wp-content\\\/uploads\\\/25246.jpg\",\"datePublished\":\"2016-08-22T23:16:33+00:00\",\"breadcrumb\":{\"@id\":\"https:\\\/\\\/www.meydan.tv\\\/az\\\/article\\\/suda-bogulani-xilas-etmek-lazimdirmi\\\/#breadcrumb\"},\"inLanguage\":\"az\",\"potentialAction\":[{\"@type\":\"ReadAction\",\"target\":[\"https:\\\/\\\/www.meydan.tv\\\/az\\\/article\\\/suda-bogulani-xilas-etmek-lazimdirmi\\\/\"]}]},{\"@type\":\"ImageObject\",\"inLanguage\":\"az\",\"@id\":\"https:\\\/\\\/www.meydan.tv\\\/az\\\/article\\\/suda-bogulani-xilas-etmek-lazimdirmi\\\/#primaryimage\",\"url\":\"https:\\\/\\\/www.meydan.tv\\\/wp-content\\\/uploads\\\/25246.jpg\",\"contentUrl\":\"https:\\\/\\\/www.meydan.tv\\\/wp-content\\\/uploads\\\/25246.jpg\",\"width\":750,\"height\":562,\"caption\":\"Source:\"},{\"@type\":\"BreadcrumbList\",\"@id\":\"https:\\\/\\\/www.meydan.tv\\\/az\\\/article\\\/suda-bogulani-xilas-etmek-lazimdirmi\\\/#breadcrumb\",\"itemListElement\":[{\"@type\":\"ListItem\",\"position\":1,\"name\":\"Ana s\u0259hif\u0259\",\"item\":\"https:\\\/\\\/www.meydan.tv\\\/az\\\/\"},{\"@type\":\"ListItem\",\"position\":2,\"name\":\"Analitika\",\"item\":\"https:\\\/\\\/www.meydan.tv\\\/az\\\/section\\\/analitika\\\/\"},{\"@type\":\"ListItem\",\"position\":3,\"name\":\"Suda bo\u011fulan\u0131 xilas etm\u0259k laz\u0131md\u0131rm\u0131?\"}]},{\"@type\":\"WebSite\",\"@id\":\"https:\\\/\\\/www.meydan.tv\\\/az\\\/#website\",\"url\":\"https:\\\/\\\/www.meydan.tv\\\/az\\\/\",\"name\":\"MEYDAN.TV\",\"description\":\"Meydan TV Az\u0259rbaycan\u0131n media m\u0259kan\u0131ndak\u0131 alternativ s\u0259sidir\",\"publisher\":{\"@id\":\"https:\\\/\\\/www.meydan.tv\\\/az\\\/#organization\"},\"potentialAction\":[{\"@type\":\"SearchAction\",\"target\":{\"@type\":\"EntryPoint\",\"urlTemplate\":\"https:\\\/\\\/www.meydan.tv\\\/az\\\/?s={search_term_string}\"},\"query-input\":{\"@type\":\"PropertyValueSpecification\",\"valueRequired\":true,\"valueName\":\"search_term_string\"}}],\"inLanguage\":\"az\"},{\"@type\":\"Organization\",\"@id\":\"https:\\\/\\\/www.meydan.tv\\\/az\\\/#organization\",\"name\":\"Meydan TV\",\"url\":\"https:\\\/\\\/www.meydan.tv\\\/az\\\/\",\"logo\":{\"@type\":\"ImageObject\",\"inLanguage\":\"az\",\"@id\":\"https:\\\/\\\/www.meydan.tv\\\/az\\\/#\\\/schema\\\/logo\\\/image\\\/\",\"url\":\"https:\\\/\\\/www.meydan.tv\\\/wp-content\\\/uploads\\\/2021\\\/07\\\/meydan-logo.svg\",\"contentUrl\":\"https:\\\/\\\/www.meydan.tv\\\/wp-content\\\/uploads\\\/2021\\\/07\\\/meydan-logo.svg\",\"width\":195,\"height\":46,\"caption\":\"Meydan TV\"},\"image\":{\"@id\":\"https:\\\/\\\/www.meydan.tv\\\/az\\\/#\\\/schema\\\/logo\\\/image\\\/\"}},{\"@type\":\"Person\",\"@id\":\"https:\\\/\\\/www.meydan.tv\\\/az\\\/#\\\/schema\\\/person\\\/10d11eccf6da3662cf5fdab9806ea91a\",\"name\":\"user-manager\"}]}<\/script>\n<!-- \/ Yoast SEO plugin. -->","yoast_head_json":{"title":"Suda bo\u011fulan\u0131 xilas etm\u0259k laz\u0131md\u0131rm\u0131? - MEYDAN.TV","robots":{"index":"index","follow":"follow","max-snippet":"max-snippet:-1","max-image-preview":"max-image-preview:large","max-video-preview":"max-video-preview:-1"},"canonical":"https:\/\/www.meydan.tv\/az\/article\/suda-bogulani-xilas-etmek-lazimdirmi\/","og_locale":"az_AZ","og_type":"article","og_title":"Suda bo\u011fulan\u0131 xilas etm\u0259k laz\u0131md\u0131rm\u0131? - MEYDAN.TV","og_description":"\u0130lham \u018fliyev hakimiyy\u0259ti \u00e7ox g\u00fccl\u00fc deyil, sad\u0259c\u0259 olaraq, Az\u0259rbaycan c\u0259miyy\u0259ti \u00e7ox z\u0259ifdir","og_url":"https:\/\/www.meydan.tv\/az\/article\/suda-bogulani-xilas-etmek-lazimdirmi\/","og_site_name":"MEYDAN.TV","article_published_time":"2016-08-22T23:16:33+00:00","og_image":[{"width":750,"height":562,"url":"https:\/\/www.meydan.tv\/wp-content\/uploads\/25246.jpg","type":"image\/jpeg"}],"author":"user-manager","twitter_card":"summary_large_image","schema":{"@context":"https:\/\/schema.org","@graph":[{"@type":"Article","@id":"https:\/\/www.meydan.tv\/az\/article\/suda-bogulani-xilas-etmek-lazimdirmi\/#article","isPartOf":{"@id":"https:\/\/www.meydan.tv\/az\/article\/suda-bogulani-xilas-etmek-lazimdirmi\/"},"author":{"name":"user-manager","@id":"https:\/\/www.meydan.tv\/az\/#\/schema\/person\/10d11eccf6da3662cf5fdab9806ea91a"},"headline":"Suda bo\u011fulan\u0131 xilas etm\u0259k laz\u0131md\u0131rm\u0131?","datePublished":"2016-08-22T23:16:33+00:00","mainEntityOfPage":{"@id":"https:\/\/www.meydan.tv\/az\/article\/suda-bogulani-xilas-etmek-lazimdirmi\/"},"wordCount":2178,"publisher":{"@id":"https:\/\/www.meydan.tv\/az\/#organization"},"image":{"@id":"https:\/\/www.meydan.tv\/az\/article\/suda-bogulani-xilas-etmek-lazimdirmi\/#primaryimage"},"thumbnailUrl":"https:\/\/www.meydan.tv\/wp-content\/uploads\/25246.jpg","articleSection":["Analitika"],"inLanguage":"az"},{"@type":"WebPage","@id":"https:\/\/www.meydan.tv\/az\/article\/suda-bogulani-xilas-etmek-lazimdirmi\/","url":"https:\/\/www.meydan.tv\/az\/article\/suda-bogulani-xilas-etmek-lazimdirmi\/","name":"Suda bo\u011fulan\u0131 xilas etm\u0259k laz\u0131md\u0131rm\u0131? - MEYDAN.TV","isPartOf":{"@id":"https:\/\/www.meydan.tv\/az\/#website"},"primaryImageOfPage":{"@id":"https:\/\/www.meydan.tv\/az\/article\/suda-bogulani-xilas-etmek-lazimdirmi\/#primaryimage"},"image":{"@id":"https:\/\/www.meydan.tv\/az\/article\/suda-bogulani-xilas-etmek-lazimdirmi\/#primaryimage"},"thumbnailUrl":"https:\/\/www.meydan.tv\/wp-content\/uploads\/25246.jpg","datePublished":"2016-08-22T23:16:33+00:00","breadcrumb":{"@id":"https:\/\/www.meydan.tv\/az\/article\/suda-bogulani-xilas-etmek-lazimdirmi\/#breadcrumb"},"inLanguage":"az","potentialAction":[{"@type":"ReadAction","target":["https:\/\/www.meydan.tv\/az\/article\/suda-bogulani-xilas-etmek-lazimdirmi\/"]}]},{"@type":"ImageObject","inLanguage":"az","@id":"https:\/\/www.meydan.tv\/az\/article\/suda-bogulani-xilas-etmek-lazimdirmi\/#primaryimage","url":"https:\/\/www.meydan.tv\/wp-content\/uploads\/25246.jpg","contentUrl":"https:\/\/www.meydan.tv\/wp-content\/uploads\/25246.jpg","width":750,"height":562,"caption":"Source:"},{"@type":"BreadcrumbList","@id":"https:\/\/www.meydan.tv\/az\/article\/suda-bogulani-xilas-etmek-lazimdirmi\/#breadcrumb","itemListElement":[{"@type":"ListItem","position":1,"name":"Ana s\u0259hif\u0259","item":"https:\/\/www.meydan.tv\/az\/"},{"@type":"ListItem","position":2,"name":"Analitika","item":"https:\/\/www.meydan.tv\/az\/section\/analitika\/"},{"@type":"ListItem","position":3,"name":"Suda bo\u011fulan\u0131 xilas etm\u0259k laz\u0131md\u0131rm\u0131?"}]},{"@type":"WebSite","@id":"https:\/\/www.meydan.tv\/az\/#website","url":"https:\/\/www.meydan.tv\/az\/","name":"MEYDAN.TV","description":"Meydan TV Az\u0259rbaycan\u0131n media m\u0259kan\u0131ndak\u0131 alternativ s\u0259sidir","publisher":{"@id":"https:\/\/www.meydan.tv\/az\/#organization"},"potentialAction":[{"@type":"SearchAction","target":{"@type":"EntryPoint","urlTemplate":"https:\/\/www.meydan.tv\/az\/?s={search_term_string}"},"query-input":{"@type":"PropertyValueSpecification","valueRequired":true,"valueName":"search_term_string"}}],"inLanguage":"az"},{"@type":"Organization","@id":"https:\/\/www.meydan.tv\/az\/#organization","name":"Meydan TV","url":"https:\/\/www.meydan.tv\/az\/","logo":{"@type":"ImageObject","inLanguage":"az","@id":"https:\/\/www.meydan.tv\/az\/#\/schema\/logo\/image\/","url":"https:\/\/www.meydan.tv\/wp-content\/uploads\/2021\/07\/meydan-logo.svg","contentUrl":"https:\/\/www.meydan.tv\/wp-content\/uploads\/2021\/07\/meydan-logo.svg","width":195,"height":46,"caption":"Meydan TV"},"image":{"@id":"https:\/\/www.meydan.tv\/az\/#\/schema\/logo\/image\/"}},{"@type":"Person","@id":"https:\/\/www.meydan.tv\/az\/#\/schema\/person\/10d11eccf6da3662cf5fdab9806ea91a","name":"user-manager"}]}},"_links":{"self":[{"href":"https:\/\/www.meydan.tv\/az\/wp-json\/wp\/v2\/posts\/178369","targetHints":{"allow":["GET"]}}],"collection":[{"href":"https:\/\/www.meydan.tv\/az\/wp-json\/wp\/v2\/posts"}],"about":[{"href":"https:\/\/www.meydan.tv\/az\/wp-json\/wp\/v2\/types\/post"}],"author":[{"embeddable":true,"href":"https:\/\/www.meydan.tv\/az\/wp-json\/wp\/v2\/users\/11"}],"replies":[{"embeddable":true,"href":"https:\/\/www.meydan.tv\/az\/wp-json\/wp\/v2\/comments?post=178369"}],"version-history":[{"count":0,"href":"https:\/\/www.meydan.tv\/az\/wp-json\/wp\/v2\/posts\/178369\/revisions"}],"wp:featuredmedia":[{"embeddable":true,"href":"https:\/\/www.meydan.tv\/az\/wp-json\/wp\/v2\/media\/66129"}],"wp:attachment":[{"href":"https:\/\/www.meydan.tv\/az\/wp-json\/wp\/v2\/media?parent=178369"}],"wp:term":[{"taxonomy":"category","embeddable":true,"href":"https:\/\/www.meydan.tv\/az\/wp-json\/wp\/v2\/categories?post=178369"},{"taxonomy":"post_tag","embeddable":true,"href":"https:\/\/www.meydan.tv\/az\/wp-json\/wp\/v2\/tags?post=178369"}],"curies":[{"name":"wp","href":"https:\/\/api.w.org\/{rel}","templated":true}]}}