{"id":178359,"date":"2016-08-22T19:07:07","date_gmt":"2016-08-22T19:07:07","guid":{"rendered":"https:\/\/www.meydan.tv\/article\/belediyye-adli-tesebbus-qrupunun-yaradilmasi-huquq-pozuntusudur\/"},"modified":"2016-08-22T19:07:07","modified_gmt":"2016-08-22T19:07:07","slug":"belediyye-adli-tesebbus-qrupunun-yaradilmasi-huquq-pozuntusudur","status":"publish","type":"post","link":"https:\/\/www.meydan.tv\/az\/article\/belediyye-adli-tesebbus-qrupunun-yaradilmasi-huquq-pozuntusudur\/","title":{"rendered":"&#8221;B\u0259l\u0259diyy\u0259&#8221; adl\u0131 t\u0259\u015f\u0259bb\u00fcs qrupunun yarad\u0131lmas\u0131 h\u00fcquq pozuntusudur"},"content":{"rendered":"<p>\n  <i><br \/>\n    Bu m\u0259lumat bir h\u00fcquq adam\u0131 kimi m\u0259ni \u015foka sald\u0131.<br \/>\n  <\/i>\n<\/p>\n<p>\n  Avqustun 20-d\u0259 M\u0259rk\u0259zi Se\u00e7ki Komissiyas\u0131 (MSK) bir qrup b\u0259l\u0259diyy\u0259nin t\u0259\u015f\u0259bb\u00fcs\u00fc il\u0259 &#8220;B\u0259l\u0259diyy\u0259&#8221; referendum \u00fczr\u0259 t\u0259\u015fviqat qrupunu qeyd\u0259 ald\u0131\u011f\u0131na dair informasiya yay\u0131b. Bu m\u0259lumat bir h\u00fcquq adam\u0131 kimi m\u0259ni \u015foka sald\u0131.\n<\/p>\n<p>\n  Az\u0259rbaycan Konstitusiyas\u0131nda IX f\u0259sil &#8220;B\u0259l\u0259diyy\u0259&#8221; adlan\u0131r v\u0259 idar\u0259etm\u0259nin yerli \u0259h\u0259miyy\u0259tli funksiyas\u0131 m\u0259hz Konstitusiya il\u0259 bu quruma h\u0259val\u0259 edilib. Konstitusiyan\u0131n 144-c\u00fc madd\u0259si il\u0259 bu qurumun s\u0259lahiy\u0259tl\u0259rinin \u00e7\u0259r\u00e7iv\u0259sini d\u0259qiq sayaraq m\u0259hdud m\u00fc\u0259yy\u0259n edib. Y\u0259ni bu s\u0259lahiyy\u0259t \u00e7\u0259r\u00e7iv\u0259sind\u0259n k\u0259nara \u00e7\u0131xmaq B\u0259l\u0259diyy\u0259l\u0259r \u00fc\u00e7\u00fcn Konstitusiyan\u0131 pozmaqd\u0131r.\n<\/p>\n<p>\n  Ayr\u0131ca, Se\u00e7ki M\u0259c\u0259ll\u0259sind\u0259 se\u00e7kil\u0259ri idar\u0259 ed\u0259n qurum kimi n\u0259z\u0259rd\u0259 tutulan komissiyalar\u0131n m\u0259hz bu b\u0259l\u0259diyy\u0259l\u0259rl\u0259 s\u0131x \u0259m\u0259kda\u015fl\u0131q etm\u0259si n\u0259z\u0259rd\u0259 tutulub. Y\u0259ni b\u0259l\u0259diyy\u0259l\u0259r se\u00e7ki v\u0259 referendumlar\u0131n ke\u00e7irilm\u0259si prosesind\u0259 inzibati orqan funksiyas\u0131 da da\u015f\u0131y\u0131r.\n<\/p>\n<p>\n  Konstitusiyada m\u00fc\u0259yy\u0259n s\u0259lahiyy\u0259tl\u0259r veril\u0259n Prezident institutu, Ba\u015f Nazirlik, m\u0259hk\u0259m\u0259 qurumlar\u0131 kimi b\u0259l\u0259diyy\u0259l\u0259r d\u0259 konstitusion qurumlard\u0131r. Se\u00e7ki v\u0259 referendumlarda bunlar t\u0259\u015f\u0259bb\u00fcskar kimi \u00e7\u0131x\u0131\u015f ed\u0259 bilm\u0259zl\u0259r. Bunlar\u0131n s\u0259lahiyy\u0259t \u00e7\u0259r\u00e7iv\u0259si Konstitusiya il\u0259 m\u0259hdudla\u015fd\u0131r\u0131l\u0131b. Konstitusiyada is\u0259 144-c\u00fc madd\u0259d\u0259 s\u0259lahiyy\u0259tl\u0259r 9 b\u0259nd \u00fczr\u0259 ayd\u0131n g\u00f6st\u0259rilib. Bu s\u0259lahiyy\u0259tl\u0259r i\u00e7\u0259risind\u0259 referendumda t\u0259r\u0259f kimi t\u0259\u015f\u0259bb\u00fcs g\u00f6st\u0259rm\u0259k konkret n\u0259z\u0259rd\u0259 tutulmay\u0131b.\n<\/p>\n<p>\n  &#8220;Qanunla qada\u011fan olunmayan h\u0259r \u015fey s\u0259rb\u0259stdir&#8221; &#8211; prinsipi v\u0259t\u0259nda\u015flar\u0131n h\u00fcquq v\u0259 azadl\u0131qlar\u0131n h\u0259yata ke\u00e7irilm\u0259sind\u0259 t\u0259tbiq oluna bil\u0259r. Lakin konkret s\u0259lahiyy\u0259t dair\u0259si Konstitusiya il\u0259 m\u00fc\u0259yy\u0259n edil\u0259n qurumlar\u0131n, Milli M\u0259slisin, M\u0259hk\u0259m\u0259l\u0259rin, B\u0259l\u0259diyy\u0259l\u0259rin s\u0259lahiyy\u0259ti m\u00fc\u0259yy\u0259n edildiyi s\u0259rh\u0259dl\u0259rl\u0259 m\u0259hduddur. Bu qurumlara verilm\u0259y\u0259n s\u0259lahiyy\u0259tl\u0259ri icra etm\u0259y\u0259 t\u0259\u015f\u0259bb\u00fcs g\u00f6st\u0259rs\u0259l\u0259r, ba\u015fqa sah\u0259l\u0259r\u0259 qanunsuz m\u00fcdaxil\u0259 etmi\u015f olarlar.\n<\/p>\n<p>\n  Konstitusiyan\u0131n IX f\u0259slind\u0259n ayd\u0131n g\u00f6r\u00fcnd\u00fcy\u00fc kimi, b\u0259l\u0259diyy\u0259l\u0259r qurum kimi t\u0259\u015f\u0259bb\u00fcs g\u00f6st\u0259r\u0259 bilm\u0259z, prosesd\u0259 onlr\u0131n t\u0259r\u0259f kimi \u00e7\u0131x\u0131\u015f etm\u0259si qanunla qada\u011fand\u0131r. B\u0259l\u0259diyy\u0259 \u00fczvl\u0259ri d\u0259, b\u0259l\u0259diyy\u0259 v\u0259zif\u0259l\u0259rind\u0259 olan \u015f\u0259xsl\u0259r d\u0259 bu qurumda olmalar\u0131n\u0131 \u00fcst\u00fcnl\u00fck kimi t\u0259qdim edib, referendum \u00fczr\u0259 t\u0259\u015f\u0259bb\u00fcs qrupunun t\u0259sis\u00e7isi ola bilm\u0259zl\u0259r.\n<\/p>\n<p>\n  T\u0259\u015f\u0259bb\u00fcs qrupunun ad\u0131n\u0131n &#8220;B\u0259l\u0259diyy\u0259&#8221; olaraq se\u00e7ilm\u0259si t\u0259\u015f\u0259bb\u00fcskarlar\u0131n v\u0259t\u0259nda\u015f olmas\u0131 hal\u0131nda bel\u0259 yolveril\u0259n deyil. MSK bu ad\u0131 qeyd\u0259 almamal\u0131 idi. \u00c7\u00fcnki B\u0259l\u0259diyy\u0259 konstitutsion qurumdur. Eyni il\u0259 &#8220;Prezident&#8221;, &#8220;Milli M\u0259clis&#8221;, &#8220;Ali M\u0259hk\u0259m\u0259&#8221;, Konstitusiya M\u0259hk\u0259m\u0259si&#8221;, &#8220;Ba\u015f Nazir&#8221; kimi adlar alt\u0131nda t\u0259\u015f\u0259bb\u00fcs qrupunun yarad\u0131lmas\u0131 nec\u0259 m\u00fcmk\u00fcns\u00fczd\u00fcr v\u0259 buna t\u0259\u015f\u0259bb\u00fcs ed\u0259nl\u0259r qeyd\u0259 al\u0131nm\u0131rlarsa, &#8220;B\u0259l\u0259diyy\u0259&#8221; ad\u0131 da m\u0259hz konstitusion qurum oldu\u011fundan h\u0259min addan sui-istifad\u0259y\u0259 MSK yol verm\u0259m\u0259li idi.\n<\/p>\n<p>\n  Se\u00e7ki M\u0259c\u0259ll\u0259sinin 61-ci madd\u0259si t\u0259\u015f\u0259bb\u00fcs h\u00fcququnu sad\u0259c\u0259 v\u0259t\u0259nda\u015flara verir. Lakin bunlar\u0131n da dair\u0259sini m\u0259hdudla\u015fd\u0131r\u0131r.\n<\/p>\n<p>\n  M\u0259s\u0259l\u0259n, Se\u00e7ki M\u0259c\u0259ll\u0259sinin 69.3-c\u00fc madd\u0259sind\u0259 bildirilir ki, b\u0259l\u0259diyy\u0259 v\u0259zif\u0259l\u0259rind\u0259 olan referendum \u00fczr\u0259 t\u0259\u015fviqat qruplar\u0131 yarad\u0131lmas\u0131n\u0131n t\u0259\u015f\u0259bb\u00fcs\u00e7\u00fcl\u0259ri \u00f6z v\u0259zif\u0259 m\u00f6vqel\u0259rind\u0259n \u00fcst\u00fcnl\u00fck \u0259ld\u0259 etm\u0259k \u00fc\u00e7\u00fcn istifad\u0259 ed\u0259 bilm\u0259zl\u0259r. T\u0259sad\u00fcfi deyil ki, 69.5-ci madd\u0259d\u0259 a\u00e7\u0131q \u015f\u0259kild\u0259 bildirilir: &#8220;&#8230;b\u0259l\u0259diyy\u0259 v\u0259zif\u0259l\u0259rind\u0259 olan referendum \u00fczr\u0259 t\u0259\u015fviqat qruplar\u0131 yarad\u0131lmas\u0131 t\u0259\u015f\u0259bb\u00fcs\u00e7\u00fcl\u0259rinin yaln\u0131z \u00f6z v\u0259zif\u0259l\u0259rini icra etm\u0259kd\u0259n azad olundu\u011fu vaxtda se\u00e7kiqaba\u011f\u0131 (referendumqaba\u011f\u0131) t\u0259\u015fviqat aparmaq h\u00fcququ vard\u0131r&#8221;.\n<\/p>\n<p>\n  Sonda onu da vur\u011fulamaq ist\u0259rdim ki, B\u0259l\u0259diyy\u0259l\u0259r Se\u00e7ki M\u0259c\u0259ll\u0259sin\u0259 \u0259sas\u0259n se\u00e7ici siyah\u0131lar\u0131n\u0131n formala\u015fmas\u0131, habel\u0259 komissiyalar\u0131n harada formala\u015fmas\u0131na g\u00f6r\u0259 m\u00fc\u0259yy\u0259n s\u0259lahiyy\u0259tl\u0259r icra edir. Y\u0259ni se\u00e7icil\u0259rin \u015f\u0259xsi m\u0259lumatlar\u0131na malikdirl\u0259r.\n<\/p>\n<p>\n  Bel\u0259 olan halda, t\u0259\u015f\u0259bb\u00fcs qrupunda yer alan b\u0259l\u0259diyy\u0259nin, onun v\u0259zif\u0259li \u015f\u0259xsl\u0259rinin imza toplamas\u0131 zaman\u0131 \u0259lind\u0259 tutdu\u011fu h\u0259min \u015f\u0259xsi m\u0259lumatlardan qanunsuz istifad\u0259si nec\u0259 \u00f6nl\u0259n\u0259 bil\u0259r?\n<\/p>\n<p>\n  Bu, \u00f6zl\u00fcy\u00fcnd\u0259 h\u00fcquq pozuntusuna birba\u015fa d\u0259v\u0259tnam\u0259 verm\u0259k deyilmi?\n<\/p>\n<p>\n  G\u00f6r\u00fcnd\u00fcy\u00fc kimi, MSK Konstitusiyaya zidd olaraq, &#8220;B\u0259l\u0259diyy\u0259&#8221; adl\u0131 t\u0259\u015fviqat qrupunu qeyd\u0259 al\u0131b. Bu, Referendumun n\u0259tic\u0259l\u0259rinin b\u0259ri ba\u015fdan \u015f\u00fcbh\u0259 alt\u0131na d\u00fc\u015fm\u0259si il\u0259 qiym\u0259tl\u0259ndiril\u0259c\u0259k.\n<\/p>\n<\/p>\n<p>\n  M\u0259nb\u0259:<br \/>\n  <a href=\"http:\/\/alasgarmaammadli.blogspot.jp\/2016\/08\/bldiyy-adl-referendum-tsbbus-qrupunun.html?spref=fb\" target=\"_blank\" rel=\"noopener\"><br \/>\n    \u018fl\u0259sg\u0259r M\u0259mm\u0259dlinin bloqu<br \/>\n  <\/a><\/p>\n","protected":false},"excerpt":{"rendered":"<p>Bu m\u0259lumat bir h\u00fcquq adam\u0131 kimi m\u0259ni \u015foka sald\u0131<\/p>\n","protected":false},"author":11,"featured_media":58007,"comment_status":"closed","ping_status":"open","sticky":false,"template":"","format":"standard","meta":{"_acf_changed":false,"_sitemap_exclude":false,"_sitemap_priority":"","_sitemap_frequency":"","footnotes":""},"categories":[51],"tags":[],"class_list":["post-178359","post","type-post","status-publish","format-standard","has-post-thumbnail","hentry","category-analitika","infinite-scroll-item","generate-columns","tablet-grid-50","mobile-grid-100","grid-parent","grid-33","no-featured-image-padding"],"acf":[],"yoast_head":"<!-- This site is optimized with the Yoast SEO plugin v27.5 - https:\/\/yoast.com\/product\/yoast-seo-wordpress\/ -->\n<title>&#039;&#039;B\u0259l\u0259diyy\u0259&#039;&#039; adl\u0131 t\u0259\u015f\u0259bb\u00fcs qrupunun yarad\u0131lmas\u0131 h\u00fcquq pozuntusudur - MEYDAN.TV<\/title>\n<meta name=\"robots\" content=\"index, follow, max-snippet:-1, max-image-preview:large, max-video-preview:-1\" \/>\n<link rel=\"canonical\" href=\"https:\/\/www.meydan.tv\/az\/article\/belediyye-adli-tesebbus-qrupunun-yaradilmasi-huquq-pozuntusudur\/\" \/>\n<meta property=\"og:locale\" content=\"az_AZ\" \/>\n<meta property=\"og:type\" content=\"article\" \/>\n<meta property=\"og:title\" content=\"&#039;&#039;B\u0259l\u0259diyy\u0259&#039;&#039; adl\u0131 t\u0259\u015f\u0259bb\u00fcs qrupunun yarad\u0131lmas\u0131 h\u00fcquq pozuntusudur - MEYDAN.TV\" \/>\n<meta property=\"og:description\" content=\"Bu m\u0259lumat bir h\u00fcquq adam\u0131 kimi m\u0259ni \u015foka sald\u0131\" \/>\n<meta property=\"og:url\" content=\"https:\/\/www.meydan.tv\/az\/article\/belediyye-adli-tesebbus-qrupunun-yaradilmasi-huquq-pozuntusudur\/\" \/>\n<meta property=\"og:site_name\" content=\"MEYDAN.TV\" \/>\n<meta property=\"article:published_time\" content=\"2016-08-22T19:07:07+00:00\" \/>\n<meta property=\"og:image\" content=\"https:\/\/www.meydan.tv\/wp-content\/uploads\/21982.jpg\" \/>\n\t<meta property=\"og:image:width\" content=\"1280\" \/>\n\t<meta property=\"og:image:height\" content=\"720\" \/>\n\t<meta property=\"og:image:type\" content=\"image\/jpeg\" \/>\n<meta name=\"author\" content=\"user-manager\" \/>\n<meta name=\"twitter:card\" content=\"summary_large_image\" \/>\n<script type=\"application\/ld+json\" class=\"yoast-schema-graph\">{\"@context\":\"https:\\\/\\\/schema.org\",\"@graph\":[{\"@type\":\"Article\",\"@id\":\"https:\\\/\\\/www.meydan.tv\\\/az\\\/article\\\/belediyye-adli-tesebbus-qrupunun-yaradilmasi-huquq-pozuntusudur\\\/#article\",\"isPartOf\":{\"@id\":\"https:\\\/\\\/www.meydan.tv\\\/az\\\/article\\\/belediyye-adli-tesebbus-qrupunun-yaradilmasi-huquq-pozuntusudur\\\/\"},\"author\":{\"name\":\"user-manager\",\"@id\":\"https:\\\/\\\/www.meydan.tv\\\/az\\\/#\\\/schema\\\/person\\\/10d11eccf6da3662cf5fdab9806ea91a\"},\"headline\":\"&#8221;B\u0259l\u0259diyy\u0259&#8221; adl\u0131 t\u0259\u015f\u0259bb\u00fcs qrupunun yarad\u0131lmas\u0131 h\u00fcquq pozuntusudur\",\"datePublished\":\"2016-08-22T19:07:07+00:00\",\"mainEntityOfPage\":{\"@id\":\"https:\\\/\\\/www.meydan.tv\\\/az\\\/article\\\/belediyye-adli-tesebbus-qrupunun-yaradilmasi-huquq-pozuntusudur\\\/\"},\"wordCount\":913,\"publisher\":{\"@id\":\"https:\\\/\\\/www.meydan.tv\\\/az\\\/#organization\"},\"image\":{\"@id\":\"https:\\\/\\\/www.meydan.tv\\\/az\\\/article\\\/belediyye-adli-tesebbus-qrupunun-yaradilmasi-huquq-pozuntusudur\\\/#primaryimage\"},\"thumbnailUrl\":\"https:\\\/\\\/www.meydan.tv\\\/wp-content\\\/uploads\\\/21982.jpg\",\"articleSection\":[\"Analitika\"],\"inLanguage\":\"az\"},{\"@type\":\"WebPage\",\"@id\":\"https:\\\/\\\/www.meydan.tv\\\/az\\\/article\\\/belediyye-adli-tesebbus-qrupunun-yaradilmasi-huquq-pozuntusudur\\\/\",\"url\":\"https:\\\/\\\/www.meydan.tv\\\/az\\\/article\\\/belediyye-adli-tesebbus-qrupunun-yaradilmasi-huquq-pozuntusudur\\\/\",\"name\":\"''B\u0259l\u0259diyy\u0259'' adl\u0131 t\u0259\u015f\u0259bb\u00fcs qrupunun yarad\u0131lmas\u0131 h\u00fcquq pozuntusudur - MEYDAN.TV\",\"isPartOf\":{\"@id\":\"https:\\\/\\\/www.meydan.tv\\\/az\\\/#website\"},\"primaryImageOfPage\":{\"@id\":\"https:\\\/\\\/www.meydan.tv\\\/az\\\/article\\\/belediyye-adli-tesebbus-qrupunun-yaradilmasi-huquq-pozuntusudur\\\/#primaryimage\"},\"image\":{\"@id\":\"https:\\\/\\\/www.meydan.tv\\\/az\\\/article\\\/belediyye-adli-tesebbus-qrupunun-yaradilmasi-huquq-pozuntusudur\\\/#primaryimage\"},\"thumbnailUrl\":\"https:\\\/\\\/www.meydan.tv\\\/wp-content\\\/uploads\\\/21982.jpg\",\"datePublished\":\"2016-08-22T19:07:07+00:00\",\"breadcrumb\":{\"@id\":\"https:\\\/\\\/www.meydan.tv\\\/az\\\/article\\\/belediyye-adli-tesebbus-qrupunun-yaradilmasi-huquq-pozuntusudur\\\/#breadcrumb\"},\"inLanguage\":\"az\",\"potentialAction\":[{\"@type\":\"ReadAction\",\"target\":[\"https:\\\/\\\/www.meydan.tv\\\/az\\\/article\\\/belediyye-adli-tesebbus-qrupunun-yaradilmasi-huquq-pozuntusudur\\\/\"]}]},{\"@type\":\"ImageObject\",\"inLanguage\":\"az\",\"@id\":\"https:\\\/\\\/www.meydan.tv\\\/az\\\/article\\\/belediyye-adli-tesebbus-qrupunun-yaradilmasi-huquq-pozuntusudur\\\/#primaryimage\",\"url\":\"https:\\\/\\\/www.meydan.tv\\\/wp-content\\\/uploads\\\/21982.jpg\",\"contentUrl\":\"https:\\\/\\\/www.meydan.tv\\\/wp-content\\\/uploads\\\/21982.jpg\",\"width\":1280,\"height\":720,\"caption\":\"Source:\"},{\"@type\":\"BreadcrumbList\",\"@id\":\"https:\\\/\\\/www.meydan.tv\\\/az\\\/article\\\/belediyye-adli-tesebbus-qrupunun-yaradilmasi-huquq-pozuntusudur\\\/#breadcrumb\",\"itemListElement\":[{\"@type\":\"ListItem\",\"position\":1,\"name\":\"Ana s\u0259hif\u0259\",\"item\":\"https:\\\/\\\/www.meydan.tv\\\/az\\\/\"},{\"@type\":\"ListItem\",\"position\":2,\"name\":\"Analitika\",\"item\":\"https:\\\/\\\/www.meydan.tv\\\/az\\\/section\\\/analitika\\\/\"},{\"@type\":\"ListItem\",\"position\":3,\"name\":\"&#8221;B\u0259l\u0259diyy\u0259&#8221; adl\u0131 t\u0259\u015f\u0259bb\u00fcs qrupunun yarad\u0131lmas\u0131 h\u00fcquq pozuntusudur\"}]},{\"@type\":\"WebSite\",\"@id\":\"https:\\\/\\\/www.meydan.tv\\\/az\\\/#website\",\"url\":\"https:\\\/\\\/www.meydan.tv\\\/az\\\/\",\"name\":\"MEYDAN.TV\",\"description\":\"Meydan TV Az\u0259rbaycan\u0131n media m\u0259kan\u0131ndak\u0131 alternativ s\u0259sidir\",\"publisher\":{\"@id\":\"https:\\\/\\\/www.meydan.tv\\\/az\\\/#organization\"},\"potentialAction\":[{\"@type\":\"SearchAction\",\"target\":{\"@type\":\"EntryPoint\",\"urlTemplate\":\"https:\\\/\\\/www.meydan.tv\\\/az\\\/?s={search_term_string}\"},\"query-input\":{\"@type\":\"PropertyValueSpecification\",\"valueRequired\":true,\"valueName\":\"search_term_string\"}}],\"inLanguage\":\"az\"},{\"@type\":\"Organization\",\"@id\":\"https:\\\/\\\/www.meydan.tv\\\/az\\\/#organization\",\"name\":\"Meydan TV\",\"url\":\"https:\\\/\\\/www.meydan.tv\\\/az\\\/\",\"logo\":{\"@type\":\"ImageObject\",\"inLanguage\":\"az\",\"@id\":\"https:\\\/\\\/www.meydan.tv\\\/az\\\/#\\\/schema\\\/logo\\\/image\\\/\",\"url\":\"https:\\\/\\\/www.meydan.tv\\\/wp-content\\\/uploads\\\/2021\\\/07\\\/meydan-logo.svg\",\"contentUrl\":\"https:\\\/\\\/www.meydan.tv\\\/wp-content\\\/uploads\\\/2021\\\/07\\\/meydan-logo.svg\",\"width\":195,\"height\":46,\"caption\":\"Meydan TV\"},\"image\":{\"@id\":\"https:\\\/\\\/www.meydan.tv\\\/az\\\/#\\\/schema\\\/logo\\\/image\\\/\"}},{\"@type\":\"Person\",\"@id\":\"https:\\\/\\\/www.meydan.tv\\\/az\\\/#\\\/schema\\\/person\\\/10d11eccf6da3662cf5fdab9806ea91a\",\"name\":\"user-manager\"}]}<\/script>\n<!-- \/ Yoast SEO plugin. -->","yoast_head_json":{"title":"''B\u0259l\u0259diyy\u0259'' adl\u0131 t\u0259\u015f\u0259bb\u00fcs qrupunun yarad\u0131lmas\u0131 h\u00fcquq pozuntusudur - MEYDAN.TV","robots":{"index":"index","follow":"follow","max-snippet":"max-snippet:-1","max-image-preview":"max-image-preview:large","max-video-preview":"max-video-preview:-1"},"canonical":"https:\/\/www.meydan.tv\/az\/article\/belediyye-adli-tesebbus-qrupunun-yaradilmasi-huquq-pozuntusudur\/","og_locale":"az_AZ","og_type":"article","og_title":"''B\u0259l\u0259diyy\u0259'' adl\u0131 t\u0259\u015f\u0259bb\u00fcs qrupunun yarad\u0131lmas\u0131 h\u00fcquq pozuntusudur - MEYDAN.TV","og_description":"Bu m\u0259lumat bir h\u00fcquq adam\u0131 kimi m\u0259ni \u015foka sald\u0131","og_url":"https:\/\/www.meydan.tv\/az\/article\/belediyye-adli-tesebbus-qrupunun-yaradilmasi-huquq-pozuntusudur\/","og_site_name":"MEYDAN.TV","article_published_time":"2016-08-22T19:07:07+00:00","og_image":[{"width":1280,"height":720,"url":"https:\/\/www.meydan.tv\/wp-content\/uploads\/21982.jpg","type":"image\/jpeg"}],"author":"user-manager","twitter_card":"summary_large_image","schema":{"@context":"https:\/\/schema.org","@graph":[{"@type":"Article","@id":"https:\/\/www.meydan.tv\/az\/article\/belediyye-adli-tesebbus-qrupunun-yaradilmasi-huquq-pozuntusudur\/#article","isPartOf":{"@id":"https:\/\/www.meydan.tv\/az\/article\/belediyye-adli-tesebbus-qrupunun-yaradilmasi-huquq-pozuntusudur\/"},"author":{"name":"user-manager","@id":"https:\/\/www.meydan.tv\/az\/#\/schema\/person\/10d11eccf6da3662cf5fdab9806ea91a"},"headline":"&#8221;B\u0259l\u0259diyy\u0259&#8221; adl\u0131 t\u0259\u015f\u0259bb\u00fcs qrupunun yarad\u0131lmas\u0131 h\u00fcquq pozuntusudur","datePublished":"2016-08-22T19:07:07+00:00","mainEntityOfPage":{"@id":"https:\/\/www.meydan.tv\/az\/article\/belediyye-adli-tesebbus-qrupunun-yaradilmasi-huquq-pozuntusudur\/"},"wordCount":913,"publisher":{"@id":"https:\/\/www.meydan.tv\/az\/#organization"},"image":{"@id":"https:\/\/www.meydan.tv\/az\/article\/belediyye-adli-tesebbus-qrupunun-yaradilmasi-huquq-pozuntusudur\/#primaryimage"},"thumbnailUrl":"https:\/\/www.meydan.tv\/wp-content\/uploads\/21982.jpg","articleSection":["Analitika"],"inLanguage":"az"},{"@type":"WebPage","@id":"https:\/\/www.meydan.tv\/az\/article\/belediyye-adli-tesebbus-qrupunun-yaradilmasi-huquq-pozuntusudur\/","url":"https:\/\/www.meydan.tv\/az\/article\/belediyye-adli-tesebbus-qrupunun-yaradilmasi-huquq-pozuntusudur\/","name":"''B\u0259l\u0259diyy\u0259'' adl\u0131 t\u0259\u015f\u0259bb\u00fcs qrupunun yarad\u0131lmas\u0131 h\u00fcquq pozuntusudur - MEYDAN.TV","isPartOf":{"@id":"https:\/\/www.meydan.tv\/az\/#website"},"primaryImageOfPage":{"@id":"https:\/\/www.meydan.tv\/az\/article\/belediyye-adli-tesebbus-qrupunun-yaradilmasi-huquq-pozuntusudur\/#primaryimage"},"image":{"@id":"https:\/\/www.meydan.tv\/az\/article\/belediyye-adli-tesebbus-qrupunun-yaradilmasi-huquq-pozuntusudur\/#primaryimage"},"thumbnailUrl":"https:\/\/www.meydan.tv\/wp-content\/uploads\/21982.jpg","datePublished":"2016-08-22T19:07:07+00:00","breadcrumb":{"@id":"https:\/\/www.meydan.tv\/az\/article\/belediyye-adli-tesebbus-qrupunun-yaradilmasi-huquq-pozuntusudur\/#breadcrumb"},"inLanguage":"az","potentialAction":[{"@type":"ReadAction","target":["https:\/\/www.meydan.tv\/az\/article\/belediyye-adli-tesebbus-qrupunun-yaradilmasi-huquq-pozuntusudur\/"]}]},{"@type":"ImageObject","inLanguage":"az","@id":"https:\/\/www.meydan.tv\/az\/article\/belediyye-adli-tesebbus-qrupunun-yaradilmasi-huquq-pozuntusudur\/#primaryimage","url":"https:\/\/www.meydan.tv\/wp-content\/uploads\/21982.jpg","contentUrl":"https:\/\/www.meydan.tv\/wp-content\/uploads\/21982.jpg","width":1280,"height":720,"caption":"Source:"},{"@type":"BreadcrumbList","@id":"https:\/\/www.meydan.tv\/az\/article\/belediyye-adli-tesebbus-qrupunun-yaradilmasi-huquq-pozuntusudur\/#breadcrumb","itemListElement":[{"@type":"ListItem","position":1,"name":"Ana s\u0259hif\u0259","item":"https:\/\/www.meydan.tv\/az\/"},{"@type":"ListItem","position":2,"name":"Analitika","item":"https:\/\/www.meydan.tv\/az\/section\/analitika\/"},{"@type":"ListItem","position":3,"name":"&#8221;B\u0259l\u0259diyy\u0259&#8221; adl\u0131 t\u0259\u015f\u0259bb\u00fcs qrupunun yarad\u0131lmas\u0131 h\u00fcquq pozuntusudur"}]},{"@type":"WebSite","@id":"https:\/\/www.meydan.tv\/az\/#website","url":"https:\/\/www.meydan.tv\/az\/","name":"MEYDAN.TV","description":"Meydan TV Az\u0259rbaycan\u0131n media m\u0259kan\u0131ndak\u0131 alternativ s\u0259sidir","publisher":{"@id":"https:\/\/www.meydan.tv\/az\/#organization"},"potentialAction":[{"@type":"SearchAction","target":{"@type":"EntryPoint","urlTemplate":"https:\/\/www.meydan.tv\/az\/?s={search_term_string}"},"query-input":{"@type":"PropertyValueSpecification","valueRequired":true,"valueName":"search_term_string"}}],"inLanguage":"az"},{"@type":"Organization","@id":"https:\/\/www.meydan.tv\/az\/#organization","name":"Meydan TV","url":"https:\/\/www.meydan.tv\/az\/","logo":{"@type":"ImageObject","inLanguage":"az","@id":"https:\/\/www.meydan.tv\/az\/#\/schema\/logo\/image\/","url":"https:\/\/www.meydan.tv\/wp-content\/uploads\/2021\/07\/meydan-logo.svg","contentUrl":"https:\/\/www.meydan.tv\/wp-content\/uploads\/2021\/07\/meydan-logo.svg","width":195,"height":46,"caption":"Meydan TV"},"image":{"@id":"https:\/\/www.meydan.tv\/az\/#\/schema\/logo\/image\/"}},{"@type":"Person","@id":"https:\/\/www.meydan.tv\/az\/#\/schema\/person\/10d11eccf6da3662cf5fdab9806ea91a","name":"user-manager"}]}},"_links":{"self":[{"href":"https:\/\/www.meydan.tv\/az\/wp-json\/wp\/v2\/posts\/178359","targetHints":{"allow":["GET"]}}],"collection":[{"href":"https:\/\/www.meydan.tv\/az\/wp-json\/wp\/v2\/posts"}],"about":[{"href":"https:\/\/www.meydan.tv\/az\/wp-json\/wp\/v2\/types\/post"}],"author":[{"embeddable":true,"href":"https:\/\/www.meydan.tv\/az\/wp-json\/wp\/v2\/users\/11"}],"replies":[{"embeddable":true,"href":"https:\/\/www.meydan.tv\/az\/wp-json\/wp\/v2\/comments?post=178359"}],"version-history":[{"count":0,"href":"https:\/\/www.meydan.tv\/az\/wp-json\/wp\/v2\/posts\/178359\/revisions"}],"wp:featuredmedia":[{"embeddable":true,"href":"https:\/\/www.meydan.tv\/az\/wp-json\/wp\/v2\/media\/58007"}],"wp:attachment":[{"href":"https:\/\/www.meydan.tv\/az\/wp-json\/wp\/v2\/media?parent=178359"}],"wp:term":[{"taxonomy":"category","embeddable":true,"href":"https:\/\/www.meydan.tv\/az\/wp-json\/wp\/v2\/categories?post=178359"},{"taxonomy":"post_tag","embeddable":true,"href":"https:\/\/www.meydan.tv\/az\/wp-json\/wp\/v2\/tags?post=178359"}],"curies":[{"name":"wp","href":"https:\/\/api.w.org\/{rel}","templated":true}]}}