{"id":178314,"date":"2016-08-19T15:03:04","date_gmt":"2016-08-19T15:03:04","guid":{"rendered":"https:\/\/www.meydan.tv\/article\/azerbaycan-siyasetinde-gulen-amili\/"},"modified":"2016-08-19T15:03:04","modified_gmt":"2016-08-19T15:03:04","slug":"azerbaycan-siyasetinde-gulen-amili","status":"publish","type":"post","link":"https:\/\/www.meydan.tv\/az\/article\/azerbaycan-siyasetinde-gulen-amili\/","title":{"rendered":"Az\u0259rbaycan siyas\u0259tind\u0259 G\u00fcl\u0259n amili"},"content":{"rendered":"<figure class=\"wp-block-image size-large\">\n  <img decoding=\"async\" src=\"https:\/\/www.meydan.tv\/az\/65919\/\" alt=\"\" class=\"wp-image-65919\"\/><figcaption><\/figcaption><\/figure>\n<p>\n  <i><br \/>\n    \u0130lham \u018fliyev m\u00fcasir informasiya d\u00fcnyas\u0131nda sirl\u0259ri getdikc\u0259 daha tez-tez a\u00e7\u0131lan qar\u0131\u015f\u0131q regional geosiyas\u0259t labirintl\u0259rind\u0259 sabit \u00e7ox istiqam\u0259tlilik x\u0259ttini davam etdirm\u0259y\u0259 \u00a0bilm\u0259zdi<br \/>\n  <\/i>\n<\/p>\n<p>\n  Az\u0259rbaycan hakimiyy\u0259ti \u0259vv\u0259ll\u0259r \u00f6z s\u0131ralar\u0131nda apard\u0131\u011f\u0131 kosmetik t\u0259mizl\u0259m\u0259l\u0259r zaman\u0131 m\u00fcxalif\u0259td\u0259 G\u00fcl\u0259n t\u0259r\u0259fdarlar\u0131n\u0131n oldu\u011fu haqq\u0131nda he\u00e7 n\u0259 dem\u0259yib.\n<\/p>\n<p>\n  Ankaran\u0131n d\u00f6vl\u0259t \u00e7evrili\u015fin\u0259 c\u0259hdd\u0259 v\u0259 \u201cparalel d\u00f6vl\u0259t\u201d yaratmaqda ittiham etdiyi F\u0259tullah G\u00fcl\u0259nin m\u00f6t\u0259dil, amma yar\u0131masson \u201cHizmet\u201d ordeninin t\u0259r\u0259fdarlar\u0131n\u0131n ovu Az\u0259rbaycana da yay\u0131l\u0131b.\n<\/p>\n<\/p>\n<p>\n  Prezident \u018frdo\u011fan iyulun 16-da u\u011fursuz d\u00f6vl\u0259t \u00e7evrili\u015fi c\u0259hdind\u0259n d\u0259rhal sonra n\u00f6vb\u0259ti d\u0259f\u0259 prezident \u0130lham \u018fliyevi Az\u0259rbaycanda G\u00fcl\u0259n \u015f\u0259b\u0259k\u0259sinin \u015fax\u0259l\u0259nm\u0259si il\u0259 ba\u011fl\u0131 q\u0131nay\u0131b.\n<\/p>\n<p>\n  Cavab reaksiyas\u0131 gecikm\u0259yib v\u0259 Ankaran\u0131n siqnal\u0131n\u0131n ilk qurban\u0131 Az\u0259rbaycan\u0131n ANS telekanal\u0131 olub, kanal terrorizmin t\u0259bli\u011find\u0259 ittiham olunub \u2013 \u00e7evrili\u015f \u0259r\u0259f\u0259sind\u0259 G\u00fcl\u0259nd\u0259n g\u00f6t\u00fcr\u00fclm\u00fc\u015f m\u00fcsahib\u0259 n\u0259z\u0259rd\u0259 tutulurdu. Prezident \u018fliyevin ail\u0259sinin m\u00fcsb\u0259t imicini cidd-c\u0259hdl\u0259 t\u0259bli\u011f ed\u0259n \u015firk\u0259t y\u00fcks\u0259k s\u0259viyy\u0259d\u0259 verilmi\u015f q\u0259rar\u0131n qurban\u0131 olub v\u0259 m\u0259hk\u0259m\u0259 q\u0259rar\u0131 il\u0259 yay\u0131m\u0131n\u0131 dayand\u0131r\u0131b.\n<\/p>\n<p>\n  Az\u0259rbaycanda ali m\u0259kt\u0259bl\u0259r aras\u0131nda t\u0259hsil s\u0259viyy\u0259sin\u0259 g\u00f6r\u0259 \u0259n yax\u015f\u0131universitetl\u0259rd\u0259n biri hesab olunan G\u00fcl\u0259nin \u201cQafqaz\u201d Universitetinin taleyi d\u0259 eynil\u0259 bel\u0259 olub. T\u00fcrk m\u00fc\u0259lliml\u0259r i\u015fd\u0259n qovulub v\u0259 m\u00fc\u0259ssis\u0259 SOCAR-a verilib. Dig\u0259r t\u0259\u015fkilati q\u0259rarlar da olub.\n<\/p>\n<p>\n  Qeyd etm\u0259k laz\u0131md\u0131r ki, 2014-c\u00fc ild\u0259 \u018frdo\u011fan\u0131n \u018fliyev\u0259 ilk antig\u00fcl\u0259n m\u00fcraci\u0259tind\u0259n sonra G\u00fcl\u0259nl\u0259 \u0259laq\u0259l\u0259ri if\u015fa olunan b\u0259zi m\u0259murlar i\u015fd\u0259n qovulub, T\u00fcrkiy\u0259nin \u201cSamanyolu\u201d TV-nin yerli filial\u0131 ba\u011flan\u0131b. Onun texniki bazas\u0131 yeni yarad\u0131lm\u0131\u015f, AR Prezident Administrasiyas\u0131n\u0131n n\u0259zar\u0259tind\u0259 olan \u201cX\u0259z\u0259r\u201d TV-y\u0259 ke\u00e7ib.\n<\/p>\n<p>\n  Bak\u0131da hakimiyy\u0259t h\u0259r yolla Az\u0259rbaycanda G\u00fcl\u0259n t\u0259r\u0259fdarlar\u0131ndan qurtulma\u011fa \u00e7al\u0131\u015f\u0131r v\u0259 h\u0259tta g\u00fcl\u0259n\u00e7il\u0259r\u0259 qar\u015f\u0131 cinay\u0259t i\u015fi a\u00e7\u0131ld\u0131\u011f\u0131 haqq\u0131nda m\u0259lumat da yay\u0131l\u0131b. Rusiyan\u0131n \u201c\u0130nterfaks\u201d agentliyi ad\u0131 a\u00e7\u0131qlanmayan m\u0259nb\u0259l\u0259r\u0259 istinadla avqustun 15-d\u0259 bildirib ki, Az\u0259rbaycanda g\u00fcl\u0259n\u00e7il\u0259rin \u0259sas\u0131n\u0131 Xalq C\u0259bh\u0259si Partiyas\u0131n\u0131n lideri \u018fli K\u0259rimlinin \u015f\u0259xsind\u0259 m\u00fcxalif\u0259t t\u0259\u015fkil edir. Amma \u015f\u00fcbh\u0259li informasiya s\u0131z\u0131nt\u0131lar\u0131 istisna olmaqla, m\u00fcxalif\u0259t\u00e7iy\u0259 qar\u015f\u0131 h\u0259l\u0259 r\u0259smi iradlar ir\u0259li s\u00fcr\u00fclm\u0259yib.\n<\/p>\n<p>\n  Eyni zamanda, K\u0259rimliy\u0259 yax\u0131n olan v\u0259 xaricd\u0259n yay\u0131mlanan m\u00fcxalif \u201cAz\u0259rbaycansaat\u0131\u201d televerili\u015fi Milli T\u0259hl\u00fck\u0259sizlik Nazirliyinin ke\u00e7mi\u015f \u0259m\u0259kda\u015f\u0131 Ramin Na\u011f\u0131yevl\u0259 m\u00fcsahib\u0259l\u0259r silsil\u0259si yay\u0131b. O, \u018fliyevin komandas\u0131nda ke\u00e7mi\u015fd\u0259 G\u00fcl\u0259nl\u0259 \u0259laq\u0259l\u0259rin\u0259 g\u00f6r\u0259 art\u0131q v\u0259zif\u0259d\u0259n k\u0259narla\u015fd\u0131r\u0131lm\u0131\u015f v\u0259 bir s\u0131ra y\u00fcks\u0259k v\u0259zif\u0259l\u0259r tutma\u011fa davam ed\u0259n \u015f\u0259xsl\u0259rin adlar\u0131n\u0131 a\u00e7\u0131qlay\u0131r.\n<\/p>\n<p>\n  Az\u0259rbaycan hakimiyy\u0259ti \u0259vv\u0259ll\u0259r \u00f6z s\u0131ralar\u0131nda apard\u0131\u011f\u0131 kosmetik t\u0259mizl\u0259m\u0259l\u0259r zaman\u0131 m\u00fcxalif\u0259td\u0259 G\u00fcl\u0259n t\u0259r\u0259fdarlar\u0131n\u0131n oldu\u011fu haqq\u0131nda he\u00e7 n\u0259 dem\u0259yib. \u018frdo\u011fan\u0131n \u018fliyev\u0259 t\u0259qdim etdiyi siyah\u0131larda da m\u00fcxalif\u0259t\u00e7il\u0259rin ad\u0131 olmay\u0131b.\n<\/p>\n<p>\n  K\u0259rimli \u00f6z \u00fcittihamlar\u0131n \u0259sass\u0131z oldu\u011funu demokratik yolla se\u00e7ilmi\u015fT\u00fcrkiy\u0259 h\u00f6kum\u0259tin\u0259 d\u0259rhal d\u0259st\u0259k verm\u0259siil\u0259 s\u00fcbutedir, qiyam g\u00fcn\u00fc \u00f6z iqam\u0259tgah\u0131nda v\u0259ziyy\u0259ti izl\u0259y\u0259n \u018fliyevin 15 saat susmas\u0131n\u0131 q\u0131nay\u0131r.\n<\/p>\n<p>\n  Auditoriyaya m\u0259lum ola\u00e7aq informasiya hakimiyy\u0259tin h\u0259r yolla g\u00fcl\u0259n\u00e7il\u0259r h\u0259r\u0259kat\u0131ndan v\u0259 onlarla \u0259laq\u0259l\u0259rd\u0259n qurtulma\u011fa \u00e7al\u0131\u015fd\u0131\u011f\u0131n\u0131 g\u00f6st\u0259rir. K\u0259rimliy\u0259 qar\u015f\u0131 anonim iradlardan ba\u015fqa he\u00e7 bir ittiham yoxdur.\n<\/p>\n<p>\n  Az\u0259rbaycandak\u0131 rejimin G\u00fcl\u0259nl\u0259, el\u0259c\u0259 d\u0259 T\u00fcrkiy\u0259d\u0259ki dig\u0259r m\u00fcxt\u0259lif c\u0259r\u0259yanlar v\u0259 q\u00fcvv\u0259l\u0259rl\u0259 he\u00e7 bir \u0259laq\u0259si olmad\u0131\u011f\u0131n\u0131 d\u00fc\u015f\u00fcnm\u0259k sad\u0259l\u00f6vhl\u00fck olard\u0131. \u0130st\u0259nil\u0259n v\u0259ziyy\u0259td\u0259, q\u00fcvv\u0259l\u0259rin ist\u0259nil\u0259n \u015f\u0259kild\u0259 paylanmas\u0131 v\u0259 prosesl\u0259rin ist\u0259nil\u0259n \u015f\u0259kild\u0259 inki\u015faf etm\u0259si \u015f\u0259raitind\u0259 \u018fliyev T\u00fcrkiy\u0259nin ist\u0259nil\u0259n hakimiyy\u0259ti il\u0259 \u201cRealpolitik\u201d konsepsiyas\u0131 \u00e7\u0259r\u00e7iv\u0259sind\u0259 i\u015fl\u0259m\u0259li olub. \u018frdo\u011fanda bel\u0259 edib, m\u0259s\u0259l\u0259n, Az\u0259rbaycanda \u015f\u00fcbh\u0259li prezident se\u00e7kil\u0259rind\u0259n sonra islami etikadan deyil, praqmatik siyas\u0259t\u00e7i maraqlar\u0131ndan ir\u0259li g\u0259l\u0259r\u0259k \u018fliyev\u0259 siyasi d\u0259st\u0259yini ifad\u0259 edib.\n<\/p>\n<p>\n  Az\u0259rbaycanda rejim h\u0259mi\u015f\u0259 T\u00fcrkiy\u0259 hakimiyy\u0259ti il\u0259 \u0259laq\u0259d\u0259 olub v\u0259 daxili v\u0259 xarici sabitliyin t\u0259min edilm\u0259si \u00fc\u00e7\u00fcn birg\u0259 layih\u0259l\u0259r h\u0259yata ke\u00e7irib, maraqlar\u0131n balans\u0131n\u0131 qoruyub saxlamaq \u00fc\u00e7\u00fcn d\u00f6vl\u0259t elitalar\u0131, dini qurumlar v\u0259 biznes qruplar\u0131 s\u0259viyy\u0259sind\u0259 \u00e7oxt\u0259r\u0259fli \u0259laq\u0259l\u0259r yarad\u0131b. Bu siyas\u0259tin \u0259sas\u0131n\u0131 Heyd\u0259r \u018fliyev qoyub, o, bu \u0259m\u0259kda\u015fl\u0131q variantlar\u0131n\u0131 \u015f\u0259xs\u0259n \u00f6z\u00fc m\u00fc\u0259yy\u0259n edirdi v\u0259 t\u0259r\u0259fda\u015flar m\u00fcst\u0259qil siyas\u0259t h\u0259yata ke\u00e7irdiyi t\u0259qdird\u0259 onlar\u0131 eyni \u015f\u0259kild\u0259 dayand\u0131r\u0131rd\u0131. B\u0259zi Yax\u0131n \u015e\u0259rq dini fondlar\u0131 v\u0259 ya iqtisadi qruplarla da bel\u0259 idi.\n<\/p>\n<p>\n  \u0130lham \u018fliyev m\u00fcasir informasiya d\u00fcnyas\u0131nda sirl\u0259ri getdikc\u0259 daha tez-tez a\u00e7\u0131lan qar\u0131\u015f\u0131q regional geosiyas\u0259t labirintl\u0259rind\u0259 sabit \u00e7ox istiqam\u0259tlilik x\u0259ttini davam etdirm\u0259y\u0259 \u00a0bilm\u0259zdi. B\u0259s K\u0259rimlinin buna n\u0259 aidiyyat\u0131 var?<\/p>\n","protected":false},"excerpt":{"rendered":"<p>\u0130lham \u018fliyev m\u00fcasir informasiya d\u00fcnyas\u0131nda sirl\u0259ri getdikc\u0259 daha tez-tez a\u00e7\u0131lan qar\u0131\u015f\u0131q regional geosiyas\u0259t labirintl\u0259rind\u0259 sabit \u00e7ox istiqam\u0259tlilik x\u0259ttini davam etdirm\u0259y\u0259  bilm\u0259zdi<\/p>\n","protected":false},"author":11,"featured_media":65919,"comment_status":"closed","ping_status":"open","sticky":false,"template":"","format":"standard","meta":{"_acf_changed":false,"_sitemap_exclude":false,"_sitemap_priority":"","_sitemap_frequency":"","footnotes":""},"categories":[51],"tags":[],"class_list":["post-178314","post","type-post","status-publish","format-standard","has-post-thumbnail","hentry","category-analitika","infinite-scroll-item","generate-columns","tablet-grid-50","mobile-grid-100","grid-parent","grid-33","no-featured-image-padding"],"acf":[],"yoast_head":"<!-- This site is optimized with the Yoast SEO plugin v27.5 - https:\/\/yoast.com\/product\/yoast-seo-wordpress\/ -->\n<title>Az\u0259rbaycan siyas\u0259tind\u0259 G\u00fcl\u0259n amili - MEYDAN.TV<\/title>\n<meta name=\"robots\" content=\"index, follow, max-snippet:-1, max-image-preview:large, max-video-preview:-1\" \/>\n<link rel=\"canonical\" href=\"https:\/\/www.meydan.tv\/az\/article\/azerbaycan-siyasetinde-gulen-amili\/\" \/>\n<meta property=\"og:locale\" content=\"az_AZ\" \/>\n<meta property=\"og:type\" content=\"article\" \/>\n<meta property=\"og:title\" content=\"Az\u0259rbaycan siyas\u0259tind\u0259 G\u00fcl\u0259n amili - MEYDAN.TV\" \/>\n<meta property=\"og:description\" content=\"\u0130lham \u018fliyev m\u00fcasir informasiya d\u00fcnyas\u0131nda sirl\u0259ri getdikc\u0259 daha tez-tez a\u00e7\u0131lan qar\u0131\u015f\u0131q regional geosiyas\u0259t labirintl\u0259rind\u0259 sabit \u00e7ox istiqam\u0259tlilik x\u0259ttini davam etdirm\u0259y\u0259 bilm\u0259zdi\" \/>\n<meta property=\"og:url\" content=\"https:\/\/www.meydan.tv\/az\/article\/azerbaycan-siyasetinde-gulen-amili\/\" \/>\n<meta property=\"og:site_name\" content=\"MEYDAN.TV\" \/>\n<meta property=\"article:published_time\" content=\"2016-08-19T15:03:04+00:00\" \/>\n<meta property=\"og:image\" content=\"https:\/\/www.meydan.tv\/wp-content\/uploads\/25150.png\" \/>\n\t<meta property=\"og:image:width\" content=\"720\" \/>\n\t<meta property=\"og:image:height\" content=\"480\" \/>\n\t<meta property=\"og:image:type\" content=\"image\/png\" \/>\n<meta name=\"author\" content=\"user-manager\" \/>\n<meta name=\"twitter:card\" content=\"summary_large_image\" \/>\n<script type=\"application\/ld+json\" class=\"yoast-schema-graph\">{\"@context\":\"https:\\\/\\\/schema.org\",\"@graph\":[{\"@type\":\"Article\",\"@id\":\"https:\\\/\\\/www.meydan.tv\\\/az\\\/article\\\/azerbaycan-siyasetinde-gulen-amili\\\/#article\",\"isPartOf\":{\"@id\":\"https:\\\/\\\/www.meydan.tv\\\/az\\\/article\\\/azerbaycan-siyasetinde-gulen-amili\\\/\"},\"author\":{\"name\":\"user-manager\",\"@id\":\"https:\\\/\\\/www.meydan.tv\\\/az\\\/#\\\/schema\\\/person\\\/10d11eccf6da3662cf5fdab9806ea91a\"},\"headline\":\"Az\u0259rbaycan siyas\u0259tind\u0259 G\u00fcl\u0259n amili\",\"datePublished\":\"2016-08-19T15:03:04+00:00\",\"mainEntityOfPage\":{\"@id\":\"https:\\\/\\\/www.meydan.tv\\\/az\\\/article\\\/azerbaycan-siyasetinde-gulen-amili\\\/\"},\"wordCount\":1009,\"publisher\":{\"@id\":\"https:\\\/\\\/www.meydan.tv\\\/az\\\/#organization\"},\"image\":{\"@id\":\"https:\\\/\\\/www.meydan.tv\\\/az\\\/article\\\/azerbaycan-siyasetinde-gulen-amili\\\/#primaryimage\"},\"thumbnailUrl\":\"https:\\\/\\\/www.meydan.tv\\\/wp-content\\\/uploads\\\/25150.png\",\"articleSection\":[\"Analitika\"],\"inLanguage\":\"az\"},{\"@type\":\"WebPage\",\"@id\":\"https:\\\/\\\/www.meydan.tv\\\/az\\\/article\\\/azerbaycan-siyasetinde-gulen-amili\\\/\",\"url\":\"https:\\\/\\\/www.meydan.tv\\\/az\\\/article\\\/azerbaycan-siyasetinde-gulen-amili\\\/\",\"name\":\"Az\u0259rbaycan siyas\u0259tind\u0259 G\u00fcl\u0259n amili - MEYDAN.TV\",\"isPartOf\":{\"@id\":\"https:\\\/\\\/www.meydan.tv\\\/az\\\/#website\"},\"primaryImageOfPage\":{\"@id\":\"https:\\\/\\\/www.meydan.tv\\\/az\\\/article\\\/azerbaycan-siyasetinde-gulen-amili\\\/#primaryimage\"},\"image\":{\"@id\":\"https:\\\/\\\/www.meydan.tv\\\/az\\\/article\\\/azerbaycan-siyasetinde-gulen-amili\\\/#primaryimage\"},\"thumbnailUrl\":\"https:\\\/\\\/www.meydan.tv\\\/wp-content\\\/uploads\\\/25150.png\",\"datePublished\":\"2016-08-19T15:03:04+00:00\",\"breadcrumb\":{\"@id\":\"https:\\\/\\\/www.meydan.tv\\\/az\\\/article\\\/azerbaycan-siyasetinde-gulen-amili\\\/#breadcrumb\"},\"inLanguage\":\"az\",\"potentialAction\":[{\"@type\":\"ReadAction\",\"target\":[\"https:\\\/\\\/www.meydan.tv\\\/az\\\/article\\\/azerbaycan-siyasetinde-gulen-amili\\\/\"]}]},{\"@type\":\"ImageObject\",\"inLanguage\":\"az\",\"@id\":\"https:\\\/\\\/www.meydan.tv\\\/az\\\/article\\\/azerbaycan-siyasetinde-gulen-amili\\\/#primaryimage\",\"url\":\"https:\\\/\\\/www.meydan.tv\\\/wp-content\\\/uploads\\\/25150.png\",\"contentUrl\":\"https:\\\/\\\/www.meydan.tv\\\/wp-content\\\/uploads\\\/25150.png\",\"width\":720,\"height\":480,\"caption\":\"Source:\"},{\"@type\":\"BreadcrumbList\",\"@id\":\"https:\\\/\\\/www.meydan.tv\\\/az\\\/article\\\/azerbaycan-siyasetinde-gulen-amili\\\/#breadcrumb\",\"itemListElement\":[{\"@type\":\"ListItem\",\"position\":1,\"name\":\"Ana s\u0259hif\u0259\",\"item\":\"https:\\\/\\\/www.meydan.tv\\\/az\\\/\"},{\"@type\":\"ListItem\",\"position\":2,\"name\":\"Analitika\",\"item\":\"https:\\\/\\\/www.meydan.tv\\\/az\\\/section\\\/analitika\\\/\"},{\"@type\":\"ListItem\",\"position\":3,\"name\":\"Az\u0259rbaycan siyas\u0259tind\u0259 G\u00fcl\u0259n amili\"}]},{\"@type\":\"WebSite\",\"@id\":\"https:\\\/\\\/www.meydan.tv\\\/az\\\/#website\",\"url\":\"https:\\\/\\\/www.meydan.tv\\\/az\\\/\",\"name\":\"MEYDAN.TV\",\"description\":\"Meydan TV Az\u0259rbaycan\u0131n media m\u0259kan\u0131ndak\u0131 alternativ s\u0259sidir\",\"publisher\":{\"@id\":\"https:\\\/\\\/www.meydan.tv\\\/az\\\/#organization\"},\"potentialAction\":[{\"@type\":\"SearchAction\",\"target\":{\"@type\":\"EntryPoint\",\"urlTemplate\":\"https:\\\/\\\/www.meydan.tv\\\/az\\\/?s={search_term_string}\"},\"query-input\":{\"@type\":\"PropertyValueSpecification\",\"valueRequired\":true,\"valueName\":\"search_term_string\"}}],\"inLanguage\":\"az\"},{\"@type\":\"Organization\",\"@id\":\"https:\\\/\\\/www.meydan.tv\\\/az\\\/#organization\",\"name\":\"Meydan TV\",\"url\":\"https:\\\/\\\/www.meydan.tv\\\/az\\\/\",\"logo\":{\"@type\":\"ImageObject\",\"inLanguage\":\"az\",\"@id\":\"https:\\\/\\\/www.meydan.tv\\\/az\\\/#\\\/schema\\\/logo\\\/image\\\/\",\"url\":\"https:\\\/\\\/www.meydan.tv\\\/wp-content\\\/uploads\\\/2021\\\/07\\\/meydan-logo.svg\",\"contentUrl\":\"https:\\\/\\\/www.meydan.tv\\\/wp-content\\\/uploads\\\/2021\\\/07\\\/meydan-logo.svg\",\"width\":195,\"height\":46,\"caption\":\"Meydan TV\"},\"image\":{\"@id\":\"https:\\\/\\\/www.meydan.tv\\\/az\\\/#\\\/schema\\\/logo\\\/image\\\/\"}},{\"@type\":\"Person\",\"@id\":\"https:\\\/\\\/www.meydan.tv\\\/az\\\/#\\\/schema\\\/person\\\/10d11eccf6da3662cf5fdab9806ea91a\",\"name\":\"user-manager\"}]}<\/script>\n<!-- \/ Yoast SEO plugin. -->","yoast_head_json":{"title":"Az\u0259rbaycan siyas\u0259tind\u0259 G\u00fcl\u0259n amili - MEYDAN.TV","robots":{"index":"index","follow":"follow","max-snippet":"max-snippet:-1","max-image-preview":"max-image-preview:large","max-video-preview":"max-video-preview:-1"},"canonical":"https:\/\/www.meydan.tv\/az\/article\/azerbaycan-siyasetinde-gulen-amili\/","og_locale":"az_AZ","og_type":"article","og_title":"Az\u0259rbaycan siyas\u0259tind\u0259 G\u00fcl\u0259n amili - MEYDAN.TV","og_description":"\u0130lham \u018fliyev m\u00fcasir informasiya d\u00fcnyas\u0131nda sirl\u0259ri getdikc\u0259 daha tez-tez a\u00e7\u0131lan qar\u0131\u015f\u0131q regional geosiyas\u0259t labirintl\u0259rind\u0259 sabit \u00e7ox istiqam\u0259tlilik x\u0259ttini davam etdirm\u0259y\u0259 bilm\u0259zdi","og_url":"https:\/\/www.meydan.tv\/az\/article\/azerbaycan-siyasetinde-gulen-amili\/","og_site_name":"MEYDAN.TV","article_published_time":"2016-08-19T15:03:04+00:00","og_image":[{"width":720,"height":480,"url":"https:\/\/www.meydan.tv\/wp-content\/uploads\/25150.png","type":"image\/png"}],"author":"user-manager","twitter_card":"summary_large_image","schema":{"@context":"https:\/\/schema.org","@graph":[{"@type":"Article","@id":"https:\/\/www.meydan.tv\/az\/article\/azerbaycan-siyasetinde-gulen-amili\/#article","isPartOf":{"@id":"https:\/\/www.meydan.tv\/az\/article\/azerbaycan-siyasetinde-gulen-amili\/"},"author":{"name":"user-manager","@id":"https:\/\/www.meydan.tv\/az\/#\/schema\/person\/10d11eccf6da3662cf5fdab9806ea91a"},"headline":"Az\u0259rbaycan siyas\u0259tind\u0259 G\u00fcl\u0259n amili","datePublished":"2016-08-19T15:03:04+00:00","mainEntityOfPage":{"@id":"https:\/\/www.meydan.tv\/az\/article\/azerbaycan-siyasetinde-gulen-amili\/"},"wordCount":1009,"publisher":{"@id":"https:\/\/www.meydan.tv\/az\/#organization"},"image":{"@id":"https:\/\/www.meydan.tv\/az\/article\/azerbaycan-siyasetinde-gulen-amili\/#primaryimage"},"thumbnailUrl":"https:\/\/www.meydan.tv\/wp-content\/uploads\/25150.png","articleSection":["Analitika"],"inLanguage":"az"},{"@type":"WebPage","@id":"https:\/\/www.meydan.tv\/az\/article\/azerbaycan-siyasetinde-gulen-amili\/","url":"https:\/\/www.meydan.tv\/az\/article\/azerbaycan-siyasetinde-gulen-amili\/","name":"Az\u0259rbaycan siyas\u0259tind\u0259 G\u00fcl\u0259n amili - MEYDAN.TV","isPartOf":{"@id":"https:\/\/www.meydan.tv\/az\/#website"},"primaryImageOfPage":{"@id":"https:\/\/www.meydan.tv\/az\/article\/azerbaycan-siyasetinde-gulen-amili\/#primaryimage"},"image":{"@id":"https:\/\/www.meydan.tv\/az\/article\/azerbaycan-siyasetinde-gulen-amili\/#primaryimage"},"thumbnailUrl":"https:\/\/www.meydan.tv\/wp-content\/uploads\/25150.png","datePublished":"2016-08-19T15:03:04+00:00","breadcrumb":{"@id":"https:\/\/www.meydan.tv\/az\/article\/azerbaycan-siyasetinde-gulen-amili\/#breadcrumb"},"inLanguage":"az","potentialAction":[{"@type":"ReadAction","target":["https:\/\/www.meydan.tv\/az\/article\/azerbaycan-siyasetinde-gulen-amili\/"]}]},{"@type":"ImageObject","inLanguage":"az","@id":"https:\/\/www.meydan.tv\/az\/article\/azerbaycan-siyasetinde-gulen-amili\/#primaryimage","url":"https:\/\/www.meydan.tv\/wp-content\/uploads\/25150.png","contentUrl":"https:\/\/www.meydan.tv\/wp-content\/uploads\/25150.png","width":720,"height":480,"caption":"Source:"},{"@type":"BreadcrumbList","@id":"https:\/\/www.meydan.tv\/az\/article\/azerbaycan-siyasetinde-gulen-amili\/#breadcrumb","itemListElement":[{"@type":"ListItem","position":1,"name":"Ana s\u0259hif\u0259","item":"https:\/\/www.meydan.tv\/az\/"},{"@type":"ListItem","position":2,"name":"Analitika","item":"https:\/\/www.meydan.tv\/az\/section\/analitika\/"},{"@type":"ListItem","position":3,"name":"Az\u0259rbaycan siyas\u0259tind\u0259 G\u00fcl\u0259n amili"}]},{"@type":"WebSite","@id":"https:\/\/www.meydan.tv\/az\/#website","url":"https:\/\/www.meydan.tv\/az\/","name":"MEYDAN.TV","description":"Meydan TV Az\u0259rbaycan\u0131n media m\u0259kan\u0131ndak\u0131 alternativ s\u0259sidir","publisher":{"@id":"https:\/\/www.meydan.tv\/az\/#organization"},"potentialAction":[{"@type":"SearchAction","target":{"@type":"EntryPoint","urlTemplate":"https:\/\/www.meydan.tv\/az\/?s={search_term_string}"},"query-input":{"@type":"PropertyValueSpecification","valueRequired":true,"valueName":"search_term_string"}}],"inLanguage":"az"},{"@type":"Organization","@id":"https:\/\/www.meydan.tv\/az\/#organization","name":"Meydan TV","url":"https:\/\/www.meydan.tv\/az\/","logo":{"@type":"ImageObject","inLanguage":"az","@id":"https:\/\/www.meydan.tv\/az\/#\/schema\/logo\/image\/","url":"https:\/\/www.meydan.tv\/wp-content\/uploads\/2021\/07\/meydan-logo.svg","contentUrl":"https:\/\/www.meydan.tv\/wp-content\/uploads\/2021\/07\/meydan-logo.svg","width":195,"height":46,"caption":"Meydan TV"},"image":{"@id":"https:\/\/www.meydan.tv\/az\/#\/schema\/logo\/image\/"}},{"@type":"Person","@id":"https:\/\/www.meydan.tv\/az\/#\/schema\/person\/10d11eccf6da3662cf5fdab9806ea91a","name":"user-manager"}]}},"_links":{"self":[{"href":"https:\/\/www.meydan.tv\/az\/wp-json\/wp\/v2\/posts\/178314","targetHints":{"allow":["GET"]}}],"collection":[{"href":"https:\/\/www.meydan.tv\/az\/wp-json\/wp\/v2\/posts"}],"about":[{"href":"https:\/\/www.meydan.tv\/az\/wp-json\/wp\/v2\/types\/post"}],"author":[{"embeddable":true,"href":"https:\/\/www.meydan.tv\/az\/wp-json\/wp\/v2\/users\/11"}],"replies":[{"embeddable":true,"href":"https:\/\/www.meydan.tv\/az\/wp-json\/wp\/v2\/comments?post=178314"}],"version-history":[{"count":0,"href":"https:\/\/www.meydan.tv\/az\/wp-json\/wp\/v2\/posts\/178314\/revisions"}],"wp:featuredmedia":[{"embeddable":true,"href":"https:\/\/www.meydan.tv\/az\/wp-json\/wp\/v2\/media\/65919"}],"wp:attachment":[{"href":"https:\/\/www.meydan.tv\/az\/wp-json\/wp\/v2\/media?parent=178314"}],"wp:term":[{"taxonomy":"category","embeddable":true,"href":"https:\/\/www.meydan.tv\/az\/wp-json\/wp\/v2\/categories?post=178314"},{"taxonomy":"post_tag","embeddable":true,"href":"https:\/\/www.meydan.tv\/az\/wp-json\/wp\/v2\/tags?post=178314"}],"curies":[{"name":"wp","href":"https:\/\/api.w.org\/{rel}","templated":true}]}}