{"id":178257,"date":"2016-08-17T17:23:37","date_gmt":"2016-08-17T17:23:37","guid":{"rendered":"https:\/\/www.meydan.tv\/article\/dovlet-departamenti-konstitusiya-akti-layihesi-venesiya-komissiyasi-ile-odihr-e-teqdim-edilmelidir\/"},"modified":"2016-08-17T17:23:37","modified_gmt":"2016-08-17T17:23:37","slug":"dovlet-departamenti-konstitusiya-akti-layihesi-venesiya-komissiyasi-ile-odihr-e-teqdim-edilmelidir","status":"publish","type":"post","link":"https:\/\/www.meydan.tv\/az\/article\/dovlet-departamenti-konstitusiya-akti-layihesi-venesiya-komissiyasi-ile-odihr-e-teqdim-edilmelidir\/","title":{"rendered":"D\u00f6vl\u0259t Departamenti: Konstitusiya Akt\u0131 layih\u0259si Venesiya Komissiyas\u0131 il\u0259 ODIHR-\u0259 t\u0259qdim edilm\u0259lidir"},"content":{"rendered":"<figure class=\"wp-block-image size-large\">\n  <img decoding=\"async\" src=\"https:\/\/www.meydan.tv\/az\/65745\/\" alt=\"\" class=\"wp-image-65745\"\/><figcaption><\/figcaption><\/figure>\n<p>\n  <i><br \/>\n    G\u00fclt\u0259kin Hac\u0131b\u0259yli: &#8221;26 sentyabr refendumu respublika \u00fcsul-idar\u0259sind\u0259n imtina dem\u0259kdir&#8221;<br \/>\n  <\/i>\n<\/p>\n<p>\n  <i><br \/>\n    Hikm\u0259t Hac\u0131zad\u0259: &#8221;Bu c\u00fcr pozuntular Az\u0259rbaycan\u0131n n\u00fcfuzuna b\u00f6y\u00fck z\u0259rb\u0259dir&#8221;<br \/>\n  <\/i>\n<\/p>\n<p>\n  &#8220;Az\u0259rbaycan siyasi hakimiyy\u0259ti yax\u015f\u0131 ba\u015fa d\u00fc\u015f\u00fcr ki, sentyabr\u0131n 26-da referenduma \u00e7\u0131xartd\u0131\u011f\u0131 d\u0259yi\u015fiklikl\u0259r Venesiya Komissiyas\u0131 v\u0259 AT\u018fT-in Demokratik T\u0259sisatlar v\u0259 \u0130nsan Haqlar\u0131 ofisi t\u0259r\u0259find\u0259n m\u00fcsb\u0259t r\u0259y almayacaq&#8221;.\n<\/p>\n<p>\n  Bunu Meydan TV-y\u0259 Milli \u015euran\u0131n beyn\u0259lxalq m\u0259s\u0259l\u0259l\u0259r \u00fczr\u0259 koordinatoru G\u00fclt\u0259kin Hac\u0131b\u0259yli AB\u015e D\u00f6vl\u0259t Departamentinin Konstitusiya Akt\u0131 layih\u0259si il\u0259 ba\u011fl\u0131 Az\u0259rbaycan h\u00f6k\u00fcm\u0259tin\u0259 \u00e7a\u011f\u0131r\u0131\u015f\u0131n\u0131 \u015f\u0259rh ed\u0259rk\u0259n deyib.\n<\/p>\n<p>\n  AB\u015e D\u00f6vl\u0259t Departamentinin s\u00f6z\u00e7\u00fcs\u00fcn\u00fcn m\u00fcavini Mark Tonner &#8220;Amerikan\u0131n s\u0259si&#8221;n\u0259 deyib ki, Az\u0259rbaycan h\u00f6k\u00fcm\u0259ti Konstitutsiya d\u0259yi\u015fiklikl\u0259ri il\u0259 ba\u011fl\u0131 referendum layih\u0259sini Avropa \u015euras\u0131n\u0131n Venesiya Komissiyas\u0131na v\u0259 AT\u018fT-in Demokratik T\u0259sisatlar v\u0259 \u0130nsan Haqlar\u0131 Ofisin\u0259 (ODIHR) t\u0259qdim etm\u0259lidir.\n<\/p>\n<figure class=\"wp-block-image size-large\">\n  <img decoding=\"async\" src=\"https:\/\/www.meydan.tv\/az\/65748\/\" alt=\"\" class=\"wp-image-65748\"\/><figcaption>\n    G\u00fclt\u0259kin Hac\u0131b\u0259yli<br \/>\n  <\/figcaption><\/figure>\n<p>\n  G.Hac\u0131b\u0259yli xat\u0131rlad\u0131b ki, Venesiya Komissiyas\u0131 d\u0259f\u0259l\u0259rl\u0259 yerli qanunvericiliy\u0259 verdiyi ekspert r\u0259yl\u0259rind\u0259 hakimiyy\u0259t b\u00f6lg\u00fcs\u00fc prinsipinin pozuldu\u011funu, h\u0259ddind\u0259n art\u0131q g\u00fccl\u00fc icra hakimiyy\u0259tinin m\u00f6vcud oldu\u011funu, m\u0259hk\u0259m\u0259l\u0259rin as\u0131l\u0131l\u0131\u011f\u0131n\u0131 v\u0259 \u00e7ox z\u0259if, qeyri-funksional parlamentin oldu\u011funu bildirib: &#8220;Bu bax\u0131mdan r\u0259smi Bak\u0131ya ger\u00e7\u0259k hakimiyy\u0259t b\u00f6lg\u00fcs\u00fcyl\u0259 ba\u011fl\u0131 t\u00f6vsiyy\u0259l\u0259r t\u0259qdim etmi\u015fdi. Venesiya Komissiyas\u0131n\u0131n \u0259sas t\u0259l\u0259bi hakimiyy\u0259t b\u00f6lg\u00fcs\u00fcnd\u0259ki qeyri-b\u0259rab\u0259rliyin aradan qald\u0131r\u0131lmas\u0131, y\u0259ni parlament s\u0259lahiyy\u0259tl\u0259rinin art\u0131r\u0131lmas\u0131, icra strukturunun s\u0259lahiyy\u0259tl\u0259rinin m\u0259hdudla\u015fd\u0131r\u0131lmas\u0131 v\u0259 m\u0259hk\u0259m\u0259l\u0259r\u0259 ger\u00e7\u0259k m\u00fcst\u0259qilliyin verilm\u0259si olub. 26 sentyabr referendumuna \u00e7\u0131xar\u0131lan d\u0259yi\u015fiklikl\u0259r is\u0259 n\u0259inki h\u0259min t\u00f6vsiyy\u0259l\u0259rin\u0259 v\u0259 A\u015ePA-nin d\u0259f\u0259l\u0259rl\u0259 s\u0259sl\u0259ndirdiyi t\u0259l\u0259bl\u0259rin mahiyy\u0259tin\u0259 uy\u011fun g\u0259lir, \u0259ksin\u0259, Konstitusiya daha m\u00fcrt\u0259ce xarakter al\u0131r v\u0259 qanunvericilik repressivl\u0259\u015fir. Eyni zamanda, Az\u0259rbaycan\u0131n Avropa \u015euras\u0131 qar\u015f\u0131s\u0131ndak\u0131 \u00f6hd\u0259likl\u0259r\u0259 d\u0259 k\u00f6lg\u0259 d\u00fc\u015f\u00fcr. \u00c7\u00fcnki Avropa \u0130nsan H\u00fcquqlar\u0131 v\u0259 \u018fsas Azadl\u0131qlar haqq\u0131nda Avropa Konvensiyas\u0131n\u0131n t\u0259r\u0259fiyik v\u0259 s\u0259n\u0259dd\u0259 t\u0259sdiql\u0259n\u0259n konkret h\u00fcquqlar var. H\u0259m d\u0259 Konstitusiyan\u0131n 155-ci madd\u0259si v\u0259t\u0259nda\u015f h\u00fcquq v\u0259 azadl\u0131qlar\u0131yla ba\u011fl\u0131 d\u0259yi\u015fiklikl\u0259ri qada\u011fan edir. M\u0259s\u0259l\u0259n, he\u00e7 bir ciddi z\u0259min olmadan v\u0259t\u0259nda\u015f\u0131n m\u00fclkiyy\u0259t toxunulmazl\u0131\u011f\u0131 tapdan\u0131r, yaxud v\u0259t\u0259nda\u015fl\u0131q h\u00fcququndan m\u0259hrum edilm\u0259si \u00fc\u00e7\u00fcn konstitusion \u0259sas yarad\u0131l\u0131r. B\u00fct\u00fcn bunlar \u00e7ox ciddi naraz\u0131l\u0131q do\u011furur. El\u0259 hakimiyy\u0259t d\u0259 bunlar\u0131 bildiyind\u0259n referendumun t\u0259\u015fviqat v\u0259 t\u0259bli\u011fat m\u0259rh\u0259l\u0259sini yay aylar\u0131na sald\u0131. Bu d\u00f6vrd\u0259 beyn\u0259lxalq t\u0259\u015fkilatlardan r\u0259y almaq imkanlar\u0131 da m\u0259hdud olur&#8221;.\n<\/p>\n<p>\n  G.Hac\u0131b\u0259yli h\u00f6kum\u0259tin t\u0259klifl\u0259ri beyn\u0259lxalq t\u0259\u015fkilatlara t\u0259qdim etm\u0259m\u0259sini bel\u0259 d\u0259y\u0259rl\u0259ndirdi: &#8220;Bu y\u00f6nd\u0259 Az\u0259rbaycana c\u0259zalar\u0131n verilm\u0259sinin h\u00fcquqi mexanizmi yoxdur, amma bu, siyasi bax\u0131mdan \u00f6lk\u0259nin imicin\u0259 \u00e7ox b\u00f6y\u00fck z\u0259rb\u0259 vuracaq. \u00c7\u00fcnki 26 sentyabr refendumu faktiki olaraq demokratiyadan, respublika \u00fcsul-idar\u0259sind\u0259n imtina dem\u0259kdir. Bundan \u0259lav\u0259 insan v\u0259 v\u0259t\u0259nda\u015fl\u0131q h\u00fcquqlar\u0131 sah\u0259sind\u0259 \u00e7ox ciddi geril\u0259m\u0259 oldu\u011fundan reaksiya analoji olacaq&#8221;.\n<\/p>\n<figure class=\"wp-block-image size-large\">\n  <img decoding=\"async\" src=\"https:\/\/www.meydan.tv\/az\/hikmet-hacizade-7\/\" alt=\"Hikm\u0259t Hac\u0131zad\u0259\" class=\"wp-image-65751\"\/><figcaption>\n    Hikm\u0259t Hac\u0131zad\u0259<br \/>\n  <\/figcaption><\/figure>\n<p>\n  Siyasi \u015f\u0259rh\u00e7i Hikm\u0259t Hac\u0131zad\u0259 is\u0259 hesab edir ki, r\u0259smi Bak\u0131n\u0131n Konstitusiya Akt\u0131 layih\u0259sini Venesiya Komissiyas\u0131 v\u0259 ODIHR-\u0259 t\u0259qdim etm\u0259m\u0259si \u00f6lk\u0259nin n\u00fcfuzuna b\u00f6y\u00fck z\u0259rb\u0259 olacaq v\u0259 Qaraba\u011f m\u0259s\u0259l\u0259sind\u0259 Az\u0259rbaycan\u0131n maraqlar\u0131n\u0131n \u0259leyhin\u0259 i\u015fl\u0259y\u0259c\u0259k: &#8220;Erm\u0259nil\u0259r beyn\u0259lxalq t\u0259\u015fkilatlarda v\u0259 dan\u0131\u015f\u0131qlar prosesind\u0259 b\u0259yan ed\u0259c\u0259kl\u0259r ki, Az\u0259rbaycanda anti-demokratik referendum ke\u00e7irm\u0259kl\u0259 Konstitusiyan\u0131 daha da m\u00fcrt\u0259cel\u0259\u015fdiribl\u0259r. Ona g\u00f6r\u0259 Az\u0259rbaycan\u0131n daxilind\u0259 ya\u015famaq ist\u0259mirik. M\u0259s\u0259l\u0259 ondad\u0131r ki, r\u0259smi Bak\u0131 bu c\u00fcr d\u0259yi\u015fiklikl\u0259ri beyn\u0259lxalq t\u0259\u015fkilatlara t\u0259qdim etm\u0259yi \u00f6hd\u0259lik kimi \u00fcz\u0259rin\u0259 g\u00f6t\u00fcr\u00fcb. \u018fg\u0259r Az\u0259rbaycan \u00f6hd\u0259liyi yerin\u0259 yetirmirs\u0259, dem\u0259li, vicdanl\u0131 \u00fczv hesab olunmur. Bu c\u00fcr pozuntular Az\u0259rbaycan\u0131n n\u00fcfuzuna b\u00f6y\u00fck z\u0259rb\u0259dir v\u0259 adlar\u0131 \u00e7\u0259kil\u0259n t\u0259\u015fkilatlar da d\u00f6vl\u0259t\u0259 m\u0259nfi m\u00fcnasib\u0259ti g\u00fccl\u0259ndir\u0259c\u0259k&#8221;.\n<\/p>\n<p>\n  Az\u0259rbaycan prezidneti \u0130lham \u018fliyev iyulun 18-d\u0259 Konstitusiya Akt\u0131 layih\u0259sini Konstitusiya M\u0259hk\u0259m\u0259sin\u0259 t\u0259qdim edib. Bir h\u0259ft\u0259 sonra m\u0259hk\u0259m\u0259 layih\u0259y\u0259 m\u00fcsb\u0259t r\u0259y verib.\n<\/p>\n<p>\n  Layih\u0259d\u0259 bir \u00e7ox d\u0259yi\u015fiklikl\u0259r n\u0259z\u0259rd\u0259 tutulur, bu s\u0131raya prezidentlik m\u00fcdd\u0259tinin 5 ild\u0259n 7 il\u0259 art\u0131r\u0131lmas\u0131, birinci vitse-prezident v\u0259 vitse-prezidentl\u0259r postunun yarad\u0131lmas\u0131, prezident\u0259 Milli M\u0259clisi buraxmaq, yeni se\u00e7kil\u0259rin vaxt\u0131n\u0131 elan etm\u0259k v\u0259 dig\u0259r s\u0259lahiyy\u0259tl\u0259r daxildir.<br \/>\n  <br \/>\n  Referendum sentyabr\u0131n 26-da ke\u00e7iril\u0259c\u0259k.<\/p>\n","protected":false},"excerpt":{"rendered":"<p>G\u00fclt\u0259kin Hac\u0131b\u0259yli: &#8221;26 sentyabr refendumu respublika \u00fcsul-idar\u0259sind\u0259n imtina dem\u0259kdir&#8221;<\/p>\n<p>Hikm\u0259t Hac\u0131zad\u0259: &#8221;Bu c\u00fcr pozuntular Az\u0259rbaycan\u0131n n\u00fcfuzuna b\u00f6y\u00fck z\u0259rb\u0259dir&#8221;<\/p>\n","protected":false},"author":11,"featured_media":65745,"comment_status":"closed","ping_status":"open","sticky":false,"template":"","format":"standard","meta":{"_acf_changed":false,"_sitemap_exclude":false,"_sitemap_priority":"","_sitemap_frequency":"","footnotes":""},"categories":[51],"tags":[],"class_list":["post-178257","post","type-post","status-publish","format-standard","has-post-thumbnail","hentry","category-analitika","infinite-scroll-item","generate-columns","tablet-grid-50","mobile-grid-100","grid-parent","grid-33","no-featured-image-padding"],"acf":[],"yoast_head":"<!-- This site is optimized with the Yoast SEO plugin v27.5 - https:\/\/yoast.com\/product\/yoast-seo-wordpress\/ -->\n<title>D\u00f6vl\u0259t Departamenti: Konstitusiya Akt\u0131 layih\u0259si Venesiya Komissiyas\u0131 il\u0259 ODIHR-\u0259 t\u0259qdim edilm\u0259lidir - MEYDAN.TV<\/title>\n<meta name=\"robots\" content=\"index, follow, max-snippet:-1, max-image-preview:large, max-video-preview:-1\" \/>\n<link rel=\"canonical\" href=\"https:\/\/www.meydan.tv\/az\/article\/dovlet-departamenti-konstitusiya-akti-layihesi-venesiya-komissiyasi-ile-odihr-e-teqdim-edilmelidir\/\" \/>\n<meta property=\"og:locale\" content=\"az_AZ\" \/>\n<meta property=\"og:type\" content=\"article\" \/>\n<meta property=\"og:title\" content=\"D\u00f6vl\u0259t Departamenti: Konstitusiya Akt\u0131 layih\u0259si Venesiya Komissiyas\u0131 il\u0259 ODIHR-\u0259 t\u0259qdim edilm\u0259lidir - MEYDAN.TV\" \/>\n<meta property=\"og:description\" content=\"G\u00fclt\u0259kin Hac\u0131b\u0259yli: &#039;&#039;26 sentyabr refendumu respublika \u00fcsul-idar\u0259sind\u0259n imtina dem\u0259kdir&#039;&#039;  Hikm\u0259t Hac\u0131zad\u0259: &#039;&#039;Bu c\u00fcr pozuntular Az\u0259rbaycan\u0131n n\u00fcfuzuna b\u00f6y\u00fck z\u0259rb\u0259dir&#039;&#039;\" \/>\n<meta property=\"og:url\" content=\"https:\/\/www.meydan.tv\/az\/article\/dovlet-departamenti-konstitusiya-akti-layihesi-venesiya-komissiyasi-ile-odihr-e-teqdim-edilmelidir\/\" \/>\n<meta property=\"og:site_name\" content=\"MEYDAN.TV\" \/>\n<meta property=\"article:published_time\" content=\"2016-08-17T17:23:37+00:00\" \/>\n<meta property=\"og:image\" content=\"https:\/\/www.meydan.tv\/wp-content\/uploads\/25080.jpg\" \/>\n\t<meta property=\"og:image:width\" content=\"800\" \/>\n\t<meta property=\"og:image:height\" content=\"516\" \/>\n\t<meta property=\"og:image:type\" content=\"image\/jpeg\" \/>\n<meta name=\"author\" content=\"user-manager\" \/>\n<meta name=\"twitter:card\" content=\"summary_large_image\" \/>\n<script type=\"application\/ld+json\" class=\"yoast-schema-graph\">{\"@context\":\"https:\\\/\\\/schema.org\",\"@graph\":[{\"@type\":\"Article\",\"@id\":\"https:\\\/\\\/www.meydan.tv\\\/az\\\/article\\\/dovlet-departamenti-konstitusiya-akti-layihesi-venesiya-komissiyasi-ile-odihr-e-teqdim-edilmelidir\\\/#article\",\"isPartOf\":{\"@id\":\"https:\\\/\\\/www.meydan.tv\\\/az\\\/article\\\/dovlet-departamenti-konstitusiya-akti-layihesi-venesiya-komissiyasi-ile-odihr-e-teqdim-edilmelidir\\\/\"},\"author\":{\"name\":\"user-manager\",\"@id\":\"https:\\\/\\\/www.meydan.tv\\\/az\\\/#\\\/schema\\\/person\\\/10d11eccf6da3662cf5fdab9806ea91a\"},\"headline\":\"D\u00f6vl\u0259t Departamenti: Konstitusiya Akt\u0131 layih\u0259si Venesiya Komissiyas\u0131 il\u0259 ODIHR-\u0259 t\u0259qdim edilm\u0259lidir\",\"datePublished\":\"2016-08-17T17:23:37+00:00\",\"mainEntityOfPage\":{\"@id\":\"https:\\\/\\\/www.meydan.tv\\\/az\\\/article\\\/dovlet-departamenti-konstitusiya-akti-layihesi-venesiya-komissiyasi-ile-odihr-e-teqdim-edilmelidir\\\/\"},\"wordCount\":930,\"publisher\":{\"@id\":\"https:\\\/\\\/www.meydan.tv\\\/az\\\/#organization\"},\"image\":{\"@id\":\"https:\\\/\\\/www.meydan.tv\\\/az\\\/article\\\/dovlet-departamenti-konstitusiya-akti-layihesi-venesiya-komissiyasi-ile-odihr-e-teqdim-edilmelidir\\\/#primaryimage\"},\"thumbnailUrl\":\"https:\\\/\\\/www.meydan.tv\\\/wp-content\\\/uploads\\\/25080.jpg\",\"articleSection\":[\"Analitika\"],\"inLanguage\":\"az\"},{\"@type\":\"WebPage\",\"@id\":\"https:\\\/\\\/www.meydan.tv\\\/az\\\/article\\\/dovlet-departamenti-konstitusiya-akti-layihesi-venesiya-komissiyasi-ile-odihr-e-teqdim-edilmelidir\\\/\",\"url\":\"https:\\\/\\\/www.meydan.tv\\\/az\\\/article\\\/dovlet-departamenti-konstitusiya-akti-layihesi-venesiya-komissiyasi-ile-odihr-e-teqdim-edilmelidir\\\/\",\"name\":\"D\u00f6vl\u0259t Departamenti: Konstitusiya Akt\u0131 layih\u0259si Venesiya Komissiyas\u0131 il\u0259 ODIHR-\u0259 t\u0259qdim edilm\u0259lidir - MEYDAN.TV\",\"isPartOf\":{\"@id\":\"https:\\\/\\\/www.meydan.tv\\\/az\\\/#website\"},\"primaryImageOfPage\":{\"@id\":\"https:\\\/\\\/www.meydan.tv\\\/az\\\/article\\\/dovlet-departamenti-konstitusiya-akti-layihesi-venesiya-komissiyasi-ile-odihr-e-teqdim-edilmelidir\\\/#primaryimage\"},\"image\":{\"@id\":\"https:\\\/\\\/www.meydan.tv\\\/az\\\/article\\\/dovlet-departamenti-konstitusiya-akti-layihesi-venesiya-komissiyasi-ile-odihr-e-teqdim-edilmelidir\\\/#primaryimage\"},\"thumbnailUrl\":\"https:\\\/\\\/www.meydan.tv\\\/wp-content\\\/uploads\\\/25080.jpg\",\"datePublished\":\"2016-08-17T17:23:37+00:00\",\"breadcrumb\":{\"@id\":\"https:\\\/\\\/www.meydan.tv\\\/az\\\/article\\\/dovlet-departamenti-konstitusiya-akti-layihesi-venesiya-komissiyasi-ile-odihr-e-teqdim-edilmelidir\\\/#breadcrumb\"},\"inLanguage\":\"az\",\"potentialAction\":[{\"@type\":\"ReadAction\",\"target\":[\"https:\\\/\\\/www.meydan.tv\\\/az\\\/article\\\/dovlet-departamenti-konstitusiya-akti-layihesi-venesiya-komissiyasi-ile-odihr-e-teqdim-edilmelidir\\\/\"]}]},{\"@type\":\"ImageObject\",\"inLanguage\":\"az\",\"@id\":\"https:\\\/\\\/www.meydan.tv\\\/az\\\/article\\\/dovlet-departamenti-konstitusiya-akti-layihesi-venesiya-komissiyasi-ile-odihr-e-teqdim-edilmelidir\\\/#primaryimage\",\"url\":\"https:\\\/\\\/www.meydan.tv\\\/wp-content\\\/uploads\\\/25080.jpg\",\"contentUrl\":\"https:\\\/\\\/www.meydan.tv\\\/wp-content\\\/uploads\\\/25080.jpg\",\"width\":800,\"height\":516,\"caption\":\"Source:\"},{\"@type\":\"BreadcrumbList\",\"@id\":\"https:\\\/\\\/www.meydan.tv\\\/az\\\/article\\\/dovlet-departamenti-konstitusiya-akti-layihesi-venesiya-komissiyasi-ile-odihr-e-teqdim-edilmelidir\\\/#breadcrumb\",\"itemListElement\":[{\"@type\":\"ListItem\",\"position\":1,\"name\":\"Ana s\u0259hif\u0259\",\"item\":\"https:\\\/\\\/www.meydan.tv\\\/az\\\/\"},{\"@type\":\"ListItem\",\"position\":2,\"name\":\"Analitika\",\"item\":\"https:\\\/\\\/www.meydan.tv\\\/az\\\/section\\\/analitika\\\/\"},{\"@type\":\"ListItem\",\"position\":3,\"name\":\"D\u00f6vl\u0259t Departamenti: Konstitusiya Akt\u0131 layih\u0259si Venesiya Komissiyas\u0131 il\u0259 ODIHR-\u0259 t\u0259qdim edilm\u0259lidir\"}]},{\"@type\":\"WebSite\",\"@id\":\"https:\\\/\\\/www.meydan.tv\\\/az\\\/#website\",\"url\":\"https:\\\/\\\/www.meydan.tv\\\/az\\\/\",\"name\":\"MEYDAN.TV\",\"description\":\"Meydan TV Az\u0259rbaycan\u0131n media m\u0259kan\u0131ndak\u0131 alternativ s\u0259sidir\",\"publisher\":{\"@id\":\"https:\\\/\\\/www.meydan.tv\\\/az\\\/#organization\"},\"potentialAction\":[{\"@type\":\"SearchAction\",\"target\":{\"@type\":\"EntryPoint\",\"urlTemplate\":\"https:\\\/\\\/www.meydan.tv\\\/az\\\/?s={search_term_string}\"},\"query-input\":{\"@type\":\"PropertyValueSpecification\",\"valueRequired\":true,\"valueName\":\"search_term_string\"}}],\"inLanguage\":\"az\"},{\"@type\":\"Organization\",\"@id\":\"https:\\\/\\\/www.meydan.tv\\\/az\\\/#organization\",\"name\":\"Meydan TV\",\"url\":\"https:\\\/\\\/www.meydan.tv\\\/az\\\/\",\"logo\":{\"@type\":\"ImageObject\",\"inLanguage\":\"az\",\"@id\":\"https:\\\/\\\/www.meydan.tv\\\/az\\\/#\\\/schema\\\/logo\\\/image\\\/\",\"url\":\"https:\\\/\\\/www.meydan.tv\\\/wp-content\\\/uploads\\\/2021\\\/07\\\/meydan-logo.svg\",\"contentUrl\":\"https:\\\/\\\/www.meydan.tv\\\/wp-content\\\/uploads\\\/2021\\\/07\\\/meydan-logo.svg\",\"width\":195,\"height\":46,\"caption\":\"Meydan TV\"},\"image\":{\"@id\":\"https:\\\/\\\/www.meydan.tv\\\/az\\\/#\\\/schema\\\/logo\\\/image\\\/\"}},{\"@type\":\"Person\",\"@id\":\"https:\\\/\\\/www.meydan.tv\\\/az\\\/#\\\/schema\\\/person\\\/10d11eccf6da3662cf5fdab9806ea91a\",\"name\":\"user-manager\"}]}<\/script>\n<!-- \/ Yoast SEO plugin. -->","yoast_head_json":{"title":"D\u00f6vl\u0259t Departamenti: Konstitusiya Akt\u0131 layih\u0259si Venesiya Komissiyas\u0131 il\u0259 ODIHR-\u0259 t\u0259qdim edilm\u0259lidir - MEYDAN.TV","robots":{"index":"index","follow":"follow","max-snippet":"max-snippet:-1","max-image-preview":"max-image-preview:large","max-video-preview":"max-video-preview:-1"},"canonical":"https:\/\/www.meydan.tv\/az\/article\/dovlet-departamenti-konstitusiya-akti-layihesi-venesiya-komissiyasi-ile-odihr-e-teqdim-edilmelidir\/","og_locale":"az_AZ","og_type":"article","og_title":"D\u00f6vl\u0259t Departamenti: Konstitusiya Akt\u0131 layih\u0259si Venesiya Komissiyas\u0131 il\u0259 ODIHR-\u0259 t\u0259qdim edilm\u0259lidir - MEYDAN.TV","og_description":"G\u00fclt\u0259kin Hac\u0131b\u0259yli: ''26 sentyabr refendumu respublika \u00fcsul-idar\u0259sind\u0259n imtina dem\u0259kdir''  Hikm\u0259t Hac\u0131zad\u0259: ''Bu c\u00fcr pozuntular Az\u0259rbaycan\u0131n n\u00fcfuzuna b\u00f6y\u00fck z\u0259rb\u0259dir''","og_url":"https:\/\/www.meydan.tv\/az\/article\/dovlet-departamenti-konstitusiya-akti-layihesi-venesiya-komissiyasi-ile-odihr-e-teqdim-edilmelidir\/","og_site_name":"MEYDAN.TV","article_published_time":"2016-08-17T17:23:37+00:00","og_image":[{"width":800,"height":516,"url":"https:\/\/www.meydan.tv\/wp-content\/uploads\/25080.jpg","type":"image\/jpeg"}],"author":"user-manager","twitter_card":"summary_large_image","schema":{"@context":"https:\/\/schema.org","@graph":[{"@type":"Article","@id":"https:\/\/www.meydan.tv\/az\/article\/dovlet-departamenti-konstitusiya-akti-layihesi-venesiya-komissiyasi-ile-odihr-e-teqdim-edilmelidir\/#article","isPartOf":{"@id":"https:\/\/www.meydan.tv\/az\/article\/dovlet-departamenti-konstitusiya-akti-layihesi-venesiya-komissiyasi-ile-odihr-e-teqdim-edilmelidir\/"},"author":{"name":"user-manager","@id":"https:\/\/www.meydan.tv\/az\/#\/schema\/person\/10d11eccf6da3662cf5fdab9806ea91a"},"headline":"D\u00f6vl\u0259t Departamenti: Konstitusiya Akt\u0131 layih\u0259si Venesiya Komissiyas\u0131 il\u0259 ODIHR-\u0259 t\u0259qdim edilm\u0259lidir","datePublished":"2016-08-17T17:23:37+00:00","mainEntityOfPage":{"@id":"https:\/\/www.meydan.tv\/az\/article\/dovlet-departamenti-konstitusiya-akti-layihesi-venesiya-komissiyasi-ile-odihr-e-teqdim-edilmelidir\/"},"wordCount":930,"publisher":{"@id":"https:\/\/www.meydan.tv\/az\/#organization"},"image":{"@id":"https:\/\/www.meydan.tv\/az\/article\/dovlet-departamenti-konstitusiya-akti-layihesi-venesiya-komissiyasi-ile-odihr-e-teqdim-edilmelidir\/#primaryimage"},"thumbnailUrl":"https:\/\/www.meydan.tv\/wp-content\/uploads\/25080.jpg","articleSection":["Analitika"],"inLanguage":"az"},{"@type":"WebPage","@id":"https:\/\/www.meydan.tv\/az\/article\/dovlet-departamenti-konstitusiya-akti-layihesi-venesiya-komissiyasi-ile-odihr-e-teqdim-edilmelidir\/","url":"https:\/\/www.meydan.tv\/az\/article\/dovlet-departamenti-konstitusiya-akti-layihesi-venesiya-komissiyasi-ile-odihr-e-teqdim-edilmelidir\/","name":"D\u00f6vl\u0259t Departamenti: Konstitusiya Akt\u0131 layih\u0259si Venesiya Komissiyas\u0131 il\u0259 ODIHR-\u0259 t\u0259qdim edilm\u0259lidir - MEYDAN.TV","isPartOf":{"@id":"https:\/\/www.meydan.tv\/az\/#website"},"primaryImageOfPage":{"@id":"https:\/\/www.meydan.tv\/az\/article\/dovlet-departamenti-konstitusiya-akti-layihesi-venesiya-komissiyasi-ile-odihr-e-teqdim-edilmelidir\/#primaryimage"},"image":{"@id":"https:\/\/www.meydan.tv\/az\/article\/dovlet-departamenti-konstitusiya-akti-layihesi-venesiya-komissiyasi-ile-odihr-e-teqdim-edilmelidir\/#primaryimage"},"thumbnailUrl":"https:\/\/www.meydan.tv\/wp-content\/uploads\/25080.jpg","datePublished":"2016-08-17T17:23:37+00:00","breadcrumb":{"@id":"https:\/\/www.meydan.tv\/az\/article\/dovlet-departamenti-konstitusiya-akti-layihesi-venesiya-komissiyasi-ile-odihr-e-teqdim-edilmelidir\/#breadcrumb"},"inLanguage":"az","potentialAction":[{"@type":"ReadAction","target":["https:\/\/www.meydan.tv\/az\/article\/dovlet-departamenti-konstitusiya-akti-layihesi-venesiya-komissiyasi-ile-odihr-e-teqdim-edilmelidir\/"]}]},{"@type":"ImageObject","inLanguage":"az","@id":"https:\/\/www.meydan.tv\/az\/article\/dovlet-departamenti-konstitusiya-akti-layihesi-venesiya-komissiyasi-ile-odihr-e-teqdim-edilmelidir\/#primaryimage","url":"https:\/\/www.meydan.tv\/wp-content\/uploads\/25080.jpg","contentUrl":"https:\/\/www.meydan.tv\/wp-content\/uploads\/25080.jpg","width":800,"height":516,"caption":"Source:"},{"@type":"BreadcrumbList","@id":"https:\/\/www.meydan.tv\/az\/article\/dovlet-departamenti-konstitusiya-akti-layihesi-venesiya-komissiyasi-ile-odihr-e-teqdim-edilmelidir\/#breadcrumb","itemListElement":[{"@type":"ListItem","position":1,"name":"Ana s\u0259hif\u0259","item":"https:\/\/www.meydan.tv\/az\/"},{"@type":"ListItem","position":2,"name":"Analitika","item":"https:\/\/www.meydan.tv\/az\/section\/analitika\/"},{"@type":"ListItem","position":3,"name":"D\u00f6vl\u0259t Departamenti: Konstitusiya Akt\u0131 layih\u0259si Venesiya Komissiyas\u0131 il\u0259 ODIHR-\u0259 t\u0259qdim edilm\u0259lidir"}]},{"@type":"WebSite","@id":"https:\/\/www.meydan.tv\/az\/#website","url":"https:\/\/www.meydan.tv\/az\/","name":"MEYDAN.TV","description":"Meydan TV Az\u0259rbaycan\u0131n media m\u0259kan\u0131ndak\u0131 alternativ s\u0259sidir","publisher":{"@id":"https:\/\/www.meydan.tv\/az\/#organization"},"potentialAction":[{"@type":"SearchAction","target":{"@type":"EntryPoint","urlTemplate":"https:\/\/www.meydan.tv\/az\/?s={search_term_string}"},"query-input":{"@type":"PropertyValueSpecification","valueRequired":true,"valueName":"search_term_string"}}],"inLanguage":"az"},{"@type":"Organization","@id":"https:\/\/www.meydan.tv\/az\/#organization","name":"Meydan TV","url":"https:\/\/www.meydan.tv\/az\/","logo":{"@type":"ImageObject","inLanguage":"az","@id":"https:\/\/www.meydan.tv\/az\/#\/schema\/logo\/image\/","url":"https:\/\/www.meydan.tv\/wp-content\/uploads\/2021\/07\/meydan-logo.svg","contentUrl":"https:\/\/www.meydan.tv\/wp-content\/uploads\/2021\/07\/meydan-logo.svg","width":195,"height":46,"caption":"Meydan TV"},"image":{"@id":"https:\/\/www.meydan.tv\/az\/#\/schema\/logo\/image\/"}},{"@type":"Person","@id":"https:\/\/www.meydan.tv\/az\/#\/schema\/person\/10d11eccf6da3662cf5fdab9806ea91a","name":"user-manager"}]}},"_links":{"self":[{"href":"https:\/\/www.meydan.tv\/az\/wp-json\/wp\/v2\/posts\/178257","targetHints":{"allow":["GET"]}}],"collection":[{"href":"https:\/\/www.meydan.tv\/az\/wp-json\/wp\/v2\/posts"}],"about":[{"href":"https:\/\/www.meydan.tv\/az\/wp-json\/wp\/v2\/types\/post"}],"author":[{"embeddable":true,"href":"https:\/\/www.meydan.tv\/az\/wp-json\/wp\/v2\/users\/11"}],"replies":[{"embeddable":true,"href":"https:\/\/www.meydan.tv\/az\/wp-json\/wp\/v2\/comments?post=178257"}],"version-history":[{"count":0,"href":"https:\/\/www.meydan.tv\/az\/wp-json\/wp\/v2\/posts\/178257\/revisions"}],"wp:featuredmedia":[{"embeddable":true,"href":"https:\/\/www.meydan.tv\/az\/wp-json\/wp\/v2\/media\/65745"}],"wp:attachment":[{"href":"https:\/\/www.meydan.tv\/az\/wp-json\/wp\/v2\/media?parent=178257"}],"wp:term":[{"taxonomy":"category","embeddable":true,"href":"https:\/\/www.meydan.tv\/az\/wp-json\/wp\/v2\/categories?post=178257"},{"taxonomy":"post_tag","embeddable":true,"href":"https:\/\/www.meydan.tv\/az\/wp-json\/wp\/v2\/tags?post=178257"}],"curies":[{"name":"wp","href":"https:\/\/api.w.org\/{rel}","templated":true}]}}