{"id":178220,"date":"2016-08-16T18:47:41","date_gmt":"2016-08-16T18:47:41","guid":{"rendered":"https:\/\/www.meydan.tv\/article\/azerbaycanda-masin-ve-avadanliqlarin-istehsali-109-faiz-azalib\/"},"modified":"2016-08-16T18:47:41","modified_gmt":"2016-08-16T18:47:41","slug":"azerbaycanda-masin-ve-avadanliqlarin-istehsali-109-faiz-azalib","status":"publish","type":"post","link":"https:\/\/www.meydan.tv\/az\/article\/azerbaycanda-masin-ve-avadanliqlarin-istehsali-109-faiz-azalib\/","title":{"rendered":"Az\u0259rbaycanda ma\u015f\u0131n v\u0259 avadanl\u0131qlar\u0131n istehsal\u0131 10,9 faiz azal\u0131b"},"content":{"rendered":"<figure class=\"wp-block-image size-large\">\n  <img decoding=\"async\" src=\"https:\/\/www.meydan.tv\/az\/65666\/\" alt=\"\" class=\"wp-image-65666\"\/><figcaption><\/figcaption><\/figure>\n<figure class=\"wp-block-image size-large\">\n  <img decoding=\"async\" src=\"https:\/\/www.meydan.tv\/az\/65666\/\" alt=\"\" class=\"wp-image-65666\"\/><figcaption><\/figcaption><\/figure>\n<p>\n  <i><br \/>\n    Yeddi ay \u0259rzind\u0259 67,1 faiz az minik avtomobili, 11,1 faiz az \u015ftanql\u0131 quyu nasoslar\u0131 istehsal edilib<br \/>\n  <\/i>\n<\/p>\n<p>\n  2016-c\u0131 ilin yanvar-iyul aylar\u0131nda Az\u0259rbaycanda 107 \u0259d\u0259d minik avtomobili, 272 \u0259d\u0259d y\u00fck avtomobili, 602 \u0259d\u0259d traktor, 138 \u0259d\u0259d qo\u015fqular v\u0259 yar\u0131mqo\u015fqu istehsal edilib.\n<\/p>\n<p>\n  Trend x\u0259b\u0259r verir ki, bu bar\u0259d\u0259 D\u00f6vl\u0259t Statistika Komit\u0259sinin m\u0259lumat\u0131nda bildirilir.\n<\/p>\n<p>\n  Ma\u015f\u0131n v\u0259 avadanl\u0131qlar\u0131n, sair n\u0259qliyyat vasit\u0259l\u0259rinin, avtomobil, qo\u015fqu v\u0259 yar\u0131mqo\u015fqular\u0131n istehsal\u0131 sah\u0259l\u0259rind\u0259 156,5 milyon manatl\u0131q m\u0259hsul istehsal edilib.\n<\/p>\n<p>\n  \u018fvv\u0259lki ilin yanvar-iyul aylar\u0131 il\u0259 m\u00fcqayis\u0259d\u0259 ma\u015f\u0131n v\u0259 avadanl\u0131qlar\u0131n istehsal\u0131 10,9 faiz, sair n\u0259qliyyat vasit\u0259l\u0259rinin istehsal\u0131 2,3 faiz azal\u0131b, avtomobil v\u0259 qo\u015fqular\u0131n istehsal\u0131 is\u0259 26,8 faiz art\u0131b.\n<\/p>\n<p>\n  Yeddi ay \u0259rzind\u0259 67,1 faiz az minik avtomobili, 11,1 faiz az \u015ftanql\u0131 quyu nasoslar\u0131 istehsal edilib.<\/p>\n","protected":false},"excerpt":{"rendered":"<p>Yeddi ay \u0259rzind\u0259 67,1 faiz az minik avtomobili, 11,1 faiz az \u015ftanql\u0131 quyu nasoslar\u0131 istehsal edilib<\/p>\n","protected":false},"author":11,"featured_media":65666,"comment_status":"closed","ping_status":"open","sticky":false,"template":"","format":"standard","meta":{"_acf_changed":false,"_sitemap_exclude":false,"_sitemap_priority":"","_sitemap_frequency":"","footnotes":""},"categories":[56],"tags":[],"class_list":["post-178220","post","type-post","status-publish","format-standard","has-post-thumbnail","hentry","category-xeberler","infinite-scroll-item","generate-columns","tablet-grid-50","mobile-grid-100","grid-parent","grid-33","no-featured-image-padding"],"acf":[],"yoast_head":"<!-- This site is optimized with the Yoast SEO plugin v27.4 - https:\/\/yoast.com\/product\/yoast-seo-wordpress\/ -->\n<title>Az\u0259rbaycanda ma\u015f\u0131n v\u0259 avadanl\u0131qlar\u0131n istehsal\u0131 10,9 faiz azal\u0131b - MEYDAN.TV<\/title>\n<meta name=\"robots\" content=\"index, follow, max-snippet:-1, max-image-preview:large, max-video-preview:-1\" \/>\n<link rel=\"canonical\" href=\"https:\/\/www.meydan.tv\/az\/article\/azerbaycanda-masin-ve-avadanliqlarin-istehsali-109-faiz-azalib\/\" \/>\n<meta property=\"og:locale\" content=\"az_AZ\" \/>\n<meta property=\"og:type\" content=\"article\" \/>\n<meta property=\"og:title\" content=\"Az\u0259rbaycanda ma\u015f\u0131n v\u0259 avadanl\u0131qlar\u0131n istehsal\u0131 10,9 faiz azal\u0131b - MEYDAN.TV\" \/>\n<meta property=\"og:description\" content=\"Yeddi ay \u0259rzind\u0259 67,1 faiz az minik avtomobili, 11,1 faiz az \u015ftanql\u0131 quyu nasoslar\u0131 istehsal edilib\" \/>\n<meta property=\"og:url\" content=\"https:\/\/www.meydan.tv\/az\/article\/azerbaycanda-masin-ve-avadanliqlarin-istehsali-109-faiz-azalib\/\" \/>\n<meta property=\"og:site_name\" content=\"MEYDAN.TV\" \/>\n<meta property=\"article:published_time\" content=\"2016-08-16T18:47:41+00:00\" \/>\n<meta property=\"og:image\" content=\"https:\/\/www.meydan.tv\/wp-content\/uploads\/25046.jpg\" \/>\n\t<meta property=\"og:image:width\" content=\"660\" \/>\n\t<meta property=\"og:image:height\" content=\"363\" \/>\n\t<meta property=\"og:image:type\" content=\"image\/jpeg\" \/>\n<meta name=\"author\" content=\"user-manager\" \/>\n<meta name=\"twitter:card\" content=\"summary_large_image\" \/>\n<script type=\"application\/ld+json\" class=\"yoast-schema-graph\">{\"@context\":\"https:\\\/\\\/schema.org\",\"@graph\":[{\"@type\":\"Article\",\"@id\":\"https:\\\/\\\/www.meydan.tv\\\/az\\\/article\\\/azerbaycanda-masin-ve-avadanliqlarin-istehsali-109-faiz-azalib\\\/#article\",\"isPartOf\":{\"@id\":\"https:\\\/\\\/www.meydan.tv\\\/az\\\/article\\\/azerbaycanda-masin-ve-avadanliqlarin-istehsali-109-faiz-azalib\\\/\"},\"author\":{\"name\":\"user-manager\",\"@id\":\"https:\\\/\\\/www.meydan.tv\\\/az\\\/#\\\/schema\\\/person\\\/10d11eccf6da3662cf5fdab9806ea91a\"},\"headline\":\"Az\u0259rbaycanda ma\u015f\u0131n v\u0259 avadanl\u0131qlar\u0131n istehsal\u0131 10,9 faiz azal\u0131b\",\"datePublished\":\"2016-08-16T18:47:41+00:00\",\"mainEntityOfPage\":{\"@id\":\"https:\\\/\\\/www.meydan.tv\\\/az\\\/article\\\/azerbaycanda-masin-ve-avadanliqlarin-istehsali-109-faiz-azalib\\\/\"},\"wordCount\":156,\"publisher\":{\"@id\":\"https:\\\/\\\/www.meydan.tv\\\/az\\\/#organization\"},\"image\":{\"@id\":\"https:\\\/\\\/www.meydan.tv\\\/az\\\/article\\\/azerbaycanda-masin-ve-avadanliqlarin-istehsali-109-faiz-azalib\\\/#primaryimage\"},\"thumbnailUrl\":\"https:\\\/\\\/www.meydan.tv\\\/wp-content\\\/uploads\\\/25046.jpg\",\"articleSection\":[\"X\u0259b\u0259rl\u0259r\"],\"inLanguage\":\"az\"},{\"@type\":\"WebPage\",\"@id\":\"https:\\\/\\\/www.meydan.tv\\\/az\\\/article\\\/azerbaycanda-masin-ve-avadanliqlarin-istehsali-109-faiz-azalib\\\/\",\"url\":\"https:\\\/\\\/www.meydan.tv\\\/az\\\/article\\\/azerbaycanda-masin-ve-avadanliqlarin-istehsali-109-faiz-azalib\\\/\",\"name\":\"Az\u0259rbaycanda ma\u015f\u0131n v\u0259 avadanl\u0131qlar\u0131n istehsal\u0131 10,9 faiz azal\u0131b - MEYDAN.TV\",\"isPartOf\":{\"@id\":\"https:\\\/\\\/www.meydan.tv\\\/az\\\/#website\"},\"primaryImageOfPage\":{\"@id\":\"https:\\\/\\\/www.meydan.tv\\\/az\\\/article\\\/azerbaycanda-masin-ve-avadanliqlarin-istehsali-109-faiz-azalib\\\/#primaryimage\"},\"image\":{\"@id\":\"https:\\\/\\\/www.meydan.tv\\\/az\\\/article\\\/azerbaycanda-masin-ve-avadanliqlarin-istehsali-109-faiz-azalib\\\/#primaryimage\"},\"thumbnailUrl\":\"https:\\\/\\\/www.meydan.tv\\\/wp-content\\\/uploads\\\/25046.jpg\",\"datePublished\":\"2016-08-16T18:47:41+00:00\",\"breadcrumb\":{\"@id\":\"https:\\\/\\\/www.meydan.tv\\\/az\\\/article\\\/azerbaycanda-masin-ve-avadanliqlarin-istehsali-109-faiz-azalib\\\/#breadcrumb\"},\"inLanguage\":\"az\",\"potentialAction\":[{\"@type\":\"ReadAction\",\"target\":[\"https:\\\/\\\/www.meydan.tv\\\/az\\\/article\\\/azerbaycanda-masin-ve-avadanliqlarin-istehsali-109-faiz-azalib\\\/\"]}]},{\"@type\":\"ImageObject\",\"inLanguage\":\"az\",\"@id\":\"https:\\\/\\\/www.meydan.tv\\\/az\\\/article\\\/azerbaycanda-masin-ve-avadanliqlarin-istehsali-109-faiz-azalib\\\/#primaryimage\",\"url\":\"https:\\\/\\\/www.meydan.tv\\\/wp-content\\\/uploads\\\/25046.jpg\",\"contentUrl\":\"https:\\\/\\\/www.meydan.tv\\\/wp-content\\\/uploads\\\/25046.jpg\",\"width\":660,\"height\":363,\"caption\":\"Source:\"},{\"@type\":\"BreadcrumbList\",\"@id\":\"https:\\\/\\\/www.meydan.tv\\\/az\\\/article\\\/azerbaycanda-masin-ve-avadanliqlarin-istehsali-109-faiz-azalib\\\/#breadcrumb\",\"itemListElement\":[{\"@type\":\"ListItem\",\"position\":1,\"name\":\"Ana s\u0259hif\u0259\",\"item\":\"https:\\\/\\\/www.meydan.tv\\\/az\\\/\"},{\"@type\":\"ListItem\",\"position\":2,\"name\":\"X\u0259b\u0259rl\u0259r\",\"item\":\"https:\\\/\\\/www.meydan.tv\\\/az\\\/section\\\/xeberler\\\/\"},{\"@type\":\"ListItem\",\"position\":3,\"name\":\"Az\u0259rbaycanda ma\u015f\u0131n v\u0259 avadanl\u0131qlar\u0131n istehsal\u0131 10,9 faiz azal\u0131b\"}]},{\"@type\":\"WebSite\",\"@id\":\"https:\\\/\\\/www.meydan.tv\\\/az\\\/#website\",\"url\":\"https:\\\/\\\/www.meydan.tv\\\/az\\\/\",\"name\":\"MEYDAN.TV\",\"description\":\"Meydan TV Az\u0259rbaycan\u0131n media m\u0259kan\u0131ndak\u0131 alternativ s\u0259sidir\",\"publisher\":{\"@id\":\"https:\\\/\\\/www.meydan.tv\\\/az\\\/#organization\"},\"potentialAction\":[{\"@type\":\"SearchAction\",\"target\":{\"@type\":\"EntryPoint\",\"urlTemplate\":\"https:\\\/\\\/www.meydan.tv\\\/az\\\/?s={search_term_string}\"},\"query-input\":{\"@type\":\"PropertyValueSpecification\",\"valueRequired\":true,\"valueName\":\"search_term_string\"}}],\"inLanguage\":\"az\"},{\"@type\":\"Organization\",\"@id\":\"https:\\\/\\\/www.meydan.tv\\\/az\\\/#organization\",\"name\":\"Meydan TV\",\"url\":\"https:\\\/\\\/www.meydan.tv\\\/az\\\/\",\"logo\":{\"@type\":\"ImageObject\",\"inLanguage\":\"az\",\"@id\":\"https:\\\/\\\/www.meydan.tv\\\/az\\\/#\\\/schema\\\/logo\\\/image\\\/\",\"url\":\"https:\\\/\\\/www.meydan.tv\\\/wp-content\\\/uploads\\\/2021\\\/07\\\/meydan-logo.svg\",\"contentUrl\":\"https:\\\/\\\/www.meydan.tv\\\/wp-content\\\/uploads\\\/2021\\\/07\\\/meydan-logo.svg\",\"width\":195,\"height\":46,\"caption\":\"Meydan TV\"},\"image\":{\"@id\":\"https:\\\/\\\/www.meydan.tv\\\/az\\\/#\\\/schema\\\/logo\\\/image\\\/\"}},{\"@type\":\"Person\",\"@id\":\"https:\\\/\\\/www.meydan.tv\\\/az\\\/#\\\/schema\\\/person\\\/10d11eccf6da3662cf5fdab9806ea91a\",\"name\":\"user-manager\"}]}<\/script>\n<!-- \/ Yoast SEO plugin. -->","yoast_head_json":{"title":"Az\u0259rbaycanda ma\u015f\u0131n v\u0259 avadanl\u0131qlar\u0131n istehsal\u0131 10,9 faiz azal\u0131b - MEYDAN.TV","robots":{"index":"index","follow":"follow","max-snippet":"max-snippet:-1","max-image-preview":"max-image-preview:large","max-video-preview":"max-video-preview:-1"},"canonical":"https:\/\/www.meydan.tv\/az\/article\/azerbaycanda-masin-ve-avadanliqlarin-istehsali-109-faiz-azalib\/","og_locale":"az_AZ","og_type":"article","og_title":"Az\u0259rbaycanda ma\u015f\u0131n v\u0259 avadanl\u0131qlar\u0131n istehsal\u0131 10,9 faiz azal\u0131b - MEYDAN.TV","og_description":"Yeddi ay \u0259rzind\u0259 67,1 faiz az minik avtomobili, 11,1 faiz az \u015ftanql\u0131 quyu nasoslar\u0131 istehsal edilib","og_url":"https:\/\/www.meydan.tv\/az\/article\/azerbaycanda-masin-ve-avadanliqlarin-istehsali-109-faiz-azalib\/","og_site_name":"MEYDAN.TV","article_published_time":"2016-08-16T18:47:41+00:00","og_image":[{"width":660,"height":363,"url":"https:\/\/www.meydan.tv\/wp-content\/uploads\/25046.jpg","type":"image\/jpeg"}],"author":"user-manager","twitter_card":"summary_large_image","schema":{"@context":"https:\/\/schema.org","@graph":[{"@type":"Article","@id":"https:\/\/www.meydan.tv\/az\/article\/azerbaycanda-masin-ve-avadanliqlarin-istehsali-109-faiz-azalib\/#article","isPartOf":{"@id":"https:\/\/www.meydan.tv\/az\/article\/azerbaycanda-masin-ve-avadanliqlarin-istehsali-109-faiz-azalib\/"},"author":{"name":"user-manager","@id":"https:\/\/www.meydan.tv\/az\/#\/schema\/person\/10d11eccf6da3662cf5fdab9806ea91a"},"headline":"Az\u0259rbaycanda ma\u015f\u0131n v\u0259 avadanl\u0131qlar\u0131n istehsal\u0131 10,9 faiz azal\u0131b","datePublished":"2016-08-16T18:47:41+00:00","mainEntityOfPage":{"@id":"https:\/\/www.meydan.tv\/az\/article\/azerbaycanda-masin-ve-avadanliqlarin-istehsali-109-faiz-azalib\/"},"wordCount":156,"publisher":{"@id":"https:\/\/www.meydan.tv\/az\/#organization"},"image":{"@id":"https:\/\/www.meydan.tv\/az\/article\/azerbaycanda-masin-ve-avadanliqlarin-istehsali-109-faiz-azalib\/#primaryimage"},"thumbnailUrl":"https:\/\/www.meydan.tv\/wp-content\/uploads\/25046.jpg","articleSection":["X\u0259b\u0259rl\u0259r"],"inLanguage":"az"},{"@type":"WebPage","@id":"https:\/\/www.meydan.tv\/az\/article\/azerbaycanda-masin-ve-avadanliqlarin-istehsali-109-faiz-azalib\/","url":"https:\/\/www.meydan.tv\/az\/article\/azerbaycanda-masin-ve-avadanliqlarin-istehsali-109-faiz-azalib\/","name":"Az\u0259rbaycanda ma\u015f\u0131n v\u0259 avadanl\u0131qlar\u0131n istehsal\u0131 10,9 faiz azal\u0131b - MEYDAN.TV","isPartOf":{"@id":"https:\/\/www.meydan.tv\/az\/#website"},"primaryImageOfPage":{"@id":"https:\/\/www.meydan.tv\/az\/article\/azerbaycanda-masin-ve-avadanliqlarin-istehsali-109-faiz-azalib\/#primaryimage"},"image":{"@id":"https:\/\/www.meydan.tv\/az\/article\/azerbaycanda-masin-ve-avadanliqlarin-istehsali-109-faiz-azalib\/#primaryimage"},"thumbnailUrl":"https:\/\/www.meydan.tv\/wp-content\/uploads\/25046.jpg","datePublished":"2016-08-16T18:47:41+00:00","breadcrumb":{"@id":"https:\/\/www.meydan.tv\/az\/article\/azerbaycanda-masin-ve-avadanliqlarin-istehsali-109-faiz-azalib\/#breadcrumb"},"inLanguage":"az","potentialAction":[{"@type":"ReadAction","target":["https:\/\/www.meydan.tv\/az\/article\/azerbaycanda-masin-ve-avadanliqlarin-istehsali-109-faiz-azalib\/"]}]},{"@type":"ImageObject","inLanguage":"az","@id":"https:\/\/www.meydan.tv\/az\/article\/azerbaycanda-masin-ve-avadanliqlarin-istehsali-109-faiz-azalib\/#primaryimage","url":"https:\/\/www.meydan.tv\/wp-content\/uploads\/25046.jpg","contentUrl":"https:\/\/www.meydan.tv\/wp-content\/uploads\/25046.jpg","width":660,"height":363,"caption":"Source:"},{"@type":"BreadcrumbList","@id":"https:\/\/www.meydan.tv\/az\/article\/azerbaycanda-masin-ve-avadanliqlarin-istehsali-109-faiz-azalib\/#breadcrumb","itemListElement":[{"@type":"ListItem","position":1,"name":"Ana s\u0259hif\u0259","item":"https:\/\/www.meydan.tv\/az\/"},{"@type":"ListItem","position":2,"name":"X\u0259b\u0259rl\u0259r","item":"https:\/\/www.meydan.tv\/az\/section\/xeberler\/"},{"@type":"ListItem","position":3,"name":"Az\u0259rbaycanda ma\u015f\u0131n v\u0259 avadanl\u0131qlar\u0131n istehsal\u0131 10,9 faiz azal\u0131b"}]},{"@type":"WebSite","@id":"https:\/\/www.meydan.tv\/az\/#website","url":"https:\/\/www.meydan.tv\/az\/","name":"MEYDAN.TV","description":"Meydan TV Az\u0259rbaycan\u0131n media m\u0259kan\u0131ndak\u0131 alternativ s\u0259sidir","publisher":{"@id":"https:\/\/www.meydan.tv\/az\/#organization"},"potentialAction":[{"@type":"SearchAction","target":{"@type":"EntryPoint","urlTemplate":"https:\/\/www.meydan.tv\/az\/?s={search_term_string}"},"query-input":{"@type":"PropertyValueSpecification","valueRequired":true,"valueName":"search_term_string"}}],"inLanguage":"az"},{"@type":"Organization","@id":"https:\/\/www.meydan.tv\/az\/#organization","name":"Meydan TV","url":"https:\/\/www.meydan.tv\/az\/","logo":{"@type":"ImageObject","inLanguage":"az","@id":"https:\/\/www.meydan.tv\/az\/#\/schema\/logo\/image\/","url":"https:\/\/www.meydan.tv\/wp-content\/uploads\/2021\/07\/meydan-logo.svg","contentUrl":"https:\/\/www.meydan.tv\/wp-content\/uploads\/2021\/07\/meydan-logo.svg","width":195,"height":46,"caption":"Meydan TV"},"image":{"@id":"https:\/\/www.meydan.tv\/az\/#\/schema\/logo\/image\/"}},{"@type":"Person","@id":"https:\/\/www.meydan.tv\/az\/#\/schema\/person\/10d11eccf6da3662cf5fdab9806ea91a","name":"user-manager"}]}},"_links":{"self":[{"href":"https:\/\/www.meydan.tv\/az\/wp-json\/wp\/v2\/posts\/178220","targetHints":{"allow":["GET"]}}],"collection":[{"href":"https:\/\/www.meydan.tv\/az\/wp-json\/wp\/v2\/posts"}],"about":[{"href":"https:\/\/www.meydan.tv\/az\/wp-json\/wp\/v2\/types\/post"}],"author":[{"embeddable":true,"href":"https:\/\/www.meydan.tv\/az\/wp-json\/wp\/v2\/users\/11"}],"replies":[{"embeddable":true,"href":"https:\/\/www.meydan.tv\/az\/wp-json\/wp\/v2\/comments?post=178220"}],"version-history":[{"count":0,"href":"https:\/\/www.meydan.tv\/az\/wp-json\/wp\/v2\/posts\/178220\/revisions"}],"wp:featuredmedia":[{"embeddable":true,"href":"https:\/\/www.meydan.tv\/az\/wp-json\/wp\/v2\/media\/65666"}],"wp:attachment":[{"href":"https:\/\/www.meydan.tv\/az\/wp-json\/wp\/v2\/media?parent=178220"}],"wp:term":[{"taxonomy":"category","embeddable":true,"href":"https:\/\/www.meydan.tv\/az\/wp-json\/wp\/v2\/categories?post=178220"},{"taxonomy":"post_tag","embeddable":true,"href":"https:\/\/www.meydan.tv\/az\/wp-json\/wp\/v2\/tags?post=178220"}],"curies":[{"name":"wp","href":"https:\/\/api.w.org\/{rel}","templated":true}]}}