{"id":178217,"date":"2016-08-16T18:44:30","date_gmt":"2016-08-16T18:44:30","guid":{"rendered":"https:\/\/www.meydan.tv\/article\/perakende-ve-topdan-tecavuzler\/"},"modified":"2016-08-16T18:44:30","modified_gmt":"2016-08-16T18:44:30","slug":"perakende-ve-topdan-tecavuzler","status":"publish","type":"post","link":"https:\/\/www.meydan.tv\/az\/article\/perakende-ve-topdan-tecavuzler\/","title":{"rendered":"P\u0259rak\u0259nd\u0259 v\u0259 topdan t\u0259cav\u00fczl\u0259r&#8230;"},"content":{"rendered":"<figure class=\"wp-block-image size-large\">\n  <img decoding=\"async\" src=\"https:\/\/www.meydan.tv\/az\/63528\/\" alt=\"\" class=\"wp-image-63528\"\/><figcaption><\/figcaption><\/figure>\n<figure class=\"wp-block-image size-large\">\n  <img decoding=\"async\" src=\"https:\/\/www.meydan.tv\/az\/63525\/\" alt=\"\" class=\"wp-image-63525\"\/><figcaption><\/figcaption><\/figure>\n<p>\n  Allah\u0131n fa\u011f\u0131r b\u0259nd\u0259siydi. Evl\u0259rd\u0259 \u00e7al\u0131\u015far, bir loxma \u00e7\u00f6r\u0259yini qazanard\u0131. T\u0259xmin\u0259n doqquz il bizim h\u0259y\u0259t-bacaya baxd\u0131, d\u00fc\u015fd\u00fcy\u00fcm q\u0259zadan sonra h\u0259tta ev-e\u015fiy\u0259 d\u0259 \u0259l g\u0259zdir\u0259rdi.\n<\/p>\n<p>\n  Biz\u0259 g\u0259lib-ged\u0259n ham\u0131 ona x\u00fcsusi diqq\u0259t yetirib, h\u00f6rm\u0259t ed\u0259rdi. M\u0259n\u0259 dem\u0259k olar ki, h\u0259r g\u00fcn &#8220;axir\u0259t d\u00fcnya bac\u0131msan, \u00e7\u00f6r\u0259yinizi itirs\u0259m, ya\u015famaq m\u0259n\u0259 haram olsun&#8221; &#8211; dey\u0259rdi. Az vaxtda anam\u0131n, b\u00fct\u00fcn dostlar\u0131m\u0131n, ail\u0259 yax\u0131nlar\u0131m\u0131z\u0131n r\u0259\u011fb\u0259tini qazanan adam evimizin sakinin\u0259 \u00e7evrildi. K\u0259nd\u0259 gedi\u015f-g\u0259li\u015f \u00e7\u0259tin olanda ara-s\u0131ra bizd\u0259 qalard\u0131. S\u0259h\u0259rl\u0259r onu g\u00f6rm\u0259zdik. H\u0259r k\u0259sd\u0259n gec yatar, tez durard\u0131.\n<\/p>\n<p>\n  \u00d6l\u00fcmc\u00fcl q\u0259za v\u0259 onun davam\u0131 olan a\u011f\u0131r \u0259m\u0259liyyatlardan sonra alt\u0131-yeddi ay yataq x\u0259st\u0259si oldum. M\u0259ni o v\u0259ziyy\u0259td\u0259 g\u00f6rm\u0259y\u0259 dayana bilm\u0259y\u0259n anam he\u00e7 bir x\u0259st\u0259liksiz d\u00fcnyas\u0131n\u0131 d\u0259yi\u015fdi. Ba\u015f\u0131ma g\u0259l\u0259n m\u00fcsib\u0259tl\u0259rd\u0259n sonra bar\u0259sind\u0259 dan\u0131\u015fd\u0131\u011f\u0131m adam: \u2013 &#8220;Bac\u0131ma m\u0259nim d\u0259 borcum var&#8221;, dey\u0259 b\u0259z\u0259n pul g\u00f6t\u00fcrm\u0259k ist\u0259mirdi. Amma m\u0259n onun haqq\u0131n\u0131 h\u0259mi\u015f\u0259 art\u0131qlamas\u0131 il\u0259 \u00f6d\u0259yirdim. Avam yerin\u0259 qoyulub incidil\u0259nd\u0259, \u0259l\u0259 sal\u0131nanda u\u015faq kimi \u00fcst\u00fcm\u0259 qa\u00e7\u0131rd\u0131. M\u0259n onu qorumaqla qar\u015f\u0131 t\u0259r\u0259fin kinini, q\u0259z\u0259bini qazanaca\u011f\u0131m\u0131 bilirdim. \u00c7\u00fcnki adamlar onlar\u0131 hans\u0131sa havay\u0131 &#8220;z\u00f6vqd\u0259n&#8221; m\u0259hrum ed\u0259nl\u0259ri ba\u011f\u0131\u015flam\u0131rlar.\n<\/p>\n<p>\n  Q\u0259lbimd\u0259ki yaralar sa\u011falmasa da, dizd\u0259n qatlanmayan q\u0131salm\u0131\u015f sol aya\u011f\u0131mla v\u0259 bil\u0259kd\u0259n s\u0259hv biti\u015fmi\u015f sa\u011f \u0259liml\u0259, n\u0259hay\u0259t, h\u0259yat\u0131m\u0131n qalan hiss\u0259sini yola verm\u0259y\u0259 ba\u015flad\u0131m. T\u0259bii ki, bu yola \u00e7ox d\u0259y\u0259rli m\u0259n\u0259vi v\u0259 fiziki \u0259skikl\u0259riml\u0259 \u00e7\u0131xd\u0131m. Anlay\u0131\u015fl\u0131 dostlar h\u0259r g\u00fcn biz\u0259 y\u0131\u011f\u0131\u015far, gec\u0259 yar\u0131ya q\u0259d\u0259r oturard\u0131lar. B\u0259z\u0259n h\u0259tta m\u0259ni yat\u0131r\u0131b ged\u0259rdil\u0259r.\n<\/p>\n<p>\n  N\u00f6vb\u0259ti ax\u015famlar\u0131n birind\u0259 &#8220;bac\u0131, iki-\u00fc\u00e7 g\u00fcnl\u00fcy\u0259 u\u015faqlara ba\u015f \u00e7\u0259km\u0259y\u0259 gedir\u0259m&#8221;, deyib sa\u011folla\u015fd\u0131. O ax\u015fam ham\u0131n\u0131 yola sal\u0131b, gec\u0259yar\u0131s\u0131na kimi komp\u00fcterd\u0259 qurdaland\u0131m. Yuxum \u0259r\u015f\u0259 \u00e7\u0259kilmi\u015fdi el\u0259 bil. Bird\u0259n tan\u0131\u015f \u00f6sk\u00fcr\u0259k s\u0259si g\u0259ldi. Bizim ev\u0259baxan idi. \u018fslind\u0259 qorxmal\u0131 bir \u015fey yox idis\u0259 d\u0259, b\u00fct\u00fcn b\u0259d\u0259nim buza d\u00f6nd\u00fc. P\u0259nc\u0259r\u0259nin qar\u015f\u0131s\u0131ndan ke\u00e7\u0259nd\u0259 q\u0259fil sif\u0259tini g\u00f6rd\u00fcm. Adam\u0131n&#8230; \u00fcz\u00fcnd\u0259 he\u00e7 bir ifad\u0259 hiss olunmurdu! Qap\u0131n\u0131 ba\u011flamaq? Evimizin kilidi yox idi ki&#8230; Sad\u0259c\u0259 k\u00fc\u00e7\u0259 qap\u0131s\u0131n\u0131 ba\u011flay\u0131rd\u0131q. Bu ax\u015fam da ba\u011flam\u0131\u015fd\u0131m ax\u0131&#8230; B\u0259s adam hardan ke\u00e7ib? Art\u0131q bunun he\u00e7 bir m\u0259nas\u0131 yox idi. \u0130ki-\u00fc\u00e7 add\u0131mdan sonra adam \u00fcmumi ota\u011fa gir\u0259c\u0259kdi. M\u0259n qap\u0131-p\u0259nc\u0259r\u0259si taybatay a\u00e7\u0131q ki\u00e7ik gu\u015f\u0259min ensiz divar\u0131na s\u0131\u011f\u0131n\u0131b s\u00fcr\u0259tl\u0259 d\u00fc\u015f\u00fcn\u00fcrd\u00fcm : &#8220;Soyuqqanl\u0131 olacaqsan!&#8221; Adam qorxdu\u011fumu anlamas\u0131n dey\u0259 \u00f6z\u00fcm\u0259 verdiyim ilk \u0259mri icra etm\u0259k ist\u0259y\u0259nd\u0259 s\u0259sim \u00e7\u0131xmad\u0131. O, a\u00e7\u0131q qap\u0131dan i\u00e7\u0259ri ke\u00e7\u0259nd\u0259 yenid\u0259n \u00f6sk\u00fcr\u00fcb yad s\u0259sl\u0259 m\u0259ni s\u0259sl\u0259di:\n<\/p>\n<p>\n  \u2013 Yatm\u0131san, bac\u0131?\n<\/p>\n<p>\n  Cavab \u0259v\u0259zin\u0259 b\u00f6y\u00fck ota\u011fa ke\u00e7dim. Adam &#8220;na\u011f\u0131l&#8221; dan\u0131\u015fark\u0259n g\u00f6zl\u0259rim onun arxas\u0131nda &#8220;zaryadkaya&#8221; qoyulmu\u015f telefona ili\u015fib qald\u0131. Onun da \u00e7evrilib eyni n\u00f6qt\u0259y\u0259 baxd\u0131\u011f\u0131n\u0131 g\u00f6r\u00fcb \u00f6z\u00fcm\u00fc daha da itirdim. Qalx\u0131b m\u0259tb\u0259x stoluna yax\u0131nla\u015fd\u0131. D\u00f6n\u0259nd\u0259 \u0259lind\u0259 g\u00f6y sapl\u0131 g\u00f6y\u0259rti b\u0131\u00e7a\u011f\u0131m\u0131z vard\u0131.\n<\/p>\n<p>\n  M\u0259n qar\u0131\u015f\u0131q s\u00f6zl\u0259rl\u0259 ondan b\u0131\u00e7aqla n\u0259 ed\u0259c\u0259yini soru\u015fdum. Cavab verm\u0259yib m\u0259n\u0259mi, \u00fcmumi qap\u0131yam\u0131 sar\u0131 g\u0259l\u0259nd\u0259 ota\u011f\u0131ma qa\u00e7\u0131b q\u0131\u015fq\u0131raraq qon\u015fuyla aram\u0131zdak\u0131 &#8220;fanerkan\u0131&#8221; var g\u00fcc\u00fcml\u0259 d\u00f6ym\u0259y\u0259 ba\u015flad\u0131m. Nazik taxtan\u0131n o t\u0259r\u0259find\u0259 bir dam\u0131 b\u00f6l\u00fc\u015fd\u00fcy\u00fcm\u00fcz adamlar yat\u0131rd\u0131lar. \u0130ndic\u0259 s\u0259sim\u0259 s\u0259s ver\u0259c\u0259kl\u0259r dey\u0259 dir\u00e7\u0259lmi\u015fdim ki, g\u00fccl\u00fc bir \u0259l \u00e7iynimd\u0259n yap\u0131\u015f\u0131b m\u0259ni \u00fcmumi ota\u011fa \u00e7\u0259kdi. G\u00f6y b\u0131\u00e7aq \u0259lind\u0259, \u0259li havada idi. Onu bildiyim \u0259n t\u0259sirli s\u00f6zl\u0259rl\u0259 ay\u0131ltma\u011fa \u00e7al\u0131\u015f\u0131rd\u0131m, qon\u015fugil g\u0259l\u0259nd\u0259 x\u0259tas\u0131n\u0131 ba\u011f\u0131\u015flayaca\u011f\u0131ma and i\u00e7irdim. Amma taxtan\u0131n o t\u0259r\u0259find\u0259n \u0259ks-s\u0259da g\u0259lm\u0259y\u0259c\u0259yini, o, m\u0259nd\u0259n yax\u015f\u0131 bilirmi\u015f&#8230;\n<\/p>\n<p>\n  Adam geril\u0259m\u0259y\u0259nd\u0259 \u0259limi b\u0131\u00e7a\u011f\u0131n a\u011fz\u0131na verib yenid\u0259n daha d\u0259h\u015f\u0259tl\u0259 \u00e7\u0131\u011f\u0131raraq \u00f6z\u00fcm\u00fc qap\u0131ya atd\u0131m. Taxta arak\u0259sm\u0259d\u0259n \u00fcmid k\u0259silmi\u015fdi, b\u0259lk\u0259 qap\u0131dan \u00e7\u0131xmaqla can\u0131m\u0131 qurtararam dey\u0259&#8230; Qolumdan tutub arxaya \u00e7\u0259k\u0259nd\u0259 sin\u0259sind\u0259n it\u0259l\u0259dim. Daim da\u015f-k\u0259rpicl\u0259 i\u015fl\u0259y\u0259n g\u00fccl\u00fc adam\u0131n o ax\u015famk\u0131 yegan\u0259 z\u0259if yeri y\u0259qin i\u00e7kili olmas\u0131yd\u0131. Yoxsa x\u0259fif bir z\u0259rb\u0259y\u0259 m\u00fcvazin\u0259tini itirm\u0259zdi. Amma itirdi, vallah. Bu m\u00f6c\u00fcz\u0259d\u0259n ruhlan\u0131b \u0259limi qap\u0131n\u0131n d\u0259st\u0259yin\u0259 \u00e7atd\u0131rd\u0131m. Eyni vaxtda o da \u00f6z\u00fcn\u0259 g\u0259lib x\u0259st\u0259 aya\u011f\u0131mdan dartd\u0131, dig\u0259ri qatlanmad\u0131\u011f\u0131na g\u00f6r\u0259 \u00fcz\u00fc\u00fcst\u0259 s\u0259rildim. V\u0259 \u00e7\u0259n\u0259mi qap\u0131n\u0131n kandar\u0131na dayay\u0131b son d\u0259f\u0259 f\u0259ryad etdim. O g\u00fcn \u015f\u0259h\u0259rd\u0259n qay\u0131d\u0131b sanki x\u00fcsusi olaraq soyunmad\u0131\u011f\u0131m qal\u0131n sviter v\u0259 isti cinsd\u0259 titr\u0259y\u0259r\u0259k hu\u015fumun gethagetind\u0259 uzaqdan qula\u011f\u0131ma s\u0259sl\u0259r g\u0259lm\u0259y\u0259 ba\u015flad\u0131: \u2013 Qorxma, Nazl\u0131, g\u0259lirik! Dayan, Nazl\u0131 xala, \u00e7at\u0131r\u0131q&#8230; Barmaqlar\u0131m\u0131n aras\u0131ndan qan s\u00fcz\u00fcl\u00fcrd\u00fc, sol aya\u011f\u0131m sanki indic\u0259 q\u0131r\u0131lm\u0131\u015fd\u0131. Daha d\u00fcnyan\u0131n he\u00e7 bir a\u011fr\u0131s\u0131n\u0131 hiss etm\u0259y\u0259c\u0259k q\u0259d\u0259r hals\u0131z, yor\u011fun idim. \u018fsas da ki, \u00fcmidsiz.\n<\/p>\n<p>\n  Gec\u0259nin t\u0259xmin\u0259n saat ikisind\u0259 haray\u0131ma g\u0259l\u0259si kim vard\u0131 ki? Dem\u0259 kiml\u0259rs\u0259 varm\u0131\u015f v\u0259 birinci u\u011fursuz c\u0259hdl\u0259 bar\u0131\u015fmay\u0131b \u00e7\u0131\u011f\u0131rmaqla \u015fans\u0131m\u0131 oyad\u0131ramm\u0131\u015f&#8230;\n<\/p>\n<p>\n  O il\u0131q yaz gec\u0259sind\u0259 realla\u015fan s\u0259sl\u0259rin h\u0259yat hekay\u0259sind\u0259n niy\u0259 yazd\u0131m? \u00d6z\u00fc d\u0259 \u00fcst\u00fcnd\u0259n ne\u00e7\u0259 ill\u0259r ke\u00e7\u0259nd\u0259n sonra. H\u0259m d\u0259 nec\u0259 qar\u015f\u0131lanaca\u011f\u0131n\u0131 bil\u0259-bil\u0259. &#8220;Yad ki\u015fiy\u0259 inan\u0131b \u00fcz ver\u0259nd\u0259 bel\u0259 olar!&#8221; Arada ax\u0131, doqquz ilin haqq-salam\u0131, duz-\u00e7\u00f6r\u0259yi, bu m\u00fcdd\u0259td\u0259 s\u0259n\u0259 fasil\u0259siz &#8220;bac\u0131&#8221; dey\u0259n biri var. \u0130nanmayacaqsanm\u0131? H\u0259l\u0259 &#8220;t\u0259cav\u00fcz&#8221; eyham\u0131. Olsun lap t\u0259cav\u00fcz! \u0130ll\u0259rdir toplum olaraq can\u0131m\u0131z yan\u0131r, l\u0259yaq\u0259timiz, duy\u011fular\u0131m\u0131z, inam\u0131m\u0131z zorlan\u0131r. Yuvam\u0131z da\u011f\u0131l\u0131r, torpaqlar\u0131m\u0131z gedir, t\u0259kn\u0259miz bo\u015fal\u0131r, insanl\u0131\u011f\u0131m\u0131z \u00f6l\u00fcr. T\u0259cav\u00fcz deyilmi? V\u0259 h\u0259min toplum olaraq birc\u0259 d\u0259f\u0259 baiskarlara &#8220;dur!&#8221; dey\u0259 bilmi\u015fikmi? H\u0259r hans\u0131 s\u0259b\u0259bl\u0259rl\u0259 \u015firnikl\u0259\u015fdirilmi\u015f v\u0259 ya h\u0259d\u0259l\u0259nmi\u015f birinin d\u0259mir \u0259ll\u0259rind\u0259n \u00e7\u0131xma\u011f\u0131 bacaran \u015fik\u0259st qad\u0131n q\u0259d\u0259r yoxmuyuq?\n<\/p>\n<p>\n  V\u0259 \u0259g\u0259r b\u00fct\u00fcn bunlara he\u00e7 olmasa instiktiv m\u00fcqavim\u0259t g\u00f6st\u0259rmiriks\u0259, m\u0259s\u0259l\u0259 birm\u0259nal\u0131 k\u00f6n\u00fcll\u00fcl\u0259\u015fir. Onda art\u0131q t\u0259r\u0259f oldu\u011fumuz t\u0259cav\u00fczl\u0259r\u0259 c\u00fcrb\u0259c\u00fcr \u0259zabke\u015f qurban donu geyindirm\u0259y\u0259k. Gecikmi\u015f, amma m\u00fctl\u0259q g\u0259l\u0259c\u0259y\u0259 q\u0259d\u0259r bu, bizim v\u0259ziyy\u0259t\u0259 g\u00f6r\u0259 d\u0259yi\u015f\u0259n &#8220;sabit konsitutsiya&#8221; pay\u0131m\u0131zd\u0131r. \u0130st\u0259m\u0259y\u0259n g\u00f6t\u00fcrm\u0259sin&#8230;<\/p>\n","protected":false},"excerpt":{"rendered":"<p>Allah\u0131n fa\u011f\u0131r b\u0259nd\u0259siydi.<\/p>\n","protected":false},"author":11,"featured_media":63528,"comment_status":"closed","ping_status":"open","sticky":false,"template":"","format":"standard","meta":{"_acf_changed":false,"_sitemap_exclude":false,"_sitemap_priority":"","_sitemap_frequency":"","footnotes":""},"categories":[57],"tags":[],"class_list":["post-178217","post","type-post","status-publish","format-standard","has-post-thumbnail","hentry","category-menim-fikrimce","infinite-scroll-item","generate-columns","tablet-grid-50","mobile-grid-100","grid-parent","grid-33","no-featured-image-padding"],"acf":[],"yoast_head":"<!-- This site is optimized with the Yoast SEO plugin v27.5 - https:\/\/yoast.com\/product\/yoast-seo-wordpress\/ -->\n<title>P\u0259rak\u0259nd\u0259 v\u0259 topdan t\u0259cav\u00fczl\u0259r... - MEYDAN.TV<\/title>\n<meta name=\"robots\" content=\"index, follow, max-snippet:-1, max-image-preview:large, max-video-preview:-1\" \/>\n<link rel=\"canonical\" href=\"https:\/\/www.meydan.tv\/az\/article\/perakende-ve-topdan-tecavuzler\/\" \/>\n<meta property=\"og:locale\" content=\"az_AZ\" \/>\n<meta property=\"og:type\" content=\"article\" \/>\n<meta property=\"og:title\" content=\"P\u0259rak\u0259nd\u0259 v\u0259 topdan t\u0259cav\u00fczl\u0259r... - MEYDAN.TV\" \/>\n<meta property=\"og:description\" content=\"Allah\u0131n fa\u011f\u0131r b\u0259nd\u0259siydi.\" \/>\n<meta property=\"og:url\" content=\"https:\/\/www.meydan.tv\/az\/article\/perakende-ve-topdan-tecavuzler\/\" \/>\n<meta property=\"og:site_name\" content=\"MEYDAN.TV\" \/>\n<meta property=\"article:published_time\" content=\"2016-08-16T18:44:30+00:00\" \/>\n<meta property=\"og:image\" content=\"https:\/\/www.meydan.tv\/wp-content\/uploads\/24253.jpg\" \/>\n\t<meta property=\"og:image:width\" content=\"500\" \/>\n\t<meta property=\"og:image:height\" content=\"500\" \/>\n\t<meta property=\"og:image:type\" content=\"image\/jpeg\" \/>\n<meta name=\"author\" content=\"user-manager\" \/>\n<meta name=\"twitter:card\" content=\"summary_large_image\" \/>\n<script type=\"application\/ld+json\" class=\"yoast-schema-graph\">{\"@context\":\"https:\\\/\\\/schema.org\",\"@graph\":[{\"@type\":\"Article\",\"@id\":\"https:\\\/\\\/www.meydan.tv\\\/az\\\/article\\\/perakende-ve-topdan-tecavuzler\\\/#article\",\"isPartOf\":{\"@id\":\"https:\\\/\\\/www.meydan.tv\\\/az\\\/article\\\/perakende-ve-topdan-tecavuzler\\\/\"},\"author\":{\"name\":\"user-manager\",\"@id\":\"https:\\\/\\\/www.meydan.tv\\\/az\\\/#\\\/schema\\\/person\\\/10d11eccf6da3662cf5fdab9806ea91a\"},\"headline\":\"P\u0259rak\u0259nd\u0259 v\u0259 topdan t\u0259cav\u00fczl\u0259r&#8230;\",\"datePublished\":\"2016-08-16T18:44:30+00:00\",\"mainEntityOfPage\":{\"@id\":\"https:\\\/\\\/www.meydan.tv\\\/az\\\/article\\\/perakende-ve-topdan-tecavuzler\\\/\"},\"wordCount\":1369,\"publisher\":{\"@id\":\"https:\\\/\\\/www.meydan.tv\\\/az\\\/#organization\"},\"image\":{\"@id\":\"https:\\\/\\\/www.meydan.tv\\\/az\\\/article\\\/perakende-ve-topdan-tecavuzler\\\/#primaryimage\"},\"thumbnailUrl\":\"https:\\\/\\\/www.meydan.tv\\\/wp-content\\\/uploads\\\/24253.jpg\",\"articleSection\":[\"M\u0259nim Fikrimc\u0259\"],\"inLanguage\":\"az\"},{\"@type\":\"WebPage\",\"@id\":\"https:\\\/\\\/www.meydan.tv\\\/az\\\/article\\\/perakende-ve-topdan-tecavuzler\\\/\",\"url\":\"https:\\\/\\\/www.meydan.tv\\\/az\\\/article\\\/perakende-ve-topdan-tecavuzler\\\/\",\"name\":\"P\u0259rak\u0259nd\u0259 v\u0259 topdan t\u0259cav\u00fczl\u0259r... - MEYDAN.TV\",\"isPartOf\":{\"@id\":\"https:\\\/\\\/www.meydan.tv\\\/az\\\/#website\"},\"primaryImageOfPage\":{\"@id\":\"https:\\\/\\\/www.meydan.tv\\\/az\\\/article\\\/perakende-ve-topdan-tecavuzler\\\/#primaryimage\"},\"image\":{\"@id\":\"https:\\\/\\\/www.meydan.tv\\\/az\\\/article\\\/perakende-ve-topdan-tecavuzler\\\/#primaryimage\"},\"thumbnailUrl\":\"https:\\\/\\\/www.meydan.tv\\\/wp-content\\\/uploads\\\/24253.jpg\",\"datePublished\":\"2016-08-16T18:44:30+00:00\",\"breadcrumb\":{\"@id\":\"https:\\\/\\\/www.meydan.tv\\\/az\\\/article\\\/perakende-ve-topdan-tecavuzler\\\/#breadcrumb\"},\"inLanguage\":\"az\",\"potentialAction\":[{\"@type\":\"ReadAction\",\"target\":[\"https:\\\/\\\/www.meydan.tv\\\/az\\\/article\\\/perakende-ve-topdan-tecavuzler\\\/\"]}]},{\"@type\":\"ImageObject\",\"inLanguage\":\"az\",\"@id\":\"https:\\\/\\\/www.meydan.tv\\\/az\\\/article\\\/perakende-ve-topdan-tecavuzler\\\/#primaryimage\",\"url\":\"https:\\\/\\\/www.meydan.tv\\\/wp-content\\\/uploads\\\/24253.jpg\",\"contentUrl\":\"https:\\\/\\\/www.meydan.tv\\\/wp-content\\\/uploads\\\/24253.jpg\",\"width\":500,\"height\":500,\"caption\":\"Source:\"},{\"@type\":\"BreadcrumbList\",\"@id\":\"https:\\\/\\\/www.meydan.tv\\\/az\\\/article\\\/perakende-ve-topdan-tecavuzler\\\/#breadcrumb\",\"itemListElement\":[{\"@type\":\"ListItem\",\"position\":1,\"name\":\"Ana s\u0259hif\u0259\",\"item\":\"https:\\\/\\\/www.meydan.tv\\\/az\\\/\"},{\"@type\":\"ListItem\",\"position\":2,\"name\":\"M\u0259nim Fikrimc\u0259\",\"item\":\"https:\\\/\\\/www.meydan.tv\\\/az\\\/section\\\/menim-fikrimce\\\/\"},{\"@type\":\"ListItem\",\"position\":3,\"name\":\"P\u0259rak\u0259nd\u0259 v\u0259 topdan t\u0259cav\u00fczl\u0259r&#8230;\"}]},{\"@type\":\"WebSite\",\"@id\":\"https:\\\/\\\/www.meydan.tv\\\/az\\\/#website\",\"url\":\"https:\\\/\\\/www.meydan.tv\\\/az\\\/\",\"name\":\"MEYDAN.TV\",\"description\":\"Meydan TV Az\u0259rbaycan\u0131n media m\u0259kan\u0131ndak\u0131 alternativ s\u0259sidir\",\"publisher\":{\"@id\":\"https:\\\/\\\/www.meydan.tv\\\/az\\\/#organization\"},\"potentialAction\":[{\"@type\":\"SearchAction\",\"target\":{\"@type\":\"EntryPoint\",\"urlTemplate\":\"https:\\\/\\\/www.meydan.tv\\\/az\\\/?s={search_term_string}\"},\"query-input\":{\"@type\":\"PropertyValueSpecification\",\"valueRequired\":true,\"valueName\":\"search_term_string\"}}],\"inLanguage\":\"az\"},{\"@type\":\"Organization\",\"@id\":\"https:\\\/\\\/www.meydan.tv\\\/az\\\/#organization\",\"name\":\"Meydan TV\",\"url\":\"https:\\\/\\\/www.meydan.tv\\\/az\\\/\",\"logo\":{\"@type\":\"ImageObject\",\"inLanguage\":\"az\",\"@id\":\"https:\\\/\\\/www.meydan.tv\\\/az\\\/#\\\/schema\\\/logo\\\/image\\\/\",\"url\":\"https:\\\/\\\/www.meydan.tv\\\/wp-content\\\/uploads\\\/2021\\\/07\\\/meydan-logo.svg\",\"contentUrl\":\"https:\\\/\\\/www.meydan.tv\\\/wp-content\\\/uploads\\\/2021\\\/07\\\/meydan-logo.svg\",\"width\":195,\"height\":46,\"caption\":\"Meydan TV\"},\"image\":{\"@id\":\"https:\\\/\\\/www.meydan.tv\\\/az\\\/#\\\/schema\\\/logo\\\/image\\\/\"}},{\"@type\":\"Person\",\"@id\":\"https:\\\/\\\/www.meydan.tv\\\/az\\\/#\\\/schema\\\/person\\\/10d11eccf6da3662cf5fdab9806ea91a\",\"name\":\"user-manager\"}]}<\/script>\n<!-- \/ Yoast SEO plugin. -->","yoast_head_json":{"title":"P\u0259rak\u0259nd\u0259 v\u0259 topdan t\u0259cav\u00fczl\u0259r... - MEYDAN.TV","robots":{"index":"index","follow":"follow","max-snippet":"max-snippet:-1","max-image-preview":"max-image-preview:large","max-video-preview":"max-video-preview:-1"},"canonical":"https:\/\/www.meydan.tv\/az\/article\/perakende-ve-topdan-tecavuzler\/","og_locale":"az_AZ","og_type":"article","og_title":"P\u0259rak\u0259nd\u0259 v\u0259 topdan t\u0259cav\u00fczl\u0259r... - MEYDAN.TV","og_description":"Allah\u0131n fa\u011f\u0131r b\u0259nd\u0259siydi.","og_url":"https:\/\/www.meydan.tv\/az\/article\/perakende-ve-topdan-tecavuzler\/","og_site_name":"MEYDAN.TV","article_published_time":"2016-08-16T18:44:30+00:00","og_image":[{"width":500,"height":500,"url":"https:\/\/www.meydan.tv\/wp-content\/uploads\/24253.jpg","type":"image\/jpeg"}],"author":"user-manager","twitter_card":"summary_large_image","schema":{"@context":"https:\/\/schema.org","@graph":[{"@type":"Article","@id":"https:\/\/www.meydan.tv\/az\/article\/perakende-ve-topdan-tecavuzler\/#article","isPartOf":{"@id":"https:\/\/www.meydan.tv\/az\/article\/perakende-ve-topdan-tecavuzler\/"},"author":{"name":"user-manager","@id":"https:\/\/www.meydan.tv\/az\/#\/schema\/person\/10d11eccf6da3662cf5fdab9806ea91a"},"headline":"P\u0259rak\u0259nd\u0259 v\u0259 topdan t\u0259cav\u00fczl\u0259r&#8230;","datePublished":"2016-08-16T18:44:30+00:00","mainEntityOfPage":{"@id":"https:\/\/www.meydan.tv\/az\/article\/perakende-ve-topdan-tecavuzler\/"},"wordCount":1369,"publisher":{"@id":"https:\/\/www.meydan.tv\/az\/#organization"},"image":{"@id":"https:\/\/www.meydan.tv\/az\/article\/perakende-ve-topdan-tecavuzler\/#primaryimage"},"thumbnailUrl":"https:\/\/www.meydan.tv\/wp-content\/uploads\/24253.jpg","articleSection":["M\u0259nim Fikrimc\u0259"],"inLanguage":"az"},{"@type":"WebPage","@id":"https:\/\/www.meydan.tv\/az\/article\/perakende-ve-topdan-tecavuzler\/","url":"https:\/\/www.meydan.tv\/az\/article\/perakende-ve-topdan-tecavuzler\/","name":"P\u0259rak\u0259nd\u0259 v\u0259 topdan t\u0259cav\u00fczl\u0259r... - MEYDAN.TV","isPartOf":{"@id":"https:\/\/www.meydan.tv\/az\/#website"},"primaryImageOfPage":{"@id":"https:\/\/www.meydan.tv\/az\/article\/perakende-ve-topdan-tecavuzler\/#primaryimage"},"image":{"@id":"https:\/\/www.meydan.tv\/az\/article\/perakende-ve-topdan-tecavuzler\/#primaryimage"},"thumbnailUrl":"https:\/\/www.meydan.tv\/wp-content\/uploads\/24253.jpg","datePublished":"2016-08-16T18:44:30+00:00","breadcrumb":{"@id":"https:\/\/www.meydan.tv\/az\/article\/perakende-ve-topdan-tecavuzler\/#breadcrumb"},"inLanguage":"az","potentialAction":[{"@type":"ReadAction","target":["https:\/\/www.meydan.tv\/az\/article\/perakende-ve-topdan-tecavuzler\/"]}]},{"@type":"ImageObject","inLanguage":"az","@id":"https:\/\/www.meydan.tv\/az\/article\/perakende-ve-topdan-tecavuzler\/#primaryimage","url":"https:\/\/www.meydan.tv\/wp-content\/uploads\/24253.jpg","contentUrl":"https:\/\/www.meydan.tv\/wp-content\/uploads\/24253.jpg","width":500,"height":500,"caption":"Source:"},{"@type":"BreadcrumbList","@id":"https:\/\/www.meydan.tv\/az\/article\/perakende-ve-topdan-tecavuzler\/#breadcrumb","itemListElement":[{"@type":"ListItem","position":1,"name":"Ana s\u0259hif\u0259","item":"https:\/\/www.meydan.tv\/az\/"},{"@type":"ListItem","position":2,"name":"M\u0259nim Fikrimc\u0259","item":"https:\/\/www.meydan.tv\/az\/section\/menim-fikrimce\/"},{"@type":"ListItem","position":3,"name":"P\u0259rak\u0259nd\u0259 v\u0259 topdan t\u0259cav\u00fczl\u0259r&#8230;"}]},{"@type":"WebSite","@id":"https:\/\/www.meydan.tv\/az\/#website","url":"https:\/\/www.meydan.tv\/az\/","name":"MEYDAN.TV","description":"Meydan TV Az\u0259rbaycan\u0131n media m\u0259kan\u0131ndak\u0131 alternativ s\u0259sidir","publisher":{"@id":"https:\/\/www.meydan.tv\/az\/#organization"},"potentialAction":[{"@type":"SearchAction","target":{"@type":"EntryPoint","urlTemplate":"https:\/\/www.meydan.tv\/az\/?s={search_term_string}"},"query-input":{"@type":"PropertyValueSpecification","valueRequired":true,"valueName":"search_term_string"}}],"inLanguage":"az"},{"@type":"Organization","@id":"https:\/\/www.meydan.tv\/az\/#organization","name":"Meydan TV","url":"https:\/\/www.meydan.tv\/az\/","logo":{"@type":"ImageObject","inLanguage":"az","@id":"https:\/\/www.meydan.tv\/az\/#\/schema\/logo\/image\/","url":"https:\/\/www.meydan.tv\/wp-content\/uploads\/2021\/07\/meydan-logo.svg","contentUrl":"https:\/\/www.meydan.tv\/wp-content\/uploads\/2021\/07\/meydan-logo.svg","width":195,"height":46,"caption":"Meydan TV"},"image":{"@id":"https:\/\/www.meydan.tv\/az\/#\/schema\/logo\/image\/"}},{"@type":"Person","@id":"https:\/\/www.meydan.tv\/az\/#\/schema\/person\/10d11eccf6da3662cf5fdab9806ea91a","name":"user-manager"}]}},"_links":{"self":[{"href":"https:\/\/www.meydan.tv\/az\/wp-json\/wp\/v2\/posts\/178217","targetHints":{"allow":["GET"]}}],"collection":[{"href":"https:\/\/www.meydan.tv\/az\/wp-json\/wp\/v2\/posts"}],"about":[{"href":"https:\/\/www.meydan.tv\/az\/wp-json\/wp\/v2\/types\/post"}],"author":[{"embeddable":true,"href":"https:\/\/www.meydan.tv\/az\/wp-json\/wp\/v2\/users\/11"}],"replies":[{"embeddable":true,"href":"https:\/\/www.meydan.tv\/az\/wp-json\/wp\/v2\/comments?post=178217"}],"version-history":[{"count":0,"href":"https:\/\/www.meydan.tv\/az\/wp-json\/wp\/v2\/posts\/178217\/revisions"}],"wp:featuredmedia":[{"embeddable":true,"href":"https:\/\/www.meydan.tv\/az\/wp-json\/wp\/v2\/media\/63528"}],"wp:attachment":[{"href":"https:\/\/www.meydan.tv\/az\/wp-json\/wp\/v2\/media?parent=178217"}],"wp:term":[{"taxonomy":"category","embeddable":true,"href":"https:\/\/www.meydan.tv\/az\/wp-json\/wp\/v2\/categories?post=178217"},{"taxonomy":"post_tag","embeddable":true,"href":"https:\/\/www.meydan.tv\/az\/wp-json\/wp\/v2\/tags?post=178217"}],"curies":[{"name":"wp","href":"https:\/\/api.w.org\/{rel}","templated":true}]}}