{"id":178212,"date":"2016-08-16T17:03:22","date_gmt":"2016-08-16T17:03:22","guid":{"rendered":"https:\/\/www.meydan.tv\/article\/corek-haqqimiz\/"},"modified":"2016-08-16T17:03:22","modified_gmt":"2016-08-16T17:03:22","slug":"corek-haqqimiz","status":"publish","type":"post","link":"https:\/\/www.meydan.tv\/az\/article\/corek-haqqimiz\/","title":{"rendered":"\u00c7\u00f6r\u0259k haqq\u0131m\u0131z&#8230;"},"content":{"rendered":"<figure class=\"wp-block-image size-large\">\n  <img decoding=\"async\" src=\"https:\/\/www.meydan.tv\/az\/64718\/\" alt=\"\" class=\"wp-image-64718\"\/><figcaption><\/figcaption><\/figure>\n<figure class=\"wp-block-image size-large\">\n  <img decoding=\"async\" src=\"https:\/\/www.meydan.tv\/az\/gunel-movlud-banner\/\" alt=\"G\u00fcnel M\u00f6vlud &#8211; Banner\" class=\"wp-image-65612\"\/><figcaption>\n    G\u00fcnel M\u00f6vlud &#8211; Banner<br \/>\n  <\/figcaption><\/figure>\n<p>\n  Onun bahala\u015fmas\u0131 niy\u0259 daha a\u011f\u0131rd\u0131r?\n<\/p>\n<p>\n  Bir ne\u00e7\u0259 xarici \u00f6lk\u0259d\u0259 olandan sonra diqq\u0259timi c\u0259lb ed\u0259n m\u0259s\u0259l\u0259l\u0259rd\u0259n biri d\u0259 h\u0259min \u00f6lk\u0259l\u0259rd\u0259 \u00e7\u00f6r\u0259y\u0259 m\u00fcnasib\u0259t idi. Maraql\u0131 g\u0259lirdi ki, b\u0259zi \u00f6lk\u0259l\u0259rd\u0259 yem\u0259yin yan\u0131na olduqca az miqdarda \u00e7\u00f6r\u0259k qoyur, b\u0259z\u0259n is\u0259 he\u00e7 qoymurdular. \u018fvv\u0259l-\u0259vv\u0259l bu, n\u0259inki q\u0259rib\u0259, h\u0259m d\u0259 q\u0259buledilm\u0259z bir \u015fey kimi g\u0259lirdi. Nec\u0259 ola bil\u0259rdi ki, yem\u0259yi \u00e7\u00f6r\u0259ksiz yey\u0259s\u0259n, \u0259n dadl\u0131 yem\u0259k bel\u0259, \u00e7\u00f6r\u0259ksiz n\u0259 dada bil\u0259rdi ki?\n<\/p>\n<p>\n  Zaman ke\u00e7di, yem\u0259yi \u00e7\u00f6r\u0259ksiz yem\u0259y\u0259 d\u0259 \u00f6yr\u0259\u015fdim. S\u0259h\u0259rl\u0259r bir dilim, h\u0259ft\u0259d\u0259 bir g\u00fcn sevdiyim h\u0259r hans\u0131 bir n\u00f6v\u00fc delikates kimi yeyir\u0259m, v\u0259ssalam. B\u0259z\u0259n dostlarla oturanda, h\u0259mr\u0259ylik namin\u0259 bir-iki dilim yes\u0259m d\u0259, g\u00fcnd\u0259lik rasionumu \u00e7\u00f6r\u0259ksiz asanl\u0131qla t\u0259s\u0259vv\u00fcr ed\u0259 bilir\u0259m. \u00c7\u00f6r\u0259k art\u0131q m\u0259nim \u00fc\u00e7\u00fcn \u0259n vacib \u0259rzaq, s\u00fcfr\u0259nin m\u0259rk\u0259zind\u0259 dayanmal\u0131 olan nem\u0259t deyil.\n<\/p>\n<p>\n  Bununla bel\u0259, \u00e7\u00f6r\u0259yin metafizik m\u0259nas\u0131, anlam\u0131 d\u0259yi\u015fm\u0259z qal\u0131r. Savad\u0131ndan, d\u00fcnyag\u00f6r\u00fc\u015f\u00fcnd\u0259n, h\u0259yat t\u0259rzind\u0259n as\u0131l\u0131 olmayaraq, b\u00fct\u00fcn tan\u0131\u015flar\u0131mda eynisini m\u00fc\u015fahid\u0259 edir\u0259m. B\u0259z\u0259n onlar qonaq g\u0259l\u0259nd\u0259 s\u00fcfr\u0259y\u0259 \u00e7\u00f6r\u0259k qoyma\u011f\u0131 unuduram. Bax\u0131ram ki, az ya \u00e7ox yem\u0259l\u0259ri f\u0259rq etm\u0259z, g\u00f6zl\u0259ri s\u00fcfr\u0259d\u0259 \u00e7\u00f6r\u0259k axtar\u0131r, s\u00fcfr\u0259y\u0259 g\u0259lm\u0259y\u0259n\u0259 q\u0259d\u0259r \u0259ll\u0259rini yem\u0259y\u0259 ya vurmur, ya da k\u00f6n\u00fcls\u00fcz uzad\u0131rlar.\n<\/p>\n<p>\n  Bu bar\u0259d\u0259 d\u00fc\u015f\u00fcn\u0259nd\u0259, m\u0259n\u0259 el\u0259 g\u0259lir ki, b\u0259lk\u0259 d\u0259 \u0130kinci D\u00fcnya M\u00fcharib\u0259sinin d\u0259h\u015f\u0259tli acl\u0131\u011f\u0131n\u0131 ya\u015fam\u0131\u015f baba-n\u0259n\u0259l\u0259rimizin, ke\u00e7id d\u00f6vr\u00fcn\u00fcn uzun-uzad\u0131, gec\u0259 boyu davam ed\u0259n n\u00f6vb\u0259l\u0259rini g\u00f6rm\u00fc\u015f ata-analar\u0131m\u0131z\u0131n canlar\u0131ndak\u0131 q\u0131tl\u0131q, g\u00f6zl\u0259rind\u0259ki yoxluq qorxusu biz\u0259 miras \u00f6t\u00fcr\u00fcl\u00fcb.\n<\/p>\n<p>\n  H\u0259, bir d\u0259 \u00e7\u00f6r\u0259kd\u0259n doymad\u0131\u011f\u0131 u\u015faql\u0131\u011f\u0131 da oldu b\u0259zil\u0259rimizin&#8230; Ke\u00e7id d\u00f6vr\u00fcn\u00fcn c\u0131nd\u0131r\u0131ndan cin \u00fcrk\u0259n vaxt\u0131na d\u00fc\u015f\u0259n u\u015faql\u0131q ill\u0259rind\u0259&#8230; Yad\u0131ma \u00e7\u0131rp\u0131b, ovub, bu\u011fdas\u0131n\u0131 ar\u0131tlay\u0131b, \u00fcy\u00fcd\u0259k dey\u0259 g\u00fcn\u00fcn q\u0131zmar\u0131nda bi\u00e7ilmi\u015f tarlalarda iyirmi, otuz n\u0259f\u0259rlik d\u0259st\u0259l\u0259rl\u0259 ba\u015faq y\u0131\u011fd\u0131\u011f\u0131m\u0131z g\u00fcnl\u0259r d\u00fc\u015f\u00fcr. \u0130lahi, nec\u0259 \u0259l\u00e7atmaz idi o vaxt \u00e7\u00f6r\u0259k, nec\u0259 \u0259ziyy\u0259tl\u0259r bahas\u0131na ba\u015fa g\u0259lirdi v\u0259 pulla he\u00e7 \u00f6l\u00e7\u00fclm\u00fcrd\u00fc d\u0259y\u0259ri&#8230;\n<\/p>\n<p>\n  \u0130ndi sanki biz \u00e7\u00f6r\u0259yi t\u0259kc\u0259 \u00f6z\u00fcm\u00fcz\u00fcn, indimizin deyil, yar\u0131ac u\u015faql\u0131\u011f\u0131m\u0131z\u0131n, ata-babalar\u0131m\u0131z\u0131n da yerin\u0259 yeyirik, t\u0259kc\u0259 \u00f6z\u00fcm\u00fcz\u00fc deyil, ac ke\u00e7mi\u015fimizi, ac \u0259cdadlar\u0131m\u0131z\u0131 da doyurma\u011fa \u00e7al\u0131\u015f\u0131r\u0131q.\n<\/p>\n<p>\n  Cek Londonun d\u0259nizd\u0259 g\u00fcnl\u0259r uzunu ac qalandan sonra, \u00e7\u00f6r\u0259yin bol vaxt\u0131nda yata\u011f\u0131n\u0131n alt\u0131nda suxar\u0131 ehtiyat\u0131 saxlayan q\u0259hr\u0259man\u0131 kimi, biz qorxuruq, n\u0259 vaxtsa ac, \u00e7\u00f6r\u0259ksiz qalaca\u011f\u0131m\u0131zdan qorxuruq.\n<\/p>\n<p>\n  \u00c7\u00f6r\u0259yin q\u0131t, q\u0131z\u0131l \u00e7\u0259kisin\u0259 b\u0259rab\u0259r oldu\u011fu vaxtlar\u0131, o zamanlar\u0131 g\u00f6z\u00fcm\u00fczl\u0259 g\u00f6rm\u0259s\u0259k bel\u0259, unuda bilmirik. Zibil qablar\u0131na az qala b\u00fct\u00f6v-b\u00fct\u00f6v at\u0131lan, alaqap\u0131lar\u0131n yan\u0131na qalaq-qalaq y\u0131\u011f\u0131lan \u00e7\u00f6r\u0259k par\u00e7alar\u0131n\u0131n zaman\u0131nda da, bu bolluq biz\u0259 ata-babalar\u0131m\u0131z\u0131n ona bir vaxtlar m\u00f6htac qald\u0131\u011f\u0131n\u0131 unutdura bilmirdi.\n<\/p>\n<p>\n  Alman yaz\u0131\u00e7\u0131s\u0131 Haynrix B\u00f6ll\u00fcn &#8220;O ill\u0259rin \u00e7\u00f6r\u0259yi&#8221; adl\u0131 uzun hekay\u0259si var. \u018fkr\u0259m \u018fylisli bu hekay\u0259ni dilimiz\u0259 \u00e7ox g\u00f6z\u0259l t\u0259rc\u00fcm\u0259 edib. Hekay\u0259nin q\u0259hr\u0259man\u0131 m\u00fcharib\u0259nin q\u0131tl\u0131q, acl\u0131q ill\u0259rind\u0259n \u00e7\u0131xandan sonra, \u00e7\u00f6r\u0259yin art\u0131q \u0259l\u00e7atan oldu\u011fu vaxtlarda bel\u0259 cibind\u0259 \u00e7\u00f6r\u0259k g\u0259zdirir. O, sevgilisind\u0259n ayr\u0131landa onu bir f\u0259hl\u0259 q\u0131zla m\u00fcqayis\u0259 edir v\u0259 deyir: &#8220;O, m\u0259niml\u0259 \u00e7\u00f6r\u0259yini b\u00f6l\u00fc\u015f\u00fcrd\u00fc. \u00d6z\u00fc d\u0259 el\u0259-bel\u0259 \u00e7\u00f6r\u0259k yox, o ill\u0259rin \u00e7\u00f6r\u0259yini&#8230;&#8221;\n<\/p>\n<p>\n  Bir dilim, bir loxma \u00e7\u00f6r\u0259k Haynrix B\u00f6ll\u00fcn q\u0259hr\u0259man\u0131 \u00fc\u00e7\u00fcn insan\u0131n f\u0259dakarl\u0131\u011f\u0131n\u0131n g\u00f6st\u0259ricisidir&#8230;\n<\/p>\n<p>\n  Buna g\u00f6r\u0259 d\u0259, \u00e7\u00f6r\u0259k bizim g\u00f6z\u00fcm\u00fczd\u0259, evimizd\u0259, s\u00fcfr\u0259mizd\u0259 t\u0259kc\u0259 yem\u0259k \u00fc\u00e7\u00fcn deyil, h\u0259m d\u0259 and i\u00e7m\u0259k \u00fc\u00e7\u00fcnd\u00fc. Biz qoxuruq, bir vaxt babalar\u0131m\u0131z kimi ac qalaca\u011f\u0131m\u0131zdan, atalar\u0131m\u0131z kimi n\u00f6vb\u0259l\u0259r \u0259siri olaca\u011f\u0131m\u0131zdan qorxuruq.\n<\/p>\n<p>\n  \u00c7\u00fcnki, b\u00fct\u00fcn \u0259rzaqlar el\u0259c\u0259, \u0259rzaqd\u0131r, \u00e7\u00f6r\u0259k is\u0259 h\u0259m d\u0259 d\u0259y\u0259rdir.\n<\/p><\/p>\n","protected":false},"excerpt":{"rendered":"<p>Onun bahala\u015fmas\u0131 niy\u0259 daha a\u011f\u0131rd\u0131r?<\/p>\n","protected":false},"author":11,"featured_media":64718,"comment_status":"closed","ping_status":"open","sticky":false,"template":"","format":"standard","meta":{"_acf_changed":false,"_sitemap_exclude":false,"_sitemap_priority":"","_sitemap_frequency":"","footnotes":""},"categories":[57],"tags":[],"class_list":["post-178212","post","type-post","status-publish","format-standard","has-post-thumbnail","hentry","category-menim-fikrimce","infinite-scroll-item","generate-columns","tablet-grid-50","mobile-grid-100","grid-parent","grid-33","no-featured-image-padding"],"acf":[],"yoast_head":"<!-- This site is optimized with the Yoast SEO plugin v27.5 - https:\/\/yoast.com\/product\/yoast-seo-wordpress\/ -->\n<title>\u00c7\u00f6r\u0259k haqq\u0131m\u0131z... - MEYDAN.TV<\/title>\n<meta name=\"robots\" content=\"index, follow, max-snippet:-1, max-image-preview:large, max-video-preview:-1\" \/>\n<link rel=\"canonical\" href=\"https:\/\/www.meydan.tv\/az\/article\/corek-haqqimiz\/\" \/>\n<meta property=\"og:locale\" content=\"az_AZ\" \/>\n<meta property=\"og:type\" content=\"article\" \/>\n<meta property=\"og:title\" content=\"\u00c7\u00f6r\u0259k haqq\u0131m\u0131z... - MEYDAN.TV\" \/>\n<meta property=\"og:description\" content=\"Onun bahala\u015fmas\u0131 niy\u0259 daha a\u011f\u0131rd\u0131r?\" \/>\n<meta property=\"og:url\" content=\"https:\/\/www.meydan.tv\/az\/article\/corek-haqqimiz\/\" \/>\n<meta property=\"og:site_name\" content=\"MEYDAN.TV\" \/>\n<meta property=\"article:published_time\" content=\"2016-08-16T17:03:22+00:00\" \/>\n<meta property=\"og:image\" content=\"https:\/\/www.meydan.tv\/wp-content\/uploads\/23958.jpg\" \/>\n\t<meta property=\"og:image:width\" content=\"500\" \/>\n\t<meta property=\"og:image:height\" content=\"500\" \/>\n\t<meta property=\"og:image:type\" content=\"image\/jpeg\" \/>\n<meta name=\"author\" content=\"user-manager\" \/>\n<meta name=\"twitter:card\" content=\"summary_large_image\" \/>\n<script type=\"application\/ld+json\" class=\"yoast-schema-graph\">{\"@context\":\"https:\\\/\\\/schema.org\",\"@graph\":[{\"@type\":\"Article\",\"@id\":\"https:\\\/\\\/www.meydan.tv\\\/az\\\/article\\\/corek-haqqimiz\\\/#article\",\"isPartOf\":{\"@id\":\"https:\\\/\\\/www.meydan.tv\\\/az\\\/article\\\/corek-haqqimiz\\\/\"},\"author\":{\"name\":\"user-manager\",\"@id\":\"https:\\\/\\\/www.meydan.tv\\\/az\\\/#\\\/schema\\\/person\\\/10d11eccf6da3662cf5fdab9806ea91a\"},\"headline\":\"\u00c7\u00f6r\u0259k haqq\u0131m\u0131z&#8230;\",\"datePublished\":\"2016-08-16T17:03:22+00:00\",\"mainEntityOfPage\":{\"@id\":\"https:\\\/\\\/www.meydan.tv\\\/az\\\/article\\\/corek-haqqimiz\\\/\"},\"wordCount\":842,\"publisher\":{\"@id\":\"https:\\\/\\\/www.meydan.tv\\\/az\\\/#organization\"},\"image\":{\"@id\":\"https:\\\/\\\/www.meydan.tv\\\/az\\\/article\\\/corek-haqqimiz\\\/#primaryimage\"},\"thumbnailUrl\":\"https:\\\/\\\/www.meydan.tv\\\/wp-content\\\/uploads\\\/23958.jpg\",\"articleSection\":[\"M\u0259nim Fikrimc\u0259\"],\"inLanguage\":\"az\"},{\"@type\":\"WebPage\",\"@id\":\"https:\\\/\\\/www.meydan.tv\\\/az\\\/article\\\/corek-haqqimiz\\\/\",\"url\":\"https:\\\/\\\/www.meydan.tv\\\/az\\\/article\\\/corek-haqqimiz\\\/\",\"name\":\"\u00c7\u00f6r\u0259k haqq\u0131m\u0131z... - MEYDAN.TV\",\"isPartOf\":{\"@id\":\"https:\\\/\\\/www.meydan.tv\\\/az\\\/#website\"},\"primaryImageOfPage\":{\"@id\":\"https:\\\/\\\/www.meydan.tv\\\/az\\\/article\\\/corek-haqqimiz\\\/#primaryimage\"},\"image\":{\"@id\":\"https:\\\/\\\/www.meydan.tv\\\/az\\\/article\\\/corek-haqqimiz\\\/#primaryimage\"},\"thumbnailUrl\":\"https:\\\/\\\/www.meydan.tv\\\/wp-content\\\/uploads\\\/23958.jpg\",\"datePublished\":\"2016-08-16T17:03:22+00:00\",\"breadcrumb\":{\"@id\":\"https:\\\/\\\/www.meydan.tv\\\/az\\\/article\\\/corek-haqqimiz\\\/#breadcrumb\"},\"inLanguage\":\"az\",\"potentialAction\":[{\"@type\":\"ReadAction\",\"target\":[\"https:\\\/\\\/www.meydan.tv\\\/az\\\/article\\\/corek-haqqimiz\\\/\"]}]},{\"@type\":\"ImageObject\",\"inLanguage\":\"az\",\"@id\":\"https:\\\/\\\/www.meydan.tv\\\/az\\\/article\\\/corek-haqqimiz\\\/#primaryimage\",\"url\":\"https:\\\/\\\/www.meydan.tv\\\/wp-content\\\/uploads\\\/23958.jpg\",\"contentUrl\":\"https:\\\/\\\/www.meydan.tv\\\/wp-content\\\/uploads\\\/23958.jpg\",\"width\":500,\"height\":500,\"caption\":\"Source:\"},{\"@type\":\"BreadcrumbList\",\"@id\":\"https:\\\/\\\/www.meydan.tv\\\/az\\\/article\\\/corek-haqqimiz\\\/#breadcrumb\",\"itemListElement\":[{\"@type\":\"ListItem\",\"position\":1,\"name\":\"Ana s\u0259hif\u0259\",\"item\":\"https:\\\/\\\/www.meydan.tv\\\/az\\\/\"},{\"@type\":\"ListItem\",\"position\":2,\"name\":\"M\u0259nim Fikrimc\u0259\",\"item\":\"https:\\\/\\\/www.meydan.tv\\\/az\\\/section\\\/menim-fikrimce\\\/\"},{\"@type\":\"ListItem\",\"position\":3,\"name\":\"\u00c7\u00f6r\u0259k haqq\u0131m\u0131z&#8230;\"}]},{\"@type\":\"WebSite\",\"@id\":\"https:\\\/\\\/www.meydan.tv\\\/az\\\/#website\",\"url\":\"https:\\\/\\\/www.meydan.tv\\\/az\\\/\",\"name\":\"MEYDAN.TV\",\"description\":\"Meydan TV Az\u0259rbaycan\u0131n media m\u0259kan\u0131ndak\u0131 alternativ s\u0259sidir\",\"publisher\":{\"@id\":\"https:\\\/\\\/www.meydan.tv\\\/az\\\/#organization\"},\"potentialAction\":[{\"@type\":\"SearchAction\",\"target\":{\"@type\":\"EntryPoint\",\"urlTemplate\":\"https:\\\/\\\/www.meydan.tv\\\/az\\\/?s={search_term_string}\"},\"query-input\":{\"@type\":\"PropertyValueSpecification\",\"valueRequired\":true,\"valueName\":\"search_term_string\"}}],\"inLanguage\":\"az\"},{\"@type\":\"Organization\",\"@id\":\"https:\\\/\\\/www.meydan.tv\\\/az\\\/#organization\",\"name\":\"Meydan TV\",\"url\":\"https:\\\/\\\/www.meydan.tv\\\/az\\\/\",\"logo\":{\"@type\":\"ImageObject\",\"inLanguage\":\"az\",\"@id\":\"https:\\\/\\\/www.meydan.tv\\\/az\\\/#\\\/schema\\\/logo\\\/image\\\/\",\"url\":\"https:\\\/\\\/www.meydan.tv\\\/wp-content\\\/uploads\\\/2021\\\/07\\\/meydan-logo.svg\",\"contentUrl\":\"https:\\\/\\\/www.meydan.tv\\\/wp-content\\\/uploads\\\/2021\\\/07\\\/meydan-logo.svg\",\"width\":195,\"height\":46,\"caption\":\"Meydan TV\"},\"image\":{\"@id\":\"https:\\\/\\\/www.meydan.tv\\\/az\\\/#\\\/schema\\\/logo\\\/image\\\/\"}},{\"@type\":\"Person\",\"@id\":\"https:\\\/\\\/www.meydan.tv\\\/az\\\/#\\\/schema\\\/person\\\/10d11eccf6da3662cf5fdab9806ea91a\",\"name\":\"user-manager\"}]}<\/script>\n<!-- \/ Yoast SEO plugin. -->","yoast_head_json":{"title":"\u00c7\u00f6r\u0259k haqq\u0131m\u0131z... - MEYDAN.TV","robots":{"index":"index","follow":"follow","max-snippet":"max-snippet:-1","max-image-preview":"max-image-preview:large","max-video-preview":"max-video-preview:-1"},"canonical":"https:\/\/www.meydan.tv\/az\/article\/corek-haqqimiz\/","og_locale":"az_AZ","og_type":"article","og_title":"\u00c7\u00f6r\u0259k haqq\u0131m\u0131z... - MEYDAN.TV","og_description":"Onun bahala\u015fmas\u0131 niy\u0259 daha a\u011f\u0131rd\u0131r?","og_url":"https:\/\/www.meydan.tv\/az\/article\/corek-haqqimiz\/","og_site_name":"MEYDAN.TV","article_published_time":"2016-08-16T17:03:22+00:00","og_image":[{"width":500,"height":500,"url":"https:\/\/www.meydan.tv\/wp-content\/uploads\/23958.jpg","type":"image\/jpeg"}],"author":"user-manager","twitter_card":"summary_large_image","schema":{"@context":"https:\/\/schema.org","@graph":[{"@type":"Article","@id":"https:\/\/www.meydan.tv\/az\/article\/corek-haqqimiz\/#article","isPartOf":{"@id":"https:\/\/www.meydan.tv\/az\/article\/corek-haqqimiz\/"},"author":{"name":"user-manager","@id":"https:\/\/www.meydan.tv\/az\/#\/schema\/person\/10d11eccf6da3662cf5fdab9806ea91a"},"headline":"\u00c7\u00f6r\u0259k haqq\u0131m\u0131z&#8230;","datePublished":"2016-08-16T17:03:22+00:00","mainEntityOfPage":{"@id":"https:\/\/www.meydan.tv\/az\/article\/corek-haqqimiz\/"},"wordCount":842,"publisher":{"@id":"https:\/\/www.meydan.tv\/az\/#organization"},"image":{"@id":"https:\/\/www.meydan.tv\/az\/article\/corek-haqqimiz\/#primaryimage"},"thumbnailUrl":"https:\/\/www.meydan.tv\/wp-content\/uploads\/23958.jpg","articleSection":["M\u0259nim Fikrimc\u0259"],"inLanguage":"az"},{"@type":"WebPage","@id":"https:\/\/www.meydan.tv\/az\/article\/corek-haqqimiz\/","url":"https:\/\/www.meydan.tv\/az\/article\/corek-haqqimiz\/","name":"\u00c7\u00f6r\u0259k haqq\u0131m\u0131z... - MEYDAN.TV","isPartOf":{"@id":"https:\/\/www.meydan.tv\/az\/#website"},"primaryImageOfPage":{"@id":"https:\/\/www.meydan.tv\/az\/article\/corek-haqqimiz\/#primaryimage"},"image":{"@id":"https:\/\/www.meydan.tv\/az\/article\/corek-haqqimiz\/#primaryimage"},"thumbnailUrl":"https:\/\/www.meydan.tv\/wp-content\/uploads\/23958.jpg","datePublished":"2016-08-16T17:03:22+00:00","breadcrumb":{"@id":"https:\/\/www.meydan.tv\/az\/article\/corek-haqqimiz\/#breadcrumb"},"inLanguage":"az","potentialAction":[{"@type":"ReadAction","target":["https:\/\/www.meydan.tv\/az\/article\/corek-haqqimiz\/"]}]},{"@type":"ImageObject","inLanguage":"az","@id":"https:\/\/www.meydan.tv\/az\/article\/corek-haqqimiz\/#primaryimage","url":"https:\/\/www.meydan.tv\/wp-content\/uploads\/23958.jpg","contentUrl":"https:\/\/www.meydan.tv\/wp-content\/uploads\/23958.jpg","width":500,"height":500,"caption":"Source:"},{"@type":"BreadcrumbList","@id":"https:\/\/www.meydan.tv\/az\/article\/corek-haqqimiz\/#breadcrumb","itemListElement":[{"@type":"ListItem","position":1,"name":"Ana s\u0259hif\u0259","item":"https:\/\/www.meydan.tv\/az\/"},{"@type":"ListItem","position":2,"name":"M\u0259nim Fikrimc\u0259","item":"https:\/\/www.meydan.tv\/az\/section\/menim-fikrimce\/"},{"@type":"ListItem","position":3,"name":"\u00c7\u00f6r\u0259k haqq\u0131m\u0131z&#8230;"}]},{"@type":"WebSite","@id":"https:\/\/www.meydan.tv\/az\/#website","url":"https:\/\/www.meydan.tv\/az\/","name":"MEYDAN.TV","description":"Meydan TV Az\u0259rbaycan\u0131n media m\u0259kan\u0131ndak\u0131 alternativ s\u0259sidir","publisher":{"@id":"https:\/\/www.meydan.tv\/az\/#organization"},"potentialAction":[{"@type":"SearchAction","target":{"@type":"EntryPoint","urlTemplate":"https:\/\/www.meydan.tv\/az\/?s={search_term_string}"},"query-input":{"@type":"PropertyValueSpecification","valueRequired":true,"valueName":"search_term_string"}}],"inLanguage":"az"},{"@type":"Organization","@id":"https:\/\/www.meydan.tv\/az\/#organization","name":"Meydan TV","url":"https:\/\/www.meydan.tv\/az\/","logo":{"@type":"ImageObject","inLanguage":"az","@id":"https:\/\/www.meydan.tv\/az\/#\/schema\/logo\/image\/","url":"https:\/\/www.meydan.tv\/wp-content\/uploads\/2021\/07\/meydan-logo.svg","contentUrl":"https:\/\/www.meydan.tv\/wp-content\/uploads\/2021\/07\/meydan-logo.svg","width":195,"height":46,"caption":"Meydan TV"},"image":{"@id":"https:\/\/www.meydan.tv\/az\/#\/schema\/logo\/image\/"}},{"@type":"Person","@id":"https:\/\/www.meydan.tv\/az\/#\/schema\/person\/10d11eccf6da3662cf5fdab9806ea91a","name":"user-manager"}]}},"_links":{"self":[{"href":"https:\/\/www.meydan.tv\/az\/wp-json\/wp\/v2\/posts\/178212","targetHints":{"allow":["GET"]}}],"collection":[{"href":"https:\/\/www.meydan.tv\/az\/wp-json\/wp\/v2\/posts"}],"about":[{"href":"https:\/\/www.meydan.tv\/az\/wp-json\/wp\/v2\/types\/post"}],"author":[{"embeddable":true,"href":"https:\/\/www.meydan.tv\/az\/wp-json\/wp\/v2\/users\/11"}],"replies":[{"embeddable":true,"href":"https:\/\/www.meydan.tv\/az\/wp-json\/wp\/v2\/comments?post=178212"}],"version-history":[{"count":0,"href":"https:\/\/www.meydan.tv\/az\/wp-json\/wp\/v2\/posts\/178212\/revisions"}],"wp:featuredmedia":[{"embeddable":true,"href":"https:\/\/www.meydan.tv\/az\/wp-json\/wp\/v2\/media\/64718"}],"wp:attachment":[{"href":"https:\/\/www.meydan.tv\/az\/wp-json\/wp\/v2\/media?parent=178212"}],"wp:term":[{"taxonomy":"category","embeddable":true,"href":"https:\/\/www.meydan.tv\/az\/wp-json\/wp\/v2\/categories?post=178212"},{"taxonomy":"post_tag","embeddable":true,"href":"https:\/\/www.meydan.tv\/az\/wp-json\/wp\/v2\/tags?post=178212"}],"curies":[{"name":"wp","href":"https:\/\/api.w.org\/{rel}","templated":true}]}}