{"id":178154,"date":"2016-08-14T23:13:04","date_gmt":"2016-08-14T23:13:04","guid":{"rendered":"https:\/\/www.meydan.tv\/article\/nemet-eliyev-son-uc-ayda-budce-gelirleri-45-faiz-azalib\/"},"modified":"2016-08-14T23:13:04","modified_gmt":"2016-08-14T23:13:04","slug":"nemet-eliyev-son-uc-ayda-budce-gelirleri-45-faiz-azalib","status":"publish","type":"post","link":"https:\/\/www.meydan.tv\/az\/article\/nemet-eliyev-son-uc-ayda-budce-gelirleri-45-faiz-azalib\/","title":{"rendered":"Nem\u0259t \u018fliyev: Son \u00fc\u00e7 ayda b\u00fcdc\u0259 g\u0259lirl\u0259ri 45 faiz azal\u0131b"},"content":{"rendered":"<figure class=\"wp-block-image size-large\">\n  <img decoding=\"async\" src=\"https:\/\/www.meydan.tv\/az\/65484\/\" alt=\"\" class=\"wp-image-65484\"\/><figcaption><\/figcaption><\/figure>\n<figure class=\"wp-block-image size-large\">\n  <img decoding=\"async\" src=\"https:\/\/www.meydan.tv\/az\/65484\/\" alt=\"\" class=\"wp-image-65484\"\/><figcaption><\/figcaption><\/figure>\n<p>\n  <i><br \/>\n    &#8221;B\u00fcdc\u0259 g\u0259lirl\u0259ri \u00fczr\u0259 iyul ay\u0131n\u0131n pay\u0131na d\u00fc\u015f\u0259n \u00f6hd\u0259lik v\u0259 v\u0259zif\u0259l\u0259r 38 faiz k\u0259sirl\u0259 icra olunub&#8221;<br \/>\n  <\/i>\n<\/p>\n<p>\n  &#8220;D\u00f6vl\u0259t b\u00fcdc\u0259si \u00fczr\u0259 \u00f6hd\u0259lik v\u0259 v\u0259zif\u0259l\u0259rin iyulda 38%-i, son 3 ayda 45%-i yerin\u0259 yetirilm\u0259yib&#8221;.\n<\/p>\n<p>\n  Bu a\u00e7\u0131qlaman\u0131 \u201cfacebook\u201d s\u0259hif\u0259sind\u0259 iqtisad\u00e7\u0131 Nem\u0259t \u018fliyev yaz\u0131b.\n<\/p>\n<p>\n  O, iyul ay\u0131nda d\u00f6vl\u0259t b\u00fcdc\u0259sin\u0259 c\u0259mi 874 mln manat v\u0259saitin daxil oldu\u011funu qeyd ed\u0259r\u0259k bildirib ki, b\u00fcdc\u0259 qanunu il\u0259 t\u0259sdiq olunmu\u015f proqnoz g\u00f6st\u0259ricil\u0259rin\u0259 g\u00f6r\u0259, bu m\u0259bl\u0259\u011f 1,4 mlrd manat olmal\u0131 idi: &#8220;Dem\u0259li, b\u00fcdc\u0259 g\u0259lirl\u0259ri \u00fczr\u0259 iyul ay\u0131n\u0131n pay\u0131na d\u00fc\u015f\u0259n \u00f6hd\u0259lik v\u0259 v\u0259zif\u0259l\u0259r 38 faiz k\u0259sirl\u0259 icra olunub. May-iyun-iyul aylar\u0131nda b\u00fcdc\u0259y\u0259 4.2 milyard manata qar\u015f\u0131 c\u0259mi 2.3 milyard manat c\u0259lb etm\u0259k m\u00fcmk\u00fcn olub. Odur ki, son \u00fc\u00e7 ayda b\u00fcdc\u0259 g\u0259lirl\u0259ri 1.9 milyard v\u0259 ya 45% azal\u0131b. \u018fg\u0259r \u00f6t\u0259n 7 ayda d\u00f6vl\u0259t b\u00fcdc\u0259sin\u0259 9.8 milyard v\u0259sait daxil olmal\u0131yd\u0131sa, faktiki olaraq, 7 milyard daxil olub. Bu hesabla, d\u00f6vl\u0259t b\u00fcdc\u0259sinin 7 ayl\u0131q g\u0259lirl\u0259ri \u00fczr\u0259 2.8 milyard manatl\u0131q v\u0259 ya 29% k\u0259sir yaran\u0131b\u201d, &#8211; dey\u0259 \u018fliyev bildirib.\n<\/p>\n<p>\n  \u0130qtisad\u00e7\u0131 g\u00f6st\u0259rdiyi d\u00f6vrd\u0259 b\u00fcdc\u0259 x\u0259rcl\u0259m\u0259l\u0259ri sah\u0259sind\u0259 d\u0259 v\u0259ziyy\u0259tin a\u011f\u0131rla\u015fd\u0131\u011f\u0131n\u0131 diqq\u0259t\u0259 \u00e7atd\u0131r\u0131b: \u201c\u018fg\u0259r yanvar-iyul aylar\u0131nda b\u00fcdc\u0259d\u0259n 10.8 milyard manat x\u0259rcl\u0259nm\u0259liydis\u0259, faktiki olaraq 8.2 milyard x\u0259rcl\u0259nib. Bu hesabla, b\u00fcdc\u0259 x\u0259rcl\u0259rinin 2.6 milyardl\u0131q hiss\u0259si v\u0259 ya 24%-i yerin\u0259 yetirilm\u0259yib. Bununla bel\u0259 7 ayl\u0131q x\u0259rcl\u0259r g\u0259lirl\u0259ri 1.2 milyard \u00fcst\u0259l\u0259yib. Odur ki, b\u00fcdc\u0259 k\u0259sirinin \u00fcmumi daxili m\u0259hsulda pay\u0131 3.7%-\u0259 y\u00fcks\u0259lib. Halbuki, b\u00fcdc\u0259 qanunu il\u0259 bu pay 2.9% v\u0259 ya illik 1.7 milyard manat t\u0259sdiq olunub\u201d.\n<\/p>\n<p>\n  &#8220;D\u00f6vl\u0259t b\u00fcdc\u0259si \u00fczr\u0259 \u00f6hd\u0259lik v\u0259 v\u0259zif\u0259l\u0259rin iyulda 38%-i, son 3 ayda 45%-i yerin\u0259 yetirilm\u0259yib&#8221;, &#8211; dey\u0259 N.\u018fliyev bildirib.<\/p>\n","protected":false},"excerpt":{"rendered":"<p>&#8221;B\u00fcdc\u0259 g\u0259lirl\u0259ri \u00fczr\u0259 iyul ay\u0131n\u0131n pay\u0131na d\u00fc\u015f\u0259n \u00f6hd\u0259lik v\u0259 v\u0259zif\u0259l\u0259r 38 faiz k\u0259sirl\u0259 icra olunub&#8221;<\/p>\n","protected":false},"author":11,"featured_media":65484,"comment_status":"closed","ping_status":"open","sticky":false,"template":"","format":"standard","meta":{"_acf_changed":false,"_sitemap_exclude":false,"_sitemap_priority":"","_sitemap_frequency":"","footnotes":""},"categories":[51],"tags":[],"class_list":["post-178154","post","type-post","status-publish","format-standard","has-post-thumbnail","hentry","category-analitika","infinite-scroll-item","generate-columns","tablet-grid-50","mobile-grid-100","grid-parent","grid-33","no-featured-image-padding"],"acf":[],"yoast_head":"<!-- This site is optimized with the Yoast SEO plugin v27.5 - https:\/\/yoast.com\/product\/yoast-seo-wordpress\/ -->\n<title>Nem\u0259t \u018fliyev: Son \u00fc\u00e7 ayda b\u00fcdc\u0259 g\u0259lirl\u0259ri 45 faiz azal\u0131b - MEYDAN.TV<\/title>\n<meta name=\"robots\" content=\"index, follow, max-snippet:-1, max-image-preview:large, max-video-preview:-1\" \/>\n<link rel=\"canonical\" href=\"https:\/\/www.meydan.tv\/az\/article\/nemet-eliyev-son-uc-ayda-budce-gelirleri-45-faiz-azalib\/\" \/>\n<meta property=\"og:locale\" content=\"az_AZ\" \/>\n<meta property=\"og:type\" content=\"article\" \/>\n<meta property=\"og:title\" content=\"Nem\u0259t \u018fliyev: Son \u00fc\u00e7 ayda b\u00fcdc\u0259 g\u0259lirl\u0259ri 45 faiz azal\u0131b - MEYDAN.TV\" \/>\n<meta property=\"og:description\" content=\"&#039;&#039;B\u00fcdc\u0259 g\u0259lirl\u0259ri \u00fczr\u0259 iyul ay\u0131n\u0131n pay\u0131na d\u00fc\u015f\u0259n \u00f6hd\u0259lik v\u0259 v\u0259zif\u0259l\u0259r 38 faiz k\u0259sirl\u0259 icra olunub&#039;&#039;\" \/>\n<meta property=\"og:url\" content=\"https:\/\/www.meydan.tv\/az\/article\/nemet-eliyev-son-uc-ayda-budce-gelirleri-45-faiz-azalib\/\" \/>\n<meta property=\"og:site_name\" content=\"MEYDAN.TV\" \/>\n<meta property=\"article:published_time\" content=\"2016-08-14T23:13:04+00:00\" \/>\n<meta property=\"og:image\" content=\"https:\/\/www.meydan.tv\/wp-content\/uploads\/24972.jpg\" \/>\n\t<meta property=\"og:image:width\" content=\"590\" \/>\n\t<meta property=\"og:image:height\" content=\"400\" \/>\n\t<meta property=\"og:image:type\" content=\"image\/jpeg\" \/>\n<meta name=\"author\" content=\"user-manager\" \/>\n<meta name=\"twitter:card\" content=\"summary_large_image\" \/>\n<script type=\"application\/ld+json\" class=\"yoast-schema-graph\">{\"@context\":\"https:\\\/\\\/schema.org\",\"@graph\":[{\"@type\":\"Article\",\"@id\":\"https:\\\/\\\/www.meydan.tv\\\/az\\\/article\\\/nemet-eliyev-son-uc-ayda-budce-gelirleri-45-faiz-azalib\\\/#article\",\"isPartOf\":{\"@id\":\"https:\\\/\\\/www.meydan.tv\\\/az\\\/article\\\/nemet-eliyev-son-uc-ayda-budce-gelirleri-45-faiz-azalib\\\/\"},\"author\":{\"name\":\"user-manager\",\"@id\":\"https:\\\/\\\/www.meydan.tv\\\/az\\\/#\\\/schema\\\/person\\\/10d11eccf6da3662cf5fdab9806ea91a\"},\"headline\":\"Nem\u0259t \u018fliyev: Son \u00fc\u00e7 ayda b\u00fcdc\u0259 g\u0259lirl\u0259ri 45 faiz azal\u0131b\",\"datePublished\":\"2016-08-14T23:13:04+00:00\",\"mainEntityOfPage\":{\"@id\":\"https:\\\/\\\/www.meydan.tv\\\/az\\\/article\\\/nemet-eliyev-son-uc-ayda-budce-gelirleri-45-faiz-azalib\\\/\"},\"wordCount\":370,\"publisher\":{\"@id\":\"https:\\\/\\\/www.meydan.tv\\\/az\\\/#organization\"},\"image\":{\"@id\":\"https:\\\/\\\/www.meydan.tv\\\/az\\\/article\\\/nemet-eliyev-son-uc-ayda-budce-gelirleri-45-faiz-azalib\\\/#primaryimage\"},\"thumbnailUrl\":\"https:\\\/\\\/www.meydan.tv\\\/wp-content\\\/uploads\\\/24972.jpg\",\"articleSection\":[\"Analitika\"],\"inLanguage\":\"az\"},{\"@type\":\"WebPage\",\"@id\":\"https:\\\/\\\/www.meydan.tv\\\/az\\\/article\\\/nemet-eliyev-son-uc-ayda-budce-gelirleri-45-faiz-azalib\\\/\",\"url\":\"https:\\\/\\\/www.meydan.tv\\\/az\\\/article\\\/nemet-eliyev-son-uc-ayda-budce-gelirleri-45-faiz-azalib\\\/\",\"name\":\"Nem\u0259t \u018fliyev: Son \u00fc\u00e7 ayda b\u00fcdc\u0259 g\u0259lirl\u0259ri 45 faiz azal\u0131b - MEYDAN.TV\",\"isPartOf\":{\"@id\":\"https:\\\/\\\/www.meydan.tv\\\/az\\\/#website\"},\"primaryImageOfPage\":{\"@id\":\"https:\\\/\\\/www.meydan.tv\\\/az\\\/article\\\/nemet-eliyev-son-uc-ayda-budce-gelirleri-45-faiz-azalib\\\/#primaryimage\"},\"image\":{\"@id\":\"https:\\\/\\\/www.meydan.tv\\\/az\\\/article\\\/nemet-eliyev-son-uc-ayda-budce-gelirleri-45-faiz-azalib\\\/#primaryimage\"},\"thumbnailUrl\":\"https:\\\/\\\/www.meydan.tv\\\/wp-content\\\/uploads\\\/24972.jpg\",\"datePublished\":\"2016-08-14T23:13:04+00:00\",\"breadcrumb\":{\"@id\":\"https:\\\/\\\/www.meydan.tv\\\/az\\\/article\\\/nemet-eliyev-son-uc-ayda-budce-gelirleri-45-faiz-azalib\\\/#breadcrumb\"},\"inLanguage\":\"az\",\"potentialAction\":[{\"@type\":\"ReadAction\",\"target\":[\"https:\\\/\\\/www.meydan.tv\\\/az\\\/article\\\/nemet-eliyev-son-uc-ayda-budce-gelirleri-45-faiz-azalib\\\/\"]}]},{\"@type\":\"ImageObject\",\"inLanguage\":\"az\",\"@id\":\"https:\\\/\\\/www.meydan.tv\\\/az\\\/article\\\/nemet-eliyev-son-uc-ayda-budce-gelirleri-45-faiz-azalib\\\/#primaryimage\",\"url\":\"https:\\\/\\\/www.meydan.tv\\\/wp-content\\\/uploads\\\/24972.jpg\",\"contentUrl\":\"https:\\\/\\\/www.meydan.tv\\\/wp-content\\\/uploads\\\/24972.jpg\",\"width\":590,\"height\":400,\"caption\":\"Source:\"},{\"@type\":\"BreadcrumbList\",\"@id\":\"https:\\\/\\\/www.meydan.tv\\\/az\\\/article\\\/nemet-eliyev-son-uc-ayda-budce-gelirleri-45-faiz-azalib\\\/#breadcrumb\",\"itemListElement\":[{\"@type\":\"ListItem\",\"position\":1,\"name\":\"Ana s\u0259hif\u0259\",\"item\":\"https:\\\/\\\/www.meydan.tv\\\/az\\\/\"},{\"@type\":\"ListItem\",\"position\":2,\"name\":\"Analitika\",\"item\":\"https:\\\/\\\/www.meydan.tv\\\/az\\\/section\\\/analitika\\\/\"},{\"@type\":\"ListItem\",\"position\":3,\"name\":\"Nem\u0259t \u018fliyev: Son \u00fc\u00e7 ayda b\u00fcdc\u0259 g\u0259lirl\u0259ri 45 faiz azal\u0131b\"}]},{\"@type\":\"WebSite\",\"@id\":\"https:\\\/\\\/www.meydan.tv\\\/az\\\/#website\",\"url\":\"https:\\\/\\\/www.meydan.tv\\\/az\\\/\",\"name\":\"MEYDAN.TV\",\"description\":\"Meydan TV Az\u0259rbaycan\u0131n media m\u0259kan\u0131ndak\u0131 alternativ s\u0259sidir\",\"publisher\":{\"@id\":\"https:\\\/\\\/www.meydan.tv\\\/az\\\/#organization\"},\"potentialAction\":[{\"@type\":\"SearchAction\",\"target\":{\"@type\":\"EntryPoint\",\"urlTemplate\":\"https:\\\/\\\/www.meydan.tv\\\/az\\\/?s={search_term_string}\"},\"query-input\":{\"@type\":\"PropertyValueSpecification\",\"valueRequired\":true,\"valueName\":\"search_term_string\"}}],\"inLanguage\":\"az\"},{\"@type\":\"Organization\",\"@id\":\"https:\\\/\\\/www.meydan.tv\\\/az\\\/#organization\",\"name\":\"Meydan TV\",\"url\":\"https:\\\/\\\/www.meydan.tv\\\/az\\\/\",\"logo\":{\"@type\":\"ImageObject\",\"inLanguage\":\"az\",\"@id\":\"https:\\\/\\\/www.meydan.tv\\\/az\\\/#\\\/schema\\\/logo\\\/image\\\/\",\"url\":\"https:\\\/\\\/www.meydan.tv\\\/wp-content\\\/uploads\\\/2021\\\/07\\\/meydan-logo.svg\",\"contentUrl\":\"https:\\\/\\\/www.meydan.tv\\\/wp-content\\\/uploads\\\/2021\\\/07\\\/meydan-logo.svg\",\"width\":195,\"height\":46,\"caption\":\"Meydan TV\"},\"image\":{\"@id\":\"https:\\\/\\\/www.meydan.tv\\\/az\\\/#\\\/schema\\\/logo\\\/image\\\/\"}},{\"@type\":\"Person\",\"@id\":\"https:\\\/\\\/www.meydan.tv\\\/az\\\/#\\\/schema\\\/person\\\/10d11eccf6da3662cf5fdab9806ea91a\",\"name\":\"user-manager\"}]}<\/script>\n<!-- \/ Yoast SEO plugin. -->","yoast_head_json":{"title":"Nem\u0259t \u018fliyev: Son \u00fc\u00e7 ayda b\u00fcdc\u0259 g\u0259lirl\u0259ri 45 faiz azal\u0131b - MEYDAN.TV","robots":{"index":"index","follow":"follow","max-snippet":"max-snippet:-1","max-image-preview":"max-image-preview:large","max-video-preview":"max-video-preview:-1"},"canonical":"https:\/\/www.meydan.tv\/az\/article\/nemet-eliyev-son-uc-ayda-budce-gelirleri-45-faiz-azalib\/","og_locale":"az_AZ","og_type":"article","og_title":"Nem\u0259t \u018fliyev: Son \u00fc\u00e7 ayda b\u00fcdc\u0259 g\u0259lirl\u0259ri 45 faiz azal\u0131b - MEYDAN.TV","og_description":"''B\u00fcdc\u0259 g\u0259lirl\u0259ri \u00fczr\u0259 iyul ay\u0131n\u0131n pay\u0131na d\u00fc\u015f\u0259n \u00f6hd\u0259lik v\u0259 v\u0259zif\u0259l\u0259r 38 faiz k\u0259sirl\u0259 icra olunub''","og_url":"https:\/\/www.meydan.tv\/az\/article\/nemet-eliyev-son-uc-ayda-budce-gelirleri-45-faiz-azalib\/","og_site_name":"MEYDAN.TV","article_published_time":"2016-08-14T23:13:04+00:00","og_image":[{"width":590,"height":400,"url":"https:\/\/www.meydan.tv\/wp-content\/uploads\/24972.jpg","type":"image\/jpeg"}],"author":"user-manager","twitter_card":"summary_large_image","schema":{"@context":"https:\/\/schema.org","@graph":[{"@type":"Article","@id":"https:\/\/www.meydan.tv\/az\/article\/nemet-eliyev-son-uc-ayda-budce-gelirleri-45-faiz-azalib\/#article","isPartOf":{"@id":"https:\/\/www.meydan.tv\/az\/article\/nemet-eliyev-son-uc-ayda-budce-gelirleri-45-faiz-azalib\/"},"author":{"name":"user-manager","@id":"https:\/\/www.meydan.tv\/az\/#\/schema\/person\/10d11eccf6da3662cf5fdab9806ea91a"},"headline":"Nem\u0259t \u018fliyev: Son \u00fc\u00e7 ayda b\u00fcdc\u0259 g\u0259lirl\u0259ri 45 faiz azal\u0131b","datePublished":"2016-08-14T23:13:04+00:00","mainEntityOfPage":{"@id":"https:\/\/www.meydan.tv\/az\/article\/nemet-eliyev-son-uc-ayda-budce-gelirleri-45-faiz-azalib\/"},"wordCount":370,"publisher":{"@id":"https:\/\/www.meydan.tv\/az\/#organization"},"image":{"@id":"https:\/\/www.meydan.tv\/az\/article\/nemet-eliyev-son-uc-ayda-budce-gelirleri-45-faiz-azalib\/#primaryimage"},"thumbnailUrl":"https:\/\/www.meydan.tv\/wp-content\/uploads\/24972.jpg","articleSection":["Analitika"],"inLanguage":"az"},{"@type":"WebPage","@id":"https:\/\/www.meydan.tv\/az\/article\/nemet-eliyev-son-uc-ayda-budce-gelirleri-45-faiz-azalib\/","url":"https:\/\/www.meydan.tv\/az\/article\/nemet-eliyev-son-uc-ayda-budce-gelirleri-45-faiz-azalib\/","name":"Nem\u0259t \u018fliyev: Son \u00fc\u00e7 ayda b\u00fcdc\u0259 g\u0259lirl\u0259ri 45 faiz azal\u0131b - MEYDAN.TV","isPartOf":{"@id":"https:\/\/www.meydan.tv\/az\/#website"},"primaryImageOfPage":{"@id":"https:\/\/www.meydan.tv\/az\/article\/nemet-eliyev-son-uc-ayda-budce-gelirleri-45-faiz-azalib\/#primaryimage"},"image":{"@id":"https:\/\/www.meydan.tv\/az\/article\/nemet-eliyev-son-uc-ayda-budce-gelirleri-45-faiz-azalib\/#primaryimage"},"thumbnailUrl":"https:\/\/www.meydan.tv\/wp-content\/uploads\/24972.jpg","datePublished":"2016-08-14T23:13:04+00:00","breadcrumb":{"@id":"https:\/\/www.meydan.tv\/az\/article\/nemet-eliyev-son-uc-ayda-budce-gelirleri-45-faiz-azalib\/#breadcrumb"},"inLanguage":"az","potentialAction":[{"@type":"ReadAction","target":["https:\/\/www.meydan.tv\/az\/article\/nemet-eliyev-son-uc-ayda-budce-gelirleri-45-faiz-azalib\/"]}]},{"@type":"ImageObject","inLanguage":"az","@id":"https:\/\/www.meydan.tv\/az\/article\/nemet-eliyev-son-uc-ayda-budce-gelirleri-45-faiz-azalib\/#primaryimage","url":"https:\/\/www.meydan.tv\/wp-content\/uploads\/24972.jpg","contentUrl":"https:\/\/www.meydan.tv\/wp-content\/uploads\/24972.jpg","width":590,"height":400,"caption":"Source:"},{"@type":"BreadcrumbList","@id":"https:\/\/www.meydan.tv\/az\/article\/nemet-eliyev-son-uc-ayda-budce-gelirleri-45-faiz-azalib\/#breadcrumb","itemListElement":[{"@type":"ListItem","position":1,"name":"Ana s\u0259hif\u0259","item":"https:\/\/www.meydan.tv\/az\/"},{"@type":"ListItem","position":2,"name":"Analitika","item":"https:\/\/www.meydan.tv\/az\/section\/analitika\/"},{"@type":"ListItem","position":3,"name":"Nem\u0259t \u018fliyev: Son \u00fc\u00e7 ayda b\u00fcdc\u0259 g\u0259lirl\u0259ri 45 faiz azal\u0131b"}]},{"@type":"WebSite","@id":"https:\/\/www.meydan.tv\/az\/#website","url":"https:\/\/www.meydan.tv\/az\/","name":"MEYDAN.TV","description":"Meydan TV Az\u0259rbaycan\u0131n media m\u0259kan\u0131ndak\u0131 alternativ s\u0259sidir","publisher":{"@id":"https:\/\/www.meydan.tv\/az\/#organization"},"potentialAction":[{"@type":"SearchAction","target":{"@type":"EntryPoint","urlTemplate":"https:\/\/www.meydan.tv\/az\/?s={search_term_string}"},"query-input":{"@type":"PropertyValueSpecification","valueRequired":true,"valueName":"search_term_string"}}],"inLanguage":"az"},{"@type":"Organization","@id":"https:\/\/www.meydan.tv\/az\/#organization","name":"Meydan TV","url":"https:\/\/www.meydan.tv\/az\/","logo":{"@type":"ImageObject","inLanguage":"az","@id":"https:\/\/www.meydan.tv\/az\/#\/schema\/logo\/image\/","url":"https:\/\/www.meydan.tv\/wp-content\/uploads\/2021\/07\/meydan-logo.svg","contentUrl":"https:\/\/www.meydan.tv\/wp-content\/uploads\/2021\/07\/meydan-logo.svg","width":195,"height":46,"caption":"Meydan TV"},"image":{"@id":"https:\/\/www.meydan.tv\/az\/#\/schema\/logo\/image\/"}},{"@type":"Person","@id":"https:\/\/www.meydan.tv\/az\/#\/schema\/person\/10d11eccf6da3662cf5fdab9806ea91a","name":"user-manager"}]}},"_links":{"self":[{"href":"https:\/\/www.meydan.tv\/az\/wp-json\/wp\/v2\/posts\/178154","targetHints":{"allow":["GET"]}}],"collection":[{"href":"https:\/\/www.meydan.tv\/az\/wp-json\/wp\/v2\/posts"}],"about":[{"href":"https:\/\/www.meydan.tv\/az\/wp-json\/wp\/v2\/types\/post"}],"author":[{"embeddable":true,"href":"https:\/\/www.meydan.tv\/az\/wp-json\/wp\/v2\/users\/11"}],"replies":[{"embeddable":true,"href":"https:\/\/www.meydan.tv\/az\/wp-json\/wp\/v2\/comments?post=178154"}],"version-history":[{"count":0,"href":"https:\/\/www.meydan.tv\/az\/wp-json\/wp\/v2\/posts\/178154\/revisions"}],"wp:featuredmedia":[{"embeddable":true,"href":"https:\/\/www.meydan.tv\/az\/wp-json\/wp\/v2\/media\/65484"}],"wp:attachment":[{"href":"https:\/\/www.meydan.tv\/az\/wp-json\/wp\/v2\/media?parent=178154"}],"wp:term":[{"taxonomy":"category","embeddable":true,"href":"https:\/\/www.meydan.tv\/az\/wp-json\/wp\/v2\/categories?post=178154"},{"taxonomy":"post_tag","embeddable":true,"href":"https:\/\/www.meydan.tv\/az\/wp-json\/wp\/v2\/tags?post=178154"}],"curies":[{"name":"wp","href":"https:\/\/api.w.org\/{rel}","templated":true}]}}