{"id":178153,"date":"2016-08-15T01:00:09","date_gmt":"2016-08-15T01:00:09","guid":{"rendered":"https:\/\/www.meydan.tv\/article\/fors-major-merhelesinde-ceferlinin-hebsi\/"},"modified":"2016-08-15T01:00:09","modified_gmt":"2016-08-15T01:00:09","slug":"fors-major-merhelesinde-ceferlinin-hebsi","status":"publish","type":"post","link":"https:\/\/www.meydan.tv\/az\/article\/fors-major-merhelesinde-ceferlinin-hebsi\/","title":{"rendered":"Fors-major m\u0259rh\u0259l\u0259sind\u0259 C\u0259f\u0259rlinin h\u0259bsi"},"content":{"rendered":"<figure class=\"wp-block-image size-large\">\n  <img decoding=\"async\" src=\"https:\/\/www.meydan.tv\/az\/65481\/\" alt=\"\" class=\"wp-image-65481\"\/><figcaption><\/figcaption><\/figure>\n<p>\n  <i><br \/>\n    Bir \u015fey ayd\u0131nd\u0131r \u2013 C\u0259f\u0259rli h\u0259bsd\u0259 \u00e7ox qalmayacaq. Az\u0259rbaycan fors-major m\u0259rh\u0259l\u0259sin\u0259 q\u0259d\u0259m qoyub<br \/>\n  <\/i>\n<\/p>\n<p>\n  Avqustun 12-d\u0259 ax\u015fam saatlar\u0131nda REAl (&#8220;Respublika\u00e7\u0131 Alternativ&#8221;) h\u0259r\u0259kat\u0131n\u0131n icra\u00e7\u0131 katibi v\u0259 h\u0259mt\u0259sis\u00e7isi Natiq C\u0259f\u0259rli saxlan\u0131l\u0131b v\u0259 m\u0259hk\u0259m\u0259 q\u0259rar\u0131 il\u0259 h\u0259bs edilib.\n<\/p>\n<p>\n  Formal olaraq, ona qar\u015f\u0131 192.1-ci (qanunsuz sahibkarl\u0131q) v\u0259 308.2-ci (v\u0259zif\u0259 s\u0259lahiyy\u0259tind\u0259n sui-istifad\u0259, a\u011f\u0131r n\u0259tic\u0259l\u0259r\u0259 s\u0259b\u0259b olduqda v\u0259 ya se\u00e7kil\u0259rin v\u0259 ya referendumun n\u0259tic\u0259l\u0259rin\u0259 t\u0259sir etm\u0259k m\u0259qs\u0259di da\u015f\u0131d\u0131\u011f\u0131nda) madd\u0259l\u0259ril\u0259 ittiham ir\u0259li s\u00fcr\u00fcl\u00fcb.\n<\/p>\n<p>\n  H\u0259bsin \u0259sl s\u0259b\u0259bini is\u0259 hakimiyy\u0259tin 26 sentyabr Konstitusiyaya prezidentin s\u0259lahiyy\u0259tl\u0259rini geni\u015fl\u0259ndir\u0259n v\u0259 onun hakimiyy\u0259tini daha da m\u00fctl\u0259ql\u0259\u015fdir\u0259n d\u0259yi\u015fiklikl\u0259r \u00fczr\u0259 \u00fcmumxalq referendumu \u0259r\u0259f\u0259sind\u0259 C\u0259f\u0259rlini &#8220;z\u0259r\u0259rsizl\u0259\u015fdirm\u0259k&#8221; ist\u0259yind\u0259 axtarmaq laz\u0131md\u0131r.\n<\/p>\n<p>\n  Bu s\u0259b\u0259b ilk n\u00f6vb\u0259d\u0259 C\u0259f\u0259rliy\u0259 qar\u015f\u0131 ir\u0259li s\u00fcr\u00fclm\u00fc\u015f ittihamda \u0259ksini tap\u0131b. G\u00f6r\u00fcnd\u00fcy\u00fc kimi, C\u0259f\u0259rlinin z\u0259r\u0259rsizl\u0259\u015fdirilm\u0259si haqq\u0131nda q\u0259rar h\u0259l\u0259 iyulun 28-d\u0259 &#8211; REAl referendumda b\u00fct\u00fcn \u00f6lk\u0259 \u00fczr\u0259 t\u0259\u015fviqat qrupu yaratmaq haqq\u0131nda planlar\u0131n\u0131 elan etdiyi zaman verilib. &#8220;Biz d\u00fcz\u0259li\u015fl\u0259rin \u0259leyhin\u0259 t\u0259\u015fviqat aparmaq q\u0259rar\u0131na g\u0259ldik, bel\u0259 ki, bu d\u00fcz\u0259li\u015fl\u0259r hakimiyy\u0259t qollar\u0131 aras\u0131nda tarazl\u0131\u011f\u0131 icra hakimiyy\u0259tinin xeyrin\u0259 pozur, prezidentin s\u0259lahiyy\u0259tl\u0259rini daha da geni\u015fl\u0259ndirir, Az\u0259rbaycan\u0131 respublika prinsipl\u0259rind\u0259n daha da uzaqla\u015fd\u0131r\u0131r. Biz b\u00fct\u00fcn \u00f6lk\u0259d\u0259 f\u0259aliyy\u0259t g\u00f6st\u0259r\u0259c\u0259k t\u0259\u015fviqat qrupu yaratmaq q\u0259rar\u0131na g\u0259ldik&#8221;, dey\u0259 h\u0259min vaxt t\u0259\u015fkilat\u0131n idar\u0259 hey\u0259tinin \u00fczv\u00fc Erkin Q\u0259dirli bildirmi\u015fdi.\n<\/p>\n<p>\n  H\u0259r\u0259kat qanunvericiliy\u0259 s\u00f6yk\u0259n\u0259n israrl\u0131 t\u0259l\u0259bl\u0259rin\u0259 baxmayaraq, t\u0259\u015fviqat qrupunu formala\u015fd\u0131rmaq \u00fc\u00e7\u00fcn MSK-dan z\u0259ruri s\u0259n\u0259dl\u0259ri h\u0259l\u0259 d\u0259 ala bilm\u0259yib. Eyni zamanda, hakim &#8220;Yeni Az\u0259rbaycan&#8221; partiyas\u0131 d\u00f6vl\u0259t\u00e7ilik v\u0259 demokratiyan\u0131n m\u00f6hk\u0259ml\u0259nm\u0259si \u00fc\u00e7\u00fcn m\u00fch\u00fcm add\u0131m kimi konstitusiyaya d\u0259yi\u015fiklikl\u0259r z\u0259rur\u0259ti haqq\u0131nda t\u0259\u015fviqat \u00fc\u00e7\u00fcn inzibati resursu mane\u0259siz \u015f\u0259kild\u0259 i\u015f\u0259 salma\u011fa ba\u015flay\u0131b.\n<\/p>\n<p>\n  C\u0259f\u0259rlinin m\u0259hz z\u0259r\u0259rsizl\u0259\u015fdirilm\u0259si \u00fc\u00e7\u00fcn h\u0259bs edildiyini bir fakt da g\u00f6st\u0259rir ki, onun saxlan\u0131lmas\u0131 ictimai xarakter da\u015f\u0131y\u0131b v\u0259 o, dig\u0259r v\u0259t\u0259nda\u015f c\u0259miyy\u0259ti f\u0259allar\u0131 kimi fiziki v\u0259 m\u0259n\u0259vi t\u0259zyiq\u0259 m\u0259ruz qalmay\u0131b. V\u0259kil d\u0259rhal onun yan\u0131na burax\u0131l\u0131b.\n<\/p>\n<p>\n  \u0130qtisad\u00e7\u0131 ekspert Natiq C\u0259f\u0259rli iqtisadi siyas\u0259t sah\u0259sind\u0259 hakimiyy\u0259tin opponenti kimi m\u0259\u015fhurdur. Az\u0259rbaycan\u0131n 2014-c\u00fc ilin sonlar\u0131ndan uzunm\u00fcdd\u0259tli iqtisadi b\u00f6hran zola\u011f\u0131na q\u0259d\u0259m qoymas\u0131ndan sonra onun \u00e7\u0131x\u0131\u015flar\u0131 daha k\u0259skin xarakter da\u015f\u0131ma\u011fa ba\u015flay\u0131b. O, hesab edir ki, \u00f6lk\u0259ni sistemli b\u00f6hran \u0259hat\u0259 edib v\u0259 v\u0259ziyy\u0259td\u0259n \u00e7\u0131x\u0131\u015f iqtisadi islahatlarda deyil, \u0259sasl\u0131 siyasi d\u0259yi\u015fiklikl\u0259rd\u0259dir. O, f\u0259al \u015f\u0259kild\u0259 internet-m\u00fchazir\u0259l\u0259r ke\u00e7irir, bu t\u0259dbirl\u0259r hakimiyy\u0259tin olmasa da, istifad\u0259\u00e7il\u0259rin y\u00fcks\u0259k mara\u011f\u0131na s\u0259b\u0259b olur. Bu, z\u0259r\u0259rsizl\u0259\u015fdirm\u0259 versiyas\u0131n\u0131n xeyrin\u0259 \u0259lav\u0259 bir arqumentdir.\n<\/p>\n<p>\n  C\u0259f\u0259rlini h\u0259bs etm\u0259kl\u0259 hakimiyy\u0259t, \u015f\u00fcbh\u0259siz, preventiv m\u0259qs\u0259dl\u0259r d\u0259 g\u00fcd\u00fcr, bununla opponentl\u0259rin\u0259 referendumun \u0130lham \u018fliyev \u00fc\u00e7\u00fcn h\u0259yati \u0259h\u0259miyy\u0259tli t\u0259dbir oldu\u011funu v\u0259 \u0259traf\u0131n\u0131n s\u0259sverm\u0259nin 2009-cu il referendumu kimi texniki c\u0259h\u0259td\u0259n n\u00f6qsans\u0131z olmas\u0131 \u00fc\u00e7\u00fcn ist\u0259nil\u0259n radikal add\u0131mlar\u0131 atma\u011fa haz\u0131r oldu\u011funu g\u00f6st\u0259rir. Hakimiyy\u0259t ba\u015fa d\u00fc\u015f\u00fcr ki, se\u00e7icil\u0259rin \u0259ks\u0259riyy\u0259ti laqeyddir, amma s\u0259hn\u0259y\u0259 apar\u0131c\u0131 q\u00fcvv\u0259 \u00e7\u0131xarsa, b\u00f6hran \u015f\u0259raitind\u0259 onlar birl\u0259\u015f\u0259 bil\u0259r. Bel\u0259 bir birl\u0259\u015fm\u0259 \u015fans\u0131 var. &#8220;Referenduma yox!&#8221; &#8220;Haz\u0131rk\u0131 hakimiyy\u0259t\u0259 yox!&#8221; dem\u0259k olacaq.\n<\/p>\n<p>\n  2012 v\u0259 2014-c\u00fc ill\u0259rd\u0259 etiraz\u00e7\u0131 \u0259hval-ruhiyy\u0259nin v\u0259 aksiyalar\u0131n k\u0259skin \u015f\u0259kild\u0259 artd\u0131\u011f\u0131 d\u00f6vrd\u0259 oldu\u011fu kimi hans\u0131sa k\u00fctl\u0259vi repressiyalar g\u00f6zl\u0259m\u0259k laz\u0131m deyil. C\u0259miyy\u0259t \u0259sas\u0259n prezidentin s\u0259lahiyy\u0259tl\u0259rinin geni\u015fl\u0259ndirilm\u0259si haqq\u0131nda referendum ke\u00e7irilm\u0259si v\u0259 h\u0259tta, \u015f\u0259xsi m\u00fclkiyy\u0259tin toxunulmazl\u0131\u011f\u0131 anlay\u0131\u015f\u0131n\u0131 m\u0259hdudla\u015fd\u0131ran d\u00fcz\u0259li\u015fl\u0259rin edilm\u0259si haqq\u0131nda q\u0259rar\u0131 diqq\u0259td\u0259n k\u0259narda qoyub. M\u0259s\u0259l\u0259 c\u0259miyy\u0259tin repressiyalardan qorxmas\u0131nda deyil, m\u0259s\u0259l\u0259 ondad\u0131r ki, \u00e7oxlar\u0131 yax\u015f\u0131 ba\u015fa d\u00fc\u015f\u00fcrl\u0259r ki, hakimiyy\u0259tin t\u0259m\u0259rk\u00fcz\u00fc v\u0259 s\u0259lahiyy\u0259tl\u0259rin b\u00f6l\u00fcnm\u0259si il\u0259 b\u00f6hrandan \u00e7\u0131xmaq m\u00fcmk\u00fcn deyil. C\u0259f\u0259rli qeyd edirdi ki, &#8220;bunu iqtisadi islahatlar yolu il\u0259 d\u0259 etm\u0259k olmaz, \u00e7\u00fcnki b\u00f6hran sistemli xarakter da\u015f\u0131y\u0131r&#8221;.\n<\/p>\n<p>\n  &#8220;newcaucasus.com&#8221;a 4 yanvar 2016-c\u0131 il tarixli m\u00fcsahib\u0259sind\u0259 C\u0259f\u0259rli prezidentin k\u00f6hn\u0259 komandas\u0131ndan imtinas\u0131n\u0131 d\u0259yi\u015fiklikl\u0259rin m\u00fch\u00fcm \u015f\u0259ti adland\u0131r\u0131b: &#8220;Prezident islahatlar\u0131n \u0259laq\u0259l\u0259ndiricisi olma\u011fa q\u0259rar vers\u0259, onlar xeyli rahat ke\u00e7\u0259c\u0259k. O, islahatlar\u0131n \u0259laq\u0259l\u0259ndiricisi olsa, \u00f6lk\u0259ni ke\u00e7id d\u00f6vr\u00fcn\u0259 haz\u0131rlayacaq&#8221;.\n<\/p>\n<p>\n  \u0130lham \u018fliyevin s\u00f6z\u00fcn tam m\u0259nas\u0131 il\u0259 islahatlar\u0131n \u0259laq\u0259l\u0259ndiricisi olub-olmayaca\u011f\u0131n\u0131 v\u0259 ke\u00e7id d\u00f6vr\u00fcn\u00fcn n\u0259 q\u0259d\u0259r vaxt aparaca\u011f\u0131n\u0131 dem\u0259k \u00e7\u0259tindir. Amma bir \u015fey ayd\u0131nd\u0131r \u2013 C\u0259f\u0259rli h\u0259bsd\u0259 \u00e7ox qalmayacaq. Az\u0259rbaycan fors-major m\u0259rh\u0259l\u0259sin\u0259 q\u0259d\u0259m qoyub.\n<\/p><\/p>\n","protected":false},"excerpt":{"rendered":"<p>Bir \u015fey ayd\u0131nd\u0131r \u2013 C\u0259f\u0259rli h\u0259bsd\u0259 \u00e7ox qalmayacaq. Az\u0259rbaycan fors-major m\u0259rh\u0259l\u0259sin\u0259 q\u0259d\u0259m qoyub<\/p>\n","protected":false},"author":11,"featured_media":65481,"comment_status":"closed","ping_status":"open","sticky":false,"template":"","format":"standard","meta":{"_acf_changed":false,"_sitemap_exclude":false,"_sitemap_priority":"","_sitemap_frequency":"","footnotes":""},"categories":[51],"tags":[],"class_list":["post-178153","post","type-post","status-publish","format-standard","has-post-thumbnail","hentry","category-analitika","infinite-scroll-item","generate-columns","tablet-grid-50","mobile-grid-100","grid-parent","grid-33","no-featured-image-padding"],"acf":[],"yoast_head":"<!-- This site is optimized with the Yoast SEO plugin v27.5 - https:\/\/yoast.com\/product\/yoast-seo-wordpress\/ -->\n<title>Fors-major m\u0259rh\u0259l\u0259sind\u0259 C\u0259f\u0259rlinin h\u0259bsi - MEYDAN.TV<\/title>\n<meta name=\"robots\" content=\"index, follow, max-snippet:-1, max-image-preview:large, max-video-preview:-1\" \/>\n<link rel=\"canonical\" href=\"https:\/\/www.meydan.tv\/az\/article\/fors-major-merhelesinde-ceferlinin-hebsi\/\" \/>\n<meta property=\"og:locale\" content=\"az_AZ\" \/>\n<meta property=\"og:type\" content=\"article\" \/>\n<meta property=\"og:title\" content=\"Fors-major m\u0259rh\u0259l\u0259sind\u0259 C\u0259f\u0259rlinin h\u0259bsi - MEYDAN.TV\" \/>\n<meta property=\"og:description\" content=\"Bir \u015fey ayd\u0131nd\u0131r \u2013 C\u0259f\u0259rli h\u0259bsd\u0259 \u00e7ox qalmayacaq. Az\u0259rbaycan fors-major m\u0259rh\u0259l\u0259sin\u0259 q\u0259d\u0259m qoyub\" \/>\n<meta property=\"og:url\" content=\"https:\/\/www.meydan.tv\/az\/article\/fors-major-merhelesinde-ceferlinin-hebsi\/\" \/>\n<meta property=\"og:site_name\" content=\"MEYDAN.TV\" \/>\n<meta property=\"article:published_time\" content=\"2016-08-15T01:00:09+00:00\" \/>\n<meta property=\"og:image\" content=\"https:\/\/www.meydan.tv\/wp-content\/uploads\/24973.png\" \/>\n\t<meta property=\"og:image:width\" content=\"720\" \/>\n\t<meta property=\"og:image:height\" content=\"506\" \/>\n\t<meta property=\"og:image:type\" content=\"image\/png\" \/>\n<meta name=\"author\" content=\"user-manager\" \/>\n<meta name=\"twitter:card\" content=\"summary_large_image\" \/>\n<script type=\"application\/ld+json\" class=\"yoast-schema-graph\">{\"@context\":\"https:\\\/\\\/schema.org\",\"@graph\":[{\"@type\":\"Article\",\"@id\":\"https:\\\/\\\/www.meydan.tv\\\/az\\\/article\\\/fors-major-merhelesinde-ceferlinin-hebsi\\\/#article\",\"isPartOf\":{\"@id\":\"https:\\\/\\\/www.meydan.tv\\\/az\\\/article\\\/fors-major-merhelesinde-ceferlinin-hebsi\\\/\"},\"author\":{\"name\":\"user-manager\",\"@id\":\"https:\\\/\\\/www.meydan.tv\\\/az\\\/#\\\/schema\\\/person\\\/10d11eccf6da3662cf5fdab9806ea91a\"},\"headline\":\"Fors-major m\u0259rh\u0259l\u0259sind\u0259 C\u0259f\u0259rlinin h\u0259bsi\",\"datePublished\":\"2016-08-15T01:00:09+00:00\",\"mainEntityOfPage\":{\"@id\":\"https:\\\/\\\/www.meydan.tv\\\/az\\\/article\\\/fors-major-merhelesinde-ceferlinin-hebsi\\\/\"},\"wordCount\":1001,\"publisher\":{\"@id\":\"https:\\\/\\\/www.meydan.tv\\\/az\\\/#organization\"},\"image\":{\"@id\":\"https:\\\/\\\/www.meydan.tv\\\/az\\\/article\\\/fors-major-merhelesinde-ceferlinin-hebsi\\\/#primaryimage\"},\"thumbnailUrl\":\"https:\\\/\\\/www.meydan.tv\\\/wp-content\\\/uploads\\\/24973.png\",\"articleSection\":[\"Analitika\"],\"inLanguage\":\"az\"},{\"@type\":\"WebPage\",\"@id\":\"https:\\\/\\\/www.meydan.tv\\\/az\\\/article\\\/fors-major-merhelesinde-ceferlinin-hebsi\\\/\",\"url\":\"https:\\\/\\\/www.meydan.tv\\\/az\\\/article\\\/fors-major-merhelesinde-ceferlinin-hebsi\\\/\",\"name\":\"Fors-major m\u0259rh\u0259l\u0259sind\u0259 C\u0259f\u0259rlinin h\u0259bsi - MEYDAN.TV\",\"isPartOf\":{\"@id\":\"https:\\\/\\\/www.meydan.tv\\\/az\\\/#website\"},\"primaryImageOfPage\":{\"@id\":\"https:\\\/\\\/www.meydan.tv\\\/az\\\/article\\\/fors-major-merhelesinde-ceferlinin-hebsi\\\/#primaryimage\"},\"image\":{\"@id\":\"https:\\\/\\\/www.meydan.tv\\\/az\\\/article\\\/fors-major-merhelesinde-ceferlinin-hebsi\\\/#primaryimage\"},\"thumbnailUrl\":\"https:\\\/\\\/www.meydan.tv\\\/wp-content\\\/uploads\\\/24973.png\",\"datePublished\":\"2016-08-15T01:00:09+00:00\",\"breadcrumb\":{\"@id\":\"https:\\\/\\\/www.meydan.tv\\\/az\\\/article\\\/fors-major-merhelesinde-ceferlinin-hebsi\\\/#breadcrumb\"},\"inLanguage\":\"az\",\"potentialAction\":[{\"@type\":\"ReadAction\",\"target\":[\"https:\\\/\\\/www.meydan.tv\\\/az\\\/article\\\/fors-major-merhelesinde-ceferlinin-hebsi\\\/\"]}]},{\"@type\":\"ImageObject\",\"inLanguage\":\"az\",\"@id\":\"https:\\\/\\\/www.meydan.tv\\\/az\\\/article\\\/fors-major-merhelesinde-ceferlinin-hebsi\\\/#primaryimage\",\"url\":\"https:\\\/\\\/www.meydan.tv\\\/wp-content\\\/uploads\\\/24973.png\",\"contentUrl\":\"https:\\\/\\\/www.meydan.tv\\\/wp-content\\\/uploads\\\/24973.png\",\"width\":720,\"height\":506,\"caption\":\"Source:\"},{\"@type\":\"BreadcrumbList\",\"@id\":\"https:\\\/\\\/www.meydan.tv\\\/az\\\/article\\\/fors-major-merhelesinde-ceferlinin-hebsi\\\/#breadcrumb\",\"itemListElement\":[{\"@type\":\"ListItem\",\"position\":1,\"name\":\"Ana s\u0259hif\u0259\",\"item\":\"https:\\\/\\\/www.meydan.tv\\\/az\\\/\"},{\"@type\":\"ListItem\",\"position\":2,\"name\":\"Analitika\",\"item\":\"https:\\\/\\\/www.meydan.tv\\\/az\\\/section\\\/analitika\\\/\"},{\"@type\":\"ListItem\",\"position\":3,\"name\":\"Fors-major m\u0259rh\u0259l\u0259sind\u0259 C\u0259f\u0259rlinin h\u0259bsi\"}]},{\"@type\":\"WebSite\",\"@id\":\"https:\\\/\\\/www.meydan.tv\\\/az\\\/#website\",\"url\":\"https:\\\/\\\/www.meydan.tv\\\/az\\\/\",\"name\":\"MEYDAN.TV\",\"description\":\"Meydan TV Az\u0259rbaycan\u0131n media m\u0259kan\u0131ndak\u0131 alternativ s\u0259sidir\",\"publisher\":{\"@id\":\"https:\\\/\\\/www.meydan.tv\\\/az\\\/#organization\"},\"potentialAction\":[{\"@type\":\"SearchAction\",\"target\":{\"@type\":\"EntryPoint\",\"urlTemplate\":\"https:\\\/\\\/www.meydan.tv\\\/az\\\/?s={search_term_string}\"},\"query-input\":{\"@type\":\"PropertyValueSpecification\",\"valueRequired\":true,\"valueName\":\"search_term_string\"}}],\"inLanguage\":\"az\"},{\"@type\":\"Organization\",\"@id\":\"https:\\\/\\\/www.meydan.tv\\\/az\\\/#organization\",\"name\":\"Meydan TV\",\"url\":\"https:\\\/\\\/www.meydan.tv\\\/az\\\/\",\"logo\":{\"@type\":\"ImageObject\",\"inLanguage\":\"az\",\"@id\":\"https:\\\/\\\/www.meydan.tv\\\/az\\\/#\\\/schema\\\/logo\\\/image\\\/\",\"url\":\"https:\\\/\\\/www.meydan.tv\\\/wp-content\\\/uploads\\\/2021\\\/07\\\/meydan-logo.svg\",\"contentUrl\":\"https:\\\/\\\/www.meydan.tv\\\/wp-content\\\/uploads\\\/2021\\\/07\\\/meydan-logo.svg\",\"width\":195,\"height\":46,\"caption\":\"Meydan TV\"},\"image\":{\"@id\":\"https:\\\/\\\/www.meydan.tv\\\/az\\\/#\\\/schema\\\/logo\\\/image\\\/\"}},{\"@type\":\"Person\",\"@id\":\"https:\\\/\\\/www.meydan.tv\\\/az\\\/#\\\/schema\\\/person\\\/10d11eccf6da3662cf5fdab9806ea91a\",\"name\":\"user-manager\"}]}<\/script>\n<!-- \/ Yoast SEO plugin. -->","yoast_head_json":{"title":"Fors-major m\u0259rh\u0259l\u0259sind\u0259 C\u0259f\u0259rlinin h\u0259bsi - MEYDAN.TV","robots":{"index":"index","follow":"follow","max-snippet":"max-snippet:-1","max-image-preview":"max-image-preview:large","max-video-preview":"max-video-preview:-1"},"canonical":"https:\/\/www.meydan.tv\/az\/article\/fors-major-merhelesinde-ceferlinin-hebsi\/","og_locale":"az_AZ","og_type":"article","og_title":"Fors-major m\u0259rh\u0259l\u0259sind\u0259 C\u0259f\u0259rlinin h\u0259bsi - MEYDAN.TV","og_description":"Bir \u015fey ayd\u0131nd\u0131r \u2013 C\u0259f\u0259rli h\u0259bsd\u0259 \u00e7ox qalmayacaq. Az\u0259rbaycan fors-major m\u0259rh\u0259l\u0259sin\u0259 q\u0259d\u0259m qoyub","og_url":"https:\/\/www.meydan.tv\/az\/article\/fors-major-merhelesinde-ceferlinin-hebsi\/","og_site_name":"MEYDAN.TV","article_published_time":"2016-08-15T01:00:09+00:00","og_image":[{"width":720,"height":506,"url":"https:\/\/www.meydan.tv\/wp-content\/uploads\/24973.png","type":"image\/png"}],"author":"user-manager","twitter_card":"summary_large_image","schema":{"@context":"https:\/\/schema.org","@graph":[{"@type":"Article","@id":"https:\/\/www.meydan.tv\/az\/article\/fors-major-merhelesinde-ceferlinin-hebsi\/#article","isPartOf":{"@id":"https:\/\/www.meydan.tv\/az\/article\/fors-major-merhelesinde-ceferlinin-hebsi\/"},"author":{"name":"user-manager","@id":"https:\/\/www.meydan.tv\/az\/#\/schema\/person\/10d11eccf6da3662cf5fdab9806ea91a"},"headline":"Fors-major m\u0259rh\u0259l\u0259sind\u0259 C\u0259f\u0259rlinin h\u0259bsi","datePublished":"2016-08-15T01:00:09+00:00","mainEntityOfPage":{"@id":"https:\/\/www.meydan.tv\/az\/article\/fors-major-merhelesinde-ceferlinin-hebsi\/"},"wordCount":1001,"publisher":{"@id":"https:\/\/www.meydan.tv\/az\/#organization"},"image":{"@id":"https:\/\/www.meydan.tv\/az\/article\/fors-major-merhelesinde-ceferlinin-hebsi\/#primaryimage"},"thumbnailUrl":"https:\/\/www.meydan.tv\/wp-content\/uploads\/24973.png","articleSection":["Analitika"],"inLanguage":"az"},{"@type":"WebPage","@id":"https:\/\/www.meydan.tv\/az\/article\/fors-major-merhelesinde-ceferlinin-hebsi\/","url":"https:\/\/www.meydan.tv\/az\/article\/fors-major-merhelesinde-ceferlinin-hebsi\/","name":"Fors-major m\u0259rh\u0259l\u0259sind\u0259 C\u0259f\u0259rlinin h\u0259bsi - MEYDAN.TV","isPartOf":{"@id":"https:\/\/www.meydan.tv\/az\/#website"},"primaryImageOfPage":{"@id":"https:\/\/www.meydan.tv\/az\/article\/fors-major-merhelesinde-ceferlinin-hebsi\/#primaryimage"},"image":{"@id":"https:\/\/www.meydan.tv\/az\/article\/fors-major-merhelesinde-ceferlinin-hebsi\/#primaryimage"},"thumbnailUrl":"https:\/\/www.meydan.tv\/wp-content\/uploads\/24973.png","datePublished":"2016-08-15T01:00:09+00:00","breadcrumb":{"@id":"https:\/\/www.meydan.tv\/az\/article\/fors-major-merhelesinde-ceferlinin-hebsi\/#breadcrumb"},"inLanguage":"az","potentialAction":[{"@type":"ReadAction","target":["https:\/\/www.meydan.tv\/az\/article\/fors-major-merhelesinde-ceferlinin-hebsi\/"]}]},{"@type":"ImageObject","inLanguage":"az","@id":"https:\/\/www.meydan.tv\/az\/article\/fors-major-merhelesinde-ceferlinin-hebsi\/#primaryimage","url":"https:\/\/www.meydan.tv\/wp-content\/uploads\/24973.png","contentUrl":"https:\/\/www.meydan.tv\/wp-content\/uploads\/24973.png","width":720,"height":506,"caption":"Source:"},{"@type":"BreadcrumbList","@id":"https:\/\/www.meydan.tv\/az\/article\/fors-major-merhelesinde-ceferlinin-hebsi\/#breadcrumb","itemListElement":[{"@type":"ListItem","position":1,"name":"Ana s\u0259hif\u0259","item":"https:\/\/www.meydan.tv\/az\/"},{"@type":"ListItem","position":2,"name":"Analitika","item":"https:\/\/www.meydan.tv\/az\/section\/analitika\/"},{"@type":"ListItem","position":3,"name":"Fors-major m\u0259rh\u0259l\u0259sind\u0259 C\u0259f\u0259rlinin h\u0259bsi"}]},{"@type":"WebSite","@id":"https:\/\/www.meydan.tv\/az\/#website","url":"https:\/\/www.meydan.tv\/az\/","name":"MEYDAN.TV","description":"Meydan TV Az\u0259rbaycan\u0131n media m\u0259kan\u0131ndak\u0131 alternativ s\u0259sidir","publisher":{"@id":"https:\/\/www.meydan.tv\/az\/#organization"},"potentialAction":[{"@type":"SearchAction","target":{"@type":"EntryPoint","urlTemplate":"https:\/\/www.meydan.tv\/az\/?s={search_term_string}"},"query-input":{"@type":"PropertyValueSpecification","valueRequired":true,"valueName":"search_term_string"}}],"inLanguage":"az"},{"@type":"Organization","@id":"https:\/\/www.meydan.tv\/az\/#organization","name":"Meydan TV","url":"https:\/\/www.meydan.tv\/az\/","logo":{"@type":"ImageObject","inLanguage":"az","@id":"https:\/\/www.meydan.tv\/az\/#\/schema\/logo\/image\/","url":"https:\/\/www.meydan.tv\/wp-content\/uploads\/2021\/07\/meydan-logo.svg","contentUrl":"https:\/\/www.meydan.tv\/wp-content\/uploads\/2021\/07\/meydan-logo.svg","width":195,"height":46,"caption":"Meydan TV"},"image":{"@id":"https:\/\/www.meydan.tv\/az\/#\/schema\/logo\/image\/"}},{"@type":"Person","@id":"https:\/\/www.meydan.tv\/az\/#\/schema\/person\/10d11eccf6da3662cf5fdab9806ea91a","name":"user-manager"}]}},"_links":{"self":[{"href":"https:\/\/www.meydan.tv\/az\/wp-json\/wp\/v2\/posts\/178153","targetHints":{"allow":["GET"]}}],"collection":[{"href":"https:\/\/www.meydan.tv\/az\/wp-json\/wp\/v2\/posts"}],"about":[{"href":"https:\/\/www.meydan.tv\/az\/wp-json\/wp\/v2\/types\/post"}],"author":[{"embeddable":true,"href":"https:\/\/www.meydan.tv\/az\/wp-json\/wp\/v2\/users\/11"}],"replies":[{"embeddable":true,"href":"https:\/\/www.meydan.tv\/az\/wp-json\/wp\/v2\/comments?post=178153"}],"version-history":[{"count":0,"href":"https:\/\/www.meydan.tv\/az\/wp-json\/wp\/v2\/posts\/178153\/revisions"}],"wp:featuredmedia":[{"embeddable":true,"href":"https:\/\/www.meydan.tv\/az\/wp-json\/wp\/v2\/media\/65481"}],"wp:attachment":[{"href":"https:\/\/www.meydan.tv\/az\/wp-json\/wp\/v2\/media?parent=178153"}],"wp:term":[{"taxonomy":"category","embeddable":true,"href":"https:\/\/www.meydan.tv\/az\/wp-json\/wp\/v2\/categories?post=178153"},{"taxonomy":"post_tag","embeddable":true,"href":"https:\/\/www.meydan.tv\/az\/wp-json\/wp\/v2\/tags?post=178153"}],"curies":[{"name":"wp","href":"https:\/\/api.w.org\/{rel}","templated":true}]}}