{"id":178100,"date":"2016-08-12T00:20:56","date_gmt":"2016-08-12T00:20:56","guid":{"rendered":"https:\/\/www.meydan.tv\/article\/bu-xemir-cox-su-aparacaq\/"},"modified":"2016-08-12T00:20:56","modified_gmt":"2016-08-12T00:20:56","slug":"bu-xemir-cox-su-aparacaq","status":"publish","type":"post","link":"https:\/\/www.meydan.tv\/az\/article\/bu-xemir-cox-su-aparacaq\/","title":{"rendered":"Bu x\u0259mir \u00e7ox su aparacaq"},"content":{"rendered":"<figure class=\"wp-block-image size-large\">\n  <img decoding=\"async\" src=\"https:\/\/www.meydan.tv\/az\/zerdust-elizade-10\/\" alt=\"Z\u0259rd\u00fc\u015ft \u018flizad\u0259\" class=\"wp-image-65223\"\/><figcaption>\n    Z\u0259rd\u00fc\u015ft \u018flizad\u0259<br \/>\n  <\/figcaption><\/figure>\n<p>\n  28 ildir erm\u0259ni v\u0259 Az\u0259rbaycan xalqlar\u0131 s\u0259ks\u0259k\u0259li v\u0259 nigaran ya\u015fay\u0131rlar. \u0130ki qon\u015fu mill\u0259ti bir qay\u011f\u0131 i\u00e7\u0259rid\u0259n g\u0259mirir: Qaraba\u011f kim\u0259 qism\u0259t olacaq?\n<\/p>\n<p>\n  Torpa\u011f\u0131n h\u00fcquqi sahibi Az\u0259rbaycan \u00e7ox g\u00f6z\u0259l anlay\u0131r ki, d\u00fcnyan\u0131n a\u011falar\u0131 bir anda bu torpa\u011f\u0131 Erm\u0259nistana ba\u011f\u0131\u015flaya bil\u0259rl\u0259r. He\u00e7 \u201cuf\u201d dem\u0259zl\u0259r. He\u00e7 t\u00fckl\u0259ri t\u0259rp\u0259nm\u0259z. Torpa\u011f\u0131 i\u015f\u011fal etmi\u015f Erm\u0259nistan \u00e7ox g\u00f6z\u0259l anlay\u0131r ki, d\u00fcnyan\u0131n a\u011falar\u0131 ist\u0259nil\u0259n an onu torpa\u011f\u0131 sahibin\u0259 qaytarma\u011fa m\u0259cbur ed\u0259 bil\u0259rl\u0259r. Birc\u0259 qa\u015f\u0131 qald\u0131rmaqla, g\u00f6z\u00fc a\u011fartmaqla. Y\u0259ni h\u0259r iki xalq \u00e7ox g\u00f6z\u0259l anlay\u0131r ki, Qaraba\u011f\u0131n taleyi onlardan yox, \u201cQaraba\u011f\u201d al\u0259tind\u0259n istifad\u0259 ed\u0259n b\u00f6y\u00fck d\u00f6vl\u0259tl\u0259rd\u0259n as\u0131l\u0131d\u0131r.\n<\/p>\n<figure class=\"wp-block-image size-large\">\n  <img decoding=\"async\" src=\"https:\/\/www.meydan.tv\/az\/65235\/\" alt=\"\" class=\"wp-image-65235\"\/><figcaption><\/figcaption><\/figure>\n<p>\n  Rusiya prezidenti Vladimir Putin avqustun 8-d\u0259 Bak\u0131da dan\u0131\u015f\u0131q apard\u0131 v\u0259 sonra avqustun 10-da Erm\u0259nistan prezidentini Moskvada q\u0259bul edib ona Bak\u0131 dan\u0131\u015f\u0131qlar\u0131 bar\u0259d\u0259 m\u0259lumat verdi. Erm\u0259ni prezidenti ona \u201cQaraba\u011fa qay\u011f\u0131s\u0131\u201d m\u00fcqabilind\u0259 d\u0259rin t\u0259\u015f\u0259kk\u00fcr\u00fcn\u00fc bildirdi. Erm\u0259ni t\u0259f\u0259kk\u00fcr t\u0259rzind\u0259 \u201cQaraba\u011fa qay\u011f\u0131\u201d n\u0259 dem\u0259k oldu\u011funu ham\u0131 anlay\u0131r, d\u0259xi x\u0131rdalama\u011fa ehtiyac yoxdur.\n<\/p>\n<p>\n  \u201cMal\u0131 mala qatmamaq\u201ddeyimin\u0259 uy\u011fun olaraq rus prezidenti erm\u0259ni prazidentin\u0259 v\u0259 onun vasit\u0259sil\u0259 b\u00fct\u00fcn dilbilm\u0259z erm\u0259ni v\u0259t\u0259np\u0259rv\u0259rl\u0259rin\u0259 \u00e7atd\u0131rd\u0131 ki, Rusiya Federasiyas\u0131 Az\u0259rbaycana silah satmaqda davam ed\u0259c\u0259k, zira \u201cAz\u0259rbaycan\u0131n pulu var v\u0259 silah\u0131 haradan ist\u0259s\u0259, ala bil\u0259r\u201d. Y\u0259ni incim\u0259yin, \u0259g\u0259r pullu Az\u0259rbaycan ba\u015fqa yerd\u0259n silah ala bilirs\u0259, yax\u015f\u0131 olar ki, el\u0259 Rusiyadan als\u0131n.\n<\/p>\n<p>\n  Ne\u00e7\u0259 vaxtd\u0131r q\u0259zet s\u0259hif\u0259l\u0259rind\u0259n d\u00fc\u015fm\u0259y\u0259n 5 rayon m\u0259s\u0259l\u0259si el\u0259 f\u0259rziyy\u0259 v\u0259 ehtimal m\u0259kan\u0131nda qald\u0131, m\u00f6vzuya ayd\u0131nl\u0131q g\u0259tirilm\u0259di. Bunu q\u0259sd\u0259n etdil\u0259r ki, h\u0259r iki t\u0259r\u0259f \u201cfiruz\u0259 muncu\u011fun kimd\u0259 olmas\u0131n\u0131\u201d bilm\u0259sin, yaxud m\u00fcnaqi\u015f\u0259 b\u00f6lg\u0259sinin a\u011fas\u0131 h\u0259l\u0259 q\u0259ti q\u0259rar q\u0259bul etm\u0259yib, he\u00e7 k\u0259s he\u00e7 n\u0259 bilmir. S\u0259ks\u0259k\u0259li v\u0259 nigaran h\u0259yat davam edir. H\u0259r iki mill\u0259t buna \u00f6yr\u0259\u015fib v\u0259 yenilikd\u0259n h\u0259tta qorxur. Qorxur ki, b\u0259d x\u0259b\u0259r e\u015fid\u0259r, Qaraba\u011f\u0131 ya alarlar, ya da ver\u0259rl\u0259r&#8230;\n<\/p>\n<figure class=\"wp-block-image size-large\">\n  <img decoding=\"async\" src=\"https:\/\/www.meydan.tv\/az\/65232\/\" alt=\"\" class=\"wp-image-65232\"\/><figcaption><\/figcaption><\/figure>\n<p>\n  Ham\u0131 unudub 1990-lar\u0131n sonunun romantizmini: \u201cm\u00fcst\u0259qil olaca\u011f\u0131q, he\u00e7 k\u0259sd\u0259n as\u0131l\u0131 olmayaca\u011f\u0131q, taleyimizi \u00f6z\u00fcm\u00fcz m\u00fc\u0259yy\u0259n ed\u0259c\u0259yik, q\u0259rarlar\u0131m\u0131z s\u0259m\u0259r\u0259li, mill\u0259t \u00fc\u00e7\u00fcn faydal\u0131 olacaq, r\u0259hb\u0259rl\u0259ri xalq \u00f6z\u00fc se\u00e7\u0259c\u0259k, daha Moskva aram\u0131zdan \u00f6z\u00fcn\u0259 \u0259n sadiqi se\u00e7ib ba\u015f\u0131m\u0131za oturtmayacaq&#8230;\u201d Bu xam x\u0259yallar x\u0259yal olaraq qald\u0131, onlar\u0131n yerini \u00e7ox q\u0131sa bir zamanda ac\u0131 realizm tutdu. Ham\u0131 anlad\u0131 ki, ger\u00e7\u0259kd\u0259 d\u0259yi\u015f\u0259n bir \u015fey oldu: yerli r\u0259hb\u0259rl\u0259r qanunsuz \u0259m\u0259ll\u0259rin\u0259 g\u00f6r\u0259 daha Moskvadak\u0131 Ba\u015f Prokurorluqdan v\u0259 ya Partiya N\u0259zar\u0259t Komissiyas\u0131ndan \u00e7\u0259kinmirl\u0259r. Tale v\u0259 m\u00fcq\u0259dd\u0259rat m\u0259s\u0259l\u0259si yen\u0259 xaricin \u0259lind\u0259dir, b\u00f6y\u00fck d\u00f6vl\u0259tl\u0259r n\u0259 ist\u0259s\u0259l\u0259r, onu da qanuni elan edib ki\u00e7ik xalqlara v\u0259 d\u00f6vl\u0259tl\u0259r\u0259 yedizdirirl\u0259r.\n<\/p>\n<p>\n  Erm\u0259nistanda iqtisadi b\u00f6hran arams\u0131zd\u0131r. Bu iqtisadi b\u00f6hran\u0131n s\u0259b\u0259bi 1988-d\u0259n b\u0259ri erm\u0259ni xalq\u0131n\u0131n Qaraba\u011f m\u0259s\u0259l\u0259sind\u0259 x\u0259yalp\u0259rv\u0259rl\u0259r\u0259 v\u0259 casuslara uymas\u0131d\u0131r. \u0130ndi buna siyasi b\u00f6hran da \u0259lav\u0259 olunur. Siyasi b\u00f6hran\u0131n s\u0259b\u0259bi hadis\u0259l\u0259rin mahiyy\u0259tini anlamayan erm\u0259ni xalq\u0131n\u0131n b\u00fct\u00fcn verdiyi itkil\u0259r\u0259 r\u0259\u011fm\u0259n Qaraba\u011f\u0131 itirm\u0259k t\u0259hl\u00fck\u0259si il\u0259 \u00fcz-\u00fcz\u0259 qalmas\u0131d\u0131r. Bu ehtimal \u015firin q\u0259l\u0259b\u0259 uydurmas\u0131na \u00f6yr\u0259\u015fmi\u015f xalq\u0131 d\u0259li, onun d\u0259lisov hiss\u0259sini \u00e7\u0131l\u011f\u0131n h\u0259r\u0259k\u0259tl\u0259r\u0259 s\u00f6vq edir.\n<\/p>\n<p>\n  Bizd\u0259 bu t\u0259hl\u00fck\u0259 art\u0131q sovu\u015fub. \u201cBiz \u00f6l\u0259rik, Qaraba\u011f\u0131 verm\u0259rik!\u201d ba\u011f\u0131ran k\u00fctl\u0259 daha yoxdur. Qaraba\u011f ad\u0131 il\u0259 \u00f6z\u00fcn\u00fc \u201ckontujenn\u0131\u201d aparan siyas\u0259t\u00e7il\u0259rin d\u0259 k\u00f6p\u00fc yat\u0131b, ham\u0131s\u0131 \u0259hlil\u0259\u015fib-ah\u0131lla\u015f\u0131b-a\u011f\u0131llan\u0131b. Daha he\u00e7 k\u0259s Qaraba\u011fa g\u00f6r\u0259 k\u00fc\u00e7\u0259l\u0259r\u0259 t\u00f6k\u00fcl\u00fc\u015f\u00fcb tanklar\u0131n \u00fcst\u00fcn\u0259 getm\u0259z. Odur ki, sabah hakimiyy\u0259t des\u0259 ki, \u201cAy camaat, Qaraba\u011f\u0131 veririk, \u0259v\u0259zind\u0259 maa\u015f v\u0259 t\u0259qa\u00fcdl\u0259r\u0259 3 faiz \u0259lav\u0259 olunacaq\u201d, analoqu olmayan xalq\u0131m\u0131z yen\u0259 ulu tanr\u0131ya \u015f\u00fck\u00fcr ed\u0259c\u0259k.\n<\/p>\n<p>\n  Oxucu soru\u015fa bil\u0259r: \u201cM\u00fc\u0259llif n\u0259 dem\u0259k ist\u0259yir? N\u0259 q\u0259d\u0259r ham\u0131n\u0131 v\u0259 h\u0259r \u015feyi t\u0259nqid ed\u0259c\u0259k? T\u0259klifini de! T\u0259klif ver! Bel\u0259 a\u011f\u0131ll\u0131san, xalqa yol g\u00f6st\u0259r!\u201d\n<\/p>\n<p>\n  M\u0259n oxucumun yan\u0131nda g\u00fcnahkaram. Deyinir\u0259m, t\u0259nqid edir\u0259m, f\u0259q\u0259t, t\u0259z\u0259 yol g\u00f6st\u0259r\u0259 bilm\u0259y\u0259c\u0259y\u0259m. D\u00fc\u015f\u00fcnd\u00fcy\u00fcn\u00fcz q\u0259d\u0259r a\u011f\u0131ll\u0131 deyil\u0259m ki, yeni yol g\u00f6st\u0259rim. Daha do\u011frusu, bilir\u0259m ki, bel\u0259 bir yeni yol yoxdur . B\u0259s n\u0259 var? Mirz\u0259 F\u0259t\u0259linin, H\u0259s\u0259n b\u0259yin, Sabirin, Mirz\u0259 C\u0259lilin, Cabbarl\u0131n\u0131n, \u00dczeyir b\u0259yin g\u00f6st\u0259rdikl\u0259ri k\u00f6hn\u0259 yoldan savay\u0131 he\u00e7 bir f\u0259rqli \u00e7\u0131x\u0131\u015f yolu yoxdur. O da savadlanmaqd\u0131r, oxumaqd\u0131r, insan v\u0259 v\u0259t\u0259nda\u015f ad\u0131na layiq olmaq \u00fc\u00e7\u00fcn h\u0259r g\u00fcn s\u0259y g\u00f6st\u0259rm\u0259kdir.\n<\/p>\n<p>\n  \u0130ndi siz m\u0259n\u0259 deyin, xalq\u0131m\u0131z\u0131n ne\u00e7\u0259 faizi kitab oxuyur? \u018fg\u0259r bir xalq\u0131n 98%-i Konstitusiyan\u0131n he\u00e7 \u00fcz\u00fcn\u00fc g\u00f6rm\u0259yibs\u0259, hans\u0131 v\u0259t\u0259nda\u015fdan v\u0259 onun azadl\u0131qlar\u0131ndan dan\u0131\u015fmaq olar? \u018fg\u0259r bu xalq\u0131n m\u00fctl\u0259q \u0259ks\u0259riyy\u0259ti h\u0259yat\u0131n m\u0259nas\u0131n\u0131 yalanda, z\u00fclm\u0259 \u0259yilm\u0259kd\u0259, f\u0259rqli d\u00fc\u015f\u00fcn\u0259ni s\u00f6ym\u0259kd\u0259 g\u00f6r\u00fcrs\u0259, ax\u0131r\u0131m\u0131z nec\u0259 olacaq?\n<\/p>\n<p>\n  M\u0259sl\u0259h\u0259t g\u00f6r\u00fcr\u0259m, m\u0259n\u0259 qulaq asmay\u0131n. M\u0259ni oxumay\u0131n. Ba\u015f\u0131n\u0131z\u0131 a\u011fr\u0131tmay\u0131n. G\u00fcl kimi Az.TV var, ona bax\u0131n. S\u0259h\u0259rd\u0259n ax\u015fama kimi ona bax\u0131n, i\u015fd\u0259 is\u0259 onun g\u00f6st\u0259rdikl\u0259rini m\u00fczakir\u0259 edin. Ba\u015fqa milli telekanallara da baxmaq m\u0259sl\u0259h\u0259tdir. Cana xeyirdir. H\u0259yat y\u00fcng\u00fcll\u0259\u015fir, g\u00f6z\u0259ll\u0259\u015fir, a\u011fr\u0131l\u0131 m\u0259tl\u0259bl\u0259r il\u011f\u0131ma d\u00f6n\u00fcb buxarlan\u0131r.\n<\/p>\n<p>\n  Milli h\u0259yat\u0131m\u0131z\u0131n m\u0259nas\u0131 olan \u201cdolan\u0131\u015f\u0131q\u201d s\u00f6z\u00fcn\u00fc unutmay\u0131n. Rahat n\u0259f\u0259s al\u0131n. Yuxar\u0131da gec\u0259-g\u00fcnd\u00fcz sizi d\u00fc\u015f\u00fcn\u0259n m\u00fcdrik insan var, onun i\u015fin\u0259 qar\u0131\u015fmaq b\u00f6y\u00fck g\u00fcnahd\u0131r. \u0130nanm\u0131rs\u0131n\u0131zsa, \u015eeyx h\u0259zr\u0259tl\u0259rind\u0259n soru\u015fun. Soru\u015fun v\u0259 sonra s\u0259brl\u0259 oturub 26 sentyabr referendumunda a\u00e7\u0131qlanacaq r\u0259q\u0259ml\u0259rin elan edilm\u0259sini g\u00f6zl\u0259yin&#8230;<br \/>\n  <br \/>\n  Z\u0259rd\u00fc\u015ft \u018flizad\u0259<\/p>\n","protected":false},"excerpt":{"rendered":"<p>M\u0259sl\u0259h\u0259t g\u00f6r\u00fcr\u0259m, m\u0259n\u0259 qulaq asmay\u0131n. M\u0259ni oxumay\u0131n. Ba\u015f\u0131n\u0131z\u0131 a\u011fr\u0131tmay\u0131n. G\u00fcl kimi Az.TV var, ona bax\u0131n. S\u0259h\u0259rd\u0259n ax\u015fama kimi ona bax\u0131n, i\u015fd\u0259 is\u0259 onun g\u00f6st\u0259rdikl\u0259rini m\u00fczakir\u0259 edin. Ba\u015fqa milli telekanallara da baxmaq m\u0259sl\u0259h\u0259tdir. Cana xeyirdir. H\u0259yat y\u00fcng\u00fcll\u0259\u015fir, g\u00f6z\u0259ll\u0259\u015fir, a\u011fr\u0131l\u0131 m\u0259tl\u0259bl\u0259r il\u011f\u0131ma d\u00f6n\u00fcb buxarlan\u0131r.<\/p>\n","protected":false},"author":11,"featured_media":65223,"comment_status":"closed","ping_status":"open","sticky":false,"template":"","format":"standard","meta":{"_acf_changed":false,"_sitemap_exclude":false,"_sitemap_priority":"","_sitemap_frequency":"","footnotes":""},"categories":[57],"tags":[],"class_list":["post-178100","post","type-post","status-publish","format-standard","has-post-thumbnail","hentry","category-menim-fikrimce","infinite-scroll-item","generate-columns","tablet-grid-50","mobile-grid-100","grid-parent","grid-33","no-featured-image-padding"],"acf":[],"yoast_head":"<!-- This site is optimized with the Yoast SEO plugin v27.5 - https:\/\/yoast.com\/product\/yoast-seo-wordpress\/ -->\n<title>Bu x\u0259mir \u00e7ox su aparacaq - MEYDAN.TV<\/title>\n<meta name=\"robots\" content=\"index, follow, max-snippet:-1, max-image-preview:large, max-video-preview:-1\" \/>\n<link rel=\"canonical\" href=\"https:\/\/www.meydan.tv\/az\/article\/bu-xemir-cox-su-aparacaq\/\" \/>\n<meta property=\"og:locale\" content=\"az_AZ\" \/>\n<meta property=\"og:type\" content=\"article\" \/>\n<meta property=\"og:title\" content=\"Bu x\u0259mir \u00e7ox su aparacaq - MEYDAN.TV\" \/>\n<meta property=\"og:description\" content=\"M\u0259sl\u0259h\u0259t g\u00f6r\u00fcr\u0259m, m\u0259n\u0259 qulaq asmay\u0131n. M\u0259ni oxumay\u0131n. Ba\u015f\u0131n\u0131z\u0131 a\u011fr\u0131tmay\u0131n. G\u00fcl kimi Az.TV var, ona bax\u0131n. S\u0259h\u0259rd\u0259n ax\u015fama kimi ona bax\u0131n, i\u015fd\u0259 is\u0259 onun g\u00f6st\u0259rdikl\u0259rini m\u00fczakir\u0259 edin. Ba\u015fqa milli telekanallara da baxmaq m\u0259sl\u0259h\u0259tdir. Cana xeyirdir. H\u0259yat y\u00fcng\u00fcll\u0259\u015fir, g\u00f6z\u0259ll\u0259\u015fir, a\u011fr\u0131l\u0131 m\u0259tl\u0259bl\u0259r il\u011f\u0131ma d\u00f6n\u00fcb buxarlan\u0131r.\" \/>\n<meta property=\"og:url\" content=\"https:\/\/www.meydan.tv\/az\/article\/bu-xemir-cox-su-aparacaq\/\" \/>\n<meta property=\"og:site_name\" content=\"MEYDAN.TV\" \/>\n<meta property=\"article:published_time\" content=\"2016-08-12T00:20:56+00:00\" \/>\n<meta property=\"og:image\" content=\"https:\/\/www.meydan.tv\/wp-content\/uploads\/24887.jpg\" \/>\n\t<meta property=\"og:image:width\" content=\"500\" \/>\n\t<meta property=\"og:image:height\" content=\"500\" \/>\n\t<meta property=\"og:image:type\" content=\"image\/jpeg\" \/>\n<meta name=\"author\" content=\"user-manager\" \/>\n<meta name=\"twitter:card\" content=\"summary_large_image\" \/>\n<script type=\"application\/ld+json\" class=\"yoast-schema-graph\">{\"@context\":\"https:\\\/\\\/schema.org\",\"@graph\":[{\"@type\":\"Article\",\"@id\":\"https:\\\/\\\/www.meydan.tv\\\/az\\\/article\\\/bu-xemir-cox-su-aparacaq\\\/#article\",\"isPartOf\":{\"@id\":\"https:\\\/\\\/www.meydan.tv\\\/az\\\/article\\\/bu-xemir-cox-su-aparacaq\\\/\"},\"author\":{\"name\":\"user-manager\",\"@id\":\"https:\\\/\\\/www.meydan.tv\\\/az\\\/#\\\/schema\\\/person\\\/10d11eccf6da3662cf5fdab9806ea91a\"},\"headline\":\"Bu x\u0259mir \u00e7ox su aparacaq\",\"datePublished\":\"2016-08-12T00:20:56+00:00\",\"mainEntityOfPage\":{\"@id\":\"https:\\\/\\\/www.meydan.tv\\\/az\\\/article\\\/bu-xemir-cox-su-aparacaq\\\/\"},\"wordCount\":1234,\"publisher\":{\"@id\":\"https:\\\/\\\/www.meydan.tv\\\/az\\\/#organization\"},\"image\":{\"@id\":\"https:\\\/\\\/www.meydan.tv\\\/az\\\/article\\\/bu-xemir-cox-su-aparacaq\\\/#primaryimage\"},\"thumbnailUrl\":\"https:\\\/\\\/www.meydan.tv\\\/wp-content\\\/uploads\\\/24887.jpg\",\"articleSection\":[\"M\u0259nim Fikrimc\u0259\"],\"inLanguage\":\"az\"},{\"@type\":\"WebPage\",\"@id\":\"https:\\\/\\\/www.meydan.tv\\\/az\\\/article\\\/bu-xemir-cox-su-aparacaq\\\/\",\"url\":\"https:\\\/\\\/www.meydan.tv\\\/az\\\/article\\\/bu-xemir-cox-su-aparacaq\\\/\",\"name\":\"Bu x\u0259mir \u00e7ox su aparacaq - MEYDAN.TV\",\"isPartOf\":{\"@id\":\"https:\\\/\\\/www.meydan.tv\\\/az\\\/#website\"},\"primaryImageOfPage\":{\"@id\":\"https:\\\/\\\/www.meydan.tv\\\/az\\\/article\\\/bu-xemir-cox-su-aparacaq\\\/#primaryimage\"},\"image\":{\"@id\":\"https:\\\/\\\/www.meydan.tv\\\/az\\\/article\\\/bu-xemir-cox-su-aparacaq\\\/#primaryimage\"},\"thumbnailUrl\":\"https:\\\/\\\/www.meydan.tv\\\/wp-content\\\/uploads\\\/24887.jpg\",\"datePublished\":\"2016-08-12T00:20:56+00:00\",\"breadcrumb\":{\"@id\":\"https:\\\/\\\/www.meydan.tv\\\/az\\\/article\\\/bu-xemir-cox-su-aparacaq\\\/#breadcrumb\"},\"inLanguage\":\"az\",\"potentialAction\":[{\"@type\":\"ReadAction\",\"target\":[\"https:\\\/\\\/www.meydan.tv\\\/az\\\/article\\\/bu-xemir-cox-su-aparacaq\\\/\"]}]},{\"@type\":\"ImageObject\",\"inLanguage\":\"az\",\"@id\":\"https:\\\/\\\/www.meydan.tv\\\/az\\\/article\\\/bu-xemir-cox-su-aparacaq\\\/#primaryimage\",\"url\":\"https:\\\/\\\/www.meydan.tv\\\/wp-content\\\/uploads\\\/24887.jpg\",\"contentUrl\":\"https:\\\/\\\/www.meydan.tv\\\/wp-content\\\/uploads\\\/24887.jpg\",\"width\":500,\"height\":500,\"caption\":\"Source:\"},{\"@type\":\"BreadcrumbList\",\"@id\":\"https:\\\/\\\/www.meydan.tv\\\/az\\\/article\\\/bu-xemir-cox-su-aparacaq\\\/#breadcrumb\",\"itemListElement\":[{\"@type\":\"ListItem\",\"position\":1,\"name\":\"Ana s\u0259hif\u0259\",\"item\":\"https:\\\/\\\/www.meydan.tv\\\/az\\\/\"},{\"@type\":\"ListItem\",\"position\":2,\"name\":\"M\u0259nim Fikrimc\u0259\",\"item\":\"https:\\\/\\\/www.meydan.tv\\\/az\\\/section\\\/menim-fikrimce\\\/\"},{\"@type\":\"ListItem\",\"position\":3,\"name\":\"Bu x\u0259mir \u00e7ox su aparacaq\"}]},{\"@type\":\"WebSite\",\"@id\":\"https:\\\/\\\/www.meydan.tv\\\/az\\\/#website\",\"url\":\"https:\\\/\\\/www.meydan.tv\\\/az\\\/\",\"name\":\"MEYDAN.TV\",\"description\":\"Meydan TV Az\u0259rbaycan\u0131n media m\u0259kan\u0131ndak\u0131 alternativ s\u0259sidir\",\"publisher\":{\"@id\":\"https:\\\/\\\/www.meydan.tv\\\/az\\\/#organization\"},\"potentialAction\":[{\"@type\":\"SearchAction\",\"target\":{\"@type\":\"EntryPoint\",\"urlTemplate\":\"https:\\\/\\\/www.meydan.tv\\\/az\\\/?s={search_term_string}\"},\"query-input\":{\"@type\":\"PropertyValueSpecification\",\"valueRequired\":true,\"valueName\":\"search_term_string\"}}],\"inLanguage\":\"az\"},{\"@type\":\"Organization\",\"@id\":\"https:\\\/\\\/www.meydan.tv\\\/az\\\/#organization\",\"name\":\"Meydan TV\",\"url\":\"https:\\\/\\\/www.meydan.tv\\\/az\\\/\",\"logo\":{\"@type\":\"ImageObject\",\"inLanguage\":\"az\",\"@id\":\"https:\\\/\\\/www.meydan.tv\\\/az\\\/#\\\/schema\\\/logo\\\/image\\\/\",\"url\":\"https:\\\/\\\/www.meydan.tv\\\/wp-content\\\/uploads\\\/2021\\\/07\\\/meydan-logo.svg\",\"contentUrl\":\"https:\\\/\\\/www.meydan.tv\\\/wp-content\\\/uploads\\\/2021\\\/07\\\/meydan-logo.svg\",\"width\":195,\"height\":46,\"caption\":\"Meydan TV\"},\"image\":{\"@id\":\"https:\\\/\\\/www.meydan.tv\\\/az\\\/#\\\/schema\\\/logo\\\/image\\\/\"}},{\"@type\":\"Person\",\"@id\":\"https:\\\/\\\/www.meydan.tv\\\/az\\\/#\\\/schema\\\/person\\\/10d11eccf6da3662cf5fdab9806ea91a\",\"name\":\"user-manager\"}]}<\/script>\n<!-- \/ Yoast SEO plugin. -->","yoast_head_json":{"title":"Bu x\u0259mir \u00e7ox su aparacaq - MEYDAN.TV","robots":{"index":"index","follow":"follow","max-snippet":"max-snippet:-1","max-image-preview":"max-image-preview:large","max-video-preview":"max-video-preview:-1"},"canonical":"https:\/\/www.meydan.tv\/az\/article\/bu-xemir-cox-su-aparacaq\/","og_locale":"az_AZ","og_type":"article","og_title":"Bu x\u0259mir \u00e7ox su aparacaq - MEYDAN.TV","og_description":"M\u0259sl\u0259h\u0259t g\u00f6r\u00fcr\u0259m, m\u0259n\u0259 qulaq asmay\u0131n. M\u0259ni oxumay\u0131n. Ba\u015f\u0131n\u0131z\u0131 a\u011fr\u0131tmay\u0131n. G\u00fcl kimi Az.TV var, ona bax\u0131n. S\u0259h\u0259rd\u0259n ax\u015fama kimi ona bax\u0131n, i\u015fd\u0259 is\u0259 onun g\u00f6st\u0259rdikl\u0259rini m\u00fczakir\u0259 edin. Ba\u015fqa milli telekanallara da baxmaq m\u0259sl\u0259h\u0259tdir. Cana xeyirdir. H\u0259yat y\u00fcng\u00fcll\u0259\u015fir, g\u00f6z\u0259ll\u0259\u015fir, a\u011fr\u0131l\u0131 m\u0259tl\u0259bl\u0259r il\u011f\u0131ma d\u00f6n\u00fcb buxarlan\u0131r.","og_url":"https:\/\/www.meydan.tv\/az\/article\/bu-xemir-cox-su-aparacaq\/","og_site_name":"MEYDAN.TV","article_published_time":"2016-08-12T00:20:56+00:00","og_image":[{"width":500,"height":500,"url":"https:\/\/www.meydan.tv\/wp-content\/uploads\/24887.jpg","type":"image\/jpeg"}],"author":"user-manager","twitter_card":"summary_large_image","schema":{"@context":"https:\/\/schema.org","@graph":[{"@type":"Article","@id":"https:\/\/www.meydan.tv\/az\/article\/bu-xemir-cox-su-aparacaq\/#article","isPartOf":{"@id":"https:\/\/www.meydan.tv\/az\/article\/bu-xemir-cox-su-aparacaq\/"},"author":{"name":"user-manager","@id":"https:\/\/www.meydan.tv\/az\/#\/schema\/person\/10d11eccf6da3662cf5fdab9806ea91a"},"headline":"Bu x\u0259mir \u00e7ox su aparacaq","datePublished":"2016-08-12T00:20:56+00:00","mainEntityOfPage":{"@id":"https:\/\/www.meydan.tv\/az\/article\/bu-xemir-cox-su-aparacaq\/"},"wordCount":1234,"publisher":{"@id":"https:\/\/www.meydan.tv\/az\/#organization"},"image":{"@id":"https:\/\/www.meydan.tv\/az\/article\/bu-xemir-cox-su-aparacaq\/#primaryimage"},"thumbnailUrl":"https:\/\/www.meydan.tv\/wp-content\/uploads\/24887.jpg","articleSection":["M\u0259nim Fikrimc\u0259"],"inLanguage":"az"},{"@type":"WebPage","@id":"https:\/\/www.meydan.tv\/az\/article\/bu-xemir-cox-su-aparacaq\/","url":"https:\/\/www.meydan.tv\/az\/article\/bu-xemir-cox-su-aparacaq\/","name":"Bu x\u0259mir \u00e7ox su aparacaq - MEYDAN.TV","isPartOf":{"@id":"https:\/\/www.meydan.tv\/az\/#website"},"primaryImageOfPage":{"@id":"https:\/\/www.meydan.tv\/az\/article\/bu-xemir-cox-su-aparacaq\/#primaryimage"},"image":{"@id":"https:\/\/www.meydan.tv\/az\/article\/bu-xemir-cox-su-aparacaq\/#primaryimage"},"thumbnailUrl":"https:\/\/www.meydan.tv\/wp-content\/uploads\/24887.jpg","datePublished":"2016-08-12T00:20:56+00:00","breadcrumb":{"@id":"https:\/\/www.meydan.tv\/az\/article\/bu-xemir-cox-su-aparacaq\/#breadcrumb"},"inLanguage":"az","potentialAction":[{"@type":"ReadAction","target":["https:\/\/www.meydan.tv\/az\/article\/bu-xemir-cox-su-aparacaq\/"]}]},{"@type":"ImageObject","inLanguage":"az","@id":"https:\/\/www.meydan.tv\/az\/article\/bu-xemir-cox-su-aparacaq\/#primaryimage","url":"https:\/\/www.meydan.tv\/wp-content\/uploads\/24887.jpg","contentUrl":"https:\/\/www.meydan.tv\/wp-content\/uploads\/24887.jpg","width":500,"height":500,"caption":"Source:"},{"@type":"BreadcrumbList","@id":"https:\/\/www.meydan.tv\/az\/article\/bu-xemir-cox-su-aparacaq\/#breadcrumb","itemListElement":[{"@type":"ListItem","position":1,"name":"Ana s\u0259hif\u0259","item":"https:\/\/www.meydan.tv\/az\/"},{"@type":"ListItem","position":2,"name":"M\u0259nim Fikrimc\u0259","item":"https:\/\/www.meydan.tv\/az\/section\/menim-fikrimce\/"},{"@type":"ListItem","position":3,"name":"Bu x\u0259mir \u00e7ox su aparacaq"}]},{"@type":"WebSite","@id":"https:\/\/www.meydan.tv\/az\/#website","url":"https:\/\/www.meydan.tv\/az\/","name":"MEYDAN.TV","description":"Meydan TV Az\u0259rbaycan\u0131n media m\u0259kan\u0131ndak\u0131 alternativ s\u0259sidir","publisher":{"@id":"https:\/\/www.meydan.tv\/az\/#organization"},"potentialAction":[{"@type":"SearchAction","target":{"@type":"EntryPoint","urlTemplate":"https:\/\/www.meydan.tv\/az\/?s={search_term_string}"},"query-input":{"@type":"PropertyValueSpecification","valueRequired":true,"valueName":"search_term_string"}}],"inLanguage":"az"},{"@type":"Organization","@id":"https:\/\/www.meydan.tv\/az\/#organization","name":"Meydan TV","url":"https:\/\/www.meydan.tv\/az\/","logo":{"@type":"ImageObject","inLanguage":"az","@id":"https:\/\/www.meydan.tv\/az\/#\/schema\/logo\/image\/","url":"https:\/\/www.meydan.tv\/wp-content\/uploads\/2021\/07\/meydan-logo.svg","contentUrl":"https:\/\/www.meydan.tv\/wp-content\/uploads\/2021\/07\/meydan-logo.svg","width":195,"height":46,"caption":"Meydan TV"},"image":{"@id":"https:\/\/www.meydan.tv\/az\/#\/schema\/logo\/image\/"}},{"@type":"Person","@id":"https:\/\/www.meydan.tv\/az\/#\/schema\/person\/10d11eccf6da3662cf5fdab9806ea91a","name":"user-manager"}]}},"_links":{"self":[{"href":"https:\/\/www.meydan.tv\/az\/wp-json\/wp\/v2\/posts\/178100","targetHints":{"allow":["GET"]}}],"collection":[{"href":"https:\/\/www.meydan.tv\/az\/wp-json\/wp\/v2\/posts"}],"about":[{"href":"https:\/\/www.meydan.tv\/az\/wp-json\/wp\/v2\/types\/post"}],"author":[{"embeddable":true,"href":"https:\/\/www.meydan.tv\/az\/wp-json\/wp\/v2\/users\/11"}],"replies":[{"embeddable":true,"href":"https:\/\/www.meydan.tv\/az\/wp-json\/wp\/v2\/comments?post=178100"}],"version-history":[{"count":0,"href":"https:\/\/www.meydan.tv\/az\/wp-json\/wp\/v2\/posts\/178100\/revisions"}],"wp:featuredmedia":[{"embeddable":true,"href":"https:\/\/www.meydan.tv\/az\/wp-json\/wp\/v2\/media\/65223"}],"wp:attachment":[{"href":"https:\/\/www.meydan.tv\/az\/wp-json\/wp\/v2\/media?parent=178100"}],"wp:term":[{"taxonomy":"category","embeddable":true,"href":"https:\/\/www.meydan.tv\/az\/wp-json\/wp\/v2\/categories?post=178100"},{"taxonomy":"post_tag","embeddable":true,"href":"https:\/\/www.meydan.tv\/az\/wp-json\/wp\/v2\/tags?post=178100"}],"curies":[{"name":"wp","href":"https:\/\/api.w.org\/{rel}","templated":true}]}}