{"id":178077,"date":"2016-08-11T14:51:43","date_gmt":"2016-08-11T14:51:43","guid":{"rendered":"https:\/\/www.meydan.tv\/article\/turkiye-baresinde\/"},"modified":"2016-08-11T14:51:43","modified_gmt":"2016-08-11T14:51:43","slug":"turkiye-baresinde","status":"publish","type":"post","link":"https:\/\/www.meydan.tv\/az\/article\/turkiye-baresinde\/","title":{"rendered":"T\u00fcrkiy\u0259 bar\u0259sind\u0259"},"content":{"rendered":"<figure class=\"wp-block-image size-large\">\n  <img decoding=\"async\" src=\"https:\/\/www.meydan.tv\/az\/65163\/\" alt=\"\" class=\"wp-image-65163\"\/><figcaption><\/figcaption><\/figure>\n<figure class=\"wp-block-image size-large\">\n  <img decoding=\"async\" src=\"https:\/\/www.meydan.tv\/az\/65163\/\" alt=\"\" class=\"wp-image-65163\"\/><figcaption><\/figcaption><\/figure>\n<p>\n  A\u00e7\u0131\u011f\u0131, bu yaz\u0131n\u0131 yazmaq ist\u0259mirdim. S\u0259b\u0259bl\u0259ri \u00e7oxdur. Lakin g\u0259ncl\u0259r \u00e7ox israr etdi v\u0259 h\u0259qiq\u0259ti, m\u0259hz \u00e7\u0131lpaq h\u0259qiq\u0259ti, d\u00fc\u015f\u00fcnd\u00fcy\u00fcm\u00fc oldu\u011fu kimi yazma\u011f\u0131m\u0131 ist\u0259dil\u0259r. M\u0259nim g\u00f6rd\u00fcy\u00fcm v\u0259 bildiyim h\u0259qiq\u0259t budur:\n<\/p>\n<p>\n  <i><br \/>\n    \u018frdo\u011fandan \u0259vv\u0259l T\u00fcrkiy\u0259<br \/>\n  <\/i>\n<\/p>\n<p>\n  \u018frdo\u011fan demokratik se\u00e7kil\u0259rd\u0259n istifad\u0259 edib \u00f6z hakimiyy\u0259tini m\u00f6hk\u0259ml\u0259ndirm\u0259k, h\u0259tta \u0259b\u0259di etm\u0259k ist\u0259yir. H\u0259r se\u00e7kil\u0259rd\u0259 qalib g\u0259l\u0259n, \u00f6z\u00fcn\u0259 g\u00fcv\u0259n\u0259n v\u0259 siyas\u0259td\u0259n getm\u0259yi planla\u015fd\u0131rmayan partiya s\u0259dri n\u0259d\u0259n parlament respublikas\u0131nda ba\u015f nazir yox, m\u0259hz prezident olmaq ist\u0259sin? Cavab\u0131 ayd\u0131nd\u0131r: prezidentin koalisiyalars\u0131z, y\u0259ni h\u0259r zaman t\u0259kba\u015f\u0131na \u00f6lk\u0259ni idar\u0259 ed\u0259 bil\u0259c\u0259yin\u0259 g\u00f6r\u0259. \u00c7\u00fcnki parlament respublikas\u0131nda AKP n\u0259 vaxtsa iqtidar\u0131 kiminl\u0259s\u0259 b\u00f6l\u00fc\u015fm\u0259li v\u0259 ya m\u00fcxalif\u0259t\u0259 ke\u00e7m\u0259li olacaq. Bel\u0259 bir perspektiv \u018frdo\u011fan\u0131 qane ed\u0259 bilm\u0259zdi. Niy\u0259? Bunun s\u0259b\u0259bi is\u0259 \u00e7ox uzaqlara &#8211; T\u00fcrkiy\u0259 C\u00fcmhuriyy\u0259tinin ilk da\u015f\u0131 at\u0131ld\u0131\u011f\u0131 d\u00f6n\u0259m\u0259 gedib \u00e7\u0131x\u0131r. T\u00fcrkiy\u0259 C\u00fcmhuriyy\u0259ti bir g\u00fcn\u0259 d\u00fcny\u0259vi v\u0259 demokratik olmay\u0131b. I Pyotr rus xalq\u0131n\u0131 d\u0259yi\u015fm\u0259y\u0259 giri\u015fdiyi kimi, Atat\u00fcrk d\u0259 T\u00fcrk xalq\u0131n\u0131n &#8220;matritsa&#8221;s\u0131n\u0131 d\u0259yi\u015fm\u0259y\u0259 q\u0259rar vermi\u015fdi. Bunu etdi d\u0259. Onun d\u00f6vr\u00fcnd\u0259 T\u00fcrkiy\u0259 demokratik olmasa da, sekulyar olub. Sekulyarl\u0131q da bir g\u00fcn\u0259 m\u00fcmk\u00fcn olmay\u0131b. Onu qurmaq v\u0259 saxlamaq \u00fc\u00e7\u00fcn n\u0259 q\u0259d\u0259r qanlar ax\u0131d\u0131l\u0131b, n\u0259 q\u0259d\u0259r h\u00fcquqlar pozulub&#8230; Sonucda T\u00fcrkiy\u0259 d\u00fcny\u0259vi olub. Demokratiya is\u0259 bundan sonra g\u0259lib, T\u00fcrkiy\u0259 d\u0259yi\u015fdikd\u0259n sonra! Bu g\u00fcn \u00f6lk\u0259nin b\u00f6y\u00fck \u0259ks\u0259riyy\u0259ti (t\u0259xmin\u0259n 65-70%) d\u00fcny\u0259vi T\u00fcrkiy\u0259nin t\u0259r\u0259fdar\u0131d\u0131r. Hakimiyy\u0259td\u0259 daima d\u00fcny\u0259vi partiyalar olub. Elita d\u00fcny\u0259vi olub. Dini \u00e7evr\u0259l\u0259r T\u00fcrkiy\u0259d\u0259 h\u0259r zaman \u00f6zl\u0259rini k\u00fcnc\u0259 s\u0131x\u0131lm\u0131\u015f hesab edibl\u0259r. Dini \u00e7evr\u0259l\u0259rin partiyalar\u0131 qapad\u0131l\u0131r, liderl\u0259rin\u0259 siyas\u0259tl\u0259 m\u0259\u015f\u011ful olma qada\u011fas\u0131 \u00e7\u0131xar\u0131l\u0131r (o c\u00fcml\u0259d\u0259n d\u0259 \u018frdo\u011fana!). Bir s\u00f6zl\u0259, \u018frdo\u011fan\u0131n bu g\u00fcn etdikl\u0259ri dini t\u0259b\u0259q\u0259nin d\u00fcny\u0259vil\u0259r \u00fcz\u0259rind\u0259 revan\u015f\u0131d\u0131r! \u0130ll\u0259r boyu &#8220;sosyete&#8221;ye nifr\u0259t ed\u0259n, geni\u015f m\u0259nada T\u00fcrkiy\u0259 elitas\u0131na daxil ola bilm\u0259y\u0259nl\u0259rin revan\u015f\u0131. \u018frdo\u011fan bu g\u00fcn bu &#8220;revan\u015f&#8221;\u0131n liderin\u0259 v\u0259 simvoluna \u00e7evrilib!\n<\/p>\n<p>\n  <i><br \/>\n    H\u0259rbi \u00e7evrili\u015f c\u0259hdind\u0259n \u0259vv\u0259l T\u00fcrkiy\u0259<br \/>\n  <\/i>\n<\/p>\n<p>\n  T\u00fcrkiy\u0259ni d\u0259yi\u015fm\u0259k \u00fc\u00e7\u00fcn \u018frdo\u011fan demokratik prossedurdan v\u0259 d\u00fcny\u0259vi siyasi t\u0259\u015fkilatlar\u0131n ideyalar\u0131ndan istifad\u0259 etdi. \u00c7\u00fcnki o, daha \u0259vv\u0259lki dini partiyalardan f\u0259rqli olaraq, T\u00fcrkiy\u0259nin b\u00f6y\u00fck \u0259ks\u0259riyy\u0259tinin kamalist oldu\u011funu v\u0259 onlar\u0131n s\u0259sini almadan he\u00e7 n\u0259y\u0259 nail ola bilm\u0259y\u0259c\u0259yini anlay\u0131rd\u0131. Ona g\u00f6r\u0259 o, \u00f6z\u00fcn\u00fc &#8220;\u0131l\u0131ml\u0131 islam&#8221; t\u0259r\u0259fdar\u0131 kimi g\u00f6st\u0259rm\u0259y\u0259 ba\u015flad\u0131 v\u0259 AKP-ni yaratd\u0131. AKP-nin is\u0259 \u0259sas siyasi h\u0259d\u0259fi &#8211; T\u00fcrkiy\u0259 siyasi meydan\u0131nda sa\u011f m\u0259rk\u0259z\u00e7i partiyalar\u0131 \u00e7\u00f6kd\u00fcrm\u0259k idi. AKP buna nail oldu. D\u00fcn\u0259n d\u0259, bu g\u00fcn d\u0259 AKP-nin se\u00e7kil\u0259rd\u0259 u\u011furunun \u0259sas s\u0259b\u0259bi sa\u011f m\u0259rk\u0259z\u00e7i partiyalar\u0131n (DYP, ANAP) \u00e7\u00f6km\u0259si v\u0259 olmamas\u0131d\u0131r. \u018frdo\u011fan qat\u0131ld\u0131\u011f\u0131 birinci se\u00e7kil\u0259rd\u0259 T\u00fcrkiy\u0259nin Avropa Birliyin\u0259 \u00fczv olaca\u011f\u0131n\u0131 v\u0259 AB il\u0259 dan\u0131\u015f\u0131qlar\u0131 davam etdir\u0259c\u0259yini demi\u015fdi. El\u0259 d\u0259 etdi. O, T\u00fcrkiy\u0259ni Avropada g\u00f6rm\u0259s\u0259 d\u0259, AB \u00fczvl\u00fcy\u00fcn\u00fc iki s\u0259b\u0259bd\u0259n d\u0259st\u0259kl\u0259di:\n<\/p>\n<p>\n  <i><br \/>\n    <b><br \/>\n      1. \u00d6z\u00fcn\u00fc d\u00fcny\u0259vi c\u00fcmhuriyy\u0259t t\u0259r\u0259fdar\u0131 kimi g\u00f6st\u0259rm\u0259k v\u0259 kamalistl\u0259rin s\u0259sini almaq \u00fc\u00e7\u00fcn<br \/>\n    <\/b><br \/>\n  <\/i>\n<\/p>\n<p>\n  <i><br \/>\n    <b><br \/>\n      2. &#8220;Kopenhagen kriteriyalar\u0131&#8221;n\u0131 \u0259ld\u0259 bayraq ed\u0259r\u0259k Ordunu z\u0259ifl\u0259tm\u0259k \u00fc\u00e7\u00fcn.<br \/>\n    <\/b><br \/>\n  <\/i>\n<\/p>\n<p>\n  Bildiyiniz kimi, AB-nin T\u00fcrkiy\u0259nin qar\u015f\u0131s\u0131na qoydu\u011fu \u015f\u0259rtl\u0259rd\u0259n biri ordunun siyas\u0259t\u0259 qar\u0131\u015fma mexanizml\u0259rinin aradan qald\u0131r\u0131lmas\u0131 idi.\n<\/p>\n<p>\n  Ordu h\u0259r zaman kamalistl\u0259rin \u0259lind\u0259 olub. Bir s\u00f6zl\u0259, \u018frdo\u011fan se\u00e7imd\u0259n-se\u00e7im\u0259 kamalistl\u0259ri kamalistl\u0259rin \u0259li il\u0259 vurdu. Bu i\u015fd\u0259 ona G\u00fcl\u0259n camaat\u0131 da yard\u0131m etdi. \u00c7\u00fcnki ikisinin d\u0259 m\u0259qs\u0259di eyni idi &#8211; d\u00fcny\u0259vi elitan\u0131 darmada\u011f\u0131n etm\u0259k. Bu arada d\u00fcny\u0259vi elitaya yax\u0131n media qurulu\u015flar\u0131 tam olaraq \u018frdo\u011fan\u0131n n\u0259zar\u0259tin\u0259 ke\u00e7ir, QHT-l\u0259r s\u0131x\u0131\u015fd\u0131r\u0131l\u0131r, MHP-y\u0259 se\u00e7ki komissiyas\u0131 vasit\u0259sil\u0259 m\u00fcdaxil\u0259l\u0259r edilir. G\u00fcl\u0259n camaat\u0131 da \u0259sas\u0259n, ordu, polis v\u0259 g\u00fcc strukturlar\u0131na s\u0131zma\u011fa ba\u015flad\u0131.\n<\/p>\n<p>\n  Hakimiyy\u0259tin n\u0259zar\u0259ti alt\u0131nda olmayan media qurulu\u015flar\u0131na yard\u0131m etm\u0259k ist\u0259y\u0259n i\u015f adamlar\u0131 s\u0131x\u0131\u015fd\u0131r\u0131l\u0131r, \u015firk\u0259tl\u0259r\u0259 yoxlamalar g\u0259lir v\u0259 x\u0259b\u0259rdarl\u0131qlar edilir. \u018frdo\u011fan\u0131 a\u00e7\u0131q \u015f\u0259kild\u0259 t\u0259nqid ed\u0259nl\u0259r\u0259 qar\u015f\u0131 m\u0259hk\u0259m\u0259 i\u015fl\u0259ri a\u00e7\u0131l\u0131r, onlara qeyri-r\u0259smi \u015f\u0259kild\u0259 h\u0259d\u0259- qorxu g\u0259lirl\u0259r. H\u0259tta mitinql\u0259rin birind\u0259 \u018frdo\u011fan\u0131 t\u0259nqid ed\u0259n v\u0259 simvolik olaraq ayaqqab\u0131 qutusu il\u0259 mitinq\u0259 g\u0259l\u0259n v\u0259t\u0259nda\u015f\u0131n evind\u0259n qumbara tap\u0131rlar&#8230; N\u0259 q\u0259d\u0259r ox\u015fard\u0131 biz\u0259&#8230;<br \/>\n  <br \/>\n  Prezident se\u00e7ildikd\u0259n sonra \u018frdo\u011fan a\u00e7\u0131q \u015f\u0259kild\u0259 &#8220;Ana Yasa&#8221;n\u0131 pozma\u011fa ba\u015flay\u0131r. Davudo\u011flunun ba\u015f nazir v\u0259zif\u0259sind\u0259n k\u0259narla\u015fd\u0131r\u0131lmas\u0131 \u0259slind\u0259 d\u00f6vl\u0259t \u00e7evrili\u015fidir. \u00c7\u00fcnki indiki &#8220;Ana Yasa&#8221;ya g\u00f6r\u0259 rezident siyas\u0259t\u0259 qar\u0131\u015fa bilm\u0259z. \u018frdo\u011fan is\u0259 &#8220;Ana Yasa&#8221; n\u0259inki bit\u0259r\u0259f qalm\u0131rd\u0131, h\u0259tta AKP-nin se\u00e7ki mitinql\u0259rini apar\u0131rd\u0131. \u00dcst\u0259lik, universitet diplomunun olub-olmamas\u0131 da ayr\u0131ca bir m\u00f6vzudur. \u00c7\u00fcnki diplom m\u00f6vzusu ciddi \u015f\u0259kild\u0259 ara\u015fd\u0131r\u0131lmad\u0131. Halbuki, \u00fczd\u0259 faktlar v\u0259 iddialar var. Bildiyiniz kimi, T\u00fcrkiy\u0259d\u0259 universitet diplomu olmayan \u015f\u0259xsin prezident se\u00e7ilm\u0259sin\u0259 qada\u011fa var.\n<\/p>\n<p>\n  Bir s\u00f6zl\u0259, \u00e7evrili\u015f c\u0259hdind\u0259n \u0259vv\u0259l media, parlament, polis, \u00f6z\u00fc d\u0259 &#8220;Ana Yasa&#8221;ya, parlament respublikas\u0131na zidd olaraq bir n\u0259f\u0259rin n\u0259zar\u0259ti alt\u0131na ke\u00e7di. Lakin \u018frdo\u011fan d\u00fcn\u0259n &#8220;hoca&#8221; dediyi G\u00fcl\u0259ni saymama\u011fa, \u00f6z\u00fcn\u00fc Atat\u00fcrk\u00fcn yerin\u0259 oturtma\u011fa ba\u015flad\u0131. \u00c7\u00fcnki n\u0259zar\u0259tsiz hakimliyin yolu t\u0259khakimiyy\u0259tliliy\u0259 do\u011fru apar\u0131r. \u00dcst\u0259lik, Atat\u00fcrk\u00fcn yerini tutmaq ist\u0259y\u0259n ba\u015fqa biri d\u0259 vard\u0131. Bir s\u00f6zl\u0259, hakimiyy\u0259t daxilind\u0259 maraqlar toqqu\u015fdu.\n<\/p>\n<p>\n  <i><br \/>\n    H\u0259rbi \u00e7evrili\u015f c\u0259hdi<br \/>\n  <\/i>\n<\/p>\n<p>\n  &#8220;15 Temmuz Darbe&#8221; c\u0259hdi &#8211; hakimiyy\u0259td\u0259 olan iki dini \u00e7evr\u0259 aras\u0131nda olan qar\u015f\u0131durman\u0131n n\u0259tic\u0259sidir. B\u00f6y\u00fck ehtimal \u018frdo\u011fan\u0131n bu haqda \u0259vv\u0259lc\u0259d\u0259n m\u0259lumat\u0131 vard\u0131 v\u0259 \u00e7evrili\u015f\u0259 c\u0259hd ed\u0259nl\u0259ri yax\u015f\u0131ca oyuna g\u0259tirdi. \u00c7\u00fcnki \u00e7evrili\u015f bel\u0259 olmur. \u00c7evrili\u015fi ax\u015fama yax\u0131n yox, gec\u0259, h\u0259r k\u0259s yatd\u0131\u011f\u0131 zaman ed\u0259rl\u0259r. \u00c7evrili\u015fd\u0259 ilk n\u00f6vb\u0259d\u0259 prezidenti, ba\u015f naziri, b\u00fct\u00fcn nazirl\u0259ri h\u0259bs ed\u0259rl\u0259r. \u00c7evrili\u015fd\u0259 median\u0131 tamamil\u0259 qapadarlar. Yaln\u0131z i\u015f bitdikd\u0259n sonra tanklar\u0131 k\u00fc\u00e7\u0259y\u0259 \u00e7\u0131xararlar. S\u0259h\u0259r d\u0259 v\u0259ziyy\u0259ti \u0259haliy\u0259 elan ed\u0259rl\u0259r. T\u00fcrkiy\u0259 tarixind\u0259 edil\u0259n 4 \u00e7evrili\u015f haqq\u0131nda t\u0259bii ki, m\u0259lumat\u0131 olan zabitl\u0259r bel\u0259 ed\u0259rdil\u0259r. G\u00f6r\u00fcn\u00fcr ki, i\u015fl\u0259r ist\u0259dikl\u0259ri kimi getm\u0259yib. Vaxt g\u0259l\u0259c\u0259k bunlar\u0131n \u00fcst\u00fc tam a\u00e7\u0131lacaq, \u00e7evrili\u015fin b\u00fct\u00fcn detallar\u0131 tarix kitablar\u0131na yaz\u0131lacaq. Bu g\u00fcn biz is\u0259 yaln\u0131z faktdan, y\u0259ni u\u011fursuz h\u0259rbi \u00e7evrili\u015f c\u0259hdind\u0259n sonrak\u0131 v\u0259ziyy\u0259td\u0259n dan\u0131\u015fmal\u0131y\u0131q. \u00c7evrili\u015f c\u0259hdind\u0259n sonra \u018frdo\u011fan\u0131n dini \u00e7evr\u0259d\u0259 r\u0259qibi qalmad\u0131. \u018fn \u0259sas\u0131, hakimiyy\u0259t daxilind\u0259, g\u00fcc strukturlar\u0131nda hakimiyy\u0259ti tam n\u0259zar\u0259t alt\u0131na almaq imkan\u0131 yarand\u0131. \u018frdo\u011fan bunu da indi etm\u0259kd\u0259dir. Yaln\u0131z g\u00fcc strukturlar\u0131nda deyil, b\u00fct\u00fcn sah\u0259l\u0259rd\u0259, b\u00fct\u00fcn T\u00fcrkiy\u0259d\u0259.\n<\/p>\n<p>\n  Cevrili\u015f c\u0259hdind\u0259 \u00e7ox \u00f6n\u0259mli bir m\u0259qam vard\u0131. O da &#8220;TRT 1&#8221;-d\u0259 &#8220;darbecil\u0259rin&#8221; &#8220;Yurtta Sulh Konseyi&#8221; ad\u0131ndan verdikl\u0259ri b\u0259yanat idi. N\u0259dir &#8220;yurtta sulh&#8221;? \u00d6zl\u0259rinin d\u0259 dediyi kimi bu, Atat\u00fcrk\u00fcn &#8220;Yurtta Sulh, Cihanda Sulh&#8221; prinsipidir! Bu b\u0259yanat tamamil\u0259 d\u00fcny\u0259vi v\u0259 demokratik c\u00fcmhuriyy\u0259tin prinsipl\u0259rini \u00f6z\u00fcnd\u0259 \u0259ks etdir\u0259n, kamalist d\u00fcnya g\u00f6r\u00fc\u015f\u00fcn\u0259 &#8220;hakimiyy\u0259t b\u00f6lg\u00fcs\u00fcn\u00fc&#8221; \u0259lav\u0259 edib mill\u0259t\u0259 elan olunan, \u018frdo\u011fandan \u0259vv\u0259lki T\u00fcrkiy\u0259nin b\u0259yan\u0131 idi. Niy\u0259 g\u00fcl\u0259n\u00e7il\u0259r bel\u0259 etdil\u0259r? \u00c7\u00fcnki dediyim kimi T\u00fcrkiy\u0259nin 65-70 faizi atat\u00fcrk\u00e7\u00fcd\u00fcr! Siyas\u0259t\u0259 gir\u0259n ist\u0259nil\u0259n qrupun atat\u00fcrk\u00e7\u00fcl\u0259rin s\u0259sin\u0259, m\u00fcxalif partiyalar\u0131n d\u0259st\u0259yin\u0259 ehtiyac\u0131 var. Bunu &#8220;alt\u0131n\u0131 \u00e7iz\u0259r\u0259k&#8221; qeyd etm\u0259k ist\u0259yir\u0259m!\n<\/p>\n<p>\n  <i><br \/>\n    H\u0259rbi \u00e7evrili\u015fd\u0259n sonra T\u00fcrkiy\u0259<br \/>\n  <\/i>\n<\/p>\n<p>\n  Bu g\u00fcn T\u00fcrkiy\u0259 m\u00fcxalif\u0259ti &#8211; \u00f6lk\u0259d\u0259 tam avtoritar rejimin formala\u015fmas\u0131n\u0131n qar\u015f\u0131s\u0131nda t\u0259\u015fkilat\u0131-ideoloji baryerdir. Bunu a\u015fandan sonra sonuncu institutsional baryer, T\u00fcrkiy\u0259 B\u00f6y\u00fck Mill\u0259t M\u0259clisi bir n\u0259f\u0259rin n\u0259zar\u0259ti alt\u0131na ke\u00e7\u0259 bil\u0259r. Lakin bu g\u00fcn \u018frdo\u011fan\u0131n da kamalistl\u0259r\u0259 ehtiyac\u0131 var. &#8221; Ergenekon\u00e7ular&#8221;\u0131n azadl\u0131\u011fa burax\u0131lmas\u0131, Yenikap\u0131 Mitinqi &#8211; atat\u00fcrk\u00e7\u00fcl\u00fcy\u00fcn g\u00fcc\u00fcn\u00fcn etiraf\u0131 idi! H\u0259m bu mitinq, h\u0259m g\u00fcl\u0259n\u00e7i &#8220;darbeci&#8221;l\u0259rin b\u0259yanat\u0131 onu g\u00f6st\u0259rdi ki, \u00fcr\u0259kl\u0259rind\u0259 Atat\u00fcrk\u0259 qar\u015f\u0131 olsalar da, amma onlar h\u0259tta Atat\u00fcrk\u00fcn k\u00f6lg\u0259sind\u0259n bel\u0259 \u00e7\u0131xa bilm\u0259yibl\u0259r. Lakin h\u0259l\u0259 ki&#8230;\n<\/p>\n<p>\n  M\u00fcxalif\u0259tin qar\u015f\u0131s\u0131nda bu g\u00fcn bir m\u0259s\u0259l\u0259 durur &#8211; parlament se\u00e7kil\u0259rind\u0259 qalib g\u0259lm\u0259k. Ehtimal edir\u0259m ki, n\u00f6vb\u0259ti se\u00e7kil\u0259rd\u0259 art\u0131q saxtakarl\u0131q faktlar\u0131 \u00e7ox olacaq. M\u00fcxalif\u0259t buna da haz\u0131r olmal\u0131d\u0131r. \u018fks t\u0259qdird\u0259, parlamentd\u0259n Prezident Respublikas\u0131 \u00e7\u0131xacaq v\u0259 \u018frdo\u011fan siyasi s\u0259lahiyy\u0259ti (art\u0131q &#8220;Ana Yasa&#8221;n\u0131 pozma\u011fa ehtiyac olmayacaq!) olan d\u00f6vl\u0259t ba\u015f\u00e7\u0131s\u0131 olacaq, formal olaraq parlamentd\u0259n v\u0259 parlament se\u00e7kil\u0259rind\u0259n as\u0131l\u0131 olmayacaq.\n<\/p>\n<p>\n  <i><br \/>\n    N\u0259tic\u0259<br \/>\n  <\/i>\n<\/p>\n<p>\n  \u018frdo\u011fan s\u00fcbut etdi ki, Parlament Respublikalar\u0131nda da avtoritarizm m\u00fcmk\u00fcnd\u00fcr. Avtoritarizmd\u0259n n\u0259 parlamentli sistem, n\u0259 d\u0259 ba\u015fqanl\u0131q sistemi s\u0131\u011fortalan\u0131b. Atat\u00fcrk T\u00fcrkiy\u0259nin d\u00fcny\u0259viliyini, c\u00fcmhuriyy\u0259t\u00e7iliyini s\u0131\u011fortalamaq, qorumaq \u00fc\u00e7\u00fcn ordunu siyasil\u0259r \u00fcz\u0259rind\u0259 n\u0259zar\u0259t\u00e7i etmi\u015fdi. Bug\u00fcnk\u00fc &#8220;Ana Yasa&#8221; \u0259slind\u0259 m\u0259hz ordunun q\u0259l\u0259mind\u0259n \u00e7\u0131xm\u0131\u015f &#8220;Ana Yasa&#8221;d\u0131r. Son on ilin T\u00fcrkiy\u0259si g\u00f6st\u0259rdi ki, Atat\u00fcrk tam do\u011fru d\u00fc\u015f\u00fcnm\u00fc\u015fd\u00fc. Demokratik \u0259n\u0259n\u0259, c\u00fcmhuriyy\u0259t\u00e7ilik t\u0259cr\u00fcb\u0259sinin olmad\u0131\u011f\u0131 m\u00fcs\u0259lman \u00f6lk\u0259l\u0259rind\u0259 sistem \u00fcz\u0259rind\u0259 proqressiv institutun \u00f6n\u0259mi b\u00f6y\u00fckd\u00fcr. T\u00fcrkiy\u0259d\u0259 bu missiya ordunun \u00fcz\u0259rind\u0259 idi. \u0130ndi bu institut ciddi \u015f\u0259kild\u0259 z\u0259d\u0259l\u0259nib.<br \/>\n  <br \/>\n  T\u00fcrkiy\u0259d\u0259ki hadis\u0259l\u0259r s\u00fcbut etdi ki, m\u00fcs\u0259lman \u00f6lk\u0259l\u0259rind\u0259 c\u00fcmhuriyy\u0259ti, demokratiyan\u0131 v\u0259 d\u00fcny\u0259viliyi qorumaq \u00fc\u00e7\u00fcn yaln\u0131z sistem \u00fcz\u0259rind\u0259 ke\u015fik\u00e7i proqressiv institutun olmas\u0131 yet\u0259rli deyil. T\u00fcrkiy\u0259nin indiki v\u0259ziyy\u0259t\u0259 g\u0259lm\u0259sinin g\u00fcnah\u0131n\u0131 yaln\u0131z \u018frdo\u011fanda axtarmaq sad\u0259l\u00f6hvl\u00fckd\u00fcr. T\u00fcrk siyas\u0259tinin \u0259n ba\u015fl\u0131ca problemi siyas\u0259t\u00e7il\u0259rin n\u0259yin bahas\u0131na olursa olsun, siyas\u0259td\u0259 qalmaq ist\u0259yidir. Bax\u00e7al\u0131 art\u0131q 20 il\u0259 yax\u0131nd\u0131r ki, MHP ba\u015fqan\u0131d\u0131r. K\u0131l\u0131cdaro\u011flu ne\u00e7\u0259 se\u00e7kidir ki, uduzur. Amma partiya s\u0259drliyind\u0259n getm\u0259k ist\u0259mir. \u018frdo\u011fan\u0131 \u018frdo\u011fan ed\u0259n bu m\u00fcxalif\u0259t olub. Ordunun da g\u00fcnah\u0131 ondad\u0131r ki, &#8220;Ana Yasa&#8221;da siyas\u0259t\u00e7il\u0259r \u00fc\u00e7\u00fcn siyas\u0259td\u0259 qalma m\u0259hdudiyy\u0259tini t\u0259sbit etm\u0259yibl\u0259r. Sistem n\u0259 olursa olsun, bir \u015f\u0259xs iki m\u00fcdd\u0259td\u0259n art\u0131q ba\u015f nazir, prezident v\u0259 h\u0259tta partiya s\u0259dri olmamal\u0131d\u0131r.\n<\/p>\n<p>\n  Atat\u00fcrk t\u00fcrkl\u0259rin &#8220;matritsa&#8221;s\u0131n\u0131 d\u0259yi\u015fm\u0259k ist\u0259mi\u015fdi. Bu m\u0259s\u0259l\u0259d\u0259 o, 60-70 faiz u\u011fur \u0259ld\u0259 edib. Lakin bu g\u00fcn \u018frdo\u011fan s\u00fcbut etm\u0259k ist\u0259yir ki, m\u00fcs\u0259lman \u00f6lk\u0259sind\u0259 demokratiya m\u00fcmk\u00fcn deyil. Bu is\u0259 art\u0131q qlobal m\u00f6vzudur v\u0259 T\u00fcrkiy\u0259nin s\u0259rh\u0259dl\u0259rini a\u015f\u0131r. T\u00fcrkiy\u0259 bir daha s\u00fcbut etm\u0259lidir ki, m\u00fcs\u0259lman \u00f6lk\u0259sind\u0259 demokratiya m\u00fcmk\u00fcnd\u00fcr. T\u00fcrkiy\u0259nin qlobal \u00f6n\u0259mi bundad\u0131r. T\u00fcrkiy\u0259 demokratik olmasa, bizim d\u0259 demokratik olmaq \u015fans\u0131m\u0131z az olacaq. B\u00f6lg\u0259mizd\u0259n iki g\u00fccd\u0259n biri, ya T\u00fcrkiy\u0259, ya Rusiya demokratik olmal\u0131d\u0131r ki, bizim d\u0259 bel\u0259 bir \u015fans\u0131m\u0131z olsun. T\u00fcrkiy\u0259 il\u0259 bizi yaln\u0131z etnik ba\u011flar ba\u011flamamal\u0131d\u0131r. Bizi o c\u00fcml\u0259d\u0259n, d\u0259 demokratik, d\u00fcny\u0259vi c\u00fcmhuriyy\u0259t d\u0259y\u0259rl\u0259ri ba\u011flamal\u0131d\u0131r!\n<\/p>\n<p>\n  T\u00fcrkiy\u0259 m\u00fcxalif\u0259tin\u0259 u\u011furlar! Yenil\u0259ns\u0259l\u0259r, m\u0259nc\u0259, onlarda al\u0131nacaq, \u00e7\u00fcnki Atat\u00fcrk onlar\u0131n \u0259v\u0259zin\u0259 i\u015fin 70 faizini g\u00f6r\u00fcb!\n<\/p><\/p>\n","protected":false},"excerpt":{"rendered":"<p>A\u00e7\u0131\u011f\u0131, bu yaz\u0131n\u0131 yazmaq ist\u0259mirdim. S\u0259b\u0259bl\u0259ri \u00e7oxdur. Lakin g\u0259ncl\u0259r \u00e7ox &#8230; <\/p>\n<p class=\"read-more-container\"><a title=\"T\u00fcrkiy\u0259 bar\u0259sind\u0259\" class=\"read-more button\" href=\"https:\/\/www.meydan.tv\/az\/article\/turkiye-baresinde\/#more-178077\" aria-label=\"Read more about T\u00fcrkiy\u0259 bar\u0259sind\u0259\">Davam\u0131<\/a><\/p>\n","protected":false},"author":11,"featured_media":65163,"comment_status":"closed","ping_status":"open","sticky":false,"template":"","format":"standard","meta":{"_acf_changed":false,"_sitemap_exclude":false,"_sitemap_priority":"","_sitemap_frequency":"","footnotes":""},"categories":[51],"tags":[],"class_list":["post-178077","post","type-post","status-publish","format-standard","has-post-thumbnail","hentry","category-analitika","infinite-scroll-item","generate-columns","tablet-grid-50","mobile-grid-100","grid-parent","grid-33","no-featured-image-padding"],"acf":[],"yoast_head":"<!-- This site is optimized with the Yoast SEO plugin v27.5 - https:\/\/yoast.com\/product\/yoast-seo-wordpress\/ -->\n<title>T\u00fcrkiy\u0259 bar\u0259sind\u0259 - MEYDAN.TV<\/title>\n<meta name=\"robots\" content=\"index, follow, max-snippet:-1, max-image-preview:large, max-video-preview:-1\" \/>\n<link rel=\"canonical\" href=\"https:\/\/www.meydan.tv\/az\/article\/turkiye-baresinde\/\" \/>\n<meta property=\"og:locale\" content=\"az_AZ\" \/>\n<meta property=\"og:type\" content=\"article\" \/>\n<meta property=\"og:title\" content=\"T\u00fcrkiy\u0259 bar\u0259sind\u0259 - MEYDAN.TV\" \/>\n<meta property=\"og:description\" content=\"A\u00e7\u0131\u011f\u0131, bu yaz\u0131n\u0131 yazmaq ist\u0259mirdim. S\u0259b\u0259bl\u0259ri \u00e7oxdur. Lakin g\u0259ncl\u0259r \u00e7ox ... Davam\u0131\" \/>\n<meta property=\"og:url\" content=\"https:\/\/www.meydan.tv\/az\/article\/turkiye-baresinde\/\" \/>\n<meta property=\"og:site_name\" content=\"MEYDAN.TV\" \/>\n<meta property=\"article:published_time\" content=\"2016-08-11T14:51:43+00:00\" \/>\n<meta property=\"og:image\" content=\"https:\/\/www.meydan.tv\/wp-content\/uploads\/24865.jpg\" \/>\n\t<meta property=\"og:image:width\" content=\"636\" \/>\n\t<meta property=\"og:image:height\" content=\"500\" \/>\n\t<meta property=\"og:image:type\" content=\"image\/jpeg\" \/>\n<meta name=\"author\" content=\"user-manager\" \/>\n<meta name=\"twitter:card\" content=\"summary_large_image\" \/>\n<script type=\"application\/ld+json\" class=\"yoast-schema-graph\">{\"@context\":\"https:\\\/\\\/schema.org\",\"@graph\":[{\"@type\":\"Article\",\"@id\":\"https:\\\/\\\/www.meydan.tv\\\/az\\\/article\\\/turkiye-baresinde\\\/#article\",\"isPartOf\":{\"@id\":\"https:\\\/\\\/www.meydan.tv\\\/az\\\/article\\\/turkiye-baresinde\\\/\"},\"author\":{\"name\":\"user-manager\",\"@id\":\"https:\\\/\\\/www.meydan.tv\\\/az\\\/#\\\/schema\\\/person\\\/10d11eccf6da3662cf5fdab9806ea91a\"},\"headline\":\"T\u00fcrkiy\u0259 bar\u0259sind\u0259\",\"datePublished\":\"2016-08-11T14:51:43+00:00\",\"mainEntityOfPage\":{\"@id\":\"https:\\\/\\\/www.meydan.tv\\\/az\\\/article\\\/turkiye-baresinde\\\/\"},\"wordCount\":2334,\"publisher\":{\"@id\":\"https:\\\/\\\/www.meydan.tv\\\/az\\\/#organization\"},\"image\":{\"@id\":\"https:\\\/\\\/www.meydan.tv\\\/az\\\/article\\\/turkiye-baresinde\\\/#primaryimage\"},\"thumbnailUrl\":\"https:\\\/\\\/www.meydan.tv\\\/wp-content\\\/uploads\\\/24865.jpg\",\"articleSection\":[\"Analitika\"],\"inLanguage\":\"az\"},{\"@type\":\"WebPage\",\"@id\":\"https:\\\/\\\/www.meydan.tv\\\/az\\\/article\\\/turkiye-baresinde\\\/\",\"url\":\"https:\\\/\\\/www.meydan.tv\\\/az\\\/article\\\/turkiye-baresinde\\\/\",\"name\":\"T\u00fcrkiy\u0259 bar\u0259sind\u0259 - MEYDAN.TV\",\"isPartOf\":{\"@id\":\"https:\\\/\\\/www.meydan.tv\\\/az\\\/#website\"},\"primaryImageOfPage\":{\"@id\":\"https:\\\/\\\/www.meydan.tv\\\/az\\\/article\\\/turkiye-baresinde\\\/#primaryimage\"},\"image\":{\"@id\":\"https:\\\/\\\/www.meydan.tv\\\/az\\\/article\\\/turkiye-baresinde\\\/#primaryimage\"},\"thumbnailUrl\":\"https:\\\/\\\/www.meydan.tv\\\/wp-content\\\/uploads\\\/24865.jpg\",\"datePublished\":\"2016-08-11T14:51:43+00:00\",\"breadcrumb\":{\"@id\":\"https:\\\/\\\/www.meydan.tv\\\/az\\\/article\\\/turkiye-baresinde\\\/#breadcrumb\"},\"inLanguage\":\"az\",\"potentialAction\":[{\"@type\":\"ReadAction\",\"target\":[\"https:\\\/\\\/www.meydan.tv\\\/az\\\/article\\\/turkiye-baresinde\\\/\"]}]},{\"@type\":\"ImageObject\",\"inLanguage\":\"az\",\"@id\":\"https:\\\/\\\/www.meydan.tv\\\/az\\\/article\\\/turkiye-baresinde\\\/#primaryimage\",\"url\":\"https:\\\/\\\/www.meydan.tv\\\/wp-content\\\/uploads\\\/24865.jpg\",\"contentUrl\":\"https:\\\/\\\/www.meydan.tv\\\/wp-content\\\/uploads\\\/24865.jpg\",\"width\":636,\"height\":500,\"caption\":\"Source:\"},{\"@type\":\"BreadcrumbList\",\"@id\":\"https:\\\/\\\/www.meydan.tv\\\/az\\\/article\\\/turkiye-baresinde\\\/#breadcrumb\",\"itemListElement\":[{\"@type\":\"ListItem\",\"position\":1,\"name\":\"Ana s\u0259hif\u0259\",\"item\":\"https:\\\/\\\/www.meydan.tv\\\/az\\\/\"},{\"@type\":\"ListItem\",\"position\":2,\"name\":\"Analitika\",\"item\":\"https:\\\/\\\/www.meydan.tv\\\/az\\\/section\\\/analitika\\\/\"},{\"@type\":\"ListItem\",\"position\":3,\"name\":\"T\u00fcrkiy\u0259 bar\u0259sind\u0259\"}]},{\"@type\":\"WebSite\",\"@id\":\"https:\\\/\\\/www.meydan.tv\\\/az\\\/#website\",\"url\":\"https:\\\/\\\/www.meydan.tv\\\/az\\\/\",\"name\":\"MEYDAN.TV\",\"description\":\"Meydan TV Az\u0259rbaycan\u0131n media m\u0259kan\u0131ndak\u0131 alternativ s\u0259sidir\",\"publisher\":{\"@id\":\"https:\\\/\\\/www.meydan.tv\\\/az\\\/#organization\"},\"potentialAction\":[{\"@type\":\"SearchAction\",\"target\":{\"@type\":\"EntryPoint\",\"urlTemplate\":\"https:\\\/\\\/www.meydan.tv\\\/az\\\/?s={search_term_string}\"},\"query-input\":{\"@type\":\"PropertyValueSpecification\",\"valueRequired\":true,\"valueName\":\"search_term_string\"}}],\"inLanguage\":\"az\"},{\"@type\":\"Organization\",\"@id\":\"https:\\\/\\\/www.meydan.tv\\\/az\\\/#organization\",\"name\":\"Meydan TV\",\"url\":\"https:\\\/\\\/www.meydan.tv\\\/az\\\/\",\"logo\":{\"@type\":\"ImageObject\",\"inLanguage\":\"az\",\"@id\":\"https:\\\/\\\/www.meydan.tv\\\/az\\\/#\\\/schema\\\/logo\\\/image\\\/\",\"url\":\"https:\\\/\\\/www.meydan.tv\\\/wp-content\\\/uploads\\\/2021\\\/07\\\/meydan-logo.svg\",\"contentUrl\":\"https:\\\/\\\/www.meydan.tv\\\/wp-content\\\/uploads\\\/2021\\\/07\\\/meydan-logo.svg\",\"width\":195,\"height\":46,\"caption\":\"Meydan TV\"},\"image\":{\"@id\":\"https:\\\/\\\/www.meydan.tv\\\/az\\\/#\\\/schema\\\/logo\\\/image\\\/\"}},{\"@type\":\"Person\",\"@id\":\"https:\\\/\\\/www.meydan.tv\\\/az\\\/#\\\/schema\\\/person\\\/10d11eccf6da3662cf5fdab9806ea91a\",\"name\":\"user-manager\"}]}<\/script>\n<!-- \/ Yoast SEO plugin. -->","yoast_head_json":{"title":"T\u00fcrkiy\u0259 bar\u0259sind\u0259 - MEYDAN.TV","robots":{"index":"index","follow":"follow","max-snippet":"max-snippet:-1","max-image-preview":"max-image-preview:large","max-video-preview":"max-video-preview:-1"},"canonical":"https:\/\/www.meydan.tv\/az\/article\/turkiye-baresinde\/","og_locale":"az_AZ","og_type":"article","og_title":"T\u00fcrkiy\u0259 bar\u0259sind\u0259 - MEYDAN.TV","og_description":"A\u00e7\u0131\u011f\u0131, bu yaz\u0131n\u0131 yazmaq ist\u0259mirdim. S\u0259b\u0259bl\u0259ri \u00e7oxdur. Lakin g\u0259ncl\u0259r \u00e7ox ... Davam\u0131","og_url":"https:\/\/www.meydan.tv\/az\/article\/turkiye-baresinde\/","og_site_name":"MEYDAN.TV","article_published_time":"2016-08-11T14:51:43+00:00","og_image":[{"width":636,"height":500,"url":"https:\/\/www.meydan.tv\/wp-content\/uploads\/24865.jpg","type":"image\/jpeg"}],"author":"user-manager","twitter_card":"summary_large_image","schema":{"@context":"https:\/\/schema.org","@graph":[{"@type":"Article","@id":"https:\/\/www.meydan.tv\/az\/article\/turkiye-baresinde\/#article","isPartOf":{"@id":"https:\/\/www.meydan.tv\/az\/article\/turkiye-baresinde\/"},"author":{"name":"user-manager","@id":"https:\/\/www.meydan.tv\/az\/#\/schema\/person\/10d11eccf6da3662cf5fdab9806ea91a"},"headline":"T\u00fcrkiy\u0259 bar\u0259sind\u0259","datePublished":"2016-08-11T14:51:43+00:00","mainEntityOfPage":{"@id":"https:\/\/www.meydan.tv\/az\/article\/turkiye-baresinde\/"},"wordCount":2334,"publisher":{"@id":"https:\/\/www.meydan.tv\/az\/#organization"},"image":{"@id":"https:\/\/www.meydan.tv\/az\/article\/turkiye-baresinde\/#primaryimage"},"thumbnailUrl":"https:\/\/www.meydan.tv\/wp-content\/uploads\/24865.jpg","articleSection":["Analitika"],"inLanguage":"az"},{"@type":"WebPage","@id":"https:\/\/www.meydan.tv\/az\/article\/turkiye-baresinde\/","url":"https:\/\/www.meydan.tv\/az\/article\/turkiye-baresinde\/","name":"T\u00fcrkiy\u0259 bar\u0259sind\u0259 - MEYDAN.TV","isPartOf":{"@id":"https:\/\/www.meydan.tv\/az\/#website"},"primaryImageOfPage":{"@id":"https:\/\/www.meydan.tv\/az\/article\/turkiye-baresinde\/#primaryimage"},"image":{"@id":"https:\/\/www.meydan.tv\/az\/article\/turkiye-baresinde\/#primaryimage"},"thumbnailUrl":"https:\/\/www.meydan.tv\/wp-content\/uploads\/24865.jpg","datePublished":"2016-08-11T14:51:43+00:00","breadcrumb":{"@id":"https:\/\/www.meydan.tv\/az\/article\/turkiye-baresinde\/#breadcrumb"},"inLanguage":"az","potentialAction":[{"@type":"ReadAction","target":["https:\/\/www.meydan.tv\/az\/article\/turkiye-baresinde\/"]}]},{"@type":"ImageObject","inLanguage":"az","@id":"https:\/\/www.meydan.tv\/az\/article\/turkiye-baresinde\/#primaryimage","url":"https:\/\/www.meydan.tv\/wp-content\/uploads\/24865.jpg","contentUrl":"https:\/\/www.meydan.tv\/wp-content\/uploads\/24865.jpg","width":636,"height":500,"caption":"Source:"},{"@type":"BreadcrumbList","@id":"https:\/\/www.meydan.tv\/az\/article\/turkiye-baresinde\/#breadcrumb","itemListElement":[{"@type":"ListItem","position":1,"name":"Ana s\u0259hif\u0259","item":"https:\/\/www.meydan.tv\/az\/"},{"@type":"ListItem","position":2,"name":"Analitika","item":"https:\/\/www.meydan.tv\/az\/section\/analitika\/"},{"@type":"ListItem","position":3,"name":"T\u00fcrkiy\u0259 bar\u0259sind\u0259"}]},{"@type":"WebSite","@id":"https:\/\/www.meydan.tv\/az\/#website","url":"https:\/\/www.meydan.tv\/az\/","name":"MEYDAN.TV","description":"Meydan TV Az\u0259rbaycan\u0131n media m\u0259kan\u0131ndak\u0131 alternativ s\u0259sidir","publisher":{"@id":"https:\/\/www.meydan.tv\/az\/#organization"},"potentialAction":[{"@type":"SearchAction","target":{"@type":"EntryPoint","urlTemplate":"https:\/\/www.meydan.tv\/az\/?s={search_term_string}"},"query-input":{"@type":"PropertyValueSpecification","valueRequired":true,"valueName":"search_term_string"}}],"inLanguage":"az"},{"@type":"Organization","@id":"https:\/\/www.meydan.tv\/az\/#organization","name":"Meydan TV","url":"https:\/\/www.meydan.tv\/az\/","logo":{"@type":"ImageObject","inLanguage":"az","@id":"https:\/\/www.meydan.tv\/az\/#\/schema\/logo\/image\/","url":"https:\/\/www.meydan.tv\/wp-content\/uploads\/2021\/07\/meydan-logo.svg","contentUrl":"https:\/\/www.meydan.tv\/wp-content\/uploads\/2021\/07\/meydan-logo.svg","width":195,"height":46,"caption":"Meydan TV"},"image":{"@id":"https:\/\/www.meydan.tv\/az\/#\/schema\/logo\/image\/"}},{"@type":"Person","@id":"https:\/\/www.meydan.tv\/az\/#\/schema\/person\/10d11eccf6da3662cf5fdab9806ea91a","name":"user-manager"}]}},"_links":{"self":[{"href":"https:\/\/www.meydan.tv\/az\/wp-json\/wp\/v2\/posts\/178077","targetHints":{"allow":["GET"]}}],"collection":[{"href":"https:\/\/www.meydan.tv\/az\/wp-json\/wp\/v2\/posts"}],"about":[{"href":"https:\/\/www.meydan.tv\/az\/wp-json\/wp\/v2\/types\/post"}],"author":[{"embeddable":true,"href":"https:\/\/www.meydan.tv\/az\/wp-json\/wp\/v2\/users\/11"}],"replies":[{"embeddable":true,"href":"https:\/\/www.meydan.tv\/az\/wp-json\/wp\/v2\/comments?post=178077"}],"version-history":[{"count":0,"href":"https:\/\/www.meydan.tv\/az\/wp-json\/wp\/v2\/posts\/178077\/revisions"}],"wp:featuredmedia":[{"embeddable":true,"href":"https:\/\/www.meydan.tv\/az\/wp-json\/wp\/v2\/media\/65163"}],"wp:attachment":[{"href":"https:\/\/www.meydan.tv\/az\/wp-json\/wp\/v2\/media?parent=178077"}],"wp:term":[{"taxonomy":"category","embeddable":true,"href":"https:\/\/www.meydan.tv\/az\/wp-json\/wp\/v2\/categories?post=178077"},{"taxonomy":"post_tag","embeddable":true,"href":"https:\/\/www.meydan.tv\/az\/wp-json\/wp\/v2\/tags?post=178077"}],"curies":[{"name":"wp","href":"https:\/\/api.w.org\/{rel}","templated":true}]}}