{"id":178067,"date":"2016-08-10T20:05:41","date_gmt":"2016-08-10T20:05:41","guid":{"rendered":"https:\/\/www.meydan.tv\/article\/isterdim-onun-aqibeti-de-beser-esedin-aqibetine-cevrilmesin\/"},"modified":"2016-08-10T20:05:41","modified_gmt":"2016-08-10T20:05:41","slug":"isterdim-onun-aqibeti-de-beser-esedin-aqibetine-cevrilmesin","status":"publish","type":"post","link":"https:\/\/www.meydan.tv\/az\/article\/isterdim-onun-aqibeti-de-beser-esedin-aqibetine-cevrilmesin\/","title":{"rendered":"\u0130st\u0259rdim onun aqib\u0259ti d\u0259 B\u0259\u015f\u0259r \u018fs\u0259din aqib\u0259tin\u0259 \u00e7evrilm\u0259sin"},"content":{"rendered":"<figure class=\"wp-block-image size-large\">\n  <img decoding=\"async\" src=\"https:\/\/www.meydan.tv\/az\/65151\/\" alt=\"\" class=\"wp-image-65151\"\/><figcaption><\/figcaption><\/figure>\n<p>\n  <i><br \/>\n    &#8221;Az\u0259rbaycan Respublikas\u0131 Konstitusiyas\u0131nda d\u0259yi\u015fiklik edilm\u0259si haqq\u0131nda&#8221; referendum akt\u0131 layih\u0259sin\u0259 ilk n\u00f6vb\u0259d\u0259 Konstitusiyan\u0131n mahiyy\u0259ti bax\u0131m\u0131ndan qiym\u0259t verm\u0259k laz\u0131md\u0131r<br \/>\n  <\/i>\n<\/p>\n<p>\n  M\u0259lumdur ki, Konstitusiya m\u0259hz \u00f6z mahiyy\u0259t \u0259lam\u0259tl\u0259rin\u0259 g\u00f6r\u0259 normativ h\u00fcquqi aktlar sistemind\u0259 x\u00fcsusi yer tutur; m\u0259hz Konstitusiya milli m\u00fcst\u0259qilliyi \u0259ks etdir\u0259n \u0259n y\u00fcks\u0259k h\u00fcquqi aktd\u0131r; m\u0259hz Konstitusiya xalq\u0131 siyasi sistemin yeni n\u00fcmay\u0259nd\u0259si kimi, yegan\u0259 suveren s\u0259viyy\u0259sin\u0259 qald\u0131ran h\u00fcquqi s\u0259n\u0259ddir; m\u0259hz Konstitusiya hakimiyy\u0259tin b\u00fct\u00fcn qollar\u0131, v\u0259t\u0259nda\u015flar, ictimai birlikl\u0259r, c\u0259miyy\u0259tin siyasi sisteminin h\u0259lq\u0259l\u0259ri \u00fc\u00e7\u00fcn r\u0259hb\u0259r ba\u015flan\u011f\u0131clar, \u00fcmumi sosial t\u0259l\u0259bl\u0259r kimi \u00fcmumi h\u00fcquqi prinsipl\u0259ri m\u00fc\u0259yy\u0259n edir; m\u0259hz Konstitusiyada siyasi hakimiyy\u0259tin formalar\u0131 v\u0259 onun h\u0259ddl\u0259ri, c\u0259miyy\u0259tin t\u0259\u015fkilinin h\u00fcquqi prinsipl\u0259ri m\u00fc\u0259yy\u0259n edilir. Bu prinsipl\u0259rd\u0259n do\u011fan t\u0259l\u0259bl\u0259r is\u0259 d\u0259yi\u015film\u0259k proseduras\u0131 asan olan dig\u0259r normativ aktlarda m\u00fcf\u0259ss\u0259l olaraq n\u0259z\u0259rd\u0259 tutulur.\n<\/p>\n<p>\n  Bu fikirl\u0259ri biz 2009-cu ild\u0259 Konstitusiyaya d\u0259yi\u015fiklik v\u0259 \u0259lav\u0259l\u0259r edilm\u0259si bar\u0259d\u0259 referendum akt\u0131n\u0131n m\u00fczakir\u0259si vaxt\u0131 da s\u00f6yl\u0259mi\u015fdik. Lakin, \u00e7ox t\u0259\u0259ss\u00fcf ki, onlar n\u0259z\u0259r\u0259 al\u0131nmad\u0131, sah\u0259vi qanunvericilik aktlar\u0131nda (heyvanat al\u0259mi haqq\u0131nda qanunda, Milli M\u0259clisin daxili nizamnam\u0259sind\u0259 v\u0259 s.) n\u0259z\u0259rd\u0259 tutulan m\u00fcdd\u0259alar Konstitusiyaya k\u00f6\u00e7\u00fcr\u00fcld\u00fc v\u0259 bel\u0259likl\u0259 d\u0259, onun mahiyy\u0259tin\u0259 ziyan vuruldu. Q\u0131sas\u0131, bir n\u00f6v, Konstitusiya sah\u0259vi qanunvericilik s\u0259viyy\u0259sin\u0259 endirildi.\n<\/p>\n<p>\n  M\u0259s\u0259l\u0259n, Konstitusiyada \u201c15 ya\u015f\u0131na \u00e7atmam\u0131\u015f u\u015faqlar i\u015f\u0259 g\u00f6t\u00fcr\u00fcl\u0259 bilm\u0259zl\u0259r\u201d(17-ci madd\u0259nin V hiss\u0259si) m\u00fcdd\u0259as\u0131 \u0259ks etdirilm\u0259m\u0259lidir. Bu, sah\u0259vi qanunlarda \u2013 \u018fm\u0259k M\u0259c\u0259ll\u0259sind\u0259 n\u0259z\u0259rd\u0259 tutulmal\u0131d\u0131r. V\u0259 yaxud, Milli M\u0259clisin sessiyalar\u0131n\u0131n qapal\u0131 v\u0259 a\u00e7\u0131q iclaslar\u0131n\u0131n ke\u00e7irilm\u0259si d\u0259 Konstitusiyada g\u00f6st\u0259rilm\u0259li deyil (88-ci madd\u0259). Bu, Milli M\u0259clisin daxili Nizamnam\u0259sind\u0259 onsuz da n\u0259z\u0259rd\u0259 tutulub. Bel\u0259 misallar\u0131 \u00e7ox \u00e7\u0259km\u0259k olar\u2026<br \/>\n  <br \/>\n  \u00c7ox t\u0259\u0259ss\u00fcfl\u0259r olsun ki, bu yanl\u0131\u015f yana\u015fma yen\u0259 \u2013 sentyabr\u0131n 26-da m\u00fczakir\u0259y\u0259 \u00e7\u0131xar\u0131lacaq referendum akt\u0131nda da m\u00fc\u015fahid\u0259 edilir. M\u0259s\u0259l\u0259n, 36-c\u0131 madd\u0259y\u0259 IV hiss\u0259 \u0259lav\u0259 edilm\u0259si t\u0259klif olunur. H\u0259min madd\u0259d\u0259 deyilir: \u201cQanunla m\u00fc\u0259yy\u0259n edilmi\u015f hallar istisna olmaqla, lokaut qada\u011fand\u0131r\u201d.\n<\/p>\n<p>\n  \u018fvv\u0259la, bu madd\u0259ni ingilis dilini bil\u0259nl\u0259rd\u0259n ba\u015fqa (bel\u0259l\u0259ri is\u0259, dem\u0259k olar ki, \u00e7ox azl\u0131qdad\u0131r) he\u00e7 kim ba\u015fa d\u00fc\u015f\u0259 bilm\u0259z. Qanunlar (x\u00fcsusil\u0259 d\u0259, \u018fsas Qanun olan Konstitusiya) ham\u0131n\u0131n ba\u015fa d\u00fc\u015fd\u00fcy\u00fc Az\u0259rbaycan dilind\u0259 yaz\u0131lmal\u0131d\u0131r. \u00dcst\u0259lik, d\u00f6vl\u0259tin \u0259n \u00fcmd\u0259 v\u0259zif\u0259si Ana dilinin inki\u015faf\u0131n\u0131 t\u0259min etm\u0259kdir (Konstitusiyan\u0131n 21-ci madd\u0259si). Lakin onu ba\u015fa d\u00fc\u015f\u00fclm\u0259y\u0259n, xarici dill\u0259rd\u0259n g\u00f6t\u00fcr\u00fclm\u00fc\u015f terminl\u0259rl\u0259 doldurmaq, ilk n\u00f6vb\u0259d\u0259, Konstitusiyan\u0131n \u00f6z mahiyy\u0259tin\u0259 ziddir.\n<\/p>\n<p>\n  Dig\u0259r t\u0259r\u0259fd\u0259n, m\u0259zmunu f\u0259hl\u0259l\u0259ri \u00f6z t\u0259l\u0259bl\u0259rind\u0259n geri \u00e7\u0259kilm\u0259y\u0259 m\u0259cbur etm\u0259k m\u0259qs\u0259dil\u0259 onlar\u0131n k\u00fctl\u0259vi \u015f\u0259kild\u0259 i\u015fd\u0259n \u00e7\u0131xar\u0131lmas\u0131 v\u0259 m\u00fc\u0259ssis\u0259l\u0259rin ba\u011flanmas\u0131ndan ibar\u0259t olan lokaut s\u00f6z\u00fc Konstitusiyada deyil, sah\u0259vi qanunvericilik akt\u0131nda \u0259ks olunmal\u0131d\u0131r.\n<\/p>\n<p>\n  Layih\u0259d\u0259 t\u0259klif olunur ki, Konstitusiyan\u0131n 24-c\u00fc madd\u0259sin\u0259 \u201cinsan l\u0259yaq\u0259ti qorunur v\u0259 ona h\u00f6rm\u0259t edilir\u201d m\u0259zmununda \u0259lav\u0259 edilsin. D\u00fc\u015f\u00fcn\u00fcr\u0259m ki, buna he\u00e7 bir l\u00fczum yoxdur. Ax\u0131, Konstitusiyan\u0131n m\u00fcxt\u0259lif madd\u0259l\u0259rind\u0259 h\u0259min m\u00fcdd\u0259a bu v\u0259 ya dig\u0259r \u015f\u0259kild\u0259 n\u0259z\u0259rd\u0259 tutulub. M\u0259s\u0259l\u0259n, 12-ci madd\u0259d\u0259 deyilir: \u201c\u0130nsan v\u0259 v\u0259t\u0259nda\u015f h\u00fcquqlar\u0131n\u0131n v\u0259 azadl\u0131qlar\u0131n\u0131n, Az\u0259rbaycan Respublikas\u0131n\u0131n v\u0259t\u0259nda\u015flar\u0131n\u0131n layiqli h\u0259yat s\u0259viyy\u0259sinin t\u0259min edilm\u0259si d\u00f6vl\u0259tin ali m\u0259qs\u0259didir\u201d.\n<\/p>\n<p>\n  Konstitusiyan\u0131n 16-c\u0131 madd\u0259sind\u0259 d\u0259 bu m\u00fcdd\u0259a t\u0259krar olunaraq deyilir: \u201cAz\u0259rbaycan d\u00f6vl\u0259ti xalq\u0131n v\u0259 h\u0259r bir v\u0259t\u0259nda\u015f\u0131n rifah\u0131n\u0131n y\u00fcks\u0259ldilm\u0259si, onun sosial m\u00fcdafi\u0259si v\u0259 layiqli h\u0259yat s\u0259viyy\u0259sinin qay\u011f\u0131s\u0131na qal\u0131r\u201d.\n<\/p>\n<p>\n  Yaxud, Konstitusiyan\u0131n 46-c\u0131 madd\u0259sinin II hiss\u0259sind\u0259 oxuyuruq: \u201c\u015e\u0259xsiyy\u0259tin l\u0259yaq\u0259ti d\u00f6vl\u0259t t\u0259r\u0259find\u0259n qorunur\u2026\u201d\n<\/p>\n<p>\n  Bir d\u0259 ki, t\u0259kc\u0259 h\u00fcquq\u015f\u00fcnaslar deyil, \u00f6z\u00fcn\u0259 h\u00f6rm\u0259t ed\u0259n h\u0259r bir \u015f\u0259xs yax\u015f\u0131 ba\u015fa d\u00fc\u015f\u00fcr ki, insan\u0131n h\u00fcquq v\u0259 azadl\u0131\u011f\u0131n\u0131n f\u0259ls\u0259fi \u0259sas\u0131n\u0131 m\u0259hz insan l\u0259yaq\u0259ti t\u0259\u015fkil edir. H\u00fcquq v\u0259 azadl\u0131qlar olmayan yerd\u0259 insan\u0131n l\u0259yaq\u0259tind\u0259n s\u00f6hb\u0259t bel\u0259 ged\u0259 bilm\u0259z. Bel\u0259 olan halda insan l\u0259yaq\u0259tinin qorunmas\u0131 v\u0259 ona h\u00f6rm\u0259t edilm\u0259si haqda m\u00fcdd\u0259an\u0131n \u018fsas Qanunda yenid\u0259n t\u0259krar olunmas\u0131na n\u0259 ehtiyac var?\n<\/p>\n<p>\n  Konstitusiya akt\u0131nda t\u0259klif olunur ki, 60-c\u0131 madd\u0259nin II hiss\u0259si a\u015fa\u011f\u0131dak\u0131 redaksiyada verilsin: \u201cH\u0259r k\u0259sin h\u00fcququ var ki, onun i\u015fin\u0259 q\u0259r\u0259zsiz yana\u015fs\u0131nlar v\u0259 inzibati icraat v\u0259 m\u0259hk\u0259m\u0259 prosesind\u0259 a\u011flabatan m\u00fcdd\u0259td\u0259 bax\u0131ls\u0131n\u201d.<br \/>\n  <br \/>\n  Bu n\u0259 dem\u0259kdir? \u201cA\u011flabatan\u201d anlay\u0131\u015f\u0131 h\u00fcquqi termin deyildir v\u0259 anla\u015f\u0131lmazl\u0131q yarad\u0131r. Bu s\u00f6z madd\u0259d\u0259n \u00e7\u0131xar\u0131lmal\u0131, ancaq prosessual qanunvericilikd\u0259 m\u00fc\u0259yy\u0259n edilmi\u015f konkret m\u00fcdd\u0259tl\u0259r g\u00f6st\u0259rilm\u0259lidir.\n<\/p>\n<p>\n  Referendum akt\u0131nda n\u0259z\u0259rd\u0259 tutulan d\u0259yi\u015fiklikl\u0259rd\u0259n biri d\u0259 Konstitusiyan\u0131n 89-cu madd\u0259sin\u0259 edil\u0259n t\u0259klifdir. T\u0259klif\u0259 g\u00f6r\u0259, deputatlar onlar \u00fc\u00e7\u00fcn m\u00fc\u0259yy\u0259n edilmi\u015f etik davran\u0131\u015f qaydalar\u0131n\u0131 kobud sur\u0259td\u0259 pozduqda \u00f6z mandatlar\u0131ndan m\u0259hrum oluna bil\u0259rl\u0259r.\n<\/p>\n<p>\n  \u018fvv\u0259la, etik davran\u0131\u015f qaydalar\u0131 qiym\u0259t veril\u0259n anlay\u0131\u015fd\u0131r, onlar\u0131n yerin\u0259 yetirilm\u0259si is\u0259 ictimai fikrin g\u00fcc\u00fc il\u0259 t\u0259min edilir. H\u00fcquq normalar\u0131n\u0131n h\u0259yata ke\u00e7irilm\u0259si etik normalarda oldu\u011fu kimi, bu normalar\u0131 pozan \u015f\u0259xsl\u0259r bar\u0259sind\u0259 yarad\u0131lm\u0131\u015f m\u0259nfi fikirl\u0259 deyil, d\u00f6vl\u0259t m\u0259cburiyy\u0259ti il\u0259 t\u0259min edilir. D\u00f6vl\u0259tin m\u0259cburi t\u0259dbirl\u0259ri etik normalar\u0131n t\u0259min edilm\u0259sind\u0259 he\u00e7 bir rol oyanaya bilm\u0259z, oynamamal\u0131d\u0131r.\n<\/p>\n<p>\n  \u00dcst\u0259lik, \u201ckobud \u015f\u0259kild\u0259 pozmaq\u201d m\u00fcdd\u0259as\u0131 da qiym\u0259t veril\u0259n anlay\u0131\u015fd\u0131r, onu n\u0259 q\u0259d\u0259r geni\u015f izah ets\u0259k d\u0259, etik normalar\u0131n pozulmas\u0131 d\u00f6vl\u0259tin m\u0259cburi t\u0259dbirl\u0259rin\u0259 s\u0259b\u0259b olmamal\u0131d\u0131r. Bu t\u0259klifin q\u0259bul edilm\u0259si deputatlar\u0131n passivliyin\u0259 g\u0259tirib \u00e7\u0131xara bil\u0259r. S\u0259drl\u0259 Zahid Oruc aras\u0131nda ba\u015f ver\u0259n m\u00fcbahis\u0259d\u0259 oldu\u011fu kimi, parlament r\u0259hb\u0259ril\u0259 dialoqa \u201cc\u0259sar\u0259t\u201d ed\u0259n h\u0259r bir deputat\u0131n h\u0259r\u0259k\u0259ti etik normalar\u0131n kobud \u015f\u0259kild\u0259 pozulmas\u0131 kimi qiym\u0259tl\u0259ndiril\u0259 v\u0259 bel\u0259likl\u0259, deputat mandatdan m\u0259hrum oluna bil\u0259r. Odur ki, bu t\u0259klifin q\u0259bul edilm\u0259sin\u0259 he\u00e7 bir v\u0259chl\u0259 yol verilm\u0259m\u0259lidir. Bu t\u0259klif deputatlar\u0131 as\u0131l\u0131 v\u0259ziyy\u0259tl\u0259rd\u0259, t\u0259zyiq alt\u0131nda saxlamaq \u00fc\u00e7\u00fcnd\u00fcr.\n<\/p>\n<p>\n  Onu da n\u0259z\u0259r\u0259 almaq laz\u0131md\u0131r ki, \u201cetik normalar\u0131 kobud \u015f\u0259kild\u0259 pozanlar\u201d Milli M\u0259clis\u0259 deputat se\u00e7il\u0259 bil\u0259rl\u0259r, amma a\u011f\u0131r cinay\u0259tl\u0259r t\u00f6r\u0259d\u0259nl\u0259rin is\u0259 bel\u0259 bir h\u00fcququ yoxdur.\n<\/p>\n<p>\n  Referendum akt\u0131nda t\u0259klif olunur ki, 9-cu madd\u0259d\u0259 \u201cba\u015fqa silahl\u0131 birl\u0259\u015fm\u0259l\u0259r\u201d s\u00f6zl\u0259ri \u00e7\u0131xar\u0131ls\u0131n. Ancaq 36-c\u0131 madd\u0259d\u0259 \u201csilahl\u0131 birl\u0259\u015fm\u0259l\u0259r\u201d ifad\u0259si saxlan\u0131l\u0131r. Dig\u0259r t\u0259r\u0259fd\u0259n, t\u0259klif olunur ki, 25-ci madd\u0259nin III hiss\u0259sinin birinci c\u00fcml\u0259sind\u0259 \u201cmilli m\u0259nsubiyy\u0259t\u201d s\u00f6z\u00fc \u201cetnik m\u0259nsubiyy\u0259t\u201d s\u00f6z\u00fc il\u0259, ikinci c\u00fcml\u0259d\u0259ki \u201cmilli\u201d s\u00f6z\u00fc \u201cetnik\u201d s\u00f6z\u00fc il\u0259 \u0259v\u0259z edilsin. Lakin, n\u0259d\u0259ns\u0259, 107-ci madd\u0259nin III hiss\u0259sind\u0259ki \u201cmilli\u201d s\u00f6z\u00fc saxlan\u0131l\u0131r.\n<\/p>\n<p>\n  Layih\u0259d\u0259 t\u0259klif olunur ki, 68-ci madd\u0259nin ad\u0131 a\u015fa\u011f\u0131dak\u0131 redaksiyada d\u0259yi\u015fdirilsin: \u201c\u00d6zba\u015f\u0131nal\u0131qdan m\u00fcdafi\u0259 v\u0259 vicdanl\u0131 davran\u0131\u015f h\u00fcququ\u201d. Madd\u0259nin q\u00fcvv\u0259d\u0259 olan redaksiyadak\u0131 ad\u0131 is\u0259 bel\u0259dir: \u201cZ\u0259r\u0259rin \u00f6d\u0259nilm\u0259sini t\u0259l\u0259b etm\u0259k h\u00fcququ\u201d. M\u00f6vcud olan ad madd\u0259nin m\u0259zmununa tam uy\u011fundur. T\u0259klif edil\u0259n ad is\u0259 bu m\u0259zmuna q\u0259tiyy\u0259n uy\u011fun g\u0259lmir.\n<\/p>\n<p>\n  Dig\u0259r t\u0259r\u0259fd\u0259n, vicdanl\u0131l\u0131q h\u0259mi\u015f\u0259 m\u0259suliyy\u0259tl\u0259 ba\u011fl\u0131d\u0131r. Y\u0259ni, bir \u015f\u0259xs xalq v\u0259 c\u0259miyy\u0259t qar\u015f\u0131s\u0131nda m\u0259suliyy\u0259t da\u015f\u0131mal\u0131, \u00f6z f\u0259aliyy\u0259tin\u0259 \u0259xlaqi bax\u0131mdan qiym\u0259t verm\u0259lidir. M\u0259n\u0259vi \u0259zab, x\u0259cal\u0259t \u00e7\u0259km\u0259k, pe\u015fman olmaq \u2013 bu, qiym\u0259tin t\u0259zah\u00fcr formalar\u0131d\u0131r. 68-ci madd\u0259nin m\u0259zmununda is\u0259 z\u0259r\u0259r\u00e7\u0259kmi\u015f \u015f\u0259xsin h\u00fcquqlar\u0131ndan s\u00f6hb\u0259t gedir.\n<\/p>\n<p>\n  Daha sonra t\u0259klif olunur ki, h\u0259min madd\u0259y\u0259 a\u015fa\u011f\u0131dak\u0131 m\u0259zmunda IV hiss\u0259 \u0259lav\u0259 edilsin: \u201cD\u00f6vl\u0259t, d\u00f6vl\u0259t qulluq\u00e7ular\u0131 il\u0259 birlikd\u0259, d\u00f6vl\u0259t qulluq\u00e7ular\u0131n\u0131n qanuna zidd h\u0259r\u0259k\u0259tl\u0259ri v\u0259 h\u0259r\u0259k\u0259tsizliyi n\u0259tic\u0259sind\u0259 insan h\u00fcquq v\u0259 azadl\u0131qlar\u0131na d\u0259ymi\u015f ziyana g\u00f6r\u0259 v\u0259 onlar\u0131n t\u0259minat\u0131n\u0131n pozulmas\u0131na g\u00f6r\u0259 m\u00fclki m\u0259suliyy\u0259t da\u015f\u0131y\u0131r\u201d.\n<\/p>\n<p>\n  N\u0259 \u00fc\u00e7\u00fcn d\u00f6vl\u0259t qulluq\u00e7ular\u0131 g\u00f6st\u0259ril\u0259n \u0259m\u0259ll\u0259rin\u0259 g\u00f6r\u0259 yaln\u0131z m\u00fclki m\u0259suliyy\u0259t da\u015f\u0131mal\u0131d\u0131r? Ax\u0131, insan h\u00fcquq v\u0259 azadl\u0131qlar\u0131 m\u00fcr\u0259kk\u0259b anlay\u0131\u015flard\u0131r \u2013 iqtisadi, siyasi, maddi, m\u0259n\u0259vi al\u0259mi \u0259hat\u0259 edir v\u0259 onlar\u0131n pozulmas\u0131 da bu obyektl\u0259r\u0259 ziyan vurur. Bu ziyana g\u00f6r\u0259 cinay\u0259t qanunvericiliyind\u0259 \u00e7oxsayl\u0131 cinay\u0259t \u0259m\u0259ll\u0259ri v\u0259 onlara uy\u011fun c\u0259zalar n\u0259z\u0259rd\u0259 tutulur. Az\u0259rbaycan Respublikas\u0131 Cinay\u0259t M\u0259c\u0259ll\u0259sinin XXI f\u0259sli (154-169-cu madd\u0259l\u0259r) \u201c\u0130nsan v\u0259 v\u0259t\u0259nda\u015flar\u0131n Konstitusiya h\u00fcquq v\u0259 azadl\u0131qlar\u0131n\u0131n \u0259leyhin\u0259 olan cinay\u0259tl\u0259r\u201d adlan\u0131r v\u0259 bu f\u0259sild\u0259 h\u0259min \u0259m\u0259ll\u0259r\u0259 g\u00f6r\u0259, azadl\u0131qdan m\u0259hrumetm\u0259 n\u00f6v\u00fcnd\u0259 c\u0259zalar n\u0259z\u0259rd\u0259 tutulur. Qanunvericilikd\u0259 h\u0259tta h\u0259min h\u0259r\u0259k\u0259tl\u0259rin \u201cv\u0259zif\u0259li \u015f\u0259xsin \u00f6z qulluq m\u00f6vqeyind\u0259n sui-istifad\u0259 etm\u0259kl\u0259\u201d t\u00f6r\u0259dilm\u0259si cinay\u0259tin a\u011f\u0131rla\u015fd\u0131r\u0131c\u0131 hal\u0131 hesab edilir. Ona g\u00f6r\u0259 d\u0259 Konstitusiyan\u0131n 68-ci madd\u0259sind\u0259 d\u00f6vl\u0259t qulluq\u00e7ular\u0131n\u0131n qanuna zidd \u0259m\u0259ll\u0259ri n\u0259tic\u0259sind\u0259 insan\u0131n h\u00fcquq v\u0259 azadl\u0131qlar\u0131na vurulan ziyana g\u00f6r\u0259 ancaq m\u00fclki m\u0259suliyy\u0259tin n\u0259z\u0259rd\u0259 tutulmas\u0131 h\u0259min \u015f\u0259xsl\u0259rin Konstitusiya s\u0259viyy\u0259sind\u0259 cinay\u0259t m\u0259suliyy\u0259tind\u0259n azad edilm\u0259si dem\u0259kdir.\n<\/p>\n<p>\n  Layih\u0259d\u0259 Konstitusiyaya Az\u0259rbaycan Respublikas\u0131n\u0131n vitse-prezidentl\u0259ri adlanan yeni \u2013 103.1. m\u00fcdd\u0259as\u0131n\u0131n \u0259lav\u0259 edilm\u0259si n\u0259z\u0259rd\u0259 tutulur v\u0259 g\u00f6st\u0259rilir: \u201cAz\u0259rbaycan Respublikas\u0131n\u0131n Birinci vitse-prezidenti v\u0259 vitse-prezidentl\u0259ri Az\u0259rbaycan Respublikas\u0131n\u0131n Prezidenti t\u0259r\u0259find\u0259n v\u0259zif\u0259y\u0259 t\u0259yin olunur v\u0259 v\u0259zif\u0259d\u0259n azad edilirl\u0259r\u201d. Habel\u0259, qeyd olunur ki, Az\u0259rbaycan Respublikas\u0131n\u0131n Prezidenti vaxt\u0131ndan \u0259vv\u0259l v\u0259zif\u0259d\u0259n getdikd\u0259 3 ay \u0259rzind\u0259 Az\u0259rbaycan Respublikas\u0131n\u0131n Prezidentliyin\u0259 n\u00f6vb\u0259d\u0259nk\u0259nar se\u00e7kil\u0259r ke\u00e7irilir, yeni Prezident se\u00e7il\u0259n\u0259 q\u0259d\u0259r is\u0259 onun s\u0259lahiyy\u0259tl\u0259rini Birinci vitse-prezident yerin\u0259 yetirir. Bu, m\u00fcmk\u00fcn olmad\u0131qda is\u0259 h\u0259min s\u0259lahiyy\u0259tl\u0259ri Az\u0259rbaycan Respublikas\u0131n\u0131n Ba\u015f naziri icra edir.\n<\/p>\n<p>\n  Bel\u0259likl\u0259, xalq t\u0259r\u0259find\u0259n se\u00e7ilm\u0259y\u0259n, ondan mandat almayan h\u0259r hans\u0131 bir \u015f\u0259xsin prezident v\u0259zif\u0259sini icra etm\u0259k imkan\u0131 yaran\u0131r. Bu da Konstitusiyan\u0131n 1-ci madd\u0259sin\u0259 ziddir. Orda deyilir: \u201cAz\u0259rbaycan Respublikas\u0131nda d\u00f6vl\u0259t hakimiyy\u0259tinin yegan\u0259 m\u0259nb\u0259yi Az\u0259rbaycan xalq\u0131d\u0131r\u201d.\n<\/p>\n<p>\n  D\u00fc\u015f\u00fcn\u00fcr\u0259m ki, xalq t\u0259r\u0259find\u0259n se\u00e7ilm\u0259y\u0259n h\u0259r hans\u0131 \u015f\u0259xs (n\u0259 Birinci vitse-prezident, n\u0259 d\u0259 Ba\u015f nazir) Prezident v\u0259zif\u0259sini icra etm\u0259m\u0259lidir. Biz he\u00e7 vaxt Eldar Mahmudov fenomenini unutmamal\u0131y\u0131q. Bu tip \u015f\u0259xsl\u0259r d\u0259 Prezident t\u0259r\u0259find\u0259n qeyd edil\u0259n v\u0259zif\u0259l\u0259r\u0259 t\u0259yin oluna v\u0259 onun s\u0259lahiyy\u0259tl\u0259rini icra etm\u0259k h\u00fcququ qazana bil\u0259rl\u0259r. Bu is\u0259, s\u00f6z\u00fcn \u0259sl m\u0259nas\u0131nda, f\u0259lak\u0259t olard\u0131.\n<\/p>\n<p>\n  Dig\u0259r t\u0259r\u0259fd\u0259n, qeyd etm\u0259k yerin\u0259 d\u00fc\u015f\u0259rdi ki, Konstitusiyan\u0131n 7-ci madd\u0259sind\u0259 Az\u0259rbaycan d\u00f6vl\u0259tinin demokratik respublika oldu\u011fu t\u0259sbit edilib. Bu, o dem\u0259kdir ki, bu d\u00f6vl\u0259t xalq\u0131n irad\u0259sil\u0259 yaran\u0131b f\u0259aliyy\u0259t g\u00f6st\u0259rm\u0259lidir. Bu d\u00f6vl\u0259td\u0259 d\u0259qiq m\u00fc\u0259yy\u0259n edilmi\u015f v\u0259 ham\u0131 t\u0259r\u0259find\u0259n etiraf olunan qaydalara uy\u011fun olaraq, h\u0259r bir \u015f\u0259xsin mane\u0259siz olaraq \u00f6z m\u00f6vqeyini, maraqlar\u0131n\u0131 ifad\u0259 etm\u0259y\u0259, bildirm\u0259y\u0259 imkan\u0131 olmal\u0131, d\u00f6vl\u0259t funksiyas\u0131n\u0131n da\u015f\u0131y\u0131c\u0131lar\u0131 da qanunla m\u00fc\u0259yy\u0259n olunmu\u015f qaydada v\u0259 m\u00fcdd\u0259td\u0259 se\u00e7ilm\u0259li v\u0259 \u00f6z se\u00e7icil\u0259ri \u2013 xalq\u0131n qar\u015f\u0131s\u0131nda m\u0259suliyy\u0259t da\u015f\u0131mal\u0131d\u0131r. Ax\u0131, c\u0259miyy\u0259td\u0259 ba\u015f ver\u0259n h\u0259r hans\u0131 d\u0259yi\u015fikliyin legitimliyinin t\u0259bii, inand\u0131r\u0131c\u0131, ba\u015fl\u0131ca \u0259sas\u0131 v\u0259 m\u0259nb\u0259yi m\u0259hz insanlar\u0131n irad\u0259si, raz\u0131l\u0131\u011f\u0131d\u0131r. Odur ki, g\u0259l\u0259c\u0259kd\u0259 Prezident s\u0259lahiyy\u0259tl\u0259rini icra ed\u0259c\u0259yi g\u00f6zl\u0259nil\u0259n Birinci vitse-prezident, AB\u015e-da oldu\u011fu kimi, Prezidentl\u0259 b\u0259rab\u0259r se\u00e7ki yolu il\u0259 m\u00fc\u0259yy\u0259nl\u0259\u015fdirilm\u0259lidir.\n<\/p>\n<p>\n  T\u0259krar-t\u0259krar vur\u011fulamaq ist\u0259yir\u0259m: xalqdan mandat almayan\u00a0 \u015f\u0259xs Prezident s\u0259lahiyy\u0259tl\u0259rini icra etm\u0259m\u0259lidir!\n<\/p>\n<p>\n  Xalq t\u0259r\u0259find\u0259n se\u00e7ilm\u0259y\u0259n \u015f\u0259xs v\u0259 onun ail\u0259si d\u00f6vl\u0259t t\u0259r\u0259find\u0259n t\u0259min edilm\u0259m\u0259lidir! Onun v\u0259 ail\u0259sinin t\u0259hl\u00fck\u0259sizliyi xalq\u0131n v\u0259saiti hesab\u0131na f\u0259aliyy\u0259t g\u00f6st\u0259r\u0259n x\u00fcsusi m\u00fchafiz\u0259 xidm\u0259tl\u0259ri t\u0259r\u0259find\u0259n qorunmamal\u0131d\u0131r!<br \/>\n  <br \/>\n  D\u00fc\u015f\u00fcn\u00fcr\u0259m ki, \u0259lav\u0259 x\u0259rcl\u0259r t\u0259l\u0259b ed\u0259n dig\u0259r vitse-prezidentl\u0259r institutunun da yarad\u0131lmas\u0131na he\u00e7 bir l\u00fczum yoxdur. Prezident Administrasiyas\u0131 il\u0259 yana\u015f\u0131, Nazirl\u0259r Kabinetinin m\u00f6vcudlu\u011fu t\u0259kc\u0259 \u0259lav\u0259 t\u0259l\u0259bx\u0259rclik deyil, h\u0259m d\u0259 bir-birini t\u0259krarlayan l\u00fczumsuz b\u00fcrokratik \u0259ng\u0259ll\u0259r yarad\u0131r. Odur ki, AB\u015e-da oldu\u011fu kimi, Prezident icra hakimiyy\u0259tinin ba\u015f\u00e7\u0131s\u0131 olaraq, h\u00f6kum\u0259tin f\u0259aliyy\u0259tin\u0259 \u00f6z\u00fc birba\u015fa r\u0259hb\u0259rlik etm\u0259lidir.\n<\/p>\n<p>\n  Referendum akt\u0131nda Prezident\u0259 Milli M\u0259clisi buraxmaq h\u00fcququ verilir. Bu t\u0259klif d\u0259 h\u00fcquqi d\u00f6vl\u0259t konsepsiyas\u0131 bax\u0131m\u0131ndan q\u0259buledilm\u0259zdir. Biz Konstitusiyam\u0131zda h\u00fcquqi d\u00f6vl\u0259t qurma\u011f\u0131 b\u00fct\u00fcn d\u00fcnyaya elan etmi\u015fik. Bu d\u00f6vl\u0259tin is\u0259 iki xarakteristik x\u00fcsusiyy\u0259ti var: qanunun aliliyi v\u0259 hakimiyy\u0259tin b\u00f6l\u00fcnm\u0259si.\n<\/p>\n<p>\n  Hakimiyy\u0259t \u00fc\u00e7 qola \u2013 qanunvericilik hakimiyy\u0259ti, icra hakimiyy\u0259ti v\u0259 m\u0259hk\u0259m\u0259 hakimiyy\u0259tin\u0259 b\u00f6l\u00fcn\u00fcr.\n<\/p>\n<p>\n  Hakimiyy\u0259tin h\u0259r bir qolu da m\u00fcst\u0259qil v\u0259 ancaq qanuna tabe olmal\u0131d\u0131r. Hakimiyy\u0259t qollar\u0131n\u0131n effektli f\u0259aliyy\u0259ti \u00fc\u00e7\u00fcn d\u0259 \u201c\u00e7\u0259kindirm\u0259 v\u0259 qar\u015f\u0131s\u0131n\u0131alma\u201d prinsipi t\u0259tbiq olunur. Y\u0259ni hakimiyy\u0259tin h\u0259r bir qolu dig\u0259rini qeyri-qanuni f\u0259aliyy\u0259td\u0259n \u00e7\u0259kindirm\u0259li, n\u0259tic\u0259 etibaril\u0259 v\u0259t\u0259nda\u015flar qazanmal\u0131, onlar\u0131n h\u00fcquq v\u0259 azadl\u0131qlar\u0131 t\u0259min olunmal\u0131d\u0131r. M\u0259s\u0259l\u0259n, Milli M\u0259clisin q\u0259bul etdiyi qanuna Prezidentin veto qoymaq s\u0259lahiyy\u0259ti var v\u0259 bel\u0259likl\u0259 d\u0259, xalq\u0131n m\u0259nafeyin\u0259 qulluq etm\u0259y\u0259n qanunlar f\u0259aliyy\u0259t g\u00f6st\u0259r\u0259 bilmir. Eyni \u015f\u0259kild\u0259 m\u0259hk\u0259m\u0259 hakimiyy\u0259ti t\u0259r\u0259find\u0259n yol veril\u0259n n\u00f6qsanlar\u0131 azaltmaq \u00fc\u00e7\u00fcn Prezident \u0259vf verir, Milli M\u0259clis is\u0259 aministiya akt\u0131 q\u0259bul edir v\u0259 s.\n<\/p>\n<p>\n  Nazirl\u0259r Kabinetin\u0259 etimads\u0131zl\u0131q g\u00f6st\u0259rm\u0259k, Prezidentin t\u0259qdimat\u0131 \u0259sas\u0131nda Konstitusiya M\u0259hk\u0259m\u0259sinin, Az\u0259rbaycan Respublikas\u0131 Ali M\u0259hk\u0259m\u0259sinin v\u0259 M\u0259rk\u0259zi Bank\u0131n \u0130dar\u0259 heyy\u0259tinin \u00fczvl\u00fcy\u00fcn\u0259 namiz\u0259dl\u0259ri v\u0259zif\u0259y\u0259 t\u0259yin etm\u0259m\u0259k Milli M\u0259clisin yuxar\u0131da qeyd olunan \u201c\u00e7\u0259kindirm\u0259 v\u0259 qar\u015f\u0131s\u0131nalma\u201d prinsipl\u0259rind\u0259n do\u011fan h\u00fcququdur ki, Prezidentin f\u0259aliyy\u0259tind\u0259 olan n\u00f6qsanlar\u0131 aradan qald\u0131rs\u0131n. Bu imkan\u0131n h\u0259yata ke\u00e7irilm\u0259sin\u0259 yol verilm\u0259m\u0259si v\u0259 Milli M\u0259clisin burax\u0131lmas\u0131, t\u0259krar edir\u0259m, h\u00fcquqi d\u00f6vl\u0259t konsepsiyas\u0131na ziddir.\n<\/p>\n<p>\n  \u00dcst\u0259lik, o da n\u0259z\u0259rd\u0259n qa\u00e7mamal\u0131d\u0131r ki, referenduma \u00e7\u0131xar\u0131lan bu t\u0259klifd\u0259 Prezidentlik s\u0259lahiyy\u0259tl\u0259ri xalq t\u0259r\u0259find\u0259n se\u00e7ilm\u0259y\u0259n Birinci vitse-prezident\u0259 ke\u00e7diyi zaman xalqdan mandat almayan bir \u015f\u0259xsin xalq\u0131n mandat verdiyi Milli M\u0259clisi buraxa bilm\u0259si imkan\u0131n\u0131 do\u011fura bil\u0259r. Bu is\u0259 he\u00e7 bir h\u00fcquqi v\u0259 siyasi arqumentl\u0259 \u0259sasland\u0131r\u0131la bilm\u0259z.\n<\/p>\n<p>\n  Referendum akt\u0131nda Konstitusiyan\u0131n 85-ci madd\u0259sinin I hiss\u0259sind\u0259 \u201cya\u015f\u0131 25-d\u0259n a\u015fa\u011f\u0131 olmayan\u201d s\u00f6zl\u0259rinin \u201cse\u00e7kid\u0259 i\u015ftirak h\u00fcququna malik olan\u201d s\u00f6zl\u0259riyl\u0259 \u0259v\u0259z edilm\u0259si t\u0259klif olunur. Ba\u015fqa s\u00f6zl\u0259, parlament se\u00e7kil\u0259rind\u0259 i\u015ftirak etm\u0259k \u00fc\u00e7\u00fcn ya\u015f h\u0259ddi 25-d\u0259n 18-\u0259 endirilir. Bu d\u0259yi\u015fikliyi m\u00fcdafi\u0259 etm\u0259k \u00fc\u00e7\u00fcn hakimiyy\u0259t n\u00fcmay\u0259nd\u0259l\u0259ri \u015eah \u0130smay\u0131l\u0131, Makedoniyal\u0131 \u0130sg\u0259nd\u0259ri v\u0259 Napoleonu misal g\u00f6st\u0259rirl\u0259r. D\u00fc\u015f\u00fcn\u00fcr\u0259m ki, yersiz m\u00fcqayis\u0259dir. Az\u0259rbaycanda mahiyy\u0259t etibaril\u0259 monarxiya \u00fcsulunu ba\u015fqa formada b\u0259rpa etm\u0259k ist\u0259y\u0259nl\u0259rd\u0259n ba\u015fqa \u015fey g\u00f6zl\u0259m\u0259y\u0259 d\u0259ym\u0259z. T\u0259kc\u0259 onu qeyd etm\u0259k yerin\u0259 d\u00fc\u015f\u0259rdi ki, Makedoniyal\u0131 \u0130sg\u0259nd\u0259ri d\u00fcnyada m\u0259\u015fhur yunan filosofu \u018fr\u0259stun t\u0259rbiy\u0259 edib g\u0259l\u0259c\u0259k hakimiyy\u0259t\u0259 haz\u0131rlay\u0131rd\u0131.\n<\/p>\n<p>\n  O da unudulmamal\u0131d\u0131r ki, bu misallar q\u0259dim v\u0259 orta \u0259srl\u0259r\u0259 aiddir. O zamanlar is\u0259 demokratik d\u00f6vl\u0259t anlay\u0131\u015f\u0131 t\u0259\u015f\u0259kk\u00fcl tapmam\u0131\u015fd\u0131. D\u00fcnya t\u0259cr\u00fcb\u0259sind\u0259 azya\u015fl\u0131 u\u015faqlar\u0131n v\u0259r\u0259s\u0259lik yoluyla hakimiyy\u0259t\u0259 g\u0259tirilm\u0259si, lakin, d\u00f6vl\u0259tin q\u0259yyumlar t\u0259r\u0259find\u0259n idar\u0259 olunmas\u0131 faktlar\u0131 m\u0259lumdur.\n<\/p>\n<p>\n  Ali t\u0259hsili bel\u0259 olmayan 18 ya\u015fl\u0131 g\u0259ncl\u0259ri Milli M\u0259clis\u0259 doldurmaq bu hakimiyy\u0259t qolunu z\u0259ifl\u0259tm\u0259k, toplant\u0131lar\u0131n\u0131 komsomol iclaslar\u0131na \u00e7evirm\u0259k v\u0259 onu n\u00fcfuzdan salmaqdan ba\u015fqa he\u00e7 bir n\u0259tic\u0259 verm\u0259z. Ali qanunvericilik f\u0259aliyy\u0259ti h\u00fcquq v\u0259 elmin dig\u0259r sah\u0259l\u0259rin\u0259 h\u0259rt\u0259r\u0259fli v\u0259 d\u0259rin bilik, h\u0259yat t\u0259cr\u00fcb\u0259sind\u0259n g\u0259l\u0259n m\u00fcdriklik t\u0259l\u0259b edir.\n<\/p>\n<p>\n  Prezident se\u00e7kil\u0259rind\u0259 ya\u015f m\u0259hdudiyy\u0259tinin aradan qald\u0131r\u0131lmas\u0131 da Suriya t\u0259cr\u00fcb\u0259sini xat\u0131rlad\u0131r. Suriyan\u0131n ke\u00e7mi\u015f prezidenti Hafiz \u018fs\u0259din \u00f6l\u00fcm\u00fcnd\u0259n sonra onun yerin\u0259 o\u011flu B\u0259\u015f\u0259r \u018fs\u0259di se\u00e7m\u0259k ist\u0259y\u0259nl\u0259r d\u0259 Konstitusiyan\u0131 d\u0259yi\u015fdir\u0259r\u0259k 35 ya\u015f m\u0259hdudiyy\u0259tini aradan qald\u0131rd\u0131lar. Xalq\u0131n c\u0259mi 10%-ni t\u0259\u015fkil ed\u0259n \u0259l\u0259vil\u0259rin hakimiyy\u0259tini \u0259ld\u0259 saxlamaq \u00fc\u00e7\u00fcn di\u015f h\u0259kimi i\u015fl\u0259y\u0259n B\u0259\u015f\u0259r \u018fs\u0259di prezident etdil\u0259r. N\u0259tic\u0259 is\u0259 g\u00f6z qaba\u011f\u0131ndad\u0131r \u2013 \u00f6lk\u0259 viran olub, xarabal\u0131\u011fa \u00e7evrilib, xalq did\u0259rgin d\u00fc\u015f\u00fcb, m\u0259hv edilir.\n<\/p>\n<p>\n  \u0130st\u0259rdim ki, Konstitusiyada bu ya\u015f senzinin aradan qald\u0131r\u0131lmas\u0131 konkret \u015f\u0259xsl\u0259r \u00fc\u00e7\u00fcn n\u0259z\u0259rd\u0259 tutulmas\u0131n v\u0259 onun aqib\u0259ti d\u0259 B\u0259\u015f\u0259r \u018fs\u0259din aqib\u0259tin\u0259 \u00e7evrilm\u0259sin.\n<\/p>\n<p>\n  Prezidentin 5 il deyil, se\u00e7ki m\u0259hdudiyy\u0259ti qoyulmadan 7 il m\u00fcdd\u0259tin\u0259 se\u00e7ilm\u0259si t\u0259klifi d\u0259 Misirin yolu il\u0259 getm\u0259k dem\u0259kdir. Bu, bir n\u00f6v, monarxiyaya aparan yoldur ki, hakimiyy\u0259tin bir n\u0259f\u0259r t\u0259r\u0259find\u0259n z\u0259bt olunmas\u0131 t\u0259s\u0259vv\u00fcr\u00fc yarada bil\u0259r.\n<\/p>\n<p>\n  B\u00fct\u00fcn d\u00fcnyada q\u0259bul olunan \u201chakimiyy\u0259tin bir v\u0259 bir ne\u00e7\u0259 \u015f\u0259xs t\u0259r\u0259find\u0259n z\u0259bt olunmas\u0131 yolverilm\u0259zdir\u201d prinsipi, yaln\u0131z qeyri-demokratik c\u0259miyy\u0259tl\u0259r \u00fc\u00e7\u00fcn xas olan d\u00f6vl\u0259t ba\u015f\u00e7\u0131lar\u0131n\u0131n m\u00fcdd\u0259tsiz se\u00e7ilm\u0259sini bu v\u0259 ya dig\u0259r formada qanunil\u0259\u015fdir\u0259n normalar yaratma\u011f\u0131 istisna edir. Ona g\u00f6r\u0259 d\u0259 AB\u015e, Avropada m\u00f6vcud olan demokratik \u00f6lk\u0259l\u0259rin Konstitusiyalar\u0131nda bu prinsip ciddi \u015f\u0259kild\u0259 qorunur v\u0259 prezidentin iki m\u00fcdd\u0259td\u0259n art\u0131q se\u00e7ilm\u0259si imperativ \u015f\u0259kild\u0259 qada\u011fan edilir. Biz d\u0259 bu prinsipl\u0259r\u0259 h\u00f6rm\u0259tl\u0259 yana\u015fmal\u0131y\u0131q. \u018fg\u0259r Prezidentin 7 il m\u00fcdd\u0259tin\u0259 se\u00e7ilm\u0259si normas\u0131 q\u0259bul olunarsa, o zaman Konstitusiyadan Prezidentin m\u00fcdd\u0259tsiz se\u00e7ilm\u0259sini t\u0259min ed\u0259n norma \u00e7\u0131xar\u0131lmal\u0131d\u0131r.\n<\/p>\n<p>\n  \u00dcmumiyy\u0259tl\u0259, Konstitusiya d\u0259yi\u015fiklikl\u0259rind\u0259 qeyri-demokratik, Suriya, Misir kimi d\u00f6vl\u0259tl\u0259rin t\u0259cr\u00fcb\u0259l\u0259rind\u0259n istifad\u0259 olunmas\u0131 v\u0259 demokratiyan\u0131n m\u0259hdudla\u015fd\u0131r\u0131lmas\u0131na y\u00f6n\u0259l\u0259 bil\u0259c\u0259k m\u00fcdd\u0259alar\u0131n \u0259sasland\u0131r\u0131lmas\u0131 \u00fc\u00e7\u00fcn q\u0259dim v\u0259 orta \u0259srl\u0259rin tarixind\u0259n qaynaqlanan n\u00fcmun\u0259l\u0259rd\u0259n istifad\u0259 olunmas\u0131 haz\u0131rk\u0131 Konstitusiyan\u0131n preambulas\u0131nda qeyd olunan v\u0259 sonrak\u0131 b\u00f6lm\u0259l\u0259rd\u0259 inki\u015faf etdiril\u0259n demokratik prinsipl\u0259rl\u0259 ziddiyy\u0259t t\u0259\u015fkil edir.<br \/>\n  <br \/>\n  N\u0259hay\u0259t, \u00e7ox ist\u0259rdim ki, \u00f6lk\u0259d\u0259 demokratiyan\u0131n inki\u015faf\u0131 \u00fc\u00e7\u00fcn referendum akt\u0131na proporsional se\u00e7ki sisteminin d\u0259 siyasi h\u0259yat\u0131m\u0131za qaytar\u0131lmas\u0131 t\u0259min olunsun\u2026\n<\/p>\n<p>\n  <a href=\"http:\/\/strateq.az\/manshet\/83897\/sabiq-respublika-prokuroru-konstitusiya-d%C9%99yisiklikl%C9%99rind%C9%99ki-qusurlari-acdi.html\"><br \/>\n    <i><br \/>\n      <b><br \/>\n        strateq.az<br \/>\n      <\/b><br \/>\n    <\/i><br \/>\n  <\/a>\n<\/p><\/p>\n","protected":false},"excerpt":{"rendered":"<p>&#8221;Az\u0259rbaycan Respublikas\u0131 Konstitusiyas\u0131nda d\u0259yi\u015fiklik edilm\u0259si haqq\u0131nda&#8221; referendum akt\u0131 layih\u0259sin\u0259 ilk n\u00f6vb\u0259d\u0259 Konstitusiyan\u0131n mahiyy\u0259ti bax\u0131m\u0131ndan qiym\u0259t verm\u0259k laz\u0131md\u0131r<\/p>\n","protected":false},"author":11,"featured_media":65151,"comment_status":"closed","ping_status":"open","sticky":false,"template":"","format":"standard","meta":{"_acf_changed":false,"_sitemap_exclude":false,"_sitemap_priority":"","_sitemap_frequency":"","footnotes":""},"categories":[51],"tags":[],"class_list":["post-178067","post","type-post","status-publish","format-standard","has-post-thumbnail","hentry","category-analitika","infinite-scroll-item","generate-columns","tablet-grid-50","mobile-grid-100","grid-parent","grid-33","no-featured-image-padding"],"acf":[],"yoast_head":"<!-- This site is optimized with the Yoast SEO plugin v27.5 - https:\/\/yoast.com\/product\/yoast-seo-wordpress\/ -->\n<title>\u0130st\u0259rdim onun aqib\u0259ti d\u0259 B\u0259\u015f\u0259r \u018fs\u0259din aqib\u0259tin\u0259 \u00e7evrilm\u0259sin - MEYDAN.TV<\/title>\n<meta name=\"robots\" content=\"index, follow, max-snippet:-1, max-image-preview:large, max-video-preview:-1\" \/>\n<link rel=\"canonical\" href=\"https:\/\/www.meydan.tv\/az\/article\/isterdim-onun-aqibeti-de-beser-esedin-aqibetine-cevrilmesin\/\" \/>\n<meta property=\"og:locale\" content=\"az_AZ\" \/>\n<meta property=\"og:type\" content=\"article\" \/>\n<meta property=\"og:title\" content=\"\u0130st\u0259rdim onun aqib\u0259ti d\u0259 B\u0259\u015f\u0259r \u018fs\u0259din aqib\u0259tin\u0259 \u00e7evrilm\u0259sin - MEYDAN.TV\" \/>\n<meta property=\"og:description\" content=\"&#039;&#039;Az\u0259rbaycan Respublikas\u0131 Konstitusiyas\u0131nda d\u0259yi\u015fiklik edilm\u0259si haqq\u0131nda&#039;&#039; referendum akt\u0131 layih\u0259sin\u0259 ilk n\u00f6vb\u0259d\u0259 Konstitusiyan\u0131n mahiyy\u0259ti bax\u0131m\u0131ndan qiym\u0259t verm\u0259k laz\u0131md\u0131r\" \/>\n<meta property=\"og:url\" content=\"https:\/\/www.meydan.tv\/az\/article\/isterdim-onun-aqibeti-de-beser-esedin-aqibetine-cevrilmesin\/\" \/>\n<meta property=\"og:site_name\" content=\"MEYDAN.TV\" \/>\n<meta property=\"article:published_time\" content=\"2016-08-10T20:05:41+00:00\" \/>\n<meta property=\"og:image\" content=\"https:\/\/www.meydan.tv\/wp-content\/uploads\/24857.jpg\" \/>\n\t<meta property=\"og:image:width\" content=\"750\" \/>\n\t<meta property=\"og:image:height\" content=\"500\" \/>\n\t<meta property=\"og:image:type\" content=\"image\/jpeg\" \/>\n<meta name=\"author\" content=\"user-manager\" \/>\n<meta name=\"twitter:card\" content=\"summary_large_image\" \/>\n<script type=\"application\/ld+json\" class=\"yoast-schema-graph\">{\"@context\":\"https:\\\/\\\/schema.org\",\"@graph\":[{\"@type\":\"Article\",\"@id\":\"https:\\\/\\\/www.meydan.tv\\\/az\\\/article\\\/isterdim-onun-aqibeti-de-beser-esedin-aqibetine-cevrilmesin\\\/#article\",\"isPartOf\":{\"@id\":\"https:\\\/\\\/www.meydan.tv\\\/az\\\/article\\\/isterdim-onun-aqibeti-de-beser-esedin-aqibetine-cevrilmesin\\\/\"},\"author\":{\"name\":\"user-manager\",\"@id\":\"https:\\\/\\\/www.meydan.tv\\\/az\\\/#\\\/schema\\\/person\\\/10d11eccf6da3662cf5fdab9806ea91a\"},\"headline\":\"\u0130st\u0259rdim onun aqib\u0259ti d\u0259 B\u0259\u015f\u0259r \u018fs\u0259din aqib\u0259tin\u0259 \u00e7evrilm\u0259sin\",\"datePublished\":\"2016-08-10T20:05:41+00:00\",\"mainEntityOfPage\":{\"@id\":\"https:\\\/\\\/www.meydan.tv\\\/az\\\/article\\\/isterdim-onun-aqibeti-de-beser-esedin-aqibetine-cevrilmesin\\\/\"},\"wordCount\":3790,\"publisher\":{\"@id\":\"https:\\\/\\\/www.meydan.tv\\\/az\\\/#organization\"},\"image\":{\"@id\":\"https:\\\/\\\/www.meydan.tv\\\/az\\\/article\\\/isterdim-onun-aqibeti-de-beser-esedin-aqibetine-cevrilmesin\\\/#primaryimage\"},\"thumbnailUrl\":\"https:\\\/\\\/www.meydan.tv\\\/wp-content\\\/uploads\\\/24857.jpg\",\"articleSection\":[\"Analitika\"],\"inLanguage\":\"az\"},{\"@type\":\"WebPage\",\"@id\":\"https:\\\/\\\/www.meydan.tv\\\/az\\\/article\\\/isterdim-onun-aqibeti-de-beser-esedin-aqibetine-cevrilmesin\\\/\",\"url\":\"https:\\\/\\\/www.meydan.tv\\\/az\\\/article\\\/isterdim-onun-aqibeti-de-beser-esedin-aqibetine-cevrilmesin\\\/\",\"name\":\"\u0130st\u0259rdim onun aqib\u0259ti d\u0259 B\u0259\u015f\u0259r \u018fs\u0259din aqib\u0259tin\u0259 \u00e7evrilm\u0259sin - MEYDAN.TV\",\"isPartOf\":{\"@id\":\"https:\\\/\\\/www.meydan.tv\\\/az\\\/#website\"},\"primaryImageOfPage\":{\"@id\":\"https:\\\/\\\/www.meydan.tv\\\/az\\\/article\\\/isterdim-onun-aqibeti-de-beser-esedin-aqibetine-cevrilmesin\\\/#primaryimage\"},\"image\":{\"@id\":\"https:\\\/\\\/www.meydan.tv\\\/az\\\/article\\\/isterdim-onun-aqibeti-de-beser-esedin-aqibetine-cevrilmesin\\\/#primaryimage\"},\"thumbnailUrl\":\"https:\\\/\\\/www.meydan.tv\\\/wp-content\\\/uploads\\\/24857.jpg\",\"datePublished\":\"2016-08-10T20:05:41+00:00\",\"breadcrumb\":{\"@id\":\"https:\\\/\\\/www.meydan.tv\\\/az\\\/article\\\/isterdim-onun-aqibeti-de-beser-esedin-aqibetine-cevrilmesin\\\/#breadcrumb\"},\"inLanguage\":\"az\",\"potentialAction\":[{\"@type\":\"ReadAction\",\"target\":[\"https:\\\/\\\/www.meydan.tv\\\/az\\\/article\\\/isterdim-onun-aqibeti-de-beser-esedin-aqibetine-cevrilmesin\\\/\"]}]},{\"@type\":\"ImageObject\",\"inLanguage\":\"az\",\"@id\":\"https:\\\/\\\/www.meydan.tv\\\/az\\\/article\\\/isterdim-onun-aqibeti-de-beser-esedin-aqibetine-cevrilmesin\\\/#primaryimage\",\"url\":\"https:\\\/\\\/www.meydan.tv\\\/wp-content\\\/uploads\\\/24857.jpg\",\"contentUrl\":\"https:\\\/\\\/www.meydan.tv\\\/wp-content\\\/uploads\\\/24857.jpg\",\"width\":750,\"height\":500,\"caption\":\"Source:\"},{\"@type\":\"BreadcrumbList\",\"@id\":\"https:\\\/\\\/www.meydan.tv\\\/az\\\/article\\\/isterdim-onun-aqibeti-de-beser-esedin-aqibetine-cevrilmesin\\\/#breadcrumb\",\"itemListElement\":[{\"@type\":\"ListItem\",\"position\":1,\"name\":\"Ana s\u0259hif\u0259\",\"item\":\"https:\\\/\\\/www.meydan.tv\\\/az\\\/\"},{\"@type\":\"ListItem\",\"position\":2,\"name\":\"Analitika\",\"item\":\"https:\\\/\\\/www.meydan.tv\\\/az\\\/section\\\/analitika\\\/\"},{\"@type\":\"ListItem\",\"position\":3,\"name\":\"\u0130st\u0259rdim onun aqib\u0259ti d\u0259 B\u0259\u015f\u0259r \u018fs\u0259din aqib\u0259tin\u0259 \u00e7evrilm\u0259sin\"}]},{\"@type\":\"WebSite\",\"@id\":\"https:\\\/\\\/www.meydan.tv\\\/az\\\/#website\",\"url\":\"https:\\\/\\\/www.meydan.tv\\\/az\\\/\",\"name\":\"MEYDAN.TV\",\"description\":\"Meydan TV Az\u0259rbaycan\u0131n media m\u0259kan\u0131ndak\u0131 alternativ s\u0259sidir\",\"publisher\":{\"@id\":\"https:\\\/\\\/www.meydan.tv\\\/az\\\/#organization\"},\"potentialAction\":[{\"@type\":\"SearchAction\",\"target\":{\"@type\":\"EntryPoint\",\"urlTemplate\":\"https:\\\/\\\/www.meydan.tv\\\/az\\\/?s={search_term_string}\"},\"query-input\":{\"@type\":\"PropertyValueSpecification\",\"valueRequired\":true,\"valueName\":\"search_term_string\"}}],\"inLanguage\":\"az\"},{\"@type\":\"Organization\",\"@id\":\"https:\\\/\\\/www.meydan.tv\\\/az\\\/#organization\",\"name\":\"Meydan TV\",\"url\":\"https:\\\/\\\/www.meydan.tv\\\/az\\\/\",\"logo\":{\"@type\":\"ImageObject\",\"inLanguage\":\"az\",\"@id\":\"https:\\\/\\\/www.meydan.tv\\\/az\\\/#\\\/schema\\\/logo\\\/image\\\/\",\"url\":\"https:\\\/\\\/www.meydan.tv\\\/wp-content\\\/uploads\\\/2021\\\/07\\\/meydan-logo.svg\",\"contentUrl\":\"https:\\\/\\\/www.meydan.tv\\\/wp-content\\\/uploads\\\/2021\\\/07\\\/meydan-logo.svg\",\"width\":195,\"height\":46,\"caption\":\"Meydan TV\"},\"image\":{\"@id\":\"https:\\\/\\\/www.meydan.tv\\\/az\\\/#\\\/schema\\\/logo\\\/image\\\/\"}},{\"@type\":\"Person\",\"@id\":\"https:\\\/\\\/www.meydan.tv\\\/az\\\/#\\\/schema\\\/person\\\/10d11eccf6da3662cf5fdab9806ea91a\",\"name\":\"user-manager\"}]}<\/script>\n<!-- \/ Yoast SEO plugin. -->","yoast_head_json":{"title":"\u0130st\u0259rdim onun aqib\u0259ti d\u0259 B\u0259\u015f\u0259r \u018fs\u0259din aqib\u0259tin\u0259 \u00e7evrilm\u0259sin - MEYDAN.TV","robots":{"index":"index","follow":"follow","max-snippet":"max-snippet:-1","max-image-preview":"max-image-preview:large","max-video-preview":"max-video-preview:-1"},"canonical":"https:\/\/www.meydan.tv\/az\/article\/isterdim-onun-aqibeti-de-beser-esedin-aqibetine-cevrilmesin\/","og_locale":"az_AZ","og_type":"article","og_title":"\u0130st\u0259rdim onun aqib\u0259ti d\u0259 B\u0259\u015f\u0259r \u018fs\u0259din aqib\u0259tin\u0259 \u00e7evrilm\u0259sin - MEYDAN.TV","og_description":"''Az\u0259rbaycan Respublikas\u0131 Konstitusiyas\u0131nda d\u0259yi\u015fiklik edilm\u0259si haqq\u0131nda'' referendum akt\u0131 layih\u0259sin\u0259 ilk n\u00f6vb\u0259d\u0259 Konstitusiyan\u0131n mahiyy\u0259ti bax\u0131m\u0131ndan qiym\u0259t verm\u0259k laz\u0131md\u0131r","og_url":"https:\/\/www.meydan.tv\/az\/article\/isterdim-onun-aqibeti-de-beser-esedin-aqibetine-cevrilmesin\/","og_site_name":"MEYDAN.TV","article_published_time":"2016-08-10T20:05:41+00:00","og_image":[{"width":750,"height":500,"url":"https:\/\/www.meydan.tv\/wp-content\/uploads\/24857.jpg","type":"image\/jpeg"}],"author":"user-manager","twitter_card":"summary_large_image","schema":{"@context":"https:\/\/schema.org","@graph":[{"@type":"Article","@id":"https:\/\/www.meydan.tv\/az\/article\/isterdim-onun-aqibeti-de-beser-esedin-aqibetine-cevrilmesin\/#article","isPartOf":{"@id":"https:\/\/www.meydan.tv\/az\/article\/isterdim-onun-aqibeti-de-beser-esedin-aqibetine-cevrilmesin\/"},"author":{"name":"user-manager","@id":"https:\/\/www.meydan.tv\/az\/#\/schema\/person\/10d11eccf6da3662cf5fdab9806ea91a"},"headline":"\u0130st\u0259rdim onun aqib\u0259ti d\u0259 B\u0259\u015f\u0259r \u018fs\u0259din aqib\u0259tin\u0259 \u00e7evrilm\u0259sin","datePublished":"2016-08-10T20:05:41+00:00","mainEntityOfPage":{"@id":"https:\/\/www.meydan.tv\/az\/article\/isterdim-onun-aqibeti-de-beser-esedin-aqibetine-cevrilmesin\/"},"wordCount":3790,"publisher":{"@id":"https:\/\/www.meydan.tv\/az\/#organization"},"image":{"@id":"https:\/\/www.meydan.tv\/az\/article\/isterdim-onun-aqibeti-de-beser-esedin-aqibetine-cevrilmesin\/#primaryimage"},"thumbnailUrl":"https:\/\/www.meydan.tv\/wp-content\/uploads\/24857.jpg","articleSection":["Analitika"],"inLanguage":"az"},{"@type":"WebPage","@id":"https:\/\/www.meydan.tv\/az\/article\/isterdim-onun-aqibeti-de-beser-esedin-aqibetine-cevrilmesin\/","url":"https:\/\/www.meydan.tv\/az\/article\/isterdim-onun-aqibeti-de-beser-esedin-aqibetine-cevrilmesin\/","name":"\u0130st\u0259rdim onun aqib\u0259ti d\u0259 B\u0259\u015f\u0259r \u018fs\u0259din aqib\u0259tin\u0259 \u00e7evrilm\u0259sin - MEYDAN.TV","isPartOf":{"@id":"https:\/\/www.meydan.tv\/az\/#website"},"primaryImageOfPage":{"@id":"https:\/\/www.meydan.tv\/az\/article\/isterdim-onun-aqibeti-de-beser-esedin-aqibetine-cevrilmesin\/#primaryimage"},"image":{"@id":"https:\/\/www.meydan.tv\/az\/article\/isterdim-onun-aqibeti-de-beser-esedin-aqibetine-cevrilmesin\/#primaryimage"},"thumbnailUrl":"https:\/\/www.meydan.tv\/wp-content\/uploads\/24857.jpg","datePublished":"2016-08-10T20:05:41+00:00","breadcrumb":{"@id":"https:\/\/www.meydan.tv\/az\/article\/isterdim-onun-aqibeti-de-beser-esedin-aqibetine-cevrilmesin\/#breadcrumb"},"inLanguage":"az","potentialAction":[{"@type":"ReadAction","target":["https:\/\/www.meydan.tv\/az\/article\/isterdim-onun-aqibeti-de-beser-esedin-aqibetine-cevrilmesin\/"]}]},{"@type":"ImageObject","inLanguage":"az","@id":"https:\/\/www.meydan.tv\/az\/article\/isterdim-onun-aqibeti-de-beser-esedin-aqibetine-cevrilmesin\/#primaryimage","url":"https:\/\/www.meydan.tv\/wp-content\/uploads\/24857.jpg","contentUrl":"https:\/\/www.meydan.tv\/wp-content\/uploads\/24857.jpg","width":750,"height":500,"caption":"Source:"},{"@type":"BreadcrumbList","@id":"https:\/\/www.meydan.tv\/az\/article\/isterdim-onun-aqibeti-de-beser-esedin-aqibetine-cevrilmesin\/#breadcrumb","itemListElement":[{"@type":"ListItem","position":1,"name":"Ana s\u0259hif\u0259","item":"https:\/\/www.meydan.tv\/az\/"},{"@type":"ListItem","position":2,"name":"Analitika","item":"https:\/\/www.meydan.tv\/az\/section\/analitika\/"},{"@type":"ListItem","position":3,"name":"\u0130st\u0259rdim onun aqib\u0259ti d\u0259 B\u0259\u015f\u0259r \u018fs\u0259din aqib\u0259tin\u0259 \u00e7evrilm\u0259sin"}]},{"@type":"WebSite","@id":"https:\/\/www.meydan.tv\/az\/#website","url":"https:\/\/www.meydan.tv\/az\/","name":"MEYDAN.TV","description":"Meydan TV Az\u0259rbaycan\u0131n media m\u0259kan\u0131ndak\u0131 alternativ s\u0259sidir","publisher":{"@id":"https:\/\/www.meydan.tv\/az\/#organization"},"potentialAction":[{"@type":"SearchAction","target":{"@type":"EntryPoint","urlTemplate":"https:\/\/www.meydan.tv\/az\/?s={search_term_string}"},"query-input":{"@type":"PropertyValueSpecification","valueRequired":true,"valueName":"search_term_string"}}],"inLanguage":"az"},{"@type":"Organization","@id":"https:\/\/www.meydan.tv\/az\/#organization","name":"Meydan TV","url":"https:\/\/www.meydan.tv\/az\/","logo":{"@type":"ImageObject","inLanguage":"az","@id":"https:\/\/www.meydan.tv\/az\/#\/schema\/logo\/image\/","url":"https:\/\/www.meydan.tv\/wp-content\/uploads\/2021\/07\/meydan-logo.svg","contentUrl":"https:\/\/www.meydan.tv\/wp-content\/uploads\/2021\/07\/meydan-logo.svg","width":195,"height":46,"caption":"Meydan TV"},"image":{"@id":"https:\/\/www.meydan.tv\/az\/#\/schema\/logo\/image\/"}},{"@type":"Person","@id":"https:\/\/www.meydan.tv\/az\/#\/schema\/person\/10d11eccf6da3662cf5fdab9806ea91a","name":"user-manager"}]}},"_links":{"self":[{"href":"https:\/\/www.meydan.tv\/az\/wp-json\/wp\/v2\/posts\/178067","targetHints":{"allow":["GET"]}}],"collection":[{"href":"https:\/\/www.meydan.tv\/az\/wp-json\/wp\/v2\/posts"}],"about":[{"href":"https:\/\/www.meydan.tv\/az\/wp-json\/wp\/v2\/types\/post"}],"author":[{"embeddable":true,"href":"https:\/\/www.meydan.tv\/az\/wp-json\/wp\/v2\/users\/11"}],"replies":[{"embeddable":true,"href":"https:\/\/www.meydan.tv\/az\/wp-json\/wp\/v2\/comments?post=178067"}],"version-history":[{"count":0,"href":"https:\/\/www.meydan.tv\/az\/wp-json\/wp\/v2\/posts\/178067\/revisions"}],"wp:featuredmedia":[{"embeddable":true,"href":"https:\/\/www.meydan.tv\/az\/wp-json\/wp\/v2\/media\/65151"}],"wp:attachment":[{"href":"https:\/\/www.meydan.tv\/az\/wp-json\/wp\/v2\/media?parent=178067"}],"wp:term":[{"taxonomy":"category","embeddable":true,"href":"https:\/\/www.meydan.tv\/az\/wp-json\/wp\/v2\/categories?post=178067"},{"taxonomy":"post_tag","embeddable":true,"href":"https:\/\/www.meydan.tv\/az\/wp-json\/wp\/v2\/tags?post=178067"}],"curies":[{"name":"wp","href":"https:\/\/api.w.org\/{rel}","templated":true}]}}