{"id":178062,"date":"2016-08-10T18:26:13","date_gmt":"2016-08-10T18:26:13","guid":{"rendered":"https:\/\/www.meydan.tv\/article\/cavusoglu-qarabag-munaqisesi-regionda-sabitlik-ve-tehlukesizliye-qorxu-toredir\/"},"modified":"2016-08-10T18:26:13","modified_gmt":"2016-08-10T18:26:13","slug":"cavusoglu-qarabag-munaqisesi-regionda-sabitlik-ve-tehlukesizliye-qorxu-toredir","status":"publish","type":"post","link":"https:\/\/www.meydan.tv\/az\/article\/cavusoglu-qarabag-munaqisesi-regionda-sabitlik-ve-tehlukesizliye-qorxu-toredir\/","title":{"rendered":"\u00c7avu\u015fo\u011flu: Qaraba\u011f m\u00fcnaqi\u015f\u0259si regionda sabitlik v\u0259 t\u0259hl\u00fck\u0259sizliy\u0259 qorxu t\u00f6r\u0259dir"},"content":{"rendered":"<figure class=\"wp-block-image size-large\">\n  <img decoding=\"async\" src=\"https:\/\/www.meydan.tv\/az\/movlud-cavusoglu\/\" alt=\"M\u00f6vlud \u00c7avu\u015fo\u011flu\" class=\"wp-image-65133\"\/><figcaption>\n    M\u00f6vlud \u00c7avu\u015fo\u011flu<br \/>\n  <\/figcaption><\/figure>\n<p>\n  <i><br \/>\n    Az\u0259r Qas\u0131ml\u0131: &#8221;\u0130ctimaiyy\u0259t\u0259 m\u0259lumat verilm\u0259d\u0259n lokal proses ba\u015flayacaq&#8221;<br \/>\n  <\/i>\n<\/p>\n<p>\n  T\u00fcrkiy\u0259nin xarici i\u015fl\u0259r naziri M\u00f6vlud \u00c7avu\u015fo\u011flu T\u00fcrkiy\u0259-Rusiya-Az\u0259rbaycan \u00fc\u00e7t\u0259r\u0259fli mexanizminin formala\u015fmas\u0131 m\u00f6vzusunu \u015f\u0259rh edib. \u201cAnadolu\u201d agentliyinin m\u00fcxbiri il\u0259 s\u00f6hb\u0259tind\u0259 o, diqq\u0259ti T\u00fcrkiy\u0259-Rusiya-\u0130ran mexanizminin olmas\u0131na y\u00f6n\u0259ldib.\n<\/p>\n<p>\n  \u201cBiz Moskva, Ankara v\u0259 Bak\u0131n\u0131n i\u015ftirak\u0131 il\u0259 ox\u015far \u00fc\u00e7t\u0259r\u0259fli format\u0131n yarad\u0131lmas\u0131n\u0131n m\u00fcmk\u00fcnl\u00fcy\u00fcn\u00fc b\u0259yan etmi\u015fik.<br \/>\n  <br \/>\n  Az\u0259rbaycan bu t\u0259klifi m\u00fcsb\u0259t qar\u015f\u0131lay\u0131b, prezident \u018frdo\u011fan is\u0259 bu bar\u0259d\u0259 Putin\u0259 dey\u0259nd\u0259 o, d\u0259rhal t\u0259klifi q\u0259bul etdi\u201d, &#8211; \u00c7avu\u015fo\u011flu vur\u011fulay\u0131b.\n<\/p>\n<p>\n  C\u0259nubi Qafqazda v\u0259ziyy\u0259t\u0259 toxunan nazir deyib ki, \u201cQaraba\u011f m\u00fcnaqi\u015f\u0259si regionda sabitlik v\u0259 t\u0259hl\u00fck\u0259sizliy\u0259 qorxu t\u00f6r\u0259dir. Biz bundan \u0259vv\u0259l d\u0259 m\u00fcnaqi\u015f\u0259nin nizamlanmas\u0131na s\u0259y g\u00f6st\u0259rmi\u015fik\u201d, -dey\u0259nazir bildirib.\n<\/p>\n<p>\n  \u00c7avu\u015fo\u011flu \u0259lav\u0259 edib ki, Rusiya da Erm\u0259nistan-Az\u0259rbaycan m\u00fcnaqi\u015f\u0259sil\u0259 ba\u011fl\u0131 m\u00fcvafiq t\u0259\u015f\u0259bb\u00fcsl\u0259 \u00e7\u0131x\u0131\u015f edir.<br \/>\n  <br \/>\n  \u201cBiz Rusiyan\u0131n t\u0259klifini n\u0259z\u0259rd\u0259n ke\u00e7iririk. Bu t\u0259\u015f\u0259bb\u00fcsl\u0259r m\u00fcnaqi\u015f\u0259nin nizamlanmas\u0131 kontekstind\u0259 Erm\u0259nistana t\u0259klif etdiyimiz t\u0259\u015f\u0259bb\u00fcsl\u0259rl\u0259 \u00fcst-\u00fcst\u0259 d\u00fc\u015f\u00fcr. H\u0259m rusiyal\u0131, h\u0259m d\u0259 az\u0259rbaycanl\u0131 qarda\u015flar Ankaran\u0131n m\u00fcnaqi\u015f\u0259nin h\u0259llin\u0259 m\u00fcmk\u00fcn q\u0259d\u0259r t\u00f6hf\u0259 verm\u0259sin\u0259 t\u0259r\u0259fdard\u0131r. Biz m\u00fcnaqi\u015f\u0259nin nizamlanmas\u0131 istiqam\u0259tind\u0259 bizd\u0259n as\u0131l\u0131 olan h\u0259r \u015feyi ed\u0259c\u0259yik\u201d, &#8211; T\u00fcrkiy\u0259 X\u0130N r\u0259hb\u0259ri bildirib.\n<\/p>\n<p>\n  M\u00f6vlud \u00c7avu\u015fo\u011flunun a\u00e7\u0131qlamas\u0131n\u0131 Meydan TV-y\u0259 \u015f\u0259rh ed\u0259n ReAL H\u0259r\u0259kat\u0131 s\u0259drinin siyasi m\u0259s\u0259l\u0259l\u0259r \u00fczr\u0259 katibi Az\u0259r Qas\u0131ml\u0131 hesab edir ki, yaln\u0131z m\u00fc\u0259yy\u0259n \u015f\u0259rtl\u0259r daxilind\u0259 Moskva Ankaran\u0131n Qaraba\u011f m\u00fcnaqi\u015f\u0259sinin nizamlanmas\u0131na qo\u015fula bil\u0259r: \u201cM\u0259s\u0259l\u0259 ondad\u0131r ki, T\u00fcrkiy\u0259 Minsk Qrupu \u00e7\u0259r\u00e7iv\u0259sind\u0259 proses\u0259 qat\u0131lmayacaq, Rusiya v\u0259 dig\u0259r h\u0259ms\u0259dr d\u00f6vl\u0259tl\u0259ri d\u0259 he\u00e7 bir halda buna izn verm\u0259z\u201d.\n<\/p>\n<figure class=\"wp-block-image size-large\">\n  <img decoding=\"async\" src=\"https:\/\/www.meydan.tv\/az\/65129\/\" alt=\"\" class=\"wp-image-65129\"\/><figcaption>\n    Az\u0259r Qas\u0131ml\u0131<br \/>\n  <\/figcaption><\/figure>\n<p>\n  A.Qas\u0131ml\u0131 bildirdi ki, Rusiya haz\u0131rda Qaraba\u011f dan\u0131\u015f\u0131qlar\u0131n\u0131 Minsk Qrupu \u00e7\u0259r\u00e7iv\u0259sind\u0259n \u00e7\u0131xartma\u011fa \u00e7al\u0131\u015f\u0131r: &#8220;Moskva \u00f6z\u00fcn\u00fcn moderatorlu\u011fu alt\u0131nda Az\u0259rbaycan v\u0259 Erm\u0259nistan\u0131 hans\u0131sa bir bar\u0131\u015f\u0131\u011fa g\u0259tirm\u0259k niyy\u0259ti g\u00fcd\u00fcr. Rusiyan\u0131n h\u0259rbi bazalar\u0131n yerl\u0259\u015fdirilm\u0259si, b\u00f6lg\u0259y\u0259 \u00f6z s\u00fclhm\u0259raml\u0131lar\u0131n\u0131 yerl\u0259\u015fdirm\u0259k kimi \u015f\u0259rtl\u0259ri a\u011f\u0131r v\u0259 q\u0259buledilm\u0259zdir. Haz\u0131rda qlobal s\u0259viyy\u0259d\u0259 siyasi gedi\u015fatda g\u0259rginlikl\u0259r ya\u015fan\u0131r, m\u0259n 15 iyul T\u00fcrkiy\u0259 olaylar\u0131ndan sonra Ankarayla Q\u0259rbin AB\u015e v\u0259 Avropa Birliyi m\u00fcnasib\u0259tl\u0259rind\u0259ki durumu n\u0259z\u0259rd\u0259 tuturam. Bu is\u0259 \u018frdo\u011fan hakimiyy\u0259tini Rusiyayla daha yax\u0131n olma\u011fa s\u00f6vq edir v\u0259 gedi\u015fat Rusiya, Az\u0259rbaycan v\u0259 T\u00fcrkiy\u0259 \u00fc\u00e7bucaq avtoritar rejiml\u0259rinin \u0259m\u0259kda\u015fl\u0131\u011f\u0131na do\u011fru istiqam\u0259tl\u0259nir. Erm\u0259nistan da bu s\u0131radad\u0131r, sad\u0259c\u0259, bu \u00f6lk\u0259 Moskvan\u0131n t\u0259siri alt\u0131nda oldu\u011fundan ad\u0131n\u0131 \u00e7\u0259km\u0259dim. Bel\u0259likl\u0259, Rusiya T\u00fcrkiy\u0259ni Minsk Qrupuna buraxmadan Qaraba\u011f probleminin nizamlanmas\u0131nda Ankaradan n\u0259s\u0259 qopartmaq ist\u0259yir. \u0130ndi suallar yaran\u0131r, Ankara Moskvan\u0131n \u015f\u0259rtl\u0259riyl\u0259 raz\u0131la\u015facaqm\u0131, Qaraba\u011f T\u00fcrkiy\u0259 \u00fc\u00e7\u00fcn n\u0259 q\u0259d\u0259r \u00f6n\u0259mlidir v\u0259 sair\u201d.\n<\/p>\n<p>\n  \u201cD\u00fc\u015f\u00fcn\u00fcr\u0259m ki, ictimaiyy\u0259t\u0259 m\u0259lumat verilm\u0259d\u0259n lokal proses ba\u015flayacaq, amma n\u0259tic\u0259si olaca\u011f\u0131na inanm\u0131ram. \u00c7\u00fcnki NATO \u00fczv\u00fc olmas\u0131, \u0130ncirlik Bazas\u0131, Bo\u011fazlar m\u0259s\u0259l\u0259si v\u0259 n\u0259hay\u0259t, Avropa Birliyi v\u0259 Amerikayla ticar\u0259t \u0259laq\u0259l\u0259rinin \u0259hat\u0259li olmas\u0131 T\u00fcrkiy\u0259nin Rusiyayla daha d\u0259rin \u0259m\u0259kda\u015fl\u0131\u011fa getm\u0259k imkanlar\u0131n\u0131 m\u0259hdudla\u015fd\u0131r\u0131r&#8221;, &#8211; dey\u0259 A.Qas\u0131ml\u0131 bildirib.<\/p>\n","protected":false},"excerpt":{"rendered":"<p>Az\u0259r Qas\u0131ml\u0131: &#8221;\u0130ctimaiyy\u0259t\u0259 m\u0259lumat verilm\u0259d\u0259n lokal proses ba\u015flayacaq&#8221;<\/p>\n","protected":false},"author":11,"featured_media":65133,"comment_status":"closed","ping_status":"open","sticky":false,"template":"","format":"standard","meta":{"_acf_changed":false,"_sitemap_exclude":false,"_sitemap_priority":"","_sitemap_frequency":"","footnotes":""},"categories":[51],"tags":[],"class_list":["post-178062","post","type-post","status-publish","format-standard","has-post-thumbnail","hentry","category-analitika","infinite-scroll-item","generate-columns","tablet-grid-50","mobile-grid-100","grid-parent","grid-33","no-featured-image-padding"],"acf":[],"yoast_head":"<!-- This site is optimized with the Yoast SEO plugin v27.5 - https:\/\/yoast.com\/product\/yoast-seo-wordpress\/ -->\n<title>\u00c7avu\u015fo\u011flu: Qaraba\u011f m\u00fcnaqi\u015f\u0259si regionda sabitlik v\u0259 t\u0259hl\u00fck\u0259sizliy\u0259 qorxu t\u00f6r\u0259dir - MEYDAN.TV<\/title>\n<meta name=\"robots\" content=\"index, follow, max-snippet:-1, max-image-preview:large, max-video-preview:-1\" \/>\n<link rel=\"canonical\" href=\"https:\/\/www.meydan.tv\/az\/article\/cavusoglu-qarabag-munaqisesi-regionda-sabitlik-ve-tehlukesizliye-qorxu-toredir\/\" \/>\n<meta property=\"og:locale\" content=\"az_AZ\" \/>\n<meta property=\"og:type\" content=\"article\" \/>\n<meta property=\"og:title\" content=\"\u00c7avu\u015fo\u011flu: Qaraba\u011f m\u00fcnaqi\u015f\u0259si regionda sabitlik v\u0259 t\u0259hl\u00fck\u0259sizliy\u0259 qorxu t\u00f6r\u0259dir - MEYDAN.TV\" \/>\n<meta property=\"og:description\" content=\"Az\u0259r Qas\u0131ml\u0131: &#039;&#039;\u0130ctimaiyy\u0259t\u0259 m\u0259lumat verilm\u0259d\u0259n lokal proses ba\u015flayacaq&#039;&#039;\" \/>\n<meta property=\"og:url\" content=\"https:\/\/www.meydan.tv\/az\/article\/cavusoglu-qarabag-munaqisesi-regionda-sabitlik-ve-tehlukesizliye-qorxu-toredir\/\" \/>\n<meta property=\"og:site_name\" content=\"MEYDAN.TV\" \/>\n<meta property=\"article:published_time\" content=\"2016-08-10T18:26:13+00:00\" \/>\n<meta property=\"og:image\" content=\"https:\/\/www.meydan.tv\/wp-content\/uploads\/24850.jpg\" \/>\n\t<meta property=\"og:image:width\" content=\"768\" \/>\n\t<meta property=\"og:image:height\" content=\"404\" \/>\n\t<meta property=\"og:image:type\" content=\"image\/jpeg\" \/>\n<meta name=\"author\" content=\"user-manager\" \/>\n<meta name=\"twitter:card\" content=\"summary_large_image\" \/>\n<script type=\"application\/ld+json\" class=\"yoast-schema-graph\">{\"@context\":\"https:\\\/\\\/schema.org\",\"@graph\":[{\"@type\":\"Article\",\"@id\":\"https:\\\/\\\/www.meydan.tv\\\/az\\\/article\\\/cavusoglu-qarabag-munaqisesi-regionda-sabitlik-ve-tehlukesizliye-qorxu-toredir\\\/#article\",\"isPartOf\":{\"@id\":\"https:\\\/\\\/www.meydan.tv\\\/az\\\/article\\\/cavusoglu-qarabag-munaqisesi-regionda-sabitlik-ve-tehlukesizliye-qorxu-toredir\\\/\"},\"author\":{\"name\":\"user-manager\",\"@id\":\"https:\\\/\\\/www.meydan.tv\\\/az\\\/#\\\/schema\\\/person\\\/10d11eccf6da3662cf5fdab9806ea91a\"},\"headline\":\"\u00c7avu\u015fo\u011flu: Qaraba\u011f m\u00fcnaqi\u015f\u0259si regionda sabitlik v\u0259 t\u0259hl\u00fck\u0259sizliy\u0259 qorxu t\u00f6r\u0259dir\",\"datePublished\":\"2016-08-10T18:26:13+00:00\",\"mainEntityOfPage\":{\"@id\":\"https:\\\/\\\/www.meydan.tv\\\/az\\\/article\\\/cavusoglu-qarabag-munaqisesi-regionda-sabitlik-ve-tehlukesizliye-qorxu-toredir\\\/\"},\"wordCount\":704,\"publisher\":{\"@id\":\"https:\\\/\\\/www.meydan.tv\\\/az\\\/#organization\"},\"image\":{\"@id\":\"https:\\\/\\\/www.meydan.tv\\\/az\\\/article\\\/cavusoglu-qarabag-munaqisesi-regionda-sabitlik-ve-tehlukesizliye-qorxu-toredir\\\/#primaryimage\"},\"thumbnailUrl\":\"https:\\\/\\\/www.meydan.tv\\\/wp-content\\\/uploads\\\/24850.jpg\",\"articleSection\":[\"Analitika\"],\"inLanguage\":\"az\"},{\"@type\":\"WebPage\",\"@id\":\"https:\\\/\\\/www.meydan.tv\\\/az\\\/article\\\/cavusoglu-qarabag-munaqisesi-regionda-sabitlik-ve-tehlukesizliye-qorxu-toredir\\\/\",\"url\":\"https:\\\/\\\/www.meydan.tv\\\/az\\\/article\\\/cavusoglu-qarabag-munaqisesi-regionda-sabitlik-ve-tehlukesizliye-qorxu-toredir\\\/\",\"name\":\"\u00c7avu\u015fo\u011flu: Qaraba\u011f m\u00fcnaqi\u015f\u0259si regionda sabitlik v\u0259 t\u0259hl\u00fck\u0259sizliy\u0259 qorxu t\u00f6r\u0259dir - MEYDAN.TV\",\"isPartOf\":{\"@id\":\"https:\\\/\\\/www.meydan.tv\\\/az\\\/#website\"},\"primaryImageOfPage\":{\"@id\":\"https:\\\/\\\/www.meydan.tv\\\/az\\\/article\\\/cavusoglu-qarabag-munaqisesi-regionda-sabitlik-ve-tehlukesizliye-qorxu-toredir\\\/#primaryimage\"},\"image\":{\"@id\":\"https:\\\/\\\/www.meydan.tv\\\/az\\\/article\\\/cavusoglu-qarabag-munaqisesi-regionda-sabitlik-ve-tehlukesizliye-qorxu-toredir\\\/#primaryimage\"},\"thumbnailUrl\":\"https:\\\/\\\/www.meydan.tv\\\/wp-content\\\/uploads\\\/24850.jpg\",\"datePublished\":\"2016-08-10T18:26:13+00:00\",\"breadcrumb\":{\"@id\":\"https:\\\/\\\/www.meydan.tv\\\/az\\\/article\\\/cavusoglu-qarabag-munaqisesi-regionda-sabitlik-ve-tehlukesizliye-qorxu-toredir\\\/#breadcrumb\"},\"inLanguage\":\"az\",\"potentialAction\":[{\"@type\":\"ReadAction\",\"target\":[\"https:\\\/\\\/www.meydan.tv\\\/az\\\/article\\\/cavusoglu-qarabag-munaqisesi-regionda-sabitlik-ve-tehlukesizliye-qorxu-toredir\\\/\"]}]},{\"@type\":\"ImageObject\",\"inLanguage\":\"az\",\"@id\":\"https:\\\/\\\/www.meydan.tv\\\/az\\\/article\\\/cavusoglu-qarabag-munaqisesi-regionda-sabitlik-ve-tehlukesizliye-qorxu-toredir\\\/#primaryimage\",\"url\":\"https:\\\/\\\/www.meydan.tv\\\/wp-content\\\/uploads\\\/24850.jpg\",\"contentUrl\":\"https:\\\/\\\/www.meydan.tv\\\/wp-content\\\/uploads\\\/24850.jpg\",\"width\":768,\"height\":404,\"caption\":\"Source:\"},{\"@type\":\"BreadcrumbList\",\"@id\":\"https:\\\/\\\/www.meydan.tv\\\/az\\\/article\\\/cavusoglu-qarabag-munaqisesi-regionda-sabitlik-ve-tehlukesizliye-qorxu-toredir\\\/#breadcrumb\",\"itemListElement\":[{\"@type\":\"ListItem\",\"position\":1,\"name\":\"Ana s\u0259hif\u0259\",\"item\":\"https:\\\/\\\/www.meydan.tv\\\/az\\\/\"},{\"@type\":\"ListItem\",\"position\":2,\"name\":\"Analitika\",\"item\":\"https:\\\/\\\/www.meydan.tv\\\/az\\\/section\\\/analitika\\\/\"},{\"@type\":\"ListItem\",\"position\":3,\"name\":\"\u00c7avu\u015fo\u011flu: Qaraba\u011f m\u00fcnaqi\u015f\u0259si regionda sabitlik v\u0259 t\u0259hl\u00fck\u0259sizliy\u0259 qorxu t\u00f6r\u0259dir\"}]},{\"@type\":\"WebSite\",\"@id\":\"https:\\\/\\\/www.meydan.tv\\\/az\\\/#website\",\"url\":\"https:\\\/\\\/www.meydan.tv\\\/az\\\/\",\"name\":\"MEYDAN.TV\",\"description\":\"Meydan TV Az\u0259rbaycan\u0131n media m\u0259kan\u0131ndak\u0131 alternativ s\u0259sidir\",\"publisher\":{\"@id\":\"https:\\\/\\\/www.meydan.tv\\\/az\\\/#organization\"},\"potentialAction\":[{\"@type\":\"SearchAction\",\"target\":{\"@type\":\"EntryPoint\",\"urlTemplate\":\"https:\\\/\\\/www.meydan.tv\\\/az\\\/?s={search_term_string}\"},\"query-input\":{\"@type\":\"PropertyValueSpecification\",\"valueRequired\":true,\"valueName\":\"search_term_string\"}}],\"inLanguage\":\"az\"},{\"@type\":\"Organization\",\"@id\":\"https:\\\/\\\/www.meydan.tv\\\/az\\\/#organization\",\"name\":\"Meydan TV\",\"url\":\"https:\\\/\\\/www.meydan.tv\\\/az\\\/\",\"logo\":{\"@type\":\"ImageObject\",\"inLanguage\":\"az\",\"@id\":\"https:\\\/\\\/www.meydan.tv\\\/az\\\/#\\\/schema\\\/logo\\\/image\\\/\",\"url\":\"https:\\\/\\\/www.meydan.tv\\\/wp-content\\\/uploads\\\/2021\\\/07\\\/meydan-logo.svg\",\"contentUrl\":\"https:\\\/\\\/www.meydan.tv\\\/wp-content\\\/uploads\\\/2021\\\/07\\\/meydan-logo.svg\",\"width\":195,\"height\":46,\"caption\":\"Meydan TV\"},\"image\":{\"@id\":\"https:\\\/\\\/www.meydan.tv\\\/az\\\/#\\\/schema\\\/logo\\\/image\\\/\"}},{\"@type\":\"Person\",\"@id\":\"https:\\\/\\\/www.meydan.tv\\\/az\\\/#\\\/schema\\\/person\\\/10d11eccf6da3662cf5fdab9806ea91a\",\"name\":\"user-manager\"}]}<\/script>\n<!-- \/ Yoast SEO plugin. -->","yoast_head_json":{"title":"\u00c7avu\u015fo\u011flu: Qaraba\u011f m\u00fcnaqi\u015f\u0259si regionda sabitlik v\u0259 t\u0259hl\u00fck\u0259sizliy\u0259 qorxu t\u00f6r\u0259dir - MEYDAN.TV","robots":{"index":"index","follow":"follow","max-snippet":"max-snippet:-1","max-image-preview":"max-image-preview:large","max-video-preview":"max-video-preview:-1"},"canonical":"https:\/\/www.meydan.tv\/az\/article\/cavusoglu-qarabag-munaqisesi-regionda-sabitlik-ve-tehlukesizliye-qorxu-toredir\/","og_locale":"az_AZ","og_type":"article","og_title":"\u00c7avu\u015fo\u011flu: Qaraba\u011f m\u00fcnaqi\u015f\u0259si regionda sabitlik v\u0259 t\u0259hl\u00fck\u0259sizliy\u0259 qorxu t\u00f6r\u0259dir - MEYDAN.TV","og_description":"Az\u0259r Qas\u0131ml\u0131: ''\u0130ctimaiyy\u0259t\u0259 m\u0259lumat verilm\u0259d\u0259n lokal proses ba\u015flayacaq''","og_url":"https:\/\/www.meydan.tv\/az\/article\/cavusoglu-qarabag-munaqisesi-regionda-sabitlik-ve-tehlukesizliye-qorxu-toredir\/","og_site_name":"MEYDAN.TV","article_published_time":"2016-08-10T18:26:13+00:00","og_image":[{"width":768,"height":404,"url":"https:\/\/www.meydan.tv\/wp-content\/uploads\/24850.jpg","type":"image\/jpeg"}],"author":"user-manager","twitter_card":"summary_large_image","schema":{"@context":"https:\/\/schema.org","@graph":[{"@type":"Article","@id":"https:\/\/www.meydan.tv\/az\/article\/cavusoglu-qarabag-munaqisesi-regionda-sabitlik-ve-tehlukesizliye-qorxu-toredir\/#article","isPartOf":{"@id":"https:\/\/www.meydan.tv\/az\/article\/cavusoglu-qarabag-munaqisesi-regionda-sabitlik-ve-tehlukesizliye-qorxu-toredir\/"},"author":{"name":"user-manager","@id":"https:\/\/www.meydan.tv\/az\/#\/schema\/person\/10d11eccf6da3662cf5fdab9806ea91a"},"headline":"\u00c7avu\u015fo\u011flu: Qaraba\u011f m\u00fcnaqi\u015f\u0259si regionda sabitlik v\u0259 t\u0259hl\u00fck\u0259sizliy\u0259 qorxu t\u00f6r\u0259dir","datePublished":"2016-08-10T18:26:13+00:00","mainEntityOfPage":{"@id":"https:\/\/www.meydan.tv\/az\/article\/cavusoglu-qarabag-munaqisesi-regionda-sabitlik-ve-tehlukesizliye-qorxu-toredir\/"},"wordCount":704,"publisher":{"@id":"https:\/\/www.meydan.tv\/az\/#organization"},"image":{"@id":"https:\/\/www.meydan.tv\/az\/article\/cavusoglu-qarabag-munaqisesi-regionda-sabitlik-ve-tehlukesizliye-qorxu-toredir\/#primaryimage"},"thumbnailUrl":"https:\/\/www.meydan.tv\/wp-content\/uploads\/24850.jpg","articleSection":["Analitika"],"inLanguage":"az"},{"@type":"WebPage","@id":"https:\/\/www.meydan.tv\/az\/article\/cavusoglu-qarabag-munaqisesi-regionda-sabitlik-ve-tehlukesizliye-qorxu-toredir\/","url":"https:\/\/www.meydan.tv\/az\/article\/cavusoglu-qarabag-munaqisesi-regionda-sabitlik-ve-tehlukesizliye-qorxu-toredir\/","name":"\u00c7avu\u015fo\u011flu: Qaraba\u011f m\u00fcnaqi\u015f\u0259si regionda sabitlik v\u0259 t\u0259hl\u00fck\u0259sizliy\u0259 qorxu t\u00f6r\u0259dir - MEYDAN.TV","isPartOf":{"@id":"https:\/\/www.meydan.tv\/az\/#website"},"primaryImageOfPage":{"@id":"https:\/\/www.meydan.tv\/az\/article\/cavusoglu-qarabag-munaqisesi-regionda-sabitlik-ve-tehlukesizliye-qorxu-toredir\/#primaryimage"},"image":{"@id":"https:\/\/www.meydan.tv\/az\/article\/cavusoglu-qarabag-munaqisesi-regionda-sabitlik-ve-tehlukesizliye-qorxu-toredir\/#primaryimage"},"thumbnailUrl":"https:\/\/www.meydan.tv\/wp-content\/uploads\/24850.jpg","datePublished":"2016-08-10T18:26:13+00:00","breadcrumb":{"@id":"https:\/\/www.meydan.tv\/az\/article\/cavusoglu-qarabag-munaqisesi-regionda-sabitlik-ve-tehlukesizliye-qorxu-toredir\/#breadcrumb"},"inLanguage":"az","potentialAction":[{"@type":"ReadAction","target":["https:\/\/www.meydan.tv\/az\/article\/cavusoglu-qarabag-munaqisesi-regionda-sabitlik-ve-tehlukesizliye-qorxu-toredir\/"]}]},{"@type":"ImageObject","inLanguage":"az","@id":"https:\/\/www.meydan.tv\/az\/article\/cavusoglu-qarabag-munaqisesi-regionda-sabitlik-ve-tehlukesizliye-qorxu-toredir\/#primaryimage","url":"https:\/\/www.meydan.tv\/wp-content\/uploads\/24850.jpg","contentUrl":"https:\/\/www.meydan.tv\/wp-content\/uploads\/24850.jpg","width":768,"height":404,"caption":"Source:"},{"@type":"BreadcrumbList","@id":"https:\/\/www.meydan.tv\/az\/article\/cavusoglu-qarabag-munaqisesi-regionda-sabitlik-ve-tehlukesizliye-qorxu-toredir\/#breadcrumb","itemListElement":[{"@type":"ListItem","position":1,"name":"Ana s\u0259hif\u0259","item":"https:\/\/www.meydan.tv\/az\/"},{"@type":"ListItem","position":2,"name":"Analitika","item":"https:\/\/www.meydan.tv\/az\/section\/analitika\/"},{"@type":"ListItem","position":3,"name":"\u00c7avu\u015fo\u011flu: Qaraba\u011f m\u00fcnaqi\u015f\u0259si regionda sabitlik v\u0259 t\u0259hl\u00fck\u0259sizliy\u0259 qorxu t\u00f6r\u0259dir"}]},{"@type":"WebSite","@id":"https:\/\/www.meydan.tv\/az\/#website","url":"https:\/\/www.meydan.tv\/az\/","name":"MEYDAN.TV","description":"Meydan TV Az\u0259rbaycan\u0131n media m\u0259kan\u0131ndak\u0131 alternativ s\u0259sidir","publisher":{"@id":"https:\/\/www.meydan.tv\/az\/#organization"},"potentialAction":[{"@type":"SearchAction","target":{"@type":"EntryPoint","urlTemplate":"https:\/\/www.meydan.tv\/az\/?s={search_term_string}"},"query-input":{"@type":"PropertyValueSpecification","valueRequired":true,"valueName":"search_term_string"}}],"inLanguage":"az"},{"@type":"Organization","@id":"https:\/\/www.meydan.tv\/az\/#organization","name":"Meydan TV","url":"https:\/\/www.meydan.tv\/az\/","logo":{"@type":"ImageObject","inLanguage":"az","@id":"https:\/\/www.meydan.tv\/az\/#\/schema\/logo\/image\/","url":"https:\/\/www.meydan.tv\/wp-content\/uploads\/2021\/07\/meydan-logo.svg","contentUrl":"https:\/\/www.meydan.tv\/wp-content\/uploads\/2021\/07\/meydan-logo.svg","width":195,"height":46,"caption":"Meydan TV"},"image":{"@id":"https:\/\/www.meydan.tv\/az\/#\/schema\/logo\/image\/"}},{"@type":"Person","@id":"https:\/\/www.meydan.tv\/az\/#\/schema\/person\/10d11eccf6da3662cf5fdab9806ea91a","name":"user-manager"}]}},"_links":{"self":[{"href":"https:\/\/www.meydan.tv\/az\/wp-json\/wp\/v2\/posts\/178062","targetHints":{"allow":["GET"]}}],"collection":[{"href":"https:\/\/www.meydan.tv\/az\/wp-json\/wp\/v2\/posts"}],"about":[{"href":"https:\/\/www.meydan.tv\/az\/wp-json\/wp\/v2\/types\/post"}],"author":[{"embeddable":true,"href":"https:\/\/www.meydan.tv\/az\/wp-json\/wp\/v2\/users\/11"}],"replies":[{"embeddable":true,"href":"https:\/\/www.meydan.tv\/az\/wp-json\/wp\/v2\/comments?post=178062"}],"version-history":[{"count":0,"href":"https:\/\/www.meydan.tv\/az\/wp-json\/wp\/v2\/posts\/178062\/revisions"}],"wp:featuredmedia":[{"embeddable":true,"href":"https:\/\/www.meydan.tv\/az\/wp-json\/wp\/v2\/media\/65133"}],"wp:attachment":[{"href":"https:\/\/www.meydan.tv\/az\/wp-json\/wp\/v2\/media?parent=178062"}],"wp:term":[{"taxonomy":"category","embeddable":true,"href":"https:\/\/www.meydan.tv\/az\/wp-json\/wp\/v2\/categories?post=178062"},{"taxonomy":"post_tag","embeddable":true,"href":"https:\/\/www.meydan.tv\/az\/wp-json\/wp\/v2\/tags?post=178062"}],"curies":[{"name":"wp","href":"https:\/\/api.w.org\/{rel}","templated":true}]}}