{"id":178020,"date":"2016-08-09T16:28:12","date_gmt":"2016-08-09T16:28:12","guid":{"rendered":"https:\/\/www.meydan.tv\/article\/natiq-ceferli-rusiya-ile-ticaretde-551-milyon-dollar-menfi-saldo-yaranib\/"},"modified":"2016-08-09T16:28:12","modified_gmt":"2016-08-09T16:28:12","slug":"natiq-ceferli-rusiya-ile-ticaretde-551-milyon-dollar-menfi-saldo-yaranib","status":"publish","type":"post","link":"https:\/\/www.meydan.tv\/az\/article\/natiq-ceferli-rusiya-ile-ticaretde-551-milyon-dollar-menfi-saldo-yaranib\/","title":{"rendered":"Natiq C\u0259f\u0259rli:  Rusiya il\u0259 ticar\u0259td\u0259 551 milyon dollar m\u0259nfi saldo yaran\u0131b"},"content":{"rendered":"<figure class=\"wp-block-image size-large\">\n  <img decoding=\"async\" src=\"https:\/\/www.meydan.tv\/az\/65003\/\" alt=\"\" class=\"wp-image-65003\"\/><figcaption><\/figcaption><\/figure>\n<p>\n  <i><br \/>\n    &#8221;Rusiya bizd\u0259n daha \u00e7ox dollar qopard\u0131qca valyuta bahala\u015facaq&#8221;<br \/>\n  <\/i>\n<\/p>\n<p>\n  &#8220;Az\u0259rbaycan 2016-c\u0131 ilin ilk 6 ay\u0131nda Rusiyaya c\u0259mi 191.7 milyon dollarl\u0131q m\u0259hsul ixrac edib, Rusiyadan is\u0259 h\u0259min d\u00f6vrd\u0259 742.7 milyon dollarl\u0131q m\u0259hsul idxal edib. Y\u0259ni, Rusiya il\u0259 ticar\u0259t balans\u0131nda 551 milyon dollar m\u0259nfi saldo yaran\u0131b\u201d.\n<\/p>\n<p>\n  Bunu iqtisad\u00e7\u0131, ReAL \u0130dar\u0259 Heyy\u0259tinin \u00fczv\u00fc Natiq C\u0259f\u0259rli Rusiya prezidentinin Az\u0259rbaycanla qar\u015f\u0131l\u0131ql\u0131 ticar\u0259t \u0259laq\u0259l\u0259rin\u0259 dair a\u00e7\u0131qlamas\u0131n\u0131 \u00f6z Facebook s\u0259hif\u0259sind\u0259 \u015f\u0259rh ed\u0259rk\u0259n deyib.\n<\/p>\n<p>\n  Vladimir Putin avqustun 8-d\u0259 Az\u0259rbaycana s\u0259f\u0259ri zaman\u0131iki \u00f6lk\u0259 aras\u0131nda ticar\u0259t d\u00f6vriyy\u0259sinin geni\u015fl\u0259ndirilm\u0259sinin vacib oldu\u011funu deyib. O, qeyd edib ki, ticar\u0259t d\u00f6vriyy\u0259sind\u0259 ba\u015f vermi\u015f azalmaya d\u00fcnya v\u0259 h\u0259r iki \u00f6lk\u0259nin iqtisadiyyat\u0131nda yaranan b\u00f6hran s\u0259b\u0259b olub.\n<\/p>\n<p>\n  \u201cBununla \u0259laq\u0259dar bizim \u0259n\u0259n\u0259vi ixrac m\u0259hsullar\u0131n\u0131n qiym\u0259tinin a\u015fa\u011f\u0131 d\u00fc\u015fm\u0259si, m\u0259z\u0259nn\u0259 f\u0259rqi ticar\u0259t d\u00f6vriyy\u0259sinin azalmas\u0131n\u0131n s\u0259b\u0259bl\u0259rind\u0259ndir\u201d, &#8211; dey\u0259 Putin bildirib.\n<\/p>\n<p>\n  N.C\u0259f\u0259rli 145 milyonluq Rusiya bazar\u0131 il\u0259 ticar\u0259t \u0259laq\u0259l\u0259rinin geni\u015fl\u0259ndirilm\u0259si \u00fc\u00e7\u00fcn imkanlar oldu\u011funu bildirib: \u201dAz\u0259rbaycan Rusiya bazar\u0131na k\u0259nd t\u0259s\u0259rr\u00fcfat\u0131 m\u0259hsullar\u0131, spirtli v\u0259 spirtsiz i\u00e7kil\u0259r ixrac ed\u0259 bil\u0259r.Rusiya is\u0259 biz\u0259 \u0259rzaq m\u0259hsullar\u0131ndan tutmu\u015f, avtomobil\u0259, h\u0259rbi texnikaya q\u0259d\u0259r xeyli sayda mal ixrac edir v\u0259 bunu art\u0131rmaq ist\u0259yir. H\u0259r bir \u00f6lk\u0259 ikili m\u00fcnasib\u0259tl\u0259rd\u0259 ald\u0131\u011f\u0131ndan daha \u00e7ox satmaq ist\u0259yir. H\u0259r bir \u00f6lk\u0259 dig\u0259r \u00f6lk\u0259y\u0259 daha bahal\u0131 v\u0259 innovativ, \u0259lav\u0259 d\u0259y\u0259ri \u00e7ox olan m\u0259hsullar satmaq ist\u0259yir\u201d.\n<\/p>\n<p>\n  \u0130qtisad\u00e7\u0131 xat\u0131rlad\u0131b ki, Rusiya il\u0259 Az\u0259rbaycan aras\u0131nda 2017-ci ild\u0259 10 \u0259d\u0259d \u201cMS-21\u201d t\u0259yyar\u0259sinin al\u0131nmas\u0131 il\u0259 ba\u011fl\u0131 m\u00fcqavil\u0259 imzalan\u0131b v\u0259 bu t\u0259yyar\u0259l\u0259rin h\u0259r birinin qiym\u0259ti, ortalama, 80 milyon dollard\u0131r: \u201cBu ilin ilk 6 ay\u0131nda biz Rusiyaya c\u0259mi 191 milyon dollarl\u0131q, obrazl\u0131 des\u0259k, \u201cpomidor-xiyar\u201d satm\u0131\u015f\u0131q, dem\u0259li, Rusiya biz\u0259 1 t\u0259yyar\u0259 satanda, biz 3 ay ma\u015f\u0131n-ma\u015f\u0131n, vaqon-vaqon \u201cpomidor-xiyar\u201d satmal\u0131y\u0131q ki, Rusiyaya 1 t\u0259yyar\u0259nin pulu q\u0259d\u0259r mal ixrac ed\u0259k. \u00d6lk\u0259d\u0259 valyuta \u00e7at\u0131\u015fmamazl\u0131\u011f\u0131n\u0131 n\u0259z\u0259r\u0259 alsaq, dem\u0259li, Rusiya bizd\u0259n daha \u00e7ox dollar qopard\u0131qca, valyuta da bahala\u015facaq&#8221;.\n<\/p>\n<p>\n  \u0130qtisad\u00e7\u0131 hesab edir ki, Rusiya bazar\u0131na \u00e7\u0131xmaq \u00fc\u00e7\u00fcn k\u0259nd t\u0259s\u0259rr\u00fcfat\u0131 sah\u0259sini inki\u015faf etdirm\u0259k laz\u0131md\u0131r: \u201cBu sah\u0259nin inki\u015faf\u0131 \u00fc\u00e7\u00fcn ciddi d\u00fc\u015f\u00fcn\u00fclm\u00fc\u015f orta v\u0259 uzunm\u00fcdd\u0259tli proqramlar t\u0259tbiq olunmal\u0131, faizsiz, v\u0259 ya \u00e7ox a\u015fa\u011f\u0131 faizli fermer kreditl\u0259ri ayr\u0131lmal\u0131, aqrar sah\u0259d\u0259 innovasiyalar t\u0259tbiq olunmal\u0131, m\u0259hsuldarl\u0131q art\u0131r\u0131lmal\u0131d\u0131r. H\u00f6kum\u0259t is\u0259 bu sah\u0259d\u0259 bacar\u0131qs\u0131zd\u0131r\u201d.\n<\/p>\n<p>\n  \u201cB\u00fct\u00fcn bu sadalananlar\u0131 etm\u0259k \u00fc\u00e7\u00fcn is\u0259, normal, uzaqg\u00f6r\u0259n, o\u011fru olmayan h\u00f6kum\u0259t laz\u0131md\u0131r&#8221;, &#8211; dey\u0259 ekspert bildirib.\n<\/p><\/p>\n","protected":false},"excerpt":{"rendered":"<p>&#8221;Rusiya bizd\u0259n daha \u00e7ox dollar qopard\u0131qca valyuta bahala\u015facaq&#8221;<\/p>\n","protected":false},"author":11,"featured_media":65003,"comment_status":"closed","ping_status":"open","sticky":false,"template":"","format":"standard","meta":{"_acf_changed":false,"_sitemap_exclude":false,"_sitemap_priority":"","_sitemap_frequency":"","footnotes":""},"categories":[51],"tags":[],"class_list":["post-178020","post","type-post","status-publish","format-standard","has-post-thumbnail","hentry","category-analitika","infinite-scroll-item","generate-columns","tablet-grid-50","mobile-grid-100","grid-parent","grid-33","no-featured-image-padding"],"acf":[],"yoast_head":"<!-- This site is optimized with the Yoast SEO plugin v27.5 - https:\/\/yoast.com\/product\/yoast-seo-wordpress\/ -->\n<title>Natiq C\u0259f\u0259rli: Rusiya il\u0259 ticar\u0259td\u0259 551 milyon dollar m\u0259nfi saldo yaran\u0131b - MEYDAN.TV<\/title>\n<meta name=\"robots\" content=\"index, follow, max-snippet:-1, max-image-preview:large, max-video-preview:-1\" \/>\n<link rel=\"canonical\" href=\"https:\/\/www.meydan.tv\/az\/article\/natiq-ceferli-rusiya-ile-ticaretde-551-milyon-dollar-menfi-saldo-yaranib\/\" \/>\n<meta property=\"og:locale\" content=\"az_AZ\" \/>\n<meta property=\"og:type\" content=\"article\" \/>\n<meta property=\"og:title\" content=\"Natiq C\u0259f\u0259rli: Rusiya il\u0259 ticar\u0259td\u0259 551 milyon dollar m\u0259nfi saldo yaran\u0131b - MEYDAN.TV\" \/>\n<meta property=\"og:description\" content=\"&#039;&#039;Rusiya bizd\u0259n daha \u00e7ox dollar qopard\u0131qca valyuta bahala\u015facaq&#039;&#039;\" \/>\n<meta property=\"og:url\" content=\"https:\/\/www.meydan.tv\/az\/article\/natiq-ceferli-rusiya-ile-ticaretde-551-milyon-dollar-menfi-saldo-yaranib\/\" \/>\n<meta property=\"og:site_name\" content=\"MEYDAN.TV\" \/>\n<meta property=\"article:published_time\" content=\"2016-08-09T16:28:12+00:00\" \/>\n<meta property=\"og:image\" content=\"https:\/\/www.meydan.tv\/wp-content\/uploads\/24797.jpg\" \/>\n\t<meta property=\"og:image:width\" content=\"647\" \/>\n\t<meta property=\"og:image:height\" content=\"370\" \/>\n\t<meta property=\"og:image:type\" content=\"image\/jpeg\" \/>\n<meta name=\"author\" content=\"user-manager\" \/>\n<meta name=\"twitter:card\" content=\"summary_large_image\" \/>\n<script type=\"application\/ld+json\" class=\"yoast-schema-graph\">{\"@context\":\"https:\\\/\\\/schema.org\",\"@graph\":[{\"@type\":\"Article\",\"@id\":\"https:\\\/\\\/www.meydan.tv\\\/az\\\/article\\\/natiq-ceferli-rusiya-ile-ticaretde-551-milyon-dollar-menfi-saldo-yaranib\\\/#article\",\"isPartOf\":{\"@id\":\"https:\\\/\\\/www.meydan.tv\\\/az\\\/article\\\/natiq-ceferli-rusiya-ile-ticaretde-551-milyon-dollar-menfi-saldo-yaranib\\\/\"},\"author\":{\"name\":\"user-manager\",\"@id\":\"https:\\\/\\\/www.meydan.tv\\\/az\\\/#\\\/schema\\\/person\\\/10d11eccf6da3662cf5fdab9806ea91a\"},\"headline\":\"Natiq C\u0259f\u0259rli: Rusiya il\u0259 ticar\u0259td\u0259 551 milyon dollar m\u0259nfi saldo yaran\u0131b\",\"datePublished\":\"2016-08-09T16:28:12+00:00\",\"mainEntityOfPage\":{\"@id\":\"https:\\\/\\\/www.meydan.tv\\\/az\\\/article\\\/natiq-ceferli-rusiya-ile-ticaretde-551-milyon-dollar-menfi-saldo-yaranib\\\/\"},\"wordCount\":537,\"publisher\":{\"@id\":\"https:\\\/\\\/www.meydan.tv\\\/az\\\/#organization\"},\"image\":{\"@id\":\"https:\\\/\\\/www.meydan.tv\\\/az\\\/article\\\/natiq-ceferli-rusiya-ile-ticaretde-551-milyon-dollar-menfi-saldo-yaranib\\\/#primaryimage\"},\"thumbnailUrl\":\"https:\\\/\\\/www.meydan.tv\\\/wp-content\\\/uploads\\\/24797.jpg\",\"articleSection\":[\"Analitika\"],\"inLanguage\":\"az\"},{\"@type\":\"WebPage\",\"@id\":\"https:\\\/\\\/www.meydan.tv\\\/az\\\/article\\\/natiq-ceferli-rusiya-ile-ticaretde-551-milyon-dollar-menfi-saldo-yaranib\\\/\",\"url\":\"https:\\\/\\\/www.meydan.tv\\\/az\\\/article\\\/natiq-ceferli-rusiya-ile-ticaretde-551-milyon-dollar-menfi-saldo-yaranib\\\/\",\"name\":\"Natiq C\u0259f\u0259rli: Rusiya il\u0259 ticar\u0259td\u0259 551 milyon dollar m\u0259nfi saldo yaran\u0131b - MEYDAN.TV\",\"isPartOf\":{\"@id\":\"https:\\\/\\\/www.meydan.tv\\\/az\\\/#website\"},\"primaryImageOfPage\":{\"@id\":\"https:\\\/\\\/www.meydan.tv\\\/az\\\/article\\\/natiq-ceferli-rusiya-ile-ticaretde-551-milyon-dollar-menfi-saldo-yaranib\\\/#primaryimage\"},\"image\":{\"@id\":\"https:\\\/\\\/www.meydan.tv\\\/az\\\/article\\\/natiq-ceferli-rusiya-ile-ticaretde-551-milyon-dollar-menfi-saldo-yaranib\\\/#primaryimage\"},\"thumbnailUrl\":\"https:\\\/\\\/www.meydan.tv\\\/wp-content\\\/uploads\\\/24797.jpg\",\"datePublished\":\"2016-08-09T16:28:12+00:00\",\"breadcrumb\":{\"@id\":\"https:\\\/\\\/www.meydan.tv\\\/az\\\/article\\\/natiq-ceferli-rusiya-ile-ticaretde-551-milyon-dollar-menfi-saldo-yaranib\\\/#breadcrumb\"},\"inLanguage\":\"az\",\"potentialAction\":[{\"@type\":\"ReadAction\",\"target\":[\"https:\\\/\\\/www.meydan.tv\\\/az\\\/article\\\/natiq-ceferli-rusiya-ile-ticaretde-551-milyon-dollar-menfi-saldo-yaranib\\\/\"]}]},{\"@type\":\"ImageObject\",\"inLanguage\":\"az\",\"@id\":\"https:\\\/\\\/www.meydan.tv\\\/az\\\/article\\\/natiq-ceferli-rusiya-ile-ticaretde-551-milyon-dollar-menfi-saldo-yaranib\\\/#primaryimage\",\"url\":\"https:\\\/\\\/www.meydan.tv\\\/wp-content\\\/uploads\\\/24797.jpg\",\"contentUrl\":\"https:\\\/\\\/www.meydan.tv\\\/wp-content\\\/uploads\\\/24797.jpg\",\"width\":647,\"height\":370,\"caption\":\"Source:\"},{\"@type\":\"BreadcrumbList\",\"@id\":\"https:\\\/\\\/www.meydan.tv\\\/az\\\/article\\\/natiq-ceferli-rusiya-ile-ticaretde-551-milyon-dollar-menfi-saldo-yaranib\\\/#breadcrumb\",\"itemListElement\":[{\"@type\":\"ListItem\",\"position\":1,\"name\":\"Ana s\u0259hif\u0259\",\"item\":\"https:\\\/\\\/www.meydan.tv\\\/az\\\/\"},{\"@type\":\"ListItem\",\"position\":2,\"name\":\"Analitika\",\"item\":\"https:\\\/\\\/www.meydan.tv\\\/az\\\/section\\\/analitika\\\/\"},{\"@type\":\"ListItem\",\"position\":3,\"name\":\"Natiq C\u0259f\u0259rli: Rusiya il\u0259 ticar\u0259td\u0259 551 milyon dollar m\u0259nfi saldo yaran\u0131b\"}]},{\"@type\":\"WebSite\",\"@id\":\"https:\\\/\\\/www.meydan.tv\\\/az\\\/#website\",\"url\":\"https:\\\/\\\/www.meydan.tv\\\/az\\\/\",\"name\":\"MEYDAN.TV\",\"description\":\"Meydan TV Az\u0259rbaycan\u0131n media m\u0259kan\u0131ndak\u0131 alternativ s\u0259sidir\",\"publisher\":{\"@id\":\"https:\\\/\\\/www.meydan.tv\\\/az\\\/#organization\"},\"potentialAction\":[{\"@type\":\"SearchAction\",\"target\":{\"@type\":\"EntryPoint\",\"urlTemplate\":\"https:\\\/\\\/www.meydan.tv\\\/az\\\/?s={search_term_string}\"},\"query-input\":{\"@type\":\"PropertyValueSpecification\",\"valueRequired\":true,\"valueName\":\"search_term_string\"}}],\"inLanguage\":\"az\"},{\"@type\":\"Organization\",\"@id\":\"https:\\\/\\\/www.meydan.tv\\\/az\\\/#organization\",\"name\":\"Meydan TV\",\"url\":\"https:\\\/\\\/www.meydan.tv\\\/az\\\/\",\"logo\":{\"@type\":\"ImageObject\",\"inLanguage\":\"az\",\"@id\":\"https:\\\/\\\/www.meydan.tv\\\/az\\\/#\\\/schema\\\/logo\\\/image\\\/\",\"url\":\"https:\\\/\\\/www.meydan.tv\\\/wp-content\\\/uploads\\\/2021\\\/07\\\/meydan-logo.svg\",\"contentUrl\":\"https:\\\/\\\/www.meydan.tv\\\/wp-content\\\/uploads\\\/2021\\\/07\\\/meydan-logo.svg\",\"width\":195,\"height\":46,\"caption\":\"Meydan TV\"},\"image\":{\"@id\":\"https:\\\/\\\/www.meydan.tv\\\/az\\\/#\\\/schema\\\/logo\\\/image\\\/\"}},{\"@type\":\"Person\",\"@id\":\"https:\\\/\\\/www.meydan.tv\\\/az\\\/#\\\/schema\\\/person\\\/10d11eccf6da3662cf5fdab9806ea91a\",\"name\":\"user-manager\"}]}<\/script>\n<!-- \/ Yoast SEO plugin. -->","yoast_head_json":{"title":"Natiq C\u0259f\u0259rli: Rusiya il\u0259 ticar\u0259td\u0259 551 milyon dollar m\u0259nfi saldo yaran\u0131b - MEYDAN.TV","robots":{"index":"index","follow":"follow","max-snippet":"max-snippet:-1","max-image-preview":"max-image-preview:large","max-video-preview":"max-video-preview:-1"},"canonical":"https:\/\/www.meydan.tv\/az\/article\/natiq-ceferli-rusiya-ile-ticaretde-551-milyon-dollar-menfi-saldo-yaranib\/","og_locale":"az_AZ","og_type":"article","og_title":"Natiq C\u0259f\u0259rli: Rusiya il\u0259 ticar\u0259td\u0259 551 milyon dollar m\u0259nfi saldo yaran\u0131b - MEYDAN.TV","og_description":"''Rusiya bizd\u0259n daha \u00e7ox dollar qopard\u0131qca valyuta bahala\u015facaq''","og_url":"https:\/\/www.meydan.tv\/az\/article\/natiq-ceferli-rusiya-ile-ticaretde-551-milyon-dollar-menfi-saldo-yaranib\/","og_site_name":"MEYDAN.TV","article_published_time":"2016-08-09T16:28:12+00:00","og_image":[{"width":647,"height":370,"url":"https:\/\/www.meydan.tv\/wp-content\/uploads\/24797.jpg","type":"image\/jpeg"}],"author":"user-manager","twitter_card":"summary_large_image","schema":{"@context":"https:\/\/schema.org","@graph":[{"@type":"Article","@id":"https:\/\/www.meydan.tv\/az\/article\/natiq-ceferli-rusiya-ile-ticaretde-551-milyon-dollar-menfi-saldo-yaranib\/#article","isPartOf":{"@id":"https:\/\/www.meydan.tv\/az\/article\/natiq-ceferli-rusiya-ile-ticaretde-551-milyon-dollar-menfi-saldo-yaranib\/"},"author":{"name":"user-manager","@id":"https:\/\/www.meydan.tv\/az\/#\/schema\/person\/10d11eccf6da3662cf5fdab9806ea91a"},"headline":"Natiq C\u0259f\u0259rli: Rusiya il\u0259 ticar\u0259td\u0259 551 milyon dollar m\u0259nfi saldo yaran\u0131b","datePublished":"2016-08-09T16:28:12+00:00","mainEntityOfPage":{"@id":"https:\/\/www.meydan.tv\/az\/article\/natiq-ceferli-rusiya-ile-ticaretde-551-milyon-dollar-menfi-saldo-yaranib\/"},"wordCount":537,"publisher":{"@id":"https:\/\/www.meydan.tv\/az\/#organization"},"image":{"@id":"https:\/\/www.meydan.tv\/az\/article\/natiq-ceferli-rusiya-ile-ticaretde-551-milyon-dollar-menfi-saldo-yaranib\/#primaryimage"},"thumbnailUrl":"https:\/\/www.meydan.tv\/wp-content\/uploads\/24797.jpg","articleSection":["Analitika"],"inLanguage":"az"},{"@type":"WebPage","@id":"https:\/\/www.meydan.tv\/az\/article\/natiq-ceferli-rusiya-ile-ticaretde-551-milyon-dollar-menfi-saldo-yaranib\/","url":"https:\/\/www.meydan.tv\/az\/article\/natiq-ceferli-rusiya-ile-ticaretde-551-milyon-dollar-menfi-saldo-yaranib\/","name":"Natiq C\u0259f\u0259rli: Rusiya il\u0259 ticar\u0259td\u0259 551 milyon dollar m\u0259nfi saldo yaran\u0131b - MEYDAN.TV","isPartOf":{"@id":"https:\/\/www.meydan.tv\/az\/#website"},"primaryImageOfPage":{"@id":"https:\/\/www.meydan.tv\/az\/article\/natiq-ceferli-rusiya-ile-ticaretde-551-milyon-dollar-menfi-saldo-yaranib\/#primaryimage"},"image":{"@id":"https:\/\/www.meydan.tv\/az\/article\/natiq-ceferli-rusiya-ile-ticaretde-551-milyon-dollar-menfi-saldo-yaranib\/#primaryimage"},"thumbnailUrl":"https:\/\/www.meydan.tv\/wp-content\/uploads\/24797.jpg","datePublished":"2016-08-09T16:28:12+00:00","breadcrumb":{"@id":"https:\/\/www.meydan.tv\/az\/article\/natiq-ceferli-rusiya-ile-ticaretde-551-milyon-dollar-menfi-saldo-yaranib\/#breadcrumb"},"inLanguage":"az","potentialAction":[{"@type":"ReadAction","target":["https:\/\/www.meydan.tv\/az\/article\/natiq-ceferli-rusiya-ile-ticaretde-551-milyon-dollar-menfi-saldo-yaranib\/"]}]},{"@type":"ImageObject","inLanguage":"az","@id":"https:\/\/www.meydan.tv\/az\/article\/natiq-ceferli-rusiya-ile-ticaretde-551-milyon-dollar-menfi-saldo-yaranib\/#primaryimage","url":"https:\/\/www.meydan.tv\/wp-content\/uploads\/24797.jpg","contentUrl":"https:\/\/www.meydan.tv\/wp-content\/uploads\/24797.jpg","width":647,"height":370,"caption":"Source:"},{"@type":"BreadcrumbList","@id":"https:\/\/www.meydan.tv\/az\/article\/natiq-ceferli-rusiya-ile-ticaretde-551-milyon-dollar-menfi-saldo-yaranib\/#breadcrumb","itemListElement":[{"@type":"ListItem","position":1,"name":"Ana s\u0259hif\u0259","item":"https:\/\/www.meydan.tv\/az\/"},{"@type":"ListItem","position":2,"name":"Analitika","item":"https:\/\/www.meydan.tv\/az\/section\/analitika\/"},{"@type":"ListItem","position":3,"name":"Natiq C\u0259f\u0259rli: Rusiya il\u0259 ticar\u0259td\u0259 551 milyon dollar m\u0259nfi saldo yaran\u0131b"}]},{"@type":"WebSite","@id":"https:\/\/www.meydan.tv\/az\/#website","url":"https:\/\/www.meydan.tv\/az\/","name":"MEYDAN.TV","description":"Meydan TV Az\u0259rbaycan\u0131n media m\u0259kan\u0131ndak\u0131 alternativ s\u0259sidir","publisher":{"@id":"https:\/\/www.meydan.tv\/az\/#organization"},"potentialAction":[{"@type":"SearchAction","target":{"@type":"EntryPoint","urlTemplate":"https:\/\/www.meydan.tv\/az\/?s={search_term_string}"},"query-input":{"@type":"PropertyValueSpecification","valueRequired":true,"valueName":"search_term_string"}}],"inLanguage":"az"},{"@type":"Organization","@id":"https:\/\/www.meydan.tv\/az\/#organization","name":"Meydan TV","url":"https:\/\/www.meydan.tv\/az\/","logo":{"@type":"ImageObject","inLanguage":"az","@id":"https:\/\/www.meydan.tv\/az\/#\/schema\/logo\/image\/","url":"https:\/\/www.meydan.tv\/wp-content\/uploads\/2021\/07\/meydan-logo.svg","contentUrl":"https:\/\/www.meydan.tv\/wp-content\/uploads\/2021\/07\/meydan-logo.svg","width":195,"height":46,"caption":"Meydan TV"},"image":{"@id":"https:\/\/www.meydan.tv\/az\/#\/schema\/logo\/image\/"}},{"@type":"Person","@id":"https:\/\/www.meydan.tv\/az\/#\/schema\/person\/10d11eccf6da3662cf5fdab9806ea91a","name":"user-manager"}]}},"_links":{"self":[{"href":"https:\/\/www.meydan.tv\/az\/wp-json\/wp\/v2\/posts\/178020","targetHints":{"allow":["GET"]}}],"collection":[{"href":"https:\/\/www.meydan.tv\/az\/wp-json\/wp\/v2\/posts"}],"about":[{"href":"https:\/\/www.meydan.tv\/az\/wp-json\/wp\/v2\/types\/post"}],"author":[{"embeddable":true,"href":"https:\/\/www.meydan.tv\/az\/wp-json\/wp\/v2\/users\/11"}],"replies":[{"embeddable":true,"href":"https:\/\/www.meydan.tv\/az\/wp-json\/wp\/v2\/comments?post=178020"}],"version-history":[{"count":0,"href":"https:\/\/www.meydan.tv\/az\/wp-json\/wp\/v2\/posts\/178020\/revisions"}],"wp:featuredmedia":[{"embeddable":true,"href":"https:\/\/www.meydan.tv\/az\/wp-json\/wp\/v2\/media\/65003"}],"wp:attachment":[{"href":"https:\/\/www.meydan.tv\/az\/wp-json\/wp\/v2\/media?parent=178020"}],"wp:term":[{"taxonomy":"category","embeddable":true,"href":"https:\/\/www.meydan.tv\/az\/wp-json\/wp\/v2\/categories?post=178020"},{"taxonomy":"post_tag","embeddable":true,"href":"https:\/\/www.meydan.tv\/az\/wp-json\/wp\/v2\/tags?post=178020"}],"curies":[{"name":"wp","href":"https:\/\/api.w.org\/{rel}","templated":true}]}}