{"id":178007,"date":"2016-08-09T01:12:14","date_gmt":"2016-08-09T01:12:14","guid":{"rendered":"https:\/\/www.meydan.tv\/article\/qubad-ibadoglu-umumi-vergi-amnistiyasi-elan-olunmalidir\/"},"modified":"2016-08-09T01:12:14","modified_gmt":"2016-08-09T01:12:14","slug":"qubad-ibadoglu-umumi-vergi-amnistiyasi-elan-olunmalidir","status":"publish","type":"post","link":"https:\/\/www.meydan.tv\/az\/article\/qubad-ibadoglu-umumi-vergi-amnistiyasi-elan-olunmalidir\/","title":{"rendered":"Qubad \u0130bado\u011flu: \u00dcmumi vergi amnistiyas\u0131 elan olunmal\u0131d\u0131r"},"content":{"rendered":"<figure class=\"wp-block-image size-large\">\n  <img decoding=\"async\" src=\"https:\/\/www.meydan.tv\/az\/64958\/\" alt=\"\" class=\"wp-image-64958\"\/><figcaption><\/figcaption><\/figure>\n<figure class=\"wp-block-image size-large\">\n  <img decoding=\"async\" src=\"https:\/\/www.meydan.tv\/az\/64958\/\" alt=\"\" class=\"wp-image-64958\"\/><figcaption>\n    Qubad \u0130bado\u011flu<br \/>\n  <\/figcaption><\/figure>\n<p>\n  <i><br \/>\n    &#8221;Yoxsa, vergi \u00f6hd\u0259likl\u0259rini yerin\u0259 yetirm\u0259d\u0259n ba\u011flanaraq &#8221;izi&#8221; itiril\u0259n \u015firk\u0259tl\u0259ri d\u0259 a\u015fkarlamaq m\u00fcmk\u00fcn olmayacaq&#8221;<br \/>\n  <\/i>\n<\/p>\n<p>\n  Avqustun 4-d\u0259 prezident \u0130lham \u018fliyev \u201c2016-c\u0131 ild\u0259 vergi sah\u0259sind\u0259 apar\u0131lacaq islahatlar\u0131n istiqam\u0259tl\u0259ri\u201dnin t\u0259sdiqi v\u0259 vergi inzibat\u00e7\u0131l\u0131\u011f\u0131n\u0131n t\u0259kmill\u0259\u015fdirilm\u0259si haqq\u0131nda s\u0259r\u0259ncam imzalad\u0131. Bu s\u0259r\u0259ncamla Vergil\u0259r Nazirliyi, Nazirl\u0259r Kabineti v\u0259 \u018fdliyy\u0259 Nazirliyin\u0259 m\u00fcvafiq g\u00f6st\u0259ri\u015fl\u0259r d\u0259 verildi.\n<\/p>\n<p>\n  Vergil\u0259r Nazirliyinin qar\u015f\u0131s\u0131na \u00fc\u00e7 ay m\u00fcdd\u0259tind\u0259 bu istiqam\u0259tl\u0259ri n\u0259z\u0259r\u0259 almaqla vergi qanunvericiliyinin t\u0259kmill\u0259\u015fdirilm\u0259si il\u0259 ba\u011fl\u0131 t\u0259klifl\u0259ri haz\u0131rlama, yoxlamalar \u00fczr\u0259 inzibat\u00e7\u0131l\u0131\u011f\u0131n\u0131 sad\u0259l\u0259\u015fdirm\u0259k v\u0259 t\u0259kmill\u0259\u015fdirm\u0259k, habel\u0259, apar\u0131lan yoxlamalarda vergi \u00f6d\u0259yicil\u0259rinin i\u015ftirak\u0131n\u0131 t\u0259min etm\u0259k, n\u00fcmun\u0259vi v\u0259 intizams\u0131z vergi \u00f6d\u0259yicil\u0259ri il\u0259 ba\u011fl\u0131 m\u0259lumatlar\u0131 ictimail\u0259\u015fdirm\u0259k, vergi \u00f6d\u0259yicil\u0259ri il\u0259 vergi orqanlar\u0131 aras\u0131nda birba\u015fa t\u0259mas\u0131 minimuma endirm\u0259k, vergi \u00f6d\u0259yicil\u0259rin\u0259 g\u00f6st\u0259ril\u0259n xidm\u0259tl\u0259ri daha da t\u0259kmill\u0259\u015fdirm\u0259k, vergi n\u0259zar\u0259tinin keyfiyy\u0259tini art\u0131rmaq v\u0259 n\u0259zar\u0259t t\u0259dbirl\u0259rind\u0259 \u015f\u0259ffafl\u0131\u011f\u0131 t\u0259min etm\u0259k, vergi \u00f6d\u0259yicil\u0259rini risk meyarlar\u0131 \u00fczr\u0259 qrupla\u015fd\u0131rmaq, vergi b\u0259yannam\u0259l\u0259rinin formalar\u0131n\u0131 t\u0259kmill\u0259\u015fdirm\u0259k kimi v\u0259zif\u0259l\u0259r qoyuldu.\n<\/p>\n<p>\n  Az\u0259rbaycan Respublikas\u0131n\u0131n Nazirl\u0259r Kabineti normativ h\u00fcquqi aktlar\u0131 \u00fc\u00e7 ay \u0259rzind\u0259 bu s\u0259r\u0259ncama uy\u011funla\u015fd\u0131rmal\u0131, \u018fdliyy\u0259 Nazirliyi vergi borclar\u0131n\u0131n al\u0131nmas\u0131 il\u0259 ba\u011fl\u0131 icra olunmayan m\u0259hk\u0259m\u0259 q\u0259rarlar\u0131n\u0131n icras\u0131 m\u0259qs\u0259dil\u0259 \u00e7evik mexanizml\u0259r m\u00fc\u0259yy\u0259n etm\u0259li idi. Bundan ba\u015fqa, m\u0259rk\u0259zi icra hakimiyy\u0259ti orqanlar\u0131n\u0131n normativ xarakterli aktlar\u0131 da bu s\u0259r\u0259ncama uy\u011funla\u015fd\u0131r\u0131lmal\u0131 idi.\n<\/p>\n<p>\n  S\u0259r\u0259ncam\u0131 Facebook s\u0259hif\u0259sind\u0259 \u015f\u0259rh ed\u0259n iqtisad\u00e7\u0131 Qubad \u0130bado\u011flu yaz\u0131b ki, 2016-c\u0131 ild\u0259 vergi sah\u0259sind\u0259 apar\u0131lacaq islahatlar\u0131n 21 istiqam\u0259ti m\u00fc\u0259yy\u0259n olunub. \u0130qtisad\u00e7\u0131 qeyd edib ki, onlar aras\u0131na r\u0259hb\u0259rlik etdiyi Az\u0259rbaycan Demokratiya v\u0259 Rifah H\u0259r\u0259kat\u0131n\u0131n haz\u0131rlad\u0131\u011f\u0131 v\u0259 h\u00f6k\u00fcm\u0259t\u0259 t\u0259qdim etdiyi \u201c\u0130qtisadiyyatda b\u00f6hran \u0259leyhin\u0259 \u0259sas v\u0259 t\u0259xir\u0259sal\u0131nmaz T\u0259dbirl\u0259r Paketi\u201dnin vergi-tarif v\u0259 fiskal islahatlar b\u00f6lm\u0259sind\u0259 t\u0259klif olunan t\u00f6vsiyy\u0259l\u0259r d\u0259 sal\u0131n\u0131b: &#8220;Bu v\u0259 dig\u0259r t\u0259r\u0259f\u0259dn t\u0259qdir olunan yeni istiqam\u0259tl\u0259r proqressiv g\u00f6r\u00fcns\u0259 d\u0259, onlar\u0131n bir-biril\u0259 uzla\u015fd\u0131r\u0131lmas\u0131 v\u0259 \u0259laq\u0259l\u0259ndirilmi\u015f formada t\u0259tbiq olunmas\u0131 \u00fc\u00e7\u00fcn bu istiqam\u0259td\u0259 m\u00fczakir\u0259l\u0259r davam etdirilm\u0259lidir. X\u00fcsusil\u0259 d\u0259, hesabatl\u0131q v\u0259 \u015f\u0259ffafl\u0131q sah\u0259sind\u0259 m\u00fczakir\u0259l\u0259r\u0259 t\u00f6hf\u0259 verm\u0259k \u00fc\u00e7\u00fcn vergi \u00f6d\u0259yicil\u0259rinin \u00f6d\u0259ni\u015fl\u0259ri haqq\u0131nda m\u0259lumatlar\u0131n \u0259l\u00e7atanl\u0131\u011f\u0131n\u0131n t\u0259min olunmas\u0131 \u00e7ox vacibdir. Bunun \u00fc\u00e7\u00fcn m\u00fcvafiq qanunvericilikd\u0259 d\u0259yi\u015fiklikl\u0259r olunmal\u0131d\u0131r. Bu, vergi u\u00e7otu v\u0259 \u015f\u0259ffafl\u0131\u011f\u0131 sah\u0259sind\u0259 h\u0259lli vacib olan m\u0259s\u0259l\u0259l\u0259rd\u0259n birincisidir. Yoxsa, n\u00fcmun\u0259vi v\u0259 intizams\u0131z vergi \u00f6d\u0259yicil\u0259ri il\u0259 ba\u011fl\u0131 m\u0259lumatlar\u0131, q\u0131sa m\u00fcdd\u0259td\u0259 f\u0259aliyy\u0259t g\u00f6st\u0259r\u0259n, vergi \u00f6hd\u0259likl\u0259rini yerin\u0259 yetirm\u0259d\u0259n ba\u011flanaraq \u201cizi\u201d itiril\u0259n \u015firk\u0259tl\u0259ri d\u0259 a\u015fkarlamaq m\u00fcmk\u00fcn olmayacaq. H\u0259r bir v\u0259t\u0259nda\u015f \u00fc\u00e7\u00fcn istehlak\u00e7\u0131s\u0131 oldu\u011fu \u015firk\u0259tin d\u00f6vl\u0259t b\u00fcdc\u0259sin\u0259 t\u00f6hf\u0259si bar\u0259d\u0259 m\u0259lumata \u0259l\u00e7atanl\u0131\u011f\u0131n t\u0259min olunmas\u0131 haz\u0131rk\u0131 \u015f\u0259raitd\u0259 x\u00fcsusil\u0259 \u0259h\u0259miyy\u0259t k\u0259sb edir. Odur ki, ilk n\u00f6vb\u0259d\u0259 bu istiqam\u0259td\u0259 d\u0259yi\u015fiklikl\u0259r\u0259 start verilm\u0259li vergi \u00e7empionat\u0131n\u0131n qalibl\u0259ri bar\u0259d\u0259 m\u0259lumatlar d\u0259rc olunmal\u0131d\u0131r\u201d.\n<\/p>\n<p>\n  \u0130qtisad\u00e7\u0131 hesab edir ki, bu islahatlar\u0131n h\u0259yata ke\u00e7irilm\u0259si \u00fc\u00e7\u00fcn \u00fcmumi vergi amnistiyas\u0131 elan olunmal\u0131d\u0131r: &#8220;\u00c7\u00fcnki indiy\u0259 q\u0259d\u0259r \u00e7oxsayl\u0131 vergi \u00f6d\u0259yicil\u0259ri qanunsuz v\u0259 \u0259sass\u0131z c\u0259rim\u0259l\u0259rl\u0259 y\u00fckl\u0259nib, sanksiyalardan \u0259ziyy\u0259t \u00e7\u0259kir. Ba\u015fa \u00e7atm\u0131\u015f bir \u00e7ox yoxlamalarda n\u0259inki vergi \u00f6d\u0259yicil\u0259rinin i\u015ftirak\u0131 t\u0259min olunub, h\u0259tta b\u0259zi hallarda onlara vergi yoxlamalar\u0131n\u0131n aktlar\u0131 bel\u0259 t\u0259qdim olunmay\u0131b&#8221;.\n<\/p>\n<p>\n  &#8220;Vergi qanunvericiliyin\u0259 \u0259m\u0259l olunmas\u0131 istiqam\u0259tind\u0259 \u0259n vacib institut olan m\u0259hk\u0259m\u0259l\u0259rin m\u00fcst\u0259qilliyinin t\u0259minat\u0131 da \u00e7ox vacibdir. Bunun \u00fc\u00e7\u00fcn h\u0259m d\u0259 vergi \u00f6d\u0259yicil\u0259rinin h\u00fcquqlar\u0131n\u0131n art\u0131r\u0131lmas\u0131 sah\u0259sind\u0259 d\u0259 d\u0259yi\u015fiklikl\u0259r edilm\u0259lidir&#8221;,- dey\u0259 Q.\u0130bado\u011flu bildirib.<\/p>\n","protected":false},"excerpt":{"rendered":"<p>&#8221;Yoxsa, vergi \u00f6hd\u0259likl\u0259rini yerin\u0259 yetirm\u0259d\u0259n ba\u011flanaraq &#8221;izi&#8221; itiril\u0259n \u015firk\u0259tl\u0259ri d\u0259 a\u015fkarlamaq m\u00fcmk\u00fcn olmayacaq&#8221;<\/p>\n","protected":false},"author":11,"featured_media":64958,"comment_status":"closed","ping_status":"open","sticky":false,"template":"","format":"standard","meta":{"_acf_changed":false,"_sitemap_exclude":false,"_sitemap_priority":"","_sitemap_frequency":"","footnotes":""},"categories":[51],"tags":[],"class_list":["post-178007","post","type-post","status-publish","format-standard","has-post-thumbnail","hentry","category-analitika","infinite-scroll-item","generate-columns","tablet-grid-50","mobile-grid-100","grid-parent","grid-33","no-featured-image-padding"],"acf":[],"yoast_head":"<!-- This site is optimized with the Yoast SEO plugin v27.5 - https:\/\/yoast.com\/product\/yoast-seo-wordpress\/ -->\n<title>Qubad \u0130bado\u011flu: \u00dcmumi vergi amnistiyas\u0131 elan olunmal\u0131d\u0131r - MEYDAN.TV<\/title>\n<meta name=\"robots\" content=\"index, follow, max-snippet:-1, max-image-preview:large, max-video-preview:-1\" \/>\n<link rel=\"canonical\" href=\"https:\/\/www.meydan.tv\/az\/article\/qubad-ibadoglu-umumi-vergi-amnistiyasi-elan-olunmalidir\/\" \/>\n<meta property=\"og:locale\" content=\"az_AZ\" \/>\n<meta property=\"og:type\" content=\"article\" \/>\n<meta property=\"og:title\" content=\"Qubad \u0130bado\u011flu: \u00dcmumi vergi amnistiyas\u0131 elan olunmal\u0131d\u0131r - MEYDAN.TV\" \/>\n<meta property=\"og:description\" content=\"&#039;&#039;Yoxsa, vergi \u00f6hd\u0259likl\u0259rini yerin\u0259 yetirm\u0259d\u0259n ba\u011flanaraq &#039;&#039;izi&#039;&#039; itiril\u0259n \u015firk\u0259tl\u0259ri d\u0259 a\u015fkarlamaq m\u00fcmk\u00fcn olmayacaq&#039;&#039;\" \/>\n<meta property=\"og:url\" content=\"https:\/\/www.meydan.tv\/az\/article\/qubad-ibadoglu-umumi-vergi-amnistiyasi-elan-olunmalidir\/\" \/>\n<meta property=\"og:site_name\" content=\"MEYDAN.TV\" \/>\n<meta property=\"article:published_time\" content=\"2016-08-09T01:12:14+00:00\" \/>\n<meta property=\"og:image\" content=\"https:\/\/www.meydan.tv\/wp-content\/uploads\/24783.jpg\" \/>\n\t<meta property=\"og:image:width\" content=\"600\" \/>\n\t<meta property=\"og:image:height\" content=\"400\" \/>\n\t<meta property=\"og:image:type\" content=\"image\/jpeg\" \/>\n<meta name=\"author\" content=\"user-manager\" \/>\n<meta name=\"twitter:card\" content=\"summary_large_image\" \/>\n<script type=\"application\/ld+json\" class=\"yoast-schema-graph\">{\"@context\":\"https:\\\/\\\/schema.org\",\"@graph\":[{\"@type\":\"Article\",\"@id\":\"https:\\\/\\\/www.meydan.tv\\\/az\\\/article\\\/qubad-ibadoglu-umumi-vergi-amnistiyasi-elan-olunmalidir\\\/#article\",\"isPartOf\":{\"@id\":\"https:\\\/\\\/www.meydan.tv\\\/az\\\/article\\\/qubad-ibadoglu-umumi-vergi-amnistiyasi-elan-olunmalidir\\\/\"},\"author\":{\"name\":\"user-manager\",\"@id\":\"https:\\\/\\\/www.meydan.tv\\\/az\\\/#\\\/schema\\\/person\\\/10d11eccf6da3662cf5fdab9806ea91a\"},\"headline\":\"Qubad \u0130bado\u011flu: \u00dcmumi vergi amnistiyas\u0131 elan olunmal\u0131d\u0131r\",\"datePublished\":\"2016-08-09T01:12:14+00:00\",\"mainEntityOfPage\":{\"@id\":\"https:\\\/\\\/www.meydan.tv\\\/az\\\/article\\\/qubad-ibadoglu-umumi-vergi-amnistiyasi-elan-olunmalidir\\\/\"},\"wordCount\":807,\"publisher\":{\"@id\":\"https:\\\/\\\/www.meydan.tv\\\/az\\\/#organization\"},\"image\":{\"@id\":\"https:\\\/\\\/www.meydan.tv\\\/az\\\/article\\\/qubad-ibadoglu-umumi-vergi-amnistiyasi-elan-olunmalidir\\\/#primaryimage\"},\"thumbnailUrl\":\"https:\\\/\\\/www.meydan.tv\\\/wp-content\\\/uploads\\\/24783.jpg\",\"articleSection\":[\"Analitika\"],\"inLanguage\":\"az\"},{\"@type\":\"WebPage\",\"@id\":\"https:\\\/\\\/www.meydan.tv\\\/az\\\/article\\\/qubad-ibadoglu-umumi-vergi-amnistiyasi-elan-olunmalidir\\\/\",\"url\":\"https:\\\/\\\/www.meydan.tv\\\/az\\\/article\\\/qubad-ibadoglu-umumi-vergi-amnistiyasi-elan-olunmalidir\\\/\",\"name\":\"Qubad \u0130bado\u011flu: \u00dcmumi vergi amnistiyas\u0131 elan olunmal\u0131d\u0131r - MEYDAN.TV\",\"isPartOf\":{\"@id\":\"https:\\\/\\\/www.meydan.tv\\\/az\\\/#website\"},\"primaryImageOfPage\":{\"@id\":\"https:\\\/\\\/www.meydan.tv\\\/az\\\/article\\\/qubad-ibadoglu-umumi-vergi-amnistiyasi-elan-olunmalidir\\\/#primaryimage\"},\"image\":{\"@id\":\"https:\\\/\\\/www.meydan.tv\\\/az\\\/article\\\/qubad-ibadoglu-umumi-vergi-amnistiyasi-elan-olunmalidir\\\/#primaryimage\"},\"thumbnailUrl\":\"https:\\\/\\\/www.meydan.tv\\\/wp-content\\\/uploads\\\/24783.jpg\",\"datePublished\":\"2016-08-09T01:12:14+00:00\",\"breadcrumb\":{\"@id\":\"https:\\\/\\\/www.meydan.tv\\\/az\\\/article\\\/qubad-ibadoglu-umumi-vergi-amnistiyasi-elan-olunmalidir\\\/#breadcrumb\"},\"inLanguage\":\"az\",\"potentialAction\":[{\"@type\":\"ReadAction\",\"target\":[\"https:\\\/\\\/www.meydan.tv\\\/az\\\/article\\\/qubad-ibadoglu-umumi-vergi-amnistiyasi-elan-olunmalidir\\\/\"]}]},{\"@type\":\"ImageObject\",\"inLanguage\":\"az\",\"@id\":\"https:\\\/\\\/www.meydan.tv\\\/az\\\/article\\\/qubad-ibadoglu-umumi-vergi-amnistiyasi-elan-olunmalidir\\\/#primaryimage\",\"url\":\"https:\\\/\\\/www.meydan.tv\\\/wp-content\\\/uploads\\\/24783.jpg\",\"contentUrl\":\"https:\\\/\\\/www.meydan.tv\\\/wp-content\\\/uploads\\\/24783.jpg\",\"width\":600,\"height\":400,\"caption\":\"Source:\"},{\"@type\":\"BreadcrumbList\",\"@id\":\"https:\\\/\\\/www.meydan.tv\\\/az\\\/article\\\/qubad-ibadoglu-umumi-vergi-amnistiyasi-elan-olunmalidir\\\/#breadcrumb\",\"itemListElement\":[{\"@type\":\"ListItem\",\"position\":1,\"name\":\"Ana s\u0259hif\u0259\",\"item\":\"https:\\\/\\\/www.meydan.tv\\\/az\\\/\"},{\"@type\":\"ListItem\",\"position\":2,\"name\":\"Analitika\",\"item\":\"https:\\\/\\\/www.meydan.tv\\\/az\\\/section\\\/analitika\\\/\"},{\"@type\":\"ListItem\",\"position\":3,\"name\":\"Qubad \u0130bado\u011flu: \u00dcmumi vergi amnistiyas\u0131 elan olunmal\u0131d\u0131r\"}]},{\"@type\":\"WebSite\",\"@id\":\"https:\\\/\\\/www.meydan.tv\\\/az\\\/#website\",\"url\":\"https:\\\/\\\/www.meydan.tv\\\/az\\\/\",\"name\":\"MEYDAN.TV\",\"description\":\"Meydan TV Az\u0259rbaycan\u0131n media m\u0259kan\u0131ndak\u0131 alternativ s\u0259sidir\",\"publisher\":{\"@id\":\"https:\\\/\\\/www.meydan.tv\\\/az\\\/#organization\"},\"potentialAction\":[{\"@type\":\"SearchAction\",\"target\":{\"@type\":\"EntryPoint\",\"urlTemplate\":\"https:\\\/\\\/www.meydan.tv\\\/az\\\/?s={search_term_string}\"},\"query-input\":{\"@type\":\"PropertyValueSpecification\",\"valueRequired\":true,\"valueName\":\"search_term_string\"}}],\"inLanguage\":\"az\"},{\"@type\":\"Organization\",\"@id\":\"https:\\\/\\\/www.meydan.tv\\\/az\\\/#organization\",\"name\":\"Meydan TV\",\"url\":\"https:\\\/\\\/www.meydan.tv\\\/az\\\/\",\"logo\":{\"@type\":\"ImageObject\",\"inLanguage\":\"az\",\"@id\":\"https:\\\/\\\/www.meydan.tv\\\/az\\\/#\\\/schema\\\/logo\\\/image\\\/\",\"url\":\"https:\\\/\\\/www.meydan.tv\\\/wp-content\\\/uploads\\\/2021\\\/07\\\/meydan-logo.svg\",\"contentUrl\":\"https:\\\/\\\/www.meydan.tv\\\/wp-content\\\/uploads\\\/2021\\\/07\\\/meydan-logo.svg\",\"width\":195,\"height\":46,\"caption\":\"Meydan TV\"},\"image\":{\"@id\":\"https:\\\/\\\/www.meydan.tv\\\/az\\\/#\\\/schema\\\/logo\\\/image\\\/\"}},{\"@type\":\"Person\",\"@id\":\"https:\\\/\\\/www.meydan.tv\\\/az\\\/#\\\/schema\\\/person\\\/10d11eccf6da3662cf5fdab9806ea91a\",\"name\":\"user-manager\"}]}<\/script>\n<!-- \/ Yoast SEO plugin. -->","yoast_head_json":{"title":"Qubad \u0130bado\u011flu: \u00dcmumi vergi amnistiyas\u0131 elan olunmal\u0131d\u0131r - MEYDAN.TV","robots":{"index":"index","follow":"follow","max-snippet":"max-snippet:-1","max-image-preview":"max-image-preview:large","max-video-preview":"max-video-preview:-1"},"canonical":"https:\/\/www.meydan.tv\/az\/article\/qubad-ibadoglu-umumi-vergi-amnistiyasi-elan-olunmalidir\/","og_locale":"az_AZ","og_type":"article","og_title":"Qubad \u0130bado\u011flu: \u00dcmumi vergi amnistiyas\u0131 elan olunmal\u0131d\u0131r - MEYDAN.TV","og_description":"''Yoxsa, vergi \u00f6hd\u0259likl\u0259rini yerin\u0259 yetirm\u0259d\u0259n ba\u011flanaraq ''izi'' itiril\u0259n \u015firk\u0259tl\u0259ri d\u0259 a\u015fkarlamaq m\u00fcmk\u00fcn olmayacaq''","og_url":"https:\/\/www.meydan.tv\/az\/article\/qubad-ibadoglu-umumi-vergi-amnistiyasi-elan-olunmalidir\/","og_site_name":"MEYDAN.TV","article_published_time":"2016-08-09T01:12:14+00:00","og_image":[{"width":600,"height":400,"url":"https:\/\/www.meydan.tv\/wp-content\/uploads\/24783.jpg","type":"image\/jpeg"}],"author":"user-manager","twitter_card":"summary_large_image","schema":{"@context":"https:\/\/schema.org","@graph":[{"@type":"Article","@id":"https:\/\/www.meydan.tv\/az\/article\/qubad-ibadoglu-umumi-vergi-amnistiyasi-elan-olunmalidir\/#article","isPartOf":{"@id":"https:\/\/www.meydan.tv\/az\/article\/qubad-ibadoglu-umumi-vergi-amnistiyasi-elan-olunmalidir\/"},"author":{"name":"user-manager","@id":"https:\/\/www.meydan.tv\/az\/#\/schema\/person\/10d11eccf6da3662cf5fdab9806ea91a"},"headline":"Qubad \u0130bado\u011flu: \u00dcmumi vergi amnistiyas\u0131 elan olunmal\u0131d\u0131r","datePublished":"2016-08-09T01:12:14+00:00","mainEntityOfPage":{"@id":"https:\/\/www.meydan.tv\/az\/article\/qubad-ibadoglu-umumi-vergi-amnistiyasi-elan-olunmalidir\/"},"wordCount":807,"publisher":{"@id":"https:\/\/www.meydan.tv\/az\/#organization"},"image":{"@id":"https:\/\/www.meydan.tv\/az\/article\/qubad-ibadoglu-umumi-vergi-amnistiyasi-elan-olunmalidir\/#primaryimage"},"thumbnailUrl":"https:\/\/www.meydan.tv\/wp-content\/uploads\/24783.jpg","articleSection":["Analitika"],"inLanguage":"az"},{"@type":"WebPage","@id":"https:\/\/www.meydan.tv\/az\/article\/qubad-ibadoglu-umumi-vergi-amnistiyasi-elan-olunmalidir\/","url":"https:\/\/www.meydan.tv\/az\/article\/qubad-ibadoglu-umumi-vergi-amnistiyasi-elan-olunmalidir\/","name":"Qubad \u0130bado\u011flu: \u00dcmumi vergi amnistiyas\u0131 elan olunmal\u0131d\u0131r - MEYDAN.TV","isPartOf":{"@id":"https:\/\/www.meydan.tv\/az\/#website"},"primaryImageOfPage":{"@id":"https:\/\/www.meydan.tv\/az\/article\/qubad-ibadoglu-umumi-vergi-amnistiyasi-elan-olunmalidir\/#primaryimage"},"image":{"@id":"https:\/\/www.meydan.tv\/az\/article\/qubad-ibadoglu-umumi-vergi-amnistiyasi-elan-olunmalidir\/#primaryimage"},"thumbnailUrl":"https:\/\/www.meydan.tv\/wp-content\/uploads\/24783.jpg","datePublished":"2016-08-09T01:12:14+00:00","breadcrumb":{"@id":"https:\/\/www.meydan.tv\/az\/article\/qubad-ibadoglu-umumi-vergi-amnistiyasi-elan-olunmalidir\/#breadcrumb"},"inLanguage":"az","potentialAction":[{"@type":"ReadAction","target":["https:\/\/www.meydan.tv\/az\/article\/qubad-ibadoglu-umumi-vergi-amnistiyasi-elan-olunmalidir\/"]}]},{"@type":"ImageObject","inLanguage":"az","@id":"https:\/\/www.meydan.tv\/az\/article\/qubad-ibadoglu-umumi-vergi-amnistiyasi-elan-olunmalidir\/#primaryimage","url":"https:\/\/www.meydan.tv\/wp-content\/uploads\/24783.jpg","contentUrl":"https:\/\/www.meydan.tv\/wp-content\/uploads\/24783.jpg","width":600,"height":400,"caption":"Source:"},{"@type":"BreadcrumbList","@id":"https:\/\/www.meydan.tv\/az\/article\/qubad-ibadoglu-umumi-vergi-amnistiyasi-elan-olunmalidir\/#breadcrumb","itemListElement":[{"@type":"ListItem","position":1,"name":"Ana s\u0259hif\u0259","item":"https:\/\/www.meydan.tv\/az\/"},{"@type":"ListItem","position":2,"name":"Analitika","item":"https:\/\/www.meydan.tv\/az\/section\/analitika\/"},{"@type":"ListItem","position":3,"name":"Qubad \u0130bado\u011flu: \u00dcmumi vergi amnistiyas\u0131 elan olunmal\u0131d\u0131r"}]},{"@type":"WebSite","@id":"https:\/\/www.meydan.tv\/az\/#website","url":"https:\/\/www.meydan.tv\/az\/","name":"MEYDAN.TV","description":"Meydan TV Az\u0259rbaycan\u0131n media m\u0259kan\u0131ndak\u0131 alternativ s\u0259sidir","publisher":{"@id":"https:\/\/www.meydan.tv\/az\/#organization"},"potentialAction":[{"@type":"SearchAction","target":{"@type":"EntryPoint","urlTemplate":"https:\/\/www.meydan.tv\/az\/?s={search_term_string}"},"query-input":{"@type":"PropertyValueSpecification","valueRequired":true,"valueName":"search_term_string"}}],"inLanguage":"az"},{"@type":"Organization","@id":"https:\/\/www.meydan.tv\/az\/#organization","name":"Meydan TV","url":"https:\/\/www.meydan.tv\/az\/","logo":{"@type":"ImageObject","inLanguage":"az","@id":"https:\/\/www.meydan.tv\/az\/#\/schema\/logo\/image\/","url":"https:\/\/www.meydan.tv\/wp-content\/uploads\/2021\/07\/meydan-logo.svg","contentUrl":"https:\/\/www.meydan.tv\/wp-content\/uploads\/2021\/07\/meydan-logo.svg","width":195,"height":46,"caption":"Meydan TV"},"image":{"@id":"https:\/\/www.meydan.tv\/az\/#\/schema\/logo\/image\/"}},{"@type":"Person","@id":"https:\/\/www.meydan.tv\/az\/#\/schema\/person\/10d11eccf6da3662cf5fdab9806ea91a","name":"user-manager"}]}},"_links":{"self":[{"href":"https:\/\/www.meydan.tv\/az\/wp-json\/wp\/v2\/posts\/178007","targetHints":{"allow":["GET"]}}],"collection":[{"href":"https:\/\/www.meydan.tv\/az\/wp-json\/wp\/v2\/posts"}],"about":[{"href":"https:\/\/www.meydan.tv\/az\/wp-json\/wp\/v2\/types\/post"}],"author":[{"embeddable":true,"href":"https:\/\/www.meydan.tv\/az\/wp-json\/wp\/v2\/users\/11"}],"replies":[{"embeddable":true,"href":"https:\/\/www.meydan.tv\/az\/wp-json\/wp\/v2\/comments?post=178007"}],"version-history":[{"count":0,"href":"https:\/\/www.meydan.tv\/az\/wp-json\/wp\/v2\/posts\/178007\/revisions"}],"wp:featuredmedia":[{"embeddable":true,"href":"https:\/\/www.meydan.tv\/az\/wp-json\/wp\/v2\/media\/64958"}],"wp:attachment":[{"href":"https:\/\/www.meydan.tv\/az\/wp-json\/wp\/v2\/media?parent=178007"}],"wp:term":[{"taxonomy":"category","embeddable":true,"href":"https:\/\/www.meydan.tv\/az\/wp-json\/wp\/v2\/categories?post=178007"},{"taxonomy":"post_tag","embeddable":true,"href":"https:\/\/www.meydan.tv\/az\/wp-json\/wp\/v2\/tags?post=178007"}],"curies":[{"name":"wp","href":"https:\/\/api.w.org\/{rel}","templated":true}]}}