{"id":177988,"date":"2016-08-08T17:23:20","date_gmt":"2016-08-08T17:23:20","guid":{"rendered":"https:\/\/www.meydan.tv\/article\/erdogani-ne-gozleyir\/"},"modified":"2016-08-08T17:23:20","modified_gmt":"2016-08-08T17:23:20","slug":"erdogani-ne-gozleyir","status":"publish","type":"post","link":"https:\/\/www.meydan.tv\/az\/article\/erdogani-ne-gozleyir\/","title":{"rendered":"\u018frdo\u011fan\u0131 n\u0259 g\u00f6zl\u0259yir?"},"content":{"rendered":"<figure class=\"wp-block-image size-large\">\n  <img decoding=\"async\" src=\"https:\/\/www.meydan.tv\/az\/64922\/\" alt=\"\" class=\"wp-image-64922\"\/><figcaption><\/figcaption><\/figure>\n<figure class=\"wp-block-image size-large\">\n  <img decoding=\"async\" src=\"https:\/\/www.meydan.tv\/az\/64925\/\" alt=\"\" class=\"wp-image-64925\"\/><figcaption><\/figcaption><\/figure>\n<p>\n  <i><br \/>\n    T\u00fcrkiy\u0259d\u0259 prosesl\u0259r \u0259n a\u011f\u0131r d\u00f6n\u0259m\u0259 q\u0259d\u0259m bas\u0131r<br \/>\n  <\/i>\n<\/p>\n<p>\n  T\u00fcrkiy\u0259d\u0259 h\u0259rbi \u00e7evrili\u015f \u0259leyhin\u0259 izdihaml\u0131 mitinq ke\u00e7irildi. Mitinqd\u0259 siyasi hakimiyy\u0259tl\u0259 yana\u015f\u0131, m\u00fcxalif\u0259t d\u0259 i\u015ftirak edirdi. T\u00fcrkiy\u0259 siyas\u0259t\u00e7il\u0259ri a\u00e7\u0131q v\u0259 dolay\u0131s\u0131 il\u0259 Q\u0259rb\u0259 qar\u015f\u0131 h\u0259mr\u0259ylik n\u00fcmayi\u015f etdirdil\u0259r.\n<\/p>\n<p>\n  \u00dcmumiyy\u0259tl\u0259, son g\u00fcnl\u0259r qon\u015fu \u00f6lk\u0259d\u0259 maraql\u0131 prosesl\u0259r c\u0259r\u0259yan etm\u0259kd\u0259dir. Bel\u0259 ki, T\u00fcrkiy\u0259d\u0259 h\u0259rbi \u00e7evrili\u015f c\u0259hdinin qar\u015f\u0131\u0131s\u0131 al\u0131nd\u0131. D\u00f6vl\u0259t \u0259leyhin\u0259 qiyam qald\u0131ranlar h\u0259bs edildi. Silah il\u0259 d\u00f6vl\u0259t\u0259 qar\u015f\u0131 \u00e7\u0131xma\u011f\u0131n bir b\u0259d\u0259li olmal\u0131 idi v\u0259 qiyam\u00e7\u0131lar bu b\u0259d\u0259li \u00f6d\u0259dil\u0259r. Lakin ciddi prosesl\u0259r \u00e7evrili\u015f c\u0259hdind\u0259n sonra ba\u015flad\u0131. Minl\u0259rl\u0259 insan\u0131n ad\u0131 h\u0259rbi qiyamla ba\u011flanaraq, h\u0259bsxanaya g\u00f6nd\u0259rildi. Onminl\u0259rl\u0259 h\u0259rbi\u00e7i, k\u0259\u015ffiyyat\u00e7\u0131, hakim, prokuror, polis, h\u0259kim, m\u00fc\u0259llim, m\u00fch\u0259ndis v\u0259 \u0259n m\u00fcxt\u0259lif pe\u015f\u0259nin sahibl\u0259ri v\u0259zif\u0259sind\u0259n k\u0259narla\u015fd\u0131r\u0131laraq, \u00e7oxminli i\u015fsizl\u0259r ordusuna qat\u0131ld\u0131. \u018frdo\u011fan bar\u0259d\u0259 \u0259n ki\u00e7ik bir t\u0259nqid terror\u00e7uluq kimi d\u0259y\u0259rl\u0259ndirilm\u0259y\u0259 ba\u015fland\u0131. H\u0259r k\u0259s qorxu v\u0259 vahim\u0259 i\u00e7ind\u0259 n\u0259 ba\u015f ver\u0259c\u0259yini g\u00f6zl\u0259yir. T\u00fcrkiy\u0259 s\u0259rt idar\u0259\u00e7iliy\u0259 ke\u00e7ir.\u00a0 Son \u00e7oxmilyonlu mitinq d\u0259 \u018frdo\u011fana \u0259lav\u0259 \u201ckoz\u0131r\u201d ver\u0259c\u0259k.\n<\/p>\n<p>\n  Art\u0131q T\u00fcrkiy\u0259d\u0259 \u00f6lk\u0259 ictimai r\u0259yi b\u00f6l\u00fcn\u00fcb v\u0259 eyforiya il\u0259 uzun m\u00fcdd\u0259t ya\u015famaq m\u00fcmk\u00fcn olmayacaq. \u00d6lk\u0259d\u0259 \u015f\u0259ri\u0259t t\u0259r\u0259fdarlar\u0131 sekulyarlar h\u0259yat t\u0259rzi ke\u00e7ir\u0259nl\u0259r\u0259 h\u00fccumlar edir, h\u0259tta kitab d\u00fckanlar\u0131 bel\u0259 da\u011f\u0131d\u0131l\u0131r. Bel\u0259 gedi\u015fat uzun s\u00fcr\u0259 bilm\u0259z.\n<\/p>\n<p>\n  \u018frdo\u011fan siyasi karyeras\u0131n\u0131n \u0259n a\u011f\u0131r s\u0131na\u011f\u0131n\u0131 ya\u015fay\u0131r. \u018frdo\u011fan siyasi h\u0259yat\u0131 boyunca din\u00e7i, liberal, sosial-demokrat kimi qiyaf\u0259l\u0259r\u0259 b\u00fcr\u00fcn\u00fcb. \u0130ndi is\u0259 q\u0259tiyy\u0259tli v\u0259 s\u0259rt lider imicini yarad\u0131r. \u018fslind\u0259, \u018frdo\u011fan son 12 ild\u0259 qazand\u0131qlar\u0131n\u0131 itirm\u0259kl\u0259 m\u0259\u015f\u011fuldur. Son zamanlar ictimai r\u0259yd\u0259 milli irad\u0259 simvolu kimi t\u0259qdim edil\u0259n v\u0259 \u201crus t\u0259yyar\u0259sini biz vurduq, s\u0259rh\u0259di pozsa, bir daha vuracay\u0131q, \u00fczr ist\u0259nil\u0259si biri varsa, o da bizik\u201d dey\u0259n \u018frdo\u011fan geri \u00e7\u0259kildi v\u0259 pilotun ail\u0259sind\u0259n \u00fczr ist\u0259di. Ard\u0131nca \u00f6z imicini darmada\u011f\u0131n ed\u0259c\u0259k add\u0131m atd\u0131 &#8211; rus t\u0259yyar\u0259sini vuran pilot h\u0259bs edildi. \u0130ndi is\u0259 \u018frdo\u011fan Rusiyaya s\u0259f\u0259r\u0259 haz\u0131rla\u015f\u0131r, bu q\u0259d\u0259r s\u00f6yd\u00fcy\u00fc Putinin \u0259ll\u0259rini s\u0131xma\u011f\u0131n h\u0259sr\u0259tind\u0259dir.\n<\/p>\n<p>\n  \u018frdo\u011fan\u0131n son 12 ild\u0259 F\u0259tullah G\u00fcl\u0259n\u0259 h\u00fccumlar ets\u0259 d\u0259, \u201ccamaat\u0131 s\u0131x\u0131\u015fd\u0131r\u0131rd\u0131lar, m\u0259n qar\u015f\u0131s\u0131n\u0131 ald\u0131m\u201d manipulyasiyas\u0131 il\u0259 m\u0259\u015f\u011ful idi. Bu g\u00fcn onun \u0259li il\u0259 camaat s\u0131radan \u00e7\u0131xar\u0131ld\u0131. G\u00fcl\u0259n\u0259 r\u0259\u011fb\u0259ti olan h\u0259r k\u0259s repressiyalara m\u0259ruz qald\u0131.\n<\/p>\n<p>\n  \u00a0\u201cDavos fatehi\u201d bu q\u0259d\u0259r t\u0259hqirl\u0259r\u0259 m\u0259ruz qoydu\u011fu \u0130srail il\u0259 d\u0259 \u201cbar\u0131\u015fd\u0131\u201d. Tutdu\u011fu m\u00f6vqel\u0259ri bir-bir t\u0259rk ed\u0259n \u018frdo\u011fan daxili v\u0259 xarici m\u00fctt\u0259fiql\u0259rini d\u0259 itirir. He\u00e7 t\u0259sad\u00fcfi deyil ki, AB\u015e siyasi dair\u0259l\u0259ri 40 illik T\u00fcrkiy\u0259 siyasi elitas\u0131 il\u0259 ba\u011fl\u0131 yeni kompromatlar\u0131n a\u00e7\u0131qlana bil\u0259c\u0259yini b\u0259yan edib. AB\u015e-da h\u0259bsd\u0259 olan v\u0259 \u018frdo\u011fan ail\u0259sinin \u201cqara kassiri\u201d say\u0131lan Rza Z\u0259rrab\u0131n da \u015fok a\u00e7\u0131qlamalar\u0131 yax\u0131nlarda g\u00fcnd\u0259mi titr\u0259d\u0259 bil\u0259r.\n<\/p>\n<p>\n  \u018frdo\u011fan NATO il\u0259 m\u00fcnasib\u0259tl\u0259ri korlamaq x\u0259ttini se\u00e7ib. T\u00fcrkiy\u0259 prezidenti Rusiyaya s\u0131\u011f\u0131n\u0131r. Ehtimal etm\u0259k olar ki, yax\u0131nlarda \u0130rana da s\u0259f\u0259r ed\u0259c\u0259k. Vaxtil\u0259, N\u0259c\u0259fd\u0259 H\u0259zr\u0259t \u018flinin t\u00fcrb\u0259sini ziyar\u0259t ed\u0259n \u018frdo\u011fan, \u0130stanbula qay\u0131dan kimi \u201ca\u015fura m\u0259rasiml\u0259ri\u201dnin ke\u00e7irilm\u0259sin\u0259 izn verdi. Bir s\u00f6zl\u0259, \u018frdo\u011fan bir \u015fi\u0259y\u0259 \u00e7evril\u0259r\u0259k, m\u0259zh\u0259b\u00e7i olmad\u0131\u011f\u0131n\u0131 n\u00fcmayi\u015f etdirm\u0259k ist\u0259yirdi. Yen\u0259 d\u0259 eyni ssenarinin oynan\u0131la bil\u0259c\u0259yi istisna edilmir.\n<\/p>\n<p>\n  \u018frdo\u011fan\u0131n hikk\u0259si Avropa \u00f6lk\u0259l\u0259rinin \u201cerm\u0259ni genosidi\u201dni tan\u0131mas\u0131 il\u0259 sonucland\u0131. B\u00fct\u00fcn bu add\u0131mlar a\u00e7\u0131q-ayd\u0131n \u018frdo\u011fana qar\u015f\u0131 ard\u0131c\u0131l t\u0259zyiq m\u0259rh\u0259l\u0259l\u0259ridir. \u018frdo\u011fan real hakimiyy\u0259tini itirm\u0259k \u00fczr\u0259dir. \u201cPensinvaniyal\u0131 zat\u0131\u201dn h\u0259bsini ist\u0259y\u0259n \u018frdo\u011fan\u0131n daha bir ciddi r\u0259qibi h\u0259l\u0259 meydanda qal\u0131r. Bu, T\u00fcrkiy\u0259nin ke\u00e7mi\u015f ba\u015f naziri \u018fhm\u0259d Davudo\u011fludur. \u018frdo\u011fan\u0131n qar\u015f\u0131s\u0131nda ya Davudo\u011flunu qiyamla ba\u011flay\u0131b, h\u0259bs etm\u0259k durur, ya da Davudo\u011flu \u201cSem day\u0131\u201dn\u0131n d\u0259st\u0259yi il\u0259 hakimiyy\u0259t\u0259 g\u0259lir. \u018fn az\u0131 aral\u0131q m\u00fcdd\u0259t\u0259. \u018fhm\u0259d Davudo\u011flunu sev\u0259nl\u0259r v\u0259 ona nifr\u0259t ed\u0259nl\u0259r \u00e7oxdur. Lakin o, AB\u015e-\u0131n d\u0259st\u0259k verdiyi bir siyas\u0259t\u00e7idir. Bu, onun siyasi \u00e7\u0259kisini art\u0131r\u0131r. Bu prosesl\u0259r fonunda c\u0259miyy\u0259tin n\u0259z\u0259rl\u0259ri general \u0130lker Ba\u015fbu\u011fa dikilir. G\u00fcl\u0259nin qat\u0131 d\u00fc\u015fm\u0259ni olan general Ba\u015fbu\u011f \u018frdo\u011fana \u0259n ciddi r\u0259qib ola bil\u0259r. M\u00fcxalif\u0259ti birl\u0259\u015fdir\u0259 bil\u0259c\u0259k \u0130lker Ba\u015fbu\u011fa T\u00fcrkiy\u0259 c\u0259miyy\u0259tind\u0259 r\u0259\u011fb\u0259t durmadan art\u0131r.\n<\/p>\n<p>\n  H\u0259l\u0259lik is\u0259 \u018frdo\u011fan r\u0259qibl\u0259rinin, h\u0259tta m\u00f6t\u0259dill\u0259rin t\u0259qibini davam etdirir. Onun ba\u015fl\u0131ca tezisi \u201cm\u0259ni xalq se\u00e7ibdir\u201dd\u0259n ibar\u0259tdir. Demokratiya t\u0259kc\u0259 v\u0259 sad\u0259c\u0259 se\u00e7kil\u0259r deyil, h\u0259m d\u0259 insan h\u00fcququdur, azl\u0131\u011f\u0131n h\u00fcququdur, \u0259dal\u0259tin diktaturas\u0131, ifad\u0259 v\u0259 birl\u0259\u015fm\u0259 azadl\u0131\u011f\u0131d\u0131r. \u018fg\u0259r azadl\u0131qlar s\u0131x\u0131\u015fd\u0131r\u0131l\u0131rsa, m\u00fczakir\u0259l\u0259r v\u0259 informasiyalar repressiyaya g\u0259tirib \u00e7\u0131xar\u0131rsa, onda oriyentasiyadan k\u0259nar insanlar\u0131n s\u0259sverm\u0259si h\u0259l\u0259 demokratiya v\u0259 \u0259dal\u0259t dem\u0259k deyil. Demokratiyada se\u00e7kid\u0259 m\u0259\u011flub olan azl\u0131\u011f\u0131n da h\u00fcquqlar\u0131 tan\u0131n\u0131r. \u00c7a\u011fda\u015f T\u00fcrkiy\u0259d\u0259 is\u0259 bel\u0259 bir m\u00fcnasib\u0259t imkans\u0131zd\u0131r.\n<\/p>\n<p>\n  Bir s\u00f6zl\u0259, \u018frdo\u011fan\u0131n manevr \u015fanslar\u0131 xeyli d\u0259r\u0259c\u0259 daral\u0131b v\u0259 g\u00f6r\u00fcn\u0259n budur ki, bir sistem xaosu ya\u015fanmaqdad\u0131r. \u018frdo\u011fan son \u00e7evrili\u015f c\u0259hdind\u0259n sonra ordunu dem\u0259k olar ki, darmada\u011f\u0131n etdi, T\u00fcrkiy\u0259nin \u015fah damar\u0131 \u0259sasl\u0131 d\u0259r\u0259c\u0259d\u0259 z\u0259d\u0259l\u0259ndi. G\u00f6r\u00fcn\u0259n budur ki, \u018frdo\u011fan\u0131n qiyam bar\u0259d\u0259 m\u0259lumat\u0131 \u00f6nc\u0259d\u0259n olub v\u0259 odur ki, haql\u0131 sual yaran\u0131r: Niy\u0259 qiyama r\u0259hb\u0259rlik ed\u0259nl\u0259r \u00f6nc\u0259d\u0259n z\u0259r\u0259rsizl\u0259\u015fdirilm\u0259di? \u00a0Nec\u0259 ola bil\u0259r ki, Silahl\u0131 Q\u00fcvv\u0259l\u0259rin Ba\u015f Q\u0259rargah r\u0259isi girov g\u00f6t\u00fcr\u00fcls\u00fcn, lakin sa\u011f-salamat qurtulsun? Nec\u0259 ola bil\u0259r ki,\u00a0 T\u00fcrkiy\u0259 parlamenti bombalans\u0131n, lakin bir n\u0259f\u0259r mill\u0259t v\u0259kilinin d\u0259 burnu qanamas\u0131n? Nec\u0259 ola bil\u0259r ki, \u018frdo\u011fan\u0131n qald\u0131\u011f\u0131 otel\u0259 bomba at\u0131s\u0131n, lakin prezident orada olmas\u0131n?\u00a0 Uzun m\u00fcdd\u0259td\u0259n b\u0259ri haz\u0131rlanan h\u0259rbi \u00e7evrili\u015f c\u0259hdi bar\u0259sind\u0259 M\u0130T-in deyil, \u018frdo\u011fan\u0131n k\u00fcr\u0259k\u0259ninin x\u0259b\u0259rdar olmas\u0131n\u0131 nec\u0259 izah etm\u0259k olar? Tanklar\u0131n k\u00fc\u00e7\u0259l\u0259r\u0259 \u00e7\u0131xmas\u0131na niy\u0259 imkan verildi? \u0130lk bax\u0131\u015fdan bel\u0259 g\u00f6r\u00fcn\u00fcr ki, \u018frdo\u011fan \u00f6z s\u0259lahiyy\u0259tl\u0259rini geni\u015fl\u0259ndirm\u0259k v\u0259 siyasi m\u00fcxalif\u0259ti cilovlamaq \u00fc\u00e7\u00fcn h\u0259rbi \u00e7evrili\u015f oyunundan istifad\u0259 etm\u0259k ist\u0259yib v\u0259 son anda v\u0259ziyy\u0259tin n\u0259zar\u0259td\u0259n \u00e7\u0131xa bil\u0259c\u0259yinind\u0259n ehtiyat edib. Lakin T\u00fcrkiy\u0259d\u0259 art\u0131q diktaturan\u0131n yaranmas\u0131 qorxusu var v\u0259 \u00f6l\u00fcm h\u00f6km\u00fcn\u00fcn b\u0259rpas\u0131 \u00e7a\u011f\u0131r\u0131\u015flar\u0131 Ankaran\u0131n Avropa qurumlar\u0131ndan \u00e7\u0131xar\u0131lmas\u0131 il\u0259 sonuclana bil\u0259r. Qiyam\u0131 yat\u0131ran \u018frdo\u011fan b\u00fct\u00fcn r\u0259qibl\u0259rini z\u0259r\u0259rsizl\u0259\u015fdirm\u0259k niyy\u0259tind\u0259dir. Lakin o, \u00e7\u0259tin se\u00e7im qar\u015f\u0131s\u0131ndad\u0131r. \u018frdo\u011fan bu q\u0259d\u0259r nifr\u0259t etdiyi B\u0259\u015f\u0259r \u018fs\u0259dl\u0259 d\u0259 bar\u0131\u015fmal\u0131 olacaq. H\u0259tta Misir diktatatoru Sisi il\u0259 d\u0259 bar\u0131\u015f\u0131q g\u00fcnd\u0259md\u0259dir. Son m\u0259rh\u0259l\u0259d\u0259 is\u0259 \u018fs\u0259d\u0259 qar\u015f\u0131 vuru\u015fanlara, Mursini devir\u0259nl\u0259r\u0259 qar\u015f\u0131 sava\u015f ba\u015flay\u0131r. Bu, \u018frdo\u011fan\u0131 onu sev\u0259nl\u0259rin g\u00f6z\u00fcnd\u0259 d\u0259fn etm\u0259k anlam\u0131na g\u0259lir.\n<\/p>\n<p>\n  T\u00fcrkiy\u0259d\u0259 prosesl\u0259r \u0259n a\u011f\u0131r d\u00f6n\u0259m\u0259 q\u0259d\u0259m bas\u0131r. \u018frdo\u011fan islam oyunu oynay\u0131r. Lakin \u0130ran\u0131 itir\u0259n AB\u015e \u00e7\u0259tin ki, \u201cislamla daha bir tanqo\u201d oyununa haz\u0131r olsun&#8230;\n<\/p><\/p>\n","protected":false},"excerpt":{"rendered":"<p>T\u00fcrkiy\u0259d\u0259 prosesl\u0259r \u0259n a\u011f\u0131r d\u00f6n\u0259m\u0259 q\u0259d\u0259m bas\u0131r<\/p>\n","protected":false},"author":11,"featured_media":64922,"comment_status":"closed","ping_status":"open","sticky":false,"template":"","format":"standard","meta":{"_acf_changed":false,"_sitemap_exclude":false,"_sitemap_priority":"","_sitemap_frequency":"","footnotes":""},"categories":[51],"tags":[],"class_list":["post-177988","post","type-post","status-publish","format-standard","has-post-thumbnail","hentry","category-analitika","infinite-scroll-item","generate-columns","tablet-grid-50","mobile-grid-100","grid-parent","grid-33","no-featured-image-padding"],"acf":[],"yoast_head":"<!-- This site is optimized with the Yoast SEO plugin v27.5 - https:\/\/yoast.com\/product\/yoast-seo-wordpress\/ -->\n<title>\u018frdo\u011fan\u0131 n\u0259 g\u00f6zl\u0259yir? - MEYDAN.TV<\/title>\n<meta name=\"robots\" content=\"index, follow, max-snippet:-1, max-image-preview:large, max-video-preview:-1\" \/>\n<link rel=\"canonical\" href=\"https:\/\/www.meydan.tv\/az\/article\/erdogani-ne-gozleyir\/\" \/>\n<meta property=\"og:locale\" content=\"az_AZ\" \/>\n<meta property=\"og:type\" content=\"article\" \/>\n<meta property=\"og:title\" content=\"\u018frdo\u011fan\u0131 n\u0259 g\u00f6zl\u0259yir? - MEYDAN.TV\" \/>\n<meta property=\"og:description\" content=\"T\u00fcrkiy\u0259d\u0259 prosesl\u0259r \u0259n a\u011f\u0131r d\u00f6n\u0259m\u0259 q\u0259d\u0259m bas\u0131r\" \/>\n<meta property=\"og:url\" content=\"https:\/\/www.meydan.tv\/az\/article\/erdogani-ne-gozleyir\/\" \/>\n<meta property=\"og:site_name\" content=\"MEYDAN.TV\" \/>\n<meta property=\"article:published_time\" content=\"2016-08-08T17:23:20+00:00\" \/>\n<meta property=\"og:image\" content=\"https:\/\/www.meydan.tv\/wp-content\/uploads\/24772.jpg\" \/>\n\t<meta property=\"og:image:width\" content=\"500\" \/>\n\t<meta property=\"og:image:height\" content=\"304\" \/>\n\t<meta property=\"og:image:type\" content=\"image\/jpeg\" \/>\n<meta name=\"author\" content=\"user-manager\" \/>\n<meta name=\"twitter:card\" content=\"summary_large_image\" \/>\n<script type=\"application\/ld+json\" class=\"yoast-schema-graph\">{\"@context\":\"https:\\\/\\\/schema.org\",\"@graph\":[{\"@type\":\"Article\",\"@id\":\"https:\\\/\\\/www.meydan.tv\\\/az\\\/article\\\/erdogani-ne-gozleyir\\\/#article\",\"isPartOf\":{\"@id\":\"https:\\\/\\\/www.meydan.tv\\\/az\\\/article\\\/erdogani-ne-gozleyir\\\/\"},\"author\":{\"name\":\"user-manager\",\"@id\":\"https:\\\/\\\/www.meydan.tv\\\/az\\\/#\\\/schema\\\/person\\\/10d11eccf6da3662cf5fdab9806ea91a\"},\"headline\":\"\u018frdo\u011fan\u0131 n\u0259 g\u00f6zl\u0259yir?\",\"datePublished\":\"2016-08-08T17:23:20+00:00\",\"mainEntityOfPage\":{\"@id\":\"https:\\\/\\\/www.meydan.tv\\\/az\\\/article\\\/erdogani-ne-gozleyir\\\/\"},\"wordCount\":1518,\"publisher\":{\"@id\":\"https:\\\/\\\/www.meydan.tv\\\/az\\\/#organization\"},\"image\":{\"@id\":\"https:\\\/\\\/www.meydan.tv\\\/az\\\/article\\\/erdogani-ne-gozleyir\\\/#primaryimage\"},\"thumbnailUrl\":\"https:\\\/\\\/www.meydan.tv\\\/wp-content\\\/uploads\\\/24772.jpg\",\"articleSection\":[\"Analitika\"],\"inLanguage\":\"az\"},{\"@type\":\"WebPage\",\"@id\":\"https:\\\/\\\/www.meydan.tv\\\/az\\\/article\\\/erdogani-ne-gozleyir\\\/\",\"url\":\"https:\\\/\\\/www.meydan.tv\\\/az\\\/article\\\/erdogani-ne-gozleyir\\\/\",\"name\":\"\u018frdo\u011fan\u0131 n\u0259 g\u00f6zl\u0259yir? - MEYDAN.TV\",\"isPartOf\":{\"@id\":\"https:\\\/\\\/www.meydan.tv\\\/az\\\/#website\"},\"primaryImageOfPage\":{\"@id\":\"https:\\\/\\\/www.meydan.tv\\\/az\\\/article\\\/erdogani-ne-gozleyir\\\/#primaryimage\"},\"image\":{\"@id\":\"https:\\\/\\\/www.meydan.tv\\\/az\\\/article\\\/erdogani-ne-gozleyir\\\/#primaryimage\"},\"thumbnailUrl\":\"https:\\\/\\\/www.meydan.tv\\\/wp-content\\\/uploads\\\/24772.jpg\",\"datePublished\":\"2016-08-08T17:23:20+00:00\",\"breadcrumb\":{\"@id\":\"https:\\\/\\\/www.meydan.tv\\\/az\\\/article\\\/erdogani-ne-gozleyir\\\/#breadcrumb\"},\"inLanguage\":\"az\",\"potentialAction\":[{\"@type\":\"ReadAction\",\"target\":[\"https:\\\/\\\/www.meydan.tv\\\/az\\\/article\\\/erdogani-ne-gozleyir\\\/\"]}]},{\"@type\":\"ImageObject\",\"inLanguage\":\"az\",\"@id\":\"https:\\\/\\\/www.meydan.tv\\\/az\\\/article\\\/erdogani-ne-gozleyir\\\/#primaryimage\",\"url\":\"https:\\\/\\\/www.meydan.tv\\\/wp-content\\\/uploads\\\/24772.jpg\",\"contentUrl\":\"https:\\\/\\\/www.meydan.tv\\\/wp-content\\\/uploads\\\/24772.jpg\",\"width\":500,\"height\":304,\"caption\":\"Source:\"},{\"@type\":\"BreadcrumbList\",\"@id\":\"https:\\\/\\\/www.meydan.tv\\\/az\\\/article\\\/erdogani-ne-gozleyir\\\/#breadcrumb\",\"itemListElement\":[{\"@type\":\"ListItem\",\"position\":1,\"name\":\"Ana s\u0259hif\u0259\",\"item\":\"https:\\\/\\\/www.meydan.tv\\\/az\\\/\"},{\"@type\":\"ListItem\",\"position\":2,\"name\":\"Analitika\",\"item\":\"https:\\\/\\\/www.meydan.tv\\\/az\\\/section\\\/analitika\\\/\"},{\"@type\":\"ListItem\",\"position\":3,\"name\":\"\u018frdo\u011fan\u0131 n\u0259 g\u00f6zl\u0259yir?\"}]},{\"@type\":\"WebSite\",\"@id\":\"https:\\\/\\\/www.meydan.tv\\\/az\\\/#website\",\"url\":\"https:\\\/\\\/www.meydan.tv\\\/az\\\/\",\"name\":\"MEYDAN.TV\",\"description\":\"Meydan TV Az\u0259rbaycan\u0131n media m\u0259kan\u0131ndak\u0131 alternativ s\u0259sidir\",\"publisher\":{\"@id\":\"https:\\\/\\\/www.meydan.tv\\\/az\\\/#organization\"},\"potentialAction\":[{\"@type\":\"SearchAction\",\"target\":{\"@type\":\"EntryPoint\",\"urlTemplate\":\"https:\\\/\\\/www.meydan.tv\\\/az\\\/?s={search_term_string}\"},\"query-input\":{\"@type\":\"PropertyValueSpecification\",\"valueRequired\":true,\"valueName\":\"search_term_string\"}}],\"inLanguage\":\"az\"},{\"@type\":\"Organization\",\"@id\":\"https:\\\/\\\/www.meydan.tv\\\/az\\\/#organization\",\"name\":\"Meydan TV\",\"url\":\"https:\\\/\\\/www.meydan.tv\\\/az\\\/\",\"logo\":{\"@type\":\"ImageObject\",\"inLanguage\":\"az\",\"@id\":\"https:\\\/\\\/www.meydan.tv\\\/az\\\/#\\\/schema\\\/logo\\\/image\\\/\",\"url\":\"https:\\\/\\\/www.meydan.tv\\\/wp-content\\\/uploads\\\/2021\\\/07\\\/meydan-logo.svg\",\"contentUrl\":\"https:\\\/\\\/www.meydan.tv\\\/wp-content\\\/uploads\\\/2021\\\/07\\\/meydan-logo.svg\",\"width\":195,\"height\":46,\"caption\":\"Meydan TV\"},\"image\":{\"@id\":\"https:\\\/\\\/www.meydan.tv\\\/az\\\/#\\\/schema\\\/logo\\\/image\\\/\"}},{\"@type\":\"Person\",\"@id\":\"https:\\\/\\\/www.meydan.tv\\\/az\\\/#\\\/schema\\\/person\\\/10d11eccf6da3662cf5fdab9806ea91a\",\"name\":\"user-manager\"}]}<\/script>\n<!-- \/ Yoast SEO plugin. -->","yoast_head_json":{"title":"\u018frdo\u011fan\u0131 n\u0259 g\u00f6zl\u0259yir? - MEYDAN.TV","robots":{"index":"index","follow":"follow","max-snippet":"max-snippet:-1","max-image-preview":"max-image-preview:large","max-video-preview":"max-video-preview:-1"},"canonical":"https:\/\/www.meydan.tv\/az\/article\/erdogani-ne-gozleyir\/","og_locale":"az_AZ","og_type":"article","og_title":"\u018frdo\u011fan\u0131 n\u0259 g\u00f6zl\u0259yir? - MEYDAN.TV","og_description":"T\u00fcrkiy\u0259d\u0259 prosesl\u0259r \u0259n a\u011f\u0131r d\u00f6n\u0259m\u0259 q\u0259d\u0259m bas\u0131r","og_url":"https:\/\/www.meydan.tv\/az\/article\/erdogani-ne-gozleyir\/","og_site_name":"MEYDAN.TV","article_published_time":"2016-08-08T17:23:20+00:00","og_image":[{"width":500,"height":304,"url":"https:\/\/www.meydan.tv\/wp-content\/uploads\/24772.jpg","type":"image\/jpeg"}],"author":"user-manager","twitter_card":"summary_large_image","schema":{"@context":"https:\/\/schema.org","@graph":[{"@type":"Article","@id":"https:\/\/www.meydan.tv\/az\/article\/erdogani-ne-gozleyir\/#article","isPartOf":{"@id":"https:\/\/www.meydan.tv\/az\/article\/erdogani-ne-gozleyir\/"},"author":{"name":"user-manager","@id":"https:\/\/www.meydan.tv\/az\/#\/schema\/person\/10d11eccf6da3662cf5fdab9806ea91a"},"headline":"\u018frdo\u011fan\u0131 n\u0259 g\u00f6zl\u0259yir?","datePublished":"2016-08-08T17:23:20+00:00","mainEntityOfPage":{"@id":"https:\/\/www.meydan.tv\/az\/article\/erdogani-ne-gozleyir\/"},"wordCount":1518,"publisher":{"@id":"https:\/\/www.meydan.tv\/az\/#organization"},"image":{"@id":"https:\/\/www.meydan.tv\/az\/article\/erdogani-ne-gozleyir\/#primaryimage"},"thumbnailUrl":"https:\/\/www.meydan.tv\/wp-content\/uploads\/24772.jpg","articleSection":["Analitika"],"inLanguage":"az"},{"@type":"WebPage","@id":"https:\/\/www.meydan.tv\/az\/article\/erdogani-ne-gozleyir\/","url":"https:\/\/www.meydan.tv\/az\/article\/erdogani-ne-gozleyir\/","name":"\u018frdo\u011fan\u0131 n\u0259 g\u00f6zl\u0259yir? - MEYDAN.TV","isPartOf":{"@id":"https:\/\/www.meydan.tv\/az\/#website"},"primaryImageOfPage":{"@id":"https:\/\/www.meydan.tv\/az\/article\/erdogani-ne-gozleyir\/#primaryimage"},"image":{"@id":"https:\/\/www.meydan.tv\/az\/article\/erdogani-ne-gozleyir\/#primaryimage"},"thumbnailUrl":"https:\/\/www.meydan.tv\/wp-content\/uploads\/24772.jpg","datePublished":"2016-08-08T17:23:20+00:00","breadcrumb":{"@id":"https:\/\/www.meydan.tv\/az\/article\/erdogani-ne-gozleyir\/#breadcrumb"},"inLanguage":"az","potentialAction":[{"@type":"ReadAction","target":["https:\/\/www.meydan.tv\/az\/article\/erdogani-ne-gozleyir\/"]}]},{"@type":"ImageObject","inLanguage":"az","@id":"https:\/\/www.meydan.tv\/az\/article\/erdogani-ne-gozleyir\/#primaryimage","url":"https:\/\/www.meydan.tv\/wp-content\/uploads\/24772.jpg","contentUrl":"https:\/\/www.meydan.tv\/wp-content\/uploads\/24772.jpg","width":500,"height":304,"caption":"Source:"},{"@type":"BreadcrumbList","@id":"https:\/\/www.meydan.tv\/az\/article\/erdogani-ne-gozleyir\/#breadcrumb","itemListElement":[{"@type":"ListItem","position":1,"name":"Ana s\u0259hif\u0259","item":"https:\/\/www.meydan.tv\/az\/"},{"@type":"ListItem","position":2,"name":"Analitika","item":"https:\/\/www.meydan.tv\/az\/section\/analitika\/"},{"@type":"ListItem","position":3,"name":"\u018frdo\u011fan\u0131 n\u0259 g\u00f6zl\u0259yir?"}]},{"@type":"WebSite","@id":"https:\/\/www.meydan.tv\/az\/#website","url":"https:\/\/www.meydan.tv\/az\/","name":"MEYDAN.TV","description":"Meydan TV Az\u0259rbaycan\u0131n media m\u0259kan\u0131ndak\u0131 alternativ s\u0259sidir","publisher":{"@id":"https:\/\/www.meydan.tv\/az\/#organization"},"potentialAction":[{"@type":"SearchAction","target":{"@type":"EntryPoint","urlTemplate":"https:\/\/www.meydan.tv\/az\/?s={search_term_string}"},"query-input":{"@type":"PropertyValueSpecification","valueRequired":true,"valueName":"search_term_string"}}],"inLanguage":"az"},{"@type":"Organization","@id":"https:\/\/www.meydan.tv\/az\/#organization","name":"Meydan TV","url":"https:\/\/www.meydan.tv\/az\/","logo":{"@type":"ImageObject","inLanguage":"az","@id":"https:\/\/www.meydan.tv\/az\/#\/schema\/logo\/image\/","url":"https:\/\/www.meydan.tv\/wp-content\/uploads\/2021\/07\/meydan-logo.svg","contentUrl":"https:\/\/www.meydan.tv\/wp-content\/uploads\/2021\/07\/meydan-logo.svg","width":195,"height":46,"caption":"Meydan TV"},"image":{"@id":"https:\/\/www.meydan.tv\/az\/#\/schema\/logo\/image\/"}},{"@type":"Person","@id":"https:\/\/www.meydan.tv\/az\/#\/schema\/person\/10d11eccf6da3662cf5fdab9806ea91a","name":"user-manager"}]}},"_links":{"self":[{"href":"https:\/\/www.meydan.tv\/az\/wp-json\/wp\/v2\/posts\/177988","targetHints":{"allow":["GET"]}}],"collection":[{"href":"https:\/\/www.meydan.tv\/az\/wp-json\/wp\/v2\/posts"}],"about":[{"href":"https:\/\/www.meydan.tv\/az\/wp-json\/wp\/v2\/types\/post"}],"author":[{"embeddable":true,"href":"https:\/\/www.meydan.tv\/az\/wp-json\/wp\/v2\/users\/11"}],"replies":[{"embeddable":true,"href":"https:\/\/www.meydan.tv\/az\/wp-json\/wp\/v2\/comments?post=177988"}],"version-history":[{"count":0,"href":"https:\/\/www.meydan.tv\/az\/wp-json\/wp\/v2\/posts\/177988\/revisions"}],"wp:featuredmedia":[{"embeddable":true,"href":"https:\/\/www.meydan.tv\/az\/wp-json\/wp\/v2\/media\/64922"}],"wp:attachment":[{"href":"https:\/\/www.meydan.tv\/az\/wp-json\/wp\/v2\/media?parent=177988"}],"wp:term":[{"taxonomy":"category","embeddable":true,"href":"https:\/\/www.meydan.tv\/az\/wp-json\/wp\/v2\/categories?post=177988"},{"taxonomy":"post_tag","embeddable":true,"href":"https:\/\/www.meydan.tv\/az\/wp-json\/wp\/v2\/tags?post=177988"}],"curies":[{"name":"wp","href":"https:\/\/api.w.org\/{rel}","templated":true}]}}