{"id":177965,"date":"2016-08-06T11:42:36","date_gmt":"2016-08-06T11:42:36","guid":{"rendered":"https:\/\/www.meydan.tv\/article\/8-avqust-gorusunun-mahiyyeti\/"},"modified":"2016-08-06T11:42:36","modified_gmt":"2016-08-06T11:42:36","slug":"8-avqust-gorusunun-mahiyyeti","status":"publish","type":"post","link":"https:\/\/www.meydan.tv\/az\/article\/8-avqust-gorusunun-mahiyyeti\/","title":{"rendered":"8 avqust g\u00f6r\u00fc\u015f\u00fcn\u00fcn mahiyy\u0259ti"},"content":{"rendered":"<figure class=\"wp-block-image size-large\">\n  <img decoding=\"async\" src=\"https:\/\/www.meydan.tv\/az\/64835\/\" alt=\"\" class=\"wp-image-64835\"\/><figcaption><\/figcaption><\/figure>\n<p>\n  <i><br \/>\n    Prezidentl\u0259r s\u0259viyy\u0259sind\u0259 \u00fc\u00e7t\u0259r\u0259fli Bak\u0131 sammiti he\u00e7 d\u0259 deklarativ xarakterli olmayan m\u00fcxt\u0259lif m\u0259s\u0259l\u0259l\u0259rl\u0259 z\u0259ngin olacaq, \u00e7\u00fcnki h\u0259r birinin \u00f6z mara\u011f\u0131 var, amma indiki zaman k\u0259siyind\u0259 bu maraqlar \u00fcst-\u00fcst\u0259 d\u00fc\u015f\u00fcr<br \/>\n  <\/i>\n<\/p>\n<p>\n  Az\u0259rbaycan, \u0130ran v\u0259 Rusiya prezidentl\u0259rinin 8 avqust Bak\u0131 g\u00f6r\u00fc\u015f\u00fcn\u0259 bir ne\u00e7\u0259 g\u00fcn qal\u0131b, amma ekspertl\u0259r bu \u00fc\u00e7t\u0259r\u0259fli g\u00f6r\u00fc\u015f\u00fcn m\u0259qs\u0259d v\u0259 v\u0259zif\u0259l\u0259rini t\u0259xmin etm\u0259y\u0259 davam edir.\n<\/p>\n<p>\n  Qar\u015f\u0131da duran g\u00fcnd\u0259lik haqq\u0131nda suala cavab\u0131n a\u00e7ar\u0131n\u0131 \u00fc\u00e7 \u00f6lk\u0259nin X\u0130N r\u0259hb\u0259rl\u0259rinin 7 aprel 2016-c\u0131 il tarixind\u0259 siyasi-co\u011frafi m\u00f6vqeyi il\u0259 \u0259laq\u0259dar \u00fc\u00e7 Qafqaz v\u0259 X\u0259z\u0259r \u00f6lk\u0259sinin maraqlar\u0131n\u0131n k\u0259si\u015fdiyi \u0259sas m\u0259rk\u0259z olan el\u0259 h\u0259min Bak\u0131da ke\u00e7irilmi\u015f g\u00f6r\u00fc\u015f\u00fcn\u00fcn n\u0259tic\u0259l\u0259ri haqq\u0131nda m\u0259lumatlarda axtarmaq laz\u0131md\u0131r.\n<\/p>\n<p>\n  AR X\u0130N-in g\u00f6r\u00fc\u015f\u00fcn yekunlar\u0131na dair m\u0259lumat\u0131ndan:\n<\/p>\n<p>\n  1. X\u0130N r\u0259hb\u0259rl\u0259ri b\u0259rab\u0259rlik, qar\u015f\u0131l\u0131ql\u0131 h\u00f6rm\u0259t v\u0259 bir-birinin daxili i\u015fl\u0259rin\u0259 qar\u0131\u015fmamaq prinsipl\u0259rin\u0259 \u0259saslanan d\u00f6vl\u0259tl\u0259raras\u0131 m\u00fcnasib\u0259tl\u0259ri daha da inki\u015faf etdirm\u0259k v\u0259 g\u00fccl\u0259ndirm\u0259k bar\u0259d\u0259 raz\u0131l\u0131\u011fa g\u0259libl\u0259r.\n<\/p>\n<p>\n  Bu paraqraf o dem\u0259kdir ki, b\u00fct\u00fcn \u00fc\u00e7t\u0259r\u0259fli regional layih\u0259l\u0259r h\u0259r bir t\u0259r\u0259fin maraqlar\u0131 n\u0259z\u0259r\u0259 al\u0131nmaqla v\u0259 onlara h\u00f6rm\u0259t edilm\u0259kl\u0259 h\u0259yata ke\u00e7iril\u0259c\u0259k, bu, sa\u011flam, praqmatik v\u0259 s\u0259m\u0259r\u0259li m\u00fcnasib\u0259tl\u0259r yaratmal\u0131d\u0131r.\n<\/p>\n<p>\n  2. X\u0130N ba\u015f\u00e7\u0131lar\u0131 Birl\u0259\u015fmi\u015f Mill\u0259tl\u0259r T\u0259\u015fkilat\u0131n\u0131n Nizamnam\u0259sinin prinsipl\u0259rin\u0259 v\u0259 ham\u0131 t\u0259r\u0259find\u0259n q\u0259bul edilmi\u015f beyn\u0259lxalq h\u00fcquq normalar\u0131na v\u0259 prinsipl\u0259rin\u0259 sadiq olduqlar\u0131n\u0131 t\u0259sdiq edibl\u0259r. Bu kontekstd\u0259 onlar h\u0259m\u00e7inin regional m\u00fcnaqi\u015f\u0259l\u0259rin nizamlanmas\u0131n\u0131n sad\u0259l\u0259\u015fdirilm\u0259sind\u0259 q\u0259tiyy\u0259tli olduqlar\u0131n\u0131 vur\u011fulay\u0131blar.\n<\/p>\n<p>\n  Sirr deyil ki, Qaraba\u011f m\u00fcnaqi\u015f\u0259si X\u0130N ba\u015f\u00e7\u0131lar\u0131n\u0131n g\u00f6r\u00fc\u015f\u00fcn\u00fcn v\u0259 m\u00fczakir\u0259l\u0259rinin diqq\u0259t m\u0259rk\u0259zind\u0259 olub v\u0259 b\u0259zi \u015f\u0259rhl\u0259r g\u00f6st\u0259rirdi ki, \u00fc\u00e7l\u00fck regional kooperasiyan\u0131 l\u0259ngid\u0259n amil kimi m\u00fcnaqi\u015f\u0259nin \u0259n q\u0131sa zamanda h\u0259llind\u0259 maraql\u0131d\u0131r. \u201cNizamlanman\u0131n sad\u0259l\u0259\u015fdirilm\u0259si\u201d ifad\u0259si d\u0259 buradan ir\u0259li g\u0259lir.\n<\/p>\n<p>\n  3. X\u0130N ba\u015f\u00e7\u0131lar\u0131 regional sabitlik v\u0259 t\u0259hl\u00fck\u0259sizliy\u0259 yeni t\u0259hl\u00fck\u0259l\u0259r\u0259 qar\u015f\u0131 m\u00fcbariz\u0259ni g\u00fccl\u0259ndirm\u0259k z\u0259rur\u0259tini qeyd edibl\u0259r, terrorizm\u0259, ekstremizm\u0259, transmilli m\u00fct\u0259\u015f\u0259kkil cinay\u0259tkarl\u0131\u011fa v\u0259 narkotik madd\u0259l\u0259rin qanunsuz d\u00f6vriyy\u0259sin\u0259 qar\u015f\u0131 m\u00fcbariz\u0259d\u0259 s\u0131x \u0259m\u0259kda\u015fl\u0131q etm\u0259y\u0259 haz\u0131r olduqlar\u0131n\u0131 ifad\u0259 edibl\u0259r.\n<\/p>\n<p>\n  Bu m\u00f6vzu h\u0259r \u00fc\u00e7 \u00f6lk\u0259nin maraqlar\u0131n\u0131n k\u0259si\u015fdiyi sah\u0259d\u0259 sabitlik zonas\u0131 formala\u015fd\u0131r\u0131lmas\u0131 n\u00f6qteyi-n\u0259z\u0259rd\u0259n aktuald\u0131r. Suriya v\u0259 \u0130raqda, \u018ffqan\u0131standa, M\u0259rk\u0259zi Asiyada, \u015eimali Qafqazda bu c\u00fcr qar\u015f\u0131l\u0131ql\u0131 f\u0259aliyy\u0259tin elementl\u0259ri izl\u0259nir.\n<\/p>\n<p>\n  4. H\u0259r \u00fc\u00e7 d\u00f6vl\u0259tin X\u0130N ba\u015f\u00e7\u0131lar\u0131 iqtisadiyyat, energetika, n\u0259qliyyat, infrastruktur, m\u0259d\u0259niyy\u0259t, turizm, biznes, g\u0259ncl\u0259rin m\u00fcbadil\u0259si sah\u0259sind\u0259, habel\u0259 konsulluqlar v\u0259 g\u00f6mr\u00fck sah\u0259sind\u0259 \u00fc\u00e7t\u0259r\u0259fli formata \u0259m\u0259kda\u015fl\u0131\u011f\u0131n inki\u015faf etdirilm\u0259si v\u0259 h\u0259r \u00fc\u00e7 \u00f6lk\u0259nin regionlar\u0131 v\u0259 b\u00f6lg\u0259l\u0259ri aras\u0131nda \u0259laq\u0259l\u0259rin t\u0259\u015fviqi haqq\u0131nda raz\u0131l\u0131q \u0259ld\u0259 edibl\u0259r.\n<\/p>\n<p>\n  Burada \u0259sasl\u0131 olaraq qeyd edil\u0259n b\u00fct\u00fcn istiqam\u0259tl\u0259r \u00fczr\u0259 \u0259m\u0259kda\u015fl\u0131\u011f\u0131n geni\u015fl\u0259ndirilm\u0259sini v\u0259 regional v\u0259 beyn\u0259lxalq \u0259h\u0259miyy\u0259tli m\u00fcxt\u0259lif \u00fc\u00e7t\u0259r\u0259fli ittifaqlar\u0131n yarad\u0131lmas\u0131n\u0131 g\u00f6zl\u0259m\u0259k olar.\n<\/p>\n<p>\n  5. Xarici i\u015fl\u0259r nazirl\u0259ri h\u0259m\u00e7inin \u201c\u015eimal-C\u0259nub\u201d n\u0259qliyyat d\u0259hlizinin inki\u015faf\u0131 \u00fczr\u0259 layih\u0259l\u0259rin daha \u00e7ox t\u0259\u015fviqinin v\u0259 d\u0259st\u0259kl\u0259nm\u0259sinin \u0259h\u0259miyy\u0259tini qeyd edibl\u0259r.\n<\/p>\n<p>\n  X\u0259z\u0259r regionunun \u201c\u015eimal-C\u0259nub\u201d q\u0259rbi n\u0259qliyyat d\u0259hlizinin tikintisinin yekun m\u0259rh\u0259l\u0259y\u0259 q\u0259d\u0259m qoymas\u0131 il\u0259 \u0259laq\u0259dar, \u00e7ox g\u00fcman ki, bu m\u00f6vzunu ilk m\u00f6vzu kimi qeyd etm\u0259k olard\u0131. G\u0259l\u0259n il\u0259 o, Rusiya-Qazax\u0131stan-T\u00fcrkm\u0259nistan-\u0130ran \u015f\u0259rqi n\u0259qliyyat d\u0259hlizin\u0259 birl\u0259\u015fm\u0259li v\u0259 milyardlarla y\u00fck v\u0259 s\u0259rni\u015fin ax\u0131n\u0131 olacaq X\u0259z\u0259r n\u0259qliyyat \u015f\u0259b\u0259k\u0259sini yaratmal\u0131d\u0131r. Haz\u0131rki m\u0259rh\u0259l\u0259d\u0259 layih\u0259 daha \u00e7ox siyasi \u0259h\u0259miyy\u0259t k\u0259sb edir, bel\u0259 ki, Rysiya v\u0259 Az\u0259rbaycan\u0131n Fars k\u00f6rf\u0259zin\u0259 birba\u015fa \u00e7\u0131x\u0131\u015f\u0131n\u0131, \u0130ran \u00fc\u00e7\u00fcn is\u0259 Rusiya v\u0259 \u015fimal d\u0259nizl\u0259rin\u0259 \u00e7\u0131x\u0131\u015f a\u00e7\u0131r. \u00dc\u00e7\u00fcnc\u00fc \u00f6lk\u0259l\u0259r \u00fc\u00e7\u00fcn is\u0259 h\u0259r iki t\u0259r\u0259f\u0259 yol a\u00e7\u0131l\u0131r.\n<\/p>\n<p>\n  6. T\u0259r\u0259fl\u0259r X\u0259z\u0259r d\u0259nizinin s\u00fclh, dostluq, t\u0259hl\u00fck\u0259sizlik v\u0259 \u0259m\u0259kda\u015fl\u0131q d\u0259nizi kimi qalmas\u0131na y\u00f6n\u0259lmi\u015f h\u0259rt\u0259r\u0259fli s\u0259yl\u0259ri davam etdirm\u0259y\u0259 haz\u0131r olduqlar\u0131n\u0131 t\u0259sdiq edibl\u0259r. T\u0259r\u0259fl\u0259r \u0259n q\u0131sa m\u00fcdd\u0259td\u0259 X\u0259z\u0259r D\u0259nizinin H\u00fcquqi Statusu haqq\u0131nda Konvensiyan\u0131 yekunla\u015fd\u0131rmaq bar\u0259d\u0259 raz\u0131l\u0131\u011fa g\u0259libl\u0259r.\n<\/p>\n<p>\n  Bu b\u0259nd o dem\u0259kdir ki, t\u0259r\u0259fl\u0259r X\u0259z\u0259r h\u00f6vz\u0259sinin b\u00fct\u00fcn \u00f6lk\u0259l\u0259rinin regional kooperasiyas\u0131n\u0131n inki\u015faf\u0131n\u0131 l\u0259ngid\u0259n amil kimi \u201cX\u0259z\u0259rin statusu\u201d m\u0259s\u0259l\u0259si s\u0259hif\u0259sini m\u00fcmk\u00fcn q\u0259d\u0259r tez ba\u011flamaq \u0259zmind\u0259dirl\u0259r. Bak\u0131 g\u00f6r\u00fc\u015f\u00fcn\u00fcn d\u0259 pay\u0131zda Astanada be\u015f X\u0259z\u0259r \u00f6lk\u0259sinin sammitind\u0259 m\u00fczakir\u0259 olunacaq bu m\u0259s\u0259l\u0259nin h\u0259llinin b\u0259zi konturlar\u0131n\u0131 ir\u0259li s\u00fcr\u0259c\u0259yini g\u00f6zl\u0259m\u0259k olar.\n<\/p>\n<p>\n  G\u00f6r\u00fcnd\u00fcy\u00fc kimi, prezidentl\u0259r s\u0259viyy\u0259sind\u0259 \u00fc\u00e7t\u0259r\u0259fli Bak\u0131 sammiti he\u00e7 d\u0259 deklarativ xarakterli olmayan m\u00fcxt\u0259lif m\u0259s\u0259l\u0259l\u0259rl\u0259 z\u0259ngin olacaq, \u00e7\u00fcnki maraql\u0131 olan b\u00fct\u00fcn t\u0259r\u0259fl\u0259r s\u0131\u00e7ray\u0131\u015fa \u00fcmid edir \u2013 h\u0259r birinin \u00f6z mara\u011f\u0131 var, amma indiki zaman k\u0259siyind\u0259 bu maraqlar \u00fcst-\u00fcst\u0259 d\u00fc\u015f\u00fcr. 8 avqust g\u00f6r\u00fc\u015f\u00fcn\u00fcn fenomeni v\u0259 mahiyy\u0259ti bundan ibar\u0259tdir.\n<\/p><\/p>\n","protected":false},"excerpt":{"rendered":"<p>Prezidentl\u0259r s\u0259viyy\u0259sind\u0259 \u00fc\u00e7t\u0259r\u0259fli Bak\u0131 sammiti he\u00e7 d\u0259 deklarativ xarakterli olmayan m\u00fcxt\u0259lif m\u0259s\u0259l\u0259l\u0259rl\u0259 z\u0259ngin olacaq, \u00e7\u00fcnki h\u0259r birinin \u00f6z mara\u011f\u0131 var, amma indiki zaman k\u0259siyind\u0259 bu maraqlar \u00fcst-\u00fcst\u0259 d\u00fc\u015f\u00fcr<\/p>\n","protected":false},"author":11,"featured_media":64835,"comment_status":"closed","ping_status":"open","sticky":false,"template":"","format":"standard","meta":{"_acf_changed":false,"_sitemap_exclude":false,"_sitemap_priority":"","_sitemap_frequency":"","footnotes":""},"categories":[51],"tags":[],"class_list":["post-177965","post","type-post","status-publish","format-standard","has-post-thumbnail","hentry","category-analitika","infinite-scroll-item","generate-columns","tablet-grid-50","mobile-grid-100","grid-parent","grid-33","no-featured-image-padding"],"acf":[],"yoast_head":"<!-- This site is optimized with the Yoast SEO plugin v27.5 - https:\/\/yoast.com\/product\/yoast-seo-wordpress\/ -->\n<title>8 avqust g\u00f6r\u00fc\u015f\u00fcn\u00fcn mahiyy\u0259ti - MEYDAN.TV<\/title>\n<meta name=\"robots\" content=\"index, follow, max-snippet:-1, max-image-preview:large, max-video-preview:-1\" \/>\n<link rel=\"canonical\" href=\"https:\/\/www.meydan.tv\/az\/article\/8-avqust-gorusunun-mahiyyeti\/\" \/>\n<meta property=\"og:locale\" content=\"az_AZ\" \/>\n<meta property=\"og:type\" content=\"article\" \/>\n<meta property=\"og:title\" content=\"8 avqust g\u00f6r\u00fc\u015f\u00fcn\u00fcn mahiyy\u0259ti - MEYDAN.TV\" \/>\n<meta property=\"og:description\" content=\"Prezidentl\u0259r s\u0259viyy\u0259sind\u0259 \u00fc\u00e7t\u0259r\u0259fli Bak\u0131 sammiti he\u00e7 d\u0259 deklarativ xarakterli olmayan m\u00fcxt\u0259lif m\u0259s\u0259l\u0259l\u0259rl\u0259 z\u0259ngin olacaq, \u00e7\u00fcnki h\u0259r birinin \u00f6z mara\u011f\u0131 var, amma indiki zaman k\u0259siyind\u0259 bu maraqlar \u00fcst-\u00fcst\u0259 d\u00fc\u015f\u00fcr\" \/>\n<meta property=\"og:url\" content=\"https:\/\/www.meydan.tv\/az\/article\/8-avqust-gorusunun-mahiyyeti\/\" \/>\n<meta property=\"og:site_name\" content=\"MEYDAN.TV\" \/>\n<meta property=\"article:published_time\" content=\"2016-08-06T11:42:36+00:00\" \/>\n<meta property=\"og:image\" content=\"https:\/\/www.meydan.tv\/wp-content\/uploads\/24733.jpg\" \/>\n\t<meta property=\"og:image:width\" content=\"750\" \/>\n\t<meta property=\"og:image:height\" content=\"405\" \/>\n\t<meta property=\"og:image:type\" content=\"image\/jpeg\" \/>\n<meta name=\"author\" content=\"user-manager\" \/>\n<meta name=\"twitter:card\" content=\"summary_large_image\" \/>\n<script type=\"application\/ld+json\" class=\"yoast-schema-graph\">{\"@context\":\"https:\\\/\\\/schema.org\",\"@graph\":[{\"@type\":\"Article\",\"@id\":\"https:\\\/\\\/www.meydan.tv\\\/az\\\/article\\\/8-avqust-gorusunun-mahiyyeti\\\/#article\",\"isPartOf\":{\"@id\":\"https:\\\/\\\/www.meydan.tv\\\/az\\\/article\\\/8-avqust-gorusunun-mahiyyeti\\\/\"},\"author\":{\"name\":\"user-manager\",\"@id\":\"https:\\\/\\\/www.meydan.tv\\\/az\\\/#\\\/schema\\\/person\\\/10d11eccf6da3662cf5fdab9806ea91a\"},\"headline\":\"8 avqust g\u00f6r\u00fc\u015f\u00fcn\u00fcn mahiyy\u0259ti\",\"datePublished\":\"2016-08-06T11:42:36+00:00\",\"mainEntityOfPage\":{\"@id\":\"https:\\\/\\\/www.meydan.tv\\\/az\\\/article\\\/8-avqust-gorusunun-mahiyyeti\\\/\"},\"wordCount\":1097,\"publisher\":{\"@id\":\"https:\\\/\\\/www.meydan.tv\\\/az\\\/#organization\"},\"image\":{\"@id\":\"https:\\\/\\\/www.meydan.tv\\\/az\\\/article\\\/8-avqust-gorusunun-mahiyyeti\\\/#primaryimage\"},\"thumbnailUrl\":\"https:\\\/\\\/www.meydan.tv\\\/wp-content\\\/uploads\\\/24733.jpg\",\"articleSection\":[\"Analitika\"],\"inLanguage\":\"az\"},{\"@type\":\"WebPage\",\"@id\":\"https:\\\/\\\/www.meydan.tv\\\/az\\\/article\\\/8-avqust-gorusunun-mahiyyeti\\\/\",\"url\":\"https:\\\/\\\/www.meydan.tv\\\/az\\\/article\\\/8-avqust-gorusunun-mahiyyeti\\\/\",\"name\":\"8 avqust g\u00f6r\u00fc\u015f\u00fcn\u00fcn mahiyy\u0259ti - MEYDAN.TV\",\"isPartOf\":{\"@id\":\"https:\\\/\\\/www.meydan.tv\\\/az\\\/#website\"},\"primaryImageOfPage\":{\"@id\":\"https:\\\/\\\/www.meydan.tv\\\/az\\\/article\\\/8-avqust-gorusunun-mahiyyeti\\\/#primaryimage\"},\"image\":{\"@id\":\"https:\\\/\\\/www.meydan.tv\\\/az\\\/article\\\/8-avqust-gorusunun-mahiyyeti\\\/#primaryimage\"},\"thumbnailUrl\":\"https:\\\/\\\/www.meydan.tv\\\/wp-content\\\/uploads\\\/24733.jpg\",\"datePublished\":\"2016-08-06T11:42:36+00:00\",\"breadcrumb\":{\"@id\":\"https:\\\/\\\/www.meydan.tv\\\/az\\\/article\\\/8-avqust-gorusunun-mahiyyeti\\\/#breadcrumb\"},\"inLanguage\":\"az\",\"potentialAction\":[{\"@type\":\"ReadAction\",\"target\":[\"https:\\\/\\\/www.meydan.tv\\\/az\\\/article\\\/8-avqust-gorusunun-mahiyyeti\\\/\"]}]},{\"@type\":\"ImageObject\",\"inLanguage\":\"az\",\"@id\":\"https:\\\/\\\/www.meydan.tv\\\/az\\\/article\\\/8-avqust-gorusunun-mahiyyeti\\\/#primaryimage\",\"url\":\"https:\\\/\\\/www.meydan.tv\\\/wp-content\\\/uploads\\\/24733.jpg\",\"contentUrl\":\"https:\\\/\\\/www.meydan.tv\\\/wp-content\\\/uploads\\\/24733.jpg\",\"width\":750,\"height\":405,\"caption\":\"Source:\"},{\"@type\":\"BreadcrumbList\",\"@id\":\"https:\\\/\\\/www.meydan.tv\\\/az\\\/article\\\/8-avqust-gorusunun-mahiyyeti\\\/#breadcrumb\",\"itemListElement\":[{\"@type\":\"ListItem\",\"position\":1,\"name\":\"Ana s\u0259hif\u0259\",\"item\":\"https:\\\/\\\/www.meydan.tv\\\/az\\\/\"},{\"@type\":\"ListItem\",\"position\":2,\"name\":\"Analitika\",\"item\":\"https:\\\/\\\/www.meydan.tv\\\/az\\\/section\\\/analitika\\\/\"},{\"@type\":\"ListItem\",\"position\":3,\"name\":\"8 avqust g\u00f6r\u00fc\u015f\u00fcn\u00fcn mahiyy\u0259ti\"}]},{\"@type\":\"WebSite\",\"@id\":\"https:\\\/\\\/www.meydan.tv\\\/az\\\/#website\",\"url\":\"https:\\\/\\\/www.meydan.tv\\\/az\\\/\",\"name\":\"MEYDAN.TV\",\"description\":\"Meydan TV Az\u0259rbaycan\u0131n media m\u0259kan\u0131ndak\u0131 alternativ s\u0259sidir\",\"publisher\":{\"@id\":\"https:\\\/\\\/www.meydan.tv\\\/az\\\/#organization\"},\"potentialAction\":[{\"@type\":\"SearchAction\",\"target\":{\"@type\":\"EntryPoint\",\"urlTemplate\":\"https:\\\/\\\/www.meydan.tv\\\/az\\\/?s={search_term_string}\"},\"query-input\":{\"@type\":\"PropertyValueSpecification\",\"valueRequired\":true,\"valueName\":\"search_term_string\"}}],\"inLanguage\":\"az\"},{\"@type\":\"Organization\",\"@id\":\"https:\\\/\\\/www.meydan.tv\\\/az\\\/#organization\",\"name\":\"Meydan TV\",\"url\":\"https:\\\/\\\/www.meydan.tv\\\/az\\\/\",\"logo\":{\"@type\":\"ImageObject\",\"inLanguage\":\"az\",\"@id\":\"https:\\\/\\\/www.meydan.tv\\\/az\\\/#\\\/schema\\\/logo\\\/image\\\/\",\"url\":\"https:\\\/\\\/www.meydan.tv\\\/wp-content\\\/uploads\\\/2021\\\/07\\\/meydan-logo.svg\",\"contentUrl\":\"https:\\\/\\\/www.meydan.tv\\\/wp-content\\\/uploads\\\/2021\\\/07\\\/meydan-logo.svg\",\"width\":195,\"height\":46,\"caption\":\"Meydan TV\"},\"image\":{\"@id\":\"https:\\\/\\\/www.meydan.tv\\\/az\\\/#\\\/schema\\\/logo\\\/image\\\/\"}},{\"@type\":\"Person\",\"@id\":\"https:\\\/\\\/www.meydan.tv\\\/az\\\/#\\\/schema\\\/person\\\/10d11eccf6da3662cf5fdab9806ea91a\",\"name\":\"user-manager\"}]}<\/script>\n<!-- \/ Yoast SEO plugin. -->","yoast_head_json":{"title":"8 avqust g\u00f6r\u00fc\u015f\u00fcn\u00fcn mahiyy\u0259ti - MEYDAN.TV","robots":{"index":"index","follow":"follow","max-snippet":"max-snippet:-1","max-image-preview":"max-image-preview:large","max-video-preview":"max-video-preview:-1"},"canonical":"https:\/\/www.meydan.tv\/az\/article\/8-avqust-gorusunun-mahiyyeti\/","og_locale":"az_AZ","og_type":"article","og_title":"8 avqust g\u00f6r\u00fc\u015f\u00fcn\u00fcn mahiyy\u0259ti - MEYDAN.TV","og_description":"Prezidentl\u0259r s\u0259viyy\u0259sind\u0259 \u00fc\u00e7t\u0259r\u0259fli Bak\u0131 sammiti he\u00e7 d\u0259 deklarativ xarakterli olmayan m\u00fcxt\u0259lif m\u0259s\u0259l\u0259l\u0259rl\u0259 z\u0259ngin olacaq, \u00e7\u00fcnki h\u0259r birinin \u00f6z mara\u011f\u0131 var, amma indiki zaman k\u0259siyind\u0259 bu maraqlar \u00fcst-\u00fcst\u0259 d\u00fc\u015f\u00fcr","og_url":"https:\/\/www.meydan.tv\/az\/article\/8-avqust-gorusunun-mahiyyeti\/","og_site_name":"MEYDAN.TV","article_published_time":"2016-08-06T11:42:36+00:00","og_image":[{"width":750,"height":405,"url":"https:\/\/www.meydan.tv\/wp-content\/uploads\/24733.jpg","type":"image\/jpeg"}],"author":"user-manager","twitter_card":"summary_large_image","schema":{"@context":"https:\/\/schema.org","@graph":[{"@type":"Article","@id":"https:\/\/www.meydan.tv\/az\/article\/8-avqust-gorusunun-mahiyyeti\/#article","isPartOf":{"@id":"https:\/\/www.meydan.tv\/az\/article\/8-avqust-gorusunun-mahiyyeti\/"},"author":{"name":"user-manager","@id":"https:\/\/www.meydan.tv\/az\/#\/schema\/person\/10d11eccf6da3662cf5fdab9806ea91a"},"headline":"8 avqust g\u00f6r\u00fc\u015f\u00fcn\u00fcn mahiyy\u0259ti","datePublished":"2016-08-06T11:42:36+00:00","mainEntityOfPage":{"@id":"https:\/\/www.meydan.tv\/az\/article\/8-avqust-gorusunun-mahiyyeti\/"},"wordCount":1097,"publisher":{"@id":"https:\/\/www.meydan.tv\/az\/#organization"},"image":{"@id":"https:\/\/www.meydan.tv\/az\/article\/8-avqust-gorusunun-mahiyyeti\/#primaryimage"},"thumbnailUrl":"https:\/\/www.meydan.tv\/wp-content\/uploads\/24733.jpg","articleSection":["Analitika"],"inLanguage":"az"},{"@type":"WebPage","@id":"https:\/\/www.meydan.tv\/az\/article\/8-avqust-gorusunun-mahiyyeti\/","url":"https:\/\/www.meydan.tv\/az\/article\/8-avqust-gorusunun-mahiyyeti\/","name":"8 avqust g\u00f6r\u00fc\u015f\u00fcn\u00fcn mahiyy\u0259ti - MEYDAN.TV","isPartOf":{"@id":"https:\/\/www.meydan.tv\/az\/#website"},"primaryImageOfPage":{"@id":"https:\/\/www.meydan.tv\/az\/article\/8-avqust-gorusunun-mahiyyeti\/#primaryimage"},"image":{"@id":"https:\/\/www.meydan.tv\/az\/article\/8-avqust-gorusunun-mahiyyeti\/#primaryimage"},"thumbnailUrl":"https:\/\/www.meydan.tv\/wp-content\/uploads\/24733.jpg","datePublished":"2016-08-06T11:42:36+00:00","breadcrumb":{"@id":"https:\/\/www.meydan.tv\/az\/article\/8-avqust-gorusunun-mahiyyeti\/#breadcrumb"},"inLanguage":"az","potentialAction":[{"@type":"ReadAction","target":["https:\/\/www.meydan.tv\/az\/article\/8-avqust-gorusunun-mahiyyeti\/"]}]},{"@type":"ImageObject","inLanguage":"az","@id":"https:\/\/www.meydan.tv\/az\/article\/8-avqust-gorusunun-mahiyyeti\/#primaryimage","url":"https:\/\/www.meydan.tv\/wp-content\/uploads\/24733.jpg","contentUrl":"https:\/\/www.meydan.tv\/wp-content\/uploads\/24733.jpg","width":750,"height":405,"caption":"Source:"},{"@type":"BreadcrumbList","@id":"https:\/\/www.meydan.tv\/az\/article\/8-avqust-gorusunun-mahiyyeti\/#breadcrumb","itemListElement":[{"@type":"ListItem","position":1,"name":"Ana s\u0259hif\u0259","item":"https:\/\/www.meydan.tv\/az\/"},{"@type":"ListItem","position":2,"name":"Analitika","item":"https:\/\/www.meydan.tv\/az\/section\/analitika\/"},{"@type":"ListItem","position":3,"name":"8 avqust g\u00f6r\u00fc\u015f\u00fcn\u00fcn mahiyy\u0259ti"}]},{"@type":"WebSite","@id":"https:\/\/www.meydan.tv\/az\/#website","url":"https:\/\/www.meydan.tv\/az\/","name":"MEYDAN.TV","description":"Meydan TV Az\u0259rbaycan\u0131n media m\u0259kan\u0131ndak\u0131 alternativ s\u0259sidir","publisher":{"@id":"https:\/\/www.meydan.tv\/az\/#organization"},"potentialAction":[{"@type":"SearchAction","target":{"@type":"EntryPoint","urlTemplate":"https:\/\/www.meydan.tv\/az\/?s={search_term_string}"},"query-input":{"@type":"PropertyValueSpecification","valueRequired":true,"valueName":"search_term_string"}}],"inLanguage":"az"},{"@type":"Organization","@id":"https:\/\/www.meydan.tv\/az\/#organization","name":"Meydan TV","url":"https:\/\/www.meydan.tv\/az\/","logo":{"@type":"ImageObject","inLanguage":"az","@id":"https:\/\/www.meydan.tv\/az\/#\/schema\/logo\/image\/","url":"https:\/\/www.meydan.tv\/wp-content\/uploads\/2021\/07\/meydan-logo.svg","contentUrl":"https:\/\/www.meydan.tv\/wp-content\/uploads\/2021\/07\/meydan-logo.svg","width":195,"height":46,"caption":"Meydan TV"},"image":{"@id":"https:\/\/www.meydan.tv\/az\/#\/schema\/logo\/image\/"}},{"@type":"Person","@id":"https:\/\/www.meydan.tv\/az\/#\/schema\/person\/10d11eccf6da3662cf5fdab9806ea91a","name":"user-manager"}]}},"_links":{"self":[{"href":"https:\/\/www.meydan.tv\/az\/wp-json\/wp\/v2\/posts\/177965","targetHints":{"allow":["GET"]}}],"collection":[{"href":"https:\/\/www.meydan.tv\/az\/wp-json\/wp\/v2\/posts"}],"about":[{"href":"https:\/\/www.meydan.tv\/az\/wp-json\/wp\/v2\/types\/post"}],"author":[{"embeddable":true,"href":"https:\/\/www.meydan.tv\/az\/wp-json\/wp\/v2\/users\/11"}],"replies":[{"embeddable":true,"href":"https:\/\/www.meydan.tv\/az\/wp-json\/wp\/v2\/comments?post=177965"}],"version-history":[{"count":0,"href":"https:\/\/www.meydan.tv\/az\/wp-json\/wp\/v2\/posts\/177965\/revisions"}],"wp:featuredmedia":[{"embeddable":true,"href":"https:\/\/www.meydan.tv\/az\/wp-json\/wp\/v2\/media\/64835"}],"wp:attachment":[{"href":"https:\/\/www.meydan.tv\/az\/wp-json\/wp\/v2\/media?parent=177965"}],"wp:term":[{"taxonomy":"category","embeddable":true,"href":"https:\/\/www.meydan.tv\/az\/wp-json\/wp\/v2\/categories?post=177965"},{"taxonomy":"post_tag","embeddable":true,"href":"https:\/\/www.meydan.tv\/az\/wp-json\/wp\/v2\/tags?post=177965"}],"curies":[{"name":"wp","href":"https:\/\/api.w.org\/{rel}","templated":true}]}}