{"id":177959,"date":"2016-08-05T20:17:08","date_gmt":"2016-08-05T20:17:08","guid":{"rendered":"https:\/\/www.meydan.tv\/article\/klub-himayecileri\/"},"modified":"2016-08-05T20:17:08","modified_gmt":"2016-08-05T20:17:08","slug":"klub-himayecileri","status":"publish","type":"post","link":"https:\/\/www.meydan.tv\/az\/article\/klub-himayecileri\/","title":{"rendered":"Klub himay\u0259\u00e7il\u0259ri"},"content":{"rendered":"<figure class=\"wp-block-image size-large\">\n  <img decoding=\"async\" src=\"https:\/\/www.meydan.tv\/az\/64805\/\" alt=\"\" class=\"wp-image-64805\"\/><figcaption><\/figcaption><\/figure>\n<figure class=\"wp-block-image size-large\">\n  <img decoding=\"async\" src=\"https:\/\/www.meydan.tv\/az\/64805\/\" alt=\"\" class=\"wp-image-64805\"\/><figcaption><\/figcaption><\/figure>\n<p>\n  <i><br \/>\n    &#8221;\u0130mkan\u0131 olan biznesmenl\u0259r d\u0259 haz\u0131rda futboldan uzaq dururlar&#8221;<br \/>\n  <\/i>\n<\/p>\n<p>\n  Avqustun 6-da futbol \u00fczr\u0259 Az\u0259rbaycan \u00e7empionat\u0131nda n\u00f6vb\u0259ti m\u00f6vs\u00fcm\u0259 start veril\u0259c\u0259k. Bu m\u00f6vs\u00fcm \u00e7empionatda daha az-c\u0259misi 8 komanda (\u00f6t\u0259n m\u00f6vs\u00fcm 10 komanda) m\u00fcbariz\u0259 aparacaq. Komandalar\u0131n say\u0131n\u0131n h\u0259r m\u00f6vs\u00fcm azalmas\u0131 futbol t\u0259s\u0259rr\u00fcfat\u0131nda ciddi probleml\u0259rin olmas\u0131n\u0131n g\u00f6st\u0259ricisi kimi qiym\u0259tl\u0259ndirilir. X\u00fcsus\u0259n d\u0259 idar\u0259etm\u0259 sistemind\u0259. \u0130dman ekspertl\u0259rinin dediyin\u0259 g\u00f6r\u0259, art\u0131q sponsorlar, i\u015f adamlar\u0131\u00a0 futbol \u00fczr\u0259 Az\u0259rbaycan \u00e7empionat\u0131na maraq g\u00f6st\u0259rmirl\u0259r.\n<\/p>\n<\/p>\n<p>\n  <b><br \/>\n    Ramin Musayevin etiraf\u0131 n\u0259yin t\u0259zah\u00fcr\u00fcd\u00fc?<br \/>\n  <\/b>\n<\/p>\n<p>\n  \u00c7empionat\u0131n ba\u015flanmas\u0131na bir ne\u00e7\u0259 h\u0259ft\u0259 qalm\u0131\u015f Pe\u015f\u0259kar Futbol Liqas\u0131n\u0131n prezidenti Ramin Musayevin m\u0259tbuata verdiyi a\u00e7\u0131qlama birm\u0259nal\u0131 qar\u015f\u0131lanmad\u0131. PFL prezidenti a\u00e7\u0131q \u015f\u0259kild\u0259 bildirmi\u015fdi ki, Az\u0259rbaycan \u00e7empionat\u0131n\u0131n birinci d\u0259st\u0259sind\u0259 \u00e7\u0131x\u0131\u015f ed\u0259c\u0259k \u0130mi\u015flinin \u201cMil-Mu\u011fan\u201dkomandas\u0131n\u0131 (<br \/>\n  <a href=\"http:\/\/komanda.az\/xeber\/22492\/\"><br \/>\n    http:\/\/komanda.az\/xeber\/22492\/<br \/>\n  <\/a><br \/>\n  ) himay\u0259 ed\u0259c\u0259k. Ramin Musayevin \u201cFutbol+\u201d q\u0259zetinin 28 iyul tarixli say\u0131nda getmi\u015f m\u00fcsahib\u0259sind\u0259n: \u201cB\u0259li, m\u0259n bu klubu \u00f6z himay\u0259m\u0259 g\u00f6t\u00fcrm\u00fc\u015f\u0259m. Klubun lisenziya almas\u0131 \u00fc\u00e7\u00fcn b\u00fct\u00fcn m\u0259s\u0259l\u0259l\u0259ri n\u0259zar\u0259td\u0259 saxlayaca\u011f\u0131q. \u201cMil-Mu\u011fan\u201d\u0131n ba\u015f m\u0259\u015fq\u00e7isi postuna is\u0259 Aqil M\u0259mm\u0259dov g\u0259tiril\u0259c\u0259k\u201d.\n<\/p>\n<figure class=\"wp-block-image size-large\">\n  <img decoding=\"async\" src=\"https:\/\/www.meydan.tv\/az\/64808\/\" alt=\"\" class=\"wp-image-64808\"\/><figcaption><\/figcaption><\/figure>\n<p>\n  Bir \u015f\u0259xs hans\u0131sa komandan\u0131 himay\u0259 edirs\u0259, dem\u0259li, h\u0259min komandan\u0131n n\u0259tic\u0259 qazanmas\u0131na \u00e7al\u0131\u015fmal\u0131d\u0131. \u018fn az\u0131 v\u0259sait ay\u0131ran \u015f\u0259xs qar\u015f\u0131s\u0131nda hans\u0131sa \u00f6hd\u0259lik var v\u0259 hesabat verilm\u0259lidir.\n<\/p>\n<p>\n  Pe\u015f\u0259kar Futbol Liqas\u0131 qeyri-h\u00f6kum\u0259t t\u0259\u015fkilat\u0131d\u0131. Bu t\u0259\u015fkilat AFFA il\u0259 m\u00fcqavil\u0259 ba\u011flayaraq, yaln\u0131z \u00e7empionat\u0131n ke\u00e7irilm\u0259sin\u0259 cavabdehdi. Klublardan al\u0131nan r\u00fcsumlar hesab\u0131na f\u0259aliyy\u0259t g\u00f6st\u0259r\u0259n bir t\u0259\u015fkilat\u0131n komanda himay\u0259 etm\u0259si bir \u00e7ox sual ortaya \u00e7\u0131xar\u0131r. Ax\u0131 \u00e7empionat\u0131 t\u0259\u015fkil ed\u0259n bu qurum hans\u0131sa komandan\u0131 himay\u0259 etm\u0259kl\u0259, obyektivliyini nec\u0259 qoruya bil\u0259r? Onu da vur\u011fulayaq ki, d\u00fcnyan\u0131n he\u00e7 bir \u00f6lk\u0259sind\u0259 \u00e7empionat\u0131 t\u0259\u015fkil ed\u0259n qurum h\u0259r hans\u0131 bir komandan\u0131 himay\u0259 ed\u0259 bilm\u0259z. Bu, qada\u011fand\u0131. Az\u0259rbaycanda is\u0259 n\u0259inki bunu edirl\u0259r, \u00fcst\u0259lik ictimaiyy\u0259t\u0259 d\u0259 a\u00e7\u0131qlay\u0131rlar.\n<\/p>\n<p>\n  <b><\/b>\n<\/p>\n<p>\n  <b><br \/>\n    SOCAR-dan ayr\u0131lan v\u0259sait\u0259 n\u0259zar\u0259t \u00fc\u00e7\u00fcn m\u00fcbariz\u0259<br \/>\n  <\/b>\n<\/p>\n<p>\n  Az\u0259rbaycan \u00e7empionat\u0131nda i\u015ftirak ed\u0259n klublar\u0131n AFFA-da m\u00f6vcud olan iki qrup t\u0259r\u0259find\u0259n himay\u0259 olunmas\u0131 futbol ictimaiyy\u0259ti aras\u0131nda m\u00fczakir\u0259 olunan probleml\u0259rd\u0259ndir. Ancaq indiy\u0259d\u0259k t\u0259r\u0259fl\u0259r bu himay\u0259\u00e7iliyi etiraf etmirdil\u0259r. \u0130ndi is\u0259 qruplardan birinin r\u0259hb\u0259ri Ramin Musayev ictimaiyy\u0259t\u0259 a\u00e7\u0131q \u015f\u0259kild\u0259 bildirir ki, \u00e7empionatda hans\u0131sa komandan\u0131 himay\u0259 ed\u0259c\u0259k. Ramin Musayevin bu a\u00e7\u0131qlamas\u0131na yaln\u0131z azad idman m\u0259tbuat\u0131ndan t\u0259pki g\u0259ldi. Futbol m\u00fct\u0259x\u0259ssisl\u0259ri v\u0259 AFFA r\u0259hb\u0259rliyi is\u0259 susdu.\n<\/p>\n<p>\n  Futbol kluarlar\u0131nda g\u0259z\u0259n s\u00f6hb\u0259tl\u0259r\u0259 g\u00f6r\u0259, AFFA-da klublara himay\u0259 ed\u0259n qruplardan dig\u0259rin\u0259 is\u0259 qurumun ba\u015f katibi Elxan M\u0259mm\u0259dov n\u0259zar\u0259t edir. Ad\u0131n\u0131n a\u00e7\u0131qlanmas\u0131n\u0131 ist\u0259m\u0259y\u0259n futbol m\u00fct\u0259x\u0259ssisi deyir ki, qruplar aras\u0131ndak\u0131 m\u00fcbariz\u0259 pul \u00fcst\u00fcnd\u0259dir: &#8220;Sponsorlar, i\u015f adamlar\u0131 futbola maliyy\u0259 yat\u0131r\u0131m\u0131 etm\u0259kd\u0259n boyun qa\u00e7\u0131rd\u0131qdan sonra bu idman n\u00f6v\u00fcn\u00fcn bird\u0259f\u0259lik m\u0259hv olmamas\u0131 \u00fc\u00e7\u00fcn SOCAR-dan klublara v\u0259sait ayr\u0131l\u0131r. X\u00fcsus\u0259n d\u0259 birinci d\u0259st\u0259d\u0259 m\u00fcbariz\u0259 aparan klublara.\u00a0 Qruplar aras\u0131ndak\u0131 m\u00fcbariz\u0259 d\u0259 SOCAR-dan ayr\u0131lan bu v\u0259sait\u0259 n\u0259zar\u0259t etm\u0259y\u0259 hesablan\u0131b. H\u0259r iki qrupla\u015fma himay\u0259sind\u0259 daha \u00e7ox klubun olmas\u0131na \u00e7al\u0131\u015f\u0131r ki, daha \u00e7ox neft puluna sahib olsun&#8221;.\n<\/p>\n<p>\n  <b><br \/>\n    Amal Abu\u015fov: \u201cAz\u0259rbaycan \u00e7empionat\u0131nda hans\u0131sa \u0259dal\u0259tli m\u00fcbariz\u0259d\u0259n dan\u0131\u015fmaq m\u00fcmk\u00fcn olmayacaq\u201d<br \/>\n  <\/b>\n<\/p>\n<figure class=\"wp-block-image size-large\">\n  <img decoding=\"async\" src=\"https:\/\/www.meydan.tv\/az\/amal-abusov\/\" alt=\"Amal Abu\u015fov\" class=\"wp-image-64811\"\/><figcaption>\n    Amal Abu\u015fov<br \/>\n  <\/figcaption><\/figure>\n<p>\n  M\u00fcst\u0259qil futbol yazar\u0131 Amal Abu\u015fov Meydan TV-y\u0259 bu m\u0259s\u0259l\u0259ni bel\u0259 \u015f\u0259rh edib: \u201cHaz\u0131rda m\u00fc\u015fahid\u0259 etdiyimiz b\u00fct\u00fcn prosesl\u0259r, e\u015fitdiyimiz q\u0259rib\u0259 a\u00e7\u0131qlamalar Az\u0259rbaycan futbolunun art\u0131q canverm\u0259 m\u0259rh\u0259l\u0259sini d\u0259 gerid\u0259 qoydu\u011funun \u0259lam\u0259tidir. D\u00fcnyan\u0131n he\u00e7 bir yerind\u0259 g\u00f6r\u00fclm\u0259y\u0259n hadis\u0259l\u0259r bizim futbolumuzda ya\u015fan\u0131r, bir-birind\u0259n m\u0259z\u0259li a\u00e7\u0131qlamalar e\u015fidilir. 2005-ci ild\u0259 \u201cfutbolun inki\u015faf\u0131na dair D\u00f6vl\u0259t Proqram\u0131\u201d q\u0259bul olundu, 10 il \u0259rzind\u0259 neft pullar\u0131 sel kimi futbola ax\u0131d\u0131ld\u0131, top oyununa s\u0259rmay\u0259 qoyan i\u015f adamlar\u0131 v\u0259 oliqarxlar \u00fc\u00e7\u00fcn m\u00fcxt\u0259lif imtiyazlar a\u00e7\u0131ld\u0131. Amma g\u00f6r\u00fcl\u0259n i\u015fl\u0259r, x\u0259rcl\u0259n\u0259n pullar sa\u011flam t\u0259f\u0259kk\u00fcr\u0259, xo\u015f niyy\u0259t\u0259 s\u00f6yk\u0259nm\u0259diyi \u00fc\u00e7\u00fcn yava\u015f-yava\u015f h\u0259min i\u015f adamlar\u0131 da futboldan \u00e7\u0259kildil\u0259r. \u015e\u00fcbh\u0259 etmir\u0259m ki, bu g\u00fcn Hafiz M\u0259mm\u0259dovun, M\u00fcbariz M\u0259nsimovun, Nuru \u018fliyevin biznesl\u0259ri z\u0259ifl\u0259m\u0259s\u0259ydi bel\u0259, onlar haz\u0131rki \u015f\u0259rtl\u0259r alt\u0131nda klub saxlama\u011fa, futbola pul x\u0259rcl\u0259m\u0259y\u0259 raz\u0131 olmayacaqd\u0131lar. Onlar g\u00f6rd\u00fcl\u0259r ki, AFFA-n\u0131n ba\u015f\u0131nda oturanlar\u0131n irad\u0259sind\u0259n k\u0259nar Az\u0259rbaycan futbolunda n\u0259 \u00e7empion olmaq m\u00fcmk\u00fcnd\u00fcr, n\u0259 d\u0259 futbol\u00e7u yeti\u015fdirm\u0259k. M\u0259\u015fhur t\u0259msild\u0259 deyildiyi kimi, d\u0259risi soyulmu\u015f dostun aqib\u0259ti Az\u0259rbaycanda dig\u0259rl\u0259ri \u00fc\u00e7\u00fcn d\u0259 n\u00fcmun\u0259dir. \u0130mkan\u0131 olan biznesmenl\u0259r d\u0259 haz\u0131rda futboldan uzaq dururlar. Bel\u0259 d\u0259 AFFA m\u0259cbur olub \u00f6lm\u00fc\u015f futbolumuzun inki\u015faf\u0131 haqda yalan\u00e7\u0131 imitasiyalar etm\u0259y\u0259 \u00e7al\u0131\u015f\u0131r. Faktiki bu g\u00fcn Premyer Liqada m\u00fcbariz\u0259 aparan &#8220;Neft\u00e7i&#8221;, &#8220;K\u0259p\u0259z&#8221;, &#8220;Sumqay\u0131t&#8221; klublar\u0131 AFFA-n\u0131n ba\u015f katibinin n\u0259zar\u0259tind\u0259dir. Bu klublara Elxan M\u0259mm\u0259dovun kadrlar\u0131 n\u0259zar\u0259t edir. Elitada h\u00f6kmranl\u0131\u011f\u0131 \u0259l\u0259 alan ba\u015f katib PFL prezidenti Ramin Musayevi hadis\u0259l\u0259rin m\u0259rk\u0259zind\u0259n uzaqla\u015fd\u0131rma\u011fa \u00e7al\u0131\u015f\u0131r, onun s\u0131rf \u00e7empionat\u0131n t\u0259\u015fkili \u00fc\u00e7\u00fcn texniki i\u015fl\u0259rl\u0259 m\u0259\u015f\u011ful olma\u011fa m\u0259cbur edir. Elitadak\u0131 m\u00fcr\u0259kk\u0259b v\u0259ziyy\u0259t Ramin Musayevi d\u0259 bir q\u0259d\u0259r oyundank\u0259nar v\u0259ziyy\u0259t\u0259 sal\u0131b. Onun &#8220;Mil-Mu\u011fan&#8221;a himay\u0259darl\u0131q etm\u0259si futbolun, pe\u015f\u0259kar \u00e7empionat\u0131n yaz\u0131lan v\u0259 yaz\u0131lmayan qaydalar\u0131na ziddir. Deyil\u0259n\u0259 g\u00f6r\u0259, \u0130mi\u015fli klubu g\u0259l\u0259n m\u00f6vs\u00fcm elitada oynayacaq. Ola bilsin ki, bu \u00fcsulla c\u0259nab Musayev elitada \u00f6z n\u0259zar\u0259tind\u0259 olan klubun \u00e7\u0131x\u0131\u015f etm\u0259sin\u0259 nail olmaq, eyni zamanda, b\u00f6lg\u0259 futbolunun inki\u015faf\u0131na \u00e7al\u0131\u015fd\u0131\u011f\u0131 haqda fikir formala\u015fd\u0131rmaq ist\u0259yir. Bel\u0259 davam ets\u0259, g\u0259l\u0259c\u0259kd\u0259 Az\u0259rbaycan \u00e7empionat\u0131nda hans\u0131sa \u0259dal\u0259tli m\u00fcbariz\u0259d\u0259n dan\u0131\u015fmaq m\u00fcmk\u00fcn olmayacaq\u201d.\n<\/p>\n<p>\n  <i><br \/>\n    Yeni m\u00f6vs\u00fcmd\u0259n Az\u0259rbaycan Premyer Liqas\u0131nda v\u0259 birinci d\u0259st\u0259d\u0259 \u00e7\u0131x\u0131\u015f ed\u0259c\u0259k klublar\u0131n kiml\u0259rin himay\u0259si alt\u0131nda olmas\u0131 il\u0259 ba\u011fl\u0131 iddialar bunlard\u0131r:<br \/>\n  <\/i>\n<\/p>\n<p>\n  AFFA-n\u0131n ba\u015f katibi Elxan M\u0259mm\u0259dovun himay\u0259sind\u0259 olan klublar: \u201cNeft\u00e7i\u201d, \u201cSumqay\u0131t\u201d, \u201cK\u0259p\u0259z\u201d, \u201cTuran -Tovuz\u201d, \u201cS\u0259bail\u201d.\n<\/p>\n<p>\n  PFL prezidenti Ramin Musayevin himay\u0259sind\u0259 olan klublar: AZAL, \u201cQarada\u011f L\u00f6kbatan\u201d, \u201c\u015e\u0259mkir\u201d, \u201cMil-Mu\u011fan\u201d, \u201cEnergetik\u201d, \u201cNeft\u00e7ala\u201d.\n<\/p>\n<p>\n  Meydan TV AFFA-n\u0131n ba\u015f katibi Elxan M\u0259mm\u0259dovdan iddialara cavab alma\u011fa \u00e7al\u0131\u015fsa da, m\u00fcmk\u00fcn olmad\u0131. \u00dcmumiyy\u0259tl\u0259, qurumda t\u0259msil olunan he\u00e7 kim bu suala cavab verm\u0259k ist\u0259m\u0259di.<\/p>\n","protected":false},"excerpt":{"rendered":"<p>&#8221;\u0130mkan\u0131 olan biznesmenl\u0259r d\u0259 haz\u0131rda futboldan uzaq dururlar&#8221;<\/p>\n","protected":false},"author":11,"featured_media":64805,"comment_status":"closed","ping_status":"open","sticky":false,"template":"","format":"standard","meta":{"_acf_changed":false,"_sitemap_exclude":false,"_sitemap_priority":"","_sitemap_frequency":"","footnotes":""},"categories":[51],"tags":[],"class_list":["post-177959","post","type-post","status-publish","format-standard","has-post-thumbnail","hentry","category-analitika","infinite-scroll-item","generate-columns","tablet-grid-50","mobile-grid-100","grid-parent","grid-33","no-featured-image-padding"],"acf":[],"yoast_head":"<!-- This site is optimized with the Yoast SEO plugin v27.5 - https:\/\/yoast.com\/product\/yoast-seo-wordpress\/ -->\n<title>Klub himay\u0259\u00e7il\u0259ri - MEYDAN.TV<\/title>\n<meta name=\"robots\" content=\"index, follow, max-snippet:-1, max-image-preview:large, max-video-preview:-1\" \/>\n<link rel=\"canonical\" href=\"https:\/\/www.meydan.tv\/az\/article\/klub-himayecileri\/\" \/>\n<meta property=\"og:locale\" content=\"az_AZ\" \/>\n<meta property=\"og:type\" content=\"article\" \/>\n<meta property=\"og:title\" content=\"Klub himay\u0259\u00e7il\u0259ri - MEYDAN.TV\" \/>\n<meta property=\"og:description\" content=\"&#039;&#039;\u0130mkan\u0131 olan biznesmenl\u0259r d\u0259 haz\u0131rda futboldan uzaq dururlar&#039;&#039;\" \/>\n<meta property=\"og:url\" content=\"https:\/\/www.meydan.tv\/az\/article\/klub-himayecileri\/\" \/>\n<meta property=\"og:site_name\" content=\"MEYDAN.TV\" \/>\n<meta property=\"article:published_time\" content=\"2016-08-05T20:17:08+00:00\" \/>\n<meta property=\"og:image\" content=\"https:\/\/www.meydan.tv\/wp-content\/uploads\/24720.jpg\" \/>\n\t<meta property=\"og:image:width\" content=\"609\" \/>\n\t<meta property=\"og:image:height\" content=\"400\" \/>\n\t<meta property=\"og:image:type\" content=\"image\/jpeg\" \/>\n<meta name=\"author\" content=\"user-manager\" \/>\n<meta name=\"twitter:card\" content=\"summary_large_image\" \/>\n<script type=\"application\/ld+json\" class=\"yoast-schema-graph\">{\"@context\":\"https:\\\/\\\/schema.org\",\"@graph\":[{\"@type\":\"Article\",\"@id\":\"https:\\\/\\\/www.meydan.tv\\\/az\\\/article\\\/klub-himayecileri\\\/#article\",\"isPartOf\":{\"@id\":\"https:\\\/\\\/www.meydan.tv\\\/az\\\/article\\\/klub-himayecileri\\\/\"},\"author\":{\"name\":\"user-manager\",\"@id\":\"https:\\\/\\\/www.meydan.tv\\\/az\\\/#\\\/schema\\\/person\\\/10d11eccf6da3662cf5fdab9806ea91a\"},\"headline\":\"Klub himay\u0259\u00e7il\u0259ri\",\"datePublished\":\"2016-08-05T20:17:08+00:00\",\"mainEntityOfPage\":{\"@id\":\"https:\\\/\\\/www.meydan.tv\\\/az\\\/article\\\/klub-himayecileri\\\/\"},\"wordCount\":1277,\"publisher\":{\"@id\":\"https:\\\/\\\/www.meydan.tv\\\/az\\\/#organization\"},\"image\":{\"@id\":\"https:\\\/\\\/www.meydan.tv\\\/az\\\/article\\\/klub-himayecileri\\\/#primaryimage\"},\"thumbnailUrl\":\"https:\\\/\\\/www.meydan.tv\\\/wp-content\\\/uploads\\\/24720.jpg\",\"articleSection\":[\"Analitika\"],\"inLanguage\":\"az\"},{\"@type\":\"WebPage\",\"@id\":\"https:\\\/\\\/www.meydan.tv\\\/az\\\/article\\\/klub-himayecileri\\\/\",\"url\":\"https:\\\/\\\/www.meydan.tv\\\/az\\\/article\\\/klub-himayecileri\\\/\",\"name\":\"Klub himay\u0259\u00e7il\u0259ri - MEYDAN.TV\",\"isPartOf\":{\"@id\":\"https:\\\/\\\/www.meydan.tv\\\/az\\\/#website\"},\"primaryImageOfPage\":{\"@id\":\"https:\\\/\\\/www.meydan.tv\\\/az\\\/article\\\/klub-himayecileri\\\/#primaryimage\"},\"image\":{\"@id\":\"https:\\\/\\\/www.meydan.tv\\\/az\\\/article\\\/klub-himayecileri\\\/#primaryimage\"},\"thumbnailUrl\":\"https:\\\/\\\/www.meydan.tv\\\/wp-content\\\/uploads\\\/24720.jpg\",\"datePublished\":\"2016-08-05T20:17:08+00:00\",\"breadcrumb\":{\"@id\":\"https:\\\/\\\/www.meydan.tv\\\/az\\\/article\\\/klub-himayecileri\\\/#breadcrumb\"},\"inLanguage\":\"az\",\"potentialAction\":[{\"@type\":\"ReadAction\",\"target\":[\"https:\\\/\\\/www.meydan.tv\\\/az\\\/article\\\/klub-himayecileri\\\/\"]}]},{\"@type\":\"ImageObject\",\"inLanguage\":\"az\",\"@id\":\"https:\\\/\\\/www.meydan.tv\\\/az\\\/article\\\/klub-himayecileri\\\/#primaryimage\",\"url\":\"https:\\\/\\\/www.meydan.tv\\\/wp-content\\\/uploads\\\/24720.jpg\",\"contentUrl\":\"https:\\\/\\\/www.meydan.tv\\\/wp-content\\\/uploads\\\/24720.jpg\",\"width\":609,\"height\":400,\"caption\":\"Source:\"},{\"@type\":\"BreadcrumbList\",\"@id\":\"https:\\\/\\\/www.meydan.tv\\\/az\\\/article\\\/klub-himayecileri\\\/#breadcrumb\",\"itemListElement\":[{\"@type\":\"ListItem\",\"position\":1,\"name\":\"Ana s\u0259hif\u0259\",\"item\":\"https:\\\/\\\/www.meydan.tv\\\/az\\\/\"},{\"@type\":\"ListItem\",\"position\":2,\"name\":\"Analitika\",\"item\":\"https:\\\/\\\/www.meydan.tv\\\/az\\\/section\\\/analitika\\\/\"},{\"@type\":\"ListItem\",\"position\":3,\"name\":\"Klub himay\u0259\u00e7il\u0259ri\"}]},{\"@type\":\"WebSite\",\"@id\":\"https:\\\/\\\/www.meydan.tv\\\/az\\\/#website\",\"url\":\"https:\\\/\\\/www.meydan.tv\\\/az\\\/\",\"name\":\"MEYDAN.TV\",\"description\":\"Meydan TV Az\u0259rbaycan\u0131n media m\u0259kan\u0131ndak\u0131 alternativ s\u0259sidir\",\"publisher\":{\"@id\":\"https:\\\/\\\/www.meydan.tv\\\/az\\\/#organization\"},\"potentialAction\":[{\"@type\":\"SearchAction\",\"target\":{\"@type\":\"EntryPoint\",\"urlTemplate\":\"https:\\\/\\\/www.meydan.tv\\\/az\\\/?s={search_term_string}\"},\"query-input\":{\"@type\":\"PropertyValueSpecification\",\"valueRequired\":true,\"valueName\":\"search_term_string\"}}],\"inLanguage\":\"az\"},{\"@type\":\"Organization\",\"@id\":\"https:\\\/\\\/www.meydan.tv\\\/az\\\/#organization\",\"name\":\"Meydan TV\",\"url\":\"https:\\\/\\\/www.meydan.tv\\\/az\\\/\",\"logo\":{\"@type\":\"ImageObject\",\"inLanguage\":\"az\",\"@id\":\"https:\\\/\\\/www.meydan.tv\\\/az\\\/#\\\/schema\\\/logo\\\/image\\\/\",\"url\":\"https:\\\/\\\/www.meydan.tv\\\/wp-content\\\/uploads\\\/2021\\\/07\\\/meydan-logo.svg\",\"contentUrl\":\"https:\\\/\\\/www.meydan.tv\\\/wp-content\\\/uploads\\\/2021\\\/07\\\/meydan-logo.svg\",\"width\":195,\"height\":46,\"caption\":\"Meydan TV\"},\"image\":{\"@id\":\"https:\\\/\\\/www.meydan.tv\\\/az\\\/#\\\/schema\\\/logo\\\/image\\\/\"}},{\"@type\":\"Person\",\"@id\":\"https:\\\/\\\/www.meydan.tv\\\/az\\\/#\\\/schema\\\/person\\\/10d11eccf6da3662cf5fdab9806ea91a\",\"name\":\"user-manager\"}]}<\/script>\n<!-- \/ Yoast SEO plugin. -->","yoast_head_json":{"title":"Klub himay\u0259\u00e7il\u0259ri - MEYDAN.TV","robots":{"index":"index","follow":"follow","max-snippet":"max-snippet:-1","max-image-preview":"max-image-preview:large","max-video-preview":"max-video-preview:-1"},"canonical":"https:\/\/www.meydan.tv\/az\/article\/klub-himayecileri\/","og_locale":"az_AZ","og_type":"article","og_title":"Klub himay\u0259\u00e7il\u0259ri - MEYDAN.TV","og_description":"''\u0130mkan\u0131 olan biznesmenl\u0259r d\u0259 haz\u0131rda futboldan uzaq dururlar''","og_url":"https:\/\/www.meydan.tv\/az\/article\/klub-himayecileri\/","og_site_name":"MEYDAN.TV","article_published_time":"2016-08-05T20:17:08+00:00","og_image":[{"width":609,"height":400,"url":"https:\/\/www.meydan.tv\/wp-content\/uploads\/24720.jpg","type":"image\/jpeg"}],"author":"user-manager","twitter_card":"summary_large_image","schema":{"@context":"https:\/\/schema.org","@graph":[{"@type":"Article","@id":"https:\/\/www.meydan.tv\/az\/article\/klub-himayecileri\/#article","isPartOf":{"@id":"https:\/\/www.meydan.tv\/az\/article\/klub-himayecileri\/"},"author":{"name":"user-manager","@id":"https:\/\/www.meydan.tv\/az\/#\/schema\/person\/10d11eccf6da3662cf5fdab9806ea91a"},"headline":"Klub himay\u0259\u00e7il\u0259ri","datePublished":"2016-08-05T20:17:08+00:00","mainEntityOfPage":{"@id":"https:\/\/www.meydan.tv\/az\/article\/klub-himayecileri\/"},"wordCount":1277,"publisher":{"@id":"https:\/\/www.meydan.tv\/az\/#organization"},"image":{"@id":"https:\/\/www.meydan.tv\/az\/article\/klub-himayecileri\/#primaryimage"},"thumbnailUrl":"https:\/\/www.meydan.tv\/wp-content\/uploads\/24720.jpg","articleSection":["Analitika"],"inLanguage":"az"},{"@type":"WebPage","@id":"https:\/\/www.meydan.tv\/az\/article\/klub-himayecileri\/","url":"https:\/\/www.meydan.tv\/az\/article\/klub-himayecileri\/","name":"Klub himay\u0259\u00e7il\u0259ri - MEYDAN.TV","isPartOf":{"@id":"https:\/\/www.meydan.tv\/az\/#website"},"primaryImageOfPage":{"@id":"https:\/\/www.meydan.tv\/az\/article\/klub-himayecileri\/#primaryimage"},"image":{"@id":"https:\/\/www.meydan.tv\/az\/article\/klub-himayecileri\/#primaryimage"},"thumbnailUrl":"https:\/\/www.meydan.tv\/wp-content\/uploads\/24720.jpg","datePublished":"2016-08-05T20:17:08+00:00","breadcrumb":{"@id":"https:\/\/www.meydan.tv\/az\/article\/klub-himayecileri\/#breadcrumb"},"inLanguage":"az","potentialAction":[{"@type":"ReadAction","target":["https:\/\/www.meydan.tv\/az\/article\/klub-himayecileri\/"]}]},{"@type":"ImageObject","inLanguage":"az","@id":"https:\/\/www.meydan.tv\/az\/article\/klub-himayecileri\/#primaryimage","url":"https:\/\/www.meydan.tv\/wp-content\/uploads\/24720.jpg","contentUrl":"https:\/\/www.meydan.tv\/wp-content\/uploads\/24720.jpg","width":609,"height":400,"caption":"Source:"},{"@type":"BreadcrumbList","@id":"https:\/\/www.meydan.tv\/az\/article\/klub-himayecileri\/#breadcrumb","itemListElement":[{"@type":"ListItem","position":1,"name":"Ana s\u0259hif\u0259","item":"https:\/\/www.meydan.tv\/az\/"},{"@type":"ListItem","position":2,"name":"Analitika","item":"https:\/\/www.meydan.tv\/az\/section\/analitika\/"},{"@type":"ListItem","position":3,"name":"Klub himay\u0259\u00e7il\u0259ri"}]},{"@type":"WebSite","@id":"https:\/\/www.meydan.tv\/az\/#website","url":"https:\/\/www.meydan.tv\/az\/","name":"MEYDAN.TV","description":"Meydan TV Az\u0259rbaycan\u0131n media m\u0259kan\u0131ndak\u0131 alternativ s\u0259sidir","publisher":{"@id":"https:\/\/www.meydan.tv\/az\/#organization"},"potentialAction":[{"@type":"SearchAction","target":{"@type":"EntryPoint","urlTemplate":"https:\/\/www.meydan.tv\/az\/?s={search_term_string}"},"query-input":{"@type":"PropertyValueSpecification","valueRequired":true,"valueName":"search_term_string"}}],"inLanguage":"az"},{"@type":"Organization","@id":"https:\/\/www.meydan.tv\/az\/#organization","name":"Meydan TV","url":"https:\/\/www.meydan.tv\/az\/","logo":{"@type":"ImageObject","inLanguage":"az","@id":"https:\/\/www.meydan.tv\/az\/#\/schema\/logo\/image\/","url":"https:\/\/www.meydan.tv\/wp-content\/uploads\/2021\/07\/meydan-logo.svg","contentUrl":"https:\/\/www.meydan.tv\/wp-content\/uploads\/2021\/07\/meydan-logo.svg","width":195,"height":46,"caption":"Meydan TV"},"image":{"@id":"https:\/\/www.meydan.tv\/az\/#\/schema\/logo\/image\/"}},{"@type":"Person","@id":"https:\/\/www.meydan.tv\/az\/#\/schema\/person\/10d11eccf6da3662cf5fdab9806ea91a","name":"user-manager"}]}},"_links":{"self":[{"href":"https:\/\/www.meydan.tv\/az\/wp-json\/wp\/v2\/posts\/177959","targetHints":{"allow":["GET"]}}],"collection":[{"href":"https:\/\/www.meydan.tv\/az\/wp-json\/wp\/v2\/posts"}],"about":[{"href":"https:\/\/www.meydan.tv\/az\/wp-json\/wp\/v2\/types\/post"}],"author":[{"embeddable":true,"href":"https:\/\/www.meydan.tv\/az\/wp-json\/wp\/v2\/users\/11"}],"replies":[{"embeddable":true,"href":"https:\/\/www.meydan.tv\/az\/wp-json\/wp\/v2\/comments?post=177959"}],"version-history":[{"count":0,"href":"https:\/\/www.meydan.tv\/az\/wp-json\/wp\/v2\/posts\/177959\/revisions"}],"wp:featuredmedia":[{"embeddable":true,"href":"https:\/\/www.meydan.tv\/az\/wp-json\/wp\/v2\/media\/64805"}],"wp:attachment":[{"href":"https:\/\/www.meydan.tv\/az\/wp-json\/wp\/v2\/media?parent=177959"}],"wp:term":[{"taxonomy":"category","embeddable":true,"href":"https:\/\/www.meydan.tv\/az\/wp-json\/wp\/v2\/categories?post=177959"},{"taxonomy":"post_tag","embeddable":true,"href":"https:\/\/www.meydan.tv\/az\/wp-json\/wp\/v2\/tags?post=177959"}],"curies":[{"name":"wp","href":"https:\/\/api.w.org\/{rel}","templated":true}]}}