{"id":177948,"date":"2016-08-05T17:59:09","date_gmt":"2016-08-05T17:59:09","guid":{"rendered":"https:\/\/www.meydan.tv\/article\/vladimir-putin-azerbaycana-ve-ermenistana-hazir-resept-qebul-etdirmeye-calismiriq\/"},"modified":"2016-08-05T17:59:09","modified_gmt":"2016-08-05T17:59:09","slug":"vladimir-putin-azerbaycana-ve-ermenistana-hazir-resept-qebul-etdirmeye-calismiriq","status":"publish","type":"post","link":"https:\/\/www.meydan.tv\/az\/article\/vladimir-putin-azerbaycana-ve-ermenistana-hazir-resept-qebul-etdirmeye-calismiriq\/","title":{"rendered":"Vladimir Putin: Az\u0259rbaycana v\u0259 Erm\u0259nistana haz\u0131r resept q\u0259bul etdirm\u0259y\u0259 \u00e7al\u0131\u015fm\u0131r\u0131q"},"content":{"rendered":"<figure class=\"wp-block-image size-large\">\n  <img decoding=\"async\" src=\"https:\/\/www.meydan.tv\/az\/64769\/\" alt=\"\" class=\"wp-image-64769\"\/><figcaption><\/figcaption><\/figure>\n<p>\n  <i><br \/>\n    Az\u0259r Qas\u0131ml\u0131: &#8221;Putinin indiki m\u0259rh\u0259l\u0259d\u0259, T\u00fcrkiy\u0259d\u0259 m\u0259lum hadis\u0259l\u0259r zaman\u0131\u00a0 bu bar\u0259d\u0259 dan\u0131\u015fmas\u0131 d\u00fc\u015f\u00fcnd\u00fcr\u00fcc\u00fcd\u00fcr&#8221;<br \/>\n  <\/i>\n<\/p>\n<p>\n  <i><br \/>\n    \u0130lqar V\u0259lizad\u0259: &#8221;Vladimir Putinin a\u00e7\u0131qlamas\u0131 \u00f6z\u00fcn\u00fc s\u0131\u011fortalamaq m\u0259qs\u0259di da\u015f\u0131y\u0131r&#8221;<br \/>\n  <\/i>\n<\/p>\n<p>\n  &#8220;Rusiya Qaraba\u011f m\u00fcnaqi\u015f\u0259si t\u0259r\u0259fl\u0259rin\u0259 hans\u0131sa haz\u0131r h\u0259ll variantlar\u0131n\u0131 q\u0259bul etdirm\u0259y\u0259 \u00e7al\u0131\u015fm\u0131r&#8221;. Bu fikri Rusiya prezidenti Vladimir Putin Az\u0259rbaycana s\u0259f\u0259ri \u0259r\u0259f\u0259sind\u0259 \u201cAz\u0259rTAC\u201d-a s\u00f6yl\u0259yib.\n<\/p>\n<p>\n  \u201cX\u00fcsusi vur\u011fulamaq ist\u0259yir\u0259m ki, biz Az\u0259rbaycana v\u0259 Erm\u0259nistana hans\u0131sa haz\u0131r reseptl\u0259ri q\u0259bul etdirm\u0259y\u0259 \u0259sla \u00e7al\u0131\u015fm\u0131r\u0131q. T\u0259r\u0259fl\u0259r k\u0259nardan t\u0259zyiq olmadan \u00f6zl\u0259ri raz\u0131l\u0131\u011fa g\u0259lm\u0259li, qar\u015f\u0131l\u0131ql\u0131 m\u0259qbul h\u0259ll yollar\u0131n\u0131 tapmal\u0131d\u0131rlar. Bu, bizim q\u0259ti m\u00f6vqeyimizdir\u201d, &#8211; o vur\u011fulay\u0131b.\n<\/p>\n<p>\n  Putinin s\u00f6zl\u0259rin\u0259 g\u00f6r\u0259, kompromisin \u0259ld\u0259 edilm\u0259si \u0259razi b\u00fct\u00f6vl\u00fcy\u00fc v\u0259 xalqlar\u0131n \u00f6z m\u00fcq\u0259dd\u0259rat\u0131n\u0131 t\u0259yinetm\u0259 h\u00fcququ prinsipl\u0259ri aras\u0131nda optimal tarazl\u0131\u011f\u0131n tap\u0131lmas\u0131n\u0131 n\u0259z\u0259rd\u0259 tutur:\n<\/p>\n<p>\n  \u201cBiz Az\u0259rbaycan v\u0259 Erm\u0259nistan r\u0259hb\u0259rliyi \u00fcz\u0259rind\u0259 nec\u0259 b\u00f6y\u00fck bir m\u0259suliyy\u0259tin oldu\u011funu tam ba\u015fa d\u00fc\u015f\u00fcr\u00fck.\n<\/p>\n<p>\n  T\u0259nziml\u0259nm\u0259nin son m\u0259qs\u0259di el\u0259 bir raz\u0131la\u015fma olmal\u0131d\u0131r ki, t\u0259r\u0259fl\u0259rd\u0259n he\u00e7 biri n\u0259 qalib, n\u0259 d\u0259 m\u0259\u011flub say\u0131ls\u0131n, g\u00fcz\u0259\u015ftl\u0259r qar\u015f\u0131l\u0131ql\u0131, t\u0259r\u0259fl\u0259rin h\u0259r birinin qazanc\u0131 h\u0259m Az\u0259rbaycanda, h\u0259m Erm\u0259nistanda ictimai r\u0259y \u00fc\u00e7\u00fcn ayd\u0131n olsun&#8221;.\n<\/p>\n<p>\n  Putin qeyd edib ki, Rusiya problem\u0259 c\u0259lb olunmu\u015f b\u00fct\u00fcn t\u0259r\u0259fl\u0259ri raz\u0131 salacaq h\u0259ll variant\u0131n\u0131 d\u0259st\u0259kl\u0259m\u0259y\u0259, dig\u0259r vasit\u0259\u00e7il\u0259rl\u0259 birlikd\u0259 t\u0259nziml\u0259m\u0259nin qarant\u0131 kimi \u00e7\u0131x\u0131\u015f etm\u0259y\u0259 haz\u0131rd\u0131r.\n<\/p>\n<p>\n  Onun s\u00f6zl\u0259rin\u0259 g\u00f6r\u0259, Rusiya h\u0259qiq\u0259t\u0259n maraql\u0131d\u0131r ki, qon\u015fu regionda s\u00fclh v\u0259 asayi\u015f yenid\u0259n b\u0259rq\u0259rar olsun, orada insanlar h\u0259lak olmas\u0131nlar, s\u0259rh\u0259dl\u0259r a\u00e7\u0131ls\u0131n, iqtisadi \u0259laq\u0259l\u0259r b\u0259rpa edilsin.\n<\/p>\n<p>\n  \u201cBunun \u00fc\u00e7\u00fcn n\u0259 m\u00fcmk\u00fcnd\u00fcrs\u0259, edirik\u201d, &#8211; Putin deyib.\n<\/p>\n<p>\n  Prezident xat\u0131rlad\u0131b\u00a0 ki, Rusiyan\u0131n birba\u015fa k\u00f6m\u0259yil\u0259 1994-c\u00fc ilin may\u0131nda at\u0259\u015fk\u0259s haqq\u0131nda sazi\u015f imzalan\u0131b v\u0259 bu sazi\u015f indiy\u0259 q\u0259d\u0259r at\u0259\u015fk\u0259sin \u0259sas\u0131n\u0131 t\u0259\u015fkil edir. 2008-ci ild\u0259 Moskva b\u0259yannam\u0259sinin q\u0259bul edilm\u0259si m\u00fch\u00fcm m\u0259rh\u0259l\u0259 olub. S\u0259n\u0259dd\u0259 t\u0259sdiq edilib ki, m\u00fcnaqi\u015f\u0259nin t\u0259nziml\u0259nm\u0259sin\u0259 yaln\u0131z siyasi yolla nail olmaq m\u00fcmk\u00fcnd\u00fcr. Bu, Da\u011fl\u0131q Qaraba\u011f m\u00fcnaqi\u015f\u0259sinin t\u0259nziml\u0259nm\u0259sin\u0259 dair Az\u0259rbaycan v\u0259 Erm\u0259nistan prezidentl\u0259rinin imzalad\u0131qlar\u0131 ilk v\u0259 h\u0259l\u0259lik yegan\u0259 s\u0259n\u0259ddir. Bundan \u0259lav\u0259, bu il aprel ay\u0131n\u0131n \u0259vv\u0259lind\u0259 irimiqyasl\u0131 d\u00f6y\u00fc\u015f \u0259m\u0259liyyatlar\u0131n\u0131n dayand\u0131r\u0131lmas\u0131nda da m\u0259hz Rusiya h\u0259lledici rol oynay\u0131b.\n<\/p>\n<figure class=\"wp-block-image size-large\">\n  <img decoding=\"async\" src=\"https:\/\/www.meydan.tv\/az\/64772\/\" alt=\"\" class=\"wp-image-64772\"\/><figcaption>\n    Az\u0259r Qas\u0131ml\u0131<br \/>\n  <\/figcaption><\/figure>\n<p>\n  Vladimir Putinin a\u00e7\u0131qlamas\u0131n\u0131 sevindirici hal hesab ed\u0259n ReAL H\u0259r\u0259kat\u0131n\u0131n T\u0259\u015fkilat Komit\u0259sinin katibi Az\u0259r Qas\u0131ml\u0131 Meydan TV-y\u0259 bildirib ki, \u0259ks b\u0259yanat da ola bil\u0259rdi:&#8221;Problem ondad\u0131r ki, son 10 ild\u0259 ox\u015far b\u0259yanatlar da e\u015fitmi\u015fik. M\u0259ni daha \u00e7ox qay\u011f\u0131land\u0131ran Putinin indiki m\u0259rh\u0259l\u0259d\u0259 bu c\u00fcr b\u0259yanat verm\u0259sidir. Putin Az\u0259rbaycan v\u0259 Erm\u0259nistan\u0131n Rusiya \u00fc\u00e7\u00fcn eyni m\u0259saf\u0259d\u0259 oldu\u011funu dem\u0259k ist\u0259yib, halbuki, bu, bel\u0259 deyil. R\u0259smi olmasa da, Rusiya Erm\u0259nistan\u0131 h\u0259r zaman d\u0259st\u0259kl\u0259yib. Bu simpatiya yaln\u0131z Kreml d\u0259hlizl\u0259rind\u0259 olmay\u0131b, h\u0259m d\u0259 Rusiya medias\u0131nda sezilib. Qon\u015fu \u00f6lk\u0259d\u0259 avtoritarizm h\u00f6km s\u00fcrd\u00fcy\u00fcnd\u0259n median\u0131n azadl\u0131\u011f\u0131ndan dan\u0131\u015fma\u011fa ehtiyac yoxdur. Sad\u0259c\u0259, Putinin indiki m\u0259rh\u0259l\u0259d\u0259, T\u00fcrkiy\u0259d\u0259 m\u0259lum hadis\u0259l\u0259r zaman\u0131\u00a0 bu bar\u0259d\u0259 dan\u0131\u015fmas\u0131 d\u00fc\u015f\u00fcnd\u00fcr\u00fcc\u00fcd\u00fcr, sanki b\u00f6lg\u0259d\u0259 avtoritar rejiml\u0259r \u00fc\u00e7buca\u011f\u0131 yaranmaqdad\u0131r &#8211; Rusiya,T\u00fcrkiy\u0259 v\u0259 Az\u0259rbaycan. Erm\u0259nistan onsuz da Kremlin t\u0259siri alt\u0131ndad\u0131r, bu \u00f6lk\u0259nin siyasi elitas\u0131 Moskvan\u0131n tam n\u0259zar\u0259tind\u0259dir, h\u0259m d\u0259 ruslar\u0131n orda h\u0259rbi bazalar\u0131 var&#8221;.\n<\/p>\n<p>\n  A.Qas\u0131ml\u0131 hesab edir ki, Rusiya, T\u00fcrkiy\u0259 v\u0259 Az\u0259rbaycan m\u00fcnasib\u0259tl\u0259ri daha da yax\u0131nla\u015farsa, Qaraba\u011f problemini m\u00fctl\u0259q m\u00fczakir\u0259 ed\u0259c\u0259kl\u0259r:&#8221;M\u0259s\u0259l\u0259 ondad\u0131r ki, m\u00fcnaqi\u015f\u0259 T\u00fcrkiy\u0259 il\u0259 Rusiya m\u00fcnasib\u0259tl\u0259rinin inki\u015faf\u0131nda\u00a0 baryer oldu\u011fundan onu a\u015fmaq laz\u0131md\u0131r. Q\u0259rbl\u0259 T\u00fcrkiy\u0259 m\u00fcnasib\u0259tl\u0259rinin indiki vaxt\u0131nda Moskvan\u0131n Ankarayla \u0259laq\u0259l\u0259ri g\u00fccl\u0259ndirm\u0259k \u00fc\u00e7\u00fcn bel\u0259 b\u0259yanatlar verm\u0259si t\u0259biidir. H\u0259r halda, bu, m\u0259nim ehtimal\u0131md\u0131r&#8221;.\n<\/p>\n<figure class=\"wp-block-image size-large\">\n  <img decoding=\"async\" src=\"https:\/\/www.meydan.tv\/az\/64775\/\" alt=\"\" class=\"wp-image-64775\"\/><figcaption>\n    \u0130lqar V\u0259lizad\u0259<br \/>\n  <\/figcaption><\/figure>\n<p>\n  Siyasi \u015f\u0259rh\u00e7i \u0130lqar V\u0259lizad\u0259 is\u0259 Vladimir Putinin a\u00e7\u0131qlamas\u0131n\u0131n \u00f6z\u00fcn\u00fc s\u0131\u011fortalamaq m\u0259qs\u0259di da\u015f\u0131d\u0131\u011f\u0131n\u0131 d\u00fc\u015f\u00fcn\u00fcr: &#8220;He\u00e7 bir f\u00f6vq\u0259l v\u0259 regional d\u00f6vl\u0259t Qaraba\u011f m\u00fcnaqi\u015f\u0259sinin h\u0259lli m\u0259suliyy\u0259tini \u00fcz\u0259rin\u0259 g\u00f6t\u00fcrm\u0259y\u0259c\u0259k. \u00c7\u00fcnki sonradan h\u0259min d\u00f6vl\u0259tl\u0259ri siyasi t\u0259zyiql\u0259rd\u0259 ittiham ed\u0259 bil\u0259rl\u0259r v\u0259 bu, neqativ n\u0259tic\u0259l\u0259r\u0259 g\u0259tir\u0259r. Ancaq regionda b\u00f6y\u00fck t\u0259sir\u0259 malik d\u00f6vl\u0259t olaraq Rusiya Qaraba\u011f m\u00fcnaqi\u015f\u0259sinin h\u0259llind\u0259 m\u00fcst\u0259sna rol oynay\u0131r. M\u0259s\u0259l\u0259 ondad\u0131r ki, m\u00fcnaqi\u015f\u0259nin h\u0259llind\u0259\u00a0 Kremlin q\u0259bul etm\u0259diyi variant ger\u00e7\u0259kl\u0259\u015fm\u0259y\u0259c\u0259k. El\u0259 ona g\u00f6r\u0259 Rusiya X\u0130N r\u0259hb\u0259ri Sergey Lavrov dig\u0259r h\u0259ms\u0259dr \u00f6lk\u0259l\u0259rin r\u0259smil\u0259rind\u0259n f\u0259rqli olaraq f\u0259all\u0131q g\u00f6st\u0259rir. Son vaxtlar &#8220;Lavrov plan\u0131&#8221; bar\u0259d\u0259 fikirl\u0259rin s\u0259sl\u0259nm\u0259si s\u0131radan bir t\u0259sad\u00fcf deyil, baxmayaraq ki, detallar\u0131n\u0131 bilmirik. F\u0259rziyy\u0259l\u0259r\u0259 g\u00f6r\u0259, 5 rayon Az\u0259rbaycana qaytar\u0131l\u0131r. Qaraba\u011fa m\u00fcv\u0259qq\u0259ti statusun verilm\u0259si b\u0259ndl\u0259ri planda yer al\u0131b. Y\u0259ni Rusiya moderator yox, t\u0259r\u0259fl\u0259r\u0259 plan t\u0259klif ed\u0259n vasit\u0259\u00e7idir. B\u0259lk\u0259 d\u0259 Putinin a\u00e7\u0131qlamas\u0131 ictimaiyy\u0259tin diqq\u0259tini h\u0259min plandan yay\u0131nd\u0131rmaqd\u0131r&#8221;.<\/p>\n","protected":false},"excerpt":{"rendered":"<p>Az\u0259r Qas\u0131ml\u0131: &#8221;Putinin indiki m\u0259rh\u0259l\u0259d\u0259, T\u00fcrkiy\u0259d\u0259 m\u0259lum hadis\u0259l\u0259r zaman\u0131  bu bar\u0259d\u0259 dan\u0131\u015fmas\u0131 d\u00fc\u015f\u00fcnd\u00fcr\u00fcc\u00fcd\u00fcr&#8221;<\/p>\n<p>\u0130lqar V\u0259lizad\u0259: &#8221;Vladimir Putinin a\u00e7\u0131qlamas\u0131 \u00f6z\u00fcn\u00fc s\u0131\u011fortalamaq m\u0259qs\u0259di da\u015f\u0131y\u0131r&#8221;<\/p>\n","protected":false},"author":11,"featured_media":64769,"comment_status":"closed","ping_status":"open","sticky":false,"template":"","format":"standard","meta":{"_acf_changed":false,"_sitemap_exclude":false,"_sitemap_priority":"","_sitemap_frequency":"","footnotes":""},"categories":[51],"tags":[],"class_list":["post-177948","post","type-post","status-publish","format-standard","has-post-thumbnail","hentry","category-analitika","infinite-scroll-item","generate-columns","tablet-grid-50","mobile-grid-100","grid-parent","grid-33","no-featured-image-padding"],"acf":[],"yoast_head":"<!-- This site is optimized with the Yoast SEO plugin v27.5 - https:\/\/yoast.com\/product\/yoast-seo-wordpress\/ -->\n<title>Vladimir Putin: Az\u0259rbaycana v\u0259 Erm\u0259nistana haz\u0131r resept q\u0259bul etdirm\u0259y\u0259 \u00e7al\u0131\u015fm\u0131r\u0131q - MEYDAN.TV<\/title>\n<meta name=\"robots\" content=\"index, follow, max-snippet:-1, max-image-preview:large, max-video-preview:-1\" \/>\n<link rel=\"canonical\" href=\"https:\/\/www.meydan.tv\/az\/article\/vladimir-putin-azerbaycana-ve-ermenistana-hazir-resept-qebul-etdirmeye-calismiriq\/\" \/>\n<meta property=\"og:locale\" content=\"az_AZ\" \/>\n<meta property=\"og:type\" content=\"article\" \/>\n<meta property=\"og:title\" content=\"Vladimir Putin: Az\u0259rbaycana v\u0259 Erm\u0259nistana haz\u0131r resept q\u0259bul etdirm\u0259y\u0259 \u00e7al\u0131\u015fm\u0131r\u0131q - MEYDAN.TV\" \/>\n<meta property=\"og:description\" content=\"Az\u0259r Qas\u0131ml\u0131: &#039;&#039;Putinin indiki m\u0259rh\u0259l\u0259d\u0259, T\u00fcrkiy\u0259d\u0259 m\u0259lum hadis\u0259l\u0259r zaman\u0131 bu bar\u0259d\u0259 dan\u0131\u015fmas\u0131 d\u00fc\u015f\u00fcnd\u00fcr\u00fcc\u00fcd\u00fcr&#039;&#039;  \u0130lqar V\u0259lizad\u0259: &#039;&#039;Vladimir Putinin a\u00e7\u0131qlamas\u0131 \u00f6z\u00fcn\u00fc s\u0131\u011fortalamaq m\u0259qs\u0259di da\u015f\u0131y\u0131r&#039;&#039;\" \/>\n<meta property=\"og:url\" content=\"https:\/\/www.meydan.tv\/az\/article\/vladimir-putin-azerbaycana-ve-ermenistana-hazir-resept-qebul-etdirmeye-calismiriq\/\" \/>\n<meta property=\"og:site_name\" content=\"MEYDAN.TV\" \/>\n<meta property=\"article:published_time\" content=\"2016-08-05T17:59:09+00:00\" \/>\n<meta property=\"og:image\" content=\"https:\/\/www.meydan.tv\/wp-content\/uploads\/24708.jpg\" \/>\n\t<meta property=\"og:image:width\" content=\"667\" \/>\n\t<meta property=\"og:image:height\" content=\"500\" \/>\n\t<meta property=\"og:image:type\" content=\"image\/jpeg\" \/>\n<meta name=\"author\" content=\"user-manager\" \/>\n<meta name=\"twitter:card\" content=\"summary_large_image\" \/>\n<script type=\"application\/ld+json\" class=\"yoast-schema-graph\">{\"@context\":\"https:\\\/\\\/schema.org\",\"@graph\":[{\"@type\":\"Article\",\"@id\":\"https:\\\/\\\/www.meydan.tv\\\/az\\\/article\\\/vladimir-putin-azerbaycana-ve-ermenistana-hazir-resept-qebul-etdirmeye-calismiriq\\\/#article\",\"isPartOf\":{\"@id\":\"https:\\\/\\\/www.meydan.tv\\\/az\\\/article\\\/vladimir-putin-azerbaycana-ve-ermenistana-hazir-resept-qebul-etdirmeye-calismiriq\\\/\"},\"author\":{\"name\":\"user-manager\",\"@id\":\"https:\\\/\\\/www.meydan.tv\\\/az\\\/#\\\/schema\\\/person\\\/10d11eccf6da3662cf5fdab9806ea91a\"},\"headline\":\"Vladimir Putin: Az\u0259rbaycana v\u0259 Erm\u0259nistana haz\u0131r resept q\u0259bul etdirm\u0259y\u0259 \u00e7al\u0131\u015fm\u0131r\u0131q\",\"datePublished\":\"2016-08-05T17:59:09+00:00\",\"mainEntityOfPage\":{\"@id\":\"https:\\\/\\\/www.meydan.tv\\\/az\\\/article\\\/vladimir-putin-azerbaycana-ve-ermenistana-hazir-resept-qebul-etdirmeye-calismiriq\\\/\"},\"wordCount\":1128,\"publisher\":{\"@id\":\"https:\\\/\\\/www.meydan.tv\\\/az\\\/#organization\"},\"image\":{\"@id\":\"https:\\\/\\\/www.meydan.tv\\\/az\\\/article\\\/vladimir-putin-azerbaycana-ve-ermenistana-hazir-resept-qebul-etdirmeye-calismiriq\\\/#primaryimage\"},\"thumbnailUrl\":\"https:\\\/\\\/www.meydan.tv\\\/wp-content\\\/uploads\\\/24708.jpg\",\"articleSection\":[\"Analitika\"],\"inLanguage\":\"az\"},{\"@type\":\"WebPage\",\"@id\":\"https:\\\/\\\/www.meydan.tv\\\/az\\\/article\\\/vladimir-putin-azerbaycana-ve-ermenistana-hazir-resept-qebul-etdirmeye-calismiriq\\\/\",\"url\":\"https:\\\/\\\/www.meydan.tv\\\/az\\\/article\\\/vladimir-putin-azerbaycana-ve-ermenistana-hazir-resept-qebul-etdirmeye-calismiriq\\\/\",\"name\":\"Vladimir Putin: Az\u0259rbaycana v\u0259 Erm\u0259nistana haz\u0131r resept q\u0259bul etdirm\u0259y\u0259 \u00e7al\u0131\u015fm\u0131r\u0131q - MEYDAN.TV\",\"isPartOf\":{\"@id\":\"https:\\\/\\\/www.meydan.tv\\\/az\\\/#website\"},\"primaryImageOfPage\":{\"@id\":\"https:\\\/\\\/www.meydan.tv\\\/az\\\/article\\\/vladimir-putin-azerbaycana-ve-ermenistana-hazir-resept-qebul-etdirmeye-calismiriq\\\/#primaryimage\"},\"image\":{\"@id\":\"https:\\\/\\\/www.meydan.tv\\\/az\\\/article\\\/vladimir-putin-azerbaycana-ve-ermenistana-hazir-resept-qebul-etdirmeye-calismiriq\\\/#primaryimage\"},\"thumbnailUrl\":\"https:\\\/\\\/www.meydan.tv\\\/wp-content\\\/uploads\\\/24708.jpg\",\"datePublished\":\"2016-08-05T17:59:09+00:00\",\"breadcrumb\":{\"@id\":\"https:\\\/\\\/www.meydan.tv\\\/az\\\/article\\\/vladimir-putin-azerbaycana-ve-ermenistana-hazir-resept-qebul-etdirmeye-calismiriq\\\/#breadcrumb\"},\"inLanguage\":\"az\",\"potentialAction\":[{\"@type\":\"ReadAction\",\"target\":[\"https:\\\/\\\/www.meydan.tv\\\/az\\\/article\\\/vladimir-putin-azerbaycana-ve-ermenistana-hazir-resept-qebul-etdirmeye-calismiriq\\\/\"]}]},{\"@type\":\"ImageObject\",\"inLanguage\":\"az\",\"@id\":\"https:\\\/\\\/www.meydan.tv\\\/az\\\/article\\\/vladimir-putin-azerbaycana-ve-ermenistana-hazir-resept-qebul-etdirmeye-calismiriq\\\/#primaryimage\",\"url\":\"https:\\\/\\\/www.meydan.tv\\\/wp-content\\\/uploads\\\/24708.jpg\",\"contentUrl\":\"https:\\\/\\\/www.meydan.tv\\\/wp-content\\\/uploads\\\/24708.jpg\",\"width\":667,\"height\":500,\"caption\":\"Source:\"},{\"@type\":\"BreadcrumbList\",\"@id\":\"https:\\\/\\\/www.meydan.tv\\\/az\\\/article\\\/vladimir-putin-azerbaycana-ve-ermenistana-hazir-resept-qebul-etdirmeye-calismiriq\\\/#breadcrumb\",\"itemListElement\":[{\"@type\":\"ListItem\",\"position\":1,\"name\":\"Ana s\u0259hif\u0259\",\"item\":\"https:\\\/\\\/www.meydan.tv\\\/az\\\/\"},{\"@type\":\"ListItem\",\"position\":2,\"name\":\"Analitika\",\"item\":\"https:\\\/\\\/www.meydan.tv\\\/az\\\/section\\\/analitika\\\/\"},{\"@type\":\"ListItem\",\"position\":3,\"name\":\"Vladimir Putin: Az\u0259rbaycana v\u0259 Erm\u0259nistana haz\u0131r resept q\u0259bul etdirm\u0259y\u0259 \u00e7al\u0131\u015fm\u0131r\u0131q\"}]},{\"@type\":\"WebSite\",\"@id\":\"https:\\\/\\\/www.meydan.tv\\\/az\\\/#website\",\"url\":\"https:\\\/\\\/www.meydan.tv\\\/az\\\/\",\"name\":\"MEYDAN.TV\",\"description\":\"Meydan TV Az\u0259rbaycan\u0131n media m\u0259kan\u0131ndak\u0131 alternativ s\u0259sidir\",\"publisher\":{\"@id\":\"https:\\\/\\\/www.meydan.tv\\\/az\\\/#organization\"},\"potentialAction\":[{\"@type\":\"SearchAction\",\"target\":{\"@type\":\"EntryPoint\",\"urlTemplate\":\"https:\\\/\\\/www.meydan.tv\\\/az\\\/?s={search_term_string}\"},\"query-input\":{\"@type\":\"PropertyValueSpecification\",\"valueRequired\":true,\"valueName\":\"search_term_string\"}}],\"inLanguage\":\"az\"},{\"@type\":\"Organization\",\"@id\":\"https:\\\/\\\/www.meydan.tv\\\/az\\\/#organization\",\"name\":\"Meydan TV\",\"url\":\"https:\\\/\\\/www.meydan.tv\\\/az\\\/\",\"logo\":{\"@type\":\"ImageObject\",\"inLanguage\":\"az\",\"@id\":\"https:\\\/\\\/www.meydan.tv\\\/az\\\/#\\\/schema\\\/logo\\\/image\\\/\",\"url\":\"https:\\\/\\\/www.meydan.tv\\\/wp-content\\\/uploads\\\/2021\\\/07\\\/meydan-logo.svg\",\"contentUrl\":\"https:\\\/\\\/www.meydan.tv\\\/wp-content\\\/uploads\\\/2021\\\/07\\\/meydan-logo.svg\",\"width\":195,\"height\":46,\"caption\":\"Meydan TV\"},\"image\":{\"@id\":\"https:\\\/\\\/www.meydan.tv\\\/az\\\/#\\\/schema\\\/logo\\\/image\\\/\"}},{\"@type\":\"Person\",\"@id\":\"https:\\\/\\\/www.meydan.tv\\\/az\\\/#\\\/schema\\\/person\\\/10d11eccf6da3662cf5fdab9806ea91a\",\"name\":\"user-manager\"}]}<\/script>\n<!-- \/ Yoast SEO plugin. -->","yoast_head_json":{"title":"Vladimir Putin: Az\u0259rbaycana v\u0259 Erm\u0259nistana haz\u0131r resept q\u0259bul etdirm\u0259y\u0259 \u00e7al\u0131\u015fm\u0131r\u0131q - MEYDAN.TV","robots":{"index":"index","follow":"follow","max-snippet":"max-snippet:-1","max-image-preview":"max-image-preview:large","max-video-preview":"max-video-preview:-1"},"canonical":"https:\/\/www.meydan.tv\/az\/article\/vladimir-putin-azerbaycana-ve-ermenistana-hazir-resept-qebul-etdirmeye-calismiriq\/","og_locale":"az_AZ","og_type":"article","og_title":"Vladimir Putin: Az\u0259rbaycana v\u0259 Erm\u0259nistana haz\u0131r resept q\u0259bul etdirm\u0259y\u0259 \u00e7al\u0131\u015fm\u0131r\u0131q - MEYDAN.TV","og_description":"Az\u0259r Qas\u0131ml\u0131: ''Putinin indiki m\u0259rh\u0259l\u0259d\u0259, T\u00fcrkiy\u0259d\u0259 m\u0259lum hadis\u0259l\u0259r zaman\u0131 bu bar\u0259d\u0259 dan\u0131\u015fmas\u0131 d\u00fc\u015f\u00fcnd\u00fcr\u00fcc\u00fcd\u00fcr''  \u0130lqar V\u0259lizad\u0259: ''Vladimir Putinin a\u00e7\u0131qlamas\u0131 \u00f6z\u00fcn\u00fc s\u0131\u011fortalamaq m\u0259qs\u0259di da\u015f\u0131y\u0131r''","og_url":"https:\/\/www.meydan.tv\/az\/article\/vladimir-putin-azerbaycana-ve-ermenistana-hazir-resept-qebul-etdirmeye-calismiriq\/","og_site_name":"MEYDAN.TV","article_published_time":"2016-08-05T17:59:09+00:00","og_image":[{"width":667,"height":500,"url":"https:\/\/www.meydan.tv\/wp-content\/uploads\/24708.jpg","type":"image\/jpeg"}],"author":"user-manager","twitter_card":"summary_large_image","schema":{"@context":"https:\/\/schema.org","@graph":[{"@type":"Article","@id":"https:\/\/www.meydan.tv\/az\/article\/vladimir-putin-azerbaycana-ve-ermenistana-hazir-resept-qebul-etdirmeye-calismiriq\/#article","isPartOf":{"@id":"https:\/\/www.meydan.tv\/az\/article\/vladimir-putin-azerbaycana-ve-ermenistana-hazir-resept-qebul-etdirmeye-calismiriq\/"},"author":{"name":"user-manager","@id":"https:\/\/www.meydan.tv\/az\/#\/schema\/person\/10d11eccf6da3662cf5fdab9806ea91a"},"headline":"Vladimir Putin: Az\u0259rbaycana v\u0259 Erm\u0259nistana haz\u0131r resept q\u0259bul etdirm\u0259y\u0259 \u00e7al\u0131\u015fm\u0131r\u0131q","datePublished":"2016-08-05T17:59:09+00:00","mainEntityOfPage":{"@id":"https:\/\/www.meydan.tv\/az\/article\/vladimir-putin-azerbaycana-ve-ermenistana-hazir-resept-qebul-etdirmeye-calismiriq\/"},"wordCount":1128,"publisher":{"@id":"https:\/\/www.meydan.tv\/az\/#organization"},"image":{"@id":"https:\/\/www.meydan.tv\/az\/article\/vladimir-putin-azerbaycana-ve-ermenistana-hazir-resept-qebul-etdirmeye-calismiriq\/#primaryimage"},"thumbnailUrl":"https:\/\/www.meydan.tv\/wp-content\/uploads\/24708.jpg","articleSection":["Analitika"],"inLanguage":"az"},{"@type":"WebPage","@id":"https:\/\/www.meydan.tv\/az\/article\/vladimir-putin-azerbaycana-ve-ermenistana-hazir-resept-qebul-etdirmeye-calismiriq\/","url":"https:\/\/www.meydan.tv\/az\/article\/vladimir-putin-azerbaycana-ve-ermenistana-hazir-resept-qebul-etdirmeye-calismiriq\/","name":"Vladimir Putin: Az\u0259rbaycana v\u0259 Erm\u0259nistana haz\u0131r resept q\u0259bul etdirm\u0259y\u0259 \u00e7al\u0131\u015fm\u0131r\u0131q - MEYDAN.TV","isPartOf":{"@id":"https:\/\/www.meydan.tv\/az\/#website"},"primaryImageOfPage":{"@id":"https:\/\/www.meydan.tv\/az\/article\/vladimir-putin-azerbaycana-ve-ermenistana-hazir-resept-qebul-etdirmeye-calismiriq\/#primaryimage"},"image":{"@id":"https:\/\/www.meydan.tv\/az\/article\/vladimir-putin-azerbaycana-ve-ermenistana-hazir-resept-qebul-etdirmeye-calismiriq\/#primaryimage"},"thumbnailUrl":"https:\/\/www.meydan.tv\/wp-content\/uploads\/24708.jpg","datePublished":"2016-08-05T17:59:09+00:00","breadcrumb":{"@id":"https:\/\/www.meydan.tv\/az\/article\/vladimir-putin-azerbaycana-ve-ermenistana-hazir-resept-qebul-etdirmeye-calismiriq\/#breadcrumb"},"inLanguage":"az","potentialAction":[{"@type":"ReadAction","target":["https:\/\/www.meydan.tv\/az\/article\/vladimir-putin-azerbaycana-ve-ermenistana-hazir-resept-qebul-etdirmeye-calismiriq\/"]}]},{"@type":"ImageObject","inLanguage":"az","@id":"https:\/\/www.meydan.tv\/az\/article\/vladimir-putin-azerbaycana-ve-ermenistana-hazir-resept-qebul-etdirmeye-calismiriq\/#primaryimage","url":"https:\/\/www.meydan.tv\/wp-content\/uploads\/24708.jpg","contentUrl":"https:\/\/www.meydan.tv\/wp-content\/uploads\/24708.jpg","width":667,"height":500,"caption":"Source:"},{"@type":"BreadcrumbList","@id":"https:\/\/www.meydan.tv\/az\/article\/vladimir-putin-azerbaycana-ve-ermenistana-hazir-resept-qebul-etdirmeye-calismiriq\/#breadcrumb","itemListElement":[{"@type":"ListItem","position":1,"name":"Ana s\u0259hif\u0259","item":"https:\/\/www.meydan.tv\/az\/"},{"@type":"ListItem","position":2,"name":"Analitika","item":"https:\/\/www.meydan.tv\/az\/section\/analitika\/"},{"@type":"ListItem","position":3,"name":"Vladimir Putin: Az\u0259rbaycana v\u0259 Erm\u0259nistana haz\u0131r resept q\u0259bul etdirm\u0259y\u0259 \u00e7al\u0131\u015fm\u0131r\u0131q"}]},{"@type":"WebSite","@id":"https:\/\/www.meydan.tv\/az\/#website","url":"https:\/\/www.meydan.tv\/az\/","name":"MEYDAN.TV","description":"Meydan TV Az\u0259rbaycan\u0131n media m\u0259kan\u0131ndak\u0131 alternativ s\u0259sidir","publisher":{"@id":"https:\/\/www.meydan.tv\/az\/#organization"},"potentialAction":[{"@type":"SearchAction","target":{"@type":"EntryPoint","urlTemplate":"https:\/\/www.meydan.tv\/az\/?s={search_term_string}"},"query-input":{"@type":"PropertyValueSpecification","valueRequired":true,"valueName":"search_term_string"}}],"inLanguage":"az"},{"@type":"Organization","@id":"https:\/\/www.meydan.tv\/az\/#organization","name":"Meydan TV","url":"https:\/\/www.meydan.tv\/az\/","logo":{"@type":"ImageObject","inLanguage":"az","@id":"https:\/\/www.meydan.tv\/az\/#\/schema\/logo\/image\/","url":"https:\/\/www.meydan.tv\/wp-content\/uploads\/2021\/07\/meydan-logo.svg","contentUrl":"https:\/\/www.meydan.tv\/wp-content\/uploads\/2021\/07\/meydan-logo.svg","width":195,"height":46,"caption":"Meydan TV"},"image":{"@id":"https:\/\/www.meydan.tv\/az\/#\/schema\/logo\/image\/"}},{"@type":"Person","@id":"https:\/\/www.meydan.tv\/az\/#\/schema\/person\/10d11eccf6da3662cf5fdab9806ea91a","name":"user-manager"}]}},"_links":{"self":[{"href":"https:\/\/www.meydan.tv\/az\/wp-json\/wp\/v2\/posts\/177948","targetHints":{"allow":["GET"]}}],"collection":[{"href":"https:\/\/www.meydan.tv\/az\/wp-json\/wp\/v2\/posts"}],"about":[{"href":"https:\/\/www.meydan.tv\/az\/wp-json\/wp\/v2\/types\/post"}],"author":[{"embeddable":true,"href":"https:\/\/www.meydan.tv\/az\/wp-json\/wp\/v2\/users\/11"}],"replies":[{"embeddable":true,"href":"https:\/\/www.meydan.tv\/az\/wp-json\/wp\/v2\/comments?post=177948"}],"version-history":[{"count":0,"href":"https:\/\/www.meydan.tv\/az\/wp-json\/wp\/v2\/posts\/177948\/revisions"}],"wp:featuredmedia":[{"embeddable":true,"href":"https:\/\/www.meydan.tv\/az\/wp-json\/wp\/v2\/media\/64769"}],"wp:attachment":[{"href":"https:\/\/www.meydan.tv\/az\/wp-json\/wp\/v2\/media?parent=177948"}],"wp:term":[{"taxonomy":"category","embeddable":true,"href":"https:\/\/www.meydan.tv\/az\/wp-json\/wp\/v2\/categories?post=177948"},{"taxonomy":"post_tag","embeddable":true,"href":"https:\/\/www.meydan.tv\/az\/wp-json\/wp\/v2\/tags?post=177948"}],"curies":[{"name":"wp","href":"https:\/\/api.w.org\/{rel}","templated":true}]}}