{"id":177947,"date":"2016-08-05T17:28:07","date_gmt":"2016-08-05T17:28:07","guid":{"rendered":"https:\/\/www.meydan.tv\/article\/daire-qapanir\/"},"modified":"2016-08-05T17:28:07","modified_gmt":"2016-08-05T17:28:07","slug":"daire-qapanir","status":"publish","type":"post","link":"https:\/\/www.meydan.tv\/az\/article\/daire-qapanir\/","title":{"rendered":"Dair\u0259 qapan\u0131r?"},"content":{"rendered":"<figure class=\"wp-block-image size-large\">\n  <img decoding=\"async\" src=\"https:\/\/www.meydan.tv\/az\/62450\/\" alt=\"\" class=\"wp-image-62450\"\/><figcaption><\/figcaption><\/figure>\n<figure class=\"wp-block-image size-large\">\n  <img decoding=\"async\" src=\"https:\/\/www.meydan.tv\/az\/62456\/\" alt=\"\" class=\"wp-image-62456\"\/><figcaption><\/figcaption><\/figure>\n<p>\n  Son hadis\u0259l\u0259r g\u00f6st\u0259rir ki, \u015e\u0259rq a\u011fac\u0131na Q\u0259rb buda\u011f\u0131n\u0131n peyv\u0259ndi \u00e7ox m\u00fcr\u0259kk\u0259b v\u0259 tarix\u0259n uzun zaman t\u0259l\u0259b ed\u0259n bir prosesdir\n<\/p>\n<p>\n  T\u00fcrkiy\u0259d\u0259 15 iyul qiyam c\u0259hdinin iflas\u0131ndan sonra bu bar\u0259d\u0259 m\u00fcxt\u0259lif m\u00fclahiz\u0259l\u0259r s\u0259sl\u0259ndirildi. Hadis\u0259nin t\u0259f\u0259rr\u00fcat\u0131 ara\u015fd\u0131r\u0131ld\u0131, i\u015ftirak\u00e7\u0131lar\u0131n g\u0259l\u0259c\u0259k talel\u0259ri ar\u0131nd\u0131. M\u00fcr\u0259kk\u0259b hadis\u0259 f\u0259rqli v\u0259 q\u0259liz yana\u015fmalara s\u0259b\u0259b oldu. M\u00fczakir\u0259l\u0259r vaxt\u0131 &#8220;\u0259r\u0259b bahar\u0131&#8221;n\u0131n da ad\u0131 \u00e7\u0259kildi. Kims\u0259 &#8220;t\u00fcrk bahar\u0131&#8221; ifad\u0259sini i\u015fl\u0259tdi. M\u0259nc\u0259, bu ifad\u0259 k\u0259l\u0259fin ucu olma\u011fa layiqdir.\n<\/p>\n<p>\n  T\u00fcrkiy\u0259 tarixind\u0259 Rusiya tarixinin Birinci Pyotru q\u0259d\u0259r q\u0259tiyy\u0259tli islahat\u00e7\u0131 olmu\u015f Mustafa Kamal Atat\u00fcrk\u00fcn siyasi miras\u0131 v\u0259 bu miras\u0131n ke\u015fik\u00e7isi olan T\u00fcrkiy\u0259 ordusu 15 iyul qiyam c\u0259hdind\u0259n sonra d\u0259rin t\u0259b\u0259dd\u00fclata u\u011framaya bilm\u0259z. Bu hadis\u0259nin t\u0259sad\u00fcfi olmad\u0131\u011f\u0131na is\u0259 arifl\u0259r \u0259mindirl\u0259r. Zira t\u0259bi\u0259t hadis\u0259l\u0259rinin d\u0259, kim d\u0259 bunun \u0259ksini iddia ets\u0259 d\u0259, ictimai hadis\u0259l\u0259rin d\u0259 \u00f6z qanunauy\u011funluqlar\u0131 var. \u015e\u0259rq son iki y\u00fcz ild\u0259 islam d\u00fcnyas\u0131n\u0131n d\u0259rdl\u0259rinin \u00e7ar\u0259si kimi Q\u0259rb m\u0259lh\u0259ml\u0259rini s\u0131naqdan ke\u00e7irdi v\u0259 \u0259min oldu ki, onlar d\u0259rd\u0259 \u00e7ar\u0259 q\u0131lm\u0131r. \u015e\u0259rq d\u00fcbar\u0259 \u00f6z k\u0259ndin\u0259 qay\u0131tma\u011fa c\u0259hd etdi v\u0259 edir. Son &#8220;darb\u0259&#8221; c\u0259hdinin iflas\u0131 da bunun ifad\u0259sidir.\n<\/p>\n<p>\n  Bu t\u0259cr\u00fcb\u0259d\u0259 h\u0259l\u0259lik xo\u015fb\u0259xt istisnalar tap\u0131l\u0131r. M\u0259s\u0259l\u0259n, Tunisin ilk v\u0259 \u00f6m\u00fcrl\u00fck (!?) prezidenti H\u0259bib Burqiban\u0131n qurdu\u011fu Q\u0259rbsayaq d\u00f6vl\u0259t modelinin d\u0259 \u00f6z ke\u015fik\u00e7isi var idi. Bu ke\u015fik\u00e7inin ad\u0131 \u0259d-Dustur (Konstitusiya) partiyas\u0131 idi. Bu Sov.\u0130KP-y\u0259 b\u0259nz\u0259r partiya \u015e\u0259rq islam d\u00fcnyas\u0131n\u0131n \u00fczvi t\u0259rkib hiss\u0259si olan Tunisd\u0259 Fir\u0259ngistan modelini var g\u00fcc\u00fc il\u0259 qoruma\u011fa \u00e7al\u0131\u015f\u0131rd\u0131. Bu model\u0259 qohumbazl\u0131q, yerlibazl\u0131q v\u0259 r\u00fc\u015fv\u0259txorluq kimi milli mentalitet \u00fcns\u00fcrl\u0259ri bol-bol \u0259lav\u0259 edilirdi. Buna etiraz ed\u0259n islam\u00e7\u0131 R\u0259\u015fid \u0259l-\u011e\u0259nnu\u015fi \u0130ngilt\u0259r\u0259y\u0259, insan h\u00fcquqlar\u0131n\u0131n m\u00fcdafi\u0259\u00e7isi \u0259l-Munsif \u0259l-M\u0259rzuqi is\u0259 Fransaya s\u00fcrg\u00fcn (b\u0259h-b\u0259h!) edilmi\u015fdil\u0259r. T\u0259xmin\u0259n 20 il davam etmi\u015f bu m\u0259\u015f\u0259qq\u0259tli s\u00fcrg\u00fcn h\u0259yat\u0131n\u0131n n\u0259tic\u0259sind\u0259 islam\u00e7\u0131 v\u0259 sol\u00e7u el\u0259 \u0259hlil\u0259\u015fmi\u015fdi ki, Tunisd\u0259 inqilab\u0131n q\u0259l\u0259b\u0259sind\u0259n sonra ke\u00e7irilmi\u015f se\u00e7kil\u0259rd\u0259 \u0259ks\u0259riyy\u0259t qazanm\u0131\u015f islam\u00e7\u0131lar milli \u0259n\u0259n\u0259y\u0259 uy\u011fun olaraq \u00f6z siyasi r\u0259qibl\u0259rinin ba\u015flar\u0131n\u0131 n\u0259inki \u00fczm\u0259dil\u0259r, h\u0259tta uduzmu\u015f sol\u00e7u lideri milli bar\u0131\u015f r\u0259mzi kimi Tunisin prezidenti olma\u011fa d\u0259v\u0259t etdil\u0259r. \u0130ndinin \u00f6z\u00fcnd\u0259 d\u0259, baxmayaraq ki, b\u0259zi radikal terror\u00e7ular Tunisi zorak\u0131l\u0131q yolu il\u0259 b\u0259xt\u0259v\u0259r orta \u0259srl\u0259r\u0259 qaytarma\u011fa c\u0259hd g\u00f6st\u0259rirl\u0259r, \u00f6lk\u0259 h\u0259l\u0259 d\u0259 demokratiya v\u0259 pl\u00fcralizm x\u0259ttind\u0259n k\u0259nara \u00e7\u0131xm\u0131r. Bel\u0259 nadir istisna Q\u0259rbd\u0259 b\u0259zil\u0259ri \u00e7ox sevindirir, b\u0259zil\u0259ri is\u0259 m\u00f6hk\u0259m dilxor edir.\n<\/p>\n<p>\n  Liviyada t\u00f6r\u0259dil\u0259n x\u0259tan\u0131 Q\u0259rbd\u0259 \u00e7oxu, h\u0259tta Barak Obama c\u0259nablar\u0131 m\u0259\u015fum bir s\u0259hv kimi etiraf etdil\u0259r. Y\u0259ni \u0259l-Q\u0259zzafinin qurdu\u011fu mill\u0259t\u00e7i d\u00f6vl\u0259t modeli Q\u0259rbin h\u0259rbi g\u00fcc\u00fc il\u0259 da\u011f\u0131d\u0131landan sonra Liviya qay\u0131td\u0131 XV \u0259sr\u0259, tayfalar\u0131n qaydas\u0131z d\u00f6y\u00fc\u015f d\u00f6vr\u00fcn\u0259. 850 tayfa v\u0259 q\u0259bil\u0259 b\u00f6l\u00fcn\u00fcb-birl\u0259\u015fib bir-biri il\u0259 arams\u0131z d\u00f6y\u00fc\u015f\u00fcr. \u018fslind\u0259 n\u00f6y\u00fct pullar\u0131 u\u011frunda ged\u0259n d\u00f6y\u00fc\u015fd\u0259 yuxar\u0131 qovzanm\u0131\u015f bayraqlarda &#8220;\u0130man v\u0259 \u00dcmm\u0259t&#8221; s\u00f6zl\u0259ri yaz\u0131l\u0131b. Liviyan\u0131n bir hiss\u0259sind\u0259 \u0130slam d\u00f6vl\u0259tinin qurulmas\u0131 elan edilib. \u0130ndi Q\u0259rb sabiq \u0259l-Q\u0259zzafi t\u0259r\u0259fdarlar\u0131na k\u00f6m\u0259k edir ki, bu yeni xilaf\u0259tin ipini \u00e7\u0259k\u0259 bilsinl\u0259r.\n<\/p>\n<p>\n  Liviyada n\u0259 ba\u015f verir? Tarixin qanunauy\u011fun axar\u0131n\u0131n m\u0259cras\u0131n\u0131 ordu \u00e7evrili\u015fi il\u0259 m\u00fcv\u0259qq\u0259ti d\u0259yi\u015f\u0259 bilmi\u015f \u0259l-Q\u0259zzafi t\u0259cr\u00fcb\u0259si da\u011f\u0131d\u0131landan sonra Liviya c\u0259miyy\u0259ti qay\u0131d\u0131r \u00f6z t\u0259bii inki\u015faf-t\u0259n\u0259zz\u00fcl m\u0259cras\u0131na, y\u0259ni tayfa t\u0259\u0259ss\u00fcb\u00fcn\u00fcn \u00e7i\u00e7\u0259kl\u0259ndiyi bir z\u0259man\u0259y\u0259. B\u0259lli olur ki, &#8220;Liviya mill\u0259ti&#8221; deyil\u0259n \u015fey s\u00fcni imi\u015f v\u0259 bir h\u0259ml\u0259d\u0259n da\u011f\u0131la bil\u0259rmi\u015f. N\u0259 \u00fc\u00e7\u00fcn bu t\u0259zah\u00fcr\u00fcn ad\u0131n\u0131 &#8220;\u0259r\u0259b bahar\u0131&#8221; qoymu\u015flar, m\u0259n\u0259 \u00e7atm\u0131r. &#8220;\u018fr\u0259b x\u0259zan\u0131&#8221; daha \u00e7ox yara\u015fm\u0131rd\u0131m\u0131?\n<\/p>\n<p>\n  G\u0259lib \u00e7atd\u0131q Misir\u0259. Burada ordu \u0259lalt\u0131ndan xalq\u0131 hakimiyy\u0259ti \u00f6z do\u011fmaca o\u011flu Camala \u00f6t\u00fcrm\u0259y\u0259 \u00e7al\u0131\u015fan general H\u00fcsni M\u00fcbar\u0259k\u0259 qar\u015f\u0131 qald\u0131rd\u0131. Mill\u0259t t\u00f6k\u00fcld\u00fc \u0259t-T\u0259hrir (Azadl\u0131q) meydan\u0131na, \u00e7\u0131\u011f\u0131rd\u0131, ba\u011f\u0131rd\u0131, d\u00f6yd\u00fc, d\u00f6y\u00fcld\u00fc, \u00f6ld\u00fcrd\u00fc, \u00f6ld\u00fcr\u00fcld\u00fc, x\u00fclas\u0259, i\u015f g\u0259ldi Q\u0259rbin t\u0259kidi il\u0259 se\u00e7kiy\u0259. Se\u00e7ki Misirin 5 min illik tarixind\u0259 ilk (v\u0259, \u00e7ox g\u00fcman ki, yegan\u0259) d\u0259f\u0259 olaraq saxtakarl\u0131q olmadan ke\u00e7irildi.\n<\/p>\n<p>\n  Xalq n\u0259 ist\u0259di? Q\u0259rbp\u0259r\u0259st liberallar\u0131? Sosial \u0259dal\u0259t t\u0259r\u0259fdar\u0131 olan sol\u00e7ular\u0131? Mill\u0259t\u00e7i \u0259n-Nasir \u00e7\u0131\u011f\u0131rda\u015flar\u0131n\u0131? Ordu general\u0131n\u0131? Yox. Sosial \u00f6rn\u0259yi \u0130ran \u0130slam Respublikas\u0131 olan &#8220;m\u00fcs\u0259lman qarda\u015flar\u0131&#8221;n\u0131n lideri Muhamm\u0259d \u0259l-Mursini. Y\u0259ni sad\u0259 Misir xalq\u0131 g\u00f6st\u0259rdi ki, &#8220;N\u0259 \u011e\u0259rbi, n\u0259 \u015e\u0259rqi, enqelabe islami!&#8221;\n<\/p>\n<p>\n  Ordu bel\u0259 \u00f6zba\u015f\u0131nal\u0131\u011fa d\u00f6z\u0259 bilm\u0259zdi, ortada milyardlar s\u00f6hb\u0259ti var idi. M\u00fc\u0259yy\u0259n d\u00fcym\u0259l\u0259r bas\u0131ld\u0131, ordu qan t\u00f6km\u0259d\u0259n bu m\u00fck\u0259mm\u0259l v\u0259 s\u0131xla\u015fm\u0131\u015f cani c\u0259miyy\u0259ti islah etm\u0259y\u0259 \u00e7al\u0131\u015fan prezidenti v\u0259 onun t\u0259\u015fkilat\u0131n\u0131 devirib darmada\u011f\u0131n etdi.\n<\/p>\n<p>\n  Misir t\u0259cr\u00fcb\u0259si biz\u0259 n\u0259yi g\u00f6st\u0259rdi? G\u00f6st\u0259rdi ki, m\u00fct\u0259\u015f\u0259kkil ordu v\u0259 onun zorak\u0131 t\u0259siri olmasa, &#8220;sad\u0259 xalq&#8221; Q\u0259rbin deyil, \u015e\u0259rqin arxaik sosial modell\u0259rin\u0259 \u00fcst\u00fcnl\u00fck verm\u0259y\u0259 haz\u0131rd\u0131r.\n<\/p>\n<p>\n  Q\u0259rbin vaxtil\u0259 \u0130raq Respublikas\u0131 adlanan \u0259razid\u0259 h\u0259yata ke\u00e7irdiyi ictimai m\u00fch\u0259ndislik t\u0259cr\u00fcb\u0259sinin \u00fczd\u0259 olan n\u0259tic\u0259si budur ki, ba\u015f\u0131na burax\u0131lan m\u00fcs\u0259lmanlar dini partiyalara s\u0259s verm\u0259y\u0259 \u00fcst\u00fcnl\u00fck verirl\u0259r. \u018fhalisinin \u0259ks\u0259riyy\u0259ti \u015fi\u0259 olan \u0130raqda g\u00fcya ki, hakimiyy\u0259td\u0259 \u015fi\u0259 h\u00f6kum\u0259ti oturub \u00f6lk\u0259ni Q\u0259rbin d\u0259y\u0259rli m\u0259sl\u0259h\u0259tl\u0259ri il\u0259 idar\u0259 edir. Hadis\u0259l\u0259r\u0259 \u0130ngilt\u0259r\u0259d\u0259 bir lordun komissiyas\u0131n\u0131n o zamank\u0131 ba\u015f nazir Tom Blerin xalq\u0131 aldatmas\u0131 v\u0259 qeyri-qanuni t\u0259cav\u00fcz n\u0259tic\u0259sind\u0259 says\u0131z cinay\u0259tl\u0259r\u0259 yol a\u00e7mas\u0131 bar\u0259d\u0259 hesabat\u0131 he\u00e7 bir t\u0259sir g\u00f6st\u0259r\u0259 bilm\u0259z.\n<\/p>\n<p>\n  Y\u0259m\u0259nd\u0259 mill\u0259t\u00e7i model d\u0259, sosialist modeli d\u0259 iflasa u\u011frayandan sonra hakimiyy\u0259t u\u011frunda d\u00f6y\u00fc\u015f ixtiyar\u0131 ke\u00e7ib islam\u00e7\u0131-tayfa\u00e7\u0131 birl\u0259\u015fm\u0259l\u0259rin \u0259lin\u0259. Onu da qeyd etm\u0259y\u0259 d\u0259y\u0259r ki, bu b\u00f6lg\u0259d\u0259 vaxtil\u0259 xeyli at oynatm\u0131\u015f ruslar\u0131n \u0259v\u0259zind\u0259 c\u0131d\u0131r meydan\u0131 indi Q\u0259rb\u0259 v\u0259 onun yerli m\u00fctt\u0259fiql\u0259rin\u0259 m\u0259xsusdur.\n<\/p>\n<p>\n  Suriyada general Hafiz \u0259l-\u018fs\u0259din qurdu\u011fu avtoritar mill\u0259t\u00e7i laiq d\u00f6vl\u0259t modeli Q\u0259rbd\u0259 (Londonda) ya\u015fam\u0131\u015f g\u00f6z h\u0259kimi B\u0259\u015far \u0259l-\u018fs\u0259d\u0259 \u00e7ox do\u011fma idi. Suriya qon\u015fu m\u00fcrt\u0259ce \u0259r\u0259b neft \u0259mirlikl\u0259rin\u0259 nisb\u0259td\u0259 demokratiya z\u0259man\u0259sinin bayraqdar\u0131 say\u0131la bil\u0259rdi. T\u0259bii ki, burada milli mentalitetd\u0259n do\u011fan qohumbazl\u0131q, yerlibazl\u0131q, m\u0259zh\u0259b\u00e7ilik v\u0259 r\u00fc\u015fv\u0259txorluq hallar\u0131 \u0259hvalat\u0131n Orta \u015e\u0259rq \u00f6lk\u0259sind\u0259 vaqe etdiyind\u0259n x\u0259b\u0259r verirdi, lakin hans\u0131sa q\u0259\u015f\u015f edil\u0259si hadis\u0259 ba\u015f vermirdi. B\u0259lk\u0259 d\u0259 m\u0259hz bu adilik Q\u0259rb\u0259 ilham verdi ki, demokratiya ba\u011f\u0131ran \u00fcsyan\u00e7\u0131lara h\u0259yan olsun v\u0259 &#8220;\u0259l-\u018fs\u0259d getm\u0259lidir!&#8221; desin.\n<\/p>\n<p>\n  N\u0259tic\u0259 n\u0259 oldu? \u00d6lk\u0259d\u0259 be\u015f ildir v\u0259t\u0259nda\u015f m\u00fcharib\u0259si gedir. Yax\u0131n \u015e\u0259rqin \u0259n g\u00f6z\u0259l v\u0259 \u0259n abad \u00f6lk\u0259si x\u0259rab\u0259zara d\u00f6n\u00fcb. Be\u015f milyon qa\u00e7q\u0131n v\u0259 did\u0259rgin \u00f6z a\u011f\u0131r y\u00fck\u00fcn\u00fc qoyub d\u00fcnyan\u0131n, ilk n\u00f6vb\u0259d\u0259, qon\u015fu T\u00fcrkiy\u0259nin, Livan\u0131n, \u0130ordaniyan\u0131n v\u0259 Avropan\u0131n belin\u0259. Avropa Birliyi bu y\u00fck\u0259 d\u00f6zm\u0259yib l\u0259hl\u0259yir v\u0259 \u00e7\u00f6k\u00fcb-\u00e7atlay\u0131r. T\u00fcrkiy\u0259nin \u00f6z\u00fcnd\u0259 ba\u015f vermi\u015f son hadis\u0259l\u0259rd\u0259 d\u0259 Suriya amilinin t\u0259sirirni yaln\u0131z korlar v\u0259 karlar dana bil\u0259r.\n<\/p>\n<p>\n  Bu yaz\u0131n\u0131n m\u0259qs\u0259di n\u0259dir? 1991-ci ild\u0259 \u018flc\u0259zaird\u0259 demokratik se\u00e7kil\u0259rd\u0259 \u0130slam Nicat C\u0259bh\u0259si q\u0259l\u0259b\u0259 \u00e7alanda v\u0259 ordu i\u015f\u0259 qar\u0131\u015f\u0131b onu hakimiyy\u0259t\u0259 buraxmayanda v\u0259t\u0259nda\u015f m\u00fcharib\u0259si ba\u015fland\u0131. M\u00fchar\u0131b\u0259 2002-ci il\u0259 q\u0259d\u0259r davam etdi. T\u0259xmin\u0259n 200 min\u0259 q\u0259d\u0259r insan \u00f6ld\u00fcr\u00fcld\u00fc. El\u0259 h\u0259min vaxt Amerikan diplomat\u0131 Edvard Derecyan d\u0259b\u0259 d\u00fc\u015fm\u00fc\u015f bir s\u00f6z i\u015fl\u0259tdi: &#8220;\u0130slam \u00f6lk\u0259l\u0259rind\u0259 azad v\u0259 \u0259dal\u0259tli se\u00e7ki ola bil\u0259r. \u0130slam\u00e7\u0131lar\u0131n q\u0259l\u0259b\u0259sin\u0259 q\u0259d\u0259r. Bundan sonra se\u00e7ki s\u00f6hb\u0259ti qurtar\u0131r&#8221;.\n<\/p>\n<p>\n  Son hadis\u0259l\u0259r g\u00f6st\u0259rir ki, \u015e\u0259rq a\u011fac\u0131na Q\u0259rb buda\u011f\u0131n\u0131n peyv\u0259ndi \u00e7ox m\u00fcr\u0259kk\u0259b v\u0259 tarix\u0259n uzun zaman t\u0259l\u0259b ed\u0259n bir prosesdir. Zor il\u0259 calaq edil\u0259n buda\u011f tutur, b\u00f6y\u00fcy\u00fcr, \u00e7i\u00e7\u0259kl\u0259nir, h\u0259tta meyv\u0259 verir&#8230; Ham\u0131 sevinir. Bir d\u0259 g\u00f6rd\u00fcn tarix spiralvar\u0131 d\u00f6vr\u0259 vurub g\u0259tirdi islami tarixi irsin yeni \u015f\u0259raitd\u0259 qay\u0131d\u0131\u015f\u0131na. \u0130randa oldu\u011fu kimi. \u0130ndi d\u0259 biz bu c\u0259hdi, \u00e7ox g\u00fcman ki, T\u00fcrkiy\u0259 islam\u0131 n\u00fcnun\u0259sind\u0259 g\u00f6r\u0259c\u0259yik.\n<\/p>\n<p>\n  \u018flb\u0259tt\u0259 ki, se\u00e7kil\u0259r ke\u00e7iril\u0259c\u0259k, y\u0259ni mister Derecyan s\u0259hv edib. Ana Yasa da i\u015fl\u0259y\u0259c\u0259k, amma xalq\u0131n t\u0259l\u0259bi il\u0259 v\u0259 onun d\u0259runi ist\u0259yin\u0259 uy\u011fun olaraq d\u0259yi\u015fil\u0259nd\u0259n sonra&#8230;\n<\/p>\n<p>\n  \u00d6z aram\u0131zd\u0131r, bol\u015fevik inqilab\u0131n\u0131n v\u0259 t\u0259cr\u00fcb\u0259sinin iflas\u0131 da h\u0259min m\u0259tl\u0259bd\u0259n, tarixin qanunauy\u011funluqlar\u0131ndan x\u0259b\u0259r verir.\n<\/p>\n<p>\n  <i><br \/>\n    <b><br \/>\n      Yaz\u0131 m\u00fc\u0259llifin fikirl\u0259rini \u0259ks etdirir v\u0259 Meydan TV-nin m\u00f6vqeyi il\u0259 \u00fcst-\u00fcst\u0259 d\u00fc\u015fm\u0259y\u0259 bil\u0259r.<br \/>\n    <\/b><br \/>\n  <\/i><\/p>\n","protected":false},"excerpt":{"rendered":"<p>Son hadis\u0259l\u0259r g\u00f6st\u0259rir ki, \u015e\u0259rq a\u011fac\u0131na Q\u0259rb buda\u011f\u0131n\u0131n peyv\u0259ndi \u00e7ox m\u00fcr\u0259kk\u0259b v\u0259 tarix\u0259n uzun zaman t\u0259l\u0259b ed\u0259n bir prosesdir<\/p>\n","protected":false},"author":11,"featured_media":62450,"comment_status":"closed","ping_status":"open","sticky":false,"template":"","format":"standard","meta":{"_acf_changed":false,"_sitemap_exclude":false,"_sitemap_priority":"","_sitemap_frequency":"","footnotes":""},"categories":[57],"tags":[],"class_list":["post-177947","post","type-post","status-publish","format-standard","has-post-thumbnail","hentry","category-menim-fikrimce","infinite-scroll-item","generate-columns","tablet-grid-50","mobile-grid-100","grid-parent","grid-33","no-featured-image-padding"],"acf":[],"yoast_head":"<!-- This site is optimized with the Yoast SEO plugin v27.5 - https:\/\/yoast.com\/product\/yoast-seo-wordpress\/ -->\n<title>Dair\u0259 qapan\u0131r? - MEYDAN.TV<\/title>\n<meta name=\"robots\" content=\"index, follow, max-snippet:-1, max-image-preview:large, max-video-preview:-1\" \/>\n<link rel=\"canonical\" href=\"https:\/\/www.meydan.tv\/az\/article\/daire-qapanir\/\" \/>\n<meta property=\"og:locale\" content=\"az_AZ\" \/>\n<meta property=\"og:type\" content=\"article\" \/>\n<meta property=\"og:title\" content=\"Dair\u0259 qapan\u0131r? - MEYDAN.TV\" \/>\n<meta property=\"og:description\" content=\"Son hadis\u0259l\u0259r g\u00f6st\u0259rir ki, \u015e\u0259rq a\u011fac\u0131na Q\u0259rb buda\u011f\u0131n\u0131n peyv\u0259ndi \u00e7ox m\u00fcr\u0259kk\u0259b v\u0259 tarix\u0259n uzun zaman t\u0259l\u0259b ed\u0259n bir prosesdir\" \/>\n<meta property=\"og:url\" content=\"https:\/\/www.meydan.tv\/az\/article\/daire-qapanir\/\" \/>\n<meta property=\"og:site_name\" content=\"MEYDAN.TV\" \/>\n<meta property=\"article:published_time\" content=\"2016-08-05T17:28:07+00:00\" \/>\n<meta property=\"og:image\" content=\"https:\/\/www.meydan.tv\/wp-content\/uploads\/23935.jpg\" \/>\n\t<meta property=\"og:image:width\" content=\"500\" \/>\n\t<meta property=\"og:image:height\" content=\"500\" \/>\n\t<meta property=\"og:image:type\" content=\"image\/jpeg\" \/>\n<meta name=\"author\" content=\"user-manager\" \/>\n<meta name=\"twitter:card\" content=\"summary_large_image\" \/>\n<script type=\"application\/ld+json\" class=\"yoast-schema-graph\">{\"@context\":\"https:\\\/\\\/schema.org\",\"@graph\":[{\"@type\":\"Article\",\"@id\":\"https:\\\/\\\/www.meydan.tv\\\/az\\\/article\\\/daire-qapanir\\\/#article\",\"isPartOf\":{\"@id\":\"https:\\\/\\\/www.meydan.tv\\\/az\\\/article\\\/daire-qapanir\\\/\"},\"author\":{\"name\":\"user-manager\",\"@id\":\"https:\\\/\\\/www.meydan.tv\\\/az\\\/#\\\/schema\\\/person\\\/10d11eccf6da3662cf5fdab9806ea91a\"},\"headline\":\"Dair\u0259 qapan\u0131r?\",\"datePublished\":\"2016-08-05T17:28:07+00:00\",\"mainEntityOfPage\":{\"@id\":\"https:\\\/\\\/www.meydan.tv\\\/az\\\/article\\\/daire-qapanir\\\/\"},\"wordCount\":1822,\"publisher\":{\"@id\":\"https:\\\/\\\/www.meydan.tv\\\/az\\\/#organization\"},\"image\":{\"@id\":\"https:\\\/\\\/www.meydan.tv\\\/az\\\/article\\\/daire-qapanir\\\/#primaryimage\"},\"thumbnailUrl\":\"https:\\\/\\\/www.meydan.tv\\\/wp-content\\\/uploads\\\/23935.jpg\",\"articleSection\":[\"M\u0259nim Fikrimc\u0259\"],\"inLanguage\":\"az\"},{\"@type\":\"WebPage\",\"@id\":\"https:\\\/\\\/www.meydan.tv\\\/az\\\/article\\\/daire-qapanir\\\/\",\"url\":\"https:\\\/\\\/www.meydan.tv\\\/az\\\/article\\\/daire-qapanir\\\/\",\"name\":\"Dair\u0259 qapan\u0131r? - MEYDAN.TV\",\"isPartOf\":{\"@id\":\"https:\\\/\\\/www.meydan.tv\\\/az\\\/#website\"},\"primaryImageOfPage\":{\"@id\":\"https:\\\/\\\/www.meydan.tv\\\/az\\\/article\\\/daire-qapanir\\\/#primaryimage\"},\"image\":{\"@id\":\"https:\\\/\\\/www.meydan.tv\\\/az\\\/article\\\/daire-qapanir\\\/#primaryimage\"},\"thumbnailUrl\":\"https:\\\/\\\/www.meydan.tv\\\/wp-content\\\/uploads\\\/23935.jpg\",\"datePublished\":\"2016-08-05T17:28:07+00:00\",\"breadcrumb\":{\"@id\":\"https:\\\/\\\/www.meydan.tv\\\/az\\\/article\\\/daire-qapanir\\\/#breadcrumb\"},\"inLanguage\":\"az\",\"potentialAction\":[{\"@type\":\"ReadAction\",\"target\":[\"https:\\\/\\\/www.meydan.tv\\\/az\\\/article\\\/daire-qapanir\\\/\"]}]},{\"@type\":\"ImageObject\",\"inLanguage\":\"az\",\"@id\":\"https:\\\/\\\/www.meydan.tv\\\/az\\\/article\\\/daire-qapanir\\\/#primaryimage\",\"url\":\"https:\\\/\\\/www.meydan.tv\\\/wp-content\\\/uploads\\\/23935.jpg\",\"contentUrl\":\"https:\\\/\\\/www.meydan.tv\\\/wp-content\\\/uploads\\\/23935.jpg\",\"width\":500,\"height\":500,\"caption\":\"Source:\"},{\"@type\":\"BreadcrumbList\",\"@id\":\"https:\\\/\\\/www.meydan.tv\\\/az\\\/article\\\/daire-qapanir\\\/#breadcrumb\",\"itemListElement\":[{\"@type\":\"ListItem\",\"position\":1,\"name\":\"Ana s\u0259hif\u0259\",\"item\":\"https:\\\/\\\/www.meydan.tv\\\/az\\\/\"},{\"@type\":\"ListItem\",\"position\":2,\"name\":\"M\u0259nim Fikrimc\u0259\",\"item\":\"https:\\\/\\\/www.meydan.tv\\\/az\\\/section\\\/menim-fikrimce\\\/\"},{\"@type\":\"ListItem\",\"position\":3,\"name\":\"Dair\u0259 qapan\u0131r?\"}]},{\"@type\":\"WebSite\",\"@id\":\"https:\\\/\\\/www.meydan.tv\\\/az\\\/#website\",\"url\":\"https:\\\/\\\/www.meydan.tv\\\/az\\\/\",\"name\":\"MEYDAN.TV\",\"description\":\"Meydan TV Az\u0259rbaycan\u0131n media m\u0259kan\u0131ndak\u0131 alternativ s\u0259sidir\",\"publisher\":{\"@id\":\"https:\\\/\\\/www.meydan.tv\\\/az\\\/#organization\"},\"potentialAction\":[{\"@type\":\"SearchAction\",\"target\":{\"@type\":\"EntryPoint\",\"urlTemplate\":\"https:\\\/\\\/www.meydan.tv\\\/az\\\/?s={search_term_string}\"},\"query-input\":{\"@type\":\"PropertyValueSpecification\",\"valueRequired\":true,\"valueName\":\"search_term_string\"}}],\"inLanguage\":\"az\"},{\"@type\":\"Organization\",\"@id\":\"https:\\\/\\\/www.meydan.tv\\\/az\\\/#organization\",\"name\":\"Meydan TV\",\"url\":\"https:\\\/\\\/www.meydan.tv\\\/az\\\/\",\"logo\":{\"@type\":\"ImageObject\",\"inLanguage\":\"az\",\"@id\":\"https:\\\/\\\/www.meydan.tv\\\/az\\\/#\\\/schema\\\/logo\\\/image\\\/\",\"url\":\"https:\\\/\\\/www.meydan.tv\\\/wp-content\\\/uploads\\\/2021\\\/07\\\/meydan-logo.svg\",\"contentUrl\":\"https:\\\/\\\/www.meydan.tv\\\/wp-content\\\/uploads\\\/2021\\\/07\\\/meydan-logo.svg\",\"width\":195,\"height\":46,\"caption\":\"Meydan TV\"},\"image\":{\"@id\":\"https:\\\/\\\/www.meydan.tv\\\/az\\\/#\\\/schema\\\/logo\\\/image\\\/\"}},{\"@type\":\"Person\",\"@id\":\"https:\\\/\\\/www.meydan.tv\\\/az\\\/#\\\/schema\\\/person\\\/10d11eccf6da3662cf5fdab9806ea91a\",\"name\":\"user-manager\"}]}<\/script>\n<!-- \/ Yoast SEO plugin. -->","yoast_head_json":{"title":"Dair\u0259 qapan\u0131r? - MEYDAN.TV","robots":{"index":"index","follow":"follow","max-snippet":"max-snippet:-1","max-image-preview":"max-image-preview:large","max-video-preview":"max-video-preview:-1"},"canonical":"https:\/\/www.meydan.tv\/az\/article\/daire-qapanir\/","og_locale":"az_AZ","og_type":"article","og_title":"Dair\u0259 qapan\u0131r? - MEYDAN.TV","og_description":"Son hadis\u0259l\u0259r g\u00f6st\u0259rir ki, \u015e\u0259rq a\u011fac\u0131na Q\u0259rb buda\u011f\u0131n\u0131n peyv\u0259ndi \u00e7ox m\u00fcr\u0259kk\u0259b v\u0259 tarix\u0259n uzun zaman t\u0259l\u0259b ed\u0259n bir prosesdir","og_url":"https:\/\/www.meydan.tv\/az\/article\/daire-qapanir\/","og_site_name":"MEYDAN.TV","article_published_time":"2016-08-05T17:28:07+00:00","og_image":[{"width":500,"height":500,"url":"https:\/\/www.meydan.tv\/wp-content\/uploads\/23935.jpg","type":"image\/jpeg"}],"author":"user-manager","twitter_card":"summary_large_image","schema":{"@context":"https:\/\/schema.org","@graph":[{"@type":"Article","@id":"https:\/\/www.meydan.tv\/az\/article\/daire-qapanir\/#article","isPartOf":{"@id":"https:\/\/www.meydan.tv\/az\/article\/daire-qapanir\/"},"author":{"name":"user-manager","@id":"https:\/\/www.meydan.tv\/az\/#\/schema\/person\/10d11eccf6da3662cf5fdab9806ea91a"},"headline":"Dair\u0259 qapan\u0131r?","datePublished":"2016-08-05T17:28:07+00:00","mainEntityOfPage":{"@id":"https:\/\/www.meydan.tv\/az\/article\/daire-qapanir\/"},"wordCount":1822,"publisher":{"@id":"https:\/\/www.meydan.tv\/az\/#organization"},"image":{"@id":"https:\/\/www.meydan.tv\/az\/article\/daire-qapanir\/#primaryimage"},"thumbnailUrl":"https:\/\/www.meydan.tv\/wp-content\/uploads\/23935.jpg","articleSection":["M\u0259nim Fikrimc\u0259"],"inLanguage":"az"},{"@type":"WebPage","@id":"https:\/\/www.meydan.tv\/az\/article\/daire-qapanir\/","url":"https:\/\/www.meydan.tv\/az\/article\/daire-qapanir\/","name":"Dair\u0259 qapan\u0131r? - MEYDAN.TV","isPartOf":{"@id":"https:\/\/www.meydan.tv\/az\/#website"},"primaryImageOfPage":{"@id":"https:\/\/www.meydan.tv\/az\/article\/daire-qapanir\/#primaryimage"},"image":{"@id":"https:\/\/www.meydan.tv\/az\/article\/daire-qapanir\/#primaryimage"},"thumbnailUrl":"https:\/\/www.meydan.tv\/wp-content\/uploads\/23935.jpg","datePublished":"2016-08-05T17:28:07+00:00","breadcrumb":{"@id":"https:\/\/www.meydan.tv\/az\/article\/daire-qapanir\/#breadcrumb"},"inLanguage":"az","potentialAction":[{"@type":"ReadAction","target":["https:\/\/www.meydan.tv\/az\/article\/daire-qapanir\/"]}]},{"@type":"ImageObject","inLanguage":"az","@id":"https:\/\/www.meydan.tv\/az\/article\/daire-qapanir\/#primaryimage","url":"https:\/\/www.meydan.tv\/wp-content\/uploads\/23935.jpg","contentUrl":"https:\/\/www.meydan.tv\/wp-content\/uploads\/23935.jpg","width":500,"height":500,"caption":"Source:"},{"@type":"BreadcrumbList","@id":"https:\/\/www.meydan.tv\/az\/article\/daire-qapanir\/#breadcrumb","itemListElement":[{"@type":"ListItem","position":1,"name":"Ana s\u0259hif\u0259","item":"https:\/\/www.meydan.tv\/az\/"},{"@type":"ListItem","position":2,"name":"M\u0259nim Fikrimc\u0259","item":"https:\/\/www.meydan.tv\/az\/section\/menim-fikrimce\/"},{"@type":"ListItem","position":3,"name":"Dair\u0259 qapan\u0131r?"}]},{"@type":"WebSite","@id":"https:\/\/www.meydan.tv\/az\/#website","url":"https:\/\/www.meydan.tv\/az\/","name":"MEYDAN.TV","description":"Meydan TV Az\u0259rbaycan\u0131n media m\u0259kan\u0131ndak\u0131 alternativ s\u0259sidir","publisher":{"@id":"https:\/\/www.meydan.tv\/az\/#organization"},"potentialAction":[{"@type":"SearchAction","target":{"@type":"EntryPoint","urlTemplate":"https:\/\/www.meydan.tv\/az\/?s={search_term_string}"},"query-input":{"@type":"PropertyValueSpecification","valueRequired":true,"valueName":"search_term_string"}}],"inLanguage":"az"},{"@type":"Organization","@id":"https:\/\/www.meydan.tv\/az\/#organization","name":"Meydan TV","url":"https:\/\/www.meydan.tv\/az\/","logo":{"@type":"ImageObject","inLanguage":"az","@id":"https:\/\/www.meydan.tv\/az\/#\/schema\/logo\/image\/","url":"https:\/\/www.meydan.tv\/wp-content\/uploads\/2021\/07\/meydan-logo.svg","contentUrl":"https:\/\/www.meydan.tv\/wp-content\/uploads\/2021\/07\/meydan-logo.svg","width":195,"height":46,"caption":"Meydan TV"},"image":{"@id":"https:\/\/www.meydan.tv\/az\/#\/schema\/logo\/image\/"}},{"@type":"Person","@id":"https:\/\/www.meydan.tv\/az\/#\/schema\/person\/10d11eccf6da3662cf5fdab9806ea91a","name":"user-manager"}]}},"_links":{"self":[{"href":"https:\/\/www.meydan.tv\/az\/wp-json\/wp\/v2\/posts\/177947","targetHints":{"allow":["GET"]}}],"collection":[{"href":"https:\/\/www.meydan.tv\/az\/wp-json\/wp\/v2\/posts"}],"about":[{"href":"https:\/\/www.meydan.tv\/az\/wp-json\/wp\/v2\/types\/post"}],"author":[{"embeddable":true,"href":"https:\/\/www.meydan.tv\/az\/wp-json\/wp\/v2\/users\/11"}],"replies":[{"embeddable":true,"href":"https:\/\/www.meydan.tv\/az\/wp-json\/wp\/v2\/comments?post=177947"}],"version-history":[{"count":0,"href":"https:\/\/www.meydan.tv\/az\/wp-json\/wp\/v2\/posts\/177947\/revisions"}],"wp:featuredmedia":[{"embeddable":true,"href":"https:\/\/www.meydan.tv\/az\/wp-json\/wp\/v2\/media\/62450"}],"wp:attachment":[{"href":"https:\/\/www.meydan.tv\/az\/wp-json\/wp\/v2\/media?parent=177947"}],"wp:term":[{"taxonomy":"category","embeddable":true,"href":"https:\/\/www.meydan.tv\/az\/wp-json\/wp\/v2\/categories?post=177947"},{"taxonomy":"post_tag","embeddable":true,"href":"https:\/\/www.meydan.tv\/az\/wp-json\/wp\/v2\/tags?post=177947"}],"curies":[{"name":"wp","href":"https:\/\/api.w.org\/{rel}","templated":true}]}}