{"id":177933,"date":"2016-08-05T01:17:04","date_gmt":"2016-08-05T01:17:04","guid":{"rendered":"https:\/\/www.meydan.tv\/article\/namus-qetlleri\/"},"modified":"2016-08-05T01:17:04","modified_gmt":"2016-08-05T01:17:04","slug":"namus-qetlleri","status":"publish","type":"post","link":"https:\/\/www.meydan.tv\/az\/article\/namus-qetlleri\/","title":{"rendered":"&#8221;Namus q\u0259tll\u0259ri&#8221;"},"content":{"rendered":"<figure class=\"wp-block-image size-large\">\n  <img decoding=\"async\" src=\"https:\/\/www.meydan.tv\/az\/64718\/\" alt=\"\" class=\"wp-image-64718\"\/><figcaption><\/figcaption><\/figure>\n<figure class=\"wp-block-image size-large\">\n  <img decoding=\"async\" src=\"https:\/\/www.meydan.tv\/az\/64721\/\" alt=\"\" class=\"wp-image-64721\"\/><figcaption><\/figcaption><\/figure>\n<p>\n  Balalar\u0131m\u0131z\u0131 \u00f6z \u0259limizl\u0259 \u00f6ld\u00fcr\u0259n n\u0259dir?\n<\/p>\n<p>\n  Bir ne\u00e7\u0259 il \u0259vv\u0259l insan alverinin qurban\u0131 olmu\u015f bir qad\u0131n\u0131n hekay\u0259si il\u0259 tan\u0131\u015f olmu\u015fdum. H\u0259r \u015fey m\u0259sum bir \u00f6p\u00fc\u015fd\u0259n ba\u015flam\u0131\u015fd\u0131. M\u0259kt\u0259bin son sinfind\u0259 oxuyanda, sinif yolda\u015f\u0131 il\u0259 \u00f6p\u00fc\u015f\u00fcn\u00fc telefona \u00e7\u0259kibmi\u015f yeniyetm\u0259l\u0259r. Sonra o videonu q\u0131z\u0131n valideynl\u0259rin\u0259 g\u00f6st\u0259r\u0259c\u0259kl\u0259ri il\u0259 h\u0259d\u0259l\u0259yibl\u0259r. Bu yolla \u015fantaj ed\u0259r\u0259k, ham\u0131s\u0131 intim \u0259laq\u0259y\u0259 girib q\u0131zla. Q\u0131z t\u0259ki ata-anas\u0131 bilm\u0259sin dey\u0259, 4-5 adamla cinsi \u0259laq\u0259y\u0259 girm\u0259y\u0259 raz\u0131 olub.\n<\/p>\n<p>\n  Daha sonra yeniyetm\u0259l\u0259r bu videonu qad\u0131n alverinin \u201cpe\u015f\u0259karlar\u0131na\u201d sat\u0131blar. Bu adamlar da videonu v\u0259 \u00fcst\u0259lik q\u0131z\u0131n o\u011flanlarla yatd\u0131\u011f\u0131 x\u0259b\u0259rini onun valideynl\u0259rin\u0259 \u00f6t\u00fcr\u0259c\u0259kl\u0259ri il\u0259 \u015fantaj ed\u0259r\u0259k, q\u0131z\u0131 ill\u0259rl\u0259 seks-i\u015f\u00e7i kimi istismar edibl\u0259r.\n<\/p>\n<p>\n  Bu hadis\u0259ni e\u015fid\u0259nd\u0259, m\u0259s\u0259l\u0259nin alternativini t\u0259s\u0259vv\u00fcr el\u0259dim. \u0130lk \u015fantaj zaman\u0131 q\u0131z evl\u0259rin\u0259 gedir v\u0259 m\u0259s\u0259l\u0259ni valideynl\u0259rin\u0259 a\u00e7\u0131r. Valideynl\u0259r ona m\u0259n\u0259vi d\u0259st\u0259k verir, q\u0131zlar\u0131n\u0131 \u015fantaj ed\u0259n o\u011flanlar\u0131n valideynl\u0259ri il\u0259 dan\u0131\u015f\u0131r. Problem q\u0131sa m\u00fcdd\u0259td\u0259 h\u0259ll olunur. Q\u0131z is\u0259 t\u0259hsilini davam etdirir, h\u0259kim, jurnalist, filosof, m\u00fc\u0259llim, fizika alimi olur&#8230; Misal \u00fc\u00e7\u00fcn&#8230; Bu xo\u015fb\u0259xt tablo o zaman ger\u00e7\u0259kl\u0259\u015f\u0259rdi ki, o q\u0131z valideynl\u0259rinin m\u0259n\u0259vi d\u0259st\u0259yin\u0259 \u00fcmid ed\u0259ydi.\n<\/p>\n<p>\n  \u018ffsan\u0259 kimi&#8230;\n<\/p>\n<p>\n  \u018ffsan\u0131 d\u00fcn\u0259n (3 avqust) anas\u0131na zorland\u0131\u011f\u0131n\u0131 etiraf ed\u0259n, ondan k\u00f6m\u0259k uman, n\u0259tic\u0259d\u0259 q\u0259tl\u0259 yetiril\u0259n 15 ya\u015fl\u0131 q\u0131z\u0131n ad\u0131d\u0131r. B\u0259li, 35 ya\u015fl\u0131 qad\u0131n \u00f6z \u0259ll\u0259ri il\u0259 on be\u015f ya\u015fl\u0131 q\u0131z\u0131n\u0131 bo\u011faraq, \u00f6ld\u00fcr\u00fcb. S\u0259b\u0259b o olub ki, q\u0131z\u0131 ona cinsi t\u0259cav\u00fcz\u0259 m\u0259ruz qald\u0131\u011f\u0131n\u0131 deyib. 15 ya\u015fl\u0131 q\u0131z, anas\u0131na bu etiraf\u0131 ed\u0259r\u0259k, ondan k\u00f6m\u0259k ist\u0259yib. 35 ya\u015fl\u0131 anan\u0131n is\u0259 k\u00f6m\u0259yi q\u0131z\u0131n\u0131 \u015f\u0259rfl\u0259 bo\u011faraq, \u00f6ld\u00fcrm\u0259kd\u0259n ibar\u0259t olub.\n<\/p>\n<p>\n  Y\u0259qin ki, bu hadis\u0259nin d\u0259h\u015f\u0259tli olmas\u0131na he\u00e7 kimin etiraz\u0131 yoxdur. Amma bel\u0259 bir s\u0259b\u0259b\u0259 g\u00f6r\u0259, bel\u0259 bir q\u0259tl kimis\u0259 t\u0259\u0259cc\u00fcbl\u0259ndirdimi? M\u0259nc\u0259, yox.\n<\/p>\n<p>\n  G\u00fcn uzunu sosial \u015f\u0259b\u0259k\u0259l\u0259rd\u0259 m\u00fcxt\u0259lif ya\u015flarda, m\u00fcxt\u0259lif sosial statusda olan, m\u00fcxt\u0259lif pe\u015f\u0259 sahibl\u0259ri onlarla az\u0259rbaycanl\u0131 qad\u0131nlar\u0131n bu x\u0259b\u0259r\u0259 reaksiyas\u0131n\u0131 izl\u0259dim. B\u00f6y\u00fck \u0259ks\u0259riyy\u0259ti k\u0259d\u0259rl\u0259 etiraf edirdi ki, onlar\u0131n da ba\u015flar\u0131na bu hadis\u0259 g\u0259ls\u0259ydi, y\u0259ni zorlanm\u0131\u015f olsayd\u0131lar, onlar\u0131n da analar\u0131 eyni add\u0131m\u0131 atard\u0131.\n<\/p>\n<p>\n  K\u0259d\u0259rl\u0259 etiraf edir\u0259m ki, zorlansayd\u0131m, m\u0259ni d\u0259 anam \u00f6ld\u00fcr\u0259rdi. \u00d6ld\u00fcrm\u0259s\u0259 bel\u0259, atam\u0131n, qarda\u015flar\u0131m\u0131n, h\u0259r hans\u0131 bir qohumun zorland\u0131\u011f\u0131ma g\u00f6r\u0259 m\u0259ni \u00f6ld\u00fcrm\u0259sin\u0259 raz\u0131 olar v\u0259 bu q\u0259tl\u0259 r\u0259vac ver\u0259rdi. T\u0259\u0259ss\u00fcf ki, bu ehtimal\u0131 iddia etm\u0259k \u00fc\u00e7\u00fcn \u00e7ox \u015fey ya\u015fam\u0131\u015fam. \u018fksini d\u00fc\u015f\u00fcnm\u0259yi \u00f6z\u00fcm d\u0259 ist\u0259rdim, heyf, he\u00e7 bir \u015fans\u0131m yoxdu.\n<\/p>\n<p>\n  Yax\u015f\u0131, zorlanma\u011fa m\u0259ruz qalan q\u0131z\u0131, h\u0259yat yolda\u015f\u0131n\u0131, bac\u0131n\u0131 q\u0259tl\u0259 yetirm\u0259y\u0259 veril\u0259n \u201cnamus q\u0259tll\u0259ri\u201d formulirovkas\u0131 q\u0131nan\u0131l\u0131rm\u0131 c\u0259miyy\u0259td\u0259? Yox, t\u0259\u0259ss\u00fcf ki, biz bel\u0259 q\u0259tll\u0259r\u0259 qar\u015f\u0131 \u00e7lxanlar\u0131 g\u00f6r\u0259 bilmirik. \u018fksin\u0259, q\u0131nan\u0131lan, ittiham edil\u0259n, t\u0259cav\u00fcz qurbanlar\u0131d\u0131r. \u201c\u00d6z\u00fcnd\u0259 olub g\u00fcnah!\u201d, \u201cAllah bilir, a\u00e7\u0131q geyinibmi\u015f!\u201d, \u201cGec\u0259 vaxt\u0131 \u00e7\u00f6ld\u0259 n\u0259 i\u015fi varm\u0131\u015f ki, zorlay\u0131blar?\u201d Q\u0131nayanlar is\u0259 h\u0259m ki\u015fil\u0259r, h\u0259m qad\u0131nlard\u0131r. Adam heyr\u0259t\u0259 g\u0259lir \u2013 yax\u015f\u0131, zorlayan\u0131n he\u00e7mi g\u00fcnah\u0131 yoxdu? Y\u0259ni qad\u0131n\u0131n gec\u0259 k\u00fc\u00e7\u0259d\u0259 g\u0259zm\u0259yi, a\u00e7\u0131q geyinm\u0259yi onu zorlama\u011fa \u0259sas verir?\n<\/p>\n<p>\n  Bir q\u0259tlin ad\u0131n\u0131, bir insan\u0131n ba\u015f\u0131n\u0131 k\u0259sm\u0259yin, bo\u011fma\u011f\u0131n, b\u0131\u00e7aqlama\u011f\u0131n ad\u0131 \u201cnamusunu t\u0259mizl\u0259m\u0259k\u201d qoyulursa, bu hal, bu q\u0259tll\u0259ri t\u00f6r\u0259d\u0259n insanlara, onlar\u0131n \u0259m\u0259lin\u0259 veril\u0259n m\u00fcsb\u0259t, t\u0259qdiredici m\u00fcnasib\u0259td\u0259n x\u0259b\u0259r vermirmi?\n<\/p>\n<p>\n  Zorlanm\u0131\u015f, travma alm\u0131\u015f, fiziki v\u0259 m\u0259n\u0259vi \u0259zablar \u00e7\u0259k\u0259n q\u0131zlar\u0131n, qad\u0131nlar\u0131n susmas\u0131, m\u0259ruz qald\u0131\u011f\u0131 v\u0259h\u015filiyi gizl\u0259m\u0259si, susma\u011f\u0131 il\u0259 cinay\u0259tkar\u0131 qorumas\u0131 \u00fc\u00e7\u00fcn h\u0259r \u015feyi edir ictimai r\u0259y. Az\u0259rbaycanda zorlama yegan\u0259 cinay\u0259t n\u00f6v\u00fcd\u00fcr ki, c\u0259zalanan qurbanlar c\u0259zalanan cinay\u0259tkarlardan daha \u00e7ox olur. Buna g\u00f6r\u0259 d\u0259 zorlamalar art\u0131r. C\u0259zas\u0131zl\u0131q, q\u0131na\u011fa daha \u00e7ox qurban\u0131n m\u0259ruz qalaca\u011f\u0131na inamd\u0131r bu cinay\u0259tl\u0259rin say\u0131n\u0131 art\u0131ran.\n<\/p>\n<p>\n  Yaz\u0131n\u0131n \u0259vv\u0259lind\u0259 bar\u0259sind\u0259 dan\u0131\u015fd\u0131\u011f\u0131m q\u0131z zorlamalara, \u015fantaja m\u0259ruz qalanda valideynl\u0259rind\u0259n k\u00f6m\u0259k ist\u0259m\u0259di. Buna g\u00f6r\u0259 d\u0259, qad\u0131n alverinin qurban\u0131 oldu. Zorland\u0131\u011f\u0131n\u0131 anas\u0131na deyib, ondan k\u00f6m\u0259k uman \u018ffsan\u0259 is\u0259 indi qara torpaq alt\u0131nda yat\u0131r. He\u00e7 bilmirs\u0259n, hans\u0131 daha d\u0259h\u015f\u0259tlidir&#8230;He\u00e7 bilmirs\u0259n, hans\u0131 daha pisini edib.\n<\/p>\n<p>\n  Amma \u0259n d\u0259h\u015f\u0259tlisi budur ki, h\u0259r iki halda cinay\u0259tkarlar azadl\u0131qdad\u0131r. \u00c7\u00fcnki ictimai r\u0259yin q\u0131naq, c\u0259za \u00fcnvan\u0131 onlar deyil, qurbanlard\u0131r. \u0130ctimai r\u0259y, \u201cnamus l\u0259k\u0259si\u201d qorxusu imkan vermir ki, qanun, polis, m\u0259hk\u0259m\u0259 o cinay\u0259tkarlar\u0131 c\u0259zaland\u0131rs\u0131n. Ax\u0131 bu \u00f6lk\u0259d\u0259 zorlama cinay\u0259tinin c\u0259zas\u0131n\u0131 n\u0259z\u0259rd\u0259 tutan, cinay\u0259tkara c\u0259za k\u0259s\u0259n qanun da, m\u0259hk\u0259m\u0259 d\u0259 var. Onlar\u0131n i\u015fl\u0259ksizliyi is\u0259 bizim ictimai r\u0259y qorxumuzdur, m\u0259s\u0259l\u0259ni tabula\u015fd\u0131rma\u011f\u0131m\u0131z, he\u00e7 bir g\u00fcnah\u0131m\u0131z olmad\u0131\u011f\u0131 halda utanma\u011f\u0131m\u0131z, susma\u011f\u0131m\u0131z, \u0259n pis halda is\u0259 cinay\u0259tkar\u0131 deyil, qurban\u0131 c\u0259zaland\u0131rma\u011f\u0131m\u0131zd\u0131r.<\/p>\n<p>  V\u0259 balalar\u0131m\u0131z\u0131 \u00f6z \u0259limizl\u0259 \u00f6ld\u00fcrtd\u00fcr\u0259n, cinay\u0259tkar\u0131n c\u0259zas\u0131z g\u0259zm\u0259sin\u0259 r\u0259vac ver\u0259n bu hal\u0131n ad\u0131 \u2013 d\u0259y\u0259r, namus, qeyr\u0259t, t\u0259miz add\u0131r.\n<\/p>\n<p>\n  H\u0259, \u00f6ld\u00fcr\u0259k \u00f6z zorlanan balalar\u0131m\u0131z\u0131. Namusumuzu t\u0259mizl\u0259y\u0259k. H\u0259bsd\u0259 yataq namus \u00fcst\u0259.\n<\/p>\n<p>\n  Cinay\u0259tkar is\u0259 azadl\u0131qda g\u0259zsin. N\u0259 bilm\u0259k olar. B\u0259lk\u0259 yen\u0259 kimis\u0259 zorlama imkan\u0131 oldu. N\u0259 vecin\u0259. Ona c\u0259za ver\u0259n olmayacaq onsuz da&#8230;<\/p>\n","protected":false},"excerpt":{"rendered":"<p>Balalar\u0131m\u0131z\u0131 \u00f6z \u0259limizl\u0259 \u00f6ld\u00fcr\u0259n n\u0259dir?<\/p>\n","protected":false},"author":11,"featured_media":64718,"comment_status":"closed","ping_status":"open","sticky":false,"template":"","format":"standard","meta":{"_acf_changed":false,"_sitemap_exclude":false,"_sitemap_priority":"","_sitemap_frequency":"","footnotes":""},"categories":[57],"tags":[],"class_list":["post-177933","post","type-post","status-publish","format-standard","has-post-thumbnail","hentry","category-menim-fikrimce","infinite-scroll-item","generate-columns","tablet-grid-50","mobile-grid-100","grid-parent","grid-33","no-featured-image-padding"],"acf":[],"yoast_head":"<!-- This site is optimized with the Yoast SEO plugin v27.5 - https:\/\/yoast.com\/product\/yoast-seo-wordpress\/ -->\n<title>&#039;&#039;Namus q\u0259tll\u0259ri&#039;&#039; - MEYDAN.TV<\/title>\n<meta name=\"robots\" content=\"index, follow, max-snippet:-1, max-image-preview:large, max-video-preview:-1\" \/>\n<link rel=\"canonical\" href=\"https:\/\/www.meydan.tv\/az\/article\/namus-qetlleri\/\" \/>\n<meta property=\"og:locale\" content=\"az_AZ\" \/>\n<meta property=\"og:type\" content=\"article\" \/>\n<meta property=\"og:title\" content=\"&#039;&#039;Namus q\u0259tll\u0259ri&#039;&#039; - MEYDAN.TV\" \/>\n<meta property=\"og:description\" content=\"Balalar\u0131m\u0131z\u0131 \u00f6z \u0259limizl\u0259 \u00f6ld\u00fcr\u0259n n\u0259dir?\" \/>\n<meta property=\"og:url\" content=\"https:\/\/www.meydan.tv\/az\/article\/namus-qetlleri\/\" \/>\n<meta property=\"og:site_name\" content=\"MEYDAN.TV\" \/>\n<meta property=\"article:published_time\" content=\"2016-08-05T01:17:04+00:00\" \/>\n<meta property=\"og:image\" content=\"https:\/\/www.meydan.tv\/wp-content\/uploads\/23958.jpg\" \/>\n\t<meta property=\"og:image:width\" content=\"500\" \/>\n\t<meta property=\"og:image:height\" content=\"500\" \/>\n\t<meta property=\"og:image:type\" content=\"image\/jpeg\" \/>\n<meta name=\"author\" content=\"user-manager\" \/>\n<meta name=\"twitter:card\" content=\"summary_large_image\" \/>\n<script type=\"application\/ld+json\" class=\"yoast-schema-graph\">{\"@context\":\"https:\\\/\\\/schema.org\",\"@graph\":[{\"@type\":\"Article\",\"@id\":\"https:\\\/\\\/www.meydan.tv\\\/az\\\/article\\\/namus-qetlleri\\\/#article\",\"isPartOf\":{\"@id\":\"https:\\\/\\\/www.meydan.tv\\\/az\\\/article\\\/namus-qetlleri\\\/\"},\"author\":{\"name\":\"user-manager\",\"@id\":\"https:\\\/\\\/www.meydan.tv\\\/az\\\/#\\\/schema\\\/person\\\/10d11eccf6da3662cf5fdab9806ea91a\"},\"headline\":\"&#8221;Namus q\u0259tll\u0259ri&#8221;\",\"datePublished\":\"2016-08-05T01:17:04+00:00\",\"mainEntityOfPage\":{\"@id\":\"https:\\\/\\\/www.meydan.tv\\\/az\\\/article\\\/namus-qetlleri\\\/\"},\"wordCount\":1134,\"publisher\":{\"@id\":\"https:\\\/\\\/www.meydan.tv\\\/az\\\/#organization\"},\"image\":{\"@id\":\"https:\\\/\\\/www.meydan.tv\\\/az\\\/article\\\/namus-qetlleri\\\/#primaryimage\"},\"thumbnailUrl\":\"https:\\\/\\\/www.meydan.tv\\\/wp-content\\\/uploads\\\/23958.jpg\",\"articleSection\":[\"M\u0259nim Fikrimc\u0259\"],\"inLanguage\":\"az\"},{\"@type\":\"WebPage\",\"@id\":\"https:\\\/\\\/www.meydan.tv\\\/az\\\/article\\\/namus-qetlleri\\\/\",\"url\":\"https:\\\/\\\/www.meydan.tv\\\/az\\\/article\\\/namus-qetlleri\\\/\",\"name\":\"''Namus q\u0259tll\u0259ri'' - MEYDAN.TV\",\"isPartOf\":{\"@id\":\"https:\\\/\\\/www.meydan.tv\\\/az\\\/#website\"},\"primaryImageOfPage\":{\"@id\":\"https:\\\/\\\/www.meydan.tv\\\/az\\\/article\\\/namus-qetlleri\\\/#primaryimage\"},\"image\":{\"@id\":\"https:\\\/\\\/www.meydan.tv\\\/az\\\/article\\\/namus-qetlleri\\\/#primaryimage\"},\"thumbnailUrl\":\"https:\\\/\\\/www.meydan.tv\\\/wp-content\\\/uploads\\\/23958.jpg\",\"datePublished\":\"2016-08-05T01:17:04+00:00\",\"breadcrumb\":{\"@id\":\"https:\\\/\\\/www.meydan.tv\\\/az\\\/article\\\/namus-qetlleri\\\/#breadcrumb\"},\"inLanguage\":\"az\",\"potentialAction\":[{\"@type\":\"ReadAction\",\"target\":[\"https:\\\/\\\/www.meydan.tv\\\/az\\\/article\\\/namus-qetlleri\\\/\"]}]},{\"@type\":\"ImageObject\",\"inLanguage\":\"az\",\"@id\":\"https:\\\/\\\/www.meydan.tv\\\/az\\\/article\\\/namus-qetlleri\\\/#primaryimage\",\"url\":\"https:\\\/\\\/www.meydan.tv\\\/wp-content\\\/uploads\\\/23958.jpg\",\"contentUrl\":\"https:\\\/\\\/www.meydan.tv\\\/wp-content\\\/uploads\\\/23958.jpg\",\"width\":500,\"height\":500,\"caption\":\"Source:\"},{\"@type\":\"BreadcrumbList\",\"@id\":\"https:\\\/\\\/www.meydan.tv\\\/az\\\/article\\\/namus-qetlleri\\\/#breadcrumb\",\"itemListElement\":[{\"@type\":\"ListItem\",\"position\":1,\"name\":\"Ana s\u0259hif\u0259\",\"item\":\"https:\\\/\\\/www.meydan.tv\\\/az\\\/\"},{\"@type\":\"ListItem\",\"position\":2,\"name\":\"M\u0259nim Fikrimc\u0259\",\"item\":\"https:\\\/\\\/www.meydan.tv\\\/az\\\/section\\\/menim-fikrimce\\\/\"},{\"@type\":\"ListItem\",\"position\":3,\"name\":\"&#8221;Namus q\u0259tll\u0259ri&#8221;\"}]},{\"@type\":\"WebSite\",\"@id\":\"https:\\\/\\\/www.meydan.tv\\\/az\\\/#website\",\"url\":\"https:\\\/\\\/www.meydan.tv\\\/az\\\/\",\"name\":\"MEYDAN.TV\",\"description\":\"Meydan TV Az\u0259rbaycan\u0131n media m\u0259kan\u0131ndak\u0131 alternativ s\u0259sidir\",\"publisher\":{\"@id\":\"https:\\\/\\\/www.meydan.tv\\\/az\\\/#organization\"},\"potentialAction\":[{\"@type\":\"SearchAction\",\"target\":{\"@type\":\"EntryPoint\",\"urlTemplate\":\"https:\\\/\\\/www.meydan.tv\\\/az\\\/?s={search_term_string}\"},\"query-input\":{\"@type\":\"PropertyValueSpecification\",\"valueRequired\":true,\"valueName\":\"search_term_string\"}}],\"inLanguage\":\"az\"},{\"@type\":\"Organization\",\"@id\":\"https:\\\/\\\/www.meydan.tv\\\/az\\\/#organization\",\"name\":\"Meydan TV\",\"url\":\"https:\\\/\\\/www.meydan.tv\\\/az\\\/\",\"logo\":{\"@type\":\"ImageObject\",\"inLanguage\":\"az\",\"@id\":\"https:\\\/\\\/www.meydan.tv\\\/az\\\/#\\\/schema\\\/logo\\\/image\\\/\",\"url\":\"https:\\\/\\\/www.meydan.tv\\\/wp-content\\\/uploads\\\/2021\\\/07\\\/meydan-logo.svg\",\"contentUrl\":\"https:\\\/\\\/www.meydan.tv\\\/wp-content\\\/uploads\\\/2021\\\/07\\\/meydan-logo.svg\",\"width\":195,\"height\":46,\"caption\":\"Meydan TV\"},\"image\":{\"@id\":\"https:\\\/\\\/www.meydan.tv\\\/az\\\/#\\\/schema\\\/logo\\\/image\\\/\"}},{\"@type\":\"Person\",\"@id\":\"https:\\\/\\\/www.meydan.tv\\\/az\\\/#\\\/schema\\\/person\\\/10d11eccf6da3662cf5fdab9806ea91a\",\"name\":\"user-manager\"}]}<\/script>\n<!-- \/ Yoast SEO plugin. -->","yoast_head_json":{"title":"''Namus q\u0259tll\u0259ri'' - MEYDAN.TV","robots":{"index":"index","follow":"follow","max-snippet":"max-snippet:-1","max-image-preview":"max-image-preview:large","max-video-preview":"max-video-preview:-1"},"canonical":"https:\/\/www.meydan.tv\/az\/article\/namus-qetlleri\/","og_locale":"az_AZ","og_type":"article","og_title":"''Namus q\u0259tll\u0259ri'' - MEYDAN.TV","og_description":"Balalar\u0131m\u0131z\u0131 \u00f6z \u0259limizl\u0259 \u00f6ld\u00fcr\u0259n n\u0259dir?","og_url":"https:\/\/www.meydan.tv\/az\/article\/namus-qetlleri\/","og_site_name":"MEYDAN.TV","article_published_time":"2016-08-05T01:17:04+00:00","og_image":[{"width":500,"height":500,"url":"https:\/\/www.meydan.tv\/wp-content\/uploads\/23958.jpg","type":"image\/jpeg"}],"author":"user-manager","twitter_card":"summary_large_image","schema":{"@context":"https:\/\/schema.org","@graph":[{"@type":"Article","@id":"https:\/\/www.meydan.tv\/az\/article\/namus-qetlleri\/#article","isPartOf":{"@id":"https:\/\/www.meydan.tv\/az\/article\/namus-qetlleri\/"},"author":{"name":"user-manager","@id":"https:\/\/www.meydan.tv\/az\/#\/schema\/person\/10d11eccf6da3662cf5fdab9806ea91a"},"headline":"&#8221;Namus q\u0259tll\u0259ri&#8221;","datePublished":"2016-08-05T01:17:04+00:00","mainEntityOfPage":{"@id":"https:\/\/www.meydan.tv\/az\/article\/namus-qetlleri\/"},"wordCount":1134,"publisher":{"@id":"https:\/\/www.meydan.tv\/az\/#organization"},"image":{"@id":"https:\/\/www.meydan.tv\/az\/article\/namus-qetlleri\/#primaryimage"},"thumbnailUrl":"https:\/\/www.meydan.tv\/wp-content\/uploads\/23958.jpg","articleSection":["M\u0259nim Fikrimc\u0259"],"inLanguage":"az"},{"@type":"WebPage","@id":"https:\/\/www.meydan.tv\/az\/article\/namus-qetlleri\/","url":"https:\/\/www.meydan.tv\/az\/article\/namus-qetlleri\/","name":"''Namus q\u0259tll\u0259ri'' - MEYDAN.TV","isPartOf":{"@id":"https:\/\/www.meydan.tv\/az\/#website"},"primaryImageOfPage":{"@id":"https:\/\/www.meydan.tv\/az\/article\/namus-qetlleri\/#primaryimage"},"image":{"@id":"https:\/\/www.meydan.tv\/az\/article\/namus-qetlleri\/#primaryimage"},"thumbnailUrl":"https:\/\/www.meydan.tv\/wp-content\/uploads\/23958.jpg","datePublished":"2016-08-05T01:17:04+00:00","breadcrumb":{"@id":"https:\/\/www.meydan.tv\/az\/article\/namus-qetlleri\/#breadcrumb"},"inLanguage":"az","potentialAction":[{"@type":"ReadAction","target":["https:\/\/www.meydan.tv\/az\/article\/namus-qetlleri\/"]}]},{"@type":"ImageObject","inLanguage":"az","@id":"https:\/\/www.meydan.tv\/az\/article\/namus-qetlleri\/#primaryimage","url":"https:\/\/www.meydan.tv\/wp-content\/uploads\/23958.jpg","contentUrl":"https:\/\/www.meydan.tv\/wp-content\/uploads\/23958.jpg","width":500,"height":500,"caption":"Source:"},{"@type":"BreadcrumbList","@id":"https:\/\/www.meydan.tv\/az\/article\/namus-qetlleri\/#breadcrumb","itemListElement":[{"@type":"ListItem","position":1,"name":"Ana s\u0259hif\u0259","item":"https:\/\/www.meydan.tv\/az\/"},{"@type":"ListItem","position":2,"name":"M\u0259nim Fikrimc\u0259","item":"https:\/\/www.meydan.tv\/az\/section\/menim-fikrimce\/"},{"@type":"ListItem","position":3,"name":"&#8221;Namus q\u0259tll\u0259ri&#8221;"}]},{"@type":"WebSite","@id":"https:\/\/www.meydan.tv\/az\/#website","url":"https:\/\/www.meydan.tv\/az\/","name":"MEYDAN.TV","description":"Meydan TV Az\u0259rbaycan\u0131n media m\u0259kan\u0131ndak\u0131 alternativ s\u0259sidir","publisher":{"@id":"https:\/\/www.meydan.tv\/az\/#organization"},"potentialAction":[{"@type":"SearchAction","target":{"@type":"EntryPoint","urlTemplate":"https:\/\/www.meydan.tv\/az\/?s={search_term_string}"},"query-input":{"@type":"PropertyValueSpecification","valueRequired":true,"valueName":"search_term_string"}}],"inLanguage":"az"},{"@type":"Organization","@id":"https:\/\/www.meydan.tv\/az\/#organization","name":"Meydan TV","url":"https:\/\/www.meydan.tv\/az\/","logo":{"@type":"ImageObject","inLanguage":"az","@id":"https:\/\/www.meydan.tv\/az\/#\/schema\/logo\/image\/","url":"https:\/\/www.meydan.tv\/wp-content\/uploads\/2021\/07\/meydan-logo.svg","contentUrl":"https:\/\/www.meydan.tv\/wp-content\/uploads\/2021\/07\/meydan-logo.svg","width":195,"height":46,"caption":"Meydan TV"},"image":{"@id":"https:\/\/www.meydan.tv\/az\/#\/schema\/logo\/image\/"}},{"@type":"Person","@id":"https:\/\/www.meydan.tv\/az\/#\/schema\/person\/10d11eccf6da3662cf5fdab9806ea91a","name":"user-manager"}]}},"_links":{"self":[{"href":"https:\/\/www.meydan.tv\/az\/wp-json\/wp\/v2\/posts\/177933","targetHints":{"allow":["GET"]}}],"collection":[{"href":"https:\/\/www.meydan.tv\/az\/wp-json\/wp\/v2\/posts"}],"about":[{"href":"https:\/\/www.meydan.tv\/az\/wp-json\/wp\/v2\/types\/post"}],"author":[{"embeddable":true,"href":"https:\/\/www.meydan.tv\/az\/wp-json\/wp\/v2\/users\/11"}],"replies":[{"embeddable":true,"href":"https:\/\/www.meydan.tv\/az\/wp-json\/wp\/v2\/comments?post=177933"}],"version-history":[{"count":0,"href":"https:\/\/www.meydan.tv\/az\/wp-json\/wp\/v2\/posts\/177933\/revisions"}],"wp:featuredmedia":[{"embeddable":true,"href":"https:\/\/www.meydan.tv\/az\/wp-json\/wp\/v2\/media\/64718"}],"wp:attachment":[{"href":"https:\/\/www.meydan.tv\/az\/wp-json\/wp\/v2\/media?parent=177933"}],"wp:term":[{"taxonomy":"category","embeddable":true,"href":"https:\/\/www.meydan.tv\/az\/wp-json\/wp\/v2\/categories?post=177933"},{"taxonomy":"post_tag","embeddable":true,"href":"https:\/\/www.meydan.tv\/az\/wp-json\/wp\/v2\/tags?post=177933"}],"curies":[{"name":"wp","href":"https:\/\/api.w.org\/{rel}","templated":true}]}}