{"id":177896,"date":"2016-08-03T18:31:36","date_gmt":"2016-08-03T18:31:36","guid":{"rendered":"https:\/\/www.meydan.tv\/article\/receb-tayyib-erdogan-socar-rehberini-qebul-edib\/"},"modified":"2016-08-03T18:31:36","modified_gmt":"2016-08-03T18:31:36","slug":"receb-tayyib-erdogan-socar-rehberini-qebul-edib","status":"publish","type":"post","link":"https:\/\/www.meydan.tv\/az\/article\/receb-tayyib-erdogan-socar-rehberini-qebul-edib\/","title":{"rendered":"R\u0259c\u0259b Tayyib \u018frdo\u011fan SOCAR r\u0259hb\u0259rini q\u0259bul edib"},"content":{"rendered":"<figure class=\"wp-block-image size-large\">\n  <img decoding=\"async\" src=\"https:\/\/www.meydan.tv\/az\/rovneq-abdullayev-9\/\" alt=\"R\u00f6vn\u0259q Abdullayev\" class=\"wp-image-64622\"\/><figcaption>\n    R\u00f6vn\u0259q Abdullayev<br \/>\n  <\/figcaption><\/figure>\n<figure class=\"wp-block-image size-large\">\n  <img decoding=\"async\" src=\"https:\/\/www.meydan.tv\/az\/rovneq-abdullayev-9\/\" alt=\"R\u00f6vn\u0259q Abdullayev\" class=\"wp-image-64622\"\/><figcaption>\n    R\u00f6vn\u0259q Abdullayev<br \/>\n  <\/figcaption><\/figure>\n<p>\n  <i><br \/>\n    Elxan \u015eahino\u011flu: \u015e\u00fcbh\u0259 etmir\u0259m ki, T\u00fcrkiy\u0259d\u0259 R\u00f6vn\u0259q Abdullayev\u0259 ciddi mesajlar verilib<br \/>\n  <\/i>\n<\/p>\n<p>\n  SOCAR-\u0131n prezidenti R\u00f6vn\u0259q Abdullayev avqustun 2-d\u0259 Ankarada Beyn\u0259lxalq \u0130nvestorlarla Y\u00fcks\u0259k S\u0259viyy\u0259li \u0130qtisadi Dialoq toplant\u0131s\u0131nda i\u015ftirak edib.\n<\/p>\n<p>\n  &#8220;Trend&#8221; SOCAR-\u0131n m\u0259tbuat xidm\u0259tin\u0259 istinad\u0259n x\u0259b\u0259r verir ki, toplant\u0131dan sonra T\u00fcrkiy\u0259 prezidenti R\u0259c\u0259b Tayyib \u018frdo\u011fan SOCAR r\u0259hb\u0259rini q\u0259bul edib.\n<\/p>\n<p>\n  T\u00fcrkiy\u0259 v\u0259 Az\u0259rbaycan aras\u0131nda strateji dostluq v\u0259 \u0259m\u0259kda\u015fl\u0131q m\u00fcnasib\u0259tl\u0259rinin y\u00fcks\u0259k s\u0259viyy\u0259d\u0259 inki\u015faf etdiyini vur\u011fulayan d\u00f6vl\u0259t ba\u015f\u00e7\u0131s\u0131 SOCAR-\u0131n T\u00fcrkiy\u0259d\u0259 h\u0259yata ke\u00e7irdiyi layih\u0259l\u0259rin iki qarda\u015f \u00f6lk\u0259nin iqtisadi inki\u015faf\u0131na m\u00fch\u00fcm t\u00f6hf\u0259 verdiyini qeyd edib.\n<\/p>\n<p>\n  Layih\u0259l\u0259rin icras\u0131 \u00fczr\u0259 i\u015fl\u0259rin gedi\u015fi il\u0259 maraqlanan T\u00fcrkiy\u0259 prezidenti SOCAR-\u0131n f\u0259aliyy\u0259tinin d\u0259st\u0259kl\u0259ndiyini bildirib, yat\u0131r\u0131mlar\u0131n\u0131n \u0259h\u0259miyy\u0259tini qeyd edib v\u0259 f\u0259aliiy\u0259tl\u0259rin bundan sonra da y\u00fcks\u0259l\u0259n x\u0259ttl\u0259 inki\u015faf ed\u0259c\u0259yin\u0259 \u0259min oldu\u011funu vur\u011fulay\u0131b.\n<\/p>\n<p>\n  SOCAR prezidenti R\u00f6vn\u0259q Abdullayev \u015firk\u0259tin f\u0259aliyy\u0259tin\u0259 veril\u0259n d\u0259st\u0259k \u00fc\u00e7\u00fcn t\u0259\u015f\u0259kk\u00fcr\u00fcn\u00fc bildirib, b\u00fct\u00fcn layih\u0259l\u0259rin qrafik\u0259 uy\u011fun \u015f\u0259kild\u0259 davam etdiyini s\u00f6yl\u0259yib, T\u00fcrkiy\u0259 prezidentini \u0259min edib ki, SOCAR h\u0259yata ke\u00e7irdiyi b\u00fct\u00fcn layih\u0259l\u0259ri vaxt\u0131nda v\u0259 y\u00fcks\u0259k keyfiyy\u0259tl\u0259 ba\u015fa \u00e7atd\u0131racaq.\n<\/p>\n<p>\n  SOCAR prezidentinin T\u00fcrkiy\u0259 s\u0259f\u0259rini t\u0259hlil ed\u0259n &#8220;Atlas&#8221; Ara\u015fd\u0131rmalar M\u0259rk\u0259zinin r\u0259hb\u0259ri Elxan \u015eahino\u011flu hesab edir ki, R\u00f6vn\u0259q Abdullayevin bud\u0259f\u0259ki s\u0259f\u0259ri onun ke\u00e7mi\u015f s\u0259f\u0259rl\u0259rind\u0259n xeyli f\u0259rql\u0259nir. \u015e\u0259rh\u00e7i bu bar\u0259d\u0259 \u00f6z Facebook s\u0259hif\u0259sind\u0259 yaz\u0131b:\n<\/p>\n<p>\n  &#8220;Birincisi, bu h\u0259rbi \u00e7evrili\u015f\u0259 c\u0259hdd\u0259n sonra Az\u0259rbaycan r\u0259smil\u0259rind\u0259n bir kims\u0259nin T\u00fcrkiy\u0259y\u0259 ilk r\u0259smi s\u0259f\u0259ridir. \u0130kincisi, SOCAR-\u0131n T\u00fcrkiy\u0259d\u0259ki b\u00fct\u00fcn r\u0259hb\u0259r hey\u0259ti v\u0259 \u0259n b\u00f6y\u00fck investisiya yat\u0131rd\u0131\u011f\u0131 \u015firk\u0259tin r\u0259hb\u0259rl\u0259ri h\u0259bs olunublar. Bu da s\u0131radan hadis\u0259 deyil. Do\u011frudur, R\u00f6vn\u0259q Abdullayevl\u0259 g\u00f6r\u00fc\u015fd\u0259 T\u00fcrkiy\u0259nin enerji naziri v\u0259 prezident \u018frdo\u011fan\u0131n k\u00fcr\u0259k\u0259ni Berat Albayrak PETK\u0130M-d\u0259 apar\u0131lan yoxlamalar\u0131n SOCAR-la \u0259laq\u0259sinin olmad\u0131\u011f\u0131n\u0131 deyib, \u018frdo\u011fan\u0131n \u00f6z\u00fc is\u0259 SOCAR-\u0131n f\u0259aliyy\u0259tini d\u0259st\u0259kl\u0259diyini s\u00f6yl\u0259yib. Ancaq bunlar diplomatik ifad\u0259l\u0259rdir v\u0259 sad\u0259c\u0259 m\u0259tbuat \u00fc\u00e7\u00fcnd\u00fcr.\n<\/p>\n<p>\n  \u015e\u00fcbh\u0259 etmir\u0259m ki, T\u00fcrkiy\u0259d\u0259ki g\u00f6r\u00fc\u015fl\u0259rd\u0259 R\u00f6vn\u0259q Abdullayev\u0259 ciddi mesajlar verilib, t\u00fcrkiy\u0259li r\u0259smil\u0259r v\u0259 diplomatlar \u0259sas fikirl\u0259rini v\u0259 mesajlar\u0131n\u0131 s\u0259tiralt\u0131 ifad\u0259l\u0259rl\u0259 \u00e7atd\u0131r\u0131rlar. Onlar s\u00f6z oynatmaqda ustad\u0131rlar. R\u00f6vn\u0259q Abdullayev bu d\u0259f\u0259 d\u0259 T\u00fcrkiy\u0259d\u0259 ona veril\u0259n mesajlara \u0259h\u0259miyy\u0259t verm\u0259s\u0259, t\u00fcrkiy\u0259li r\u0259smil\u0259rin he\u00e7 bir m\u0259na ifad\u0259 etm\u0259y\u0259n &#8220;g\u00fcll\u00fck, g\u00fcl\u00fcstanl\u0131q&#8221; a\u00e7\u0131qlamalar\u0131n\u0131 \u0259sas tutsa, yax\u0131n perspektivd\u0259 SOCAR-\u0131n ad\u0131 yen\u0259 G\u00fcl\u0259n \u015f\u0259b\u0259k\u0259si il\u0259 birg\u0259 \u00e7\u0259kil\u0259c\u0259k&#8221;.<\/p>\n","protected":false},"excerpt":{"rendered":"<p>Elxan \u015eahino\u011flu: \u015e\u00fcbh\u0259 etmir\u0259m ki, T\u00fcrkiy\u0259d\u0259 R\u00f6vn\u0259q Abdullayev\u0259 ciddi mesajlar verilib<\/p>\n","protected":false},"author":11,"featured_media":64622,"comment_status":"closed","ping_status":"open","sticky":false,"template":"","format":"standard","meta":{"_acf_changed":false,"_sitemap_exclude":false,"_sitemap_priority":"","_sitemap_frequency":"","footnotes":""},"categories":[51],"tags":[],"class_list":["post-177896","post","type-post","status-publish","format-standard","has-post-thumbnail","hentry","category-analitika","infinite-scroll-item","generate-columns","tablet-grid-50","mobile-grid-100","grid-parent","grid-33","no-featured-image-padding"],"acf":[],"yoast_head":"<!-- This site is optimized with the Yoast SEO plugin v27.5 - https:\/\/yoast.com\/product\/yoast-seo-wordpress\/ -->\n<title>R\u0259c\u0259b Tayyib \u018frdo\u011fan SOCAR r\u0259hb\u0259rini q\u0259bul edib - MEYDAN.TV<\/title>\n<meta name=\"robots\" content=\"index, follow, max-snippet:-1, max-image-preview:large, max-video-preview:-1\" \/>\n<link rel=\"canonical\" href=\"https:\/\/www.meydan.tv\/az\/article\/receb-tayyib-erdogan-socar-rehberini-qebul-edib\/\" \/>\n<meta property=\"og:locale\" content=\"az_AZ\" \/>\n<meta property=\"og:type\" content=\"article\" \/>\n<meta property=\"og:title\" content=\"R\u0259c\u0259b Tayyib \u018frdo\u011fan SOCAR r\u0259hb\u0259rini q\u0259bul edib - MEYDAN.TV\" \/>\n<meta property=\"og:description\" content=\"Elxan \u015eahino\u011flu: \u015e\u00fcbh\u0259 etmir\u0259m ki, T\u00fcrkiy\u0259d\u0259 R\u00f6vn\u0259q Abdullayev\u0259 ciddi mesajlar verilib\" \/>\n<meta property=\"og:url\" content=\"https:\/\/www.meydan.tv\/az\/article\/receb-tayyib-erdogan-socar-rehberini-qebul-edib\/\" \/>\n<meta property=\"og:site_name\" content=\"MEYDAN.TV\" \/>\n<meta property=\"article:published_time\" content=\"2016-08-03T18:31:36+00:00\" \/>\n<meta property=\"og:image\" content=\"https:\/\/www.meydan.tv\/wp-content\/uploads\/24653.jpg\" \/>\n\t<meta property=\"og:image:width\" content=\"600\" \/>\n\t<meta property=\"og:image:height\" content=\"440\" \/>\n\t<meta property=\"og:image:type\" content=\"image\/jpeg\" \/>\n<meta name=\"author\" content=\"user-manager\" \/>\n<meta name=\"twitter:card\" content=\"summary_large_image\" \/>\n<script type=\"application\/ld+json\" class=\"yoast-schema-graph\">{\"@context\":\"https:\\\/\\\/schema.org\",\"@graph\":[{\"@type\":\"Article\",\"@id\":\"https:\\\/\\\/www.meydan.tv\\\/az\\\/article\\\/receb-tayyib-erdogan-socar-rehberini-qebul-edib\\\/#article\",\"isPartOf\":{\"@id\":\"https:\\\/\\\/www.meydan.tv\\\/az\\\/article\\\/receb-tayyib-erdogan-socar-rehberini-qebul-edib\\\/\"},\"author\":{\"name\":\"user-manager\",\"@id\":\"https:\\\/\\\/www.meydan.tv\\\/az\\\/#\\\/schema\\\/person\\\/10d11eccf6da3662cf5fdab9806ea91a\"},\"headline\":\"R\u0259c\u0259b Tayyib \u018frdo\u011fan SOCAR r\u0259hb\u0259rini q\u0259bul edib\",\"datePublished\":\"2016-08-03T18:31:36+00:00\",\"mainEntityOfPage\":{\"@id\":\"https:\\\/\\\/www.meydan.tv\\\/az\\\/article\\\/receb-tayyib-erdogan-socar-rehberini-qebul-edib\\\/\"},\"wordCount\":590,\"publisher\":{\"@id\":\"https:\\\/\\\/www.meydan.tv\\\/az\\\/#organization\"},\"image\":{\"@id\":\"https:\\\/\\\/www.meydan.tv\\\/az\\\/article\\\/receb-tayyib-erdogan-socar-rehberini-qebul-edib\\\/#primaryimage\"},\"thumbnailUrl\":\"https:\\\/\\\/www.meydan.tv\\\/wp-content\\\/uploads\\\/24653.jpg\",\"articleSection\":[\"Analitika\"],\"inLanguage\":\"az\"},{\"@type\":\"WebPage\",\"@id\":\"https:\\\/\\\/www.meydan.tv\\\/az\\\/article\\\/receb-tayyib-erdogan-socar-rehberini-qebul-edib\\\/\",\"url\":\"https:\\\/\\\/www.meydan.tv\\\/az\\\/article\\\/receb-tayyib-erdogan-socar-rehberini-qebul-edib\\\/\",\"name\":\"R\u0259c\u0259b Tayyib \u018frdo\u011fan SOCAR r\u0259hb\u0259rini q\u0259bul edib - MEYDAN.TV\",\"isPartOf\":{\"@id\":\"https:\\\/\\\/www.meydan.tv\\\/az\\\/#website\"},\"primaryImageOfPage\":{\"@id\":\"https:\\\/\\\/www.meydan.tv\\\/az\\\/article\\\/receb-tayyib-erdogan-socar-rehberini-qebul-edib\\\/#primaryimage\"},\"image\":{\"@id\":\"https:\\\/\\\/www.meydan.tv\\\/az\\\/article\\\/receb-tayyib-erdogan-socar-rehberini-qebul-edib\\\/#primaryimage\"},\"thumbnailUrl\":\"https:\\\/\\\/www.meydan.tv\\\/wp-content\\\/uploads\\\/24653.jpg\",\"datePublished\":\"2016-08-03T18:31:36+00:00\",\"breadcrumb\":{\"@id\":\"https:\\\/\\\/www.meydan.tv\\\/az\\\/article\\\/receb-tayyib-erdogan-socar-rehberini-qebul-edib\\\/#breadcrumb\"},\"inLanguage\":\"az\",\"potentialAction\":[{\"@type\":\"ReadAction\",\"target\":[\"https:\\\/\\\/www.meydan.tv\\\/az\\\/article\\\/receb-tayyib-erdogan-socar-rehberini-qebul-edib\\\/\"]}]},{\"@type\":\"ImageObject\",\"inLanguage\":\"az\",\"@id\":\"https:\\\/\\\/www.meydan.tv\\\/az\\\/article\\\/receb-tayyib-erdogan-socar-rehberini-qebul-edib\\\/#primaryimage\",\"url\":\"https:\\\/\\\/www.meydan.tv\\\/wp-content\\\/uploads\\\/24653.jpg\",\"contentUrl\":\"https:\\\/\\\/www.meydan.tv\\\/wp-content\\\/uploads\\\/24653.jpg\",\"width\":600,\"height\":440,\"caption\":\"Source:\"},{\"@type\":\"BreadcrumbList\",\"@id\":\"https:\\\/\\\/www.meydan.tv\\\/az\\\/article\\\/receb-tayyib-erdogan-socar-rehberini-qebul-edib\\\/#breadcrumb\",\"itemListElement\":[{\"@type\":\"ListItem\",\"position\":1,\"name\":\"Ana s\u0259hif\u0259\",\"item\":\"https:\\\/\\\/www.meydan.tv\\\/az\\\/\"},{\"@type\":\"ListItem\",\"position\":2,\"name\":\"Analitika\",\"item\":\"https:\\\/\\\/www.meydan.tv\\\/az\\\/section\\\/analitika\\\/\"},{\"@type\":\"ListItem\",\"position\":3,\"name\":\"R\u0259c\u0259b Tayyib \u018frdo\u011fan SOCAR r\u0259hb\u0259rini q\u0259bul edib\"}]},{\"@type\":\"WebSite\",\"@id\":\"https:\\\/\\\/www.meydan.tv\\\/az\\\/#website\",\"url\":\"https:\\\/\\\/www.meydan.tv\\\/az\\\/\",\"name\":\"MEYDAN.TV\",\"description\":\"Meydan TV Az\u0259rbaycan\u0131n media m\u0259kan\u0131ndak\u0131 alternativ s\u0259sidir\",\"publisher\":{\"@id\":\"https:\\\/\\\/www.meydan.tv\\\/az\\\/#organization\"},\"potentialAction\":[{\"@type\":\"SearchAction\",\"target\":{\"@type\":\"EntryPoint\",\"urlTemplate\":\"https:\\\/\\\/www.meydan.tv\\\/az\\\/?s={search_term_string}\"},\"query-input\":{\"@type\":\"PropertyValueSpecification\",\"valueRequired\":true,\"valueName\":\"search_term_string\"}}],\"inLanguage\":\"az\"},{\"@type\":\"Organization\",\"@id\":\"https:\\\/\\\/www.meydan.tv\\\/az\\\/#organization\",\"name\":\"Meydan TV\",\"url\":\"https:\\\/\\\/www.meydan.tv\\\/az\\\/\",\"logo\":{\"@type\":\"ImageObject\",\"inLanguage\":\"az\",\"@id\":\"https:\\\/\\\/www.meydan.tv\\\/az\\\/#\\\/schema\\\/logo\\\/image\\\/\",\"url\":\"https:\\\/\\\/www.meydan.tv\\\/wp-content\\\/uploads\\\/2021\\\/07\\\/meydan-logo.svg\",\"contentUrl\":\"https:\\\/\\\/www.meydan.tv\\\/wp-content\\\/uploads\\\/2021\\\/07\\\/meydan-logo.svg\",\"width\":195,\"height\":46,\"caption\":\"Meydan TV\"},\"image\":{\"@id\":\"https:\\\/\\\/www.meydan.tv\\\/az\\\/#\\\/schema\\\/logo\\\/image\\\/\"}},{\"@type\":\"Person\",\"@id\":\"https:\\\/\\\/www.meydan.tv\\\/az\\\/#\\\/schema\\\/person\\\/10d11eccf6da3662cf5fdab9806ea91a\",\"name\":\"user-manager\"}]}<\/script>\n<!-- \/ Yoast SEO plugin. -->","yoast_head_json":{"title":"R\u0259c\u0259b Tayyib \u018frdo\u011fan SOCAR r\u0259hb\u0259rini q\u0259bul edib - MEYDAN.TV","robots":{"index":"index","follow":"follow","max-snippet":"max-snippet:-1","max-image-preview":"max-image-preview:large","max-video-preview":"max-video-preview:-1"},"canonical":"https:\/\/www.meydan.tv\/az\/article\/receb-tayyib-erdogan-socar-rehberini-qebul-edib\/","og_locale":"az_AZ","og_type":"article","og_title":"R\u0259c\u0259b Tayyib \u018frdo\u011fan SOCAR r\u0259hb\u0259rini q\u0259bul edib - MEYDAN.TV","og_description":"Elxan \u015eahino\u011flu: \u015e\u00fcbh\u0259 etmir\u0259m ki, T\u00fcrkiy\u0259d\u0259 R\u00f6vn\u0259q Abdullayev\u0259 ciddi mesajlar verilib","og_url":"https:\/\/www.meydan.tv\/az\/article\/receb-tayyib-erdogan-socar-rehberini-qebul-edib\/","og_site_name":"MEYDAN.TV","article_published_time":"2016-08-03T18:31:36+00:00","og_image":[{"width":600,"height":440,"url":"https:\/\/www.meydan.tv\/wp-content\/uploads\/24653.jpg","type":"image\/jpeg"}],"author":"user-manager","twitter_card":"summary_large_image","schema":{"@context":"https:\/\/schema.org","@graph":[{"@type":"Article","@id":"https:\/\/www.meydan.tv\/az\/article\/receb-tayyib-erdogan-socar-rehberini-qebul-edib\/#article","isPartOf":{"@id":"https:\/\/www.meydan.tv\/az\/article\/receb-tayyib-erdogan-socar-rehberini-qebul-edib\/"},"author":{"name":"user-manager","@id":"https:\/\/www.meydan.tv\/az\/#\/schema\/person\/10d11eccf6da3662cf5fdab9806ea91a"},"headline":"R\u0259c\u0259b Tayyib \u018frdo\u011fan SOCAR r\u0259hb\u0259rini q\u0259bul edib","datePublished":"2016-08-03T18:31:36+00:00","mainEntityOfPage":{"@id":"https:\/\/www.meydan.tv\/az\/article\/receb-tayyib-erdogan-socar-rehberini-qebul-edib\/"},"wordCount":590,"publisher":{"@id":"https:\/\/www.meydan.tv\/az\/#organization"},"image":{"@id":"https:\/\/www.meydan.tv\/az\/article\/receb-tayyib-erdogan-socar-rehberini-qebul-edib\/#primaryimage"},"thumbnailUrl":"https:\/\/www.meydan.tv\/wp-content\/uploads\/24653.jpg","articleSection":["Analitika"],"inLanguage":"az"},{"@type":"WebPage","@id":"https:\/\/www.meydan.tv\/az\/article\/receb-tayyib-erdogan-socar-rehberini-qebul-edib\/","url":"https:\/\/www.meydan.tv\/az\/article\/receb-tayyib-erdogan-socar-rehberini-qebul-edib\/","name":"R\u0259c\u0259b Tayyib \u018frdo\u011fan SOCAR r\u0259hb\u0259rini q\u0259bul edib - MEYDAN.TV","isPartOf":{"@id":"https:\/\/www.meydan.tv\/az\/#website"},"primaryImageOfPage":{"@id":"https:\/\/www.meydan.tv\/az\/article\/receb-tayyib-erdogan-socar-rehberini-qebul-edib\/#primaryimage"},"image":{"@id":"https:\/\/www.meydan.tv\/az\/article\/receb-tayyib-erdogan-socar-rehberini-qebul-edib\/#primaryimage"},"thumbnailUrl":"https:\/\/www.meydan.tv\/wp-content\/uploads\/24653.jpg","datePublished":"2016-08-03T18:31:36+00:00","breadcrumb":{"@id":"https:\/\/www.meydan.tv\/az\/article\/receb-tayyib-erdogan-socar-rehberini-qebul-edib\/#breadcrumb"},"inLanguage":"az","potentialAction":[{"@type":"ReadAction","target":["https:\/\/www.meydan.tv\/az\/article\/receb-tayyib-erdogan-socar-rehberini-qebul-edib\/"]}]},{"@type":"ImageObject","inLanguage":"az","@id":"https:\/\/www.meydan.tv\/az\/article\/receb-tayyib-erdogan-socar-rehberini-qebul-edib\/#primaryimage","url":"https:\/\/www.meydan.tv\/wp-content\/uploads\/24653.jpg","contentUrl":"https:\/\/www.meydan.tv\/wp-content\/uploads\/24653.jpg","width":600,"height":440,"caption":"Source:"},{"@type":"BreadcrumbList","@id":"https:\/\/www.meydan.tv\/az\/article\/receb-tayyib-erdogan-socar-rehberini-qebul-edib\/#breadcrumb","itemListElement":[{"@type":"ListItem","position":1,"name":"Ana s\u0259hif\u0259","item":"https:\/\/www.meydan.tv\/az\/"},{"@type":"ListItem","position":2,"name":"Analitika","item":"https:\/\/www.meydan.tv\/az\/section\/analitika\/"},{"@type":"ListItem","position":3,"name":"R\u0259c\u0259b Tayyib \u018frdo\u011fan SOCAR r\u0259hb\u0259rini q\u0259bul edib"}]},{"@type":"WebSite","@id":"https:\/\/www.meydan.tv\/az\/#website","url":"https:\/\/www.meydan.tv\/az\/","name":"MEYDAN.TV","description":"Meydan TV Az\u0259rbaycan\u0131n media m\u0259kan\u0131ndak\u0131 alternativ s\u0259sidir","publisher":{"@id":"https:\/\/www.meydan.tv\/az\/#organization"},"potentialAction":[{"@type":"SearchAction","target":{"@type":"EntryPoint","urlTemplate":"https:\/\/www.meydan.tv\/az\/?s={search_term_string}"},"query-input":{"@type":"PropertyValueSpecification","valueRequired":true,"valueName":"search_term_string"}}],"inLanguage":"az"},{"@type":"Organization","@id":"https:\/\/www.meydan.tv\/az\/#organization","name":"Meydan TV","url":"https:\/\/www.meydan.tv\/az\/","logo":{"@type":"ImageObject","inLanguage":"az","@id":"https:\/\/www.meydan.tv\/az\/#\/schema\/logo\/image\/","url":"https:\/\/www.meydan.tv\/wp-content\/uploads\/2021\/07\/meydan-logo.svg","contentUrl":"https:\/\/www.meydan.tv\/wp-content\/uploads\/2021\/07\/meydan-logo.svg","width":195,"height":46,"caption":"Meydan TV"},"image":{"@id":"https:\/\/www.meydan.tv\/az\/#\/schema\/logo\/image\/"}},{"@type":"Person","@id":"https:\/\/www.meydan.tv\/az\/#\/schema\/person\/10d11eccf6da3662cf5fdab9806ea91a","name":"user-manager"}]}},"_links":{"self":[{"href":"https:\/\/www.meydan.tv\/az\/wp-json\/wp\/v2\/posts\/177896","targetHints":{"allow":["GET"]}}],"collection":[{"href":"https:\/\/www.meydan.tv\/az\/wp-json\/wp\/v2\/posts"}],"about":[{"href":"https:\/\/www.meydan.tv\/az\/wp-json\/wp\/v2\/types\/post"}],"author":[{"embeddable":true,"href":"https:\/\/www.meydan.tv\/az\/wp-json\/wp\/v2\/users\/11"}],"replies":[{"embeddable":true,"href":"https:\/\/www.meydan.tv\/az\/wp-json\/wp\/v2\/comments?post=177896"}],"version-history":[{"count":0,"href":"https:\/\/www.meydan.tv\/az\/wp-json\/wp\/v2\/posts\/177896\/revisions"}],"wp:featuredmedia":[{"embeddable":true,"href":"https:\/\/www.meydan.tv\/az\/wp-json\/wp\/v2\/media\/64622"}],"wp:attachment":[{"href":"https:\/\/www.meydan.tv\/az\/wp-json\/wp\/v2\/media?parent=177896"}],"wp:term":[{"taxonomy":"category","embeddable":true,"href":"https:\/\/www.meydan.tv\/az\/wp-json\/wp\/v2\/categories?post=177896"},{"taxonomy":"post_tag","embeddable":true,"href":"https:\/\/www.meydan.tv\/az\/wp-json\/wp\/v2\/tags?post=177896"}],"curies":[{"name":"wp","href":"https:\/\/api.w.org\/{rel}","templated":true}]}}