{"id":177864,"date":"2016-08-02T16:31:01","date_gmt":"2016-08-02T16:31:01","guid":{"rendered":"https:\/\/www.meydan.tv\/article\/sarkisyan-dagliq-qarabag-munaqisesinin-helli-ile-bagli-birterefli-guzest-olmayacaq\/"},"modified":"2016-08-02T16:31:01","modified_gmt":"2016-08-02T16:31:01","slug":"sarkisyan-dagliq-qarabag-munaqisesinin-helli-ile-bagli-birterefli-guzest-olmayacaq","status":"publish","type":"post","link":"https:\/\/www.meydan.tv\/az\/article\/sarkisyan-dagliq-qarabag-munaqisesinin-helli-ile-bagli-birterefli-guzest-olmayacaq\/","title":{"rendered":"Sarkisyan: Da\u011fl\u0131q Qaraba\u011f m\u00fcnaqi\u015f\u0259sinin h\u0259lli il\u0259 ba\u011fl\u0131 birt\u0259r\u0259fli g\u00fcz\u0259\u015ft olmayacaq"},"content":{"rendered":"<figure class=\"wp-block-image size-large\">\n  <img decoding=\"async\" src=\"https:\/\/www.meydan.tv\/az\/serj-sarkisyan-2\/\" alt=\"Serj Sarkisyan\" class=\"wp-image-64544\"\/><figcaption>\n    Serj Sarkisyan<br \/>\n  <\/figcaption><\/figure>\n<p>\n  <i><br \/>\n    Rauf Mirq\u0259dirov: &#8221;Sarkisyan\u0131n \u00e7\u0131x\u0131\u015f\u0131 dan\u0131\u015f\u0131qlar\u0131n haz\u0131rk\u0131 m\u00fczakir\u0259 variant\u0131na daxildir&#8221;<br \/>\n  <\/i>\n<\/p>\n<p>\n  &#8220;Da\u011fl\u0131q Qaraba\u011f m\u00fcnaqi\u015f\u0259sinin h\u0259lli il\u0259 ba\u011fl\u0131 birt\u0259r\u0259fli g\u00fcz\u0259\u015ft olmayacaq&#8221;. Azadl\u0131q Radiosunun erm\u0259ni xidm\u0259tinin m\u0259lumat\u0131na g\u00f6r\u0259, bunu Erm\u0259nistan prezidenti Serj Sarkisyan Yerevanda polis b\u00f6lm\u0259sini tutmu\u015f silahl\u0131lar\u0131n t\u0259slim olmas\u0131 haqda toplant\u0131da dan\u0131\u015fark\u0259n deyib. Polis b\u00f6lm\u0259sini \u0259l\u0259 ke\u00e7irmi\u015f &#8220;Sasna Tsrer&#8221; qrupla\u015fmas\u0131 Sarkisyan\u0131 Qaraba\u011f\u0131 satmaqda ittiham edir.\n<\/p>\n<p>\n  Sarkisyan Da\u011fl\u0131q Qaraba\u011f\u0131n Az\u0259rbaycan\u0131n t\u0259rkibind\u0259 olmayaca\u011f\u0131n\u0131 da bildirib: &#8220;Da\u011fl\u0131q Qaraba\u011f Az\u0259rbaycan\u0131n t\u0259rkibind\u0259 olmayacaq. Bu istisnad\u0131r. M\u0259n b\u00fct\u00fcn \u015f\u00fcurlu h\u0259yat\u0131m\u0131 bu problem\u0259 h\u0259sr etmi\u015f\u0259m&#8221;.\n<\/p>\n<p>\n  Siyasi \u015f\u0259rh\u00e7i Rauf Mirq\u0259dirov Meydan TV-y\u0259 deyib ki, Sarkisyan\u0131n a\u00e7\u0131qlamas\u0131na iki aspektd\u0259n yana\u015fmaq laz\u0131md\u0131r. O, qeyd edib ki, Sarkisyan b\u0259yanat\u0131 \u0130r\u0259vandak\u0131 m\u0259lum hadis\u0259l\u0259rd\u0259n sonra verib: &#8220;Polis idar\u0259sini n\u0259zar\u0259t\u0259 g\u00f6t\u00fcr\u0259n qiyam\u00e7\u0131lar t\u0259slim olsa da, onlara \u00f6lk\u0259 daxilind\u0259 ciddi r\u0259\u011fb\u0259t var idi. Ke\u00e7mi\u015f d\u00f6y\u00fc\u015f\u00e7\u00fc olduqlar\u0131ndan Qaraba\u011f m\u00fcnaqi\u015f\u0259sin\u0259 m\u00fcnasib\u0259td\u0259 \u0259n \u00e7ox onlar radikal m\u00fcnasib\u0259t g\u00f6st\u0259rirl\u0259r. Amma n\u0259 q\u0259d\u0259r dramatik olsa da, polis idar\u0259sini n\u0259zar\u0259t\u0259 g\u00f6t\u00fcrm\u0259k Sarkisyana x\u0259b\u0259rdarl\u0131q idi. M\u0259n bunun d\u00f6vl\u0259t \u00e7evrili\u015fiyl\u0259 n\u0259tic\u0259l\u0259nm\u0259y\u0259c\u0259yini demi\u015fdim. Sad\u0259c\u0259, m\u0259lum hadis\u0259 Sarkisyan\u0131n daxild\u0259ki m\u00f6vqel\u0259rini kifay\u0259t q\u0259d\u0259r sars\u0131td\u0131. Bel\u0259 bir \u015f\u0259raitd\u0259 o, radikal b\u0259yanatlar s\u0259sl\u0259ndirm\u0259li, Qaraba\u011f m\u0259s\u0259l\u0259sind\u0259 he\u00e7 bir g\u00fcz\u0259\u015ft\u0259 getm\u0259y\u0259c\u0259yini dem\u0259li idi. Bu, Erm\u0259nistan c\u0259miyy\u0259tini az da olsa \u00fcmumi m\u0259xr\u0259c\u0259 g\u0259tir\u0259c\u0259k yegan\u0259 yana\u015fmad\u0131r&#8221;.\n<\/p>\n<p>\n  Siyasi \u015f\u0259rh\u00e7iy\u0259 g\u00f6r\u0259 ikinci m\u0259qam ondan ibar\u0259tdir ki, Sarkisyan\u0131n \u00e7\u0131x\u0131\u015f\u0131 dan\u0131\u015f\u0131qlar\u0131n haz\u0131rk\u0131 m\u00fczakir\u0259 variant\u0131na yax\u0131nd\u0131r: &#8220;Sarkisyan demir ki, Da\u011fl\u0131q Qaraba\u011f\u0131n m\u00fcst\u0259qilliyi beyn\u0259lxalq al\u0259m t\u0259r\u0259find\u0259n tan\u0131nacaq, yaxud \u0259razi Erm\u0259nistan\u0131n t\u0259rkibind\u0259 olacaq. Sarkisyan\u0131n \u00e7\u0131x\u0131\u015f\u0131ndak\u0131 emosional ritorikan\u0131 k\u0259nara qoysaq, onun dedikl\u0259ri indiki dan\u0131\u015f\u0131qlar\u0131n m\u00fczakir\u0259 m\u00f6vzusu olan variantlar\u0131na daxildir. Variantlara g\u0259linc\u0259, ictimaiyy\u0259t\u0259 s\u0131zd\u0131r\u0131lan m\u0259lumatlara g\u00f6r\u0259, rayonlar\u0131n bir qismi qaytar\u0131l\u0131r, Da\u011fl\u0131q Qaraba\u011fa ke\u00e7id statusu verilir v\u0259 yekun raz\u0131l\u0131q g\u0259l\u0259c\u0259kd\u0259 ke\u00e7iril\u0259c\u0259k referendumda m\u00fc\u0259yy\u0259nl\u0259\u015f\u0259c\u0259k. Bu m\u0259nada Sarkisyan dey\u0259nd\u0259 ki, Da\u011fl\u0131q Qaraba\u011f he\u00e7 vaxt Az\u0259rbaycan\u0131n t\u0259rkibind\u0259 olmayacaq, s\u00f6hb\u0259t yax\u0131n v\u0259 orta perspektivd\u0259n gedir&#8221;.\n<\/p>\n<figure class=\"wp-block-image size-large\">\n  <img decoding=\"async\" src=\"https:\/\/www.meydan.tv\/az\/64547\/\" alt=\"\" class=\"wp-image-64547\"\/><figcaption>\n    Rauf Mirq\u0259dirov<br \/>\n  <\/figcaption><\/figure>\n<p>\n  Erm\u0259nistanda bundan sonrak\u0131 hadis\u0259l\u0259rin gedi\u015fat\u0131na g\u0259linc\u0259, Rauf Mirq\u0259dirov dedi ki, Erm\u0259nistanda siyasi v\u0259ziyy\u0259t\u00a0Az\u0259rbaycandan k\u00f6kl\u00fc \u015f\u0259kild\u0259 f\u0259rql\u0259nir v\u0259 bu \u00f6lk\u0259nin daxili siyasi v\u0259ziyy\u0259tin\u0259 t\u0259sir ed\u0259n xeyli siyasi amil var: &#8220;Xarici d\u00f6vl\u0259tl\u0259r \u00f6zl\u0259rinin Erm\u0259nistandak\u0131 g\u00fccl\u00fc siyasi-iqtisadi v\u0259 sosial bazalar\u0131yla t\u0259sir imkanlar\u0131na malikdir. Ona g\u00f6r\u0259 ist\u0259nil\u0259n anda Erm\u0259nistanda daxili g\u0259rginlik yaratmaq o q\u0259d\u0259r d\u0259 \u00e7\u0259tin deyil. Amma ke\u00e7mi\u015f prezidentl\u0259r Ter-Petrosyan v\u0259 Robert Ko\u00e7aryan\u0131n \u0259traf\u0131ndak\u0131 q\u00fcvv\u0259l\u0259r son hadis\u0259l\u0259rd\u0259 birba\u015fa i\u015ftirak etm\u0259dil\u0259r. Bu, onun g\u00f6st\u0259ricisidir ki, onlar xaricd\u0259 ba\u011fl\u0131 oldu\u011fu q\u00fcvv\u0259l\u0259rd\u0259n g\u0259rginliyi son h\u0259dd\u0259 \u00e7atd\u0131rmaq tap\u015f\u0131r\u0131\u011f\u0131 almam\u0131\u015fd\u0131lar. Bir \u015fey n\u0259z\u0259r\u0259 al\u0131nmal\u0131d\u0131r ki, Az\u0259rbaycandan f\u0259rqli olaraq, Erm\u0259nistan permanent inqilabi \u015f\u0259raitd\u0259 ya\u015fad\u0131\u011f\u0131ndan bu \u00f6lk\u0259d\u0259 g\u0259rginlik yaratmaq ist\u0259y\u0259n q\u00fcvv\u0259l\u0259r h\u0259mi\u015f\u0259 m\u00f6vcuddur. Adi bir misal \u00e7\u0259kim, Qaraba\u011f klan\u0131n\u0131n maraqlar\u0131 he\u00e7 d\u0259 Erm\u0259nistan\u0131n maraqlar\u0131yla \u00fcst-\u00fcst\u0259 d\u00fc\u015fm\u00fcr. Bu \u00f6lk\u0259 regional sosial-siyasi sistem\u0259 inteqrasiya olunmayana v\u0259 Da\u011fl\u0131q Qaraba\u011f problemi h\u0259ll edilm\u0259y\u0259n\u0259 q\u0259d\u0259r m\u00f6vcud \u015f\u0259rait davam ed\u0259c\u0259k. Bu is\u0259 h\u0259m dan\u0131\u015f\u0131qlar prosesin\u0259, h\u0259m d\u0259 Az\u0259rbaycan\u0131n \u00fcmumi v\u0259ziyy\u0259tin\u0259 t\u0259sir ed\u0259c\u0259k&#8221;.<\/p>\n","protected":false},"excerpt":{"rendered":"<p>Rauf Mirq\u0259dirov: &#8221;Sarkisyan\u0131n \u00e7\u0131x\u0131\u015f\u0131 dan\u0131\u015f\u0131qlar\u0131n haz\u0131rk\u0131 m\u00fczakir\u0259 variant\u0131na daxildir&#8221;<\/p>\n","protected":false},"author":11,"featured_media":64544,"comment_status":"closed","ping_status":"open","sticky":false,"template":"","format":"standard","meta":{"_acf_changed":false,"_sitemap_exclude":false,"_sitemap_priority":"","_sitemap_frequency":"","footnotes":""},"categories":[51],"tags":[],"class_list":["post-177864","post","type-post","status-publish","format-standard","has-post-thumbnail","hentry","category-analitika","infinite-scroll-item","generate-columns","tablet-grid-50","mobile-grid-100","grid-parent","grid-33","no-featured-image-padding"],"acf":[],"yoast_head":"<!-- This site is optimized with the Yoast SEO plugin v27.5 - https:\/\/yoast.com\/product\/yoast-seo-wordpress\/ -->\n<title>Sarkisyan: Da\u011fl\u0131q Qaraba\u011f m\u00fcnaqi\u015f\u0259sinin h\u0259lli il\u0259 ba\u011fl\u0131 birt\u0259r\u0259fli g\u00fcz\u0259\u015ft olmayacaq - MEYDAN.TV<\/title>\n<meta name=\"robots\" content=\"index, follow, max-snippet:-1, max-image-preview:large, max-video-preview:-1\" \/>\n<link rel=\"canonical\" href=\"https:\/\/www.meydan.tv\/az\/article\/sarkisyan-dagliq-qarabag-munaqisesinin-helli-ile-bagli-birterefli-guzest-olmayacaq\/\" \/>\n<meta property=\"og:locale\" content=\"az_AZ\" \/>\n<meta property=\"og:type\" content=\"article\" \/>\n<meta property=\"og:title\" content=\"Sarkisyan: Da\u011fl\u0131q Qaraba\u011f m\u00fcnaqi\u015f\u0259sinin h\u0259lli il\u0259 ba\u011fl\u0131 birt\u0259r\u0259fli g\u00fcz\u0259\u015ft olmayacaq - MEYDAN.TV\" \/>\n<meta property=\"og:description\" content=\"Rauf Mirq\u0259dirov: &#039;&#039;Sarkisyan\u0131n \u00e7\u0131x\u0131\u015f\u0131 dan\u0131\u015f\u0131qlar\u0131n haz\u0131rk\u0131 m\u00fczakir\u0259 variant\u0131na daxildir&#039;&#039;\" \/>\n<meta property=\"og:url\" content=\"https:\/\/www.meydan.tv\/az\/article\/sarkisyan-dagliq-qarabag-munaqisesinin-helli-ile-bagli-birterefli-guzest-olmayacaq\/\" \/>\n<meta property=\"og:site_name\" content=\"MEYDAN.TV\" \/>\n<meta property=\"article:published_time\" content=\"2016-08-02T16:31:01+00:00\" \/>\n<meta property=\"og:image\" content=\"https:\/\/www.meydan.tv\/wp-content\/uploads\/24621.jpg\" \/>\n\t<meta property=\"og:image:width\" content=\"768\" \/>\n\t<meta property=\"og:image:height\" content=\"415\" \/>\n\t<meta property=\"og:image:type\" content=\"image\/jpeg\" \/>\n<meta name=\"author\" content=\"user-manager\" \/>\n<meta name=\"twitter:card\" content=\"summary_large_image\" \/>\n<script type=\"application\/ld+json\" class=\"yoast-schema-graph\">{\"@context\":\"https:\\\/\\\/schema.org\",\"@graph\":[{\"@type\":\"Article\",\"@id\":\"https:\\\/\\\/www.meydan.tv\\\/az\\\/article\\\/sarkisyan-dagliq-qarabag-munaqisesinin-helli-ile-bagli-birterefli-guzest-olmayacaq\\\/#article\",\"isPartOf\":{\"@id\":\"https:\\\/\\\/www.meydan.tv\\\/az\\\/article\\\/sarkisyan-dagliq-qarabag-munaqisesinin-helli-ile-bagli-birterefli-guzest-olmayacaq\\\/\"},\"author\":{\"name\":\"user-manager\",\"@id\":\"https:\\\/\\\/www.meydan.tv\\\/az\\\/#\\\/schema\\\/person\\\/10d11eccf6da3662cf5fdab9806ea91a\"},\"headline\":\"Sarkisyan: Da\u011fl\u0131q Qaraba\u011f m\u00fcnaqi\u015f\u0259sinin h\u0259lli il\u0259 ba\u011fl\u0131 birt\u0259r\u0259fli g\u00fcz\u0259\u015ft olmayacaq\",\"datePublished\":\"2016-08-02T16:31:01+00:00\",\"mainEntityOfPage\":{\"@id\":\"https:\\\/\\\/www.meydan.tv\\\/az\\\/article\\\/sarkisyan-dagliq-qarabag-munaqisesinin-helli-ile-bagli-birterefli-guzest-olmayacaq\\\/\"},\"wordCount\":768,\"publisher\":{\"@id\":\"https:\\\/\\\/www.meydan.tv\\\/az\\\/#organization\"},\"image\":{\"@id\":\"https:\\\/\\\/www.meydan.tv\\\/az\\\/article\\\/sarkisyan-dagliq-qarabag-munaqisesinin-helli-ile-bagli-birterefli-guzest-olmayacaq\\\/#primaryimage\"},\"thumbnailUrl\":\"https:\\\/\\\/www.meydan.tv\\\/wp-content\\\/uploads\\\/24621.jpg\",\"articleSection\":[\"Analitika\"],\"inLanguage\":\"az\"},{\"@type\":\"WebPage\",\"@id\":\"https:\\\/\\\/www.meydan.tv\\\/az\\\/article\\\/sarkisyan-dagliq-qarabag-munaqisesinin-helli-ile-bagli-birterefli-guzest-olmayacaq\\\/\",\"url\":\"https:\\\/\\\/www.meydan.tv\\\/az\\\/article\\\/sarkisyan-dagliq-qarabag-munaqisesinin-helli-ile-bagli-birterefli-guzest-olmayacaq\\\/\",\"name\":\"Sarkisyan: Da\u011fl\u0131q Qaraba\u011f m\u00fcnaqi\u015f\u0259sinin h\u0259lli il\u0259 ba\u011fl\u0131 birt\u0259r\u0259fli g\u00fcz\u0259\u015ft olmayacaq - MEYDAN.TV\",\"isPartOf\":{\"@id\":\"https:\\\/\\\/www.meydan.tv\\\/az\\\/#website\"},\"primaryImageOfPage\":{\"@id\":\"https:\\\/\\\/www.meydan.tv\\\/az\\\/article\\\/sarkisyan-dagliq-qarabag-munaqisesinin-helli-ile-bagli-birterefli-guzest-olmayacaq\\\/#primaryimage\"},\"image\":{\"@id\":\"https:\\\/\\\/www.meydan.tv\\\/az\\\/article\\\/sarkisyan-dagliq-qarabag-munaqisesinin-helli-ile-bagli-birterefli-guzest-olmayacaq\\\/#primaryimage\"},\"thumbnailUrl\":\"https:\\\/\\\/www.meydan.tv\\\/wp-content\\\/uploads\\\/24621.jpg\",\"datePublished\":\"2016-08-02T16:31:01+00:00\",\"breadcrumb\":{\"@id\":\"https:\\\/\\\/www.meydan.tv\\\/az\\\/article\\\/sarkisyan-dagliq-qarabag-munaqisesinin-helli-ile-bagli-birterefli-guzest-olmayacaq\\\/#breadcrumb\"},\"inLanguage\":\"az\",\"potentialAction\":[{\"@type\":\"ReadAction\",\"target\":[\"https:\\\/\\\/www.meydan.tv\\\/az\\\/article\\\/sarkisyan-dagliq-qarabag-munaqisesinin-helli-ile-bagli-birterefli-guzest-olmayacaq\\\/\"]}]},{\"@type\":\"ImageObject\",\"inLanguage\":\"az\",\"@id\":\"https:\\\/\\\/www.meydan.tv\\\/az\\\/article\\\/sarkisyan-dagliq-qarabag-munaqisesinin-helli-ile-bagli-birterefli-guzest-olmayacaq\\\/#primaryimage\",\"url\":\"https:\\\/\\\/www.meydan.tv\\\/wp-content\\\/uploads\\\/24621.jpg\",\"contentUrl\":\"https:\\\/\\\/www.meydan.tv\\\/wp-content\\\/uploads\\\/24621.jpg\",\"width\":768,\"height\":415,\"caption\":\"Source:\"},{\"@type\":\"BreadcrumbList\",\"@id\":\"https:\\\/\\\/www.meydan.tv\\\/az\\\/article\\\/sarkisyan-dagliq-qarabag-munaqisesinin-helli-ile-bagli-birterefli-guzest-olmayacaq\\\/#breadcrumb\",\"itemListElement\":[{\"@type\":\"ListItem\",\"position\":1,\"name\":\"Ana s\u0259hif\u0259\",\"item\":\"https:\\\/\\\/www.meydan.tv\\\/az\\\/\"},{\"@type\":\"ListItem\",\"position\":2,\"name\":\"Analitika\",\"item\":\"https:\\\/\\\/www.meydan.tv\\\/az\\\/section\\\/analitika\\\/\"},{\"@type\":\"ListItem\",\"position\":3,\"name\":\"Sarkisyan: Da\u011fl\u0131q Qaraba\u011f m\u00fcnaqi\u015f\u0259sinin h\u0259lli il\u0259 ba\u011fl\u0131 birt\u0259r\u0259fli g\u00fcz\u0259\u015ft olmayacaq\"}]},{\"@type\":\"WebSite\",\"@id\":\"https:\\\/\\\/www.meydan.tv\\\/az\\\/#website\",\"url\":\"https:\\\/\\\/www.meydan.tv\\\/az\\\/\",\"name\":\"MEYDAN.TV\",\"description\":\"Meydan TV Az\u0259rbaycan\u0131n media m\u0259kan\u0131ndak\u0131 alternativ s\u0259sidir\",\"publisher\":{\"@id\":\"https:\\\/\\\/www.meydan.tv\\\/az\\\/#organization\"},\"potentialAction\":[{\"@type\":\"SearchAction\",\"target\":{\"@type\":\"EntryPoint\",\"urlTemplate\":\"https:\\\/\\\/www.meydan.tv\\\/az\\\/?s={search_term_string}\"},\"query-input\":{\"@type\":\"PropertyValueSpecification\",\"valueRequired\":true,\"valueName\":\"search_term_string\"}}],\"inLanguage\":\"az\"},{\"@type\":\"Organization\",\"@id\":\"https:\\\/\\\/www.meydan.tv\\\/az\\\/#organization\",\"name\":\"Meydan TV\",\"url\":\"https:\\\/\\\/www.meydan.tv\\\/az\\\/\",\"logo\":{\"@type\":\"ImageObject\",\"inLanguage\":\"az\",\"@id\":\"https:\\\/\\\/www.meydan.tv\\\/az\\\/#\\\/schema\\\/logo\\\/image\\\/\",\"url\":\"https:\\\/\\\/www.meydan.tv\\\/wp-content\\\/uploads\\\/2021\\\/07\\\/meydan-logo.svg\",\"contentUrl\":\"https:\\\/\\\/www.meydan.tv\\\/wp-content\\\/uploads\\\/2021\\\/07\\\/meydan-logo.svg\",\"width\":195,\"height\":46,\"caption\":\"Meydan TV\"},\"image\":{\"@id\":\"https:\\\/\\\/www.meydan.tv\\\/az\\\/#\\\/schema\\\/logo\\\/image\\\/\"}},{\"@type\":\"Person\",\"@id\":\"https:\\\/\\\/www.meydan.tv\\\/az\\\/#\\\/schema\\\/person\\\/10d11eccf6da3662cf5fdab9806ea91a\",\"name\":\"user-manager\"}]}<\/script>\n<!-- \/ Yoast SEO plugin. -->","yoast_head_json":{"title":"Sarkisyan: Da\u011fl\u0131q Qaraba\u011f m\u00fcnaqi\u015f\u0259sinin h\u0259lli il\u0259 ba\u011fl\u0131 birt\u0259r\u0259fli g\u00fcz\u0259\u015ft olmayacaq - MEYDAN.TV","robots":{"index":"index","follow":"follow","max-snippet":"max-snippet:-1","max-image-preview":"max-image-preview:large","max-video-preview":"max-video-preview:-1"},"canonical":"https:\/\/www.meydan.tv\/az\/article\/sarkisyan-dagliq-qarabag-munaqisesinin-helli-ile-bagli-birterefli-guzest-olmayacaq\/","og_locale":"az_AZ","og_type":"article","og_title":"Sarkisyan: Da\u011fl\u0131q Qaraba\u011f m\u00fcnaqi\u015f\u0259sinin h\u0259lli il\u0259 ba\u011fl\u0131 birt\u0259r\u0259fli g\u00fcz\u0259\u015ft olmayacaq - MEYDAN.TV","og_description":"Rauf Mirq\u0259dirov: ''Sarkisyan\u0131n \u00e7\u0131x\u0131\u015f\u0131 dan\u0131\u015f\u0131qlar\u0131n haz\u0131rk\u0131 m\u00fczakir\u0259 variant\u0131na daxildir''","og_url":"https:\/\/www.meydan.tv\/az\/article\/sarkisyan-dagliq-qarabag-munaqisesinin-helli-ile-bagli-birterefli-guzest-olmayacaq\/","og_site_name":"MEYDAN.TV","article_published_time":"2016-08-02T16:31:01+00:00","og_image":[{"width":768,"height":415,"url":"https:\/\/www.meydan.tv\/wp-content\/uploads\/24621.jpg","type":"image\/jpeg"}],"author":"user-manager","twitter_card":"summary_large_image","schema":{"@context":"https:\/\/schema.org","@graph":[{"@type":"Article","@id":"https:\/\/www.meydan.tv\/az\/article\/sarkisyan-dagliq-qarabag-munaqisesinin-helli-ile-bagli-birterefli-guzest-olmayacaq\/#article","isPartOf":{"@id":"https:\/\/www.meydan.tv\/az\/article\/sarkisyan-dagliq-qarabag-munaqisesinin-helli-ile-bagli-birterefli-guzest-olmayacaq\/"},"author":{"name":"user-manager","@id":"https:\/\/www.meydan.tv\/az\/#\/schema\/person\/10d11eccf6da3662cf5fdab9806ea91a"},"headline":"Sarkisyan: Da\u011fl\u0131q Qaraba\u011f m\u00fcnaqi\u015f\u0259sinin h\u0259lli il\u0259 ba\u011fl\u0131 birt\u0259r\u0259fli g\u00fcz\u0259\u015ft olmayacaq","datePublished":"2016-08-02T16:31:01+00:00","mainEntityOfPage":{"@id":"https:\/\/www.meydan.tv\/az\/article\/sarkisyan-dagliq-qarabag-munaqisesinin-helli-ile-bagli-birterefli-guzest-olmayacaq\/"},"wordCount":768,"publisher":{"@id":"https:\/\/www.meydan.tv\/az\/#organization"},"image":{"@id":"https:\/\/www.meydan.tv\/az\/article\/sarkisyan-dagliq-qarabag-munaqisesinin-helli-ile-bagli-birterefli-guzest-olmayacaq\/#primaryimage"},"thumbnailUrl":"https:\/\/www.meydan.tv\/wp-content\/uploads\/24621.jpg","articleSection":["Analitika"],"inLanguage":"az"},{"@type":"WebPage","@id":"https:\/\/www.meydan.tv\/az\/article\/sarkisyan-dagliq-qarabag-munaqisesinin-helli-ile-bagli-birterefli-guzest-olmayacaq\/","url":"https:\/\/www.meydan.tv\/az\/article\/sarkisyan-dagliq-qarabag-munaqisesinin-helli-ile-bagli-birterefli-guzest-olmayacaq\/","name":"Sarkisyan: Da\u011fl\u0131q Qaraba\u011f m\u00fcnaqi\u015f\u0259sinin h\u0259lli il\u0259 ba\u011fl\u0131 birt\u0259r\u0259fli g\u00fcz\u0259\u015ft olmayacaq - MEYDAN.TV","isPartOf":{"@id":"https:\/\/www.meydan.tv\/az\/#website"},"primaryImageOfPage":{"@id":"https:\/\/www.meydan.tv\/az\/article\/sarkisyan-dagliq-qarabag-munaqisesinin-helli-ile-bagli-birterefli-guzest-olmayacaq\/#primaryimage"},"image":{"@id":"https:\/\/www.meydan.tv\/az\/article\/sarkisyan-dagliq-qarabag-munaqisesinin-helli-ile-bagli-birterefli-guzest-olmayacaq\/#primaryimage"},"thumbnailUrl":"https:\/\/www.meydan.tv\/wp-content\/uploads\/24621.jpg","datePublished":"2016-08-02T16:31:01+00:00","breadcrumb":{"@id":"https:\/\/www.meydan.tv\/az\/article\/sarkisyan-dagliq-qarabag-munaqisesinin-helli-ile-bagli-birterefli-guzest-olmayacaq\/#breadcrumb"},"inLanguage":"az","potentialAction":[{"@type":"ReadAction","target":["https:\/\/www.meydan.tv\/az\/article\/sarkisyan-dagliq-qarabag-munaqisesinin-helli-ile-bagli-birterefli-guzest-olmayacaq\/"]}]},{"@type":"ImageObject","inLanguage":"az","@id":"https:\/\/www.meydan.tv\/az\/article\/sarkisyan-dagliq-qarabag-munaqisesinin-helli-ile-bagli-birterefli-guzest-olmayacaq\/#primaryimage","url":"https:\/\/www.meydan.tv\/wp-content\/uploads\/24621.jpg","contentUrl":"https:\/\/www.meydan.tv\/wp-content\/uploads\/24621.jpg","width":768,"height":415,"caption":"Source:"},{"@type":"BreadcrumbList","@id":"https:\/\/www.meydan.tv\/az\/article\/sarkisyan-dagliq-qarabag-munaqisesinin-helli-ile-bagli-birterefli-guzest-olmayacaq\/#breadcrumb","itemListElement":[{"@type":"ListItem","position":1,"name":"Ana s\u0259hif\u0259","item":"https:\/\/www.meydan.tv\/az\/"},{"@type":"ListItem","position":2,"name":"Analitika","item":"https:\/\/www.meydan.tv\/az\/section\/analitika\/"},{"@type":"ListItem","position":3,"name":"Sarkisyan: Da\u011fl\u0131q Qaraba\u011f m\u00fcnaqi\u015f\u0259sinin h\u0259lli il\u0259 ba\u011fl\u0131 birt\u0259r\u0259fli g\u00fcz\u0259\u015ft olmayacaq"}]},{"@type":"WebSite","@id":"https:\/\/www.meydan.tv\/az\/#website","url":"https:\/\/www.meydan.tv\/az\/","name":"MEYDAN.TV","description":"Meydan TV Az\u0259rbaycan\u0131n media m\u0259kan\u0131ndak\u0131 alternativ s\u0259sidir","publisher":{"@id":"https:\/\/www.meydan.tv\/az\/#organization"},"potentialAction":[{"@type":"SearchAction","target":{"@type":"EntryPoint","urlTemplate":"https:\/\/www.meydan.tv\/az\/?s={search_term_string}"},"query-input":{"@type":"PropertyValueSpecification","valueRequired":true,"valueName":"search_term_string"}}],"inLanguage":"az"},{"@type":"Organization","@id":"https:\/\/www.meydan.tv\/az\/#organization","name":"Meydan TV","url":"https:\/\/www.meydan.tv\/az\/","logo":{"@type":"ImageObject","inLanguage":"az","@id":"https:\/\/www.meydan.tv\/az\/#\/schema\/logo\/image\/","url":"https:\/\/www.meydan.tv\/wp-content\/uploads\/2021\/07\/meydan-logo.svg","contentUrl":"https:\/\/www.meydan.tv\/wp-content\/uploads\/2021\/07\/meydan-logo.svg","width":195,"height":46,"caption":"Meydan TV"},"image":{"@id":"https:\/\/www.meydan.tv\/az\/#\/schema\/logo\/image\/"}},{"@type":"Person","@id":"https:\/\/www.meydan.tv\/az\/#\/schema\/person\/10d11eccf6da3662cf5fdab9806ea91a","name":"user-manager"}]}},"_links":{"self":[{"href":"https:\/\/www.meydan.tv\/az\/wp-json\/wp\/v2\/posts\/177864","targetHints":{"allow":["GET"]}}],"collection":[{"href":"https:\/\/www.meydan.tv\/az\/wp-json\/wp\/v2\/posts"}],"about":[{"href":"https:\/\/www.meydan.tv\/az\/wp-json\/wp\/v2\/types\/post"}],"author":[{"embeddable":true,"href":"https:\/\/www.meydan.tv\/az\/wp-json\/wp\/v2\/users\/11"}],"replies":[{"embeddable":true,"href":"https:\/\/www.meydan.tv\/az\/wp-json\/wp\/v2\/comments?post=177864"}],"version-history":[{"count":0,"href":"https:\/\/www.meydan.tv\/az\/wp-json\/wp\/v2\/posts\/177864\/revisions"}],"wp:featuredmedia":[{"embeddable":true,"href":"https:\/\/www.meydan.tv\/az\/wp-json\/wp\/v2\/media\/64544"}],"wp:attachment":[{"href":"https:\/\/www.meydan.tv\/az\/wp-json\/wp\/v2\/media?parent=177864"}],"wp:term":[{"taxonomy":"category","embeddable":true,"href":"https:\/\/www.meydan.tv\/az\/wp-json\/wp\/v2\/categories?post=177864"},{"taxonomy":"post_tag","embeddable":true,"href":"https:\/\/www.meydan.tv\/az\/wp-json\/wp\/v2\/tags?post=177864"}],"curies":[{"name":"wp","href":"https:\/\/api.w.org\/{rel}","templated":true}]}}