{"id":177814,"date":"2016-07-31T13:17:51","date_gmt":"2016-07-31T13:17:51","guid":{"rendered":"https:\/\/www.meydan.tv\/article\/yene-de-qadin\/"},"modified":"2016-07-31T13:17:51","modified_gmt":"2016-07-31T13:17:51","slug":"yene-de-qadin","status":"publish","type":"post","link":"https:\/\/www.meydan.tv\/az\/article\/yene-de-qadin\/","title":{"rendered":"Yen\u0259 d\u0259 qad\u0131n&#8230;"},"content":{"rendered":"<figure class=\"wp-block-image size-large\">\n  <img decoding=\"async\" src=\"https:\/\/www.meydan.tv\/az\/64348\/\" alt=\"\" class=\"wp-image-64348\"\/><figcaption><\/figcaption><\/figure>\n<p>\n  Son zamanlarda qad\u0131nlar\u0131n h\u0259yat yolda\u015flar\u0131 t\u0259r\u0259find\u0259n q\u0259tl edilm\u0259si x\u0259b\u0259rl\u0259ri daha da \u00e7oxal\u0131b. Onlar\u0131n b\u0259d\u0259nl\u0259rind\u0259n axan qan g\u00f6zya\u015flar\u0131 il\u0259 birlikd\u0259 torpa\u011fa qar\u0131\u015f\u0131r. Bu qad\u0131nlar\u0131n h\u0259yat hekay\u0259sini \u00e7ox vaxt onlar\u0131 \u00f6ld\u00fcr\u0259n \u015f\u0259xsl\u0259rd\u0259n e\u015fidirik. Nec\u0259 d\u0259 asan qaralay\u0131rlar \u00f6z qurbanlar\u0131n\u0131. \u00c7oxu deyir ki, \u201ch\u0259yat yolda\u015f\u0131m\u0131 namus m\u0259s\u0259l\u0259sin\u0259 g\u00f6r\u0259 \u00f6ld\u00fcrd\u00fcm\u201d. Sonradan m\u0259lum olur ki, ki\u015finin ba\u015fqa m\u0259\u015fuq\u0259si var imi\u015f. H\u0259yat yolda\u015f\u0131na bunu s\u00f6yl\u0259m\u0259k c\u0259sar\u0259ti olmad\u0131\u011f\u0131 \u00fc\u00e7\u00fcn d\u0259, onu \u00f6ld\u00fcrm\u0259yi se\u00e7ib. B\u0259zil\u0259ri h\u0259tta k\u00f6rp\u0259 \u00f6vladlar\u0131na bel\u0259 q\u0131y\u0131rlar. \u0130nsafs\u0131zl\u0131\u011f\u0131n bu q\u0259d\u0259ri&#8230;\n<\/p>\n<p>\n  \u00d6ld\u00fcr\u00fcl\u0259n qad\u0131nlar haqq\u0131nda m\u0259lumatlara sad\u0259c\u0259 x\u0259b\u0259rl\u0259rd\u0259, kriminal televiziya proqramlar\u0131nda rast g\u0259lirik. Sad\u0259c\u0259 bir ne\u00e7\u0259 g\u00fcn&#8230; \u00c7ar\u0259siz, boynub\u00fck\u00fck d\u00fcnyadan k\u00f6\u00e7\u0259n bu qad\u0131nlar\u0131 sonradan he\u00e7 kim xat\u0131rlam\u0131r.\n<\/p>\n<p>\n  Onlar\u0131n ger\u00e7\u0259k h\u0259yat hekay\u0259l\u0259rini he\u00e7 vaxt ara\u015fd\u0131rmadan, m\u00fchakim\u0259 edirik qad\u0131nlar\u0131m\u0131z\u0131. \u0130ntihar etdiyi deyil\u0259n qad\u0131n\u0131n \u0259ri t\u0259r\u0259find\u0259n \u00f6ld\u00fcr\u00fcld\u00fcy\u00fc m\u0259lum olur. S\u0259b\u0259b is\u0259 daha da ac\u0131nacaql\u0131d\u0131r. S\u0259n dem\u0259, o\u011flan q\u0131z\u0131 h\u0259d\u0259l\u0259yirmi\u015f ki, atan biz\u0259 ev almal\u0131d\u0131r. Buna g\u00f6r\u0259 d\u0259, bir insan taleyin\u0259 son qoymaq olarm\u0131? Suallar cavabs\u0131z qal\u0131r.\n<\/p>\n<p>\n  Biz yen\u0259 susuruq. Ger\u00e7\u0259kl\u0259r\u0259 qulaqlar\u0131m\u0131z\u0131 qapad\u0131r\u0131q. O qad\u0131nlar\u0131n ba\u011f\u0131r\u0131\u015f\u0131n\u0131, h\u0131\u00e7q\u0131rt\u0131s\u0131n\u0131 e\u015fitm\u0259k bel\u0259 ist\u0259mirik. Bu \u00f6lk\u0259d\u0259 insanlar \u201cyax\u015f\u0131 at \u00f6z\u00fcn\u0259 qam\u00e7\u0131 vurdurmaz\u201d misal\u0131n\u0131ndak\u0131 at\u0131 qad\u0131na b\u0259rab\u0259r tutur. Y\u0259ni qad\u0131n\u0131n d\u0259y\u0259ri bu q\u0259d\u0259r ucuzdur \u00f6lk\u0259mizd\u0259. T\u0259\u0259s\u00fcf&#8230;\n<\/p>\n<p>\n  \u018fslind\u0259, qad\u0131nlar \u00f6l\u00fcm t\u0259hl\u00fck\u0259si il\u0259 qar\u015f\u0131-qar\u015f\u0131ya olduqlar\u0131n\u0131 bilirl\u0259r \u00e7ox vaxt. \u018frl\u0259ri onlar\u0131 h\u0259d\u0259l\u0259yir. C\u0259miyy\u0259td\u0259n, t\u0259k qalmaqdan qorxduqlar\u0131 \u00fc\u00e7\u00fcn d\u00f6z\u00fcrl\u0259r. He\u00e7 kimd\u0259n k\u00f6m\u0259k ist\u0259m\u0259d\u0259n, \u00f6z \u00f6l\u00fcml\u0259rini g\u00f6zl\u0259yirl\u0259r. Y\u0259ni q\u0131saca des\u0259k, ya\u015fad\u0131qlar\u0131 ac\u0131lar\u0131 s\u00f6yl\u0259m\u0259kd\u0259n qorxurlar.\n<\/p>\n<p>\n  B\u0259s bu qad\u0131nlar\u0131 \u00f6ld\u00fcr\u0259n insanlar\u0131n taleyi nec\u0259 olur? Cinay\u0259t m\u0259c\u0259ll\u0259sinin q\u0259sd\u0259n adam \u00f6ld\u00fcrm\u0259 madd\u0259sin\u0259 g\u00f6r\u0259 c\u0259mi 7 ild\u0259n 12 il\u0259d\u0259k m\u0259hkumluq h\u0259yat\u0131 \u00e7\u0259kib azadl\u0131\u011fa \u00e7\u0131x\u0131rlar qatill\u0259r. Halbuki insanlar bu c\u00fcr cinay\u0259tl\u0259r\u0259 g\u00f6r\u0259 daha uzun m\u00fcdd\u0259tli h\u0259bs olunmal\u0131d\u0131rlar. Qad\u0131n\u0131n h\u0259yat\u0131 bu q\u0259d\u0259r ucuz olmamal\u0131d\u0131r. \u00c7oxu da d\u00fc\u015f\u00fcn\u00fcr ki, bir ne\u00e7\u0259 il yat\u0131b \u00e7\u0131xacam.\n<\/p>\n<p>\n  T\u00fcrkiy\u0259d\u0259 qad\u0131n jurnalistl\u0259r v\u0259 qad\u0131n t\u0259\u015fkilatlar\u0131 qanunlarda d\u0259yi\u015fiklik edilm\u0259si \u00fc\u00e7\u00fcn \u0259l-\u0259l\u0259 verdil\u0259r. B\u0259s biz niy\u0259 qad\u0131nlar\u0131m\u0131z \u00fc\u00e7\u00fcn he\u00e7 n\u0259 etmirik? \u018fg\u0259r qanunlarda d\u0259yi\u015fiklik olsa v\u0259 cinay\u0259t i\u015fl\u0259y\u0259n \u015f\u0259xs uzun m\u00fcdd\u0259tlik h\u0259bs olunaca\u011f\u0131n\u0131 bils\u0259 yen\u0259 bu add\u0131m\u0131 atarm\u0131? Y\u0259qin ki, yox. \u018fn az\u0131ndan cinay\u0259tl\u0259rin say\u0131nda k\u0259skin azalma olar. Lakin, qanun qar\u015f\u0131s\u0131nda da qad\u0131nlar haqlar\u0131n\u0131 t\u0259l\u0259b etm\u0259kd\u0259n, ger\u00e7\u0259kl\u0259ri s\u00f6yl\u0259m\u0259kd\u0259n qorxurlar.\n<\/p>\n<p>\n  \u201cS\u00f6yl\u0259m\u0259kd\u0259n qorxmuram\u201d.\n<\/p>\n<p>\n  Qad\u0131nlar sad\u0259c\u0259 \u00f6ld\u00fcr\u00fcl\u00fcrm\u00fc? \u018flb\u0259tt\u0259 ,yox. B\u0259z\u0259n onlar h\u0259r g\u00fcn \u00f6l\u00fcr, ancaq biz onlar\u0131 g\u00f6rm\u00fcr\u00fck. C\u0259miyy\u0259t onlar\u0131 o q\u0259d\u0259r s\u0131x\u0131r ki, demirl\u0259r, dem\u0259y\u0259 qorxurlar. He\u00e7 bir g\u00fcnahlar\u0131 olmasa da, utan\u0131rlar. B\u0259li, t\u0259cav\u00fcz\u0259 u\u011frayan qad\u0131nlar \u00e7ox vaxt bunu etiraf ed\u0259 bilm\u0259dikl\u0259ri \u00fc\u00e7\u00fcn, bunu ed\u0259n insanlar c\u0259zas\u0131z qal\u0131r. H\u0259tta ail\u0259i\u00e7i t\u0259cav\u00fcz hallar\u0131 olur. Bel\u0259 olduqda yen\u0259 qad\u0131nlar susur, s\u00f6yl\u0259m\u0259kd\u0259n qorxurlar.\n<\/p>\n<p>\n  Qad\u0131nlara ictimai n\u0259qliyyatda v\u0259 dig\u0259r ictimai yerl\u0259rd\u0259 fiziki t\u0259mas ed\u0259r\u0259k, \u00f6z iyr\u0259nc \u0259m\u0259ll\u0259rini t\u00f6r\u0259d\u0259nl\u0259r\u0259 is\u0259 \u00f6lk\u0259mizd\u0259 he\u00e7 bir c\u0259za yoxdur. Qad\u0131nlarla ist\u0259dikl\u0259ri zaman, ist\u0259dikl\u0259ri kimi r\u0259ftar ed\u0259 bil\u0259c\u0259kl\u0259rini d\u00fc\u015f\u00fcn\u0259n b\u0259zi ki\u015fil\u0259r \u00f6z iyr\u0259nc n\u0259fsl\u0259rinin qurban\u0131 olurlar. Bu insanlar\u0131 if\u015fa etdikd\u0259 is\u0259 yen\u0259 g\u00fcnahkar qad\u0131nlar olur. \u00c7ox vaxt utan\u0131b, s\u0259sl\u0259rini \u00e7\u0131xarm\u0131rlar, s\u00f6yl\u0259m\u0259kd\u0259n qorxurlar.\n<\/p>\n<p>\n  Y\u0259qin ki, \u00e7oxunuzun sosial \u015f\u0259b\u0259k\u0259d\u0259 s\u0259s g\u0259tir\u0259n #\u042f\u041d\u0435\u0411\u043e\u044e\u0441\u044c\u0421\u043a\u0430\u0437\u0430\u0442\u044c (S\u00f6yl\u0259m\u0259kd\u0259n qorxmuram) ha\u015ftaq\u0131ndan x\u0259b\u0259riniz var. Ukraynal\u0131 v\u0259 rus qad\u0131nlar m\u0259ruz qald\u0131qlar\u0131 fiziki zorak\u0131l\u0131qlar\u0131 bu ha\u015ftaq vasit\u0259sil\u0259 d\u00fcnyaya \u00e7atd\u0131r\u0131rlar. Bu h\u0259r\u0259kat\u0131n ba\u015flan\u011f\u0131c\u0131n\u0131 qoyan Anastasiya Melni\u00e7enko ha\u015ftaq\u0131 yaratmaqda m\u0259qs\u0259dinin qad\u0131nlara qar\u015f\u0131 fiziki, psixoloji v\u0259 seksual zorak\u0131l\u0131q g\u00f6st\u0259r\u0259n \u015f\u0259xsl\u0259ri if\u015fa etm\u0259k oldu\u011funu a\u00e7\u0131qlay\u0131b.\n<\/p>\n<p>\n  Biz d\u0259 is\u0259 bir qad\u0131n\u0131n bunu etiraf etm\u0259si d\u0259h\u015f\u0259tli olard\u0131 y\u0259qin. T\u0259miz D\u00fcnya Qad\u0131nlara Yard\u0131m \u0130ctimai Birliyinin v\u0259 Lent.az sayt\u0131n\u0131n bir ne\u00e7\u0259 il \u0259vv\u0259l ke\u00e7irdiyi &#8220;Qad\u0131nlara qar\u015f\u0131 zorak\u0131l\u0131\u011fa yox!&#8221; h\u0259ft\u0259si \u00f6lk\u0259nin tan\u0131nan qad\u0131nlar\u0131 \u00f6z hekay\u0259tl\u0259rini dan\u0131\u015fd\u0131lar. Birini \u0259ri, birini atas\u0131, birini b\u00fct\u00fcn ail\u0259si ill\u0259r uzunu d\u00f6ym\u00fc\u015f, t\u0259hqir etmi\u015fdi. Bu hekay\u0259tl\u0259r \u00e7ap olunan \u0259r\u0259f\u0259d\u0259 bir ne\u00e7\u0259 yaz\u0131\u00e7\u0131 bel\u0259 sosial \u015f\u0259b\u0259k\u0259l\u0259rd\u0259 bu i\u015fk\u0259nc\u0259l\u0259r\u0259 haqq qazand\u0131rd\u0131 v\u0259 qad\u0131nlar\u0131n \u00f6zl\u0259rinin g\u00fcnahkar oldu\u011funu, ya da bo\u015fanma\u011fa b\u0259han\u0259 axtard\u0131\u011f\u0131n\u0131 yazd\u0131.\n<\/p>\n<p>\n  B\u0259lk\u0259 el\u0259 buna g\u00f6r\u0259, bu ictimai q\u0131na\u011fa g\u00f6r\u0259, qad\u0131nlar\u0131m\u0131z bu etiraflara c\u0259hd etmir bel\u0259. D\u00fc\u015f\u00fcn\u00fcrl\u0259r ki, el\u0259 ictimai q\u0131naq \u00f6z\u00fcm\u00fcz\u0259, qad\u0131nlara qar\u015f\u0131 olacaq. Y\u0259ni yen\u0259 d\u0259 s\u00f6yl\u0259m\u0259kd\u0259n qorxurlar.\n<\/p>\n<p>\n  Qad\u0131nlar fiziki zorak\u0131l\u0131\u011fa m\u0259ruz qal\u0131r &#8211; s\u00f6yl\u0259m\u0259kd\u0259n qorxur.\n<\/p>\n<p>\n  Qad\u0131nlar d\u00f6y\u00fcl\u00fcr &#8211; s\u00f6yl\u0259m\u0259kd\u0259n qorxurlar.\n<\/p>\n<p>\n  Qad\u0131nlar h\u0259d\u0259l\u0259nir &#8211; s\u00f6yl\u0259m\u0259kd\u0259n qorxur.\n<\/p>\n<p>\n  Qad\u0131nlar psixoloji v\u0259 m\u0259n\u0259vi t\u0259zyiq\u0259 m\u0259ruz qal\u0131r &#8211; s\u00f6yl\u0259m\u0259kd\u0259n qorxur.\n<\/p>\n<p>\n  Ba\u015fqa \u00f6lk\u0259l\u0259rd\u0259 qad\u0131na veril\u0259n d\u0259y\u0259rd\u0259n, ba\u015fqa m\u0259d\u0259niyy\u0259tl\u0259rd\u0259n, ba\u015fqa c\u0259nn\u0259tl\u0259rd\u0259n dan\u0131\u015fmaqdan yorulduq. \u018fdal\u0259ti \u00f6z ya\u015fad\u0131\u011f\u0131m\u0131z \u00f6lk\u0259d\u0259 g\u00f6rm\u0259k ist\u0259yirik. Bu bizim qad\u0131nlar\u0131m\u0131z\u0131n da haqq\u0131d\u0131r. \u00d6z \u00f6lk\u0259mizd\u0259 d\u0259 rahat yatmaq, burada q\u0131z \u00f6vladlar\u0131m\u0131z\u0131 rahat b\u00f6y\u00fctm\u0259k ist\u0259yirik, ancaq olmur. Qad\u0131n\u0131 bu \u00f6lk\u0259d\u0259 he\u00e7 kim d\u00fc\u015f\u00fcnm\u00fcr.\n<\/p>\n<p>\n  He\u00e7 olmasa, biz \u00f6z\u00fcm\u00fcz\u00fc d\u00fc\u015f\u00fcn\u0259k qad\u0131nlar! Haqq\u0131m\u0131z\u0131 t\u0259l\u0259b etm\u0259kd\u0259n, s\u00f6yl\u0259m\u0259kd\u0259n qorxmayaq!\n<\/p>\n<p>\n  <b><br \/>\n    Yaz\u0131 m\u00fc\u0259llifin \u015f\u0259xsi m\u00f6vqeyini \u0259ks etdirir. M\u00fc\u0259llifin m\u00f6vqeyi Meydan.Tv-nin m\u00f6vqeyi il\u0259 \u00fcst-\u00fcst\u0259 d\u00fc\u015fm\u0259y\u0259 bil\u0259r.<br \/>\n  <\/b>\n<\/p><\/p>\n","protected":false},"excerpt":{"rendered":"<p>S\u00f6yl\u0259m\u0259kd\u0259n qorxma!<\/p>\n","protected":false},"author":11,"featured_media":64348,"comment_status":"closed","ping_status":"open","sticky":false,"template":"","format":"standard","meta":{"_acf_changed":false,"_sitemap_exclude":false,"_sitemap_priority":"","_sitemap_frequency":"","footnotes":""},"categories":[57],"tags":[],"class_list":["post-177814","post","type-post","status-publish","format-standard","has-post-thumbnail","hentry","category-menim-fikrimce","infinite-scroll-item","generate-columns","tablet-grid-50","mobile-grid-100","grid-parent","grid-33","no-featured-image-padding"],"acf":[],"yoast_head":"<!-- This site is optimized with the Yoast SEO plugin v27.5 - https:\/\/yoast.com\/product\/yoast-seo-wordpress\/ -->\n<title>Yen\u0259 d\u0259 qad\u0131n... - MEYDAN.TV<\/title>\n<meta name=\"robots\" content=\"index, follow, max-snippet:-1, max-image-preview:large, max-video-preview:-1\" \/>\n<link rel=\"canonical\" href=\"https:\/\/www.meydan.tv\/az\/article\/yene-de-qadin\/\" \/>\n<meta property=\"og:locale\" content=\"az_AZ\" \/>\n<meta property=\"og:type\" content=\"article\" \/>\n<meta property=\"og:title\" content=\"Yen\u0259 d\u0259 qad\u0131n... - MEYDAN.TV\" \/>\n<meta property=\"og:description\" content=\"S\u00f6yl\u0259m\u0259kd\u0259n qorxma!\" \/>\n<meta property=\"og:url\" content=\"https:\/\/www.meydan.tv\/az\/article\/yene-de-qadin\/\" \/>\n<meta property=\"og:site_name\" content=\"MEYDAN.TV\" \/>\n<meta property=\"article:published_time\" content=\"2016-07-31T13:17:51+00:00\" \/>\n<meta property=\"og:image\" content=\"https:\/\/www.meydan.tv\/wp-content\/uploads\/24571.jpg\" \/>\n\t<meta property=\"og:image:width\" content=\"400\" \/>\n\t<meta property=\"og:image:height\" content=\"400\" \/>\n\t<meta property=\"og:image:type\" content=\"image\/jpeg\" \/>\n<meta name=\"author\" content=\"user-manager\" \/>\n<meta name=\"twitter:card\" content=\"summary_large_image\" \/>\n<script type=\"application\/ld+json\" class=\"yoast-schema-graph\">{\"@context\":\"https:\\\/\\\/schema.org\",\"@graph\":[{\"@type\":\"Article\",\"@id\":\"https:\\\/\\\/www.meydan.tv\\\/az\\\/article\\\/yene-de-qadin\\\/#article\",\"isPartOf\":{\"@id\":\"https:\\\/\\\/www.meydan.tv\\\/az\\\/article\\\/yene-de-qadin\\\/\"},\"author\":{\"name\":\"user-manager\",\"@id\":\"https:\\\/\\\/www.meydan.tv\\\/az\\\/#\\\/schema\\\/person\\\/10d11eccf6da3662cf5fdab9806ea91a\"},\"headline\":\"Yen\u0259 d\u0259 qad\u0131n&#8230;\",\"datePublished\":\"2016-07-31T13:17:51+00:00\",\"mainEntityOfPage\":{\"@id\":\"https:\\\/\\\/www.meydan.tv\\\/az\\\/article\\\/yene-de-qadin\\\/\"},\"wordCount\":1490,\"publisher\":{\"@id\":\"https:\\\/\\\/www.meydan.tv\\\/az\\\/#organization\"},\"image\":{\"@id\":\"https:\\\/\\\/www.meydan.tv\\\/az\\\/article\\\/yene-de-qadin\\\/#primaryimage\"},\"thumbnailUrl\":\"https:\\\/\\\/www.meydan.tv\\\/wp-content\\\/uploads\\\/24571.jpg\",\"articleSection\":[\"M\u0259nim Fikrimc\u0259\"],\"inLanguage\":\"az\"},{\"@type\":\"WebPage\",\"@id\":\"https:\\\/\\\/www.meydan.tv\\\/az\\\/article\\\/yene-de-qadin\\\/\",\"url\":\"https:\\\/\\\/www.meydan.tv\\\/az\\\/article\\\/yene-de-qadin\\\/\",\"name\":\"Yen\u0259 d\u0259 qad\u0131n... - MEYDAN.TV\",\"isPartOf\":{\"@id\":\"https:\\\/\\\/www.meydan.tv\\\/az\\\/#website\"},\"primaryImageOfPage\":{\"@id\":\"https:\\\/\\\/www.meydan.tv\\\/az\\\/article\\\/yene-de-qadin\\\/#primaryimage\"},\"image\":{\"@id\":\"https:\\\/\\\/www.meydan.tv\\\/az\\\/article\\\/yene-de-qadin\\\/#primaryimage\"},\"thumbnailUrl\":\"https:\\\/\\\/www.meydan.tv\\\/wp-content\\\/uploads\\\/24571.jpg\",\"datePublished\":\"2016-07-31T13:17:51+00:00\",\"breadcrumb\":{\"@id\":\"https:\\\/\\\/www.meydan.tv\\\/az\\\/article\\\/yene-de-qadin\\\/#breadcrumb\"},\"inLanguage\":\"az\",\"potentialAction\":[{\"@type\":\"ReadAction\",\"target\":[\"https:\\\/\\\/www.meydan.tv\\\/az\\\/article\\\/yene-de-qadin\\\/\"]}]},{\"@type\":\"ImageObject\",\"inLanguage\":\"az\",\"@id\":\"https:\\\/\\\/www.meydan.tv\\\/az\\\/article\\\/yene-de-qadin\\\/#primaryimage\",\"url\":\"https:\\\/\\\/www.meydan.tv\\\/wp-content\\\/uploads\\\/24571.jpg\",\"contentUrl\":\"https:\\\/\\\/www.meydan.tv\\\/wp-content\\\/uploads\\\/24571.jpg\",\"width\":400,\"height\":400,\"caption\":\"Source:\"},{\"@type\":\"BreadcrumbList\",\"@id\":\"https:\\\/\\\/www.meydan.tv\\\/az\\\/article\\\/yene-de-qadin\\\/#breadcrumb\",\"itemListElement\":[{\"@type\":\"ListItem\",\"position\":1,\"name\":\"Ana s\u0259hif\u0259\",\"item\":\"https:\\\/\\\/www.meydan.tv\\\/az\\\/\"},{\"@type\":\"ListItem\",\"position\":2,\"name\":\"M\u0259nim Fikrimc\u0259\",\"item\":\"https:\\\/\\\/www.meydan.tv\\\/az\\\/section\\\/menim-fikrimce\\\/\"},{\"@type\":\"ListItem\",\"position\":3,\"name\":\"Yen\u0259 d\u0259 qad\u0131n&#8230;\"}]},{\"@type\":\"WebSite\",\"@id\":\"https:\\\/\\\/www.meydan.tv\\\/az\\\/#website\",\"url\":\"https:\\\/\\\/www.meydan.tv\\\/az\\\/\",\"name\":\"MEYDAN.TV\",\"description\":\"Meydan TV Az\u0259rbaycan\u0131n media m\u0259kan\u0131ndak\u0131 alternativ s\u0259sidir\",\"publisher\":{\"@id\":\"https:\\\/\\\/www.meydan.tv\\\/az\\\/#organization\"},\"potentialAction\":[{\"@type\":\"SearchAction\",\"target\":{\"@type\":\"EntryPoint\",\"urlTemplate\":\"https:\\\/\\\/www.meydan.tv\\\/az\\\/?s={search_term_string}\"},\"query-input\":{\"@type\":\"PropertyValueSpecification\",\"valueRequired\":true,\"valueName\":\"search_term_string\"}}],\"inLanguage\":\"az\"},{\"@type\":\"Organization\",\"@id\":\"https:\\\/\\\/www.meydan.tv\\\/az\\\/#organization\",\"name\":\"Meydan TV\",\"url\":\"https:\\\/\\\/www.meydan.tv\\\/az\\\/\",\"logo\":{\"@type\":\"ImageObject\",\"inLanguage\":\"az\",\"@id\":\"https:\\\/\\\/www.meydan.tv\\\/az\\\/#\\\/schema\\\/logo\\\/image\\\/\",\"url\":\"https:\\\/\\\/www.meydan.tv\\\/wp-content\\\/uploads\\\/2021\\\/07\\\/meydan-logo.svg\",\"contentUrl\":\"https:\\\/\\\/www.meydan.tv\\\/wp-content\\\/uploads\\\/2021\\\/07\\\/meydan-logo.svg\",\"width\":195,\"height\":46,\"caption\":\"Meydan TV\"},\"image\":{\"@id\":\"https:\\\/\\\/www.meydan.tv\\\/az\\\/#\\\/schema\\\/logo\\\/image\\\/\"}},{\"@type\":\"Person\",\"@id\":\"https:\\\/\\\/www.meydan.tv\\\/az\\\/#\\\/schema\\\/person\\\/10d11eccf6da3662cf5fdab9806ea91a\",\"name\":\"user-manager\"}]}<\/script>\n<!-- \/ Yoast SEO plugin. -->","yoast_head_json":{"title":"Yen\u0259 d\u0259 qad\u0131n... - MEYDAN.TV","robots":{"index":"index","follow":"follow","max-snippet":"max-snippet:-1","max-image-preview":"max-image-preview:large","max-video-preview":"max-video-preview:-1"},"canonical":"https:\/\/www.meydan.tv\/az\/article\/yene-de-qadin\/","og_locale":"az_AZ","og_type":"article","og_title":"Yen\u0259 d\u0259 qad\u0131n... - MEYDAN.TV","og_description":"S\u00f6yl\u0259m\u0259kd\u0259n qorxma!","og_url":"https:\/\/www.meydan.tv\/az\/article\/yene-de-qadin\/","og_site_name":"MEYDAN.TV","article_published_time":"2016-07-31T13:17:51+00:00","og_image":[{"width":400,"height":400,"url":"https:\/\/www.meydan.tv\/wp-content\/uploads\/24571.jpg","type":"image\/jpeg"}],"author":"user-manager","twitter_card":"summary_large_image","schema":{"@context":"https:\/\/schema.org","@graph":[{"@type":"Article","@id":"https:\/\/www.meydan.tv\/az\/article\/yene-de-qadin\/#article","isPartOf":{"@id":"https:\/\/www.meydan.tv\/az\/article\/yene-de-qadin\/"},"author":{"name":"user-manager","@id":"https:\/\/www.meydan.tv\/az\/#\/schema\/person\/10d11eccf6da3662cf5fdab9806ea91a"},"headline":"Yen\u0259 d\u0259 qad\u0131n&#8230;","datePublished":"2016-07-31T13:17:51+00:00","mainEntityOfPage":{"@id":"https:\/\/www.meydan.tv\/az\/article\/yene-de-qadin\/"},"wordCount":1490,"publisher":{"@id":"https:\/\/www.meydan.tv\/az\/#organization"},"image":{"@id":"https:\/\/www.meydan.tv\/az\/article\/yene-de-qadin\/#primaryimage"},"thumbnailUrl":"https:\/\/www.meydan.tv\/wp-content\/uploads\/24571.jpg","articleSection":["M\u0259nim Fikrimc\u0259"],"inLanguage":"az"},{"@type":"WebPage","@id":"https:\/\/www.meydan.tv\/az\/article\/yene-de-qadin\/","url":"https:\/\/www.meydan.tv\/az\/article\/yene-de-qadin\/","name":"Yen\u0259 d\u0259 qad\u0131n... - MEYDAN.TV","isPartOf":{"@id":"https:\/\/www.meydan.tv\/az\/#website"},"primaryImageOfPage":{"@id":"https:\/\/www.meydan.tv\/az\/article\/yene-de-qadin\/#primaryimage"},"image":{"@id":"https:\/\/www.meydan.tv\/az\/article\/yene-de-qadin\/#primaryimage"},"thumbnailUrl":"https:\/\/www.meydan.tv\/wp-content\/uploads\/24571.jpg","datePublished":"2016-07-31T13:17:51+00:00","breadcrumb":{"@id":"https:\/\/www.meydan.tv\/az\/article\/yene-de-qadin\/#breadcrumb"},"inLanguage":"az","potentialAction":[{"@type":"ReadAction","target":["https:\/\/www.meydan.tv\/az\/article\/yene-de-qadin\/"]}]},{"@type":"ImageObject","inLanguage":"az","@id":"https:\/\/www.meydan.tv\/az\/article\/yene-de-qadin\/#primaryimage","url":"https:\/\/www.meydan.tv\/wp-content\/uploads\/24571.jpg","contentUrl":"https:\/\/www.meydan.tv\/wp-content\/uploads\/24571.jpg","width":400,"height":400,"caption":"Source:"},{"@type":"BreadcrumbList","@id":"https:\/\/www.meydan.tv\/az\/article\/yene-de-qadin\/#breadcrumb","itemListElement":[{"@type":"ListItem","position":1,"name":"Ana s\u0259hif\u0259","item":"https:\/\/www.meydan.tv\/az\/"},{"@type":"ListItem","position":2,"name":"M\u0259nim Fikrimc\u0259","item":"https:\/\/www.meydan.tv\/az\/section\/menim-fikrimce\/"},{"@type":"ListItem","position":3,"name":"Yen\u0259 d\u0259 qad\u0131n&#8230;"}]},{"@type":"WebSite","@id":"https:\/\/www.meydan.tv\/az\/#website","url":"https:\/\/www.meydan.tv\/az\/","name":"MEYDAN.TV","description":"Meydan TV Az\u0259rbaycan\u0131n media m\u0259kan\u0131ndak\u0131 alternativ s\u0259sidir","publisher":{"@id":"https:\/\/www.meydan.tv\/az\/#organization"},"potentialAction":[{"@type":"SearchAction","target":{"@type":"EntryPoint","urlTemplate":"https:\/\/www.meydan.tv\/az\/?s={search_term_string}"},"query-input":{"@type":"PropertyValueSpecification","valueRequired":true,"valueName":"search_term_string"}}],"inLanguage":"az"},{"@type":"Organization","@id":"https:\/\/www.meydan.tv\/az\/#organization","name":"Meydan TV","url":"https:\/\/www.meydan.tv\/az\/","logo":{"@type":"ImageObject","inLanguage":"az","@id":"https:\/\/www.meydan.tv\/az\/#\/schema\/logo\/image\/","url":"https:\/\/www.meydan.tv\/wp-content\/uploads\/2021\/07\/meydan-logo.svg","contentUrl":"https:\/\/www.meydan.tv\/wp-content\/uploads\/2021\/07\/meydan-logo.svg","width":195,"height":46,"caption":"Meydan TV"},"image":{"@id":"https:\/\/www.meydan.tv\/az\/#\/schema\/logo\/image\/"}},{"@type":"Person","@id":"https:\/\/www.meydan.tv\/az\/#\/schema\/person\/10d11eccf6da3662cf5fdab9806ea91a","name":"user-manager"}]}},"_links":{"self":[{"href":"https:\/\/www.meydan.tv\/az\/wp-json\/wp\/v2\/posts\/177814","targetHints":{"allow":["GET"]}}],"collection":[{"href":"https:\/\/www.meydan.tv\/az\/wp-json\/wp\/v2\/posts"}],"about":[{"href":"https:\/\/www.meydan.tv\/az\/wp-json\/wp\/v2\/types\/post"}],"author":[{"embeddable":true,"href":"https:\/\/www.meydan.tv\/az\/wp-json\/wp\/v2\/users\/11"}],"replies":[{"embeddable":true,"href":"https:\/\/www.meydan.tv\/az\/wp-json\/wp\/v2\/comments?post=177814"}],"version-history":[{"count":0,"href":"https:\/\/www.meydan.tv\/az\/wp-json\/wp\/v2\/posts\/177814\/revisions"}],"wp:featuredmedia":[{"embeddable":true,"href":"https:\/\/www.meydan.tv\/az\/wp-json\/wp\/v2\/media\/64348"}],"wp:attachment":[{"href":"https:\/\/www.meydan.tv\/az\/wp-json\/wp\/v2\/media?parent=177814"}],"wp:term":[{"taxonomy":"category","embeddable":true,"href":"https:\/\/www.meydan.tv\/az\/wp-json\/wp\/v2\/categories?post=177814"},{"taxonomy":"post_tag","embeddable":true,"href":"https:\/\/www.meydan.tv\/az\/wp-json\/wp\/v2\/tags?post=177814"}],"curies":[{"name":"wp","href":"https:\/\/api.w.org\/{rel}","templated":true}]}}