{"id":177807,"date":"2016-07-30T01:14:48","date_gmt":"2016-07-30T01:14:48","guid":{"rendered":"https:\/\/www.meydan.tv\/article\/referendumdan-sonra-yeni-siyasi-merhele-baslayacaq\/"},"modified":"2016-07-30T01:14:48","modified_gmt":"2016-07-30T01:14:48","slug":"referendumdan-sonra-yeni-siyasi-merhele-baslayacaq","status":"publish","type":"post","link":"https:\/\/www.meydan.tv\/az\/article\/referendumdan-sonra-yeni-siyasi-merhele-baslayacaq\/","title":{"rendered":"Referendumdan sonra yeni siyasi m\u0259rh\u0259l\u0259 ba\u015flayacaq?!"},"content":{"rendered":"<figure class=\"wp-block-image size-large\">\n  <img decoding=\"async\" src=\"https:\/\/www.meydan.tv\/az\/64351\/\" alt=\"\" class=\"wp-image-64351\"\/><figcaption><\/figcaption><\/figure>\n<figure class=\"wp-block-image size-large\">\n  <img decoding=\"async\" src=\"https:\/\/www.meydan.tv\/az\/64357\/\" alt=\"\" class=\"wp-image-64357\"\/><figcaption><\/figcaption><\/figure>\n<p>\n  <i><br \/>\n    \u00d6lk\u0259nin b\u00fct\u00fcn vicdanl\u0131, d\u00fcr\u00fcst, m\u00fcst\u0259qil insanlar\u0131 qorxulu t\u0259hl\u00fck\u0259 il\u0259 \u00fcz-\u00fcz\u0259dir<br \/>\n  <\/i><br \/>\n  \n<\/p>\n<p>\n  \u00d6lk\u0259d\u0259 g\u00fcn\u00fc-g\u00fcnd\u0259n d\u0259rinl\u0259\u015f\u0259n sosial-iqtisadi b\u00f6hran \u0259halinin s\u00fcr\u0259tl\u0259 yoxsulla\u015fmas\u0131 v\u0259 geni\u015f naraz\u0131l\u0131\u011f\u0131 il\u0259 m\u00fc\u015fayi\u0259t olunur. Regionlarda apard\u0131\u011f\u0131m\u0131z monitorinql\u0259r \u0259sas\u0131nda formala\u015fan q\u0259na\u0259timiz budur ki, \u0259halinin m\u00fctl\u0259q \u0259ks\u0259riyy\u0259ti \u00e7ox pis ya\u015fay\u0131r. A\u00e7\u0131q etirazlar ba\u015f verm\u0259s\u0259 d\u0259, naraz\u0131l\u0131q s\u00fcr\u0259tl\u0259 \u00e7oxal\u0131r v\u0259 bir g\u00fcn m\u0259h\u0259lli etirazlar\u0131n q\u0131z\u0131\u015faca\u011f\u0131 da istisna deyil.\n<\/p>\n<p>\n  B\u00f6hran\u0131n qar\u015f\u0131s\u0131n\u0131 almaq \u00fc\u00e7\u00fcn he\u00e7 bir normal iqtisadi t\u0259nziml\u0259m\u0259 g\u0259tirm\u0259yi bacarmayan iqtidar bir ild\u0259n \u00e7oxdur ki, \u0259halinin diqq\u0259tini idar\u0259etm\u0259nin bacar\u0131qs\u0131zl\u0131\u011f\u0131ndan yay\u0131nd\u0131rma\u011fa xidm\u0259t ed\u0259n m\u00fcxt\u0259lif s\u0259pkili add\u0131mlar at\u0131r. \u0130nsanlar\u0131n h\u00fcquq v\u0259 azdl\u0131qlar\u0131n\u0131 m\u0259hdudla\u015fd\u0131rmaq, toplumda k\u00fctl\u0259vi \u00fcmidsizlik, qorxu, \u00e7ar\u0259sizlik yaratmaq \u00fc\u00e7\u00fcn \u0259n a\u011f\u0131las\u0131\u011fmaz q\u0259rarlar q\u0259bul edir. H\u00fcquq-m\u00fchafiz\u0259 orqanlar\u0131n\u0131n g\u00fcc\u00fc il\u0259 h\u00fcquqa v\u0259 qanun\u00e7ulu\u011fa a\u00e7\u0131q-a\u015fkar meydan oxunaraq, hakimiyy\u0259tl\u0259 \u0259hali aras\u0131nda n\u0259h\u0259ng bir qala h\u00f6r\u00fcl\u00fcr.\n<\/p>\n<p>\n  Konstitusiyaya edil\u0259c\u0259k m\u0259hdudla\u015fd\u0131r\u0131c\u0131 \u0259lav\u0259 v\u0259 d\u0259yi\u015fiklikl\u0259ri \u00f6z\u00fcnd\u0259 birl\u0259\u015fdir\u0259n referendumun ke\u00e7irilm\u0259si d\u0259 \u201cxalqdan qorunma\u201d siyas\u0259tinin davam\u0131 kimi g\u00f6r\u00fcn\u00fcr. \u00c7ox g\u00fcman ki, yerli v\u0259 beyn\u0259lxalq m\u00fct\u0259r\u0259qqi q\u00fcvv\u0259l\u0259r ke\u00e7iril\u0259c\u0259k referendumu azadl\u0131qlar\u0131n m\u0259hdudla\u015fd\u0131r\u0131lmas\u0131, m\u00fclkiyy\u0259t toxunulmazl\u0131\u011f\u0131n\u0131n ortadan qald\u0131r\u0131lmas\u0131, m\u00fcdd\u0259tsiz hakimiyy\u0259t\u0259 konstitusional z\u0259min haz\u0131rlanmas\u0131, d\u00f6vl\u0259t nizam\u0131n\u0131n b\u0259rbad hala sal\u0131nmas\u0131 v\u0259 b\u00fct\u00f6vl\u00fckd\u0259 demokratiyaya b\u0259sl\u0259n\u0259n \u00fcmidl\u0259rin yox edilm\u0259si istiqam\u0259tind\u0259 \u201cislahat\u201d kimi q\u0259bul ed\u0259c\u0259k.<br \/>\n  <br \/>\n  H\u0259l\u0259 ilin \u0259vv\u0259lind\u0259 yazd\u0131\u011f\u0131m bir ne\u00e7\u0259 yaz\u0131mda da proqnoz etmi\u015fdim ki, hakimiyy\u0259tin bu il Konstitusiyaya \u0259lav\u0259 v\u0259 d\u0259yi\u015fiklikl\u0259r ed\u0259c\u0259yi ehtimal\u0131 var. Bunu hans\u0131sa u\u011furlu siyasi islahatlar\u0131n ba\u015flanmas\u0131 kimi deyil, hakimiyy\u0259t elitas\u0131n\u0131 idar\u0259etm\u0259nin yaratd\u0131\u011f\u0131 sosial b\u00f6hrandan qorumaq m\u0259qs\u0259di il\u0259 ed\u0259c\u0259kl\u0259r. H\u0259tta siyasi-iqtisadi islahatlarla ba\u011fl\u0131 \u00f6lk\u0259 ba\u015f\u00e7\u0131s\u0131n\u0131n dilind\u0259n d\u0259 bir-ne\u00e7\u0259 \u00fcmumi v\u0259 m\u00fcc\u0259rr\u0259d tezisl\u0259r s\u0259sl\u0259nmi\u015fdi. H\u00f6kum\u0259t \u00fczvl\u0259rinin f\u0259rdi davran\u0131\u015flar\u0131nda, prezidentin m\u00fc\u015favir\u0259l\u0259rind\u0259 bir-birini t\u0259kzib ed\u0259n tezisl\u0259rin davaml\u0131 olaraq s\u0259sl\u0259nm\u0259si d\u0259 iqtidar\u0131n bir \u00e7\u0131x\u0131lmazl\u0131q sindromunda oldu\u011funu sezdirirdi.\n<\/p>\n<p>\n  Do\u011frusu, konstitusiyaya t\u0259klif edil\u0259n \u0259lav\u0259 v\u0259 d\u0259yi\u015fiklikl\u0259rin bu q\u0259d\u0259r m\u0259hdula\u015fd\u0131r\u0131c\u0131 tonda olaca\u011f\u0131n\u0131 t\u0259s\u0259vv\u00fcr etmirdim. \u00c7\u00fcnki hakimiyy\u0259tin \u00fczl\u0259\u015fdiyi durumda m\u0259ntiqi yana\u015fma bunun \u0259ksini t\u0259l\u0259b edirdi. G\u00f6r\u00fcn\u00fcr bizim t\u0259s\u0259vv\u00fcr etm\u0259diyimiz v\u0259 hakimiyy\u0259tin t\u0259\u015fvi\u015fin\u0259 s\u0259b\u0259b olacaq \u00e7ox ciddi daxili v\u0259 xarici amill\u0259r var. \u0130ndiy\u0259 kimi hakim komandaya arxalanaraq \u00f6z\u00fcn\u00fc xalqdan qoruyan iqtidar, n\u0259d\u0259ns\u0259 indi \u00f6z komandas\u0131ndan da qorunmaq hissini n\u00fcmayi\u015f etdirir. T\u0259hlill\u0259r onu g\u00f6st\u0259rir ki, yax\u0131n d\u00f6vr \u00fc\u00e7\u00fcn hakim komandan\u0131n \u0259sas g\u00fccl\u00fc \u00fczvl\u0259rinin h\u0259m v\u0259zif\u0259l\u0259rini, h\u0259m d\u0259 m\u00fclkiyy\u0259tl\u0259rini itir\u0259c\u0259yi proses\u0259 d\u0259 \u015fahidlik ed\u0259c\u0259yik.\n<\/p>\n<p>\n  Referendumun hans\u0131 z\u0259rur\u0259td\u0259n do\u011fmas\u0131, t\u0259l\u0259sik ke\u00e7irilm\u0259sinin s\u0259b\u0259bl\u0259ri, \u0259sas m\u0259qs\u0259d n\u0259dir, kimi suallar \u0259traf\u0131nda m\u00fcxalif\u0259tin \u00e7ox k\u0259skin v\u0259 s\u0259rrast siyasi m\u00f6vqeyi topluma t\u0259qdim edildiyi \u00fc\u00e7\u00fcn biz bu bar\u0259d\u0259 geni\u015f fikir bildirm\u0259y\u0259 vaxt s\u0259rf etm\u0259y\u0259k. M\u00fc\u015fahid\u0259l\u0259rimiz\u0259 \u0259sas\u0259n dey\u0259 bil\u0259rik ki, yay aylar\u0131nda beyn\u0259lxalq t\u0259\u015fkilatlar\u0131n istirah\u0259td\u0259 oldu\u011funu, AB\u015e-da q\u0131z\u011f\u0131n se\u00e7ki haz\u0131rl\u0131\u011f\u0131n\u0131, Avropa Birliyinin \u0259sas \u00f6lk\u0259l\u0259rind\u0259 terror qay\u011f\u0131lar\u0131n\u0131, T\u00fcrkiy\u0259d\u0259 h\u0259rbi \u00e7evrili\u015f c\u0259hdini f\u00fcrs\u0259t bilib, beyn\u0259lxalq ictimaiyy\u0259tin diqq\u0259tinin \u00f6lk\u0259miz\u0259 asanl\u0131qla y\u00f6n\u0259lm\u0259y\u0259c\u0259yini d\u00fc\u015f\u00fcn\u0259r\u0259k bel\u0259 t\u0259l\u0259sik q\u0259rar verildi.\n<\/p>\n<p>\n  Qeyd etdiyimiz kimi, \u00fcmum\u00f6lk\u0259 \u00fczr\u0259 durum \u00e7ox g\u0259rgindir. Bunu ist\u0259nil\u0259n \u015f\u0259xs \u0259n s\u0259thi \u015fifahi sor\u011fularla da m\u00fc\u0259yy\u0259n ed\u0259 bil\u0259r. Hakimiyy\u0259tin antib\u00f6hran t\u0259dbirl\u0259rinin s\u0259m\u0259r\u0259siz olmas\u0131 \u0259halinin g\u00fcz\u0259ran\u0131n\u0131n g\u00fcn\u00fc-g\u00fcnd\u0259n a\u011f\u0131rla\u015fmas\u0131na v\u0259 \u00f6lk\u0259d\u0259 sosial-iqtisadi tarazl\u0131\u011f\u0131n tamamil\u0259 pozulmas\u0131na g\u0259tirib \u00e7\u0131xaracaq. Pay\u0131z aylar\u0131ndan sonra bu tendensiya daha qabar\u0131q \u015f\u0259kild\u0259 n\u0259z\u0259r\u0259 \u00e7arpacaq. Bununla yana\u015f\u0131 m\u0259mur \u00f6zba\u015f\u0131nal\u0131\u011f\u0131, r\u00fc\u015fv\u0259txorluq, h\u00fcquq tan\u0131mamaq, qanun\u00e7ulu\u011fun s\u0259rt \u00fcz\u00fc il\u0259 sad\u0259 insanlar \u00fcz\u0259rind\u0259 amans\u0131z t\u0259qib aparat\u0131 yaratmaq \u00e7ox t\u0259hl\u00fck\u0259li ictimai-siyasi durum yarad\u0131b. \u018fn ac\u0131nacaql\u0131s\u0131 da odur ki, v\u0259t\u0259nda\u015flar \u00f6lk\u0259d\u0259 m\u00f6vcud idar\u0259etm\u0259nin he\u00e7 bir a\u011f\u0131labatan qanuni t\u0259dbir g\u00f6r\u0259 bilm\u0259m\u0259si ger\u00e7\u0259kliyi il\u0259 \u00fcz-\u00fcz\u0259dir. H\u00f6kum\u0259t sanki h\u00fcquq-m\u00fchafiz\u0259 orqanlar\u0131 \u0259m\u0259kda\u015flar\u0131 il\u0259 \u0259halinin f\u0259al k\u0259siminin qar\u015f\u0131-qar\u015f\u0131ya qoyulmas\u0131 hesab\u0131na xalq\u0131n demokratik t\u0259\u015f\u0259bb\u00fcsl\u0259r\u0259 yolunu qapadaraq b\u00f6hranl\u0131 durumdan bir-iki il\u0259 \u00e7\u0131x\u0131laca\u011f\u0131na \u00fcmid edir.\n<\/p>\n<p>\n  \u0130st\u0259nil\u0259n halda referendumdan sonra \u00f6lk\u0259d\u0259 indiy\u0259d\u0259k m\u00fc\u015fahid\u0259 etm\u0259diyimiz yeni siyasi m\u0259rh\u0259l\u0259 ba\u015flayacaq. \u018fminlikl\u0259 dey\u0259 bil\u0259rik ki, siyas\u0259t\u0259 qar\u0131\u015facaq q\u0259d\u0259r yetkin v\u0259 a\u011f\u0131ll\u0131 olmayan v\u0259t\u0259nda\u015flar\u0131m\u0131z bu qar\u015f\u0131dak\u0131 m\u0259rh\u0259l\u0259d\u0259 daha ac\u0131nacaql\u0131 durumla \u00fczl\u0259\u015f\u0259c\u0259kl\u0259r. \u0130qtidar \u00e7\u0259tinlikl\u0259rd\u0259n do\u011fan sosial etirazlar\u0131n istiqam\u0259tini idar\u0259 olunan s\u00fcni siyasi etirazlarla d\u0259yi\u015fdirm\u0259y\u0259 c\u0259hd ed\u0259c\u0259k v\u0259 bundan yararlanaraq komanda daxili t\u0259mizl\u0259m\u0259 aparacaq. \u0130qtidar m\u0259nsublar\u0131 d\u00fc\u015f\u00fcn\u00fcr ki, \u0259n \u00f6n\u0259mli sosial tezisl\u0259rin t\u0259rp\u0259tm\u0259diyi k\u00fctl\u0259ni, hans\u0131sa siyasi tezisl\u0259rl\u0259 m\u00fcxalif\u0259tin h\u0259r\u0259k\u0259t\u0259 g\u0259tirm\u0259si v\u0259 proses ba\u015flamas\u0131 el\u0259 d\u0259 asan olmayacaq. Bu d\u00f6n\u0259md\u0259 iqtidar\u0131n maraqlar\u0131n\u0131 a\u00e7\u0131q v\u0259 gizli \u015f\u0259klid\u0259 qoruyan \u201cm\u00fcxalif\u0259t\u0259\u201d d\u0259 yeni manipulyasiya siyas\u0259tind\u0259 rol ayr\u0131lacaq. \u00c7ox g\u00fcman ki, n\u00f6vb\u0259ti parlamentd\u0259 t\u0259msil\u00e7ilik imkanlar\u0131n\u0131n veril\u0259c\u0259yi il\u0259 b\u0259zi m\u00fcxalif\u0259t q\u00fcvv\u0259l\u0259rini d\u0259 \u015firnikl\u0259ndirm\u0259k m\u00fcmk\u00fcn olacaq.\n<\/p>\n<p>\n  Artan naraz\u0131l\u0131\u011f\u0131 yum\u015faltmaq \u00fc\u00e7\u00fcn m\u00f6vcud komanda daxilind\u0259 v\u0259t\u0259nda\u015flar\u0131n bir n\u0259f\u0259r d\u0259 olsun etimad etdiyi \u015f\u0259xs yoxdur. Ham\u0131s\u0131 bu v\u0259 ya dig\u0259r fomada d\u0259f\u0259l\u0259rl\u0259 yalan v\u0259dl\u0259r verm\u0259kl\u0259 yadda qal\u0131b. Etiraz etimal\u0131n\u0131 \u00f6nl\u0259m\u0259k \u00fc\u00e7\u00fcn toplumun az-\u00e7ox etimad g\u00f6st\u0259rdiyi, m\u00fcxalif\u0259t imici olan \u015f\u0259xsl\u0259rd\u0259n imitasiya xarakterli istifad\u0259 \u00fc\u00e7\u00fcn parlament se\u00e7kil\u0259rinin azad ke\u00e7iril\u0259c\u0259yi g\u00f6r\u00fcnt\u00fcs\u00fc d\u0259 yarad\u0131la bil\u0259r. Prezidentin asanl\u0131qla buraxaca\u011f\u0131 parlamentin t\u0259rkibin\u0259 m\u00fcxalif imicli \u015f\u0259xsl\u0259rin d\u00fc\u015fm\u0259si bu m\u0259rh\u0259l\u0259d\u0259 hakimiyy\u0259tin i\u015fin\u0259 yaraya bil\u0259r.\n<\/p>\n<p>\n  \u018flb\u0259tt\u0259, bunlar ham\u0131s\u0131 ehtimallard\u0131r v\u0259 yax\u0131n vaxtlarda h\u0259r \u015fey ayd\u0131n olacaq. Prosesl\u0259ri izl\u0259y\u0259n h\u0259r k\u0259si bir s\u0131ra suallar d\u00fc\u015f\u00fcnd\u00fcr\u00fcr ki, bu referendumdan \u0259n \u00e7ox kim z\u0259r\u0259r \u00e7\u0259k\u0259c\u0259k, bundan sonra n\u0259 etm\u0259li, etirazlar effektli olacaqm\u0131?\n<\/p>\n<p>\n  T\u0259klif edil\u0259n \u0259lav\u0259 v\u0259 d\u0259yi\u015fiklikl\u0259rl\u0259 \u0259trafl\u0131 tan\u0131\u015f olduqdan sonra ayd\u0131n q\u0259na\u0259tim yaran\u0131b. Madd\u0259l\u0259ri b\u0259nd-b\u0259nd t\u0259hlil etm\u0259k fikrind\u0259n uzaq olsam da, b\u0259zi \u00fcmumi fikirl\u0259ri qeyd etm\u0259k ist\u0259yir\u0259m. Q\u0131sa olaraq dey\u0259 bil\u0259r\u0259m ki, \u00f6lk\u0259nin b\u00fct\u00fcn vicdanl\u0131, d\u00fcr\u00fcst, m\u00fcst\u0259qil insanlar\u0131 qorxulu t\u0259hl\u00fck\u0259 il\u0259 \u00fcz-\u00fcz\u0259dir. \u00d6lk\u0259mizin 100 il \u00f6nc\u0259 t\u0259m\u0259li qoyulan ictimai-siyasi d\u0259y\u0259rl\u0259ri n\u00fcmayi\u015fk\u0259ran\u0259 \u015f\u0259kild\u0259 ayaqlar alt\u0131na at\u0131l\u0131r. Toplumun d\u00fc\u015f\u00fcnm\u0259k qabiliyy\u0259ti olan b\u00fct\u00fcn n\u00fcmay\u0259nd\u0259l\u0259ri q\u0259ti \u015f\u0259kild\u0259 anlamal\u0131d\u0131r ki, bu referendumun u\u011furla ba\u015f tutmas\u0131 onun \u00fc\u00e7\u00fcn hans\u0131 g\u0259l\u0259c\u0259k v\u0259d edir. F\u0259al etirazlara d\u0259st\u0259k verm\u0259y\u0259n b\u00fct\u00fcn vicdanl\u0131 insanlar g\u0259l\u0259c\u0259kd\u0259 ac\u0131 pe\u015fiman\u00e7\u0131l\u0131q \u00e7\u0259k\u0259c\u0259kl\u0259r.<br \/>\n  <br \/>\n  Kims\u0259 d\u00fc\u015f\u00fcnm\u0259sin ki, etirazlar\u0131n t\u0259\u015fkil edilm\u0259si yaln\u0131z m\u00fcxalif\u0259tin v\u0259 m\u00fcst\u0259qil v\u0259t\u0259nda\u015f c\u0259miyy\u0259tinin v\u0259zif\u0259sidir. Toplumun laqeydliyi v\u0259 bigan\u0259liyi \u00f6lk\u0259mizi a\u011f\u0131r faci\u0259l\u0259r\u0259 s\u00fcr\u00fckl\u0259y\u0259n prosesin t\u0259m\u0259lini qoyur.<br \/>\n  <br \/>\n  Bundan \u00f6nc\u0259ki referendumlar\u0131n t\u0259cr\u00fcb\u0259sind\u0259n d\u0259 bilirik ki, m\u00fcxalif\u0259tin geni\u015f koalisiyada birl\u0259\u015fm\u0259si, t\u0259\u015fviqat qruplar\u0131 yaratmas\u0131 v\u0259 etirazlar\u0131n yaln\u0131z birl\u0259\u015fmi\u015f m\u00fcxalif\u0259td\u0259n g\u0259lm\u0259si he\u00e7 bir m\u00fcsb\u0259t n\u0259tic\u0259 do\u011furmad\u0131. Hakimiyy\u0259t asanl\u0131qla referendumu saxtala\u015fd\u0131raraq ist\u0259diyi h\u00fcquqi n\u0259tic\u0259ni r\u0259smil\u0259\u015fdirdi. El\u0259 bir t\u0259\u0259ss\u00fcrat yarad\u0131ld\u0131 ki, sanki referendum m\u00fcxalif\u0259tin z\u0259r\u0259rin\u0259 oldu\u011fu \u00fc\u00e7\u00fcn yaln\u0131z onlar etiraz edir. Geni\u015f \u0259hali t\u0259\u0259ss\u00fcf ki, bu proses\u0259 qo\u015fulmad\u0131 v\u0259 bu g\u00fcn d\u0259 o yanl\u0131\u015f\u0131n\u0131n b\u0259d\u0259lini banklarda, t\u0259hsil v\u0259 tibb m\u00fc\u0259ssis\u0259l\u0259rind\u0259, m\u0259hk\u0259m\u0259l\u0259rd\u0259, polisd\u0259, icra orqanlar\u0131nda \u00f6d\u0259yir.\n<\/p>\n<p>\n  Son ill\u0259r m\u00fcxalif\u0259tin davran\u0131\u015flar\u0131n\u0131 m\u00fc\u015fahid\u0259 etdikc\u0259 g\u00f6r\u00fcr\u00fck ki, onlar ayd\u0131n v\u0259 do\u011fru strategiya s\u0259rgil\u0259yir.\n<\/p>\n<p>\n  Toplumun k\u00fctl\u0259vi \u015f\u0259kild\u0259 ictimai-siyasi prosesl\u0259r\u0259 qo\u015fulmas\u0131 \u00fc\u00e7\u00fcn m\u0259qs\u0259dy\u00f6nl\u00fc v\u0259 t\u0259mkinli add\u0131mlar at\u0131rlar. \u018fhaliy\u0259 \u00f6z davran\u0131\u015flar\u0131, s\u0259rrast v\u0259 k\u0259skin t\u0259nqidl\u0259ri il\u0259 izah etm\u0259y\u0259 \u00e7al\u0131\u015f\u0131rlar ki, meydanlara \u00e7\u0131x\u0131b h\u00fcquqlar\u0131n m\u00fcdafi\u0259si u\u011frunda m\u00fcbariz\u0259 m\u00fcxalif\u0259tin v\u0259zif\u0259si deyil. D\u00fcnyan\u0131n he\u00e7 bir yerind\u0259 demokratik m\u00fchitin yarad\u0131lmas\u0131 t\u0259kc\u0259 m\u00fcxalif\u0259tin g\u00fcc\u00fc il\u0259 ba\u015f verm\u0259yib. H\u0259tta m\u00fcxalif\u0259t ad\u0131na iddia ed\u0259nl\u0259rin ham\u0131s\u0131n\u0131n d\u0259f\u0259l\u0259rl\u0259 birl\u0259\u015fdiyi vaxtlarda bel\u0259, \u0259halinin qo\u015fulmad\u0131\u011f\u0131 ictimai-siyasi proses u\u011fur qazana bilm\u0259yib. Bunu sad\u0259 insanlar bird\u0259f\u0259lik anlamal\u0131d\u0131r ki, \u00f6lk\u0259d\u0259 v\u0259ziyy\u0259tin d\u00fcz\u0259lm\u0259sini m\u00fcxalif\u0259td\u0259n ummaq \u0259n z\u0259r\u0259rli davran\u0131\u015fd\u0131r v\u0259 hakimiyy\u0259tin maraqlar\u0131na xidm\u0259t etm\u0259kdir.\n<\/p>\n<p>\n  Art\u0131q zaman f\u0259rqli yana\u015fma diqt\u0259 edir v\u0259 \u0259halini proses\u0259 c\u0259lb etm\u0259yin yeni yollar\u0131 t\u0259qdim edilm\u0259lidir. M\u00fcxalif\u0259t iddias\u0131nda olanlar yen\u0259 d\u0259 birl\u0259\u015f\u0259r\u0259k m\u0259suliyy\u0259ti \u00f6z \u00fcz\u0259rin\u0259 al\u0131b hans\u0131sa geni\u015f birlikl\u0259r\u0259 meyl etm\u0259m\u0259lidir. Etiraz prosesind\u0259 birlikd\u0259 i\u015ftirak etm\u0259kl\u0259 i\u015fini bitmi\u015f saymamal\u0131d\u0131r. Referenduma etiraz\u0131n t\u0259\u015fkilinin \u0259n\u0259n\u0259vi qaydada olmamas\u0131na \u00e7al\u0131\u015fmal\u0131d\u0131r. M\u00fcxalif birlikl\u0259r q\u0131sa zaman sonra da\u011f\u0131l\u0131r v\u0259 toplumda ruh d\u00fc\u015fk\u00fcnl\u00fcy\u00fc yaran\u0131r.\n<\/p>\n<p>\n  Odur ki, referenduma etirazlar\u0131 m\u00fcxalif\u0259tin m\u00f6vcud status-kvosunu d\u0259yi\u015fm\u0259d\u0259n etm\u0259k laz\u0131md\u0131r. H\u0259tta Se\u00e7ki M\u0259c\u0259ll\u0259sind\u0259 n\u0259z\u0259rd\u0259 tutulan normalara uy\u011fun t\u0259\u015fviqat qruplar\u0131 yaratma\u011fa, m\u0259nt\u0259q\u0259l\u0259rd\u0259 m\u00fc\u015fahid\u0259 t\u0259\u015fkil etm\u0259y\u0259, h\u00f6kum\u0259tin t\u0259klif etdiyi m\u00fcst\u0259vil\u0259rd\u0259 h\u00fcquqi prosedurlara vaxt s\u0259rf etm\u0259y\u0259 q\u0259tiyy\u0259n l\u00fczum yoxdur. Ciddi q\u00fcvv\u0259l\u0259r bu imitasiyan\u0131 h\u00f6kum\u0259tin siyas\u0259tin\u0259 gizli v\u0259 a\u00e7\u0131q d\u0259st\u0259k ver\u0259nl\u0259rin \u00f6hd\u0259sin\u0259 buraxmal\u0131d\u0131r. M\u00fcxalif\u0259t v\u0259 m\u00fcst\u0259qil v\u0259t\u0259nda\u015f c\u0259miyy\u0259ti, \u00f6z\u00fcn\u00fc n\u00fcfuzdan salmamal\u0131, bu prosesd\u0259n n\u0259 qazanmal\u0131 oldu\u011funu ayd\u0131n bilm\u0259li v\u0259 ona \u00e7al\u0131\u015fmal\u0131d\u0131r. Bu referenduma h\u0259r \u015feyin sonu kimi d\u0259 bax\u0131lmamal\u0131 v\u0259 indiy\u0259 kimi burax\u0131lan s\u0259hvl\u0259r t\u0259krar edilm\u0259m\u0259lidir. Onsuz da m\u00fcst\u0259qil v\u0259 m\u00fcxalif q\u00fcvv\u0259l\u0259rin d\u0259st\u0259kl\u0259m\u0259diyi imitasiya siyas\u0259ti n\u0259 \u00f6lk\u0259d\u0259 b\u00f6hrana son qoyacaq, n\u0259 m\u00fclkiyy\u0259t\u0259 qarantiya yaradacaq, n\u0259 d\u0259 h\u00fcquq v\u0259 azadl\u0131qlar\u0131 t\u0259min ed\u0259c\u0259k. Xalqa t\u0259mkinl\u0259 izah edilm\u0259lidir ki, art\u0131q qanun v\u0259 h\u00fcquq konyukturas\u0131ndan imtina ed\u0259n bir idar\u0259\u00e7ilikl\u0259 \u00fcz-\u00fcz\u0259dir v\u0259 \u00e7\u0131x\u0131\u015f yolu t\u0259\u015fkilatlanmaqdan ke\u00e7ir.\n<\/p><\/p>\n","protected":false},"excerpt":{"rendered":"<p>\u00d6lk\u0259nin b\u00fct\u00fcn vicdanl\u0131, d\u00fcr\u00fcst, m\u00fcst\u0259qil insanlar\u0131 qorxulu t\u0259hl\u00fck\u0259 il\u0259 \u00fcz-\u00fcz\u0259dir<\/p>\n","protected":false},"author":11,"featured_media":64351,"comment_status":"closed","ping_status":"open","sticky":false,"template":"","format":"standard","meta":{"_acf_changed":false,"_sitemap_exclude":false,"_sitemap_priority":"","_sitemap_frequency":"","footnotes":""},"categories":[51],"tags":[],"class_list":["post-177807","post","type-post","status-publish","format-standard","has-post-thumbnail","hentry","category-analitika","infinite-scroll-item","generate-columns","tablet-grid-50","mobile-grid-100","grid-parent","grid-33","no-featured-image-padding"],"acf":[],"yoast_head":"<!-- This site is optimized with the Yoast SEO plugin v27.5 - https:\/\/yoast.com\/product\/yoast-seo-wordpress\/ -->\n<title>Referendumdan sonra yeni siyasi m\u0259rh\u0259l\u0259 ba\u015flayacaq?! - MEYDAN.TV<\/title>\n<meta name=\"robots\" content=\"index, follow, max-snippet:-1, max-image-preview:large, max-video-preview:-1\" \/>\n<link rel=\"canonical\" href=\"https:\/\/www.meydan.tv\/az\/article\/referendumdan-sonra-yeni-siyasi-merhele-baslayacaq\/\" \/>\n<meta property=\"og:locale\" content=\"az_AZ\" \/>\n<meta property=\"og:type\" content=\"article\" \/>\n<meta property=\"og:title\" content=\"Referendumdan sonra yeni siyasi m\u0259rh\u0259l\u0259 ba\u015flayacaq?! - MEYDAN.TV\" \/>\n<meta property=\"og:description\" content=\"\u00d6lk\u0259nin b\u00fct\u00fcn vicdanl\u0131, d\u00fcr\u00fcst, m\u00fcst\u0259qil insanlar\u0131 qorxulu t\u0259hl\u00fck\u0259 il\u0259 \u00fcz-\u00fcz\u0259dir\" \/>\n<meta property=\"og:url\" content=\"https:\/\/www.meydan.tv\/az\/article\/referendumdan-sonra-yeni-siyasi-merhele-baslayacaq\/\" \/>\n<meta property=\"og:site_name\" content=\"MEYDAN.TV\" \/>\n<meta property=\"article:published_time\" content=\"2016-07-30T01:14:48+00:00\" \/>\n<meta property=\"og:image\" content=\"https:\/\/www.meydan.tv\/wp-content\/uploads\/26262.jpg\" \/>\n\t<meta property=\"og:image:width\" content=\"658\" \/>\n\t<meta property=\"og:image:height\" content=\"400\" \/>\n\t<meta property=\"og:image:type\" content=\"image\/jpeg\" \/>\n<meta name=\"author\" content=\"user-manager\" \/>\n<meta name=\"twitter:card\" content=\"summary_large_image\" \/>\n<script type=\"application\/ld+json\" class=\"yoast-schema-graph\">{\"@context\":\"https:\\\/\\\/schema.org\",\"@graph\":[{\"@type\":\"Article\",\"@id\":\"https:\\\/\\\/www.meydan.tv\\\/az\\\/article\\\/referendumdan-sonra-yeni-siyasi-merhele-baslayacaq\\\/#article\",\"isPartOf\":{\"@id\":\"https:\\\/\\\/www.meydan.tv\\\/az\\\/article\\\/referendumdan-sonra-yeni-siyasi-merhele-baslayacaq\\\/\"},\"author\":{\"name\":\"user-manager\",\"@id\":\"https:\\\/\\\/www.meydan.tv\\\/az\\\/#\\\/schema\\\/person\\\/10d11eccf6da3662cf5fdab9806ea91a\"},\"headline\":\"Referendumdan sonra yeni siyasi m\u0259rh\u0259l\u0259 ba\u015flayacaq?!\",\"datePublished\":\"2016-07-30T01:14:48+00:00\",\"mainEntityOfPage\":{\"@id\":\"https:\\\/\\\/www.meydan.tv\\\/az\\\/article\\\/referendumdan-sonra-yeni-siyasi-merhele-baslayacaq\\\/\"},\"wordCount\":2195,\"publisher\":{\"@id\":\"https:\\\/\\\/www.meydan.tv\\\/az\\\/#organization\"},\"image\":{\"@id\":\"https:\\\/\\\/www.meydan.tv\\\/az\\\/article\\\/referendumdan-sonra-yeni-siyasi-merhele-baslayacaq\\\/#primaryimage\"},\"thumbnailUrl\":\"https:\\\/\\\/www.meydan.tv\\\/wp-content\\\/uploads\\\/26262.jpg\",\"articleSection\":[\"Analitika\"],\"inLanguage\":\"az\"},{\"@type\":\"WebPage\",\"@id\":\"https:\\\/\\\/www.meydan.tv\\\/az\\\/article\\\/referendumdan-sonra-yeni-siyasi-merhele-baslayacaq\\\/\",\"url\":\"https:\\\/\\\/www.meydan.tv\\\/az\\\/article\\\/referendumdan-sonra-yeni-siyasi-merhele-baslayacaq\\\/\",\"name\":\"Referendumdan sonra yeni siyasi m\u0259rh\u0259l\u0259 ba\u015flayacaq?! - MEYDAN.TV\",\"isPartOf\":{\"@id\":\"https:\\\/\\\/www.meydan.tv\\\/az\\\/#website\"},\"primaryImageOfPage\":{\"@id\":\"https:\\\/\\\/www.meydan.tv\\\/az\\\/article\\\/referendumdan-sonra-yeni-siyasi-merhele-baslayacaq\\\/#primaryimage\"},\"image\":{\"@id\":\"https:\\\/\\\/www.meydan.tv\\\/az\\\/article\\\/referendumdan-sonra-yeni-siyasi-merhele-baslayacaq\\\/#primaryimage\"},\"thumbnailUrl\":\"https:\\\/\\\/www.meydan.tv\\\/wp-content\\\/uploads\\\/26262.jpg\",\"datePublished\":\"2016-07-30T01:14:48+00:00\",\"breadcrumb\":{\"@id\":\"https:\\\/\\\/www.meydan.tv\\\/az\\\/article\\\/referendumdan-sonra-yeni-siyasi-merhele-baslayacaq\\\/#breadcrumb\"},\"inLanguage\":\"az\",\"potentialAction\":[{\"@type\":\"ReadAction\",\"target\":[\"https:\\\/\\\/www.meydan.tv\\\/az\\\/article\\\/referendumdan-sonra-yeni-siyasi-merhele-baslayacaq\\\/\"]}]},{\"@type\":\"ImageObject\",\"inLanguage\":\"az\",\"@id\":\"https:\\\/\\\/www.meydan.tv\\\/az\\\/article\\\/referendumdan-sonra-yeni-siyasi-merhele-baslayacaq\\\/#primaryimage\",\"url\":\"https:\\\/\\\/www.meydan.tv\\\/wp-content\\\/uploads\\\/26262.jpg\",\"contentUrl\":\"https:\\\/\\\/www.meydan.tv\\\/wp-content\\\/uploads\\\/26262.jpg\",\"width\":658,\"height\":400,\"caption\":\"Source:\"},{\"@type\":\"BreadcrumbList\",\"@id\":\"https:\\\/\\\/www.meydan.tv\\\/az\\\/article\\\/referendumdan-sonra-yeni-siyasi-merhele-baslayacaq\\\/#breadcrumb\",\"itemListElement\":[{\"@type\":\"ListItem\",\"position\":1,\"name\":\"Ana s\u0259hif\u0259\",\"item\":\"https:\\\/\\\/www.meydan.tv\\\/az\\\/\"},{\"@type\":\"ListItem\",\"position\":2,\"name\":\"Analitika\",\"item\":\"https:\\\/\\\/www.meydan.tv\\\/az\\\/section\\\/analitika\\\/\"},{\"@type\":\"ListItem\",\"position\":3,\"name\":\"Referendumdan sonra yeni siyasi m\u0259rh\u0259l\u0259 ba\u015flayacaq?!\"}]},{\"@type\":\"WebSite\",\"@id\":\"https:\\\/\\\/www.meydan.tv\\\/az\\\/#website\",\"url\":\"https:\\\/\\\/www.meydan.tv\\\/az\\\/\",\"name\":\"MEYDAN.TV\",\"description\":\"Meydan TV Az\u0259rbaycan\u0131n media m\u0259kan\u0131ndak\u0131 alternativ s\u0259sidir\",\"publisher\":{\"@id\":\"https:\\\/\\\/www.meydan.tv\\\/az\\\/#organization\"},\"potentialAction\":[{\"@type\":\"SearchAction\",\"target\":{\"@type\":\"EntryPoint\",\"urlTemplate\":\"https:\\\/\\\/www.meydan.tv\\\/az\\\/?s={search_term_string}\"},\"query-input\":{\"@type\":\"PropertyValueSpecification\",\"valueRequired\":true,\"valueName\":\"search_term_string\"}}],\"inLanguage\":\"az\"},{\"@type\":\"Organization\",\"@id\":\"https:\\\/\\\/www.meydan.tv\\\/az\\\/#organization\",\"name\":\"Meydan TV\",\"url\":\"https:\\\/\\\/www.meydan.tv\\\/az\\\/\",\"logo\":{\"@type\":\"ImageObject\",\"inLanguage\":\"az\",\"@id\":\"https:\\\/\\\/www.meydan.tv\\\/az\\\/#\\\/schema\\\/logo\\\/image\\\/\",\"url\":\"https:\\\/\\\/www.meydan.tv\\\/wp-content\\\/uploads\\\/2021\\\/07\\\/meydan-logo.svg\",\"contentUrl\":\"https:\\\/\\\/www.meydan.tv\\\/wp-content\\\/uploads\\\/2021\\\/07\\\/meydan-logo.svg\",\"width\":195,\"height\":46,\"caption\":\"Meydan TV\"},\"image\":{\"@id\":\"https:\\\/\\\/www.meydan.tv\\\/az\\\/#\\\/schema\\\/logo\\\/image\\\/\"}},{\"@type\":\"Person\",\"@id\":\"https:\\\/\\\/www.meydan.tv\\\/az\\\/#\\\/schema\\\/person\\\/10d11eccf6da3662cf5fdab9806ea91a\",\"name\":\"user-manager\"}]}<\/script>\n<!-- \/ Yoast SEO plugin. -->","yoast_head_json":{"title":"Referendumdan sonra yeni siyasi m\u0259rh\u0259l\u0259 ba\u015flayacaq?! - MEYDAN.TV","robots":{"index":"index","follow":"follow","max-snippet":"max-snippet:-1","max-image-preview":"max-image-preview:large","max-video-preview":"max-video-preview:-1"},"canonical":"https:\/\/www.meydan.tv\/az\/article\/referendumdan-sonra-yeni-siyasi-merhele-baslayacaq\/","og_locale":"az_AZ","og_type":"article","og_title":"Referendumdan sonra yeni siyasi m\u0259rh\u0259l\u0259 ba\u015flayacaq?! - MEYDAN.TV","og_description":"\u00d6lk\u0259nin b\u00fct\u00fcn vicdanl\u0131, d\u00fcr\u00fcst, m\u00fcst\u0259qil insanlar\u0131 qorxulu t\u0259hl\u00fck\u0259 il\u0259 \u00fcz-\u00fcz\u0259dir","og_url":"https:\/\/www.meydan.tv\/az\/article\/referendumdan-sonra-yeni-siyasi-merhele-baslayacaq\/","og_site_name":"MEYDAN.TV","article_published_time":"2016-07-30T01:14:48+00:00","og_image":[{"width":658,"height":400,"url":"https:\/\/www.meydan.tv\/wp-content\/uploads\/26262.jpg","type":"image\/jpeg"}],"author":"user-manager","twitter_card":"summary_large_image","schema":{"@context":"https:\/\/schema.org","@graph":[{"@type":"Article","@id":"https:\/\/www.meydan.tv\/az\/article\/referendumdan-sonra-yeni-siyasi-merhele-baslayacaq\/#article","isPartOf":{"@id":"https:\/\/www.meydan.tv\/az\/article\/referendumdan-sonra-yeni-siyasi-merhele-baslayacaq\/"},"author":{"name":"user-manager","@id":"https:\/\/www.meydan.tv\/az\/#\/schema\/person\/10d11eccf6da3662cf5fdab9806ea91a"},"headline":"Referendumdan sonra yeni siyasi m\u0259rh\u0259l\u0259 ba\u015flayacaq?!","datePublished":"2016-07-30T01:14:48+00:00","mainEntityOfPage":{"@id":"https:\/\/www.meydan.tv\/az\/article\/referendumdan-sonra-yeni-siyasi-merhele-baslayacaq\/"},"wordCount":2195,"publisher":{"@id":"https:\/\/www.meydan.tv\/az\/#organization"},"image":{"@id":"https:\/\/www.meydan.tv\/az\/article\/referendumdan-sonra-yeni-siyasi-merhele-baslayacaq\/#primaryimage"},"thumbnailUrl":"https:\/\/www.meydan.tv\/wp-content\/uploads\/26262.jpg","articleSection":["Analitika"],"inLanguage":"az"},{"@type":"WebPage","@id":"https:\/\/www.meydan.tv\/az\/article\/referendumdan-sonra-yeni-siyasi-merhele-baslayacaq\/","url":"https:\/\/www.meydan.tv\/az\/article\/referendumdan-sonra-yeni-siyasi-merhele-baslayacaq\/","name":"Referendumdan sonra yeni siyasi m\u0259rh\u0259l\u0259 ba\u015flayacaq?! - MEYDAN.TV","isPartOf":{"@id":"https:\/\/www.meydan.tv\/az\/#website"},"primaryImageOfPage":{"@id":"https:\/\/www.meydan.tv\/az\/article\/referendumdan-sonra-yeni-siyasi-merhele-baslayacaq\/#primaryimage"},"image":{"@id":"https:\/\/www.meydan.tv\/az\/article\/referendumdan-sonra-yeni-siyasi-merhele-baslayacaq\/#primaryimage"},"thumbnailUrl":"https:\/\/www.meydan.tv\/wp-content\/uploads\/26262.jpg","datePublished":"2016-07-30T01:14:48+00:00","breadcrumb":{"@id":"https:\/\/www.meydan.tv\/az\/article\/referendumdan-sonra-yeni-siyasi-merhele-baslayacaq\/#breadcrumb"},"inLanguage":"az","potentialAction":[{"@type":"ReadAction","target":["https:\/\/www.meydan.tv\/az\/article\/referendumdan-sonra-yeni-siyasi-merhele-baslayacaq\/"]}]},{"@type":"ImageObject","inLanguage":"az","@id":"https:\/\/www.meydan.tv\/az\/article\/referendumdan-sonra-yeni-siyasi-merhele-baslayacaq\/#primaryimage","url":"https:\/\/www.meydan.tv\/wp-content\/uploads\/26262.jpg","contentUrl":"https:\/\/www.meydan.tv\/wp-content\/uploads\/26262.jpg","width":658,"height":400,"caption":"Source:"},{"@type":"BreadcrumbList","@id":"https:\/\/www.meydan.tv\/az\/article\/referendumdan-sonra-yeni-siyasi-merhele-baslayacaq\/#breadcrumb","itemListElement":[{"@type":"ListItem","position":1,"name":"Ana s\u0259hif\u0259","item":"https:\/\/www.meydan.tv\/az\/"},{"@type":"ListItem","position":2,"name":"Analitika","item":"https:\/\/www.meydan.tv\/az\/section\/analitika\/"},{"@type":"ListItem","position":3,"name":"Referendumdan sonra yeni siyasi m\u0259rh\u0259l\u0259 ba\u015flayacaq?!"}]},{"@type":"WebSite","@id":"https:\/\/www.meydan.tv\/az\/#website","url":"https:\/\/www.meydan.tv\/az\/","name":"MEYDAN.TV","description":"Meydan TV Az\u0259rbaycan\u0131n media m\u0259kan\u0131ndak\u0131 alternativ s\u0259sidir","publisher":{"@id":"https:\/\/www.meydan.tv\/az\/#organization"},"potentialAction":[{"@type":"SearchAction","target":{"@type":"EntryPoint","urlTemplate":"https:\/\/www.meydan.tv\/az\/?s={search_term_string}"},"query-input":{"@type":"PropertyValueSpecification","valueRequired":true,"valueName":"search_term_string"}}],"inLanguage":"az"},{"@type":"Organization","@id":"https:\/\/www.meydan.tv\/az\/#organization","name":"Meydan TV","url":"https:\/\/www.meydan.tv\/az\/","logo":{"@type":"ImageObject","inLanguage":"az","@id":"https:\/\/www.meydan.tv\/az\/#\/schema\/logo\/image\/","url":"https:\/\/www.meydan.tv\/wp-content\/uploads\/2021\/07\/meydan-logo.svg","contentUrl":"https:\/\/www.meydan.tv\/wp-content\/uploads\/2021\/07\/meydan-logo.svg","width":195,"height":46,"caption":"Meydan TV"},"image":{"@id":"https:\/\/www.meydan.tv\/az\/#\/schema\/logo\/image\/"}},{"@type":"Person","@id":"https:\/\/www.meydan.tv\/az\/#\/schema\/person\/10d11eccf6da3662cf5fdab9806ea91a","name":"user-manager"}]}},"_links":{"self":[{"href":"https:\/\/www.meydan.tv\/az\/wp-json\/wp\/v2\/posts\/177807","targetHints":{"allow":["GET"]}}],"collection":[{"href":"https:\/\/www.meydan.tv\/az\/wp-json\/wp\/v2\/posts"}],"about":[{"href":"https:\/\/www.meydan.tv\/az\/wp-json\/wp\/v2\/types\/post"}],"author":[{"embeddable":true,"href":"https:\/\/www.meydan.tv\/az\/wp-json\/wp\/v2\/users\/11"}],"replies":[{"embeddable":true,"href":"https:\/\/www.meydan.tv\/az\/wp-json\/wp\/v2\/comments?post=177807"}],"version-history":[{"count":0,"href":"https:\/\/www.meydan.tv\/az\/wp-json\/wp\/v2\/posts\/177807\/revisions"}],"wp:featuredmedia":[{"embeddable":true,"href":"https:\/\/www.meydan.tv\/az\/wp-json\/wp\/v2\/media\/64351"}],"wp:attachment":[{"href":"https:\/\/www.meydan.tv\/az\/wp-json\/wp\/v2\/media?parent=177807"}],"wp:term":[{"taxonomy":"category","embeddable":true,"href":"https:\/\/www.meydan.tv\/az\/wp-json\/wp\/v2\/categories?post=177807"},{"taxonomy":"post_tag","embeddable":true,"href":"https:\/\/www.meydan.tv\/az\/wp-json\/wp\/v2\/tags?post=177807"}],"curies":[{"name":"wp","href":"https:\/\/api.w.org\/{rel}","templated":true}]}}