{"id":177788,"date":"2016-07-29T16:14:11","date_gmt":"2016-07-29T16:14:11","guid":{"rendered":"https:\/\/www.meydan.tv\/article\/vahid-meherremov-coreyin-qiymeti-qalxarsa-bu-sosial-partlayisa-sebeb-ola-biler\/"},"modified":"2016-07-29T16:14:11","modified_gmt":"2016-07-29T16:14:11","slug":"vahid-meherremov-coreyin-qiymeti-qalxarsa-bu-sosial-partlayisa-sebeb-ola-biler","status":"publish","type":"post","link":"https:\/\/www.meydan.tv\/az\/article\/vahid-meherremov-coreyin-qiymeti-qalxarsa-bu-sosial-partlayisa-sebeb-ola-biler\/","title":{"rendered":"Vahid M\u0259h\u0259rr\u0259mov: \u00c7\u00f6r\u0259yin qiym\u0259ti qalxarsa, bu, sosial partlay\u0131\u015fa s\u0259b\u0259b ola bil\u0259r"},"content":{"rendered":"<figure class=\"wp-block-embed is-type-video is-provider-youtube wp-block-embed-youtube wp-embed-aspect-16-9 wp-has-aspect-ratio\">\n<div class=\"wp-block-embed__wrapper\">\n    <iframe\ttitle=\"\" width=\"1200\" height=\"675\" data-src=\"https:\/\/www.youtube.com\/embed\/LpUifMVHtO8\"\tframeborder=\"0\"\tallow=\"accelerometer; autoplay; clipboard-write; encrypted-media; gyroscope; picture-in-picture\" allowfullscreen src=\"data:image\/svg+xml;base64,PHN2ZyB3aWR0aD0iMSIgaGVpZ2h0PSIxIiB4bWxucz0iaHR0cDovL3d3dy53My5vcmcvMjAwMC9zdmciPjwvc3ZnPg==\" class=\"lazyload\" data-load-mode=\"1\"><\/iframe>\n  <\/div><figcaption><\/figcaption><\/figure>\n<p>\n  <i><br \/>\n    &#8221;Haz\u0131rda \u00e7\u00f6r\u0259yin qiym\u0259tinin saxlan\u0131lmas\u0131 m\u00fc\u0259yy\u0259n t\u0259zyiql\u0259r n\u0259tic\u0259sind\u0259 olur&#8221;<br \/>\n  <\/i>\n<\/p>\n<p>\n  <i><br \/>\n    Bu g\u00fcnd\u0259n etibar\u0259n bir kis\u0259 unun qiym\u0259ti 1-2 manat bahala\u015f\u0131b. Bu bar\u0259d\u0259 Turan agentliyin\u0259 \u201cNur\u201d zavodunun \u2013 iri \u00e7\u00f6r\u0259k-bulka m\u0259mulatlar\u0131 istehsal\u00e7\u0131s\u0131n\u0131n ad\u0131n\u0131n a\u00e7\u0131qlanmas\u0131n\u0131 ist\u0259m\u0259y\u0259n n\u00fcmay\u0259nd\u0259si bildirib.<br \/>\n  <\/i>\n<\/p>\n<p>\n  \u00d6z n\u00f6vb\u0259sind\u0259, \u201cBaker\u201d \u00e7\u00f6r\u0259k istehsal\u0131 zavodunun n\u00fcmay\u0259nd\u0259si bildirib ki, unun bahala\u015fmas\u0131 haqq\u0131nda m\u0259lumat\u0131 yoxdur. 1 n\u00f6mr\u0259li \u00e7\u00f6r\u0259k zavodundan is\u0259 qiym\u0259tl\u0259rin bahala\u015fd\u0131\u011f\u0131n\u0131 internetd\u0259n \u00f6yr\u0259ndikl\u0259rini deyibl\u0259r. Onlar\u0131n zavodunun m\u0259hsullar\u0131 h\u0259l\u0259ki bahala\u015fmay\u0131b.\n<\/p>\n<p>\n  Ekspertl\u0259r qeyd edirl\u0259r ki, bahala\u015fma bir m\u00fcdd\u0259t \u0259vv\u0259l elektrik enerjisi qiym\u0259tl\u0259rinin bahala\u015fmas\u0131 il\u0259 ba\u011fl\u0131 olub, bu, z\u0259ncirvari reaksiya verib v\u0259 t\u0259dric\u0259n m\u00fcxt\u0259lif sah\u0259l\u0259rd\u0259 \u00f6z\u00fcn\u00fc g\u00f6st\u0259rir. Bel\u0259likl\u0259, iqtisad\u00e7\u0131lar hesab edirl\u0259r ki, yax\u0131n g\u00fcnl\u0259rd\u0259 standart \u00e7\u00f6r\u0259yin qiym\u0259ti 20-30% bahala\u015facaq.\n<\/p>\n<p>\n  Sosial \u015f\u0259b\u0259k\u0259l\u0259rd\u0259 v\u0259 bir s\u0131ra media orqanlar\u0131nda yay\u0131lan m\u0259lumata g\u00f6r\u0259, iyulun 30-dan \u00e7\u00f6r\u0259yin qiym\u0259ti qalxacaq. AzNews.az bu bar\u0259d\u0259 raz\u0131l\u0131\u011f\u0131n \u00e7\u00f6r\u0259k istehsal\u0131 il\u0259 m\u0259\u015f\u011ful olan i\u015f adamlar\u0131n\u0131n toplant\u0131s\u0131nda \u0259ld\u0259 olundu\u011funu iddia edir. M\u0259lumatda deyilir ki, qiym\u0259t art\u0131m\u0131ndan sonra haz\u0131rda 30 q\u0259piy\u0259 sat\u0131lan \u00e7\u00f6r\u0259k 40 q\u0259piy\u0259, 40 q\u0259pik olan \u00e7\u00f6r\u0259k is\u0259 50 q\u0259piy\u0259 sat\u0131lacaq.\n<\/p>\n<p>\n  M\u0259s\u0259l\u0259 il\u0259 ba\u011fl\u0131 r\u0259smi a\u00e7\u0131qlama yoxdur.\n<\/p>\n<p>\n  Azad \u0130stehlak\u00e7\u0131lar Birliyinin s\u0259dri Eyyub H\u00fcseynov sayta \u00e7\u00f6r\u0259yin qiym\u0259tind\u0259 g\u00f6zl\u0259nil\u0259n art\u0131m\u0131n normal oldu\u011funu deyib: \u201c\u0130stehlak z\u0259minind\u0259 36-dan \u00e7ox mal\u0131n h\u0259r birinin qiym\u0259tinin bahala\u015fd\u0131\u011f\u0131 halda \u0130qtisadiyyat Nazirliyi yan\u0131nda Antiinhisar Siyas\u0259ti v\u0259 \u0130stehlak\u00e7\u0131lar\u0131n H\u00fcquqlar\u0131n\u0131n M\u00fcdafi\u0259si D\u00f6vl\u0259t Xidm\u0259tinin \u0259m\u0259kda\u015flar\u0131 9 m\u0259rt\u0259b\u0259li binada oturub t\u0259k zavod \u00e7\u00f6r\u0259yinin 10 q\u0259pik bahala\u015fmamas\u0131 \u00fc\u00e7\u00fcn m\u00fcbariz\u0259 apar\u0131r. Bu, s\u0259hv siyas\u0259tdir. \u00c7\u00f6r\u0259k d\u00f6vl\u0259t t\u0259r\u0259find\u0259n qiym\u0259ti t\u0259nziml\u0259nm\u0259y\u0259n m\u0259hsuldur. \u0130st\u0259y\u0259n istehsal\u00e7\u0131 onu ist\u0259diyi qiym\u0259t\u0259 sata bil\u0259r. Ancaq s\u00f6z\u00fcged\u0259n qurum bazar iqtisadiyyat\u0131na d\u00fcz g\u0259lm\u0259y\u0259n bir siyas\u0259t apar\u0131r. \u00c7\u00f6r\u0259yin qiym\u0259tinin a\u015fa\u011f\u0131 d\u00fc\u015fm\u0259sini ist\u0259yirl\u0259rs\u0259, g\u00f6mr\u00fck r\u00fcsumlar\u0131n\u0131 a\u015fa\u011f\u0131 salmal\u0131d\u0131rlar, azad v\u0259 liberal bazar \u015f\u0259raiti yaratmal\u0131d\u0131rlar. Bel\u0259 olarsa bolluq olar, qiym\u0259tl\u0259r a\u015fa\u011f\u0131 d\u00fc\u015f\u0259r. Onsuz da \u00e7\u00f6r\u0259yin qiym\u0259tinin bu \u015f\u0259kild\u0259 qalmas\u0131 liberal bazar siyas\u0259tin\u0259 ziddir. D\u00f6vl\u0259t qiym\u0259ti a\u015fa\u011f\u0131 salmaq \u00fc\u00e7\u00fcn ayr\u0131 t\u0259dbirl\u0259r g\u00f6rm\u0259lidir\u201d.\n<\/p>\n<p>\n  K\u0259nd t\u0259s\u0259rr\u00fcfat\u0131 \u00fczr\u0259 m\u00fct\u0259x\u0259ssis Vahid M\u0259h\u0259rr\u0259mov is\u0259 Meydan TV-y\u0259 bildirib ki, \u00e7\u00f6r\u0259yin qiym\u0259tinin s\u00fcni olaraq saxlan\u0131lmas\u0131, yaxud t\u0259zyiql\u0259r vasit\u0259sil\u0259 a\u015fa\u011f\u0131 sal\u0131nmas\u0131 qeyri-qanuni v\u0259 yolverilm\u0259zdir:\u201c\u00c7\u00fcnki m\u00f6vcud gedi\u015fat sahibkarlar\u0131n f\u0259aliyy\u0259tini d\u0259 m\u0259hdudla\u015fd\u0131r\u0131r, onlar m\u0259cburiyy\u0259t qar\u015f\u0131s\u0131nda \u00e7\u00f6r\u0259yin \u00e7\u0259kisin\u0259 v\u0259 keyfiyy\u0259tin\u0259 m\u00fcdaxil\u0259 edirl\u0259r. Bu is\u0259 bazar qanununa zidd olmaqla b\u0259rab\u0259r r\u0259qab\u0259t m\u00fchitini pozur v\u0259 normal inki\u015faf\u0131n qar\u015f\u0131s\u0131n\u0131 al\u0131r\u201d.\n<\/p>\n<p>\n  M\u00fct\u0259x\u0259ssis d\u00fc\u015f\u00fcn\u00fcr ki, \u00e7\u00f6r\u0259k istehsal\u00e7\u0131lar\u0131 dig\u0259r m\u0259hsul istehsal\u00e7\u0131lar\u0131 kimi qiym\u0259ti azad \u015f\u0259kild\u0259 m\u00fc\u0259yy\u0259n etm\u0259lidir v\u0259 bununla r\u0259qab\u0259t m\u00fchiti yaranmal\u0131d\u0131r. R\u0259qab\u0259t n\u0259 q\u0259d\u0259r g\u00fccl\u00fc olsa, bir o q\u0259d\u0259r keyfiyy\u0259tli v\u0259 nisb\u0259t\u0259n ucuz m\u0259hsul \u0259ld\u0259 etm\u0259k olar:\n<\/p>\n<figure class=\"wp-block-image size-large\">\n  <img decoding=\"async\" src=\"https:\/\/www.meydan.tv\/az\/64285\/\" alt=\"\" class=\"wp-image-64285\"\/><figcaption>\n    Vahid M\u0259h\u0259rr\u0259mov<br \/>\n  <\/figcaption><\/figure>\n<p>\n  \u201cHaz\u0131rda \u00e7\u00f6r\u0259yin qiym\u0259tinin saxlan\u0131lmas\u0131 m\u00fc\u0259yy\u0259n t\u0259zyiql\u0259r n\u0259tic\u0259sind\u0259 olur. Halbuki, h\u00f6kum\u0259t bu sah\u0259y\u0259 m\u00fcdaxil\u0259 etm\u0259m\u0259lidir, \u0259ksin\u0259 r\u0259qab\u0259t m\u00fchiti \u00fc\u00e7\u00fcn m\u00fcnbit \u015f\u0259rait yaratmal\u0131d\u0131r ki, istehsal\u00e7\u0131lar biznesl\u0259rini geni\u015fl\u0259rib g\u0259lir \u0259ld\u0259 etsinl\u0259r. \u0130mkans\u0131z v\u0259 kas\u0131b ail\u0259l\u0259rin \u00e7ox oldu\u011fu \u00f6lk\u0259l\u0259rd\u0259 sosial \u00e7\u00f6r\u0259k var, h\u00f6kum\u0259t bu bar\u0259d\u0259 d\u00fc\u015f\u00fcnm\u0259liydi. Qazax\u0131standa orta \u0259m\u0259khaqq\u0131 v\u0259 ya\u015fay\u0131\u015f s\u0259viyy\u0259si bizd\u0259n y\u00fcks\u0259k olsa da, sosial \u00e7\u00f6r\u0259k istehsal edir. Y\u0259ni 500-600 qraml\u0131q \u00e7\u00f6r\u0259yi 15 q\u0259pikd\u0259n t\u0259klif edir. H\u00f6kum\u0259t tenderd\u0259 qalib g\u0259l\u0259n \u015firk\u0259tl\u0259rin z\u0259r\u0259rini kompensasiya ed\u0259rdi v\u0259 onlar da sosial \u00e7\u00f6r\u0259yi bazara \u00e7\u0131xardard\u0131lar&#8221;.\n<\/p>\n<p>\n  Vahid M\u0259h\u0259rr\u0259mov h\u00f6kum\u0259tin sosial \u00e7\u00f6r\u0259kl\u0259 ba\u011fl\u0131 t\u0259klifl\u0259rin\u0259 reaksiya verm\u0259m\u0259sind\u0259n t\u0259\u0259ss\u00fcfl\u0259ndiyini deyib:<br \/>\n  <br \/>\n  \u201c\u018fg\u0259r \u00e7\u00f6r\u0259yin qiym\u0259ti qalxarsa, bu, sosial partlay\u0131\u015fa s\u0259b\u0259b ola bil\u0259r. \u00c7\u00fcnki \u0259halinin b\u00f6y\u00fck hiss\u0259si qida rasionunda \u0259sas\u0259n \u00e7\u00f6r\u0259y\u0259 \u00fcst\u00fcnl\u00fck verir. Bunun \u00fcst\u00fcn\u0259 i\u015fsizl\u0259rin, banklara borcu olanlar\u0131n say\u0131n\u0131n artmas\u0131n\u0131 v\u0259 al\u0131c\u0131l\u0131q qabiliyy\u0259tinin a\u015fa\u011f\u0131 d\u00fc\u015fm\u0259sini g\u0259ls\u0259k, m\u0259nz\u0259r\u0259nin ac\u0131nacaql\u0131 oldu\u011funu g\u00f6r\u0259rik\u201d.<\/p>\n","protected":false},"excerpt":{"rendered":"<p>&#8221;Haz\u0131rda \u00e7\u00f6r\u0259yin qiym\u0259tinin saxlan\u0131lmas\u0131 m\u00fc\u0259yy\u0259n t\u0259zyiql\u0259r n\u0259tic\u0259sind\u0259 olur&#8221;<\/p>\n","protected":false},"author":11,"featured_media":64282,"comment_status":"closed","ping_status":"open","sticky":false,"template":"","format":"standard","meta":{"_acf_changed":false,"_sitemap_exclude":false,"_sitemap_priority":"","_sitemap_frequency":"","footnotes":""},"categories":[51],"tags":[],"class_list":["post-177788","post","type-post","status-publish","format-standard","has-post-thumbnail","hentry","category-analitika","infinite-scroll-item","generate-columns","tablet-grid-50","mobile-grid-100","grid-parent","grid-33","no-featured-image-padding"],"acf":[],"yoast_head":"<!-- This site is optimized with the Yoast SEO plugin v27.5 - https:\/\/yoast.com\/product\/yoast-seo-wordpress\/ -->\n<title>Vahid M\u0259h\u0259rr\u0259mov: \u00c7\u00f6r\u0259yin qiym\u0259ti qalxarsa, bu, sosial partlay\u0131\u015fa s\u0259b\u0259b ola bil\u0259r - MEYDAN.TV<\/title>\n<meta name=\"robots\" content=\"index, follow, max-snippet:-1, max-image-preview:large, max-video-preview:-1\" \/>\n<link rel=\"canonical\" href=\"https:\/\/www.meydan.tv\/az\/article\/vahid-meherremov-coreyin-qiymeti-qalxarsa-bu-sosial-partlayisa-sebeb-ola-biler\/\" \/>\n<meta property=\"og:locale\" content=\"az_AZ\" \/>\n<meta property=\"og:type\" content=\"article\" \/>\n<meta property=\"og:title\" content=\"Vahid M\u0259h\u0259rr\u0259mov: \u00c7\u00f6r\u0259yin qiym\u0259ti qalxarsa, bu, sosial partlay\u0131\u015fa s\u0259b\u0259b ola bil\u0259r - MEYDAN.TV\" \/>\n<meta property=\"og:description\" content=\"&#039;&#039;Haz\u0131rda \u00e7\u00f6r\u0259yin qiym\u0259tinin saxlan\u0131lmas\u0131 m\u00fc\u0259yy\u0259n t\u0259zyiql\u0259r n\u0259tic\u0259sind\u0259 olur&#039;&#039;\" \/>\n<meta property=\"og:url\" content=\"https:\/\/www.meydan.tv\/az\/article\/vahid-meherremov-coreyin-qiymeti-qalxarsa-bu-sosial-partlayisa-sebeb-ola-biler\/\" \/>\n<meta property=\"og:site_name\" content=\"MEYDAN.TV\" \/>\n<meta property=\"article:published_time\" content=\"2016-07-29T16:14:11+00:00\" \/>\n<meta property=\"og:image\" content=\"https:\/\/www.meydan.tv\/wp-content\/uploads\/24515.jpg\" \/>\n\t<meta property=\"og:image:width\" content=\"987\" \/>\n\t<meta property=\"og:image:height\" content=\"504\" \/>\n\t<meta property=\"og:image:type\" content=\"image\/jpeg\" \/>\n<meta name=\"author\" content=\"user-manager\" \/>\n<meta name=\"twitter:card\" content=\"summary_large_image\" \/>\n<script type=\"application\/ld+json\" class=\"yoast-schema-graph\">{\"@context\":\"https:\\\/\\\/schema.org\",\"@graph\":[{\"@type\":\"Article\",\"@id\":\"https:\\\/\\\/www.meydan.tv\\\/az\\\/article\\\/vahid-meherremov-coreyin-qiymeti-qalxarsa-bu-sosial-partlayisa-sebeb-ola-biler\\\/#article\",\"isPartOf\":{\"@id\":\"https:\\\/\\\/www.meydan.tv\\\/az\\\/article\\\/vahid-meherremov-coreyin-qiymeti-qalxarsa-bu-sosial-partlayisa-sebeb-ola-biler\\\/\"},\"author\":{\"name\":\"user-manager\",\"@id\":\"https:\\\/\\\/www.meydan.tv\\\/az\\\/#\\\/schema\\\/person\\\/10d11eccf6da3662cf5fdab9806ea91a\"},\"headline\":\"Vahid M\u0259h\u0259rr\u0259mov: \u00c7\u00f6r\u0259yin qiym\u0259ti qalxarsa, bu, sosial partlay\u0131\u015fa s\u0259b\u0259b ola bil\u0259r\",\"datePublished\":\"2016-07-29T16:14:11+00:00\",\"mainEntityOfPage\":{\"@id\":\"https:\\\/\\\/www.meydan.tv\\\/az\\\/article\\\/vahid-meherremov-coreyin-qiymeti-qalxarsa-bu-sosial-partlayisa-sebeb-ola-biler\\\/\"},\"wordCount\":929,\"publisher\":{\"@id\":\"https:\\\/\\\/www.meydan.tv\\\/az\\\/#organization\"},\"image\":{\"@id\":\"https:\\\/\\\/www.meydan.tv\\\/az\\\/article\\\/vahid-meherremov-coreyin-qiymeti-qalxarsa-bu-sosial-partlayisa-sebeb-ola-biler\\\/#primaryimage\"},\"thumbnailUrl\":\"https:\\\/\\\/www.meydan.tv\\\/wp-content\\\/uploads\\\/24515.jpg\",\"articleSection\":[\"Analitika\"],\"inLanguage\":\"az\"},{\"@type\":\"WebPage\",\"@id\":\"https:\\\/\\\/www.meydan.tv\\\/az\\\/article\\\/vahid-meherremov-coreyin-qiymeti-qalxarsa-bu-sosial-partlayisa-sebeb-ola-biler\\\/\",\"url\":\"https:\\\/\\\/www.meydan.tv\\\/az\\\/article\\\/vahid-meherremov-coreyin-qiymeti-qalxarsa-bu-sosial-partlayisa-sebeb-ola-biler\\\/\",\"name\":\"Vahid M\u0259h\u0259rr\u0259mov: \u00c7\u00f6r\u0259yin qiym\u0259ti qalxarsa, bu, sosial partlay\u0131\u015fa s\u0259b\u0259b ola bil\u0259r - MEYDAN.TV\",\"isPartOf\":{\"@id\":\"https:\\\/\\\/www.meydan.tv\\\/az\\\/#website\"},\"primaryImageOfPage\":{\"@id\":\"https:\\\/\\\/www.meydan.tv\\\/az\\\/article\\\/vahid-meherremov-coreyin-qiymeti-qalxarsa-bu-sosial-partlayisa-sebeb-ola-biler\\\/#primaryimage\"},\"image\":{\"@id\":\"https:\\\/\\\/www.meydan.tv\\\/az\\\/article\\\/vahid-meherremov-coreyin-qiymeti-qalxarsa-bu-sosial-partlayisa-sebeb-ola-biler\\\/#primaryimage\"},\"thumbnailUrl\":\"https:\\\/\\\/www.meydan.tv\\\/wp-content\\\/uploads\\\/24515.jpg\",\"datePublished\":\"2016-07-29T16:14:11+00:00\",\"breadcrumb\":{\"@id\":\"https:\\\/\\\/www.meydan.tv\\\/az\\\/article\\\/vahid-meherremov-coreyin-qiymeti-qalxarsa-bu-sosial-partlayisa-sebeb-ola-biler\\\/#breadcrumb\"},\"inLanguage\":\"az\",\"potentialAction\":[{\"@type\":\"ReadAction\",\"target\":[\"https:\\\/\\\/www.meydan.tv\\\/az\\\/article\\\/vahid-meherremov-coreyin-qiymeti-qalxarsa-bu-sosial-partlayisa-sebeb-ola-biler\\\/\"]}]},{\"@type\":\"ImageObject\",\"inLanguage\":\"az\",\"@id\":\"https:\\\/\\\/www.meydan.tv\\\/az\\\/article\\\/vahid-meherremov-coreyin-qiymeti-qalxarsa-bu-sosial-partlayisa-sebeb-ola-biler\\\/#primaryimage\",\"url\":\"https:\\\/\\\/www.meydan.tv\\\/wp-content\\\/uploads\\\/24515.jpg\",\"contentUrl\":\"https:\\\/\\\/www.meydan.tv\\\/wp-content\\\/uploads\\\/24515.jpg\",\"width\":987,\"height\":504,\"caption\":\"Source:\"},{\"@type\":\"BreadcrumbList\",\"@id\":\"https:\\\/\\\/www.meydan.tv\\\/az\\\/article\\\/vahid-meherremov-coreyin-qiymeti-qalxarsa-bu-sosial-partlayisa-sebeb-ola-biler\\\/#breadcrumb\",\"itemListElement\":[{\"@type\":\"ListItem\",\"position\":1,\"name\":\"Ana s\u0259hif\u0259\",\"item\":\"https:\\\/\\\/www.meydan.tv\\\/az\\\/\"},{\"@type\":\"ListItem\",\"position\":2,\"name\":\"Analitika\",\"item\":\"https:\\\/\\\/www.meydan.tv\\\/az\\\/section\\\/analitika\\\/\"},{\"@type\":\"ListItem\",\"position\":3,\"name\":\"Vahid M\u0259h\u0259rr\u0259mov: \u00c7\u00f6r\u0259yin qiym\u0259ti qalxarsa, bu, sosial partlay\u0131\u015fa s\u0259b\u0259b ola bil\u0259r\"}]},{\"@type\":\"WebSite\",\"@id\":\"https:\\\/\\\/www.meydan.tv\\\/az\\\/#website\",\"url\":\"https:\\\/\\\/www.meydan.tv\\\/az\\\/\",\"name\":\"MEYDAN.TV\",\"description\":\"Meydan TV Az\u0259rbaycan\u0131n media m\u0259kan\u0131ndak\u0131 alternativ s\u0259sidir\",\"publisher\":{\"@id\":\"https:\\\/\\\/www.meydan.tv\\\/az\\\/#organization\"},\"potentialAction\":[{\"@type\":\"SearchAction\",\"target\":{\"@type\":\"EntryPoint\",\"urlTemplate\":\"https:\\\/\\\/www.meydan.tv\\\/az\\\/?s={search_term_string}\"},\"query-input\":{\"@type\":\"PropertyValueSpecification\",\"valueRequired\":true,\"valueName\":\"search_term_string\"}}],\"inLanguage\":\"az\"},{\"@type\":\"Organization\",\"@id\":\"https:\\\/\\\/www.meydan.tv\\\/az\\\/#organization\",\"name\":\"Meydan TV\",\"url\":\"https:\\\/\\\/www.meydan.tv\\\/az\\\/\",\"logo\":{\"@type\":\"ImageObject\",\"inLanguage\":\"az\",\"@id\":\"https:\\\/\\\/www.meydan.tv\\\/az\\\/#\\\/schema\\\/logo\\\/image\\\/\",\"url\":\"https:\\\/\\\/www.meydan.tv\\\/wp-content\\\/uploads\\\/2021\\\/07\\\/meydan-logo.svg\",\"contentUrl\":\"https:\\\/\\\/www.meydan.tv\\\/wp-content\\\/uploads\\\/2021\\\/07\\\/meydan-logo.svg\",\"width\":195,\"height\":46,\"caption\":\"Meydan TV\"},\"image\":{\"@id\":\"https:\\\/\\\/www.meydan.tv\\\/az\\\/#\\\/schema\\\/logo\\\/image\\\/\"}},{\"@type\":\"Person\",\"@id\":\"https:\\\/\\\/www.meydan.tv\\\/az\\\/#\\\/schema\\\/person\\\/10d11eccf6da3662cf5fdab9806ea91a\",\"name\":\"user-manager\"}]}<\/script>\n<!-- \/ Yoast SEO plugin. -->","yoast_head_json":{"title":"Vahid M\u0259h\u0259rr\u0259mov: \u00c7\u00f6r\u0259yin qiym\u0259ti qalxarsa, bu, sosial partlay\u0131\u015fa s\u0259b\u0259b ola bil\u0259r - MEYDAN.TV","robots":{"index":"index","follow":"follow","max-snippet":"max-snippet:-1","max-image-preview":"max-image-preview:large","max-video-preview":"max-video-preview:-1"},"canonical":"https:\/\/www.meydan.tv\/az\/article\/vahid-meherremov-coreyin-qiymeti-qalxarsa-bu-sosial-partlayisa-sebeb-ola-biler\/","og_locale":"az_AZ","og_type":"article","og_title":"Vahid M\u0259h\u0259rr\u0259mov: \u00c7\u00f6r\u0259yin qiym\u0259ti qalxarsa, bu, sosial partlay\u0131\u015fa s\u0259b\u0259b ola bil\u0259r - MEYDAN.TV","og_description":"''Haz\u0131rda \u00e7\u00f6r\u0259yin qiym\u0259tinin saxlan\u0131lmas\u0131 m\u00fc\u0259yy\u0259n t\u0259zyiql\u0259r n\u0259tic\u0259sind\u0259 olur''","og_url":"https:\/\/www.meydan.tv\/az\/article\/vahid-meherremov-coreyin-qiymeti-qalxarsa-bu-sosial-partlayisa-sebeb-ola-biler\/","og_site_name":"MEYDAN.TV","article_published_time":"2016-07-29T16:14:11+00:00","og_image":[{"width":987,"height":504,"url":"https:\/\/www.meydan.tv\/wp-content\/uploads\/24515.jpg","type":"image\/jpeg"}],"author":"user-manager","twitter_card":"summary_large_image","schema":{"@context":"https:\/\/schema.org","@graph":[{"@type":"Article","@id":"https:\/\/www.meydan.tv\/az\/article\/vahid-meherremov-coreyin-qiymeti-qalxarsa-bu-sosial-partlayisa-sebeb-ola-biler\/#article","isPartOf":{"@id":"https:\/\/www.meydan.tv\/az\/article\/vahid-meherremov-coreyin-qiymeti-qalxarsa-bu-sosial-partlayisa-sebeb-ola-biler\/"},"author":{"name":"user-manager","@id":"https:\/\/www.meydan.tv\/az\/#\/schema\/person\/10d11eccf6da3662cf5fdab9806ea91a"},"headline":"Vahid M\u0259h\u0259rr\u0259mov: \u00c7\u00f6r\u0259yin qiym\u0259ti qalxarsa, bu, sosial partlay\u0131\u015fa s\u0259b\u0259b ola bil\u0259r","datePublished":"2016-07-29T16:14:11+00:00","mainEntityOfPage":{"@id":"https:\/\/www.meydan.tv\/az\/article\/vahid-meherremov-coreyin-qiymeti-qalxarsa-bu-sosial-partlayisa-sebeb-ola-biler\/"},"wordCount":929,"publisher":{"@id":"https:\/\/www.meydan.tv\/az\/#organization"},"image":{"@id":"https:\/\/www.meydan.tv\/az\/article\/vahid-meherremov-coreyin-qiymeti-qalxarsa-bu-sosial-partlayisa-sebeb-ola-biler\/#primaryimage"},"thumbnailUrl":"https:\/\/www.meydan.tv\/wp-content\/uploads\/24515.jpg","articleSection":["Analitika"],"inLanguage":"az"},{"@type":"WebPage","@id":"https:\/\/www.meydan.tv\/az\/article\/vahid-meherremov-coreyin-qiymeti-qalxarsa-bu-sosial-partlayisa-sebeb-ola-biler\/","url":"https:\/\/www.meydan.tv\/az\/article\/vahid-meherremov-coreyin-qiymeti-qalxarsa-bu-sosial-partlayisa-sebeb-ola-biler\/","name":"Vahid M\u0259h\u0259rr\u0259mov: \u00c7\u00f6r\u0259yin qiym\u0259ti qalxarsa, bu, sosial partlay\u0131\u015fa s\u0259b\u0259b ola bil\u0259r - MEYDAN.TV","isPartOf":{"@id":"https:\/\/www.meydan.tv\/az\/#website"},"primaryImageOfPage":{"@id":"https:\/\/www.meydan.tv\/az\/article\/vahid-meherremov-coreyin-qiymeti-qalxarsa-bu-sosial-partlayisa-sebeb-ola-biler\/#primaryimage"},"image":{"@id":"https:\/\/www.meydan.tv\/az\/article\/vahid-meherremov-coreyin-qiymeti-qalxarsa-bu-sosial-partlayisa-sebeb-ola-biler\/#primaryimage"},"thumbnailUrl":"https:\/\/www.meydan.tv\/wp-content\/uploads\/24515.jpg","datePublished":"2016-07-29T16:14:11+00:00","breadcrumb":{"@id":"https:\/\/www.meydan.tv\/az\/article\/vahid-meherremov-coreyin-qiymeti-qalxarsa-bu-sosial-partlayisa-sebeb-ola-biler\/#breadcrumb"},"inLanguage":"az","potentialAction":[{"@type":"ReadAction","target":["https:\/\/www.meydan.tv\/az\/article\/vahid-meherremov-coreyin-qiymeti-qalxarsa-bu-sosial-partlayisa-sebeb-ola-biler\/"]}]},{"@type":"ImageObject","inLanguage":"az","@id":"https:\/\/www.meydan.tv\/az\/article\/vahid-meherremov-coreyin-qiymeti-qalxarsa-bu-sosial-partlayisa-sebeb-ola-biler\/#primaryimage","url":"https:\/\/www.meydan.tv\/wp-content\/uploads\/24515.jpg","contentUrl":"https:\/\/www.meydan.tv\/wp-content\/uploads\/24515.jpg","width":987,"height":504,"caption":"Source:"},{"@type":"BreadcrumbList","@id":"https:\/\/www.meydan.tv\/az\/article\/vahid-meherremov-coreyin-qiymeti-qalxarsa-bu-sosial-partlayisa-sebeb-ola-biler\/#breadcrumb","itemListElement":[{"@type":"ListItem","position":1,"name":"Ana s\u0259hif\u0259","item":"https:\/\/www.meydan.tv\/az\/"},{"@type":"ListItem","position":2,"name":"Analitika","item":"https:\/\/www.meydan.tv\/az\/section\/analitika\/"},{"@type":"ListItem","position":3,"name":"Vahid M\u0259h\u0259rr\u0259mov: \u00c7\u00f6r\u0259yin qiym\u0259ti qalxarsa, bu, sosial partlay\u0131\u015fa s\u0259b\u0259b ola bil\u0259r"}]},{"@type":"WebSite","@id":"https:\/\/www.meydan.tv\/az\/#website","url":"https:\/\/www.meydan.tv\/az\/","name":"MEYDAN.TV","description":"Meydan TV Az\u0259rbaycan\u0131n media m\u0259kan\u0131ndak\u0131 alternativ s\u0259sidir","publisher":{"@id":"https:\/\/www.meydan.tv\/az\/#organization"},"potentialAction":[{"@type":"SearchAction","target":{"@type":"EntryPoint","urlTemplate":"https:\/\/www.meydan.tv\/az\/?s={search_term_string}"},"query-input":{"@type":"PropertyValueSpecification","valueRequired":true,"valueName":"search_term_string"}}],"inLanguage":"az"},{"@type":"Organization","@id":"https:\/\/www.meydan.tv\/az\/#organization","name":"Meydan TV","url":"https:\/\/www.meydan.tv\/az\/","logo":{"@type":"ImageObject","inLanguage":"az","@id":"https:\/\/www.meydan.tv\/az\/#\/schema\/logo\/image\/","url":"https:\/\/www.meydan.tv\/wp-content\/uploads\/2021\/07\/meydan-logo.svg","contentUrl":"https:\/\/www.meydan.tv\/wp-content\/uploads\/2021\/07\/meydan-logo.svg","width":195,"height":46,"caption":"Meydan TV"},"image":{"@id":"https:\/\/www.meydan.tv\/az\/#\/schema\/logo\/image\/"}},{"@type":"Person","@id":"https:\/\/www.meydan.tv\/az\/#\/schema\/person\/10d11eccf6da3662cf5fdab9806ea91a","name":"user-manager"}]}},"_links":{"self":[{"href":"https:\/\/www.meydan.tv\/az\/wp-json\/wp\/v2\/posts\/177788","targetHints":{"allow":["GET"]}}],"collection":[{"href":"https:\/\/www.meydan.tv\/az\/wp-json\/wp\/v2\/posts"}],"about":[{"href":"https:\/\/www.meydan.tv\/az\/wp-json\/wp\/v2\/types\/post"}],"author":[{"embeddable":true,"href":"https:\/\/www.meydan.tv\/az\/wp-json\/wp\/v2\/users\/11"}],"replies":[{"embeddable":true,"href":"https:\/\/www.meydan.tv\/az\/wp-json\/wp\/v2\/comments?post=177788"}],"version-history":[{"count":0,"href":"https:\/\/www.meydan.tv\/az\/wp-json\/wp\/v2\/posts\/177788\/revisions"}],"wp:featuredmedia":[{"embeddable":true,"href":"https:\/\/www.meydan.tv\/az\/wp-json\/wp\/v2\/media\/64282"}],"wp:attachment":[{"href":"https:\/\/www.meydan.tv\/az\/wp-json\/wp\/v2\/media?parent=177788"}],"wp:term":[{"taxonomy":"category","embeddable":true,"href":"https:\/\/www.meydan.tv\/az\/wp-json\/wp\/v2\/categories?post=177788"},{"taxonomy":"post_tag","embeddable":true,"href":"https:\/\/www.meydan.tv\/az\/wp-json\/wp\/v2\/tags?post=177788"}],"curies":[{"name":"wp","href":"https:\/\/api.w.org\/{rel}","templated":true}]}}