{"id":177781,"date":"2016-07-28T23:00:10","date_gmt":"2016-07-28T23:00:10","guid":{"rendered":"https:\/\/www.meydan.tv\/article\/savasin-qarga-quzgunlu-qadin-tanrilari-3-cu-yazi\/"},"modified":"2016-07-28T23:00:10","modified_gmt":"2016-07-28T23:00:10","slug":"savasin-qarga-quzgunlu-qadin-tanrilari-3-cu-yazi","status":"publish","type":"post","link":"https:\/\/www.meydan.tv\/az\/article\/savasin-qarga-quzgunlu-qadin-tanrilari-3-cu-yazi\/","title":{"rendered":"Sava\u015f\u0131n qar\u011fa-quz\u011funlu qad\u0131n-tanr\u0131lar\u0131 (3-c\u00fc yaz\u0131)"},"content":{"rendered":"<figure class=\"wp-block-image size-large\">\n  <img decoding=\"async\" src=\"https:\/\/www.meydan.tv\/az\/freya\/\" alt=\"Freya\" class=\"wp-image-64216\"\/><figcaption>\n    Freya<br \/>\n  <\/figcaption><\/figure>\n<p>\n  <b><br \/>\n    Qu\u015f simvolunun m\u0259nalar\u0131<br \/>\n  <\/b>\n<\/p>\n<p>\n  Yax\u0131n v\u0259 Orta \u015e\u0259rqd\u0259 sava\u015f\u0131n qad\u0131n tanr\u0131lar\u0131 aslanlarla birg\u0259 t\u0259svir edilirdis\u0259, Avropada qu\u015flar \u2013 bayqu\u015f, qar\u011fa, ya da quz\u011fun aslanlar\u0131n yerini al\u0131r.\n<\/p>\n<p>\n  Dini d\u00fc\u015f\u00fcnc\u0259nin ilk m\u0259rh\u0259l\u0259l\u0259rind\u0259 \u2013 zoomorfizm v\u0259 animizm d\u00f6vrl\u0259rind\u0259 \u2013 q\u0259dim insanlar tanr\u0131lar\u0131 heyvan v\u0259 qu\u015f formas\u0131nda t\u0259s\u0259vv\u00fcr edirdil\u0259r. Zaman ke\u00e7dikc\u0259, antropomorfik (insan formal\u0131) tanr\u0131lar qaba\u011fa \u00e7\u0131x\u0131r, heyvan v\u0259 qu\u015f formal\u0131 tanr\u0131lar is\u0259 onlar\u0131n k\u00f6m\u0259k\u00e7isin\u0259 \u00e7evrilir.\n<\/p>\n<p>\n  Q\u0259dim inan\u0131\u015flarda qu\u015f simvolu \u00e7oxyozumludur. O, yarad\u0131l\u0131\u015f\u0131n, do\u011fumun, yenid\u0259ndo\u011fumun, diri v\u0259 \u00f6l\u00fc ruhunun, h\u0259m\u00e7inin ruhun ilahi olanla \u0259laq\u0259sinin, g\u00fcn\u0259\u015fin, hakimiyy\u0259tin (m\u0259s\u0259l\u0259n, Humay qu\u015fu), a\u011fl\u0131n, intuisiyan\u0131n v\u0259 s. ifad\u0259\u00e7isidir. Qu\u015fdan t\u00f6r\u0259ndiyin\u0259 inanan, onu \u00f6z\u00fcn\u0259 \u0259cdad sayan bir \u00e7ox xalq vard\u0131r. M\u0259s\u0259l\u0259n, t\u00fcrk xalqlar\u0131ndan qazaxlar, Sibir itelmenl\u0259ri, bir s\u0131ra yakut boylar\u0131 qar\u011fan\u0131 \u00f6zl\u0259rin\u0259 totem say\u0131r; Amur xalqlar\u0131, \u00e7uk\u00e7alar, \u015eimali Amerikada q\u0131rm\u0131z\u0131 d\u0259rili Tlinkit, Atapaks q\u0259bil\u0259l\u0259ri, bir s\u0131ra kelt xalqlar\u0131 qar\u011faya tap\u0131n\u0131rd\u0131lar.<br \/>\n  <br \/>\n  Bayqu\u015f, qar\u011fa, ya da quz\u011fun timsal\u0131nda qu\u015flar h\u0259m d\u0259 sava\u015f simvollar\u0131ndan biridir.<br \/>\n  \n<\/p>\n<figure class=\"wp-block-image size-large\">\n  <img decoding=\"async\" src=\"https:\/\/www.meydan.tv\/az\/qargali-kelt-pulu\/\" alt=\"Qar\u011fal\u0131 kelt pulu\" class=\"wp-image-64219\"\/><figcaption>\n    Qar\u011fal\u0131 kelt pulu<br \/>\n  <\/figcaption><\/figure>\n<p>\n  <b><br \/>\n    Q\u0259dim Yunan\u0131standa sava\u015f\u0131n qad\u0131n-tanr\u0131lar\u0131<br \/>\n  <\/b>\n<\/p>\n<p>\n  Q\u0259dim yunanlara g\u00f6r\u0259 qad\u0131n-tanr\u0131 Afina Olimpin ba\u015f allah\u0131 Zevsin v\u0259 Okean\u0131n q\u0131z\u0131 Metisin \u00f6vlad\u0131 idi. Metis ad\u0131n\u0131n m\u0259nas\u0131 a\u011f\u0131l, d\u00fc\u015f\u00fcnm\u0259 g\u00fcc\u00fc dem\u0259kdir. Afina do\u011fulana yax\u0131n, Zevs arvad\u0131n\u0131n bacar\u0131qlar\u0131 ona ke\u00e7sin dey\u0259 Metisi udur. Afina \u0259lind\u0259 qar\u011f\u0131 v\u0259 silahla atas\u0131n\u0131n ba\u015f\u0131ndan do\u011fulur. Homerin \u0130liada dastan\u0131nda o, \u201eyorulmadan ordular\u0131 y\u00f6n\u0259ld\u0259n, c\u0259ng v\u0259 sava\u015f s\u0259sl\u0259rind\u0259n xo\u015fu g\u0259l\u0259n\u201c sava\u015f tanr\u0131s\u0131 kimi t\u0259qdim olunur. Homer dastanda h\u0259m Zevs, h\u0259m d\u0259 Afina \u00fc\u00e7\u00fcn \u201caigiokhos\u201d s\u00f6z\u00fc i\u015fl\u0259dir. Bu s\u00f6z \u201cke\u00e7i d\u0259risind\u0259n qalxan da\u015f\u0131yan\u201d dem\u0259kdir, onun \u201e\u00e7oxg\u00f6zl\u00fc\u201c m\u0259nas\u0131 da var. Bu l\u0259q\u0259b biz\u0259 \u0130nannan\u0131 xat\u0131rlad\u0131r. \u00c7\u00fcnki g\u00f6z simvolu ilk d\u0259f\u0259 \u0130nanna il\u0259 \u0259laq\u0259li olub.<\/p>\n<figure class=\"wp-block-image size-large\">\n  <img decoding=\"async\" src=\"https:\/\/www.meydan.tv\/az\/bayquslu-afina\/\" alt=\"Bayqu\u015flu Afina\" class=\"wp-image-64222\"\/><figcaption>\n    Bayqu\u015flu Afina<br \/>\n  <\/figcaption><\/figure>\n<p>  Q\u0259dim Yunan\u0131standa qad\u0131n sava\u015f tanr\u0131s\u0131 Afina il\u0259 yana\u015f\u0131 ki\u015fi sava\u015f tanr\u0131s\u0131 Ares d\u0259 olub. Ancaq Afina il\u0259 m\u00fcqayis\u0259d\u0259 Ares \u00e7ox h\u00f6rm\u0259tsiz v\u0259 urvats\u0131zd\u0131r, onun n\u0259 tanr\u0131lar, n\u0259 d\u0259 insanlar aras\u0131nda n\u00fcfuzu var. \u00c7\u00fcnki Afina z\u0259kayla idar\u0259 olunan sava\u015f\u0131 t\u0259msil edir; etibars\u0131z, a\u011f\u0131ls\u0131z davran\u0131\u015fl\u0131 Ares is\u0259 d\u00fc\u015f\u00fcnm\u0259d\u0259n, kor-koran\u0259, plans\u0131z sava\u015f\u0131 simvolla\u015fd\u0131r\u0131r. A\u011fl\u0131n i\u015ftirak etdiyi sava\u015flar q\u0259l\u0259b\u0259 il\u0259 bitdiyin\u0259 g\u00f6r\u0259\n<\/p>\n<p>\n  Afina sevilir.\n<\/p>\n<p>\n  Afina \u00e7ox zaman bayqu\u015fla birg\u0259 t\u0259svir edilir. Bayqu\u015fun qaranl\u0131qda g\u00f6rm\u0259 bacar\u0131\u011f\u0131ndan t\u0259sirl\u0259n\u0259n Afina onu \u00f6z\u00fcn\u00fcn qu\u015fu elan edir. \u201eNoctua\u201c adl\u0131 bu bayqu\u015fun \u0259sas v\u0259zif\u0259si iti g\u00f6zl\u0259ri il\u0259 kims\u0259nin g\u00f6r\u0259 bilm\u0259dikl\u0259rini g\u00f6r\u00fcb, Afinaya x\u0259b\u0259r verm\u0259k olur. Sava\u015f zaman\u0131 ordunun \u00fcst\u00fcnd\u0259 u\u00e7anda is\u0259 onun q\u0259l\u0259b\u0259 g\u0259tir\u0259c\u0259yin\u0259 inan\u0131l\u0131rd\u0131.<br \/>\n  <br \/>\n  \u00a0Afinaya b\u0259z\u0259n \u201ebayqu\u015f g\u00f6zl\u00fc\u201c d\u0259 deyilirdi.\n<\/p>\n<p>\n  G\u00f6z\u0259llik, sevgi, b\u0259r\u0259k\u0259t qad\u0131n-tanr\u0131lar\u0131n\u0131n h\u0259m d\u0259 sava\u015f tanr\u0131lar\u0131 olmas\u0131 yunanlarda da olub; Homerd\u0259n oxuyuruq ki, g\u00f6z\u0259llik tanr\u0131s\u0131 Afrodita d\u00f6y\u00fc\u015f\u00e7\u00fc Diomedesl\u0259 vuru\u015fub yaralan\u0131r, Zevs ona deyir ki, qoy, sava\u015f m\u0259s\u0259l\u0259l\u0259ri il\u0259 Aresl\u0259 Afina m\u0259\u015f\u011ful olsun, s\u0259n evlilik m\u0259s\u0259l\u0259l\u0259ril\u0259 u\u011fra\u015f.\n<\/p>\n<p>\n  Yunanl\u0131lara g\u00f6r\u0259, Afina il\u0259 birlikd\u0259 q\u0259l\u0259b\u0259ni simvolla\u015fd\u0131ran tanr\u0131 Nike idi. O, qanadl\u0131, s\u00fcr\u0259tl\u0259 u\u00e7an bir q\u0131z kimi t\u0259svir edilirdi.\n<\/p>\n<p>\n  Q\u0259dim yunan panteonunda qad\u0131n cinsind\u0259 Alala adl\u0131 sava\u015f n\u0259r\u0259si tanr\u0131s\u0131 da var. \u018fsg\u0259rl\u0259r d\u00f6y\u00fc\u015f\u0259 gir\u0259rk\u0259n onun ad\u0131n\u0131 \u00e7a\u011f\u0131r\u0131r, y\u00fcks\u0259k s\u0259sl\u0259 n\u0259r\u0259 \u00e7\u0259kib d\u00fc\u015fm\u0259n t\u0259r\u0259fd\u0259 panika yarad\u0131rd\u0131lar. (D\u00f6y\u00fc\u015f\u0259rk\u0259n q\u0259hr\u0259man\u0131n n\u0259r\u0259 \u00e7\u0259km\u0259si bizim na\u011f\u0131llar\u0131m\u0131za v\u0259 q\u0259hr\u0259manl\u0131q dastanlar\u0131m\u0131za da yad hadis\u0259 deyil: Koro\u011flu n\u0259r\u0259si, \u018fr\u0259bz\u0259ngi n\u0259r\u0259si v\u0259 b.) Alalan\u0131n xalas\u0131 Enyo (Romada Bellona), day\u0131s\u0131 Ares (Romada Mars) da m\u00fcharib\u0259 tanr\u0131lar\u0131 olub. II D\u00fcnya M\u00fcharib\u0259sind\u0259 yunanlarla italyanlar\u0131n sava\u015f\u0131 zaman\u0131 yunan \u0259sg\u0259rl\u0259ri Alala n\u0259r\u0259si \u00e7\u0259kirmi\u015fl\u0259r: eya, eya, Alala!\n<\/p>\n<p>\n  Hesiod v\u0259 Homerin \u0259s\u0259rl\u0259rind\u0259 ad\u0131 \u00e7\u0259kil\u0259n ba\u015fqa bir qad\u0131n sava\u015f tanr\u0131s\u0131 da var: Enyo. Homer ona \u201eell\u0259r y\u0131xan tanr\u0131\u201c dey\u0259 xitab ed\u0259rdi. Enyo sava\u015f arabas\u0131nda \u0259lind\u0259 bir q\u0131l\u0131nc, bir qar\u011f\u0131, b\u0259z\u0259n d\u0259 yanan bir \u00e7\u0131raqla t\u0259svir edilir.\n<\/p>\n<p>\n  Yunan mifologiyas\u0131nda daha bir qad\u0131n-tanr\u0131n\u0131n \u2013 Bian\u0131n ad\u0131n\u0131n m\u0259nas\u0131 zorak\u0131l\u0131q dem\u0259k idi. O, h\u0259m d\u0259 q\u00fcvv\u0259t, xam enerji v\u0259 g\u00fc\u00e7\u00fcn cismanil\u0259\u015fm\u0259si, t\u0259c\u0259ss\u00fcm\u00fc hesab edilirdi.<br \/>\n  <br \/>\n  Yunanlarda xaos, nifaq, d\u00f6y\u00fc\u015f \u0259dav\u0259ti yaradan qad\u0131n-tanr\u0131 Eri\u015f \u0259n sevilm\u0259y\u0259n tanr\u0131lardan biri idi.<\/p>\n<p>  <b><br \/>\n    Romada sava\u015f\u0131n qad\u0131n-tanr\u0131lar\u0131<br \/>\n  <\/b><\/p>\n<p>  Romal\u0131lara g\u00f6r\u0259 Viktoriya sava\u015flarda q\u0259l\u0259b\u0259ni t\u0259yin ed\u0259n qad\u0131n-tanr\u0131 idi.<\/p>\n<figure class=\"wp-block-image size-large\">\n  <img decoding=\"async\" src=\"https:\/\/www.meydan.tv\/az\/vikroriya\/\" alt=\"Vikroriya\" class=\"wp-image-64225\"\/><figcaption>\n    Vikroriya<br \/>\n  <\/figcaption><\/figure>\n<p>  Roma mifologiyas\u0131nda k\u00f6k\u00fc etr\u00fcskl\u0259rin \u201eMenrva\u201cs\u0131na gedib \u00e7\u0131xan, yunan t\u0259siriyl\u0259 \u201eMinerva\u201cya d\u00f6n\u0259n m\u00fcdriklik, z\u0259ka tanr\u0131s\u0131, c\u0259ngav\u0259rl\u0259rin qoruyucusu, v\u0259t\u0259ni, d\u00f6vl\u0259ti m\u00fcdafi\u0259 ed\u0259n bir qad\u0131n-tanr\u0131 var. O da Afina kimi bayqu\u015fla birg\u0259 t\u0259svir edilir.<\/p>\n<figure class=\"wp-block-image size-large\">\n  <img decoding=\"async\" src=\"https:\/\/www.meydan.tv\/az\/minerva\/\" alt=\"Minerva\" class=\"wp-image-64231\"\/><figcaption>\n    Minerva<br \/>\n  <\/figcaption><\/figure>\n<p>\n  <br \/>\n  Afina Zevsin ba\u015f\u0131ndan silahla do\u011fulan kimi, etr\u00fcskl\u0259rin Menrvas\u0131 da d\u0259bilq\u0259si, niz\u0259 v\u0259 qalxan\u0131yla birg\u0259 atas\u0131 ba\u015f tanr\u0131 Tinia-n\u0131n ba\u015f\u0131ndan do\u011fulmu\u015fdu.<br \/>\n  <br \/>\n  Romada ki\u015fi-tanr\u0131 Marsdan qabaqk\u0131 sava\u015f tanr\u0131s\u0131 qad\u0131n-tanr\u0131 Bellona idi. \u201eBellona\u201c lat\u0131n dilind\u0259 sava\u015f dem\u0259kdir. O, yunanlar\u0131n Enyo adl\u0131 tanr\u0131s\u0131yla eyni tutulur. Roma mifologiyas\u0131nda Nerio adl\u0131 qad\u0131n-yanr\u0131 is\u0259 s\u00fcca\u0259t tanr\u0131s\u0131 idi. O, sonralar Bellonan\u0131, Minervan\u0131 v\u0259 Mars\u0131 s\u0131x\u0131\u015fd\u0131r\u0131b aradan \u00e7\u0131xar\u0131r.<\/p>\n<p>  <b><br \/>\n    Avropan\u0131n sava\u015f qad\u0131n-tanr\u0131lar\u0131<br \/>\n  <\/b>\n<\/p>\n<p>\n  Avropan\u0131n \u0259n q\u0259dim xalqlar\u0131 say\u0131lan keltl\u0259r \u00f6z ana-tanr\u0131lar\u0131n\u0131 bir d\u00f6y\u00fc\u015f\u00e7\u00fc kimi d\u00fc\u015f\u00fcn\u00fcr, onu Andraste adland\u0131r\u0131rd\u0131lar. M\u0259nas\u0131 \u201ez\u0259btedilm\u0259z\u201c, \u201eyenilm\u0259z\u201c dem\u0259kdir. Andraste h\u0259m d\u0259 q\u0259l\u0259b\u0259 tanr\u0131s\u0131 oldu\u011funa g\u00f6r\u0259 d\u00f6y\u00fc\u015fd\u0259n \u0259vv\u0259l onun ruhundan k\u00f6m\u0259k ist\u0259nirdi.\n<\/p>\n<p>\n  \u018ffsan\u0259y\u0259 g\u00f6r\u0259 kelt krali\u00e7as\u0131 Boudicca romal\u0131lara qar\u015f\u0131 sava\u015fda Andrasteni k\u00f6m\u0259y\u0259 \u00e7a\u011f\u0131rm\u0131\u015fd\u0131. Krali\u00e7a onun simvolu olan dov\u015fan\u0131 sava\u015fdan \u0259vv\u0259l meydanda qa\u00e7\u0131rd\u0131b dov\u015fan\u0131n h\u0259r\u0259k\u0259t istiqam\u0259tin\u0259 g\u00f6r\u0259 d\u00f6y\u00fc\u015f plan\u0131 haz\u0131rlay\u0131rm\u0131\u015f. Tarix\u00e7il\u0259r Andraste il\u0259 ba\u011fl\u0131, amans\u0131zl\u0131\u011f\u0131 il\u0259 se\u00e7il\u0259n kultlar\u0131n oldu\u011funu yaz\u0131rlar, bunlar\u0131n i\u00e7ind\u0259 dov\u015fanlarla yana\u015f\u0131 insan qurbanlar\u0131 v\u0259 qad\u0131n s\u00fcnn\u0259tl\u0259ri d\u0259 olub.<br \/>\n  <br \/>\n  Keltik politeizmin daha bir qad\u0131n-tanr\u0131s\u0131, Qalliyan\u0131n sava\u015f tanr\u0131s\u0131 Andarta idi.\n<\/p>\n<p>\n  Kelt mifologiyas\u0131nda Bandha adl\u0131 musiqi\u00e7i, h\u00f6kmdar, sava\u015f\u00e7\u0131 tanr\u0131-qad\u0131ndan da s\u00f6z a\u00e7\u0131l\u0131r.<br \/>\n  <br \/>\n  Ba\u015fqa bir tanr\u0131-qad\u0131n Cathubodva da sava\u015f v\u0259 quz\u011funlar tanr\u0131s\u0131 idi.<\/p>\n<figure class=\"wp-block-image size-large\">\n  <img decoding=\"async\" src=\"https:\/\/www.meydan.tv\/az\/cathubodva\/\" alt=\"Cathubodva\" class=\"wp-image-64228\"\/><figcaption>\n    Cathubodva<br \/>\n  <\/figcaption><\/figure>\n<p>  Bu ad\u0131n q\u0259dim kelt dilind\u0259 m\u00fcbariz\u0259, sava\u015f s\u00f6zl\u0259rind\u0259n t\u00f6r\u0259dildiyi g\u00fcman edilir. Q\u0259dim irlandcada \u201ebodua\u201c s\u00f6z\u00fc \u201ebodb\u201c s\u00f6z\u00fc il\u0259 \u0259laq\u0259l\u0259ndirilir, bu s\u00f6z di\u015fi quz\u011fun dem\u0259kdir. Bel\u0259likl\u0259, Cathubodva \u2013 sava\u015f\u00e7\u0131 quz\u011fun kimi m\u0259naland\u0131r\u0131l\u0131rd\u0131. O, \u0130rlandiya mifologiyas\u0131nda Badb Katha ad\u0131yla da tan\u0131n\u0131r. Cathubodvan\u0131n ad\u0131ndak\u0131 Boudina, Bodua v\u0259 Boudigan\u0131n d\u00f6y\u00fc\u015f v\u0259 q\u0259l\u0259b\u0259 kimi m\u0259nalar\u0131 da var. Romal\u0131lar\u0131n Viktoriyas\u0131, yunanlar\u0131n Nikesi, skandinaviyal\u0131lar\u0131n Sigyni kimi onun da ad\u0131 q\u0259l\u0259b\u0259 il\u0259 ba\u011fl\u0131d\u0131r.<br \/>\n  <br \/>\n  Maxa, Badb, Morriqan adl\u0131 \u00fc\u00e7 bac\u0131 da irlandlar\u0131n sava\u015f tanr\u0131lar\u0131 idi.\n<\/p>\n<p>\n  Bac\u0131lardan biri olan Badb \u00f6z p\u0259risi il\u0259 d\u00f6y\u00fc\u015f yerind\u0259 v\u0259lv\u0259l\u0259 sal\u0131r, \u00e7ox vaxt qar\u011fa, ya da quz\u011fun donunda olurdu. O, h\u0259m d\u0259 \u00f6l\u00fcm\u00fc, s\u00fcqutu, yenid\u0259ndo\u011fulu\u015fu t\u0259msil edirdi. Badb\u0131n qar\u011fa donunda g\u00f6r\u00fcnm\u0259si \u00f6l\u00fcm olaca\u011f\u0131na, qara x\u0259b\u0259rl\u0259r veril\u0259c\u0259yin\u0259 i\u015far\u0259 idi, ba\u015fqa c\u00fcr des\u0259k, Badb neqativ pey\u011f\u0259mb\u0259rlikl\u0259ri il\u0259 d\u0259 tan\u0131n\u0131rd\u0131.\n<\/p>\n<p>\n  O biri bac\u0131 Morriqan\u0131n ad\u0131n\u0131n m\u0259nas\u0131 b\u00f6y\u00fck krali\u00e7a dem\u0259k idi. O, h\u0259m d\u0259 k\u0259han\u0259t tanr\u0131s\u0131 idi v\u0259 onun da qar\u011fa, ya da quz\u011fun formas\u0131nda sava\u015f meydanlar\u0131nda d\u00f6y\u00fc\u015f\u00e7\u00fcl\u0259rin ba\u015f\u0131 \u00fcz\u0259rind\u0259 u\u00e7du\u011funa inan\u0131l\u0131rd\u0131. Morriqana \u201ekabuslar krali\u00e7as\u0131\u201c da deyilirdi, onun dondan-dona d\u00fc\u015fm\u0259k bacar\u0131\u011f\u0131 vard\u0131.\n<\/p>\n<p>\n  Bac\u0131lar\u0131 b\u0259z\u0259n tanr\u0131-qad\u0131n Nemain (Neman) \u0259v\u0259z edir. Nemain h\u0259m d\u0259 m\u00fcharib\u0259d\u0259ki xaosun \u015f\u0259xsl\u0259\u015fdirilm\u0259si kimi ortaya \u00e7\u0131x\u0131r. Ona \u201cv\u0259h\u015fi d\u00f6y\u00fc\u015f\u00e7\u00fc\u201d deyilirdi. Onun el\u0259 d\u0259h\u015f\u0259tli g\u00f6r\u00fcn\u00fc\u015f\u00fc vard\u0131 ki, d\u00f6y\u00fc\u015f\u00e7\u00fcl\u0259r Nemaini g\u00f6r\u0259nd\u0259 vahim\u0259l\u0259nirdil\u0259r. H\u0259tta mifl\u0259rin birind\u0259, onu g\u00f6r\u0259rk\u0259n y\u00fczd\u0259n \u00e7ox d\u00f6y\u00fc\u015f\u00e7\u00fcn\u00fcn qorxudan \u00fcr\u0259kl\u0259rinin partlamas\u0131 bar\u0259d\u0259 s\u00f6hb\u0259t gedir. Hadis\u0259 Olster v\u0259 Konnaxt aras\u0131ndak\u0131 \u0259fsan\u0259vi sava\u015fda ba\u015f verib, d\u00f6y\u00fc\u015f\u00e7\u00fcl\u0259rin \u00f6l\u00fcm s\u0259b\u0259bi Nemainin \u00e7\u0131xard\u0131\u011f\u0131 qorxunc s\u0259s imi\u015f.\n<\/p>\n<p>\n  \u0130rland mifologiyas\u0131nda tanr\u0131lar anas\u0131 Anu (bu ad\u0131n Annan, Ana, Annad kimi variantlar\u0131 da var) do\u011fum, b\u0259r\u0259k\u0259t, mal-qara (var-d\u00f6vl\u0259t m\u0259nas\u0131nda), \u00f6l\u00fcm, \u0259min-amanl\u0131q tanr\u0131s\u0131 olmaqla yana\u015f\u0131 d\u00f6y\u00fc\u015f, m\u00fcharib\u0259 tanr\u0131s\u0131yd\u0131 da.\n<\/p>\n<p>\n  Eram\u0131z\u0131n 1-ci \u0259srind\u0259 ya\u015fayan romal\u0131 tarix\u00e7i Tacitus-a g\u00f6r\u0259 britaniyal\u0131lar\u0131n qad\u0131nlardan ibar\u0259t \u0259sg\u0259rl\u0259ri vard\u0131.\n<\/p>\n<p>\n  German-skandinav mifologiyas\u0131nda Valkiria adlanan n\u0259h\u0259ng qad\u0131nlardan da dan\u0131\u015f\u0131l\u0131r. Valkiria \u201ec\u0259s\u0259dl\u0259ri se\u00e7\u0259n\u201c dem\u0259kdir. Onlar h\u0259m d\u0259 tale tanr\u0131lar\u0131 kimi d\u00f6y\u00fc\u015f\u00e7\u00fcl\u0259rin talel\u0259rinin nec\u0259 olaca\u011f\u0131na q\u0259rar verirdil\u0259r. Valkirialar\u0131n bir i\u015fi d\u0259 qanadl\u0131 atlarla sava\u015f meydan\u0131na enib, \u00f6lm\u00fc\u015f q\u0259hr\u0259manlar\u0131 \u00f6l\u00fcl\u0259r \u00f6lk\u0259si Valxalla aparmaq idi. H\u0259min q\u0259hr\u0259manlar d\u00fcnyan\u0131n sonunda (Raqnarok) b\u0259dheyb\u0259t canavar Fenrirl\u0259 olacaq sava\u015fda vuru\u015facaqd\u0131lar.\n<\/p>\n<p>\n  Valkirialar h\u0259m d\u0259 d\u00f6y\u00fc\u015f\u0259 yeni ba\u015flayanlar\u0131 \u00f6yr\u0259dir, onlar\u0131 m\u00fcdafi\u0259 edir v\u0259 qoruyurdular. Onlar t\u0259p\u0259d\u0259n-d\u0131rna\u011fa kimi zirehli paltarlar\u0131n i\u00e7ind\u0259 t\u0259svir edilirl\u0259r. R\u0259vay\u0259t\u0259 g\u00f6r\u0259 \u0259srar\u0259ngiz \u201eq\u00fctb par\u0131lt\u0131lar\u0131\u201c onlar\u0131n zirehl\u0259rind\u0259n yaran\u0131r.\n<\/p>\n<p>\n  German mifologiyas\u0131n\u0131n qad\u0131n tanr\u0131s\u0131 Freya (Frigg) is\u0259 Yax\u0131n v\u0259 Orta \u015e\u0259rqd\u0259ki tanr\u0131 h\u0259mkarlar\u0131 kimi h\u0259m g\u00f6z\u0259llik, sevgi, b\u0259r\u0259k\u0259t, h\u0259m d\u0259 m\u00fcharib\u0259 tanr\u0131s\u0131 idi.<\/p>\n<figure class=\"wp-block-image size-large\">\n  <img decoding=\"async\" src=\"https:\/\/www.meydan.tv\/az\/freya-2\/\" alt=\"Freya\" class=\"wp-image-64234\"\/><figcaption>\n    Freya<br \/>\n  <\/figcaption><\/figure>\n<p>  Etimoloqlara g\u00f6r\u0259 Freya q\u0259dim nord dilind\u0259 xan\u0131m, qad\u0131n idar\u0259\u00e7i, sahib\u0259 m\u0259nas\u0131n\u0131 bildirir. Freya h\u0259r d\u0259f\u0259 m\u00fcharib\u0259d\u0259 \u00f6l\u0259n d\u00f6y\u00fc\u015f\u00e7\u00fcl\u0259rin meyidini tanr\u0131lar atas\u0131 Odinl\u0259 b\u0259rab\u0259r b\u00f6l\u00fcr.<br \/>\n  <br \/>\n  Vikinkl\u0259rin d\u0259 (Skandinaviya xalqlar\u0131n\u0131n n\u0259n\u0259-babalar\u0131) \u0259sas tanr\u0131lar\u0131ndan olan Freya sava\u015fdan h\u0259z alan bir tanr\u0131 kimi tan\u0131n\u0131rd\u0131. Onun m\u00fcq\u0259dd\u0259s donuzu sava\u015f simvolu idi.\n<\/p>\n<p>\n  Pavel Diakon q\u0259dim almanlarla ba\u011fl\u0131 \u201eLanqobardlar\u0131n tarixi\u201c (Uzunsaqqall\u0131lar\u0131n tarixi) \u0259s\u0259rind\u0259 \u201clanqobard\u201d etnoniminin izah\u0131ndan yazark\u0259n bir \u0259fsan\u0259d\u0259n istifad\u0259 edir. \u018ffsan\u0259d\u0259 deyilir ki, Avropan\u0131n iki q\u0259dim xalq\u0131 \u2013 vinill\u0259rl\u0259 vandallar aras\u0131nda m\u00fcharib\u0259y\u0259 haz\u0131rl\u0131q gedir. Freya v\u0259 ba\u015f tanr\u0131 Odin (Vodan) bu m\u00fcharib\u0259d\u0259 t\u0259r\u0259f tuturlar; vinill\u0259r q\u0259l\u0259b\u0259 qazanmaq \u00fc\u00e7\u00fcn Freyadan, vandallar is\u0259 Odind\u0259n k\u00f6m\u0259k ist\u0259yirl\u0259r. Odinin qoydu\u011fu \u015f\u0259rt\u0259 g\u00f6r\u0259 kim meydana birinci \u00e7\u0131xsa, q\u0259l\u0259b\u0259 onun olacaq. Freya vinill\u0259rin d\u00f6y\u00fc\u015f\u00e7\u00fc qad\u0131nlar\u0131na tap\u015f\u0131r\u0131r ki, sa\u00e7lar\u0131n\u0131 \u00e7\u0259n\u0259l\u0259rinin alt\u0131na yerl\u0259\u015fdirib saqqala ox\u015fats\u0131nlar v\u0259 bel\u0259c\u0259 meydana g\u0259lsinl\u0259r. N\u0259tic\u0259d\u0259 vinil qad\u0131nlar\u0131 Freyan\u0131n dedikl\u0259ri kimi edib d\u00f6y\u00fc\u015f\u00fc udurlar.<br \/>\n  <br \/>\n  Freyan\u0131n ad\u0131 h\u0259ft\u0259nin be\u015finci g\u00fcn\u00fcn\u0259 verilib: \u0130ngilisc\u0259 Friday, almanca Freitag. H\u0259min g\u00fcn onun g\u00fcn\u00fc say\u0131l\u0131r.\n<\/p>\n<p>\n  German paqanizmind\u0259 Baduhenna adl\u0131 qad\u0131n-tanr\u0131n\u0131n ad\u0131ndak\u0131 \u201ebadu\u201c proto-german dilind\u0259 \u201ed\u00f6y\u00fc\u015f\u201c dem\u0259kdir, \u201ehenna\u201c is\u0259 german matriyonalar\u0131 il\u0259 \u0259laq\u0259li bir s\u00f6zd\u00fcr.<br \/>\n  <br \/>\n  Roman-Britaniya v\u0259 german politeizmind\u0259 Alaisiagae adl\u0131 qad\u0131n cinsind\u0259 daha bir sava\u015f tanr\u0131s\u0131 da var.<br \/>\n  <br \/>\n  Bir \u00e7ox Danimarka q\u0259bil\u0259l\u0259rinin s\u0259cd\u0259 etdiyi torpaq ilah\u0259si Nertusun bir v\u0259zif\u0259si d\u0259 bir-biriyl\u0259 d\u00fc\u015fm\u0259n olan q\u0259bil\u0259l\u0259ri bar\u0131\u015fd\u0131rmaq imi\u015f.<br \/>\n  <br \/>\n  Latviyal\u0131lar\u0131n m\u00fcharib\u0259 tanr\u0131s\u0131 qad\u0131n idi: Kare Mate.<\/p>\n<p>  <b><br \/>\n    Amerika yerlil\u0259rind\u0259 sava\u015f qad\u0131n-tanr\u0131s\u0131<br \/>\n  <\/b>\n<\/p>\n<p>\n  Amerikan\u0131n yerli xalq\u0131 aztekl\u0259rin sava\u015f tanr\u0131s\u0131 da qad\u0131n cinsind\u0259dir. Onu Siuakoatl (ilan-qad\u0131n) adland\u0131r\u0131rd\u0131lar.<\/p>\n<figure class=\"wp-block-image size-large\">\n  <img decoding=\"async\" src=\"https:\/\/www.meydan.tv\/az\/siuakoatl\/\" alt=\"Siuakoatl\" class=\"wp-image-64252\"\/><figcaption>\n    Siuakoatl<br \/>\n  <\/figcaption><\/figure>\n<p>  Aztekl\u0259r\u0259 g\u00f6r\u0259 o, do\u011fan qad\u0131nlar\u0131n, do\u011fu\u015f zaman\u0131 \u00f6l\u0259n qad\u0131nlar\u0131n (bel\u0259 qad\u0131nlar d\u00f6y\u00fc\u015fd\u0259 \u00f6l\u0259n \u0259sg\u0259rl\u0259rl\u0259 eyni tutulurdu) v\u0259 mama\u00e7alar\u0131n himay\u0259\u00e7isidir. Siuakoatl \u0259lind\u0259 k\u0259ll\u0259, ya da niz\u0259 v\u0259 qalxanla, a\u011fz\u0131 a\u00e7\u0131q halda qurban\u0131n\u0131 g\u00f6zl\u0259yirmi\u015f kimi t\u0259qdim edilir. B\u0259z\u0259n d\u0259 \u0259lind\u0259 s\u00fcp\u00fcrg\u0259 v\u0259 m\u0259hsuldarl\u0131q r\u0259mzi kimi ilan tutur. H\u0259m d\u0259 torpaq tanr\u0131s\u0131 olan Siuakoatl eynil\u0259 t\u00fcrkl\u0259rin tanr\u0131s\u0131 Humay kimi d\u00f6vl\u0259t\u00e7ilikl\u0259 \u0259laq\u0259lidir. Onun ad\u0131 y\u00fcks\u0259k d\u00f6vl\u0259t titulu kimi istifad\u0259 edilirdi.\n<\/p>\n<p>\n  Havay mifologiyas\u0131nda Pele \u2013 yan\u011f\u0131n, ild\u0131r\u0131m, r\u0259qs, vulkanlar v\u0259 zorak\u0131l\u0131q qad\u0131n-tanr\u0131s\u0131 idi.<\/p>\n<p>  <b><br \/>\n    Afrikada sava\u015f\u0131n qad\u0131n tanr\u0131lar\u0131<br \/>\n  <\/b>\n<\/p>\n<p>\n  Afrikada \u2013 Nigeriyada yoruba mifologiyas\u0131nda Oya adl\u0131 sava\u015f tanr\u0131s\u0131 var. O k\u00fcl\u0259k, \u015fidd\u0259tli tufan, \u00f6l\u00fcm v\u0259 dir\u00e7\u0259li\u015f tanr\u0131s\u0131d\u0131r h\u0259m d\u0259. Yoruba dilind\u0259 Oya \u201ec\u0131rmaqlayan\u201c, \u201epar\u00e7alayan\u201c dem\u0259kdir. Maraql\u0131d\u0131r ki, Avropada protokeltl\u0259rin m\u00fcharib\u0259 tanr\u0131s\u0131 Aqronan\u0131n ad\u0131n\u0131n m\u0259nas\u0131 il\u0259 Oyan\u0131n ad\u0131n\u0131n m\u0259nas\u0131 eynidir.<br \/>\n  <br \/>\n  Afrikada b\u0259rb\u0259r xalq\u0131n\u0131n t\u0259s\u0259vv\u00fcr\u00fcnd\u0259 d\u0259 sava\u015f tanr\u0131s\u0131 qad\u0131n cinsind\u0259dir. Onu \u0130fri adland\u0131r\u0131rd\u0131lar.\n<\/p>\n<p>\n  (ard\u0131 var)<\/p>\n","protected":false},"excerpt":{"rendered":"<p>Yax\u0131n v\u0259 Orta \u015e\u0259rqd\u0259 sava\u015f\u0131n qad\u0131n tanr\u0131lar\u0131 aslanlarla birg\u0259 t\u0259svir edilirdis\u0259, Avropada qu\u015flar \u2013 bayqu\u015f, qar\u011fa, ya da quz\u011fun aslanlar\u0131n yerini al\u0131r.<\/p>\n","protected":false},"author":11,"featured_media":64216,"comment_status":"closed","ping_status":"open","sticky":false,"template":"","format":"standard","meta":{"_acf_changed":false,"_sitemap_exclude":false,"_sitemap_priority":"","_sitemap_frequency":"","footnotes":""},"categories":[57],"tags":[],"class_list":["post-177781","post","type-post","status-publish","format-standard","has-post-thumbnail","hentry","category-menim-fikrimce","infinite-scroll-item","generate-columns","tablet-grid-50","mobile-grid-100","grid-parent","grid-33","no-featured-image-padding"],"acf":[],"yoast_head":"<!-- This site is optimized with the Yoast SEO plugin v27.5 - https:\/\/yoast.com\/product\/yoast-seo-wordpress\/ -->\n<title>Sava\u015f\u0131n qar\u011fa-quz\u011funlu qad\u0131n-tanr\u0131lar\u0131 (3-c\u00fc yaz\u0131) - MEYDAN.TV<\/title>\n<meta name=\"robots\" content=\"index, follow, max-snippet:-1, max-image-preview:large, max-video-preview:-1\" \/>\n<link rel=\"canonical\" href=\"https:\/\/www.meydan.tv\/az\/article\/savasin-qarga-quzgunlu-qadin-tanrilari-3-cu-yazi\/\" \/>\n<meta property=\"og:locale\" content=\"az_AZ\" \/>\n<meta property=\"og:type\" content=\"article\" \/>\n<meta property=\"og:title\" content=\"Sava\u015f\u0131n qar\u011fa-quz\u011funlu qad\u0131n-tanr\u0131lar\u0131 (3-c\u00fc yaz\u0131) - MEYDAN.TV\" \/>\n<meta property=\"og:description\" content=\"Yax\u0131n v\u0259 Orta \u015e\u0259rqd\u0259 sava\u015f\u0131n qad\u0131n tanr\u0131lar\u0131 aslanlarla birg\u0259 t\u0259svir edilirdis\u0259, Avropada qu\u015flar \u2013 bayqu\u015f, qar\u011fa, ya da quz\u011fun aslanlar\u0131n yerini al\u0131r.\" \/>\n<meta property=\"og:url\" content=\"https:\/\/www.meydan.tv\/az\/article\/savasin-qarga-quzgunlu-qadin-tanrilari-3-cu-yazi\/\" \/>\n<meta property=\"og:site_name\" content=\"MEYDAN.TV\" \/>\n<meta property=\"article:published_time\" content=\"2016-07-28T23:00:10+00:00\" \/>\n<meta property=\"og:image\" content=\"https:\/\/www.meydan.tv\/wp-content\/uploads\/24495.png\" \/>\n\t<meta property=\"og:image:width\" content=\"780\" \/>\n\t<meta property=\"og:image:height\" content=\"526\" \/>\n\t<meta property=\"og:image:type\" content=\"image\/png\" \/>\n<meta name=\"author\" content=\"user-manager\" \/>\n<meta name=\"twitter:card\" content=\"summary_large_image\" \/>\n<script type=\"application\/ld+json\" class=\"yoast-schema-graph\">{\"@context\":\"https:\\\/\\\/schema.org\",\"@graph\":[{\"@type\":\"Article\",\"@id\":\"https:\\\/\\\/www.meydan.tv\\\/az\\\/article\\\/savasin-qarga-quzgunlu-qadin-tanrilari-3-cu-yazi\\\/#article\",\"isPartOf\":{\"@id\":\"https:\\\/\\\/www.meydan.tv\\\/az\\\/article\\\/savasin-qarga-quzgunlu-qadin-tanrilari-3-cu-yazi\\\/\"},\"author\":{\"name\":\"user-manager\",\"@id\":\"https:\\\/\\\/www.meydan.tv\\\/az\\\/#\\\/schema\\\/person\\\/10d11eccf6da3662cf5fdab9806ea91a\"},\"headline\":\"Sava\u015f\u0131n qar\u011fa-quz\u011funlu qad\u0131n-tanr\u0131lar\u0131 (3-c\u00fc yaz\u0131)\",\"datePublished\":\"2016-07-28T23:00:10+00:00\",\"mainEntityOfPage\":{\"@id\":\"https:\\\/\\\/www.meydan.tv\\\/az\\\/article\\\/savasin-qarga-quzgunlu-qadin-tanrilari-3-cu-yazi\\\/\"},\"wordCount\":2550,\"publisher\":{\"@id\":\"https:\\\/\\\/www.meydan.tv\\\/az\\\/#organization\"},\"image\":{\"@id\":\"https:\\\/\\\/www.meydan.tv\\\/az\\\/article\\\/savasin-qarga-quzgunlu-qadin-tanrilari-3-cu-yazi\\\/#primaryimage\"},\"thumbnailUrl\":\"https:\\\/\\\/www.meydan.tv\\\/wp-content\\\/uploads\\\/24495.png\",\"articleSection\":[\"M\u0259nim Fikrimc\u0259\"],\"inLanguage\":\"az\"},{\"@type\":\"WebPage\",\"@id\":\"https:\\\/\\\/www.meydan.tv\\\/az\\\/article\\\/savasin-qarga-quzgunlu-qadin-tanrilari-3-cu-yazi\\\/\",\"url\":\"https:\\\/\\\/www.meydan.tv\\\/az\\\/article\\\/savasin-qarga-quzgunlu-qadin-tanrilari-3-cu-yazi\\\/\",\"name\":\"Sava\u015f\u0131n qar\u011fa-quz\u011funlu qad\u0131n-tanr\u0131lar\u0131 (3-c\u00fc yaz\u0131) - MEYDAN.TV\",\"isPartOf\":{\"@id\":\"https:\\\/\\\/www.meydan.tv\\\/az\\\/#website\"},\"primaryImageOfPage\":{\"@id\":\"https:\\\/\\\/www.meydan.tv\\\/az\\\/article\\\/savasin-qarga-quzgunlu-qadin-tanrilari-3-cu-yazi\\\/#primaryimage\"},\"image\":{\"@id\":\"https:\\\/\\\/www.meydan.tv\\\/az\\\/article\\\/savasin-qarga-quzgunlu-qadin-tanrilari-3-cu-yazi\\\/#primaryimage\"},\"thumbnailUrl\":\"https:\\\/\\\/www.meydan.tv\\\/wp-content\\\/uploads\\\/24495.png\",\"datePublished\":\"2016-07-28T23:00:10+00:00\",\"breadcrumb\":{\"@id\":\"https:\\\/\\\/www.meydan.tv\\\/az\\\/article\\\/savasin-qarga-quzgunlu-qadin-tanrilari-3-cu-yazi\\\/#breadcrumb\"},\"inLanguage\":\"az\",\"potentialAction\":[{\"@type\":\"ReadAction\",\"target\":[\"https:\\\/\\\/www.meydan.tv\\\/az\\\/article\\\/savasin-qarga-quzgunlu-qadin-tanrilari-3-cu-yazi\\\/\"]}]},{\"@type\":\"ImageObject\",\"inLanguage\":\"az\",\"@id\":\"https:\\\/\\\/www.meydan.tv\\\/az\\\/article\\\/savasin-qarga-quzgunlu-qadin-tanrilari-3-cu-yazi\\\/#primaryimage\",\"url\":\"https:\\\/\\\/www.meydan.tv\\\/wp-content\\\/uploads\\\/24495.png\",\"contentUrl\":\"https:\\\/\\\/www.meydan.tv\\\/wp-content\\\/uploads\\\/24495.png\",\"width\":780,\"height\":526,\"caption\":\"Source:\"},{\"@type\":\"BreadcrumbList\",\"@id\":\"https:\\\/\\\/www.meydan.tv\\\/az\\\/article\\\/savasin-qarga-quzgunlu-qadin-tanrilari-3-cu-yazi\\\/#breadcrumb\",\"itemListElement\":[{\"@type\":\"ListItem\",\"position\":1,\"name\":\"Ana s\u0259hif\u0259\",\"item\":\"https:\\\/\\\/www.meydan.tv\\\/az\\\/\"},{\"@type\":\"ListItem\",\"position\":2,\"name\":\"M\u0259nim Fikrimc\u0259\",\"item\":\"https:\\\/\\\/www.meydan.tv\\\/az\\\/section\\\/menim-fikrimce\\\/\"},{\"@type\":\"ListItem\",\"position\":3,\"name\":\"Sava\u015f\u0131n qar\u011fa-quz\u011funlu qad\u0131n-tanr\u0131lar\u0131 (3-c\u00fc yaz\u0131)\"}]},{\"@type\":\"WebSite\",\"@id\":\"https:\\\/\\\/www.meydan.tv\\\/az\\\/#website\",\"url\":\"https:\\\/\\\/www.meydan.tv\\\/az\\\/\",\"name\":\"MEYDAN.TV\",\"description\":\"Meydan TV Az\u0259rbaycan\u0131n media m\u0259kan\u0131ndak\u0131 alternativ s\u0259sidir\",\"publisher\":{\"@id\":\"https:\\\/\\\/www.meydan.tv\\\/az\\\/#organization\"},\"potentialAction\":[{\"@type\":\"SearchAction\",\"target\":{\"@type\":\"EntryPoint\",\"urlTemplate\":\"https:\\\/\\\/www.meydan.tv\\\/az\\\/?s={search_term_string}\"},\"query-input\":{\"@type\":\"PropertyValueSpecification\",\"valueRequired\":true,\"valueName\":\"search_term_string\"}}],\"inLanguage\":\"az\"},{\"@type\":\"Organization\",\"@id\":\"https:\\\/\\\/www.meydan.tv\\\/az\\\/#organization\",\"name\":\"Meydan TV\",\"url\":\"https:\\\/\\\/www.meydan.tv\\\/az\\\/\",\"logo\":{\"@type\":\"ImageObject\",\"inLanguage\":\"az\",\"@id\":\"https:\\\/\\\/www.meydan.tv\\\/az\\\/#\\\/schema\\\/logo\\\/image\\\/\",\"url\":\"https:\\\/\\\/www.meydan.tv\\\/wp-content\\\/uploads\\\/2021\\\/07\\\/meydan-logo.svg\",\"contentUrl\":\"https:\\\/\\\/www.meydan.tv\\\/wp-content\\\/uploads\\\/2021\\\/07\\\/meydan-logo.svg\",\"width\":195,\"height\":46,\"caption\":\"Meydan TV\"},\"image\":{\"@id\":\"https:\\\/\\\/www.meydan.tv\\\/az\\\/#\\\/schema\\\/logo\\\/image\\\/\"}},{\"@type\":\"Person\",\"@id\":\"https:\\\/\\\/www.meydan.tv\\\/az\\\/#\\\/schema\\\/person\\\/10d11eccf6da3662cf5fdab9806ea91a\",\"name\":\"user-manager\"}]}<\/script>\n<!-- \/ Yoast SEO plugin. -->","yoast_head_json":{"title":"Sava\u015f\u0131n qar\u011fa-quz\u011funlu qad\u0131n-tanr\u0131lar\u0131 (3-c\u00fc yaz\u0131) - MEYDAN.TV","robots":{"index":"index","follow":"follow","max-snippet":"max-snippet:-1","max-image-preview":"max-image-preview:large","max-video-preview":"max-video-preview:-1"},"canonical":"https:\/\/www.meydan.tv\/az\/article\/savasin-qarga-quzgunlu-qadin-tanrilari-3-cu-yazi\/","og_locale":"az_AZ","og_type":"article","og_title":"Sava\u015f\u0131n qar\u011fa-quz\u011funlu qad\u0131n-tanr\u0131lar\u0131 (3-c\u00fc yaz\u0131) - MEYDAN.TV","og_description":"Yax\u0131n v\u0259 Orta \u015e\u0259rqd\u0259 sava\u015f\u0131n qad\u0131n tanr\u0131lar\u0131 aslanlarla birg\u0259 t\u0259svir edilirdis\u0259, Avropada qu\u015flar \u2013 bayqu\u015f, qar\u011fa, ya da quz\u011fun aslanlar\u0131n yerini al\u0131r.","og_url":"https:\/\/www.meydan.tv\/az\/article\/savasin-qarga-quzgunlu-qadin-tanrilari-3-cu-yazi\/","og_site_name":"MEYDAN.TV","article_published_time":"2016-07-28T23:00:10+00:00","og_image":[{"width":780,"height":526,"url":"https:\/\/www.meydan.tv\/wp-content\/uploads\/24495.png","type":"image\/png"}],"author":"user-manager","twitter_card":"summary_large_image","schema":{"@context":"https:\/\/schema.org","@graph":[{"@type":"Article","@id":"https:\/\/www.meydan.tv\/az\/article\/savasin-qarga-quzgunlu-qadin-tanrilari-3-cu-yazi\/#article","isPartOf":{"@id":"https:\/\/www.meydan.tv\/az\/article\/savasin-qarga-quzgunlu-qadin-tanrilari-3-cu-yazi\/"},"author":{"name":"user-manager","@id":"https:\/\/www.meydan.tv\/az\/#\/schema\/person\/10d11eccf6da3662cf5fdab9806ea91a"},"headline":"Sava\u015f\u0131n qar\u011fa-quz\u011funlu qad\u0131n-tanr\u0131lar\u0131 (3-c\u00fc yaz\u0131)","datePublished":"2016-07-28T23:00:10+00:00","mainEntityOfPage":{"@id":"https:\/\/www.meydan.tv\/az\/article\/savasin-qarga-quzgunlu-qadin-tanrilari-3-cu-yazi\/"},"wordCount":2550,"publisher":{"@id":"https:\/\/www.meydan.tv\/az\/#organization"},"image":{"@id":"https:\/\/www.meydan.tv\/az\/article\/savasin-qarga-quzgunlu-qadin-tanrilari-3-cu-yazi\/#primaryimage"},"thumbnailUrl":"https:\/\/www.meydan.tv\/wp-content\/uploads\/24495.png","articleSection":["M\u0259nim Fikrimc\u0259"],"inLanguage":"az"},{"@type":"WebPage","@id":"https:\/\/www.meydan.tv\/az\/article\/savasin-qarga-quzgunlu-qadin-tanrilari-3-cu-yazi\/","url":"https:\/\/www.meydan.tv\/az\/article\/savasin-qarga-quzgunlu-qadin-tanrilari-3-cu-yazi\/","name":"Sava\u015f\u0131n qar\u011fa-quz\u011funlu qad\u0131n-tanr\u0131lar\u0131 (3-c\u00fc yaz\u0131) - MEYDAN.TV","isPartOf":{"@id":"https:\/\/www.meydan.tv\/az\/#website"},"primaryImageOfPage":{"@id":"https:\/\/www.meydan.tv\/az\/article\/savasin-qarga-quzgunlu-qadin-tanrilari-3-cu-yazi\/#primaryimage"},"image":{"@id":"https:\/\/www.meydan.tv\/az\/article\/savasin-qarga-quzgunlu-qadin-tanrilari-3-cu-yazi\/#primaryimage"},"thumbnailUrl":"https:\/\/www.meydan.tv\/wp-content\/uploads\/24495.png","datePublished":"2016-07-28T23:00:10+00:00","breadcrumb":{"@id":"https:\/\/www.meydan.tv\/az\/article\/savasin-qarga-quzgunlu-qadin-tanrilari-3-cu-yazi\/#breadcrumb"},"inLanguage":"az","potentialAction":[{"@type":"ReadAction","target":["https:\/\/www.meydan.tv\/az\/article\/savasin-qarga-quzgunlu-qadin-tanrilari-3-cu-yazi\/"]}]},{"@type":"ImageObject","inLanguage":"az","@id":"https:\/\/www.meydan.tv\/az\/article\/savasin-qarga-quzgunlu-qadin-tanrilari-3-cu-yazi\/#primaryimage","url":"https:\/\/www.meydan.tv\/wp-content\/uploads\/24495.png","contentUrl":"https:\/\/www.meydan.tv\/wp-content\/uploads\/24495.png","width":780,"height":526,"caption":"Source:"},{"@type":"BreadcrumbList","@id":"https:\/\/www.meydan.tv\/az\/article\/savasin-qarga-quzgunlu-qadin-tanrilari-3-cu-yazi\/#breadcrumb","itemListElement":[{"@type":"ListItem","position":1,"name":"Ana s\u0259hif\u0259","item":"https:\/\/www.meydan.tv\/az\/"},{"@type":"ListItem","position":2,"name":"M\u0259nim Fikrimc\u0259","item":"https:\/\/www.meydan.tv\/az\/section\/menim-fikrimce\/"},{"@type":"ListItem","position":3,"name":"Sava\u015f\u0131n qar\u011fa-quz\u011funlu qad\u0131n-tanr\u0131lar\u0131 (3-c\u00fc yaz\u0131)"}]},{"@type":"WebSite","@id":"https:\/\/www.meydan.tv\/az\/#website","url":"https:\/\/www.meydan.tv\/az\/","name":"MEYDAN.TV","description":"Meydan TV Az\u0259rbaycan\u0131n media m\u0259kan\u0131ndak\u0131 alternativ s\u0259sidir","publisher":{"@id":"https:\/\/www.meydan.tv\/az\/#organization"},"potentialAction":[{"@type":"SearchAction","target":{"@type":"EntryPoint","urlTemplate":"https:\/\/www.meydan.tv\/az\/?s={search_term_string}"},"query-input":{"@type":"PropertyValueSpecification","valueRequired":true,"valueName":"search_term_string"}}],"inLanguage":"az"},{"@type":"Organization","@id":"https:\/\/www.meydan.tv\/az\/#organization","name":"Meydan TV","url":"https:\/\/www.meydan.tv\/az\/","logo":{"@type":"ImageObject","inLanguage":"az","@id":"https:\/\/www.meydan.tv\/az\/#\/schema\/logo\/image\/","url":"https:\/\/www.meydan.tv\/wp-content\/uploads\/2021\/07\/meydan-logo.svg","contentUrl":"https:\/\/www.meydan.tv\/wp-content\/uploads\/2021\/07\/meydan-logo.svg","width":195,"height":46,"caption":"Meydan TV"},"image":{"@id":"https:\/\/www.meydan.tv\/az\/#\/schema\/logo\/image\/"}},{"@type":"Person","@id":"https:\/\/www.meydan.tv\/az\/#\/schema\/person\/10d11eccf6da3662cf5fdab9806ea91a","name":"user-manager"}]}},"_links":{"self":[{"href":"https:\/\/www.meydan.tv\/az\/wp-json\/wp\/v2\/posts\/177781","targetHints":{"allow":["GET"]}}],"collection":[{"href":"https:\/\/www.meydan.tv\/az\/wp-json\/wp\/v2\/posts"}],"about":[{"href":"https:\/\/www.meydan.tv\/az\/wp-json\/wp\/v2\/types\/post"}],"author":[{"embeddable":true,"href":"https:\/\/www.meydan.tv\/az\/wp-json\/wp\/v2\/users\/11"}],"replies":[{"embeddable":true,"href":"https:\/\/www.meydan.tv\/az\/wp-json\/wp\/v2\/comments?post=177781"}],"version-history":[{"count":0,"href":"https:\/\/www.meydan.tv\/az\/wp-json\/wp\/v2\/posts\/177781\/revisions"}],"wp:featuredmedia":[{"embeddable":true,"href":"https:\/\/www.meydan.tv\/az\/wp-json\/wp\/v2\/media\/64216"}],"wp:attachment":[{"href":"https:\/\/www.meydan.tv\/az\/wp-json\/wp\/v2\/media?parent=177781"}],"wp:term":[{"taxonomy":"category","embeddable":true,"href":"https:\/\/www.meydan.tv\/az\/wp-json\/wp\/v2\/categories?post=177781"},{"taxonomy":"post_tag","embeddable":true,"href":"https:\/\/www.meydan.tv\/az\/wp-json\/wp\/v2\/tags?post=177781"}],"curies":[{"name":"wp","href":"https:\/\/api.w.org\/{rel}","templated":true}]}}