{"id":177777,"date":"2016-07-29T00:24:00","date_gmt":"2016-07-29T00:24:00","guid":{"rendered":"https:\/\/www.meydan.tv\/article\/ne-etmeli\/"},"modified":"2016-07-29T00:24:00","modified_gmt":"2016-07-29T00:24:00","slug":"ne-etmeli","status":"publish","type":"post","link":"https:\/\/www.meydan.tv\/az\/article\/ne-etmeli\/","title":{"rendered":"N\u0259 etm\u0259li?!"},"content":{"rendered":"<figure class=\"wp-block-image size-large\">\n  <img decoding=\"async\" src=\"https:\/\/www.meydan.tv\/az\/rustem-ibrahimbeyov\/\" alt=\"R\u00fcst\u0259m \u0130brahimb\u0259yov\" class=\"wp-image-64261\"\/><figcaption>\n    R\u00fcst\u0259m \u0130brahimb\u0259yov<br \/>\n  <\/figcaption><\/figure>\n<p>\n  <i><br \/>\n    1918-ci ild\u0259 biz \u015e\u0259rqd\u0259 ilk d\u0259f\u0259 demokratik d\u00f6vl\u0259t yaratd\u0131q. \u0130ndi d\u0259, t\u0259xmin\u0259n 100 il sonra biz o q\u0259d\u0259r t\u0259n\u0259zz\u00fcl etmi\u015fik ki, xalq\u0131m\u0131z\u0131n \u0259n b\u00f6y\u00fck tarixi nailiyy\u0259tin\u0259 \u0259l qald\u0131r\u0131r\u0131q<br \/>\n  <\/i>\n<\/p>\n<p>\n  Ne\u00e7\u0259 g\u00fcnd\u00fcr \u201cNardaran i\u015fi\u201d il\u0259 ba\u011fl\u0131 m\u0259hk\u0259m\u0259d\u0259 Tale Ba\u011f\u0131rzad\u0259nin verdiyi b\u0259yanat\u0131n a\u011f\u0131r t\u0259siri alt\u0131ndayam. \u0130nancl\u0131 adam m\u00fcst\u0259ntiql\u0259rin ona verdiyi a\u011f\u0131r i\u015fg\u0259nc\u0259l\u0259rd\u0259n dan\u0131\u015f\u0131b. Ondan Milli \u015eura liderl\u0259ri C\u0259mil H\u0259s\u0259nli v\u0259 \u018fli K\u0259rimlini \u015f\u0259rl\u0259m\u0259k t\u0259l\u0259b edilib. Ba\u011f\u0131rzad\u0259 s\u0259rt i\u015fg\u0259nc\u0259l\u0259r\u0259 tab g\u0259tirib, cinay\u0259t \u0259m\u0259linin qar\u015f\u0131s\u0131n\u0131 al\u0131b v\u0259 n\u00fcfuzlu m\u00fcxalif\u0259t\u00e7il\u0259ri insanlar\u0131n \u00f6l\u00fcm\u00fcn\u0259 s\u0259b\u0259b olan hadis\u0259l\u0259rin ilhamvericil\u0259ri v\u0259 t\u0259\u015fkilat\u00e7\u0131lar\u0131 elan etm\u0259y\u0259 mane olub. Ancaq m\u0259hk\u0259m\u0259 m\u00fcst\u0259ntiql\u0259rin a\u011f\u0131r cinay\u0259ti bar\u0259d\u0259 m\u0259lumat\u0131 diqq\u0259td\u0259n k\u0259nar qoyur. Bu g\u00f6r\u00fcnm\u0259mi\u015f hadis\u0259 a\u011fl\u0131mda MTN r\u0259hb\u0259rliyinin if\u015falar\u0131 il\u0259 birl\u0259\u015f\u0259r\u0259k, m\u0259ni \u00f6lk\u0259nin h\u00fcquq-m\u00fchafiz\u0259 sisteminin cinay\u0259tkar birliy\u0259 d\u00f6nd\u00fcy\u00fcn\u0259, on minl\u0259rl\u0259 insan\u0131n onun qurban\u0131 oldu\u011funa tamamil\u0259 inand\u0131rd\u0131.\n<\/p>\n<p>\n  Yaranan situasiyan\u0131n paradoksall\u0131\u011f\u0131 ondad\u0131r ki, hakimiyy\u0259tin \u00f6z\u00fc d\u0259 c\u0259za aparat\u0131n\u0131n h\u0259r\u0259k\u0259tl\u0259rind\u0259n ehtiyat edir.\n<\/p>\n<p>\n  Ancaq bununla yana\u015f\u0131 anlamaq ist\u0259mirl\u0259r ki, \u00f6lk\u0259d\u0259 b\u00fct\u00fcn probleml\u0259rin s\u0259b\u0259bi d\u00f6vl\u0259t idar\u0259\u00e7iliyi \u00fcz\u0259rind\u0259 ictimai n\u0259zar\u0259tin tamamil\u0259 olmamas\u0131d\u0131r.\n<\/p>\n<p>\n  Az\u0259rbaycanda \u00e7oxdand\u0131r b\u0259rq\u0259rar olan n\u0259zar\u0259tsiz-f\u0259rdi idar\u0259\u00e7ilik sistemi vaxtil\u0259 monqol tatarlar\u0131 imperiyas\u0131n\u0131n oldu\u011fu b\u00fct\u00fcn \u0259raziy\u0259 xasd\u0131r. Y\u00fcz illikl\u0259r \u0259rzind\u0259 burda d\u00f6vl\u0259t qurulu\u015flar\u0131n\u0131n konfiqurasiyas\u0131 d\u0259yi\u015fib, \u00f6lk\u0259l\u0259r m\u00fcxt\u0259lif ideoloji g\u00f6rk\u0259m al\u0131b, ancaq bu g\u00fcn\u0259 q\u0259d\u0259r orda hakimiyy\u0259tl\u0259rin mahiyy\u0259ti d\u0259yi\u015film\u0259z qal\u0131r.\n<\/p>\n<p>\n  \u00c7ingizxan\u0131n d\u00f6vr\u00fcnd\u0259n h\u0259r n\u00f6vb\u0259ti h\u00f6kmdar\u0131n hakimiyy\u0259ti iki dayaq \u00fcz\u0259rind\u0259 dayan\u0131b: korrupsiya v\u0259 c\u0259za.<br \/>\n  <br \/>\n  Korrupsiya h\u00f6kmdar\u0131n \u0259lind\u0259 h\u0259dsiz maliyy\u0259 imkanlar\u0131 c\u0259ml\u0259\u015fdirir, c\u0259za yolu il\u0259 is\u0259 d\u00fc\u015fm\u0259nl\u0259ri c\u0259zaland\u0131r\u0131l\u0131r, h\u0259tta onlar olmasa bel\u0259.\n<\/p>\n<p>\n  Bu g\u00fcn ke\u00e7mi\u015f monqol tatarlar\u0131 imperiyas\u0131 \u0259razisind\u0259 m\u00f6vcud olan \u00f6lk\u0259l\u0259r ilk bax\u0131\u015fda bir-birind\u0259n f\u0259rql\u0259nir. Amma do\u011fu\u015fda genetik keyfiyy\u0259tl\u0259rinin 50 faizini atadan alan f\u0259rqli yumurta \u0259kizl\u0259ri kimi, d\u0259rinlikd\u0259 onlar bir-birinin eynidir.\n<\/p>\n<p>\n  Ancaq yen\u0259 d\u0259 \u0259kiz \u00f6lk\u0259l\u0259rd\u0259 b\u0259zi \u015feyl\u0259r h\u00f6kmdarlar\u0131n keyfiyy\u0259tl\u0259rind\u0259n d\u0259 as\u0131l\u0131d\u0131r. M\u0259s\u0259l\u0259n, onlar\u0131n aras\u0131nda el\u0259l\u0259ri var ki, orda insan haqlar\u0131 il\u0259 ba\u011fl\u0131 v\u0259ziyy\u0259t Az\u0259rbaycandan pisdir.\n<\/p>\n<p>\n  Ancaq bu g\u00fcnl\u0259rd\u0259 v\u0259ziyy\u0259tin d\u0259yi\u015f\u0259c\u0259yi il\u0259 ba\u011fl\u0131 real t\u0259hl\u00fck\u0259 yaran\u0131b.\n<\/p>\n<p>\n  Q\u0259fl\u0259t\u0259n Az\u0259rbaycan Konstitusiyas\u0131na sayca \u00fc\u00e7\u00fcnc\u00fc d\u0259yi\u015fiklikl\u0259rin t\u0259klifi xalq\u0131n h\u00fcquqsuzlu\u011funun v\u0259 h\u00f6kmdar\u0131n m\u0259hdudiyy\u0259tsiz hakimiyy\u0259tinin m\u00f6hk\u0259ml\u0259n\u0259c\u0259yinin real t\u0259hl\u00fck\u0259sini yarad\u0131r.\n<\/p>\n<p>\n  V\u0259t\u0259nda\u015flar\u0131n h\u00fcquqlar\u0131n\u0131n m\u00fcdafi\u0259si \u00fc\u00e7\u00fcn yarad\u0131lan Konstitusiya hakimiyy\u0259tin b\u00fct\u00fcn h\u0259r\u0259k\u0259tl\u0259rin\u0259 b\u0259ra\u0259t qazand\u0131ran qanunlar k\u00fclliyyat\u0131na \u00e7evrilib.\n<\/p>\n<p>\n  1918-ci ild\u0259 biz \u015e\u0259rqd\u0259 ilk d\u0259f\u0259 demokratik d\u00f6vl\u0259t yaratd\u0131q. \u0130ndi d\u0259, t\u0259xmin\u0259n 100 il sonra biz o q\u0259d\u0259r t\u0259n\u0259zz\u00fcl etmi\u015fik ki, xalq\u0131m\u0131z\u0131n \u0259n b\u00f6y\u00fck tarixi nailiyy\u0259tin\u0259 \u0259l qald\u0131r\u0131r\u0131q.\n<\/p>\n<p>\n  Az\u0259rbaycan\u0131n hakimiyy\u0259tin s\u00fclal\u0259 yolu il\u0259 \u00f6t\u00fcr\u00fcld\u00fcy\u00fc monarxiyaya d\u00f6n\u00fcb-d\u00f6nm\u0259y\u0259c\u0259yini m\u00fc\u0259yy\u0259n ed\u0259c\u0259k \u00fcmumxalq referendumu sentyabr\u0131n 26-na t\u0259yin edilib. Se\u00e7ki orqanlar\u0131m\u0131z\u0131n ist\u0259nil\u0259n s\u0259sverm\u0259nin n\u0259tic\u0259l\u0259rini manipulyasiya etm\u0259k bacar\u0131\u011f\u0131 ham\u0131ya m\u0259lumdur. Ham\u0131ya m\u0259lumdur ki, bu hiyl\u0259y\u0259 mane olmaq \u00fc\u00e7\u00fcn ist\u0259nil\u0259n c\u0259hdl\u0259r hakimiyy\u0259t t\u0259r\u0259find\u0259n d\u00f6vl\u0259t \u0259leyhin\u0259 f\u0259aliyy\u0259tin t\u0259zah\u00fcr\u00fc kimi q\u0259bul edilir. Bu c\u00fcr \u0259m\u0259ll\u0259r\u0259 c\u0259sar\u0259t ed\u0259n h\u0259r k\u0259s \u00fc\u00e7\u00fcn Taleh Ba\u011f\u0131rzad\u0259nin ke\u00e7diyi s\u0131naq t\u0259hl\u00fck\u0259si yaran\u0131r. Bel\u0259 bir faci\u0259vi sual yaran\u0131r: yaranm\u0131\u015f v\u0259ziyy\u0259td\u0259 \u00f6lk\u0259mizin v\u0259t\u0259nda\u015flar\u0131 n\u0259 etm\u0259lidirl\u0259r?!\u201d\n<\/p><\/p>\n","protected":false},"excerpt":{"rendered":"<p>1918-ci ild\u0259 biz \u015e\u0259rqd\u0259 ilk d\u0259f\u0259 demokratik d\u00f6vl\u0259t yaratd\u0131q. \u0130ndi d\u0259, t\u0259xmin\u0259n 100 il sonra biz o q\u0259d\u0259r t\u0259n\u0259zz\u00fcl etmi\u015fik ki, xalq\u0131m\u0131z\u0131n \u0259n b\u00f6y\u00fck tarixi nailiyy\u0259tin\u0259 \u0259l qald\u0131r\u0131r\u0131q<\/p>\n","protected":false},"author":11,"featured_media":64261,"comment_status":"closed","ping_status":"open","sticky":false,"template":"","format":"standard","meta":{"_acf_changed":false,"_sitemap_exclude":false,"_sitemap_priority":"","_sitemap_frequency":"","footnotes":""},"categories":[51],"tags":[],"class_list":["post-177777","post","type-post","status-publish","format-standard","has-post-thumbnail","hentry","category-analitika","infinite-scroll-item","generate-columns","tablet-grid-50","mobile-grid-100","grid-parent","grid-33","no-featured-image-padding"],"acf":[],"yoast_head":"<!-- This site is optimized with the Yoast SEO plugin v27.5 - https:\/\/yoast.com\/product\/yoast-seo-wordpress\/ -->\n<title>N\u0259 etm\u0259li?! - MEYDAN.TV<\/title>\n<meta name=\"robots\" content=\"index, follow, max-snippet:-1, max-image-preview:large, max-video-preview:-1\" \/>\n<link rel=\"canonical\" href=\"https:\/\/www.meydan.tv\/az\/article\/ne-etmeli\/\" \/>\n<meta property=\"og:locale\" content=\"az_AZ\" \/>\n<meta property=\"og:type\" content=\"article\" \/>\n<meta property=\"og:title\" content=\"N\u0259 etm\u0259li?! - MEYDAN.TV\" \/>\n<meta property=\"og:description\" content=\"1918-ci ild\u0259 biz \u015e\u0259rqd\u0259 ilk d\u0259f\u0259 demokratik d\u00f6vl\u0259t yaratd\u0131q. \u0130ndi d\u0259, t\u0259xmin\u0259n 100 il sonra biz o q\u0259d\u0259r t\u0259n\u0259zz\u00fcl etmi\u015fik ki, xalq\u0131m\u0131z\u0131n \u0259n b\u00f6y\u00fck tarixi nailiyy\u0259tin\u0259 \u0259l qald\u0131r\u0131r\u0131q\" \/>\n<meta property=\"og:url\" content=\"https:\/\/www.meydan.tv\/az\/article\/ne-etmeli\/\" \/>\n<meta property=\"og:site_name\" content=\"MEYDAN.TV\" \/>\n<meta property=\"article:published_time\" content=\"2016-07-29T00:24:00+00:00\" \/>\n<meta property=\"og:image\" content=\"https:\/\/www.meydan.tv\/wp-content\/uploads\/24509.jpg\" \/>\n\t<meta property=\"og:image:width\" content=\"1000\" \/>\n\t<meta property=\"og:image:height\" content=\"541\" \/>\n\t<meta property=\"og:image:type\" content=\"image\/jpeg\" \/>\n<meta name=\"author\" content=\"user-manager\" \/>\n<meta name=\"twitter:card\" content=\"summary_large_image\" \/>\n<script type=\"application\/ld+json\" class=\"yoast-schema-graph\">{\"@context\":\"https:\\\/\\\/schema.org\",\"@graph\":[{\"@type\":\"Article\",\"@id\":\"https:\\\/\\\/www.meydan.tv\\\/az\\\/article\\\/ne-etmeli\\\/#article\",\"isPartOf\":{\"@id\":\"https:\\\/\\\/www.meydan.tv\\\/az\\\/article\\\/ne-etmeli\\\/\"},\"author\":{\"name\":\"user-manager\",\"@id\":\"https:\\\/\\\/www.meydan.tv\\\/az\\\/#\\\/schema\\\/person\\\/10d11eccf6da3662cf5fdab9806ea91a\"},\"headline\":\"N\u0259 etm\u0259li?!\",\"datePublished\":\"2016-07-29T00:24:00+00:00\",\"mainEntityOfPage\":{\"@id\":\"https:\\\/\\\/www.meydan.tv\\\/az\\\/article\\\/ne-etmeli\\\/\"},\"wordCount\":822,\"publisher\":{\"@id\":\"https:\\\/\\\/www.meydan.tv\\\/az\\\/#organization\"},\"image\":{\"@id\":\"https:\\\/\\\/www.meydan.tv\\\/az\\\/article\\\/ne-etmeli\\\/#primaryimage\"},\"thumbnailUrl\":\"https:\\\/\\\/www.meydan.tv\\\/wp-content\\\/uploads\\\/24509.jpg\",\"articleSection\":[\"Analitika\"],\"inLanguage\":\"az\"},{\"@type\":\"WebPage\",\"@id\":\"https:\\\/\\\/www.meydan.tv\\\/az\\\/article\\\/ne-etmeli\\\/\",\"url\":\"https:\\\/\\\/www.meydan.tv\\\/az\\\/article\\\/ne-etmeli\\\/\",\"name\":\"N\u0259 etm\u0259li?! - MEYDAN.TV\",\"isPartOf\":{\"@id\":\"https:\\\/\\\/www.meydan.tv\\\/az\\\/#website\"},\"primaryImageOfPage\":{\"@id\":\"https:\\\/\\\/www.meydan.tv\\\/az\\\/article\\\/ne-etmeli\\\/#primaryimage\"},\"image\":{\"@id\":\"https:\\\/\\\/www.meydan.tv\\\/az\\\/article\\\/ne-etmeli\\\/#primaryimage\"},\"thumbnailUrl\":\"https:\\\/\\\/www.meydan.tv\\\/wp-content\\\/uploads\\\/24509.jpg\",\"datePublished\":\"2016-07-29T00:24:00+00:00\",\"breadcrumb\":{\"@id\":\"https:\\\/\\\/www.meydan.tv\\\/az\\\/article\\\/ne-etmeli\\\/#breadcrumb\"},\"inLanguage\":\"az\",\"potentialAction\":[{\"@type\":\"ReadAction\",\"target\":[\"https:\\\/\\\/www.meydan.tv\\\/az\\\/article\\\/ne-etmeli\\\/\"]}]},{\"@type\":\"ImageObject\",\"inLanguage\":\"az\",\"@id\":\"https:\\\/\\\/www.meydan.tv\\\/az\\\/article\\\/ne-etmeli\\\/#primaryimage\",\"url\":\"https:\\\/\\\/www.meydan.tv\\\/wp-content\\\/uploads\\\/24509.jpg\",\"contentUrl\":\"https:\\\/\\\/www.meydan.tv\\\/wp-content\\\/uploads\\\/24509.jpg\",\"width\":1000,\"height\":541,\"caption\":\"Source:\"},{\"@type\":\"BreadcrumbList\",\"@id\":\"https:\\\/\\\/www.meydan.tv\\\/az\\\/article\\\/ne-etmeli\\\/#breadcrumb\",\"itemListElement\":[{\"@type\":\"ListItem\",\"position\":1,\"name\":\"Ana s\u0259hif\u0259\",\"item\":\"https:\\\/\\\/www.meydan.tv\\\/az\\\/\"},{\"@type\":\"ListItem\",\"position\":2,\"name\":\"Analitika\",\"item\":\"https:\\\/\\\/www.meydan.tv\\\/az\\\/section\\\/analitika\\\/\"},{\"@type\":\"ListItem\",\"position\":3,\"name\":\"N\u0259 etm\u0259li?!\"}]},{\"@type\":\"WebSite\",\"@id\":\"https:\\\/\\\/www.meydan.tv\\\/az\\\/#website\",\"url\":\"https:\\\/\\\/www.meydan.tv\\\/az\\\/\",\"name\":\"MEYDAN.TV\",\"description\":\"Meydan TV Az\u0259rbaycan\u0131n media m\u0259kan\u0131ndak\u0131 alternativ s\u0259sidir\",\"publisher\":{\"@id\":\"https:\\\/\\\/www.meydan.tv\\\/az\\\/#organization\"},\"potentialAction\":[{\"@type\":\"SearchAction\",\"target\":{\"@type\":\"EntryPoint\",\"urlTemplate\":\"https:\\\/\\\/www.meydan.tv\\\/az\\\/?s={search_term_string}\"},\"query-input\":{\"@type\":\"PropertyValueSpecification\",\"valueRequired\":true,\"valueName\":\"search_term_string\"}}],\"inLanguage\":\"az\"},{\"@type\":\"Organization\",\"@id\":\"https:\\\/\\\/www.meydan.tv\\\/az\\\/#organization\",\"name\":\"Meydan TV\",\"url\":\"https:\\\/\\\/www.meydan.tv\\\/az\\\/\",\"logo\":{\"@type\":\"ImageObject\",\"inLanguage\":\"az\",\"@id\":\"https:\\\/\\\/www.meydan.tv\\\/az\\\/#\\\/schema\\\/logo\\\/image\\\/\",\"url\":\"https:\\\/\\\/www.meydan.tv\\\/wp-content\\\/uploads\\\/2021\\\/07\\\/meydan-logo.svg\",\"contentUrl\":\"https:\\\/\\\/www.meydan.tv\\\/wp-content\\\/uploads\\\/2021\\\/07\\\/meydan-logo.svg\",\"width\":195,\"height\":46,\"caption\":\"Meydan TV\"},\"image\":{\"@id\":\"https:\\\/\\\/www.meydan.tv\\\/az\\\/#\\\/schema\\\/logo\\\/image\\\/\"}},{\"@type\":\"Person\",\"@id\":\"https:\\\/\\\/www.meydan.tv\\\/az\\\/#\\\/schema\\\/person\\\/10d11eccf6da3662cf5fdab9806ea91a\",\"name\":\"user-manager\"}]}<\/script>\n<!-- \/ Yoast SEO plugin. -->","yoast_head_json":{"title":"N\u0259 etm\u0259li?! - MEYDAN.TV","robots":{"index":"index","follow":"follow","max-snippet":"max-snippet:-1","max-image-preview":"max-image-preview:large","max-video-preview":"max-video-preview:-1"},"canonical":"https:\/\/www.meydan.tv\/az\/article\/ne-etmeli\/","og_locale":"az_AZ","og_type":"article","og_title":"N\u0259 etm\u0259li?! - MEYDAN.TV","og_description":"1918-ci ild\u0259 biz \u015e\u0259rqd\u0259 ilk d\u0259f\u0259 demokratik d\u00f6vl\u0259t yaratd\u0131q. \u0130ndi d\u0259, t\u0259xmin\u0259n 100 il sonra biz o q\u0259d\u0259r t\u0259n\u0259zz\u00fcl etmi\u015fik ki, xalq\u0131m\u0131z\u0131n \u0259n b\u00f6y\u00fck tarixi nailiyy\u0259tin\u0259 \u0259l qald\u0131r\u0131r\u0131q","og_url":"https:\/\/www.meydan.tv\/az\/article\/ne-etmeli\/","og_site_name":"MEYDAN.TV","article_published_time":"2016-07-29T00:24:00+00:00","og_image":[{"width":1000,"height":541,"url":"https:\/\/www.meydan.tv\/wp-content\/uploads\/24509.jpg","type":"image\/jpeg"}],"author":"user-manager","twitter_card":"summary_large_image","schema":{"@context":"https:\/\/schema.org","@graph":[{"@type":"Article","@id":"https:\/\/www.meydan.tv\/az\/article\/ne-etmeli\/#article","isPartOf":{"@id":"https:\/\/www.meydan.tv\/az\/article\/ne-etmeli\/"},"author":{"name":"user-manager","@id":"https:\/\/www.meydan.tv\/az\/#\/schema\/person\/10d11eccf6da3662cf5fdab9806ea91a"},"headline":"N\u0259 etm\u0259li?!","datePublished":"2016-07-29T00:24:00+00:00","mainEntityOfPage":{"@id":"https:\/\/www.meydan.tv\/az\/article\/ne-etmeli\/"},"wordCount":822,"publisher":{"@id":"https:\/\/www.meydan.tv\/az\/#organization"},"image":{"@id":"https:\/\/www.meydan.tv\/az\/article\/ne-etmeli\/#primaryimage"},"thumbnailUrl":"https:\/\/www.meydan.tv\/wp-content\/uploads\/24509.jpg","articleSection":["Analitika"],"inLanguage":"az"},{"@type":"WebPage","@id":"https:\/\/www.meydan.tv\/az\/article\/ne-etmeli\/","url":"https:\/\/www.meydan.tv\/az\/article\/ne-etmeli\/","name":"N\u0259 etm\u0259li?! - MEYDAN.TV","isPartOf":{"@id":"https:\/\/www.meydan.tv\/az\/#website"},"primaryImageOfPage":{"@id":"https:\/\/www.meydan.tv\/az\/article\/ne-etmeli\/#primaryimage"},"image":{"@id":"https:\/\/www.meydan.tv\/az\/article\/ne-etmeli\/#primaryimage"},"thumbnailUrl":"https:\/\/www.meydan.tv\/wp-content\/uploads\/24509.jpg","datePublished":"2016-07-29T00:24:00+00:00","breadcrumb":{"@id":"https:\/\/www.meydan.tv\/az\/article\/ne-etmeli\/#breadcrumb"},"inLanguage":"az","potentialAction":[{"@type":"ReadAction","target":["https:\/\/www.meydan.tv\/az\/article\/ne-etmeli\/"]}]},{"@type":"ImageObject","inLanguage":"az","@id":"https:\/\/www.meydan.tv\/az\/article\/ne-etmeli\/#primaryimage","url":"https:\/\/www.meydan.tv\/wp-content\/uploads\/24509.jpg","contentUrl":"https:\/\/www.meydan.tv\/wp-content\/uploads\/24509.jpg","width":1000,"height":541,"caption":"Source:"},{"@type":"BreadcrumbList","@id":"https:\/\/www.meydan.tv\/az\/article\/ne-etmeli\/#breadcrumb","itemListElement":[{"@type":"ListItem","position":1,"name":"Ana s\u0259hif\u0259","item":"https:\/\/www.meydan.tv\/az\/"},{"@type":"ListItem","position":2,"name":"Analitika","item":"https:\/\/www.meydan.tv\/az\/section\/analitika\/"},{"@type":"ListItem","position":3,"name":"N\u0259 etm\u0259li?!"}]},{"@type":"WebSite","@id":"https:\/\/www.meydan.tv\/az\/#website","url":"https:\/\/www.meydan.tv\/az\/","name":"MEYDAN.TV","description":"Meydan TV Az\u0259rbaycan\u0131n media m\u0259kan\u0131ndak\u0131 alternativ s\u0259sidir","publisher":{"@id":"https:\/\/www.meydan.tv\/az\/#organization"},"potentialAction":[{"@type":"SearchAction","target":{"@type":"EntryPoint","urlTemplate":"https:\/\/www.meydan.tv\/az\/?s={search_term_string}"},"query-input":{"@type":"PropertyValueSpecification","valueRequired":true,"valueName":"search_term_string"}}],"inLanguage":"az"},{"@type":"Organization","@id":"https:\/\/www.meydan.tv\/az\/#organization","name":"Meydan TV","url":"https:\/\/www.meydan.tv\/az\/","logo":{"@type":"ImageObject","inLanguage":"az","@id":"https:\/\/www.meydan.tv\/az\/#\/schema\/logo\/image\/","url":"https:\/\/www.meydan.tv\/wp-content\/uploads\/2021\/07\/meydan-logo.svg","contentUrl":"https:\/\/www.meydan.tv\/wp-content\/uploads\/2021\/07\/meydan-logo.svg","width":195,"height":46,"caption":"Meydan TV"},"image":{"@id":"https:\/\/www.meydan.tv\/az\/#\/schema\/logo\/image\/"}},{"@type":"Person","@id":"https:\/\/www.meydan.tv\/az\/#\/schema\/person\/10d11eccf6da3662cf5fdab9806ea91a","name":"user-manager"}]}},"_links":{"self":[{"href":"https:\/\/www.meydan.tv\/az\/wp-json\/wp\/v2\/posts\/177777","targetHints":{"allow":["GET"]}}],"collection":[{"href":"https:\/\/www.meydan.tv\/az\/wp-json\/wp\/v2\/posts"}],"about":[{"href":"https:\/\/www.meydan.tv\/az\/wp-json\/wp\/v2\/types\/post"}],"author":[{"embeddable":true,"href":"https:\/\/www.meydan.tv\/az\/wp-json\/wp\/v2\/users\/11"}],"replies":[{"embeddable":true,"href":"https:\/\/www.meydan.tv\/az\/wp-json\/wp\/v2\/comments?post=177777"}],"version-history":[{"count":0,"href":"https:\/\/www.meydan.tv\/az\/wp-json\/wp\/v2\/posts\/177777\/revisions"}],"wp:featuredmedia":[{"embeddable":true,"href":"https:\/\/www.meydan.tv\/az\/wp-json\/wp\/v2\/media\/64261"}],"wp:attachment":[{"href":"https:\/\/www.meydan.tv\/az\/wp-json\/wp\/v2\/media?parent=177777"}],"wp:term":[{"taxonomy":"category","embeddable":true,"href":"https:\/\/www.meydan.tv\/az\/wp-json\/wp\/v2\/categories?post=177777"},{"taxonomy":"post_tag","embeddable":true,"href":"https:\/\/www.meydan.tv\/az\/wp-json\/wp\/v2\/tags?post=177777"}],"curies":[{"name":"wp","href":"https:\/\/api.w.org\/{rel}","templated":true}]}}