{"id":177768,"date":"2016-07-28T19:52:53","date_gmt":"2016-07-28T19:52:53","guid":{"rendered":"https:\/\/www.meydan.tv\/article\/geydirme-monarxiya\/"},"modified":"2016-07-28T19:52:53","modified_gmt":"2016-07-28T19:52:53","slug":"geydirme-monarxiya","status":"publish","type":"post","link":"https:\/\/www.meydan.tv\/az\/article\/geydirme-monarxiya\/","title":{"rendered":"Geydirm\u0259 monarxiya"},"content":{"rendered":"<figure class=\"wp-block-image size-large\">\n  <img decoding=\"async\" src=\"https:\/\/www.meydan.tv\/az\/57737\/\" alt=\"\" class=\"wp-image-57737\"\/><figcaption><\/figcaption><\/figure>\n<p>\n  <i><br \/>\n    Xalq legitimliyi z\u0259d\u0259l\u0259nir<br \/>\n  <\/i>\n<\/p>\n<p>\n  Bu g\u00fcn ilk d\u0259f\u0259dir referendum bar\u0259sind\u0259 yaz\u0131ram. Bir \u00e7ox \u015f\u0259rhi oxudum, b\u0259yanatlar\u0131 g\u00f6rd\u00fcm. \u018fks\u0259riyy\u0259t \u0259sas\u0259n ya\u015f m\u0259s\u0259l\u0259sini \u00f6n\u0259 \u00e7\u0259kir ki, \u0130lham \u018fliyev \u00f6z o\u011flunu deputat etm\u0259k, sonra prezident etm\u0259k ist\u0259yir. Lakin, m\u0259nc\u0259, \u0259sas m\u0259s\u0259l\u0259 bu deyil. H\u0259tta tam \u0259ksin\u0259 ya\u015f m\u0259s\u0259l\u0259si bil\u0259r\u0259kd\u0259n ortaya at\u0131l\u0131r ki, adamlar bunlar\u0131 m\u00fczakir\u0259 etsinl\u0259r, daha vacib m\u0259s\u0259l\u0259l\u0259r k\u0259narda qals\u0131n v\u0259 ya daha az m\u00fczakir\u0259 olunsun. Eynisini 1995-d\u0259 Konstitusiya q\u0259bul olunanda etmi\u015fdil\u0259r. \u018fsas sistem\u0259 aid m\u0259s\u0259l\u0259l\u0259r qalm\u0131\u015fd\u0131 k\u0259narda, ham\u0131 dil m\u0259s\u0259l\u0259sinin (Az\u0259rbaycan dili &#8211; t\u00fcrk dili!) m\u00fczakir\u0259sin\u0259 giri\u015fmi\u015fdi&#8230;\n<\/p>\n<p>\n  Referenduma \u00e7\u0131xar\u0131lacaq m\u0259s\u0259l\u0259l\u0259r i\u00e7ind\u0259 \u0259n \u00f6n\u0259mlil\u0259ri v\u0259 \u00fcz\u0259rin\u0259 ged\u0259c\u0259yimiz m\u00fcdd\u0259alar a\u015fa\u011f\u0131dak\u0131lard\u0131:\n<\/p>\n<p>\n  1. Prezident\u0259 Parlamenti buraxmaq s\u0259lahiyy\u0259tinin verilm\u0259si. Bu d\u0259yi\u015fiklik hakimiyy\u0259t b\u00f6lg\u00fcs\u00fcn\u00fc ciddi \u015f\u0259kild\u0259 z\u0259d\u0259l\u0259y\u0259c\u0259k. Qanunverici hakimiyy\u0259t tamamil\u0259 icraedici hakimiyy\u0259tin ba\u015f\u0131nda duran \u015f\u0259xsd\u0259n as\u0131l\u0131 olacaq, iki hakimiyy\u0259t aras\u0131nda balans pozulacaq. \u0130ndiki Ana Yasada prezidentin veto h\u00fcququ, parlamentin is\u0259 impi\u00e7ment h\u00fcququ var. \u0130ndi el\u0259 \u00e7\u0131x\u0131r ki, \u0259g\u0259r parlament prezidenti istefaya g\u00f6nd\u0259rm\u0259k ist\u0259s\u0259 ikincisi daha \u00e7evik davran\u0131b Ana Yasa \u015f\u0259rtl\u0259rin\u0259 uy\u011fun oldu-olmad\u0131 (\u00f6z\u00fcnd\u0259n uy\u011fun ana yasa \u015f\u0259rtl\u0259rini uydurub!) parlamenti buraxacaq&#8230; Bel\u0259 bir durum sad\u0259c\u0259 nonsensdir&#8230; M\u0259ntiqsizdir v\u0259 h\u0259tta komikdir.\n<\/p>\n<p>\n  N\u0259tic\u0259d\u0259 Parlamentin sistemdaxili he\u00e7 bir \u00f6n\u0259mi qalm\u0131r. \u0130nstitut olaraq ciddi \u015f\u0259kild\u0259 z\u0259ifl\u0259dilir. Xalq se\u00e7s\u0259 d\u0259, parlamentin legitimliyi \u015f\u0259rti olur, \u00e7\u00fcnki Prezidentin q\u0259rar\u0131na ba\u011fl\u0131 olur.\n<\/p>\n<p>\n  2. Prezident olmad\u0131qda onun s\u0259lahiyy\u0259tl\u0259ri Birinci Vitse-prezident\u0259 ke\u00e7ir. Bu d\u0259yi\u015fiklik yen\u0259 d\u0259 xalqdan g\u0259l\u0259n legitimliyi ciddi \u015f\u0259kild\u0259 z\u0259d\u0259l\u0259yir. Vitse-prezidenti xalq se\u00e7mir v\u0259 xalq\u0131n se\u00e7m\u0259diyi \u015f\u0259xs Ana Yasaya g\u00f6r\u0259 d\u00f6vl\u0259t ba\u015f\u00e7\u0131s\u0131n\u0131n funksiyalar\u0131n\u0131 yerin\u0259 yetirmi\u015f olur. Y\u0259ni h\u00fcquqi bax\u0131mdan birinci vitse-prezident institutu yarad\u0131l\u0131r, lakin legitimliyi olmur&#8230; Bu da \u0259slind\u0259 nonsensdir! Vitse prezidentl\u0259rl\u0259 ba\u011fl\u0131 m\u00fcdd\u0259a is\u0259 olduqca m\u0259ntiqsiz v\u0259 yen\u0259 d\u0259 komikdir. \u00c7\u00fcnki t\u0259s\u0259vv\u00fcr edin prezident\u0259 ist\u0259diyi q\u0259d\u0259r vitse-prezident t\u0259yin etm\u0259k s\u0259lahiyy\u0259ti verilir, o da parlament \u00fczvl\u0259ri q\u0259d\u0259r \u00f6z\u00fcn\u0259 vitse-prezident t\u0259yin edir\n<\/p>\n<p>\n  N\u0259tic\u0259d\u0259 Xalq legitimliyi z\u0259d\u0259l\u0259nir, \u00e7\u00fcnki ondan mandat almayan adam d\u00f6vl\u0259t ba\u015f\u00e7\u0131s\u0131 ola bilir. Ba\u015f nazirin sistemdaxili \u00e7\u0259kisi dem\u0259k olar ki, he\u00e7\u0259 endirilir. Onu prezident t\u0259yin edir, legitimliyi z\u0259d\u0259l\u0259nmi\u015f parlament t\u0259sdiq edir, lakin parlamentin t\u0259sdiq etm\u0259diyi bir \u015f\u0259xs ondan bir pill\u0259 yuxar\u0131da olur.\n<\/p>\n<p>\n  \u018fsas\u0259n bu iki d\u0259yi\u015fiklik n\u0259tic\u0259sind\u0259 \u00f6lk\u0259 monarxiya il\u0259 h\u00fcququn aras\u0131nda qalacaq. Bir t\u0259r\u0259fd\u0259n Ana Yasa olacaq, dig\u0259r t\u0259r\u0259fd\u0259n d\u0259 bu Ana Yasa bir n\u0259f\u0259r\u0259 h\u0259ddind\u0259n art\u0131q b\u00f6y\u00fck s\u0259lahiyy\u0259t ver\u0259c\u0259k. H\u0259tta o q\u0259d\u0259r b\u00f6y\u00fck ki, he\u00e7 d\u00fcnyada olan monarxiyalarda yoxdur! Monarxiyalarda hakimiyy\u0259t irs\u0259n ke\u00e7ir, t\u0259yinatla yox. Bizd\u0259 is\u0259 bu referendumdan sonra prezident\u0259 d\u00f6vl\u0259t ba\u015f\u00e7\u0131s\u0131n\u0131 faktiki olaraq t\u0259yinetm\u0259 h\u00fcququ veril\u0259c\u0259k. M\u0259s\u0259l\u0259n o, Birinci Vitse-prezident v\u0259zif\u0259sin\u0259 o\u011flunu yox, q\u0131z\u0131n\u0131 t\u0259yin ed\u0259 bil\u0259c\u0259k. Halbuki bu g\u00fcn h\u0259tta m\u00fcasir monarxlar\u0131n bel\u0259 bir s\u0259lahiyy\u0259ti yoxdur. N\u0259 Avropan\u0131n konstitusiyal\u0131 monarxiyalar\u0131nda, n\u0259 d\u0259 m\u00fctl\u0259q \u0259r\u0259b monarxiyalar\u0131nda. Bir s\u00f6zl\u0259, bizimkil\u0259rin qurmaq ist\u0259dikl\u0259ri monarxiya da GEYD\u0130RM\u018f MONARX\u0130YA olacaq! \u00c7\u00fcnki bu monarxiyada h\u0259m hakimiyy\u0259t irsi olaraq ke\u00e7m\u0259y\u0259c\u0259k, h\u0259m d\u0259 &#8220;monarx\u0131n&#8221; \u0259sli-n\u0259cab\u0259ti olmayacaq, zad\u0259gan olmayacaq.\n<\/p>\n<p>\n  Onsuz da bu g\u00fcn biz bir Xalq olaraq hakimiyy\u0259ti d\u0259yi\u015f\u0259 bilmirik. Bu m\u0259s\u0259l\u0259d\u0259 bizim \u00fc\u00e7\u00fcn d\u0259yi\u015f\u0259n bir \u015fey olmayacaq. Art\u0131q h\u0259r k\u0259s\u0259 m\u0259lumdur ki, Xalq aya\u011fa qalxmasa, hakimiyy\u0259t se\u00e7ki yolu il\u0259 d\u0259yi\u015fm\u0259y\u0259c\u0259k. Xalq aya\u011fa qalxanda is\u0259 Ana Yasaya he\u00e7 baxmayacaq, qald\u0131 ki, geydirm\u0259 monarxiyaya! Xalq\u0131 k\u00fc\u00e7\u0259l\u0259r\u0259 iqtisadi maraqlar, sosial probleml\u0259r, \u0259dal\u0259tsizlikl\u0259r g\u0259tir\u0259c\u0259k.\n<\/p>\n<p>\n  <a href=\"https:\/\/www.facebook.com\/azer.gasimli\/?fref=ts\" target=\"_blank\" rel=\"noopener\"><br \/>\n    M\u0259nb\u0259<br \/>\n  <\/a><\/p>\n","protected":false},"excerpt":{"rendered":"<p>Xalq legitimliyi z\u0259d\u0259l\u0259nir<\/p>\n","protected":false},"author":11,"featured_media":57737,"comment_status":"closed","ping_status":"open","sticky":false,"template":"","format":"standard","meta":{"_acf_changed":false,"_sitemap_exclude":false,"_sitemap_priority":"","_sitemap_frequency":"","footnotes":""},"categories":[51],"tags":[],"class_list":["post-177768","post","type-post","status-publish","format-standard","has-post-thumbnail","hentry","category-analitika","infinite-scroll-item","generate-columns","tablet-grid-50","mobile-grid-100","grid-parent","grid-33","no-featured-image-padding"],"acf":[],"yoast_head":"<!-- This site is optimized with the Yoast SEO plugin v27.5 - https:\/\/yoast.com\/product\/yoast-seo-wordpress\/ -->\n<title>Geydirm\u0259 monarxiya - MEYDAN.TV<\/title>\n<meta name=\"robots\" content=\"index, follow, max-snippet:-1, max-image-preview:large, max-video-preview:-1\" \/>\n<link rel=\"canonical\" href=\"https:\/\/www.meydan.tv\/az\/article\/geydirme-monarxiya\/\" \/>\n<meta property=\"og:locale\" content=\"az_AZ\" \/>\n<meta property=\"og:type\" content=\"article\" \/>\n<meta property=\"og:title\" content=\"Geydirm\u0259 monarxiya - MEYDAN.TV\" \/>\n<meta property=\"og:description\" content=\"Xalq legitimliyi z\u0259d\u0259l\u0259nir\" \/>\n<meta property=\"og:url\" content=\"https:\/\/www.meydan.tv\/az\/article\/geydirme-monarxiya\/\" \/>\n<meta property=\"og:site_name\" content=\"MEYDAN.TV\" \/>\n<meta property=\"article:published_time\" content=\"2016-07-28T19:52:53+00:00\" \/>\n<meta property=\"og:image\" content=\"https:\/\/www.meydan.tv\/wp-content\/uploads\/21875.jpg\" \/>\n\t<meta property=\"og:image:width\" content=\"710\" \/>\n\t<meta property=\"og:image:height\" content=\"500\" \/>\n\t<meta property=\"og:image:type\" content=\"image\/jpeg\" \/>\n<meta name=\"author\" content=\"user-manager\" \/>\n<meta name=\"twitter:card\" content=\"summary_large_image\" \/>\n<script type=\"application\/ld+json\" class=\"yoast-schema-graph\">{\"@context\":\"https:\\\/\\\/schema.org\",\"@graph\":[{\"@type\":\"Article\",\"@id\":\"https:\\\/\\\/www.meydan.tv\\\/az\\\/article\\\/geydirme-monarxiya\\\/#article\",\"isPartOf\":{\"@id\":\"https:\\\/\\\/www.meydan.tv\\\/az\\\/article\\\/geydirme-monarxiya\\\/\"},\"author\":{\"name\":\"user-manager\",\"@id\":\"https:\\\/\\\/www.meydan.tv\\\/az\\\/#\\\/schema\\\/person\\\/10d11eccf6da3662cf5fdab9806ea91a\"},\"headline\":\"Geydirm\u0259 monarxiya\",\"datePublished\":\"2016-07-28T19:52:53+00:00\",\"mainEntityOfPage\":{\"@id\":\"https:\\\/\\\/www.meydan.tv\\\/az\\\/article\\\/geydirme-monarxiya\\\/\"},\"wordCount\":786,\"publisher\":{\"@id\":\"https:\\\/\\\/www.meydan.tv\\\/az\\\/#organization\"},\"image\":{\"@id\":\"https:\\\/\\\/www.meydan.tv\\\/az\\\/article\\\/geydirme-monarxiya\\\/#primaryimage\"},\"thumbnailUrl\":\"https:\\\/\\\/www.meydan.tv\\\/wp-content\\\/uploads\\\/21875.jpg\",\"articleSection\":[\"Analitika\"],\"inLanguage\":\"az\"},{\"@type\":\"WebPage\",\"@id\":\"https:\\\/\\\/www.meydan.tv\\\/az\\\/article\\\/geydirme-monarxiya\\\/\",\"url\":\"https:\\\/\\\/www.meydan.tv\\\/az\\\/article\\\/geydirme-monarxiya\\\/\",\"name\":\"Geydirm\u0259 monarxiya - MEYDAN.TV\",\"isPartOf\":{\"@id\":\"https:\\\/\\\/www.meydan.tv\\\/az\\\/#website\"},\"primaryImageOfPage\":{\"@id\":\"https:\\\/\\\/www.meydan.tv\\\/az\\\/article\\\/geydirme-monarxiya\\\/#primaryimage\"},\"image\":{\"@id\":\"https:\\\/\\\/www.meydan.tv\\\/az\\\/article\\\/geydirme-monarxiya\\\/#primaryimage\"},\"thumbnailUrl\":\"https:\\\/\\\/www.meydan.tv\\\/wp-content\\\/uploads\\\/21875.jpg\",\"datePublished\":\"2016-07-28T19:52:53+00:00\",\"breadcrumb\":{\"@id\":\"https:\\\/\\\/www.meydan.tv\\\/az\\\/article\\\/geydirme-monarxiya\\\/#breadcrumb\"},\"inLanguage\":\"az\",\"potentialAction\":[{\"@type\":\"ReadAction\",\"target\":[\"https:\\\/\\\/www.meydan.tv\\\/az\\\/article\\\/geydirme-monarxiya\\\/\"]}]},{\"@type\":\"ImageObject\",\"inLanguage\":\"az\",\"@id\":\"https:\\\/\\\/www.meydan.tv\\\/az\\\/article\\\/geydirme-monarxiya\\\/#primaryimage\",\"url\":\"https:\\\/\\\/www.meydan.tv\\\/wp-content\\\/uploads\\\/21875.jpg\",\"contentUrl\":\"https:\\\/\\\/www.meydan.tv\\\/wp-content\\\/uploads\\\/21875.jpg\",\"width\":710,\"height\":500,\"caption\":\"Source:\"},{\"@type\":\"BreadcrumbList\",\"@id\":\"https:\\\/\\\/www.meydan.tv\\\/az\\\/article\\\/geydirme-monarxiya\\\/#breadcrumb\",\"itemListElement\":[{\"@type\":\"ListItem\",\"position\":1,\"name\":\"Ana s\u0259hif\u0259\",\"item\":\"https:\\\/\\\/www.meydan.tv\\\/az\\\/\"},{\"@type\":\"ListItem\",\"position\":2,\"name\":\"Analitika\",\"item\":\"https:\\\/\\\/www.meydan.tv\\\/az\\\/section\\\/analitika\\\/\"},{\"@type\":\"ListItem\",\"position\":3,\"name\":\"Geydirm\u0259 monarxiya\"}]},{\"@type\":\"WebSite\",\"@id\":\"https:\\\/\\\/www.meydan.tv\\\/az\\\/#website\",\"url\":\"https:\\\/\\\/www.meydan.tv\\\/az\\\/\",\"name\":\"MEYDAN.TV\",\"description\":\"Meydan TV Az\u0259rbaycan\u0131n media m\u0259kan\u0131ndak\u0131 alternativ s\u0259sidir\",\"publisher\":{\"@id\":\"https:\\\/\\\/www.meydan.tv\\\/az\\\/#organization\"},\"potentialAction\":[{\"@type\":\"SearchAction\",\"target\":{\"@type\":\"EntryPoint\",\"urlTemplate\":\"https:\\\/\\\/www.meydan.tv\\\/az\\\/?s={search_term_string}\"},\"query-input\":{\"@type\":\"PropertyValueSpecification\",\"valueRequired\":true,\"valueName\":\"search_term_string\"}}],\"inLanguage\":\"az\"},{\"@type\":\"Organization\",\"@id\":\"https:\\\/\\\/www.meydan.tv\\\/az\\\/#organization\",\"name\":\"Meydan TV\",\"url\":\"https:\\\/\\\/www.meydan.tv\\\/az\\\/\",\"logo\":{\"@type\":\"ImageObject\",\"inLanguage\":\"az\",\"@id\":\"https:\\\/\\\/www.meydan.tv\\\/az\\\/#\\\/schema\\\/logo\\\/image\\\/\",\"url\":\"https:\\\/\\\/www.meydan.tv\\\/wp-content\\\/uploads\\\/2021\\\/07\\\/meydan-logo.svg\",\"contentUrl\":\"https:\\\/\\\/www.meydan.tv\\\/wp-content\\\/uploads\\\/2021\\\/07\\\/meydan-logo.svg\",\"width\":195,\"height\":46,\"caption\":\"Meydan TV\"},\"image\":{\"@id\":\"https:\\\/\\\/www.meydan.tv\\\/az\\\/#\\\/schema\\\/logo\\\/image\\\/\"}},{\"@type\":\"Person\",\"@id\":\"https:\\\/\\\/www.meydan.tv\\\/az\\\/#\\\/schema\\\/person\\\/10d11eccf6da3662cf5fdab9806ea91a\",\"name\":\"user-manager\"}]}<\/script>\n<!-- \/ Yoast SEO plugin. -->","yoast_head_json":{"title":"Geydirm\u0259 monarxiya - MEYDAN.TV","robots":{"index":"index","follow":"follow","max-snippet":"max-snippet:-1","max-image-preview":"max-image-preview:large","max-video-preview":"max-video-preview:-1"},"canonical":"https:\/\/www.meydan.tv\/az\/article\/geydirme-monarxiya\/","og_locale":"az_AZ","og_type":"article","og_title":"Geydirm\u0259 monarxiya - MEYDAN.TV","og_description":"Xalq legitimliyi z\u0259d\u0259l\u0259nir","og_url":"https:\/\/www.meydan.tv\/az\/article\/geydirme-monarxiya\/","og_site_name":"MEYDAN.TV","article_published_time":"2016-07-28T19:52:53+00:00","og_image":[{"width":710,"height":500,"url":"https:\/\/www.meydan.tv\/wp-content\/uploads\/21875.jpg","type":"image\/jpeg"}],"author":"user-manager","twitter_card":"summary_large_image","schema":{"@context":"https:\/\/schema.org","@graph":[{"@type":"Article","@id":"https:\/\/www.meydan.tv\/az\/article\/geydirme-monarxiya\/#article","isPartOf":{"@id":"https:\/\/www.meydan.tv\/az\/article\/geydirme-monarxiya\/"},"author":{"name":"user-manager","@id":"https:\/\/www.meydan.tv\/az\/#\/schema\/person\/10d11eccf6da3662cf5fdab9806ea91a"},"headline":"Geydirm\u0259 monarxiya","datePublished":"2016-07-28T19:52:53+00:00","mainEntityOfPage":{"@id":"https:\/\/www.meydan.tv\/az\/article\/geydirme-monarxiya\/"},"wordCount":786,"publisher":{"@id":"https:\/\/www.meydan.tv\/az\/#organization"},"image":{"@id":"https:\/\/www.meydan.tv\/az\/article\/geydirme-monarxiya\/#primaryimage"},"thumbnailUrl":"https:\/\/www.meydan.tv\/wp-content\/uploads\/21875.jpg","articleSection":["Analitika"],"inLanguage":"az"},{"@type":"WebPage","@id":"https:\/\/www.meydan.tv\/az\/article\/geydirme-monarxiya\/","url":"https:\/\/www.meydan.tv\/az\/article\/geydirme-monarxiya\/","name":"Geydirm\u0259 monarxiya - MEYDAN.TV","isPartOf":{"@id":"https:\/\/www.meydan.tv\/az\/#website"},"primaryImageOfPage":{"@id":"https:\/\/www.meydan.tv\/az\/article\/geydirme-monarxiya\/#primaryimage"},"image":{"@id":"https:\/\/www.meydan.tv\/az\/article\/geydirme-monarxiya\/#primaryimage"},"thumbnailUrl":"https:\/\/www.meydan.tv\/wp-content\/uploads\/21875.jpg","datePublished":"2016-07-28T19:52:53+00:00","breadcrumb":{"@id":"https:\/\/www.meydan.tv\/az\/article\/geydirme-monarxiya\/#breadcrumb"},"inLanguage":"az","potentialAction":[{"@type":"ReadAction","target":["https:\/\/www.meydan.tv\/az\/article\/geydirme-monarxiya\/"]}]},{"@type":"ImageObject","inLanguage":"az","@id":"https:\/\/www.meydan.tv\/az\/article\/geydirme-monarxiya\/#primaryimage","url":"https:\/\/www.meydan.tv\/wp-content\/uploads\/21875.jpg","contentUrl":"https:\/\/www.meydan.tv\/wp-content\/uploads\/21875.jpg","width":710,"height":500,"caption":"Source:"},{"@type":"BreadcrumbList","@id":"https:\/\/www.meydan.tv\/az\/article\/geydirme-monarxiya\/#breadcrumb","itemListElement":[{"@type":"ListItem","position":1,"name":"Ana s\u0259hif\u0259","item":"https:\/\/www.meydan.tv\/az\/"},{"@type":"ListItem","position":2,"name":"Analitika","item":"https:\/\/www.meydan.tv\/az\/section\/analitika\/"},{"@type":"ListItem","position":3,"name":"Geydirm\u0259 monarxiya"}]},{"@type":"WebSite","@id":"https:\/\/www.meydan.tv\/az\/#website","url":"https:\/\/www.meydan.tv\/az\/","name":"MEYDAN.TV","description":"Meydan TV Az\u0259rbaycan\u0131n media m\u0259kan\u0131ndak\u0131 alternativ s\u0259sidir","publisher":{"@id":"https:\/\/www.meydan.tv\/az\/#organization"},"potentialAction":[{"@type":"SearchAction","target":{"@type":"EntryPoint","urlTemplate":"https:\/\/www.meydan.tv\/az\/?s={search_term_string}"},"query-input":{"@type":"PropertyValueSpecification","valueRequired":true,"valueName":"search_term_string"}}],"inLanguage":"az"},{"@type":"Organization","@id":"https:\/\/www.meydan.tv\/az\/#organization","name":"Meydan TV","url":"https:\/\/www.meydan.tv\/az\/","logo":{"@type":"ImageObject","inLanguage":"az","@id":"https:\/\/www.meydan.tv\/az\/#\/schema\/logo\/image\/","url":"https:\/\/www.meydan.tv\/wp-content\/uploads\/2021\/07\/meydan-logo.svg","contentUrl":"https:\/\/www.meydan.tv\/wp-content\/uploads\/2021\/07\/meydan-logo.svg","width":195,"height":46,"caption":"Meydan TV"},"image":{"@id":"https:\/\/www.meydan.tv\/az\/#\/schema\/logo\/image\/"}},{"@type":"Person","@id":"https:\/\/www.meydan.tv\/az\/#\/schema\/person\/10d11eccf6da3662cf5fdab9806ea91a","name":"user-manager"}]}},"_links":{"self":[{"href":"https:\/\/www.meydan.tv\/az\/wp-json\/wp\/v2\/posts\/177768","targetHints":{"allow":["GET"]}}],"collection":[{"href":"https:\/\/www.meydan.tv\/az\/wp-json\/wp\/v2\/posts"}],"about":[{"href":"https:\/\/www.meydan.tv\/az\/wp-json\/wp\/v2\/types\/post"}],"author":[{"embeddable":true,"href":"https:\/\/www.meydan.tv\/az\/wp-json\/wp\/v2\/users\/11"}],"replies":[{"embeddable":true,"href":"https:\/\/www.meydan.tv\/az\/wp-json\/wp\/v2\/comments?post=177768"}],"version-history":[{"count":0,"href":"https:\/\/www.meydan.tv\/az\/wp-json\/wp\/v2\/posts\/177768\/revisions"}],"wp:featuredmedia":[{"embeddable":true,"href":"https:\/\/www.meydan.tv\/az\/wp-json\/wp\/v2\/media\/57737"}],"wp:attachment":[{"href":"https:\/\/www.meydan.tv\/az\/wp-json\/wp\/v2\/media?parent=177768"}],"wp:term":[{"taxonomy":"category","embeddable":true,"href":"https:\/\/www.meydan.tv\/az\/wp-json\/wp\/v2\/categories?post=177768"},{"taxonomy":"post_tag","embeddable":true,"href":"https:\/\/www.meydan.tv\/az\/wp-json\/wp\/v2\/tags?post=177768"}],"curies":[{"name":"wp","href":"https:\/\/api.w.org\/{rel}","templated":true}]}}