{"id":177765,"date":"2016-07-28T17:56:51","date_gmt":"2016-07-28T17:56:51","guid":{"rendered":"https:\/\/www.meydan.tv\/article\/azer-residoglu-eli-ehmedovun-musahibesi-ciddi-qanun-pozuntusudur\/"},"modified":"2016-07-28T17:56:51","modified_gmt":"2016-07-28T17:56:51","slug":"azer-residoglu-eli-ehmedovun-musahibesi-ciddi-qanun-pozuntusudur","status":"publish","type":"post","link":"https:\/\/www.meydan.tv\/az\/article\/azer-residoglu-eli-ehmedovun-musahibesi-ciddi-qanun-pozuntusudur\/","title":{"rendered":"Az\u0259r R\u0259\u015fido\u011flu: \u018fli \u018fhm\u0259dovun m\u00fcsahib\u0259si ciddi qanun pozuntusudur"},"content":{"rendered":"<figure class=\"wp-block-image size-large\">\n  <img decoding=\"async\" src=\"https:\/\/www.meydan.tv\/az\/azer-residoglu\/\" alt=\"Az\u0259r R\u0259\u015fido\u011flu\" class=\"wp-image-64240\"\/><figcaption>\n    Az\u0259r R\u0259\u015fido\u011flu<br \/>\n  <\/figcaption><\/figure>\n<figure class=\"wp-block-image size-large\">\n  <img decoding=\"async\" src=\"https:\/\/www.meydan.tv\/az\/azer-residoglu\/\" alt=\"Az\u0259r R\u0259\u015fido\u011flu\" class=\"wp-image-64240\"\/><figcaption>\n    Az\u0259r R\u0259\u015fido\u011flu<br \/>\n  <\/figcaption><\/figure>\n<p>\n  <i><br \/>\n    &#8221;Q\u00fcdr\u0259t H\u0259s\u0259nquliyevin sadalad\u0131\u011f\u0131 siyah\u0131 \u201cboz kordinal\u201d\u0131n m\u0259tb\u0259xind\u0259 haz\u0131rlan\u0131b&#8221;<br \/>\n  <\/i>\n<\/p>\n<p>\n  Senytabr\u0131n 26-da s\u0259sverm\u0259y\u0259 \u00e7\u0131xar\u0131lacaq Referendum Akt\u0131 g\u00fcnd\u0259min \u0259sas m\u00f6vzusudur. Hakimiyy\u0259t\u0259 yax\u0131n siyasi dair\u0259l\u0259r v\u0259 media m\u00f6vzu \u0259traf\u0131nda m\u00fczakir\u0259l\u0259r\u0259 ba\u015flay\u0131b. \u0130yulun 27-d\u0259 BAXCP s\u0259dri, deputat Q\u00fcdr\u0259t H\u0259s\u0259nquliyevin moderator.az sayt\u0131na s\u00f6yl\u0259dikl\u0259ri, iyulun 28-d\u0259 is\u0259 ba\u015f nazirin m\u00fcavini, YAP icra\u00e7\u0131 katibi \u018fli \u018fhm\u0259dovun &#8220;Az\u0259rbaycan&#8221; q\u0259zetin\u0259 m\u00fcsahib\u0259si bu q\u0259bild\u0259ndir.\n<\/p>\n<p>\n  Siyasi \u015f\u0259rh\u00e7i Az\u0259r R\u0259\u015fido\u011flu h\u0259r iki \u015f\u0259xsin a\u00e7\u0131qlamalar\u0131n\u0131n yaratd\u0131\u011f\u0131 suallara Meydan TV vasit\u0259sil\u0259 cavab verib.\n<\/p>\n<p>\n  Az\u0259r R\u0259\u015fido\u011flu d\u00fc\u015f\u00fcn\u00fcr ki, Q\u00fcdr\u0259t H\u0259s\u0259nquliyev hakimiyy\u0259tin mesajlar\u0131n\u0131 \u00e7atd\u0131raraq, ictimai r\u0259yi bu istiqam\u0259t\u0259 y\u00f6n\u0259ltm\u0259k ist\u0259yir:\u201cBirinci vitse-prezident kimi Mehriban \u018fliyevan\u0131n ad\u0131n\u0131 \u00e7\u0259k\u0259n Q\u00fcdr\u0259t H\u0259s\u0259nquliyevin sadalad\u0131\u011f\u0131 dig\u0259r adlara fikir verin: \u201cYAP-in s\u0259dr m\u00fcavinl\u0259ri, o c\u00fcml\u0259d\u0259n Ramiz Mehdiyev, B\u0259yl\u0259r Eyyubov, Ramil Usubov, K\u0259mal\u0259ddin Heyd\u0259rov, Vasif Tal\u0131bov vitse-prezident t\u0259yin olunma\u011fa daha \u00e7ox layiqdirl\u0259r\u201d. K\u0259nardan g\u00f6r\u00fcn\u0259n budur ki, xarici g\u00fccl\u0259r \u00f6lk\u0259nin siyasi elitas\u0131na t\u0259zyiql\u0259rini art\u0131rmaq niyy\u0259tind\u0259dir. Q\u0259rbin siyasi dair\u0259l\u0259ri \u00f6lk\u0259nin birinci \u015f\u0259xsin\u0259 t\u0259zyiql\u0259ri art\u0131r\u0131b. \u0130lham \u018fliyev referendum t\u0259\u015f\u0259bb\u00fcs\u00fc il\u0259 Rusiya variant\u0131n\u0131 bir q\u0259d\u0259r d\u0259yi\u015fiklikl\u0259rl\u0259 h\u0259yata ke\u00e7irm\u0259k niyy\u0259tind\u0259dir. Q\u00fcdr\u0259t H\u0259s\u0259nquliyevin m\u00fcsahib\u0259sind\u0259 Mehriban \u018fliyevan\u0131n birinci vitse-prezident olmas\u0131n\u0131n z\u0259ruriliyi vur\u011fulan\u0131r, lakin maraql\u0131 m\u0259qam ba\u015fqad\u0131r. BAXCP s\u0259drinin m\u00fcsahib\u0259sind\u0259 birinci vitse-prezident kimi ad\u0131 \u00e7\u0259kil\u0259n \u015f\u0259xsl\u0259rin siyah\u0131s\u0131nda birinci ledinin komandas\u0131ndan olan bir n\u0259f\u0259rin d\u0259 ad\u0131 yoxdir. N\u0259 prezidentin siyasi m\u0259s\u0259l\u0259l\u0259r \u00fczr\u0259 k\u00f6m\u0259k\u00e7isi \u018fli H\u0259s\u0259novun, n\u0259 vergil\u0259r naziri Fazil M\u0259mm\u0259dovun ad\u0131na rast g\u0259lirik. Ad\u0131 \u00e7\u0259kil\u0259nl\u0259r Prezident Administrasiyas\u0131n\u0131n r\u0259hb\u0259ri Ramiz Mehdiyev\u0259 sadiq insanlard\u0131r. D\u0259rhal g\u00f6r\u00fcn\u00fcr ki, siyah\u0131 \u201cboz kordinal\u201d\u0131n m\u0259tb\u0259xind\u0259 haz\u0131rlan\u0131b\u201d.\n<\/p>\n<p>\n  Siyasi \u015f\u0259rh\u00e7i xat\u0131rlad\u0131r ki, eyni ssenari 2013-c\u00fc ild\u0259 d\u0259 oynan\u0131lm\u0131\u015fd\u0131:\u201cXat\u0131rlay\u0131rs\u0131n\u0131zsa, 2013-c\u00fc ild\u0259 xarici g\u00fccl\u0259r birl\u0259\u015fib, m\u00f6vcud hakimiyy\u0259ti yola salmaq ist\u0259yirdi. Az\u0259rbaycan iqtidar\u0131 Q\u0259rb \u00fc\u00e7\u00fcn cazib\u0259darl\u0131\u011f\u0131n\u0131 itirirdi. Neft m\u00fcqavil\u0259l\u0259rinin g\u0259liri Az\u0259rbaycan\u0131n xeyrin\u0259 d\u0259yi\u015f\u0259nd\u0259n sonra, art\u0131q he\u00e7 k\u0259s r\u0259smi Bak\u0131n\u0131n naz\u0131 il\u0259 oynamaq fikrind\u0259 deyildi. Bu m\u0259s\u0259l\u0259 il\u0259 ba\u011fl\u0131 Rusiyan\u0131n da raz\u0131l\u0131\u011f\u0131 al\u0131nm\u0131\u015fd\u0131. Bel\u0259 bir vaxtda, 2013-c\u00fc ild\u0259 Rusiya prezidenti Vladimir Putin q\u0259fl\u0259t\u0259n X\u0259z\u0259rd\u0259 h\u0259rbi g\u0259mi il\u0259 peyda oldu. Ramiz Mehdiyev hakimiyy\u0259ti xilas ed\u0259 bildi. Nax\u00e7\u0131van klan\u0131n\u0131n t\u0259msil\u00e7isi Q\u00fcdr\u0259t H\u0259s\u0259nquliyevin a\u00e7\u0131qlamas\u0131ndan da g\u00f6r\u00fcn\u00fcr ki, v\u0259ziyy\u0259t yen\u0259 d\u0259 kritikdir v\u0259 \u201chakimiyy\u0259ti m\u0259cbur ed\u0259 bil\u0259rl\u0259r\u201d kimi ifad\u0259l\u0259rd\u0259n istifad\u0259 edir. G\u00f6r\u00fcn\u0259n budur ki, xarici t\u0259zyiql\u0259ri s\u0259ngitm\u0259k \u00fc\u00e7\u00fcn birinci xan\u0131m\u0131n birinci vitse-prezidentliyi m\u0259s\u0259l\u0259su g\u00fcnd\u0259m\u0259 g\u0259tirilir. D\u00f6vl\u0259t ba\u015f\u00e7\u0131s\u0131 komandas\u0131na inanm\u0131r v\u0259 el\u0259 buna g\u00f6r\u0259 d\u0259 vitse-prezident postlar\u0131 t\u0259sis edilir. D\u0259yi\u015fiklikl\u0259r\u0259 fikir verin &#8211; birinci vitse- prezident s\u0259lahiyy\u0259t\u0259l\u0259r\u0259 g\u00f6r\u0259 arzu edilm\u0259zs\u0259, onun s\u0259lahiyy\u0259tl\u0259ri vitse-prezident\u0259 veril\u0259 bil\u0259r\u201d.\n<\/p>\n<p>\n  \u201cO zaman t\u0259klifl\u0259rd\u0259 prezident\u0259 parlamenti buraxmaq s\u0259lahiyy\u0259ti nec\u0259 izah oluna bil\u0259r\u201d-sual\u0131na cavabda R\u0259\u015fido\u011flu deyib ki, m\u00f6vcud parlamentin t\u0259rkibi oliqarxlardan v\u0259 onlara tabe olan simalardan formala\u015f\u0131b:<br \/>\n  <br \/>\n  \u201cOliqarxiya \u00fc\u00e7\u00fcn yegan\u0259 maraq maliyy\u0259sini qorumaqd\u0131r v\u0259 g\u00f6r\u00fcn\u0259n budur ki, \u00f6lk\u0259 r\u0259hb\u0259rinin onlara da inam yoxdur. Bu amili d\u0259 ehtimal etm\u0259k m\u00fcmk\u00fcd\u00fcr ki, referendiumdan sonra parlament burax\u0131lacaq. Art\u0131q yeni parlament u\u011frunda klanlar\u0131n m\u00fcbariz\u0259si ba\u015flay\u0131b v\u0259 d\u00fc\u015f\u00fcn\u00fcr\u0259m ki, erk\u0259n se\u00e7im olacaq. Yeni parlament ideyas\u0131 kifay\u0259t q\u0259d\u0259r reald\u0131r. \u00d6lk\u0259nin siyasi m\u00fcst\u0259visind\u0259 durum yet\u0259rinc\u0259 ciddidir. Q\u00fcdr\u0259t H\u0259s\u0259nquliyevin m\u00fcsahib\u0259sind\u0259ki mesajlar d\u00fczg\u00fcn oxunsa, v\u0259ziyy\u0259tin n\u0259 q\u0259d\u0259r ciddi oldu\u011funu anlamaq olur. M\u00fcsahib\u0259d\u0259n a\u00e7\u0131q sezilir ki, hakimiyy\u0259t \u00e7a\u015fq\u0131nl\u0131q i\u00e7ind\u0259dir&#8221;.\n<\/p>\n<p>\n  Siyasi \u015f\u0259hr\u00e7i Ba\u015f nazirin m\u00fcavini \u018fli \u018fhm\u0259dovun &#8220;Az\u0259rbaycan&#8221; q\u0259zetin\u0259 m\u00fcsahib\u0259sind\u0259 35 ya\u015f senzinin g\u00f6t\u00fcr\u00fclm\u0259sini \u0259sasland\u0131rmaq \u00fc\u00e7\u00fcn dediyi &#8220;\u015eah \u0130smay\u0131l X\u0259tai 14 ya\u015f\u0131nda, Makedoniyal\u0131 \u0130sg\u0259nd\u0259r 20 ya\u015f\u0131nda, Napoleon da ondan azac\u0131q art\u0131q ya\u015fda d\u00f6vl\u0259t ba\u015f\u0131na ke\u00e7ibl\u0259r&#8221; fikrini bel\u0259 qiym\u0259tl\u0259ndirdi: &#8220;\u018fli \u018fhm\u0259dovun m\u00fcsahib\u0259si adi konyuktur m\u00fcsahib\u0259dir. X\u00fcsusi s\u0259tiralt\u0131 mesajlar dem\u0259k olar ki, yoxdur. Yaln\u0131z ya\u015f senzi il\u0259 ba\u011fl\u0131 tarixd\u0259n misallar g\u0259tirm\u0259kl\u0259 \u00f6lk\u0259 r\u0259hb\u0259rin\u0259 xo\u015f g\u0259lm\u0259k ist\u0259yr. \u0130stisna etmir\u0259m ki, onun da k\u00f6nl\u00fcnd\u0259n vitse-prezidentlik ke\u00e7ir. Onu da vur\u011fulay\u0131m ki, \u018fli \u018fhm\u0259dovun bu m\u00fcsahib\u0259si ciddi qanun pozuntusudur v\u0259 Se\u00e7ki M\u0259c\u0259ll\u0259sinin t\u0259l\u0259bl\u0259rinin pozulmas\u0131d\u0131r. \u00c7\u00fcnki referendum t\u0259bli\u011fat\u0131na start verildikd\u0259n sonra, onun lehin\u0259 v\u0259 yaxud \u0259leyhin\u0259 t\u0259\u015fviqat aparmaq m\u00fcmk\u00fcnd\u00fcr&#8221;.\n<\/p><\/p>\n","protected":false},"excerpt":{"rendered":"<p>&#8221;Q\u00fcdr\u0259t H\u0259s\u0259nquliyevin sadalad\u0131\u011f\u0131 siyah\u0131 \u201cboz kordinal\u201d\u0131n m\u0259tb\u0259xind\u0259 haz\u0131rlan\u0131b&#8221;<\/p>\n","protected":false},"author":11,"featured_media":64240,"comment_status":"closed","ping_status":"open","sticky":false,"template":"","format":"standard","meta":{"_acf_changed":false,"_sitemap_exclude":false,"_sitemap_priority":"","_sitemap_frequency":"","footnotes":""},"categories":[51],"tags":[],"class_list":["post-177765","post","type-post","status-publish","format-standard","has-post-thumbnail","hentry","category-analitika","infinite-scroll-item","generate-columns","tablet-grid-50","mobile-grid-100","grid-parent","grid-33","no-featured-image-padding"],"acf":[],"yoast_head":"<!-- This site is optimized with the Yoast SEO plugin v27.5 - https:\/\/yoast.com\/product\/yoast-seo-wordpress\/ -->\n<title>Az\u0259r R\u0259\u015fido\u011flu: \u018fli \u018fhm\u0259dovun m\u00fcsahib\u0259si ciddi qanun pozuntusudur - MEYDAN.TV<\/title>\n<meta name=\"robots\" content=\"index, follow, max-snippet:-1, max-image-preview:large, max-video-preview:-1\" \/>\n<link rel=\"canonical\" href=\"https:\/\/www.meydan.tv\/az\/article\/azer-residoglu-eli-ehmedovun-musahibesi-ciddi-qanun-pozuntusudur\/\" \/>\n<meta property=\"og:locale\" content=\"az_AZ\" \/>\n<meta property=\"og:type\" content=\"article\" \/>\n<meta property=\"og:title\" content=\"Az\u0259r R\u0259\u015fido\u011flu: \u018fli \u018fhm\u0259dovun m\u00fcsahib\u0259si ciddi qanun pozuntusudur - MEYDAN.TV\" \/>\n<meta property=\"og:description\" content=\"&#039;&#039;Q\u00fcdr\u0259t H\u0259s\u0259nquliyevin sadalad\u0131\u011f\u0131 siyah\u0131 \u201cboz kordinal\u201d\u0131n m\u0259tb\u0259xind\u0259 haz\u0131rlan\u0131b&#039;&#039;\" \/>\n<meta property=\"og:url\" content=\"https:\/\/www.meydan.tv\/az\/article\/azer-residoglu-eli-ehmedovun-musahibesi-ciddi-qanun-pozuntusudur\/\" \/>\n<meta property=\"og:site_name\" content=\"MEYDAN.TV\" \/>\n<meta property=\"article:published_time\" content=\"2016-07-28T17:56:51+00:00\" \/>\n<meta property=\"og:image\" content=\"https:\/\/www.meydan.tv\/wp-content\/uploads\/24490.jpg\" \/>\n\t<meta property=\"og:image:width\" content=\"537\" \/>\n\t<meta property=\"og:image:height\" content=\"537\" \/>\n\t<meta property=\"og:image:type\" content=\"image\/jpeg\" \/>\n<meta name=\"author\" content=\"user-manager\" \/>\n<meta name=\"twitter:card\" content=\"summary_large_image\" \/>\n<script type=\"application\/ld+json\" class=\"yoast-schema-graph\">{\"@context\":\"https:\\\/\\\/schema.org\",\"@graph\":[{\"@type\":\"Article\",\"@id\":\"https:\\\/\\\/www.meydan.tv\\\/az\\\/article\\\/azer-residoglu-eli-ehmedovun-musahibesi-ciddi-qanun-pozuntusudur\\\/#article\",\"isPartOf\":{\"@id\":\"https:\\\/\\\/www.meydan.tv\\\/az\\\/article\\\/azer-residoglu-eli-ehmedovun-musahibesi-ciddi-qanun-pozuntusudur\\\/\"},\"author\":{\"name\":\"user-manager\",\"@id\":\"https:\\\/\\\/www.meydan.tv\\\/az\\\/#\\\/schema\\\/person\\\/10d11eccf6da3662cf5fdab9806ea91a\"},\"headline\":\"Az\u0259r R\u0259\u015fido\u011flu: \u018fli \u018fhm\u0259dovun m\u00fcsahib\u0259si ciddi qanun pozuntusudur\",\"datePublished\":\"2016-07-28T17:56:51+00:00\",\"mainEntityOfPage\":{\"@id\":\"https:\\\/\\\/www.meydan.tv\\\/az\\\/article\\\/azer-residoglu-eli-ehmedovun-musahibesi-ciddi-qanun-pozuntusudur\\\/\"},\"wordCount\":1007,\"publisher\":{\"@id\":\"https:\\\/\\\/www.meydan.tv\\\/az\\\/#organization\"},\"image\":{\"@id\":\"https:\\\/\\\/www.meydan.tv\\\/az\\\/article\\\/azer-residoglu-eli-ehmedovun-musahibesi-ciddi-qanun-pozuntusudur\\\/#primaryimage\"},\"thumbnailUrl\":\"https:\\\/\\\/www.meydan.tv\\\/wp-content\\\/uploads\\\/24490.jpg\",\"articleSection\":[\"Analitika\"],\"inLanguage\":\"az\"},{\"@type\":\"WebPage\",\"@id\":\"https:\\\/\\\/www.meydan.tv\\\/az\\\/article\\\/azer-residoglu-eli-ehmedovun-musahibesi-ciddi-qanun-pozuntusudur\\\/\",\"url\":\"https:\\\/\\\/www.meydan.tv\\\/az\\\/article\\\/azer-residoglu-eli-ehmedovun-musahibesi-ciddi-qanun-pozuntusudur\\\/\",\"name\":\"Az\u0259r R\u0259\u015fido\u011flu: \u018fli \u018fhm\u0259dovun m\u00fcsahib\u0259si ciddi qanun pozuntusudur - MEYDAN.TV\",\"isPartOf\":{\"@id\":\"https:\\\/\\\/www.meydan.tv\\\/az\\\/#website\"},\"primaryImageOfPage\":{\"@id\":\"https:\\\/\\\/www.meydan.tv\\\/az\\\/article\\\/azer-residoglu-eli-ehmedovun-musahibesi-ciddi-qanun-pozuntusudur\\\/#primaryimage\"},\"image\":{\"@id\":\"https:\\\/\\\/www.meydan.tv\\\/az\\\/article\\\/azer-residoglu-eli-ehmedovun-musahibesi-ciddi-qanun-pozuntusudur\\\/#primaryimage\"},\"thumbnailUrl\":\"https:\\\/\\\/www.meydan.tv\\\/wp-content\\\/uploads\\\/24490.jpg\",\"datePublished\":\"2016-07-28T17:56:51+00:00\",\"breadcrumb\":{\"@id\":\"https:\\\/\\\/www.meydan.tv\\\/az\\\/article\\\/azer-residoglu-eli-ehmedovun-musahibesi-ciddi-qanun-pozuntusudur\\\/#breadcrumb\"},\"inLanguage\":\"az\",\"potentialAction\":[{\"@type\":\"ReadAction\",\"target\":[\"https:\\\/\\\/www.meydan.tv\\\/az\\\/article\\\/azer-residoglu-eli-ehmedovun-musahibesi-ciddi-qanun-pozuntusudur\\\/\"]}]},{\"@type\":\"ImageObject\",\"inLanguage\":\"az\",\"@id\":\"https:\\\/\\\/www.meydan.tv\\\/az\\\/article\\\/azer-residoglu-eli-ehmedovun-musahibesi-ciddi-qanun-pozuntusudur\\\/#primaryimage\",\"url\":\"https:\\\/\\\/www.meydan.tv\\\/wp-content\\\/uploads\\\/24490.jpg\",\"contentUrl\":\"https:\\\/\\\/www.meydan.tv\\\/wp-content\\\/uploads\\\/24490.jpg\",\"width\":537,\"height\":537,\"caption\":\"Source:\"},{\"@type\":\"BreadcrumbList\",\"@id\":\"https:\\\/\\\/www.meydan.tv\\\/az\\\/article\\\/azer-residoglu-eli-ehmedovun-musahibesi-ciddi-qanun-pozuntusudur\\\/#breadcrumb\",\"itemListElement\":[{\"@type\":\"ListItem\",\"position\":1,\"name\":\"Ana s\u0259hif\u0259\",\"item\":\"https:\\\/\\\/www.meydan.tv\\\/az\\\/\"},{\"@type\":\"ListItem\",\"position\":2,\"name\":\"Analitika\",\"item\":\"https:\\\/\\\/www.meydan.tv\\\/az\\\/section\\\/analitika\\\/\"},{\"@type\":\"ListItem\",\"position\":3,\"name\":\"Az\u0259r R\u0259\u015fido\u011flu: \u018fli \u018fhm\u0259dovun m\u00fcsahib\u0259si ciddi qanun pozuntusudur\"}]},{\"@type\":\"WebSite\",\"@id\":\"https:\\\/\\\/www.meydan.tv\\\/az\\\/#website\",\"url\":\"https:\\\/\\\/www.meydan.tv\\\/az\\\/\",\"name\":\"MEYDAN.TV\",\"description\":\"Meydan TV Az\u0259rbaycan\u0131n media m\u0259kan\u0131ndak\u0131 alternativ s\u0259sidir\",\"publisher\":{\"@id\":\"https:\\\/\\\/www.meydan.tv\\\/az\\\/#organization\"},\"potentialAction\":[{\"@type\":\"SearchAction\",\"target\":{\"@type\":\"EntryPoint\",\"urlTemplate\":\"https:\\\/\\\/www.meydan.tv\\\/az\\\/?s={search_term_string}\"},\"query-input\":{\"@type\":\"PropertyValueSpecification\",\"valueRequired\":true,\"valueName\":\"search_term_string\"}}],\"inLanguage\":\"az\"},{\"@type\":\"Organization\",\"@id\":\"https:\\\/\\\/www.meydan.tv\\\/az\\\/#organization\",\"name\":\"Meydan TV\",\"url\":\"https:\\\/\\\/www.meydan.tv\\\/az\\\/\",\"logo\":{\"@type\":\"ImageObject\",\"inLanguage\":\"az\",\"@id\":\"https:\\\/\\\/www.meydan.tv\\\/az\\\/#\\\/schema\\\/logo\\\/image\\\/\",\"url\":\"https:\\\/\\\/www.meydan.tv\\\/wp-content\\\/uploads\\\/2021\\\/07\\\/meydan-logo.svg\",\"contentUrl\":\"https:\\\/\\\/www.meydan.tv\\\/wp-content\\\/uploads\\\/2021\\\/07\\\/meydan-logo.svg\",\"width\":195,\"height\":46,\"caption\":\"Meydan TV\"},\"image\":{\"@id\":\"https:\\\/\\\/www.meydan.tv\\\/az\\\/#\\\/schema\\\/logo\\\/image\\\/\"}},{\"@type\":\"Person\",\"@id\":\"https:\\\/\\\/www.meydan.tv\\\/az\\\/#\\\/schema\\\/person\\\/10d11eccf6da3662cf5fdab9806ea91a\",\"name\":\"user-manager\"}]}<\/script>\n<!-- \/ Yoast SEO plugin. -->","yoast_head_json":{"title":"Az\u0259r R\u0259\u015fido\u011flu: \u018fli \u018fhm\u0259dovun m\u00fcsahib\u0259si ciddi qanun pozuntusudur - MEYDAN.TV","robots":{"index":"index","follow":"follow","max-snippet":"max-snippet:-1","max-image-preview":"max-image-preview:large","max-video-preview":"max-video-preview:-1"},"canonical":"https:\/\/www.meydan.tv\/az\/article\/azer-residoglu-eli-ehmedovun-musahibesi-ciddi-qanun-pozuntusudur\/","og_locale":"az_AZ","og_type":"article","og_title":"Az\u0259r R\u0259\u015fido\u011flu: \u018fli \u018fhm\u0259dovun m\u00fcsahib\u0259si ciddi qanun pozuntusudur - MEYDAN.TV","og_description":"''Q\u00fcdr\u0259t H\u0259s\u0259nquliyevin sadalad\u0131\u011f\u0131 siyah\u0131 \u201cboz kordinal\u201d\u0131n m\u0259tb\u0259xind\u0259 haz\u0131rlan\u0131b''","og_url":"https:\/\/www.meydan.tv\/az\/article\/azer-residoglu-eli-ehmedovun-musahibesi-ciddi-qanun-pozuntusudur\/","og_site_name":"MEYDAN.TV","article_published_time":"2016-07-28T17:56:51+00:00","og_image":[{"width":537,"height":537,"url":"https:\/\/www.meydan.tv\/wp-content\/uploads\/24490.jpg","type":"image\/jpeg"}],"author":"user-manager","twitter_card":"summary_large_image","schema":{"@context":"https:\/\/schema.org","@graph":[{"@type":"Article","@id":"https:\/\/www.meydan.tv\/az\/article\/azer-residoglu-eli-ehmedovun-musahibesi-ciddi-qanun-pozuntusudur\/#article","isPartOf":{"@id":"https:\/\/www.meydan.tv\/az\/article\/azer-residoglu-eli-ehmedovun-musahibesi-ciddi-qanun-pozuntusudur\/"},"author":{"name":"user-manager","@id":"https:\/\/www.meydan.tv\/az\/#\/schema\/person\/10d11eccf6da3662cf5fdab9806ea91a"},"headline":"Az\u0259r R\u0259\u015fido\u011flu: \u018fli \u018fhm\u0259dovun m\u00fcsahib\u0259si ciddi qanun pozuntusudur","datePublished":"2016-07-28T17:56:51+00:00","mainEntityOfPage":{"@id":"https:\/\/www.meydan.tv\/az\/article\/azer-residoglu-eli-ehmedovun-musahibesi-ciddi-qanun-pozuntusudur\/"},"wordCount":1007,"publisher":{"@id":"https:\/\/www.meydan.tv\/az\/#organization"},"image":{"@id":"https:\/\/www.meydan.tv\/az\/article\/azer-residoglu-eli-ehmedovun-musahibesi-ciddi-qanun-pozuntusudur\/#primaryimage"},"thumbnailUrl":"https:\/\/www.meydan.tv\/wp-content\/uploads\/24490.jpg","articleSection":["Analitika"],"inLanguage":"az"},{"@type":"WebPage","@id":"https:\/\/www.meydan.tv\/az\/article\/azer-residoglu-eli-ehmedovun-musahibesi-ciddi-qanun-pozuntusudur\/","url":"https:\/\/www.meydan.tv\/az\/article\/azer-residoglu-eli-ehmedovun-musahibesi-ciddi-qanun-pozuntusudur\/","name":"Az\u0259r R\u0259\u015fido\u011flu: \u018fli \u018fhm\u0259dovun m\u00fcsahib\u0259si ciddi qanun pozuntusudur - MEYDAN.TV","isPartOf":{"@id":"https:\/\/www.meydan.tv\/az\/#website"},"primaryImageOfPage":{"@id":"https:\/\/www.meydan.tv\/az\/article\/azer-residoglu-eli-ehmedovun-musahibesi-ciddi-qanun-pozuntusudur\/#primaryimage"},"image":{"@id":"https:\/\/www.meydan.tv\/az\/article\/azer-residoglu-eli-ehmedovun-musahibesi-ciddi-qanun-pozuntusudur\/#primaryimage"},"thumbnailUrl":"https:\/\/www.meydan.tv\/wp-content\/uploads\/24490.jpg","datePublished":"2016-07-28T17:56:51+00:00","breadcrumb":{"@id":"https:\/\/www.meydan.tv\/az\/article\/azer-residoglu-eli-ehmedovun-musahibesi-ciddi-qanun-pozuntusudur\/#breadcrumb"},"inLanguage":"az","potentialAction":[{"@type":"ReadAction","target":["https:\/\/www.meydan.tv\/az\/article\/azer-residoglu-eli-ehmedovun-musahibesi-ciddi-qanun-pozuntusudur\/"]}]},{"@type":"ImageObject","inLanguage":"az","@id":"https:\/\/www.meydan.tv\/az\/article\/azer-residoglu-eli-ehmedovun-musahibesi-ciddi-qanun-pozuntusudur\/#primaryimage","url":"https:\/\/www.meydan.tv\/wp-content\/uploads\/24490.jpg","contentUrl":"https:\/\/www.meydan.tv\/wp-content\/uploads\/24490.jpg","width":537,"height":537,"caption":"Source:"},{"@type":"BreadcrumbList","@id":"https:\/\/www.meydan.tv\/az\/article\/azer-residoglu-eli-ehmedovun-musahibesi-ciddi-qanun-pozuntusudur\/#breadcrumb","itemListElement":[{"@type":"ListItem","position":1,"name":"Ana s\u0259hif\u0259","item":"https:\/\/www.meydan.tv\/az\/"},{"@type":"ListItem","position":2,"name":"Analitika","item":"https:\/\/www.meydan.tv\/az\/section\/analitika\/"},{"@type":"ListItem","position":3,"name":"Az\u0259r R\u0259\u015fido\u011flu: \u018fli \u018fhm\u0259dovun m\u00fcsahib\u0259si ciddi qanun pozuntusudur"}]},{"@type":"WebSite","@id":"https:\/\/www.meydan.tv\/az\/#website","url":"https:\/\/www.meydan.tv\/az\/","name":"MEYDAN.TV","description":"Meydan TV Az\u0259rbaycan\u0131n media m\u0259kan\u0131ndak\u0131 alternativ s\u0259sidir","publisher":{"@id":"https:\/\/www.meydan.tv\/az\/#organization"},"potentialAction":[{"@type":"SearchAction","target":{"@type":"EntryPoint","urlTemplate":"https:\/\/www.meydan.tv\/az\/?s={search_term_string}"},"query-input":{"@type":"PropertyValueSpecification","valueRequired":true,"valueName":"search_term_string"}}],"inLanguage":"az"},{"@type":"Organization","@id":"https:\/\/www.meydan.tv\/az\/#organization","name":"Meydan TV","url":"https:\/\/www.meydan.tv\/az\/","logo":{"@type":"ImageObject","inLanguage":"az","@id":"https:\/\/www.meydan.tv\/az\/#\/schema\/logo\/image\/","url":"https:\/\/www.meydan.tv\/wp-content\/uploads\/2021\/07\/meydan-logo.svg","contentUrl":"https:\/\/www.meydan.tv\/wp-content\/uploads\/2021\/07\/meydan-logo.svg","width":195,"height":46,"caption":"Meydan TV"},"image":{"@id":"https:\/\/www.meydan.tv\/az\/#\/schema\/logo\/image\/"}},{"@type":"Person","@id":"https:\/\/www.meydan.tv\/az\/#\/schema\/person\/10d11eccf6da3662cf5fdab9806ea91a","name":"user-manager"}]}},"_links":{"self":[{"href":"https:\/\/www.meydan.tv\/az\/wp-json\/wp\/v2\/posts\/177765","targetHints":{"allow":["GET"]}}],"collection":[{"href":"https:\/\/www.meydan.tv\/az\/wp-json\/wp\/v2\/posts"}],"about":[{"href":"https:\/\/www.meydan.tv\/az\/wp-json\/wp\/v2\/types\/post"}],"author":[{"embeddable":true,"href":"https:\/\/www.meydan.tv\/az\/wp-json\/wp\/v2\/users\/11"}],"replies":[{"embeddable":true,"href":"https:\/\/www.meydan.tv\/az\/wp-json\/wp\/v2\/comments?post=177765"}],"version-history":[{"count":0,"href":"https:\/\/www.meydan.tv\/az\/wp-json\/wp\/v2\/posts\/177765\/revisions"}],"wp:featuredmedia":[{"embeddable":true,"href":"https:\/\/www.meydan.tv\/az\/wp-json\/wp\/v2\/media\/64240"}],"wp:attachment":[{"href":"https:\/\/www.meydan.tv\/az\/wp-json\/wp\/v2\/media?parent=177765"}],"wp:term":[{"taxonomy":"category","embeddable":true,"href":"https:\/\/www.meydan.tv\/az\/wp-json\/wp\/v2\/categories?post=177765"},{"taxonomy":"post_tag","embeddable":true,"href":"https:\/\/www.meydan.tv\/az\/wp-json\/wp\/v2\/tags?post=177765"}],"curies":[{"name":"wp","href":"https:\/\/api.w.org\/{rel}","templated":true}]}}