{"id":177756,"date":"2016-07-28T14:55:08","date_gmt":"2016-07-28T14:55:08","guid":{"rendered":"https:\/\/www.meydan.tv\/article\/sulheddin-ekber-hakimiyyet-azerbaycani-xaosa-surukleyir\/"},"modified":"2016-07-28T14:55:08","modified_gmt":"2016-07-28T14:55:08","slug":"sulheddin-ekber-hakimiyyet-azerbaycani-xaosa-surukleyir","status":"publish","type":"post","link":"https:\/\/www.meydan.tv\/az\/article\/sulheddin-ekber-hakimiyyet-azerbaycani-xaosa-surukleyir\/","title":{"rendered":"S\u00fclh\u0259ddin \u018fkb\u0259r: Hakimiyy\u0259t Az\u0259rbaycan\u0131 xaosa s\u00fcr\u00fckl\u0259yir"},"content":{"rendered":"<figure class=\"wp-block-image size-large\">\n  <img decoding=\"async\" src=\"https:\/\/www.meydan.tv\/az\/64183\/\" alt=\"\" class=\"wp-image-64183\"\/><figcaption><\/figcaption><\/figure>\n<p>\n  <i><br \/>\n    &#8221;Az\u0259rbaycan S\u0259udiyy\u0259 \u018fr\u0259bistan\u0131 yox, AT\u018fT m\u0259kan\u0131na daxil olan \u00f6lk\u0259dir, bunu anlamaq laz\u0131md\u0131r&#8221;<br \/>\n  <\/i>\n<\/p>\n<p>\n  \u201cAfrikan\u0131n \u015eimal\u0131nda v\u0259 Yax\u0131n \u015e\u0259rqd\u0259 ba\u015fver\u0259n inqilablar v\u0259 sava\u015flar, d\u0259h\u015f\u0259tli miqyasla\u015fm\u0131\u015f beyn\u0259lxalq terrorizm, Avropaya axan b\u00f6y\u00fck insan k\u00f6\u00e7\u00fc, humanitar f\u0259lak\u0259tl\u0259r v\u0259 k\u00fctl\u0259vi insan faci\u0259l\u0259ri d\u00fcnyan\u0131n m\u0259nz\u0259r\u0259sini d\u0259rind\u0259n v\u0259 y\u0259qin ki, bird\u0259f\u0259lik d\u0259yi\u015fib. Ba\u015fa d\u00fc\u015fm\u0259k \u00e7\u0259tin deyil ki, sadalanan d\u00fcnya probleml\u0259ri b\u00fct\u00fcn d\u00f6vl\u0259tl\u0259r kimi, Az\u0259rbaycan\u0131n qar\u015f\u0131s\u0131nda da ciddi \u00e7a\u011f\u0131r\u0131\u015flar ir\u0259li s\u00fcr\u00fcr\u201d.\n<\/p>\n<p>\n  <br \/>\n  Bu fikirl\u0259r Yeni Az\u0259rbaycan Partiyas\u0131n\u0131n s\u0259dr m\u00fcavini-icra katibi, Ba\u015f nazirin m\u00fcavini \u018fli \u018fhm\u0259dovun<br \/>\n  <a href=\"http:\/\/www.azerbaijan-news.az\/index.php?mod=3&amp;id=101891\"><br \/>\n    \u201cAz\u0259rbaycan\u201d<br \/>\n  <\/a><br \/>\n  q\u0259zetin\u0259 m\u00fcsahib\u0259sind\u0259n g\u00f6t\u00fcr\u00fcl\u00fcb.<\/p>\n<p>  \u018f. \u018fhm\u0259dov bildirib ki, d\u00fcnya iqtisadiyyat\u0131na inteqrasiya ed\u0259n Az\u0259rbaycan o prosesl\u0259rin t\u0259sirind\u0259n s\u0131\u011fortalanmay\u0131b: \u201cN\u0259z\u0259r\u0259 al\u0131nmal\u0131d\u0131r ki, Az\u0259rbaycan b\u0259\u015f\u0259riyy\u0259tin nizam\u0131n\u0131 pozan, ciddi t\u0259lat\u00fcml\u0259rl\u0259 m\u00fc\u015fayi\u0259t olunan b\u0259hs etdiyimiz hadis\u0259l\u0259rin c\u0259r\u0259yan etdiyi co\u011frafiyadan \u00e7ox da uzaqda deyil. Bel\u0259likl\u0259, h\u0259m daxili, h\u0259m d\u0259 beyn\u0259lxalq al\u0259md\u0259 s\u0259b\u0259bl\u0259r toplusu geni\u015f v\u0259 \u0259hat\u0259li islahatlar\u0131n apar\u0131lmas\u0131n\u0131 z\u0259rur\u0259t\u0259 \u00e7evirib. Bu islahatlar\u0131n ke\u00e7irilm\u0259m\u0259si, h\u0259tta gecikm\u0259y\u0259 yol verilm\u0259si \u00f6lk\u0259mizin daha ciddi \u00e7a\u011f\u0131r\u0131\u015flarla \u00fcz-\u00fcz\u0259 qalmas\u0131na g\u0259tirib \u00e7\u0131xara bil\u0259r. D\u0259rin iqtisadi islahatlar siyasi sistemin m\u00fcvafiq \u015f\u0259kild\u0259 t\u0259kmill\u0259\u015fdirilm\u0259sini sad\u0259c\u0259 olaraq qa\u00e7\u0131lmaz edir. \u018fks halda, h\u0259yata ke\u00e7iril\u0259n iqtisadi islahatlar yar\u0131m\u00e7\u0131ql\u0131q kompleksind\u0259n xilas ola bilm\u0259y\u0259c\u0259k. \u00c7evik, m\u00fcasir, inki\u015faf\u0131n keyfiyy\u0259tc\u0259 yeni m\u0259rh\u0259l\u0259sin\u0259 ke\u00e7idi h\u0259d\u0259f\u0259 alan iqtisadi idar\u0259\u00e7ilik mexanizminin yarad\u0131lmas\u0131 t\u0259bii olaraq siyasi sistemin t\u0259kmill\u0259\u015fdirilm\u0259sini m\u00fch\u00fcm \u015f\u0259rt olaraq ir\u0259li s\u00fcr\u00fcr\u201d.<\/p>\n<figure class=\"wp-block-image size-large\">\n  <img decoding=\"async\" src=\"https:\/\/www.meydan.tv\/az\/64186\/\" alt=\"\" class=\"wp-image-64186\"\/><figcaption>\n    \u018fli \u018fhm\u0259dov<br \/>\n  <\/figcaption><\/figure>\n<p>\n  YAP s\u0259dr m\u00fcavini bildirib ki, prezident \u0130lham \u018fliyevin Konstitusiyada b\u0259zi d\u0259yi\u015fiklikl\u0259rin edilm\u0259si il\u0259 \u0259laq\u0259dar referendum ke\u00e7irilm\u0259si t\u0259\u015f\u0259bb\u00fcs\u00fc buradan qaynaqlan\u0131r: \u201cM\u0259n bu t\u0259\u015f\u0259bb\u00fcs\u00fc b\u00f6y\u00fck h\u0259d\u0259fl\u0259r\u0259 y\u00f6n\u0259lmi\u015f v\u0259 vaxt\u0131nda at\u0131lm\u0131\u015f add\u0131m hesab edir\u0259m. \u018fsas niyy\u0259t milli, d\u00f6vl\u0259t maraqlar\u0131n\u0131n qorunmas\u0131 v\u0259 realla\u015fmas\u0131 \u00fc\u00e7\u00fcn m\u00fcasir iqtisadi v\u0259 siyasi mexanizml\u0259rin t\u0259min edilm\u0259sidir. Bir s\u00f6zl\u0259, Konstitusiya d\u0259yi\u015fiklikl\u0259ri t\u0259klifi siyasi sistemin v\u0259 idar\u0259etm\u0259nin t\u0259kmill\u0259\u015fdirilm\u0259si m\u0259qs\u0259dini da\u015f\u0131y\u0131r\u201d.<\/p>\n<p>  \u018fli \u018fhm\u0259dovun fikirl\u0259rin\u0259 m\u00fcnasib\u0259t bildir\u0259n Azad Demokratlar Partiyas\u0131n\u0131n s\u0259dri S\u00fclh\u0259ddin \u018fkb\u0259r Meydan TV-y\u0259 deyib ki, xarici amill\u0259rin t\u0259sirini istisna etm\u0259s\u0259 d\u0259, hakimiyy\u0259t d\u00fcnyada v\u0259 regiondak\u0131 prosesl\u0259rd\u0259n \u0259ks n\u0259tic\u0259 \u00e7\u0131xar\u0131r: &#8220;\u0130st\u0259r Ukrayna, ist\u0259r Suriya, ist\u0259rs\u0259 d\u0259 T\u00fcrkiy\u0259 b\u00f6hran\u0131 olsun, bir fakt ortadad\u0131r ki, hakimiyy\u0259tin yegan\u0259 m\u0259nb\u0259yi xalqd\u0131r, h\u0259m\u00e7inin d\u00f6vl\u0259tin v\u0259 iqtidar\u0131n qoruyucusu mill\u0259tdir. Burdan \u00e7\u0131xan n\u0259tic\u0259 odur ki, \u0259g\u0259r Az\u0259rbaycan hakimiyy\u0259ti mill\u0259td\u0259n v\u0259 d\u00f6vl\u0259td\u0259n narahatd\u0131rsa, y\u0259ni Suriyada, Ukraynada, T\u00fcrkiy\u0259d\u0259 ba\u015f ver\u0259n b\u00f6hranlar\u0131n \u00f6lk\u0259mizd\u0259 yaranmas\u0131n\u0131 ist\u0259mirs\u0259, mill\u0259tin\u0259 v\u0259 onu sev\u0259n insanlara arxalanmal\u0131d\u0131r, n\u0259inki &#8220;be\u015finci kolon&#8221;a&#8221;.<\/p>\n<p>  S\u00fclh\u0259ddin \u018fkb\u0259r d\u00fc\u015f\u00fcn\u00fcr ki, Az\u0259rbaycan hakimiyy\u0259ti zaman itirm\u0259d\u0259n demokratik islahatlara getm\u0259lidir, paralel olaraq b\u00fct\u00fcn c\u0259miyy\u0259tl\u0259-m\u00fcxalif\u0259tl\u0259, media il\u0259, ziyal\u0131larla, v\u0259t\u0259nda\u015f c\u0259miyy\u0259til\u0259- a\u00e7\u0131q dialoqa ba\u015flay\u0131b, azad v\u0259 \u0259dal\u0259tli se\u00e7kil\u0259r ke\u00e7irm\u0259lidir: &#8220;On ill\u0259rdir bu bar\u0259d\u0259 dan\u0131\u015fsaq da, hakimiyy\u0259t \u0259ks n\u0259tic\u0259l\u0259r \u00e7\u0131xar\u0131r. Birinci, 2009-cu ild\u0259 referendum ke\u00e7irib bir \u015f\u0259xsin iki d\u0259f\u0259d\u0259n art\u0131q prezident se\u00e7ilm\u0259sin\u0259 qoyulan m\u0259hdudiyy\u0259ti ortadan g\u00f6t\u00fcrd\u00fc. \u0130ndi is\u0259 prezidentlik m\u00fcdd\u0259tini uzad\u0131r v\u0259 d\u00f6vl\u0259t ba\u015f\u00e7\u0131s\u0131na parlamenti buraxmaq s\u0259lahiyy\u0259ti verir. Bu, konstitusiyal\u0131 monarxiya istiqam\u0259tind\u0259 at\u0131lan add\u0131md\u0131r&#8221;.<\/p>\n<p>  &#8220;Konstitusiyaya d\u0259yi\u015fikllikl\u0259r etm\u0259kl\u0259 hakimiyy\u0259ti m\u00f6hk\u0259ml\u0259ndirm\u0259k yox, yaln\u0131z q\u0131saltmaq olar, bu bax\u0131mdan \u018fli \u018fhm\u0259dov yanl\u0131\u015f d\u00fc\u015f\u00fcn\u00fcr. Onsuz da 2014-c\u00fc ild\u0259n Az\u0259rbaycanda maliyy\u0259-iqtisadi b\u00f6hran ba\u015flay\u0131b v\u0259 ard\u0131nca idar\u0259\u00e7ilik b\u00f6hran\u0131 \u00fcz\u0259 \u00e7\u0131xd\u0131. M\u0259n Beyn\u0259lxalq Bankla ba\u015flay\u0131b Milli T\u0259hl\u00fck\u0259sizlik Nazirliyind\u0259 davam ed\u0259n v\u0259 Rabit\u0259 v\u0259 \u0130nformasiya Texnologiyalar\u0131 Nazirliyind\u0259 yekunla\u015fan prosesi n\u0259z\u0259rd\u0259 tuturam. Halbuki, davam ets\u0259ydi, dig\u0259r idar\u0259\u00e7ilik strukturlar\u0131nda da b\u00f6hran \u00fcz\u0259 \u00e7\u0131xacaqd\u0131. Bunlar\u0131n ard\u0131nca sosial b\u00f6hran ba\u015flad\u0131, ikinci devalvasiyadan sonra sosial-siyasi n\u0259tic\u0259l\u0259rin \u0259lam\u0259tl\u0259ri \u00fcz\u0259 \u00e7\u0131xd\u0131, rayonlardak\u0131 aksiyalar\u0131 y\u0259qin ki, xat\u0131rlay\u0131rs\u0131n\u0131z. O zaman Meydan TV-y\u0259 demi\u015fdim ki, Az\u0259rbaycan b\u00f6y\u00fck d\u0259yi\u015fiklikl\u0259r \u0259r\u0259f\u0259sind\u0259dir. El\u0259 o vaxt Az\u0259rbaycan \u00fcmumi sistem b\u00f6hran\u0131na daxil oldu, ona g\u00f6r\u0259 d\u0259 geni\u015f v\u0259 d\u0259rin islahatlara ehtiyac var. Bu islahatlar iki istiqam\u0259td\u0259 ola bil\u0259r: Birinci, hakimiyy\u0259t b\u00fct\u00fcn sah\u0259l\u0259rd\u0259 demokratik islahatlara start verir, ikinci, xarici t\u0259hdidl\u0259ri \u00f6nl\u0259m\u0259k \u00fc\u00e7\u00fcn milli birliy\u0259 nail olur. Bunu ed\u0259 bilm\u0259diyi halda hakimiyy\u0259tin d\u0259yi\u015film\u0259si prosesi ba\u015flay\u0131r. T\u0259\u0259ss\u00fcf ki, hakimiyy\u0259t regionda v\u0259 d\u00fcnyada ba\u015f ver\u0259nl\u0259ri anlam\u0131r, tam t\u0259rsin\u0259 h\u0259r\u0259k\u0259t edir&#8221;,-dey\u0259 S\u00fclh\u0259ddin \u018fkb\u0259r bildirib.<\/p>\n<p>  ADP s\u0259drinin fikrinc\u0259, referenduma getm\u0259k hakimiyy\u0259ti m\u00f6hk\u0259ml\u0259ndirm\u0259y\u0259c\u0259k, \u00e7\u00fcnki bu siyasi x\u0259tt dinc, demokratik inki\u015faf yolunu qapad\u0131r. Onda da hakimiyy\u0259tin d\u0259yi\u015film\u0259sini ist\u0259y\u0259n mill\u0259t alternativini tapacaq. Dinc, demokratik d\u0259yi\u015fiklikl\u0259rin alternativi d\u0259 qeyri-dinc d\u0259yi\u015fiklikl\u0259rdir, bu is\u0259 Az\u0259rbaycan\u0131 xaosa s\u00fcr\u00fckl\u0259y\u0259c\u0259k: &#8220;\u0130qtidardak\u0131lar\u0131n hakimiyy\u0259t h\u0259risliyi el\u0259 b\u00fcr\u00fcy\u00fcb ki, f\u0259rqin\u0259 varmadan d\u00f6vl\u0259ti v\u0259 mill\u0259ti xaosa v\u0259 zorak\u0131l\u0131\u011fa s\u00fcr\u00fckl\u0259yirl\u0259r. \u018fli \u018fhm\u0259dov bilm\u0259lidir ki, konstitusiyaya d\u0259yi\u015fiklik edib prezidentlik m\u00fcdd\u0259tini uzatmaqla hakimiyy\u0259ti qorumaq olmaz. O zaman g\u0259r\u0259k krallar, \u015fahlar, \u00fcmumiyy\u0259tl\u0259, hakimiyy\u0259td\u0259n getm\u0259y\u0259ydi, \u00e7\u00fcnki onlar he\u00e7 se\u00e7ki institutunu tan\u0131m\u0131rd\u0131lar. Az\u0259rbaycan S\u0259udiyy\u0259 \u018fr\u0259bistan\u0131 yox, AT\u018fT m\u0259kan\u0131na daxil olan \u00f6lk\u0259dir, bizim region ba\u015fqa m\u0259kand\u0131r, bunu anlamaq laz\u0131md\u0131r&#8221;.<\/p>\n<p>  BAXCP s\u0259dri, deputat Q\u00fcdr\u0259t H\u0259s\u0259nquliyevin &#8220;Mehriban \u018fliyevan\u0131n 1-ci vitse-prezident tutmas\u0131 milli maraqlara cavab ver\u0259rdi. Vitse-prezidentl\u0259r\u0259 g\u0259ldikd\u0259 is\u0259 bu postu tutacaq \u015f\u0259xsl\u0259r prezident\u0259 sadiq, bacar\u0131ql\u0131 v\u0259 t\u0259cr\u00fcb\u0259li olmal\u0131d\u0131rlar. Bu keyfiyy\u0259tl\u0259rin\u0259 g\u00f6r\u0259 YAP-in s\u0259dr m\u00fcavinl\u0259ri, o c\u00fcml\u0259d\u0259n Ramiz Mehdiyev, B\u0259yl\u0259r Eyyubov, Ramil Usubov, K\u0259mal\u0259ddin Heyd\u0259rov, Vasif Tal\u0131bov, \u018fli H\u0259s\u0259nov vitse-prezident t\u0259yin olunma\u011fa daha \u00e7ox layiqdirl\u0259r&#8221; a\u00e7\u0131qlamas\u0131na da m\u00fcnasib\u0259t bildir\u0259n S\u00fclh\u0259ddin \u018fkb\u0259r bel\u0259 cavab verdi: &#8220;Bunlar art\u0131q detallard\u0131r v\u0259 hakimiyy\u0259tdaxili maraq qruplar\u0131n\u0131n yaranm\u0131\u015f yeni siyasi \u015f\u0259raitd\u0259n yararlanmaq ist\u0259kl\u0259rini g\u00f6st\u0259rir. M\u0259ni is\u0259 bu detallar maraqland\u0131rm\u0131r, mill\u0259timin v\u0259 d\u00f6vl\u0259timin taleyind\u0259n daha \u00e7ox narahatam. D\u00fcnyada yeni d\u00fcnya d\u00fcz\u0259ni qurulur. Bu adamlar 1989-cu ild\u0259n ba\u015flayan prosesi g\u00f6rm\u0259yib hakimiyy\u0259tl\u0259rinin \u00f6mr\u00fcn\u00fc art\u0131rmaq haqda d\u00fc\u015f\u00fcn\u00fcrl\u0259rs\u0259, h\u0259r hans\u0131 t\u0259klif verm\u0259yin d\u0259 anlam\u0131 qalm\u0131r&#8221;.<\/p>\n","protected":false},"excerpt":{"rendered":"<p>&#8221;Az\u0259rbaycan S\u0259udiyy\u0259 \u018fr\u0259bistan\u0131 yox, AT\u018fT m\u0259kan\u0131na daxil olan \u00f6lk\u0259dir, bunu anlamaq laz\u0131md\u0131r&#8221;<\/p>\n","protected":false},"author":11,"featured_media":64183,"comment_status":"closed","ping_status":"open","sticky":false,"template":"","format":"standard","meta":{"_acf_changed":false,"_sitemap_exclude":false,"_sitemap_priority":"","_sitemap_frequency":"","footnotes":""},"categories":[51],"tags":[],"class_list":["post-177756","post","type-post","status-publish","format-standard","has-post-thumbnail","hentry","category-analitika","infinite-scroll-item","generate-columns","tablet-grid-50","mobile-grid-100","grid-parent","grid-33","no-featured-image-padding"],"acf":[],"yoast_head":"<!-- This site is optimized with the Yoast SEO plugin v27.5 - https:\/\/yoast.com\/product\/yoast-seo-wordpress\/ -->\n<title>S\u00fclh\u0259ddin \u018fkb\u0259r: Hakimiyy\u0259t Az\u0259rbaycan\u0131 xaosa s\u00fcr\u00fckl\u0259yir - MEYDAN.TV<\/title>\n<meta name=\"robots\" content=\"index, follow, max-snippet:-1, max-image-preview:large, max-video-preview:-1\" \/>\n<link rel=\"canonical\" href=\"https:\/\/www.meydan.tv\/az\/article\/sulheddin-ekber-hakimiyyet-azerbaycani-xaosa-surukleyir\/\" \/>\n<meta property=\"og:locale\" content=\"az_AZ\" \/>\n<meta property=\"og:type\" content=\"article\" \/>\n<meta property=\"og:title\" content=\"S\u00fclh\u0259ddin \u018fkb\u0259r: Hakimiyy\u0259t Az\u0259rbaycan\u0131 xaosa s\u00fcr\u00fckl\u0259yir - MEYDAN.TV\" \/>\n<meta property=\"og:description\" content=\"&#039;&#039;Az\u0259rbaycan S\u0259udiyy\u0259 \u018fr\u0259bistan\u0131 yox, AT\u018fT m\u0259kan\u0131na daxil olan \u00f6lk\u0259dir, bunu anlamaq laz\u0131md\u0131r&#039;&#039;\" \/>\n<meta property=\"og:url\" content=\"https:\/\/www.meydan.tv\/az\/article\/sulheddin-ekber-hakimiyyet-azerbaycani-xaosa-surukleyir\/\" \/>\n<meta property=\"og:site_name\" content=\"MEYDAN.TV\" \/>\n<meta property=\"article:published_time\" content=\"2016-07-28T14:55:08+00:00\" \/>\n<meta property=\"og:image\" content=\"https:\/\/www.meydan.tv\/wp-content\/uploads\/24478.jpg\" \/>\n\t<meta property=\"og:image:width\" content=\"1024\" \/>\n\t<meta property=\"og:image:height\" content=\"683\" \/>\n\t<meta property=\"og:image:type\" content=\"image\/jpeg\" \/>\n<meta name=\"author\" content=\"user-manager\" \/>\n<meta name=\"twitter:card\" content=\"summary_large_image\" \/>\n<script type=\"application\/ld+json\" class=\"yoast-schema-graph\">{\"@context\":\"https:\\\/\\\/schema.org\",\"@graph\":[{\"@type\":\"Article\",\"@id\":\"https:\\\/\\\/www.meydan.tv\\\/az\\\/article\\\/sulheddin-ekber-hakimiyyet-azerbaycani-xaosa-surukleyir\\\/#article\",\"isPartOf\":{\"@id\":\"https:\\\/\\\/www.meydan.tv\\\/az\\\/article\\\/sulheddin-ekber-hakimiyyet-azerbaycani-xaosa-surukleyir\\\/\"},\"author\":{\"name\":\"user-manager\",\"@id\":\"https:\\\/\\\/www.meydan.tv\\\/az\\\/#\\\/schema\\\/person\\\/10d11eccf6da3662cf5fdab9806ea91a\"},\"headline\":\"S\u00fclh\u0259ddin \u018fkb\u0259r: Hakimiyy\u0259t Az\u0259rbaycan\u0131 xaosa s\u00fcr\u00fckl\u0259yir\",\"datePublished\":\"2016-07-28T14:55:08+00:00\",\"mainEntityOfPage\":{\"@id\":\"https:\\\/\\\/www.meydan.tv\\\/az\\\/article\\\/sulheddin-ekber-hakimiyyet-azerbaycani-xaosa-surukleyir\\\/\"},\"wordCount\":1386,\"publisher\":{\"@id\":\"https:\\\/\\\/www.meydan.tv\\\/az\\\/#organization\"},\"image\":{\"@id\":\"https:\\\/\\\/www.meydan.tv\\\/az\\\/article\\\/sulheddin-ekber-hakimiyyet-azerbaycani-xaosa-surukleyir\\\/#primaryimage\"},\"thumbnailUrl\":\"https:\\\/\\\/www.meydan.tv\\\/wp-content\\\/uploads\\\/24478.jpg\",\"articleSection\":[\"Analitika\"],\"inLanguage\":\"az\"},{\"@type\":\"WebPage\",\"@id\":\"https:\\\/\\\/www.meydan.tv\\\/az\\\/article\\\/sulheddin-ekber-hakimiyyet-azerbaycani-xaosa-surukleyir\\\/\",\"url\":\"https:\\\/\\\/www.meydan.tv\\\/az\\\/article\\\/sulheddin-ekber-hakimiyyet-azerbaycani-xaosa-surukleyir\\\/\",\"name\":\"S\u00fclh\u0259ddin \u018fkb\u0259r: Hakimiyy\u0259t Az\u0259rbaycan\u0131 xaosa s\u00fcr\u00fckl\u0259yir - MEYDAN.TV\",\"isPartOf\":{\"@id\":\"https:\\\/\\\/www.meydan.tv\\\/az\\\/#website\"},\"primaryImageOfPage\":{\"@id\":\"https:\\\/\\\/www.meydan.tv\\\/az\\\/article\\\/sulheddin-ekber-hakimiyyet-azerbaycani-xaosa-surukleyir\\\/#primaryimage\"},\"image\":{\"@id\":\"https:\\\/\\\/www.meydan.tv\\\/az\\\/article\\\/sulheddin-ekber-hakimiyyet-azerbaycani-xaosa-surukleyir\\\/#primaryimage\"},\"thumbnailUrl\":\"https:\\\/\\\/www.meydan.tv\\\/wp-content\\\/uploads\\\/24478.jpg\",\"datePublished\":\"2016-07-28T14:55:08+00:00\",\"breadcrumb\":{\"@id\":\"https:\\\/\\\/www.meydan.tv\\\/az\\\/article\\\/sulheddin-ekber-hakimiyyet-azerbaycani-xaosa-surukleyir\\\/#breadcrumb\"},\"inLanguage\":\"az\",\"potentialAction\":[{\"@type\":\"ReadAction\",\"target\":[\"https:\\\/\\\/www.meydan.tv\\\/az\\\/article\\\/sulheddin-ekber-hakimiyyet-azerbaycani-xaosa-surukleyir\\\/\"]}]},{\"@type\":\"ImageObject\",\"inLanguage\":\"az\",\"@id\":\"https:\\\/\\\/www.meydan.tv\\\/az\\\/article\\\/sulheddin-ekber-hakimiyyet-azerbaycani-xaosa-surukleyir\\\/#primaryimage\",\"url\":\"https:\\\/\\\/www.meydan.tv\\\/wp-content\\\/uploads\\\/24478.jpg\",\"contentUrl\":\"https:\\\/\\\/www.meydan.tv\\\/wp-content\\\/uploads\\\/24478.jpg\",\"width\":1024,\"height\":683,\"caption\":\"Source:\"},{\"@type\":\"BreadcrumbList\",\"@id\":\"https:\\\/\\\/www.meydan.tv\\\/az\\\/article\\\/sulheddin-ekber-hakimiyyet-azerbaycani-xaosa-surukleyir\\\/#breadcrumb\",\"itemListElement\":[{\"@type\":\"ListItem\",\"position\":1,\"name\":\"Ana s\u0259hif\u0259\",\"item\":\"https:\\\/\\\/www.meydan.tv\\\/az\\\/\"},{\"@type\":\"ListItem\",\"position\":2,\"name\":\"Analitika\",\"item\":\"https:\\\/\\\/www.meydan.tv\\\/az\\\/section\\\/analitika\\\/\"},{\"@type\":\"ListItem\",\"position\":3,\"name\":\"S\u00fclh\u0259ddin \u018fkb\u0259r: Hakimiyy\u0259t Az\u0259rbaycan\u0131 xaosa s\u00fcr\u00fckl\u0259yir\"}]},{\"@type\":\"WebSite\",\"@id\":\"https:\\\/\\\/www.meydan.tv\\\/az\\\/#website\",\"url\":\"https:\\\/\\\/www.meydan.tv\\\/az\\\/\",\"name\":\"MEYDAN.TV\",\"description\":\"Meydan TV Az\u0259rbaycan\u0131n media m\u0259kan\u0131ndak\u0131 alternativ s\u0259sidir\",\"publisher\":{\"@id\":\"https:\\\/\\\/www.meydan.tv\\\/az\\\/#organization\"},\"potentialAction\":[{\"@type\":\"SearchAction\",\"target\":{\"@type\":\"EntryPoint\",\"urlTemplate\":\"https:\\\/\\\/www.meydan.tv\\\/az\\\/?s={search_term_string}\"},\"query-input\":{\"@type\":\"PropertyValueSpecification\",\"valueRequired\":true,\"valueName\":\"search_term_string\"}}],\"inLanguage\":\"az\"},{\"@type\":\"Organization\",\"@id\":\"https:\\\/\\\/www.meydan.tv\\\/az\\\/#organization\",\"name\":\"Meydan TV\",\"url\":\"https:\\\/\\\/www.meydan.tv\\\/az\\\/\",\"logo\":{\"@type\":\"ImageObject\",\"inLanguage\":\"az\",\"@id\":\"https:\\\/\\\/www.meydan.tv\\\/az\\\/#\\\/schema\\\/logo\\\/image\\\/\",\"url\":\"https:\\\/\\\/www.meydan.tv\\\/wp-content\\\/uploads\\\/2021\\\/07\\\/meydan-logo.svg\",\"contentUrl\":\"https:\\\/\\\/www.meydan.tv\\\/wp-content\\\/uploads\\\/2021\\\/07\\\/meydan-logo.svg\",\"width\":195,\"height\":46,\"caption\":\"Meydan TV\"},\"image\":{\"@id\":\"https:\\\/\\\/www.meydan.tv\\\/az\\\/#\\\/schema\\\/logo\\\/image\\\/\"}},{\"@type\":\"Person\",\"@id\":\"https:\\\/\\\/www.meydan.tv\\\/az\\\/#\\\/schema\\\/person\\\/10d11eccf6da3662cf5fdab9806ea91a\",\"name\":\"user-manager\"}]}<\/script>\n<!-- \/ Yoast SEO plugin. -->","yoast_head_json":{"title":"S\u00fclh\u0259ddin \u018fkb\u0259r: Hakimiyy\u0259t Az\u0259rbaycan\u0131 xaosa s\u00fcr\u00fckl\u0259yir - MEYDAN.TV","robots":{"index":"index","follow":"follow","max-snippet":"max-snippet:-1","max-image-preview":"max-image-preview:large","max-video-preview":"max-video-preview:-1"},"canonical":"https:\/\/www.meydan.tv\/az\/article\/sulheddin-ekber-hakimiyyet-azerbaycani-xaosa-surukleyir\/","og_locale":"az_AZ","og_type":"article","og_title":"S\u00fclh\u0259ddin \u018fkb\u0259r: Hakimiyy\u0259t Az\u0259rbaycan\u0131 xaosa s\u00fcr\u00fckl\u0259yir - MEYDAN.TV","og_description":"''Az\u0259rbaycan S\u0259udiyy\u0259 \u018fr\u0259bistan\u0131 yox, AT\u018fT m\u0259kan\u0131na daxil olan \u00f6lk\u0259dir, bunu anlamaq laz\u0131md\u0131r''","og_url":"https:\/\/www.meydan.tv\/az\/article\/sulheddin-ekber-hakimiyyet-azerbaycani-xaosa-surukleyir\/","og_site_name":"MEYDAN.TV","article_published_time":"2016-07-28T14:55:08+00:00","og_image":[{"width":1024,"height":683,"url":"https:\/\/www.meydan.tv\/wp-content\/uploads\/24478.jpg","type":"image\/jpeg"}],"author":"user-manager","twitter_card":"summary_large_image","schema":{"@context":"https:\/\/schema.org","@graph":[{"@type":"Article","@id":"https:\/\/www.meydan.tv\/az\/article\/sulheddin-ekber-hakimiyyet-azerbaycani-xaosa-surukleyir\/#article","isPartOf":{"@id":"https:\/\/www.meydan.tv\/az\/article\/sulheddin-ekber-hakimiyyet-azerbaycani-xaosa-surukleyir\/"},"author":{"name":"user-manager","@id":"https:\/\/www.meydan.tv\/az\/#\/schema\/person\/10d11eccf6da3662cf5fdab9806ea91a"},"headline":"S\u00fclh\u0259ddin \u018fkb\u0259r: Hakimiyy\u0259t Az\u0259rbaycan\u0131 xaosa s\u00fcr\u00fckl\u0259yir","datePublished":"2016-07-28T14:55:08+00:00","mainEntityOfPage":{"@id":"https:\/\/www.meydan.tv\/az\/article\/sulheddin-ekber-hakimiyyet-azerbaycani-xaosa-surukleyir\/"},"wordCount":1386,"publisher":{"@id":"https:\/\/www.meydan.tv\/az\/#organization"},"image":{"@id":"https:\/\/www.meydan.tv\/az\/article\/sulheddin-ekber-hakimiyyet-azerbaycani-xaosa-surukleyir\/#primaryimage"},"thumbnailUrl":"https:\/\/www.meydan.tv\/wp-content\/uploads\/24478.jpg","articleSection":["Analitika"],"inLanguage":"az"},{"@type":"WebPage","@id":"https:\/\/www.meydan.tv\/az\/article\/sulheddin-ekber-hakimiyyet-azerbaycani-xaosa-surukleyir\/","url":"https:\/\/www.meydan.tv\/az\/article\/sulheddin-ekber-hakimiyyet-azerbaycani-xaosa-surukleyir\/","name":"S\u00fclh\u0259ddin \u018fkb\u0259r: Hakimiyy\u0259t Az\u0259rbaycan\u0131 xaosa s\u00fcr\u00fckl\u0259yir - MEYDAN.TV","isPartOf":{"@id":"https:\/\/www.meydan.tv\/az\/#website"},"primaryImageOfPage":{"@id":"https:\/\/www.meydan.tv\/az\/article\/sulheddin-ekber-hakimiyyet-azerbaycani-xaosa-surukleyir\/#primaryimage"},"image":{"@id":"https:\/\/www.meydan.tv\/az\/article\/sulheddin-ekber-hakimiyyet-azerbaycani-xaosa-surukleyir\/#primaryimage"},"thumbnailUrl":"https:\/\/www.meydan.tv\/wp-content\/uploads\/24478.jpg","datePublished":"2016-07-28T14:55:08+00:00","breadcrumb":{"@id":"https:\/\/www.meydan.tv\/az\/article\/sulheddin-ekber-hakimiyyet-azerbaycani-xaosa-surukleyir\/#breadcrumb"},"inLanguage":"az","potentialAction":[{"@type":"ReadAction","target":["https:\/\/www.meydan.tv\/az\/article\/sulheddin-ekber-hakimiyyet-azerbaycani-xaosa-surukleyir\/"]}]},{"@type":"ImageObject","inLanguage":"az","@id":"https:\/\/www.meydan.tv\/az\/article\/sulheddin-ekber-hakimiyyet-azerbaycani-xaosa-surukleyir\/#primaryimage","url":"https:\/\/www.meydan.tv\/wp-content\/uploads\/24478.jpg","contentUrl":"https:\/\/www.meydan.tv\/wp-content\/uploads\/24478.jpg","width":1024,"height":683,"caption":"Source:"},{"@type":"BreadcrumbList","@id":"https:\/\/www.meydan.tv\/az\/article\/sulheddin-ekber-hakimiyyet-azerbaycani-xaosa-surukleyir\/#breadcrumb","itemListElement":[{"@type":"ListItem","position":1,"name":"Ana s\u0259hif\u0259","item":"https:\/\/www.meydan.tv\/az\/"},{"@type":"ListItem","position":2,"name":"Analitika","item":"https:\/\/www.meydan.tv\/az\/section\/analitika\/"},{"@type":"ListItem","position":3,"name":"S\u00fclh\u0259ddin \u018fkb\u0259r: Hakimiyy\u0259t Az\u0259rbaycan\u0131 xaosa s\u00fcr\u00fckl\u0259yir"}]},{"@type":"WebSite","@id":"https:\/\/www.meydan.tv\/az\/#website","url":"https:\/\/www.meydan.tv\/az\/","name":"MEYDAN.TV","description":"Meydan TV Az\u0259rbaycan\u0131n media m\u0259kan\u0131ndak\u0131 alternativ s\u0259sidir","publisher":{"@id":"https:\/\/www.meydan.tv\/az\/#organization"},"potentialAction":[{"@type":"SearchAction","target":{"@type":"EntryPoint","urlTemplate":"https:\/\/www.meydan.tv\/az\/?s={search_term_string}"},"query-input":{"@type":"PropertyValueSpecification","valueRequired":true,"valueName":"search_term_string"}}],"inLanguage":"az"},{"@type":"Organization","@id":"https:\/\/www.meydan.tv\/az\/#organization","name":"Meydan TV","url":"https:\/\/www.meydan.tv\/az\/","logo":{"@type":"ImageObject","inLanguage":"az","@id":"https:\/\/www.meydan.tv\/az\/#\/schema\/logo\/image\/","url":"https:\/\/www.meydan.tv\/wp-content\/uploads\/2021\/07\/meydan-logo.svg","contentUrl":"https:\/\/www.meydan.tv\/wp-content\/uploads\/2021\/07\/meydan-logo.svg","width":195,"height":46,"caption":"Meydan TV"},"image":{"@id":"https:\/\/www.meydan.tv\/az\/#\/schema\/logo\/image\/"}},{"@type":"Person","@id":"https:\/\/www.meydan.tv\/az\/#\/schema\/person\/10d11eccf6da3662cf5fdab9806ea91a","name":"user-manager"}]}},"_links":{"self":[{"href":"https:\/\/www.meydan.tv\/az\/wp-json\/wp\/v2\/posts\/177756","targetHints":{"allow":["GET"]}}],"collection":[{"href":"https:\/\/www.meydan.tv\/az\/wp-json\/wp\/v2\/posts"}],"about":[{"href":"https:\/\/www.meydan.tv\/az\/wp-json\/wp\/v2\/types\/post"}],"author":[{"embeddable":true,"href":"https:\/\/www.meydan.tv\/az\/wp-json\/wp\/v2\/users\/11"}],"replies":[{"embeddable":true,"href":"https:\/\/www.meydan.tv\/az\/wp-json\/wp\/v2\/comments?post=177756"}],"version-history":[{"count":0,"href":"https:\/\/www.meydan.tv\/az\/wp-json\/wp\/v2\/posts\/177756\/revisions"}],"wp:featuredmedia":[{"embeddable":true,"href":"https:\/\/www.meydan.tv\/az\/wp-json\/wp\/v2\/media\/64183"}],"wp:attachment":[{"href":"https:\/\/www.meydan.tv\/az\/wp-json\/wp\/v2\/media?parent=177756"}],"wp:term":[{"taxonomy":"category","embeddable":true,"href":"https:\/\/www.meydan.tv\/az\/wp-json\/wp\/v2\/categories?post=177756"},{"taxonomy":"post_tag","embeddable":true,"href":"https:\/\/www.meydan.tv\/az\/wp-json\/wp\/v2\/tags?post=177756"}],"curies":[{"name":"wp","href":"https:\/\/api.w.org\/{rel}","templated":true}]}}