{"id":177745,"date":"2016-07-27T23:59:41","date_gmt":"2016-07-27T23:59:41","guid":{"rendered":"https:\/\/www.meydan.tv\/article\/turkiye-muasir-dovrdeki-herbi-cevrilisler-2\/"},"modified":"2016-07-27T23:59:41","modified_gmt":"2016-07-27T23:59:41","slug":"turkiye-muasir-dovrdeki-herbi-cevrilisler-2","status":"publish","type":"post","link":"https:\/\/www.meydan.tv\/az\/article\/turkiye-muasir-dovrdeki-herbi-cevrilisler-2\/","title":{"rendered":"T\u00fcrkiy\u0259: m\u00fcasir d\u00f6vrd\u0259ki h\u0259rbi \u00e7evrili\u015fl\u0259r &#8211; 2"},"content":{"rendered":"<figure class=\"wp-block-image size-large\">\n  <img decoding=\"async\" src=\"https:\/\/www.meydan.tv\/az\/64135\/\" alt=\"\" class=\"wp-image-64135\"\/><figcaption><\/figcaption><\/figure>\n<figure class=\"wp-block-image size-large\">\n  <img decoding=\"async\" src=\"https:\/\/www.meydan.tv\/az\/64138\/\" alt=\"\" class=\"wp-image-64138\"\/><figcaption><\/figcaption><\/figure>\n<p>\n  S\u00fcleyman Demirelin r\u0259hb\u0259rlik etdiyi Adalet partiyas\u0131 1969-cu ilin parlament se\u00e7kil\u0259rind\u0259 46,55% s\u0259s toplad\u0131. \u018fvv\u0259lki se\u00e7kil\u0259rl\u0259 m\u00fcqayis\u0259d\u0259 partiyan\u0131n s\u0259si 6%-d\u0259n \u00e7ox azalsa da, se\u00e7ki qanunvericiliyind\u0259 edil\u0259n d\u0259yi\u015fiklikl\u0259r say\u0259sind\u0259 parlamentd\u0259ki deputatlar\u0131n\u0131n say\u0131 16 n\u0259f\u0259r artaraq 256-ya \u00e7atd\u0131. Bu da Demirel\u0259 yenid\u0259n t\u0259kpartiyal\u0131 h\u00f6kum\u0259t qurmaq imkan\u0131 verdi.\n<\/p>\n<p>\n  Bel\u0259 g\u00f6r\u00fcn\u00fcrd\u00fc ki, T\u00fcrkiy\u0259ni n\u00f6vb\u0259ti 4 ild\u0259 d\u0259 siyasi sabitlik g\u00f6zl\u0259yir. Lakin he\u00e7 d\u0259 bel\u0259 olmad\u0131. Probleml\u0259r el\u0259 hakim partiyan\u0131n daxilind\u0259n ba\u015flad\u0131. 1961-ci il Konstitusiyas\u0131 il\u0259 ke\u00e7mi\u015f DP iqtidar\u0131n\u0131n n\u00fcmay\u0259nd\u0259l\u0259rinin, o c\u00fcml\u0259d\u0259n C\u0259lal Bayar\u0131n siyasi f\u0259aliyy\u0259tin\u0259 qoyulmu\u015f m\u0259hdudiyy\u0259tl\u0259rin l\u0259\u011fvi istiqam\u0259tind\u0259 Demirelin h\u0259r\u0259k\u0259tsizliyind\u0259n naraz\u0131 qalan bir \u00e7ox partiyal\u0131lar, o c\u00fcml\u0259d\u0259n 41 mill\u0259t v\u0259kili AP-dan istefa verdil\u0259r. Onlardan bir qismi Calal Bayar\u0131n m\u0259n\u0259vi n\u00fcfuzu alt\u0131nda olan Demokratik Partiyan\u0131 yaratd\u0131lar, daha m\u00fchafiz\u0259kar k\u0259sim is\u0259 Necmettin Erbakan\u0131n Milli Nizam Partiyas\u0131na qo\u015fuldular.\n<\/p>\n<p>\n  T\u00fcrkiy\u0259d\u0259 ictimai-siyasi v\u0259ziyy\u0259t d\u0259 get-ged\u0259 g\u0259rginl\u0259\u015fm\u0259y\u0259 ba\u015flad\u0131, sa\u011f-sol toqqu\u015fmalar\u0131 v\u00fcs\u0259t ald\u0131. At\u0131\u015fmalar, girov g\u00f6t\u00fcrm\u0259l\u0259r, banklara h\u00fccumlar g\u00fcnd\u0259lik hala \u00e7evrildi. \u018fm\u0259k qanunvericiliyind\u0259 edil\u0259n d\u0259yi\u015fiklikl\u0259r T\u00fcrkiy\u0259 tarixinin \u0259n b\u00f6y\u00fck etiraz n\u00fcmayi\u015fl\u0259rind\u0259n olan 15-16 haziran (iyun) olaylar\u0131na s\u0259b\u0259b oldu. \u0130qtisadi v\u0259ziyy\u0259t d\u0259 \u00fcr\u0259ka\u00e7an deyildi, 1970-ci ilin avqustunda t\u00fcrk lir\u0259si 66%-lik devalvasiyaya u\u011frad\u0131.\n<\/p>\n<p>\n  Xarici siyas\u0259td\u0259 d\u0259 h\u0259r \u015fey qaydas\u0131nda say\u0131lmazd\u0131. T\u00fcrkiy\u0259-AB\u015e soyuqluq m\u00fc\u015fahid\u0259 olunurdu. \u018fv\u0259zind\u0259 ba\u015f nazir S. Demirelin 1967-ci ild\u0259, xarici i\u015fl\u0259r naziri \u0130hsan \u00c7a\u011flayangilin 1968-ci ild\u0259 v\u0259 prezident Cevdet Sunay\u0131n 1969-cu ild\u0259 Moskvaya s\u0259f\u0259rl\u0259rind\u0259n sonra T\u00fcrkiy\u0259-SSR\u0130 m\u00fcnasib\u0259tl\u0259rind\u0259 yax\u0131nla\u015fma m\u00fc\u015fahid\u0259 olunurdu. Daxild\u0259 artan sol\u00e7u t\u0259may\u00fcll\u0259rl\u0259 paralel bu yax\u0131nla\u015fma generalitet t\u0259r\u0259find\u0259n he\u00e7 d\u0259 xo\u015f qar\u015f\u0131lanm\u0131rd\u0131.\n<\/p>\n<p>\n  Bel\u0259 olan halda h\u0259rb\u00e7il\u0259r v\u0259ziyy\u0259t\u0259 m\u00fcdaxil\u0259 etdil\u0259r. Ba\u015f Q\u0259rargah r\u0259isi Memduh Ta\u011fma\u00e7la yana\u015f\u0131 Quru qo\u015funlar, Hava q\u00fcvv\u0259l\u0259ri v\u0259 H\u0259rbi donanma komandanlar\u0131n\u0131n imzalad\u0131\u011f\u0131 memorandum (t\u00fcrkc\u0259: muhtira) 1971-ci il mart\u0131n 12-d\u0259 prezident C.Sunaya t\u0259qdim edildi. S\u0259n\u0259dd\u0259 T\u00fcrkiy\u0259nin \u00fczl\u0259\u015fdiyi probleml\u0259r sadalan\u0131r v\u0259 \u00e7\u0131x\u0131\u015f yolu kimi partiyalar\u00fcst\u00fc, texnokrat bir h\u00f6kum\u0259tin yarad\u0131lmas\u0131 ist\u0259nilirdi. \u018fks t\u0259qdird\u0259 ordu hakimiyy\u0259ti bilavasit\u0259 \u00fcz\u0259rin\u0259 g\u00f6t\u00fcr\u0259c\u0259yi il\u0259 t\u0259hdid edirdi.\n<\/p>\n<p>\n  Bu ultimatumdan sonra Demirel istefa verdi. CHP-d\u0259n mill\u0259t v\u0259kili olan Nihat Erim partiyas\u0131ndan ayr\u0131laraq bit\u0259r\u0259f kimi islahatlar h\u00f6kum\u0259tini qurdu. Lakin n\u0259 texnokrat, n\u0259 d\u0259 1974-c\u00fc ilin pay\u0131z\u0131ndan yenid\u0259n formala\u015fan siyasi h\u00f6kum\u0259tl\u0259r T\u00fcrkiy\u0259nin probleml\u0259rini h\u0259ll ed\u0259 bilm\u0259dil\u0259r. Siyasi qeyri-sabitlik davam edirdi. 1971-1980-ci ill\u0259rd\u0259 T\u00fcrkiy\u0259d\u0259 11 h\u00f6kum\u0259t i\u015f ba\u015f\u0131nda oldu. Bir t\u0259r\u0259fd\u0259 sol\u00e7ular\u0131n, dig\u0259r t\u0259r\u0259fd\u0259 is\u0259 mill\u0259t\u00e7i v\u0259 islam\u00e7\u0131lar\u0131n oldu\u011fu toqqu\u015fmalar daha da \u00e7oxald\u0131.\n<\/p>\n<p>\n  Bel\u0259 toqqu\u015fmalardan \u0259n b\u00f6y\u00fcy\u00fcn\u00fcn dolay\u0131s\u0131 il\u0259 az\u0259rbaycanl\u0131lara aidiyy\u0259ti vard\u0131. \u0130kinci cahan sava\u015f\u0131 zaman\u0131 T\u00fcrkiy\u0259y\u0259 s\u0131\u011f\u0131nan v\u0259 SSR\u0130-y\u0259 geri veril\u0259rk\u0259n g\u00fcll\u0259l\u0259n\u0259n 146 az\u0259rbaycanl\u0131n\u0131n \u201cBoraltan k\u00f6rp\u00fcs\u00fc q\u0259tliam\u0131\u201d \u0259sas\u0131nda \u00e7\u0259kilmi\u015f \u201cG\u00fcn\u0259\u015f n\u0259 zaman do\u011facaq\u201d adl\u0131 film 1978-ci il dekabr\u0131n 19-da Kahramanmara\u015fda n\u00fcmayi\u015f edil\u0259rk\u0259n \u201c\u00c7i\u00e7\u0259k\u201d kinoteatr\u0131na bomba at\u0131ld\u0131. \u0130ddialara g\u00f6r\u0259, cinay\u0259ti filmi mill\u0259t\u00e7i hesab ed\u0259n sol\u00e7ular t\u00f6r\u0259tmi\u015fdi. Ert\u0259si g\u00fcnd\u0259n \u015f\u0259h\u0259rd\u0259 ba\u015flayan v\u0259 \u0259sas\u0259n \u0259l\u0259vil\u0259r\u0259 qar\u015f\u0131 y\u00f6n\u0259l\u0259n q\u0259tliam 1 h\u0259ft\u0259y\u0259 q\u0259d\u0259r davam etdi. R\u0259smi m\u0259lumatlara g\u00f6r\u0259 105 adam q\u0259tl\u0259 yetirildi. Qeyri-r\u0259smi m\u0259lumatlarda is\u0259 qurbanlar\u0131n say\u0131 4-5 d\u0259f\u0259 \u00e7ox g\u00f6st\u0259rilir.\n<\/p>\n<p>\n  1978-1980-ci ill\u0259rd\u0259 siyasi q\u0259tll\u0259r v\u00fcs\u0259t ald\u0131. Bu cinay\u0259tl\u0259rin qurbanlar\u0131 s\u0131ras\u0131nda q\u0259zet\u00e7il\u0259r, ali m\u0259kt\u0259b m\u00fc\u0259lliml\u0259ri, mill\u0259t v\u0259kill\u0259ri vard\u0131. \u0130lk texnokrat h\u00f6kum\u0259t ba\u015f\u00e7\u0131s\u0131 Nihat Erim d\u0259 19 iyul 1980-ci il tarixind\u0259 \u00f6ld\u00fcr\u00fcld\u00fc.\n<\/p>\n<p>\n  Siyasi q\u0259tll\u0259rd\u0259n biri daha b\u00f6y\u00fck hadis\u0259l\u0259r\u0259 s\u0259b\u0259b oldu. 1980-ci il may\u0131n 27-d\u0259 MHP-li ke\u00e7mi\u015f G\u00f6mr\u00fck naziri G\u00fcn Sazak sol\u00e7ular t\u0259r\u0259find\u0259n \u00f6ld\u00fcr\u00fcld\u00fc. Bundan sonra \u00c7orumda ba\u015flayan sa\u011f-sol, s\u00fcnni-\u0259l\u0259vi toqqu\u015fmalar\u0131 n\u0259tic\u0259sind\u0259 57 n\u0259f\u0259r h\u0259yat\u0131n\u0131 itirdi.\n<\/p>\n<p>\n  Beyn\u0259lxalq v\u0259ziyy\u0259t d\u0259 T\u00fcrkiy\u0259 demokratiyas\u0131n\u0131n xeyrin\u0259 deyildi. 1979-cu ild\u0259 \u0130ran \u0130slam \u0130nqilab\u0131, SSR\u0130-nin \u018ffqan\u0131stana h\u0259rbi m\u00fcdaxil\u0259si T\u00fcrkiy\u0259nin NATO m\u00fctt\u0259fiql\u0259rinin \u00f6lk\u0259d\u0259ki s\u0259bats\u0131zl\u0131qdan narahatl\u0131\u011f\u0131n\u0131 g\u00fccl\u0259ndirmi\u015fdi. Sabitlik yarada bil\u0259c\u0259k \u201cd\u0259mir \u0259l\u201d xo\u015f qar\u015f\u0131lanacaqd\u0131.\n<\/p>\n<p>\n  B\u00fct\u00fcn bunlara T\u00fcrkiy\u0259 C\u00fcmhuriyy\u0259ti prezidentinin se\u00e7il\u0259 bilm\u0259m\u0259si d\u0259 \u0259lav\u0259 olundu. 1973-c\u00fc ild\u0259n prezident olan Fahri Korut\u00fcrk\u00fcn s\u0259lahiyy\u0259tl\u0259ri 1980-ci ilin aprelind\u0259 ba\u015fa \u00e7at\u0131rd\u0131. Art\u0131q mart\u0131n 25-d\u0259n parlamentd\u0259 (TBMM-in 450 v\u0259 Senat\u0131n 184 \u00fczv\u00fc) yeni prezident se\u00e7m\u0259k \u00fc\u00e7\u00fcn s\u0259sverm\u0259l\u0259r ba\u015flad\u0131. Lakin sentyabr\u0131n 11-\u0259 kimi ba\u015f tutan 124 (!) s\u0259sverm\u0259 n\u0259tic\u0259siz oldu. Son s\u0259sverm\u0259nin ert\u0259si g\u00fcn\u00fc is\u0259 T\u00fcrkiy\u0259 daha bir h\u0259rbi \u00e7evrili\u015f ya\u015fad\u0131.\n<\/p>\n<p>\n  Bud\u0259f\u0259ki \u00e7evrili\u015f 1971-ci il muht\u0131ras\u0131n\u0131 xat\u0131rlatm\u0131rd\u0131. Ba\u015f q\u0259rargah r\u0259isi Kenan Evrenin r\u0259hb\u0259rlik etdiyi, Quru qo\u015funlar, Hava q\u00fcvv\u0259l\u0259ri, H\u0259rbi donanma v\u0259 Jandarmeriya qo\u015funlar\u0131 komandanlar\u0131n\u0131n daxil oldu\u011fu Milli G\u00fcvenlik Konseyi idar\u0259\u00e7iliy\u0259 birba\u015fa \u0259l qoydu. Konstitusiyan\u0131n, parlamentin, siyasi partiyalar\u0131n f\u0259aliyy\u0259ti donduruldu. \u018fsas siyasi partiyalar\u0131n r\u0259hb\u0259rl\u0259ri \u2013 B.Ecevit, S. Demirel, A.T\u00fcrke\u015f, N.Erbakan ev h\u0259bsin\u0259 m\u0259ruz qald\u0131lar.\n<\/p>\n<p>\n  H\u0259rbi xunta art\u0131q oktyabr\u0131n 7-d\u0259 edamlara ba\u015flad\u0131. \u00d6nc\u0259 sol\u00e7u Necdet Adal\u0131, bir ne\u00e7\u0259 saat sonra is\u0259 \u00fclk\u00fc\u00e7\u00fc Mustafa Pehlivano\u011flu as\u0131ld\u0131lar. \u00dcmumiyy\u0259tl\u0259, 1980-1984-c\u00fc ill\u0259rd\u0259 50 n\u0259f\u0259r edam c\u0259zas\u0131na m\u0259ruz qald\u0131 ki, bunlardan 25-i siyasi motivli cinay\u0259tl\u0259rd\u0259 ittiham olunurdular. T\u00fcrkiy\u0259 tarixinin h\u0259l\u0259 ki, son edam\u0131 1984-c\u00fc il oktyabr\u0131n 25-d\u0259 ger\u00e7\u0259kl\u0259\u015fdirildi. \u00dc\u00e7 polisi \u00f6ld\u00fcrm\u0259kd\u0259 t\u0259qsirkar bilin\u0259n sol\u00e7u H\u0131d\u0131r Aslan as\u0131ld\u0131.\n<\/p>\n<p>\n  Evren diktaturas\u0131 c\u0259miyy\u0259tin b\u00fct\u00fcn sah\u0259l\u0259rin\u0259 n\u00fcfuz etdi. Siyasi g\u00f6r\u00fc\u015fl\u0259rin\u0259 g\u00f6r\u0259 minl\u0259rl\u0259 ali m\u0259kt\u0259b m\u00fc\u0259llimi i\u015fd\u0259n \u00e7\u0131xar\u0131ld\u0131. Proses o q\u0259d\u0259r geni\u015f v\u00fcs\u0259t alm\u0131\u015fd\u0131 ki, az qala b\u00fct\u00fcn universitetl\u0259r kadr \u00e7at\u0131\u015fmazl\u0131\u011f\u0131ndan \u0259ziyy\u0259t \u00e7\u0259kirdil\u0259r. H\u0259tta idman bel\u0259 m\u00fcdaxil\u0259siz qalmad\u0131. Konsey r\u0259hb\u0259rinin ist\u0259yi il\u0259 T\u00fcrkiy\u0259 futbolunun y\u00fcks\u0259k liqas\u0131nda paytaxt t\u0259msil\u00e7isinin (Ankarag\u00fcc\u00fc) i\u015ftirak\u0131 zorla t\u0259min edildi.\n<\/p>\n<p>\n  Yeni Konstitusiyan\u0131n q\u0259bul edilm\u0259si \u00fc\u00e7\u00fcn 1982-ci ild\u0259 referendum ke\u00e7irildi. Bir t\u0259r\u0259fd\u0259n xalq\u0131n 70-ci ill\u0259rin toqqu\u015fmalar\u0131ndan bezm\u0259si, dig\u0259r t\u0259r\u0259fd\u0259n t\u0259klif olunan Konstitusiya layih\u0259sinin \u0259leyhin\u0259 t\u0259bli\u011fat\u0131n qada\u011fan olunmas\u0131 \u00fcz\u00fcnd\u0259n se\u00e7icil\u0259rin \u0259zici \u00e7oxlu\u011fu \u2013 91,37%-i lehin\u0259 s\u0259s verdil\u0259r. O d\u00f6vr\u0259 kimi d\u00f6vl\u0259ti Milli G\u00fcv\u0259nlik Konseyinin r\u0259hb\u0259ri kimi idar\u0259 ed\u0259n Kenan Evren d\u0259 Konstitusiyan\u0131n q\u0259bulu il\u0259 avtomatik prezident oldu v\u0259 1989-cu il\u0259 kimi bu v\u0259zif\u0259ni da\u015f\u0131d\u0131.\n<\/p>\n<p>\n  T\u00fcrkiy\u0259d\u0259 1983-c\u00fc ild\u0259 parlament se\u00e7kil\u0259ri ke\u00e7irildi. K\u00f6hn\u0259 partiyalar\u0131n v\u0259 siyas\u0259t\u00e7il\u0259rin i\u015ftirak etm\u0259diyi bu se\u00e7kil\u0259rd\u0259 Turqut \u00d6zal\u0131n Ana V\u0259t\u0259n Partiyas\u0131 (ANAP) qalib g\u0259l\u0259r\u0259k t\u0259kba\u015f\u0131na iqtidar oldu. Yeni Konstitusiyada t\u0259sbit edilmi\u015f v\u0259 d\u00fcnyada analoqu olmayan 10%-lik se\u00e7ki baraj\u0131 da ilk d\u0259f\u0259 bu se\u00e7kil\u0259rd\u0259 t\u0259tbiq edildi. 1987-ci ild\u0259 siyas\u0259t\u00e7il\u0259r \u00fcz\u0259rind\u0259n yasaq g\u00f6t\u00fcr\u00fcld\u00fc. Ecevit, Demirel, T\u00fcrke\u015f, Erbakan siyas\u0259t\u0259 qay\u0131td\u0131lar.\n<\/p>\n<p>\n  H\u0259rb\u00e7il\u0259rin siyasi prosesl\u0259r\u0259 n\u00f6vb\u0259ti m\u00fcdaxil\u0259si d\u0259 m\u0259hz sonuncunun, N.Erbakan\u0131n siyasi f\u0259aliyy\u0259tin\u0259 qar\u015f\u0131 y\u00f6n\u0259ldi. 1987-ci ild\u0259 Erbakan\u0131n r\u0259hb\u0259rliyin\u0259 g\u0259tirildiyi islam\u00e7\u0131 Rifah Partiyas\u0131 1995-ci ilin parlament se\u00e7kil\u0259rind\u0259 21,38% s\u0259sl\u0259 158 deputat mandat\u0131 qazanaraq ilk yeri tutdu. Lakin yaln\u0131z 1996-c\u0131 ilin iyunun 28-d\u0259 Tansu \u00c7illerin r\u0259hb\u0259rlik etdiyi Do\u011fru Yol Partiyas\u0131 il\u0259 koalisyon h\u00f6kum\u0259t qura bildi. Erbakan ba\u015f nazir, \u00c7iller is\u0259 ba\u015f nazir m\u00fcavini v\u0259 xarici i\u015fl\u0259r naziri oldu.\n<\/p>\n<p>\n  1997-ci il fevral\u0131n 28-d\u0259 ba\u015f tutan v\u0259 m\u0259tbuatda h\u0259m d\u0259 \u201cpostmodern darbe\u201d ad\u0131 il\u0259 tan\u0131nan h\u0259rbi m\u00fcdaxil\u0259nin \u0259vv\u0259lkil\u0259rd\u0259n f\u0259rqli olaraq \u00e7e\u015fidli s\u0259b\u0259bl\u0259ri yox idi. H\u0259rb\u00e7il\u0259ri narahat ed\u0259n yegan\u0259 s\u0259b\u0259b \u201cirtica\u201d qiym\u0259ti verdikl\u0259ri din\u00e7i f\u0259aliyy\u0259tin v\u00fcs\u0259t almas\u0131 idi. Ona g\u00f6r\u0259 d\u0259 18 madd\u0259d\u0259n ibar\u0259t 28 fevral \u201ct\u00f6vsiyy\u0259l\u0259ri\u201dnin az qala ham\u0131s\u0131 \u201ca\u015f\u0131r\u0131 din\u00e7i k\u0259sim\u201d\u0259 v\u0259 onlar\u0131n f\u0259aliyy\u0259tin\u0259 qar\u015f\u0131 y\u00f6n\u0259lmi\u015fdi.\n<\/p>\n<p>\n  Erbakan\u0131n xarici siyas\u0259t sah\u0259sind\u0259ki f\u0259aliyy\u0259ti d\u0259 m\u00fcxalif\u0259tin v\u0259 ordunun naraz\u0131l\u0131\u011f\u0131na s\u0259b\u0259b oldu. X\u00fcsus\u0259n Liviya s\u0259f\u0259rind\u0259ki fiasko Erbakana qar\u015f\u0131 etiraz vulkan\u0131 yaratd\u0131. Bel\u0259 ki, Liviya lideri Q\u0259ddafi T\u00fcrkiy\u0259y\u0259 qar\u015f\u0131 bir s\u0131ra ittihamlar ir\u0259li s\u00fcr\u00fcb, m\u00fc\u0259llim \u015fagird\u0259 g\u00f6st\u0259ri\u015f ver\u0259n \u015f\u0259kild\u0259 \u00f6y\u00fcd-n\u0259sih\u0259td\u0259 bulundu. Erbakan is\u0259 bu h\u0259ml\u0259y\u0259 adekvat cavab verm\u0259di.\n<\/p>\n<p>\n  N.Erbakan Milli G\u00fcv\u0259nlik Kurulunun 28 fevral q\u0259rarlar\u0131n\u0131 imzalamaqdan imtina ets\u0259 d\u0259, 12 mart muhtiras\u0131nda oldu\u011fu kimi hakimiyy\u0259t d\u0259rhal d\u0259yi\u015fm\u0259di. Ba\u015f nazir h\u0259l\u0259 bir m\u00fcdd\u0259t m\u00fcqavim\u0259t g\u00f6st\u0259rdi v\u0259 yaln\u0131z iyunun 30-da Refah-Yol h\u00f6kum\u0259ti s\u00fcqut etdi. N\u00f6vb\u0259ti ild\u0259 is\u0259 Refah Partiyas\u0131 qapad\u0131ld\u0131.\n<\/p>\n<p>\n  Lakin siyasi \u0130slam t\u0259r\u0259fdarlar\u0131 10 il sonra revan\u015f g\u00f6t\u00fcrd\u00fcl\u0259r. 2002-ci ilin parlament se\u00e7kil\u0259rind\u0259 Adalet v\u0259 Kalk\u0131nma Partiyas\u0131 s\u0259sl\u0259rin 34,28%-ni qazand\u0131. Lakin 10%-lik se\u00e7ki baraj\u0131n\u0131 yaln\u0131z 2 partiyan\u0131n (ikinci CHP \u2013 19,39%) adlaya bildiyind\u0259n AKP parlamentd\u0259ki 550 yerin 363-n\u0259 sahibl\u0259n\u0259r\u0259k \u0259zici bir \u00e7oxluq \u0259ld\u0259 etdi.\n<\/p>\n<p>\n  2007-ci ild\u0259 is\u0259 parlament T\u00fcrkiy\u0259nin yeni prezidentini se\u00e7m\u0259li idi. \u00d6lk\u0259 qanunlar\u0131na g\u00f6r\u0259, se\u00e7kil\u0259rin ilk 2 turunda parlamentin 2\/3-nin (367) s\u0259sini toplayan namiz\u0259d prezident se\u00e7ilirdi. Bu m\u00fcmk\u00fcn olmazd\u0131sa, sonrak\u0131 turlarda parlamentin yar\u0131s\u0131ndan \u00e7oxunun (276) s\u0259sini almaq yet\u0259rli idi. AKP namiz\u0259di olan Abdullah G\u00fcl\u00fcn se\u00e7ilm\u0259k \u00fc\u00e7\u00fcn b\u00f6y\u00fck \u015fans\u0131 oldu\u011funu anlayan T\u00fcrkiy\u0259 silahl\u0131 q\u00fcvv\u0259l\u0259rinin Ba\u015f q\u0259rargah r\u0259isi, milliyy\u0259tc\u0259 az\u0259rbaycanl\u0131 olan Ya\u015far B\u00f6y\u00fckan\u0131t aprelin 27-d\u0259 qurumun sayt\u0131nda bir m\u00fcraci\u0259t yerl\u0259\u015fdirdi.\n<\/p>\n<p>\n  \u0130nternet \u00fcz\u0259rind\u0259n yay\u0131ld\u0131\u011f\u0131na g\u00f6r\u0259 e-muht\u0131ra ad\u0131n\u0131 alacaq bu s\u0259n\u0259dd\u0259 t\u00fcrk silahl\u0131 q\u00fcvv\u0259l\u0259rinin laikliy\u0259 sadiq olduqlar\u0131, siyasi \u0130slam t\u0259r\u0259fdar\u0131n\u0131n Respublika prezidenti olmas\u0131n\u0131n yolverilm\u0259zliyi vurgulan\u0131rd\u0131. Lakin B\u00f6y\u00fckan\u0131t\u0131n bu demar\u015f\u0131 u\u011fursuz oldu. Ergenekon davas\u0131 s\u0259b\u0259bind\u0259n T\u00fcrkiy\u0259nin h\u0259rbi elitas\u0131 xeyli sars\u0131lm\u0131\u015f v\u0259ziyy\u0259td\u0259 idi. Dig\u0259r t\u0259r\u0259fd\u0259n, AB\u015e v\u0259 Avropa Birliyi T\u00fcrkiy\u0259 h\u00f6kum\u0259tin\u0259 d\u0259st\u0259kl\u0259rini ifad\u0259 etdil\u0259r. Son ill\u0259rd\u0259 dolan\u0131\u015f\u0131\u011f\u0131n\u0131n xeyli yax\u015f\u0131la\u015fd\u0131\u011f\u0131n\u0131 duyan xalq da AKP-d\u0259n m\u0259mnun idi.\n<\/p>\n<p>\n  \u0130yulun 22-d\u0259 n\u00f6vb\u0259d\u0259nk\u0259nar parlament se\u00e7kil\u0259rin\u0259 ged\u0259n AKP bu d\u0259f\u0259 s\u0259sl\u0259rin 46,58%-ni toplad\u0131. Bununla bel\u0259, parlament\u0259 CHP il\u0259 yana\u015f\u0131 MHP-nin d\u0259 d\u00fc\u015fm\u0259si s\u0259b\u0259bind\u0259n partiyan\u0131n deputat yeri 22 \u0259d\u0259d azald\u0131. Lakin xalq\u0131n verdiyi kart-blan\u015f Erdo\u011fana h\u0259rb\u00e7il\u0259rin t\u0259l\u0259bini g\u00f6zard\u0131 etm\u0259y\u0259 imkan verdi. Avqustun 28-d\u0259 se\u00e7kil\u0259rin \u00fc\u00e7\u00fcnc\u00fc turunda 339 s\u0259s toplayan Abdullah G\u00fcl T\u00fcrkiy\u0259nin 11-ci prezidenti se\u00e7ildi.\n<\/p>\n<p>\n  T\u00fcrkiy\u0259d\u0259 sonuncu h\u0259rbi \u00e7evrili\u015f c\u0259hdi is\u0259 bir ne\u00e7\u0259 g\u00fcn \u00f6nc\u0259 ba\u015f verdi. D\u00fc\u015f\u00fcn\u00fcr\u0259m ki, bu hadis\u0259 haqq\u0131nda yazmaq \u00fc\u00e7\u00fcn h\u0259l\u0259 kifay\u0259t q\u0259d\u0259r obyektiv bilgil\u0259r yoxdur. Lakin g\u0259ldiyim q\u0259na\u0259t ondan ibar\u0259tdir ki, h\u0259rbi \u00e7evrili\u015fin qar\u015f\u0131s\u0131 al\u0131nsa da, bunu demokratiyan\u0131n t\u0259nt\u0259n\u0259si kimi qiym\u0259tl\u0259ndirm\u0259k m\u00fcmk\u00fcn olmayacaq. Qon\u015fu \u00f6lk\u0259d\u0259ki prosesl\u0259r bu q\u0259l\u0259b\u0259d\u0259n sui-istifad\u0259 v\u0259 12-ci prezident Erdo\u011fan\u0131n \u015f\u0259xsi diktaturas\u0131n\u0131n yaranmas\u0131na istiqam\u0259t t\u0259siri ba\u011f\u0131\u015flay\u0131r.\n<\/p>\n<p>\n  <b><br \/>\n    Yaz\u0131 m\u00fc\u0259llifin \u015f\u0259xsi m\u00f6vqeyini \u0259ks etdirir. M\u00fc\u0259llifin m\u00f6vqeyi Meydan.Tv-nin m\u00f6vqeyi il\u0259 \u00fcst-\u00fcst\u0259 d\u00fc\u015fm\u0259y\u0259 bil\u0259r.<br \/>\n  <\/b>\n<\/p><\/p>\n","protected":false},"excerpt":{"rendered":"<p>\u0130kinci yaz\u0131<\/p>\n","protected":false},"author":11,"featured_media":64135,"comment_status":"closed","ping_status":"open","sticky":false,"template":"","format":"standard","meta":{"_acf_changed":false,"_sitemap_exclude":false,"_sitemap_priority":"","_sitemap_frequency":"","footnotes":""},"categories":[57],"tags":[],"class_list":["post-177745","post","type-post","status-publish","format-standard","has-post-thumbnail","hentry","category-menim-fikrimce","infinite-scroll-item","generate-columns","tablet-grid-50","mobile-grid-100","grid-parent","grid-33","no-featured-image-padding"],"acf":[],"yoast_head":"<!-- This site is optimized with the Yoast SEO plugin v27.5 - https:\/\/yoast.com\/product\/yoast-seo-wordpress\/ -->\n<title>T\u00fcrkiy\u0259: m\u00fcasir d\u00f6vrd\u0259ki h\u0259rbi \u00e7evrili\u015fl\u0259r - 2 - MEYDAN.TV<\/title>\n<meta name=\"robots\" content=\"index, follow, max-snippet:-1, max-image-preview:large, max-video-preview:-1\" \/>\n<link rel=\"canonical\" href=\"https:\/\/www.meydan.tv\/az\/article\/turkiye-muasir-dovrdeki-herbi-cevrilisler-2\/\" \/>\n<meta property=\"og:locale\" content=\"az_AZ\" \/>\n<meta property=\"og:type\" content=\"article\" \/>\n<meta property=\"og:title\" content=\"T\u00fcrkiy\u0259: m\u00fcasir d\u00f6vrd\u0259ki h\u0259rbi \u00e7evrili\u015fl\u0259r - 2 - MEYDAN.TV\" \/>\n<meta property=\"og:description\" content=\"\u0130kinci yaz\u0131\" \/>\n<meta property=\"og:url\" content=\"https:\/\/www.meydan.tv\/az\/article\/turkiye-muasir-dovrdeki-herbi-cevrilisler-2\/\" \/>\n<meta property=\"og:site_name\" content=\"MEYDAN.TV\" \/>\n<meta property=\"article:published_time\" content=\"2016-07-27T23:59:41+00:00\" \/>\n<meta property=\"og:image\" content=\"https:\/\/www.meydan.tv\/wp-content\/uploads\/24464.jpg\" \/>\n\t<meta property=\"og:image:width\" content=\"500\" \/>\n\t<meta property=\"og:image:height\" content=\"500\" \/>\n\t<meta property=\"og:image:type\" content=\"image\/jpeg\" \/>\n<meta name=\"author\" content=\"user-manager\" \/>\n<meta name=\"twitter:card\" content=\"summary_large_image\" \/>\n<script type=\"application\/ld+json\" class=\"yoast-schema-graph\">{\"@context\":\"https:\\\/\\\/schema.org\",\"@graph\":[{\"@type\":\"Article\",\"@id\":\"https:\\\/\\\/www.meydan.tv\\\/az\\\/article\\\/turkiye-muasir-dovrdeki-herbi-cevrilisler-2\\\/#article\",\"isPartOf\":{\"@id\":\"https:\\\/\\\/www.meydan.tv\\\/az\\\/article\\\/turkiye-muasir-dovrdeki-herbi-cevrilisler-2\\\/\"},\"author\":{\"name\":\"user-manager\",\"@id\":\"https:\\\/\\\/www.meydan.tv\\\/az\\\/#\\\/schema\\\/person\\\/10d11eccf6da3662cf5fdab9806ea91a\"},\"headline\":\"T\u00fcrkiy\u0259: m\u00fcasir d\u00f6vrd\u0259ki h\u0259rbi \u00e7evrili\u015fl\u0259r &#8211; 2\",\"datePublished\":\"2016-07-27T23:59:41+00:00\",\"mainEntityOfPage\":{\"@id\":\"https:\\\/\\\/www.meydan.tv\\\/az\\\/article\\\/turkiye-muasir-dovrdeki-herbi-cevrilisler-2\\\/\"},\"wordCount\":2320,\"publisher\":{\"@id\":\"https:\\\/\\\/www.meydan.tv\\\/az\\\/#organization\"},\"image\":{\"@id\":\"https:\\\/\\\/www.meydan.tv\\\/az\\\/article\\\/turkiye-muasir-dovrdeki-herbi-cevrilisler-2\\\/#primaryimage\"},\"thumbnailUrl\":\"https:\\\/\\\/www.meydan.tv\\\/wp-content\\\/uploads\\\/24464.jpg\",\"articleSection\":[\"M\u0259nim Fikrimc\u0259\"],\"inLanguage\":\"az\"},{\"@type\":\"WebPage\",\"@id\":\"https:\\\/\\\/www.meydan.tv\\\/az\\\/article\\\/turkiye-muasir-dovrdeki-herbi-cevrilisler-2\\\/\",\"url\":\"https:\\\/\\\/www.meydan.tv\\\/az\\\/article\\\/turkiye-muasir-dovrdeki-herbi-cevrilisler-2\\\/\",\"name\":\"T\u00fcrkiy\u0259: m\u00fcasir d\u00f6vrd\u0259ki h\u0259rbi \u00e7evrili\u015fl\u0259r - 2 - MEYDAN.TV\",\"isPartOf\":{\"@id\":\"https:\\\/\\\/www.meydan.tv\\\/az\\\/#website\"},\"primaryImageOfPage\":{\"@id\":\"https:\\\/\\\/www.meydan.tv\\\/az\\\/article\\\/turkiye-muasir-dovrdeki-herbi-cevrilisler-2\\\/#primaryimage\"},\"image\":{\"@id\":\"https:\\\/\\\/www.meydan.tv\\\/az\\\/article\\\/turkiye-muasir-dovrdeki-herbi-cevrilisler-2\\\/#primaryimage\"},\"thumbnailUrl\":\"https:\\\/\\\/www.meydan.tv\\\/wp-content\\\/uploads\\\/24464.jpg\",\"datePublished\":\"2016-07-27T23:59:41+00:00\",\"breadcrumb\":{\"@id\":\"https:\\\/\\\/www.meydan.tv\\\/az\\\/article\\\/turkiye-muasir-dovrdeki-herbi-cevrilisler-2\\\/#breadcrumb\"},\"inLanguage\":\"az\",\"potentialAction\":[{\"@type\":\"ReadAction\",\"target\":[\"https:\\\/\\\/www.meydan.tv\\\/az\\\/article\\\/turkiye-muasir-dovrdeki-herbi-cevrilisler-2\\\/\"]}]},{\"@type\":\"ImageObject\",\"inLanguage\":\"az\",\"@id\":\"https:\\\/\\\/www.meydan.tv\\\/az\\\/article\\\/turkiye-muasir-dovrdeki-herbi-cevrilisler-2\\\/#primaryimage\",\"url\":\"https:\\\/\\\/www.meydan.tv\\\/wp-content\\\/uploads\\\/24464.jpg\",\"contentUrl\":\"https:\\\/\\\/www.meydan.tv\\\/wp-content\\\/uploads\\\/24464.jpg\",\"width\":500,\"height\":500,\"caption\":\"Source:\"},{\"@type\":\"BreadcrumbList\",\"@id\":\"https:\\\/\\\/www.meydan.tv\\\/az\\\/article\\\/turkiye-muasir-dovrdeki-herbi-cevrilisler-2\\\/#breadcrumb\",\"itemListElement\":[{\"@type\":\"ListItem\",\"position\":1,\"name\":\"Ana s\u0259hif\u0259\",\"item\":\"https:\\\/\\\/www.meydan.tv\\\/az\\\/\"},{\"@type\":\"ListItem\",\"position\":2,\"name\":\"M\u0259nim Fikrimc\u0259\",\"item\":\"https:\\\/\\\/www.meydan.tv\\\/az\\\/section\\\/menim-fikrimce\\\/\"},{\"@type\":\"ListItem\",\"position\":3,\"name\":\"T\u00fcrkiy\u0259: m\u00fcasir d\u00f6vrd\u0259ki h\u0259rbi \u00e7evrili\u015fl\u0259r &#8211; 2\"}]},{\"@type\":\"WebSite\",\"@id\":\"https:\\\/\\\/www.meydan.tv\\\/az\\\/#website\",\"url\":\"https:\\\/\\\/www.meydan.tv\\\/az\\\/\",\"name\":\"MEYDAN.TV\",\"description\":\"Meydan TV Az\u0259rbaycan\u0131n media m\u0259kan\u0131ndak\u0131 alternativ s\u0259sidir\",\"publisher\":{\"@id\":\"https:\\\/\\\/www.meydan.tv\\\/az\\\/#organization\"},\"potentialAction\":[{\"@type\":\"SearchAction\",\"target\":{\"@type\":\"EntryPoint\",\"urlTemplate\":\"https:\\\/\\\/www.meydan.tv\\\/az\\\/?s={search_term_string}\"},\"query-input\":{\"@type\":\"PropertyValueSpecification\",\"valueRequired\":true,\"valueName\":\"search_term_string\"}}],\"inLanguage\":\"az\"},{\"@type\":\"Organization\",\"@id\":\"https:\\\/\\\/www.meydan.tv\\\/az\\\/#organization\",\"name\":\"Meydan TV\",\"url\":\"https:\\\/\\\/www.meydan.tv\\\/az\\\/\",\"logo\":{\"@type\":\"ImageObject\",\"inLanguage\":\"az\",\"@id\":\"https:\\\/\\\/www.meydan.tv\\\/az\\\/#\\\/schema\\\/logo\\\/image\\\/\",\"url\":\"https:\\\/\\\/www.meydan.tv\\\/wp-content\\\/uploads\\\/2021\\\/07\\\/meydan-logo.svg\",\"contentUrl\":\"https:\\\/\\\/www.meydan.tv\\\/wp-content\\\/uploads\\\/2021\\\/07\\\/meydan-logo.svg\",\"width\":195,\"height\":46,\"caption\":\"Meydan TV\"},\"image\":{\"@id\":\"https:\\\/\\\/www.meydan.tv\\\/az\\\/#\\\/schema\\\/logo\\\/image\\\/\"}},{\"@type\":\"Person\",\"@id\":\"https:\\\/\\\/www.meydan.tv\\\/az\\\/#\\\/schema\\\/person\\\/10d11eccf6da3662cf5fdab9806ea91a\",\"name\":\"user-manager\"}]}<\/script>\n<!-- \/ Yoast SEO plugin. -->","yoast_head_json":{"title":"T\u00fcrkiy\u0259: m\u00fcasir d\u00f6vrd\u0259ki h\u0259rbi \u00e7evrili\u015fl\u0259r - 2 - MEYDAN.TV","robots":{"index":"index","follow":"follow","max-snippet":"max-snippet:-1","max-image-preview":"max-image-preview:large","max-video-preview":"max-video-preview:-1"},"canonical":"https:\/\/www.meydan.tv\/az\/article\/turkiye-muasir-dovrdeki-herbi-cevrilisler-2\/","og_locale":"az_AZ","og_type":"article","og_title":"T\u00fcrkiy\u0259: m\u00fcasir d\u00f6vrd\u0259ki h\u0259rbi \u00e7evrili\u015fl\u0259r - 2 - MEYDAN.TV","og_description":"\u0130kinci yaz\u0131","og_url":"https:\/\/www.meydan.tv\/az\/article\/turkiye-muasir-dovrdeki-herbi-cevrilisler-2\/","og_site_name":"MEYDAN.TV","article_published_time":"2016-07-27T23:59:41+00:00","og_image":[{"width":500,"height":500,"url":"https:\/\/www.meydan.tv\/wp-content\/uploads\/24464.jpg","type":"image\/jpeg"}],"author":"user-manager","twitter_card":"summary_large_image","schema":{"@context":"https:\/\/schema.org","@graph":[{"@type":"Article","@id":"https:\/\/www.meydan.tv\/az\/article\/turkiye-muasir-dovrdeki-herbi-cevrilisler-2\/#article","isPartOf":{"@id":"https:\/\/www.meydan.tv\/az\/article\/turkiye-muasir-dovrdeki-herbi-cevrilisler-2\/"},"author":{"name":"user-manager","@id":"https:\/\/www.meydan.tv\/az\/#\/schema\/person\/10d11eccf6da3662cf5fdab9806ea91a"},"headline":"T\u00fcrkiy\u0259: m\u00fcasir d\u00f6vrd\u0259ki h\u0259rbi \u00e7evrili\u015fl\u0259r &#8211; 2","datePublished":"2016-07-27T23:59:41+00:00","mainEntityOfPage":{"@id":"https:\/\/www.meydan.tv\/az\/article\/turkiye-muasir-dovrdeki-herbi-cevrilisler-2\/"},"wordCount":2320,"publisher":{"@id":"https:\/\/www.meydan.tv\/az\/#organization"},"image":{"@id":"https:\/\/www.meydan.tv\/az\/article\/turkiye-muasir-dovrdeki-herbi-cevrilisler-2\/#primaryimage"},"thumbnailUrl":"https:\/\/www.meydan.tv\/wp-content\/uploads\/24464.jpg","articleSection":["M\u0259nim Fikrimc\u0259"],"inLanguage":"az"},{"@type":"WebPage","@id":"https:\/\/www.meydan.tv\/az\/article\/turkiye-muasir-dovrdeki-herbi-cevrilisler-2\/","url":"https:\/\/www.meydan.tv\/az\/article\/turkiye-muasir-dovrdeki-herbi-cevrilisler-2\/","name":"T\u00fcrkiy\u0259: m\u00fcasir d\u00f6vrd\u0259ki h\u0259rbi \u00e7evrili\u015fl\u0259r - 2 - MEYDAN.TV","isPartOf":{"@id":"https:\/\/www.meydan.tv\/az\/#website"},"primaryImageOfPage":{"@id":"https:\/\/www.meydan.tv\/az\/article\/turkiye-muasir-dovrdeki-herbi-cevrilisler-2\/#primaryimage"},"image":{"@id":"https:\/\/www.meydan.tv\/az\/article\/turkiye-muasir-dovrdeki-herbi-cevrilisler-2\/#primaryimage"},"thumbnailUrl":"https:\/\/www.meydan.tv\/wp-content\/uploads\/24464.jpg","datePublished":"2016-07-27T23:59:41+00:00","breadcrumb":{"@id":"https:\/\/www.meydan.tv\/az\/article\/turkiye-muasir-dovrdeki-herbi-cevrilisler-2\/#breadcrumb"},"inLanguage":"az","potentialAction":[{"@type":"ReadAction","target":["https:\/\/www.meydan.tv\/az\/article\/turkiye-muasir-dovrdeki-herbi-cevrilisler-2\/"]}]},{"@type":"ImageObject","inLanguage":"az","@id":"https:\/\/www.meydan.tv\/az\/article\/turkiye-muasir-dovrdeki-herbi-cevrilisler-2\/#primaryimage","url":"https:\/\/www.meydan.tv\/wp-content\/uploads\/24464.jpg","contentUrl":"https:\/\/www.meydan.tv\/wp-content\/uploads\/24464.jpg","width":500,"height":500,"caption":"Source:"},{"@type":"BreadcrumbList","@id":"https:\/\/www.meydan.tv\/az\/article\/turkiye-muasir-dovrdeki-herbi-cevrilisler-2\/#breadcrumb","itemListElement":[{"@type":"ListItem","position":1,"name":"Ana s\u0259hif\u0259","item":"https:\/\/www.meydan.tv\/az\/"},{"@type":"ListItem","position":2,"name":"M\u0259nim Fikrimc\u0259","item":"https:\/\/www.meydan.tv\/az\/section\/menim-fikrimce\/"},{"@type":"ListItem","position":3,"name":"T\u00fcrkiy\u0259: m\u00fcasir d\u00f6vrd\u0259ki h\u0259rbi \u00e7evrili\u015fl\u0259r &#8211; 2"}]},{"@type":"WebSite","@id":"https:\/\/www.meydan.tv\/az\/#website","url":"https:\/\/www.meydan.tv\/az\/","name":"MEYDAN.TV","description":"Meydan TV Az\u0259rbaycan\u0131n media m\u0259kan\u0131ndak\u0131 alternativ s\u0259sidir","publisher":{"@id":"https:\/\/www.meydan.tv\/az\/#organization"},"potentialAction":[{"@type":"SearchAction","target":{"@type":"EntryPoint","urlTemplate":"https:\/\/www.meydan.tv\/az\/?s={search_term_string}"},"query-input":{"@type":"PropertyValueSpecification","valueRequired":true,"valueName":"search_term_string"}}],"inLanguage":"az"},{"@type":"Organization","@id":"https:\/\/www.meydan.tv\/az\/#organization","name":"Meydan TV","url":"https:\/\/www.meydan.tv\/az\/","logo":{"@type":"ImageObject","inLanguage":"az","@id":"https:\/\/www.meydan.tv\/az\/#\/schema\/logo\/image\/","url":"https:\/\/www.meydan.tv\/wp-content\/uploads\/2021\/07\/meydan-logo.svg","contentUrl":"https:\/\/www.meydan.tv\/wp-content\/uploads\/2021\/07\/meydan-logo.svg","width":195,"height":46,"caption":"Meydan TV"},"image":{"@id":"https:\/\/www.meydan.tv\/az\/#\/schema\/logo\/image\/"}},{"@type":"Person","@id":"https:\/\/www.meydan.tv\/az\/#\/schema\/person\/10d11eccf6da3662cf5fdab9806ea91a","name":"user-manager"}]}},"_links":{"self":[{"href":"https:\/\/www.meydan.tv\/az\/wp-json\/wp\/v2\/posts\/177745","targetHints":{"allow":["GET"]}}],"collection":[{"href":"https:\/\/www.meydan.tv\/az\/wp-json\/wp\/v2\/posts"}],"about":[{"href":"https:\/\/www.meydan.tv\/az\/wp-json\/wp\/v2\/types\/post"}],"author":[{"embeddable":true,"href":"https:\/\/www.meydan.tv\/az\/wp-json\/wp\/v2\/users\/11"}],"replies":[{"embeddable":true,"href":"https:\/\/www.meydan.tv\/az\/wp-json\/wp\/v2\/comments?post=177745"}],"version-history":[{"count":0,"href":"https:\/\/www.meydan.tv\/az\/wp-json\/wp\/v2\/posts\/177745\/revisions"}],"wp:featuredmedia":[{"embeddable":true,"href":"https:\/\/www.meydan.tv\/az\/wp-json\/wp\/v2\/media\/64135"}],"wp:attachment":[{"href":"https:\/\/www.meydan.tv\/az\/wp-json\/wp\/v2\/media?parent=177745"}],"wp:term":[{"taxonomy":"category","embeddable":true,"href":"https:\/\/www.meydan.tv\/az\/wp-json\/wp\/v2\/categories?post=177745"},{"taxonomy":"post_tag","embeddable":true,"href":"https:\/\/www.meydan.tv\/az\/wp-json\/wp\/v2\/tags?post=177745"}],"curies":[{"name":"wp","href":"https:\/\/api.w.org\/{rel}","templated":true}]}}