{"id":177730,"date":"2016-07-27T16:06:17","date_gmt":"2016-07-27T16:06:17","guid":{"rendered":"https:\/\/www.meydan.tv\/article\/870-min-ailenin-pay-torpagindan-mehrum-edilmesi-gozlenilir\/"},"modified":"2016-07-27T16:06:17","modified_gmt":"2016-07-27T16:06:17","slug":"870-min-ailenin-pay-torpagindan-mehrum-edilmesi-gozlenilir","status":"publish","type":"post","link":"https:\/\/www.meydan.tv\/az\/article\/870-min-ailenin-pay-torpagindan-mehrum-edilmesi-gozlenilir\/","title":{"rendered":"&#8221;870 min ail\u0259nin pay torpa\u011f\u0131ndan m\u0259hrum edilm\u0259si g\u00f6zl\u0259nilir&#8221;"},"content":{"rendered":"<figure class=\"wp-block-image size-large\">\n  <img decoding=\"async\" src=\"https:\/\/www.meydan.tv\/az\/64111\/\" alt=\"\" class=\"wp-image-64111\"\/><figcaption><\/figcaption><\/figure>\n<p>\n  <i><br \/>\n    Vahid M\u0259h\u0259rr\u0259mov: K\u0259ndliy\u0259 ya c\u0259rim\u0259 t\u0259tbiq ed\u0259c\u0259k, ya da torpa\u011f\u0131n\u0131 \u0259lind\u0259n alacaqlar<br \/>\n  <\/i>\n<\/p>\n<p>\n  K\u0259nd t\u0259s\u0259rr\u00fcfat\u0131 \u00fczr\u0259 m\u00fct\u0259x\u0259ssis Vahid M\u0259h\u0259rr\u0259mov hesab edir ki, prezident \u0130lham \u018fliyevin iyulun 18-d\u0259 Konstitusiya M\u0259hk\u0259m\u0259sin\u0259 t\u0259qdim etdiyi &#8220;Referendum Akt\u0131&#8221; layih\u0259sind\u0259 x\u00fcsusi m\u00fclkiyy\u0259tl\u0259 ba\u011fl\u0131 t\u0259klifl\u0259r Az\u0259rbaycan k\u0259ndlisin\u0259 ciddi probleml\u0259r yaradacaq.\n<\/p>\n<p>\n  O, bu bar\u0259d\u0259 Meydan Tv-nin \u0259m\u0259kda\u015f\u0131yla s\u00f6hb\u0259tind\u0259 deyib.\n<\/p>\n<p>\n  Vahid M\u0259h\u0259rr\u0259mov bildirib ki, prezident \u018fliyevin t\u0259klifind\u0259 iki madd\u0259d\u0259 d\u0259yi\u015fiklik n\u0259z\u0259rd\u0259 tutulub:&#8221;Birinci, x\u00fcsusi m\u00fclkiyy\u0259tin sosial \u00f6hd\u0259likl\u0259r\u0259 s\u0259b\u0259b oldu\u011fu qeyd olunub. D\u00fczd\u00fcr, h\u00fcquq\u015f\u00fcnaslar \u00fc\u00e7\u00fcn anla\u015f\u0131lmaz olsa da, bir m\u0259qam var, bu, ondan ibar\u0259tdir ki, d\u0259yi\u015fiklikl\u0259r ger\u00e7\u0259kl\u0259\u015fs\u0259, h\u00f6kum\u0259t d\u00f6vl\u0259t t\u0259r\u0259find\u0259n pay verilmi\u015f torpa\u011f\u0131n sosial t\u0259yinatl\u0131 oldu\u011funu iddia ed\u0259c\u0259k. Ona g\u00f6r\u0259 ki, \u0259rzaq t\u0259minat\u0131nda torpaq \u0259sas vasit\u0259l\u0259rd\u0259n biridir. D\u00f6vl\u0259t d\u0259 torpa\u011f\u0131 k\u0259ndliy\u0259 istehsalla m\u0259\u015f\u011ful olmaq \u00fc\u00e7\u00fcn pay verib v\u0259 istehsal etdiyi m\u0259hsul sosial t\u0259yinatl\u0131 hesab oluna bil\u0259r. Y\u0259ni k\u0259ndli istehsal etdiyi m\u0259hsulu d\u00f6vl\u0259tin yaratd\u0131\u011f\u0131 t\u0259dar\u00fck t\u0259\u015fkilat\u0131na h\u00f6kum\u0259tin m\u00fc\u0259yy\u0259n etdiyi qiym\u0259t diapazonunda t\u0259klif edir. Bel\u0259 olmad\u0131\u011f\u0131 halda h\u00f6kum\u0259t m\u0259s\u0259l\u0259ni qanunil\u0259\u015fdirdikd\u0259n sonra aqrar sah\u0259y\u0259 m\u0259sul olan orqanlar k\u0259ndlini sosial \u0259dal\u0259ti pozmaqda v\u0259 h\u0259tta onu m\u00fc\u0259yy\u0259n etdiyi qiym\u0259t\u0259 g\u00f6r\u0259 d\u0259 ittiham ed\u0259c\u0259k. Bununla da k\u0259ndliy\u0259 qanuni formada t\u0259zyiql\u0259r edil\u0259c\u0259k. T\u0259zyiql\u0259r\u0259 g\u0259linc\u0259, h\u00f6kum\u0259t k\u0259ndli \u00fc\u00e7\u00fcn m\u0259hsuldarl\u0131\u011f\u0131 hans\u0131 s\u0259viyy\u0259y\u0259 qald\u0131rma\u011f\u0131 da m\u00fc\u0259yy\u0259n ed\u0259c\u0259k. Kims\u0259 1 hektardan 1 ton tax\u0131l g\u00f6t\u00fcr\u00fcrs\u0259, ona hektardan 5 ton m\u0259hsul g\u00f6t\u00fcr\u0259n k\u0259ndlini n\u00fcmun\u0259 g\u0259tirib, torpaqdan s\u0259m\u0259r\u0259siz istifad\u0259 etdiyini \u0259sas g\u0259tir\u0259c\u0259kl\u0259r.\n<\/p>\n<p>\n  Dig\u0259r t\u0259r\u0259fd\u0259n, k\u0259ndliy\u0259 istehsal etdiyi m\u0259hsulun maya d\u0259y\u0259ri baha ba\u015fa g\u0259ls\u0259 d\u0259, ona s\u0259rf ed\u0259n qiym\u0259t\u0259 sat\u0131\u015f\u0131na imkan verm\u0259y\u0259c\u0259kl\u0259r. Misal \u00fc\u00e7\u00fcn k\u0259ndli istehsal etdiyi kartofun 1 kiloqram\u0131n\u0131 8 q\u0259pikd\u0259n t\u0259dar\u00fck\u00e7\u00fcy\u0259 satmal\u0131d\u0131r. K\u0259ndli m\u0259hsuldarl\u0131\u011f\u0131n az oldu\u011funu \u0259sas g\u0259tirib qiym\u0259tin ona s\u0259rf etm\u0259diyini dey\u0259 bilm\u0259z. Bel\u0259 olan halda, ona torpaqdan s\u0259m\u0259r\u0259siz istifad\u0259 etdiyini, \u0259sas g\u0259tirib c\u0259rim\u0259 t\u0259tbiq ed\u0259c\u0259kl\u0259r v\u0259 yaxud torpa\u011f\u0131n\u0131 \u0259lind\u0259n alacaqlar, ona sosial \u00f6hd\u0259liyini xat\u0131rladacaqlar. Qiym\u0259tl\u0259 raz\u0131la\u015fmayanda, \u201csosial \u0259dal\u0259ti \u201cpozan k\u0259ndlini m\u00fclkiyy\u0259t h\u00fcququndan m\u0259hrum ed\u0259 bil\u0259rl\u0259r&#8221;.\n<\/p>\n<p>\n  D\u00f6vl\u0259tin sosial \u00f6hd\u0259liyini xat\u0131rladan V. M\u0259h\u0259rr\u0259mli bildirib ki, Az\u0259rbaycan h\u00f6kum\u0259ti \u00fcz\u0259rin\u0259 d\u00fc\u015f\u0259n sosial \u00f6hd\u0259liyi yerin\u0259 yetir\u0259 bilmir, ona g\u00f6r\u0259 d\u0259 \u00f6hd\u0259liyin bir hiss\u0259sini x\u00fcsusi m\u00fclkiyy\u0259tin \u00fcz\u0259rin\u0259 qoymaq ist\u0259yir.\n<\/p>\n<p>\n  V. M\u0259h\u0259rr\u0259mov hesab edir ki, k\u0259ndliy\u0259 olan t\u0259zyiql\u0259r n\u0259tic\u0259sind\u0259 torpaqlar m\u00fc\u0259yy\u0259n adamlar\u0131n, oliqarx-m\u0259murlar\u0131n \u0259lind\u0259 c\u0259ml\u0259\u015f\u0259c\u0259k: &#8220;Problem ondad\u0131r ki, h\u00f6kum\u0259t bazar iqtisadiyyat\u0131na uy\u011fun h\u0259r\u0259k\u0259t ed\u0259 bilmir v\u0259 yeni t\u0259s\u0259rr\u00fcfat sistemini yaratma\u011f\u0131 bacarm\u0131r. Bel\u0259 olan halda k\u0259ndliy\u0259 t\u0259zyiq edib ist\u0259dikl\u0259rini almaq ist\u0259yirl\u0259r. Bununla da sahibkarlar\u0131n v\u0259 k\u0259ndlil\u0259rin m\u00fclkiyy\u0259t h\u00fcququnu m\u0259hdudla\u015fd\u0131racaqlar&#8221;.<br \/>\n  <br \/>\n  Ekspert hesab edir ki, m\u0259mur oliqarxiyas\u0131 yeni d\u00fcz\u0259li\u015fl\u0259rl\u0259 k\u0259ndd\u0259 ya\u015fayan \u0259halini \u00f6z torpaqlar\u0131nda qul kimi i\u015fl\u0259tm\u0259k m\u0259qs\u0259di g\u00fcd\u00fcr: &#8220;Art\u0131q k\u0259ndlil\u0259r sahibkar yox, m\u0259murlar\u0131n t\u0259s\u0259rr\u00fcfat\u0131nda f\u0259hl\u0259 kimi i\u015fl\u0259y\u0259c\u0259kl\u0259r. X\u00fcsusi m\u00fclkiyy\u0259t bu formada olacaq, k\u0259ndlil\u0259r ki\u00e7ik torpaq sah\u0259l\u0259rind\u0259n m\u0259hrum edil\u0259c\u0259k, onlar oliqarxlar\u0131n t\u0259s\u0259rr\u00fcfat\u0131nda c\u00fczi \u0259m\u0259khaqq\u0131yla adi i\u015f\u00e7i kimi i\u015fl\u0259y\u0259c\u0259k. Bu gedi\u015fl\u0259, 870 min ail\u0259nin pay torpa\u011f\u0131ndan m\u0259hrum edilm\u0259si g\u00f6zl\u0259nilir&#8221;.\n<\/p>\n<p>\n  \u0130lham \u018fliyevin iyulun 18-d\u0259 t\u0259klif etdiyi \u201cAz\u0259rbaycan Respublikas\u0131n\u0131n Konstitusiyas\u0131nda d\u0259yi\u015fiklikl\u0259r edilm\u0259si haqq\u0131nda\u201d Referendum Akt\u0131 layih\u0259sind\u0259 qeyd olunur ki, x\u00fcsusi m\u00fclkiyy\u0259t sosial \u00f6hd\u0259likl\u0259r\u0259 s\u0259b\u0259b olur. Sosial \u0259dal\u0259t v\u0259 torpaqlardan s\u0259m\u0259r\u0259li istifad\u0259 m\u0259qs\u0259di il\u0259 torpaq \u00fcz\u0259rind\u0259 m\u00fclkiyy\u0259t h\u00fcququ qanunla m\u0259hdudla\u015fd\u0131r\u0131la bil\u0259r.\n<\/p>\n<p>\n  Referendum Akt\u0131 sentyabr\u0131n 26-da \u00fcmumxalq s\u0259sverm\u0259sin\u0259 \u00e7\u0131xar\u0131lacaq.\n<\/p><\/p>\n","protected":false},"excerpt":{"rendered":"<p>Vahid M\u0259h\u0259rr\u0259mov: K\u0259ndliy\u0259 ya c\u0259rim\u0259 t\u0259tbiq ed\u0259c\u0259k, ya da torpa\u011f\u0131n\u0131 \u0259lind\u0259n alacaqlar<\/p>\n","protected":false},"author":11,"featured_media":64111,"comment_status":"closed","ping_status":"open","sticky":false,"template":"","format":"standard","meta":{"_acf_changed":false,"_sitemap_exclude":false,"_sitemap_priority":"","_sitemap_frequency":"","footnotes":""},"categories":[51],"tags":[],"class_list":["post-177730","post","type-post","status-publish","format-standard","has-post-thumbnail","hentry","category-analitika","infinite-scroll-item","generate-columns","tablet-grid-50","mobile-grid-100","grid-parent","grid-33","no-featured-image-padding"],"acf":[],"yoast_head":"<!-- This site is optimized with the Yoast SEO plugin v27.5 - https:\/\/yoast.com\/product\/yoast-seo-wordpress\/ -->\n<title>&#039;&#039;870 min ail\u0259nin pay torpa\u011f\u0131ndan m\u0259hrum edilm\u0259si g\u00f6zl\u0259nilir&#039;&#039; - MEYDAN.TV<\/title>\n<meta name=\"robots\" content=\"index, follow, max-snippet:-1, max-image-preview:large, max-video-preview:-1\" \/>\n<link rel=\"canonical\" href=\"https:\/\/www.meydan.tv\/az\/article\/870-min-ailenin-pay-torpagindan-mehrum-edilmesi-gozlenilir\/\" \/>\n<meta property=\"og:locale\" content=\"az_AZ\" \/>\n<meta property=\"og:type\" content=\"article\" \/>\n<meta property=\"og:title\" content=\"&#039;&#039;870 min ail\u0259nin pay torpa\u011f\u0131ndan m\u0259hrum edilm\u0259si g\u00f6zl\u0259nilir&#039;&#039; - MEYDAN.TV\" \/>\n<meta property=\"og:description\" content=\"Vahid M\u0259h\u0259rr\u0259mov: K\u0259ndliy\u0259 ya c\u0259rim\u0259 t\u0259tbiq ed\u0259c\u0259k, ya da torpa\u011f\u0131n\u0131 \u0259lind\u0259n alacaqlar\" \/>\n<meta property=\"og:url\" content=\"https:\/\/www.meydan.tv\/az\/article\/870-min-ailenin-pay-torpagindan-mehrum-edilmesi-gozlenilir\/\" \/>\n<meta property=\"og:site_name\" content=\"MEYDAN.TV\" \/>\n<meta property=\"article:published_time\" content=\"2016-07-27T16:06:17+00:00\" \/>\n<meta property=\"og:image\" content=\"https:\/\/www.meydan.tv\/wp-content\/uploads\/24452.jpg\" \/>\n\t<meta property=\"og:image:width\" content=\"768\" \/>\n\t<meta property=\"og:image:height\" content=\"432\" \/>\n\t<meta property=\"og:image:type\" content=\"image\/jpeg\" \/>\n<meta name=\"author\" content=\"user-manager\" \/>\n<meta name=\"twitter:card\" content=\"summary_large_image\" \/>\n<script type=\"application\/ld+json\" class=\"yoast-schema-graph\">{\"@context\":\"https:\\\/\\\/schema.org\",\"@graph\":[{\"@type\":\"Article\",\"@id\":\"https:\\\/\\\/www.meydan.tv\\\/az\\\/article\\\/870-min-ailenin-pay-torpagindan-mehrum-edilmesi-gozlenilir\\\/#article\",\"isPartOf\":{\"@id\":\"https:\\\/\\\/www.meydan.tv\\\/az\\\/article\\\/870-min-ailenin-pay-torpagindan-mehrum-edilmesi-gozlenilir\\\/\"},\"author\":{\"name\":\"user-manager\",\"@id\":\"https:\\\/\\\/www.meydan.tv\\\/az\\\/#\\\/schema\\\/person\\\/10d11eccf6da3662cf5fdab9806ea91a\"},\"headline\":\"&#8221;870 min ail\u0259nin pay torpa\u011f\u0131ndan m\u0259hrum edilm\u0259si g\u00f6zl\u0259nilir&#8221;\",\"datePublished\":\"2016-07-27T16:06:17+00:00\",\"mainEntityOfPage\":{\"@id\":\"https:\\\/\\\/www.meydan.tv\\\/az\\\/article\\\/870-min-ailenin-pay-torpagindan-mehrum-edilmesi-gozlenilir\\\/\"},\"wordCount\":856,\"publisher\":{\"@id\":\"https:\\\/\\\/www.meydan.tv\\\/az\\\/#organization\"},\"image\":{\"@id\":\"https:\\\/\\\/www.meydan.tv\\\/az\\\/article\\\/870-min-ailenin-pay-torpagindan-mehrum-edilmesi-gozlenilir\\\/#primaryimage\"},\"thumbnailUrl\":\"https:\\\/\\\/www.meydan.tv\\\/wp-content\\\/uploads\\\/24452.jpg\",\"articleSection\":[\"Analitika\"],\"inLanguage\":\"az\"},{\"@type\":\"WebPage\",\"@id\":\"https:\\\/\\\/www.meydan.tv\\\/az\\\/article\\\/870-min-ailenin-pay-torpagindan-mehrum-edilmesi-gozlenilir\\\/\",\"url\":\"https:\\\/\\\/www.meydan.tv\\\/az\\\/article\\\/870-min-ailenin-pay-torpagindan-mehrum-edilmesi-gozlenilir\\\/\",\"name\":\"''870 min ail\u0259nin pay torpa\u011f\u0131ndan m\u0259hrum edilm\u0259si g\u00f6zl\u0259nilir'' - MEYDAN.TV\",\"isPartOf\":{\"@id\":\"https:\\\/\\\/www.meydan.tv\\\/az\\\/#website\"},\"primaryImageOfPage\":{\"@id\":\"https:\\\/\\\/www.meydan.tv\\\/az\\\/article\\\/870-min-ailenin-pay-torpagindan-mehrum-edilmesi-gozlenilir\\\/#primaryimage\"},\"image\":{\"@id\":\"https:\\\/\\\/www.meydan.tv\\\/az\\\/article\\\/870-min-ailenin-pay-torpagindan-mehrum-edilmesi-gozlenilir\\\/#primaryimage\"},\"thumbnailUrl\":\"https:\\\/\\\/www.meydan.tv\\\/wp-content\\\/uploads\\\/24452.jpg\",\"datePublished\":\"2016-07-27T16:06:17+00:00\",\"breadcrumb\":{\"@id\":\"https:\\\/\\\/www.meydan.tv\\\/az\\\/article\\\/870-min-ailenin-pay-torpagindan-mehrum-edilmesi-gozlenilir\\\/#breadcrumb\"},\"inLanguage\":\"az\",\"potentialAction\":[{\"@type\":\"ReadAction\",\"target\":[\"https:\\\/\\\/www.meydan.tv\\\/az\\\/article\\\/870-min-ailenin-pay-torpagindan-mehrum-edilmesi-gozlenilir\\\/\"]}]},{\"@type\":\"ImageObject\",\"inLanguage\":\"az\",\"@id\":\"https:\\\/\\\/www.meydan.tv\\\/az\\\/article\\\/870-min-ailenin-pay-torpagindan-mehrum-edilmesi-gozlenilir\\\/#primaryimage\",\"url\":\"https:\\\/\\\/www.meydan.tv\\\/wp-content\\\/uploads\\\/24452.jpg\",\"contentUrl\":\"https:\\\/\\\/www.meydan.tv\\\/wp-content\\\/uploads\\\/24452.jpg\",\"width\":768,\"height\":432,\"caption\":\"Source:\"},{\"@type\":\"BreadcrumbList\",\"@id\":\"https:\\\/\\\/www.meydan.tv\\\/az\\\/article\\\/870-min-ailenin-pay-torpagindan-mehrum-edilmesi-gozlenilir\\\/#breadcrumb\",\"itemListElement\":[{\"@type\":\"ListItem\",\"position\":1,\"name\":\"Ana s\u0259hif\u0259\",\"item\":\"https:\\\/\\\/www.meydan.tv\\\/az\\\/\"},{\"@type\":\"ListItem\",\"position\":2,\"name\":\"Analitika\",\"item\":\"https:\\\/\\\/www.meydan.tv\\\/az\\\/section\\\/analitika\\\/\"},{\"@type\":\"ListItem\",\"position\":3,\"name\":\"&#8221;870 min ail\u0259nin pay torpa\u011f\u0131ndan m\u0259hrum edilm\u0259si g\u00f6zl\u0259nilir&#8221;\"}]},{\"@type\":\"WebSite\",\"@id\":\"https:\\\/\\\/www.meydan.tv\\\/az\\\/#website\",\"url\":\"https:\\\/\\\/www.meydan.tv\\\/az\\\/\",\"name\":\"MEYDAN.TV\",\"description\":\"Meydan TV Az\u0259rbaycan\u0131n media m\u0259kan\u0131ndak\u0131 alternativ s\u0259sidir\",\"publisher\":{\"@id\":\"https:\\\/\\\/www.meydan.tv\\\/az\\\/#organization\"},\"potentialAction\":[{\"@type\":\"SearchAction\",\"target\":{\"@type\":\"EntryPoint\",\"urlTemplate\":\"https:\\\/\\\/www.meydan.tv\\\/az\\\/?s={search_term_string}\"},\"query-input\":{\"@type\":\"PropertyValueSpecification\",\"valueRequired\":true,\"valueName\":\"search_term_string\"}}],\"inLanguage\":\"az\"},{\"@type\":\"Organization\",\"@id\":\"https:\\\/\\\/www.meydan.tv\\\/az\\\/#organization\",\"name\":\"Meydan TV\",\"url\":\"https:\\\/\\\/www.meydan.tv\\\/az\\\/\",\"logo\":{\"@type\":\"ImageObject\",\"inLanguage\":\"az\",\"@id\":\"https:\\\/\\\/www.meydan.tv\\\/az\\\/#\\\/schema\\\/logo\\\/image\\\/\",\"url\":\"https:\\\/\\\/www.meydan.tv\\\/wp-content\\\/uploads\\\/2021\\\/07\\\/meydan-logo.svg\",\"contentUrl\":\"https:\\\/\\\/www.meydan.tv\\\/wp-content\\\/uploads\\\/2021\\\/07\\\/meydan-logo.svg\",\"width\":195,\"height\":46,\"caption\":\"Meydan TV\"},\"image\":{\"@id\":\"https:\\\/\\\/www.meydan.tv\\\/az\\\/#\\\/schema\\\/logo\\\/image\\\/\"}},{\"@type\":\"Person\",\"@id\":\"https:\\\/\\\/www.meydan.tv\\\/az\\\/#\\\/schema\\\/person\\\/10d11eccf6da3662cf5fdab9806ea91a\",\"name\":\"user-manager\"}]}<\/script>\n<!-- \/ Yoast SEO plugin. -->","yoast_head_json":{"title":"''870 min ail\u0259nin pay torpa\u011f\u0131ndan m\u0259hrum edilm\u0259si g\u00f6zl\u0259nilir'' - MEYDAN.TV","robots":{"index":"index","follow":"follow","max-snippet":"max-snippet:-1","max-image-preview":"max-image-preview:large","max-video-preview":"max-video-preview:-1"},"canonical":"https:\/\/www.meydan.tv\/az\/article\/870-min-ailenin-pay-torpagindan-mehrum-edilmesi-gozlenilir\/","og_locale":"az_AZ","og_type":"article","og_title":"''870 min ail\u0259nin pay torpa\u011f\u0131ndan m\u0259hrum edilm\u0259si g\u00f6zl\u0259nilir'' - MEYDAN.TV","og_description":"Vahid M\u0259h\u0259rr\u0259mov: K\u0259ndliy\u0259 ya c\u0259rim\u0259 t\u0259tbiq ed\u0259c\u0259k, ya da torpa\u011f\u0131n\u0131 \u0259lind\u0259n alacaqlar","og_url":"https:\/\/www.meydan.tv\/az\/article\/870-min-ailenin-pay-torpagindan-mehrum-edilmesi-gozlenilir\/","og_site_name":"MEYDAN.TV","article_published_time":"2016-07-27T16:06:17+00:00","og_image":[{"width":768,"height":432,"url":"https:\/\/www.meydan.tv\/wp-content\/uploads\/24452.jpg","type":"image\/jpeg"}],"author":"user-manager","twitter_card":"summary_large_image","schema":{"@context":"https:\/\/schema.org","@graph":[{"@type":"Article","@id":"https:\/\/www.meydan.tv\/az\/article\/870-min-ailenin-pay-torpagindan-mehrum-edilmesi-gozlenilir\/#article","isPartOf":{"@id":"https:\/\/www.meydan.tv\/az\/article\/870-min-ailenin-pay-torpagindan-mehrum-edilmesi-gozlenilir\/"},"author":{"name":"user-manager","@id":"https:\/\/www.meydan.tv\/az\/#\/schema\/person\/10d11eccf6da3662cf5fdab9806ea91a"},"headline":"&#8221;870 min ail\u0259nin pay torpa\u011f\u0131ndan m\u0259hrum edilm\u0259si g\u00f6zl\u0259nilir&#8221;","datePublished":"2016-07-27T16:06:17+00:00","mainEntityOfPage":{"@id":"https:\/\/www.meydan.tv\/az\/article\/870-min-ailenin-pay-torpagindan-mehrum-edilmesi-gozlenilir\/"},"wordCount":856,"publisher":{"@id":"https:\/\/www.meydan.tv\/az\/#organization"},"image":{"@id":"https:\/\/www.meydan.tv\/az\/article\/870-min-ailenin-pay-torpagindan-mehrum-edilmesi-gozlenilir\/#primaryimage"},"thumbnailUrl":"https:\/\/www.meydan.tv\/wp-content\/uploads\/24452.jpg","articleSection":["Analitika"],"inLanguage":"az"},{"@type":"WebPage","@id":"https:\/\/www.meydan.tv\/az\/article\/870-min-ailenin-pay-torpagindan-mehrum-edilmesi-gozlenilir\/","url":"https:\/\/www.meydan.tv\/az\/article\/870-min-ailenin-pay-torpagindan-mehrum-edilmesi-gozlenilir\/","name":"''870 min ail\u0259nin pay torpa\u011f\u0131ndan m\u0259hrum edilm\u0259si g\u00f6zl\u0259nilir'' - MEYDAN.TV","isPartOf":{"@id":"https:\/\/www.meydan.tv\/az\/#website"},"primaryImageOfPage":{"@id":"https:\/\/www.meydan.tv\/az\/article\/870-min-ailenin-pay-torpagindan-mehrum-edilmesi-gozlenilir\/#primaryimage"},"image":{"@id":"https:\/\/www.meydan.tv\/az\/article\/870-min-ailenin-pay-torpagindan-mehrum-edilmesi-gozlenilir\/#primaryimage"},"thumbnailUrl":"https:\/\/www.meydan.tv\/wp-content\/uploads\/24452.jpg","datePublished":"2016-07-27T16:06:17+00:00","breadcrumb":{"@id":"https:\/\/www.meydan.tv\/az\/article\/870-min-ailenin-pay-torpagindan-mehrum-edilmesi-gozlenilir\/#breadcrumb"},"inLanguage":"az","potentialAction":[{"@type":"ReadAction","target":["https:\/\/www.meydan.tv\/az\/article\/870-min-ailenin-pay-torpagindan-mehrum-edilmesi-gozlenilir\/"]}]},{"@type":"ImageObject","inLanguage":"az","@id":"https:\/\/www.meydan.tv\/az\/article\/870-min-ailenin-pay-torpagindan-mehrum-edilmesi-gozlenilir\/#primaryimage","url":"https:\/\/www.meydan.tv\/wp-content\/uploads\/24452.jpg","contentUrl":"https:\/\/www.meydan.tv\/wp-content\/uploads\/24452.jpg","width":768,"height":432,"caption":"Source:"},{"@type":"BreadcrumbList","@id":"https:\/\/www.meydan.tv\/az\/article\/870-min-ailenin-pay-torpagindan-mehrum-edilmesi-gozlenilir\/#breadcrumb","itemListElement":[{"@type":"ListItem","position":1,"name":"Ana s\u0259hif\u0259","item":"https:\/\/www.meydan.tv\/az\/"},{"@type":"ListItem","position":2,"name":"Analitika","item":"https:\/\/www.meydan.tv\/az\/section\/analitika\/"},{"@type":"ListItem","position":3,"name":"&#8221;870 min ail\u0259nin pay torpa\u011f\u0131ndan m\u0259hrum edilm\u0259si g\u00f6zl\u0259nilir&#8221;"}]},{"@type":"WebSite","@id":"https:\/\/www.meydan.tv\/az\/#website","url":"https:\/\/www.meydan.tv\/az\/","name":"MEYDAN.TV","description":"Meydan TV Az\u0259rbaycan\u0131n media m\u0259kan\u0131ndak\u0131 alternativ s\u0259sidir","publisher":{"@id":"https:\/\/www.meydan.tv\/az\/#organization"},"potentialAction":[{"@type":"SearchAction","target":{"@type":"EntryPoint","urlTemplate":"https:\/\/www.meydan.tv\/az\/?s={search_term_string}"},"query-input":{"@type":"PropertyValueSpecification","valueRequired":true,"valueName":"search_term_string"}}],"inLanguage":"az"},{"@type":"Organization","@id":"https:\/\/www.meydan.tv\/az\/#organization","name":"Meydan TV","url":"https:\/\/www.meydan.tv\/az\/","logo":{"@type":"ImageObject","inLanguage":"az","@id":"https:\/\/www.meydan.tv\/az\/#\/schema\/logo\/image\/","url":"https:\/\/www.meydan.tv\/wp-content\/uploads\/2021\/07\/meydan-logo.svg","contentUrl":"https:\/\/www.meydan.tv\/wp-content\/uploads\/2021\/07\/meydan-logo.svg","width":195,"height":46,"caption":"Meydan TV"},"image":{"@id":"https:\/\/www.meydan.tv\/az\/#\/schema\/logo\/image\/"}},{"@type":"Person","@id":"https:\/\/www.meydan.tv\/az\/#\/schema\/person\/10d11eccf6da3662cf5fdab9806ea91a","name":"user-manager"}]}},"_links":{"self":[{"href":"https:\/\/www.meydan.tv\/az\/wp-json\/wp\/v2\/posts\/177730","targetHints":{"allow":["GET"]}}],"collection":[{"href":"https:\/\/www.meydan.tv\/az\/wp-json\/wp\/v2\/posts"}],"about":[{"href":"https:\/\/www.meydan.tv\/az\/wp-json\/wp\/v2\/types\/post"}],"author":[{"embeddable":true,"href":"https:\/\/www.meydan.tv\/az\/wp-json\/wp\/v2\/users\/11"}],"replies":[{"embeddable":true,"href":"https:\/\/www.meydan.tv\/az\/wp-json\/wp\/v2\/comments?post=177730"}],"version-history":[{"count":0,"href":"https:\/\/www.meydan.tv\/az\/wp-json\/wp\/v2\/posts\/177730\/revisions"}],"wp:featuredmedia":[{"embeddable":true,"href":"https:\/\/www.meydan.tv\/az\/wp-json\/wp\/v2\/media\/64111"}],"wp:attachment":[{"href":"https:\/\/www.meydan.tv\/az\/wp-json\/wp\/v2\/media?parent=177730"}],"wp:term":[{"taxonomy":"category","embeddable":true,"href":"https:\/\/www.meydan.tv\/az\/wp-json\/wp\/v2\/categories?post=177730"},{"taxonomy":"post_tag","embeddable":true,"href":"https:\/\/www.meydan.tv\/az\/wp-json\/wp\/v2\/tags?post=177730"}],"curies":[{"name":"wp","href":"https:\/\/api.w.org\/{rel}","templated":true}]}}