{"id":177713,"date":"2016-07-27T02:23:22","date_gmt":"2016-07-27T02:23:22","guid":{"rendered":"https:\/\/www.meydan.tv\/article\/sene-lazimdir\/"},"modified":"2016-07-27T02:23:22","modified_gmt":"2016-07-27T02:23:22","slug":"sene-lazimdir","status":"publish","type":"post","link":"https:\/\/www.meydan.tv\/az\/article\/sene-lazimdir\/","title":{"rendered":"S\u0259n\u0259 laz\u0131md\u0131r?"},"content":{"rendered":"<figure class=\"wp-block-image size-large\">\n  <img decoding=\"async\" src=\"https:\/\/www.meydan.tv\/az\/63727\/\" alt=\"\" class=\"wp-image-63727\"\/><figcaption><\/figcaption><\/figure>\n<figure class=\"wp-block-image size-large\">\n  <img decoding=\"async\" src=\"https:\/\/www.meydan.tv\/az\/63730\/\" alt=\"\" class=\"wp-image-63730\"\/><figcaption><\/figcaption><\/figure>\n<p>\n  Bu yax\u0131nlarda, dostlarla Az\u0259rbaycandak\u0131 v\u0259ziyy\u0259ti m\u00fczakir\u0259 edirdik. Yen\u0259 ba\u015f ver\u0259nl\u0259r\u0259 q\u0259z\u0259bl\u0259nir, ittiham edir, k\u0259d\u0259rl\u0259nir, bir s\u00f6zl\u0259, ham\u0131m\u0131za m\u0259lum olan hiss v\u0259 d\u00fc\u015f\u00fcnc\u0259l\u0259r ke\u00e7irirdik. Sonra s\u00f6hb\u0259t m\u00f6vcud v\u0259ziyy\u0259tl\u0259 bar\u0131\u015fmay\u0131b, m\u00fcbariz\u0259 aparan bir ovuc insan haqq\u0131nda oldu. Dostlardan biri onlar\u0131n m\u00fcbariz\u0259 aparmas\u0131na heyr\u0259tl\u0259ndiyini, onlar\u0131n motivl\u0259rinin \u0259slind\u0259 ona tam ayd\u0131n olmad\u0131\u011f\u0131n\u0131 dedi.\n<\/p>\n<p>\n  Q\u0259fil ortaya sual atd\u0131: Ax\u0131, onlar\u0131 bu m\u00fcbariz\u0259y\u0259 vadar ed\u0259n n\u0259dir?\n<\/p>\n<p>\n  Suala cavab kimi m\u0259n, ham\u0131m\u0131z\u0131n yax\u015f\u0131 bildiyi arqumentl\u0259ri (korrupsiya, demokratiya, insan haqlar\u0131,yax\u015f\u0131 ya\u015fay\u0131\u015f arzusu v\u0259s.) sadalad\u0131m v\u0259 motivimi rasional s\u0259b\u0259bl\u0259rl\u0259 izah etdim. Q\u0131sa deyim ki, \u00e7ox uzatd\u0131m. Dedikc\u0259 d\u0259 anlay\u0131rd\u0131m ki, bu arqumentl\u0259rd\u0259 ruh yoxdur, n\u0259s\u0259 \u00e7atm\u0131r.\n<\/p>\n<p>\n  Bir ay bundan \u00f6nc\u0259, G\u00fcrc\u00fcstanda olan t\u0259\u015fkilatlardan biri t\u0259klif etdi ki, onlar\u0131n d\u00f6rd regionda f\u0259aliyy\u0259t g\u00f6st\u0259r\u0259n resurs m\u0259rk\u0259zl\u0259rin\u0259 gedib, Az\u0259rbaycanda demokratiya, insan haqlar\u0131 v\u0259 siyasi-iqtisadi v\u0259ziyy\u0259tl\u0259 ba\u011fl\u0131 t\u0259qdimat edim. Q\u0131sa m\u00fcdd\u0259t \u0259rzind\u0259 Qori, Telavi, Kutaisi v\u0259 Batumid\u0259 t\u0259qdimatlar etdim.\n<\/p>\n<p>\n  T\u0259qdimatlar\u0131 haz\u0131rlayark\u0259n g\u00fcrc\u00fcl\u0259rin az\u0259rbaycanl\u0131larla ba\u011fl\u0131 formala\u015fm\u0131\u015f \u00f6nyar\u011f\u0131lar\u0131n\u0131 da\u011f\u0131tma\u011f\u0131 da n\u0259z\u0259rd\u0259 tutmu\u015fdum. Misal kimi birini deyim, g\u00fcrc\u00fcl\u0259rin \u00e7oxu hesab edir ki, Az\u0259rbaycanda insanlar \u00e7ox varl\u0131d\u0131r. \u0130ndiki Az\u0259rbaycan reall\u0131\u011f\u0131n\u0131n g\u00fcrc\u00fcl\u0259r\u0259 tam ayd\u0131n olmas\u0131 \u00fc\u00e7\u00fcn t\u0259qdimat\u0131ma q\u0131sa tarixi ekskursiya il\u0259 ba\u015flay\u0131rd\u0131m.\n<\/p>\n<p>\n  H\u0259r getdiyim yerd\u0259 t\u0259qdimat\u0131 etdikc\u0259, suallara cavab verdikc\u0259, \u00f6lk\u0259nin v\u0259ziyy\u0259ti il\u0259 ba\u011fl\u0131 \u00f6z\u00fcm\u00fcn d\u0259 fikir verm\u0259diyim, diqq\u0259td\u0259n qa\u00e7\u0131rd\u0131\u011f\u0131m, tam anlamad\u0131\u011f\u0131m m\u0259tl\u0259bl\u0259ri \u00f6yr\u0259nirdim. Bu proses i\u00e7ind\u0259 Az\u0259rbaycan\u0131 bir daha n\u0259z\u0259rd\u0259n ke\u00e7irtdim. Deyim ki, t\u0259qdimat\u0131 he\u00e7 d\u0259 h\u0259v\u0259sl\u0259 etmirdim. H\u0259r d\u0259f\u0259 insan haqlar\u0131, olmayan demokratiya, s\u0259feh idar\u0259\u00e7i v\u0259 siyas\u0259t\u00e7il\u0259r haqq\u0131nda dan\u0131\u015fanda utan\u0131rd\u0131m. \u00d6lk\u0259mi obyektiv olaraq t\u0259qdim etm\u0259k o q\u0259d\u0259r d\u0259 asan ba\u015fa g\u0259lmirdi. \u0130\u015fin i\u00e7ind\u0259 hiss var, ba\u011fl\u0131l\u0131q var, \u00f6lk\u0259ni yax\u015f\u0131 g\u00f6rm\u0259k arzusu var. B\u00fct\u00fcn bunlar bir-birin\u0259 dola\u015f\u0131b, ortaya \u0259caib hissl\u0259r v\u0259 d\u00fc\u015f\u00fcnc\u0259l\u0259r \u00e7\u0131xard\u0131rd\u0131.\n<\/p>\n<p>\n  T\u0259qdimatlar\u0131 etdim, \u0259sas g\u00fcnah\u0131 hakimiyy\u0259tin boynuna y\u0131xd\u0131m, xalq\u0131n s\u00fckutunu hakimiyy\u0259tin maddi v\u0259 polis g\u00fcc\u00fc il\u0259 izah etdim. H\u0259rd\u0259m, \u00e7ox ani d\u0259 olsa, \u00f6z\u00fcm\u0259 sual edirdim ki, bunlar\u0131 dem\u0259yin indi n\u0259 xeyri var? V\u0259 \u00fcmimiyy\u0259tl\u0259, bunlar\u0131 niy\u0259 edir\u0259m ki?! Az\u0259rbaycanla ba\u011fl\u0131 bu q\u0259d\u0259r d\u00fc\u015f\u00fcnm\u0259yimin, bir ba\u015fqa s\u00f6zl\u0259, siyasil\u0259\u015fm\u0259yimin s\u0259b\u0259bi h\u0259min anlarda da m\u0259n\u0259 ayd\u0131n deyildi.\n<\/p>\n<p>\n  M\u0259clisd\u0259 d\u0259, ortaya at\u0131lan suala \u0259slind\u0259 q\u0131sa cavab ver\u0259 bil\u0259rdim v\u0259 verm\u0259liydim d\u0259. Amma bu sual\u0131n cavab\u0131 m\u0259n\u0259 gec m\u0259lum oldu\u011fu \u00fc\u00e7\u00fcn el\u0259 burda deyir\u0259m.\n<\/p>\n<p>\n  M\u0259ni siyasil\u0259\u015fdir\u0259n, \u00f6lk\u0259d\u0259ki v\u0259ziyy\u0259tl\u0259 bar\u0131\u015fmaz olma\u011f\u0131ma s\u0259b\u0259b \u0259slind\u0259 \u00f6lk\u0259ni idar\u0259 ed\u0259n insanlar\u0131n biz\u0259 h\u00f6rm\u0259t etm\u0259m\u0259si, ikrahla v\u0259 al\u00e7ald\u0131c\u0131 yana\u015fmas\u0131d\u0131r. Sizi bilmir\u0259m, amma m\u0259n bunu \u00e7ox d\u0259rind\u0259n hiss edir v\u0259 ona g\u00f6r\u0259 l\u0259yaq\u0259timi al\u00e7alm\u0131\u015f hiss edir\u0259m.\n<\/p>\n<p>\n  Konstitusiyaya etm\u0259k ist\u0259dikl\u0259ri d\u0259yi\u015fiklik d\u0259 onlar\u0131n bizi q\u0259tiyy\u0259n vecl\u0259rin\u0259 almad\u0131qlar\u0131na, xalq\u0131n irad\u0259sini tam s\u0131nd\u0131rd\u0131qlar\u0131na, xalq\u0131n l\u0259yaq\u0259t hissinin olmad\u0131\u011f\u0131na m\u00f6hk\u0259m inanm\u0131\u015f olmalar\u0131d\u0131r. Son d\u0259yi\u015fiklik \u201ct\u0259klifi\u201d is\u0259 xalq\u0131n \u00fcz\u00fcn\u0259 istehza il\u0259 t\u00fcp\u00fcrm\u0259kdir.\n<\/p>\n<p>\n  <b><br \/>\n    Yaz\u0131 m\u00fc\u0259llifin \u015f\u0259xsi m\u00f6vqeyini \u0259ks etdirir. M\u00fc\u0259llifin m\u00f6vqeyi Meydan.Tv-nin m\u00f6vqeyi il\u0259 \u00fcst-\u00fcst\u0259 d\u00fc\u015fm\u0259y\u0259 bil\u0259r.<br \/>\n  <\/b>\n<\/p>\n<\/p><\/p>\n","protected":false},"excerpt":{"rendered":"<p>Biz niy\u0259 siyasil\u0259\u015firik?<\/p>\n","protected":false},"author":11,"featured_media":63727,"comment_status":"closed","ping_status":"open","sticky":false,"template":"","format":"standard","meta":{"_acf_changed":false,"_sitemap_exclude":false,"_sitemap_priority":"","_sitemap_frequency":"","footnotes":""},"categories":[57],"tags":[],"class_list":["post-177713","post","type-post","status-publish","format-standard","has-post-thumbnail","hentry","category-menim-fikrimce","infinite-scroll-item","generate-columns","tablet-grid-50","mobile-grid-100","grid-parent","grid-33","no-featured-image-padding"],"acf":[],"yoast_head":"<!-- This site is optimized with the Yoast SEO plugin v27.5 - https:\/\/yoast.com\/product\/yoast-seo-wordpress\/ -->\n<title>S\u0259n\u0259 laz\u0131md\u0131r? - MEYDAN.TV<\/title>\n<meta name=\"robots\" content=\"index, follow, max-snippet:-1, max-image-preview:large, max-video-preview:-1\" \/>\n<link rel=\"canonical\" href=\"https:\/\/www.meydan.tv\/az\/article\/sene-lazimdir\/\" \/>\n<meta property=\"og:locale\" content=\"az_AZ\" \/>\n<meta property=\"og:type\" content=\"article\" \/>\n<meta property=\"og:title\" content=\"S\u0259n\u0259 laz\u0131md\u0131r? - MEYDAN.TV\" \/>\n<meta property=\"og:description\" content=\"Biz niy\u0259 siyasil\u0259\u015firik?\" \/>\n<meta property=\"og:url\" content=\"https:\/\/www.meydan.tv\/az\/article\/sene-lazimdir\/\" \/>\n<meta property=\"og:site_name\" content=\"MEYDAN.TV\" \/>\n<meta property=\"article:published_time\" content=\"2016-07-27T02:23:22+00:00\" \/>\n<meta property=\"og:image\" content=\"https:\/\/www.meydan.tv\/wp-content\/uploads\/24435.jpg\" \/>\n\t<meta property=\"og:image:width\" content=\"500\" \/>\n\t<meta property=\"og:image:height\" content=\"500\" \/>\n\t<meta property=\"og:image:type\" content=\"image\/jpeg\" \/>\n<meta name=\"author\" content=\"user-manager\" \/>\n<meta name=\"twitter:card\" content=\"summary_large_image\" \/>\n<script type=\"application\/ld+json\" class=\"yoast-schema-graph\">{\"@context\":\"https:\\\/\\\/schema.org\",\"@graph\":[{\"@type\":\"Article\",\"@id\":\"https:\\\/\\\/www.meydan.tv\\\/az\\\/article\\\/sene-lazimdir\\\/#article\",\"isPartOf\":{\"@id\":\"https:\\\/\\\/www.meydan.tv\\\/az\\\/article\\\/sene-lazimdir\\\/\"},\"author\":{\"name\":\"user-manager\",\"@id\":\"https:\\\/\\\/www.meydan.tv\\\/az\\\/#\\\/schema\\\/person\\\/10d11eccf6da3662cf5fdab9806ea91a\"},\"headline\":\"S\u0259n\u0259 laz\u0131md\u0131r?\",\"datePublished\":\"2016-07-27T02:23:22+00:00\",\"mainEntityOfPage\":{\"@id\":\"https:\\\/\\\/www.meydan.tv\\\/az\\\/article\\\/sene-lazimdir\\\/\"},\"wordCount\":715,\"publisher\":{\"@id\":\"https:\\\/\\\/www.meydan.tv\\\/az\\\/#organization\"},\"image\":{\"@id\":\"https:\\\/\\\/www.meydan.tv\\\/az\\\/article\\\/sene-lazimdir\\\/#primaryimage\"},\"thumbnailUrl\":\"https:\\\/\\\/www.meydan.tv\\\/wp-content\\\/uploads\\\/24435.jpg\",\"articleSection\":[\"M\u0259nim Fikrimc\u0259\"],\"inLanguage\":\"az\"},{\"@type\":\"WebPage\",\"@id\":\"https:\\\/\\\/www.meydan.tv\\\/az\\\/article\\\/sene-lazimdir\\\/\",\"url\":\"https:\\\/\\\/www.meydan.tv\\\/az\\\/article\\\/sene-lazimdir\\\/\",\"name\":\"S\u0259n\u0259 laz\u0131md\u0131r? - MEYDAN.TV\",\"isPartOf\":{\"@id\":\"https:\\\/\\\/www.meydan.tv\\\/az\\\/#website\"},\"primaryImageOfPage\":{\"@id\":\"https:\\\/\\\/www.meydan.tv\\\/az\\\/article\\\/sene-lazimdir\\\/#primaryimage\"},\"image\":{\"@id\":\"https:\\\/\\\/www.meydan.tv\\\/az\\\/article\\\/sene-lazimdir\\\/#primaryimage\"},\"thumbnailUrl\":\"https:\\\/\\\/www.meydan.tv\\\/wp-content\\\/uploads\\\/24435.jpg\",\"datePublished\":\"2016-07-27T02:23:22+00:00\",\"breadcrumb\":{\"@id\":\"https:\\\/\\\/www.meydan.tv\\\/az\\\/article\\\/sene-lazimdir\\\/#breadcrumb\"},\"inLanguage\":\"az\",\"potentialAction\":[{\"@type\":\"ReadAction\",\"target\":[\"https:\\\/\\\/www.meydan.tv\\\/az\\\/article\\\/sene-lazimdir\\\/\"]}]},{\"@type\":\"ImageObject\",\"inLanguage\":\"az\",\"@id\":\"https:\\\/\\\/www.meydan.tv\\\/az\\\/article\\\/sene-lazimdir\\\/#primaryimage\",\"url\":\"https:\\\/\\\/www.meydan.tv\\\/wp-content\\\/uploads\\\/24435.jpg\",\"contentUrl\":\"https:\\\/\\\/www.meydan.tv\\\/wp-content\\\/uploads\\\/24435.jpg\",\"width\":500,\"height\":500,\"caption\":\"Source:\"},{\"@type\":\"BreadcrumbList\",\"@id\":\"https:\\\/\\\/www.meydan.tv\\\/az\\\/article\\\/sene-lazimdir\\\/#breadcrumb\",\"itemListElement\":[{\"@type\":\"ListItem\",\"position\":1,\"name\":\"Ana s\u0259hif\u0259\",\"item\":\"https:\\\/\\\/www.meydan.tv\\\/az\\\/\"},{\"@type\":\"ListItem\",\"position\":2,\"name\":\"M\u0259nim Fikrimc\u0259\",\"item\":\"https:\\\/\\\/www.meydan.tv\\\/az\\\/section\\\/menim-fikrimce\\\/\"},{\"@type\":\"ListItem\",\"position\":3,\"name\":\"S\u0259n\u0259 laz\u0131md\u0131r?\"}]},{\"@type\":\"WebSite\",\"@id\":\"https:\\\/\\\/www.meydan.tv\\\/az\\\/#website\",\"url\":\"https:\\\/\\\/www.meydan.tv\\\/az\\\/\",\"name\":\"MEYDAN.TV\",\"description\":\"Meydan TV Az\u0259rbaycan\u0131n media m\u0259kan\u0131ndak\u0131 alternativ s\u0259sidir\",\"publisher\":{\"@id\":\"https:\\\/\\\/www.meydan.tv\\\/az\\\/#organization\"},\"potentialAction\":[{\"@type\":\"SearchAction\",\"target\":{\"@type\":\"EntryPoint\",\"urlTemplate\":\"https:\\\/\\\/www.meydan.tv\\\/az\\\/?s={search_term_string}\"},\"query-input\":{\"@type\":\"PropertyValueSpecification\",\"valueRequired\":true,\"valueName\":\"search_term_string\"}}],\"inLanguage\":\"az\"},{\"@type\":\"Organization\",\"@id\":\"https:\\\/\\\/www.meydan.tv\\\/az\\\/#organization\",\"name\":\"Meydan TV\",\"url\":\"https:\\\/\\\/www.meydan.tv\\\/az\\\/\",\"logo\":{\"@type\":\"ImageObject\",\"inLanguage\":\"az\",\"@id\":\"https:\\\/\\\/www.meydan.tv\\\/az\\\/#\\\/schema\\\/logo\\\/image\\\/\",\"url\":\"https:\\\/\\\/www.meydan.tv\\\/wp-content\\\/uploads\\\/2021\\\/07\\\/meydan-logo.svg\",\"contentUrl\":\"https:\\\/\\\/www.meydan.tv\\\/wp-content\\\/uploads\\\/2021\\\/07\\\/meydan-logo.svg\",\"width\":195,\"height\":46,\"caption\":\"Meydan TV\"},\"image\":{\"@id\":\"https:\\\/\\\/www.meydan.tv\\\/az\\\/#\\\/schema\\\/logo\\\/image\\\/\"}},{\"@type\":\"Person\",\"@id\":\"https:\\\/\\\/www.meydan.tv\\\/az\\\/#\\\/schema\\\/person\\\/10d11eccf6da3662cf5fdab9806ea91a\",\"name\":\"user-manager\"}]}<\/script>\n<!-- \/ Yoast SEO plugin. -->","yoast_head_json":{"title":"S\u0259n\u0259 laz\u0131md\u0131r? - MEYDAN.TV","robots":{"index":"index","follow":"follow","max-snippet":"max-snippet:-1","max-image-preview":"max-image-preview:large","max-video-preview":"max-video-preview:-1"},"canonical":"https:\/\/www.meydan.tv\/az\/article\/sene-lazimdir\/","og_locale":"az_AZ","og_type":"article","og_title":"S\u0259n\u0259 laz\u0131md\u0131r? - MEYDAN.TV","og_description":"Biz niy\u0259 siyasil\u0259\u015firik?","og_url":"https:\/\/www.meydan.tv\/az\/article\/sene-lazimdir\/","og_site_name":"MEYDAN.TV","article_published_time":"2016-07-27T02:23:22+00:00","og_image":[{"width":500,"height":500,"url":"https:\/\/www.meydan.tv\/wp-content\/uploads\/24435.jpg","type":"image\/jpeg"}],"author":"user-manager","twitter_card":"summary_large_image","schema":{"@context":"https:\/\/schema.org","@graph":[{"@type":"Article","@id":"https:\/\/www.meydan.tv\/az\/article\/sene-lazimdir\/#article","isPartOf":{"@id":"https:\/\/www.meydan.tv\/az\/article\/sene-lazimdir\/"},"author":{"name":"user-manager","@id":"https:\/\/www.meydan.tv\/az\/#\/schema\/person\/10d11eccf6da3662cf5fdab9806ea91a"},"headline":"S\u0259n\u0259 laz\u0131md\u0131r?","datePublished":"2016-07-27T02:23:22+00:00","mainEntityOfPage":{"@id":"https:\/\/www.meydan.tv\/az\/article\/sene-lazimdir\/"},"wordCount":715,"publisher":{"@id":"https:\/\/www.meydan.tv\/az\/#organization"},"image":{"@id":"https:\/\/www.meydan.tv\/az\/article\/sene-lazimdir\/#primaryimage"},"thumbnailUrl":"https:\/\/www.meydan.tv\/wp-content\/uploads\/24435.jpg","articleSection":["M\u0259nim Fikrimc\u0259"],"inLanguage":"az"},{"@type":"WebPage","@id":"https:\/\/www.meydan.tv\/az\/article\/sene-lazimdir\/","url":"https:\/\/www.meydan.tv\/az\/article\/sene-lazimdir\/","name":"S\u0259n\u0259 laz\u0131md\u0131r? - MEYDAN.TV","isPartOf":{"@id":"https:\/\/www.meydan.tv\/az\/#website"},"primaryImageOfPage":{"@id":"https:\/\/www.meydan.tv\/az\/article\/sene-lazimdir\/#primaryimage"},"image":{"@id":"https:\/\/www.meydan.tv\/az\/article\/sene-lazimdir\/#primaryimage"},"thumbnailUrl":"https:\/\/www.meydan.tv\/wp-content\/uploads\/24435.jpg","datePublished":"2016-07-27T02:23:22+00:00","breadcrumb":{"@id":"https:\/\/www.meydan.tv\/az\/article\/sene-lazimdir\/#breadcrumb"},"inLanguage":"az","potentialAction":[{"@type":"ReadAction","target":["https:\/\/www.meydan.tv\/az\/article\/sene-lazimdir\/"]}]},{"@type":"ImageObject","inLanguage":"az","@id":"https:\/\/www.meydan.tv\/az\/article\/sene-lazimdir\/#primaryimage","url":"https:\/\/www.meydan.tv\/wp-content\/uploads\/24435.jpg","contentUrl":"https:\/\/www.meydan.tv\/wp-content\/uploads\/24435.jpg","width":500,"height":500,"caption":"Source:"},{"@type":"BreadcrumbList","@id":"https:\/\/www.meydan.tv\/az\/article\/sene-lazimdir\/#breadcrumb","itemListElement":[{"@type":"ListItem","position":1,"name":"Ana s\u0259hif\u0259","item":"https:\/\/www.meydan.tv\/az\/"},{"@type":"ListItem","position":2,"name":"M\u0259nim Fikrimc\u0259","item":"https:\/\/www.meydan.tv\/az\/section\/menim-fikrimce\/"},{"@type":"ListItem","position":3,"name":"S\u0259n\u0259 laz\u0131md\u0131r?"}]},{"@type":"WebSite","@id":"https:\/\/www.meydan.tv\/az\/#website","url":"https:\/\/www.meydan.tv\/az\/","name":"MEYDAN.TV","description":"Meydan TV Az\u0259rbaycan\u0131n media m\u0259kan\u0131ndak\u0131 alternativ s\u0259sidir","publisher":{"@id":"https:\/\/www.meydan.tv\/az\/#organization"},"potentialAction":[{"@type":"SearchAction","target":{"@type":"EntryPoint","urlTemplate":"https:\/\/www.meydan.tv\/az\/?s={search_term_string}"},"query-input":{"@type":"PropertyValueSpecification","valueRequired":true,"valueName":"search_term_string"}}],"inLanguage":"az"},{"@type":"Organization","@id":"https:\/\/www.meydan.tv\/az\/#organization","name":"Meydan TV","url":"https:\/\/www.meydan.tv\/az\/","logo":{"@type":"ImageObject","inLanguage":"az","@id":"https:\/\/www.meydan.tv\/az\/#\/schema\/logo\/image\/","url":"https:\/\/www.meydan.tv\/wp-content\/uploads\/2021\/07\/meydan-logo.svg","contentUrl":"https:\/\/www.meydan.tv\/wp-content\/uploads\/2021\/07\/meydan-logo.svg","width":195,"height":46,"caption":"Meydan TV"},"image":{"@id":"https:\/\/www.meydan.tv\/az\/#\/schema\/logo\/image\/"}},{"@type":"Person","@id":"https:\/\/www.meydan.tv\/az\/#\/schema\/person\/10d11eccf6da3662cf5fdab9806ea91a","name":"user-manager"}]}},"_links":{"self":[{"href":"https:\/\/www.meydan.tv\/az\/wp-json\/wp\/v2\/posts\/177713","targetHints":{"allow":["GET"]}}],"collection":[{"href":"https:\/\/www.meydan.tv\/az\/wp-json\/wp\/v2\/posts"}],"about":[{"href":"https:\/\/www.meydan.tv\/az\/wp-json\/wp\/v2\/types\/post"}],"author":[{"embeddable":true,"href":"https:\/\/www.meydan.tv\/az\/wp-json\/wp\/v2\/users\/11"}],"replies":[{"embeddable":true,"href":"https:\/\/www.meydan.tv\/az\/wp-json\/wp\/v2\/comments?post=177713"}],"version-history":[{"count":0,"href":"https:\/\/www.meydan.tv\/az\/wp-json\/wp\/v2\/posts\/177713\/revisions"}],"wp:featuredmedia":[{"embeddable":true,"href":"https:\/\/www.meydan.tv\/az\/wp-json\/wp\/v2\/media\/63727"}],"wp:attachment":[{"href":"https:\/\/www.meydan.tv\/az\/wp-json\/wp\/v2\/media?parent=177713"}],"wp:term":[{"taxonomy":"category","embeddable":true,"href":"https:\/\/www.meydan.tv\/az\/wp-json\/wp\/v2\/categories?post=177713"},{"taxonomy":"post_tag","embeddable":true,"href":"https:\/\/www.meydan.tv\/az\/wp-json\/wp\/v2\/tags?post=177713"}],"curies":[{"name":"wp","href":"https:\/\/api.w.org\/{rel}","templated":true}]}}