{"id":177695,"date":"2016-07-26T16:19:58","date_gmt":"2016-07-26T16:19:58","guid":{"rendered":"https:\/\/www.meydan.tv\/article\/muellimler-ucun-teklif\/"},"modified":"2016-07-26T16:19:58","modified_gmt":"2016-07-26T16:19:58","slug":"muellimler-ucun-teklif","status":"publish","type":"post","link":"https:\/\/www.meydan.tv\/az\/article\/muellimler-ucun-teklif\/","title":{"rendered":"M\u00fc\u0259lliml\u0259r \u00fc\u00e7\u00fcn t\u0259klif"},"content":{"rendered":"<figure class=\"wp-block-image size-large\">\n  <img decoding=\"async\" src=\"https:\/\/www.meydan.tv\/az\/64024\/\" alt=\"\" class=\"wp-image-64024\"\/><figcaption><\/figcaption><\/figure>\n<figure class=\"wp-block-image size-large\">\n  <img decoding=\"async\" src=\"https:\/\/www.meydan.tv\/az\/64033\/\" alt=\"\" class=\"wp-image-64033\"\/><figcaption><\/figcaption><\/figure>\n<p>\n  <i><br \/>\n    M\u00fc\u0259lliml\u0259rin \u0259m\u0259yi paralel olaraq n\u0259tic\u0259y\u0259 \u0259saslanan sistem \u0259sas\u0131nda qiym\u0259tl\u0259ndirils\u0259, yana\u015fma daha \u0259dal\u0259tli ola bil\u0259r<br \/>\n  <\/i>\n<\/p>\n<p>\n  Sosial \u015f\u0259b\u0259k\u0259l\u0259rd\u0259 bel\u0259 bir m\u0259lumat g\u00f6rd\u00fcm ki, Sumqay\u0131tda bir m\u0259kt\u0259bin y\u00fcks\u0259k bal toplayan m\u0259zunlar\u0131n\u0131n say\u0131 Bak\u0131n\u0131n Bin\u0259q\u0259di rayonu \u00fczr\u0259 \u00fcmumi g\u00f6st\u0259ricisind\u0259n y\u00fcks\u0259kdir.\n<\/p>\n<p>\n  Bu informasiyan\u0131 g\u00f6r\u0259nd\u0259 \u00e7oxdan fikrimd\u0259 olan bir t\u0259klifi yazmaq q\u0259rar\u0131na g\u0259ldim.\n<\/p>\n<p>\n  Bizd\u0259 yeni sistem\u0259 g\u00f6r\u0259, m\u00fc\u0259lliml\u0259rin m\u0259vacibl\u0259ri yaln\u0131z bilik qiym\u0259tl\u0259ndirilm\u0259sin\u0259 (assessment of knowledge) \u0259saslan\u0131r. M\u00fc\u0259lliml\u0259r t\u0259l\u0259b olunan minimum test suallar\u0131na cavab verm\u0259lidirl\u0259r. Qaydalara g\u00f6r\u0259, ixtisas \u00fczr\u0259 40, metodika v\u0259 t\u0259lim strategiyalar\u0131 \u00fczr\u0259 20 test tap\u015f\u0131r\u0131\u011f\u0131 verilir. H\u0259r bir b\u00f6lm\u0259 \u00fczr\u0259 suallar\u0131n minimum 10 faizin\u0259 d\u00fczg\u00fcn cavab vermi\u015f m\u00fc\u0259lliml\u0259r bilik v\u0259 bacar\u0131qlar\u0131 diaqnostik qiym\u0259tl\u0259ndirilmi\u015f hesab olunurlar. Y\u0259ni birinci b\u00f6lm\u0259 \u00fczr\u0259 \u0259n az\u0131 4, ikinci b\u00f6lm\u0259 \u00fczr\u0259 2 suala (c\u0259mi 6) cavab ver\u0259n m\u00fc\u0259llim qiym\u0259tl\u0259ndirm\u0259d\u0259n u\u011furla ke\u00e7mi\u015f say\u0131l\u0131r. Biliyi qiym\u0259tl\u0259ndirilmi\u015f m\u00fc\u0259lliml\u0259r staj\u0131ndan as\u0131l\u0131 olaraq 350-450 manat (vergi il\u0259 birlikd\u0259) maa\u015f ala bilir.\n<\/p>\n<p>\n  Bu c\u00fcr qiym\u0259tl\u0259ndirm\u0259nin biliyin keyfiyy\u0259tin\u0259 n\u0259 d\u0259r\u0259c\u0259d\u0259 qiym\u0259t verdiyini (c\u0259mi 10 faiz cavabla) tamam k\u0259nara qoyuram.\n<\/p>\n<p>\n  M\u00fc\u0259lliml\u0259rin \u0259m\u0259yi paralel olaraq n\u0259tic\u0259y\u0259 \u0259saslanan (result based) sistem \u0259sas\u0131nda qiym\u0259tl\u0259ndirils\u0259, yana\u015fma daha \u0259dal\u0259tli ola bil\u0259r. Anlay\u0131ram ki, bu t\u0259klif indiki idar\u0259etm\u0259 m\u00fchitind\u0259 \u00e7ox fantastik v\u0259 qeyri-real g\u00f6r\u00fcn\u0259 bil\u0259r. \u00c7\u00fcnki, ilk n\u00f6vb\u0259d\u0259, m\u0259kt\u0259b islahat\u0131, orta m\u0259kt\u0259bl\u0259r\u0259 inzibati v\u0259 maliyy\u0259 muxtariyy\u0259ti verilm\u0259si, m\u0259kt\u0259bin se\u00e7kili sistem \u0259sas\u0131nda idar\u0259 edilm\u0259sini t\u0259l\u0259b edir. Amma bu t\u0259klif h\u0259m m\u00fcmk\u00fcn olan \u0259n \u0259dal\u0259tli sistemdi, h\u0259m d\u0259 m\u0259kt\u0259bin b\u00fcrokratik v\u0259 ideoloji m\u00fcdaxil\u0259 olmadan bilavasit\u0259 m\u00fc\u0259lliml\u0259rin v\u0259 valideynl\u0259rin i\u015ftirak\u00e7\u0131l\u0131\u011f\u0131 il\u0259 idar\u0259 olunmas\u0131n\u0131 t\u0259l\u0259b edir.\n<\/p>\n<p>\n  T\u0259klifin mahiyy\u0259ti bel\u0259dir (amma bu t\u0259klif se\u00e7m\u0259 yolla \u015fagird se\u00e7\u0259n liseyl\u0259r\u0259 v\u0259 x\u00fcsusi m\u0259kt\u0259bl\u0259r\u0259 deyil, adi m\u0259kt\u0259b\u0259r\u0259 aiddir):\n<\/p>\n<p>\n  <i><br \/>\n    1) M\u0259zunlar\u0131n\u0131n \u0259n az\u0131 40 faizi ali m\u0259kt\u0259bl\u0259r\u0259 q\u0259bul olunan m\u0259kt\u0259bl\u0259r\u0259 illik maa\u015f fondunun m\u00fc\u0259yy\u0259n faizi m\u00fcqabilind\u0259 m\u00fckafat fondu ayr\u0131l\u0131r. Faiz s\u0259viyy\u0259sind\u0259n as\u0131l\u0131 olaraq m\u00fckafat fondunun da m\u0259bl\u0259\u011fi d\u0259yi\u015filir;<br \/>\n  <\/i>\n<\/p>\n<p>\n  <i><br \/>\n    2) B\u00fct\u00fcn abituryentl\u0259rin (cari ild\u0259 orta m\u0259kt\u0259bi bitirmi\u015f) ham\u0131s\u0131n\u0131n birg\u0259 toplad\u0131\u011f\u0131 bal \u0259sas\u0131nda m\u0259kt\u0259bin orta bal\u0131 hesablan\u0131r. Orta bal\u0131 400-d\u0259n y\u00fcks\u0259k olan m\u0259kt\u0259bl\u0259rin illik maa\u015f fondunun m\u00fc\u0259yy\u0259n faizi m\u00fcqabilind\u0259 m\u00fckafat fondu ayr\u0131l\u0131r. Amma bu meyar o zaman t\u0259tbiq edilir ki, m\u0259kt\u0259bin m\u0259zunlar\u0131n\u0131n \u0259n az\u0131 30 faizi t\u0259l\u0259b\u0259 ad\u0131 qazanm\u0131\u015f olsun.<br \/>\n  <\/i>\n<\/p>\n<p>\n  <i><br \/>\n    3) 11-ci sinif m\u0259zunlar\u0131n\u0131n \u0259n az\u0131 40 faizi v\u0259 \u015fagirdl\u0259rinin orta bal\u0131 400-\u00fc \u00f6t\u0259n f\u0259nn m\u00fc\u0259lliml\u0259rin\u0259 f\u0259rdi qaydada ayl\u0131q maa\u015flar\u0131n\u0131n 2 misli m\u0259bl\u0259\u011find\u0259 m\u00fckafat t\u0259yin edilir.<br \/>\n  <\/i>\n<\/p>\n<p>\n  Bu yana\u015fma haz\u0131rk\u0131 qiym\u0259tl\u0259ndirm\u0259nin l\u0259\u011fvini t\u0259l\u0259b etmir. Sad\u0259c\u0259 indiki qiym\u0259tl\u0259ndirm\u0259d\u0259 t\u0259l\u0259bl\u0259ri s\u0259rtl\u0259\u015fdirm\u0259k laz\u0131md\u0131r &#8211; m\u00fc\u0259lliml\u0259r \u0259n az\u0131 suallar\u0131n 40 faizin\u0259 d\u00fczg\u00fcn cavab verm\u0259lidir. Bu qiym\u0259tl\u0259ndirm\u0259 \u0259sas\u0131nda baza maa\u015f\u0131 m\u00fc\u0259yy\u0259n edilir. T\u0259klif etdiyim \u00abresult based\u00bb qiym\u0259tl\u0259ndirm\u0259 sistemi is\u0259 \u0259m\u0259yin n\u0259tic\u0259sin\u0259 g\u00f6r\u0259 h\u0259m kollektiv \u015f\u0259kild\u0259 m\u0259kt\u0259bin, h\u0259m d\u0259 f\u0259rdi qaydada m\u00fc\u0259lliml\u0259rin \u0259m\u0259yinin n\u0259tic\u0259l\u0259rini \u00f6l\u00e7m\u0259y\u0259, onlara l\u0259yaq\u0259tli \u0259m\u0259k haqq\u0131 verm\u0259y\u0259 t\u0259minat yarad\u0131r.\n<\/p>\n<p>\n  B\u0259lk\u0259 d\u0259 daha t\u0259kmil t\u0259klifl\u0259r v\u0259 mexanizml\u0259r \u00fcz\u0259rind\u0259 d\u00fc\u015f\u00fcnm\u0259k olar. Amma m\u00fczakir\u0259l\u0259r ba\u015flamaq \u00fc\u00e7\u00fcn bunlar\u0131 n\u0259z\u0259rd\u0259n ke\u00e7irm\u0259k m\u00fcmk\u00fcnd\u00fcr&#8230;\n<\/p>\n<p>\n  <a href=\"https:\/\/www.facebook.com\/rovshan.agayev.90\/posts\/10207066394360686?notif_t=close_friend_activity&amp;notif_id=1469525045435357\"><br \/>\n    m\u0259nb\u0259<br \/>\n  <\/a><\/p>\n","protected":false},"excerpt":{"rendered":"<p>M\u00fc\u0259lliml\u0259rin \u0259m\u0259yi paralel olaraq n\u0259tic\u0259y\u0259 \u0259saslanan sistem \u0259sas\u0131nda qiym\u0259tl\u0259ndirils\u0259, yana\u015fma daha \u0259dal\u0259tli ola bil\u0259r<\/p>\n","protected":false},"author":11,"featured_media":64024,"comment_status":"closed","ping_status":"open","sticky":false,"template":"","format":"standard","meta":{"_acf_changed":false,"_sitemap_exclude":false,"_sitemap_priority":"","_sitemap_frequency":"","footnotes":""},"categories":[51],"tags":[],"class_list":["post-177695","post","type-post","status-publish","format-standard","has-post-thumbnail","hentry","category-analitika","infinite-scroll-item","generate-columns","tablet-grid-50","mobile-grid-100","grid-parent","grid-33","no-featured-image-padding"],"acf":[],"yoast_head":"<!-- This site is optimized with the Yoast SEO plugin v27.5 - https:\/\/yoast.com\/product\/yoast-seo-wordpress\/ -->\n<title>M\u00fc\u0259lliml\u0259r \u00fc\u00e7\u00fcn t\u0259klif - MEYDAN.TV<\/title>\n<meta name=\"robots\" content=\"index, follow, max-snippet:-1, max-image-preview:large, max-video-preview:-1\" \/>\n<link rel=\"canonical\" href=\"https:\/\/www.meydan.tv\/az\/article\/muellimler-ucun-teklif\/\" \/>\n<meta property=\"og:locale\" content=\"az_AZ\" \/>\n<meta property=\"og:type\" content=\"article\" \/>\n<meta property=\"og:title\" content=\"M\u00fc\u0259lliml\u0259r \u00fc\u00e7\u00fcn t\u0259klif - MEYDAN.TV\" \/>\n<meta property=\"og:description\" content=\"M\u00fc\u0259lliml\u0259rin \u0259m\u0259yi paralel olaraq n\u0259tic\u0259y\u0259 \u0259saslanan sistem \u0259sas\u0131nda qiym\u0259tl\u0259ndirils\u0259, yana\u015fma daha \u0259dal\u0259tli ola bil\u0259r\" \/>\n<meta property=\"og:url\" content=\"https:\/\/www.meydan.tv\/az\/article\/muellimler-ucun-teklif\/\" \/>\n<meta property=\"og:site_name\" content=\"MEYDAN.TV\" \/>\n<meta property=\"article:published_time\" content=\"2016-07-26T16:19:58+00:00\" \/>\n<meta property=\"og:image\" content=\"https:\/\/www.meydan.tv\/wp-content\/uploads\/24410.jpg\" \/>\n\t<meta property=\"og:image:width\" content=\"500\" \/>\n\t<meta property=\"og:image:height\" content=\"304\" \/>\n\t<meta property=\"og:image:type\" content=\"image\/jpeg\" \/>\n<meta name=\"author\" content=\"user-manager\" \/>\n<meta name=\"twitter:card\" content=\"summary_large_image\" \/>\n<script type=\"application\/ld+json\" class=\"yoast-schema-graph\">{\"@context\":\"https:\\\/\\\/schema.org\",\"@graph\":[{\"@type\":\"Article\",\"@id\":\"https:\\\/\\\/www.meydan.tv\\\/az\\\/article\\\/muellimler-ucun-teklif\\\/#article\",\"isPartOf\":{\"@id\":\"https:\\\/\\\/www.meydan.tv\\\/az\\\/article\\\/muellimler-ucun-teklif\\\/\"},\"author\":{\"name\":\"user-manager\",\"@id\":\"https:\\\/\\\/www.meydan.tv\\\/az\\\/#\\\/schema\\\/person\\\/10d11eccf6da3662cf5fdab9806ea91a\"},\"headline\":\"M\u00fc\u0259lliml\u0259r \u00fc\u00e7\u00fcn t\u0259klif\",\"datePublished\":\"2016-07-26T16:19:58+00:00\",\"mainEntityOfPage\":{\"@id\":\"https:\\\/\\\/www.meydan.tv\\\/az\\\/article\\\/muellimler-ucun-teklif\\\/\"},\"wordCount\":739,\"publisher\":{\"@id\":\"https:\\\/\\\/www.meydan.tv\\\/az\\\/#organization\"},\"image\":{\"@id\":\"https:\\\/\\\/www.meydan.tv\\\/az\\\/article\\\/muellimler-ucun-teklif\\\/#primaryimage\"},\"thumbnailUrl\":\"https:\\\/\\\/www.meydan.tv\\\/wp-content\\\/uploads\\\/24410.jpg\",\"articleSection\":[\"Analitika\"],\"inLanguage\":\"az\"},{\"@type\":\"WebPage\",\"@id\":\"https:\\\/\\\/www.meydan.tv\\\/az\\\/article\\\/muellimler-ucun-teklif\\\/\",\"url\":\"https:\\\/\\\/www.meydan.tv\\\/az\\\/article\\\/muellimler-ucun-teklif\\\/\",\"name\":\"M\u00fc\u0259lliml\u0259r \u00fc\u00e7\u00fcn t\u0259klif - MEYDAN.TV\",\"isPartOf\":{\"@id\":\"https:\\\/\\\/www.meydan.tv\\\/az\\\/#website\"},\"primaryImageOfPage\":{\"@id\":\"https:\\\/\\\/www.meydan.tv\\\/az\\\/article\\\/muellimler-ucun-teklif\\\/#primaryimage\"},\"image\":{\"@id\":\"https:\\\/\\\/www.meydan.tv\\\/az\\\/article\\\/muellimler-ucun-teklif\\\/#primaryimage\"},\"thumbnailUrl\":\"https:\\\/\\\/www.meydan.tv\\\/wp-content\\\/uploads\\\/24410.jpg\",\"datePublished\":\"2016-07-26T16:19:58+00:00\",\"breadcrumb\":{\"@id\":\"https:\\\/\\\/www.meydan.tv\\\/az\\\/article\\\/muellimler-ucun-teklif\\\/#breadcrumb\"},\"inLanguage\":\"az\",\"potentialAction\":[{\"@type\":\"ReadAction\",\"target\":[\"https:\\\/\\\/www.meydan.tv\\\/az\\\/article\\\/muellimler-ucun-teklif\\\/\"]}]},{\"@type\":\"ImageObject\",\"inLanguage\":\"az\",\"@id\":\"https:\\\/\\\/www.meydan.tv\\\/az\\\/article\\\/muellimler-ucun-teklif\\\/#primaryimage\",\"url\":\"https:\\\/\\\/www.meydan.tv\\\/wp-content\\\/uploads\\\/24410.jpg\",\"contentUrl\":\"https:\\\/\\\/www.meydan.tv\\\/wp-content\\\/uploads\\\/24410.jpg\",\"width\":500,\"height\":304,\"caption\":\"Source:\"},{\"@type\":\"BreadcrumbList\",\"@id\":\"https:\\\/\\\/www.meydan.tv\\\/az\\\/article\\\/muellimler-ucun-teklif\\\/#breadcrumb\",\"itemListElement\":[{\"@type\":\"ListItem\",\"position\":1,\"name\":\"Ana s\u0259hif\u0259\",\"item\":\"https:\\\/\\\/www.meydan.tv\\\/az\\\/\"},{\"@type\":\"ListItem\",\"position\":2,\"name\":\"Analitika\",\"item\":\"https:\\\/\\\/www.meydan.tv\\\/az\\\/section\\\/analitika\\\/\"},{\"@type\":\"ListItem\",\"position\":3,\"name\":\"M\u00fc\u0259lliml\u0259r \u00fc\u00e7\u00fcn t\u0259klif\"}]},{\"@type\":\"WebSite\",\"@id\":\"https:\\\/\\\/www.meydan.tv\\\/az\\\/#website\",\"url\":\"https:\\\/\\\/www.meydan.tv\\\/az\\\/\",\"name\":\"MEYDAN.TV\",\"description\":\"Meydan TV Az\u0259rbaycan\u0131n media m\u0259kan\u0131ndak\u0131 alternativ s\u0259sidir\",\"publisher\":{\"@id\":\"https:\\\/\\\/www.meydan.tv\\\/az\\\/#organization\"},\"potentialAction\":[{\"@type\":\"SearchAction\",\"target\":{\"@type\":\"EntryPoint\",\"urlTemplate\":\"https:\\\/\\\/www.meydan.tv\\\/az\\\/?s={search_term_string}\"},\"query-input\":{\"@type\":\"PropertyValueSpecification\",\"valueRequired\":true,\"valueName\":\"search_term_string\"}}],\"inLanguage\":\"az\"},{\"@type\":\"Organization\",\"@id\":\"https:\\\/\\\/www.meydan.tv\\\/az\\\/#organization\",\"name\":\"Meydan TV\",\"url\":\"https:\\\/\\\/www.meydan.tv\\\/az\\\/\",\"logo\":{\"@type\":\"ImageObject\",\"inLanguage\":\"az\",\"@id\":\"https:\\\/\\\/www.meydan.tv\\\/az\\\/#\\\/schema\\\/logo\\\/image\\\/\",\"url\":\"https:\\\/\\\/www.meydan.tv\\\/wp-content\\\/uploads\\\/2021\\\/07\\\/meydan-logo.svg\",\"contentUrl\":\"https:\\\/\\\/www.meydan.tv\\\/wp-content\\\/uploads\\\/2021\\\/07\\\/meydan-logo.svg\",\"width\":195,\"height\":46,\"caption\":\"Meydan TV\"},\"image\":{\"@id\":\"https:\\\/\\\/www.meydan.tv\\\/az\\\/#\\\/schema\\\/logo\\\/image\\\/\"}},{\"@type\":\"Person\",\"@id\":\"https:\\\/\\\/www.meydan.tv\\\/az\\\/#\\\/schema\\\/person\\\/10d11eccf6da3662cf5fdab9806ea91a\",\"name\":\"user-manager\"}]}<\/script>\n<!-- \/ Yoast SEO plugin. -->","yoast_head_json":{"title":"M\u00fc\u0259lliml\u0259r \u00fc\u00e7\u00fcn t\u0259klif - MEYDAN.TV","robots":{"index":"index","follow":"follow","max-snippet":"max-snippet:-1","max-image-preview":"max-image-preview:large","max-video-preview":"max-video-preview:-1"},"canonical":"https:\/\/www.meydan.tv\/az\/article\/muellimler-ucun-teklif\/","og_locale":"az_AZ","og_type":"article","og_title":"M\u00fc\u0259lliml\u0259r \u00fc\u00e7\u00fcn t\u0259klif - MEYDAN.TV","og_description":"M\u00fc\u0259lliml\u0259rin \u0259m\u0259yi paralel olaraq n\u0259tic\u0259y\u0259 \u0259saslanan sistem \u0259sas\u0131nda qiym\u0259tl\u0259ndirils\u0259, yana\u015fma daha \u0259dal\u0259tli ola bil\u0259r","og_url":"https:\/\/www.meydan.tv\/az\/article\/muellimler-ucun-teklif\/","og_site_name":"MEYDAN.TV","article_published_time":"2016-07-26T16:19:58+00:00","og_image":[{"width":500,"height":304,"url":"https:\/\/www.meydan.tv\/wp-content\/uploads\/24410.jpg","type":"image\/jpeg"}],"author":"user-manager","twitter_card":"summary_large_image","schema":{"@context":"https:\/\/schema.org","@graph":[{"@type":"Article","@id":"https:\/\/www.meydan.tv\/az\/article\/muellimler-ucun-teklif\/#article","isPartOf":{"@id":"https:\/\/www.meydan.tv\/az\/article\/muellimler-ucun-teklif\/"},"author":{"name":"user-manager","@id":"https:\/\/www.meydan.tv\/az\/#\/schema\/person\/10d11eccf6da3662cf5fdab9806ea91a"},"headline":"M\u00fc\u0259lliml\u0259r \u00fc\u00e7\u00fcn t\u0259klif","datePublished":"2016-07-26T16:19:58+00:00","mainEntityOfPage":{"@id":"https:\/\/www.meydan.tv\/az\/article\/muellimler-ucun-teklif\/"},"wordCount":739,"publisher":{"@id":"https:\/\/www.meydan.tv\/az\/#organization"},"image":{"@id":"https:\/\/www.meydan.tv\/az\/article\/muellimler-ucun-teklif\/#primaryimage"},"thumbnailUrl":"https:\/\/www.meydan.tv\/wp-content\/uploads\/24410.jpg","articleSection":["Analitika"],"inLanguage":"az"},{"@type":"WebPage","@id":"https:\/\/www.meydan.tv\/az\/article\/muellimler-ucun-teklif\/","url":"https:\/\/www.meydan.tv\/az\/article\/muellimler-ucun-teklif\/","name":"M\u00fc\u0259lliml\u0259r \u00fc\u00e7\u00fcn t\u0259klif - MEYDAN.TV","isPartOf":{"@id":"https:\/\/www.meydan.tv\/az\/#website"},"primaryImageOfPage":{"@id":"https:\/\/www.meydan.tv\/az\/article\/muellimler-ucun-teklif\/#primaryimage"},"image":{"@id":"https:\/\/www.meydan.tv\/az\/article\/muellimler-ucun-teklif\/#primaryimage"},"thumbnailUrl":"https:\/\/www.meydan.tv\/wp-content\/uploads\/24410.jpg","datePublished":"2016-07-26T16:19:58+00:00","breadcrumb":{"@id":"https:\/\/www.meydan.tv\/az\/article\/muellimler-ucun-teklif\/#breadcrumb"},"inLanguage":"az","potentialAction":[{"@type":"ReadAction","target":["https:\/\/www.meydan.tv\/az\/article\/muellimler-ucun-teklif\/"]}]},{"@type":"ImageObject","inLanguage":"az","@id":"https:\/\/www.meydan.tv\/az\/article\/muellimler-ucun-teklif\/#primaryimage","url":"https:\/\/www.meydan.tv\/wp-content\/uploads\/24410.jpg","contentUrl":"https:\/\/www.meydan.tv\/wp-content\/uploads\/24410.jpg","width":500,"height":304,"caption":"Source:"},{"@type":"BreadcrumbList","@id":"https:\/\/www.meydan.tv\/az\/article\/muellimler-ucun-teklif\/#breadcrumb","itemListElement":[{"@type":"ListItem","position":1,"name":"Ana s\u0259hif\u0259","item":"https:\/\/www.meydan.tv\/az\/"},{"@type":"ListItem","position":2,"name":"Analitika","item":"https:\/\/www.meydan.tv\/az\/section\/analitika\/"},{"@type":"ListItem","position":3,"name":"M\u00fc\u0259lliml\u0259r \u00fc\u00e7\u00fcn t\u0259klif"}]},{"@type":"WebSite","@id":"https:\/\/www.meydan.tv\/az\/#website","url":"https:\/\/www.meydan.tv\/az\/","name":"MEYDAN.TV","description":"Meydan TV Az\u0259rbaycan\u0131n media m\u0259kan\u0131ndak\u0131 alternativ s\u0259sidir","publisher":{"@id":"https:\/\/www.meydan.tv\/az\/#organization"},"potentialAction":[{"@type":"SearchAction","target":{"@type":"EntryPoint","urlTemplate":"https:\/\/www.meydan.tv\/az\/?s={search_term_string}"},"query-input":{"@type":"PropertyValueSpecification","valueRequired":true,"valueName":"search_term_string"}}],"inLanguage":"az"},{"@type":"Organization","@id":"https:\/\/www.meydan.tv\/az\/#organization","name":"Meydan TV","url":"https:\/\/www.meydan.tv\/az\/","logo":{"@type":"ImageObject","inLanguage":"az","@id":"https:\/\/www.meydan.tv\/az\/#\/schema\/logo\/image\/","url":"https:\/\/www.meydan.tv\/wp-content\/uploads\/2021\/07\/meydan-logo.svg","contentUrl":"https:\/\/www.meydan.tv\/wp-content\/uploads\/2021\/07\/meydan-logo.svg","width":195,"height":46,"caption":"Meydan TV"},"image":{"@id":"https:\/\/www.meydan.tv\/az\/#\/schema\/logo\/image\/"}},{"@type":"Person","@id":"https:\/\/www.meydan.tv\/az\/#\/schema\/person\/10d11eccf6da3662cf5fdab9806ea91a","name":"user-manager"}]}},"_links":{"self":[{"href":"https:\/\/www.meydan.tv\/az\/wp-json\/wp\/v2\/posts\/177695","targetHints":{"allow":["GET"]}}],"collection":[{"href":"https:\/\/www.meydan.tv\/az\/wp-json\/wp\/v2\/posts"}],"about":[{"href":"https:\/\/www.meydan.tv\/az\/wp-json\/wp\/v2\/types\/post"}],"author":[{"embeddable":true,"href":"https:\/\/www.meydan.tv\/az\/wp-json\/wp\/v2\/users\/11"}],"replies":[{"embeddable":true,"href":"https:\/\/www.meydan.tv\/az\/wp-json\/wp\/v2\/comments?post=177695"}],"version-history":[{"count":0,"href":"https:\/\/www.meydan.tv\/az\/wp-json\/wp\/v2\/posts\/177695\/revisions"}],"wp:featuredmedia":[{"embeddable":true,"href":"https:\/\/www.meydan.tv\/az\/wp-json\/wp\/v2\/media\/64024"}],"wp:attachment":[{"href":"https:\/\/www.meydan.tv\/az\/wp-json\/wp\/v2\/media?parent=177695"}],"wp:term":[{"taxonomy":"category","embeddable":true,"href":"https:\/\/www.meydan.tv\/az\/wp-json\/wp\/v2\/categories?post=177695"},{"taxonomy":"post_tag","embeddable":true,"href":"https:\/\/www.meydan.tv\/az\/wp-json\/wp\/v2\/tags?post=177695"}],"curies":[{"name":"wp","href":"https:\/\/api.w.org\/{rel}","templated":true}]}}