{"id":177677,"date":"2016-07-25T21:12:11","date_gmt":"2016-07-25T21:12:11","guid":{"rendered":"https:\/\/www.meydan.tv\/article\/ilham-eliyev-xaricilerin-desteyi-olmadan-referendum-elan-ede-bilmezdi\/"},"modified":"2016-07-25T21:12:11","modified_gmt":"2016-07-25T21:12:11","slug":"ilham-eliyev-xaricilerin-desteyi-olmadan-referendum-elan-ede-bilmezdi","status":"publish","type":"post","link":"https:\/\/www.meydan.tv\/az\/article\/ilham-eliyev-xaricilerin-desteyi-olmadan-referendum-elan-ede-bilmezdi\/","title":{"rendered":"\u0130lham \u018fliyev xaricil\u0259rin d\u0259st\u0259yi olmadan referendum elan ed\u0259 bilm\u0259zdi"},"content":{"rendered":"<p>\n  <i><br \/>\n    <b><br \/>\n      S\u00f6z\u00fcged\u0259n referendumu ke\u00e7irm\u0259y\u0259 \u0130lham \u018fliyevi t\u0259hrik ed\u0259nl\u0259r \u00fc\u00e7\u00fcn tamamil\u0259 m\u0259ntiqli hald\u0131r ki, Da\u011fl\u0131q Qaraba\u011f\u0131n r\u0259sm\u0259n itirilm\u0259sin\u0259 y\u00f6n\u0259ldil\u0259n Az\u0259rbaycanda z\u00fclm g\u00fccl\u0259ndirilm\u0259lidir<br \/>\n    <\/b><br \/>\n  <\/i>\n<\/p>\n<p>\n  Qaraba\u011f m\u00fcnaqi\u015f\u0259sind\u0259 vasit\u0259\u00e7iliyin n\u0259z\u0259ri, amma h\u0259m d\u0259 \u00e7ox praktiki boyutlar\u0131ndan biri \u2013 axtar\u0131lan h\u0259ll\u0259 uy\u011fun olacaq siyasi rejim tipinin m\u00fc\u0259yy\u0259nl\u0259\u015fdirilm\u0259sidir. Sovet da\u011f\u0131lan anda yeniyetm\u0259 d\u00f6vr\u00fcn\u00fc ya\u015fayan demokratik rejiml\u0259r m\u00fcnaqi\u015f\u0259nin sava\u015fa s\u00fcr\u00fckl\u0259nm\u0259sinin qar\u015f\u0131s\u0131n\u0131 ala bilm\u0259y\u0259r\u0259k ziddiyy\u0259tli d\u00fc\u015f\u00fcnc\u0259l\u0259r\u0259 yol a\u00e7d\u0131lar, halbuki demokratik idar\u0259 \u00fcsulunun h\u0259m Erm\u0259nistan, h\u0259m d\u0259 Az\u0259rbaycanda geril\u0259m\u0259si davaml\u0131 at\u0259\u015fk\u0259sl\u0259 m\u00fc\u015fayi\u0259t olunurdu.\n<\/p>\n<p>\n  Bundan \u00e7\u0131xar\u0131lan n\u0259tic\u0259 &#8211; h\u0259r\u00e7\u0259nd onunla he\u00e7 d\u0259 ham\u0131 raz\u0131 deyil &#8211; ondan ibar\u0259tdir ki, avtoritar rejiml\u0259r\u0259 h\u0259r hans\u0131 bir s\u00fclh plan\u0131n\u0131 xaricd\u0259n m\u0259cburi q\u0259bul el\u0259tdirm\u0259k m\u00fcmk\u00fcnd\u00fcr v\u0259 el\u0259 avtoritar olduqlar\u0131 \u00fc\u00e7\u00fcn d\u0259 rejiml\u0259r h\u0259min plan\u0131 xalqa yedizdir\u0259 bil\u0259c\u0259kl\u0259r. Demokratiya is\u0259 sonra g\u0259l\u0259r, s\u00fclh m\u00f6hk\u0259ml\u0259n\u0259nd\u0259.\n<\/p>\n<p>\n  Bu yana\u015fma 2016-c\u0131 ilin aprelin\u0259d\u0259k \u00fcst\u00fcnl\u00fcy\u0259 sahib idi v\u0259 vasit\u0259\u00e7ilik s\u0259yl\u0259rinin b\u0259l\u0259d\u00e7isi idi. Apreld\u0259 h\u0259r k\u0259s anlad\u0131 ki, zorak\u0131l\u0131\u011f\u0131n h\u0259r yeni dal\u011fas\u0131 geni\u015fmiqyasl\u0131 m\u00fcharib\u0259nin birinci s\u0259hn\u0259sin\u0259 getdikc\u0259 daha \u00e7ox b\u0259nz\u0259yir. Do\u011frudan da, s\u0259rt rejiml\u0259r milliyy\u0259t\u00e7iliyin istismar\u0131n\u0131 art\u0131rma\u011fa getdikc\u0259 daha \u00e7ox meyll\u0259nirl\u0259r.\n<\/p>\n<p>\n  Lakin \u00e7\u0131xar\u0131lan n\u0259tic\u0259 yen\u0259 d\u0259 m\u0259nafel\u0259rimiz\u0259 ziddir. Kims\u0259 d\u00fc\u015f\u00fcn\u00fcr ki, nisb\u0259t\u0259n m\u00fclayim diktatura s\u00fclh\u0259 \u00e7ata bilm\u0259dis\u0259, daha s\u0259rti &#8211; \u0259n az\u0131ndan t\u0259r\u0259fl\u0259rin birind\u0259 qurulsa \u2013 bunu m\u00fcmk\u00fcn ed\u0259r.\n<\/p>\n<p>\n  \u0130dar\u0259etm\u0259d\u0259 v\u0259 hakimiyy\u0259tin \u00f6t\u00fcr\u00fclm\u0259sind\u0259 s\u00fclal\u0259\u00e7iliyin m\u00f6hk\u0259ml\u0259ndirilm\u0259sin\u0259 y\u00f6n\u0259lmi\u015f Konstitusiya Referendumunu \u00f6lk\u0259mizd\u0259 ciddi maraqlara yiy\u0259l\u0259n\u0259n b\u0259zi xaricil\u0259rin d\u0259st\u0259yi olmadan \u0130lham \u018fliyev elan ed\u0259 bilm\u0259zdi. 18 iyul 2016-c\u0131 il t\u0259\u015f\u0259bb\u00fcs\u00fc arxas\u0131nda kim durursa-dursun \u2013 ist\u0259r ingilis \u015fahzad\u0259si Endr\u00fc, ist\u0259r Aviqdor Liberman, ist\u0259r Putin, ist\u0259rs\u0259 d\u0259 Hulliburton \u015firk\u0259tinin yetkilil\u0259ri \u2013 bu s\u00fclal\u0259 referendumu dig\u0259r \u015feyl\u0259rl\u0259 yana\u015f\u0131 vasit\u0259\u00e7ilikd\u0259 k\u00f6kl\u00fc d\u0259yi\u015fiklikd\u0259n x\u0259b\u0259r verir: y\u0259ni, daxili m\u0259s\u0259l\u0259l\u0259rd\u0259 \u00f6zba\u015fnal\u0131\u011f\u0131n dozas\u0131n\u0131 art\u0131rma\u011fa icaz\u0259 alnm\u0131\u015fd\u0131r.\n<\/p>\n<p>\n  Erm\u0259nistandak\u0131 rejimin Az\u0259rbaycanda sabah qurulmas\u0131 d\u00fc\u015f\u00fcn\u00fcl\u0259n daha da s\u0259rt diktaturan\u0131n tay\u0131 olub-olmayaca\u011f\u0131 h\u0259l\u0259 ayd\u0131n deyil. B\u0259lk\u0259 d\u0259 bu d\u0259f\u0259 oyun &#8220;daha liberal Erm\u0259nistan daha diktator\u00e7u Az\u0259rbaycana qar\u015f\u0131&#8221; qaydalar\u0131 il\u0259 ke\u00e7iril\u0259c\u0259k. B\u0259lk\u0259 d\u0259 bu, tap\u0131lmas\u0131 Erm\u0259nistan xalq\u0131n\u0131n \u00f6hd\u0259sin\u0259 burax\u0131lacaq m\u0259chuldur. \u0130ndiy\u0259d\u0259k \u00a0Az\u0259rbaycan v\u0259 Erm\u0259nistan &#8220;iki mill\u0259t \u2013 bir c\u00fcr d\u00f6vl\u0259t&#8221; olmu\u015flar.\n<\/p>\n<p>\n  S\u00f6z\u00fcged\u0259n referendumu ke\u00e7irm\u0259y\u0259 \u0130lham \u018fliyevi t\u0259hrik ed\u0259nl\u0259r \u00fc\u00e7\u00fcn tamamil\u0259 m\u0259ntiqli hald\u0131r ki, Da\u011fl\u0131q Qaraba\u011f\u0131n r\u0259sm\u0259n itirilm\u0259sin\u0259 y\u00f6n\u0259ldil\u0259n Az\u0259rbaycanda z\u00fclm g\u00fccl\u0259ndirilm\u0259lidir, xalis m\u0259nada torpaq qazanacaq Erm\u0259nistanda is\u0259 demokratik c\u0259hdl\u0259rin yolu a\u00e7\u0131q qalmal\u0131d\u0131r.\n<\/p>\n<p>\n  Nikbin t\u0259r\u0259fd\u0259n onu dem\u0259liy\u0259m ki, bu plan \u0130lham \u018fliyevin xarici dostlar\u0131n\u0131nd\u0131r, b\u00fct\u00fcn beyn\u0259lxalq al\u0259min deyil. Do\u011frudur, onun xarici dostlar\u0131 z\u0259if deyill\u0259r: Onlar ona 2013-c\u00fc il yanvar\u0131n 23-d\u0259 Az\u0259rbaycandak\u0131 siyasi m\u0259hbuslarla ba\u011fl\u0131 A\u015ePA s\u0259sverm\u0259sini qazand\u0131rd\u0131lar; DT\u0130HB il\u0259 bir qov\u011fa tama\u015fas\u0131 qurub 2015-ci il parlament se\u00e7kil\u0259rinin saxtala\u015fd\u0131r\u0131lmas\u0131 i\u015fini faktiki olaraq asanla\u015fd\u0131rd\u0131lar; v\u0259 onlar h\u0259l\u0259 d\u0259 AB\u015e Konqresind\u0259 onun rejimin\u0259 qar\u015f\u0131 haz\u0131rlanan sanksiyalar qanunu layih\u0259sini ert\u0259l\u0259m\u0259yi bacar\u0131rlar.\n<\/p>\n<p>\n  Ancaq biz m\u00f6hk\u0259m dursaq v\u0259 onun dostlar\u0131ndan daha a\u011f\u0131ll\u0131 adamlar\u0131n beyn\u0259lxalq dayan\u0131\u015fmas\u0131ndan faydalansaq, n\u0259 Da\u011fl\u0131q Qaraba\u011f m\u00fcnaqi\u015f\u0259sini h\u0259ll ed\u0259c\u0259k, n\u0259 d\u0259 regionumuzda demokratiyan\u0131 g\u00fccl\u0259ndir\u0259c\u0259k bu plan\u0131n \u00fcst\u00fcnd\u0259n x\u0259tt \u00e7\u0259k\u0259 bil\u0259rik.\n<\/p>\n<p>\n  <a href=\"http:\/\/cumhuriyyet.org\/xeberler\/604-lqar-memmedov-referendum-torpaqlarin-teslimi-uchundurmu.html\" target=\"_blank\" rel=\"noopener\"><br \/>\n    M\u0259nb\u0259<br \/>\n  <\/a><\/p>\n","protected":false},"excerpt":{"rendered":"<p>S\u00f6z\u00fcged\u0259n referendumu ke\u00e7irm\u0259y\u0259 \u0130lham \u018fliyevi t\u0259hrik ed\u0259nl\u0259r \u00fc\u00e7\u00fcn tamamil\u0259 m\u0259ntiqli hald\u0131r ki, Da\u011fl\u0131q Qaraba\u011f\u0131n r\u0259sm\u0259n itirilm\u0259sin\u0259 y\u00f6n\u0259ldil\u0259n Az\u0259rbaycanda z\u00fclm g\u00fccl\u0259ndirilm\u0259lidir<\/p>\n","protected":false},"author":11,"featured_media":55497,"comment_status":"closed","ping_status":"open","sticky":false,"template":"","format":"standard","meta":{"_acf_changed":false,"_sitemap_exclude":false,"_sitemap_priority":"","_sitemap_frequency":"","footnotes":""},"categories":[51],"tags":[],"class_list":["post-177677","post","type-post","status-publish","format-standard","has-post-thumbnail","hentry","category-analitika","infinite-scroll-item","generate-columns","tablet-grid-50","mobile-grid-100","grid-parent","grid-33","no-featured-image-padding"],"acf":[],"yoast_head":"<!-- This site is optimized with the Yoast SEO plugin v27.5 - https:\/\/yoast.com\/product\/yoast-seo-wordpress\/ -->\n<title>\u0130lham \u018fliyev xaricil\u0259rin d\u0259st\u0259yi olmadan referendum elan ed\u0259 bilm\u0259zdi - MEYDAN.TV<\/title>\n<meta name=\"robots\" content=\"index, follow, max-snippet:-1, max-image-preview:large, max-video-preview:-1\" \/>\n<link rel=\"canonical\" href=\"https:\/\/www.meydan.tv\/az\/article\/ilham-eliyev-xaricilerin-desteyi-olmadan-referendum-elan-ede-bilmezdi\/\" \/>\n<meta property=\"og:locale\" content=\"az_AZ\" \/>\n<meta property=\"og:type\" content=\"article\" \/>\n<meta property=\"og:title\" content=\"\u0130lham \u018fliyev xaricil\u0259rin d\u0259st\u0259yi olmadan referendum elan ed\u0259 bilm\u0259zdi - MEYDAN.TV\" \/>\n<meta property=\"og:description\" content=\"S\u00f6z\u00fcged\u0259n referendumu ke\u00e7irm\u0259y\u0259 \u0130lham \u018fliyevi t\u0259hrik ed\u0259nl\u0259r \u00fc\u00e7\u00fcn tamamil\u0259 m\u0259ntiqli hald\u0131r ki, Da\u011fl\u0131q Qaraba\u011f\u0131n r\u0259sm\u0259n itirilm\u0259sin\u0259 y\u00f6n\u0259ldil\u0259n Az\u0259rbaycanda z\u00fclm g\u00fccl\u0259ndirilm\u0259lidir\" \/>\n<meta property=\"og:url\" content=\"https:\/\/www.meydan.tv\/az\/article\/ilham-eliyev-xaricilerin-desteyi-olmadan-referendum-elan-ede-bilmezdi\/\" \/>\n<meta property=\"og:site_name\" content=\"MEYDAN.TV\" \/>\n<meta property=\"article:published_time\" content=\"2016-07-25T21:12:11+00:00\" \/>\n<meta property=\"og:image\" content=\"https:\/\/www.meydan.tv\/wp-content\/uploads\/20955.jpg\" \/>\n\t<meta property=\"og:image:width\" content=\"1280\" \/>\n\t<meta property=\"og:image:height\" content=\"720\" \/>\n\t<meta property=\"og:image:type\" content=\"image\/jpeg\" \/>\n<meta name=\"author\" content=\"user-manager\" \/>\n<meta name=\"twitter:card\" content=\"summary_large_image\" \/>\n<script type=\"application\/ld+json\" class=\"yoast-schema-graph\">{\"@context\":\"https:\\\/\\\/schema.org\",\"@graph\":[{\"@type\":\"Article\",\"@id\":\"https:\\\/\\\/www.meydan.tv\\\/az\\\/article\\\/ilham-eliyev-xaricilerin-desteyi-olmadan-referendum-elan-ede-bilmezdi\\\/#article\",\"isPartOf\":{\"@id\":\"https:\\\/\\\/www.meydan.tv\\\/az\\\/article\\\/ilham-eliyev-xaricilerin-desteyi-olmadan-referendum-elan-ede-bilmezdi\\\/\"},\"author\":{\"name\":\"user-manager\",\"@id\":\"https:\\\/\\\/www.meydan.tv\\\/az\\\/#\\\/schema\\\/person\\\/10d11eccf6da3662cf5fdab9806ea91a\"},\"headline\":\"\u0130lham \u018fliyev xaricil\u0259rin d\u0259st\u0259yi olmadan referendum elan ed\u0259 bilm\u0259zdi\",\"datePublished\":\"2016-07-25T21:12:11+00:00\",\"mainEntityOfPage\":{\"@id\":\"https:\\\/\\\/www.meydan.tv\\\/az\\\/article\\\/ilham-eliyev-xaricilerin-desteyi-olmadan-referendum-elan-ede-bilmezdi\\\/\"},\"wordCount\":775,\"publisher\":{\"@id\":\"https:\\\/\\\/www.meydan.tv\\\/az\\\/#organization\"},\"image\":{\"@id\":\"https:\\\/\\\/www.meydan.tv\\\/az\\\/article\\\/ilham-eliyev-xaricilerin-desteyi-olmadan-referendum-elan-ede-bilmezdi\\\/#primaryimage\"},\"thumbnailUrl\":\"https:\\\/\\\/www.meydan.tv\\\/wp-content\\\/uploads\\\/20955.jpg\",\"articleSection\":[\"Analitika\"],\"inLanguage\":\"az\"},{\"@type\":\"WebPage\",\"@id\":\"https:\\\/\\\/www.meydan.tv\\\/az\\\/article\\\/ilham-eliyev-xaricilerin-desteyi-olmadan-referendum-elan-ede-bilmezdi\\\/\",\"url\":\"https:\\\/\\\/www.meydan.tv\\\/az\\\/article\\\/ilham-eliyev-xaricilerin-desteyi-olmadan-referendum-elan-ede-bilmezdi\\\/\",\"name\":\"\u0130lham \u018fliyev xaricil\u0259rin d\u0259st\u0259yi olmadan referendum elan ed\u0259 bilm\u0259zdi - MEYDAN.TV\",\"isPartOf\":{\"@id\":\"https:\\\/\\\/www.meydan.tv\\\/az\\\/#website\"},\"primaryImageOfPage\":{\"@id\":\"https:\\\/\\\/www.meydan.tv\\\/az\\\/article\\\/ilham-eliyev-xaricilerin-desteyi-olmadan-referendum-elan-ede-bilmezdi\\\/#primaryimage\"},\"image\":{\"@id\":\"https:\\\/\\\/www.meydan.tv\\\/az\\\/article\\\/ilham-eliyev-xaricilerin-desteyi-olmadan-referendum-elan-ede-bilmezdi\\\/#primaryimage\"},\"thumbnailUrl\":\"https:\\\/\\\/www.meydan.tv\\\/wp-content\\\/uploads\\\/20955.jpg\",\"datePublished\":\"2016-07-25T21:12:11+00:00\",\"breadcrumb\":{\"@id\":\"https:\\\/\\\/www.meydan.tv\\\/az\\\/article\\\/ilham-eliyev-xaricilerin-desteyi-olmadan-referendum-elan-ede-bilmezdi\\\/#breadcrumb\"},\"inLanguage\":\"az\",\"potentialAction\":[{\"@type\":\"ReadAction\",\"target\":[\"https:\\\/\\\/www.meydan.tv\\\/az\\\/article\\\/ilham-eliyev-xaricilerin-desteyi-olmadan-referendum-elan-ede-bilmezdi\\\/\"]}]},{\"@type\":\"ImageObject\",\"inLanguage\":\"az\",\"@id\":\"https:\\\/\\\/www.meydan.tv\\\/az\\\/article\\\/ilham-eliyev-xaricilerin-desteyi-olmadan-referendum-elan-ede-bilmezdi\\\/#primaryimage\",\"url\":\"https:\\\/\\\/www.meydan.tv\\\/wp-content\\\/uploads\\\/20955.jpg\",\"contentUrl\":\"https:\\\/\\\/www.meydan.tv\\\/wp-content\\\/uploads\\\/20955.jpg\",\"width\":1280,\"height\":720,\"caption\":\"Source:\"},{\"@type\":\"BreadcrumbList\",\"@id\":\"https:\\\/\\\/www.meydan.tv\\\/az\\\/article\\\/ilham-eliyev-xaricilerin-desteyi-olmadan-referendum-elan-ede-bilmezdi\\\/#breadcrumb\",\"itemListElement\":[{\"@type\":\"ListItem\",\"position\":1,\"name\":\"Ana s\u0259hif\u0259\",\"item\":\"https:\\\/\\\/www.meydan.tv\\\/az\\\/\"},{\"@type\":\"ListItem\",\"position\":2,\"name\":\"Analitika\",\"item\":\"https:\\\/\\\/www.meydan.tv\\\/az\\\/section\\\/analitika\\\/\"},{\"@type\":\"ListItem\",\"position\":3,\"name\":\"\u0130lham \u018fliyev xaricil\u0259rin d\u0259st\u0259yi olmadan referendum elan ed\u0259 bilm\u0259zdi\"}]},{\"@type\":\"WebSite\",\"@id\":\"https:\\\/\\\/www.meydan.tv\\\/az\\\/#website\",\"url\":\"https:\\\/\\\/www.meydan.tv\\\/az\\\/\",\"name\":\"MEYDAN.TV\",\"description\":\"Meydan TV Az\u0259rbaycan\u0131n media m\u0259kan\u0131ndak\u0131 alternativ s\u0259sidir\",\"publisher\":{\"@id\":\"https:\\\/\\\/www.meydan.tv\\\/az\\\/#organization\"},\"potentialAction\":[{\"@type\":\"SearchAction\",\"target\":{\"@type\":\"EntryPoint\",\"urlTemplate\":\"https:\\\/\\\/www.meydan.tv\\\/az\\\/?s={search_term_string}\"},\"query-input\":{\"@type\":\"PropertyValueSpecification\",\"valueRequired\":true,\"valueName\":\"search_term_string\"}}],\"inLanguage\":\"az\"},{\"@type\":\"Organization\",\"@id\":\"https:\\\/\\\/www.meydan.tv\\\/az\\\/#organization\",\"name\":\"Meydan TV\",\"url\":\"https:\\\/\\\/www.meydan.tv\\\/az\\\/\",\"logo\":{\"@type\":\"ImageObject\",\"inLanguage\":\"az\",\"@id\":\"https:\\\/\\\/www.meydan.tv\\\/az\\\/#\\\/schema\\\/logo\\\/image\\\/\",\"url\":\"https:\\\/\\\/www.meydan.tv\\\/wp-content\\\/uploads\\\/2021\\\/07\\\/meydan-logo.svg\",\"contentUrl\":\"https:\\\/\\\/www.meydan.tv\\\/wp-content\\\/uploads\\\/2021\\\/07\\\/meydan-logo.svg\",\"width\":195,\"height\":46,\"caption\":\"Meydan TV\"},\"image\":{\"@id\":\"https:\\\/\\\/www.meydan.tv\\\/az\\\/#\\\/schema\\\/logo\\\/image\\\/\"}},{\"@type\":\"Person\",\"@id\":\"https:\\\/\\\/www.meydan.tv\\\/az\\\/#\\\/schema\\\/person\\\/10d11eccf6da3662cf5fdab9806ea91a\",\"name\":\"user-manager\"}]}<\/script>\n<!-- \/ Yoast SEO plugin. -->","yoast_head_json":{"title":"\u0130lham \u018fliyev xaricil\u0259rin d\u0259st\u0259yi olmadan referendum elan ed\u0259 bilm\u0259zdi - MEYDAN.TV","robots":{"index":"index","follow":"follow","max-snippet":"max-snippet:-1","max-image-preview":"max-image-preview:large","max-video-preview":"max-video-preview:-1"},"canonical":"https:\/\/www.meydan.tv\/az\/article\/ilham-eliyev-xaricilerin-desteyi-olmadan-referendum-elan-ede-bilmezdi\/","og_locale":"az_AZ","og_type":"article","og_title":"\u0130lham \u018fliyev xaricil\u0259rin d\u0259st\u0259yi olmadan referendum elan ed\u0259 bilm\u0259zdi - MEYDAN.TV","og_description":"S\u00f6z\u00fcged\u0259n referendumu ke\u00e7irm\u0259y\u0259 \u0130lham \u018fliyevi t\u0259hrik ed\u0259nl\u0259r \u00fc\u00e7\u00fcn tamamil\u0259 m\u0259ntiqli hald\u0131r ki, Da\u011fl\u0131q Qaraba\u011f\u0131n r\u0259sm\u0259n itirilm\u0259sin\u0259 y\u00f6n\u0259ldil\u0259n Az\u0259rbaycanda z\u00fclm g\u00fccl\u0259ndirilm\u0259lidir","og_url":"https:\/\/www.meydan.tv\/az\/article\/ilham-eliyev-xaricilerin-desteyi-olmadan-referendum-elan-ede-bilmezdi\/","og_site_name":"MEYDAN.TV","article_published_time":"2016-07-25T21:12:11+00:00","og_image":[{"width":1280,"height":720,"url":"https:\/\/www.meydan.tv\/wp-content\/uploads\/20955.jpg","type":"image\/jpeg"}],"author":"user-manager","twitter_card":"summary_large_image","schema":{"@context":"https:\/\/schema.org","@graph":[{"@type":"Article","@id":"https:\/\/www.meydan.tv\/az\/article\/ilham-eliyev-xaricilerin-desteyi-olmadan-referendum-elan-ede-bilmezdi\/#article","isPartOf":{"@id":"https:\/\/www.meydan.tv\/az\/article\/ilham-eliyev-xaricilerin-desteyi-olmadan-referendum-elan-ede-bilmezdi\/"},"author":{"name":"user-manager","@id":"https:\/\/www.meydan.tv\/az\/#\/schema\/person\/10d11eccf6da3662cf5fdab9806ea91a"},"headline":"\u0130lham \u018fliyev xaricil\u0259rin d\u0259st\u0259yi olmadan referendum elan ed\u0259 bilm\u0259zdi","datePublished":"2016-07-25T21:12:11+00:00","mainEntityOfPage":{"@id":"https:\/\/www.meydan.tv\/az\/article\/ilham-eliyev-xaricilerin-desteyi-olmadan-referendum-elan-ede-bilmezdi\/"},"wordCount":775,"publisher":{"@id":"https:\/\/www.meydan.tv\/az\/#organization"},"image":{"@id":"https:\/\/www.meydan.tv\/az\/article\/ilham-eliyev-xaricilerin-desteyi-olmadan-referendum-elan-ede-bilmezdi\/#primaryimage"},"thumbnailUrl":"https:\/\/www.meydan.tv\/wp-content\/uploads\/20955.jpg","articleSection":["Analitika"],"inLanguage":"az"},{"@type":"WebPage","@id":"https:\/\/www.meydan.tv\/az\/article\/ilham-eliyev-xaricilerin-desteyi-olmadan-referendum-elan-ede-bilmezdi\/","url":"https:\/\/www.meydan.tv\/az\/article\/ilham-eliyev-xaricilerin-desteyi-olmadan-referendum-elan-ede-bilmezdi\/","name":"\u0130lham \u018fliyev xaricil\u0259rin d\u0259st\u0259yi olmadan referendum elan ed\u0259 bilm\u0259zdi - MEYDAN.TV","isPartOf":{"@id":"https:\/\/www.meydan.tv\/az\/#website"},"primaryImageOfPage":{"@id":"https:\/\/www.meydan.tv\/az\/article\/ilham-eliyev-xaricilerin-desteyi-olmadan-referendum-elan-ede-bilmezdi\/#primaryimage"},"image":{"@id":"https:\/\/www.meydan.tv\/az\/article\/ilham-eliyev-xaricilerin-desteyi-olmadan-referendum-elan-ede-bilmezdi\/#primaryimage"},"thumbnailUrl":"https:\/\/www.meydan.tv\/wp-content\/uploads\/20955.jpg","datePublished":"2016-07-25T21:12:11+00:00","breadcrumb":{"@id":"https:\/\/www.meydan.tv\/az\/article\/ilham-eliyev-xaricilerin-desteyi-olmadan-referendum-elan-ede-bilmezdi\/#breadcrumb"},"inLanguage":"az","potentialAction":[{"@type":"ReadAction","target":["https:\/\/www.meydan.tv\/az\/article\/ilham-eliyev-xaricilerin-desteyi-olmadan-referendum-elan-ede-bilmezdi\/"]}]},{"@type":"ImageObject","inLanguage":"az","@id":"https:\/\/www.meydan.tv\/az\/article\/ilham-eliyev-xaricilerin-desteyi-olmadan-referendum-elan-ede-bilmezdi\/#primaryimage","url":"https:\/\/www.meydan.tv\/wp-content\/uploads\/20955.jpg","contentUrl":"https:\/\/www.meydan.tv\/wp-content\/uploads\/20955.jpg","width":1280,"height":720,"caption":"Source:"},{"@type":"BreadcrumbList","@id":"https:\/\/www.meydan.tv\/az\/article\/ilham-eliyev-xaricilerin-desteyi-olmadan-referendum-elan-ede-bilmezdi\/#breadcrumb","itemListElement":[{"@type":"ListItem","position":1,"name":"Ana s\u0259hif\u0259","item":"https:\/\/www.meydan.tv\/az\/"},{"@type":"ListItem","position":2,"name":"Analitika","item":"https:\/\/www.meydan.tv\/az\/section\/analitika\/"},{"@type":"ListItem","position":3,"name":"\u0130lham \u018fliyev xaricil\u0259rin d\u0259st\u0259yi olmadan referendum elan ed\u0259 bilm\u0259zdi"}]},{"@type":"WebSite","@id":"https:\/\/www.meydan.tv\/az\/#website","url":"https:\/\/www.meydan.tv\/az\/","name":"MEYDAN.TV","description":"Meydan TV Az\u0259rbaycan\u0131n media m\u0259kan\u0131ndak\u0131 alternativ s\u0259sidir","publisher":{"@id":"https:\/\/www.meydan.tv\/az\/#organization"},"potentialAction":[{"@type":"SearchAction","target":{"@type":"EntryPoint","urlTemplate":"https:\/\/www.meydan.tv\/az\/?s={search_term_string}"},"query-input":{"@type":"PropertyValueSpecification","valueRequired":true,"valueName":"search_term_string"}}],"inLanguage":"az"},{"@type":"Organization","@id":"https:\/\/www.meydan.tv\/az\/#organization","name":"Meydan TV","url":"https:\/\/www.meydan.tv\/az\/","logo":{"@type":"ImageObject","inLanguage":"az","@id":"https:\/\/www.meydan.tv\/az\/#\/schema\/logo\/image\/","url":"https:\/\/www.meydan.tv\/wp-content\/uploads\/2021\/07\/meydan-logo.svg","contentUrl":"https:\/\/www.meydan.tv\/wp-content\/uploads\/2021\/07\/meydan-logo.svg","width":195,"height":46,"caption":"Meydan TV"},"image":{"@id":"https:\/\/www.meydan.tv\/az\/#\/schema\/logo\/image\/"}},{"@type":"Person","@id":"https:\/\/www.meydan.tv\/az\/#\/schema\/person\/10d11eccf6da3662cf5fdab9806ea91a","name":"user-manager"}]}},"_links":{"self":[{"href":"https:\/\/www.meydan.tv\/az\/wp-json\/wp\/v2\/posts\/177677","targetHints":{"allow":["GET"]}}],"collection":[{"href":"https:\/\/www.meydan.tv\/az\/wp-json\/wp\/v2\/posts"}],"about":[{"href":"https:\/\/www.meydan.tv\/az\/wp-json\/wp\/v2\/types\/post"}],"author":[{"embeddable":true,"href":"https:\/\/www.meydan.tv\/az\/wp-json\/wp\/v2\/users\/11"}],"replies":[{"embeddable":true,"href":"https:\/\/www.meydan.tv\/az\/wp-json\/wp\/v2\/comments?post=177677"}],"version-history":[{"count":0,"href":"https:\/\/www.meydan.tv\/az\/wp-json\/wp\/v2\/posts\/177677\/revisions"}],"wp:featuredmedia":[{"embeddable":true,"href":"https:\/\/www.meydan.tv\/az\/wp-json\/wp\/v2\/media\/55497"}],"wp:attachment":[{"href":"https:\/\/www.meydan.tv\/az\/wp-json\/wp\/v2\/media?parent=177677"}],"wp:term":[{"taxonomy":"category","embeddable":true,"href":"https:\/\/www.meydan.tv\/az\/wp-json\/wp\/v2\/categories?post=177677"},{"taxonomy":"post_tag","embeddable":true,"href":"https:\/\/www.meydan.tv\/az\/wp-json\/wp\/v2\/tags?post=177677"}],"curies":[{"name":"wp","href":"https:\/\/api.w.org\/{rel}","templated":true}]}}