{"id":177660,"date":"2016-07-25T15:59:33","date_gmt":"2016-07-25T15:59:33","guid":{"rendered":"https:\/\/www.meydan.tv\/article\/vitse-prezidentlik-institutunun-yaradilmasi-mentiqli-deyil\/"},"modified":"2016-07-25T15:59:33","modified_gmt":"2016-07-25T15:59:33","slug":"vitse-prezidentlik-institutunun-yaradilmasi-mentiqli-deyil","status":"publish","type":"post","link":"https:\/\/www.meydan.tv\/az\/article\/vitse-prezidentlik-institutunun-yaradilmasi-mentiqli-deyil\/","title":{"rendered":"&#8221;Vitse-prezidentlik institutunun yarad\u0131lmas\u0131 m\u0259ntiqli deyil&#8221;"},"content":{"rendered":"<figure class=\"wp-block-image size-large\">\n  <img decoding=\"async\" src=\"https:\/\/www.meydan.tv\/az\/63904\/\" alt=\"\" class=\"wp-image-63904\"\/><figcaption><\/figcaption><\/figure>\n<p>\n  <i><br \/>\n    H\u00fcquq\u015f\u00fcnaslar Referendum Akt\u0131 layih\u0259sini t\u0259hlil edib<br \/>\n  <\/i>\n<\/p>\n<p>\n  \u201cT\u0259klif edil\u0259n Vitse-prezidentlik institutu m\u0259ntiq\u0259 uy\u011fun deyil, h\u00fcquqaziddir\u201d.\n<\/p>\n<p>\n  Bu fikir h\u00fcquq\u015f\u00fcnaslar \u018fl\u00f6vs\u0259t \u018fliyev v\u0259 Ataxan \u018fbilovun birg\u0259 a\u00e7\u0131qlamas\u0131nda yer al\u0131b.\n<\/p>\n<p>\n  Konstitusiya M\u0259hk\u0259m\u0259sinin Referendum Akt\u0131 layih\u0259sin\u0259 m\u00fcsb\u0259t r\u0259y verm\u0259sin\u0259 m\u00fcnasib\u0259t bildir\u0259n h\u00fcquq\u015f\u00fcnaslar hesab edirl\u0259r ki, t\u0259qdim olunan layih\u0259nin \u0259sas h\u0259d\u0259fl\u0259rind\u0259n biri \u201cvitse-prezidentlik\u201d institutu il\u0259 ba\u011fl\u0131d\u0131r:\n<\/p>\n<p>\n  &#8220;Hesab edirik ki, h\u0259min institutla ba\u011fl\u0131 Konstitusiyan\u0131n 103 \u00fcst\u00fc 1, 106 \u00fcst\u00fc 1 v\u0259 108 \u00fcst\u00fc 1 madd\u0259l\u0259rinin t\u0259klif edil\u0259n qaydada q\u0259bul olunmas\u0131 a\u015fa\u011f\u0131dak\u0131lara g\u00f6r\u0259 yolverilm\u0259zdir (yeri g\u0259lmi\u015fk\u0259n qeyd edil\u0259n madd\u0259l\u0259rin i\u015far\u0259l\u0259nm\u0259sinin \u00f6z\u00fcn\u00fc (Madd\u0259 103 \u00fcst\u00fc 1 v\u0259 s.) qanunvericilik texnikas\u0131nda yeni bir k\u0259\u015ff hesab etm\u0259k olar).\n<\/p>\n<p>\n  Birincisi, ist\u0259nil\u0259n qanun layih\u0259sinin o c\u00fcml\u0259d\u0259n m\u00fcbahis\u0259l\u0259ndiril\u0259n Referendium Akt\u0131n\u0131n, h\u0259m b\u00fct\u00f6vl\u00fckd\u0259, h\u0259m d\u0259 konkret olaraq \u201cvitse-prezidentlik\u201d instutu il\u0259 ba\u011fl\u0131, ilk olaraq hans\u0131 z\u0259rur\u0259td\u0259n ir\u0259li g\u0259lm\u0259sinin s\u0259b\u0259bl\u0259ri g\u00f6st\u0259rilm\u0259lidir. Y\u0259ni, Az\u0259rbaycan Respublikas\u0131n\u0131n Birinci vitse-prezidenti v\u0259 vitse-prezidentl\u0259ri v\u0259zif\u0259l\u0259rinin t\u0259sis olunmas\u0131n\u0131n z\u0259ruriliyi \u0259sasland\u0131r\u0131lmal\u0131d\u0131r v\u0259 h\u0259min \u0259sasland\u0131rma a\u011flabatan olmal\u0131d\u0131r. Bu, birba\u015fa q\u00fcvv\u0259d\u0259 olan Az\u0259rbaycan Respublikas\u0131 qanunvericiliyinin t\u0259l\u0259bidir. &#8220;Normativ h\u00fcquqi aktlar haqq\u0131nda&#8221; Konstitusiya qanununun 40-c\u0131 madd\u0259sin\u0259 g\u00f6r\u0259, normayaratma prosesi planl\u0131 \u015f\u0259kild\u0259 h\u0259yata ke\u00e7irilm\u0259lidir. H\u0259min qanunun 41 madd\u0259sin\u0259 \u0259sas\u0259n normativ h\u00fcquqi aktlar\u0131n layih\u0259l\u0259rinin haz\u0131rlanmas\u0131n\u0131n planla\u015fd\u0131r\u0131lmas\u0131na normayaratma orqanlar\u0131 t\u0259r\u0259find\u0259n a\u015fa\u011f\u0131dak\u0131lar\u0131n t\u0259sdiq edilm\u0259si daxildir: 1) normativ h\u00fcquqi aktlar\u0131n layih\u0259l\u0259rinin haz\u0131rlanmas\u0131 haqq\u0131nda m\u00fcdd\u0259alar\u0131 \u0259ks etdir\u0259n d\u00f6vl\u0259t proqramlar\u0131; 2) qanun layih\u0259l\u0259rinin haz\u0131rlanmas\u0131n\u0131n illik planlar\u0131 v\u0259 normativ h\u00fcquqi aktlar\u0131n layih\u0259l\u0259rinin haz\u0131rlanmas\u0131n\u0131n dig\u0259r planlar\u0131.\n<\/p>\n<p>\n  Bundan \u0259lav\u0259, &#8221;Normativ h\u00fcquqi aktlar haqq\u0131nda&#8221; Konstitusiya qanununa 1 sayl\u0131 \u0259lav\u0259nin 1-ci b\u0259ndin\u0259 g\u00f6r\u0259, Normativ h\u00fcquqi akt layih\u0259sinin (qanunun) \u201ct\u0259nziml\u0259m\u0259 sah\u0259sin\u0259 aid normativ t\u0259nziml\u0259m\u0259nin v\u0259ziyy\u0259ti (q\u00fcvv\u0259d\u0259 olan konkret normativ h\u00fcquqi aktlar\u0131n t\u0259hlili)\u201d a\u00e7\u0131qlanmal\u0131d\u0131r. Y\u0259ni, s\u00f6hb\u0259t t\u0259qdim edil\u0259n layih\u0259ni z\u0259ruri ed\u0259n v\u0259ziyy\u0259tin t\u0259hlilind\u0259n gedir&#8221;.\n<\/p>\n<p>\n  A\u00e7\u0131qlamada bildirilir ki, Konstitusiyaya d\u0259yi\u015filik s\u0131radan bir hadis\u0259 hesab edil\u0259 bilm\u0259z: &#8221;Demokratik d\u00f6vl\u0259tl\u0259rin t\u0259cr\u00fcb\u0259sind\u0259 buna ill\u0259rl\u0259 haz\u0131rl\u0131q gedir. Geni\u015f ictimai m\u00fczakir\u0259l\u0259r apar\u0131l\u0131r, t\u0259hlill\u0259r edilir. Az\u0259rbaycanda is\u0259 bu bar\u0259d\u0259 n\u0259inki hans\u0131sa t\u0259hlil olub, bu bar\u0259d\u0259 x\u0259b\u0259r ictimaiyy\u0259t\u0259 yaln\u0131z layih\u0259 Konstitusiya M\u0259hk\u0259m\u0259sin\u0259 g\u00f6nd\u0259ril\u0259n g\u00fcn elan edilib.\n<\/p>\n<p>\n  \u0130kincisi, Layih\u0259nin 103 \u00fcst\u00fc 1 madd\u0259sinin birinci hiss\u0259sind\u0259n g\u00f6r\u00fcnd\u00fcy\u00fc kimi Az\u0259rbaycan Respublikas\u0131n\u0131n Birinci vitse-prezidenti v\u0259 vitse-prezidentl\u0259ri Az\u0259rbaycan Respublikas\u0131n\u0131n Prezidenti t\u0259r\u0259find\u0259n v\u0259zif\u0259y\u0259 t\u0259yin olunur v\u0259 ya v\u0259zif\u0259d\u0259n azad edilirl\u0259r. Eyni zamanda, Konstitusiyan\u0131n 105-ci madd\u0259sinin I hiss\u0259sin\u0259 n\u0259z\u0259rd\u0259 tutulan d\u0259yi\u015fikliy\u0259 g\u00f6r\u0259, \u201cAz\u0259rbaycan Respublikas\u0131n\u0131n Prezidenti v\u0259zif\u0259d\u0259n getdikd\u0259 onun s\u0259lahiyy\u0259tl\u0259rini Az\u0259rbaycan Respublikas\u0131n\u0131n ba\u015f naziri icra edir\u201d s\u00f6zl\u0259ri \u201cAz\u0259rbaycan Respublikas\u0131n\u0131n Prezidenti v\u0259zif\u0259d\u0259n getdikd\u0259 onun s\u0259lahiyy\u0259tl\u0259rini Az\u0259rbaycan Respublikas\u0131n\u0131n Birinci vitse-prezidenti icra edir\u201d s\u00f6zl\u0259ri il\u0259 \u0259v\u0259z olunmas\u0131 n\u0259z\u0259rd\u0259 tutulmu\u015fdur. Y\u0259ni bununla &#8211; t\u0259klif edil\u0259n layih\u0259 il\u0259 s\u0259lahiyy\u0259tl\u0259r irarxiyas\u0131nda Birinci vitse-prezidentin Ba\u015f nazird\u0259n \u00fcst\u00fcn pill\u0259d\u0259 durmas\u0131 v\u0259ziyy\u0259ti h\u0259d\u0259fl\u0259nib. Bel\u0259 olan halda Ba\u015f nazirin t\u0259yinat\u0131n\u0131 t\u0259nziml\u0259y\u0259n Az\u0259rbaycan Respublikas\u0131 Konstitusiyas\u0131n\u0131n 118-ci madd\u0259sinin I hiss\u0259sil\u0259 m\u00fcqayis\u0259d\u0259 (Az\u0259rbaycan Respublikas\u0131n\u0131n Ba\u015f nazirini Az\u0259rbaycan Respublikas\u0131 Milli M\u0259clisinin raz\u0131l\u0131\u011f\u0131 il\u0259 Az\u0259rbaycan Respublikas\u0131n\u0131n Prezidenti t\u0259yin edir) Birinci vitse-prezidentin Az\u0259rbaycan Respublikas\u0131n\u0131n Prezidenti t\u0259r\u0259find\u0259n t\u0259kba\u015f\u0131na v\u0259zif\u0259y\u0259 t\u0259yin v\u0259 v\u0259zif\u0259d\u0259n azad edilm\u0259sinin qaydas\u0131 m\u0259ntiq\u0259 uy\u011fun deyil, h\u00fcquqaziddir. T\u0259qdim olunan layih\u0259nin m\u0259zmunundan g\u00f6r\u00fcn\u00fcr ki, Birinci vitse-perzident v\u0259zif\u0259si Ba\u015f nazir v\u0259zif\u0259sind\u0259n daha \u00f6n\u0259mlidir. Bu halda da hakimiyy\u0259tin idar\u0259 olunmas\u0131nda qanunverici orqan\u0131n i\u015ftirak\u0131 prinsipi \u0259n az\u0131 n\u0259z\u0259r\u0259 al\u0131nmal\u0131 v\u0259 Birinci virse-prezidentin birba\u015fa prezident t\u0259r\u0259rfind\u0259n t\u0259kba\u015f\u0131na t\u0259yin olunmas\u0131 yolverilm\u0259z hesab olunmal\u0131d\u0131r.\n<\/p>\n<p>\n  \u00dc\u00e7\u00fcnc\u00fcs\u00fc, m\u00fch\u00fcm d\u00f6vl\u0259t v\u0259zif\u0259l\u0259rin\u0259 t\u0259yinat zaman\u0131 qanunvericilik hakimiyy\u0259tin\u0131n i\u015ftirak\u0131 demokratizmin, bu bar\u0259d\u0259 icra hakimiyy\u0259ti ba\u015f\u00e7\u0131s\u0131n\u0131n t\u0259kba\u015f\u0131na q\u0259rarlar\u0131 m\u00fctl\u0259qiyy\u0259tin \u0259lam\u0259ti hesab edilir. V\u0259zif\u0259li \u015f\u0259xsin t\u0259yinat\u0131 zaman\u0131 parlamentin r\u0259yinin al\u0131nmas\u0131 xalq\u0131n etimad\u0131n\u0131n n\u0259z\u0259r\u0259 al\u0131nmas\u0131 d\u00fc\u015f\u00fcnc\u0259sin\u0259 g\u0259tirib \u00e7\u0131xar\u0131r ki, bu da d\u00f6vl\u0259t\u00e7ilik \u0259n\u0259n\u0259si bax\u0131m\u0131ndan vacibdir.\n<\/p>\n<p>\n  Referendum Akt\u0131n\u0131n lay\u0131h\u0259sin\u0259 m\u00fcnasib\u0259t bildirm\u0259yin m\u0259suliyy\u0259tini d\u0259rk ed\u0259r\u0259k bildiririk ki, bu sad\u0259c\u0259 bizim q\u0131sa m\u00fczakir\u0259d\u0259n sonrak\u0131 q\u0259na\u0259timizdir v\u0259 \u0259sas m\u0259qs\u0259dimiz \u00f6lk\u0259 v\u0259t\u0259nda\u015flar\u0131n\u0131 m\u00fczakir\u0259l\u0259r\u0259 c\u0259lb etm\u0259kl\u0259, insanlar\u0131n maarifl\u0259nm\u0259sin\u0259 d\u0259st\u0259k olmaq v\u0259 h\u0259qiq\u0259ti onlar\u0131n n\u0259z\u0259rin\u0259 \u00e7atd\u0131rmaqdan ibar\u0259tdir&#8221;.<\/p>\n","protected":false},"excerpt":{"rendered":"<p>H\u00fcquq\u015f\u00fcnaslar Referendum Akt\u0131 layih\u0259sini t\u0259hlil edib<\/p>\n","protected":false},"author":11,"featured_media":63904,"comment_status":"closed","ping_status":"open","sticky":false,"template":"","format":"standard","meta":{"_acf_changed":false,"_sitemap_exclude":false,"_sitemap_priority":"","_sitemap_frequency":"","footnotes":""},"categories":[51],"tags":[],"class_list":["post-177660","post","type-post","status-publish","format-standard","has-post-thumbnail","hentry","category-analitika","infinite-scroll-item","generate-columns","tablet-grid-50","mobile-grid-100","grid-parent","grid-33","no-featured-image-padding"],"acf":[],"yoast_head":"<!-- This site is optimized with the Yoast SEO plugin v27.5 - https:\/\/yoast.com\/product\/yoast-seo-wordpress\/ -->\n<title>&#039;&#039;Vitse-prezidentlik institutunun yarad\u0131lmas\u0131 m\u0259ntiqli deyil&#039;&#039; - MEYDAN.TV<\/title>\n<meta name=\"robots\" content=\"index, follow, max-snippet:-1, max-image-preview:large, max-video-preview:-1\" \/>\n<link rel=\"canonical\" href=\"https:\/\/www.meydan.tv\/az\/article\/vitse-prezidentlik-institutunun-yaradilmasi-mentiqli-deyil\/\" \/>\n<meta property=\"og:locale\" content=\"az_AZ\" \/>\n<meta property=\"og:type\" content=\"article\" \/>\n<meta property=\"og:title\" content=\"&#039;&#039;Vitse-prezidentlik institutunun yarad\u0131lmas\u0131 m\u0259ntiqli deyil&#039;&#039; - MEYDAN.TV\" \/>\n<meta property=\"og:description\" content=\"H\u00fcquq\u015f\u00fcnaslar Referendum Akt\u0131 layih\u0259sini t\u0259hlil edib\" \/>\n<meta property=\"og:url\" content=\"https:\/\/www.meydan.tv\/az\/article\/vitse-prezidentlik-institutunun-yaradilmasi-mentiqli-deyil\/\" \/>\n<meta property=\"og:site_name\" content=\"MEYDAN.TV\" \/>\n<meta property=\"article:published_time\" content=\"2016-07-25T15:59:33+00:00\" \/>\n<meta property=\"og:image\" content=\"https:\/\/www.meydan.tv\/wp-content\/uploads\/24361.jpg\" \/>\n\t<meta property=\"og:image:width\" content=\"768\" \/>\n\t<meta property=\"og:image:height\" content=\"482\" \/>\n\t<meta property=\"og:image:type\" content=\"image\/jpeg\" \/>\n<meta name=\"author\" content=\"user-manager\" \/>\n<meta name=\"twitter:card\" content=\"summary_large_image\" \/>\n<script type=\"application\/ld+json\" class=\"yoast-schema-graph\">{\"@context\":\"https:\\\/\\\/schema.org\",\"@graph\":[{\"@type\":\"Article\",\"@id\":\"https:\\\/\\\/www.meydan.tv\\\/az\\\/article\\\/vitse-prezidentlik-institutunun-yaradilmasi-mentiqli-deyil\\\/#article\",\"isPartOf\":{\"@id\":\"https:\\\/\\\/www.meydan.tv\\\/az\\\/article\\\/vitse-prezidentlik-institutunun-yaradilmasi-mentiqli-deyil\\\/\"},\"author\":{\"name\":\"user-manager\",\"@id\":\"https:\\\/\\\/www.meydan.tv\\\/az\\\/#\\\/schema\\\/person\\\/10d11eccf6da3662cf5fdab9806ea91a\"},\"headline\":\"&#8221;Vitse-prezidentlik institutunun yarad\u0131lmas\u0131 m\u0259ntiqli deyil&#8221;\",\"datePublished\":\"2016-07-25T15:59:33+00:00\",\"mainEntityOfPage\":{\"@id\":\"https:\\\/\\\/www.meydan.tv\\\/az\\\/article\\\/vitse-prezidentlik-institutunun-yaradilmasi-mentiqli-deyil\\\/\"},\"wordCount\":1029,\"publisher\":{\"@id\":\"https:\\\/\\\/www.meydan.tv\\\/az\\\/#organization\"},\"image\":{\"@id\":\"https:\\\/\\\/www.meydan.tv\\\/az\\\/article\\\/vitse-prezidentlik-institutunun-yaradilmasi-mentiqli-deyil\\\/#primaryimage\"},\"thumbnailUrl\":\"https:\\\/\\\/www.meydan.tv\\\/wp-content\\\/uploads\\\/24361.jpg\",\"articleSection\":[\"Analitika\"],\"inLanguage\":\"az\"},{\"@type\":\"WebPage\",\"@id\":\"https:\\\/\\\/www.meydan.tv\\\/az\\\/article\\\/vitse-prezidentlik-institutunun-yaradilmasi-mentiqli-deyil\\\/\",\"url\":\"https:\\\/\\\/www.meydan.tv\\\/az\\\/article\\\/vitse-prezidentlik-institutunun-yaradilmasi-mentiqli-deyil\\\/\",\"name\":\"''Vitse-prezidentlik institutunun yarad\u0131lmas\u0131 m\u0259ntiqli deyil'' - MEYDAN.TV\",\"isPartOf\":{\"@id\":\"https:\\\/\\\/www.meydan.tv\\\/az\\\/#website\"},\"primaryImageOfPage\":{\"@id\":\"https:\\\/\\\/www.meydan.tv\\\/az\\\/article\\\/vitse-prezidentlik-institutunun-yaradilmasi-mentiqli-deyil\\\/#primaryimage\"},\"image\":{\"@id\":\"https:\\\/\\\/www.meydan.tv\\\/az\\\/article\\\/vitse-prezidentlik-institutunun-yaradilmasi-mentiqli-deyil\\\/#primaryimage\"},\"thumbnailUrl\":\"https:\\\/\\\/www.meydan.tv\\\/wp-content\\\/uploads\\\/24361.jpg\",\"datePublished\":\"2016-07-25T15:59:33+00:00\",\"breadcrumb\":{\"@id\":\"https:\\\/\\\/www.meydan.tv\\\/az\\\/article\\\/vitse-prezidentlik-institutunun-yaradilmasi-mentiqli-deyil\\\/#breadcrumb\"},\"inLanguage\":\"az\",\"potentialAction\":[{\"@type\":\"ReadAction\",\"target\":[\"https:\\\/\\\/www.meydan.tv\\\/az\\\/article\\\/vitse-prezidentlik-institutunun-yaradilmasi-mentiqli-deyil\\\/\"]}]},{\"@type\":\"ImageObject\",\"inLanguage\":\"az\",\"@id\":\"https:\\\/\\\/www.meydan.tv\\\/az\\\/article\\\/vitse-prezidentlik-institutunun-yaradilmasi-mentiqli-deyil\\\/#primaryimage\",\"url\":\"https:\\\/\\\/www.meydan.tv\\\/wp-content\\\/uploads\\\/24361.jpg\",\"contentUrl\":\"https:\\\/\\\/www.meydan.tv\\\/wp-content\\\/uploads\\\/24361.jpg\",\"width\":768,\"height\":482,\"caption\":\"Source:\"},{\"@type\":\"BreadcrumbList\",\"@id\":\"https:\\\/\\\/www.meydan.tv\\\/az\\\/article\\\/vitse-prezidentlik-institutunun-yaradilmasi-mentiqli-deyil\\\/#breadcrumb\",\"itemListElement\":[{\"@type\":\"ListItem\",\"position\":1,\"name\":\"Ana s\u0259hif\u0259\",\"item\":\"https:\\\/\\\/www.meydan.tv\\\/az\\\/\"},{\"@type\":\"ListItem\",\"position\":2,\"name\":\"Analitika\",\"item\":\"https:\\\/\\\/www.meydan.tv\\\/az\\\/section\\\/analitika\\\/\"},{\"@type\":\"ListItem\",\"position\":3,\"name\":\"&#8221;Vitse-prezidentlik institutunun yarad\u0131lmas\u0131 m\u0259ntiqli deyil&#8221;\"}]},{\"@type\":\"WebSite\",\"@id\":\"https:\\\/\\\/www.meydan.tv\\\/az\\\/#website\",\"url\":\"https:\\\/\\\/www.meydan.tv\\\/az\\\/\",\"name\":\"MEYDAN.TV\",\"description\":\"Meydan TV Az\u0259rbaycan\u0131n media m\u0259kan\u0131ndak\u0131 alternativ s\u0259sidir\",\"publisher\":{\"@id\":\"https:\\\/\\\/www.meydan.tv\\\/az\\\/#organization\"},\"potentialAction\":[{\"@type\":\"SearchAction\",\"target\":{\"@type\":\"EntryPoint\",\"urlTemplate\":\"https:\\\/\\\/www.meydan.tv\\\/az\\\/?s={search_term_string}\"},\"query-input\":{\"@type\":\"PropertyValueSpecification\",\"valueRequired\":true,\"valueName\":\"search_term_string\"}}],\"inLanguage\":\"az\"},{\"@type\":\"Organization\",\"@id\":\"https:\\\/\\\/www.meydan.tv\\\/az\\\/#organization\",\"name\":\"Meydan TV\",\"url\":\"https:\\\/\\\/www.meydan.tv\\\/az\\\/\",\"logo\":{\"@type\":\"ImageObject\",\"inLanguage\":\"az\",\"@id\":\"https:\\\/\\\/www.meydan.tv\\\/az\\\/#\\\/schema\\\/logo\\\/image\\\/\",\"url\":\"https:\\\/\\\/www.meydan.tv\\\/wp-content\\\/uploads\\\/2021\\\/07\\\/meydan-logo.svg\",\"contentUrl\":\"https:\\\/\\\/www.meydan.tv\\\/wp-content\\\/uploads\\\/2021\\\/07\\\/meydan-logo.svg\",\"width\":195,\"height\":46,\"caption\":\"Meydan TV\"},\"image\":{\"@id\":\"https:\\\/\\\/www.meydan.tv\\\/az\\\/#\\\/schema\\\/logo\\\/image\\\/\"}},{\"@type\":\"Person\",\"@id\":\"https:\\\/\\\/www.meydan.tv\\\/az\\\/#\\\/schema\\\/person\\\/10d11eccf6da3662cf5fdab9806ea91a\",\"name\":\"user-manager\"}]}<\/script>\n<!-- \/ Yoast SEO plugin. -->","yoast_head_json":{"title":"''Vitse-prezidentlik institutunun yarad\u0131lmas\u0131 m\u0259ntiqli deyil'' - MEYDAN.TV","robots":{"index":"index","follow":"follow","max-snippet":"max-snippet:-1","max-image-preview":"max-image-preview:large","max-video-preview":"max-video-preview:-1"},"canonical":"https:\/\/www.meydan.tv\/az\/article\/vitse-prezidentlik-institutunun-yaradilmasi-mentiqli-deyil\/","og_locale":"az_AZ","og_type":"article","og_title":"''Vitse-prezidentlik institutunun yarad\u0131lmas\u0131 m\u0259ntiqli deyil'' - MEYDAN.TV","og_description":"H\u00fcquq\u015f\u00fcnaslar Referendum Akt\u0131 layih\u0259sini t\u0259hlil edib","og_url":"https:\/\/www.meydan.tv\/az\/article\/vitse-prezidentlik-institutunun-yaradilmasi-mentiqli-deyil\/","og_site_name":"MEYDAN.TV","article_published_time":"2016-07-25T15:59:33+00:00","og_image":[{"width":768,"height":482,"url":"https:\/\/www.meydan.tv\/wp-content\/uploads\/24361.jpg","type":"image\/jpeg"}],"author":"user-manager","twitter_card":"summary_large_image","schema":{"@context":"https:\/\/schema.org","@graph":[{"@type":"Article","@id":"https:\/\/www.meydan.tv\/az\/article\/vitse-prezidentlik-institutunun-yaradilmasi-mentiqli-deyil\/#article","isPartOf":{"@id":"https:\/\/www.meydan.tv\/az\/article\/vitse-prezidentlik-institutunun-yaradilmasi-mentiqli-deyil\/"},"author":{"name":"user-manager","@id":"https:\/\/www.meydan.tv\/az\/#\/schema\/person\/10d11eccf6da3662cf5fdab9806ea91a"},"headline":"&#8221;Vitse-prezidentlik institutunun yarad\u0131lmas\u0131 m\u0259ntiqli deyil&#8221;","datePublished":"2016-07-25T15:59:33+00:00","mainEntityOfPage":{"@id":"https:\/\/www.meydan.tv\/az\/article\/vitse-prezidentlik-institutunun-yaradilmasi-mentiqli-deyil\/"},"wordCount":1029,"publisher":{"@id":"https:\/\/www.meydan.tv\/az\/#organization"},"image":{"@id":"https:\/\/www.meydan.tv\/az\/article\/vitse-prezidentlik-institutunun-yaradilmasi-mentiqli-deyil\/#primaryimage"},"thumbnailUrl":"https:\/\/www.meydan.tv\/wp-content\/uploads\/24361.jpg","articleSection":["Analitika"],"inLanguage":"az"},{"@type":"WebPage","@id":"https:\/\/www.meydan.tv\/az\/article\/vitse-prezidentlik-institutunun-yaradilmasi-mentiqli-deyil\/","url":"https:\/\/www.meydan.tv\/az\/article\/vitse-prezidentlik-institutunun-yaradilmasi-mentiqli-deyil\/","name":"''Vitse-prezidentlik institutunun yarad\u0131lmas\u0131 m\u0259ntiqli deyil'' - MEYDAN.TV","isPartOf":{"@id":"https:\/\/www.meydan.tv\/az\/#website"},"primaryImageOfPage":{"@id":"https:\/\/www.meydan.tv\/az\/article\/vitse-prezidentlik-institutunun-yaradilmasi-mentiqli-deyil\/#primaryimage"},"image":{"@id":"https:\/\/www.meydan.tv\/az\/article\/vitse-prezidentlik-institutunun-yaradilmasi-mentiqli-deyil\/#primaryimage"},"thumbnailUrl":"https:\/\/www.meydan.tv\/wp-content\/uploads\/24361.jpg","datePublished":"2016-07-25T15:59:33+00:00","breadcrumb":{"@id":"https:\/\/www.meydan.tv\/az\/article\/vitse-prezidentlik-institutunun-yaradilmasi-mentiqli-deyil\/#breadcrumb"},"inLanguage":"az","potentialAction":[{"@type":"ReadAction","target":["https:\/\/www.meydan.tv\/az\/article\/vitse-prezidentlik-institutunun-yaradilmasi-mentiqli-deyil\/"]}]},{"@type":"ImageObject","inLanguage":"az","@id":"https:\/\/www.meydan.tv\/az\/article\/vitse-prezidentlik-institutunun-yaradilmasi-mentiqli-deyil\/#primaryimage","url":"https:\/\/www.meydan.tv\/wp-content\/uploads\/24361.jpg","contentUrl":"https:\/\/www.meydan.tv\/wp-content\/uploads\/24361.jpg","width":768,"height":482,"caption":"Source:"},{"@type":"BreadcrumbList","@id":"https:\/\/www.meydan.tv\/az\/article\/vitse-prezidentlik-institutunun-yaradilmasi-mentiqli-deyil\/#breadcrumb","itemListElement":[{"@type":"ListItem","position":1,"name":"Ana s\u0259hif\u0259","item":"https:\/\/www.meydan.tv\/az\/"},{"@type":"ListItem","position":2,"name":"Analitika","item":"https:\/\/www.meydan.tv\/az\/section\/analitika\/"},{"@type":"ListItem","position":3,"name":"&#8221;Vitse-prezidentlik institutunun yarad\u0131lmas\u0131 m\u0259ntiqli deyil&#8221;"}]},{"@type":"WebSite","@id":"https:\/\/www.meydan.tv\/az\/#website","url":"https:\/\/www.meydan.tv\/az\/","name":"MEYDAN.TV","description":"Meydan TV Az\u0259rbaycan\u0131n media m\u0259kan\u0131ndak\u0131 alternativ s\u0259sidir","publisher":{"@id":"https:\/\/www.meydan.tv\/az\/#organization"},"potentialAction":[{"@type":"SearchAction","target":{"@type":"EntryPoint","urlTemplate":"https:\/\/www.meydan.tv\/az\/?s={search_term_string}"},"query-input":{"@type":"PropertyValueSpecification","valueRequired":true,"valueName":"search_term_string"}}],"inLanguage":"az"},{"@type":"Organization","@id":"https:\/\/www.meydan.tv\/az\/#organization","name":"Meydan TV","url":"https:\/\/www.meydan.tv\/az\/","logo":{"@type":"ImageObject","inLanguage":"az","@id":"https:\/\/www.meydan.tv\/az\/#\/schema\/logo\/image\/","url":"https:\/\/www.meydan.tv\/wp-content\/uploads\/2021\/07\/meydan-logo.svg","contentUrl":"https:\/\/www.meydan.tv\/wp-content\/uploads\/2021\/07\/meydan-logo.svg","width":195,"height":46,"caption":"Meydan TV"},"image":{"@id":"https:\/\/www.meydan.tv\/az\/#\/schema\/logo\/image\/"}},{"@type":"Person","@id":"https:\/\/www.meydan.tv\/az\/#\/schema\/person\/10d11eccf6da3662cf5fdab9806ea91a","name":"user-manager"}]}},"_links":{"self":[{"href":"https:\/\/www.meydan.tv\/az\/wp-json\/wp\/v2\/posts\/177660","targetHints":{"allow":["GET"]}}],"collection":[{"href":"https:\/\/www.meydan.tv\/az\/wp-json\/wp\/v2\/posts"}],"about":[{"href":"https:\/\/www.meydan.tv\/az\/wp-json\/wp\/v2\/types\/post"}],"author":[{"embeddable":true,"href":"https:\/\/www.meydan.tv\/az\/wp-json\/wp\/v2\/users\/11"}],"replies":[{"embeddable":true,"href":"https:\/\/www.meydan.tv\/az\/wp-json\/wp\/v2\/comments?post=177660"}],"version-history":[{"count":0,"href":"https:\/\/www.meydan.tv\/az\/wp-json\/wp\/v2\/posts\/177660\/revisions"}],"wp:featuredmedia":[{"embeddable":true,"href":"https:\/\/www.meydan.tv\/az\/wp-json\/wp\/v2\/media\/63904"}],"wp:attachment":[{"href":"https:\/\/www.meydan.tv\/az\/wp-json\/wp\/v2\/media?parent=177660"}],"wp:term":[{"taxonomy":"category","embeddable":true,"href":"https:\/\/www.meydan.tv\/az\/wp-json\/wp\/v2\/categories?post=177660"},{"taxonomy":"post_tag","embeddable":true,"href":"https:\/\/www.meydan.tv\/az\/wp-json\/wp\/v2\/tags?post=177660"}],"curies":[{"name":"wp","href":"https:\/\/api.w.org\/{rel}","templated":true}]}}