{"id":177649,"date":"2016-07-24T02:59:00","date_gmt":"2016-07-24T02:59:00","guid":{"rendered":"https:\/\/www.meydan.tv\/article\/olkeye-gelen-turistlerin-sayi-azalib\/"},"modified":"2016-07-24T02:59:00","modified_gmt":"2016-07-24T02:59:00","slug":"olkeye-gelen-turistlerin-sayi-azalib","status":"publish","type":"post","link":"https:\/\/www.meydan.tv\/az\/article\/olkeye-gelen-turistlerin-sayi-azalib\/","title":{"rendered":"&#8221;\u00d6lk\u0259y\u0259 g\u0259l\u0259n turistl\u0259rin say\u0131 azal\u0131b&#8221;"},"content":{"rendered":"<figure class=\"wp-block-image size-large\">\n  <img decoding=\"async\" src=\"https:\/\/www.meydan.tv\/az\/63835\/\" alt=\"\" class=\"wp-image-63835\"\/><figcaption><\/figcaption><\/figure>\n<p>\n  <i><br \/>\n    &#8221;Haz\u0131rda Az\u0259rbaycan\u0131n b\u00fct\u00fcn mehmanxana v\u0259 mehmanxana tipli m\u00fc\u0259ssis\u0259l\u0259ri il \u0259rzind\u0259 13.8 milyon sutka-\u00e7arpay\u0131 sifari\u015fi q\u0259bul ed\u0259 bil\u0259r&#8221;<br \/>\n  <\/i>\n<\/p>\n<p>\n  \u0130qtisad\u00e7\u0131 R\u00f6v\u015f\u0259n A\u011fayev d\u0259 \u00f6z Facebook s\u0259hif\u0259sind\u0259 Statistika Komit\u0259sinin 2015-ci lin yekunlar\u0131 \u00fczr\u0259 a\u00e7\u0131qlad\u0131\u011f\u0131 turizm statistikas\u0131ndan b\u0259hs edib.\n<\/p>\n<p>\n  \u201c\u00d6t\u0259n il h\u00f6kum\u0259t Avropa oyunlar\u0131na g\u00f6r\u0259 \u00f6lk\u0259y\u0259 \u0259vv\u0259lki ill\u0259rd\u0259n daha \u00e7ox turist g\u0259l\u0259c\u0259yini t\u0259bli\u011f edirdi. Amma r\u0259smi statistikaya g\u00f6r\u0259, 2015-ci ild\u0259 \u00f6lk\u0259y\u0259 g\u0259l\u0259n xarici \u00f6lk\u0259 v\u0259t\u0259nda\u015flar\u0131n\u0131n say\u0131 \u0259vv\u0259lki il\u0259 nisb\u0259t\u0259n t\u0259xmin\u0259n 293 min n\u0259f\u0259r (15 faiz) azal\u0131b. 2012-2013-c\u00fc il\u0259 nisb\u0259t\u0259n azalma 450-500 min n\u0259f\u0259r (20-25 faiz) t\u0259\u015fkil edib\u201d \u2013 dey\u0259 istisad\u00e7\u0131 qeyd edib.\n<\/p>\n<p>\n  Statistik g\u00f6st\u0259ricil\u0259ri t\u0259hlil ed\u0259n R\u00f6v\u015f\u0259n A\u011fayev deyir ki, turistl\u0259r azalsa da, onlar\u0131n gec\u0259l\u0259m\u0259si \u00fc\u00e7\u00fcn yerl\u0259rin say\u0131 son ill\u0259r xeyli art\u0131b: \u201cM\u0259s\u0259l\u0259n, r\u0259smi statistikaya g\u00f6r\u0259, 2015-ci ild\u0259 mehmanxana v\u0259 mehmanxana tipli m\u00fc\u0259ssis\u0259l\u0259rd\u0259 turistl\u0259rin gec\u0259l\u0259m\u0259si \u00fc\u00e7\u00fcn yerl\u0259rin bird\u0259f\u0259lik tutumu 37728 \u0259d\u0259d olub. Y\u0259ni, h\u0259min m\u00fc\u0259ssis\u0259l\u0259rd\u0259 b\u00fct\u00fcn yerl\u0259r tutulsa, bir gec\u0259d\u0259 37 mind\u0259n \u00e7ox qona\u011f\u0131 saxlamaq m\u00fcmk\u00fcnd\u00fcr. Bu r\u0259q\u0259m 2011-ci il\u0259 nisb\u0259t\u0259n 5.3 min \u0259d\u0259d \u00e7oxdu. \u018fg\u0259r ilin b\u00fct\u00fcn g\u00fcnl\u0259ri h\u0259min yerl\u0259rin ham\u0131s\u0131 tutulmu\u015f olsa, haz\u0131rda Az\u0259rbaycan\u0131n b\u00fct\u00fcn mehmanxana v\u0259 mehmanxana tipli m\u00fc\u0259ssis\u0259l\u0259ri il \u0259rzind\u0259 13.8 milyon sutka-\u00e7arpay\u0131 sifari\u015fi q\u0259bul ed\u0259 bil\u0259r (100% doluluq s\u0259viyy\u0259si). Amma r\u0259smi statistikaya g\u00f6r\u0259 sifari\u015fl\u0259r t\u0259xmin\u0259n 1.6 milyon sutka-\u00e7arpay\u0131 olub. Bu, o dem\u0259kdir ki, mehmanxanalar\u0131n doluluq s\u0259viyy\u0259si t\u0259xmin\u0259n 11.5 faiz t\u0259\u015fkil edib. M\u00fcqayis\u0259 \u00fc\u00e7\u00fcn deyim ki, d\u00fcnyada top 10-luqda olan turizm \u00f6lk\u0259l\u0259rind\u0259 bu g\u00f6st\u0259rici 60-75 faiz interval\u0131nda d\u0259yi\u015fir.\n<\/p>\n<p>\n  Az\u0259rbaycan\u0131n \u00f6z\u00fcnd\u0259 bu g\u00f6st\u0259rici 2011-2013-c\u00fc ill\u0259rd\u0259 12-14 faiz olub. Sad\u0259c\u0259 son 2 ild\u0259 mehmanxanalar\u0131n v\u0259 gec\u0259l\u0259m\u0259 yerl\u0259rinin say\u0131 art\u0131b, amma turistl\u0259rin say\u0131 azal\u0131b. Ona g\u00f6r\u0259 d\u0259 mehmanxanalar\u0131n &#8220;doluluq s\u0259viyy\u0259si&#8221; g\u00f6st\u0259ricisi azalmaqda davam edib\u201d.<\/p>\n","protected":false},"excerpt":{"rendered":"<p>&#8221;Haz\u0131rda Az\u0259rbaycan\u0131n b\u00fct\u00fcn mehmanxana v\u0259 mehmanxana tipli m\u00fc\u0259ssis\u0259l\u0259ri il \u0259rzind\u0259 13.8 milyon sutka-\u00e7arpay\u0131 sifari\u015fi q\u0259bul ed\u0259 bil\u0259r&#8221;<\/p>\n","protected":false},"author":11,"featured_media":63835,"comment_status":"closed","ping_status":"open","sticky":false,"template":"","format":"standard","meta":{"_acf_changed":false,"_sitemap_exclude":false,"_sitemap_priority":"","_sitemap_frequency":"","footnotes":""},"categories":[51],"tags":[],"class_list":["post-177649","post","type-post","status-publish","format-standard","has-post-thumbnail","hentry","category-analitika","infinite-scroll-item","generate-columns","tablet-grid-50","mobile-grid-100","grid-parent","grid-33","no-featured-image-padding"],"acf":[],"yoast_head":"<!-- This site is optimized with the Yoast SEO plugin v27.5 - https:\/\/yoast.com\/product\/yoast-seo-wordpress\/ -->\n<title>&#039;&#039;\u00d6lk\u0259y\u0259 g\u0259l\u0259n turistl\u0259rin say\u0131 azal\u0131b&#039;&#039; - MEYDAN.TV<\/title>\n<meta name=\"robots\" content=\"index, follow, max-snippet:-1, max-image-preview:large, max-video-preview:-1\" \/>\n<link rel=\"canonical\" href=\"https:\/\/www.meydan.tv\/az\/article\/olkeye-gelen-turistlerin-sayi-azalib\/\" \/>\n<meta property=\"og:locale\" content=\"az_AZ\" \/>\n<meta property=\"og:type\" content=\"article\" \/>\n<meta property=\"og:title\" content=\"&#039;&#039;\u00d6lk\u0259y\u0259 g\u0259l\u0259n turistl\u0259rin say\u0131 azal\u0131b&#039;&#039; - MEYDAN.TV\" \/>\n<meta property=\"og:description\" content=\"&#039;&#039;Haz\u0131rda Az\u0259rbaycan\u0131n b\u00fct\u00fcn mehmanxana v\u0259 mehmanxana tipli m\u00fc\u0259ssis\u0259l\u0259ri il \u0259rzind\u0259 13.8 milyon sutka-\u00e7arpay\u0131 sifari\u015fi q\u0259bul ed\u0259 bil\u0259r&#039;&#039;\" \/>\n<meta property=\"og:url\" content=\"https:\/\/www.meydan.tv\/az\/article\/olkeye-gelen-turistlerin-sayi-azalib\/\" \/>\n<meta property=\"og:site_name\" content=\"MEYDAN.TV\" \/>\n<meta property=\"article:published_time\" content=\"2016-07-24T02:59:00+00:00\" \/>\n<meta property=\"og:image\" content=\"https:\/\/www.meydan.tv\/wp-content\/uploads\/24338.jpg\" \/>\n\t<meta property=\"og:image:width\" content=\"675\" \/>\n\t<meta property=\"og:image:height\" content=\"400\" \/>\n\t<meta property=\"og:image:type\" content=\"image\/jpeg\" \/>\n<meta name=\"author\" content=\"user-manager\" \/>\n<meta name=\"twitter:card\" content=\"summary_large_image\" \/>\n<script type=\"application\/ld+json\" class=\"yoast-schema-graph\">{\"@context\":\"https:\\\/\\\/schema.org\",\"@graph\":[{\"@type\":\"Article\",\"@id\":\"https:\\\/\\\/www.meydan.tv\\\/az\\\/article\\\/olkeye-gelen-turistlerin-sayi-azalib\\\/#article\",\"isPartOf\":{\"@id\":\"https:\\\/\\\/www.meydan.tv\\\/az\\\/article\\\/olkeye-gelen-turistlerin-sayi-azalib\\\/\"},\"author\":{\"name\":\"user-manager\",\"@id\":\"https:\\\/\\\/www.meydan.tv\\\/az\\\/#\\\/schema\\\/person\\\/10d11eccf6da3662cf5fdab9806ea91a\"},\"headline\":\"&#8221;\u00d6lk\u0259y\u0259 g\u0259l\u0259n turistl\u0259rin say\u0131 azal\u0131b&#8221;\",\"datePublished\":\"2016-07-24T02:59:00+00:00\",\"mainEntityOfPage\":{\"@id\":\"https:\\\/\\\/www.meydan.tv\\\/az\\\/article\\\/olkeye-gelen-turistlerin-sayi-azalib\\\/\"},\"wordCount\":423,\"publisher\":{\"@id\":\"https:\\\/\\\/www.meydan.tv\\\/az\\\/#organization\"},\"image\":{\"@id\":\"https:\\\/\\\/www.meydan.tv\\\/az\\\/article\\\/olkeye-gelen-turistlerin-sayi-azalib\\\/#primaryimage\"},\"thumbnailUrl\":\"https:\\\/\\\/www.meydan.tv\\\/wp-content\\\/uploads\\\/24338.jpg\",\"articleSection\":[\"Analitika\"],\"inLanguage\":\"az\"},{\"@type\":\"WebPage\",\"@id\":\"https:\\\/\\\/www.meydan.tv\\\/az\\\/article\\\/olkeye-gelen-turistlerin-sayi-azalib\\\/\",\"url\":\"https:\\\/\\\/www.meydan.tv\\\/az\\\/article\\\/olkeye-gelen-turistlerin-sayi-azalib\\\/\",\"name\":\"''\u00d6lk\u0259y\u0259 g\u0259l\u0259n turistl\u0259rin say\u0131 azal\u0131b'' - MEYDAN.TV\",\"isPartOf\":{\"@id\":\"https:\\\/\\\/www.meydan.tv\\\/az\\\/#website\"},\"primaryImageOfPage\":{\"@id\":\"https:\\\/\\\/www.meydan.tv\\\/az\\\/article\\\/olkeye-gelen-turistlerin-sayi-azalib\\\/#primaryimage\"},\"image\":{\"@id\":\"https:\\\/\\\/www.meydan.tv\\\/az\\\/article\\\/olkeye-gelen-turistlerin-sayi-azalib\\\/#primaryimage\"},\"thumbnailUrl\":\"https:\\\/\\\/www.meydan.tv\\\/wp-content\\\/uploads\\\/24338.jpg\",\"datePublished\":\"2016-07-24T02:59:00+00:00\",\"breadcrumb\":{\"@id\":\"https:\\\/\\\/www.meydan.tv\\\/az\\\/article\\\/olkeye-gelen-turistlerin-sayi-azalib\\\/#breadcrumb\"},\"inLanguage\":\"az\",\"potentialAction\":[{\"@type\":\"ReadAction\",\"target\":[\"https:\\\/\\\/www.meydan.tv\\\/az\\\/article\\\/olkeye-gelen-turistlerin-sayi-azalib\\\/\"]}]},{\"@type\":\"ImageObject\",\"inLanguage\":\"az\",\"@id\":\"https:\\\/\\\/www.meydan.tv\\\/az\\\/article\\\/olkeye-gelen-turistlerin-sayi-azalib\\\/#primaryimage\",\"url\":\"https:\\\/\\\/www.meydan.tv\\\/wp-content\\\/uploads\\\/24338.jpg\",\"contentUrl\":\"https:\\\/\\\/www.meydan.tv\\\/wp-content\\\/uploads\\\/24338.jpg\",\"width\":675,\"height\":400,\"caption\":\"Source:\"},{\"@type\":\"BreadcrumbList\",\"@id\":\"https:\\\/\\\/www.meydan.tv\\\/az\\\/article\\\/olkeye-gelen-turistlerin-sayi-azalib\\\/#breadcrumb\",\"itemListElement\":[{\"@type\":\"ListItem\",\"position\":1,\"name\":\"Ana s\u0259hif\u0259\",\"item\":\"https:\\\/\\\/www.meydan.tv\\\/az\\\/\"},{\"@type\":\"ListItem\",\"position\":2,\"name\":\"Analitika\",\"item\":\"https:\\\/\\\/www.meydan.tv\\\/az\\\/section\\\/analitika\\\/\"},{\"@type\":\"ListItem\",\"position\":3,\"name\":\"&#8221;\u00d6lk\u0259y\u0259 g\u0259l\u0259n turistl\u0259rin say\u0131 azal\u0131b&#8221;\"}]},{\"@type\":\"WebSite\",\"@id\":\"https:\\\/\\\/www.meydan.tv\\\/az\\\/#website\",\"url\":\"https:\\\/\\\/www.meydan.tv\\\/az\\\/\",\"name\":\"MEYDAN.TV\",\"description\":\"Meydan TV Az\u0259rbaycan\u0131n media m\u0259kan\u0131ndak\u0131 alternativ s\u0259sidir\",\"publisher\":{\"@id\":\"https:\\\/\\\/www.meydan.tv\\\/az\\\/#organization\"},\"potentialAction\":[{\"@type\":\"SearchAction\",\"target\":{\"@type\":\"EntryPoint\",\"urlTemplate\":\"https:\\\/\\\/www.meydan.tv\\\/az\\\/?s={search_term_string}\"},\"query-input\":{\"@type\":\"PropertyValueSpecification\",\"valueRequired\":true,\"valueName\":\"search_term_string\"}}],\"inLanguage\":\"az\"},{\"@type\":\"Organization\",\"@id\":\"https:\\\/\\\/www.meydan.tv\\\/az\\\/#organization\",\"name\":\"Meydan TV\",\"url\":\"https:\\\/\\\/www.meydan.tv\\\/az\\\/\",\"logo\":{\"@type\":\"ImageObject\",\"inLanguage\":\"az\",\"@id\":\"https:\\\/\\\/www.meydan.tv\\\/az\\\/#\\\/schema\\\/logo\\\/image\\\/\",\"url\":\"https:\\\/\\\/www.meydan.tv\\\/wp-content\\\/uploads\\\/2021\\\/07\\\/meydan-logo.svg\",\"contentUrl\":\"https:\\\/\\\/www.meydan.tv\\\/wp-content\\\/uploads\\\/2021\\\/07\\\/meydan-logo.svg\",\"width\":195,\"height\":46,\"caption\":\"Meydan TV\"},\"image\":{\"@id\":\"https:\\\/\\\/www.meydan.tv\\\/az\\\/#\\\/schema\\\/logo\\\/image\\\/\"}},{\"@type\":\"Person\",\"@id\":\"https:\\\/\\\/www.meydan.tv\\\/az\\\/#\\\/schema\\\/person\\\/10d11eccf6da3662cf5fdab9806ea91a\",\"name\":\"user-manager\"}]}<\/script>\n<!-- \/ Yoast SEO plugin. -->","yoast_head_json":{"title":"''\u00d6lk\u0259y\u0259 g\u0259l\u0259n turistl\u0259rin say\u0131 azal\u0131b'' - MEYDAN.TV","robots":{"index":"index","follow":"follow","max-snippet":"max-snippet:-1","max-image-preview":"max-image-preview:large","max-video-preview":"max-video-preview:-1"},"canonical":"https:\/\/www.meydan.tv\/az\/article\/olkeye-gelen-turistlerin-sayi-azalib\/","og_locale":"az_AZ","og_type":"article","og_title":"''\u00d6lk\u0259y\u0259 g\u0259l\u0259n turistl\u0259rin say\u0131 azal\u0131b'' - MEYDAN.TV","og_description":"''Haz\u0131rda Az\u0259rbaycan\u0131n b\u00fct\u00fcn mehmanxana v\u0259 mehmanxana tipli m\u00fc\u0259ssis\u0259l\u0259ri il \u0259rzind\u0259 13.8 milyon sutka-\u00e7arpay\u0131 sifari\u015fi q\u0259bul ed\u0259 bil\u0259r''","og_url":"https:\/\/www.meydan.tv\/az\/article\/olkeye-gelen-turistlerin-sayi-azalib\/","og_site_name":"MEYDAN.TV","article_published_time":"2016-07-24T02:59:00+00:00","og_image":[{"width":675,"height":400,"url":"https:\/\/www.meydan.tv\/wp-content\/uploads\/24338.jpg","type":"image\/jpeg"}],"author":"user-manager","twitter_card":"summary_large_image","schema":{"@context":"https:\/\/schema.org","@graph":[{"@type":"Article","@id":"https:\/\/www.meydan.tv\/az\/article\/olkeye-gelen-turistlerin-sayi-azalib\/#article","isPartOf":{"@id":"https:\/\/www.meydan.tv\/az\/article\/olkeye-gelen-turistlerin-sayi-azalib\/"},"author":{"name":"user-manager","@id":"https:\/\/www.meydan.tv\/az\/#\/schema\/person\/10d11eccf6da3662cf5fdab9806ea91a"},"headline":"&#8221;\u00d6lk\u0259y\u0259 g\u0259l\u0259n turistl\u0259rin say\u0131 azal\u0131b&#8221;","datePublished":"2016-07-24T02:59:00+00:00","mainEntityOfPage":{"@id":"https:\/\/www.meydan.tv\/az\/article\/olkeye-gelen-turistlerin-sayi-azalib\/"},"wordCount":423,"publisher":{"@id":"https:\/\/www.meydan.tv\/az\/#organization"},"image":{"@id":"https:\/\/www.meydan.tv\/az\/article\/olkeye-gelen-turistlerin-sayi-azalib\/#primaryimage"},"thumbnailUrl":"https:\/\/www.meydan.tv\/wp-content\/uploads\/24338.jpg","articleSection":["Analitika"],"inLanguage":"az"},{"@type":"WebPage","@id":"https:\/\/www.meydan.tv\/az\/article\/olkeye-gelen-turistlerin-sayi-azalib\/","url":"https:\/\/www.meydan.tv\/az\/article\/olkeye-gelen-turistlerin-sayi-azalib\/","name":"''\u00d6lk\u0259y\u0259 g\u0259l\u0259n turistl\u0259rin say\u0131 azal\u0131b'' - MEYDAN.TV","isPartOf":{"@id":"https:\/\/www.meydan.tv\/az\/#website"},"primaryImageOfPage":{"@id":"https:\/\/www.meydan.tv\/az\/article\/olkeye-gelen-turistlerin-sayi-azalib\/#primaryimage"},"image":{"@id":"https:\/\/www.meydan.tv\/az\/article\/olkeye-gelen-turistlerin-sayi-azalib\/#primaryimage"},"thumbnailUrl":"https:\/\/www.meydan.tv\/wp-content\/uploads\/24338.jpg","datePublished":"2016-07-24T02:59:00+00:00","breadcrumb":{"@id":"https:\/\/www.meydan.tv\/az\/article\/olkeye-gelen-turistlerin-sayi-azalib\/#breadcrumb"},"inLanguage":"az","potentialAction":[{"@type":"ReadAction","target":["https:\/\/www.meydan.tv\/az\/article\/olkeye-gelen-turistlerin-sayi-azalib\/"]}]},{"@type":"ImageObject","inLanguage":"az","@id":"https:\/\/www.meydan.tv\/az\/article\/olkeye-gelen-turistlerin-sayi-azalib\/#primaryimage","url":"https:\/\/www.meydan.tv\/wp-content\/uploads\/24338.jpg","contentUrl":"https:\/\/www.meydan.tv\/wp-content\/uploads\/24338.jpg","width":675,"height":400,"caption":"Source:"},{"@type":"BreadcrumbList","@id":"https:\/\/www.meydan.tv\/az\/article\/olkeye-gelen-turistlerin-sayi-azalib\/#breadcrumb","itemListElement":[{"@type":"ListItem","position":1,"name":"Ana s\u0259hif\u0259","item":"https:\/\/www.meydan.tv\/az\/"},{"@type":"ListItem","position":2,"name":"Analitika","item":"https:\/\/www.meydan.tv\/az\/section\/analitika\/"},{"@type":"ListItem","position":3,"name":"&#8221;\u00d6lk\u0259y\u0259 g\u0259l\u0259n turistl\u0259rin say\u0131 azal\u0131b&#8221;"}]},{"@type":"WebSite","@id":"https:\/\/www.meydan.tv\/az\/#website","url":"https:\/\/www.meydan.tv\/az\/","name":"MEYDAN.TV","description":"Meydan TV Az\u0259rbaycan\u0131n media m\u0259kan\u0131ndak\u0131 alternativ s\u0259sidir","publisher":{"@id":"https:\/\/www.meydan.tv\/az\/#organization"},"potentialAction":[{"@type":"SearchAction","target":{"@type":"EntryPoint","urlTemplate":"https:\/\/www.meydan.tv\/az\/?s={search_term_string}"},"query-input":{"@type":"PropertyValueSpecification","valueRequired":true,"valueName":"search_term_string"}}],"inLanguage":"az"},{"@type":"Organization","@id":"https:\/\/www.meydan.tv\/az\/#organization","name":"Meydan TV","url":"https:\/\/www.meydan.tv\/az\/","logo":{"@type":"ImageObject","inLanguage":"az","@id":"https:\/\/www.meydan.tv\/az\/#\/schema\/logo\/image\/","url":"https:\/\/www.meydan.tv\/wp-content\/uploads\/2021\/07\/meydan-logo.svg","contentUrl":"https:\/\/www.meydan.tv\/wp-content\/uploads\/2021\/07\/meydan-logo.svg","width":195,"height":46,"caption":"Meydan TV"},"image":{"@id":"https:\/\/www.meydan.tv\/az\/#\/schema\/logo\/image\/"}},{"@type":"Person","@id":"https:\/\/www.meydan.tv\/az\/#\/schema\/person\/10d11eccf6da3662cf5fdab9806ea91a","name":"user-manager"}]}},"_links":{"self":[{"href":"https:\/\/www.meydan.tv\/az\/wp-json\/wp\/v2\/posts\/177649","targetHints":{"allow":["GET"]}}],"collection":[{"href":"https:\/\/www.meydan.tv\/az\/wp-json\/wp\/v2\/posts"}],"about":[{"href":"https:\/\/www.meydan.tv\/az\/wp-json\/wp\/v2\/types\/post"}],"author":[{"embeddable":true,"href":"https:\/\/www.meydan.tv\/az\/wp-json\/wp\/v2\/users\/11"}],"replies":[{"embeddable":true,"href":"https:\/\/www.meydan.tv\/az\/wp-json\/wp\/v2\/comments?post=177649"}],"version-history":[{"count":0,"href":"https:\/\/www.meydan.tv\/az\/wp-json\/wp\/v2\/posts\/177649\/revisions"}],"wp:featuredmedia":[{"embeddable":true,"href":"https:\/\/www.meydan.tv\/az\/wp-json\/wp\/v2\/media\/63835"}],"wp:attachment":[{"href":"https:\/\/www.meydan.tv\/az\/wp-json\/wp\/v2\/media?parent=177649"}],"wp:term":[{"taxonomy":"category","embeddable":true,"href":"https:\/\/www.meydan.tv\/az\/wp-json\/wp\/v2\/categories?post=177649"},{"taxonomy":"post_tag","embeddable":true,"href":"https:\/\/www.meydan.tv\/az\/wp-json\/wp\/v2\/tags?post=177649"}],"curies":[{"name":"wp","href":"https:\/\/api.w.org\/{rel}","templated":true}]}}