{"id":177648,"date":"2016-07-24T02:53:07","date_gmt":"2016-07-24T02:53:07","guid":{"rendered":"https:\/\/www.meydan.tv\/article\/qubad-ibadoglu-yeni-bahalasma-dalgasi-gozlenilir\/"},"modified":"2016-07-24T02:53:07","modified_gmt":"2016-07-24T02:53:07","slug":"qubad-ibadoglu-yeni-bahalasma-dalgasi-gozlenilir","status":"publish","type":"post","link":"https:\/\/www.meydan.tv\/az\/article\/qubad-ibadoglu-yeni-bahalasma-dalgasi-gozlenilir\/","title":{"rendered":"Qubad \u0130bado\u011flu: Yeni bahala\u015fma dal\u011fas\u0131 g\u00f6zl\u0259nilir"},"content":{"rendered":"<figure class=\"wp-block-image size-large\">\n  <img decoding=\"async\" src=\"https:\/\/www.meydan.tv\/az\/63832\/\" alt=\"\" class=\"wp-image-63832\"\/><figcaption><\/figcaption><\/figure>\n<p>\n  <i><br \/>\n    &#8221;Cari ilin ikinci yar\u0131s\u0131nda da \u00f6lk\u0259 iqtisadiyyat\u0131nda 2 r\u0259q\u0259mli inflyasiya h\u00f6kmranl\u0131q ed\u0259c\u0259k&#8221;<br \/>\n  <\/i>\n<\/p>\n<\/p>\n<p>\n  \u201cMilli valyutan\u0131n devalvasiyas\u0131 \u015f\u0259raitind\u0259 yeyinti m\u0259hsullar\u0131n\u0131n idxal\u0131n\u0131n art\u0131m\u0131, el\u0259c\u0259 d\u0259 suyun, elektrik enerjisinin tarifl\u0259rinin bahala\u015fmas\u0131 v\u0259 onun dig\u0259r bazarlara t\u0259sirl\u0259ri inflyasiya art\u0131r\u0131c\u0131 amill\u0259ri f\u0259alla\u015fd\u0131racaq\u201d.\n<\/p>\n<p>\n  Bu q\u0259na\u0259t\u0259 istisad\u00e7\u0131 Qubad \u0130bado\u011flu g\u0259lib. O, \u00f6z Facebook s\u0259hif\u0259sind\u0259 yazd\u0131\u011f\u0131 a\u00e7\u0131qlamada deyir ki, Az\u0259rbaycan Respublikas\u0131 xarici ticar\u0259tinin g\u00f6mr\u00fck statistikas\u0131 \u00fczr\u0259 a\u00e7\u0131qlanan hesabatdan m\u0259lum olur ki, bu ilin 6 ay\u0131nda \u00f6t\u0259n ilin eyni d\u00f6vr\u00fc il\u0259 m\u00fcqayis\u0259d\u0259 idxal olunan mallar\u0131n \u00e7e\u015fidl\u0259rinin say\u0131 1040 \u0259d\u0259d artaraq 6520-\u0259 \u00e7at\u0131b:\n<\/p>\n<p>\n  \u201cKe\u00e7\u0259n ilin m\u00fcvafiq d\u00f6vr\u00fcn\u0259 nisb\u0259t\u0259n idxal \u0259m\u0259liyyatlar\u0131n\u0131n m\u0259bl\u0259\u011fi 13,98 faiz azald\u0131\u011f\u0131 halda mallar\u0131n \u00e7e\u015fidl\u0259rinin say\u0131n\u0131n 20 faiz\u0259d\u0259k artm\u0131, ilk n\u00f6vb\u0259d\u0259, \u00f6lk\u0259 iqtisadiyyat\u0131n\u0131n xarici faktorlardan as\u0131l\u0131l\u0131\u011f\u0131n\u0131 g\u00fccl\u0259ndirir. Bu dinamika idxal\u0131 \u0259v\u0259z ed\u0259n yerli istehsal\u0131n formala\u015fmas\u0131 il\u0259 \u0259laq\u0259dar siyasi b\u0259yanatlar\u0131 v\u0259 s\u0259naye m\u0259hsulunun art\u0131m\u0131 il\u0259 ba\u011fl\u0131 a\u00e7\u0131qlanan son statistik m\u0259lumatlar\u0131 t\u0259kzib edir. Bel\u0259 ki, h\u0259qiq\u0259t\u0259n d\u0259 \u0259g\u0259r deyildiyi kimi qeyri-neft istehsal\u0131nda inki\u015faf varsa, onda \u0259ksin\u0259 idxal\u0131 \u0259v\u0259z ed\u0259n yerli istehsal hesab\u0131na \u00f6lk\u0259y\u0259 xaricd\u0259n g\u0259tiril\u0259n m\u0259hsullar\u0131n \u00e7e\u015fidl\u0259rinin say\u0131nda azalma m\u00fc\u015fahid\u0259 olunmal\u0131 idi.\n<\/p>\n<p>\n  Lakin bu ilin birinci yar\u0131s\u0131na idxal \u0259m\u0259liyyatlar\u0131n\u0131n t\u0259hlili g\u00f6st\u0259rir ki, bu d\u00f6vrd\u0259, x\u00fcsusil\u0259 d\u0259 al\u0131c\u0131l\u0131q qabiliyy\u0259tinin a\u015fa\u011f\u0131 d\u00fc\u015fm\u0259sin\u0259 baxmayaraq, \u00fcmumi yekunda 14,8 faiz x\u00fcsusi \u00e7\u0259kiy\u0259 malik olan yeyinti m\u0259hsullar\u0131n\u0131n idxal\u0131nda 12 faiz art\u0131m olub. Eyni zamanda, onu da qeyd etm\u0259k laz\u0131md\u0131r ki, \u00f6t\u0259n ill\u0259 m\u00fcqayis\u0259d\u0259 idxalda yeyinti m\u0259hsullar\u0131n\u0131n pay\u0131 3,6 faiz b\u0259ndi y\u00fcks\u0259lib. Bununla yana\u015f\u0131, 2016-c\u0131 ilin 1-ci yars\u0131\u0131nda idxalda 23,3 faiz x\u00fcsusi \u00e7\u0259kiy\u0259 malik olan ma\u015f\u0131n, mexanizm, elektrik aparatlar\u0131, avadanl\u0131qlar v\u0259 onlar\u0131n hiss\u0259l\u0259ri 7,5 faiz, idxalda 12,5 faiz x\u00fcsusi \u00e7\u0259kiy\u0259 malik olan n\u0259qliyyat vasit\u0259l\u0259ri v\u0259 onlar\u0131n hiss\u0259l\u0259ri is\u0259 2 d\u0259f\u0259y\u0259d\u0259k azal\u0131b. Bel\u0259likl\u0259 d\u0259, cari ilin 6 ay\u0131n\u0131n yekunlar\u0131na g\u00f6r\u0259, \u00f6lk\u0259y\u0259 g\u0259tiril\u0259n yeyinti m\u0259hsullar\u0131n\u0131n x\u00fcsusi \u00e7\u0259kisi, m\u0259bl\u0259\u011fi v\u0259 \u00e7e\u015fidl\u0259ri artd\u0131\u011f\u0131 halda milli iqtisadiyyat\u0131n modenl\u0259\u015fdirilm\u0259si \u00fc\u00e7\u00fcn vacib olan n\u0259qliyyat vasit\u0259l\u0259ri, ma\u015f\u0131n, mexanizm, elektrik aparatlar\u0131, avadanl\u0131qlar v\u0259 onlar\u0131n hiss\u0259l\u0259rinin idxal\u0131 azal\u0131b. Bundan \u00e7\u0131xan n\u0259tic\u0259 bel\u0259dir\u201d.\n<\/p>\n<p>\n  \u0130qtisad\u00e7\u0131 deyir ki, milli valyutan\u0131n devalvasiyas\u0131 \u015f\u0259raitind\u0259 yeyinti m\u0259hsullar\u0131n\u0131n idxal\u0131n\u0131n art\u0131m\u0131, el\u0259c\u0259 d\u0259 suyun, elektrik enerjisinin tarifl\u0259rinin bahala\u015fmas\u0131 v\u0259 onun dig\u0259r bazarlara qiym\u0259t art\u0131r\u0131c\u0131 t\u0259sirl\u0259ri inflyasiyan\u0131n art\u0131m\u0131n\u0131 \u015f\u0259rtl\u0259ndir\u0259c\u0259k v\u0259 bel\u0259 olan halda cari ilin ikinci yar\u0131s\u0131nda da \u00f6lk\u0259 iqtisadiyyat\u0131nda 2 r\u0259q\u0259mli inflyasiya h\u00f6kmranl\u0131q ed\u0259c\u0259k:\n<\/p>\n<p>\n  \u201cYeni texnika v\u0259 texnologiyalar\u0131n, m\u00fcasir ma\u015f\u0131n v\u0259 mexanizml\u0259rinin idxal\u0131n\u0131n a\u015fa\u011f\u0131 d\u00fc\u015fm\u0259si milli iqtisadiyyat\u0131n modernl\u0259\u015fdirilm\u0259si prosesini l\u0259ngitm\u0259kl\u0259 \u00f6lk\u0259nin r\u0259qab\u0259t qabliyy\u0259tinin a\u015fa\u011f\u0131 d\u00fc\u015fm\u0259sin\u0259 v\u0259 bununla da qeyri-neft ixracat\u0131n\u0131n yaln\u0131z xammal v\u0259 aqrar m\u0259hsullar\u0131n bazas\u0131nda formala\u015fmas\u0131na g\u0259tirib \u00e7\u0131xaracaq. Bu sah\u0259d\u0259 potensial\u0131n azl\u0131\u011f\u0131 milli iqtisadiyyat\u0131n g\u0259l\u0259c\u0259yi \u00fc\u00e7\u00fcn ciddi probleml\u0259r yaradacaq, bel\u0259 olan halda da \u00f6lk\u0259 iqtisadiyyat\u0131 v\u0259 manat\u0131 daha m\u00fcr\u0259kk\u0259b v\u0259 b\u00f6y\u00fck \u00e7\u0259tinlikl\u0259rl\u0259 \u00fczl\u0259\u015f\u0259c\u0259k. T\u0259\u0259ss\u00fcf ki, idxalda m\u00fc\u015fahid\u0259 olunan m\u00f6vcud d\u0259yi\u015filikl\u0259r n\u0259 iqtisadiyyata m\u0259sul olan hakimiyy\u0259t orqanlar\u0131n\u0131, n\u0259 d\u0259 ki, bu sah\u0259d\u0259 q\u0259rar q\u0259bul ed\u0259n s\u0259lahiyy\u0259tli \u015f\u0259xsl\u0259ri h\u0259l\u0259 d\u0259 qay\u011f\u0131land\u0131rm\u0131r\u201d.\n<\/p><\/p>\n","protected":false},"excerpt":{"rendered":"<p>&#8221;Cari ilin ikinci yar\u0131s\u0131nda da \u00f6lk\u0259 iqtisadiyyat\u0131nda 2 r\u0259q\u0259mli inflyasiya h\u00f6kmranl\u0131q ed\u0259c\u0259k&#8221;<\/p>\n","protected":false},"author":11,"featured_media":63832,"comment_status":"closed","ping_status":"open","sticky":false,"template":"","format":"standard","meta":{"_acf_changed":false,"_sitemap_exclude":false,"_sitemap_priority":"","_sitemap_frequency":"","footnotes":""},"categories":[51],"tags":[],"class_list":["post-177648","post","type-post","status-publish","format-standard","has-post-thumbnail","hentry","category-analitika","infinite-scroll-item","generate-columns","tablet-grid-50","mobile-grid-100","grid-parent","grid-33","no-featured-image-padding"],"acf":[],"yoast_head":"<!-- This site is optimized with the Yoast SEO plugin v27.5 - https:\/\/yoast.com\/product\/yoast-seo-wordpress\/ -->\n<title>Qubad \u0130bado\u011flu: Yeni bahala\u015fma dal\u011fas\u0131 g\u00f6zl\u0259nilir - MEYDAN.TV<\/title>\n<meta name=\"robots\" content=\"index, follow, max-snippet:-1, max-image-preview:large, max-video-preview:-1\" \/>\n<link rel=\"canonical\" href=\"https:\/\/www.meydan.tv\/az\/article\/qubad-ibadoglu-yeni-bahalasma-dalgasi-gozlenilir\/\" \/>\n<meta property=\"og:locale\" content=\"az_AZ\" \/>\n<meta property=\"og:type\" content=\"article\" \/>\n<meta property=\"og:title\" content=\"Qubad \u0130bado\u011flu: Yeni bahala\u015fma dal\u011fas\u0131 g\u00f6zl\u0259nilir - MEYDAN.TV\" \/>\n<meta property=\"og:description\" content=\"&#039;&#039;Cari ilin ikinci yar\u0131s\u0131nda da \u00f6lk\u0259 iqtisadiyyat\u0131nda 2 r\u0259q\u0259mli inflyasiya h\u00f6kmranl\u0131q ed\u0259c\u0259k&#039;&#039;\" \/>\n<meta property=\"og:url\" content=\"https:\/\/www.meydan.tv\/az\/article\/qubad-ibadoglu-yeni-bahalasma-dalgasi-gozlenilir\/\" \/>\n<meta property=\"og:site_name\" content=\"MEYDAN.TV\" \/>\n<meta property=\"article:published_time\" content=\"2016-07-24T02:53:07+00:00\" \/>\n<meta property=\"og:image\" content=\"https:\/\/www.meydan.tv\/wp-content\/uploads\/24337.jpg\" \/>\n\t<meta property=\"og:image:width\" content=\"755\" \/>\n\t<meta property=\"og:image:height\" content=\"503\" \/>\n\t<meta property=\"og:image:type\" content=\"image\/jpeg\" \/>\n<meta name=\"author\" content=\"user-manager\" \/>\n<meta name=\"twitter:card\" content=\"summary_large_image\" \/>\n<script type=\"application\/ld+json\" class=\"yoast-schema-graph\">{\"@context\":\"https:\\\/\\\/schema.org\",\"@graph\":[{\"@type\":\"Article\",\"@id\":\"https:\\\/\\\/www.meydan.tv\\\/az\\\/article\\\/qubad-ibadoglu-yeni-bahalasma-dalgasi-gozlenilir\\\/#article\",\"isPartOf\":{\"@id\":\"https:\\\/\\\/www.meydan.tv\\\/az\\\/article\\\/qubad-ibadoglu-yeni-bahalasma-dalgasi-gozlenilir\\\/\"},\"author\":{\"name\":\"user-manager\",\"@id\":\"https:\\\/\\\/www.meydan.tv\\\/az\\\/#\\\/schema\\\/person\\\/10d11eccf6da3662cf5fdab9806ea91a\"},\"headline\":\"Qubad \u0130bado\u011flu: Yeni bahala\u015fma dal\u011fas\u0131 g\u00f6zl\u0259nilir\",\"datePublished\":\"2016-07-24T02:53:07+00:00\",\"mainEntityOfPage\":{\"@id\":\"https:\\\/\\\/www.meydan.tv\\\/az\\\/article\\\/qubad-ibadoglu-yeni-bahalasma-dalgasi-gozlenilir\\\/\"},\"wordCount\":712,\"publisher\":{\"@id\":\"https:\\\/\\\/www.meydan.tv\\\/az\\\/#organization\"},\"image\":{\"@id\":\"https:\\\/\\\/www.meydan.tv\\\/az\\\/article\\\/qubad-ibadoglu-yeni-bahalasma-dalgasi-gozlenilir\\\/#primaryimage\"},\"thumbnailUrl\":\"https:\\\/\\\/www.meydan.tv\\\/wp-content\\\/uploads\\\/24337.jpg\",\"articleSection\":[\"Analitika\"],\"inLanguage\":\"az\"},{\"@type\":\"WebPage\",\"@id\":\"https:\\\/\\\/www.meydan.tv\\\/az\\\/article\\\/qubad-ibadoglu-yeni-bahalasma-dalgasi-gozlenilir\\\/\",\"url\":\"https:\\\/\\\/www.meydan.tv\\\/az\\\/article\\\/qubad-ibadoglu-yeni-bahalasma-dalgasi-gozlenilir\\\/\",\"name\":\"Qubad \u0130bado\u011flu: Yeni bahala\u015fma dal\u011fas\u0131 g\u00f6zl\u0259nilir - MEYDAN.TV\",\"isPartOf\":{\"@id\":\"https:\\\/\\\/www.meydan.tv\\\/az\\\/#website\"},\"primaryImageOfPage\":{\"@id\":\"https:\\\/\\\/www.meydan.tv\\\/az\\\/article\\\/qubad-ibadoglu-yeni-bahalasma-dalgasi-gozlenilir\\\/#primaryimage\"},\"image\":{\"@id\":\"https:\\\/\\\/www.meydan.tv\\\/az\\\/article\\\/qubad-ibadoglu-yeni-bahalasma-dalgasi-gozlenilir\\\/#primaryimage\"},\"thumbnailUrl\":\"https:\\\/\\\/www.meydan.tv\\\/wp-content\\\/uploads\\\/24337.jpg\",\"datePublished\":\"2016-07-24T02:53:07+00:00\",\"breadcrumb\":{\"@id\":\"https:\\\/\\\/www.meydan.tv\\\/az\\\/article\\\/qubad-ibadoglu-yeni-bahalasma-dalgasi-gozlenilir\\\/#breadcrumb\"},\"inLanguage\":\"az\",\"potentialAction\":[{\"@type\":\"ReadAction\",\"target\":[\"https:\\\/\\\/www.meydan.tv\\\/az\\\/article\\\/qubad-ibadoglu-yeni-bahalasma-dalgasi-gozlenilir\\\/\"]}]},{\"@type\":\"ImageObject\",\"inLanguage\":\"az\",\"@id\":\"https:\\\/\\\/www.meydan.tv\\\/az\\\/article\\\/qubad-ibadoglu-yeni-bahalasma-dalgasi-gozlenilir\\\/#primaryimage\",\"url\":\"https:\\\/\\\/www.meydan.tv\\\/wp-content\\\/uploads\\\/24337.jpg\",\"contentUrl\":\"https:\\\/\\\/www.meydan.tv\\\/wp-content\\\/uploads\\\/24337.jpg\",\"width\":755,\"height\":503,\"caption\":\"Source:\"},{\"@type\":\"BreadcrumbList\",\"@id\":\"https:\\\/\\\/www.meydan.tv\\\/az\\\/article\\\/qubad-ibadoglu-yeni-bahalasma-dalgasi-gozlenilir\\\/#breadcrumb\",\"itemListElement\":[{\"@type\":\"ListItem\",\"position\":1,\"name\":\"Ana s\u0259hif\u0259\",\"item\":\"https:\\\/\\\/www.meydan.tv\\\/az\\\/\"},{\"@type\":\"ListItem\",\"position\":2,\"name\":\"Analitika\",\"item\":\"https:\\\/\\\/www.meydan.tv\\\/az\\\/section\\\/analitika\\\/\"},{\"@type\":\"ListItem\",\"position\":3,\"name\":\"Qubad \u0130bado\u011flu: Yeni bahala\u015fma dal\u011fas\u0131 g\u00f6zl\u0259nilir\"}]},{\"@type\":\"WebSite\",\"@id\":\"https:\\\/\\\/www.meydan.tv\\\/az\\\/#website\",\"url\":\"https:\\\/\\\/www.meydan.tv\\\/az\\\/\",\"name\":\"MEYDAN.TV\",\"description\":\"Meydan TV Az\u0259rbaycan\u0131n media m\u0259kan\u0131ndak\u0131 alternativ s\u0259sidir\",\"publisher\":{\"@id\":\"https:\\\/\\\/www.meydan.tv\\\/az\\\/#organization\"},\"potentialAction\":[{\"@type\":\"SearchAction\",\"target\":{\"@type\":\"EntryPoint\",\"urlTemplate\":\"https:\\\/\\\/www.meydan.tv\\\/az\\\/?s={search_term_string}\"},\"query-input\":{\"@type\":\"PropertyValueSpecification\",\"valueRequired\":true,\"valueName\":\"search_term_string\"}}],\"inLanguage\":\"az\"},{\"@type\":\"Organization\",\"@id\":\"https:\\\/\\\/www.meydan.tv\\\/az\\\/#organization\",\"name\":\"Meydan TV\",\"url\":\"https:\\\/\\\/www.meydan.tv\\\/az\\\/\",\"logo\":{\"@type\":\"ImageObject\",\"inLanguage\":\"az\",\"@id\":\"https:\\\/\\\/www.meydan.tv\\\/az\\\/#\\\/schema\\\/logo\\\/image\\\/\",\"url\":\"https:\\\/\\\/www.meydan.tv\\\/wp-content\\\/uploads\\\/2021\\\/07\\\/meydan-logo.svg\",\"contentUrl\":\"https:\\\/\\\/www.meydan.tv\\\/wp-content\\\/uploads\\\/2021\\\/07\\\/meydan-logo.svg\",\"width\":195,\"height\":46,\"caption\":\"Meydan TV\"},\"image\":{\"@id\":\"https:\\\/\\\/www.meydan.tv\\\/az\\\/#\\\/schema\\\/logo\\\/image\\\/\"}},{\"@type\":\"Person\",\"@id\":\"https:\\\/\\\/www.meydan.tv\\\/az\\\/#\\\/schema\\\/person\\\/10d11eccf6da3662cf5fdab9806ea91a\",\"name\":\"user-manager\"}]}<\/script>\n<!-- \/ Yoast SEO plugin. -->","yoast_head_json":{"title":"Qubad \u0130bado\u011flu: Yeni bahala\u015fma dal\u011fas\u0131 g\u00f6zl\u0259nilir - MEYDAN.TV","robots":{"index":"index","follow":"follow","max-snippet":"max-snippet:-1","max-image-preview":"max-image-preview:large","max-video-preview":"max-video-preview:-1"},"canonical":"https:\/\/www.meydan.tv\/az\/article\/qubad-ibadoglu-yeni-bahalasma-dalgasi-gozlenilir\/","og_locale":"az_AZ","og_type":"article","og_title":"Qubad \u0130bado\u011flu: Yeni bahala\u015fma dal\u011fas\u0131 g\u00f6zl\u0259nilir - MEYDAN.TV","og_description":"''Cari ilin ikinci yar\u0131s\u0131nda da \u00f6lk\u0259 iqtisadiyyat\u0131nda 2 r\u0259q\u0259mli inflyasiya h\u00f6kmranl\u0131q ed\u0259c\u0259k''","og_url":"https:\/\/www.meydan.tv\/az\/article\/qubad-ibadoglu-yeni-bahalasma-dalgasi-gozlenilir\/","og_site_name":"MEYDAN.TV","article_published_time":"2016-07-24T02:53:07+00:00","og_image":[{"width":755,"height":503,"url":"https:\/\/www.meydan.tv\/wp-content\/uploads\/24337.jpg","type":"image\/jpeg"}],"author":"user-manager","twitter_card":"summary_large_image","schema":{"@context":"https:\/\/schema.org","@graph":[{"@type":"Article","@id":"https:\/\/www.meydan.tv\/az\/article\/qubad-ibadoglu-yeni-bahalasma-dalgasi-gozlenilir\/#article","isPartOf":{"@id":"https:\/\/www.meydan.tv\/az\/article\/qubad-ibadoglu-yeni-bahalasma-dalgasi-gozlenilir\/"},"author":{"name":"user-manager","@id":"https:\/\/www.meydan.tv\/az\/#\/schema\/person\/10d11eccf6da3662cf5fdab9806ea91a"},"headline":"Qubad \u0130bado\u011flu: Yeni bahala\u015fma dal\u011fas\u0131 g\u00f6zl\u0259nilir","datePublished":"2016-07-24T02:53:07+00:00","mainEntityOfPage":{"@id":"https:\/\/www.meydan.tv\/az\/article\/qubad-ibadoglu-yeni-bahalasma-dalgasi-gozlenilir\/"},"wordCount":712,"publisher":{"@id":"https:\/\/www.meydan.tv\/az\/#organization"},"image":{"@id":"https:\/\/www.meydan.tv\/az\/article\/qubad-ibadoglu-yeni-bahalasma-dalgasi-gozlenilir\/#primaryimage"},"thumbnailUrl":"https:\/\/www.meydan.tv\/wp-content\/uploads\/24337.jpg","articleSection":["Analitika"],"inLanguage":"az"},{"@type":"WebPage","@id":"https:\/\/www.meydan.tv\/az\/article\/qubad-ibadoglu-yeni-bahalasma-dalgasi-gozlenilir\/","url":"https:\/\/www.meydan.tv\/az\/article\/qubad-ibadoglu-yeni-bahalasma-dalgasi-gozlenilir\/","name":"Qubad \u0130bado\u011flu: Yeni bahala\u015fma dal\u011fas\u0131 g\u00f6zl\u0259nilir - MEYDAN.TV","isPartOf":{"@id":"https:\/\/www.meydan.tv\/az\/#website"},"primaryImageOfPage":{"@id":"https:\/\/www.meydan.tv\/az\/article\/qubad-ibadoglu-yeni-bahalasma-dalgasi-gozlenilir\/#primaryimage"},"image":{"@id":"https:\/\/www.meydan.tv\/az\/article\/qubad-ibadoglu-yeni-bahalasma-dalgasi-gozlenilir\/#primaryimage"},"thumbnailUrl":"https:\/\/www.meydan.tv\/wp-content\/uploads\/24337.jpg","datePublished":"2016-07-24T02:53:07+00:00","breadcrumb":{"@id":"https:\/\/www.meydan.tv\/az\/article\/qubad-ibadoglu-yeni-bahalasma-dalgasi-gozlenilir\/#breadcrumb"},"inLanguage":"az","potentialAction":[{"@type":"ReadAction","target":["https:\/\/www.meydan.tv\/az\/article\/qubad-ibadoglu-yeni-bahalasma-dalgasi-gozlenilir\/"]}]},{"@type":"ImageObject","inLanguage":"az","@id":"https:\/\/www.meydan.tv\/az\/article\/qubad-ibadoglu-yeni-bahalasma-dalgasi-gozlenilir\/#primaryimage","url":"https:\/\/www.meydan.tv\/wp-content\/uploads\/24337.jpg","contentUrl":"https:\/\/www.meydan.tv\/wp-content\/uploads\/24337.jpg","width":755,"height":503,"caption":"Source:"},{"@type":"BreadcrumbList","@id":"https:\/\/www.meydan.tv\/az\/article\/qubad-ibadoglu-yeni-bahalasma-dalgasi-gozlenilir\/#breadcrumb","itemListElement":[{"@type":"ListItem","position":1,"name":"Ana s\u0259hif\u0259","item":"https:\/\/www.meydan.tv\/az\/"},{"@type":"ListItem","position":2,"name":"Analitika","item":"https:\/\/www.meydan.tv\/az\/section\/analitika\/"},{"@type":"ListItem","position":3,"name":"Qubad \u0130bado\u011flu: Yeni bahala\u015fma dal\u011fas\u0131 g\u00f6zl\u0259nilir"}]},{"@type":"WebSite","@id":"https:\/\/www.meydan.tv\/az\/#website","url":"https:\/\/www.meydan.tv\/az\/","name":"MEYDAN.TV","description":"Meydan TV Az\u0259rbaycan\u0131n media m\u0259kan\u0131ndak\u0131 alternativ s\u0259sidir","publisher":{"@id":"https:\/\/www.meydan.tv\/az\/#organization"},"potentialAction":[{"@type":"SearchAction","target":{"@type":"EntryPoint","urlTemplate":"https:\/\/www.meydan.tv\/az\/?s={search_term_string}"},"query-input":{"@type":"PropertyValueSpecification","valueRequired":true,"valueName":"search_term_string"}}],"inLanguage":"az"},{"@type":"Organization","@id":"https:\/\/www.meydan.tv\/az\/#organization","name":"Meydan TV","url":"https:\/\/www.meydan.tv\/az\/","logo":{"@type":"ImageObject","inLanguage":"az","@id":"https:\/\/www.meydan.tv\/az\/#\/schema\/logo\/image\/","url":"https:\/\/www.meydan.tv\/wp-content\/uploads\/2021\/07\/meydan-logo.svg","contentUrl":"https:\/\/www.meydan.tv\/wp-content\/uploads\/2021\/07\/meydan-logo.svg","width":195,"height":46,"caption":"Meydan TV"},"image":{"@id":"https:\/\/www.meydan.tv\/az\/#\/schema\/logo\/image\/"}},{"@type":"Person","@id":"https:\/\/www.meydan.tv\/az\/#\/schema\/person\/10d11eccf6da3662cf5fdab9806ea91a","name":"user-manager"}]}},"_links":{"self":[{"href":"https:\/\/www.meydan.tv\/az\/wp-json\/wp\/v2\/posts\/177648","targetHints":{"allow":["GET"]}}],"collection":[{"href":"https:\/\/www.meydan.tv\/az\/wp-json\/wp\/v2\/posts"}],"about":[{"href":"https:\/\/www.meydan.tv\/az\/wp-json\/wp\/v2\/types\/post"}],"author":[{"embeddable":true,"href":"https:\/\/www.meydan.tv\/az\/wp-json\/wp\/v2\/users\/11"}],"replies":[{"embeddable":true,"href":"https:\/\/www.meydan.tv\/az\/wp-json\/wp\/v2\/comments?post=177648"}],"version-history":[{"count":0,"href":"https:\/\/www.meydan.tv\/az\/wp-json\/wp\/v2\/posts\/177648\/revisions"}],"wp:featuredmedia":[{"embeddable":true,"href":"https:\/\/www.meydan.tv\/az\/wp-json\/wp\/v2\/media\/63832"}],"wp:attachment":[{"href":"https:\/\/www.meydan.tv\/az\/wp-json\/wp\/v2\/media?parent=177648"}],"wp:term":[{"taxonomy":"category","embeddable":true,"href":"https:\/\/www.meydan.tv\/az\/wp-json\/wp\/v2\/categories?post=177648"},{"taxonomy":"post_tag","embeddable":true,"href":"https:\/\/www.meydan.tv\/az\/wp-json\/wp\/v2\/tags?post=177648"}],"curies":[{"name":"wp","href":"https:\/\/api.w.org\/{rel}","templated":true}]}}