{"id":177609,"date":"2016-07-22T01:57:44","date_gmt":"2016-07-22T01:57:44","guid":{"rendered":"https:\/\/www.meydan.tv\/article\/referendum-neo-monarxiyadan-demokratiyaya\/"},"modified":"2016-07-22T01:57:44","modified_gmt":"2016-07-22T01:57:44","slug":"referendum-neo-monarxiyadan-demokratiyaya","status":"publish","type":"post","link":"https:\/\/www.meydan.tv\/az\/article\/referendum-neo-monarxiyadan-demokratiyaya\/","title":{"rendered":"Referendum: neo-monarxiyadan demokratiyaya"},"content":{"rendered":"<figure class=\"wp-block-image size-large\">\n  <img decoding=\"async\" src=\"https:\/\/www.meydan.tv\/az\/63703\/\" alt=\"\" class=\"wp-image-63703\"\/><figcaption><\/figcaption><\/figure>\n<p>\n  <i><br \/>\n    \u00c7ox g\u00fcman ki, \u018fliyev atas\u0131n\u0131n qurdu\u011fu, daha sonra \u00f6z\u00fcn\u00fcn g\u00fccl\u0259ndirdiyi sistemd\u0259 islahatlar aparmaq missiyas\u0131n\u0131 \u00f6z \u00fcz\u0259rin\u0259 g\u00f6t\u00fcr\u00fcb<br \/>\n  <\/i>\n<\/p>\n<p>\n  Prezident \u0130lham \u018fliyev iyulun 18-d\u0259 Konstitusiya M\u0259hk\u0259m\u0259sin\u0259 Az\u0259rbaycan Konstitusiyas\u0131na onun onsuz da geni\u015f olan s\u0259lahiyy\u0259tl\u0259rinin daha da geni\u015fl\u0259ndirilm\u0259sini n\u0259z\u0259rd\u0259 tutan d\u0259yi\u015fiklikl\u0259r edilm\u0259si haqq\u0131nda referendum akt\u0131 layih\u0259si g\u00f6nd\u0259rib.\n<\/p>\n<p>\n  D\u00fcz\u0259li\u015fl\u0259r a\u015fa\u011f\u0131dak\u0131lar\u0131 n\u0259z\u0259rd\u0259 tutur:\n<\/p>\n<p>\n  <b><br \/>\n    1.<br \/>\n  <\/b><br \/>\n  Az\u0259rbaycan Respublikas\u0131n\u0131n birinci vitse-prezidenti v\u0259 vitse-prezidentl\u0259ri institutunun t\u0259sis edilm\u0259si. Onlar he\u00e7 kiml\u0259 raz\u0131la\u015fd\u0131rmadan, \u00f6lk\u0259 prezidentinin \u00f6z\u00fc t\u0259r\u0259find\u0259n v\u0259zif\u0259y\u0259 t\u0259yin v\u0259 v\u0259zif\u0259d\u0259n azad edilir. Bundan sonra prezident d\u00f6vl\u0259t ba\u015f\u00e7\u0131s\u0131 s\u0259lahiyy\u0259tl\u0259rini icra etm\u0259k iqtidar\u0131nda olmasa, onun s\u0259lahiyy\u0259tl\u0259ri birinci vitse-prezident\u0259 ke\u00e7ir. Konstitusiyan\u0131n haz\u0131rki redaksiyas\u0131nda prezident s\u0259lahiyy\u0259tl\u0259ri ba\u015f nazir\u0259 ke\u00e7ir.\n<\/p>\n<p>\n  <b><br \/>\n    2.<br \/>\n  <\/b><br \/>\n  Prezidentin s\u0259lahiyy\u0259t m\u00fcdd\u0259tinin 5 ild\u0259n 7 il\u0259 q\u0259d\u0259r art\u0131r\u0131lmas\u0131. Prezident\u0259 n\u00f6vb\u0259d\u0259nk\u0259nar d\u00f6vl\u0259t ba\u015f\u00e7\u0131s\u0131 se\u00e7kil\u0259rini elan etm\u0259k s\u0259lahiyy\u0259ti verilir.\n<\/p>\n<p>\n  <b><br \/>\n    3.<br \/>\n  <\/b><br \/>\n  Prezidentliy\u0259 namiz\u0259dl\u0259r \u00fc\u00e7\u00fcn haz\u0131rda 35 ya\u015f olan minimum ya\u015f senzi l\u0259\u011fv olunur.\n<\/p>\n<p>\n  <b><br \/>\n    4.<br \/>\n  <\/b><br \/>\n  Parlamentin prezident t\u0259r\u0259find\u0259n burax\u0131lmas\u0131 imkan\u0131 n\u0259z\u0259rd\u0259 tutan d\u00fcz\u0259li\u015f t\u0259klif olunur. Layih\u0259y\u0259 \u0259sas\u0259n, parlament a\u015fa\u011f\u0131dak\u0131 hallarda burax\u0131la bil\u0259r: Milli M\u0259clisinin eyni \u00e7a\u011f\u0131r\u0131\u015f\u0131 bir il \u0259rzind\u0259 iki d\u0259f\u0259 Nazirl\u0259r Kabinetin\u0259 etimads\u0131zl\u0131q g\u00f6st\u0259rdikd\u0259, yaxud Konstitusiya M\u0259hk\u0259m\u0259sinin, Ali M\u0259hk\u0259m\u0259sinin v\u0259 M\u0259rk\u0259zi Bank\u0131n \u0130dar\u0259 Hey\u0259tinin \u00fczvl\u00fcy\u0259 namiz\u0259dl\u0259rini iki d\u0259f\u0259 t\u0259qdim edildikd\u0259n sonra, qanunla m\u00fc\u0259yy\u0259n edilmi\u015f m\u00fcdd\u0259td\u0259 t\u0259sdiql\u0259m\u0259dikd\u0259 burax\u0131la bil\u0259r v\u0259 s.\n<\/p>\n<p>\n  <b><br \/>\n    5.<br \/>\n  <\/b><br \/>\n  Parlamentin deputat\u0131 se\u00e7ilm\u0259k \u00fc\u00e7\u00fcn 25 ya\u015f senzi l\u0259\u011fv olunur v\u0259 18 ya\u015fdan etibar\u0259n namiz\u0259d olmaq h\u00fcququ verilir.\n<\/p>\n<p>\n  D\u0259yi\u015fiklikl\u0259r 29 madd\u0259d\u0259n ibar\u0259tdir, insan h\u00fcquqlar\u0131, m\u00fclkiyy\u0259t h\u00fcquqlar\u0131, m\u0259lumat\u0131n qorunmas\u0131 v\u0259 s. aid m\u0259s\u0259l\u0259l\u0259ri d\u0259 n\u0259z\u0259rd\u0259 tutur.\n<\/p>\n<p>\n  \u00dcmumiyy\u0259tl\u0259, qeyd etm\u0259k laz\u0131md\u0131r ki, birincisi, t\u0259\u015f\u0259bb\u00fcs ir\u0259li s\u00fcr\u00fcl\u0259rk\u0259n ad\u0259t\u0259n oldu\u011fu kimi ictimai r\u0259y yoxlan\u0131lmay\u0131b. \u0130kincisi, 2016-c\u0131 ili islahatlar ili elan ed\u0259n h\u00f6kum\u0259tin iclas\u0131ndan d\u0259rhal sonra t\u0259qdim edilib. \u00dc\u00e7\u00fcnc\u00fcs\u00fc, bu, islahatlar v\u0259 demokratiyan\u0131n inki\u015faf\u0131n\u0131 t\u0259l\u0259b ed\u0259n AB\u015e v\u0259 m\u00fctt\u0259fiql\u0259rin ard\u0131c\u0131l t\u0259zyiqi kontekstind\u0259 edilib. D\u00f6rd\u00fcnc\u00fcs\u00fc, q\u0259rar iqtisadi b\u00f6hran\u0131n d\u0259rinl\u0259\u015fdiyi bir \u015f\u0259raitd\u0259 q\u0259bul edilib.\n<\/p>\n<p>\n  D\u00fcz\u0259li\u015fl\u0259r i\u015f\u0131q \u00fcz\u00fc g\u00f6rd\u00fckd\u0259n sonra iki versiya i\u00e7timay\u0131 m\u00fczakir\u0259l\u0259rd\u0259 yer al\u0131b \u2013 neo-monarxiya v\u0259 demokratiya.\n<\/p>\n<p>\n  <i><br \/>\n    Neo-monarxiya.<br \/>\n  <\/i><br \/>\n  Bu versiyan\u0131n \u0259ks\u0259riyy\u0259t t\u0259\u015fkil ed\u0259n t\u0259r\u0259fdarlar\u0131 hakimiyy\u0259tin h\u0259yat yolda\u015f\u0131na v\u0259 daha sonra o\u011fluna \u00f6t\u00fcr\u00fclm\u0259sin\u0259, demokratik inki\u015faf yolundan tamamil\u0259 ayr\u0131lma\u011fa haz\u0131rla\u015fan &#8220;ail\u0259&#8221; t\u0259r\u0259find\u0259n hakimiyy\u0259tin q\u0259sb edilm\u0259sind\u0259n dan\u0131\u015f\u0131rlar. Bu versiya \u0130lham \u018fliyevin 2003-c\u00fc ilin oktyabr\u0131nda prezident se\u00e7ildiyi andan etibar\u0259n d\u00f6vl\u0259t ba\u015f\u00e7\u0131s\u0131 kimi yuks\u0259lm\u0259sind\u0259 \u00f6z t\u0259stiqini tap\u0131r. B\u00fct\u00fcn bu ill\u0259r \u0259rzind\u0259 c\u0259miyy\u0259t prezidentin \u015f\u0259xsi hakimiyy\u0259tinin m\u00f6hk\u0259ml\u0259ndirilm\u0259si v\u0259 onun oliqarx nazirl\u0259rd\u0259n ibar\u0259t komandas\u0131n\u0131n z\u0259ifl\u0259dilm\u0259si istiqam\u0259tind\u0259 sabit v\u0259 ard\u0131c\u0131l h\u0259r\u0259k\u0259t m\u00fc\u015fahid\u0259 edib. Bu, 2005-ci ild\u0259 nazirl\u0259r\u0259 qar\u015f\u0131 sui-q\u0259sdin u\u011fursuzlu\u011fundan, 2008-ci ilin alternativsiz prezident se\u00e7kil\u0259rind\u0259n v\u0259 bunun ard\u0131nca g\u0259l\u0259n iki d\u0259f\u0259 se\u00e7ilm\u0259k m\u0259hdudiyy\u0259tini aradan qald\u0131ran v\u0259 hakimiyy\u0259t iyerarxiyas\u0131nda parlament spikerinin yerin\u0259 ba\u015f naziri ikinci yer\u0259 ke\u00e7ir\u0259n referendumdan sonra \u00f6z\u00fcn\u00fc daha ayd\u0131n \u015f\u0259kild\u0259 biruz\u0259 verib. Bu d\u00f6vrd\u0259 h\u0259m d\u0259 b\u00f6y\u00fck maliyy\u0259 resurslar\u0131n\u0131n v\u0259 maddi resurslar\u0131n &#8220;ail\u0259nin&#8221; \u0259lind\u0259 c\u0259ml\u0259\u015fm\u0259si v\u0259 oliqarx m\u0259murlar\u0131n ail\u0259 layih\u0259l\u0259rinin menecerl\u0259rin\u0259 \u00e7evrilm\u0259si qeyd\u0259 al\u0131n\u0131r. \u0130lham \u018fliyevin 13 illik idar\u0259etm\u0259si iqtisadi v\u0259 siyasi azadl\u0131qlar\u0131n m\u0259hvin\u0259 d\u0259 g\u0259tirib \u00e7\u0131xar\u0131b ki, bu da ki\u00e7ik v\u0259 orta sinfin v\u0259 v\u0259t\u0259nda\u015f c\u0259miyy\u0259ti institutlar\u0131n\u0131n m\u0259hvin\u0259 s\u0259b\u0259b olub.\n<\/p>\n<p>\n  <i><br \/>\n    Demokratik.<br \/>\n  <\/i><br \/>\n  T\u0259k-t\u00fck insanlar hesab edirl\u0259r ki, t\u0259\u015f\u0259bb\u00fcs \u00f6lk\u0259nin sistemli b\u00f6hrandan \u00e7\u0131xar\u0131lmas\u0131 \u00fc\u00e7\u00fcn qa\u00e7\u0131lmaz z\u0259rur\u0259t kimi islahatlar\u0131n s\u00fcr\u0259tl\u0259 h\u0259yata ke\u00e7irilm\u0259sin\u0259 y\u00f6n\u0259lib. Prinsipc\u0259, yuxar\u0131da g\u00f6st\u0259ril\u0259n \u018fliyevin \u015f\u0259xsi hakimiyy\u0259tini g\u00fccl\u0259ndirilm\u0259si il\u0259 ba\u011fl\u0131 n\u00fcmun\u0259l\u0259r bir m\u00fch\u00fcm rol oynay\u0131b &#8211; onun x\u0259st\u0259likd\u0259n z\u0259ifl\u0259mi\u015f Heyd\u0259r \u018fliyevin \u00f6mr\u00fcn\u00fcn son ill\u0259rind\u0259 formala\u015faraq ciddi maliyy\u0259-siyasi q\u00fcvv\u0259 \u0259ld\u0259 etmi\u015f kifay\u0259t q\u0259d\u0259r m\u00fcrt\u0259ce \u0259traf\u0131n\u0131 z\u0259ifl\u0259dib. Faktd\u0131r ki, \u00f6lk\u0259 islahatlara hamil\u0259dir v\u0259 onlar\u0131n bu il do\u011fulaca\u011f\u0131 haqq\u0131nda anonsu \u018fliyev h\u00f6kum\u0259tin iyul iclas\u0131nda s\u0259sl\u0259ndirib. B\u0259zi m\u0259lumatlara g\u00f6r\u0259, 10 istiqam\u0259ti \u0259hat\u0259 ed\u0259n islahatlar proqram\u0131 sentyabr\u0131n ikinci yar\u0131s\u0131nda elan olunacaq. Bu proqram\u0131n haz\u0131rlanmas\u0131na avtoritar tipli d\u00f6vl\u0259t sisteml\u0259rind\u0259 islahatlar aparmaq t\u0259cr\u00fcb\u0259si olan xarici m\u00fct\u0259x\u0259ssisl\u0259r c\u0259lb olunub.\n<\/p>\n<p>\n  Haz\u0131rki mafiya sisteminin demokratik sistem\u0259 ke\u00e7m\u0259sini n\u0259z\u0259rd\u0259 tutan bel\u0259 geni\u015f miqyasl\u0131 islahatlar\u0131n h\u0259yata ke\u00e7irilm\u0259si \u00fc\u00e7\u00fcn t\u0259kc\u0259 onlar\u0131n h\u0259yata ke\u00e7ir\u0259n siyasi irad\u0259si deyil, h\u0259m d\u0259 kadrlar\u0131n d\u0259yi\u015fdirilm\u0259sind\u0259n, inhisarlar\u0131n da\u011f\u0131d\u0131lmas\u0131ndan \u015f\u0259ffaf r\u0259qab\u0259tli m\u00fchitin yarad\u0131lmas\u0131na q\u0259d\u0259r operativ v\u0259 q\u0259tiyy\u0259tli add\u0131mlar\u0131n at\u0131lmas\u0131 t\u0259l\u0259b olunacaq. 2009-cu ild\u0259 d\u00f6vl\u0259t sistemind\u0259 islahatlar m\u00fc\u0259yy\u0259n d\u0259r\u0259c\u0259d\u0259 prezidentin q\u0259rar q\u0259bul etm\u0259si operativliyini art\u0131rd\u0131 v\u0259 fors-major hallar\u0131nda hakimiyy\u0259tin prezidentd\u0259n ba\u015f nazir\u0259 daha elastik \u015f\u0259kild\u0259 ke\u00e7m\u0259sini t\u0259min etdi. Amma bu add\u0131mlar yaln\u0131z sistemin sabitliyini g\u00fccl\u0259ndirdi, islahatlar \u00fc\u00e7\u00fcn \u015f\u0259rait yaratmad\u0131. Ke\u00e7id d\u00f6vr\u00fcn\u00fcn haz\u0131rki m\u0259rh\u0259l\u0259si idar\u0259etm\u0259 v\u0259 davaml\u0131l\u0131qda daha \u00e7ox operativlik t\u0259l\u0259b edir. Prezidentin ist\u0259nil\u0259n zaman he\u00e7 kiml\u0259 raz\u0131la\u015fd\u0131rmadan t\u0259yin ed\u0259 v\u0259 v\u0259zif\u0259d\u0259n uzaqla\u015fd\u0131ra bil\u0259c\u0259yi vitse-prezidentl\u0259r v\u0259zif\u0259sinin t\u0259tbiq edilm\u0259si h\u0259r-hans\u0131 m\u00fcdaxil\u0259 durumunda onun \u015f\u0259xsi t\u0259hl\u00fck\u0259sizliyini v\u0259 b\u00fct\u00fcn sistemin t\u0259hl\u00fck\u0259sizliyini t\u0259min etm\u0259k imkan\u0131 verir. Dig\u0259r t\u0259r\u0259fd\u0259n, bu, operativ idar\u0259etm\u0259ni koordinatlar sistemind\u0259 c\u0259ml\u0259\u015fdirm\u0259k imkan\u0131 ver\u0259c\u0259k: prezident v\u0259 h\u0259r biri m\u00fc\u0259yy\u0259n islahatlar istiqam\u0259tl\u0259rin\u0259 v\u0259 sah\u0259l\u0259r\u0259 n\u0259zar\u0259t ed\u0259n vitse-prezidentl\u0259r.\n<\/p>\n<p>\n  Hakimiyy\u0259t m\u00fcdd\u0259tinin 7 il\u0259 q\u0259d\u0259r art\u0131r\u0131lmas\u0131 \u018fliyev\u0259 n\u00f6vb\u0259ti d\u0259f\u0259 m\u00fcdd\u0259tsiz se\u00e7ilm\u0259si qaydalar\u0131n\u0131n m\u00f6vcud oldu\u011fu haz\u0131rk\u0131 \u015f\u0259raitd\u0259n daha legitim bir \u015f\u0259raitd\u0259 yenid\u0259n se\u00e7ilm\u0259k imkan\u0131 verir. Bununla \u018fliyev bir t\u0259r\u0259fd\u0259n son vaxtlar hakimiyy\u0259t kuluarlar\u0131nda daha s\u0131x s\u0259sl\u0259n\u0259n &#8220;N\u00f6vb\u0259ti kim olacaq?&#8221; sual\u0131na son qoyacaq. \u0130kincisi is\u0259, \u00f6z\u00fc \u00fc\u00e7\u00fcn islahatlar\u0131n \u0259n az\u0131ndan 2020 v\u0259 2025-ci ill\u0259r\u0259 q\u0259d\u0259r h\u0259yata ke\u00e7irilm\u0259li olan ilk iki m\u0259rh\u0259l\u0259sini h\u0259yata ke\u00e7irm\u0259k \u00fc\u00e7\u00fcn imkan yarad\u0131r.\n<\/p>\n<p>\n  Prezident se\u00e7ilm\u0259k h\u00fcququ \u0259ld\u0259 etm\u0259k \u00fc\u00e7\u00fcn 35 ya\u015f olan minimum ya\u015f senzinin l\u0259\u011fvi yax\u015f\u0131 t\u0259hsil alm\u0131\u015f v\u0259 m\u00fcasir t\u0259l\u0259bl\u0259r\u0259 cavab ver\u0259n yeni texnokratlar v\u0259 siyas\u0259t\u00e7il\u0259r n\u0259slinin komandaya g\u0259tirilm\u0259si il\u0259 ba\u011fl\u0131 ola bil\u0259r. B\u0259zi m\u0259lumatlara g\u00f6r\u0259, idar\u0259etm\u0259 sisteminin v\u0259 m\u0259mur aparat\u0131n\u0131n ara\u015fd\u0131r\u0131lmas\u0131 \u00fc\u00e7\u00fcn d\u0259v\u0259t olunmu\u015f ekspertl\u0259r qrupu bel\u0259 bir n\u0259tic\u0259y\u0259 g\u0259lib ki, \u018fliyevin haz\u0131rki ortodoksal komandas\u0131 il\u0259 Az\u0259rbaycanda Sinqapur qurmaq m\u00fcmk\u00fcn olmayacaq. Ekspertl\u0259r m\u00fcasir d\u00fc\u015f\u00fcn\u0259n g\u0259nc m\u00fct\u0259x\u0259ssisl\u0259r c\u0259lb etm\u0259kl\u0259 ciddi kadr islahatlar\u0131 h\u0259yata ke\u00e7irm\u0259yi t\u00f6vsiy\u0259 edibl\u0259r. Bu kadr yana\u015fmas\u0131 parlament\u0259 d\u0259 aiddir. Prezident\u0259 parlamenti buraxmaq s\u0259lahiyy\u0259tinin verilm\u0259sin\u0259 g\u0259linc\u0259, bu, birincisi qanunlar\u0131 t\u0259sdiq etm\u0259k \u00f6hd\u0259liyini yerin\u0259 yetir\u0259n parlamentin daha \u00e7ox as\u0131l\u0131l\u0131\u011f\u0131 v\u0259 ita\u0259tkarl\u0131\u011f\u0131, ikincisi is\u0259, parlamentd\u0259 zaman\u0131n t\u0259l\u0259bl\u0259rin\u0259 uy\u011fun olaraq kadr d\u0259yi\u015fiklikl\u0259ri apar\u0131lmas\u0131, h\u0259tta hans\u0131sa m\u0259rh\u0259l\u0259d\u0259 onun t\u0259rkibin\u0259 m\u00fcxalif\u0259tin daxil edilm\u0259si dem\u0259kdir.\n<\/p>\n<p>\n  \u018fliyevin t\u0259\u015f\u0259bb\u00fcs\u00fc islahatlarda israr ed\u0259n AB\u015e v\u0259 A\u0130-nin ciddi t\u0259zyiqin\u0259 m\u0259ruz qald\u0131\u011f\u0131, siyasi m\u0259hbuslar\u0131n azad edilm\u0259sind\u0259n, islahatlar proqram\u0131 haz\u0131rlamas\u0131ndan v\u0259 s. g\u00f6r\u00fcnd\u00fcy\u00fc kimi, indiy\u0259d\u0259k g\u00f6r\u00fcnm\u0259mi\u015f g\u00fcz\u0259\u015ftl\u0259r\u0259 getdiyi bir zaman k\u0259siyind\u0259 ir\u0259li s\u00fcrm\u0259si fakt\u0131 da demokratiya versiyas\u0131na d\u0259lal\u0259t edir. Referendum m\u0259s\u0259l\u0259sini Q\u0259rbli t\u0259r\u0259fda\u015flar\u0131 il\u0259 raz\u0131la\u015fd\u0131rmadan \u018fliyev \u00e7\u0259tin referendum m\u00f6vzusu il\u0259 qar\u015f\u0131durmaya ged\u0259rdi. \u018fks halda cavab kimi konqresmen Smitin Az\u0259rbaycan hakimiyy\u0259tin\u0259 qar\u015f\u0131 sanksiyalar haqq\u0131nda t\u0259\u015f\u0259bb\u00fcs\u00fc i\u015f\u0259 sal\u0131nmas\u0131 idi, h\u0259l\u0259 Maqnitski qanununu v\u0259 AB\u015e t\u0259r\u0259find\u0259n avtoritarizm\u0259 dig\u0259r t\u0259zyiq vasit\u0259l\u0259rini demirik.\n<\/p>\n<p>\n  \u00c7ox g\u00fcman ki, \u018fliyev atas\u0131n\u0131n qurdu\u011fu, daha sonra \u00f6z\u00fcn\u00fcn g\u00fccl\u0259ndirdiyi sistemd\u0259 islahatlar aparmaq missiyas\u0131n\u0131 \u00f6z \u00fcz\u0259rin\u0259 g\u00f6t\u00fcr\u00fcb. &#8220;Da\u011f\u0131tma\u011f\u0131n qurmaq olmad\u0131\u011f\u0131n\u0131&#8221; des\u0259l\u0259r d\u0259, haz\u0131rki siyasi sistemin konstruksiyas\u0131ndak\u0131 b\u00fct\u00fcn arxitektura h\u0259ll\u0259rini bil\u0259n biri kimi onun sistemi operativ v\u0259 s\u0259m\u0259r\u0259li \u015f\u0259kild\u0259 s\u00f6km\u0259si daha asan olacaq.<\/p>\n","protected":false},"excerpt":{"rendered":"<p>\u00c7ox g\u00fcman ki, \u018fliyev atas\u0131n\u0131n qurdu\u011fu, daha sonra \u00f6z\u00fcn\u00fcn g\u00fccl\u0259ndirdiyi sistemd\u0259 islahatlar aparmaq missiyas\u0131n\u0131 \u00f6z \u00fcz\u0259rin\u0259 g\u00f6t\u00fcr\u00fcb<\/p>\n","protected":false},"author":11,"featured_media":63703,"comment_status":"closed","ping_status":"open","sticky":false,"template":"","format":"standard","meta":{"_acf_changed":false,"_sitemap_exclude":false,"_sitemap_priority":"","_sitemap_frequency":"","footnotes":""},"categories":[51],"tags":[],"class_list":["post-177609","post","type-post","status-publish","format-standard","has-post-thumbnail","hentry","category-analitika","infinite-scroll-item","generate-columns","tablet-grid-50","mobile-grid-100","grid-parent","grid-33","no-featured-image-padding"],"acf":[],"yoast_head":"<!-- This site is optimized with the Yoast SEO plugin v27.5 - https:\/\/yoast.com\/product\/yoast-seo-wordpress\/ -->\n<title>Referendum: neo-monarxiyadan demokratiyaya - MEYDAN.TV<\/title>\n<meta name=\"robots\" content=\"index, follow, max-snippet:-1, max-image-preview:large, max-video-preview:-1\" \/>\n<link rel=\"canonical\" href=\"https:\/\/www.meydan.tv\/az\/article\/referendum-neo-monarxiyadan-demokratiyaya\/\" \/>\n<meta property=\"og:locale\" content=\"az_AZ\" \/>\n<meta property=\"og:type\" content=\"article\" \/>\n<meta property=\"og:title\" content=\"Referendum: neo-monarxiyadan demokratiyaya - MEYDAN.TV\" \/>\n<meta property=\"og:description\" content=\"\u00c7ox g\u00fcman ki, \u018fliyev atas\u0131n\u0131n qurdu\u011fu, daha sonra \u00f6z\u00fcn\u00fcn g\u00fccl\u0259ndirdiyi sistemd\u0259 islahatlar aparmaq missiyas\u0131n\u0131 \u00f6z \u00fcz\u0259rin\u0259 g\u00f6t\u00fcr\u00fcb\" \/>\n<meta property=\"og:url\" content=\"https:\/\/www.meydan.tv\/az\/article\/referendum-neo-monarxiyadan-demokratiyaya\/\" \/>\n<meta property=\"og:site_name\" content=\"MEYDAN.TV\" \/>\n<meta property=\"article:published_time\" content=\"2016-07-22T01:57:44+00:00\" \/>\n<meta property=\"og:image\" content=\"https:\/\/www.meydan.tv\/wp-content\/uploads\/24295.jpg\" \/>\n\t<meta property=\"og:image:width\" content=\"750\" \/>\n\t<meta property=\"og:image:height\" content=\"500\" \/>\n\t<meta property=\"og:image:type\" content=\"image\/jpeg\" \/>\n<meta name=\"author\" content=\"user-manager\" \/>\n<meta name=\"twitter:card\" content=\"summary_large_image\" \/>\n<script type=\"application\/ld+json\" class=\"yoast-schema-graph\">{\"@context\":\"https:\\\/\\\/schema.org\",\"@graph\":[{\"@type\":\"Article\",\"@id\":\"https:\\\/\\\/www.meydan.tv\\\/az\\\/article\\\/referendum-neo-monarxiyadan-demokratiyaya\\\/#article\",\"isPartOf\":{\"@id\":\"https:\\\/\\\/www.meydan.tv\\\/az\\\/article\\\/referendum-neo-monarxiyadan-demokratiyaya\\\/\"},\"author\":{\"name\":\"user-manager\",\"@id\":\"https:\\\/\\\/www.meydan.tv\\\/az\\\/#\\\/schema\\\/person\\\/10d11eccf6da3662cf5fdab9806ea91a\"},\"headline\":\"Referendum: neo-monarxiyadan demokratiyaya\",\"datePublished\":\"2016-07-22T01:57:44+00:00\",\"mainEntityOfPage\":{\"@id\":\"https:\\\/\\\/www.meydan.tv\\\/az\\\/article\\\/referendum-neo-monarxiyadan-demokratiyaya\\\/\"},\"wordCount\":1764,\"publisher\":{\"@id\":\"https:\\\/\\\/www.meydan.tv\\\/az\\\/#organization\"},\"image\":{\"@id\":\"https:\\\/\\\/www.meydan.tv\\\/az\\\/article\\\/referendum-neo-monarxiyadan-demokratiyaya\\\/#primaryimage\"},\"thumbnailUrl\":\"https:\\\/\\\/www.meydan.tv\\\/wp-content\\\/uploads\\\/24295.jpg\",\"articleSection\":[\"Analitika\"],\"inLanguage\":\"az\"},{\"@type\":\"WebPage\",\"@id\":\"https:\\\/\\\/www.meydan.tv\\\/az\\\/article\\\/referendum-neo-monarxiyadan-demokratiyaya\\\/\",\"url\":\"https:\\\/\\\/www.meydan.tv\\\/az\\\/article\\\/referendum-neo-monarxiyadan-demokratiyaya\\\/\",\"name\":\"Referendum: neo-monarxiyadan demokratiyaya - MEYDAN.TV\",\"isPartOf\":{\"@id\":\"https:\\\/\\\/www.meydan.tv\\\/az\\\/#website\"},\"primaryImageOfPage\":{\"@id\":\"https:\\\/\\\/www.meydan.tv\\\/az\\\/article\\\/referendum-neo-monarxiyadan-demokratiyaya\\\/#primaryimage\"},\"image\":{\"@id\":\"https:\\\/\\\/www.meydan.tv\\\/az\\\/article\\\/referendum-neo-monarxiyadan-demokratiyaya\\\/#primaryimage\"},\"thumbnailUrl\":\"https:\\\/\\\/www.meydan.tv\\\/wp-content\\\/uploads\\\/24295.jpg\",\"datePublished\":\"2016-07-22T01:57:44+00:00\",\"breadcrumb\":{\"@id\":\"https:\\\/\\\/www.meydan.tv\\\/az\\\/article\\\/referendum-neo-monarxiyadan-demokratiyaya\\\/#breadcrumb\"},\"inLanguage\":\"az\",\"potentialAction\":[{\"@type\":\"ReadAction\",\"target\":[\"https:\\\/\\\/www.meydan.tv\\\/az\\\/article\\\/referendum-neo-monarxiyadan-demokratiyaya\\\/\"]}]},{\"@type\":\"ImageObject\",\"inLanguage\":\"az\",\"@id\":\"https:\\\/\\\/www.meydan.tv\\\/az\\\/article\\\/referendum-neo-monarxiyadan-demokratiyaya\\\/#primaryimage\",\"url\":\"https:\\\/\\\/www.meydan.tv\\\/wp-content\\\/uploads\\\/24295.jpg\",\"contentUrl\":\"https:\\\/\\\/www.meydan.tv\\\/wp-content\\\/uploads\\\/24295.jpg\",\"width\":750,\"height\":500,\"caption\":\"Source:\"},{\"@type\":\"BreadcrumbList\",\"@id\":\"https:\\\/\\\/www.meydan.tv\\\/az\\\/article\\\/referendum-neo-monarxiyadan-demokratiyaya\\\/#breadcrumb\",\"itemListElement\":[{\"@type\":\"ListItem\",\"position\":1,\"name\":\"Ana s\u0259hif\u0259\",\"item\":\"https:\\\/\\\/www.meydan.tv\\\/az\\\/\"},{\"@type\":\"ListItem\",\"position\":2,\"name\":\"Analitika\",\"item\":\"https:\\\/\\\/www.meydan.tv\\\/az\\\/section\\\/analitika\\\/\"},{\"@type\":\"ListItem\",\"position\":3,\"name\":\"Referendum: neo-monarxiyadan demokratiyaya\"}]},{\"@type\":\"WebSite\",\"@id\":\"https:\\\/\\\/www.meydan.tv\\\/az\\\/#website\",\"url\":\"https:\\\/\\\/www.meydan.tv\\\/az\\\/\",\"name\":\"MEYDAN.TV\",\"description\":\"Meydan TV Az\u0259rbaycan\u0131n media m\u0259kan\u0131ndak\u0131 alternativ s\u0259sidir\",\"publisher\":{\"@id\":\"https:\\\/\\\/www.meydan.tv\\\/az\\\/#organization\"},\"potentialAction\":[{\"@type\":\"SearchAction\",\"target\":{\"@type\":\"EntryPoint\",\"urlTemplate\":\"https:\\\/\\\/www.meydan.tv\\\/az\\\/?s={search_term_string}\"},\"query-input\":{\"@type\":\"PropertyValueSpecification\",\"valueRequired\":true,\"valueName\":\"search_term_string\"}}],\"inLanguage\":\"az\"},{\"@type\":\"Organization\",\"@id\":\"https:\\\/\\\/www.meydan.tv\\\/az\\\/#organization\",\"name\":\"Meydan TV\",\"url\":\"https:\\\/\\\/www.meydan.tv\\\/az\\\/\",\"logo\":{\"@type\":\"ImageObject\",\"inLanguage\":\"az\",\"@id\":\"https:\\\/\\\/www.meydan.tv\\\/az\\\/#\\\/schema\\\/logo\\\/image\\\/\",\"url\":\"https:\\\/\\\/www.meydan.tv\\\/wp-content\\\/uploads\\\/2021\\\/07\\\/meydan-logo.svg\",\"contentUrl\":\"https:\\\/\\\/www.meydan.tv\\\/wp-content\\\/uploads\\\/2021\\\/07\\\/meydan-logo.svg\",\"width\":195,\"height\":46,\"caption\":\"Meydan TV\"},\"image\":{\"@id\":\"https:\\\/\\\/www.meydan.tv\\\/az\\\/#\\\/schema\\\/logo\\\/image\\\/\"}},{\"@type\":\"Person\",\"@id\":\"https:\\\/\\\/www.meydan.tv\\\/az\\\/#\\\/schema\\\/person\\\/10d11eccf6da3662cf5fdab9806ea91a\",\"name\":\"user-manager\"}]}<\/script>\n<!-- \/ Yoast SEO plugin. -->","yoast_head_json":{"title":"Referendum: neo-monarxiyadan demokratiyaya - MEYDAN.TV","robots":{"index":"index","follow":"follow","max-snippet":"max-snippet:-1","max-image-preview":"max-image-preview:large","max-video-preview":"max-video-preview:-1"},"canonical":"https:\/\/www.meydan.tv\/az\/article\/referendum-neo-monarxiyadan-demokratiyaya\/","og_locale":"az_AZ","og_type":"article","og_title":"Referendum: neo-monarxiyadan demokratiyaya - MEYDAN.TV","og_description":"\u00c7ox g\u00fcman ki, \u018fliyev atas\u0131n\u0131n qurdu\u011fu, daha sonra \u00f6z\u00fcn\u00fcn g\u00fccl\u0259ndirdiyi sistemd\u0259 islahatlar aparmaq missiyas\u0131n\u0131 \u00f6z \u00fcz\u0259rin\u0259 g\u00f6t\u00fcr\u00fcb","og_url":"https:\/\/www.meydan.tv\/az\/article\/referendum-neo-monarxiyadan-demokratiyaya\/","og_site_name":"MEYDAN.TV","article_published_time":"2016-07-22T01:57:44+00:00","og_image":[{"width":750,"height":500,"url":"https:\/\/www.meydan.tv\/wp-content\/uploads\/24295.jpg","type":"image\/jpeg"}],"author":"user-manager","twitter_card":"summary_large_image","schema":{"@context":"https:\/\/schema.org","@graph":[{"@type":"Article","@id":"https:\/\/www.meydan.tv\/az\/article\/referendum-neo-monarxiyadan-demokratiyaya\/#article","isPartOf":{"@id":"https:\/\/www.meydan.tv\/az\/article\/referendum-neo-monarxiyadan-demokratiyaya\/"},"author":{"name":"user-manager","@id":"https:\/\/www.meydan.tv\/az\/#\/schema\/person\/10d11eccf6da3662cf5fdab9806ea91a"},"headline":"Referendum: neo-monarxiyadan demokratiyaya","datePublished":"2016-07-22T01:57:44+00:00","mainEntityOfPage":{"@id":"https:\/\/www.meydan.tv\/az\/article\/referendum-neo-monarxiyadan-demokratiyaya\/"},"wordCount":1764,"publisher":{"@id":"https:\/\/www.meydan.tv\/az\/#organization"},"image":{"@id":"https:\/\/www.meydan.tv\/az\/article\/referendum-neo-monarxiyadan-demokratiyaya\/#primaryimage"},"thumbnailUrl":"https:\/\/www.meydan.tv\/wp-content\/uploads\/24295.jpg","articleSection":["Analitika"],"inLanguage":"az"},{"@type":"WebPage","@id":"https:\/\/www.meydan.tv\/az\/article\/referendum-neo-monarxiyadan-demokratiyaya\/","url":"https:\/\/www.meydan.tv\/az\/article\/referendum-neo-monarxiyadan-demokratiyaya\/","name":"Referendum: neo-monarxiyadan demokratiyaya - MEYDAN.TV","isPartOf":{"@id":"https:\/\/www.meydan.tv\/az\/#website"},"primaryImageOfPage":{"@id":"https:\/\/www.meydan.tv\/az\/article\/referendum-neo-monarxiyadan-demokratiyaya\/#primaryimage"},"image":{"@id":"https:\/\/www.meydan.tv\/az\/article\/referendum-neo-monarxiyadan-demokratiyaya\/#primaryimage"},"thumbnailUrl":"https:\/\/www.meydan.tv\/wp-content\/uploads\/24295.jpg","datePublished":"2016-07-22T01:57:44+00:00","breadcrumb":{"@id":"https:\/\/www.meydan.tv\/az\/article\/referendum-neo-monarxiyadan-demokratiyaya\/#breadcrumb"},"inLanguage":"az","potentialAction":[{"@type":"ReadAction","target":["https:\/\/www.meydan.tv\/az\/article\/referendum-neo-monarxiyadan-demokratiyaya\/"]}]},{"@type":"ImageObject","inLanguage":"az","@id":"https:\/\/www.meydan.tv\/az\/article\/referendum-neo-monarxiyadan-demokratiyaya\/#primaryimage","url":"https:\/\/www.meydan.tv\/wp-content\/uploads\/24295.jpg","contentUrl":"https:\/\/www.meydan.tv\/wp-content\/uploads\/24295.jpg","width":750,"height":500,"caption":"Source:"},{"@type":"BreadcrumbList","@id":"https:\/\/www.meydan.tv\/az\/article\/referendum-neo-monarxiyadan-demokratiyaya\/#breadcrumb","itemListElement":[{"@type":"ListItem","position":1,"name":"Ana s\u0259hif\u0259","item":"https:\/\/www.meydan.tv\/az\/"},{"@type":"ListItem","position":2,"name":"Analitika","item":"https:\/\/www.meydan.tv\/az\/section\/analitika\/"},{"@type":"ListItem","position":3,"name":"Referendum: neo-monarxiyadan demokratiyaya"}]},{"@type":"WebSite","@id":"https:\/\/www.meydan.tv\/az\/#website","url":"https:\/\/www.meydan.tv\/az\/","name":"MEYDAN.TV","description":"Meydan TV Az\u0259rbaycan\u0131n media m\u0259kan\u0131ndak\u0131 alternativ s\u0259sidir","publisher":{"@id":"https:\/\/www.meydan.tv\/az\/#organization"},"potentialAction":[{"@type":"SearchAction","target":{"@type":"EntryPoint","urlTemplate":"https:\/\/www.meydan.tv\/az\/?s={search_term_string}"},"query-input":{"@type":"PropertyValueSpecification","valueRequired":true,"valueName":"search_term_string"}}],"inLanguage":"az"},{"@type":"Organization","@id":"https:\/\/www.meydan.tv\/az\/#organization","name":"Meydan TV","url":"https:\/\/www.meydan.tv\/az\/","logo":{"@type":"ImageObject","inLanguage":"az","@id":"https:\/\/www.meydan.tv\/az\/#\/schema\/logo\/image\/","url":"https:\/\/www.meydan.tv\/wp-content\/uploads\/2021\/07\/meydan-logo.svg","contentUrl":"https:\/\/www.meydan.tv\/wp-content\/uploads\/2021\/07\/meydan-logo.svg","width":195,"height":46,"caption":"Meydan TV"},"image":{"@id":"https:\/\/www.meydan.tv\/az\/#\/schema\/logo\/image\/"}},{"@type":"Person","@id":"https:\/\/www.meydan.tv\/az\/#\/schema\/person\/10d11eccf6da3662cf5fdab9806ea91a","name":"user-manager"}]}},"_links":{"self":[{"href":"https:\/\/www.meydan.tv\/az\/wp-json\/wp\/v2\/posts\/177609","targetHints":{"allow":["GET"]}}],"collection":[{"href":"https:\/\/www.meydan.tv\/az\/wp-json\/wp\/v2\/posts"}],"about":[{"href":"https:\/\/www.meydan.tv\/az\/wp-json\/wp\/v2\/types\/post"}],"author":[{"embeddable":true,"href":"https:\/\/www.meydan.tv\/az\/wp-json\/wp\/v2\/users\/11"}],"replies":[{"embeddable":true,"href":"https:\/\/www.meydan.tv\/az\/wp-json\/wp\/v2\/comments?post=177609"}],"version-history":[{"count":0,"href":"https:\/\/www.meydan.tv\/az\/wp-json\/wp\/v2\/posts\/177609\/revisions"}],"wp:featuredmedia":[{"embeddable":true,"href":"https:\/\/www.meydan.tv\/az\/wp-json\/wp\/v2\/media\/63703"}],"wp:attachment":[{"href":"https:\/\/www.meydan.tv\/az\/wp-json\/wp\/v2\/media?parent=177609"}],"wp:term":[{"taxonomy":"category","embeddable":true,"href":"https:\/\/www.meydan.tv\/az\/wp-json\/wp\/v2\/categories?post=177609"},{"taxonomy":"post_tag","embeddable":true,"href":"https:\/\/www.meydan.tv\/az\/wp-json\/wp\/v2\/tags?post=177609"}],"curies":[{"name":"wp","href":"https:\/\/api.w.org\/{rel}","templated":true}]}}