{"id":177599,"date":"2016-07-21T15:39:05","date_gmt":"2016-07-21T15:39:05","guid":{"rendered":"https:\/\/www.meydan.tv\/article\/rauf-mirqedirov-turkiye-iran-ve-rusiya-arasinda-qisamuddetli-yaxinlasmalar-ola-biler\/"},"modified":"2016-07-21T15:39:05","modified_gmt":"2016-07-21T15:39:05","slug":"rauf-mirqedirov-turkiye-iran-ve-rusiya-arasinda-qisamuddetli-yaxinlasmalar-ola-biler","status":"publish","type":"post","link":"https:\/\/www.meydan.tv\/az\/article\/rauf-mirqedirov-turkiye-iran-ve-rusiya-arasinda-qisamuddetli-yaxinlasmalar-ola-biler\/","title":{"rendered":"Rauf Mirq\u0259dirov: T\u00fcrkiy\u0259, \u0130ran v\u0259 Rusiya aras\u0131nda q\u0131sam\u00fcdd\u0259tli yax\u0131nla\u015fmalar ola bil\u0259r"},"content":{"rendered":"<figure class=\"wp-block-image size-large\">\n  <img decoding=\"async\" src=\"https:\/\/www.meydan.tv\/az\/63700\/\" alt=\"\" class=\"wp-image-63700\"\/><figcaption><\/figcaption><\/figure>\n<p>\n  <i><br \/>\n    &#8221;Rusiyal\u0131 analitikl\u0259rin s\u00f6yl\u0259dikl\u0259ri uzunm\u00fcdd\u0259tli perspektiv siyasi v\u0259 t\u0259bli\u011fati spekulyasiyadan ba\u015fqa bir \u015fey deyil&#8221;<br \/>\n  <\/i>\n<\/p>\n<p>\n  \u0130yulun 15-d\u0259 T\u00fcrkiy\u0259d\u0259 bir qrup general v\u0259 h\u0259rb\u00e7inin d\u00f6vl\u0259t \u00e7evrili\u015fin\u0259 c\u0259hdind\u0259n sonra Ankaran\u0131n xarici siyas\u0259t x\u0259tti il\u0259 ba\u011fl\u0131 m\u00fcxt\u0259lif t\u0259klifl\u0259r s\u0259sl\u0259ndirilir. Rusiyal\u0131 analitikl\u0259r T\u00fcrkiy\u0259 prezidenti R\u0259c\u0259b Tayyib \u018frdo\u011fan\u0131n Rusiya prezidenti Vladimir Putinl\u0259 avqustun birinci ong\u00fcnl\u00fcy\u00fcn\u0259 planla\u015fd\u0131r\u0131lan g\u00f6r\u00fc\u015f\u00fcn\u00fc Moskva-Ankara-Tehran, yaxud Moskva-Bak\u0131-Ankara m\u00fctt\u0259fiqlik \u00fc\u00e7buca\u011f\u0131 kimi d\u0259y\u0259rl\u0259ndirirl\u0259r.\n<\/p>\n<p>\n  Q.V.Plexanova ad\u0131na Rusiya \u0130qtisadiyyat Universitetinin politologiya v\u0259 sosiologiya kafedras\u0131n\u0131n dosenti Aleksandr Perendjiev vesti.az-a bildirib ki, haz\u0131rda \u0130ran, Rusiya v\u0259 T\u00fcrkiy\u0259 layih\u0259si g\u00fcnd\u0259m\u0259 g\u0259lir: &#8220;X\u00fcsusil\u0259, \u0130ran \u015eanxay \u018fm\u0259kda\u015fl\u0131q T\u0259\u015fkilat\u0131na \u00fczv olmaq ist\u0259yir. G\u0259l\u0259c\u0259kd\u0259 T\u00fcrkiy\u0259nin d\u0259 m\u00fc\u015fahid\u0259\u00e7i qismind\u0259 qurumda i\u015ftirak\u0131na bax\u0131la bil\u0259r. \u018flb\u0259tt\u0259, bunlar \u00c7inl\u0259 raz\u0131la\u015fd\u0131r\u0131lacaq. \u018fg\u0259r Q\u0259rb \u0259leyhin\u0259 \u00e7\u0131xmasa, T\u00fcrkiy\u0259 tamam ba\u015fqa yolla ged\u0259c\u0259k&#8221;.\n<\/p>\n<p>\n  A.Perendjiev Moskva-Ankara m\u00fcnasib\u0259tl\u0259rinin yax\u015f\u0131la\u015fmas\u0131n\u0131n yeni imkanlar a\u00e7aca\u011f\u0131 q\u0259na\u0259tind\u0259dir: &#8220;\u018flb\u0259tt\u0259, probleml\u0259r var, \u0259vv\u0259l d\u0259 olub, ancaq bunlar\u0131 a\u015fmaq laz\u0131md\u0131r. El\u0259 etm\u0259k laz\u0131md\u0131r ki, T\u00fcrkiy\u0259 m\u00fctt\u0259fiq olmasa da,\u00a0 Rusiyan\u0131n yax\u015f\u0131 t\u0259r\u0259fda\u015f\u0131 olsun. D\u00fc\u015f\u00fcn\u00fcr\u0259m ki, T\u00fcrkiy\u0259 Amerikadan uzaqla\u015facaq. T\u00fcrkl\u0259r NATO-dan \u00e7\u0131xmasalar da, Alyans\u0131n formal \u00fczv\u00fc olacaqlar&#8221;.\n<\/p>\n<p>\n  Dig\u0259r rusiyal\u0131 analitik Oleq Kuznetsov is\u0259 bildirib ki, qiyamdan sonra prezident \u018frdo\u011fan\u0131n m\u0259tbuat konfrans\u0131nda AB\u015e-da ya\u015fayan F\u0259tullah G\u00fcl\u0259ni g\u00fcnahland\u0131rmas\u0131 v\u0259 ilk z\u0259ngi Putin\u0259 etm\u0259si \u00e7ox m\u0259qamlardan x\u0259b\u0259r verir: &#8220;Bel\u0259 g\u00f6r\u00fcn\u00fcr ki, Ankara \u00fc\u00e7\u00fcn indi \u0259sas oriyentir m\u0259hz Rusiya olacaq, AB\u015e yox. M\u0259n\u00a0 2013-c\u00fc ild\u0259n Qara d\u0259niz-Qafqaz regionunda Moskva-Ankara-Bak\u0131 t\u0259hl\u00fck\u0259sizlik \u00fc\u00e7buca\u011f\u0131n\u0131n yarad\u0131lmas\u0131 ideyas\u0131n\u0131 t\u0259bli\u011f edir\u0259m&#8221;.\n<\/p>\n<p>\n  Deyil\u0259nl\u0259r bar\u0259d\u0259 Meydan TV-nin suallar\u0131na cavab ver\u0259n az\u0259rbaycanl\u0131 siyasi \u015f\u0259rh\u00e7i Rauf Mirq\u0259dirov bildirib ki, Az\u0259rbaycan ki\u00e7ik d\u00f6vl\u0259t oldu\u011fundan, qlobal prosesl\u0259r he\u00e7 d\u0259 bizim \u00f6lk\u0259nin \u0259sas apar\u0131c\u0131l\u0131\u011f\u0131yla c\u0259r\u0259yan etmir: &#8220;S\u00f6hb\u0259t superd\u00f6vl\u0259t olma\u011fa iddia ed\u0259n Rusiya, regional d\u00f6vl\u0259tl\u0259r T\u00fcrkiy\u0259 v\u0259 \u0130randan gedir. Amma bu d\u00f6vl\u0259tl\u0259rin geosiyasi maraqlar\u0131na baxd\u0131qca m\u0259nafel\u0259r n\u0259 tarix\u0259n \u00fcst-\u00fcst\u0259 d\u00fc\u015f\u00fcb, n\u0259 d\u0259 indi. \u018fn az\u0131 onlar\u0131n regionda hegemon olmaq iddialar\u0131 maraqlar\u0131n\u0131 toqqu\u015fdurur. Bu halda rusiyal\u0131 analitikl\u0259rin s\u00f6yl\u0259dikl\u0259ri uzunm\u00fcdd\u0259tli perspektiv siyasi v\u0259 t\u0259bli\u011fati spekulyasiyadan ba\u015fqa bir \u015fey deyil. Amma q\u0131sam\u00fcdd\u0259tli perspektivd\u0259 alyanslar\u0131n yaranmas\u0131 istisna deyil. T\u00fcrkiy\u0259nin indiki durumunu n\u0259z\u0259r\u0259 ald\u0131qda, s\u00f6hb\u0259t F\u0259tullah G\u00fcl\u0259nd\u0259n yox, \u00f6lk\u0259d\u0259 avtoritarizmin m\u00f6hk\u0259ml\u0259nm\u0259sind\u0259n gedir, bu halda Ankaran\u0131n \u0259n\u0259n\u0259vi m\u00fctt\u0259fiql\u0259ri olan Va\u015finqton v\u0259 Br\u00fcssell\u0259 m\u00fcnasib\u0259tl\u0259ri k\u0259skinl\u0259\u015f\u0259c\u0259k. Bel\u0259 olan halda T\u00fcrkiy\u0259 \u0130ran v\u0259 Rusiya aras\u0131nda q\u0131sam\u00fcdd\u0259tli yax\u0131nla\u015fmalar ola bil\u0259r&#8221;.\n<\/p>\n<p>\n  R.Mirq\u0259dirov T\u00fcrkiy\u0259nin xarici siyas\u0259t probleml\u0259ri s\u0131ras\u0131nda Suriya m\u0259s\u0259l\u0259sini xat\u0131rladaraq bildirib ki, Ankarayla Moskvan\u0131n D\u0259m\u0259\u015fq\u0259 bax\u0131\u015flar\u0131 tamamil\u0259 ziddiyy\u0259t t\u0259\u015fkil edir. O c\u00fcml\u0259d\u0259n, Moskva v\u0259 Ankaran\u0131n Erm\u0259nistanla maraqlar\u0131 da \u00fcst-\u00fcst\u0259 d\u00fc\u015fm\u00fcr. Yaxud Ankara C\u0259nubi Qafqaz b\u00f6lg\u0259sind\u0259 i\u015ftirak\u00e7\u0131 olmaq ist\u0259yir, Rusiya v\u0259 \u0130ran is\u0259 T\u00fcrkiy\u0259ni regionun d\u00f6vl\u0259ti saym\u0131rlar. \u00dcmumiyy\u0259tl\u0259, Rusiyan\u0131n T\u00fcrkiy\u0259yl\u0259 m\u00fcnasib\u0259tl\u0259rinin normalla\u015fmas\u0131ndan b\u00f6y\u00fck g\u00f6zl\u0259ntisi yoxdur. \u00dcmumiyy\u0259tl\u0259, Moskva iqtisadi m\u00fcnasib\u0259tl\u0259rin normalla\u015fmas\u0131na, \u00f6z bazarlar\u0131n\u0131 Ankaran\u0131n \u00fcz\u00fcn\u0259 a\u00e7ma\u011fa t\u0259l\u0259smir. Rusiya v\u0259t\u0259nda\u015flar\u0131n\u0131n T\u00fcrkiy\u0259d\u0259 istirah\u0259tin\u0259 qada\u011fan\u0131 g\u00f6t\u00fcrs\u0259 d\u0259, \u00e7arter reysl\u0259rin\u0259 h\u0259l\u0259 icaz\u0259 verm\u0259yib. 15 iyul hadis\u0259l\u0259rind\u0259n sonra is\u0259 hava u\u00e7u\u015flar\u0131na faktiki qada\u011fa qoyuldu. N\u0259hay\u0259t, iqtisadiyyatda Moskva il\u0259 Ankaran\u0131n bir \u00e7ox maraqlar\u0131 uy\u011fun g\u0259lmir. Rusiya regionun enerji lideri olmaq iddias\u0131nda qal\u0131r&#8221;.\n<\/p><\/p>\n","protected":false},"excerpt":{"rendered":"<p>&#8221;Rusiyal\u0131 analitikl\u0259rin s\u00f6yl\u0259dikl\u0259ri uzunm\u00fcdd\u0259tli perspektiv siyasi v\u0259 t\u0259bli\u011fati spekulyasiyadan ba\u015fqa bir \u015fey deyil&#8221;<\/p>\n","protected":false},"author":11,"featured_media":63700,"comment_status":"closed","ping_status":"open","sticky":false,"template":"","format":"standard","meta":{"_acf_changed":false,"_sitemap_exclude":false,"_sitemap_priority":"","_sitemap_frequency":"","footnotes":""},"categories":[51],"tags":[],"class_list":["post-177599","post","type-post","status-publish","format-standard","has-post-thumbnail","hentry","category-analitika","infinite-scroll-item","generate-columns","tablet-grid-50","mobile-grid-100","grid-parent","grid-33","no-featured-image-padding"],"acf":[],"yoast_head":"<!-- This site is optimized with the Yoast SEO plugin v27.5 - https:\/\/yoast.com\/product\/yoast-seo-wordpress\/ -->\n<title>Rauf Mirq\u0259dirov: T\u00fcrkiy\u0259, \u0130ran v\u0259 Rusiya aras\u0131nda q\u0131sam\u00fcdd\u0259tli yax\u0131nla\u015fmalar ola bil\u0259r - MEYDAN.TV<\/title>\n<meta name=\"robots\" content=\"index, follow, max-snippet:-1, max-image-preview:large, max-video-preview:-1\" \/>\n<link rel=\"canonical\" href=\"https:\/\/www.meydan.tv\/az\/article\/rauf-mirqedirov-turkiye-iran-ve-rusiya-arasinda-qisamuddetli-yaxinlasmalar-ola-biler\/\" \/>\n<meta property=\"og:locale\" content=\"az_AZ\" \/>\n<meta property=\"og:type\" content=\"article\" \/>\n<meta property=\"og:title\" content=\"Rauf Mirq\u0259dirov: T\u00fcrkiy\u0259, \u0130ran v\u0259 Rusiya aras\u0131nda q\u0131sam\u00fcdd\u0259tli yax\u0131nla\u015fmalar ola bil\u0259r - MEYDAN.TV\" \/>\n<meta property=\"og:description\" content=\"&#039;&#039;Rusiyal\u0131 analitikl\u0259rin s\u00f6yl\u0259dikl\u0259ri uzunm\u00fcdd\u0259tli perspektiv siyasi v\u0259 t\u0259bli\u011fati spekulyasiyadan ba\u015fqa bir \u015fey deyil&#039;&#039;\" \/>\n<meta property=\"og:url\" content=\"https:\/\/www.meydan.tv\/az\/article\/rauf-mirqedirov-turkiye-iran-ve-rusiya-arasinda-qisamuddetli-yaxinlasmalar-ola-biler\/\" \/>\n<meta property=\"og:site_name\" content=\"MEYDAN.TV\" \/>\n<meta property=\"article:published_time\" content=\"2016-07-21T15:39:05+00:00\" \/>\n<meta property=\"og:image\" content=\"https:\/\/www.meydan.tv\/wp-content\/uploads\/24288.jpg\" \/>\n\t<meta property=\"og:image:width\" content=\"800\" \/>\n\t<meta property=\"og:image:height\" content=\"543\" \/>\n\t<meta property=\"og:image:type\" content=\"image\/jpeg\" \/>\n<meta name=\"author\" content=\"user-manager\" \/>\n<meta name=\"twitter:card\" content=\"summary_large_image\" \/>\n<script type=\"application\/ld+json\" class=\"yoast-schema-graph\">{\"@context\":\"https:\\\/\\\/schema.org\",\"@graph\":[{\"@type\":\"Article\",\"@id\":\"https:\\\/\\\/www.meydan.tv\\\/az\\\/article\\\/rauf-mirqedirov-turkiye-iran-ve-rusiya-arasinda-qisamuddetli-yaxinlasmalar-ola-biler\\\/#article\",\"isPartOf\":{\"@id\":\"https:\\\/\\\/www.meydan.tv\\\/az\\\/article\\\/rauf-mirqedirov-turkiye-iran-ve-rusiya-arasinda-qisamuddetli-yaxinlasmalar-ola-biler\\\/\"},\"author\":{\"name\":\"user-manager\",\"@id\":\"https:\\\/\\\/www.meydan.tv\\\/az\\\/#\\\/schema\\\/person\\\/10d11eccf6da3662cf5fdab9806ea91a\"},\"headline\":\"Rauf Mirq\u0259dirov: T\u00fcrkiy\u0259, \u0130ran v\u0259 Rusiya aras\u0131nda q\u0131sam\u00fcdd\u0259tli yax\u0131nla\u015fmalar ola bil\u0259r\",\"datePublished\":\"2016-07-21T15:39:05+00:00\",\"mainEntityOfPage\":{\"@id\":\"https:\\\/\\\/www.meydan.tv\\\/az\\\/article\\\/rauf-mirqedirov-turkiye-iran-ve-rusiya-arasinda-qisamuddetli-yaxinlasmalar-ola-biler\\\/\"},\"wordCount\":793,\"publisher\":{\"@id\":\"https:\\\/\\\/www.meydan.tv\\\/az\\\/#organization\"},\"image\":{\"@id\":\"https:\\\/\\\/www.meydan.tv\\\/az\\\/article\\\/rauf-mirqedirov-turkiye-iran-ve-rusiya-arasinda-qisamuddetli-yaxinlasmalar-ola-biler\\\/#primaryimage\"},\"thumbnailUrl\":\"https:\\\/\\\/www.meydan.tv\\\/wp-content\\\/uploads\\\/24288.jpg\",\"articleSection\":[\"Analitika\"],\"inLanguage\":\"az\"},{\"@type\":\"WebPage\",\"@id\":\"https:\\\/\\\/www.meydan.tv\\\/az\\\/article\\\/rauf-mirqedirov-turkiye-iran-ve-rusiya-arasinda-qisamuddetli-yaxinlasmalar-ola-biler\\\/\",\"url\":\"https:\\\/\\\/www.meydan.tv\\\/az\\\/article\\\/rauf-mirqedirov-turkiye-iran-ve-rusiya-arasinda-qisamuddetli-yaxinlasmalar-ola-biler\\\/\",\"name\":\"Rauf Mirq\u0259dirov: T\u00fcrkiy\u0259, \u0130ran v\u0259 Rusiya aras\u0131nda q\u0131sam\u00fcdd\u0259tli yax\u0131nla\u015fmalar ola bil\u0259r - MEYDAN.TV\",\"isPartOf\":{\"@id\":\"https:\\\/\\\/www.meydan.tv\\\/az\\\/#website\"},\"primaryImageOfPage\":{\"@id\":\"https:\\\/\\\/www.meydan.tv\\\/az\\\/article\\\/rauf-mirqedirov-turkiye-iran-ve-rusiya-arasinda-qisamuddetli-yaxinlasmalar-ola-biler\\\/#primaryimage\"},\"image\":{\"@id\":\"https:\\\/\\\/www.meydan.tv\\\/az\\\/article\\\/rauf-mirqedirov-turkiye-iran-ve-rusiya-arasinda-qisamuddetli-yaxinlasmalar-ola-biler\\\/#primaryimage\"},\"thumbnailUrl\":\"https:\\\/\\\/www.meydan.tv\\\/wp-content\\\/uploads\\\/24288.jpg\",\"datePublished\":\"2016-07-21T15:39:05+00:00\",\"breadcrumb\":{\"@id\":\"https:\\\/\\\/www.meydan.tv\\\/az\\\/article\\\/rauf-mirqedirov-turkiye-iran-ve-rusiya-arasinda-qisamuddetli-yaxinlasmalar-ola-biler\\\/#breadcrumb\"},\"inLanguage\":\"az\",\"potentialAction\":[{\"@type\":\"ReadAction\",\"target\":[\"https:\\\/\\\/www.meydan.tv\\\/az\\\/article\\\/rauf-mirqedirov-turkiye-iran-ve-rusiya-arasinda-qisamuddetli-yaxinlasmalar-ola-biler\\\/\"]}]},{\"@type\":\"ImageObject\",\"inLanguage\":\"az\",\"@id\":\"https:\\\/\\\/www.meydan.tv\\\/az\\\/article\\\/rauf-mirqedirov-turkiye-iran-ve-rusiya-arasinda-qisamuddetli-yaxinlasmalar-ola-biler\\\/#primaryimage\",\"url\":\"https:\\\/\\\/www.meydan.tv\\\/wp-content\\\/uploads\\\/24288.jpg\",\"contentUrl\":\"https:\\\/\\\/www.meydan.tv\\\/wp-content\\\/uploads\\\/24288.jpg\",\"width\":800,\"height\":543,\"caption\":\"Source:\"},{\"@type\":\"BreadcrumbList\",\"@id\":\"https:\\\/\\\/www.meydan.tv\\\/az\\\/article\\\/rauf-mirqedirov-turkiye-iran-ve-rusiya-arasinda-qisamuddetli-yaxinlasmalar-ola-biler\\\/#breadcrumb\",\"itemListElement\":[{\"@type\":\"ListItem\",\"position\":1,\"name\":\"Ana s\u0259hif\u0259\",\"item\":\"https:\\\/\\\/www.meydan.tv\\\/az\\\/\"},{\"@type\":\"ListItem\",\"position\":2,\"name\":\"Analitika\",\"item\":\"https:\\\/\\\/www.meydan.tv\\\/az\\\/section\\\/analitika\\\/\"},{\"@type\":\"ListItem\",\"position\":3,\"name\":\"Rauf Mirq\u0259dirov: T\u00fcrkiy\u0259, \u0130ran v\u0259 Rusiya aras\u0131nda q\u0131sam\u00fcdd\u0259tli yax\u0131nla\u015fmalar ola bil\u0259r\"}]},{\"@type\":\"WebSite\",\"@id\":\"https:\\\/\\\/www.meydan.tv\\\/az\\\/#website\",\"url\":\"https:\\\/\\\/www.meydan.tv\\\/az\\\/\",\"name\":\"MEYDAN.TV\",\"description\":\"Meydan TV Az\u0259rbaycan\u0131n media m\u0259kan\u0131ndak\u0131 alternativ s\u0259sidir\",\"publisher\":{\"@id\":\"https:\\\/\\\/www.meydan.tv\\\/az\\\/#organization\"},\"potentialAction\":[{\"@type\":\"SearchAction\",\"target\":{\"@type\":\"EntryPoint\",\"urlTemplate\":\"https:\\\/\\\/www.meydan.tv\\\/az\\\/?s={search_term_string}\"},\"query-input\":{\"@type\":\"PropertyValueSpecification\",\"valueRequired\":true,\"valueName\":\"search_term_string\"}}],\"inLanguage\":\"az\"},{\"@type\":\"Organization\",\"@id\":\"https:\\\/\\\/www.meydan.tv\\\/az\\\/#organization\",\"name\":\"Meydan TV\",\"url\":\"https:\\\/\\\/www.meydan.tv\\\/az\\\/\",\"logo\":{\"@type\":\"ImageObject\",\"inLanguage\":\"az\",\"@id\":\"https:\\\/\\\/www.meydan.tv\\\/az\\\/#\\\/schema\\\/logo\\\/image\\\/\",\"url\":\"https:\\\/\\\/www.meydan.tv\\\/wp-content\\\/uploads\\\/2021\\\/07\\\/meydan-logo.svg\",\"contentUrl\":\"https:\\\/\\\/www.meydan.tv\\\/wp-content\\\/uploads\\\/2021\\\/07\\\/meydan-logo.svg\",\"width\":195,\"height\":46,\"caption\":\"Meydan TV\"},\"image\":{\"@id\":\"https:\\\/\\\/www.meydan.tv\\\/az\\\/#\\\/schema\\\/logo\\\/image\\\/\"}},{\"@type\":\"Person\",\"@id\":\"https:\\\/\\\/www.meydan.tv\\\/az\\\/#\\\/schema\\\/person\\\/10d11eccf6da3662cf5fdab9806ea91a\",\"name\":\"user-manager\"}]}<\/script>\n<!-- \/ Yoast SEO plugin. -->","yoast_head_json":{"title":"Rauf Mirq\u0259dirov: T\u00fcrkiy\u0259, \u0130ran v\u0259 Rusiya aras\u0131nda q\u0131sam\u00fcdd\u0259tli yax\u0131nla\u015fmalar ola bil\u0259r - MEYDAN.TV","robots":{"index":"index","follow":"follow","max-snippet":"max-snippet:-1","max-image-preview":"max-image-preview:large","max-video-preview":"max-video-preview:-1"},"canonical":"https:\/\/www.meydan.tv\/az\/article\/rauf-mirqedirov-turkiye-iran-ve-rusiya-arasinda-qisamuddetli-yaxinlasmalar-ola-biler\/","og_locale":"az_AZ","og_type":"article","og_title":"Rauf Mirq\u0259dirov: T\u00fcrkiy\u0259, \u0130ran v\u0259 Rusiya aras\u0131nda q\u0131sam\u00fcdd\u0259tli yax\u0131nla\u015fmalar ola bil\u0259r - MEYDAN.TV","og_description":"''Rusiyal\u0131 analitikl\u0259rin s\u00f6yl\u0259dikl\u0259ri uzunm\u00fcdd\u0259tli perspektiv siyasi v\u0259 t\u0259bli\u011fati spekulyasiyadan ba\u015fqa bir \u015fey deyil''","og_url":"https:\/\/www.meydan.tv\/az\/article\/rauf-mirqedirov-turkiye-iran-ve-rusiya-arasinda-qisamuddetli-yaxinlasmalar-ola-biler\/","og_site_name":"MEYDAN.TV","article_published_time":"2016-07-21T15:39:05+00:00","og_image":[{"width":800,"height":543,"url":"https:\/\/www.meydan.tv\/wp-content\/uploads\/24288.jpg","type":"image\/jpeg"}],"author":"user-manager","twitter_card":"summary_large_image","schema":{"@context":"https:\/\/schema.org","@graph":[{"@type":"Article","@id":"https:\/\/www.meydan.tv\/az\/article\/rauf-mirqedirov-turkiye-iran-ve-rusiya-arasinda-qisamuddetli-yaxinlasmalar-ola-biler\/#article","isPartOf":{"@id":"https:\/\/www.meydan.tv\/az\/article\/rauf-mirqedirov-turkiye-iran-ve-rusiya-arasinda-qisamuddetli-yaxinlasmalar-ola-biler\/"},"author":{"name":"user-manager","@id":"https:\/\/www.meydan.tv\/az\/#\/schema\/person\/10d11eccf6da3662cf5fdab9806ea91a"},"headline":"Rauf Mirq\u0259dirov: T\u00fcrkiy\u0259, \u0130ran v\u0259 Rusiya aras\u0131nda q\u0131sam\u00fcdd\u0259tli yax\u0131nla\u015fmalar ola bil\u0259r","datePublished":"2016-07-21T15:39:05+00:00","mainEntityOfPage":{"@id":"https:\/\/www.meydan.tv\/az\/article\/rauf-mirqedirov-turkiye-iran-ve-rusiya-arasinda-qisamuddetli-yaxinlasmalar-ola-biler\/"},"wordCount":793,"publisher":{"@id":"https:\/\/www.meydan.tv\/az\/#organization"},"image":{"@id":"https:\/\/www.meydan.tv\/az\/article\/rauf-mirqedirov-turkiye-iran-ve-rusiya-arasinda-qisamuddetli-yaxinlasmalar-ola-biler\/#primaryimage"},"thumbnailUrl":"https:\/\/www.meydan.tv\/wp-content\/uploads\/24288.jpg","articleSection":["Analitika"],"inLanguage":"az"},{"@type":"WebPage","@id":"https:\/\/www.meydan.tv\/az\/article\/rauf-mirqedirov-turkiye-iran-ve-rusiya-arasinda-qisamuddetli-yaxinlasmalar-ola-biler\/","url":"https:\/\/www.meydan.tv\/az\/article\/rauf-mirqedirov-turkiye-iran-ve-rusiya-arasinda-qisamuddetli-yaxinlasmalar-ola-biler\/","name":"Rauf Mirq\u0259dirov: T\u00fcrkiy\u0259, \u0130ran v\u0259 Rusiya aras\u0131nda q\u0131sam\u00fcdd\u0259tli yax\u0131nla\u015fmalar ola bil\u0259r - MEYDAN.TV","isPartOf":{"@id":"https:\/\/www.meydan.tv\/az\/#website"},"primaryImageOfPage":{"@id":"https:\/\/www.meydan.tv\/az\/article\/rauf-mirqedirov-turkiye-iran-ve-rusiya-arasinda-qisamuddetli-yaxinlasmalar-ola-biler\/#primaryimage"},"image":{"@id":"https:\/\/www.meydan.tv\/az\/article\/rauf-mirqedirov-turkiye-iran-ve-rusiya-arasinda-qisamuddetli-yaxinlasmalar-ola-biler\/#primaryimage"},"thumbnailUrl":"https:\/\/www.meydan.tv\/wp-content\/uploads\/24288.jpg","datePublished":"2016-07-21T15:39:05+00:00","breadcrumb":{"@id":"https:\/\/www.meydan.tv\/az\/article\/rauf-mirqedirov-turkiye-iran-ve-rusiya-arasinda-qisamuddetli-yaxinlasmalar-ola-biler\/#breadcrumb"},"inLanguage":"az","potentialAction":[{"@type":"ReadAction","target":["https:\/\/www.meydan.tv\/az\/article\/rauf-mirqedirov-turkiye-iran-ve-rusiya-arasinda-qisamuddetli-yaxinlasmalar-ola-biler\/"]}]},{"@type":"ImageObject","inLanguage":"az","@id":"https:\/\/www.meydan.tv\/az\/article\/rauf-mirqedirov-turkiye-iran-ve-rusiya-arasinda-qisamuddetli-yaxinlasmalar-ola-biler\/#primaryimage","url":"https:\/\/www.meydan.tv\/wp-content\/uploads\/24288.jpg","contentUrl":"https:\/\/www.meydan.tv\/wp-content\/uploads\/24288.jpg","width":800,"height":543,"caption":"Source:"},{"@type":"BreadcrumbList","@id":"https:\/\/www.meydan.tv\/az\/article\/rauf-mirqedirov-turkiye-iran-ve-rusiya-arasinda-qisamuddetli-yaxinlasmalar-ola-biler\/#breadcrumb","itemListElement":[{"@type":"ListItem","position":1,"name":"Ana s\u0259hif\u0259","item":"https:\/\/www.meydan.tv\/az\/"},{"@type":"ListItem","position":2,"name":"Analitika","item":"https:\/\/www.meydan.tv\/az\/section\/analitika\/"},{"@type":"ListItem","position":3,"name":"Rauf Mirq\u0259dirov: T\u00fcrkiy\u0259, \u0130ran v\u0259 Rusiya aras\u0131nda q\u0131sam\u00fcdd\u0259tli yax\u0131nla\u015fmalar ola bil\u0259r"}]},{"@type":"WebSite","@id":"https:\/\/www.meydan.tv\/az\/#website","url":"https:\/\/www.meydan.tv\/az\/","name":"MEYDAN.TV","description":"Meydan TV Az\u0259rbaycan\u0131n media m\u0259kan\u0131ndak\u0131 alternativ s\u0259sidir","publisher":{"@id":"https:\/\/www.meydan.tv\/az\/#organization"},"potentialAction":[{"@type":"SearchAction","target":{"@type":"EntryPoint","urlTemplate":"https:\/\/www.meydan.tv\/az\/?s={search_term_string}"},"query-input":{"@type":"PropertyValueSpecification","valueRequired":true,"valueName":"search_term_string"}}],"inLanguage":"az"},{"@type":"Organization","@id":"https:\/\/www.meydan.tv\/az\/#organization","name":"Meydan TV","url":"https:\/\/www.meydan.tv\/az\/","logo":{"@type":"ImageObject","inLanguage":"az","@id":"https:\/\/www.meydan.tv\/az\/#\/schema\/logo\/image\/","url":"https:\/\/www.meydan.tv\/wp-content\/uploads\/2021\/07\/meydan-logo.svg","contentUrl":"https:\/\/www.meydan.tv\/wp-content\/uploads\/2021\/07\/meydan-logo.svg","width":195,"height":46,"caption":"Meydan TV"},"image":{"@id":"https:\/\/www.meydan.tv\/az\/#\/schema\/logo\/image\/"}},{"@type":"Person","@id":"https:\/\/www.meydan.tv\/az\/#\/schema\/person\/10d11eccf6da3662cf5fdab9806ea91a","name":"user-manager"}]}},"_links":{"self":[{"href":"https:\/\/www.meydan.tv\/az\/wp-json\/wp\/v2\/posts\/177599","targetHints":{"allow":["GET"]}}],"collection":[{"href":"https:\/\/www.meydan.tv\/az\/wp-json\/wp\/v2\/posts"}],"about":[{"href":"https:\/\/www.meydan.tv\/az\/wp-json\/wp\/v2\/types\/post"}],"author":[{"embeddable":true,"href":"https:\/\/www.meydan.tv\/az\/wp-json\/wp\/v2\/users\/11"}],"replies":[{"embeddable":true,"href":"https:\/\/www.meydan.tv\/az\/wp-json\/wp\/v2\/comments?post=177599"}],"version-history":[{"count":0,"href":"https:\/\/www.meydan.tv\/az\/wp-json\/wp\/v2\/posts\/177599\/revisions"}],"wp:featuredmedia":[{"embeddable":true,"href":"https:\/\/www.meydan.tv\/az\/wp-json\/wp\/v2\/media\/63700"}],"wp:attachment":[{"href":"https:\/\/www.meydan.tv\/az\/wp-json\/wp\/v2\/media?parent=177599"}],"wp:term":[{"taxonomy":"category","embeddable":true,"href":"https:\/\/www.meydan.tv\/az\/wp-json\/wp\/v2\/categories?post=177599"},{"taxonomy":"post_tag","embeddable":true,"href":"https:\/\/www.meydan.tv\/az\/wp-json\/wp\/v2\/tags?post=177599"}],"curies":[{"name":"wp","href":"https:\/\/api.w.org\/{rel}","templated":true}]}}