{"id":177547,"date":"2016-07-19T01:11:04","date_gmt":"2016-07-19T01:11:04","guid":{"rendered":"https:\/\/www.meydan.tv\/article\/bizim-tatar-collerimiz\/"},"modified":"2016-07-19T01:11:04","modified_gmt":"2016-07-19T01:11:04","slug":"bizim-tatar-collerimiz","status":"publish","type":"post","link":"https:\/\/www.meydan.tv\/az\/article\/bizim-tatar-collerimiz\/","title":{"rendered":"Bizim Tatar \u00e7\u00f6ll\u0259rimiz"},"content":{"rendered":"<figure class=\"wp-block-image size-large\">\n  <img decoding=\"async\" src=\"https:\/\/www.meydan.tv\/az\/63468\/\" alt=\"\" class=\"wp-image-63468\"\/><figcaption><\/figcaption><\/figure>\n<p>\n  O \u0259s\u0259ri \u00e7ox proses\u0259 \u015famil el\u0259m\u0259k olar. \u0130san\u0131n, Mehdinin g\u00f6zl\u0259nm\u0259sind\u0259n tutmu\u015f lokal, daha ki\u00e7ik miqyasl\u0131 prosesl\u0259r\u0259 q\u0259d\u0259r.\n<\/p>\n<p>\n  M\u0259nim \u0259s\u0259ri oxuduqca a\u011fl\u0131mda \u0259n \u00e7ox 2 proses canlan\u0131rd\u0131. Bizim \u00fc\u00e7\u00fcn \u0259n a\u011fr\u0131l\u0131 olanlar&#8230;\n<\/p>\n<p>\n  Bu \u0259s\u0259r Az\u0259rbaycan m\u00fcxalif\u0259tinin v\u0259ziyy\u0259tini \u0259n g\u00f6z\u0259l t\u0259svir ed\u0259n \u0259s\u0259rl\u0259rd\u0259n biridir. \u018fb\u0259di g\u00f6zl\u0259m\u0259k, t\u0259slim olmamaq, \u00f6z\u00fcn\u00fc h\u0259sr etm\u0259k v\u0259 \u0259b\u0259di u\u011fursuzluq haqq\u0131nda m\u00f6ht\u0259\u015f\u0259m \u0259s\u0259r. Bizim m\u00fcxalif\u0259t Bastion qalas\u0131d\u0131r. \u0130nsanlar\u0131 k\u0259nardan c\u0259zb edir, m\u00fcbariz\u0259, m\u00f6ht\u0259\u015f\u0259m d\u00f6y\u00fc\u015f, \u015f\u0259r\u0259fli h\u0259yat v\u0259d edir. Bunlar\u0131n bir hiss\u0259si realla\u015f\u0131r da. Amma h\u0259lledici \u00e7arp\u0131\u015fma an\u0131 g\u0259lmir.\n<\/p>\n<p>\n  S\u00f6hb\u0259t he\u00e7 q\u0259l\u0259b\u0259d\u0259n d\u0259 getmir, sad\u0259c\u0259 d\u00f6y\u00fc\u015fd\u0259n gedir.\n<\/p>\n<p>\n  Adamlar m\u00fcxalif t\u0259\u015fkilatlara \u00fczv olaraq v\u0259 ya olmadan, \u00f6zl\u0259rini ictimai sektorda hiss ed\u0259r\u0259k, g\u00f6zl\u0259yirl\u0259r. \u00d6z\u00fcn\u00fc t\u0259rki-d\u00fcnya hesab ed\u0259nind\u0259n tutmu\u015f, \u0259n h\u0259ssas\u0131na q\u0259d\u0259r h\u0259r aktivist v\u0259 ya prosesin dig\u0259r i\u015ftirak\u00e7\u0131s\u0131 o an\u0131 g\u00f6zl\u0259yir. Bununla ba\u011fl\u0131 h\u0259tta \u201c\u0130ks g\u00fcn\u00fc\u201d anlay\u0131\u015f\u0131, roman\u0131da var. Amma o g\u00fcn g\u0259lmir ki, g\u0259lmir.\n<\/p>\n<p>\n  Covanni Droqo da g\u00f6zl\u0259yirdi. Ham\u0131n\u0131n inand\u0131\u011f\u0131 v\u0259 ya \u00f6z\u00fcn\u00fc inan\u0131rm\u0131\u015f kimi g\u00f6st\u0259rdiyi d\u00f6y\u00fc\u015f an\u0131na inanm\u0131\u015fd\u0131, g\u00f6zl\u0259yirdi. \u00d6mr\u00fcn\u00fcn sonuna kimi d\u0259 inand\u0131. \u018fs\u0259rin sonunda el\u0259 hiss olunur ki, n\u0259hay\u0259t, d\u00fc\u015fm\u0259n g\u0259ldi. Amma Covanni \u00fc\u00e7\u00fcn yox. Onu sad\u0259c\u0259 qovurlar. Onun q\u0259d\u0259r saf inanmayanlar, \u0259sl d\u00f6y\u00fc\u015f\u00e7\u00fc olmayanlar, sat\u0131lm\u0131\u015flar qovur. Vaxtil\u0259 yerd\u0259yi\u015fm\u0259 haqq\u0131nda \u0259riz\u0259 yazaraq v\u0259 bunu Covanni kimi g\u0259ncl\u0259r\u0259 bildirm\u0259y\u0259r\u0259k, r\u0259hb\u0259rliy\u0259 sat\u0131lanlar v\u0259 ya sad\u0259c\u0259 \u00e7\u0131x\u0131b ged\u0259r\u0259k, c\u0259sar\u0259tsizliy\u0259 sat\u0131lanlar, ya da ki d\u00fc\u015fm\u0259nin g\u0259l\u0259c\u0259yin\u0259 inam\u0131n\u0131 itir\u0259r\u0259k, prinsipsizliy\u0259, m\u0259\u011flubiyy\u0259t\u0259 sat\u0131lanlar onu qovur. \u00c7\u00fcnki Covanni qalan\u0131n ruhu idi, o ruhla sava\u015fmaq olmazd\u0131. Onu sad\u0259c\u0259 qovmaq laz\u0131m idi ki, qalan\u0131n ruhuna \u00e7evril\u0259 bilm\u0259y\u0259nl\u0259r rahat olsun.\n<\/p>\n<p>\n  Bizd\u0259 is\u0259 yeni g\u0259l\u0259nl\u0259r m\u0259hz Covanni kimi qar\u015f\u0131lan\u0131r. Kim ictimai sektora g\u0259l\u0259nd\u0259 ona deyibl\u0259r ki, \u201cbiz art\u0131q n\u0259 vaxtsa inqilab olaca\u011f\u0131na inanm\u0131r\u0131q\u201d? M\u0259nc\u0259 he\u00e7 kim\u0259. Amma bilirsiniz, onlar\u0131n b\u0259zil\u0259ri art\u0131q bunu q\u0259bul edibl\u0259r. Onlar inqilaba inananlara gizlind\u0259 g\u00fcl\u00fcrl\u0259r, la\u011f edirl\u0259r. Zaman is\u0259 gedir. 92-93-\u00fcn kadrlar\u0131nda parlamentd\u0259 d\u00f6y\u00fc\u015f\u0259n g\u0259ncl\u0259r indi a\u011fsaqqal babalard\u0131r v\u0259 onlar \u0259mindirl\u0259r ki, he\u00e7 vaxt d\u00fc\u015fm\u0259n g\u0259lm\u0259y\u0259c\u0259k. Bastian qalas\u0131n\u0131n funksiyas\u0131 g\u00f6zl\u0259m\u0259k, g\u00f6zl\u0259tm\u0259k, insanlar\u0131 inand\u0131rmaq, o inamdan \u00f6zl\u0259rinin iyr\u0259n\u0259c\u0259yi g\u00fcn\u0259 q\u0259d\u0259r bu inam\u0131 onlarda qorumaqd\u0131r.\n<\/p>\n<p>\n  Bilirsiniz niy\u0259 klassik m\u00fcxalif\u0259t \u201cm\u00fcxalif\u0259t nazirliyi\u201d adland\u0131r\u0131l\u0131r? Yox, onlar\u0131 h\u00f6k\u00fcm\u0259td\u0259n pul almaqda q\u0131nam\u0131rlar bununla. Onlar da dig\u0259r nazirlikl\u0259r kimi, d\u0259yi\u015fikliyin olmamas\u0131 u\u011frunda m\u00fcbariz\u0259 apar\u0131r. Funksiyalar\u0131 status-kvonu saxlamaqd\u0131r. Simeonenin Droqonu qovark\u0259n, etdiyi amans\u0131z \u00e7\u0131x\u0131\u015f\u0131 xat\u0131rlay\u0131rs\u0131n\u0131z? Simeone Droqonu \u2013 30 ildir, Qalada xidm\u0259t ed\u0259n, daim inanan, tatarlar\u0131n g\u0259l\u0259c\u0259yin\u0259 fasil\u0259siz \u00fcmid ed\u0259n Droqonu ona g\u00f6r\u0259 qovurdu ki, onun ota\u011f\u0131nda 3 g\u0259nc yerl\u0259\u015f\u0259c\u0259kdi. 3 g\u0259nc is\u0259 inanan, o c\u00fcml\u0259d\u0259n Simeone kimi qocalar\u0131n da inanmas\u0131na inanan yeni sad\u0259l\u00f6vhl\u0259r dem\u0259kdir.\n<\/p>\n<p>\n  Simeoney\u0259 onlar\u0131n c\u0259sar\u0259tsizliy\u0259, m\u00fcbariz\u0259sizliy\u0259 sat\u0131lmas\u0131n\u0131 bilm\u0259y\u0259n insanlar laz\u0131m idi, Droqo kimi inanan v\u0259 onlar\u0131n inanmad\u0131\u011f\u0131n\u0131 bil\u0259n insan yox. \u201cM\u00fcxalif\u0259t nazirliyi\u201dnin d\u0259 funksiyas\u0131 budur \u2013 kims\u0259 bu nazirliyi idar\u0259 ed\u0259nl\u0259rin \u2013 m\u00fcxalif\u0259tin qoca qurdlar\u0131n\u0131n inqilaba, d\u0259yi\u015fikliy\u0259 art\u0131q \u00e7oxdan inanmad\u0131\u011f\u0131n\u0131 bilm\u0259m\u0259lidir. Bunu hiss ed\u0259nl\u0259r, bil\u0259nl\u0259r qovulmal\u0131d\u0131r \u2013 m\u00fchacir\u0259t\u0259 getm\u0259li, \u201cMTN-\u015fik\u201d ad\u0131 il\u0259 dam\u011falanmal\u0131, t\u0259\u015fkilatda se\u00e7ki varsa, h\u0259r vasit\u0259 il\u0259 uduzdurulmal\u0131d\u0131r.\n<\/p>\n<p>\n  Droqoya h\u0259qiq\u0259ti dey\u0259nl\u0259r Qalan\u0131n zirz\u0259misind\u0259dirl\u0259r, r\u00fctb\u0259l\u0259ri artm\u0131r, diqq\u0259td\u0259n k\u0259nardad\u0131rlar. Bizim m\u00fcxalif\u0259td\u0259 d\u0259 h\u0259qiq\u0259tl\u0259ri dey\u0259nl\u0259r k\u0259nara it\u0259l\u0259nib, h\u0259r\u0259si bir adla dam\u011falan\u0131b, ciddiy\u0259 al\u0131nm\u0131rlar, \u00e7\u00fcnki r\u0259hb\u0259rl\u0259r, n\u00fcfuz sahibl\u0259ri buna imkan vermirl\u0259r. G\u00f6zl\u0259y\u0259nl\u0259r ax\u0131rda Droqo kimi h\u0259tta d\u0259yi\u015fiklik \u00e7atanda da qovulacaqlar. \u00c7\u00fcnki onlar inam\u0131n, \u00fcmidin qalib g\u0259lm\u0259sinin s\u00fcbutudurlar, onlar qoca qurdlara laz\u0131m deyill\u0259r. H\u0259qiq\u0259ti yaln\u0131z ondan sui-istifad\u0259 ed\u0259n kahinl\u0259r bilm\u0259li, qalanlar\u0131 m\u0259hv edilm\u0259lidir.\n<\/p>\n<p>\n  23 ildir, g\u00f6zl\u0259y\u0259n \u00e7oxlu droqolar var m\u00fcxalif\u0259td\u0259. T\u0259slim olmurlar, inan\u0131rlar, g\u00f6zl\u0259yirl\u0259r, \u00f6zl\u0259rinin d\u00f6y\u00fc\u015f\u00e7\u00fc, m\u00fcbariz m\u00fcxalif\u0259t\u00e7i kimi laz\u0131m olacaqlar\u0131 h\u0259lledici an\u0131, o g\u00f6z\u0259l g\u00fcn\u00fc g\u00f6zl\u0259yirl\u0259r. Amma o g\u00fcn\u00fcn g\u0259lm\u0259m\u0259sini h\u00f6kum\u0259td\u0259n daha \u00e7ox arzulayan qoca qurdlar h\u0259qiq\u0259ti bilirl\u0259r, sonsuz, \u00fcmidsiz yolda olduqlar\u0131n\u0131 bilirl\u0259r, amma kahinlik edib, bu h\u0259qiq\u0259ti he\u00e7 kim\u0259 demirl\u0259r. Kabinetl\u0259rind\u0259n \u00e7\u0131xm\u0131rlar, v\u0259zif\u0259l\u0259rind\u0259n getmirl\u0259r, yeni yaranan g\u0259ncliyin is\u0259 inam\u0131n\u0131 itir\u0259r\u0259k, tezlikl\u0259 onlara qo\u015fulaca\u011f\u0131n\u0131 \u2013 h\u0259qiq\u0259ti bil\u0259nl\u0259rin \u0259clafcas\u0131na susaca\u011f\u0131n\u0131, bilm\u0259y\u0259nl\u0259rin sad\u0259l\u00f6vhc\u0259sin\u0259 bu statik yolda \u0259tal\u0259t i\u00e7ind\u0259 s\u00fcr\u00fcn\u0259c\u0259kl\u0259rini s\u0259brl\u0259 g\u00f6zl\u0259yirl\u0259r.\n<\/p>\n<p>\n  &#8230;V\u0259 nail olurlar. Ham\u0131 s\u0131n\u0131r, tez v\u0259 ya gec. Ya o t\u0259r\u0259fd\u0259n (hakimiyy\u0259t t\u0259r\u0259fd\u0259n \u2013 pulla, qorxu il\u0259&#8230;) s\u0131nd\u0131r\u0131rlar, ya da bu t\u0259r\u0259fd\u0259n(m\u00fcxalif\u0259t t\u0259r\u0259fd\u0259n \u2013 \u00fcmidsizlikl\u0259, inams\u0131zl\u0131qla, \u00fcz\u00fcc\u00fc s\u00fcr\u00fcnm\u0259l\u0259rl\u0259).\n<\/p>\n<p>\n  Bir d\u0259 Qaraba\u011f m\u0259s\u0259l\u0259si Bastian qalas\u0131na ox\u015fay\u0131r. Aprel d\u00f6y\u00fc\u015fl\u0259rind\u0259 g\u00f6rd\u00fck ki, xalq, x\u00fcsus\u0259n d\u0259, \u0259sg\u0259rl\u0259r nec\u0259 h\u0259sr\u0259tl\u0259, s\u0259birsizlikl\u0259 g\u00f6zl\u0259yirmi\u015fl\u0259r d\u00f6y\u00fc\u015f\u00fc. El\u0259 hey \u201cblindaj\u201dda oturub, onlara molla dey\u0259nl\u0259r\u0259 oturub bax\u0131rlar. H\u0259lledici d\u00f6y\u00fc\u015f\u00fc, tatar \u00e7\u00f6l\u00fcnd\u0259n h\u0259ml\u0259ni v\u0259 ya \u201cir\u0259li\u201d \u0259mrini g\u00f6zl\u0259yirl\u0259r. Amma \u0259mr g\u0259lmir ki, g\u0259lmir. Apreld\u0259 n\u0259hay\u0259t ki, n\u0259s\u0259 ba\u015flam\u0131\u015fd\u0131. O vaxt n\u0259 q\u0259d\u0259r saf Droqo \u00f6ld\u00fc, \u00f6l\u0259nd\u0259, y\u0259qin, \u00e7oxu d\u00fc\u015f\u00fcnd\u00fc ki, \u201cn\u0259hay\u0259t, o g\u00fcng\u0259ldi, art\u0131q azad edirik, heyf ki, m\u0259n g\u00f6rm\u0259y\u0259c\u0259m q\u0259l\u0259b\u0259ni\u201d.\n<\/p>\n<p>\n  Droqo sur\u0259tin\u0259 aprel d\u00f6y\u00fc\u015fl\u0259rind\u0259 \u0259n \u00e7oxuy\u011fun g\u0259l\u0259n adam polkovnik Raquf Orucov idi m\u0259nc\u0259. Amma aprel d\u00f6y\u00fc\u015fl\u0259ri Anqustinan\u0131n h\u0259lak oldu\u011fu m\u0259nas\u0131z s\u0259rh\u0259d\u00e7\u0259km\u0259 \u0259m\u0259liyyat\u0131 q\u0259d\u0259r \u0259h\u0259miyy\u0259tli oldu. Sad\u0259c\u0259 \u00e7ox adam \u00f6ld\u00fc.<br \/>\n  <br \/>\n  Bastian qalas\u0131 is\u0259 h\u0259mi\u015f\u0259 qal\u0131r. Sar\u0131 divarlar h\u0259mi\u015f\u0259 oradad\u0131r. Ora getm\u0259k, ordan \u00e7\u0131xmaq, orda qalmaq olar. Amma t\u0259slim olmamaq h\u0259r o\u011fulun i\u015fi deyil. B\u0259z\u0259n hakimiyy\u0259t bu qalan\u0131n (ordunun, m\u00fcxalif\u0259tin v\u0259 s.-nin) bir hiss\u0259sini geri \u00e7a\u011f\u0131r\u0131r, say\u0131 azald\u0131r, amma Qala v\u0259 komendant(lar) daim qal\u0131rlar. \u00d6lm\u00fc\u015f \u00fcmidl\u0259rin, m\u0259hvedilmi\u015f arzular\u0131n, s\u00f6nd\u00fcr\u00fclm\u00fc\u015f inamlar\u0131n \u00fcz\u0259rind\u0259&#8230;\n<\/p>\n<p>\n  <b><br \/>\n    Yaz\u0131 m\u00fc\u0259llifin \u015f\u0259xsi m\u00f6vqeyini \u0259ks etdirir. M\u00fc\u0259llifin m\u00f6vqeyi Meydan.Tv-nin m\u00f6vqeyi il\u0259 \u00fcst-\u00fcst\u0259 d\u00fc\u015fm\u0259y\u0259 bil\u0259r.<br \/>\n  <\/b>\n<\/p><\/p>\n","protected":false},"excerpt":{"rendered":"<p>\u201cTatar \u00e7\u00f6l\u00fc\u201d roman\u0131n\u0131 oxumayanlar bu yaz\u0131n\u0131 oxumas\u0131n&#8230;<\/p>\n","protected":false},"author":11,"featured_media":63468,"comment_status":"closed","ping_status":"open","sticky":false,"template":"","format":"standard","meta":{"_acf_changed":false,"_sitemap_exclude":false,"_sitemap_priority":"","_sitemap_frequency":"","footnotes":""},"categories":[57],"tags":[],"class_list":["post-177547","post","type-post","status-publish","format-standard","has-post-thumbnail","hentry","category-menim-fikrimce","infinite-scroll-item","generate-columns","tablet-grid-50","mobile-grid-100","grid-parent","grid-33","no-featured-image-padding"],"acf":[],"yoast_head":"<!-- This site is optimized with the Yoast SEO plugin v27.5 - https:\/\/yoast.com\/product\/yoast-seo-wordpress\/ -->\n<title>Bizim Tatar \u00e7\u00f6ll\u0259rimiz - MEYDAN.TV<\/title>\n<meta name=\"robots\" content=\"index, follow, max-snippet:-1, max-image-preview:large, max-video-preview:-1\" \/>\n<link rel=\"canonical\" href=\"https:\/\/www.meydan.tv\/az\/article\/bizim-tatar-collerimiz\/\" \/>\n<meta property=\"og:locale\" content=\"az_AZ\" \/>\n<meta property=\"og:type\" content=\"article\" \/>\n<meta property=\"og:title\" content=\"Bizim Tatar \u00e7\u00f6ll\u0259rimiz - MEYDAN.TV\" \/>\n<meta property=\"og:description\" content=\"\u201cTatar \u00e7\u00f6l\u00fc\u201d roman\u0131n\u0131 oxumayanlar bu yaz\u0131n\u0131 oxumas\u0131n...\" \/>\n<meta property=\"og:url\" content=\"https:\/\/www.meydan.tv\/az\/article\/bizim-tatar-collerimiz\/\" \/>\n<meta property=\"og:site_name\" content=\"MEYDAN.TV\" \/>\n<meta property=\"article:published_time\" content=\"2016-07-19T01:11:04+00:00\" \/>\n<meta property=\"og:image\" content=\"https:\/\/www.meydan.tv\/wp-content\/uploads\/24219.jpg\" \/>\n\t<meta property=\"og:image:width\" content=\"500\" \/>\n\t<meta property=\"og:image:height\" content=\"500\" \/>\n\t<meta property=\"og:image:type\" content=\"image\/jpeg\" \/>\n<meta name=\"author\" content=\"user-manager\" \/>\n<meta name=\"twitter:card\" content=\"summary_large_image\" \/>\n<script type=\"application\/ld+json\" class=\"yoast-schema-graph\">{\"@context\":\"https:\\\/\\\/schema.org\",\"@graph\":[{\"@type\":\"Article\",\"@id\":\"https:\\\/\\\/www.meydan.tv\\\/az\\\/article\\\/bizim-tatar-collerimiz\\\/#article\",\"isPartOf\":{\"@id\":\"https:\\\/\\\/www.meydan.tv\\\/az\\\/article\\\/bizim-tatar-collerimiz\\\/\"},\"author\":{\"name\":\"user-manager\",\"@id\":\"https:\\\/\\\/www.meydan.tv\\\/az\\\/#\\\/schema\\\/person\\\/10d11eccf6da3662cf5fdab9806ea91a\"},\"headline\":\"Bizim Tatar \u00e7\u00f6ll\u0259rimiz\",\"datePublished\":\"2016-07-19T01:11:04+00:00\",\"mainEntityOfPage\":{\"@id\":\"https:\\\/\\\/www.meydan.tv\\\/az\\\/article\\\/bizim-tatar-collerimiz\\\/\"},\"wordCount\":1376,\"publisher\":{\"@id\":\"https:\\\/\\\/www.meydan.tv\\\/az\\\/#organization\"},\"image\":{\"@id\":\"https:\\\/\\\/www.meydan.tv\\\/az\\\/article\\\/bizim-tatar-collerimiz\\\/#primaryimage\"},\"thumbnailUrl\":\"https:\\\/\\\/www.meydan.tv\\\/wp-content\\\/uploads\\\/24219.jpg\",\"articleSection\":[\"M\u0259nim Fikrimc\u0259\"],\"inLanguage\":\"az\"},{\"@type\":\"WebPage\",\"@id\":\"https:\\\/\\\/www.meydan.tv\\\/az\\\/article\\\/bizim-tatar-collerimiz\\\/\",\"url\":\"https:\\\/\\\/www.meydan.tv\\\/az\\\/article\\\/bizim-tatar-collerimiz\\\/\",\"name\":\"Bizim Tatar \u00e7\u00f6ll\u0259rimiz - MEYDAN.TV\",\"isPartOf\":{\"@id\":\"https:\\\/\\\/www.meydan.tv\\\/az\\\/#website\"},\"primaryImageOfPage\":{\"@id\":\"https:\\\/\\\/www.meydan.tv\\\/az\\\/article\\\/bizim-tatar-collerimiz\\\/#primaryimage\"},\"image\":{\"@id\":\"https:\\\/\\\/www.meydan.tv\\\/az\\\/article\\\/bizim-tatar-collerimiz\\\/#primaryimage\"},\"thumbnailUrl\":\"https:\\\/\\\/www.meydan.tv\\\/wp-content\\\/uploads\\\/24219.jpg\",\"datePublished\":\"2016-07-19T01:11:04+00:00\",\"breadcrumb\":{\"@id\":\"https:\\\/\\\/www.meydan.tv\\\/az\\\/article\\\/bizim-tatar-collerimiz\\\/#breadcrumb\"},\"inLanguage\":\"az\",\"potentialAction\":[{\"@type\":\"ReadAction\",\"target\":[\"https:\\\/\\\/www.meydan.tv\\\/az\\\/article\\\/bizim-tatar-collerimiz\\\/\"]}]},{\"@type\":\"ImageObject\",\"inLanguage\":\"az\",\"@id\":\"https:\\\/\\\/www.meydan.tv\\\/az\\\/article\\\/bizim-tatar-collerimiz\\\/#primaryimage\",\"url\":\"https:\\\/\\\/www.meydan.tv\\\/wp-content\\\/uploads\\\/24219.jpg\",\"contentUrl\":\"https:\\\/\\\/www.meydan.tv\\\/wp-content\\\/uploads\\\/24219.jpg\",\"width\":500,\"height\":500,\"caption\":\"Source:\"},{\"@type\":\"BreadcrumbList\",\"@id\":\"https:\\\/\\\/www.meydan.tv\\\/az\\\/article\\\/bizim-tatar-collerimiz\\\/#breadcrumb\",\"itemListElement\":[{\"@type\":\"ListItem\",\"position\":1,\"name\":\"Ana s\u0259hif\u0259\",\"item\":\"https:\\\/\\\/www.meydan.tv\\\/az\\\/\"},{\"@type\":\"ListItem\",\"position\":2,\"name\":\"M\u0259nim Fikrimc\u0259\",\"item\":\"https:\\\/\\\/www.meydan.tv\\\/az\\\/section\\\/menim-fikrimce\\\/\"},{\"@type\":\"ListItem\",\"position\":3,\"name\":\"Bizim Tatar \u00e7\u00f6ll\u0259rimiz\"}]},{\"@type\":\"WebSite\",\"@id\":\"https:\\\/\\\/www.meydan.tv\\\/az\\\/#website\",\"url\":\"https:\\\/\\\/www.meydan.tv\\\/az\\\/\",\"name\":\"MEYDAN.TV\",\"description\":\"Meydan TV Az\u0259rbaycan\u0131n media m\u0259kan\u0131ndak\u0131 alternativ s\u0259sidir\",\"publisher\":{\"@id\":\"https:\\\/\\\/www.meydan.tv\\\/az\\\/#organization\"},\"potentialAction\":[{\"@type\":\"SearchAction\",\"target\":{\"@type\":\"EntryPoint\",\"urlTemplate\":\"https:\\\/\\\/www.meydan.tv\\\/az\\\/?s={search_term_string}\"},\"query-input\":{\"@type\":\"PropertyValueSpecification\",\"valueRequired\":true,\"valueName\":\"search_term_string\"}}],\"inLanguage\":\"az\"},{\"@type\":\"Organization\",\"@id\":\"https:\\\/\\\/www.meydan.tv\\\/az\\\/#organization\",\"name\":\"Meydan TV\",\"url\":\"https:\\\/\\\/www.meydan.tv\\\/az\\\/\",\"logo\":{\"@type\":\"ImageObject\",\"inLanguage\":\"az\",\"@id\":\"https:\\\/\\\/www.meydan.tv\\\/az\\\/#\\\/schema\\\/logo\\\/image\\\/\",\"url\":\"https:\\\/\\\/www.meydan.tv\\\/wp-content\\\/uploads\\\/2021\\\/07\\\/meydan-logo.svg\",\"contentUrl\":\"https:\\\/\\\/www.meydan.tv\\\/wp-content\\\/uploads\\\/2021\\\/07\\\/meydan-logo.svg\",\"width\":195,\"height\":46,\"caption\":\"Meydan TV\"},\"image\":{\"@id\":\"https:\\\/\\\/www.meydan.tv\\\/az\\\/#\\\/schema\\\/logo\\\/image\\\/\"}},{\"@type\":\"Person\",\"@id\":\"https:\\\/\\\/www.meydan.tv\\\/az\\\/#\\\/schema\\\/person\\\/10d11eccf6da3662cf5fdab9806ea91a\",\"name\":\"user-manager\"}]}<\/script>\n<!-- \/ Yoast SEO plugin. -->","yoast_head_json":{"title":"Bizim Tatar \u00e7\u00f6ll\u0259rimiz - MEYDAN.TV","robots":{"index":"index","follow":"follow","max-snippet":"max-snippet:-1","max-image-preview":"max-image-preview:large","max-video-preview":"max-video-preview:-1"},"canonical":"https:\/\/www.meydan.tv\/az\/article\/bizim-tatar-collerimiz\/","og_locale":"az_AZ","og_type":"article","og_title":"Bizim Tatar \u00e7\u00f6ll\u0259rimiz - MEYDAN.TV","og_description":"\u201cTatar \u00e7\u00f6l\u00fc\u201d roman\u0131n\u0131 oxumayanlar bu yaz\u0131n\u0131 oxumas\u0131n...","og_url":"https:\/\/www.meydan.tv\/az\/article\/bizim-tatar-collerimiz\/","og_site_name":"MEYDAN.TV","article_published_time":"2016-07-19T01:11:04+00:00","og_image":[{"width":500,"height":500,"url":"https:\/\/www.meydan.tv\/wp-content\/uploads\/24219.jpg","type":"image\/jpeg"}],"author":"user-manager","twitter_card":"summary_large_image","schema":{"@context":"https:\/\/schema.org","@graph":[{"@type":"Article","@id":"https:\/\/www.meydan.tv\/az\/article\/bizim-tatar-collerimiz\/#article","isPartOf":{"@id":"https:\/\/www.meydan.tv\/az\/article\/bizim-tatar-collerimiz\/"},"author":{"name":"user-manager","@id":"https:\/\/www.meydan.tv\/az\/#\/schema\/person\/10d11eccf6da3662cf5fdab9806ea91a"},"headline":"Bizim Tatar \u00e7\u00f6ll\u0259rimiz","datePublished":"2016-07-19T01:11:04+00:00","mainEntityOfPage":{"@id":"https:\/\/www.meydan.tv\/az\/article\/bizim-tatar-collerimiz\/"},"wordCount":1376,"publisher":{"@id":"https:\/\/www.meydan.tv\/az\/#organization"},"image":{"@id":"https:\/\/www.meydan.tv\/az\/article\/bizim-tatar-collerimiz\/#primaryimage"},"thumbnailUrl":"https:\/\/www.meydan.tv\/wp-content\/uploads\/24219.jpg","articleSection":["M\u0259nim Fikrimc\u0259"],"inLanguage":"az"},{"@type":"WebPage","@id":"https:\/\/www.meydan.tv\/az\/article\/bizim-tatar-collerimiz\/","url":"https:\/\/www.meydan.tv\/az\/article\/bizim-tatar-collerimiz\/","name":"Bizim Tatar \u00e7\u00f6ll\u0259rimiz - MEYDAN.TV","isPartOf":{"@id":"https:\/\/www.meydan.tv\/az\/#website"},"primaryImageOfPage":{"@id":"https:\/\/www.meydan.tv\/az\/article\/bizim-tatar-collerimiz\/#primaryimage"},"image":{"@id":"https:\/\/www.meydan.tv\/az\/article\/bizim-tatar-collerimiz\/#primaryimage"},"thumbnailUrl":"https:\/\/www.meydan.tv\/wp-content\/uploads\/24219.jpg","datePublished":"2016-07-19T01:11:04+00:00","breadcrumb":{"@id":"https:\/\/www.meydan.tv\/az\/article\/bizim-tatar-collerimiz\/#breadcrumb"},"inLanguage":"az","potentialAction":[{"@type":"ReadAction","target":["https:\/\/www.meydan.tv\/az\/article\/bizim-tatar-collerimiz\/"]}]},{"@type":"ImageObject","inLanguage":"az","@id":"https:\/\/www.meydan.tv\/az\/article\/bizim-tatar-collerimiz\/#primaryimage","url":"https:\/\/www.meydan.tv\/wp-content\/uploads\/24219.jpg","contentUrl":"https:\/\/www.meydan.tv\/wp-content\/uploads\/24219.jpg","width":500,"height":500,"caption":"Source:"},{"@type":"BreadcrumbList","@id":"https:\/\/www.meydan.tv\/az\/article\/bizim-tatar-collerimiz\/#breadcrumb","itemListElement":[{"@type":"ListItem","position":1,"name":"Ana s\u0259hif\u0259","item":"https:\/\/www.meydan.tv\/az\/"},{"@type":"ListItem","position":2,"name":"M\u0259nim Fikrimc\u0259","item":"https:\/\/www.meydan.tv\/az\/section\/menim-fikrimce\/"},{"@type":"ListItem","position":3,"name":"Bizim Tatar \u00e7\u00f6ll\u0259rimiz"}]},{"@type":"WebSite","@id":"https:\/\/www.meydan.tv\/az\/#website","url":"https:\/\/www.meydan.tv\/az\/","name":"MEYDAN.TV","description":"Meydan TV Az\u0259rbaycan\u0131n media m\u0259kan\u0131ndak\u0131 alternativ s\u0259sidir","publisher":{"@id":"https:\/\/www.meydan.tv\/az\/#organization"},"potentialAction":[{"@type":"SearchAction","target":{"@type":"EntryPoint","urlTemplate":"https:\/\/www.meydan.tv\/az\/?s={search_term_string}"},"query-input":{"@type":"PropertyValueSpecification","valueRequired":true,"valueName":"search_term_string"}}],"inLanguage":"az"},{"@type":"Organization","@id":"https:\/\/www.meydan.tv\/az\/#organization","name":"Meydan TV","url":"https:\/\/www.meydan.tv\/az\/","logo":{"@type":"ImageObject","inLanguage":"az","@id":"https:\/\/www.meydan.tv\/az\/#\/schema\/logo\/image\/","url":"https:\/\/www.meydan.tv\/wp-content\/uploads\/2021\/07\/meydan-logo.svg","contentUrl":"https:\/\/www.meydan.tv\/wp-content\/uploads\/2021\/07\/meydan-logo.svg","width":195,"height":46,"caption":"Meydan TV"},"image":{"@id":"https:\/\/www.meydan.tv\/az\/#\/schema\/logo\/image\/"}},{"@type":"Person","@id":"https:\/\/www.meydan.tv\/az\/#\/schema\/person\/10d11eccf6da3662cf5fdab9806ea91a","name":"user-manager"}]}},"_links":{"self":[{"href":"https:\/\/www.meydan.tv\/az\/wp-json\/wp\/v2\/posts\/177547","targetHints":{"allow":["GET"]}}],"collection":[{"href":"https:\/\/www.meydan.tv\/az\/wp-json\/wp\/v2\/posts"}],"about":[{"href":"https:\/\/www.meydan.tv\/az\/wp-json\/wp\/v2\/types\/post"}],"author":[{"embeddable":true,"href":"https:\/\/www.meydan.tv\/az\/wp-json\/wp\/v2\/users\/11"}],"replies":[{"embeddable":true,"href":"https:\/\/www.meydan.tv\/az\/wp-json\/wp\/v2\/comments?post=177547"}],"version-history":[{"count":0,"href":"https:\/\/www.meydan.tv\/az\/wp-json\/wp\/v2\/posts\/177547\/revisions"}],"wp:featuredmedia":[{"embeddable":true,"href":"https:\/\/www.meydan.tv\/az\/wp-json\/wp\/v2\/media\/63468"}],"wp:attachment":[{"href":"https:\/\/www.meydan.tv\/az\/wp-json\/wp\/v2\/media?parent=177547"}],"wp:term":[{"taxonomy":"category","embeddable":true,"href":"https:\/\/www.meydan.tv\/az\/wp-json\/wp\/v2\/categories?post=177547"},{"taxonomy":"post_tag","embeddable":true,"href":"https:\/\/www.meydan.tv\/az\/wp-json\/wp\/v2\/tags?post=177547"}],"curies":[{"name":"wp","href":"https:\/\/api.w.org\/{rel}","templated":true}]}}