{"id":177545,"date":"2016-07-19T00:33:19","date_gmt":"2016-07-19T00:33:19","guid":{"rendered":"https:\/\/www.meydan.tv\/article\/nazirlik-mtrs-in-qerari-olmadan-ans-i-baglaya-bilmez\/"},"modified":"2016-07-19T00:33:19","modified_gmt":"2016-07-19T00:33:19","slug":"nazirlik-mtrs-in-qerari-olmadan-ans-i-baglaya-bilmez","status":"publish","type":"post","link":"https:\/\/www.meydan.tv\/az\/article\/nazirlik-mtrs-in-qerari-olmadan-ans-i-baglaya-bilmez\/","title":{"rendered":"&#8221;Nazirlik MTR\u015e-in q\u0259rar\u0131 olmadan ANS-i ba\u011flaya bilm\u0259z&#8221;"},"content":{"rendered":"<figure class=\"wp-block-image size-large\">\n  <img decoding=\"async\" src=\"https:\/\/www.meydan.tv\/az\/63519\/\" alt=\"\" class=\"wp-image-63519\"\/><figcaption><\/figcaption><\/figure>\n<p>\n  <i><br \/>\n    \u018fl\u0259sg\u0259r M\u0259mm\u0259dli: Qanuna g\u00f6r\u0259 q\u0259rarda m\u00fcv\u0259qq\u0259ti yox, ne\u00e7\u0259 g\u00fcn\u0259 ba\u011flanmas\u0131 qeyd edilm\u0259liydi<br \/>\n  <\/i>\n<\/p>\n<p>\n  <br \/>\n  H\u00fcquq\u015f\u00fcnas \u018fl\u0259sg\u0259r M\u0259mm\u0259dli Meydan TV-y\u0259 Milli Teleradio \u015euras\u0131n\u0131n ANS kanal\u0131n\u0131n m\u00fcv\u0259qq\u0259ti dayand\u0131r\u0131lmas\u0131 haqda q\u0259rar\u0131n\u0131 \u015f\u0259rh ed\u0259rk\u0259n bildirib ki, &#8220;Teleradio Yay\u0131m\u0131 haqq\u0131nda&#8221; Qanunun 23.1-ci madd\u0259sind\u0259 \u201c23.1. Teleradio yay\u0131m\u00e7\u0131lar\u0131 x\u00fcsusi raz\u0131l\u0131\u011f\u0131n (lisenziyan\u0131n) qayda v\u0259 \u015f\u0259rtl\u0259rini v\u0259 ya bu Qanunun t\u0259l\u0259bl\u0259rini pozduqda, x\u00fcsusi raz\u0131l\u0131\u011f\u0131n (lisenziyan\u0131n) q\u00fcvv\u0259si v\u0259 ya h\u0259r hans\u0131 proqram\u0131n yay\u0131m\u0131 teleradio yay\u0131m\u0131 sah\u0259sind\u0259 m\u00fcvafiq d\u00f6vl\u0259t orqan\u0131n\u0131n q\u0259rar\u0131 il\u0259 bir ayad\u0259k m\u00fcdd\u0259t\u0259 m\u00fcv\u0259qq\u0259ti dayand\u0131r\u0131l\u0131r\u201d- m\u00fcdd\u0259as\u0131na yer verilir: &#8220;2015-ci ild\u0259, bu qanuna sal\u0131n\u0131b. Amma bu madd\u0259nin i\u015fl\u0259dilm\u0259si \u00fc\u00e7\u00fcn konkret Qanunun hans\u0131 m\u00fcdd\u0259as\u0131n\u0131 v\u0259 hans\u0131 lisenziya \u015f\u0259rtinin pozuldu\u011fu ayd\u0131n q\u0259rarda g\u00f6st\u0259rilm\u0259lidir. Ayr\u0131ca burdak\u0131 m\u00fcvafiq d\u00f6vl\u0259t orqan\u0131n\u0131n kimliyi 2002-ci ild\u0259 Prezident F\u0259rman\u0131 il\u0259 \u201cd\u00f6vl\u0259t orqan\u0131\u201dn\u0131n s\u0259lahiyy\u0259tl\u0259rini Milli Televiziya v\u0259 Radio \u015euras\u0131 h\u0259yata ke\u00e7irir\u201d-<br \/>\n  <br \/>\n  Dolay\u0131s\u0131 il\u0259 Az\u0259rbaycan Qanunvericiliyind\u0259 RYTN-nin televiziyan\u0131 MTR\u015e q\u0259rar\u0131 olmadan dayand\u0131rma s\u0259lahiyy\u0259ti yoxdur&#8221;.\n<\/p>\n<p>\n  \u018fl\u0259sg\u0259r M\u0259mm\u0259dlinin s\u00f6zl\u0259rin\u0259 g\u00f6r\u0259, qanunda iki yana\u015fma var: &#8220;Birinci, 30 g\u00fcn\u0259 q\u0259d\u0259r f\u0259aliyy\u0259tin dayand\u0131r\u0131lmas\u0131, ikinci d\u0259 lisenziyan\u0131n l\u0259\u011fv olunmas\u0131. Qanuna g\u00f6r\u0259 q\u0259rarda m\u00fcv\u0259qq\u0259ti yox, ne\u00e7\u0259 g\u00fcn\u0259 ba\u011flanmas\u0131 qeyd edilm\u0259liydi. N\u0259hay\u0259t, qanunda Respublika Prokurorlu\u011funun bu m\u0259s\u0259l\u0259yl\u0259 ba\u011fl\u0131 m\u00fcraci\u0259t etm\u0259si bar\u0259d\u0259 he\u00e7 n\u0259 yoxdur. Qanuna \u0259sas\u0259n MTR\u015e \u00f6z\u00fc m\u00fc\u015fahid\u0259 apar\u0131r v\u0259 m\u00fc\u015fahid\u0259 \u00e7\u0259r\u00e7iv\u0259sind\u0259 qanun v\u0259 lisenziya \u015f\u0259rti pozulubsa, q\u0259rar q\u0259bul edir. B\u0259li, m\u0259ntiql\u0259 prokurorluq qanunun pozulmas\u0131n\u0131 x\u0259b\u0259r ver\u0259 bil\u0259r. Amma \u0259sas m\u0259s\u0259l\u0259 odur ki, ne\u00e7\u0259 g\u00fcn ba\u011flanmas\u0131 m\u00fctl\u0259q g\u00f6st\u0259rilm\u0259lidir, \u00e7\u00fcnki qanunda m\u00fcv\u0259qq\u0259ti bar\u0259d\u0259 he\u00e7 n\u0259 yoxdur&#8221;.<\/p>\n","protected":false},"excerpt":{"rendered":"<p>\u018fl\u0259sg\u0259r M\u0259mm\u0259dli: Qanuna g\u00f6r\u0259 q\u0259rarda m\u00fcv\u0259qq\u0259ti yox, ne\u00e7\u0259 g\u00fcn\u0259 ba\u011flanmas\u0131 qeyd edilm\u0259liydi<\/p>\n","protected":false},"author":11,"featured_media":63519,"comment_status":"closed","ping_status":"open","sticky":false,"template":"","format":"standard","meta":{"_acf_changed":false,"_sitemap_exclude":false,"_sitemap_priority":"","_sitemap_frequency":"","footnotes":""},"categories":[51],"tags":[],"class_list":["post-177545","post","type-post","status-publish","format-standard","has-post-thumbnail","hentry","category-analitika","infinite-scroll-item","generate-columns","tablet-grid-50","mobile-grid-100","grid-parent","grid-33","no-featured-image-padding"],"acf":[],"yoast_head":"<!-- This site is optimized with the Yoast SEO plugin v27.5 - https:\/\/yoast.com\/product\/yoast-seo-wordpress\/ -->\n<title>&#039;&#039;Nazirlik MTR\u015e-in q\u0259rar\u0131 olmadan ANS-i ba\u011flaya bilm\u0259z&#039;&#039; - MEYDAN.TV<\/title>\n<meta name=\"robots\" content=\"index, follow, max-snippet:-1, max-image-preview:large, max-video-preview:-1\" \/>\n<link rel=\"canonical\" href=\"https:\/\/www.meydan.tv\/az\/article\/nazirlik-mtrs-in-qerari-olmadan-ans-i-baglaya-bilmez\/\" \/>\n<meta property=\"og:locale\" content=\"az_AZ\" \/>\n<meta property=\"og:type\" content=\"article\" \/>\n<meta property=\"og:title\" content=\"&#039;&#039;Nazirlik MTR\u015e-in q\u0259rar\u0131 olmadan ANS-i ba\u011flaya bilm\u0259z&#039;&#039; - MEYDAN.TV\" \/>\n<meta property=\"og:description\" content=\"\u018fl\u0259sg\u0259r M\u0259mm\u0259dli: Qanuna g\u00f6r\u0259 q\u0259rarda m\u00fcv\u0259qq\u0259ti yox, ne\u00e7\u0259 g\u00fcn\u0259 ba\u011flanmas\u0131 qeyd edilm\u0259liydi\" \/>\n<meta property=\"og:url\" content=\"https:\/\/www.meydan.tv\/az\/article\/nazirlik-mtrs-in-qerari-olmadan-ans-i-baglaya-bilmez\/\" \/>\n<meta property=\"og:site_name\" content=\"MEYDAN.TV\" \/>\n<meta property=\"article:published_time\" content=\"2016-07-19T00:33:19+00:00\" \/>\n<meta property=\"og:image\" content=\"https:\/\/www.meydan.tv\/wp-content\/uploads\/24218.jpg\" \/>\n\t<meta property=\"og:image:width\" content=\"647\" \/>\n\t<meta property=\"og:image:height\" content=\"370\" \/>\n\t<meta property=\"og:image:type\" content=\"image\/jpeg\" \/>\n<meta name=\"author\" content=\"user-manager\" \/>\n<meta name=\"twitter:card\" content=\"summary_large_image\" \/>\n<script type=\"application\/ld+json\" class=\"yoast-schema-graph\">{\"@context\":\"https:\\\/\\\/schema.org\",\"@graph\":[{\"@type\":\"Article\",\"@id\":\"https:\\\/\\\/www.meydan.tv\\\/az\\\/article\\\/nazirlik-mtrs-in-qerari-olmadan-ans-i-baglaya-bilmez\\\/#article\",\"isPartOf\":{\"@id\":\"https:\\\/\\\/www.meydan.tv\\\/az\\\/article\\\/nazirlik-mtrs-in-qerari-olmadan-ans-i-baglaya-bilmez\\\/\"},\"author\":{\"name\":\"user-manager\",\"@id\":\"https:\\\/\\\/www.meydan.tv\\\/az\\\/#\\\/schema\\\/person\\\/10d11eccf6da3662cf5fdab9806ea91a\"},\"headline\":\"&#8221;Nazirlik MTR\u015e-in q\u0259rar\u0131 olmadan ANS-i ba\u011flaya bilm\u0259z&#8221;\",\"datePublished\":\"2016-07-19T00:33:19+00:00\",\"mainEntityOfPage\":{\"@id\":\"https:\\\/\\\/www.meydan.tv\\\/az\\\/article\\\/nazirlik-mtrs-in-qerari-olmadan-ans-i-baglaya-bilmez\\\/\"},\"wordCount\":400,\"publisher\":{\"@id\":\"https:\\\/\\\/www.meydan.tv\\\/az\\\/#organization\"},\"image\":{\"@id\":\"https:\\\/\\\/www.meydan.tv\\\/az\\\/article\\\/nazirlik-mtrs-in-qerari-olmadan-ans-i-baglaya-bilmez\\\/#primaryimage\"},\"thumbnailUrl\":\"https:\\\/\\\/www.meydan.tv\\\/wp-content\\\/uploads\\\/24218.jpg\",\"articleSection\":[\"Analitika\"],\"inLanguage\":\"az\"},{\"@type\":\"WebPage\",\"@id\":\"https:\\\/\\\/www.meydan.tv\\\/az\\\/article\\\/nazirlik-mtrs-in-qerari-olmadan-ans-i-baglaya-bilmez\\\/\",\"url\":\"https:\\\/\\\/www.meydan.tv\\\/az\\\/article\\\/nazirlik-mtrs-in-qerari-olmadan-ans-i-baglaya-bilmez\\\/\",\"name\":\"''Nazirlik MTR\u015e-in q\u0259rar\u0131 olmadan ANS-i ba\u011flaya bilm\u0259z'' - MEYDAN.TV\",\"isPartOf\":{\"@id\":\"https:\\\/\\\/www.meydan.tv\\\/az\\\/#website\"},\"primaryImageOfPage\":{\"@id\":\"https:\\\/\\\/www.meydan.tv\\\/az\\\/article\\\/nazirlik-mtrs-in-qerari-olmadan-ans-i-baglaya-bilmez\\\/#primaryimage\"},\"image\":{\"@id\":\"https:\\\/\\\/www.meydan.tv\\\/az\\\/article\\\/nazirlik-mtrs-in-qerari-olmadan-ans-i-baglaya-bilmez\\\/#primaryimage\"},\"thumbnailUrl\":\"https:\\\/\\\/www.meydan.tv\\\/wp-content\\\/uploads\\\/24218.jpg\",\"datePublished\":\"2016-07-19T00:33:19+00:00\",\"breadcrumb\":{\"@id\":\"https:\\\/\\\/www.meydan.tv\\\/az\\\/article\\\/nazirlik-mtrs-in-qerari-olmadan-ans-i-baglaya-bilmez\\\/#breadcrumb\"},\"inLanguage\":\"az\",\"potentialAction\":[{\"@type\":\"ReadAction\",\"target\":[\"https:\\\/\\\/www.meydan.tv\\\/az\\\/article\\\/nazirlik-mtrs-in-qerari-olmadan-ans-i-baglaya-bilmez\\\/\"]}]},{\"@type\":\"ImageObject\",\"inLanguage\":\"az\",\"@id\":\"https:\\\/\\\/www.meydan.tv\\\/az\\\/article\\\/nazirlik-mtrs-in-qerari-olmadan-ans-i-baglaya-bilmez\\\/#primaryimage\",\"url\":\"https:\\\/\\\/www.meydan.tv\\\/wp-content\\\/uploads\\\/24218.jpg\",\"contentUrl\":\"https:\\\/\\\/www.meydan.tv\\\/wp-content\\\/uploads\\\/24218.jpg\",\"width\":647,\"height\":370,\"caption\":\"Source:\"},{\"@type\":\"BreadcrumbList\",\"@id\":\"https:\\\/\\\/www.meydan.tv\\\/az\\\/article\\\/nazirlik-mtrs-in-qerari-olmadan-ans-i-baglaya-bilmez\\\/#breadcrumb\",\"itemListElement\":[{\"@type\":\"ListItem\",\"position\":1,\"name\":\"Ana s\u0259hif\u0259\",\"item\":\"https:\\\/\\\/www.meydan.tv\\\/az\\\/\"},{\"@type\":\"ListItem\",\"position\":2,\"name\":\"Analitika\",\"item\":\"https:\\\/\\\/www.meydan.tv\\\/az\\\/section\\\/analitika\\\/\"},{\"@type\":\"ListItem\",\"position\":3,\"name\":\"&#8221;Nazirlik MTR\u015e-in q\u0259rar\u0131 olmadan ANS-i ba\u011flaya bilm\u0259z&#8221;\"}]},{\"@type\":\"WebSite\",\"@id\":\"https:\\\/\\\/www.meydan.tv\\\/az\\\/#website\",\"url\":\"https:\\\/\\\/www.meydan.tv\\\/az\\\/\",\"name\":\"MEYDAN.TV\",\"description\":\"Meydan TV Az\u0259rbaycan\u0131n media m\u0259kan\u0131ndak\u0131 alternativ s\u0259sidir\",\"publisher\":{\"@id\":\"https:\\\/\\\/www.meydan.tv\\\/az\\\/#organization\"},\"potentialAction\":[{\"@type\":\"SearchAction\",\"target\":{\"@type\":\"EntryPoint\",\"urlTemplate\":\"https:\\\/\\\/www.meydan.tv\\\/az\\\/?s={search_term_string}\"},\"query-input\":{\"@type\":\"PropertyValueSpecification\",\"valueRequired\":true,\"valueName\":\"search_term_string\"}}],\"inLanguage\":\"az\"},{\"@type\":\"Organization\",\"@id\":\"https:\\\/\\\/www.meydan.tv\\\/az\\\/#organization\",\"name\":\"Meydan TV\",\"url\":\"https:\\\/\\\/www.meydan.tv\\\/az\\\/\",\"logo\":{\"@type\":\"ImageObject\",\"inLanguage\":\"az\",\"@id\":\"https:\\\/\\\/www.meydan.tv\\\/az\\\/#\\\/schema\\\/logo\\\/image\\\/\",\"url\":\"https:\\\/\\\/www.meydan.tv\\\/wp-content\\\/uploads\\\/2021\\\/07\\\/meydan-logo.svg\",\"contentUrl\":\"https:\\\/\\\/www.meydan.tv\\\/wp-content\\\/uploads\\\/2021\\\/07\\\/meydan-logo.svg\",\"width\":195,\"height\":46,\"caption\":\"Meydan TV\"},\"image\":{\"@id\":\"https:\\\/\\\/www.meydan.tv\\\/az\\\/#\\\/schema\\\/logo\\\/image\\\/\"}},{\"@type\":\"Person\",\"@id\":\"https:\\\/\\\/www.meydan.tv\\\/az\\\/#\\\/schema\\\/person\\\/10d11eccf6da3662cf5fdab9806ea91a\",\"name\":\"user-manager\"}]}<\/script>\n<!-- \/ Yoast SEO plugin. -->","yoast_head_json":{"title":"''Nazirlik MTR\u015e-in q\u0259rar\u0131 olmadan ANS-i ba\u011flaya bilm\u0259z'' - MEYDAN.TV","robots":{"index":"index","follow":"follow","max-snippet":"max-snippet:-1","max-image-preview":"max-image-preview:large","max-video-preview":"max-video-preview:-1"},"canonical":"https:\/\/www.meydan.tv\/az\/article\/nazirlik-mtrs-in-qerari-olmadan-ans-i-baglaya-bilmez\/","og_locale":"az_AZ","og_type":"article","og_title":"''Nazirlik MTR\u015e-in q\u0259rar\u0131 olmadan ANS-i ba\u011flaya bilm\u0259z'' - MEYDAN.TV","og_description":"\u018fl\u0259sg\u0259r M\u0259mm\u0259dli: Qanuna g\u00f6r\u0259 q\u0259rarda m\u00fcv\u0259qq\u0259ti yox, ne\u00e7\u0259 g\u00fcn\u0259 ba\u011flanmas\u0131 qeyd edilm\u0259liydi","og_url":"https:\/\/www.meydan.tv\/az\/article\/nazirlik-mtrs-in-qerari-olmadan-ans-i-baglaya-bilmez\/","og_site_name":"MEYDAN.TV","article_published_time":"2016-07-19T00:33:19+00:00","og_image":[{"width":647,"height":370,"url":"https:\/\/www.meydan.tv\/wp-content\/uploads\/24218.jpg","type":"image\/jpeg"}],"author":"user-manager","twitter_card":"summary_large_image","schema":{"@context":"https:\/\/schema.org","@graph":[{"@type":"Article","@id":"https:\/\/www.meydan.tv\/az\/article\/nazirlik-mtrs-in-qerari-olmadan-ans-i-baglaya-bilmez\/#article","isPartOf":{"@id":"https:\/\/www.meydan.tv\/az\/article\/nazirlik-mtrs-in-qerari-olmadan-ans-i-baglaya-bilmez\/"},"author":{"name":"user-manager","@id":"https:\/\/www.meydan.tv\/az\/#\/schema\/person\/10d11eccf6da3662cf5fdab9806ea91a"},"headline":"&#8221;Nazirlik MTR\u015e-in q\u0259rar\u0131 olmadan ANS-i ba\u011flaya bilm\u0259z&#8221;","datePublished":"2016-07-19T00:33:19+00:00","mainEntityOfPage":{"@id":"https:\/\/www.meydan.tv\/az\/article\/nazirlik-mtrs-in-qerari-olmadan-ans-i-baglaya-bilmez\/"},"wordCount":400,"publisher":{"@id":"https:\/\/www.meydan.tv\/az\/#organization"},"image":{"@id":"https:\/\/www.meydan.tv\/az\/article\/nazirlik-mtrs-in-qerari-olmadan-ans-i-baglaya-bilmez\/#primaryimage"},"thumbnailUrl":"https:\/\/www.meydan.tv\/wp-content\/uploads\/24218.jpg","articleSection":["Analitika"],"inLanguage":"az"},{"@type":"WebPage","@id":"https:\/\/www.meydan.tv\/az\/article\/nazirlik-mtrs-in-qerari-olmadan-ans-i-baglaya-bilmez\/","url":"https:\/\/www.meydan.tv\/az\/article\/nazirlik-mtrs-in-qerari-olmadan-ans-i-baglaya-bilmez\/","name":"''Nazirlik MTR\u015e-in q\u0259rar\u0131 olmadan ANS-i ba\u011flaya bilm\u0259z'' - MEYDAN.TV","isPartOf":{"@id":"https:\/\/www.meydan.tv\/az\/#website"},"primaryImageOfPage":{"@id":"https:\/\/www.meydan.tv\/az\/article\/nazirlik-mtrs-in-qerari-olmadan-ans-i-baglaya-bilmez\/#primaryimage"},"image":{"@id":"https:\/\/www.meydan.tv\/az\/article\/nazirlik-mtrs-in-qerari-olmadan-ans-i-baglaya-bilmez\/#primaryimage"},"thumbnailUrl":"https:\/\/www.meydan.tv\/wp-content\/uploads\/24218.jpg","datePublished":"2016-07-19T00:33:19+00:00","breadcrumb":{"@id":"https:\/\/www.meydan.tv\/az\/article\/nazirlik-mtrs-in-qerari-olmadan-ans-i-baglaya-bilmez\/#breadcrumb"},"inLanguage":"az","potentialAction":[{"@type":"ReadAction","target":["https:\/\/www.meydan.tv\/az\/article\/nazirlik-mtrs-in-qerari-olmadan-ans-i-baglaya-bilmez\/"]}]},{"@type":"ImageObject","inLanguage":"az","@id":"https:\/\/www.meydan.tv\/az\/article\/nazirlik-mtrs-in-qerari-olmadan-ans-i-baglaya-bilmez\/#primaryimage","url":"https:\/\/www.meydan.tv\/wp-content\/uploads\/24218.jpg","contentUrl":"https:\/\/www.meydan.tv\/wp-content\/uploads\/24218.jpg","width":647,"height":370,"caption":"Source:"},{"@type":"BreadcrumbList","@id":"https:\/\/www.meydan.tv\/az\/article\/nazirlik-mtrs-in-qerari-olmadan-ans-i-baglaya-bilmez\/#breadcrumb","itemListElement":[{"@type":"ListItem","position":1,"name":"Ana s\u0259hif\u0259","item":"https:\/\/www.meydan.tv\/az\/"},{"@type":"ListItem","position":2,"name":"Analitika","item":"https:\/\/www.meydan.tv\/az\/section\/analitika\/"},{"@type":"ListItem","position":3,"name":"&#8221;Nazirlik MTR\u015e-in q\u0259rar\u0131 olmadan ANS-i ba\u011flaya bilm\u0259z&#8221;"}]},{"@type":"WebSite","@id":"https:\/\/www.meydan.tv\/az\/#website","url":"https:\/\/www.meydan.tv\/az\/","name":"MEYDAN.TV","description":"Meydan TV Az\u0259rbaycan\u0131n media m\u0259kan\u0131ndak\u0131 alternativ s\u0259sidir","publisher":{"@id":"https:\/\/www.meydan.tv\/az\/#organization"},"potentialAction":[{"@type":"SearchAction","target":{"@type":"EntryPoint","urlTemplate":"https:\/\/www.meydan.tv\/az\/?s={search_term_string}"},"query-input":{"@type":"PropertyValueSpecification","valueRequired":true,"valueName":"search_term_string"}}],"inLanguage":"az"},{"@type":"Organization","@id":"https:\/\/www.meydan.tv\/az\/#organization","name":"Meydan TV","url":"https:\/\/www.meydan.tv\/az\/","logo":{"@type":"ImageObject","inLanguage":"az","@id":"https:\/\/www.meydan.tv\/az\/#\/schema\/logo\/image\/","url":"https:\/\/www.meydan.tv\/wp-content\/uploads\/2021\/07\/meydan-logo.svg","contentUrl":"https:\/\/www.meydan.tv\/wp-content\/uploads\/2021\/07\/meydan-logo.svg","width":195,"height":46,"caption":"Meydan TV"},"image":{"@id":"https:\/\/www.meydan.tv\/az\/#\/schema\/logo\/image\/"}},{"@type":"Person","@id":"https:\/\/www.meydan.tv\/az\/#\/schema\/person\/10d11eccf6da3662cf5fdab9806ea91a","name":"user-manager"}]}},"_links":{"self":[{"href":"https:\/\/www.meydan.tv\/az\/wp-json\/wp\/v2\/posts\/177545","targetHints":{"allow":["GET"]}}],"collection":[{"href":"https:\/\/www.meydan.tv\/az\/wp-json\/wp\/v2\/posts"}],"about":[{"href":"https:\/\/www.meydan.tv\/az\/wp-json\/wp\/v2\/types\/post"}],"author":[{"embeddable":true,"href":"https:\/\/www.meydan.tv\/az\/wp-json\/wp\/v2\/users\/11"}],"replies":[{"embeddable":true,"href":"https:\/\/www.meydan.tv\/az\/wp-json\/wp\/v2\/comments?post=177545"}],"version-history":[{"count":0,"href":"https:\/\/www.meydan.tv\/az\/wp-json\/wp\/v2\/posts\/177545\/revisions"}],"wp:featuredmedia":[{"embeddable":true,"href":"https:\/\/www.meydan.tv\/az\/wp-json\/wp\/v2\/media\/63519"}],"wp:attachment":[{"href":"https:\/\/www.meydan.tv\/az\/wp-json\/wp\/v2\/media?parent=177545"}],"wp:term":[{"taxonomy":"category","embeddable":true,"href":"https:\/\/www.meydan.tv\/az\/wp-json\/wp\/v2\/categories?post=177545"},{"taxonomy":"post_tag","embeddable":true,"href":"https:\/\/www.meydan.tv\/az\/wp-json\/wp\/v2\/tags?post=177545"}],"curies":[{"name":"wp","href":"https:\/\/api.w.org\/{rel}","templated":true}]}}