{"id":177541,"date":"2016-07-18T23:13:31","date_gmt":"2016-07-18T23:13:31","guid":{"rendered":"https:\/\/www.meydan.tv\/article\/azerbaycan-xalqini-tebrik-etmeye-deyer\/"},"modified":"2016-07-18T23:13:31","modified_gmt":"2016-07-18T23:13:31","slug":"azerbaycan-xalqini-tebrik-etmeye-deyer","status":"publish","type":"post","link":"https:\/\/www.meydan.tv\/az\/article\/azerbaycan-xalqini-tebrik-etmeye-deyer\/","title":{"rendered":"Az\u0259rbaycan xalq\u0131n\u0131 &#8221;t\u0259brik&#8221; etm\u0259y\u0259 d\u0259y\u0259r!"},"content":{"rendered":"<figure class=\"wp-block-image size-large\">\n  <img decoding=\"async\" src=\"https:\/\/www.meydan.tv\/az\/51524\/\" alt=\"\" class=\"wp-image-51524\"\/><figcaption><\/figcaption><\/figure>\n<p>\n  <i><br \/>\n    H\u0259r 5 ild\u0259n bir se\u00e7ki ke\u00e7irm\u0259yin \u0259zab-\u0259ziyy\u0259ti \u00e7ox olur<br \/>\n  <\/i><\/p>\n<p>  \u0130ndi oxudum ki, Prezident Aparat\u0131 yeni referenduma start verib. T\u0259klifl\u0259ri s\u00fcr\u0259tl\u0259 g\u00f6zd\u0259n ke\u00e7irtdim.\n<\/p>\n<p>\n  Ke\u00e7\u0259n 21 illik t\u0259cr\u00fcb\u0259d\u0259n (haz\u0131rki Konstitusiyan\u0131n ilk variant\u0131 1995-ci ild\u0259 q\u0259bul edilib) bilirik ki, bel\u0259 referendumlarda ad\u0259t\u0259n \u0259sas h\u0259d\u0259f bir m\u0259s\u0259l\u0259 olur. Bunu qabartmamaq v\u0259 p\u0259rd\u0259l\u0259m\u0259k \u00fc\u00e7\u00fcn h\u0259min m\u0259s\u0259l\u0259y\u0259 bir s\u0131ra dig\u0259r m\u0259s\u0259l\u0259l\u0259ri d\u0259 qo\u015furlar.\n<\/p>\n<p>\n  Yeni referendum t\u0259\u015f\u0259bb\u00fcs\u00fcnd\u0259 d\u0259 mahiyy\u0259t ssenarisinin eyni olmas\u0131na \u015f\u00fcbh\u0259 etmir\u0259m. M\u0259lumdur ki, Az\u0259rbaycanda Konstitusiya \u00f6lk\u0259 ba\u015f\u00e7\u0131s\u0131n\u0131n \u0259lind\u0259 \u00f6z\u00fcn\u00fcn ist\u0259k v\u0259 arzular\u0131n\u0131 realla\u015fd\u0131rmaq \u00fc\u00e7\u00fcn bir al\u0259t\u0259 \u00e7evrilib. Referendumlar\u0131n \u0259sas h\u0259d\u0259fi d\u0259 bir qayda olaraq m\u0259hz prezidentlik institutula ba\u011fl\u0131 olur.\n<\/p>\n<p>\n  Ona g\u00f6r\u0259 d\u0259 yeni referendum t\u0259\u015f\u0259bb\u00fcs\u00fcn\u00fcn \u0259sas m\u0259qs\u0259dini tapmaq \u00fc\u00e7\u00fcn Prezident institutu il\u0259 ba\u011fl\u0131 normalar\u0131 n\u0259z\u0259rd\u0259n ke\u00e7irtm\u0259li olacam. Bu institut Konstitusiyada 99 &#8211; 124-c\u00fc madd\u0259l\u0259ri \u0259hat\u0259 edir. F\u00fcrs\u0259ti \u0259ld\u0259n verm\u0259d\u0259n h\u0259min madd\u0259l\u0259r \u00fczr\u0259 t\u0259klif edil\u0259n d\u0259yi\u015filikl\u0259ri axtarma\u011fa ba\u015flay\u0131ram. T\u0259klif edil\u0259n Referendum akt\u0131n\u0131n 20-ci b\u0259ndind\u0259n etibar\u0259n Konstitusiyan\u0131n qeyd edil\u0259n 99 &#8211; 124-c\u00fc madd\u0259l\u0259r\u0259 d\u0259yi\u015filikl\u0259r t\u0259klif edilir.\n<\/p>\n<p>\n  Referendum Akt\u0131 ist\u0259yir ki, Konstitusiyan\u0131n 100-c\u00fc madd\u0259sind\u0259 (Az\u0259rbaycan Respublikas\u0131n\u0131n Prezidentliyin\u0259 namiz\u0259dl\u0259r\u0259 aid t\u0259l\u0259bl\u0259r) &#8220;ya\u015f\u0131 otuz be\u015fd\u0259n a\u015fa\u011f\u0131 olmayan&#8221; s\u00f6zl\u0259ri \u00e7\u0131xar\u0131ls\u0131n. Onda h\u0259min madd\u0259 yax\u0131n g\u0259l\u0259c\u0259kd\u0259 bel\u0259 olacaq: &#8220;Az\u0259rbaycan Respublikas\u0131n\u0131n \u0259razisind\u0259 10 ild\u0259n art\u0131q daimi ya\u015fayan, se\u00e7kil\u0259rd\u0259 i\u015ftirak etm\u0259k h\u00fcququna malik olan, o c\u00fcml\u0259d\u0259n a\u011f\u0131r cinay\u0259t\u0259 g\u00f6r\u0259 m\u0259hkum olunmayan, ba\u015fqa d\u00f6vl\u0259tl\u0259r qar\u015f\u0131s\u0131nda \u00f6hd\u0259liyi olmayan, ali t\u0259hsilli, ikili v\u0259t\u0259nda\u015fl\u0131\u011f\u0131 olmayan Az\u0259rbaycan Respublikas\u0131n\u0131n v\u0259t\u0259nda\u015f\u0131 Az\u0259rbaycan Respublikas\u0131n\u0131n Prezidenti se\u00e7il\u0259 bil\u0259r&#8221;. Y\u0259ni art\u0131q ya\u015f m\u0259hdudiyy\u0259ti olmayacaq. N\u0259z\u0259ri bax\u0131mdan 15 ya\u015f\u0131nda orta t\u0259hsilini ba\u015fa vuran, art\u0131q 19 ya\u015f\u0131nda ali t\u0259hsil\u0259 malik olan AR v\u0259t\u0259nda\u015f\u0131 prezident se\u00e7il\u0259 bil\u0259r. \u018fb\u0259lli-ba\u015fl\u0131 reklam \u00e7arx\u0131d\u0131r. El\u0259 deyilmi?\n<\/p>\n<p>\n  Refendum Akt\u0131n 21-ci b\u0259ndi h\u0259l\u0259lik xala x\u0259trin qalmas\u0131n dey\u0259 t\u0259klif edir ki (hesab edin ki, bu art\u0131q bir ne\u00e7\u0259 ayda konstitusion norma olacaq), Konstitusiyan\u0131n 101-ci madd\u0259nin I hiss\u0259sind\u0259 \u201c5\u201d r\u0259q\u0259mi \u201c7\u201d r\u0259q\u0259mi il\u0259 \u0259v\u0259z edilsin v\u0259 a\u015fa\u011f\u0131dak\u0131 m\u0259zmunda ikinci c\u00fcml\u0259 \u0259lav\u0259 edilsin: \u201cAz\u0259rbaycan Respublikas\u0131n\u0131n Prezidenti n\u00f6vb\u0259d\u0259nk\u0259nar Az\u0259rbaycan Respublikas\u0131 Prezidenti se\u00e7kil\u0259rini elan ed\u0259 bil\u0259r&#8221;.\n<\/p>\n<p>\n  Bilirsinizmi o normada s\u00f6hb\u0259t n\u0259d\u0259n gedir? El\u0259 is\u0259 baxaq: &#8220;Az\u0259rbaycan Respublikas\u0131n\u0131n Prezidenti \u00fcmumi, b\u0259rab\u0259r v\u0259 birba\u015fa se\u00e7ki h\u00fcququ \u0259sas\u0131nda s\u0259rb\u0259st, \u015f\u0259xsi v\u0259 gizli s\u0259sverm\u0259 yolu il\u0259 5 il m\u00fcdd\u0259tin\u0259 se\u00e7ilir&#8221;.\n<\/p>\n<p>\n  Bir ne\u00e7\u0259 aydan sonra, b\u0259zi formal prosedurlardan sonra is\u0259 h\u0259min norma bel\u0259 olacaq: &#8220;Az\u0259rbaycan Respublikas\u0131n\u0131n Prezidenti \u00fcmumi, b\u0259rab\u0259r v\u0259 birba\u015fa se\u00e7ki h\u00fcququ \u0259sas\u0131nda s\u0259rb\u0259st, \u015f\u0259xsi v\u0259 gizli s\u0259sverm\u0259 yolu il\u0259 7 il m\u00fcdd\u0259tin\u0259 se\u00e7ilir. Az\u0259rbaycan Respublikas\u0131n\u0131n Prezidenti n\u00f6vb\u0259d\u0259nk\u0259nar Az\u0259rbaycan Respublikas\u0131 Prezidenti se\u00e7kil\u0259rini elan ed\u0259 bil\u0259r&#8221;.\n<\/p>\n<p>\n  M\u0259n\u0259 referendum ke\u00e7ird\u0259nl\u0259rin ist\u0259yi m\u0259lum oldu. H\u0259r 5 ild\u0259n bir se\u00e7ki ke\u00e7irm\u0259yin \u0259zab-\u0259ziyy\u0259ti \u00e7ox olur. Bunun qar\u015f\u0131s\u0131n\u0131 almaq \u00fc\u00e7\u00fcn 5 illik m\u00fcdd\u0259tin 7 illikl\u0259 \u0259v\u0259z edilm\u0259si \u00e7ox rahat variantd\u0131r.\n<\/p>\n<p>\n  M\u0259nc\u0259, yerd\u0259 qalan t\u0259kilifl\u0259ri t\u0259l\u0259m-t\u0259l\u0259sik m\u00fczakir\u0259 etm\u0259d\u0259n d\u0259 ke\u00e7inm\u0259k olar. Bir d\u0259f\u0259 s\u0259sverm\u0259 qutusuna yax\u0131nla\u015fmaqla \u00f6z\u00fcn\u0259 7 illik prezident se\u00e7m\u0259 imkan\u0131 qazanan Az\u0259rbaycan xalq\u0131n\u0131 is\u0259 t\u0259l\u0259m-t\u0259l\u0259sik &#8220;t\u0259brik&#8221; etm\u0259y\u0259 d\u0259y\u0259r!<\/p>\n","protected":false},"excerpt":{"rendered":"<p>H\u0259r 5 ild\u0259n bir se\u00e7ki ke\u00e7irm\u0259yin \u0259zab-\u0259ziyy\u0259ti \u00e7ox olur<\/p>\n","protected":false},"author":11,"featured_media":51524,"comment_status":"closed","ping_status":"open","sticky":false,"template":"","format":"standard","meta":{"_acf_changed":false,"_sitemap_exclude":false,"_sitemap_priority":"","_sitemap_frequency":"","footnotes":""},"categories":[51],"tags":[],"class_list":["post-177541","post","type-post","status-publish","format-standard","has-post-thumbnail","hentry","category-analitika","infinite-scroll-item","generate-columns","tablet-grid-50","mobile-grid-100","grid-parent","grid-33","no-featured-image-padding"],"acf":[],"yoast_head":"<!-- This site is optimized with the Yoast SEO plugin v27.5 - https:\/\/yoast.com\/product\/yoast-seo-wordpress\/ -->\n<title>Az\u0259rbaycan xalq\u0131n\u0131 &#039;&#039;t\u0259brik&#039;&#039; etm\u0259y\u0259 d\u0259y\u0259r! - MEYDAN.TV<\/title>\n<meta name=\"robots\" content=\"index, follow, max-snippet:-1, max-image-preview:large, max-video-preview:-1\" \/>\n<link rel=\"canonical\" href=\"https:\/\/www.meydan.tv\/az\/article\/azerbaycan-xalqini-tebrik-etmeye-deyer\/\" \/>\n<meta property=\"og:locale\" content=\"az_AZ\" \/>\n<meta property=\"og:type\" content=\"article\" \/>\n<meta property=\"og:title\" content=\"Az\u0259rbaycan xalq\u0131n\u0131 &#039;&#039;t\u0259brik&#039;&#039; etm\u0259y\u0259 d\u0259y\u0259r! - MEYDAN.TV\" \/>\n<meta property=\"og:description\" content=\"H\u0259r 5 ild\u0259n bir se\u00e7ki ke\u00e7irm\u0259yin \u0259zab-\u0259ziyy\u0259ti \u00e7ox olur\" \/>\n<meta property=\"og:url\" content=\"https:\/\/www.meydan.tv\/az\/article\/azerbaycan-xalqini-tebrik-etmeye-deyer\/\" \/>\n<meta property=\"og:site_name\" content=\"MEYDAN.TV\" \/>\n<meta property=\"article:published_time\" content=\"2016-07-18T23:13:31+00:00\" \/>\n<meta property=\"og:image\" content=\"https:\/\/www.meydan.tv\/wp-content\/uploads\/19434.jpg\" \/>\n\t<meta property=\"og:image:width\" content=\"960\" \/>\n\t<meta property=\"og:image:height\" content=\"960\" \/>\n\t<meta property=\"og:image:type\" content=\"image\/jpeg\" \/>\n<meta name=\"author\" content=\"user-manager\" \/>\n<meta name=\"twitter:card\" content=\"summary_large_image\" \/>\n<script type=\"application\/ld+json\" class=\"yoast-schema-graph\">{\"@context\":\"https:\\\/\\\/schema.org\",\"@graph\":[{\"@type\":\"Article\",\"@id\":\"https:\\\/\\\/www.meydan.tv\\\/az\\\/article\\\/azerbaycan-xalqini-tebrik-etmeye-deyer\\\/#article\",\"isPartOf\":{\"@id\":\"https:\\\/\\\/www.meydan.tv\\\/az\\\/article\\\/azerbaycan-xalqini-tebrik-etmeye-deyer\\\/\"},\"author\":{\"name\":\"user-manager\",\"@id\":\"https:\\\/\\\/www.meydan.tv\\\/az\\\/#\\\/schema\\\/person\\\/10d11eccf6da3662cf5fdab9806ea91a\"},\"headline\":\"Az\u0259rbaycan xalq\u0131n\u0131 &#8221;t\u0259brik&#8221; etm\u0259y\u0259 d\u0259y\u0259r!\",\"datePublished\":\"2016-07-18T23:13:31+00:00\",\"mainEntityOfPage\":{\"@id\":\"https:\\\/\\\/www.meydan.tv\\\/az\\\/article\\\/azerbaycan-xalqini-tebrik-etmeye-deyer\\\/\"},\"wordCount\":749,\"publisher\":{\"@id\":\"https:\\\/\\\/www.meydan.tv\\\/az\\\/#organization\"},\"image\":{\"@id\":\"https:\\\/\\\/www.meydan.tv\\\/az\\\/article\\\/azerbaycan-xalqini-tebrik-etmeye-deyer\\\/#primaryimage\"},\"thumbnailUrl\":\"https:\\\/\\\/www.meydan.tv\\\/wp-content\\\/uploads\\\/19434.jpg\",\"articleSection\":[\"Analitika\"],\"inLanguage\":\"az\"},{\"@type\":\"WebPage\",\"@id\":\"https:\\\/\\\/www.meydan.tv\\\/az\\\/article\\\/azerbaycan-xalqini-tebrik-etmeye-deyer\\\/\",\"url\":\"https:\\\/\\\/www.meydan.tv\\\/az\\\/article\\\/azerbaycan-xalqini-tebrik-etmeye-deyer\\\/\",\"name\":\"Az\u0259rbaycan xalq\u0131n\u0131 ''t\u0259brik'' etm\u0259y\u0259 d\u0259y\u0259r! - MEYDAN.TV\",\"isPartOf\":{\"@id\":\"https:\\\/\\\/www.meydan.tv\\\/az\\\/#website\"},\"primaryImageOfPage\":{\"@id\":\"https:\\\/\\\/www.meydan.tv\\\/az\\\/article\\\/azerbaycan-xalqini-tebrik-etmeye-deyer\\\/#primaryimage\"},\"image\":{\"@id\":\"https:\\\/\\\/www.meydan.tv\\\/az\\\/article\\\/azerbaycan-xalqini-tebrik-etmeye-deyer\\\/#primaryimage\"},\"thumbnailUrl\":\"https:\\\/\\\/www.meydan.tv\\\/wp-content\\\/uploads\\\/19434.jpg\",\"datePublished\":\"2016-07-18T23:13:31+00:00\",\"breadcrumb\":{\"@id\":\"https:\\\/\\\/www.meydan.tv\\\/az\\\/article\\\/azerbaycan-xalqini-tebrik-etmeye-deyer\\\/#breadcrumb\"},\"inLanguage\":\"az\",\"potentialAction\":[{\"@type\":\"ReadAction\",\"target\":[\"https:\\\/\\\/www.meydan.tv\\\/az\\\/article\\\/azerbaycan-xalqini-tebrik-etmeye-deyer\\\/\"]}]},{\"@type\":\"ImageObject\",\"inLanguage\":\"az\",\"@id\":\"https:\\\/\\\/www.meydan.tv\\\/az\\\/article\\\/azerbaycan-xalqini-tebrik-etmeye-deyer\\\/#primaryimage\",\"url\":\"https:\\\/\\\/www.meydan.tv\\\/wp-content\\\/uploads\\\/19434.jpg\",\"contentUrl\":\"https:\\\/\\\/www.meydan.tv\\\/wp-content\\\/uploads\\\/19434.jpg\",\"width\":960,\"height\":960,\"caption\":\"Source:\"},{\"@type\":\"BreadcrumbList\",\"@id\":\"https:\\\/\\\/www.meydan.tv\\\/az\\\/article\\\/azerbaycan-xalqini-tebrik-etmeye-deyer\\\/#breadcrumb\",\"itemListElement\":[{\"@type\":\"ListItem\",\"position\":1,\"name\":\"Ana s\u0259hif\u0259\",\"item\":\"https:\\\/\\\/www.meydan.tv\\\/az\\\/\"},{\"@type\":\"ListItem\",\"position\":2,\"name\":\"Analitika\",\"item\":\"https:\\\/\\\/www.meydan.tv\\\/az\\\/section\\\/analitika\\\/\"},{\"@type\":\"ListItem\",\"position\":3,\"name\":\"Az\u0259rbaycan xalq\u0131n\u0131 &#8221;t\u0259brik&#8221; etm\u0259y\u0259 d\u0259y\u0259r!\"}]},{\"@type\":\"WebSite\",\"@id\":\"https:\\\/\\\/www.meydan.tv\\\/az\\\/#website\",\"url\":\"https:\\\/\\\/www.meydan.tv\\\/az\\\/\",\"name\":\"MEYDAN.TV\",\"description\":\"Meydan TV Az\u0259rbaycan\u0131n media m\u0259kan\u0131ndak\u0131 alternativ s\u0259sidir\",\"publisher\":{\"@id\":\"https:\\\/\\\/www.meydan.tv\\\/az\\\/#organization\"},\"potentialAction\":[{\"@type\":\"SearchAction\",\"target\":{\"@type\":\"EntryPoint\",\"urlTemplate\":\"https:\\\/\\\/www.meydan.tv\\\/az\\\/?s={search_term_string}\"},\"query-input\":{\"@type\":\"PropertyValueSpecification\",\"valueRequired\":true,\"valueName\":\"search_term_string\"}}],\"inLanguage\":\"az\"},{\"@type\":\"Organization\",\"@id\":\"https:\\\/\\\/www.meydan.tv\\\/az\\\/#organization\",\"name\":\"Meydan TV\",\"url\":\"https:\\\/\\\/www.meydan.tv\\\/az\\\/\",\"logo\":{\"@type\":\"ImageObject\",\"inLanguage\":\"az\",\"@id\":\"https:\\\/\\\/www.meydan.tv\\\/az\\\/#\\\/schema\\\/logo\\\/image\\\/\",\"url\":\"https:\\\/\\\/www.meydan.tv\\\/wp-content\\\/uploads\\\/2021\\\/07\\\/meydan-logo.svg\",\"contentUrl\":\"https:\\\/\\\/www.meydan.tv\\\/wp-content\\\/uploads\\\/2021\\\/07\\\/meydan-logo.svg\",\"width\":195,\"height\":46,\"caption\":\"Meydan TV\"},\"image\":{\"@id\":\"https:\\\/\\\/www.meydan.tv\\\/az\\\/#\\\/schema\\\/logo\\\/image\\\/\"}},{\"@type\":\"Person\",\"@id\":\"https:\\\/\\\/www.meydan.tv\\\/az\\\/#\\\/schema\\\/person\\\/10d11eccf6da3662cf5fdab9806ea91a\",\"name\":\"user-manager\"}]}<\/script>\n<!-- \/ Yoast SEO plugin. -->","yoast_head_json":{"title":"Az\u0259rbaycan xalq\u0131n\u0131 ''t\u0259brik'' etm\u0259y\u0259 d\u0259y\u0259r! - MEYDAN.TV","robots":{"index":"index","follow":"follow","max-snippet":"max-snippet:-1","max-image-preview":"max-image-preview:large","max-video-preview":"max-video-preview:-1"},"canonical":"https:\/\/www.meydan.tv\/az\/article\/azerbaycan-xalqini-tebrik-etmeye-deyer\/","og_locale":"az_AZ","og_type":"article","og_title":"Az\u0259rbaycan xalq\u0131n\u0131 ''t\u0259brik'' etm\u0259y\u0259 d\u0259y\u0259r! - MEYDAN.TV","og_description":"H\u0259r 5 ild\u0259n bir se\u00e7ki ke\u00e7irm\u0259yin \u0259zab-\u0259ziyy\u0259ti \u00e7ox olur","og_url":"https:\/\/www.meydan.tv\/az\/article\/azerbaycan-xalqini-tebrik-etmeye-deyer\/","og_site_name":"MEYDAN.TV","article_published_time":"2016-07-18T23:13:31+00:00","og_image":[{"width":960,"height":960,"url":"https:\/\/www.meydan.tv\/wp-content\/uploads\/19434.jpg","type":"image\/jpeg"}],"author":"user-manager","twitter_card":"summary_large_image","schema":{"@context":"https:\/\/schema.org","@graph":[{"@type":"Article","@id":"https:\/\/www.meydan.tv\/az\/article\/azerbaycan-xalqini-tebrik-etmeye-deyer\/#article","isPartOf":{"@id":"https:\/\/www.meydan.tv\/az\/article\/azerbaycan-xalqini-tebrik-etmeye-deyer\/"},"author":{"name":"user-manager","@id":"https:\/\/www.meydan.tv\/az\/#\/schema\/person\/10d11eccf6da3662cf5fdab9806ea91a"},"headline":"Az\u0259rbaycan xalq\u0131n\u0131 &#8221;t\u0259brik&#8221; etm\u0259y\u0259 d\u0259y\u0259r!","datePublished":"2016-07-18T23:13:31+00:00","mainEntityOfPage":{"@id":"https:\/\/www.meydan.tv\/az\/article\/azerbaycan-xalqini-tebrik-etmeye-deyer\/"},"wordCount":749,"publisher":{"@id":"https:\/\/www.meydan.tv\/az\/#organization"},"image":{"@id":"https:\/\/www.meydan.tv\/az\/article\/azerbaycan-xalqini-tebrik-etmeye-deyer\/#primaryimage"},"thumbnailUrl":"https:\/\/www.meydan.tv\/wp-content\/uploads\/19434.jpg","articleSection":["Analitika"],"inLanguage":"az"},{"@type":"WebPage","@id":"https:\/\/www.meydan.tv\/az\/article\/azerbaycan-xalqini-tebrik-etmeye-deyer\/","url":"https:\/\/www.meydan.tv\/az\/article\/azerbaycan-xalqini-tebrik-etmeye-deyer\/","name":"Az\u0259rbaycan xalq\u0131n\u0131 ''t\u0259brik'' etm\u0259y\u0259 d\u0259y\u0259r! - MEYDAN.TV","isPartOf":{"@id":"https:\/\/www.meydan.tv\/az\/#website"},"primaryImageOfPage":{"@id":"https:\/\/www.meydan.tv\/az\/article\/azerbaycan-xalqini-tebrik-etmeye-deyer\/#primaryimage"},"image":{"@id":"https:\/\/www.meydan.tv\/az\/article\/azerbaycan-xalqini-tebrik-etmeye-deyer\/#primaryimage"},"thumbnailUrl":"https:\/\/www.meydan.tv\/wp-content\/uploads\/19434.jpg","datePublished":"2016-07-18T23:13:31+00:00","breadcrumb":{"@id":"https:\/\/www.meydan.tv\/az\/article\/azerbaycan-xalqini-tebrik-etmeye-deyer\/#breadcrumb"},"inLanguage":"az","potentialAction":[{"@type":"ReadAction","target":["https:\/\/www.meydan.tv\/az\/article\/azerbaycan-xalqini-tebrik-etmeye-deyer\/"]}]},{"@type":"ImageObject","inLanguage":"az","@id":"https:\/\/www.meydan.tv\/az\/article\/azerbaycan-xalqini-tebrik-etmeye-deyer\/#primaryimage","url":"https:\/\/www.meydan.tv\/wp-content\/uploads\/19434.jpg","contentUrl":"https:\/\/www.meydan.tv\/wp-content\/uploads\/19434.jpg","width":960,"height":960,"caption":"Source:"},{"@type":"BreadcrumbList","@id":"https:\/\/www.meydan.tv\/az\/article\/azerbaycan-xalqini-tebrik-etmeye-deyer\/#breadcrumb","itemListElement":[{"@type":"ListItem","position":1,"name":"Ana s\u0259hif\u0259","item":"https:\/\/www.meydan.tv\/az\/"},{"@type":"ListItem","position":2,"name":"Analitika","item":"https:\/\/www.meydan.tv\/az\/section\/analitika\/"},{"@type":"ListItem","position":3,"name":"Az\u0259rbaycan xalq\u0131n\u0131 &#8221;t\u0259brik&#8221; etm\u0259y\u0259 d\u0259y\u0259r!"}]},{"@type":"WebSite","@id":"https:\/\/www.meydan.tv\/az\/#website","url":"https:\/\/www.meydan.tv\/az\/","name":"MEYDAN.TV","description":"Meydan TV Az\u0259rbaycan\u0131n media m\u0259kan\u0131ndak\u0131 alternativ s\u0259sidir","publisher":{"@id":"https:\/\/www.meydan.tv\/az\/#organization"},"potentialAction":[{"@type":"SearchAction","target":{"@type":"EntryPoint","urlTemplate":"https:\/\/www.meydan.tv\/az\/?s={search_term_string}"},"query-input":{"@type":"PropertyValueSpecification","valueRequired":true,"valueName":"search_term_string"}}],"inLanguage":"az"},{"@type":"Organization","@id":"https:\/\/www.meydan.tv\/az\/#organization","name":"Meydan TV","url":"https:\/\/www.meydan.tv\/az\/","logo":{"@type":"ImageObject","inLanguage":"az","@id":"https:\/\/www.meydan.tv\/az\/#\/schema\/logo\/image\/","url":"https:\/\/www.meydan.tv\/wp-content\/uploads\/2021\/07\/meydan-logo.svg","contentUrl":"https:\/\/www.meydan.tv\/wp-content\/uploads\/2021\/07\/meydan-logo.svg","width":195,"height":46,"caption":"Meydan TV"},"image":{"@id":"https:\/\/www.meydan.tv\/az\/#\/schema\/logo\/image\/"}},{"@type":"Person","@id":"https:\/\/www.meydan.tv\/az\/#\/schema\/person\/10d11eccf6da3662cf5fdab9806ea91a","name":"user-manager"}]}},"_links":{"self":[{"href":"https:\/\/www.meydan.tv\/az\/wp-json\/wp\/v2\/posts\/177541","targetHints":{"allow":["GET"]}}],"collection":[{"href":"https:\/\/www.meydan.tv\/az\/wp-json\/wp\/v2\/posts"}],"about":[{"href":"https:\/\/www.meydan.tv\/az\/wp-json\/wp\/v2\/types\/post"}],"author":[{"embeddable":true,"href":"https:\/\/www.meydan.tv\/az\/wp-json\/wp\/v2\/users\/11"}],"replies":[{"embeddable":true,"href":"https:\/\/www.meydan.tv\/az\/wp-json\/wp\/v2\/comments?post=177541"}],"version-history":[{"count":0,"href":"https:\/\/www.meydan.tv\/az\/wp-json\/wp\/v2\/posts\/177541\/revisions"}],"wp:featuredmedia":[{"embeddable":true,"href":"https:\/\/www.meydan.tv\/az\/wp-json\/wp\/v2\/media\/51524"}],"wp:attachment":[{"href":"https:\/\/www.meydan.tv\/az\/wp-json\/wp\/v2\/media?parent=177541"}],"wp:term":[{"taxonomy":"category","embeddable":true,"href":"https:\/\/www.meydan.tv\/az\/wp-json\/wp\/v2\/categories?post=177541"},{"taxonomy":"post_tag","embeddable":true,"href":"https:\/\/www.meydan.tv\/az\/wp-json\/wp\/v2\/tags?post=177541"}],"curies":[{"name":"wp","href":"https:\/\/api.w.org\/{rel}","templated":true}]}}