{"id":177530,"date":"2016-07-18T19:43:06","date_gmt":"2016-07-18T19:43:06","guid":{"rendered":"https:\/\/www.meydan.tv\/article\/turkiyede-bas-verenlerin-azerbaycanda-eks-sedasi-olacaqmi\/"},"modified":"2016-07-18T19:43:06","modified_gmt":"2016-07-18T19:43:06","slug":"turkiyede-bas-verenlerin-azerbaycanda-eks-sedasi-olacaqmi","status":"publish","type":"post","link":"https:\/\/www.meydan.tv\/az\/article\/turkiyede-bas-verenlerin-azerbaycanda-eks-sedasi-olacaqmi\/","title":{"rendered":"T\u00fcrkiy\u0259d\u0259 ba\u015f ver\u0259nl\u0259rin Az\u0259rbaycanda \u0259ks-s\u0259das\u0131 olacaqm\u0131?"},"content":{"rendered":"<figure class=\"wp-block-image size-large\">\n  <img decoding=\"async\" src=\"https:\/\/www.meydan.tv\/az\/62816\/\" alt=\"\" class=\"wp-image-62816\"\/><figcaption><\/figcaption><\/figure>\n<figure class=\"wp-block-image size-large\">\n  <img decoding=\"async\" src=\"https:\/\/www.meydan.tv\/az\/62822\/\" alt=\"\" class=\"wp-image-62822\"\/><figcaption><\/figcaption><\/figure>\n<p>\n  H\u0259r iki \u00f6lk\u0259d\u0259 ciddi prosesl\u0259r AB\u015e prezident se\u00e7kil\u0259rind\u0259n sonra ba\u015flayacaq\n<\/p>\n<p>\n  T\u00fcrkiy\u0259d\u0259ki son olaylar s\u00fcbuta yetirdi ki, art\u0131q bundan sonrak\u0131 hadis\u0259l\u0259rin s\u00fckutla davam ed\u0259c\u0259yi imkans\u0131zd\u0131r. G\u00f6r\u00fcn\u0259n budur ki, \u00f6lk\u0259 iki bar\u0131\u015fmaz d\u00fc\u015f\u0259rg\u0259y\u0259 b\u00f6l\u00fcn\u00fcb v\u0259 art\u0131q c\u0259miyy\u0259ti birl\u0259\u015fdirm\u0259k m\u00fcmk\u00fcn olmayacaq. D\u00fc\u015f\u00fcnc\u0259d\u0259, dini bax\u0131\u015flarda, h\u0259tta iqtisadi maraqlarda da par\u00e7alanma d\u0259rinl\u0259\u015fm\u0259kd\u0259dir. \u015e\u0259rti olaraq, AB\u015e v\u0259 Rusya t\u0259r\u0259fdarlar\u0131 olan maliyy\u0259\u00e7il\u0259r v\u0259 i\u015f adamlar\u0131 aras\u0131nda se\u00e7im etm\u0259k laz\u0131m g\u0259l\u0259c\u0259k. \u00d6lk\u0259 xarici siyas\u0259td\u0259 d\u0259 se\u00e7im etm\u0259y\u0259 m\u0259cbur olacaq. Lakin bu se\u00e7im d\u0259 \u00f6lk\u0259ni par\u00e7alanmadan xilas etm\u0259k iqtidar\u0131nda deyil. M\u0259s\u0259l\u0259 ondad\u0131r ki, AB\u015e v\u0259 Rusiya \u018frdo\u011fan\u0131n hakimiyy\u0259td\u0259n getm\u0259sind\u0259n daha \u00e7ox, onu \u00f6zl\u0259rin\u0259 n\u00f6k\u0259r etm\u0259k ist\u0259yir. Bel\u0259 ki, &#8220;n\u00f6k\u0259r \u018frdo\u011fan&#8221; ham\u0131ya s\u0259rf edir.\n<\/p>\n<p>\n  Haz\u0131rda Rusiya v\u0259 Amerika \u018frdo\u011fan\u0131 tamamil\u0259 ram etm\u0259k niyy\u0259tind\u0259dir. \u00c7evrili\u015f \u015fousundan g\u00fccl\u00fc \u00e7\u0131xan \u018frdo\u011fan perspektivd\u0259 xeyli z\u0259ifl\u0259yib v\u0259 n\u00f6vb\u0259ti m\u0259rh\u0259l\u0259d\u0259 onu a\u011f\u0131r s\u0131naqlar g\u00f6zl\u0259yir. Rus analitikl\u0259ri hesab edirl\u0259r ki, \u018frdo\u011fan NATO il\u0259 m\u00fcnasib\u0259tl\u0259rini art\u0131q tamamil\u0259 korlad\u0131 v\u0259 \u00e7evrili\u015f c\u0259hdini Va\u015finqtona ba\u011f\u0131\u015flamayacaq. D\u00fczd\u00fcr, \u018frdo\u011fan T\u00fcrkiy\u0259d\u0259 ba\u015f ver\u0259n son hadis\u0259l\u0259r\u0259 g\u00f6r\u0259 birba\u015fa Va\u015finqtonu ittiham ed\u0259 bilm\u0259di. Prosesl\u0259rin ba\u015f\u0131nda &#8220;Pensinvaliyal\u0131 zat&#8221;\u0131n durdu\u011funu v\u0259 &#8220;niy\u0259 onu biz t\u0259slim etmirsiniz&#8221; mesaj\u0131n\u0131 verm\u0259kl\u0259 kifay\u0259tl\u0259ndi. \u0130st\u0259nil\u0259n halda, g\u00f6r\u00fcn\u0259n budur ki, \u018frdo\u011fan Q\u0259rbl\u0259 m\u00fcnasib\u0259tl\u0259ri korlamaq \u00fczr\u0259dir. Rusiya K\u0130V-d\u0259 ictimai r\u0259yi bel\u0259 bir fikr\u0259 y\u00f6n\u0259ldir &#8211; Rusiyan\u0131n &#8220;Su-24&#8221; q\u0131r\u0131c\u0131s\u0131 \u018frdo\u011fan\u0131n \u0259mri il\u0259 deyil, h\u0259rbi \u00e7evrili\u015f t\u0259r\u0259fdar\u0131 olan h\u0259rb\u00e7il\u0259rin t\u0259\u015f\u0259bb\u00fcs\u00fc il\u0259 vurulub. Kreml Rusiyada ya\u015fayan t\u00fcrkl\u0259ri birl\u0259\u015fdirm\u0259k c\u0259hdind\u0259 bulunan F\u0259tullah G\u00fcl\u0259nl\u0259 m\u00fcqayis\u0259d\u0259 \u018frdo\u011fanla \u0259m\u0259kda\u015fl\u0131\u011fa \u00fcst\u00fcnl\u00fck verir. Dig\u0259r t\u0259r\u0259fd\u0259n, bir n\u00fcans \u00e7ox ayd\u0131n g\u00f6r\u00fcn\u00fcr: hadis\u0259l\u0259r z\u0259nciri \u018frdo\u011fan\u0131n Rusiya Federasiyas\u0131 v\u0259 b\u00fct\u00fcn \u015f\u0259rq bloku il\u0259 m\u00fcnasib\u0259tl\u0259rinin korlanmas\u0131na y\u00f6n\u0259lmi\u015fdi. Avropa \u00f6lk\u0259l\u0259rinin parlamentl\u0259ri t\u0259r\u0259find\u0259n q\u0259fild\u0259n q\u0259bul edilmi\u015f &#8220;erm\u0259ni soyq\u0131r\u0131m\u0131&#8221; bar\u0259d\u0259 q\u0259tnam\u0259l\u0259r, m\u0259qs\u0259dy\u00f6nl\u00fc naraz\u0131l\u0131qlar v\u0259 avropal\u0131lardak\u0131 t\u00fcrkofobiya v\u0259 islamafobiya \u018frdo\u011fan\u0131 Rusiyaya y\u00f6n\u0259ld\u0259 bil\u0259rdi. B\u00fct\u00fcn bu add\u0131mlar a\u00e7\u0131q-a\u015fkar \u018frdo\u011fana qar\u015f\u0131 ard\u0131c\u0131l t\u0259zyiq m\u0259rh\u0259l\u0259l\u0259ridir. G\u00f6r\u00fcn\u0131n budur ki, yaln\u0131z T\u00fcrkiy\u0259 deyil, b\u00fct\u00fcn b\u00f6lg\u0259 yeni m\u00fcharib\u0259nin e\u015fiyind\u0259dir. Lakin he\u00e7 bir halda, \u018frdo\u011fan NATO-dan imtina ed\u0259 bilm\u0259z. Bu imtinaya \u0259n ki\u00e7ik c\u0259hd \u018frdo\u011fan hakimiyy\u0259tinin sonunu g\u0259tir\u0259rdi. Va\u015finqton \u0130ncirlik bazas\u0131n\u0131n ba\u011flanmas\u0131n\u0131 v\u0259 ya Ankaran\u0131n Avroatlantik alyansdan uzaqla\u015fmas\u0131n\u0131 \u018frdo\u011fana g\u00fcz\u0259\u015ft\u0259 ged\u0259 bilm\u0259z. \u018frdo\u011fan bel\u0259 q\u0259rar vers\u0259, \u00f6z\u00fc bar\u0259d\u0259 &#8220;edam h\u00f6km\u00fc&#8221; imzalam\u0131\u015f olacaq.\n<\/p>\n<p>\n  Maraql\u0131d\u0131r ki, iyulun 14-d\u0259 Putinin \u0259sas ideoloqlar\u0131ndan olan Duqin Ankarada g\u00f6r\u00fc\u015fl\u0259r ke\u00e7irirdi. Avrasiya doktrinisan\u0131n m\u00fc\u0259llifi olan Duqinin s\u0259f\u0259rind\u0259 m\u0259qs\u0259d Ankara \u2013 AB\u015e m\u00fcnasib\u0259tl\u0259rini korlamaq c\u0259hdind\u0259n ba\u015fqa n\u0259sn\u0259 deyildi. Haz\u0131rda \u018frdo\u011fan Rusiya \u2013 AB\u015e sava\u015f\u0131ndan \u00f6z m\u0259nafeyi \u00fc\u00e7\u00fcn istifad\u0259 etm\u0259y\u0259 \u00e7al\u0131\u015f\u0131r. T\u00fcrkiy\u0259 prezidenti Va\u015finqtona mesaj verir ki, \u0259g\u0259r ona qar\u015f\u0131 t\u0259zyiql\u0259r artsa, Ankara Moskva il\u0259 yax\u0131nla\u015fa bil\u0259r. Moskva is\u0259 Ankaradan Suriya m\u0259s\u0259l\u0259sind\u0259 m\u00f6vqeyini d\u0259yi\u015fdirm\u0259yi, \u018fs\u0259d\u0259 qar\u015f\u0131 sava\u015fan islam\u00e7\u0131 t\u0259\u015fkilatlara qar\u015f\u0131 \u00e7\u0131xma\u011f\u0131 t\u0259l\u0259b edir. \u018frdo\u011fan Rusiyan\u0131n bu \u015f\u0259rtl\u0259rini q\u0259bul ed\u0259c\u0259ks\u0259, elektorat\u0131nda ciddi par\u00e7alanma ya\u015fanacaq. Lakin \u018frdo\u011fan t\u0259r\u0259find\u0259n bu \u015f\u0259rtl\u0259r q\u0259bul olunmazsa, AB\u015e t\u0259r\u0259fdarlar\u0131 v\u0259 T\u00fcrkiy\u0259 prezidentin\u0259 yax\u0131nl\u0131\u011f\u0131 il\u0259 se\u00e7il\u0259n maliyy\u0259 qruplar\u0131 aras\u0131nda qar\u015f\u0131durma g\u00fccl\u0259n\u0259 bil\u0259r. Bel\u0259 ssenari d\u0259 \u018frdo\u011fan hakimiyy\u0259tinin z\u0259ifl\u0259m\u0259sinin s\u0259b\u0259bi olacaq. B\u00fct\u00fcn bunlar fonunda \u0130ran\u0131n son hadis\u0259l\u0259rd\u0259ki t\u0259siri diqq\u0259td\u0259n qa\u00e7\u0131r. Son 12 ild\u0259 \u0130ran k\u0259\u015ffiyyat\u0131 T\u00fcrkiy\u0259d\u0259 g\u00fccl\u00fc i\u015f apar\u0131b v\u0259 son olaylar zaman\u0131 Tehran\u0131n prosesl\u0259rd\u0259 i\u015ftirak\u0131 fakt\u0131 bar\u0259d\u0259 he\u00e7 k\u0259s dan\u0131\u015fmaq ist\u0259mir.\n<\/p>\n<p>\n  Dig\u0259r t\u0259r\u0259fd\u0259n, \u0130ran\u0131n agentura \u015f\u0259b\u0259k\u0259sind\u0259 \u0259sas fiqurlardan say\u0131lan Rza Z\u0259rrab da haz\u0131rda AB\u015e-da ya\u015fay\u0131r v\u0259 maraql\u0131d\u0131r ki, Tehran ona qar\u015f\u0131 he\u00e7 bir \u0259m\u0259liyyatda bulunmur. \u018fn maraql\u0131s\u0131 odur ki, Rza Z\u0259rrab h\u0259l\u0259 &#8220;oyuna&#8221; ba\u015flamay\u0131b. Ehtimal etm\u0259k olar ki, \u0259g\u0259r \u018frdo\u011fan NATO- dan \u00fcz\u00fcl\u00fc\u015fm\u0259k \u015fantaj\u0131n\u0131 davam ed\u0259rs\u0259, Suriya m\u0259s\u0259l\u0259sind\u0259 Va\u015finqtonun maraqlar\u0131na qar\u015f\u0131 g\u0259l\u0259rs\u0259, Rza Z\u0259rrab \u015fok a\u00e7\u0131qlamalar\u0131n\u0131 \u0259n y\u00fcks\u0259k s\u0259viyy\u0259d\u0259 s\u0259sl\u0259ndiril\u0259c\u0259k v\u0259 \u018frdo\u011fan iqtisadi v\u0259 siyasi embarqo il\u0259 \u00fczl\u0259\u015fm\u0259li olacaq v\u0259 T\u00fcrkiy\u0259 prezidenti onu d\u0259st\u0259kl\u0259y\u0259n k\u00fctl\u0259nin \u00f6n\u00fcn\u0259 h\u0259d\u0259f kimi at\u0131lacaq. Bel\u0259 ki, \u018frdo\u011fan ail\u0259sinin \u00e7irkli pullar\u0131n\u0131 yumaqla m\u0259\u015f\u011ful olan, Az\u0259rbaycan v\u0259 \u0130ran m\u0259murlar\u0131n\u0131n da &#8220;qara kassiri&#8221; kimi tan\u0131nan Z\u0259rrab T\u00fcrkiy\u0259 prezidentinin birba\u015fa n\u0259zar\u0259tind\u0259 olan banklar\u0131n da &#8220;qara pulu&#8221;nu yumaqla m\u0259\u015f\u011ful olub v\u0259 ail\u0259nin qanunsuz biznesi bar\u0259d\u0259 konkret m\u0259lumatlara malikdir. Onun Va\u015finqtonun verdikti il\u0259 dan\u0131\u015fmas\u0131 ciddi prosesl\u0259r\u0259 s\u0259b\u0259b ola bil\u0259r.\n<\/p>\n<p>\n  Bir s\u00f6zl\u0259, \u018frdo\u011fan\u0131n manevr \u015fanslar\u0131 xeyli d\u0259r\u0259c\u0259 daral\u0131b v\u0259 g\u00f6r\u00fcn\u0259n budur ki, bir sistem xaosu ya\u015fanmaqdad\u0131r. \u018frdo\u011fan son \u00e7evrili\u015f c\u0259hdind\u0259n sonra ordunu dem\u0259k olar ki, darmada\u011f\u0131n etdi, T\u00fcrkiy\u0259nin \u015fah damar\u0131 \u0259sasl\u0131 d\u0259r\u0259c\u0259d\u0259 z\u0259ifl\u0259di. G\u00f6r\u00fcn\u0259n budur ki, \u018frdo\u011fan\u0131n qiyam bar\u0259d\u0259 m\u0259lumat\u0131 \u00f6nc\u0259d\u0259n olub v\u0259 odur ki, haql\u0131 sual yaran\u0131r. Niy\u0259 qiyama r\u0259hb\u0259rlik ed\u0259nl\u0259r \u00f6nc\u0259d\u0259n z\u0259r\u0259rsizl\u0259\u015fdirilm\u0259di? Tanklar\u0131n k\u00fc\u00e7\u0259l\u0259r\u0259 \u00e7\u0131xmas\u0131na niy\u0259 imkan verildi? \u0130lk bax\u0131\u015fdan bel\u0259 g\u00f6r\u00fcn\u00fcr ki, \u018frdo\u011fan \u00f6z s\u0259lahiyy\u0259tl\u0259rini geni\u015fl\u0259ndirm\u0259k v\u0259 siyasi m\u00fcxalif\u0259ti cilovlamaq \u00fc\u00e7\u00fcn h\u0259rbi \u00e7evrili\u015f oyunundan istifad\u0259 etm\u0259k ist\u0259yib v\u0259 son anda v\u0259ziyy\u0259tin n\u0259zar\u0259td\u0259n \u00e7\u0131xa bil\u0259c\u0259yinind\u0259n ehtiyat edib. Lakin T\u00fcrkiy\u0259d\u0259 art\u0131q diktaturan\u0131n yaranmas\u0131 qorxusu var v\u0259 \u00f6l\u00fcm h\u00f6km\u00fcn\u00fcn b\u0259rpas\u0131 \u00e7a\u011f\u0131r\u0131\u015flar\u0131 Ankaran\u0131n Avropa qurumlar\u0131ndan \u00e7\u0131xar\u0131lmas\u0131 il\u0259 sonuclana bil\u0259r. Qiyam\u0131 yat\u0131ran \u018frdo\u011fan b\u00fct\u00fcn r\u0259qibl\u0259rin\u0259 &#8220;sakitl\u0259\u015fdirici k\u00f6yn\u0259k&#8221; geyindirm\u0259k niyy\u0259tind\u0259dir.\n<\/p>\n<p>\n  \u018frdo\u011fan t\u0259r\u0259fdarlar\u0131n\u0131n arqumenti bundan ibar\u0259tdir ki, onu xalq se\u00e7ib v\u0259 ist\u0259diyi add\u0131m\u0131 atma\u011fa mandat verib. Qiyam c\u0259hdi, \u0259lb\u0259tt\u0259 ki, pisl\u0259nm\u0259lidir. Lakin &#8220;onu xalq se\u00e7ib&#8221; arqumenti xeyli d\u0259r\u0259c\u0259d\u0259 z\u0259ifdir v\u0259 demokratiyan\u0131n m\u00f6vcud oldu\u011fu c\u0259miyy\u0259tl\u0259rd\u0259 bel\u0259 fikirl\u0259rd\u0259n istifad\u0259 olunmur. \u00dcmumiyy\u0259tl\u0259, qeyd etm\u0259k laz\u0131md\u0131r ki, demokratiya t\u0259kc\u0259 v\u0259 sad\u0259c\u0259, se\u00e7kil\u0259r deyil, h\u0259m d\u0259 insan h\u00fcququdur, azl\u0131\u011f\u0131n h\u00fcququdur, \u0259dal\u0259tin diktaturas\u0131, ifad\u0259 v\u0259 birl\u0259\u015fm\u0259 azadl\u0131\u011f\u0131d\u0131r. \u018fg\u0259r azadl\u0131qlar s\u0131x\u0131\u015fd\u0131r\u0131l\u0131rsa, m\u00fczakir\u0259l\u0259r v\u0259 informasiyalar repressiyaya g\u0259tirib \u00e7\u0131xar\u0131rsa, onda insanlar\u0131n s\u0259sverm\u0259si h\u0259l\u0259 demokratiya v\u0259 \u0259dal\u0259t dem\u0259k deyil.\u00a0Demokratiya azl\u0131\u011f\u0131n h\u00fcquqlar\u0131na h\u00f6rm\u0259tl\u0259 yana\u015fma\u011f\u0131 t\u0259l\u0259b edir. T\u00fcrkiy\u0259d\u0259 is\u0259 \u018frdo\u011fana qar\u015f\u0131 \u00e7\u0131xanlar\u0131n v\u0259 buna g\u00f6r\u0259 c\u0259zaland\u0131r\u0131lanlar\u0131n say\u0131 y\u00fcz minl\u0259rl\u0259 \u00f6l\u00e7\u00fcl\u00fcr. \u018fn ac\u0131nacaql\u0131s\u0131 is\u0259 odur ki, T\u00fcrkiy\u0259 v\u0259 Az\u0259rbaycanda geosiyasi sava\u015fda s\u00f6z sahibi olacaq bir lider yoxdur, sad\u0259c\u0259, icra\u00e7\u0131lar var. Odur ki, qazananlar da oyunu k\u0259narda oynayanlar olacaq.\n<\/p>\n<p>\n  T\u00fcrkiy\u0259d\u0259ki son h\u0259rbi \u00e7evrili\u015f oyununda da arxa t\u0259r\u0259fd\u0259 duranlar qazand\u0131. Ortada milli irad\u0259 v\u0259 ya d\u0259y\u0259r dey\u0259c\u0259k bir anlay\u0131\u015f yoxdur. Cahilin irad\u0259si is\u0259 onu zombil\u0259\u015fdir\u0259nd\u0259 olur. Az\u0259rbaycan v\u0259 T\u00fcrkiy\u0259 is\u0259 zombi il\u0259 doludur, odur ki, hans\u0131sa d\u0259y\u0259rd\u0259n dan\u0131\u015fmaq da yersizdir. G\u00f6r\u00fcn\u0259n budur ki, ox\u015far prosesl\u0259r Az\u0259rbaycanda da ya\u015fana bil\u0259r. \u018fg\u0259r Rusiya v\u0259 \u0130ran Az\u0259rbaycanda da ba\u015far\u0131l\u0131 olsa, b\u00f6y\u00fck faci\u0259 ya\u015fanaca\u011f\u0131 ehtimal\u0131 b\u00f6y\u00fckd\u00fcr. D\u00fczd\u00fcr, Az\u0259rbaycanda h\u0259rbi qiyam imkans\u0131zd\u0131r. Lakin burada qar\u015f\u0131durma klanlar aras\u0131nda ya\u015fana bil\u0259r. \u0130st\u0259nil\u0259n halda, Az\u0259rbaycana geopolitik inyeksiya tarix boyunca T\u00fcrkiy\u0259 \u00fcz\u0259rind\u0259n olub. Bu bax\u0131mdan, \u018frdo\u011fan &#8220;z\u0259h\u0259rli dost&#8221;dur. Ehtimallar onu dem\u0259y\u0259 \u0259sas verir ki, T\u00fcrkiy\u0259 v\u0259 Az\u0259rbaycanda ciddi prosesl\u0259r AB\u015e-dak\u0131 prezident se\u00e7kil\u0259rind\u0259n &#8211; noyabrdan sonra ba\u015flayacaq. \u018frdo\u011fan a\u011f\u0131r durumdad\u0131r. Onun xilas\u0131 \u00e7\u0259tin olacaq. Az\u0259rbaycan r\u0259hb\u0259rliyinin is\u0259 d\u00f6vl\u0259t i\u00e7ind\u0259 olan Rusiya v\u0259 \u0130rana xidm\u0259t ed\u0259nl\u0259rin ba\u015f\u0131n\u0131 \u0259zm\u0259y\u0259 h\u0259l\u0259 vaxt\u0131 var.\n<\/p>\n<p>\n  \u018fks halda, Bak\u0131n\u0131 da Ankaran\u0131n taleyi g\u00f6zl\u0259y\u0259 bil\u0259r. T\u00fcrkiy\u0259 siyasi sistemi AB\u015e t\u0259r\u0259find\u0259n dizayn edilib. \u018fg\u0259r \u018frdo\u011fan daxili v\u0259 xarici siyas\u0259td\u0259 k\u00f6kl\u00fc d\u0259yi\u015fiklik etm\u0259y\u0259 c\u0259hd g\u00f6st\u0259rs\u0259, yeni h\u0259rbi \u00e7evrili\u015f v\u0259 ya sui-q\u0259sd qa\u00e7\u0131lmaz olacaq. Bu g\u00fcn \u018frdo\u011fan\u0131n \u0259traf\u0131 eyforiya ya\u015fay\u0131r. Lakin b\u00f6lg\u0259d\u0259 \u0130\u015e\u0130D, Suriya, \u0130ran, Ukrayna kimi h\u0259ll olunmam\u0131\u015f probleml\u0259r m\u00f6vcuddur. Son hadis\u0259l\u0259r \u018frdo\u011fan \u00fc\u00e7\u00fcn reytinq oldu. Amma \u00f6lk\u0259 ictimai r\u0259yi 50-50-y\u0259 b\u00f6l\u00fcn\u00fcb v\u0259 eyforiya il\u0259 uzun m\u00fcdd\u0259t ya\u015famaq m\u00fcmk\u00fcn olmayacaq. Prosesin taleyi \u00f6lk\u0259 daxilind\u0259 deyil, xaricind\u0259 h\u0259ll edil\u0259c\u0259k. \u018frdo\u011fan siyasi karyeras\u0131n\u0131n \u0259n a\u011f\u0131r s\u0131na\u011f\u0131n\u0131 ya\u015fay\u0131r. B\u00fct\u00fcn mahiyy\u0259ti il\u0259 praqmatik siyas\u0259t\u00e7i olan v\u0259 Nikkolo Makiavellini h\u0259r add\u0131mda t\u0259qlid ed\u0259n \u018frdo\u011fan siyasi h\u0259yat\u0131 boyunca din\u00e7i, liberal, sosial-demokrat kimi qiyaf\u0259l\u0259r\u0259 b\u00fcr\u00fcn\u00fcb.\n<\/p>\n<p>\n  \u018frdo\u011fan a\u011f\u0131ll\u0131, \u00e7evik siyas\u0259t\u00e7idir. Lakin idealist deyil. \u0130deya da\u015f\u0131y\u0131c\u0131s\u0131 deyil. S\u0131rf siyasi maraqlar\u0131 n\u0259z\u0259r\u0259 alan g\u00fccl\u00fc siyasi xadimdir. R\u0259qibl\u0259rini \u0259zm\u0259k onu maksimalist edib. Lakin art\u0131q limit bitir. \u018frdo\u011fan ya \u00f6z\u00fcnd\u0259n sonra T\u00fcrkiy\u0259 c\u0259miyy\u0259ti \u00fc\u00e7\u00fcn miras olaraq, par\u00e7alanm\u0131\u015f \u00f6lk\u0259, m\u0259zh\u0259b v\u0259 v\u0259t\u0259nda\u015f sava\u015f\u0131, da\u011f\u0131d\u0131lm\u0131\u015f iqtisadiyyat qoyub ged\u0259c\u0259k, ya da vaxt\u0131nda siyasi hakimiyy\u0259td\u0259n v\u0259 siyas\u0259td\u0259n getm\u0259yin \u00f6n\u0259mini anlayaraq, \u00f6z komandas\u0131ndan olan varisini elan ed\u0259c\u0259k&#8230;<\/p>\n","protected":false},"excerpt":{"rendered":"<p>H\u0259r iki \u00f6lk\u0259d\u0259 ciddi prosesl\u0259r AB\u015e prezident se\u00e7kil\u0259rind\u0259n sonra ba\u015flayacaq<\/p>\n","protected":false},"author":11,"featured_media":62816,"comment_status":"closed","ping_status":"open","sticky":false,"template":"","format":"standard","meta":{"_acf_changed":false,"_sitemap_exclude":false,"_sitemap_priority":"","_sitemap_frequency":"","footnotes":""},"categories":[51],"tags":[],"class_list":["post-177530","post","type-post","status-publish","format-standard","has-post-thumbnail","hentry","category-analitika","infinite-scroll-item","generate-columns","tablet-grid-50","mobile-grid-100","grid-parent","grid-33","no-featured-image-padding"],"acf":[],"yoast_head":"<!-- This site is optimized with the Yoast SEO plugin v27.5 - https:\/\/yoast.com\/product\/yoast-seo-wordpress\/ -->\n<title>T\u00fcrkiy\u0259d\u0259 ba\u015f ver\u0259nl\u0259rin Az\u0259rbaycanda \u0259ks-s\u0259das\u0131 olacaqm\u0131? - MEYDAN.TV<\/title>\n<meta name=\"robots\" content=\"index, follow, max-snippet:-1, max-image-preview:large, max-video-preview:-1\" \/>\n<link rel=\"canonical\" href=\"https:\/\/www.meydan.tv\/az\/article\/turkiyede-bas-verenlerin-azerbaycanda-eks-sedasi-olacaqmi\/\" \/>\n<meta property=\"og:locale\" content=\"az_AZ\" \/>\n<meta property=\"og:type\" content=\"article\" \/>\n<meta property=\"og:title\" content=\"T\u00fcrkiy\u0259d\u0259 ba\u015f ver\u0259nl\u0259rin Az\u0259rbaycanda \u0259ks-s\u0259das\u0131 olacaqm\u0131? - MEYDAN.TV\" \/>\n<meta property=\"og:description\" content=\"H\u0259r iki \u00f6lk\u0259d\u0259 ciddi prosesl\u0259r AB\u015e prezident se\u00e7kil\u0259rind\u0259n sonra ba\u015flayacaq\" \/>\n<meta property=\"og:url\" content=\"https:\/\/www.meydan.tv\/az\/article\/turkiyede-bas-verenlerin-azerbaycanda-eks-sedasi-olacaqmi\/\" \/>\n<meta property=\"og:site_name\" content=\"MEYDAN.TV\" \/>\n<meta property=\"article:published_time\" content=\"2016-07-18T19:43:06+00:00\" \/>\n<meta property=\"og:image\" content=\"https:\/\/www.meydan.tv\/wp-content\/uploads\/23932.jpg\" \/>\n\t<meta property=\"og:image:width\" content=\"500\" \/>\n\t<meta property=\"og:image:height\" content=\"304\" \/>\n\t<meta property=\"og:image:type\" content=\"image\/jpeg\" \/>\n<meta name=\"author\" content=\"user-manager\" \/>\n<meta name=\"twitter:card\" content=\"summary_large_image\" \/>\n<script type=\"application\/ld+json\" class=\"yoast-schema-graph\">{\"@context\":\"https:\\\/\\\/schema.org\",\"@graph\":[{\"@type\":\"Article\",\"@id\":\"https:\\\/\\\/www.meydan.tv\\\/az\\\/article\\\/turkiyede-bas-verenlerin-azerbaycanda-eks-sedasi-olacaqmi\\\/#article\",\"isPartOf\":{\"@id\":\"https:\\\/\\\/www.meydan.tv\\\/az\\\/article\\\/turkiyede-bas-verenlerin-azerbaycanda-eks-sedasi-olacaqmi\\\/\"},\"author\":{\"name\":\"user-manager\",\"@id\":\"https:\\\/\\\/www.meydan.tv\\\/az\\\/#\\\/schema\\\/person\\\/10d11eccf6da3662cf5fdab9806ea91a\"},\"headline\":\"T\u00fcrkiy\u0259d\u0259 ba\u015f ver\u0259nl\u0259rin Az\u0259rbaycanda \u0259ks-s\u0259das\u0131 olacaqm\u0131?\",\"datePublished\":\"2016-07-18T19:43:06+00:00\",\"mainEntityOfPage\":{\"@id\":\"https:\\\/\\\/www.meydan.tv\\\/az\\\/article\\\/turkiyede-bas-verenlerin-azerbaycanda-eks-sedasi-olacaqmi\\\/\"},\"wordCount\":1995,\"publisher\":{\"@id\":\"https:\\\/\\\/www.meydan.tv\\\/az\\\/#organization\"},\"image\":{\"@id\":\"https:\\\/\\\/www.meydan.tv\\\/az\\\/article\\\/turkiyede-bas-verenlerin-azerbaycanda-eks-sedasi-olacaqmi\\\/#primaryimage\"},\"thumbnailUrl\":\"https:\\\/\\\/www.meydan.tv\\\/wp-content\\\/uploads\\\/23932.jpg\",\"articleSection\":[\"Analitika\"],\"inLanguage\":\"az\"},{\"@type\":\"WebPage\",\"@id\":\"https:\\\/\\\/www.meydan.tv\\\/az\\\/article\\\/turkiyede-bas-verenlerin-azerbaycanda-eks-sedasi-olacaqmi\\\/\",\"url\":\"https:\\\/\\\/www.meydan.tv\\\/az\\\/article\\\/turkiyede-bas-verenlerin-azerbaycanda-eks-sedasi-olacaqmi\\\/\",\"name\":\"T\u00fcrkiy\u0259d\u0259 ba\u015f ver\u0259nl\u0259rin Az\u0259rbaycanda \u0259ks-s\u0259das\u0131 olacaqm\u0131? - MEYDAN.TV\",\"isPartOf\":{\"@id\":\"https:\\\/\\\/www.meydan.tv\\\/az\\\/#website\"},\"primaryImageOfPage\":{\"@id\":\"https:\\\/\\\/www.meydan.tv\\\/az\\\/article\\\/turkiyede-bas-verenlerin-azerbaycanda-eks-sedasi-olacaqmi\\\/#primaryimage\"},\"image\":{\"@id\":\"https:\\\/\\\/www.meydan.tv\\\/az\\\/article\\\/turkiyede-bas-verenlerin-azerbaycanda-eks-sedasi-olacaqmi\\\/#primaryimage\"},\"thumbnailUrl\":\"https:\\\/\\\/www.meydan.tv\\\/wp-content\\\/uploads\\\/23932.jpg\",\"datePublished\":\"2016-07-18T19:43:06+00:00\",\"breadcrumb\":{\"@id\":\"https:\\\/\\\/www.meydan.tv\\\/az\\\/article\\\/turkiyede-bas-verenlerin-azerbaycanda-eks-sedasi-olacaqmi\\\/#breadcrumb\"},\"inLanguage\":\"az\",\"potentialAction\":[{\"@type\":\"ReadAction\",\"target\":[\"https:\\\/\\\/www.meydan.tv\\\/az\\\/article\\\/turkiyede-bas-verenlerin-azerbaycanda-eks-sedasi-olacaqmi\\\/\"]}]},{\"@type\":\"ImageObject\",\"inLanguage\":\"az\",\"@id\":\"https:\\\/\\\/www.meydan.tv\\\/az\\\/article\\\/turkiyede-bas-verenlerin-azerbaycanda-eks-sedasi-olacaqmi\\\/#primaryimage\",\"url\":\"https:\\\/\\\/www.meydan.tv\\\/wp-content\\\/uploads\\\/23932.jpg\",\"contentUrl\":\"https:\\\/\\\/www.meydan.tv\\\/wp-content\\\/uploads\\\/23932.jpg\",\"width\":500,\"height\":304,\"caption\":\"Source:\"},{\"@type\":\"BreadcrumbList\",\"@id\":\"https:\\\/\\\/www.meydan.tv\\\/az\\\/article\\\/turkiyede-bas-verenlerin-azerbaycanda-eks-sedasi-olacaqmi\\\/#breadcrumb\",\"itemListElement\":[{\"@type\":\"ListItem\",\"position\":1,\"name\":\"Ana s\u0259hif\u0259\",\"item\":\"https:\\\/\\\/www.meydan.tv\\\/az\\\/\"},{\"@type\":\"ListItem\",\"position\":2,\"name\":\"Analitika\",\"item\":\"https:\\\/\\\/www.meydan.tv\\\/az\\\/section\\\/analitika\\\/\"},{\"@type\":\"ListItem\",\"position\":3,\"name\":\"T\u00fcrkiy\u0259d\u0259 ba\u015f ver\u0259nl\u0259rin Az\u0259rbaycanda \u0259ks-s\u0259das\u0131 olacaqm\u0131?\"}]},{\"@type\":\"WebSite\",\"@id\":\"https:\\\/\\\/www.meydan.tv\\\/az\\\/#website\",\"url\":\"https:\\\/\\\/www.meydan.tv\\\/az\\\/\",\"name\":\"MEYDAN.TV\",\"description\":\"Meydan TV Az\u0259rbaycan\u0131n media m\u0259kan\u0131ndak\u0131 alternativ s\u0259sidir\",\"publisher\":{\"@id\":\"https:\\\/\\\/www.meydan.tv\\\/az\\\/#organization\"},\"potentialAction\":[{\"@type\":\"SearchAction\",\"target\":{\"@type\":\"EntryPoint\",\"urlTemplate\":\"https:\\\/\\\/www.meydan.tv\\\/az\\\/?s={search_term_string}\"},\"query-input\":{\"@type\":\"PropertyValueSpecification\",\"valueRequired\":true,\"valueName\":\"search_term_string\"}}],\"inLanguage\":\"az\"},{\"@type\":\"Organization\",\"@id\":\"https:\\\/\\\/www.meydan.tv\\\/az\\\/#organization\",\"name\":\"Meydan TV\",\"url\":\"https:\\\/\\\/www.meydan.tv\\\/az\\\/\",\"logo\":{\"@type\":\"ImageObject\",\"inLanguage\":\"az\",\"@id\":\"https:\\\/\\\/www.meydan.tv\\\/az\\\/#\\\/schema\\\/logo\\\/image\\\/\",\"url\":\"https:\\\/\\\/www.meydan.tv\\\/wp-content\\\/uploads\\\/2021\\\/07\\\/meydan-logo.svg\",\"contentUrl\":\"https:\\\/\\\/www.meydan.tv\\\/wp-content\\\/uploads\\\/2021\\\/07\\\/meydan-logo.svg\",\"width\":195,\"height\":46,\"caption\":\"Meydan TV\"},\"image\":{\"@id\":\"https:\\\/\\\/www.meydan.tv\\\/az\\\/#\\\/schema\\\/logo\\\/image\\\/\"}},{\"@type\":\"Person\",\"@id\":\"https:\\\/\\\/www.meydan.tv\\\/az\\\/#\\\/schema\\\/person\\\/10d11eccf6da3662cf5fdab9806ea91a\",\"name\":\"user-manager\"}]}<\/script>\n<!-- \/ Yoast SEO plugin. -->","yoast_head_json":{"title":"T\u00fcrkiy\u0259d\u0259 ba\u015f ver\u0259nl\u0259rin Az\u0259rbaycanda \u0259ks-s\u0259das\u0131 olacaqm\u0131? - MEYDAN.TV","robots":{"index":"index","follow":"follow","max-snippet":"max-snippet:-1","max-image-preview":"max-image-preview:large","max-video-preview":"max-video-preview:-1"},"canonical":"https:\/\/www.meydan.tv\/az\/article\/turkiyede-bas-verenlerin-azerbaycanda-eks-sedasi-olacaqmi\/","og_locale":"az_AZ","og_type":"article","og_title":"T\u00fcrkiy\u0259d\u0259 ba\u015f ver\u0259nl\u0259rin Az\u0259rbaycanda \u0259ks-s\u0259das\u0131 olacaqm\u0131? - MEYDAN.TV","og_description":"H\u0259r iki \u00f6lk\u0259d\u0259 ciddi prosesl\u0259r AB\u015e prezident se\u00e7kil\u0259rind\u0259n sonra ba\u015flayacaq","og_url":"https:\/\/www.meydan.tv\/az\/article\/turkiyede-bas-verenlerin-azerbaycanda-eks-sedasi-olacaqmi\/","og_site_name":"MEYDAN.TV","article_published_time":"2016-07-18T19:43:06+00:00","og_image":[{"width":500,"height":304,"url":"https:\/\/www.meydan.tv\/wp-content\/uploads\/23932.jpg","type":"image\/jpeg"}],"author":"user-manager","twitter_card":"summary_large_image","schema":{"@context":"https:\/\/schema.org","@graph":[{"@type":"Article","@id":"https:\/\/www.meydan.tv\/az\/article\/turkiyede-bas-verenlerin-azerbaycanda-eks-sedasi-olacaqmi\/#article","isPartOf":{"@id":"https:\/\/www.meydan.tv\/az\/article\/turkiyede-bas-verenlerin-azerbaycanda-eks-sedasi-olacaqmi\/"},"author":{"name":"user-manager","@id":"https:\/\/www.meydan.tv\/az\/#\/schema\/person\/10d11eccf6da3662cf5fdab9806ea91a"},"headline":"T\u00fcrkiy\u0259d\u0259 ba\u015f ver\u0259nl\u0259rin Az\u0259rbaycanda \u0259ks-s\u0259das\u0131 olacaqm\u0131?","datePublished":"2016-07-18T19:43:06+00:00","mainEntityOfPage":{"@id":"https:\/\/www.meydan.tv\/az\/article\/turkiyede-bas-verenlerin-azerbaycanda-eks-sedasi-olacaqmi\/"},"wordCount":1995,"publisher":{"@id":"https:\/\/www.meydan.tv\/az\/#organization"},"image":{"@id":"https:\/\/www.meydan.tv\/az\/article\/turkiyede-bas-verenlerin-azerbaycanda-eks-sedasi-olacaqmi\/#primaryimage"},"thumbnailUrl":"https:\/\/www.meydan.tv\/wp-content\/uploads\/23932.jpg","articleSection":["Analitika"],"inLanguage":"az"},{"@type":"WebPage","@id":"https:\/\/www.meydan.tv\/az\/article\/turkiyede-bas-verenlerin-azerbaycanda-eks-sedasi-olacaqmi\/","url":"https:\/\/www.meydan.tv\/az\/article\/turkiyede-bas-verenlerin-azerbaycanda-eks-sedasi-olacaqmi\/","name":"T\u00fcrkiy\u0259d\u0259 ba\u015f ver\u0259nl\u0259rin Az\u0259rbaycanda \u0259ks-s\u0259das\u0131 olacaqm\u0131? - MEYDAN.TV","isPartOf":{"@id":"https:\/\/www.meydan.tv\/az\/#website"},"primaryImageOfPage":{"@id":"https:\/\/www.meydan.tv\/az\/article\/turkiyede-bas-verenlerin-azerbaycanda-eks-sedasi-olacaqmi\/#primaryimage"},"image":{"@id":"https:\/\/www.meydan.tv\/az\/article\/turkiyede-bas-verenlerin-azerbaycanda-eks-sedasi-olacaqmi\/#primaryimage"},"thumbnailUrl":"https:\/\/www.meydan.tv\/wp-content\/uploads\/23932.jpg","datePublished":"2016-07-18T19:43:06+00:00","breadcrumb":{"@id":"https:\/\/www.meydan.tv\/az\/article\/turkiyede-bas-verenlerin-azerbaycanda-eks-sedasi-olacaqmi\/#breadcrumb"},"inLanguage":"az","potentialAction":[{"@type":"ReadAction","target":["https:\/\/www.meydan.tv\/az\/article\/turkiyede-bas-verenlerin-azerbaycanda-eks-sedasi-olacaqmi\/"]}]},{"@type":"ImageObject","inLanguage":"az","@id":"https:\/\/www.meydan.tv\/az\/article\/turkiyede-bas-verenlerin-azerbaycanda-eks-sedasi-olacaqmi\/#primaryimage","url":"https:\/\/www.meydan.tv\/wp-content\/uploads\/23932.jpg","contentUrl":"https:\/\/www.meydan.tv\/wp-content\/uploads\/23932.jpg","width":500,"height":304,"caption":"Source:"},{"@type":"BreadcrumbList","@id":"https:\/\/www.meydan.tv\/az\/article\/turkiyede-bas-verenlerin-azerbaycanda-eks-sedasi-olacaqmi\/#breadcrumb","itemListElement":[{"@type":"ListItem","position":1,"name":"Ana s\u0259hif\u0259","item":"https:\/\/www.meydan.tv\/az\/"},{"@type":"ListItem","position":2,"name":"Analitika","item":"https:\/\/www.meydan.tv\/az\/section\/analitika\/"},{"@type":"ListItem","position":3,"name":"T\u00fcrkiy\u0259d\u0259 ba\u015f ver\u0259nl\u0259rin Az\u0259rbaycanda \u0259ks-s\u0259das\u0131 olacaqm\u0131?"}]},{"@type":"WebSite","@id":"https:\/\/www.meydan.tv\/az\/#website","url":"https:\/\/www.meydan.tv\/az\/","name":"MEYDAN.TV","description":"Meydan TV Az\u0259rbaycan\u0131n media m\u0259kan\u0131ndak\u0131 alternativ s\u0259sidir","publisher":{"@id":"https:\/\/www.meydan.tv\/az\/#organization"},"potentialAction":[{"@type":"SearchAction","target":{"@type":"EntryPoint","urlTemplate":"https:\/\/www.meydan.tv\/az\/?s={search_term_string}"},"query-input":{"@type":"PropertyValueSpecification","valueRequired":true,"valueName":"search_term_string"}}],"inLanguage":"az"},{"@type":"Organization","@id":"https:\/\/www.meydan.tv\/az\/#organization","name":"Meydan TV","url":"https:\/\/www.meydan.tv\/az\/","logo":{"@type":"ImageObject","inLanguage":"az","@id":"https:\/\/www.meydan.tv\/az\/#\/schema\/logo\/image\/","url":"https:\/\/www.meydan.tv\/wp-content\/uploads\/2021\/07\/meydan-logo.svg","contentUrl":"https:\/\/www.meydan.tv\/wp-content\/uploads\/2021\/07\/meydan-logo.svg","width":195,"height":46,"caption":"Meydan TV"},"image":{"@id":"https:\/\/www.meydan.tv\/az\/#\/schema\/logo\/image\/"}},{"@type":"Person","@id":"https:\/\/www.meydan.tv\/az\/#\/schema\/person\/10d11eccf6da3662cf5fdab9806ea91a","name":"user-manager"}]}},"_links":{"self":[{"href":"https:\/\/www.meydan.tv\/az\/wp-json\/wp\/v2\/posts\/177530","targetHints":{"allow":["GET"]}}],"collection":[{"href":"https:\/\/www.meydan.tv\/az\/wp-json\/wp\/v2\/posts"}],"about":[{"href":"https:\/\/www.meydan.tv\/az\/wp-json\/wp\/v2\/types\/post"}],"author":[{"embeddable":true,"href":"https:\/\/www.meydan.tv\/az\/wp-json\/wp\/v2\/users\/11"}],"replies":[{"embeddable":true,"href":"https:\/\/www.meydan.tv\/az\/wp-json\/wp\/v2\/comments?post=177530"}],"version-history":[{"count":0,"href":"https:\/\/www.meydan.tv\/az\/wp-json\/wp\/v2\/posts\/177530\/revisions"}],"wp:featuredmedia":[{"embeddable":true,"href":"https:\/\/www.meydan.tv\/az\/wp-json\/wp\/v2\/media\/62816"}],"wp:attachment":[{"href":"https:\/\/www.meydan.tv\/az\/wp-json\/wp\/v2\/media?parent=177530"}],"wp:term":[{"taxonomy":"category","embeddable":true,"href":"https:\/\/www.meydan.tv\/az\/wp-json\/wp\/v2\/categories?post=177530"},{"taxonomy":"post_tag","embeddable":true,"href":"https:\/\/www.meydan.tv\/az\/wp-json\/wp\/v2\/tags?post=177530"}],"curies":[{"name":"wp","href":"https:\/\/api.w.org\/{rel}","templated":true}]}}